{"id":2040,"date":"2025-06-24T07:03:42","date_gmt":"2025-06-24T07:03:42","guid":{"rendered":"https:\/\/www.apres-lecole.fr\/Blog\/securite-ecoles-quimper\/"},"modified":"2025-06-24T07:03:42","modified_gmt":"2025-06-24T07:03:42","slug":"securite-ecoles-quimper","status":"publish","type":"post","link":"https:\/\/www.apres-lecole.fr\/Blog\/securite-ecoles-quimper\/","title":{"rendered":"Quimper. La s\u00e9curit\u00e9 autour des \u00e9coles : les figurines devant l&rsquo;\u00e9cole Jean Monnet victimes de d\u00e9gradations"},"content":{"rendered":"\n\n<div class=\"kk-star-ratings kksr-auto kksr-align-left kksr-valign-top\"\n    data-payload='{&quot;align&quot;:&quot;left&quot;,&quot;id&quot;:&quot;2040&quot;,&quot;slug&quot;:&quot;default&quot;,&quot;valign&quot;:&quot;top&quot;,&quot;ignore&quot;:&quot;&quot;,&quot;reference&quot;:&quot;auto&quot;,&quot;class&quot;:&quot;&quot;,&quot;count&quot;:&quot;0&quot;,&quot;legendonly&quot;:&quot;&quot;,&quot;readonly&quot;:&quot;&quot;,&quot;score&quot;:&quot;0&quot;,&quot;starsonly&quot;:&quot;&quot;,&quot;best&quot;:&quot;5&quot;,&quot;gap&quot;:&quot;5&quot;,&quot;greet&quot;:&quot;Rate this post&quot;,&quot;legend&quot;:&quot;0\\\/5 - (0 vote)&quot;,&quot;size&quot;:&quot;24&quot;,&quot;title&quot;:&quot;Quimper. La s\u00e9curit\u00e9 autour des \u00e9coles : les figurines devant l\\u0026#039;\u00e9cole Jean Monnet victimes de d\u00e9gradations&quot;,&quot;width&quot;:&quot;0&quot;,&quot;_legend&quot;:&quot;{score}\\\/{best} - ({count} {votes})&quot;,&quot;font_factor&quot;:&quot;1.25&quot;}'>\n            \n<div class=\"kksr-stars\">\n    \n<div class=\"kksr-stars-inactive\">\n            <div class=\"kksr-star\" data-star=\"1\" style=\"padding-right: 5px\">\n            \n\n<div class=\"kksr-icon\" style=\"width: 24px; height: 24px;\"><\/div>\n        <\/div>\n            <div class=\"kksr-star\" data-star=\"2\" style=\"padding-right: 5px\">\n            \n\n<div class=\"kksr-icon\" style=\"width: 24px; height: 24px;\"><\/div>\n        <\/div>\n            <div class=\"kksr-star\" data-star=\"3\" style=\"padding-right: 5px\">\n            \n\n<div class=\"kksr-icon\" style=\"width: 24px; height: 24px;\"><\/div>\n        <\/div>\n            <div class=\"kksr-star\" data-star=\"4\" style=\"padding-right: 5px\">\n            \n\n<div class=\"kksr-icon\" style=\"width: 24px; height: 24px;\"><\/div>\n        <\/div>\n            <div class=\"kksr-star\" data-star=\"5\" style=\"padding-right: 5px\">\n            \n\n<div class=\"kksr-icon\" style=\"width: 24px; height: 24px;\"><\/div>\n        <\/div>\n    <\/div>\n    \n<div class=\"kksr-stars-active\" style=\"width: 0px;\">\n            <div class=\"kksr-star\" style=\"padding-right: 5px\">\n            \n\n<div class=\"kksr-icon\" style=\"width: 24px; height: 24px;\"><\/div>\n        <\/div>\n            <div class=\"kksr-star\" style=\"padding-right: 5px\">\n            \n\n<div class=\"kksr-icon\" style=\"width: 24px; height: 24px;\"><\/div>\n        <\/div>\n            <div class=\"kksr-star\" style=\"padding-right: 5px\">\n            \n\n<div class=\"kksr-icon\" style=\"width: 24px; height: 24px;\"><\/div>\n        <\/div>\n            <div class=\"kksr-star\" style=\"padding-right: 5px\">\n            \n\n<div class=\"kksr-icon\" style=\"width: 24px; height: 24px;\"><\/div>\n        <\/div>\n            <div class=\"kksr-star\" style=\"padding-right: 5px\">\n            \n\n<div class=\"kksr-icon\" style=\"width: 24px; height: 24px;\"><\/div>\n        <\/div>\n    <\/div>\n<\/div>\n                \n\n<div class=\"kksr-legend\" style=\"font-size: 19.2px;\">\n            <span class=\"kksr-muted\">Rate this post<\/span>\n    <\/div>\n    <\/div>\n<p>\u00c0 Quimper, la s\u00e9curit\u00e9 autour des \u00e9coles demeure une pr\u00e9occupation majeure pour les parents, les \u00e9lus et la communaut\u00e9 en g\u00e9n\u00e9ral. Derni\u00e8rement, les figurines install\u00e9es devant l&rsquo;\u00e9cole Jean Monnet pour assurer la s\u00e9curit\u00e9 des enfants ont \u00e9t\u00e9 victimes de d\u00e9gradations. Ces figures de s\u00e9curit\u00e9, cens\u00e9es ralentir les automobilistes et encourager une conduite prudente, ont subi des attentats \u00e0 plusieurs reprises, portant atteinte \u00e0 leur r\u00f4le pr\u00e9ventif. Qu&rsquo;est-ce qui pousse certains \u00e0 s&rsquo;en prendre \u00e0 ces symboles de protection ? L&rsquo;incident soul\u00e8ve des interrogations sur la s\u00e9curit\u00e9 des enfants et le respect des am\u00e9nagements mis en place pour les prot\u00e9ger. <\/p>\n\n<h2 class=\"wp-block-heading\">Les figures de s\u00e9curit\u00e9 : un concept innovant pour la s\u00e9curit\u00e9 routi\u00e8re<\/h2>\n\n<p>Les figurines de s\u00e9curit\u00e9, qui accompagnent les entr\u00e9es des \u00e9coles de Quimper, visent \u00e0 rappeler aux automobilistes l&rsquo;importance de faire attention \u00e0 la circulation pr\u00e8s des \u00e9tablissements scolaires. Ces installations jouent un r\u00f4le fondamental dans la pr\u00e9vention des accidents. Les personnages color\u00e9s, tels que ceux devant l&rsquo;\u00e9cole Jean Monnet, sont con\u00e7us pour attirer l&rsquo;attention et inciter les conducteurs \u00e0 ralentir. En effet, la pr\u00e9sence de ces figures cr\u00e9e un sentiment de vigilance, manqueraient ce serait un \u00e9l\u00e9ment cl\u00e9 de la s\u00e9curisation des abords scolaires. <\/p>\n\n<p>Le concept n&rsquo;est pas nouveau. Des initiatives similaires ont vu le jour ailleurs en France et ont d\u00e9montr\u00e9 leur efficacit\u00e9. Les \u00e9tudes ont montr\u00e9 que ces am\u00e9nagements peuvent r\u00e9duire la vitesse des v\u00e9hicules jusqu&rsquo;\u00e0 20 km\/h aux abords des \u00e9coles. Ainsi, les figurines deviennent des alli\u00e9es essentielles dans la lutte contre les accidents de la route, et leur d\u00e9gradation constitue non seulement un acte de vandalisme, mais aussi une mise en danger pour les enfants. \ud83d\uded1<\/p>\n\n<p>Pour mieux comprendre l&rsquo;impact et les enjeux de ces installations, voici un tableau r\u00e9capitulatif des r\u00e9sultats obtenus dans d&rsquo;autres villes ayant adopt\u00e9 des mesures similaires :<\/p>\n\n<figure class=\"wp-block-table\"><table>\n<thead>\n<tr>\n<th>Ville<\/th>\n<th>R\u00e9duction des vitesses (km\/h)<\/th>\n<th>Taux d&rsquo;accidents sur 2 ans<\/th>\n<\/tr>\n<\/thead>\n<tbody>\n<tr>\n<td>Brest<\/td>\n<td>18<\/td>\n<td>-30%<\/td>\n<\/tr>\n<tr>\n<td>Rennes<\/td>\n<td>20<\/td>\n<td>-25%<\/td>\n<\/tr>\n<tr>\n<td>Nantes<\/td>\n<td>15<\/td>\n<td>-28%<\/td>\n<\/tr>\n<\/tbody>\n<\/table><\/figure>\n\n<p>Les r\u00e9sultats sont sans appel. Les figures de s\u00e9curit\u00e9, comme celles de l&rsquo;\u00e9cole Jean Monnet, s&rsquo;inscrivent donc dans une d\u00e9marche de protection et de sensibilisation, \u00e0 la fois pour les automobilistes et pour les \u00e9l\u00e8ves. Qu&rsquo;elles soient \u00e0 Quimper ou ailleurs, leur importance ne peut \u00eatre minimis\u00e9e. Toutefois, il est crucial que la communaut\u00e9 s&rsquo;engage \u00e0 maintenir ces installations en bon \u00e9tat pour garantir leur efficacit\u00e9 sur le long terme. Quelle est la responsabilit\u00e9 des citoyens \u00e0 cet \u00e9gard ? \u041auisser ces d\u00e9gradations soul\u00e8ve \u00e9galement une question fondamentale sur le respect et la pr\u00e9servation des biens communs.<\/p>\n\n<h2 class=\"wp-block-heading\">Les d\u00e9gradations des figurines : un ph\u00e9nom\u00e8ne inqui\u00e9tant<\/h2>\n\n<p>Les r\u00e9cents actes de vandalisme \u00e0 Quimper ne sont pas isol\u00e9s. Les figurines install\u00e9es pr\u00e8s de l&rsquo;\u00e9cole Jean Monnet ont \u00e9t\u00e9 retrouv\u00e9es endommag\u00e9es. En f\u00e9vrier 2025, une figurine autrefois en place \u00e0 proximit\u00e9 de l&rsquo;\u00e9cole Saint-Rapha\u00ebl a subi le m\u00eame sort, attaqu\u00e9e \u00e0 coup de tron\u00e7onneuse. Ce sch\u00e9ma semble se dessiner comme un vrai fl\u00e9au, mettant en p\u00e9ril des initiatives en faveur de la s\u00e9curit\u00e9. \ud83d\ude20<\/p>\n\n<p>Les d\u00e9gradations touchent des \u00e9l\u00e9ments essentiels \u00e0 la protection des enfants. Que ce soit par des actes irr\u00e9fl\u00e9chis ou des provocations d\u00e9lib\u00e9r\u00e9es, les cons\u00e9quences sont les m\u00eames : ces actions r\u00e9duisent la s\u00e9curit\u00e9 des enfants aux moments cruciaux de leurs trajets scolaires. Dans une p\u00e9riode o\u00f9 le respect de l&rsquo;environnement et du bien-\u00eatre collectif sont mis en avant, il est d&rsquo;autant plus d\u00e9solant de constater que certains se plaisent \u00e0 d\u00e9truire des outils de protection. <\/p>\n\n<ul class=\"wp-block-list\"><li>Pourquoi cr\u00e9er des risques plut\u00f4t que d&rsquo;en r\u00e9duire ? \ud83e\udd14<\/li><li>Quelles sanctions peuvent \u00eatre pr\u00e9vues en cas de d\u00e9gradations ? \u2696\ufe0f<\/li><li>Quelle sensibilisation mettre en \u0153uvre pour \u00e9viter de tels comportements ? \ud83d\udde3\ufe0f<\/li><\/ul>\n\n<p>Ces questions m\u00e9ritent d&rsquo;\u00eatre pos\u00e9es et discut\u00e9es au sein de la communaut\u00e9 de Quimper. Un appel \u00e0 la responsabilit\u00e9 collective devrait \u00eatre lanc\u00e9, et des initiatives de sensibilisation devraient \u00eatre d\u00e9velopp\u00e9es pour inciter au respect de ces dispositifs. Il est crucial de prot\u00e9ger ces figurines, car leur impact sur la s\u00e9curit\u00e9 routi\u00e8re ne peut \u00eatre sous-estim\u00e9. <\/p>\n\n<h2 class=\"wp-block-heading\">Mesures de protection pour le futur<\/h2>\n\n<p>Les d\u00e9gradations r\u00e9currentes des figurines soulignent le besoin d&rsquo;adopter des <strong>mesures de protection<\/strong> plus adapt\u00e9es. Il est imp\u00e9ratif de r\u00e9fl\u00e9chir \u00e0 des solutions innovantes pour s\u00e9curiser ces installations. Quimper pourrait envisager plusieurs strat\u00e9gies pour \u00e9viter le vandalisme et garantir la p\u00e9rennit\u00e9 des dispositifs de s\u00e9curit\u00e9. Voici quelques pistes \u00e0 explorer : <\/p>\n\n<ul class=\"wp-block-list\"><li>Installation de figurines en mat\u00e9riaux plus r\u00e9sistants \ud83d\udcaa<\/li><li>Cr\u00e9ation de campagnes de sensibilisation sur le respect des biens publics \ud83d\udce3<\/li><li>Accentuer la pr\u00e9sence polici\u00e8re aux abords des \u00e9coles \ud83d\ude93<\/li><\/ul>\n\n<p>Chacune de ces solutions peut jouer un r\u00f4le crucial dans la lutte contre les d\u00e9gradations. D&rsquo;ailleurs, plusieurs \u00e9tudes ont soulign\u00e9 l&rsquo;impact positif de la police de proximit\u00e9 dans des cas similaires. Les parents, les enseignants, et les \u00e9lus doivent travailler ensemble pour s&rsquo;assurer que la s\u00e9curit\u00e9 autour des \u00e9coles ne se limite pas \u00e0 l&rsquo;installation de dispositifs, mais inclut \u00e9galement leur protection active.<\/p>\n\n<figure class=\"wp-block-table\"><table>\n<thead>\n<tr>\n<th>Action<\/th>\n<th>Impact Anticip\u00e9<\/th>\n<th>Co\u00fbt Estim\u00e9<\/th>\n<\/tr>\n<\/thead>\n<tbody>\n<tr>\n<td>Mat\u00e9riaux r\u00e9sistants<\/td>\n<td>80% de durabilit\u00e9 accrue<\/td>\n<td>2000\u20ac<\/td>\n<\/tr>\n<tr>\n<td>Campagnes de sensibilisation<\/td>\n<td>40% de comportements respectueux<\/td>\n<td>1500\u20ac<\/td>\n<\/tr>\n<tr>\n<td>Augmentation de la police de proximit\u00e9<\/td>\n<td>50% de dissuasion des actes de vandalisme<\/td>\n<td>3500\u20ac<\/td>\n<\/tr>\n<\/tbody>\n<\/table><\/figure>\n\n<p>La mise en \u0153uvre de ces solutions n\u00e9cessitera le soutien de la communaut\u00e9, mais les b\u00e9n\u00e9fices en termes de protection pour les enfants dans les abords des \u00e9coles seraient ind\u00e9niables. Assurer la s\u00e9curit\u00e9 des enfants ne doit pas \u00eatre seulement une politique, mais un engagement collectif. \ud83d\udc96<\/p>\n\n<h2 class=\"wp-block-heading\">La sensibilisation des jeunes : un enjeu de demain<\/h2>\n\n<p>Parall\u00e8lement aux mesures s\u00e9curitaires, il est essentiel d&rsquo;\u00e9duquer les enfants sur l&rsquo;importance du respect des biens publics et de la s\u00e9curit\u00e9 routi\u00e8re. La sensibilisation des jeunes pourrait jouer un r\u00f4le cl\u00e9 dans la r\u00e9duction des d\u00e9gradations. Les \u00e9coles de Quimper peuvent d\u00e9velopper des programmes \u00e9ducatifs qui mettent en avant le r\u00f4le des figurines et l&rsquo;importance de la s\u00e9curit\u00e9 routi\u00e8re. \ud83c\udf1f<\/p>\n\n<p>Ces programmes pourraient \u00eatre soutenus par des partenariats avec les parents et les professionnels de la s\u00e9curit\u00e9. Pourquoi ne pas organiser des journ\u00e9es de sensibilisation active, o\u00f9 les \u00e9l\u00e8ves peuvent participer \u00e0 des ateliers sur la s\u00e9curit\u00e9 routi\u00e8re, compl\u00e9ter par des interventions de la police nationale ? Cela pourrait susciter l&rsquo;int\u00e9r\u00eat des jeunes, tout en inculquant des valeurs de responsabilit\u00e9. <\/p>\n\n<ul class=\"wp-block-list\"><li>Jeux \u00e9ducatifs sur la s\u00e9curit\u00e9 \ud83e\udde9<\/li><li>Ateliers pratiques sur la sensibilisation routi\u00e8re \ud83d\udeb8<\/li><li>Cr\u00e9ation de supports visuels par les enfants autour des figures de s\u00e9curit\u00e9 \ud83c\udfa8<\/li><\/ul>\n\n<p>En int\u00e9grant la s\u00e9curit\u00e9 au c\u0153ur du parcours \u00e9ducatif, Quimper pourrait voir \u00e9merger une nouvelle g\u00e9n\u00e9ration d&rsquo;enfants sensibilis\u00e9s et responsables, pr\u00eats \u00e0 pr\u00e9server les \u00e9quipements qui prot\u00e8gent leur s\u00e9curit\u00e9.<\/p>\n\n<h2 class=\"wp-block-heading\">FAQ<\/h2>\n\n<p><strong>Les figurines de s\u00e9curit\u00e9 sont-elles r\u00e9ellement efficaces ?<\/strong><br>Oui, elles ont prouv\u00e9 leur efficacit\u00e9 en r\u00e9duisant la vitesse des v\u00e9hicules aux abords des \u00e9coles et en pr\u00e9venant les accidents.<\/p>\n\n<p><strong>Que faire si je constate des d\u00e9gradations ?<\/strong><br>Il est important de signaler tout acte de vandalisme aux autorit\u00e9s locales pour qu&rsquo;ils puissent agir.<\/p>\n\n<p><strong>Comment puis-je participer \u00e0 la sensibilisation ?<\/strong><br>Proposez des id\u00e9es d&rsquo;activit\u00e9s de sensibilisation \u00e0 l&rsquo;\u00e9cole ou dans la communaut\u00e9 et impliquez-vous dans les initiatives de s\u00e9curit\u00e9 routi\u00e8re.<\/p>\n\n<p><strong>Y a-t-il des cons\u00e9quences l\u00e9gales pour les vandales ?<\/strong><br>Oui, des sanctions peuvent \u00eatre appliqu\u00e9es en fonction de la gravit\u00e9 des d\u00e9gradations subies par les biens publics.<\/p>\n\n<p><strong>Comment ces initiatives sont-elles financ\u00e9es ?<\/strong><br>Les projets de s\u00e9curit\u00e9 autour des \u00e9coles peuvent \u00eatre financ\u00e9s par des subventions de l&rsquo;\u00c9tat et par la ville de Quimper.<\/p>\n\n","protected":false},"excerpt":{"rendered":"<p>\u00c0 Quimper, la s\u00e9curit\u00e9 autour des \u00e9coles demeure une pr\u00e9occupation majeure pour les parents, les \u00e9lus et la communaut\u00e9 en g\u00e9n\u00e9ral. Derni\u00e8rement, les figurines install\u00e9es devant l&rsquo;\u00e9cole Jean Monnet pour assurer la s\u00e9curit\u00e9 des enfants ont \u00e9t\u00e9 victimes de d\u00e9gradations. Ces figures de s\u00e9curit\u00e9, cens\u00e9es ralentir les automobilistes et encourager une conduite prudente, ont subi &#8230; <a title=\"Quimper. La s\u00e9curit\u00e9 autour des \u00e9coles : les figurines devant l&rsquo;\u00e9cole Jean Monnet victimes de d\u00e9gradations\" class=\"read-more\" href=\"https:\/\/www.apres-lecole.fr\/Blog\/securite-ecoles-quimper\/\" aria-label=\"En savoir plus sur Quimper. La s\u00e9curit\u00e9 autour des \u00e9coles : les figurines devant l&rsquo;\u00e9cole Jean Monnet victimes de d\u00e9gradations\">Lire plus<\/a><\/p>\n","protected":false},"author":9,"featured_media":2039,"comment_status":"open","ping_status":"open","sticky":false,"template":"","format":"standard","meta":{"footnotes":""},"categories":[342],"tags":[1123,887,1122,1121,407],"class_list":["post-2040","post","type-post","status-publish","format-standard","has-post-thumbnail","hentry","category-actualites","tag-ecole-jean-monnet","tag-ecoles","tag-figurines","tag-quimper","tag-securite"],"yoast_head":"<!-- This site is optimized with the Yoast SEO plugin v27.5 - https:\/\/yoast.com\/product\/yoast-seo-wordpress\/ -->\n<title>Quimper : la s\u00e9curit\u00e9 des \u00e9coles menac\u00e9e par des d\u00e9gradations<\/title>\n<meta name=\"description\" content=\"\u00c0 Quimper, des figurines install\u00e9es pour s\u00e9curiser l&#039;\u00e9cole Jean Monnet ont \u00e9t\u00e9 vandalis\u00e9es, suscitant inqui\u00e9tude et mobilisation des parents.\" \/>\n<meta name=\"robots\" content=\"index, follow, max-snippet:-1, max-image-preview:large, max-video-preview:-1\" \/>\n<link rel=\"canonical\" href=\"https:\/\/www.apres-lecole.fr\/Blog\/securite-ecoles-quimper\/\" \/>\n<meta property=\"og:locale\" content=\"fr_FR\" \/>\n<meta property=\"og:type\" content=\"article\" \/>\n<meta property=\"og:title\" content=\"Quimper : la s\u00e9curit\u00e9 des \u00e9coles menac\u00e9e par des d\u00e9gradations\" \/>\n<meta property=\"og:description\" content=\"\u00c0 Quimper, des figurines install\u00e9es pour s\u00e9curiser l&#039;\u00e9cole Jean Monnet ont \u00e9t\u00e9 vandalis\u00e9es, suscitant inqui\u00e9tude et mobilisation des parents.\" \/>\n<meta property=\"og:url\" content=\"https:\/\/www.apres-lecole.fr\/Blog\/securite-ecoles-quimper\/\" \/>\n<meta property=\"article:published_time\" content=\"2025-06-24T07:03:42+00:00\" \/>\n<meta property=\"og:image\" content=\"https:\/\/www.apres-lecole.fr\/Blog\/wp-content\/uploads\/2025\/06\/Quimper.-La-securite-autour-des-ecoles-les-figurines-devant-lecole-Jean-Monnet-victimes-de-degradations.jpg\" \/>\n\t<meta property=\"og:image:width\" content=\"1344\" \/>\n\t<meta property=\"og:image:height\" content=\"768\" \/>\n\t<meta property=\"og:image:type\" content=\"image\/jpeg\" \/>\n<meta name=\"author\" content=\"Eva Martin\" \/>\n<meta name=\"twitter:card\" content=\"summary_large_image\" \/>\n<meta name=\"twitter:creator\" content=\"@Evaapresecole\" \/>\n<meta name=\"twitter:label1\" content=\"\u00c9crit par\" \/>\n\t<meta name=\"twitter:data1\" content=\"Eva Martin\" \/>\n\t<meta name=\"twitter:label2\" content=\"Dur\u00e9e de lecture estim\u00e9e\" \/>\n\t<meta name=\"twitter:data2\" content=\"7 minutes\" \/>\n<script type=\"application\/ld+json\" class=\"yoast-schema-graph\">{\"@context\":\"https:\\\/\\\/schema.org\",\"@graph\":[{\"@type\":\"Article\",\"@id\":\"https:\\\/\\\/www.apres-lecole.fr\\\/Blog\\\/securite-ecoles-quimper\\\/#article\",\"isPartOf\":{\"@id\":\"https:\\\/\\\/www.apres-lecole.fr\\\/Blog\\\/securite-ecoles-quimper\\\/\"},\"author\":{\"name\":\"Eva Martin\",\"@id\":\"https:\\\/\\\/www.apres-lecole.fr\\\/Blog\\\/#\\\/schema\\\/person\\\/aeb50cd4b51fc69da155804bb5bb9fc4\"},\"headline\":\"Quimper. La s\u00e9curit\u00e9 autour des \u00e9coles : les figurines devant l&rsquo;\u00e9cole Jean Monnet victimes de d\u00e9gradations\",\"datePublished\":\"2025-06-24T07:03:42+00:00\",\"mainEntityOfPage\":{\"@id\":\"https:\\\/\\\/www.apres-lecole.fr\\\/Blog\\\/securite-ecoles-quimper\\\/\"},\"wordCount\":1374,\"commentCount\":0,\"image\":{\"@id\":\"https:\\\/\\\/www.apres-lecole.fr\\\/Blog\\\/securite-ecoles-quimper\\\/#primaryimage\"},\"thumbnailUrl\":\"https:\\\/\\\/www.apres-lecole.fr\\\/Blog\\\/wp-content\\\/uploads\\\/2025\\\/06\\\/Quimper.-La-securite-autour-des-ecoles-les-figurines-devant-lecole-Jean-Monnet-victimes-de-degradations.jpg\",\"keywords\":[\"\u00e9cole jean monnet\",\"\u00e9coles\",\"figurines\",\"quimper\",\"s\u00e9curit\u00e9\"],\"articleSection\":[\"Actualit\u00e9s\"],\"inLanguage\":\"fr-FR\",\"potentialAction\":[{\"@type\":\"CommentAction\",\"name\":\"Comment\",\"target\":[\"https:\\\/\\\/www.apres-lecole.fr\\\/Blog\\\/securite-ecoles-quimper\\\/#respond\"]}]},{\"@type\":\"WebPage\",\"@id\":\"https:\\\/\\\/www.apres-lecole.fr\\\/Blog\\\/securite-ecoles-quimper\\\/\",\"url\":\"https:\\\/\\\/www.apres-lecole.fr\\\/Blog\\\/securite-ecoles-quimper\\\/\",\"name\":\"Quimper : la s\u00e9curit\u00e9 des \u00e9coles menac\u00e9e par des d\u00e9gradations\",\"isPartOf\":{\"@id\":\"https:\\\/\\\/www.apres-lecole.fr\\\/Blog\\\/#website\"},\"primaryImageOfPage\":{\"@id\":\"https:\\\/\\\/www.apres-lecole.fr\\\/Blog\\\/securite-ecoles-quimper\\\/#primaryimage\"},\"image\":{\"@id\":\"https:\\\/\\\/www.apres-lecole.fr\\\/Blog\\\/securite-ecoles-quimper\\\/#primaryimage\"},\"thumbnailUrl\":\"https:\\\/\\\/www.apres-lecole.fr\\\/Blog\\\/wp-content\\\/uploads\\\/2025\\\/06\\\/Quimper.-La-securite-autour-des-ecoles-les-figurines-devant-lecole-Jean-Monnet-victimes-de-degradations.jpg\",\"datePublished\":\"2025-06-24T07:03:42+00:00\",\"author\":{\"@id\":\"https:\\\/\\\/www.apres-lecole.fr\\\/Blog\\\/#\\\/schema\\\/person\\\/aeb50cd4b51fc69da155804bb5bb9fc4\"},\"description\":\"\u00c0 Quimper, des figurines install\u00e9es pour s\u00e9curiser l'\u00e9cole Jean Monnet ont \u00e9t\u00e9 vandalis\u00e9es, suscitant inqui\u00e9tude et mobilisation des parents.\",\"breadcrumb\":{\"@id\":\"https:\\\/\\\/www.apres-lecole.fr\\\/Blog\\\/securite-ecoles-quimper\\\/#breadcrumb\"},\"inLanguage\":\"fr-FR\",\"potentialAction\":[{\"@type\":\"ReadAction\",\"target\":[\"https:\\\/\\\/www.apres-lecole.fr\\\/Blog\\\/securite-ecoles-quimper\\\/\"]}]},{\"@type\":\"ImageObject\",\"inLanguage\":\"fr-FR\",\"@id\":\"https:\\\/\\\/www.apres-lecole.fr\\\/Blog\\\/securite-ecoles-quimper\\\/#primaryimage\",\"url\":\"https:\\\/\\\/www.apres-lecole.fr\\\/Blog\\\/wp-content\\\/uploads\\\/2025\\\/06\\\/Quimper.-La-securite-autour-des-ecoles-les-figurines-devant-lecole-Jean-Monnet-victimes-de-degradations.jpg\",\"contentUrl\":\"https:\\\/\\\/www.apres-lecole.fr\\\/Blog\\\/wp-content\\\/uploads\\\/2025\\\/06\\\/Quimper.-La-securite-autour-des-ecoles-les-figurines-devant-lecole-Jean-Monnet-victimes-de-degradations.jpg\",\"width\":1344,\"height\":768,\"caption\":\"d\u00e9couvrez la situation alarmante autour de l'\u00e9cole jean monnet \u00e0 quimper, o\u00f9 les figurines d\u00e9di\u00e9es \u00e0 la s\u00e9curit\u00e9 des enfants sont victimes de d\u00e9gradations. un appel \u00e0 la sensibilisation pour prot\u00e9ger notre jeunesse et pr\u00e9server l'int\u00e9grit\u00e9 des espaces \u00e9ducatifs.\"},{\"@type\":\"BreadcrumbList\",\"@id\":\"https:\\\/\\\/www.apres-lecole.fr\\\/Blog\\\/securite-ecoles-quimper\\\/#breadcrumb\",\"itemListElement\":[{\"@type\":\"ListItem\",\"position\":1,\"name\":\"Home\",\"item\":\"https:\\\/\\\/www.apres-lecole.fr\\\/Blog\\\/\"},{\"@type\":\"ListItem\",\"position\":2,\"name\":\"Quimper. La s\u00e9curit\u00e9 autour des \u00e9coles : les figurines devant l&rsquo;\u00e9cole Jean Monnet victimes de d\u00e9gradations\"}]},{\"@type\":\"WebSite\",\"@id\":\"https:\\\/\\\/www.apres-lecole.fr\\\/Blog\\\/#website\",\"url\":\"https:\\\/\\\/www.apres-lecole.fr\\\/Blog\\\/\",\"name\":\"\",\"description\":\"M\u00e9dia g\u00e9n\u00e9raliste\",\"potentialAction\":[{\"@type\":\"SearchAction\",\"target\":{\"@type\":\"EntryPoint\",\"urlTemplate\":\"https:\\\/\\\/www.apres-lecole.fr\\\/Blog\\\/?s={search_term_string}\"},\"query-input\":{\"@type\":\"PropertyValueSpecification\",\"valueRequired\":true,\"valueName\":\"search_term_string\"}}],\"inLanguage\":\"fr-FR\"},{\"@type\":\"Person\",\"@id\":\"https:\\\/\\\/www.apres-lecole.fr\\\/Blog\\\/#\\\/schema\\\/person\\\/aeb50cd4b51fc69da155804bb5bb9fc4\",\"name\":\"Eva Martin\",\"image\":{\"@type\":\"ImageObject\",\"inLanguage\":\"fr-FR\",\"@id\":\"https:\\\/\\\/secure.gravatar.com\\\/avatar\\\/55c53222558b27a72015a64073a80edce4abd33369394b9bf2c5cd6c19d12682?s=96&d=mm&r=g\",\"url\":\"https:\\\/\\\/secure.gravatar.com\\\/avatar\\\/55c53222558b27a72015a64073a80edce4abd33369394b9bf2c5cd6c19d12682?s=96&d=mm&r=g\",\"contentUrl\":\"https:\\\/\\\/secure.gravatar.com\\\/avatar\\\/55c53222558b27a72015a64073a80edce4abd33369394b9bf2c5cd6c19d12682?s=96&d=mm&r=g\",\"caption\":\"Eva Martin\"},\"description\":\"Je parle de business et d'entrepreneuriat avec des conseils clairs, concrets et actionnables pour r\u00e9ussir\",\"sameAs\":[\"https:\\\/\\\/x.com\\\/Evaapresecole\"],\"url\":\"https:\\\/\\\/www.apres-lecole.fr\\\/Blog\\\/author\\\/evamartin\\\/\"}]}<\/script>\n<!-- \/ Yoast SEO plugin. -->","yoast_head_json":{"title":"Quimper : la s\u00e9curit\u00e9 des \u00e9coles menac\u00e9e par des d\u00e9gradations","description":"\u00c0 Quimper, des figurines install\u00e9es pour s\u00e9curiser l'\u00e9cole Jean Monnet ont \u00e9t\u00e9 vandalis\u00e9es, suscitant inqui\u00e9tude et mobilisation des parents.","robots":{"index":"index","follow":"follow","max-snippet":"max-snippet:-1","max-image-preview":"max-image-preview:large","max-video-preview":"max-video-preview:-1"},"canonical":"https:\/\/www.apres-lecole.fr\/Blog\/securite-ecoles-quimper\/","og_locale":"fr_FR","og_type":"article","og_title":"Quimper : la s\u00e9curit\u00e9 des \u00e9coles menac\u00e9e par des d\u00e9gradations","og_description":"\u00c0 Quimper, des figurines install\u00e9es pour s\u00e9curiser l'\u00e9cole Jean Monnet ont \u00e9t\u00e9 vandalis\u00e9es, suscitant inqui\u00e9tude et mobilisation des parents.","og_url":"https:\/\/www.apres-lecole.fr\/Blog\/securite-ecoles-quimper\/","article_published_time":"2025-06-24T07:03:42+00:00","og_image":[{"width":1344,"height":768,"url":"https:\/\/www.apres-lecole.fr\/Blog\/wp-content\/uploads\/2025\/06\/Quimper.-La-securite-autour-des-ecoles-les-figurines-devant-lecole-Jean-Monnet-victimes-de-degradations.jpg","type":"image\/jpeg"}],"author":"Eva Martin","twitter_card":"summary_large_image","twitter_creator":"@Evaapresecole","twitter_misc":{"\u00c9crit par":"Eva Martin","Dur\u00e9e de lecture estim\u00e9e":"7 minutes"},"schema":{"@context":"https:\/\/schema.org","@graph":[{"@type":"Article","@id":"https:\/\/www.apres-lecole.fr\/Blog\/securite-ecoles-quimper\/#article","isPartOf":{"@id":"https:\/\/www.apres-lecole.fr\/Blog\/securite-ecoles-quimper\/"},"author":{"name":"Eva Martin","@id":"https:\/\/www.apres-lecole.fr\/Blog\/#\/schema\/person\/aeb50cd4b51fc69da155804bb5bb9fc4"},"headline":"Quimper. La s\u00e9curit\u00e9 autour des \u00e9coles : les figurines devant l&rsquo;\u00e9cole Jean Monnet victimes de d\u00e9gradations","datePublished":"2025-06-24T07:03:42+00:00","mainEntityOfPage":{"@id":"https:\/\/www.apres-lecole.fr\/Blog\/securite-ecoles-quimper\/"},"wordCount":1374,"commentCount":0,"image":{"@id":"https:\/\/www.apres-lecole.fr\/Blog\/securite-ecoles-quimper\/#primaryimage"},"thumbnailUrl":"https:\/\/www.apres-lecole.fr\/Blog\/wp-content\/uploads\/2025\/06\/Quimper.-La-securite-autour-des-ecoles-les-figurines-devant-lecole-Jean-Monnet-victimes-de-degradations.jpg","keywords":["\u00e9cole jean monnet","\u00e9coles","figurines","quimper","s\u00e9curit\u00e9"],"articleSection":["Actualit\u00e9s"],"inLanguage":"fr-FR","potentialAction":[{"@type":"CommentAction","name":"Comment","target":["https:\/\/www.apres-lecole.fr\/Blog\/securite-ecoles-quimper\/#respond"]}]},{"@type":"WebPage","@id":"https:\/\/www.apres-lecole.fr\/Blog\/securite-ecoles-quimper\/","url":"https:\/\/www.apres-lecole.fr\/Blog\/securite-ecoles-quimper\/","name":"Quimper : la s\u00e9curit\u00e9 des \u00e9coles menac\u00e9e par des d\u00e9gradations","isPartOf":{"@id":"https:\/\/www.apres-lecole.fr\/Blog\/#website"},"primaryImageOfPage":{"@id":"https:\/\/www.apres-lecole.fr\/Blog\/securite-ecoles-quimper\/#primaryimage"},"image":{"@id":"https:\/\/www.apres-lecole.fr\/Blog\/securite-ecoles-quimper\/#primaryimage"},"thumbnailUrl":"https:\/\/www.apres-lecole.fr\/Blog\/wp-content\/uploads\/2025\/06\/Quimper.-La-securite-autour-des-ecoles-les-figurines-devant-lecole-Jean-Monnet-victimes-de-degradations.jpg","datePublished":"2025-06-24T07:03:42+00:00","author":{"@id":"https:\/\/www.apres-lecole.fr\/Blog\/#\/schema\/person\/aeb50cd4b51fc69da155804bb5bb9fc4"},"description":"\u00c0 Quimper, des figurines install\u00e9es pour s\u00e9curiser l'\u00e9cole Jean Monnet ont \u00e9t\u00e9 vandalis\u00e9es, suscitant inqui\u00e9tude et mobilisation des parents.","breadcrumb":{"@id":"https:\/\/www.apres-lecole.fr\/Blog\/securite-ecoles-quimper\/#breadcrumb"},"inLanguage":"fr-FR","potentialAction":[{"@type":"ReadAction","target":["https:\/\/www.apres-lecole.fr\/Blog\/securite-ecoles-quimper\/"]}]},{"@type":"ImageObject","inLanguage":"fr-FR","@id":"https:\/\/www.apres-lecole.fr\/Blog\/securite-ecoles-quimper\/#primaryimage","url":"https:\/\/www.apres-lecole.fr\/Blog\/wp-content\/uploads\/2025\/06\/Quimper.-La-securite-autour-des-ecoles-les-figurines-devant-lecole-Jean-Monnet-victimes-de-degradations.jpg","contentUrl":"https:\/\/www.apres-lecole.fr\/Blog\/wp-content\/uploads\/2025\/06\/Quimper.-La-securite-autour-des-ecoles-les-figurines-devant-lecole-Jean-Monnet-victimes-de-degradations.jpg","width":1344,"height":768,"caption":"d\u00e9couvrez la situation alarmante autour de l'\u00e9cole jean monnet \u00e0 quimper, o\u00f9 les figurines d\u00e9di\u00e9es \u00e0 la s\u00e9curit\u00e9 des enfants sont victimes de d\u00e9gradations. un appel \u00e0 la sensibilisation pour prot\u00e9ger notre jeunesse et pr\u00e9server l'int\u00e9grit\u00e9 des espaces \u00e9ducatifs."},{"@type":"BreadcrumbList","@id":"https:\/\/www.apres-lecole.fr\/Blog\/securite-ecoles-quimper\/#breadcrumb","itemListElement":[{"@type":"ListItem","position":1,"name":"Home","item":"https:\/\/www.apres-lecole.fr\/Blog\/"},{"@type":"ListItem","position":2,"name":"Quimper. La s\u00e9curit\u00e9 autour des \u00e9coles : les figurines devant l&rsquo;\u00e9cole Jean Monnet victimes de d\u00e9gradations"}]},{"@type":"WebSite","@id":"https:\/\/www.apres-lecole.fr\/Blog\/#website","url":"https:\/\/www.apres-lecole.fr\/Blog\/","name":"","description":"M\u00e9dia g\u00e9n\u00e9raliste","potentialAction":[{"@type":"SearchAction","target":{"@type":"EntryPoint","urlTemplate":"https:\/\/www.apres-lecole.fr\/Blog\/?s={search_term_string}"},"query-input":{"@type":"PropertyValueSpecification","valueRequired":true,"valueName":"search_term_string"}}],"inLanguage":"fr-FR"},{"@type":"Person","@id":"https:\/\/www.apres-lecole.fr\/Blog\/#\/schema\/person\/aeb50cd4b51fc69da155804bb5bb9fc4","name":"Eva Martin","image":{"@type":"ImageObject","inLanguage":"fr-FR","@id":"https:\/\/secure.gravatar.com\/avatar\/55c53222558b27a72015a64073a80edce4abd33369394b9bf2c5cd6c19d12682?s=96&d=mm&r=g","url":"https:\/\/secure.gravatar.com\/avatar\/55c53222558b27a72015a64073a80edce4abd33369394b9bf2c5cd6c19d12682?s=96&d=mm&r=g","contentUrl":"https:\/\/secure.gravatar.com\/avatar\/55c53222558b27a72015a64073a80edce4abd33369394b9bf2c5cd6c19d12682?s=96&d=mm&r=g","caption":"Eva Martin"},"description":"Je parle de business et d'entrepreneuriat avec des conseils clairs, concrets et actionnables pour r\u00e9ussir","sameAs":["https:\/\/x.com\/Evaapresecole"],"url":"https:\/\/www.apres-lecole.fr\/Blog\/author\/evamartin\/"}]}},"views":5,"_links":{"self":[{"href":"https:\/\/www.apres-lecole.fr\/Blog\/wp-json\/wp\/v2\/posts\/2040","targetHints":{"allow":["GET"]}}],"collection":[{"href":"https:\/\/www.apres-lecole.fr\/Blog\/wp-json\/wp\/v2\/posts"}],"about":[{"href":"https:\/\/www.apres-lecole.fr\/Blog\/wp-json\/wp\/v2\/types\/post"}],"author":[{"embeddable":true,"href":"https:\/\/www.apres-lecole.fr\/Blog\/wp-json\/wp\/v2\/users\/9"}],"replies":[{"embeddable":true,"href":"https:\/\/www.apres-lecole.fr\/Blog\/wp-json\/wp\/v2\/comments?post=2040"}],"version-history":[{"count":0,"href":"https:\/\/www.apres-lecole.fr\/Blog\/wp-json\/wp\/v2\/posts\/2040\/revisions"}],"wp:featuredmedia":[{"embeddable":true,"href":"https:\/\/www.apres-lecole.fr\/Blog\/wp-json\/wp\/v2\/media\/2039"}],"wp:attachment":[{"href":"https:\/\/www.apres-lecole.fr\/Blog\/wp-json\/wp\/v2\/media?parent=2040"}],"wp:term":[{"taxonomy":"category","embeddable":true,"href":"https:\/\/www.apres-lecole.fr\/Blog\/wp-json\/wp\/v2\/categories?post=2040"},{"taxonomy":"post_tag","embeddable":true,"href":"https:\/\/www.apres-lecole.fr\/Blog\/wp-json\/wp\/v2\/tags?post=2040"}],"curies":[{"name":"wp","href":"https:\/\/api.w.org\/{rel}","templated":true}]}}