{"id":2036,"date":"2025-06-22T07:15:45","date_gmt":"2025-06-22T07:15:45","guid":{"rendered":"https:\/\/www.apres-lecole.fr\/Blog\/organisation-temps-scolaire\/"},"modified":"2025-06-22T07:15:45","modified_gmt":"2025-06-22T07:15:45","slug":"organisation-temps-scolaire","status":"publish","type":"post","link":"https:\/\/www.apres-lecole.fr\/Blog\/organisation-temps-scolaire\/","title":{"rendered":"Vers une nouvelle organisation du temps scolaire : enjeux et propositions pour les vacances et la semaine de 4 jours et demi"},"content":{"rendered":"\n\n<div class=\"kk-star-ratings kksr-auto kksr-align-left kksr-valign-top\"\n    data-payload='{&quot;align&quot;:&quot;left&quot;,&quot;id&quot;:&quot;2036&quot;,&quot;slug&quot;:&quot;default&quot;,&quot;valign&quot;:&quot;top&quot;,&quot;ignore&quot;:&quot;&quot;,&quot;reference&quot;:&quot;auto&quot;,&quot;class&quot;:&quot;&quot;,&quot;count&quot;:&quot;0&quot;,&quot;legendonly&quot;:&quot;&quot;,&quot;readonly&quot;:&quot;&quot;,&quot;score&quot;:&quot;0&quot;,&quot;starsonly&quot;:&quot;&quot;,&quot;best&quot;:&quot;5&quot;,&quot;gap&quot;:&quot;5&quot;,&quot;greet&quot;:&quot;Rate this post&quot;,&quot;legend&quot;:&quot;0\\\/5 - (0 vote)&quot;,&quot;size&quot;:&quot;24&quot;,&quot;title&quot;:&quot;Vers une nouvelle organisation du temps scolaire : enjeux et propositions pour les vacances et la semaine de 4 jours et demi&quot;,&quot;width&quot;:&quot;0&quot;,&quot;_legend&quot;:&quot;{score}\\\/{best} - ({count} {votes})&quot;,&quot;font_factor&quot;:&quot;1.25&quot;}'>\n            \n<div class=\"kksr-stars\">\n    \n<div class=\"kksr-stars-inactive\">\n            <div class=\"kksr-star\" data-star=\"1\" style=\"padding-right: 5px\">\n            \n\n<div class=\"kksr-icon\" style=\"width: 24px; height: 24px;\"><\/div>\n        <\/div>\n            <div class=\"kksr-star\" data-star=\"2\" style=\"padding-right: 5px\">\n            \n\n<div class=\"kksr-icon\" style=\"width: 24px; height: 24px;\"><\/div>\n        <\/div>\n            <div class=\"kksr-star\" data-star=\"3\" style=\"padding-right: 5px\">\n            \n\n<div class=\"kksr-icon\" style=\"width: 24px; height: 24px;\"><\/div>\n        <\/div>\n            <div class=\"kksr-star\" data-star=\"4\" style=\"padding-right: 5px\">\n            \n\n<div class=\"kksr-icon\" style=\"width: 24px; height: 24px;\"><\/div>\n        <\/div>\n            <div class=\"kksr-star\" data-star=\"5\" style=\"padding-right: 5px\">\n            \n\n<div class=\"kksr-icon\" style=\"width: 24px; height: 24px;\"><\/div>\n        <\/div>\n    <\/div>\n    \n<div class=\"kksr-stars-active\" style=\"width: 0px;\">\n            <div class=\"kksr-star\" style=\"padding-right: 5px\">\n            \n\n<div class=\"kksr-icon\" style=\"width: 24px; height: 24px;\"><\/div>\n        <\/div>\n            <div class=\"kksr-star\" style=\"padding-right: 5px\">\n            \n\n<div class=\"kksr-icon\" style=\"width: 24px; height: 24px;\"><\/div>\n        <\/div>\n            <div class=\"kksr-star\" style=\"padding-right: 5px\">\n            \n\n<div class=\"kksr-icon\" style=\"width: 24px; height: 24px;\"><\/div>\n        <\/div>\n            <div class=\"kksr-star\" style=\"padding-right: 5px\">\n            \n\n<div class=\"kksr-icon\" style=\"width: 24px; height: 24px;\"><\/div>\n        <\/div>\n            <div class=\"kksr-star\" style=\"padding-right: 5px\">\n            \n\n<div class=\"kksr-icon\" style=\"width: 24px; height: 24px;\"><\/div>\n        <\/div>\n    <\/div>\n<\/div>\n                \n\n<div class=\"kksr-legend\" style=\"font-size: 19.2px;\">\n            <span class=\"kksr-muted\">Rate this post<\/span>\n    <\/div>\n    <\/div>\n<p>Le sujet de l&rsquo;organisation du temps scolaire est au c\u0153ur des d\u00e9bats \u00e9ducatifs en France. Avec la r\u00e9cente convention citoyenne sur les \u00ab\u00a0temps de l\u2019enfant\u00a0\u00bb, initi\u00e9e par le pr\u00e9sident Emmanuel Macron, il est grand temps de se pencher sur l&rsquo;avenir des rythmes scolaires. Les avis s&rsquo;entrecroisent : faut-il r\u00e9duire les vacances scolaires ou revenir \u00e0 la semaine de quatre jours et demi ? Ces r\u00e9flexions touchent non seulement \u00e0 l&rsquo;\u00e9ducation nationale, mais aussi \u00e0 la sant\u00e9 et au bien-\u00eatre des \u00e9l\u00e8ves. L&rsquo;enjeu est crucial. Le cadre de vie scolaire doit non seulement \u00eatre adapt\u00e9 aux besoins des enfants, mais aussi prendre en compte les avis des acteurs concern\u00e9s, des parents aux enseignants. Avec un regard tourn\u00e9 vers une \u00e9ducation qui ne se limite pas uniquement aux heures de cours, il est n\u00e9cessaire de red\u00e9finir la notion de temps scolaire pour offrir une meilleure exp\u00e9rience aux enfants.<\/p>\n\n<h2 class=\"wp-block-heading\">Enjeux et d\u00e9fis des rythmes scolaires : un \u00e9tat des lieux<\/h2>\n\n<p>Les rythmes scolaires en France ont connu de nombreuses \u00e9volutions au cours des derni\u00e8res d\u00e9cennies. Ces transformations sont souvent le reflet de consid\u00e9rations p\u00e9dagogiques, sociales et \u00e9conomiques. Il est essentiel de comprendre les enjeux actuels qui entourent ces rythmes pour mieux appr\u00e9hender les propositions qui \u00e9mergent.<\/p>\n\n<h3 class=\"wp-block-heading\">Les sp\u00e9cificit\u00e9s du mod\u00e8le fran\u00e7ais<\/h3>\n\n<p>Le syst\u00e8me \u00e9ducatif fran\u00e7ais, avec ses <strong>864 heures de cours par an<\/strong>, se distingue de nombreux autres pays membres de l&rsquo;OCDE o\u00f9 la moyenne est de 804 heures. Ces heures suppl\u00e9mentaires, souvent mal r\u00e9parties, entra\u00eenent des journ\u00e9es particuli\u00e8rement longues pour les \u00e9l\u00e8ves. Le d\u00e9bat sur l&rsquo;efficacit\u00e9 de ce mod\u00e8le se pose : <strong>favorise-t-il r\u00e9ellement l&rsquo;apprentissage ?<\/strong><\/p>\n\n<ul class=\"wp-block-list\"><li>\ud83c\udf0d Temps de classe excessif<\/li><li>\u2696\ufe0f In\u00e9galit\u00e9s d&rsquo;acc\u00e8s \u00e0 l&rsquo;\u00e9ducation<\/li><li>\ud83d\udc94 Stress des \u00e9l\u00e8ves et du personnel \u00e9ducatif<\/li><\/ul>\n\n<p>Au-del\u00e0 des heures de cours, les <strong>environnement<\/strong>s scolaires sont souvent point\u00e9s du doigt. Les enfants passent aussi beaucoup de temps \u00e0 l&rsquo;\u00e9cole avant et apr\u00e8s les cours, un fait que la <strong>Convention citoyenne<\/strong> cherche \u00e0 examiner. Cette situation soul\u00e8ve des questions sur la qualit\u00e9 de l&rsquo;\u00e9ducation dispens\u00e9e et l&rsquo;\u00e9panouissement des enfants.<\/p>\n\n<h3 class=\"wp-block-heading\">Les missions de la Convention citoyenne<\/h3>\n\n<p>La <strong>Convention citoyenne<\/strong>, qui regroupe <strong>130 citoyens tir\u00e9s au sort<\/strong>, ambitionne de formuler des propositions concr\u00e8tes suite \u00e0 une r\u00e9flexion sur les diff\u00e9rents temps de vie des enfants. Parmi les sujets abord\u00e9s, on retrouve : <\/p>\n\n<ol class=\"wp-block-list\"><li>\ud83d\udcda Les rythmes scolaires<\/li><li>\ud83c\udfd6\ufe0f La dur\u00e9e et le calendrier des vacances<\/li><li>\ud83d\udcbb Temps d&rsquo;\u00e9cran et loisirs \u00e9ducatifs<\/li><li>\u26bd Acc\u00e8s \u00e0 des activit\u00e9s sportives et culturelles<\/li><li>\ud83d\ude8d Transport des \u00e9l\u00e8ves<\/li><\/ol>\n\n<p>Les travaux de cette assembl\u00e9e devraient venir nourrir les r\u00e9flexions du <a href=\"https:\/\/www.apres-lecole.fr\/Blog\/demystification-programmes-scolaires\/\">Minist\u00e8re de l&rsquo;\u00c9ducation<\/a> et des autres acteurs du secteur. Une d\u00e9marche qui met en avant le besoin de lutter contre les in\u00e9galit\u00e9s et d\u2019am\u00e9liorer les conditions d\u2019apprentissage.<\/p>\n\n<figure class=\"wp-block-table\"><table>\n<thead>\n<tr>\n<th>Enjeux<\/th>\n<th>Impact potentiel<\/th>\n<th>Acteurs impliqu\u00e9s<\/th>\n<\/tr>\n<\/thead>\n<tbody>\n<tr>\n<td>Formation des enseignants<\/td>\n<td>\u2705 Am\u00e9lioration des m\u00e9thodes d&rsquo;enseignement<\/td>\n<td>\u2728 \u00c9ducation nationale, SNUipp-FSU<\/td>\n<\/tr>\n<tr>\n<td>R\u00e9duction des vacances<\/td>\n<td>\ud83c\udfeb Diminution des in\u00e9galit\u00e9s scolaires<\/td>\n<td>\ud83c\udfdb\ufe0f UNICEF, CNTE<\/td>\n<\/tr>\n<tr>\n<td>Temps p\u00e9riscolaires<\/td>\n<td>\ud83d\udcc5 Organisation des loisirs \u00e9ducatifs<\/td>\n<td>\ud83d\udc6a F\u00e9d\u00e9ration des conseils de parents d&rsquo;\u00e9l\u00e8ves<\/td>\n<\/tr>\n<\/tbody>\n<\/table><\/figure>\n\n<h2 class=\"wp-block-heading\">Retour \u00e0 la semaine de quatre jours et demi : opportunit\u00e9s et d\u00e9fis<\/h2>\n\n<p>Dans un cadre \u00e9ducatif en constante \u00e9volution, la question du retour \u00e0 la semaine de quatre jours et demi fait d\u00e9bat. Si certains envisagent cela comme une solution pour all\u00e9ger le rythme scolaire, quel impact cela aurait-il vraiment sur les \u00e9l\u00e8ves et les enseignants ?<\/p>\n\n<h3 class=\"wp-block-heading\">Un b\u00e9n\u00e9fice pour le bien-\u00eatre scolaire<\/h3>\n\n<p>Le retour \u00e0 une semaine de quatre jours et demi pourrait s&rsquo;accompagner de plusieurs avantages notables :<\/p>\n\n<ul class=\"wp-block-list\"><li>\ud83d\udcc5 Am\u00e9lioration de la qualit\u00e9 des heures d\u2019enseignement<\/li><li>\ud83d\ude80 Diminution du stress pour les \u00e9l\u00e8ves<\/li><li>\ud83c\udf08 \u00c9largissement de l&rsquo;acc\u00e8s aux activit\u00e9s p\u00e9riscolaires et culturelles<\/li><\/ul>\n\n<p>Les enseignants, \u00e0 leur tour, pourraient voir un all\u00e9gement de leur charge de travail, ce qui favoriserait \u00e0 la fois leur bien-\u00eatre et leur motivation \u00e0 enseigner. Toutefois, un tel retour doit \u00eatre soigneusement \u00e9tudi\u00e9 afin d&rsquo;\u00e9viter des effets secondaires non souhait\u00e9s. L\u2019implication des parents et des \u00e9l\u00e8ves dans cette r\u00e9flexion est primordiale.<\/p>\n\n<h3 class=\"wp-block-heading\">Les inconv\u00e9nients potentiels \u00e0 consid\u00e9rer<\/h3>\n\n<p>Malgr\u00e9 les avantages, le retour \u00e0 la semaine de quatre jours et demi soul\u00e8ve de nombreuses inqui\u00e9tudes. En effet, certains craignent que cela n&rsquo;entra\u00eene une r\u00e9duction du temps consacr\u00e9 aux apprentissages fondamentaux, de m\u00eame qu\u2019une baisse des r\u00e9sultats scolaires. Voici quelques pr\u00e9occupations :<\/p>\n\n<ol class=\"wp-block-list\"><li>\ud83d\udcc9 Risque de baisse de l&rsquo;assiduit\u00e9<\/li><li>\ud83d\udea8 Dangers d\u2019une perte de contenu crucial<\/li><li>\ud83d\udd0d D\u00e9motivation des \u00e9l\u00e8ves face \u00e0 un temps d&rsquo;apprentissage r\u00e9duit<\/li><\/ol>\n\n<p>De plus, il est imp\u00e9ratif d&rsquo;assurer un suivi rigoureux des r\u00e9sultats des \u00e9l\u00e8ves et de leur progression pour \u00e9valuer l&rsquo;impact r\u00e9el d&rsquo;une telle modification.<\/p>\n\n<figure class=\"wp-block-table\"><table>\n<thead>\n<tr>\n<th>Avantages<\/th>\n<th>Inconv\u00e9nients<\/th>\n<th>Mesures possibles<\/th>\n<\/tr>\n<\/thead>\n<tbody>\n<tr>\n<td>\ud83d\ude0c Bien-\u00eatre accru<\/td>\n<td>\ud83d\udcc9 Risque de contenus manquants<\/td>\n<td>\ud83d\udd27 Suivi p\u00e9dagogique renforc\u00e9<\/td>\n<\/tr>\n<tr>\n<td>\ud83c\udfa8 Acc\u00e8s \u00e0 plus d&rsquo;activit\u00e9s<\/td>\n<td>\ud83d\udd50 In\u00e9galit\u00e9s d&rsquo;acc\u00e8s pour certains \u00e9l\u00e8ves<\/td>\n<td>\ud83e\udd1d Partenariats avec des associations locales<\/td>\n<\/tr>\n<tr>\n<td>\ud83d\udc4c Moins de stress<\/td>\n<td>\ud83d\udd12 Organisation complexe des transports<\/td>\n<td>\ud83d\udcca R\u00e9flexion collective avec les acteurs locaux<\/td>\n<\/tr>\n<\/tbody>\n<\/table><\/figure>\n\n<h2 class=\"wp-block-heading\">R\u00e9duire les vacances scolaires : un d\u00e9bat complexe<\/h2>\n\n<p>Reducing school holidays is another hot topic of debate in France. With 16 weeks of vacation a year, compared to an average of 14 weeks in Europe, the question arises: is this excess a burden or does it serve a greater purpose in the education of children?<\/p>\n\n<h3 class=\"wp-block-heading\">Les raisons derri\u00e8re la proposition de r\u00e9duction<\/h3>\n\n<p>Emmanuel Macron a soulign\u00e9 l&rsquo;impact des <strong>vacances d&rsquo;\u00e9t\u00e9<\/strong> sur le niveau scolaire des enfants, en particulier ceux issus de milieux d\u00e9favoris\u00e9s. Ces d\u00e9lais prolong\u00e9s d&rsquo;inactivit\u00e9 peuvent accentuer les in\u00e9galit\u00e9s et engendrer des pertes d&rsquo;apprentissage importantes. \u00c0 travers une r\u00e9duction des vacances, il esp\u00e8re offrir un cadre plus \u00e9quilibr\u00e9 et propice \u00e0 l&rsquo;\u00e9volution des \u00e9l\u00e8ves.<\/p>\n\n<ul class=\"wp-block-list\"><li>\u23f3 Convergence avec le calendrier europ\u00e9en<\/li><li>\ud83d\udcc8 Am\u00e9lioration des performances scolaires<\/li><li>\ud83d\udd0d Lutte contre les in\u00e9galit\u00e9s<\/li><\/ul>\n\n<p>La proposition de r\u00e9duire les vacances scolaires n\u00e9cessite cependant une r\u00e9flexion sur leurs implications. Cela soul\u00e8ve aussi la question : comment fournir un soutien suffisant aux familles, afin qu&rsquo;aucun enfant ne soit laiss\u00e9 pour compte ?<\/p>\n\n<h3 class=\"wp-block-heading\">Le r\u00f4le des parents et des enseignants<\/h3>\n\n<p>Dans ce d\u00e9bat, les avis des parents et des enseignants sont cruciaux. La diverse palette d&rsquo;exp\u00e9riences et de pr\u00e9occupations de ces acteurs aidera \u00e0 fa\u00e7onner une vision qui tient compte des besoins de chaque enfant. Ainsi, il sera n\u00e9cessaire de consid\u00e9rer l&rsquo;\u00e9ventualit\u00e9 de mise en place d&rsquo;une \u00e9coute active durant ce processus. <a href=\"https:\/\/www.apres-lecole.fr\/Blog\/enfants-sans-education-mayotte\/\">Les parents et les \u00e9ducateurs<\/a> peuvent aussi jouer un r\u00f4le cl\u00e9 dans la mise en \u0153uvre des mesures envisag\u00e9es.<\/p>\n\n<figure class=\"wp-block-table\"><table>\n<thead>\n<tr>\n<th>Avantages d&rsquo;une r\u00e9duction des vacances<\/th>\n<th>Inconv\u00e9nients \u00e0 consid\u00e9rer<\/th>\n<th>Solutions apport\u00e9es<\/th>\n<\/tr>\n<\/thead>\n<tbody>\n<tr>\n<td>\ud83c\udf93 Meilleure continuit\u00e9 p\u00e9dagogique<\/td>\n<td>\ud83d\ude1f Risque de fatigue accrue<\/td>\n<td>\ud83c\udfe6 Soutien accru pour les familles<\/td>\n<\/tr>\n<tr>\n<td>\ud83c\udf10 Harmonisation des calendriers<\/td>\n<td>\ud83d\uded1 Opposition de certains syndicats<\/td>\n<td>\ud83d\udce3 Dialogue constant avec les acteurs<\/td>\n<\/tr>\n<tr>\n<td>\ud83d\udcda Am\u00e9lioration des r\u00e9sultats scolaires<\/td>\n<td>\ud83d\udcbc Charge de travail pour les enseignants<\/td>\n<td>\ud83e\udd1d Formations et ressources pour le personnel \u00e9ducatif<\/td>\n<\/tr>\n<\/tbody>\n<\/table><\/figure>\n\n<h2 class=\"wp-block-heading\">Perspectives d&rsquo;avenir : envisager un mod\u00e8le adapt\u00e9<\/h2>\n\n<p>Les r\u00e9flexions autour des changements dans l&rsquo;organisation du temps scolaire ne concernent pas seulement la semaine de quatre jours et demi ou la dur\u00e9e des vacances. Elles touchent \u00e0 un mod\u00e8le \u00e9ducatif global, o\u00f9 les apprentissages sont int\u00e9gr\u00e9s dans le quotidien des enfants.<\/p>\n\n<h3 class=\"wp-block-heading\">Mod\u00e8les internationaux inspirants<\/h3>\n\n<p>Observer les pratiques d&rsquo;autres pays pourrait nous guider vers des solutions adapt\u00e9es. Des syst\u00e8mes comme celui de la Finlande, reconnu pour ses m\u00e9thodes p\u00e9dagogiques innovantes, offrent plusieurs enseignements. Le pays mise sur des journ\u00e9es d&rsquo;\u00e9cole plus courtes et une int\u00e9gration pouss\u00e9e des activit\u00e9s ludiques. Ce mod\u00e8le a fait ses preuves en mati\u00e8re de r\u00e9ussite scolaire et d&rsquo;\u00e9panouissement des \u00e9l\u00e8ves.<\/p>\n\n<ul class=\"wp-block-list\"><li>\ud83d\udccf Modulation des horaires selon les besoins<\/li><li>\ud83c\udf89 Approche ludique de l&rsquo;apprentissage<\/li><li>\ud83d\udd04 Flexibilit\u00e9 des horaires et des contenus<\/li><\/ul>\n\n<p>L&rsquo;institution doit, pour avancer, s&rsquo;ouvrir \u00e0 des id\u00e9es nouvelles, tout en conservant l&rsquo;identit\u00e9 du syst\u00e8me \u00e9ducatif national. Les collaborations avec les experts du terrain et les parents d&rsquo;\u00e9l\u00e8ves, repr\u00e9sent\u00e9s par l&rsquo;<strong>Union Nationale des Associations Autonomes de Parents d&rsquo;\u00c9l\u00e8ves<\/strong>, peuvent apporter des solutions concr\u00e8tes et adapt\u00e9es.<\/p>\n\n<h3 class=\"wp-block-heading\">D\u00e9finir un cadre favorable aux apprentissages<\/h3>\n\n<p>En repensant la structure du temps scolaire, il serait judicieux d&rsquo;int\u00e9grer un maximum d&rsquo;outils p\u00e9dagogiques vari\u00e9s. Cela n\u00e9cessite des ressources ad\u00e9quates, l&rsquo;implication des associations comme le <a href=\"https:\/\/www.apres-lecole.fr\/Blog\/usage-vous-ecoles-quebec\/\">R\u00e9seau Canop\u00e9<\/a>, ainsi que des initiatives innovantes pour outiller les enseignants et les parents.<\/p>\n\n<figure class=\"wp-block-table\"><table>\n<thead>\n<tr>\n<th>\u00c9l\u00e9ments \u00e0 r\u00e9former<\/th>\n<th>Obstacles identifi\u00e9s<\/th>\n<th>Opportunit\u00e9s \u00e0 saisir<\/th>\n<\/tr>\n<\/thead>\n<tbody>\n<tr>\n<td>\ud83d\udcd6 Programme scolaire<\/td>\n<td>\ud83d\udd12 R\u00e9sistance aux changements<\/td>\n<td>\ud83d\udd0d R\u00e9flexion collective sur les contenus<\/td>\n<\/tr>\n<tr>\n<td>\ud83d\udc69\u200d\ud83c\udfeb Formation des enseignants<\/td>\n<td>\ud83c\udfe2 Manque de ressources<\/td>\n<td>\ud83d\udcc5 Offrir un soutien continu<\/td>\n<\/tr>\n<tr>\n<td>\ud83d\udd17 Partenariats \u00e9ducatifs<\/td>\n<td>\ud83c\udfdb\ufe0f Difficult\u00e9s de coordination<\/td>\n<td>\ud83e\udd1d Multiplication des collaborations avec le secteur associatif<\/td>\n<\/tr>\n<\/tbody>\n<\/table><\/figure>\n\n<h2 class=\"wp-block-heading\">FAQ : questions fr\u00e9quentes sur l&rsquo;organisation du temps scolaire<\/h2>\n\n<p><strong>1. Pourquoi r\u00e9duire les vacances scolaires ?<\/strong><\/p>\n\n<p>La r\u00e9duction pourrait permettre de diminuer les in\u00e9galit\u00e9s d&rsquo;apprentissage, surtout pour les enfants issus de milieux d\u00e9favoris\u00e9s.<\/p>\n\n<p><strong>2. Quel est l&rsquo;impact d&rsquo;une semaine de quatre jours et demi sur les \u00e9l\u00e8ves ?<\/strong><\/p>\n\n<p>Elle peut am\u00e9liorer le bien-\u00eatre des \u00e9l\u00e8ves, mais n\u00e9cessite un suivi minutieux pour \u00e9viter une perte de contenu.<\/p>\n\n<p><strong>3. Quelles initiatives existent pour soutenir les familles pendant les vacances ?<\/strong><\/p>\n\n<p>Des collaborations avec des associations peuvent offrir des activit\u00e9s p\u00e9dagogiques et r\u00e9cr\u00e9atives.<\/p>\n\n<p><strong>4. Quels pays peuvent servir d&rsquo;exemples pour le syst\u00e8me scolaire fran\u00e7ais ?<\/strong><\/p>\n\n<p>La Finlande, par exemple, est souvent cit\u00e9e pour ses m\u00e9thodes innovantes et ses exp\u00e9riences positives en mati\u00e8re d&rsquo;apprentissage.<\/p>\n\n<p><strong>5. Comment les parents peuvent-ils s&rsquo;impliquer dans ces r\u00e9flexions ?<\/strong><\/p>\n\n<p>Les parents disposent de plusieurs canaux de communication pour donner leur avis, notamment \u00e0 travers des syndicats ou des associations comme l&rsquo;<strong>Association des maires de France<\/strong>.<\/p>\n\n","protected":false},"excerpt":{"rendered":"<p>Le sujet de l&rsquo;organisation du temps scolaire est au c\u0153ur des d\u00e9bats \u00e9ducatifs en France. Avec la r\u00e9cente convention citoyenne sur les \u00ab\u00a0temps de l\u2019enfant\u00a0\u00bb, initi\u00e9e par le pr\u00e9sident Emmanuel Macron, il est grand temps de se pencher sur l&rsquo;avenir des rythmes scolaires. Les avis s&rsquo;entrecroisent : faut-il r\u00e9duire les vacances scolaires ou revenir \u00e0 &#8230; <a title=\"Vers une nouvelle organisation du temps scolaire : enjeux et propositions pour les vacances et la semaine de 4 jours et demi\" class=\"read-more\" href=\"https:\/\/www.apres-lecole.fr\/Blog\/organisation-temps-scolaire\/\" aria-label=\"En savoir plus sur Vers une nouvelle organisation du temps scolaire : enjeux et propositions pour les vacances et la semaine de 4 jours et demi\">Lire plus<\/a><\/p>\n","protected":false},"author":9,"featured_media":2035,"comment_status":"open","ping_status":"open","sticky":false,"template":"","format":"standard","meta":{"footnotes":""},"categories":[342],"tags":[1115,1112,1116,1114,1113],"class_list":["post-2036","post","type-post","status-publish","format-standard","has-post-thumbnail","hentry","category-actualites","tag-enjeux-educatifs","tag-organisation-du-temps-scolaire","tag-reformes-scolaires","tag-semaine-de-4-jours-et-demi","tag-vacances-scolaires"],"yoast_head":"<!-- This site is optimized with the Yoast SEO plugin v27.5 - https:\/\/yoast.com\/product\/yoast-seo-wordpress\/ -->\n<title>R\u00e9inventer le temps scolaire : vacances et semaine de 4 jours et demi en question<\/title>\n<meta name=\"description\" content=\"D\u00e9couvrez les enjeux et propositions pour r\u00e9organiser le temps scolaire, entre vacances et semaine de 4 jours et demi, au service des \u00e9l\u00e8ves.\" \/>\n<meta name=\"robots\" content=\"index, follow, max-snippet:-1, max-image-preview:large, max-video-preview:-1\" \/>\n<link rel=\"canonical\" href=\"https:\/\/www.apres-lecole.fr\/Blog\/organisation-temps-scolaire\/\" \/>\n<meta property=\"og:locale\" content=\"fr_FR\" \/>\n<meta property=\"og:type\" content=\"article\" \/>\n<meta property=\"og:title\" content=\"R\u00e9inventer le temps scolaire : vacances et semaine de 4 jours et demi en question\" \/>\n<meta property=\"og:description\" content=\"D\u00e9couvrez les enjeux et propositions pour r\u00e9organiser le temps scolaire, entre vacances et semaine de 4 jours et demi, au service des \u00e9l\u00e8ves.\" \/>\n<meta property=\"og:url\" content=\"https:\/\/www.apres-lecole.fr\/Blog\/organisation-temps-scolaire\/\" \/>\n<meta property=\"article:published_time\" content=\"2025-06-22T07:15:45+00:00\" \/>\n<meta property=\"og:image\" content=\"https:\/\/www.apres-lecole.fr\/Blog\/wp-content\/uploads\/2025\/06\/Vers-une-nouvelle-organisation-du-temps-scolaire-enjeux-et-propositions-pour-les-vacances-et-la-semaine-de-4-jours-et-demi.jpg\" \/>\n\t<meta property=\"og:image:width\" content=\"1344\" \/>\n\t<meta property=\"og:image:height\" content=\"768\" \/>\n\t<meta property=\"og:image:type\" content=\"image\/jpeg\" \/>\n<meta name=\"author\" content=\"Eva Martin\" \/>\n<meta name=\"twitter:card\" content=\"summary_large_image\" \/>\n<meta name=\"twitter:creator\" content=\"@Evaapresecole\" \/>\n<meta name=\"twitter:label1\" content=\"\u00c9crit par\" \/>\n\t<meta name=\"twitter:data1\" content=\"Eva Martin\" \/>\n\t<meta name=\"twitter:label2\" content=\"Dur\u00e9e de lecture estim\u00e9e\" \/>\n\t<meta name=\"twitter:data2\" content=\"8 minutes\" \/>\n<script type=\"application\/ld+json\" class=\"yoast-schema-graph\">{\"@context\":\"https:\\\/\\\/schema.org\",\"@graph\":[{\"@type\":\"Article\",\"@id\":\"https:\\\/\\\/www.apres-lecole.fr\\\/Blog\\\/organisation-temps-scolaire\\\/#article\",\"isPartOf\":{\"@id\":\"https:\\\/\\\/www.apres-lecole.fr\\\/Blog\\\/organisation-temps-scolaire\\\/\"},\"author\":{\"name\":\"Eva Martin\",\"@id\":\"https:\\\/\\\/www.apres-lecole.fr\\\/Blog\\\/#\\\/schema\\\/person\\\/aeb50cd4b51fc69da155804bb5bb9fc4\"},\"headline\":\"Vers une nouvelle organisation du temps scolaire : enjeux et propositions pour les vacances et la semaine de 4 jours et demi\",\"datePublished\":\"2025-06-22T07:15:45+00:00\",\"mainEntityOfPage\":{\"@id\":\"https:\\\/\\\/www.apres-lecole.fr\\\/Blog\\\/organisation-temps-scolaire\\\/\"},\"wordCount\":1710,\"commentCount\":0,\"image\":{\"@id\":\"https:\\\/\\\/www.apres-lecole.fr\\\/Blog\\\/organisation-temps-scolaire\\\/#primaryimage\"},\"thumbnailUrl\":\"https:\\\/\\\/www.apres-lecole.fr\\\/Blog\\\/wp-content\\\/uploads\\\/2025\\\/06\\\/Vers-une-nouvelle-organisation-du-temps-scolaire-enjeux-et-propositions-pour-les-vacances-et-la-semaine-de-4-jours-et-demi.jpg\",\"keywords\":[\"enjeux \u00e9ducatifs\",\"organisation du temps scolaire\",\"r\u00e9formes scolaires\",\"semaine de 4 jours et demi\",\"vacances scolaires\"],\"articleSection\":[\"Actualit\u00e9s\"],\"inLanguage\":\"fr-FR\",\"potentialAction\":[{\"@type\":\"CommentAction\",\"name\":\"Comment\",\"target\":[\"https:\\\/\\\/www.apres-lecole.fr\\\/Blog\\\/organisation-temps-scolaire\\\/#respond\"]}]},{\"@type\":\"WebPage\",\"@id\":\"https:\\\/\\\/www.apres-lecole.fr\\\/Blog\\\/organisation-temps-scolaire\\\/\",\"url\":\"https:\\\/\\\/www.apres-lecole.fr\\\/Blog\\\/organisation-temps-scolaire\\\/\",\"name\":\"R\u00e9inventer le temps scolaire : vacances et semaine de 4 jours et demi en question\",\"isPartOf\":{\"@id\":\"https:\\\/\\\/www.apres-lecole.fr\\\/Blog\\\/#website\"},\"primaryImageOfPage\":{\"@id\":\"https:\\\/\\\/www.apres-lecole.fr\\\/Blog\\\/organisation-temps-scolaire\\\/#primaryimage\"},\"image\":{\"@id\":\"https:\\\/\\\/www.apres-lecole.fr\\\/Blog\\\/organisation-temps-scolaire\\\/#primaryimage\"},\"thumbnailUrl\":\"https:\\\/\\\/www.apres-lecole.fr\\\/Blog\\\/wp-content\\\/uploads\\\/2025\\\/06\\\/Vers-une-nouvelle-organisation-du-temps-scolaire-enjeux-et-propositions-pour-les-vacances-et-la-semaine-de-4-jours-et-demi.jpg\",\"datePublished\":\"2025-06-22T07:15:45+00:00\",\"author\":{\"@id\":\"https:\\\/\\\/www.apres-lecole.fr\\\/Blog\\\/#\\\/schema\\\/person\\\/aeb50cd4b51fc69da155804bb5bb9fc4\"},\"description\":\"D\u00e9couvrez les enjeux et propositions pour r\u00e9organiser le temps scolaire, entre vacances et semaine de 4 jours et demi, au service des \u00e9l\u00e8ves.\",\"breadcrumb\":{\"@id\":\"https:\\\/\\\/www.apres-lecole.fr\\\/Blog\\\/organisation-temps-scolaire\\\/#breadcrumb\"},\"inLanguage\":\"fr-FR\",\"potentialAction\":[{\"@type\":\"ReadAction\",\"target\":[\"https:\\\/\\\/www.apres-lecole.fr\\\/Blog\\\/organisation-temps-scolaire\\\/\"]}]},{\"@type\":\"ImageObject\",\"inLanguage\":\"fr-FR\",\"@id\":\"https:\\\/\\\/www.apres-lecole.fr\\\/Blog\\\/organisation-temps-scolaire\\\/#primaryimage\",\"url\":\"https:\\\/\\\/www.apres-lecole.fr\\\/Blog\\\/wp-content\\\/uploads\\\/2025\\\/06\\\/Vers-une-nouvelle-organisation-du-temps-scolaire-enjeux-et-propositions-pour-les-vacances-et-la-semaine-de-4-jours-et-demi.jpg\",\"contentUrl\":\"https:\\\/\\\/www.apres-lecole.fr\\\/Blog\\\/wp-content\\\/uploads\\\/2025\\\/06\\\/Vers-une-nouvelle-organisation-du-temps-scolaire-enjeux-et-propositions-pour-les-vacances-et-la-semaine-de-4-jours-et-demi.jpg\",\"width\":1344,\"height\":768,\"caption\":\"d\u00e9couvrez comment une nouvelle organisation du temps scolaire peut transformer l'\u00e9ducation en france. analyse des enjeux li\u00e9s aux vacances et \u00e0 la semaine de 4 jours et demi, avec des propositions innovantes pour le bien-\u00eatre des \u00e9l\u00e8ves et l'optimisation des apprentissages.\"},{\"@type\":\"BreadcrumbList\",\"@id\":\"https:\\\/\\\/www.apres-lecole.fr\\\/Blog\\\/organisation-temps-scolaire\\\/#breadcrumb\",\"itemListElement\":[{\"@type\":\"ListItem\",\"position\":1,\"name\":\"Home\",\"item\":\"https:\\\/\\\/www.apres-lecole.fr\\\/Blog\\\/\"},{\"@type\":\"ListItem\",\"position\":2,\"name\":\"Vers une nouvelle organisation du temps scolaire : enjeux et propositions pour les vacances et la semaine de 4 jours et demi\"}]},{\"@type\":\"WebSite\",\"@id\":\"https:\\\/\\\/www.apres-lecole.fr\\\/Blog\\\/#website\",\"url\":\"https:\\\/\\\/www.apres-lecole.fr\\\/Blog\\\/\",\"name\":\"\",\"description\":\"M\u00e9dia g\u00e9n\u00e9raliste\",\"potentialAction\":[{\"@type\":\"SearchAction\",\"target\":{\"@type\":\"EntryPoint\",\"urlTemplate\":\"https:\\\/\\\/www.apres-lecole.fr\\\/Blog\\\/?s={search_term_string}\"},\"query-input\":{\"@type\":\"PropertyValueSpecification\",\"valueRequired\":true,\"valueName\":\"search_term_string\"}}],\"inLanguage\":\"fr-FR\"},{\"@type\":\"Person\",\"@id\":\"https:\\\/\\\/www.apres-lecole.fr\\\/Blog\\\/#\\\/schema\\\/person\\\/aeb50cd4b51fc69da155804bb5bb9fc4\",\"name\":\"Eva Martin\",\"image\":{\"@type\":\"ImageObject\",\"inLanguage\":\"fr-FR\",\"@id\":\"https:\\\/\\\/secure.gravatar.com\\\/avatar\\\/55c53222558b27a72015a64073a80edce4abd33369394b9bf2c5cd6c19d12682?s=96&d=mm&r=g\",\"url\":\"https:\\\/\\\/secure.gravatar.com\\\/avatar\\\/55c53222558b27a72015a64073a80edce4abd33369394b9bf2c5cd6c19d12682?s=96&d=mm&r=g\",\"contentUrl\":\"https:\\\/\\\/secure.gravatar.com\\\/avatar\\\/55c53222558b27a72015a64073a80edce4abd33369394b9bf2c5cd6c19d12682?s=96&d=mm&r=g\",\"caption\":\"Eva Martin\"},\"description\":\"Je parle de business et d'entrepreneuriat avec des conseils clairs, concrets et actionnables pour r\u00e9ussir\",\"sameAs\":[\"https:\\\/\\\/x.com\\\/Evaapresecole\"],\"url\":\"https:\\\/\\\/www.apres-lecole.fr\\\/Blog\\\/author\\\/evamartin\\\/\"}]}<\/script>\n<!-- \/ Yoast SEO plugin. -->","yoast_head_json":{"title":"R\u00e9inventer le temps scolaire : vacances et semaine de 4 jours et demi en question","description":"D\u00e9couvrez les enjeux et propositions pour r\u00e9organiser le temps scolaire, entre vacances et semaine de 4 jours et demi, au service des \u00e9l\u00e8ves.","robots":{"index":"index","follow":"follow","max-snippet":"max-snippet:-1","max-image-preview":"max-image-preview:large","max-video-preview":"max-video-preview:-1"},"canonical":"https:\/\/www.apres-lecole.fr\/Blog\/organisation-temps-scolaire\/","og_locale":"fr_FR","og_type":"article","og_title":"R\u00e9inventer le temps scolaire : vacances et semaine de 4 jours et demi en question","og_description":"D\u00e9couvrez les enjeux et propositions pour r\u00e9organiser le temps scolaire, entre vacances et semaine de 4 jours et demi, au service des \u00e9l\u00e8ves.","og_url":"https:\/\/www.apres-lecole.fr\/Blog\/organisation-temps-scolaire\/","article_published_time":"2025-06-22T07:15:45+00:00","og_image":[{"width":1344,"height":768,"url":"https:\/\/www.apres-lecole.fr\/Blog\/wp-content\/uploads\/2025\/06\/Vers-une-nouvelle-organisation-du-temps-scolaire-enjeux-et-propositions-pour-les-vacances-et-la-semaine-de-4-jours-et-demi.jpg","type":"image\/jpeg"}],"author":"Eva Martin","twitter_card":"summary_large_image","twitter_creator":"@Evaapresecole","twitter_misc":{"\u00c9crit par":"Eva Martin","Dur\u00e9e de lecture estim\u00e9e":"8 minutes"},"schema":{"@context":"https:\/\/schema.org","@graph":[{"@type":"Article","@id":"https:\/\/www.apres-lecole.fr\/Blog\/organisation-temps-scolaire\/#article","isPartOf":{"@id":"https:\/\/www.apres-lecole.fr\/Blog\/organisation-temps-scolaire\/"},"author":{"name":"Eva Martin","@id":"https:\/\/www.apres-lecole.fr\/Blog\/#\/schema\/person\/aeb50cd4b51fc69da155804bb5bb9fc4"},"headline":"Vers une nouvelle organisation du temps scolaire : enjeux et propositions pour les vacances et la semaine de 4 jours et demi","datePublished":"2025-06-22T07:15:45+00:00","mainEntityOfPage":{"@id":"https:\/\/www.apres-lecole.fr\/Blog\/organisation-temps-scolaire\/"},"wordCount":1710,"commentCount":0,"image":{"@id":"https:\/\/www.apres-lecole.fr\/Blog\/organisation-temps-scolaire\/#primaryimage"},"thumbnailUrl":"https:\/\/www.apres-lecole.fr\/Blog\/wp-content\/uploads\/2025\/06\/Vers-une-nouvelle-organisation-du-temps-scolaire-enjeux-et-propositions-pour-les-vacances-et-la-semaine-de-4-jours-et-demi.jpg","keywords":["enjeux \u00e9ducatifs","organisation du temps scolaire","r\u00e9formes scolaires","semaine de 4 jours et demi","vacances scolaires"],"articleSection":["Actualit\u00e9s"],"inLanguage":"fr-FR","potentialAction":[{"@type":"CommentAction","name":"Comment","target":["https:\/\/www.apres-lecole.fr\/Blog\/organisation-temps-scolaire\/#respond"]}]},{"@type":"WebPage","@id":"https:\/\/www.apres-lecole.fr\/Blog\/organisation-temps-scolaire\/","url":"https:\/\/www.apres-lecole.fr\/Blog\/organisation-temps-scolaire\/","name":"R\u00e9inventer le temps scolaire : vacances et semaine de 4 jours et demi en question","isPartOf":{"@id":"https:\/\/www.apres-lecole.fr\/Blog\/#website"},"primaryImageOfPage":{"@id":"https:\/\/www.apres-lecole.fr\/Blog\/organisation-temps-scolaire\/#primaryimage"},"image":{"@id":"https:\/\/www.apres-lecole.fr\/Blog\/organisation-temps-scolaire\/#primaryimage"},"thumbnailUrl":"https:\/\/www.apres-lecole.fr\/Blog\/wp-content\/uploads\/2025\/06\/Vers-une-nouvelle-organisation-du-temps-scolaire-enjeux-et-propositions-pour-les-vacances-et-la-semaine-de-4-jours-et-demi.jpg","datePublished":"2025-06-22T07:15:45+00:00","author":{"@id":"https:\/\/www.apres-lecole.fr\/Blog\/#\/schema\/person\/aeb50cd4b51fc69da155804bb5bb9fc4"},"description":"D\u00e9couvrez les enjeux et propositions pour r\u00e9organiser le temps scolaire, entre vacances et semaine de 4 jours et demi, au service des \u00e9l\u00e8ves.","breadcrumb":{"@id":"https:\/\/www.apres-lecole.fr\/Blog\/organisation-temps-scolaire\/#breadcrumb"},"inLanguage":"fr-FR","potentialAction":[{"@type":"ReadAction","target":["https:\/\/www.apres-lecole.fr\/Blog\/organisation-temps-scolaire\/"]}]},{"@type":"ImageObject","inLanguage":"fr-FR","@id":"https:\/\/www.apres-lecole.fr\/Blog\/organisation-temps-scolaire\/#primaryimage","url":"https:\/\/www.apres-lecole.fr\/Blog\/wp-content\/uploads\/2025\/06\/Vers-une-nouvelle-organisation-du-temps-scolaire-enjeux-et-propositions-pour-les-vacances-et-la-semaine-de-4-jours-et-demi.jpg","contentUrl":"https:\/\/www.apres-lecole.fr\/Blog\/wp-content\/uploads\/2025\/06\/Vers-une-nouvelle-organisation-du-temps-scolaire-enjeux-et-propositions-pour-les-vacances-et-la-semaine-de-4-jours-et-demi.jpg","width":1344,"height":768,"caption":"d\u00e9couvrez comment une nouvelle organisation du temps scolaire peut transformer l'\u00e9ducation en france. analyse des enjeux li\u00e9s aux vacances et \u00e0 la semaine de 4 jours et demi, avec des propositions innovantes pour le bien-\u00eatre des \u00e9l\u00e8ves et l'optimisation des apprentissages."},{"@type":"BreadcrumbList","@id":"https:\/\/www.apres-lecole.fr\/Blog\/organisation-temps-scolaire\/#breadcrumb","itemListElement":[{"@type":"ListItem","position":1,"name":"Home","item":"https:\/\/www.apres-lecole.fr\/Blog\/"},{"@type":"ListItem","position":2,"name":"Vers une nouvelle organisation du temps scolaire : enjeux et propositions pour les vacances et la semaine de 4 jours et demi"}]},{"@type":"WebSite","@id":"https:\/\/www.apres-lecole.fr\/Blog\/#website","url":"https:\/\/www.apres-lecole.fr\/Blog\/","name":"","description":"M\u00e9dia g\u00e9n\u00e9raliste","potentialAction":[{"@type":"SearchAction","target":{"@type":"EntryPoint","urlTemplate":"https:\/\/www.apres-lecole.fr\/Blog\/?s={search_term_string}"},"query-input":{"@type":"PropertyValueSpecification","valueRequired":true,"valueName":"search_term_string"}}],"inLanguage":"fr-FR"},{"@type":"Person","@id":"https:\/\/www.apres-lecole.fr\/Blog\/#\/schema\/person\/aeb50cd4b51fc69da155804bb5bb9fc4","name":"Eva Martin","image":{"@type":"ImageObject","inLanguage":"fr-FR","@id":"https:\/\/secure.gravatar.com\/avatar\/55c53222558b27a72015a64073a80edce4abd33369394b9bf2c5cd6c19d12682?s=96&d=mm&r=g","url":"https:\/\/secure.gravatar.com\/avatar\/55c53222558b27a72015a64073a80edce4abd33369394b9bf2c5cd6c19d12682?s=96&d=mm&r=g","contentUrl":"https:\/\/secure.gravatar.com\/avatar\/55c53222558b27a72015a64073a80edce4abd33369394b9bf2c5cd6c19d12682?s=96&d=mm&r=g","caption":"Eva Martin"},"description":"Je parle de business et d'entrepreneuriat avec des conseils clairs, concrets et actionnables pour r\u00e9ussir","sameAs":["https:\/\/x.com\/Evaapresecole"],"url":"https:\/\/www.apres-lecole.fr\/Blog\/author\/evamartin\/"}]}},"views":27,"_links":{"self":[{"href":"https:\/\/www.apres-lecole.fr\/Blog\/wp-json\/wp\/v2\/posts\/2036","targetHints":{"allow":["GET"]}}],"collection":[{"href":"https:\/\/www.apres-lecole.fr\/Blog\/wp-json\/wp\/v2\/posts"}],"about":[{"href":"https:\/\/www.apres-lecole.fr\/Blog\/wp-json\/wp\/v2\/types\/post"}],"author":[{"embeddable":true,"href":"https:\/\/www.apres-lecole.fr\/Blog\/wp-json\/wp\/v2\/users\/9"}],"replies":[{"embeddable":true,"href":"https:\/\/www.apres-lecole.fr\/Blog\/wp-json\/wp\/v2\/comments?post=2036"}],"version-history":[{"count":0,"href":"https:\/\/www.apres-lecole.fr\/Blog\/wp-json\/wp\/v2\/posts\/2036\/revisions"}],"wp:featuredmedia":[{"embeddable":true,"href":"https:\/\/www.apres-lecole.fr\/Blog\/wp-json\/wp\/v2\/media\/2035"}],"wp:attachment":[{"href":"https:\/\/www.apres-lecole.fr\/Blog\/wp-json\/wp\/v2\/media?parent=2036"}],"wp:term":[{"taxonomy":"category","embeddable":true,"href":"https:\/\/www.apres-lecole.fr\/Blog\/wp-json\/wp\/v2\/categories?post=2036"},{"taxonomy":"post_tag","embeddable":true,"href":"https:\/\/www.apres-lecole.fr\/Blog\/wp-json\/wp\/v2\/tags?post=2036"}],"curies":[{"name":"wp","href":"https:\/\/api.w.org\/{rel}","templated":true}]}}