{"id":2032,"date":"2025-06-20T07:11:48","date_gmt":"2025-06-20T07:11:48","guid":{"rendered":"https:\/\/www.apres-lecole.fr\/Blog\/ambitions-ecole-police-perigueux\/"},"modified":"2025-06-20T07:11:48","modified_gmt":"2025-06-20T07:11:48","slug":"ambitions-ecole-police-perigueux","status":"publish","type":"post","link":"https:\/\/www.apres-lecole.fr\/Blog\/ambitions-ecole-police-perigueux\/","title":{"rendered":"Vers une nouvelle \u00e8re d&rsquo;excellence : les ambitions pour l&rsquo;\u00e9cole nationale de police de P\u00e9rigueux"},"content":{"rendered":"\n\n<div class=\"kk-star-ratings kksr-auto kksr-align-left kksr-valign-top\"\n    data-payload='{&quot;align&quot;:&quot;left&quot;,&quot;id&quot;:&quot;2032&quot;,&quot;slug&quot;:&quot;default&quot;,&quot;valign&quot;:&quot;top&quot;,&quot;ignore&quot;:&quot;&quot;,&quot;reference&quot;:&quot;auto&quot;,&quot;class&quot;:&quot;&quot;,&quot;count&quot;:&quot;0&quot;,&quot;legendonly&quot;:&quot;&quot;,&quot;readonly&quot;:&quot;&quot;,&quot;score&quot;:&quot;0&quot;,&quot;starsonly&quot;:&quot;&quot;,&quot;best&quot;:&quot;5&quot;,&quot;gap&quot;:&quot;5&quot;,&quot;greet&quot;:&quot;Rate this post&quot;,&quot;legend&quot;:&quot;0\\\/5 - (0 vote)&quot;,&quot;size&quot;:&quot;24&quot;,&quot;title&quot;:&quot;Vers une nouvelle \u00e8re d\\u0026#039;excellence : les ambitions pour l\\u0026#039;\u00e9cole nationale de police de P\u00e9rigueux&quot;,&quot;width&quot;:&quot;0&quot;,&quot;_legend&quot;:&quot;{score}\\\/{best} - ({count} {votes})&quot;,&quot;font_factor&quot;:&quot;1.25&quot;}'>\n            \n<div class=\"kksr-stars\">\n    \n<div class=\"kksr-stars-inactive\">\n            <div class=\"kksr-star\" data-star=\"1\" style=\"padding-right: 5px\">\n            \n\n<div class=\"kksr-icon\" style=\"width: 24px; height: 24px;\"><\/div>\n        <\/div>\n            <div class=\"kksr-star\" data-star=\"2\" style=\"padding-right: 5px\">\n            \n\n<div class=\"kksr-icon\" style=\"width: 24px; height: 24px;\"><\/div>\n        <\/div>\n            <div class=\"kksr-star\" data-star=\"3\" style=\"padding-right: 5px\">\n            \n\n<div class=\"kksr-icon\" style=\"width: 24px; height: 24px;\"><\/div>\n        <\/div>\n            <div class=\"kksr-star\" data-star=\"4\" style=\"padding-right: 5px\">\n            \n\n<div class=\"kksr-icon\" style=\"width: 24px; height: 24px;\"><\/div>\n        <\/div>\n            <div class=\"kksr-star\" data-star=\"5\" style=\"padding-right: 5px\">\n            \n\n<div class=\"kksr-icon\" style=\"width: 24px; height: 24px;\"><\/div>\n        <\/div>\n    <\/div>\n    \n<div class=\"kksr-stars-active\" style=\"width: 0px;\">\n            <div class=\"kksr-star\" style=\"padding-right: 5px\">\n            \n\n<div class=\"kksr-icon\" style=\"width: 24px; height: 24px;\"><\/div>\n        <\/div>\n            <div class=\"kksr-star\" style=\"padding-right: 5px\">\n            \n\n<div class=\"kksr-icon\" style=\"width: 24px; height: 24px;\"><\/div>\n        <\/div>\n            <div class=\"kksr-star\" style=\"padding-right: 5px\">\n            \n\n<div class=\"kksr-icon\" style=\"width: 24px; height: 24px;\"><\/div>\n        <\/div>\n            <div class=\"kksr-star\" style=\"padding-right: 5px\">\n            \n\n<div class=\"kksr-icon\" style=\"width: 24px; height: 24px;\"><\/div>\n        <\/div>\n            <div class=\"kksr-star\" style=\"padding-right: 5px\">\n            \n\n<div class=\"kksr-icon\" style=\"width: 24px; height: 24px;\"><\/div>\n        <\/div>\n    <\/div>\n<\/div>\n                \n\n<div class=\"kksr-legend\" style=\"font-size: 19.2px;\">\n            <span class=\"kksr-muted\">Rate this post<\/span>\n    <\/div>\n    <\/div>\n<p>Au c\u0153ur du quartier Saint-Georges de P\u00e9rigueux, une transformation captivante est en cours \u00e0 l\u2019\u00c9cole Nationale de Police. Sous la direction de Xavier Lhermitte, nomm\u00e9 en 2024, l\u2019institution, qui a form\u00e9 des g\u00e9n\u00e9rations de policiers, met les bouch\u00e9es doubles pour \u00e9voluer vers l\u2019excellence professionnelle. Avec des objectifs ambitieux et une volont\u00e9 d\u2019ouverture, l\u2019\u00e9cole s\u2019engage \u00e0 renforcer son lien avec la ville et \u00e0 promouvoir des ambitions \u00e9ducatives dignes des plus grandes \u00e9coles. En 2025, les d\u00e9fis de la s\u00e9curit\u00e9 publique et la gestion de crise seront au c\u0153ur de la formation des futurs agents de la police nationale.<\/p>\n\n<h2 class=\"wp-block-heading\">Un p\u00f4le d&rsquo;excellence \u00e0 P\u00e9rigueux : la vision de l&rsquo;\u00c9cole Nationale de Police<\/h2>\n\n<p>L&rsquo;\u00c9cole Nationale de Police (ENP) de P\u00e9rigueux aspire \u00e0 devenir un v\u00e9ritable p\u00f4le d&rsquo;excellence dans le domaine de la formation police. Le Commissaire divisionnaire Xavier Lhermitte, fort de son exp\u00e9rience, souhaite insuffler un vent nouveau \u00e0 cette institution qui, depuis plus de 30 ans, a su s&rsquo;imposer comme un acteur cl\u00e9 dans le paysage de la s\u00e9curit\u00e9 en France. Pour ce faire, il a mis en place plusieurs initiatives qui devraient faire \u00e9voluer le r\u00f4le de l\u2019\u00e9cole au sein de la communaut\u00e9.<\/p>\n\n<h3 class=\"wp-block-heading\">Des journ\u00e9es portes ouvertes pour renforcer les liens avec la communaut\u00e9<\/h3>\n\n<p>Les journ\u00e9es portes ouvertes pr\u00e9vues en octobre 2025 ne sont qu&rsquo;un des nombreux projets destin\u00e9s \u00e0 relier l&rsquo;\u00e9cole aux P\u00e9rigourdins. L\u2019id\u00e9e est de pr\u00e9senter aux scolaires et au grand public les divers m\u00e9tiers de la police nationale, avec plus de 300 professions d\u00e9clin\u00e9es. Cela permet de d\u00e9mystifier l&rsquo;image de la police et de cr\u00e9er un point de rencontre entre les futurs agents et les citoyens.<\/p>\n\n<ul class=\"wp-block-list\"><li>\ud83d\udd0d Expositions sur les diff\u00e9rents m\u00e9tiers de la police<\/li><li>\ud83d\udcda Ateliers pratiques pour les jeunes<\/li><li>\ud83c\udfa4 T\u00e9moignages de policiers en activit\u00e9<\/li><\/ul>\n\n<p>Ce rapprochement entre l&rsquo;\u00e9cole et la population vise \u00e0 promouvoir un immense domaine d&rsquo;activit\u00e9 qui \u00e9voluerait autour de la <strong>s\u00e9curit\u00e9 publique<\/strong>, tout en cultivant un esprit de collaboration interinstitutionnelle, indispensable dans le monde actuel.<\/p>\n\n<h3 class=\"wp-block-heading\">Une infrastructure moderne pour une <strong>formation police<\/strong> innovante<\/h3>\n\n<p>La modernisation des infrastructures de l\u2019\u00e9cole est l\u2019un des axes prioritaires de Xavier Lhermitte. Le r\u00e9am\u00e9nagement de l\u2019ancien foyer pour y cr\u00e9er des logements et des salles de cours t\u00e9moigne de cette dynamique. En effet, ce nouveau b\u00e2timent comprendra des espaces de simulation, similaires \u00e0 un vrai commissariat et \u00e0 un appartement, o\u00f9 les \u00e9l\u00e8ves pourront mettre en pratique leurs comp\u00e9tences dans des situations proches de la r\u00e9alit\u00e9.<\/p>\n\n<p>Le directeur souligne que ces \u00e9quipements de pointe permettront d&rsquo;am\u00e9liorer les comp\u00e9tences des jeunes policiers, en leur offrant un environnement d\u2019apprentissage r\u00e9aliste et motivant. Imaginez un futur agent de police r\u00e9ussissant \u00e0 g\u00e9rer des situations d\u2019urgence gr\u00e2ce \u00e0 une formation immersive en situation r\u00e9elle!<\/p>\n\n<figure class=\"wp-block-table\"><table>\n<thead>\n<tr>\n<th>Type d&rsquo;\u00e9quipement<\/th>\n<th>Description<\/th>\n<th>Objectif<\/th>\n<\/tr>\n<\/thead>\n<tbody>\n<tr>\n<td>Commissariat simul\u00e9<\/td>\n<td>Un faux commissariat avec toutes les installations n\u00e9cessaires<\/td>\n<td>Pr\u00e9parer \u00e0 la gestion des interventions en milieu urbain<\/td>\n<\/tr>\n<tr>\n<td>Appartement simul\u00e9<\/td>\n<td>Un appartement \u00e9quip\u00e9 de cam\u00e9ras pour des cas d&rsquo;intervention<\/td>\n<td>Entra\u00eener \u00e0 des interventions en milieu priv\u00e9 telles que les violences intrafamiliales<\/td>\n<\/tr>\n<tr>\n<td>Salle de simulation<\/td>\n<td>Un espace pour \u00e9valuer les \u00e9l\u00e8ves en situation r\u00e9elle<\/td>\n<td>Offrir une r\u00e9troaction directe sur les comp\u00e9tences acquises<\/td>\n<\/tr>\n<\/tbody>\n<\/table><\/figure>\n\n<p>Ces initiatives contribueront non seulement \u00e0 la <strong>formation police<\/strong>, mais elles am\u00e9lioreront \u00e9galement l&rsquo;image de l&rsquo;\u00e9cole aupr\u00e8s des jeunes en qu\u00eate d&rsquo;orientation professionnelle. En devenant un relais d&rsquo;information sur les m\u00e9tiers de la police nationale, l\u2019\u00e9cole de P\u00e9rigueux s\u2019affiche comme un acteur incontournable dans le paysage \u00e9ducatif local.<\/p>\n\n<h2 class=\"wp-block-heading\">Les enjeux d&rsquo;une formation d&rsquo;excellence pour les futurs agents de la police nationale<\/h2>\n\n<p>\u00c0 l\u2019aube de ce nouveau chapitre, la formation des policiers \u00e0 l\u2019ENP prend un tournant inclusif et innovant. Les ambitions \u00e9ducatives mises en avant visent non seulement \u00e0 dispenser des connaissances th\u00e9oriques, mais aussi \u00e0 pr\u00e9parer les futurs agents \u00e0 g\u00e9rer des situations de crise. En 2025, la formation sera plus que jamais orient\u00e9e vers la r\u00e9alit\u00e9 du terrain.<\/p>\n\n<h3 class=\"wp-block-heading\">Une formation en gestion de crise moderne et efficace<\/h3>\n\n<p>Les futurs policiers doivent \u00eatre pr\u00e9par\u00e9s \u00e0 intervenir dans des contextes de plus en plus complexes. C&rsquo;est pourquoi l&rsquo;accent sera mis sur la <strong>gestion de crise<\/strong>, une comp\u00e9tence essentielle pour garantir la s\u00e9curit\u00e9 publique. Cela inclut non seulement la gestion des situations de violence, mais aussi la capacit\u00e9 \u00e0 dialoguer, \u00e0 d\u00e9samorcer les tensions et \u00e0 interagir avec les citoyens.<\/p>\n\n<p>Avec des sessions de formation sp\u00e9cifiques, les \u00e9l\u00e8ves seront amen\u00e9s \u00e0 suivre des cas pratiques qui simulent des sc\u00e9narios complexes. Que ce soit une manifestation qui d\u00e9g\u00e9n\u00e8re ou une situation de violence domestique, les agents en formation seront pr\u00e9par\u00e9s gr\u00e2ce \u00e0 des formations immersives. Les enseignants experts en gestion de crise joueront un r\u00f4le cl\u00e9 dans cette approche innovante.<\/p>\n\n<ul class=\"wp-block-list\"><li>\ud83d\udcd6 Cours th\u00e9oriques sur les lois et r\u00e8glements<\/li><li>\ud83d\udee0\ufe0f Ateliers pratiques en gestion de conflits<\/li><li>\ud83d\udcbc Simulations de crise avec pr\u00e9sentation des actions possibles<\/li><\/ul>\n\n<h3 class=\"wp-block-heading\">La diversit\u00e9 des m\u00e9tiers de la police nationale<\/h3>\n\n<p>Avec plus de 300 m\u00e9tiers disponibles dans la police nationale, l\u2019\u00c9cole Nationale de Police de P\u00e9rigueux se positionne comme un acteur cl\u00e9 dans la d\u00e9couverte de ces carri\u00e8res. Elle va permettre aux \u00e9l\u00e8ves d\u2019explorer les diff\u00e9rentes sp\u00e9cialit\u00e9s et de se projeter dans leur future vie professionnelle.<\/p>\n\n<p>Les \u00e9l\u00e8ves d\u00e9couvriront ainsi les diff\u00e9rentes facettes de la police, qu&rsquo;il s&rsquo;agisse des unit\u00e9s d\u2019intervention, de la police judiciaire, ou encore des m\u00e9tiers li\u00e9s \u00e0 l\u2019aide aux victimes. Une exposition interactive lors des journ\u00e9es portes ouvertes permettra aux jeunes de rencontrer des professionnels, d\u2019\u00e9changer avec eux et d\u2019obtenir des conseils sur les parcours \u00e0 emprunter.<\/p>\n\n<figure class=\"wp-block-table\"><table>\n<thead>\n<tr>\n<th>M\u00e9tier<\/th>\n<th>Description<\/th>\n<th>Comp\u00e9tences requises<\/th>\n<\/tr>\n<\/thead>\n<tbody>\n<tr>\n<td>Officier de police judiciaire<\/td>\n<td>Enqu\u00eate sur les crimes et d\u00e9lits<\/td>\n<td>Analyse, communication<\/td>\n<\/tr>\n<tr>\n<td>Agent de la s\u00e9curit\u00e9 publique<\/td>\n<td>Assurer la s\u00e9curit\u00e9 des citoyens<\/td>\n<td>R\u00e9activit\u00e9, empathie<\/td>\n<\/tr>\n<tr>\n<td>Unit\u00e9s d&rsquo;intervention<\/td>\n<td>Interventions en cas de situations extr\u00eames<\/td>\n<td>Travail d&rsquo;\u00e9quipe, sang-froid<\/td>\n<\/tr>\n<\/tbody>\n<\/table><\/figure>\n\n<p>Cette d\u00e9marche favorise \u00e9galement la <strong>collaboration interinstitutionnelle<\/strong> avec d&rsquo;autres acteurs de la s\u00e9curit\u00e9, permettant ainsi une meilleure compr\u00e9hension et coordination des missions \u00e0 travers les diverses structures et organisations.<\/p>\n\n<h2 class=\"wp-block-heading\">Une ambition d\u2019innovation p\u00e9dagogique \u00e0 l&rsquo;\u00c9cole Nationale de Police de P\u00e9rigueux<\/h2>\n\n<p>L\u2019\u00e9mergence de nouvelles technologies et m\u00e9thodologies dans le domaine \u00e9ducatif joue un r\u00f4le significatif dans l\u2019\u00e9volution du cadre p\u00e9dagogique de l\u2019\u00c9cole Nationale de Police. Cette ambition d\u2019am\u00e9liorer l\u2019innovation p\u00e9dagogique fait \u00e9cho aux enjeux contemporains de la formation des forces de l\u2019ordre et de leur int\u00e9gration dans une soci\u00e9t\u00e9 en pleine mutation.<\/p>\n\n<h3 class=\"wp-block-heading\">Technologies et strat\u00e9gies d&rsquo;apprentissage interactif<\/h3>\n\n<p>Pour r\u00e9pondre aux d\u00e9fis de la formation moderne, l\u2019ENP de P\u00e9rigueux se tourne vers une p\u00e9dagogie active, ax\u00e9e sur l\u2019apprentissage par l\u2019action. Des plateformes num\u00e9riques et des outils interactifs seront int\u00e9gr\u00e9s dans la formation des futurs agents. Par exemple, un simulateur immersif pourra faciliter une meilleure compr\u00e9hension des dynamiques de groupe dans des situations d&rsquo;urgence.<\/p>\n\n<p>Les nouvelles g\u00e9n\u00e9rations d&rsquo;apprenants se caract\u00e9risent par leur familiarit\u00e9 avec les technologies num\u00e9riques. En int\u00e9grant ces outils dans les cursus p\u00e9dagogiques, les \u00e9l\u00e8ves pourront exp\u00e9rimenter des situations in\u00e9dites, tout en d\u00e9veloppant des comp\u00e9tences sp\u00e9cifiques et des r\u00e9flexes adapt\u00e9s.<\/p>\n\n<ul class=\"wp-block-list\"><li>\ud83d\udcbb Utilisation de simulateurs de crise en temps r\u00e9el<\/li><li>\ud83d\udcf1 Acc\u00e8s \u00e0 des applications de formation en ligne<\/li><li>\ud83d\udcca Analyse de donn\u00e9es en situation r\u00e9elle<\/li><\/ul>\n\n<h3 class=\"wp-block-heading\">L&rsquo;\u00e9valuation continue et le suivi des comp\u00e9tences<\/h3>\n\n<p>Le syst\u00e8me d&rsquo;\u00e9valuation des \u00e9l\u00e8ves \u00e0 l&rsquo;ENP sera \u00e9galement revu. Au-del\u00e0 des \u00e9valuations traditionnelles, un suivi individualis\u00e9 sera mis en place pour chaque \u00e9l\u00e8ve, afin d&rsquo;ajuster les parcours de formation en fonction des besoins. Cela garantira une mont\u00e9e en comp\u00e9tence efficace et adapt\u00e9e \u00e0 chaque profil.<\/p>\n\n<p>Les promotions successives, avec des \u00e9valuations par p\u00e9riodes et des feedbacks r\u00e9guliers, permettront de doubler les efforts d&rsquo;apprentissage et d&rsquo;am\u00e9liorer continuellement la qualit\u00e9 de la formation d\u00e9livr\u00e9e. <strong>L&rsquo;excellence professionnelle<\/strong> sera l\u2019objectif primordial de cette \u00e9cole r\u00e9gionale, en vue de garantir un service public de qualit\u00e9 au b\u00e9n\u00e9fice des citoyens.<\/p>\n\n<figure class=\"wp-block-table\"><table>\n<thead>\n<tr>\n<th>M\u00e9thode<\/th>\n<th>Description<\/th>\n<th>B\u00e9n\u00e9fices<\/th>\n<\/tr>\n<\/thead>\n<tbody>\n<tr>\n<td>Apprentissage collaboratif<\/td>\n<td>Travail d&rsquo;\u00e9quipe sur des cas pratiques<\/td>\n<td>Renforcement des comp\u00e9tences interpersonnelles<\/td>\n<\/tr>\n<tr>\n<td>Formations immersives<\/td>\n<td>Sc\u00e9narios simul\u00e9s en r\u00e9el<\/td>\n<td>Pr\u00e9paration concr\u00e8te aux op\u00e9rations sur le terrain<\/td>\n<\/tr>\n<tr>\n<td>Suivi personnalis\u00e9<\/td>\n<td>Soutien adapt\u00e9 aux besoins des apprenants<\/td>\n<td>Am\u00e9lioration de l&rsquo;engagement et de la r\u00e9ussite<\/td>\n<\/tr>\n<\/tbody>\n<\/table><\/figure>\n\n<p>Cette volont\u00e9 de promouvoir une <strong>innovation p\u00e9dagogique<\/strong> dynamique fait de l\u2019\u00c9cole Nationale de Police de P\u00e9rigueux un mod\u00e8le \u00e0 suivre pour d&rsquo;autres institutions de formation, parce qu\u2019elle allie tradition et modernit\u00e9, fondamentale \u00e0 l&rsquo;\u00e9volution de toutes les formes d\u2019enseignement.<\/p>\n\n<h2 class=\"wp-block-heading\">Les perspectives futures pour l&rsquo;\u00c9cole Nationale de Police de P\u00e9rigueux<\/h2>\n\n<p>Face \u00e0 un monde en constante \u00e9volution, l\u2019\u00c9cole Nationale de Police de P\u00e9rigueux doit se projeter vers l&rsquo;avenir. Les visions de Xavier Lhermitte pour 2025 ne se limitent pas \u00e0 des changements infrastructurels, mais englobent une refonte compl\u00e8te de la mani\u00e8re dont la formation des policiers est envisag\u00e9e.<\/p>\n\n<h3 class=\"wp-block-heading\">La formation continue et l\u2019adaptation aux nouveaux d\u00e9fis<\/h3>\n\n<p>Pens\u00e9e comme un v\u00e9ritable centre d\u2019excellence, l\u2019ENP souhaite d\u00e9velopper \u00e9galement la <strong>formation continue<\/strong> des policiers d\u00e9j\u00e0 en poste. En proposant des modules sp\u00e9cifiques aux enjeux contemporains, les agents peuvent ainsi am\u00e9liorer leurs comp\u00e9tences tout au long de leur carri\u00e8re. Cela inclut la sensibilisation aux nouvelles technologies, \u00e0 la gestion de crises \u00e9mises par des \u00e9v\u00e9nements r\u00e9cents.<\/p>\n\n<p>Les collaborations avec d\u2019autres institutions \u00e9ducatives ou organisations internationales sont \u00e9galement envisag\u00e9es pour enrichir l\u2019offre de formation. Des \u00e9changes seront organis\u00e9s avec d\u2019autres pays, permettant un apprentissage mutuel sur les meilleures pratiques en mati\u00e8re de s\u00e9curit\u00e9 publique et d&rsquo;engagement citoyen.<\/p>\n\n<ul class=\"wp-block-list\"><li>\ud83c\udf0d \u00c9changes internationaux sur les pratiques polici\u00e8res<\/li><li>\ud83e\uddd1\u200d\ud83c\udf93 Ateliers de formation continue pour les agents en service<\/li><li>\ud83d\udcd6 Partenariats avec des universit\u00e9s pour des programmes de formation int\u00e9gr\u00e9s<\/li><\/ul>\n\n<h3 class=\"wp-block-heading\">Un avenir tourn\u00e9 vers l\u2019internationalisation<\/h3>\n\n<p>Dans un monde o\u00f9 les menaces \u00e0 la s\u00e9curit\u00e9 transcendent les fronti\u00e8res, une dimension internationale est essentielle. L&rsquo;\u00e9cole pr\u00e9voit de s&rsquo;aligner sur les standards internationaux de formation en police. Cela passera par l\u2019\u00e9laboration de programmes conformes aux exigences des agences europ\u00e9ennes et des organisations internationales.<\/p>\n\n<p>L&rsquo;objectif est clair : faire de l&rsquo;ENP un mod\u00e8le d&rsquo;expertise reconnu, o\u00f9 l&rsquo;excellence, l&rsquo;innovation p\u00e9dagogique et l&rsquo;engagement soci\u00e9tal s&rsquo;entrelacent. En 2025, il sera vital de respecter ces exigences pour faire face \u00e0 des enjeux de s\u00e9curit\u00e9 toujours plus complexes.<\/p>\n\n<figure class=\"wp-block-table\"><table>\n<thead>\n<tr>\n<th>Initiative<\/th>\n<th>Objectif<\/th>\n<th>Impact pr\u00e9vu<\/th>\n<\/tr>\n<\/thead>\n<tbody>\n<tr>\n<td>Modules de formation continue<\/td>\n<td>Adapter les comp\u00e9tences des policiers en service<\/td>\n<td>Am\u00e9lioration de la s\u00e9curit\u00e9 publique<\/td>\n<\/tr>\n<tr>\n<td>Partenariats internationaux<\/td>\n<td>Partager des meilleures pratiques<\/td>\n<td>D\u00e9veloppement de normes communes<\/td>\n<\/tr>\n<tr>\n<td>\u00c9changes d&rsquo;apprenants<\/td>\n<td>Enrichir l\u2019exp\u00e9rience des futurs agents<\/td>\n<td>Renforcer le lien entre la France et ses partenaires<\/td>\n<\/tr>\n<\/tbody>\n<\/table><\/figure>\n\n<p>Ce futur prometteur pour l\u2019\u00c9cole Nationale de Police de P\u00e9rigueux est synonyme d&rsquo;une aspiration \u00e0 l&rsquo;excellence. Au-del\u00e0 des enjeux d&rsquo;hier, elle se tourne r\u00e9solument vers l&rsquo;avenir, o\u00f9 chaque formation compte pour fa\u00e7onner une police moderne, bienveillante et efficace.<\/p>\n\n<h2 class=\"wp-block-heading\">FAQ<\/h2>\n\n<p><strong>Quelles sont les ambitions de l&rsquo;\u00c9cole Nationale de Police de P\u00e9rigueux ?<\/strong><\/p>\n\n<p>Les ambitions incluent une ouverture sur la communaut\u00e9, des infrastructures modernes pour la formation, et le d\u00e9veloppement de formations sp\u00e9cifiques en gestion de crise.<\/p>\n\n<p><strong>Quel r\u00f4le joue la formation continue chez l&rsquo;\u00c9cole Nationale de Police ?<\/strong><\/p>\n\n<p>La formation continue permet de garantir que les policiers en activit\u00e9 restent comp\u00e9tents face aux \u00e9volutions du contexte s\u00e9curitaire et des nouvelles technologies.<\/p>\n\n<p><strong>Comment l&rsquo;\u00e9cole se projette-t-elle vers l&rsquo;internationalisation ?<\/strong><\/p>\n\n<p>Elle pr\u00e9voit des \u00e9changes internationaux, des partenariats avec d&rsquo;autres institutions et l&rsquo;\u00e9laboration de programmes conformes aux normes internationales.<\/p>\n\n<p><strong>Quels sont les nouveaux outils p\u00e9dagogiques utilis\u00e9s \u00e0 l&rsquo;\u00c9cole Nationale de Police ?<\/strong><\/p>\n\n<p>Des plateformes num\u00e9riques, des outils interactifs et des simulateurs immersifs sont int\u00e9gr\u00e9s pour enrichir l&rsquo;exp\u00e9rience d&rsquo;apprentissage.<\/p>\n\n<p><strong>Comment l&rsquo;\u00e9cole sensibilise-t-elle sur les divers m\u00e9tiers de la police nationale ?<\/strong><\/p>\n\n<p>Des journ\u00e9es portes ouvertes et des expositions interactives permettent aux jeunes de d\u00e9couvrir les diff\u00e9rents m\u00e9tiers de la police et d&rsquo;interagir avec des professionnels en activit\u00e9.<\/p>\n\n","protected":false},"excerpt":{"rendered":"<p>Au c\u0153ur du quartier Saint-Georges de P\u00e9rigueux, une transformation captivante est en cours \u00e0 l\u2019\u00c9cole Nationale de Police. Sous la direction de Xavier Lhermitte, nomm\u00e9 en 2024, l\u2019institution, qui a form\u00e9 des g\u00e9n\u00e9rations de policiers, met les bouch\u00e9es doubles pour \u00e9voluer vers l\u2019excellence professionnelle. Avec des objectifs ambitieux et une volont\u00e9 d\u2019ouverture, l\u2019\u00e9cole s\u2019engage \u00e0 &#8230; <a title=\"Vers une nouvelle \u00e8re d&rsquo;excellence : les ambitions pour l&rsquo;\u00e9cole nationale de police de P\u00e9rigueux\" class=\"read-more\" href=\"https:\/\/www.apres-lecole.fr\/Blog\/ambitions-ecole-police-perigueux\/\" aria-label=\"En savoir plus sur Vers une nouvelle \u00e8re d&rsquo;excellence : les ambitions pour l&rsquo;\u00e9cole nationale de police de P\u00e9rigueux\">Lire plus<\/a><\/p>\n","protected":false},"author":9,"featured_media":2031,"comment_status":"open","ping_status":"open","sticky":false,"template":"","format":"standard","meta":{"footnotes":""},"categories":[342],"tags":[846,770,664,1108,697],"class_list":["post-2032","post","type-post","status-publish","format-standard","has-post-thumbnail","hentry","category-actualites","tag-ambitions","tag-ecole-nationale-de-police","tag-excellence","tag-formation-policiere","tag-perigueux"],"yoast_head":"<!-- This site is optimized with the Yoast SEO plugin v27.5 - https:\/\/yoast.com\/product\/yoast-seo-wordpress\/ -->\n<title>Vers une nouvelle \u00e8re d&#039;excellence \u00e0 l&#039;\u00e9cole nationale de police de P\u00e9rigueux<\/title>\n<meta name=\"description\" content=\"D\u00e9couvrez les ambitions de l&#039;\u00e9cole nationale de police de P\u00e9rigueux : vers une nouvelle \u00e8re d&#039;excellence et d&#039;innovation pour la formation.\" \/>\n<meta name=\"robots\" content=\"index, follow, max-snippet:-1, max-image-preview:large, max-video-preview:-1\" \/>\n<link rel=\"canonical\" href=\"https:\/\/www.apres-lecole.fr\/Blog\/ambitions-ecole-police-perigueux\/\" \/>\n<meta property=\"og:locale\" content=\"fr_FR\" \/>\n<meta property=\"og:type\" content=\"article\" \/>\n<meta property=\"og:title\" content=\"Vers une nouvelle \u00e8re d&#039;excellence \u00e0 l&#039;\u00e9cole nationale de police de P\u00e9rigueux\" \/>\n<meta property=\"og:description\" content=\"D\u00e9couvrez les ambitions de l&#039;\u00e9cole nationale de police de P\u00e9rigueux : vers une nouvelle \u00e8re d&#039;excellence et d&#039;innovation pour la formation.\" \/>\n<meta property=\"og:url\" content=\"https:\/\/www.apres-lecole.fr\/Blog\/ambitions-ecole-police-perigueux\/\" \/>\n<meta property=\"article:published_time\" content=\"2025-06-20T07:11:48+00:00\" \/>\n<meta property=\"og:image\" content=\"https:\/\/www.apres-lecole.fr\/Blog\/wp-content\/uploads\/2025\/06\/Vers-une-nouvelle-ere-dexcellence-les-ambitions-pour-lecole-nationale-de-police-de-Perigueux.jpg\" \/>\n\t<meta property=\"og:image:width\" content=\"1344\" \/>\n\t<meta property=\"og:image:height\" content=\"768\" \/>\n\t<meta property=\"og:image:type\" content=\"image\/jpeg\" \/>\n<meta name=\"author\" content=\"Eva Martin\" \/>\n<meta name=\"twitter:card\" content=\"summary_large_image\" \/>\n<meta name=\"twitter:creator\" content=\"@Evaapresecole\" \/>\n<meta name=\"twitter:label1\" content=\"\u00c9crit par\" \/>\n\t<meta name=\"twitter:data1\" content=\"Eva Martin\" \/>\n\t<meta name=\"twitter:label2\" content=\"Dur\u00e9e de lecture estim\u00e9e\" \/>\n\t<meta name=\"twitter:data2\" content=\"10 minutes\" \/>\n<script type=\"application\/ld+json\" class=\"yoast-schema-graph\">{\"@context\":\"https:\\\/\\\/schema.org\",\"@graph\":[{\"@type\":\"Article\",\"@id\":\"https:\\\/\\\/www.apres-lecole.fr\\\/Blog\\\/ambitions-ecole-police-perigueux\\\/#article\",\"isPartOf\":{\"@id\":\"https:\\\/\\\/www.apres-lecole.fr\\\/Blog\\\/ambitions-ecole-police-perigueux\\\/\"},\"author\":{\"name\":\"Eva Martin\",\"@id\":\"https:\\\/\\\/www.apres-lecole.fr\\\/Blog\\\/#\\\/schema\\\/person\\\/aeb50cd4b51fc69da155804bb5bb9fc4\"},\"headline\":\"Vers une nouvelle \u00e8re d&rsquo;excellence : les ambitions pour l&rsquo;\u00e9cole nationale de police de P\u00e9rigueux\",\"datePublished\":\"2025-06-20T07:11:48+00:00\",\"mainEntityOfPage\":{\"@id\":\"https:\\\/\\\/www.apres-lecole.fr\\\/Blog\\\/ambitions-ecole-police-perigueux\\\/\"},\"wordCount\":2157,\"commentCount\":0,\"image\":{\"@id\":\"https:\\\/\\\/www.apres-lecole.fr\\\/Blog\\\/ambitions-ecole-police-perigueux\\\/#primaryimage\"},\"thumbnailUrl\":\"https:\\\/\\\/www.apres-lecole.fr\\\/Blog\\\/wp-content\\\/uploads\\\/2025\\\/06\\\/Vers-une-nouvelle-ere-dexcellence-les-ambitions-pour-lecole-nationale-de-police-de-Perigueux.jpg\",\"keywords\":[\"ambitions\",\"\u00e9cole nationale de police\",\"excellence\",\"formation polici\u00e8re\",\"p\u00e9rigueux\"],\"articleSection\":[\"Actualit\u00e9s\"],\"inLanguage\":\"fr-FR\",\"potentialAction\":[{\"@type\":\"CommentAction\",\"name\":\"Comment\",\"target\":[\"https:\\\/\\\/www.apres-lecole.fr\\\/Blog\\\/ambitions-ecole-police-perigueux\\\/#respond\"]}]},{\"@type\":\"WebPage\",\"@id\":\"https:\\\/\\\/www.apres-lecole.fr\\\/Blog\\\/ambitions-ecole-police-perigueux\\\/\",\"url\":\"https:\\\/\\\/www.apres-lecole.fr\\\/Blog\\\/ambitions-ecole-police-perigueux\\\/\",\"name\":\"Vers une nouvelle \u00e8re d'excellence \u00e0 l'\u00e9cole nationale de police de P\u00e9rigueux\",\"isPartOf\":{\"@id\":\"https:\\\/\\\/www.apres-lecole.fr\\\/Blog\\\/#website\"},\"primaryImageOfPage\":{\"@id\":\"https:\\\/\\\/www.apres-lecole.fr\\\/Blog\\\/ambitions-ecole-police-perigueux\\\/#primaryimage\"},\"image\":{\"@id\":\"https:\\\/\\\/www.apres-lecole.fr\\\/Blog\\\/ambitions-ecole-police-perigueux\\\/#primaryimage\"},\"thumbnailUrl\":\"https:\\\/\\\/www.apres-lecole.fr\\\/Blog\\\/wp-content\\\/uploads\\\/2025\\\/06\\\/Vers-une-nouvelle-ere-dexcellence-les-ambitions-pour-lecole-nationale-de-police-de-Perigueux.jpg\",\"datePublished\":\"2025-06-20T07:11:48+00:00\",\"author\":{\"@id\":\"https:\\\/\\\/www.apres-lecole.fr\\\/Blog\\\/#\\\/schema\\\/person\\\/aeb50cd4b51fc69da155804bb5bb9fc4\"},\"description\":\"D\u00e9couvrez les ambitions de l'\u00e9cole nationale de police de P\u00e9rigueux : vers une nouvelle \u00e8re d'excellence et d'innovation pour la formation.\",\"breadcrumb\":{\"@id\":\"https:\\\/\\\/www.apres-lecole.fr\\\/Blog\\\/ambitions-ecole-police-perigueux\\\/#breadcrumb\"},\"inLanguage\":\"fr-FR\",\"potentialAction\":[{\"@type\":\"ReadAction\",\"target\":[\"https:\\\/\\\/www.apres-lecole.fr\\\/Blog\\\/ambitions-ecole-police-perigueux\\\/\"]}]},{\"@type\":\"ImageObject\",\"inLanguage\":\"fr-FR\",\"@id\":\"https:\\\/\\\/www.apres-lecole.fr\\\/Blog\\\/ambitions-ecole-police-perigueux\\\/#primaryimage\",\"url\":\"https:\\\/\\\/www.apres-lecole.fr\\\/Blog\\\/wp-content\\\/uploads\\\/2025\\\/06\\\/Vers-une-nouvelle-ere-dexcellence-les-ambitions-pour-lecole-nationale-de-police-de-Perigueux.jpg\",\"contentUrl\":\"https:\\\/\\\/www.apres-lecole.fr\\\/Blog\\\/wp-content\\\/uploads\\\/2025\\\/06\\\/Vers-une-nouvelle-ere-dexcellence-les-ambitions-pour-lecole-nationale-de-police-de-Perigueux.jpg\",\"width\":1344,\"height\":768,\"caption\":\"d\u00e9couvrez comment l'\u00e9cole nationale de police de p\u00e9rigueux se projette vers une nouvelle \u00e8re d'excellence, avec des ambitions innovantes et des formations adapt\u00e9es aux d\u00e9fis contemporains de la s\u00e9curit\u00e9 publique. explorez les initiatives audacieuses qui fa\u00e7onneront l'avenir des futurs agents de police.\"},{\"@type\":\"BreadcrumbList\",\"@id\":\"https:\\\/\\\/www.apres-lecole.fr\\\/Blog\\\/ambitions-ecole-police-perigueux\\\/#breadcrumb\",\"itemListElement\":[{\"@type\":\"ListItem\",\"position\":1,\"name\":\"Home\",\"item\":\"https:\\\/\\\/www.apres-lecole.fr\\\/Blog\\\/\"},{\"@type\":\"ListItem\",\"position\":2,\"name\":\"Vers une nouvelle \u00e8re d&rsquo;excellence : les ambitions pour l&rsquo;\u00e9cole nationale de police de P\u00e9rigueux\"}]},{\"@type\":\"WebSite\",\"@id\":\"https:\\\/\\\/www.apres-lecole.fr\\\/Blog\\\/#website\",\"url\":\"https:\\\/\\\/www.apres-lecole.fr\\\/Blog\\\/\",\"name\":\"\",\"description\":\"M\u00e9dia g\u00e9n\u00e9raliste\",\"potentialAction\":[{\"@type\":\"SearchAction\",\"target\":{\"@type\":\"EntryPoint\",\"urlTemplate\":\"https:\\\/\\\/www.apres-lecole.fr\\\/Blog\\\/?s={search_term_string}\"},\"query-input\":{\"@type\":\"PropertyValueSpecification\",\"valueRequired\":true,\"valueName\":\"search_term_string\"}}],\"inLanguage\":\"fr-FR\"},{\"@type\":\"Person\",\"@id\":\"https:\\\/\\\/www.apres-lecole.fr\\\/Blog\\\/#\\\/schema\\\/person\\\/aeb50cd4b51fc69da155804bb5bb9fc4\",\"name\":\"Eva Martin\",\"image\":{\"@type\":\"ImageObject\",\"inLanguage\":\"fr-FR\",\"@id\":\"https:\\\/\\\/secure.gravatar.com\\\/avatar\\\/55c53222558b27a72015a64073a80edce4abd33369394b9bf2c5cd6c19d12682?s=96&d=mm&r=g\",\"url\":\"https:\\\/\\\/secure.gravatar.com\\\/avatar\\\/55c53222558b27a72015a64073a80edce4abd33369394b9bf2c5cd6c19d12682?s=96&d=mm&r=g\",\"contentUrl\":\"https:\\\/\\\/secure.gravatar.com\\\/avatar\\\/55c53222558b27a72015a64073a80edce4abd33369394b9bf2c5cd6c19d12682?s=96&d=mm&r=g\",\"caption\":\"Eva Martin\"},\"description\":\"Je parle de business et d'entrepreneuriat avec des conseils clairs, concrets et actionnables pour r\u00e9ussir\",\"sameAs\":[\"https:\\\/\\\/x.com\\\/Evaapresecole\"],\"url\":\"https:\\\/\\\/www.apres-lecole.fr\\\/Blog\\\/author\\\/evamartin\\\/\"}]}<\/script>\n<!-- \/ Yoast SEO plugin. -->","yoast_head_json":{"title":"Vers une nouvelle \u00e8re d'excellence \u00e0 l'\u00e9cole nationale de police de P\u00e9rigueux","description":"D\u00e9couvrez les ambitions de l'\u00e9cole nationale de police de P\u00e9rigueux : vers une nouvelle \u00e8re d'excellence et d'innovation pour la formation.","robots":{"index":"index","follow":"follow","max-snippet":"max-snippet:-1","max-image-preview":"max-image-preview:large","max-video-preview":"max-video-preview:-1"},"canonical":"https:\/\/www.apres-lecole.fr\/Blog\/ambitions-ecole-police-perigueux\/","og_locale":"fr_FR","og_type":"article","og_title":"Vers une nouvelle \u00e8re d'excellence \u00e0 l'\u00e9cole nationale de police de P\u00e9rigueux","og_description":"D\u00e9couvrez les ambitions de l'\u00e9cole nationale de police de P\u00e9rigueux : vers une nouvelle \u00e8re d'excellence et d'innovation pour la formation.","og_url":"https:\/\/www.apres-lecole.fr\/Blog\/ambitions-ecole-police-perigueux\/","article_published_time":"2025-06-20T07:11:48+00:00","og_image":[{"width":1344,"height":768,"url":"https:\/\/www.apres-lecole.fr\/Blog\/wp-content\/uploads\/2025\/06\/Vers-une-nouvelle-ere-dexcellence-les-ambitions-pour-lecole-nationale-de-police-de-Perigueux.jpg","type":"image\/jpeg"}],"author":"Eva Martin","twitter_card":"summary_large_image","twitter_creator":"@Evaapresecole","twitter_misc":{"\u00c9crit par":"Eva Martin","Dur\u00e9e de lecture estim\u00e9e":"10 minutes"},"schema":{"@context":"https:\/\/schema.org","@graph":[{"@type":"Article","@id":"https:\/\/www.apres-lecole.fr\/Blog\/ambitions-ecole-police-perigueux\/#article","isPartOf":{"@id":"https:\/\/www.apres-lecole.fr\/Blog\/ambitions-ecole-police-perigueux\/"},"author":{"name":"Eva Martin","@id":"https:\/\/www.apres-lecole.fr\/Blog\/#\/schema\/person\/aeb50cd4b51fc69da155804bb5bb9fc4"},"headline":"Vers une nouvelle \u00e8re d&rsquo;excellence : les ambitions pour l&rsquo;\u00e9cole nationale de police de P\u00e9rigueux","datePublished":"2025-06-20T07:11:48+00:00","mainEntityOfPage":{"@id":"https:\/\/www.apres-lecole.fr\/Blog\/ambitions-ecole-police-perigueux\/"},"wordCount":2157,"commentCount":0,"image":{"@id":"https:\/\/www.apres-lecole.fr\/Blog\/ambitions-ecole-police-perigueux\/#primaryimage"},"thumbnailUrl":"https:\/\/www.apres-lecole.fr\/Blog\/wp-content\/uploads\/2025\/06\/Vers-une-nouvelle-ere-dexcellence-les-ambitions-pour-lecole-nationale-de-police-de-Perigueux.jpg","keywords":["ambitions","\u00e9cole nationale de police","excellence","formation polici\u00e8re","p\u00e9rigueux"],"articleSection":["Actualit\u00e9s"],"inLanguage":"fr-FR","potentialAction":[{"@type":"CommentAction","name":"Comment","target":["https:\/\/www.apres-lecole.fr\/Blog\/ambitions-ecole-police-perigueux\/#respond"]}]},{"@type":"WebPage","@id":"https:\/\/www.apres-lecole.fr\/Blog\/ambitions-ecole-police-perigueux\/","url":"https:\/\/www.apres-lecole.fr\/Blog\/ambitions-ecole-police-perigueux\/","name":"Vers une nouvelle \u00e8re d'excellence \u00e0 l'\u00e9cole nationale de police de P\u00e9rigueux","isPartOf":{"@id":"https:\/\/www.apres-lecole.fr\/Blog\/#website"},"primaryImageOfPage":{"@id":"https:\/\/www.apres-lecole.fr\/Blog\/ambitions-ecole-police-perigueux\/#primaryimage"},"image":{"@id":"https:\/\/www.apres-lecole.fr\/Blog\/ambitions-ecole-police-perigueux\/#primaryimage"},"thumbnailUrl":"https:\/\/www.apres-lecole.fr\/Blog\/wp-content\/uploads\/2025\/06\/Vers-une-nouvelle-ere-dexcellence-les-ambitions-pour-lecole-nationale-de-police-de-Perigueux.jpg","datePublished":"2025-06-20T07:11:48+00:00","author":{"@id":"https:\/\/www.apres-lecole.fr\/Blog\/#\/schema\/person\/aeb50cd4b51fc69da155804bb5bb9fc4"},"description":"D\u00e9couvrez les ambitions de l'\u00e9cole nationale de police de P\u00e9rigueux : vers une nouvelle \u00e8re d'excellence et d'innovation pour la formation.","breadcrumb":{"@id":"https:\/\/www.apres-lecole.fr\/Blog\/ambitions-ecole-police-perigueux\/#breadcrumb"},"inLanguage":"fr-FR","potentialAction":[{"@type":"ReadAction","target":["https:\/\/www.apres-lecole.fr\/Blog\/ambitions-ecole-police-perigueux\/"]}]},{"@type":"ImageObject","inLanguage":"fr-FR","@id":"https:\/\/www.apres-lecole.fr\/Blog\/ambitions-ecole-police-perigueux\/#primaryimage","url":"https:\/\/www.apres-lecole.fr\/Blog\/wp-content\/uploads\/2025\/06\/Vers-une-nouvelle-ere-dexcellence-les-ambitions-pour-lecole-nationale-de-police-de-Perigueux.jpg","contentUrl":"https:\/\/www.apres-lecole.fr\/Blog\/wp-content\/uploads\/2025\/06\/Vers-une-nouvelle-ere-dexcellence-les-ambitions-pour-lecole-nationale-de-police-de-Perigueux.jpg","width":1344,"height":768,"caption":"d\u00e9couvrez comment l'\u00e9cole nationale de police de p\u00e9rigueux se projette vers une nouvelle \u00e8re d'excellence, avec des ambitions innovantes et des formations adapt\u00e9es aux d\u00e9fis contemporains de la s\u00e9curit\u00e9 publique. explorez les initiatives audacieuses qui fa\u00e7onneront l'avenir des futurs agents de police."},{"@type":"BreadcrumbList","@id":"https:\/\/www.apres-lecole.fr\/Blog\/ambitions-ecole-police-perigueux\/#breadcrumb","itemListElement":[{"@type":"ListItem","position":1,"name":"Home","item":"https:\/\/www.apres-lecole.fr\/Blog\/"},{"@type":"ListItem","position":2,"name":"Vers une nouvelle \u00e8re d&rsquo;excellence : les ambitions pour l&rsquo;\u00e9cole nationale de police de P\u00e9rigueux"}]},{"@type":"WebSite","@id":"https:\/\/www.apres-lecole.fr\/Blog\/#website","url":"https:\/\/www.apres-lecole.fr\/Blog\/","name":"","description":"M\u00e9dia g\u00e9n\u00e9raliste","potentialAction":[{"@type":"SearchAction","target":{"@type":"EntryPoint","urlTemplate":"https:\/\/www.apres-lecole.fr\/Blog\/?s={search_term_string}"},"query-input":{"@type":"PropertyValueSpecification","valueRequired":true,"valueName":"search_term_string"}}],"inLanguage":"fr-FR"},{"@type":"Person","@id":"https:\/\/www.apres-lecole.fr\/Blog\/#\/schema\/person\/aeb50cd4b51fc69da155804bb5bb9fc4","name":"Eva Martin","image":{"@type":"ImageObject","inLanguage":"fr-FR","@id":"https:\/\/secure.gravatar.com\/avatar\/55c53222558b27a72015a64073a80edce4abd33369394b9bf2c5cd6c19d12682?s=96&d=mm&r=g","url":"https:\/\/secure.gravatar.com\/avatar\/55c53222558b27a72015a64073a80edce4abd33369394b9bf2c5cd6c19d12682?s=96&d=mm&r=g","contentUrl":"https:\/\/secure.gravatar.com\/avatar\/55c53222558b27a72015a64073a80edce4abd33369394b9bf2c5cd6c19d12682?s=96&d=mm&r=g","caption":"Eva Martin"},"description":"Je parle de business et d'entrepreneuriat avec des conseils clairs, concrets et actionnables pour r\u00e9ussir","sameAs":["https:\/\/x.com\/Evaapresecole"],"url":"https:\/\/www.apres-lecole.fr\/Blog\/author\/evamartin\/"}]}},"views":18,"_links":{"self":[{"href":"https:\/\/www.apres-lecole.fr\/Blog\/wp-json\/wp\/v2\/posts\/2032","targetHints":{"allow":["GET"]}}],"collection":[{"href":"https:\/\/www.apres-lecole.fr\/Blog\/wp-json\/wp\/v2\/posts"}],"about":[{"href":"https:\/\/www.apres-lecole.fr\/Blog\/wp-json\/wp\/v2\/types\/post"}],"author":[{"embeddable":true,"href":"https:\/\/www.apres-lecole.fr\/Blog\/wp-json\/wp\/v2\/users\/9"}],"replies":[{"embeddable":true,"href":"https:\/\/www.apres-lecole.fr\/Blog\/wp-json\/wp\/v2\/comments?post=2032"}],"version-history":[{"count":0,"href":"https:\/\/www.apres-lecole.fr\/Blog\/wp-json\/wp\/v2\/posts\/2032\/revisions"}],"wp:featuredmedia":[{"embeddable":true,"href":"https:\/\/www.apres-lecole.fr\/Blog\/wp-json\/wp\/v2\/media\/2031"}],"wp:attachment":[{"href":"https:\/\/www.apres-lecole.fr\/Blog\/wp-json\/wp\/v2\/media?parent=2032"}],"wp:term":[{"taxonomy":"category","embeddable":true,"href":"https:\/\/www.apres-lecole.fr\/Blog\/wp-json\/wp\/v2\/categories?post=2032"},{"taxonomy":"post_tag","embeddable":true,"href":"https:\/\/www.apres-lecole.fr\/Blog\/wp-json\/wp\/v2\/tags?post=2032"}],"curies":[{"name":"wp","href":"https:\/\/api.w.org\/{rel}","templated":true}]}}