{"id":2028,"date":"2025-06-19T08:05:21","date_gmt":"2025-06-19T08:05:21","guid":{"rendered":"https:\/\/www.apres-lecole.fr\/Blog\/ecoles-art-rennes-nantes\/"},"modified":"2025-06-19T08:05:21","modified_gmt":"2025-06-19T08:05:21","slug":"ecoles-art-rennes-nantes","status":"publish","type":"post","link":"https:\/\/www.apres-lecole.fr\/Blog\/ecoles-art-rennes-nantes\/","title":{"rendered":"Derri\u00e8re l&rsquo;illusion : la r\u00e9alit\u00e9 des \u00e9coles d&rsquo;art \u00e0 Rennes et Nantes"},"content":{"rendered":"\n\n<div class=\"kk-star-ratings kksr-auto kksr-align-left kksr-valign-top\"\n    data-payload='{&quot;align&quot;:&quot;left&quot;,&quot;id&quot;:&quot;2028&quot;,&quot;slug&quot;:&quot;default&quot;,&quot;valign&quot;:&quot;top&quot;,&quot;ignore&quot;:&quot;&quot;,&quot;reference&quot;:&quot;auto&quot;,&quot;class&quot;:&quot;&quot;,&quot;count&quot;:&quot;0&quot;,&quot;legendonly&quot;:&quot;&quot;,&quot;readonly&quot;:&quot;&quot;,&quot;score&quot;:&quot;0&quot;,&quot;starsonly&quot;:&quot;&quot;,&quot;best&quot;:&quot;5&quot;,&quot;gap&quot;:&quot;5&quot;,&quot;greet&quot;:&quot;Rate this post&quot;,&quot;legend&quot;:&quot;0\\\/5 - (0 vote)&quot;,&quot;size&quot;:&quot;24&quot;,&quot;title&quot;:&quot;Derri\u00e8re l\\u0026#039;illusion : la r\u00e9alit\u00e9 des \u00e9coles d\\u0026#039;art \u00e0 Rennes et Nantes&quot;,&quot;width&quot;:&quot;0&quot;,&quot;_legend&quot;:&quot;{score}\\\/{best} - ({count} {votes})&quot;,&quot;font_factor&quot;:&quot;1.25&quot;}'>\n            \n<div class=\"kksr-stars\">\n    \n<div class=\"kksr-stars-inactive\">\n            <div class=\"kksr-star\" data-star=\"1\" style=\"padding-right: 5px\">\n            \n\n<div class=\"kksr-icon\" style=\"width: 24px; height: 24px;\"><\/div>\n        <\/div>\n            <div class=\"kksr-star\" data-star=\"2\" style=\"padding-right: 5px\">\n            \n\n<div class=\"kksr-icon\" style=\"width: 24px; height: 24px;\"><\/div>\n        <\/div>\n            <div class=\"kksr-star\" data-star=\"3\" style=\"padding-right: 5px\">\n            \n\n<div class=\"kksr-icon\" style=\"width: 24px; height: 24px;\"><\/div>\n        <\/div>\n            <div class=\"kksr-star\" data-star=\"4\" style=\"padding-right: 5px\">\n            \n\n<div class=\"kksr-icon\" style=\"width: 24px; height: 24px;\"><\/div>\n        <\/div>\n            <div class=\"kksr-star\" data-star=\"5\" style=\"padding-right: 5px\">\n            \n\n<div class=\"kksr-icon\" style=\"width: 24px; height: 24px;\"><\/div>\n        <\/div>\n    <\/div>\n    \n<div class=\"kksr-stars-active\" style=\"width: 0px;\">\n            <div class=\"kksr-star\" style=\"padding-right: 5px\">\n            \n\n<div class=\"kksr-icon\" style=\"width: 24px; height: 24px;\"><\/div>\n        <\/div>\n            <div class=\"kksr-star\" style=\"padding-right: 5px\">\n            \n\n<div class=\"kksr-icon\" style=\"width: 24px; height: 24px;\"><\/div>\n        <\/div>\n            <div class=\"kksr-star\" style=\"padding-right: 5px\">\n            \n\n<div class=\"kksr-icon\" style=\"width: 24px; height: 24px;\"><\/div>\n        <\/div>\n            <div class=\"kksr-star\" style=\"padding-right: 5px\">\n            \n\n<div class=\"kksr-icon\" style=\"width: 24px; height: 24px;\"><\/div>\n        <\/div>\n            <div class=\"kksr-star\" style=\"padding-right: 5px\">\n            \n\n<div class=\"kksr-icon\" style=\"width: 24px; height: 24px;\"><\/div>\n        <\/div>\n    <\/div>\n<\/div>\n                \n\n<div class=\"kksr-legend\" style=\"font-size: 19.2px;\">\n            <span class=\"kksr-muted\">Rate this post<\/span>\n    <\/div>\n    <\/div>\n<p>\u00c0 la crois\u00e9e des chemins entre l&rsquo;art et l&rsquo;\u00e9ducation, Rennes et Nantes se positionnent comme des \u00e9picentres de la cr\u00e9ativit\u00e9. Dans ces villes dynamiques, les \u00e9coles d&rsquo;art s&rsquo;efforcent d&rsquo;attirer des \u00e9tudiants passionn\u00e9s par les arts plastiques, le design ou le cinema. Mais que se cache-t-il derri\u00e8re ces institutions flamboyantes souvent id\u00e9alis\u00e9es ? Entre promesses de r\u00e9ussite, programmes all\u00e9chants et t\u00e9moignages d&rsquo;anciens \u00e9l\u00e8ves, un vaste panorama se dessine, r\u00e9v\u00e9lant les v\u00e9rit\u00e9s parfois troublantes de ces formations. Allons-y explorer plus en profondeur ce qu&rsquo;il en est r\u00e9ellement des \u00e9coles d&rsquo;art \u00e0 Rennes et Nantes.<\/p>\n\n<h2 class=\"wp-block-heading\">Le paysage des \u00e9coles d&rsquo;art \u00e0 Rennes et Nantes<\/h2>\n\n<p>Pour mieux comprendre la r\u00e9alit\u00e9 des \u00e9coles d&rsquo;art dans ces deux villes, il est essentiel de prendre conscience des institutions qui les animent. La <strong>\u00c9cole sup\u00e9rieure d&rsquo;art de Bretagne<\/strong> et <strong>L&rsquo;\u00c9cole de Design Nantes Atlantique<\/strong> tiennent une place centrale dans cet \u00e9cosyst\u00e8me. Ces \u00e9tablissements sont souvent per\u00e7us comme des portes d&rsquo;entr\u00e9e vers des carri\u00e8res artistiques \u00e9panouissantes. Mais il est crucial de se poser la question : qu&rsquo;offrent-elles r\u00e9ellement ?<\/p>\n\n<p>En 2025, le secteur des arts et du design continue d&rsquo;\u00e9voluer rapidement, tandis que les attentes des \u00e9tudiants peuvent varier consid\u00e9rablement. Ainsi, certains aspirent \u00e0 une vraie formation acad\u00e9mique, tandis que d&rsquo;autres recherchent un cadre plus informel, plus proche des pratiques contemporaines. Au c\u0153ur de ce paysage, on trouve des \u00e9tablissements bien ancr\u00e9s dans la tradition, comme <strong>L&rsquo;\u00c9cole des Beaux-Arts de Rennes<\/strong>, de m\u00eame que des structures novatrices comme <strong>Les Ateliers de Rennes<\/strong>.<\/p>\n\n<p><strong>Liste des principales \u00e9coles d&rsquo;art \u00e0 Rennes et Nantes :<\/strong><\/p>\n\n<ul class=\"wp-block-list\"><li>\ud83c\udfeb \u00c9cole sup\u00e9rieure d&rsquo;art de Bretagne<\/li><li>\ud83c\udfa8 \u00c9cole de Design Nantes Atlantique<\/li><li>\ud83d\udd8c\ufe0f L&rsquo;\u00c9cole des Beaux-Arts de Rennes<\/li><li>\ud83d\udcf7 CFA des M\u00e9tiers d&rsquo;Art<\/li><li>\ud83d\uddbc\ufe0f Les Ateliers de Rennes<\/li><\/ul>\n\n<h3 class=\"wp-block-heading\">Les formations propos\u00e9es<\/h3>\n\n<p>Les formations au sein de ces \u00e9tablissements sont diverses. Dans certains cas, on trouve des cursus int\u00e9grant des dipl\u00f4mes universitaires allant de la licence au master. Ailleurs, la dynamique est davantage ax\u00e9e sur des pratiques spontan\u00e9es et exp\u00e9rimentales. Chaque \u00e9cole tente de se d\u00e9marquer \u00e0 travers des programmes uniques, des collaborations avec des entreprises et des projets innovants.<\/p>\n\n<p>Les \u00e9tudiants ont souvent des attentes \u00e9lev\u00e9es, nourries par le discours marketing des institutions. Pourtant, la r\u00e9alit\u00e9 des formations peut parfois comporter des lacunes. Par exemple, les \u00e9l\u00e8ves de la <strong>\u00c9cole de Design Nantes Atlantique<\/strong> \u00e9noncent fr\u00e9quemment le manque de lien entre les cours th\u00e9oriques et l\u2019application pratique dans le monde professionnel. Ce constat soul\u00e8ve des interrogations quant \u00e0 l&rsquo;efficacit\u00e9 des \u00e9quipes p\u00e9dagogiques pour pr\u00e9parer ad\u00e9quatement leurs \u00e9tudiants au march\u00e9 du travail.<\/p>\n\n<h3 class=\"wp-block-heading\">Les avis des \u00e9tudiants et les t\u00e9moignages<\/h3>\n\n<p>Depuis plusieurs ann\u00e9es, les retours des \u00e9tudiants font \u00e9cho \u00e0 ces pr\u00e9occupations. Il est souvent rapport\u00e9 que les anciens \u00e9l\u00e8ves se heurtent \u00e0 un r\u00e9alisme qui diff\u00e8re largement de leurs attentes. Les promesses d&rsquo;accompagnement personnalis\u00e9, de pratique enrichissante et de d\u00e9bouch\u00e9s directs sont parfois \u00e9clips\u00e9es par des t\u00e9moignages d&rsquo;un plaisir d&rsquo;apprendre qui s&rsquo;estompe, remplac\u00e9 par des questions de survie face \u00e0 une concurrence accrue.<\/p>\n\n<p>Il est int\u00e9ressant d&rsquo;analyser ces t\u00e9moignages et de les mettre en regard avec les ambitions initiales, souvent id\u00f4latr\u00e9es. La <strong>Galerie des Halles de la Bienveillance<\/strong> \u00e0 Nantes pourrait illustrer un projet riche en possibilit\u00e9s, mais les \u00e9tudiants signalent fr\u00e9quemment l&rsquo;absence d\u2019un suivi r\u00e9gulier de leurs r\u00e9alisations artistiques.<\/p>\n\n<p><strong>T\u00e9moignages d&rsquo;anciens \u00e9l\u00e8ves :<\/strong><\/p>\n\n<ul class=\"wp-block-list\"><li>\ud83d\udde3\ufe0f \u00ab\u00a0L&rsquo;\u00e9cole m&rsquo;a vendu un r\u00eave, je me retrouve maintenant face \u00e0 la r\u00e9alit\u00e9 du march\u00e9.\u00a0\u00bb <\/li><li>\ud83d\udde3\ufe0f \u00ab\u00a0Je pensais que l&rsquo;accompagnement serait pr\u00e9sent, mais c&rsquo;est \u00e0 moi de chercher!\u00a0\u00bb <\/li><li>\ud83d\udde3\ufe0f \u00ab\u00a0Les cours th\u00e9oriques sont int\u00e9ressants, mais j&rsquo;aurais aim\u00e9 plus de projets pratiques.\u00a0\u00bb <\/li><\/ul>\n\n<h2 class=\"wp-block-heading\">Les enjeux financiers des \u00e9coles d&rsquo;art<\/h2>\n\n<p>Un autre aspect incontournable concerne les co\u00fbts associ\u00e9s \u00e0 ces formations. Les dipl\u00f4mes artistiques, notamment dans le secteur priv\u00e9, peuvent rapidement atteindre des montants exorbitants, souvent sup\u00e9rieurs \u00e0 6 000 \u20ac annuels. Cela pousse certains \u00e9tudiants \u00e0 s&rsquo;endetter lourdement, en esp\u00e9rant que leur passion finira par leur rapporter un retour sur investissement. <\/p>\n\n<p>Au-del\u00e0 des frais de scolarit\u00e9, il ne faut pas oublier le co\u00fbt de la vie dans des villes comme <strong>Nantes M\u00e9tropole<\/strong> ou Rennes, o\u00f9 le loyer peut rapidement grever un budget \u00e9tudiant. Ainsi, de nombreux \u00e9tudiants voient leur quotidien rythm\u00e9 par une recherche permanente de petits boulots pour joindre les deux bouts, diminuant d\u2019autant leur disponibilit\u00e9 pour se concentrer sur leurs \u00e9tudes.<\/p>\n\n<figure class=\"wp-block-table\"><table>\n<thead>\n<tr>\n<th>\u00c9cole<\/th>\n<th>Frais annuels (\u20ac)<\/th>\n<th>D\u00e9bouch\u00e9s<\/th>\n<\/tr>\n<\/thead>\n<tbody>\n<tr>\n<td>\u00c9cole sup\u00e9rieure d&rsquo;art de Bretagne<\/td>\n<td>6 500<\/td>\n<td>Design, Arts plastiques<\/td>\n<\/tr>\n<tr>\n<td>L&rsquo;\u00c9cole de Design Nantes Atlantique<\/td>\n<td>7 200<\/td>\n<td>Web, Produit, Mobilier<\/td>\n<\/tr>\n<tr>\n<td>L&rsquo;\u00c9cole des Beaux-Arts de Rennes<\/td>\n<td>5 800<\/td>\n<td>Arts visuels<\/td>\n<\/tr>\n<tr>\n<td>CFA des M\u00e9tiers d&rsquo;Art<\/td>\n<td>4 500<\/td>\n<td>Artisanat, M\u00e9tiers d&rsquo;art<\/td>\n<\/tr>\n<tr>\n<td>Les Ateliers de Rennes<\/td>\n<td>6 000<\/td>\n<td>Arts contemporains<\/td>\n<\/tr>\n<\/tbody>\n<\/table><\/figure>\n\n<h2 class=\"wp-block-heading\">Alternatives aux \u00e9coles d&rsquo;art traditionnelles<\/h2>\n\n<p>Face \u00e0 ces d\u00e9fis, de nombreux \u00e9tudiants envisagent des parcours alternatifs, dont certains tr\u00e8s prometteurs. Les plateformes num\u00e9riques, les ateliers d\u2019artistes ou m\u00eame les collectifs informels peuvent offrir des exp\u00e9riences d&rsquo;apprentissage enrichissantes, souvent moins co\u00fbteuses. Des lieux comme <strong>Le Forum des Images<\/strong> \u00e0 Nantes proposent des ateliers, conf\u00e9rences et des rencontres qui permettent d&rsquo;\u00e9largir des comp\u00e9tences. Ils facilitent aussi les connexions avec d&rsquo;autres professionnels de l&rsquo;industrie.<\/p>\n\n<p>Parall\u00e8lement, la mont\u00e9e en puissance de l&rsquo;auto-formation, avec des ressources online, semble \u00e9galement s\u00e9duire un nouveau public. Instagram, YouTube et des blogs sp\u00e9cialis\u00e9s regorgent de contenus pour aider \u00e0 d\u00e9velopper une pratique artistique sans passer par le cadre formel des \u00e9coles d&rsquo;art.<\/p>\n\n<p><strong>Avantages de l&rsquo;alternative :<\/strong><\/p>\n\n<ul class=\"wp-block-list\"><li>\ud83d\udcbb Acc\u00e8s \u00e0 des tutoriels en ligne et \u00e0 des ressources gratuites<\/li><li>\ud83c\udfa8 Flexibilit\u00e9 d&rsquo;apprentissage selon ses propres horaires<\/li><li>\ud83e\udd1d R\u00e9seautage avec d&rsquo;autres artistes via des \u00e9v\u00e9nements locaux<\/li><\/ul>\n\n<h3 class=\"wp-block-heading\">R\u00e9v\u00e9ler le potentiel cach\u00e9<\/h3>\n\n<p>Ces alternatives posent une question essentielle : qu&rsquo;est-ce qui motive un \u00e9tudiant \u00e0 choisir l&rsquo;une de ces \u00e9coles plut\u00f4t qu&rsquo;une autre solution ? Certains avancent qu&rsquo;il s&rsquo;agit d&rsquo;un besoin d&rsquo;appartenance au monde artistique, d&rsquo;une qu\u00eate symbolique que l&rsquo;on obtient en se pla\u00e7ant officiellement sous l&rsquo;aile d&rsquo;une institution reconnue.<\/p>\n\n<h2 class=\"wp-block-heading\">La r\u00e9alit\u00e9 du march\u00e9 de l&#8217;emploi pour les artistes<\/h2>\n\n<p>Enfin, une des questions majeures r\u00e9side dans l&rsquo;avenir professionnel des dipl\u00f4m\u00e9s. L&rsquo;inqui\u00e9tude quant aux perspectives d&#8217;emploi est palpable, alors que les industries culturelles se r\u00e9inventent pour faire face \u00e0 la mondialisation. Certes, certains dipl\u00f4m\u00e9s r\u00e9ussissent \u00e0 tracer leur chemin dans des m\u00e9tiers artistiques valorisants. Cependant, beaucoup peinent \u00e0 d\u00e9crocher des postes stables.<\/p>\n\n<p>Les syst\u00e8mes d&rsquo;aide \u00e0 l&rsquo;insertion professionnelle et aux stages sont souvent limit\u00e9s, notamment dans des r\u00e9seaux de niche. Pour mieux appr\u00e9hender cette r\u00e9alit\u00e9, il est crucial d&rsquo;observer le profil des anciens \u00e9l\u00e8ves. De nombreux artistes se dirigent vers l&rsquo;entrepreneuriat, cr\u00e9ant leurs propres projets afin de pallier l&rsquo;absence d&rsquo;opportunit\u00e9s institutionnelles.<\/p>\n\n<figure class=\"wp-block-table\"><table>\n<thead>\n<tr>\n<th>Professions<\/th>\n<th>Pourcentage (%) de dipl\u00f4m\u00e9s<\/th>\n<th>Qualit\u00e9 de l&#8217;emploi<\/th>\n<\/tr>\n<\/thead>\n<tbody>\n<tr>\n<td>Artiste plasticien<\/td>\n<td>25%<\/td>\n<td>D\u00e9buts pr\u00e9caires<\/td>\n<\/tr>\n<tr>\n<td>Designer<\/td>\n<td>30%<\/td>\n<td>Bon<\/td>\n<\/tr>\n<tr>\n<td>Charg\u00e9 de projet culturel<\/td>\n<td>20%<\/td>\n<td>Assez bon<\/td>\n<\/tr>\n<tr>\n<td>Enseignant en arts<\/td>\n<td>15%<\/td>\n<td>Stables mais comp\u00e9titifs<\/td>\n<\/tr>\n<tr>\n<td>Autres m\u00e9tiers connexes<\/td>\n<td>10%<\/td>\n<td>Variable<\/td>\n<\/tr>\n<\/tbody>\n<\/table><\/figure>\n\n<h2 class=\"wp-block-heading\">FAQ<\/h2>\n\n<p><strong>1. Les \u00e9coles d&rsquo;art \u00e0 Rennes et Nantes sont-elles reconnues ?<\/strong><\/p>\n\n<p>Oui, plusieurs \u00e9tablissements comme l&rsquo;\u00c9cole sup\u00e9rieure d&rsquo;art de Bretagne poss\u00e8dent une reconnaissance significative dans le milieu artistique.<\/p>\n\n<p><strong>2. Les frais de scolarit\u00e9 sont-ils trop \u00e9lev\u00e9s ?<\/strong><\/p>\n\n<p>Cela d\u00e9pend des \u00e9tablissements, mais certaines \u00e9coles affichent des tarifs autour de 6 000 \u00e0 7 000 \u20ac par an, ce qui peut constituer un obstacle financier majeur pour beaucoup d&rsquo;\u00e9tudiants.<\/p>\n\n<p><strong>3. Existe-t-il des alternatives aux \u00e9coles d&rsquo;art traditionnelles ?<\/strong><\/p>\n\n<p>Oui, des plateformes en ligne, des initiatives locales et des ateliers ind\u00e9pendants repr\u00e9sentent des alternatives int\u00e9ressantes.<\/p>\n\n<p><strong>4. Quels d\u00e9bouch\u00e9s existent apr\u00e8s une \u00e9cole d&rsquo;art ?<\/strong><\/p>\n\n<p>Les d\u00e9bouch\u00e9s varient, allant de l&rsquo;auto-entrepreneuriat dans le domaine artistique \u00e0 des postes de salari\u00e9 dans des entreprises cr\u00e9atives.<\/p>\n\n<p><strong>5. Quelle est la qualit\u00e9 de l&rsquo;accompagnement dans ces \u00e9coles ?<\/strong><\/p>\n\n<p>La qualit\u00e9 de l&rsquo;accompagnement peut varier en fonction des \u00e9tablissements ; certains t\u00e9moignages soulignent un manque de soutien et d&rsquo;accompagnement adapt\u00e9.<\/p>\n\n","protected":false},"excerpt":{"rendered":"<p>\u00c0 la crois\u00e9e des chemins entre l&rsquo;art et l&rsquo;\u00e9ducation, Rennes et Nantes se positionnent comme des \u00e9picentres de la cr\u00e9ativit\u00e9. Dans ces villes dynamiques, les \u00e9coles d&rsquo;art s&rsquo;efforcent d&rsquo;attirer des \u00e9tudiants passionn\u00e9s par les arts plastiques, le design ou le cinema. Mais que se cache-t-il derri\u00e8re ces institutions flamboyantes souvent id\u00e9alis\u00e9es ? Entre promesses de &#8230; <a title=\"Derri\u00e8re l&rsquo;illusion : la r\u00e9alit\u00e9 des \u00e9coles d&rsquo;art \u00e0 Rennes et Nantes\" class=\"read-more\" href=\"https:\/\/www.apres-lecole.fr\/Blog\/ecoles-art-rennes-nantes\/\" aria-label=\"En savoir plus sur Derri\u00e8re l&rsquo;illusion : la r\u00e9alit\u00e9 des \u00e9coles d&rsquo;art \u00e0 Rennes et Nantes\">Lire plus<\/a><\/p>\n","protected":false},"author":9,"featured_media":0,"comment_status":"open","ping_status":"open","sticky":false,"template":"","format":"standard","meta":{"footnotes":""},"categories":[342],"tags":[1101,1104,1102,1103,884],"class_list":["post-2028","post","type-post","status-publish","format-standard","hentry","category-actualites","tag-ecoles-dart","tag-illusion","tag-nantes","tag-realite-artistique","tag-rennes"],"yoast_head":"<!-- This site is optimized with the Yoast SEO plugin v27.5 - https:\/\/yoast.com\/product\/yoast-seo-wordpress\/ -->\n<title>Derri\u00e8re l&#039;illusion : r\u00e9alit\u00e9 des \u00e9coles d&#039;art \u00e0 Rennes et Nantes<\/title>\n<meta name=\"description\" content=\"D\u00e9couvrez la v\u00e9ritable exp\u00e9rience des \u00e9coles d&#039;art \u00e0 Rennes et Nantes : formation, d\u00e9bouch\u00e9s et r\u00e9alit\u00e9s cach\u00e9es du secteur artistique.\" \/>\n<meta name=\"robots\" content=\"index, follow, max-snippet:-1, max-image-preview:large, max-video-preview:-1\" \/>\n<link rel=\"canonical\" href=\"https:\/\/www.apres-lecole.fr\/Blog\/ecoles-art-rennes-nantes\/\" \/>\n<meta property=\"og:locale\" content=\"fr_FR\" \/>\n<meta property=\"og:type\" content=\"article\" \/>\n<meta property=\"og:title\" content=\"Derri\u00e8re l&#039;illusion : r\u00e9alit\u00e9 des \u00e9coles d&#039;art \u00e0 Rennes et Nantes\" \/>\n<meta property=\"og:description\" content=\"D\u00e9couvrez la v\u00e9ritable exp\u00e9rience des \u00e9coles d&#039;art \u00e0 Rennes et Nantes : formation, d\u00e9bouch\u00e9s et r\u00e9alit\u00e9s cach\u00e9es du secteur artistique.\" \/>\n<meta property=\"og:url\" content=\"https:\/\/www.apres-lecole.fr\/Blog\/ecoles-art-rennes-nantes\/\" \/>\n<meta property=\"article:published_time\" content=\"2025-06-19T08:05:21+00:00\" \/>\n<meta name=\"author\" content=\"Eva Martin\" \/>\n<meta name=\"twitter:card\" content=\"summary_large_image\" \/>\n<meta name=\"twitter:creator\" content=\"@Evaapresecole\" \/>\n<meta name=\"twitter:label1\" content=\"\u00c9crit par\" \/>\n\t<meta name=\"twitter:data1\" content=\"Eva Martin\" \/>\n\t<meta name=\"twitter:label2\" content=\"Dur\u00e9e de lecture estim\u00e9e\" \/>\n\t<meta name=\"twitter:data2\" content=\"7 minutes\" \/>\n<script type=\"application\/ld+json\" class=\"yoast-schema-graph\">{\"@context\":\"https:\\\/\\\/schema.org\",\"@graph\":[{\"@type\":\"Article\",\"@id\":\"https:\\\/\\\/www.apres-lecole.fr\\\/Blog\\\/ecoles-art-rennes-nantes\\\/#article\",\"isPartOf\":{\"@id\":\"https:\\\/\\\/www.apres-lecole.fr\\\/Blog\\\/ecoles-art-rennes-nantes\\\/\"},\"author\":{\"name\":\"Eva Martin\",\"@id\":\"https:\\\/\\\/www.apres-lecole.fr\\\/Blog\\\/#\\\/schema\\\/person\\\/aeb50cd4b51fc69da155804bb5bb9fc4\"},\"headline\":\"Derri\u00e8re l&rsquo;illusion : la r\u00e9alit\u00e9 des \u00e9coles d&rsquo;art \u00e0 Rennes et Nantes\",\"datePublished\":\"2025-06-19T08:05:21+00:00\",\"mainEntityOfPage\":{\"@id\":\"https:\\\/\\\/www.apres-lecole.fr\\\/Blog\\\/ecoles-art-rennes-nantes\\\/\"},\"wordCount\":1404,\"commentCount\":0,\"keywords\":[\"\u00e9coles d'art\",\"illusion\",\"nantes\",\"r\u00e9alit\u00e9 artistique\",\"rennes\"],\"articleSection\":[\"Actualit\u00e9s\"],\"inLanguage\":\"fr-FR\",\"potentialAction\":[{\"@type\":\"CommentAction\",\"name\":\"Comment\",\"target\":[\"https:\\\/\\\/www.apres-lecole.fr\\\/Blog\\\/ecoles-art-rennes-nantes\\\/#respond\"]}]},{\"@type\":\"WebPage\",\"@id\":\"https:\\\/\\\/www.apres-lecole.fr\\\/Blog\\\/ecoles-art-rennes-nantes\\\/\",\"url\":\"https:\\\/\\\/www.apres-lecole.fr\\\/Blog\\\/ecoles-art-rennes-nantes\\\/\",\"name\":\"Derri\u00e8re l'illusion : r\u00e9alit\u00e9 des \u00e9coles d'art \u00e0 Rennes et Nantes\",\"isPartOf\":{\"@id\":\"https:\\\/\\\/www.apres-lecole.fr\\\/Blog\\\/#website\"},\"datePublished\":\"2025-06-19T08:05:21+00:00\",\"author\":{\"@id\":\"https:\\\/\\\/www.apres-lecole.fr\\\/Blog\\\/#\\\/schema\\\/person\\\/aeb50cd4b51fc69da155804bb5bb9fc4\"},\"description\":\"D\u00e9couvrez la v\u00e9ritable exp\u00e9rience des \u00e9coles d'art \u00e0 Rennes et Nantes : formation, d\u00e9bouch\u00e9s et r\u00e9alit\u00e9s cach\u00e9es du secteur artistique.\",\"breadcrumb\":{\"@id\":\"https:\\\/\\\/www.apres-lecole.fr\\\/Blog\\\/ecoles-art-rennes-nantes\\\/#breadcrumb\"},\"inLanguage\":\"fr-FR\",\"potentialAction\":[{\"@type\":\"ReadAction\",\"target\":[\"https:\\\/\\\/www.apres-lecole.fr\\\/Blog\\\/ecoles-art-rennes-nantes\\\/\"]}]},{\"@type\":\"BreadcrumbList\",\"@id\":\"https:\\\/\\\/www.apres-lecole.fr\\\/Blog\\\/ecoles-art-rennes-nantes\\\/#breadcrumb\",\"itemListElement\":[{\"@type\":\"ListItem\",\"position\":1,\"name\":\"Home\",\"item\":\"https:\\\/\\\/www.apres-lecole.fr\\\/Blog\\\/\"},{\"@type\":\"ListItem\",\"position\":2,\"name\":\"Derri\u00e8re l&rsquo;illusion : la r\u00e9alit\u00e9 des \u00e9coles d&rsquo;art \u00e0 Rennes et Nantes\"}]},{\"@type\":\"WebSite\",\"@id\":\"https:\\\/\\\/www.apres-lecole.fr\\\/Blog\\\/#website\",\"url\":\"https:\\\/\\\/www.apres-lecole.fr\\\/Blog\\\/\",\"name\":\"\",\"description\":\"M\u00e9dia g\u00e9n\u00e9raliste\",\"potentialAction\":[{\"@type\":\"SearchAction\",\"target\":{\"@type\":\"EntryPoint\",\"urlTemplate\":\"https:\\\/\\\/www.apres-lecole.fr\\\/Blog\\\/?s={search_term_string}\"},\"query-input\":{\"@type\":\"PropertyValueSpecification\",\"valueRequired\":true,\"valueName\":\"search_term_string\"}}],\"inLanguage\":\"fr-FR\"},{\"@type\":\"Person\",\"@id\":\"https:\\\/\\\/www.apres-lecole.fr\\\/Blog\\\/#\\\/schema\\\/person\\\/aeb50cd4b51fc69da155804bb5bb9fc4\",\"name\":\"Eva Martin\",\"image\":{\"@type\":\"ImageObject\",\"inLanguage\":\"fr-FR\",\"@id\":\"https:\\\/\\\/secure.gravatar.com\\\/avatar\\\/55c53222558b27a72015a64073a80edce4abd33369394b9bf2c5cd6c19d12682?s=96&d=mm&r=g\",\"url\":\"https:\\\/\\\/secure.gravatar.com\\\/avatar\\\/55c53222558b27a72015a64073a80edce4abd33369394b9bf2c5cd6c19d12682?s=96&d=mm&r=g\",\"contentUrl\":\"https:\\\/\\\/secure.gravatar.com\\\/avatar\\\/55c53222558b27a72015a64073a80edce4abd33369394b9bf2c5cd6c19d12682?s=96&d=mm&r=g\",\"caption\":\"Eva Martin\"},\"description\":\"Je parle de business et d'entrepreneuriat avec des conseils clairs, concrets et actionnables pour r\u00e9ussir\",\"sameAs\":[\"https:\\\/\\\/x.com\\\/Evaapresecole\"],\"url\":\"https:\\\/\\\/www.apres-lecole.fr\\\/Blog\\\/author\\\/evamartin\\\/\"}]}<\/script>\n<!-- \/ Yoast SEO plugin. -->","yoast_head_json":{"title":"Derri\u00e8re l'illusion : r\u00e9alit\u00e9 des \u00e9coles d'art \u00e0 Rennes et Nantes","description":"D\u00e9couvrez la v\u00e9ritable exp\u00e9rience des \u00e9coles d'art \u00e0 Rennes et Nantes : formation, d\u00e9bouch\u00e9s et r\u00e9alit\u00e9s cach\u00e9es du secteur artistique.","robots":{"index":"index","follow":"follow","max-snippet":"max-snippet:-1","max-image-preview":"max-image-preview:large","max-video-preview":"max-video-preview:-1"},"canonical":"https:\/\/www.apres-lecole.fr\/Blog\/ecoles-art-rennes-nantes\/","og_locale":"fr_FR","og_type":"article","og_title":"Derri\u00e8re l'illusion : r\u00e9alit\u00e9 des \u00e9coles d'art \u00e0 Rennes et Nantes","og_description":"D\u00e9couvrez la v\u00e9ritable exp\u00e9rience des \u00e9coles d'art \u00e0 Rennes et Nantes : formation, d\u00e9bouch\u00e9s et r\u00e9alit\u00e9s cach\u00e9es du secteur artistique.","og_url":"https:\/\/www.apres-lecole.fr\/Blog\/ecoles-art-rennes-nantes\/","article_published_time":"2025-06-19T08:05:21+00:00","author":"Eva Martin","twitter_card":"summary_large_image","twitter_creator":"@Evaapresecole","twitter_misc":{"\u00c9crit par":"Eva Martin","Dur\u00e9e de lecture estim\u00e9e":"7 minutes"},"schema":{"@context":"https:\/\/schema.org","@graph":[{"@type":"Article","@id":"https:\/\/www.apres-lecole.fr\/Blog\/ecoles-art-rennes-nantes\/#article","isPartOf":{"@id":"https:\/\/www.apres-lecole.fr\/Blog\/ecoles-art-rennes-nantes\/"},"author":{"name":"Eva Martin","@id":"https:\/\/www.apres-lecole.fr\/Blog\/#\/schema\/person\/aeb50cd4b51fc69da155804bb5bb9fc4"},"headline":"Derri\u00e8re l&rsquo;illusion : la r\u00e9alit\u00e9 des \u00e9coles d&rsquo;art \u00e0 Rennes et Nantes","datePublished":"2025-06-19T08:05:21+00:00","mainEntityOfPage":{"@id":"https:\/\/www.apres-lecole.fr\/Blog\/ecoles-art-rennes-nantes\/"},"wordCount":1404,"commentCount":0,"keywords":["\u00e9coles d'art","illusion","nantes","r\u00e9alit\u00e9 artistique","rennes"],"articleSection":["Actualit\u00e9s"],"inLanguage":"fr-FR","potentialAction":[{"@type":"CommentAction","name":"Comment","target":["https:\/\/www.apres-lecole.fr\/Blog\/ecoles-art-rennes-nantes\/#respond"]}]},{"@type":"WebPage","@id":"https:\/\/www.apres-lecole.fr\/Blog\/ecoles-art-rennes-nantes\/","url":"https:\/\/www.apres-lecole.fr\/Blog\/ecoles-art-rennes-nantes\/","name":"Derri\u00e8re l'illusion : r\u00e9alit\u00e9 des \u00e9coles d'art \u00e0 Rennes et Nantes","isPartOf":{"@id":"https:\/\/www.apres-lecole.fr\/Blog\/#website"},"datePublished":"2025-06-19T08:05:21+00:00","author":{"@id":"https:\/\/www.apres-lecole.fr\/Blog\/#\/schema\/person\/aeb50cd4b51fc69da155804bb5bb9fc4"},"description":"D\u00e9couvrez la v\u00e9ritable exp\u00e9rience des \u00e9coles d'art \u00e0 Rennes et Nantes : formation, d\u00e9bouch\u00e9s et r\u00e9alit\u00e9s cach\u00e9es du secteur artistique.","breadcrumb":{"@id":"https:\/\/www.apres-lecole.fr\/Blog\/ecoles-art-rennes-nantes\/#breadcrumb"},"inLanguage":"fr-FR","potentialAction":[{"@type":"ReadAction","target":["https:\/\/www.apres-lecole.fr\/Blog\/ecoles-art-rennes-nantes\/"]}]},{"@type":"BreadcrumbList","@id":"https:\/\/www.apres-lecole.fr\/Blog\/ecoles-art-rennes-nantes\/#breadcrumb","itemListElement":[{"@type":"ListItem","position":1,"name":"Home","item":"https:\/\/www.apres-lecole.fr\/Blog\/"},{"@type":"ListItem","position":2,"name":"Derri\u00e8re l&rsquo;illusion : la r\u00e9alit\u00e9 des \u00e9coles d&rsquo;art \u00e0 Rennes et Nantes"}]},{"@type":"WebSite","@id":"https:\/\/www.apres-lecole.fr\/Blog\/#website","url":"https:\/\/www.apres-lecole.fr\/Blog\/","name":"","description":"M\u00e9dia g\u00e9n\u00e9raliste","potentialAction":[{"@type":"SearchAction","target":{"@type":"EntryPoint","urlTemplate":"https:\/\/www.apres-lecole.fr\/Blog\/?s={search_term_string}"},"query-input":{"@type":"PropertyValueSpecification","valueRequired":true,"valueName":"search_term_string"}}],"inLanguage":"fr-FR"},{"@type":"Person","@id":"https:\/\/www.apres-lecole.fr\/Blog\/#\/schema\/person\/aeb50cd4b51fc69da155804bb5bb9fc4","name":"Eva Martin","image":{"@type":"ImageObject","inLanguage":"fr-FR","@id":"https:\/\/secure.gravatar.com\/avatar\/55c53222558b27a72015a64073a80edce4abd33369394b9bf2c5cd6c19d12682?s=96&d=mm&r=g","url":"https:\/\/secure.gravatar.com\/avatar\/55c53222558b27a72015a64073a80edce4abd33369394b9bf2c5cd6c19d12682?s=96&d=mm&r=g","contentUrl":"https:\/\/secure.gravatar.com\/avatar\/55c53222558b27a72015a64073a80edce4abd33369394b9bf2c5cd6c19d12682?s=96&d=mm&r=g","caption":"Eva Martin"},"description":"Je parle de business et d'entrepreneuriat avec des conseils clairs, concrets et actionnables pour r\u00e9ussir","sameAs":["https:\/\/x.com\/Evaapresecole"],"url":"https:\/\/www.apres-lecole.fr\/Blog\/author\/evamartin\/"}]}},"views":9,"_links":{"self":[{"href":"https:\/\/www.apres-lecole.fr\/Blog\/wp-json\/wp\/v2\/posts\/2028","targetHints":{"allow":["GET"]}}],"collection":[{"href":"https:\/\/www.apres-lecole.fr\/Blog\/wp-json\/wp\/v2\/posts"}],"about":[{"href":"https:\/\/www.apres-lecole.fr\/Blog\/wp-json\/wp\/v2\/types\/post"}],"author":[{"embeddable":true,"href":"https:\/\/www.apres-lecole.fr\/Blog\/wp-json\/wp\/v2\/users\/9"}],"replies":[{"embeddable":true,"href":"https:\/\/www.apres-lecole.fr\/Blog\/wp-json\/wp\/v2\/comments?post=2028"}],"version-history":[{"count":0,"href":"https:\/\/www.apres-lecole.fr\/Blog\/wp-json\/wp\/v2\/posts\/2028\/revisions"}],"wp:attachment":[{"href":"https:\/\/www.apres-lecole.fr\/Blog\/wp-json\/wp\/v2\/media?parent=2028"}],"wp:term":[{"taxonomy":"category","embeddable":true,"href":"https:\/\/www.apres-lecole.fr\/Blog\/wp-json\/wp\/v2\/categories?post=2028"},{"taxonomy":"post_tag","embeddable":true,"href":"https:\/\/www.apres-lecole.fr\/Blog\/wp-json\/wp\/v2\/tags?post=2028"}],"curies":[{"name":"wp","href":"https:\/\/api.w.org\/{rel}","templated":true}]}}