{"id":2025,"date":"2025-06-18T07:10:17","date_gmt":"2025-06-18T07:10:17","guid":{"rendered":"https:\/\/www.apres-lecole.fr\/Blog\/handicap-ecole-defi-education\/"},"modified":"2025-06-18T07:10:17","modified_gmt":"2025-06-18T07:10:17","slug":"handicap-ecole-defi-education","status":"publish","type":"post","link":"https:\/\/www.apres-lecole.fr\/Blog\/handicap-ecole-defi-education\/","title":{"rendered":"Le handicap \u00e0 l&rsquo;\u00e9cole : un d\u00e9fi pour tous les acteurs de l&rsquo;\u00e9ducation"},"content":{"rendered":"\n\n<div class=\"kk-star-ratings kksr-auto kksr-align-left kksr-valign-top\"\n    data-payload='{&quot;align&quot;:&quot;left&quot;,&quot;id&quot;:&quot;2025&quot;,&quot;slug&quot;:&quot;default&quot;,&quot;valign&quot;:&quot;top&quot;,&quot;ignore&quot;:&quot;&quot;,&quot;reference&quot;:&quot;auto&quot;,&quot;class&quot;:&quot;&quot;,&quot;count&quot;:&quot;0&quot;,&quot;legendonly&quot;:&quot;&quot;,&quot;readonly&quot;:&quot;&quot;,&quot;score&quot;:&quot;0&quot;,&quot;starsonly&quot;:&quot;&quot;,&quot;best&quot;:&quot;5&quot;,&quot;gap&quot;:&quot;5&quot;,&quot;greet&quot;:&quot;Rate this post&quot;,&quot;legend&quot;:&quot;0\\\/5 - (0 vote)&quot;,&quot;size&quot;:&quot;24&quot;,&quot;title&quot;:&quot;Le handicap \u00e0 l\\u0026#039;\u00e9cole : un d\u00e9fi pour tous les acteurs de l\\u0026#039;\u00e9ducation&quot;,&quot;width&quot;:&quot;0&quot;,&quot;_legend&quot;:&quot;{score}\\\/{best} - ({count} {votes})&quot;,&quot;font_factor&quot;:&quot;1.25&quot;}'>\n            \n<div class=\"kksr-stars\">\n    \n<div class=\"kksr-stars-inactive\">\n            <div class=\"kksr-star\" data-star=\"1\" style=\"padding-right: 5px\">\n            \n\n<div class=\"kksr-icon\" style=\"width: 24px; height: 24px;\"><\/div>\n        <\/div>\n            <div class=\"kksr-star\" data-star=\"2\" style=\"padding-right: 5px\">\n            \n\n<div class=\"kksr-icon\" style=\"width: 24px; height: 24px;\"><\/div>\n        <\/div>\n            <div class=\"kksr-star\" data-star=\"3\" style=\"padding-right: 5px\">\n            \n\n<div class=\"kksr-icon\" style=\"width: 24px; height: 24px;\"><\/div>\n        <\/div>\n            <div class=\"kksr-star\" data-star=\"4\" style=\"padding-right: 5px\">\n            \n\n<div class=\"kksr-icon\" style=\"width: 24px; height: 24px;\"><\/div>\n        <\/div>\n            <div class=\"kksr-star\" data-star=\"5\" style=\"padding-right: 5px\">\n            \n\n<div class=\"kksr-icon\" style=\"width: 24px; height: 24px;\"><\/div>\n        <\/div>\n    <\/div>\n    \n<div class=\"kksr-stars-active\" style=\"width: 0px;\">\n            <div class=\"kksr-star\" style=\"padding-right: 5px\">\n            \n\n<div class=\"kksr-icon\" style=\"width: 24px; height: 24px;\"><\/div>\n        <\/div>\n            <div class=\"kksr-star\" style=\"padding-right: 5px\">\n            \n\n<div class=\"kksr-icon\" style=\"width: 24px; height: 24px;\"><\/div>\n        <\/div>\n            <div class=\"kksr-star\" style=\"padding-right: 5px\">\n            \n\n<div class=\"kksr-icon\" style=\"width: 24px; height: 24px;\"><\/div>\n        <\/div>\n            <div class=\"kksr-star\" style=\"padding-right: 5px\">\n            \n\n<div class=\"kksr-icon\" style=\"width: 24px; height: 24px;\"><\/div>\n        <\/div>\n            <div class=\"kksr-star\" style=\"padding-right: 5px\">\n            \n\n<div class=\"kksr-icon\" style=\"width: 24px; height: 24px;\"><\/div>\n        <\/div>\n    <\/div>\n<\/div>\n                \n\n<div class=\"kksr-legend\" style=\"font-size: 19.2px;\">\n            <span class=\"kksr-muted\">Rate this post<\/span>\n    <\/div>\n    <\/div>\n<p>Dans un monde o\u00f9 l&rsquo;\u00e9galit\u00e9 des chances prend de plus en plus d&rsquo;ampleur, l&rsquo;\u00e9cole se doit de s&rsquo;adapter pour accueillir chaque \u00e9l\u00e8ve, peu importe ses sp\u00e9cificit\u00e9s. Les enfants en situation de handicap repr\u00e9sentent une r\u00e9alit\u00e9 qui m\u00e9rite toute l&rsquo;attention des acteurs de l&rsquo;\u00e9ducation : enseignants, parents, et responsables p\u00e9dagogiques. Au c\u0153ur du d\u00e9fi \u00e9ducatif, l\u2019inclusion scolaire devient un enjeu crucial. La r\u00e9ussite de cette transformation repose non seulement sur des dispositifs l\u00e9gislatifs, mais aussi sur une prise de conscience collective.<\/p>\n\n<h2 class=\"wp-block-heading\">\u00c9ducation inclusive : un concept \u00e0 d\u00e9chiffrer<\/h2>\n\n<p>L&rsquo;\u00e9ducation inclusive n&rsquo;est pas juste un terme \u00e0 la mode, mais un v\u00e9ritable mouvement visant \u00e0 int\u00e9grer toutes les diff\u00e9rences au sein des \u00e9tablissements scolaires. En 2025, des avanc\u00e9es notables sont \u00e0 reconna\u00eetre. Les politiques publiques ont progressivement orient\u00e9 le syst\u00e8me \u00e9ducatif vers une approche plus <strong>inclusive<\/strong>. Cela signifie que chaque <strong>\u00e9l\u00e8ve, quel que soit son handicap<\/strong>, doit b\u00e9n\u00e9ficier d&rsquo;un cadre scolaire adapt\u00e9. Il ne s\u2019agit pas seulement d\u2019un am\u00e9nagement d\u2019espace, mais d\u2019une v\u00e9ritable <strong>solidarit\u00e9 \u00e9ducative<\/strong> qui se met en place entre les enseignants, les \u00e9l\u00e8ves et leurs familles.<\/p>\n\n<p>Pour mieux comprendre ce qu&rsquo;implique l&rsquo;\u00e9ducation inclusive, il est essentiel d&rsquo;\u00e9voquer trois composantes cl\u00e9s :<\/p>\n\n<ul class=\"wp-block-list\"><li><strong>Adaptation p\u00e9dagogique<\/strong> : Les m\u00e9thodes d\u2019enseignement doivent \u00eatre personnalis\u00e9es. Par exemple, un \u00e9l\u00e8ve ayant des difficult\u00e9s auditives pourrait b\u00e9n\u00e9ficier de supports visuels ou d\u2019une aide sp\u00e9cialis\u00e9e.<\/li><li><strong>Accessibilit\u00e9 scolaire<\/strong> : L\u2019environnement d\u2019apprentissage doit \u00eatre accessible physiquement. Cela peut comprendre des rampes pour les fauteuils roulants ou des outils technologiques facilitant la communication.<\/li><li><strong>Sensibilisation des pairs<\/strong> : Les \u00e9l\u00e8ves doivent \u00eatre inform\u00e9s et sensibilis\u00e9s aux diff\u00e9rences. Cela favorise la <strong>solidarit\u00e9<\/strong> et l\u2019empathie, cr\u00e9ant ainsi un climat scolaire serein et respectueux.<\/li><\/ul>\n\n<p>Malgr\u00e9 les efforts, la mise en place de cette \u00e9ducation inclusive suscite encore des d\u00e9fis. Combien d\u2019\u00e9coles r\u00e9pondent r\u00e9ellement \u00e0 ces crit\u00e8res ? Une \u00e9tude r\u00e9cente montre qu\u2019environ 63% des \u00e9tablissements s\u2019y engagent mais rencontrent des obstacles logistiques. <strong>La route est encore longue<\/strong>.<\/p>\n\n<h3 class=\"wp-block-heading\">Un cadre l\u00e9gislatif en \u00e9volution<\/h3>\n\n<p>Les l\u00e9gislations en mati\u00e8re d\u2019\u00e9ducation \u00e9voluent pour soutenir l&rsquo;inclusion des \u00e9l\u00e8ves en situation de handicap. En France, des lois successives depuis 2005 visent \u00e0 favoriser l&rsquo;acc\u00e8s \u00e0 l&rsquo;\u00e9ducation pour tous. La Loi de 2019 pour une \u00e9cole inclusive a renforc\u00e9 cet engagement, stipulant que <strong>l\u2019\u00e9cole doit \u00eatre le lieu de la mixit\u00e9<\/strong> et de l&rsquo;\u00e9galit\u00e9 des chances.<\/p>\n\n<p>Cette \u00e9volution l\u00e9gislative est essentielle pour garantir le droit \u00e0 l&rsquo;\u00e9ducation. C\u2019est aussi un levier puissant pour inciter les <strong>partenaires du handicap<\/strong>, comme les collectivit\u00e9s locales et les structures m\u00e9dico-sociales, \u00e0 collaborer efficacement avec les \u00e9tablissements scolaires. L\u2019exemple de l&rsquo;universit\u00e9 de Bordeaux, qui a mis en place un dispositif d\u2019accompagnement personnalis\u00e9 pour les \u00e9tudiants en situation de handicap, est \u00e0 suivre. Au cours de cette initiative, des ressources humaines et financi\u00e8res ont \u00e9t\u00e9 allou\u00e9es pour maximiser la r\u00e9ussite scolaire de ces \u00e9tudiants.<\/p>\n\n<h2 class=\"wp-block-heading\">Scolarit\u00e9 inclusive : un exemple \u00e0 suivre<\/h2>\n\n<p>Dans le domaine de l\u2019\u00e9ducation, la <strong>scolarit\u00e9 inclusive<\/strong> incarne un id\u00e9al o\u00f9 chaque enfant a sa place. Prenons l&rsquo;exemple d\u2019un projet men\u00e9 \u00e0 Penne, o\u00f9 une \u00e9cole a int\u00e9gr\u00e9 des m\u00e9thodes d\u2019enseignement sp\u00e9ciales pour des enfants souffrant de troubles de la communication. Cette approche a non seulement permis \u00e0 ces \u00e9l\u00e8ves d\u2019apprendre dans un cadre plus adapt\u00e9, mais elle a \u00e9galement enrichi la dynamique de classe en \u00e9veillant la curiosit\u00e9 et l&#8217;empathie parmi les autres \u00e9l\u00e8ves.<\/p>\n\n<p>Les techniques d&rsquo;<strong>apprendre autrement<\/strong> prennent toute leur dimension dans ce genre d&rsquo;initiatives. Les enseignants s\u2019attachent \u00e0 d\u00e9velopper une approche collaborative. Par exemple, des ateliers sont propos\u00e9s aux \u00e9l\u00e8ves pour travailler sur des projets en groupe, o\u00f9 chacun peut apporter sa contribution, quelle que soit sa situation. Une telle m\u00e9thode permet de briser les barri\u00e8res et favorise la cr\u00e9ativit\u00e9 collective.<\/p>\n\n<p>Ce type d&rsquo;exp\u00e9rience souligne l\u2019importance d\u2019un soutien collectif. En 2025, les <strong>\u00e9coles pour tous<\/strong> doivent devenir une norme, et pour cela, il est crucial de s\u2019atteler \u00e0 trois axes majeurs :<\/p>\n\n<ul class=\"wp-block-list\"><li><strong>Formation des enseignants<\/strong> : Des programmes sp\u00e9cifiques de formation continue doivent \u00eatre mis en place.<\/li><li><strong>Partenariats avec les familles<\/strong> : La coop\u00e9ration entre \u00e9coles et familles est primordiale pour comprendre les besoins de chaque enfant.<\/li><li><strong>Suivi personnalis\u00e9<\/strong> : Les \u00e9l\u00e8ves doivent b\u00e9n\u00e9ficier d\u2019un suivi adapt\u00e9, ce qui n\u00e9cessite des ressources suffisantes.<\/li><\/ul>\n\n<h3 class=\"wp-block-heading\">Le r\u00f4le des technologies dans l&rsquo;\u00e9ducation inclusive<\/h3>\n\n<p>Les avanc\u00e9es technologiques ont r\u00e9volutionn\u00e9 le secteur \u00e9ducatif, offrant de nouvelles opportunit\u00e9s pour les \u00e9l\u00e8ves en situation de handicap. Des outils comme les logiciels de lecture vocale, des applications d&rsquo;apprentissage sur tablette, et m\u00eame des robots pour la communication, font leur apparition dans les salles de classe. En 2025, ces technologies sont plus accessibles et repr\u00e9sentent une r\u00e9elle alternative pour <strong>l&rsquo;accessibilit\u00e9 scolaire<\/strong>.<\/p>\n\n<p>Les \u00e9tablissements qui int\u00e8grent ces outils constatent des am\u00e9liorations notables dans <strong>l&rsquo;engagement des \u00e9l\u00e8ves<\/strong>. Par exemple, une \u00e9cole dans le d\u00e9partement de la Dordogne a observ\u00e9 une augmentation significative de la participation des \u00e9l\u00e8ves gr\u00e2ce \u00e0 l\u2019introduction d\u2019applications d\u2019apprentissage ludique. Les <strong>jeux \u00e9ducatifs<\/strong> permettent de stimuler l\u2019int\u00e9r\u00eat tout en prenant en compte les capacit\u00e9s de chacun.<\/p>\n\n<p>Voici un tableau r\u00e9capitulatif des technologies utilis\u00e9es et leur impact sur l\u2019\u00e9ducation inclusive :<\/p>\n\n<figure class=\"wp-block-table\"><table>\n<thead>\n<tr>\n<th>Technologie<\/th>\n<th>Utilisation<\/th>\n<th>Impact sur l&rsquo;\u00e9l\u00e8ve<\/th>\n<\/tr>\n<\/thead>\n<tbody>\n<tr>\n<td>Logiciels de lecture vocale<\/td>\n<td>Aide \u00e0 la lecture pour les \u00e9l\u00e8ves dyslexiques<\/td>\n<td>Am\u00e9lioration de la compr\u00e9hension<\/td>\n<\/tr>\n<tr>\n<td>Applications \u00e9ducatives<\/td>\n<td>Apprentissage ludique<\/td>\n<td>Augmentation de la motivation<\/td>\n<\/tr>\n<tr>\n<td>Outils de communication alternatifs<\/td>\n<td>Aide \u00e0 l&rsquo;interaction avec les autres<\/td>\n<td>Renforcement de la confiance<\/td>\n<\/tr>\n<\/tbody>\n<\/table><\/figure>\n\n<h2 class=\"wp-block-heading\">The future: Building an equitable school environment<\/h2>\n\n<p>In the face of ongoing challenges, paving the way towards an equitable school environment is crucial. To achieve true <strong>equity at school<\/strong>, stakeholder involvement is fundamental. Parents, teachers, educational leaders, and policymakers must come together to create an inclusive learning atmosphere where every student gains equal opportunities to thrive.<\/p>\n\n<p>Establishing networks support among schools, non-profit organizations, and local authorities is essential to ensure comprehensive support structures. All actors in the educational system must collectively engage in redefining and prioritizing educational methodologies that focus on accessibility and learning adaptability.<\/p>\n\n<p>Les exp\u00e9riences de diverses acad\u00e9mies \u00e0 travers la France montrent d\u00e9j\u00e0 des r\u00e9sultats encourageants. \u00c0 Guipry-Messac, par exemple, le projet de <strong>r\u00e9cup\u00e9ration de l\u2019\u00e9cole inclusive<\/strong> a \u00e9t\u00e9 un succ\u00e8s et a permis de d\u00e9montrer qu&rsquo;avec une bonne planification et le soutien ad\u00e9quat, il est possible d&rsquo;int\u00e9grer pleinement chaque \u00e9l\u00e8ve.<\/p>\n\n<h3 class=\"wp-block-heading\">Actions pour un avenir inclusif<\/h3>\n\n<p>Il devient de plus en plus \u00e9vident que l\u2019avenir de l\u2019\u00e9ducation repose sur plusieurs actions concr\u00e8tes :<\/p>\n\n<ul class=\"wp-block-list\"><li><strong>Renforcement de la formation des \u00e9ducateurs<\/strong> pour mieux appr\u00e9hender les diversit\u00e9s.<\/li><li><strong>Cr\u00e9ation de plans d\u2019action<\/strong> adapt\u00e9s aux besoins des \u00e9l\u00e8ves.<\/li><li><strong>Forte implication des parents<\/strong> et de leur soutien actif au quotidien.<\/li><\/ul>\n\n<p>Ces initiatives aideront \u00e0 garantir qu\u2019<strong>aucun enfant ne soit laiss\u00e9 derri\u00e8re<\/strong>, que ce soit \u00e0 l\u2019\u00e9cole ou dans la soci\u00e9t\u00e9. En classe, il est essentiel de s\u2019assurer que chaque \u00e9l\u00e8ve se sente reconnu et valoris\u00e9.<\/p>\n\n<h2 class=\"wp-block-heading\">FAQ sur l&rsquo;\u00e9ducation inclusive<\/h2>\n\n<h3 class=\"wp-block-heading\">Qu&rsquo;est-ce que l&rsquo;\u00e9ducation inclusive?<\/h3>\n\n<p>L&rsquo;\u00e9ducation inclusive d\u00e9signe un syst\u00e8me \u00e9ducatif qui cherche \u00e0 int\u00e9grer tous les \u00e9l\u00e8ves, quels que soient leurs handicaps ou besoins sp\u00e9cifiques, dans un cadre commun.<\/p>\n\n<h3 class=\"wp-block-heading\">Comment les \u00e9tablissements scolaires peuvent-ils am\u00e9liorer leur accessibilit\u00e9?<\/h3>\n\n<p>Ils peuvent adapter leurs infrastructures, former leurs enseignants, et utiliser des outils technologiques adapt\u00e9s pour faciliter l\u2019apprentissage des \u00e9l\u00e8ves en situation de handicap.<\/p>\n\n<h3 class=\"wp-block-heading\">Pourquoi est-il important de sensibiliser les pairs aux handicaps?<\/h3>\n\n<p>La sensibilisation permet de d\u00e9velopper l&#8217;empathie et la solidarit\u00e9, renfor\u00e7ant ainsi un climat scolaire positif et inclusif.<\/p>\n\n<h3 class=\"wp-block-heading\">Quels sont les principaux d\u00e9fis de l&rsquo;\u00e9ducation inclusive?<\/h3>\n\n<p>Les d\u00e9fis incluent le financement, la formation des enseignants, et l\u2019adaptation des curriculums pour r\u00e9pondre aux besoins diversifi\u00e9s des \u00e9l\u00e8ves.<\/p>\n\n<h3 class=\"wp-block-heading\">Comment les parents peuvent-ils soutenir l&rsquo;\u00e9ducation inclusive?<\/h3>\n\n<p>Ils peuvent coop\u00e9rer avec les enseignants, participer aux conseils d&rsquo;\u00e9cole, et s&rsquo;engager activement dans la vie scolaire de leur enfant.<\/p>\n\n","protected":false},"excerpt":{"rendered":"<p>Dans un monde o\u00f9 l&rsquo;\u00e9galit\u00e9 des chances prend de plus en plus d&rsquo;ampleur, l&rsquo;\u00e9cole se doit de s&rsquo;adapter pour accueillir chaque \u00e9l\u00e8ve, peu importe ses sp\u00e9cificit\u00e9s. Les enfants en situation de handicap repr\u00e9sentent une r\u00e9alit\u00e9 qui m\u00e9rite toute l&rsquo;attention des acteurs de l&rsquo;\u00e9ducation : enseignants, parents, et responsables p\u00e9dagogiques. Au c\u0153ur du d\u00e9fi \u00e9ducatif, l\u2019inclusion &#8230; <a title=\"Le handicap \u00e0 l&rsquo;\u00e9cole : un d\u00e9fi pour tous les acteurs de l&rsquo;\u00e9ducation\" class=\"read-more\" href=\"https:\/\/www.apres-lecole.fr\/Blog\/handicap-ecole-defi-education\/\" aria-label=\"En savoir plus sur Le handicap \u00e0 l&rsquo;\u00e9cole : un d\u00e9fi pour tous les acteurs de l&rsquo;\u00e9ducation\">Lire plus<\/a><\/p>\n","protected":false},"author":9,"featured_media":2024,"comment_status":"open","ping_status":"open","sticky":false,"template":"","format":"standard","meta":{"footnotes":""},"categories":[342],"tags":[937,410,412,1097,1098],"class_list":["post-2025","post","type-post","status-publish","format-standard","has-post-thumbnail","hentry","category-actualites","tag-defi","tag-ecole","tag-education","tag-handicap","tag-inclusion"],"yoast_head":"<!-- This site is optimized with the Yoast SEO plugin v27.5 - https:\/\/yoast.com\/product\/yoast-seo-wordpress\/ -->\n<title>Le handicap \u00e0 l&#039;\u00e9cole : un enjeu collectif pour l&#039;\u00e9ducation<\/title>\n<meta name=\"description\" content=\"D\u00e9couvrez comment le handicap \u00e0 l&#039;\u00e9cole repr\u00e9sente un d\u00e9fi majeur pour enseignants, \u00e9l\u00e8ves et familles, et explorez des solutions inclusives.\" \/>\n<meta name=\"robots\" content=\"index, follow, max-snippet:-1, max-image-preview:large, max-video-preview:-1\" \/>\n<link rel=\"canonical\" href=\"https:\/\/www.apres-lecole.fr\/Blog\/handicap-ecole-defi-education\/\" \/>\n<meta property=\"og:locale\" content=\"fr_FR\" \/>\n<meta property=\"og:type\" content=\"article\" \/>\n<meta property=\"og:title\" content=\"Le handicap \u00e0 l&#039;\u00e9cole : un enjeu collectif pour l&#039;\u00e9ducation\" \/>\n<meta property=\"og:description\" content=\"D\u00e9couvrez comment le handicap \u00e0 l&#039;\u00e9cole repr\u00e9sente un d\u00e9fi majeur pour enseignants, \u00e9l\u00e8ves et familles, et explorez des solutions inclusives.\" \/>\n<meta property=\"og:url\" content=\"https:\/\/www.apres-lecole.fr\/Blog\/handicap-ecole-defi-education\/\" \/>\n<meta property=\"article:published_time\" content=\"2025-06-18T07:10:17+00:00\" \/>\n<meta property=\"og:image\" content=\"https:\/\/www.apres-lecole.fr\/Blog\/wp-content\/uploads\/2025\/06\/Le-handicap-a-lecole-un-defi-pour-tous-les-acteurs-de-leducation.jpg\" \/>\n\t<meta property=\"og:image:width\" content=\"1344\" \/>\n\t<meta property=\"og:image:height\" content=\"768\" \/>\n\t<meta property=\"og:image:type\" content=\"image\/jpeg\" \/>\n<meta name=\"author\" content=\"Eva Martin\" \/>\n<meta name=\"twitter:card\" content=\"summary_large_image\" \/>\n<meta name=\"twitter:creator\" content=\"@Evaapresecole\" \/>\n<meta name=\"twitter:label1\" content=\"\u00c9crit par\" \/>\n\t<meta name=\"twitter:data1\" content=\"Eva Martin\" \/>\n\t<meta name=\"twitter:label2\" content=\"Dur\u00e9e de lecture estim\u00e9e\" \/>\n\t<meta name=\"twitter:data2\" content=\"7 minutes\" \/>\n<script type=\"application\/ld+json\" class=\"yoast-schema-graph\">{\"@context\":\"https:\\\/\\\/schema.org\",\"@graph\":[{\"@type\":\"Article\",\"@id\":\"https:\\\/\\\/www.apres-lecole.fr\\\/Blog\\\/handicap-ecole-defi-education\\\/#article\",\"isPartOf\":{\"@id\":\"https:\\\/\\\/www.apres-lecole.fr\\\/Blog\\\/handicap-ecole-defi-education\\\/\"},\"author\":{\"name\":\"Eva Martin\",\"@id\":\"https:\\\/\\\/www.apres-lecole.fr\\\/Blog\\\/#\\\/schema\\\/person\\\/aeb50cd4b51fc69da155804bb5bb9fc4\"},\"headline\":\"Le handicap \u00e0 l&rsquo;\u00e9cole : un d\u00e9fi pour tous les acteurs de l&rsquo;\u00e9ducation\",\"datePublished\":\"2025-06-18T07:10:17+00:00\",\"mainEntityOfPage\":{\"@id\":\"https:\\\/\\\/www.apres-lecole.fr\\\/Blog\\\/handicap-ecole-defi-education\\\/\"},\"wordCount\":1424,\"commentCount\":0,\"image\":{\"@id\":\"https:\\\/\\\/www.apres-lecole.fr\\\/Blog\\\/handicap-ecole-defi-education\\\/#primaryimage\"},\"thumbnailUrl\":\"https:\\\/\\\/www.apres-lecole.fr\\\/Blog\\\/wp-content\\\/uploads\\\/2025\\\/06\\\/Le-handicap-a-lecole-un-defi-pour-tous-les-acteurs-de-leducation.jpg\",\"keywords\":[\"d\u00e9fi\",\"\u00e9cole\",\"\u00e9ducation\",\"handicap\",\"inclusion\"],\"articleSection\":[\"Actualit\u00e9s\"],\"inLanguage\":\"fr-FR\",\"potentialAction\":[{\"@type\":\"CommentAction\",\"name\":\"Comment\",\"target\":[\"https:\\\/\\\/www.apres-lecole.fr\\\/Blog\\\/handicap-ecole-defi-education\\\/#respond\"]}]},{\"@type\":\"WebPage\",\"@id\":\"https:\\\/\\\/www.apres-lecole.fr\\\/Blog\\\/handicap-ecole-defi-education\\\/\",\"url\":\"https:\\\/\\\/www.apres-lecole.fr\\\/Blog\\\/handicap-ecole-defi-education\\\/\",\"name\":\"Le handicap \u00e0 l'\u00e9cole : un enjeu collectif pour l'\u00e9ducation\",\"isPartOf\":{\"@id\":\"https:\\\/\\\/www.apres-lecole.fr\\\/Blog\\\/#website\"},\"primaryImageOfPage\":{\"@id\":\"https:\\\/\\\/www.apres-lecole.fr\\\/Blog\\\/handicap-ecole-defi-education\\\/#primaryimage\"},\"image\":{\"@id\":\"https:\\\/\\\/www.apres-lecole.fr\\\/Blog\\\/handicap-ecole-defi-education\\\/#primaryimage\"},\"thumbnailUrl\":\"https:\\\/\\\/www.apres-lecole.fr\\\/Blog\\\/wp-content\\\/uploads\\\/2025\\\/06\\\/Le-handicap-a-lecole-un-defi-pour-tous-les-acteurs-de-leducation.jpg\",\"datePublished\":\"2025-06-18T07:10:17+00:00\",\"author\":{\"@id\":\"https:\\\/\\\/www.apres-lecole.fr\\\/Blog\\\/#\\\/schema\\\/person\\\/aeb50cd4b51fc69da155804bb5bb9fc4\"},\"description\":\"D\u00e9couvrez comment le handicap \u00e0 l'\u00e9cole repr\u00e9sente un d\u00e9fi majeur pour enseignants, \u00e9l\u00e8ves et familles, et explorez des solutions inclusives.\",\"breadcrumb\":{\"@id\":\"https:\\\/\\\/www.apres-lecole.fr\\\/Blog\\\/handicap-ecole-defi-education\\\/#breadcrumb\"},\"inLanguage\":\"fr-FR\",\"potentialAction\":[{\"@type\":\"ReadAction\",\"target\":[\"https:\\\/\\\/www.apres-lecole.fr\\\/Blog\\\/handicap-ecole-defi-education\\\/\"]}]},{\"@type\":\"ImageObject\",\"inLanguage\":\"fr-FR\",\"@id\":\"https:\\\/\\\/www.apres-lecole.fr\\\/Blog\\\/handicap-ecole-defi-education\\\/#primaryimage\",\"url\":\"https:\\\/\\\/www.apres-lecole.fr\\\/Blog\\\/wp-content\\\/uploads\\\/2025\\\/06\\\/Le-handicap-a-lecole-un-defi-pour-tous-les-acteurs-de-leducation.jpg\",\"contentUrl\":\"https:\\\/\\\/www.apres-lecole.fr\\\/Blog\\\/wp-content\\\/uploads\\\/2025\\\/06\\\/Le-handicap-a-lecole-un-defi-pour-tous-les-acteurs-de-leducation.jpg\",\"width\":1344,\"height\":768,\"caption\":\"d\u00e9couvrez comment le handicap \u00e0 l'\u00e9cole repr\u00e9sente un d\u00e9fi majeur pour les \u00e9l\u00e8ves, les enseignants et les institutions \u00e9ducatives. explorez les solutions et les strat\u00e9gies pour favoriser l'inclusion et l'\u00e9galit\u00e9 des chances pour tous les \u00e9l\u00e8ves, quel que soit leur handicap.\"},{\"@type\":\"BreadcrumbList\",\"@id\":\"https:\\\/\\\/www.apres-lecole.fr\\\/Blog\\\/handicap-ecole-defi-education\\\/#breadcrumb\",\"itemListElement\":[{\"@type\":\"ListItem\",\"position\":1,\"name\":\"Home\",\"item\":\"https:\\\/\\\/www.apres-lecole.fr\\\/Blog\\\/\"},{\"@type\":\"ListItem\",\"position\":2,\"name\":\"Le handicap \u00e0 l&rsquo;\u00e9cole : un d\u00e9fi pour tous les acteurs de l&rsquo;\u00e9ducation\"}]},{\"@type\":\"WebSite\",\"@id\":\"https:\\\/\\\/www.apres-lecole.fr\\\/Blog\\\/#website\",\"url\":\"https:\\\/\\\/www.apres-lecole.fr\\\/Blog\\\/\",\"name\":\"\",\"description\":\"M\u00e9dia g\u00e9n\u00e9raliste\",\"potentialAction\":[{\"@type\":\"SearchAction\",\"target\":{\"@type\":\"EntryPoint\",\"urlTemplate\":\"https:\\\/\\\/www.apres-lecole.fr\\\/Blog\\\/?s={search_term_string}\"},\"query-input\":{\"@type\":\"PropertyValueSpecification\",\"valueRequired\":true,\"valueName\":\"search_term_string\"}}],\"inLanguage\":\"fr-FR\"},{\"@type\":\"Person\",\"@id\":\"https:\\\/\\\/www.apres-lecole.fr\\\/Blog\\\/#\\\/schema\\\/person\\\/aeb50cd4b51fc69da155804bb5bb9fc4\",\"name\":\"Eva Martin\",\"image\":{\"@type\":\"ImageObject\",\"inLanguage\":\"fr-FR\",\"@id\":\"https:\\\/\\\/secure.gravatar.com\\\/avatar\\\/55c53222558b27a72015a64073a80edce4abd33369394b9bf2c5cd6c19d12682?s=96&d=mm&r=g\",\"url\":\"https:\\\/\\\/secure.gravatar.com\\\/avatar\\\/55c53222558b27a72015a64073a80edce4abd33369394b9bf2c5cd6c19d12682?s=96&d=mm&r=g\",\"contentUrl\":\"https:\\\/\\\/secure.gravatar.com\\\/avatar\\\/55c53222558b27a72015a64073a80edce4abd33369394b9bf2c5cd6c19d12682?s=96&d=mm&r=g\",\"caption\":\"Eva Martin\"},\"description\":\"Je parle de business et d'entrepreneuriat avec des conseils clairs, concrets et actionnables pour r\u00e9ussir\",\"sameAs\":[\"https:\\\/\\\/x.com\\\/Evaapresecole\"],\"url\":\"https:\\\/\\\/www.apres-lecole.fr\\\/Blog\\\/author\\\/evamartin\\\/\"}]}<\/script>\n<!-- \/ Yoast SEO plugin. -->","yoast_head_json":{"title":"Le handicap \u00e0 l'\u00e9cole : un enjeu collectif pour l'\u00e9ducation","description":"D\u00e9couvrez comment le handicap \u00e0 l'\u00e9cole repr\u00e9sente un d\u00e9fi majeur pour enseignants, \u00e9l\u00e8ves et familles, et explorez des solutions inclusives.","robots":{"index":"index","follow":"follow","max-snippet":"max-snippet:-1","max-image-preview":"max-image-preview:large","max-video-preview":"max-video-preview:-1"},"canonical":"https:\/\/www.apres-lecole.fr\/Blog\/handicap-ecole-defi-education\/","og_locale":"fr_FR","og_type":"article","og_title":"Le handicap \u00e0 l'\u00e9cole : un enjeu collectif pour l'\u00e9ducation","og_description":"D\u00e9couvrez comment le handicap \u00e0 l'\u00e9cole repr\u00e9sente un d\u00e9fi majeur pour enseignants, \u00e9l\u00e8ves et familles, et explorez des solutions inclusives.","og_url":"https:\/\/www.apres-lecole.fr\/Blog\/handicap-ecole-defi-education\/","article_published_time":"2025-06-18T07:10:17+00:00","og_image":[{"width":1344,"height":768,"url":"https:\/\/www.apres-lecole.fr\/Blog\/wp-content\/uploads\/2025\/06\/Le-handicap-a-lecole-un-defi-pour-tous-les-acteurs-de-leducation.jpg","type":"image\/jpeg"}],"author":"Eva Martin","twitter_card":"summary_large_image","twitter_creator":"@Evaapresecole","twitter_misc":{"\u00c9crit par":"Eva Martin","Dur\u00e9e de lecture estim\u00e9e":"7 minutes"},"schema":{"@context":"https:\/\/schema.org","@graph":[{"@type":"Article","@id":"https:\/\/www.apres-lecole.fr\/Blog\/handicap-ecole-defi-education\/#article","isPartOf":{"@id":"https:\/\/www.apres-lecole.fr\/Blog\/handicap-ecole-defi-education\/"},"author":{"name":"Eva Martin","@id":"https:\/\/www.apres-lecole.fr\/Blog\/#\/schema\/person\/aeb50cd4b51fc69da155804bb5bb9fc4"},"headline":"Le handicap \u00e0 l&rsquo;\u00e9cole : un d\u00e9fi pour tous les acteurs de l&rsquo;\u00e9ducation","datePublished":"2025-06-18T07:10:17+00:00","mainEntityOfPage":{"@id":"https:\/\/www.apres-lecole.fr\/Blog\/handicap-ecole-defi-education\/"},"wordCount":1424,"commentCount":0,"image":{"@id":"https:\/\/www.apres-lecole.fr\/Blog\/handicap-ecole-defi-education\/#primaryimage"},"thumbnailUrl":"https:\/\/www.apres-lecole.fr\/Blog\/wp-content\/uploads\/2025\/06\/Le-handicap-a-lecole-un-defi-pour-tous-les-acteurs-de-leducation.jpg","keywords":["d\u00e9fi","\u00e9cole","\u00e9ducation","handicap","inclusion"],"articleSection":["Actualit\u00e9s"],"inLanguage":"fr-FR","potentialAction":[{"@type":"CommentAction","name":"Comment","target":["https:\/\/www.apres-lecole.fr\/Blog\/handicap-ecole-defi-education\/#respond"]}]},{"@type":"WebPage","@id":"https:\/\/www.apres-lecole.fr\/Blog\/handicap-ecole-defi-education\/","url":"https:\/\/www.apres-lecole.fr\/Blog\/handicap-ecole-defi-education\/","name":"Le handicap \u00e0 l'\u00e9cole : un enjeu collectif pour l'\u00e9ducation","isPartOf":{"@id":"https:\/\/www.apres-lecole.fr\/Blog\/#website"},"primaryImageOfPage":{"@id":"https:\/\/www.apres-lecole.fr\/Blog\/handicap-ecole-defi-education\/#primaryimage"},"image":{"@id":"https:\/\/www.apres-lecole.fr\/Blog\/handicap-ecole-defi-education\/#primaryimage"},"thumbnailUrl":"https:\/\/www.apres-lecole.fr\/Blog\/wp-content\/uploads\/2025\/06\/Le-handicap-a-lecole-un-defi-pour-tous-les-acteurs-de-leducation.jpg","datePublished":"2025-06-18T07:10:17+00:00","author":{"@id":"https:\/\/www.apres-lecole.fr\/Blog\/#\/schema\/person\/aeb50cd4b51fc69da155804bb5bb9fc4"},"description":"D\u00e9couvrez comment le handicap \u00e0 l'\u00e9cole repr\u00e9sente un d\u00e9fi majeur pour enseignants, \u00e9l\u00e8ves et familles, et explorez des solutions inclusives.","breadcrumb":{"@id":"https:\/\/www.apres-lecole.fr\/Blog\/handicap-ecole-defi-education\/#breadcrumb"},"inLanguage":"fr-FR","potentialAction":[{"@type":"ReadAction","target":["https:\/\/www.apres-lecole.fr\/Blog\/handicap-ecole-defi-education\/"]}]},{"@type":"ImageObject","inLanguage":"fr-FR","@id":"https:\/\/www.apres-lecole.fr\/Blog\/handicap-ecole-defi-education\/#primaryimage","url":"https:\/\/www.apres-lecole.fr\/Blog\/wp-content\/uploads\/2025\/06\/Le-handicap-a-lecole-un-defi-pour-tous-les-acteurs-de-leducation.jpg","contentUrl":"https:\/\/www.apres-lecole.fr\/Blog\/wp-content\/uploads\/2025\/06\/Le-handicap-a-lecole-un-defi-pour-tous-les-acteurs-de-leducation.jpg","width":1344,"height":768,"caption":"d\u00e9couvrez comment le handicap \u00e0 l'\u00e9cole repr\u00e9sente un d\u00e9fi majeur pour les \u00e9l\u00e8ves, les enseignants et les institutions \u00e9ducatives. explorez les solutions et les strat\u00e9gies pour favoriser l'inclusion et l'\u00e9galit\u00e9 des chances pour tous les \u00e9l\u00e8ves, quel que soit leur handicap."},{"@type":"BreadcrumbList","@id":"https:\/\/www.apres-lecole.fr\/Blog\/handicap-ecole-defi-education\/#breadcrumb","itemListElement":[{"@type":"ListItem","position":1,"name":"Home","item":"https:\/\/www.apres-lecole.fr\/Blog\/"},{"@type":"ListItem","position":2,"name":"Le handicap \u00e0 l&rsquo;\u00e9cole : un d\u00e9fi pour tous les acteurs de l&rsquo;\u00e9ducation"}]},{"@type":"WebSite","@id":"https:\/\/www.apres-lecole.fr\/Blog\/#website","url":"https:\/\/www.apres-lecole.fr\/Blog\/","name":"","description":"M\u00e9dia g\u00e9n\u00e9raliste","potentialAction":[{"@type":"SearchAction","target":{"@type":"EntryPoint","urlTemplate":"https:\/\/www.apres-lecole.fr\/Blog\/?s={search_term_string}"},"query-input":{"@type":"PropertyValueSpecification","valueRequired":true,"valueName":"search_term_string"}}],"inLanguage":"fr-FR"},{"@type":"Person","@id":"https:\/\/www.apres-lecole.fr\/Blog\/#\/schema\/person\/aeb50cd4b51fc69da155804bb5bb9fc4","name":"Eva Martin","image":{"@type":"ImageObject","inLanguage":"fr-FR","@id":"https:\/\/secure.gravatar.com\/avatar\/55c53222558b27a72015a64073a80edce4abd33369394b9bf2c5cd6c19d12682?s=96&d=mm&r=g","url":"https:\/\/secure.gravatar.com\/avatar\/55c53222558b27a72015a64073a80edce4abd33369394b9bf2c5cd6c19d12682?s=96&d=mm&r=g","contentUrl":"https:\/\/secure.gravatar.com\/avatar\/55c53222558b27a72015a64073a80edce4abd33369394b9bf2c5cd6c19d12682?s=96&d=mm&r=g","caption":"Eva Martin"},"description":"Je parle de business et d'entrepreneuriat avec des conseils clairs, concrets et actionnables pour r\u00e9ussir","sameAs":["https:\/\/x.com\/Evaapresecole"],"url":"https:\/\/www.apres-lecole.fr\/Blog\/author\/evamartin\/"}]}},"views":18,"_links":{"self":[{"href":"https:\/\/www.apres-lecole.fr\/Blog\/wp-json\/wp\/v2\/posts\/2025","targetHints":{"allow":["GET"]}}],"collection":[{"href":"https:\/\/www.apres-lecole.fr\/Blog\/wp-json\/wp\/v2\/posts"}],"about":[{"href":"https:\/\/www.apres-lecole.fr\/Blog\/wp-json\/wp\/v2\/types\/post"}],"author":[{"embeddable":true,"href":"https:\/\/www.apres-lecole.fr\/Blog\/wp-json\/wp\/v2\/users\/9"}],"replies":[{"embeddable":true,"href":"https:\/\/www.apres-lecole.fr\/Blog\/wp-json\/wp\/v2\/comments?post=2025"}],"version-history":[{"count":0,"href":"https:\/\/www.apres-lecole.fr\/Blog\/wp-json\/wp\/v2\/posts\/2025\/revisions"}],"wp:featuredmedia":[{"embeddable":true,"href":"https:\/\/www.apres-lecole.fr\/Blog\/wp-json\/wp\/v2\/media\/2024"}],"wp:attachment":[{"href":"https:\/\/www.apres-lecole.fr\/Blog\/wp-json\/wp\/v2\/media?parent=2025"}],"wp:term":[{"taxonomy":"category","embeddable":true,"href":"https:\/\/www.apres-lecole.fr\/Blog\/wp-json\/wp\/v2\/categories?post=2025"},{"taxonomy":"post_tag","embeddable":true,"href":"https:\/\/www.apres-lecole.fr\/Blog\/wp-json\/wp\/v2\/tags?post=2025"}],"curies":[{"name":"wp","href":"https:\/\/api.w.org\/{rel}","templated":true}]}}