{"id":2023,"date":"2025-06-17T07:23:54","date_gmt":"2025-06-17T07:23:54","guid":{"rendered":"https:\/\/www.apres-lecole.fr\/Blog\/vandalisme-ecole-victorien-bardoux\/"},"modified":"2025-06-17T07:23:54","modified_gmt":"2025-06-17T07:23:54","slug":"vandalisme-ecole-victorien-bardoux","status":"publish","type":"post","link":"https:\/\/www.apres-lecole.fr\/Blog\/vandalisme-ecole-victorien-bardoux\/","title":{"rendered":"Dumb\u00e9a : des actes de vandalisme \u00e0 l&rsquo;\u00e9cole Victorien Bardoux et du mat\u00e9riel d\u00e9rob\u00e9"},"content":{"rendered":"\n\n<div class=\"kk-star-ratings kksr-auto kksr-align-left kksr-valign-top\"\n    data-payload='{&quot;align&quot;:&quot;left&quot;,&quot;id&quot;:&quot;2023&quot;,&quot;slug&quot;:&quot;default&quot;,&quot;valign&quot;:&quot;top&quot;,&quot;ignore&quot;:&quot;&quot;,&quot;reference&quot;:&quot;auto&quot;,&quot;class&quot;:&quot;&quot;,&quot;count&quot;:&quot;0&quot;,&quot;legendonly&quot;:&quot;&quot;,&quot;readonly&quot;:&quot;&quot;,&quot;score&quot;:&quot;0&quot;,&quot;starsonly&quot;:&quot;&quot;,&quot;best&quot;:&quot;5&quot;,&quot;gap&quot;:&quot;5&quot;,&quot;greet&quot;:&quot;Rate this post&quot;,&quot;legend&quot;:&quot;0\\\/5 - (0 vote)&quot;,&quot;size&quot;:&quot;24&quot;,&quot;title&quot;:&quot;Dumb\u00e9a : des actes de vandalisme \u00e0 l\\u0026#039;\u00e9cole Victorien Bardoux et du mat\u00e9riel d\u00e9rob\u00e9&quot;,&quot;width&quot;:&quot;0&quot;,&quot;_legend&quot;:&quot;{score}\\\/{best} - ({count} {votes})&quot;,&quot;font_factor&quot;:&quot;1.25&quot;}'>\n            \n<div class=\"kksr-stars\">\n    \n<div class=\"kksr-stars-inactive\">\n            <div class=\"kksr-star\" data-star=\"1\" style=\"padding-right: 5px\">\n            \n\n<div class=\"kksr-icon\" style=\"width: 24px; height: 24px;\"><\/div>\n        <\/div>\n            <div class=\"kksr-star\" data-star=\"2\" style=\"padding-right: 5px\">\n            \n\n<div class=\"kksr-icon\" style=\"width: 24px; height: 24px;\"><\/div>\n        <\/div>\n            <div class=\"kksr-star\" data-star=\"3\" style=\"padding-right: 5px\">\n            \n\n<div class=\"kksr-icon\" style=\"width: 24px; height: 24px;\"><\/div>\n        <\/div>\n            <div class=\"kksr-star\" data-star=\"4\" style=\"padding-right: 5px\">\n            \n\n<div class=\"kksr-icon\" style=\"width: 24px; height: 24px;\"><\/div>\n        <\/div>\n            <div class=\"kksr-star\" data-star=\"5\" style=\"padding-right: 5px\">\n            \n\n<div class=\"kksr-icon\" style=\"width: 24px; height: 24px;\"><\/div>\n        <\/div>\n    <\/div>\n    \n<div class=\"kksr-stars-active\" style=\"width: 0px;\">\n            <div class=\"kksr-star\" style=\"padding-right: 5px\">\n            \n\n<div class=\"kksr-icon\" style=\"width: 24px; height: 24px;\"><\/div>\n        <\/div>\n            <div class=\"kksr-star\" style=\"padding-right: 5px\">\n            \n\n<div class=\"kksr-icon\" style=\"width: 24px; height: 24px;\"><\/div>\n        <\/div>\n            <div class=\"kksr-star\" style=\"padding-right: 5px\">\n            \n\n<div class=\"kksr-icon\" style=\"width: 24px; height: 24px;\"><\/div>\n        <\/div>\n            <div class=\"kksr-star\" style=\"padding-right: 5px\">\n            \n\n<div class=\"kksr-icon\" style=\"width: 24px; height: 24px;\"><\/div>\n        <\/div>\n            <div class=\"kksr-star\" style=\"padding-right: 5px\">\n            \n\n<div class=\"kksr-icon\" style=\"width: 24px; height: 24px;\"><\/div>\n        <\/div>\n    <\/div>\n<\/div>\n                \n\n<div class=\"kksr-legend\" style=\"font-size: 19.2px;\">\n            <span class=\"kksr-muted\">Rate this post<\/span>\n    <\/div>\n    <\/div>\n<p>Le r\u00e9cent vandalisme \u00e0 l\u2019\u00e9cole Victorien Bardoux, situ\u00e9e \u00e0 Dumb\u00e9a, met en lumi\u00e8re la lutte permanente contre la destruction du patrimoine \u00e9ducatif. Apr\u00e8s une vague d&rsquo;intrusions sur des \u00e9tablissements scolaires, cette affaire soul\u00e8ve des interrogations non seulement sur la s\u00e9curit\u00e9 des sites scolaires, mais aussi sur l&rsquo;\u00e9ducation des jeunes et la pr\u00e9vention des comportements d\u00e9lictueux. Malheureusement, cette situation n\u2019est pas isol\u00e9e et t\u00e9moigne d\u2019un probl\u00e8me plus profond ancr\u00e9 dans la soci\u00e9t\u00e9.<\/p>\n\n<h2 class=\"wp-block-heading\">Une intrusion inattendue \u00e0 l&rsquo;\u00e9cole Victorien Bardoux<\/h2>\n\n<p>Dans la nuit du week-end du 14 au 15 juin, l\u2019\u00e9cole primaire Victorien Bardoux a \u00e9t\u00e9 la cible d&rsquo;une intrusion. Les lieux, destin\u00e9s \u00e0 accueillir un centre de loisirs durant les vacances scolaires, ont subi des d\u00e9gradations et du mat\u00e9riel a \u00e9t\u00e9 d\u00e9rob\u00e9. Cet incident a caus\u00e9 une vive r\u00e9action au sein de la communaut\u00e9 \u00e9ducative et des parents, soucieux de la s\u00e9curit\u00e9 de leurs enfants.<\/p>\n\n<h3 class=\"wp-block-heading\">Les faits marquants de cette nuit-l\u00e0<\/h3>\n\n<p>Lors de cette nuit tragique, un ou plusieurs individus ont p\u00e9n\u00e9tr\u00e9 dans le b\u00e2timent. Bien qu&rsquo;aucune destruction majeure des infrastructures n\u2019ait \u00e9t\u00e9 rapport\u00e9e, des \u00e9quipements p\u00e9dagogiques de l\u2019association <strong>Les Villages de Magenta<\/strong>, qui s&rsquo;occupait des enfants \u00e2g\u00e9s de 3 \u00e0 13 ans, ont disparu. Les traces laiss\u00e9es derri\u00e8re eux t\u00e9moignent de leur passage :<strong><\/strong><\/p>\n\n<ul class=\"wp-block-list\"><li>Des traces de peinture retrouv\u00e9es dans la salle de motricit\u00e9 \ud83c\udfa8<\/li><li>Plusieurs objets utilis\u00e9s dans le cadre du centre a\u00e9r\u00e9 ont \u00e9t\u00e9 vol\u00e9s \ud83e\uddf8<\/li><li>Un mat\u00e9riel essentiel pour le bon fonctionnement des activit\u00e9s \u00e9ducatives fut emport\u00e9 \ud83d\udeb8<\/li><\/ul>\n\n<p>Ces faits soulignent un impact direct sur les enfants qui, en raison de ces actes de vandalisme, ont vu leur acc\u00e8s \u00e0 des activit\u00e9s \u00e9ducatives et r\u00e9cr\u00e9atives compromis. Qui pourrait penser que des jeunes, d&rsquo;une vingtaine d&rsquo;ann\u00e9es, pourraient s&rsquo;en prendre ainsi \u00e0 un lieu d\u00e9di\u00e9 \u00e0 l&rsquo;apprentissage et au d\u00e9veloppement de l\u2019enfance ? Ce type de comportement n\u00e9cessite une analyse approfondie.<\/p>\n\n<h3 class=\"wp-block-heading\">Le sentiment de s\u00e9curit\u00e9 \u00e0 Dumb\u00e9a<\/h3>\n\n<p>Patrice Cuer, le secr\u00e9taire g\u00e9n\u00e9ral de la mairie de Dumb\u00e9a, a exprim\u00e9 des pr\u00e9occupations quant \u00e0 la jeunesse des intrus. \u00ab\u00a0Je suppose qu&rsquo;ils sont tr\u00e8s jeunes, puisque leur agilit\u00e9 leur a permis de passer les barreaudages qui s\u00e9curisent les fen\u00eatres,\u00a0\u00bb a-t-il d\u00e9clar\u00e9. Cette situation attire l&rsquo;attention sur le probl\u00e8me du <strong>vandalisme<\/strong> et de la <strong>soci\u00e9t\u00e9<\/strong>, en se demandant ce qui pourrait bien pousser des jeunes \u00e0 adopter des comportements aussi destructeurs.<\/p>\n\n<h2 class=\"wp-block-heading\">La r\u00e9ponse de la municipalit\u00e9 face au vandalisme<\/h2>\n\n<p>Pour contrer ces actes de destruction, la mairie de Dumb\u00e9a a d\u00e9cid\u00e9 d&rsquo;intervenir rapidement. Une entreprise a \u00e9t\u00e9 mandat\u00e9e pour effectuer des r\u00e9parations d\u00e8s le lendemain, permettant ainsi au centre de loisirs de reprendre ses activit\u00e9s dans de bonnes conditions. Un exemple d&rsquo;efficacit\u00e9 municipale face \u00e0 cette situation d\u00e9licate qui exige des mesures plus robustes.<\/p>\n\n<h3 class=\"wp-block-heading\">Les mesures imm\u00e9diates mises en place<\/h3>\n\n<p>Les actions prises par la municipalit\u00e9 incluent : <\/p>\n\n<ul class=\"wp-block-list\"><li>R\u00e9paration rapide des d\u00e9g\u00e2ts constat\u00e9s \ud83d\udd28<\/li><li>Renforcement de la s\u00e9curit\u00e9 scolaire par des devis pour am\u00e9liorer les structures existantes \ud83d\udd12<\/li><li>Cr\u00e9ation de programmes de <strong>sensibilisation<\/strong> sur le respect des biens publics \ud83c\udfeb<\/li><\/ul>\n\n<p>Ces actions montrent la d\u00e9termination de la commune face \u00e0 une probl\u00e9matique croissante. Cependant, il est essentiel d&rsquo;aller au-del\u00e0 des r\u00e9parations physiques. La <strong>pr\u00e9vention<\/strong> et l\u2019<strong>\u00e9ducation<\/strong> doivent devenir une priorit\u00e9 pour \u00e9viter la r\u00e9currence de tels actes. Chaque membre de la communaut\u00e9 doit s&rsquo;impliquer dans cette lutte contre le vandalisme.<\/p>\n\n<h2 class=\"wp-block-heading\">La pr\u00e9vention du vandalisme : un enjeu soci\u00e9tal majeur<\/h2>\n\n<p>Ce n\u2019est un secret pour personne que le vandalisme est une probl\u00e9matique persistante qui impacte l\u2019\u00e9ducation et la s\u00e9curit\u00e9 des jeunes. Pour cette raison, il faut consid\u00e9rer des mesures de <strong>pr\u00e9vention<\/strong> efficaces. Des enqu\u00eates et \u00e9tudes ont montr\u00e9 que les comportements destructeurs peuvent souvent \u00eatre corrig\u00e9s gr\u00e2ce \u00e0 des programmes \u00e9ducatifs et une communaut\u00e9 engag\u00e9e.<\/p>\n\n<h3 class=\"wp-block-heading\">\u00c9duquer pour pr\u00e9venir<\/h3>\n\n<p>Les campagnes de sensibilisation \u00e0 destination des jeunes sont cruciales. Ces initiatives doivent aborder plusieurs axes :<\/p>\n\n<ul class=\"wp-block-list\"><li>Compr\u00e9hension des cons\u00e9quences du vandalisme sur la communaut\u00e9 \ud83c\udf0d<\/li><li>Ateliers de gestion des \u00e9motions et r\u00e9solution de conflits \u270c\ufe0f<\/li><li>Engagement de la jeunesse dans des projets communautaires \ud83d\udc6b<\/li><\/ul>\n\n<figure class=\"wp-block-table\"><table>\n<thead>\n<tr>\n<th>Actions<\/th>\n<th>Impact sur la communaut\u00e9<\/th>\n<th>Dur\u00e9e estim\u00e9e<\/th>\n<\/tr>\n<\/thead>\n<tbody>\n<tr>\n<td>Campagnes de sensibilisation<\/td>\n<td>Renforcement du lien communautaire<\/td>\n<td>6 mois<\/td>\n<\/tr>\n<tr>\n<td>Ateliers \u00e9ducatifs<\/td>\n<td>R\u00e9duction du vandalisme<\/td>\n<td>1 an<\/td>\n<\/tr>\n<tr>\n<td>Projets d\u2019engagement<\/td>\n<td>Sentiment d\u2019appartenance<\/td>\n<td>Ongoing<\/td>\n<\/tr>\n<\/tbody>\n<\/table><\/figure>\n\n<p>Ces efforts n\u00e9cessitent des ressources, mais sont indispensables pour adopter une culture de respect et de responsabilit\u00e9. La <strong>pr\u00e9vention<\/strong> ne peut fonctionner que si elle est soutenue par l\u2019ensemble de la population, et en particulier par les parents et \u00e9ducateurs.<\/p>\n\n<h2 class=\"wp-block-heading\">Rassembler la communaut\u00e9 pour un changement positif<\/h2>\n\n<p>Il est imp\u00e9ratif que l\u2019\u00e9cole Victorien Bardoux ne soit pas seulement un b\u00e2timent, mais un lieu d\u2019\u00e9change et de croissance pour les enfants de Dumb\u00e9a. Les parents, enseignants et municipalit\u00e9s doivent se rassembler pour tirer des le\u00e7ons de ce qui s\u2019est pass\u00e9. Un sentiment communautaire renforc\u00e9 peut agir comme un rempart contre les comportements destructeurs.<\/p>\n\n<h3 class=\"wp-block-heading\">Ensemble, pour un avenir radieux<\/h3>\n\n<p>Des initiatives peuvent \u00eatre con\u00e7ues pour encourager les jeunes \u00e0 s\u2019investir dans leur environnement :<\/p>\n\n<ul class=\"wp-block-list\"><li>Des journ\u00e9es portes ouvertes pour d\u00e9couvrir le centre de loisirs et l&rsquo;\u00e9cole \ud83c\udfeb<\/li><li>Cr\u00e9ation de comit\u00e9s de s\u00e9curit\u00e9 scolaire form\u00e9s de jeunes et d\u2019adultes \ud83d\udc65<\/li><li>\u00c9laboration d\u2019un code de bonne conduite \u00e0 l\u2019\u00e9cole \ud83d\udcdd<\/li><\/ul>\n\n<p>Ces perspectives ouvrent la voie \u00e0 un environnement plus s\u00e9curis\u00e9 et inclusif pour tous. La violence et l\u2019intrusion ne devraient jamais \u00eatre des r\u00e9alit\u00e9s \u00e0 l\u2019\u00e9cole. Devenir acteur de changement doit \u00eatre le mot d&rsquo;ordre pour chaque membre de la communaut\u00e9.<\/p>\n\n<h2 class=\"wp-block-heading\">FAQ<\/h2>\n\n<h3 class=\"wp-block-heading\">Quels types de mat\u00e9riel ont \u00e9t\u00e9 d\u00e9rob\u00e9s ?<\/h3>\n\n<p>Le mat\u00e9riel d\u00e9rob\u00e9 comprend des objets p\u00e9dagogiques utilis\u00e9s dans le cadre des activit\u00e9s du centre de loisirs, notamment des jeux et \u00e9quipements \u00e9ducatifs.<\/p>\n\n<h3 class=\"wp-block-heading\">Quelles mesures de s\u00e9curit\u00e9 vont \u00eatre mises en place ?<\/h3>\n\n<p>La mairie envisage de renforcer la s\u00e9curit\u00e9, notamment en am\u00e9liorant le barreaudage des fen\u00eatres et en installant des syst\u00e8mes d&rsquo;alarme plus efficaces.<\/p>\n\n<h3 class=\"wp-block-heading\">Comment les parents peuvent-ils s&rsquo;impliquer ?<\/h3>\n\n<p>Les parents peuvent participer \u00e0 des r\u00e9unions de sensibilisation, s&rsquo;impliquer dans des projets de b\u00e9n\u00e9volat et encourager leurs enfants \u00e0 respecter les b\u00e2timents publics.<\/p>\n\n<h3 class=\"wp-block-heading\">Y a-t-il des programmes \u00e9ducatifs en place ?<\/h3>\n\n<p>Oui, le d\u00e9veloppement de programmes de sensibilisation et d&rsquo;ateliers pour les jeunes est pr\u00e9vu pour \u00e9duquer sur les cons\u00e9quences du vandalisme.<\/p>\n\n<h3 class=\"wp-block-heading\">Comment se d\u00e9roule le processus de r\u00e9novation apr\u00e8s un acte de vandalisme ?<\/h3>\n\n<p>Une entreprise agr\u00e9\u00e9e est sollicit\u00e9e pour r\u00e9aliser les r\u00e9parations imm\u00e9diatement apr\u00e8s l&rsquo;incident, permettant ainsi un retour rapide \u00e0 la normale.<\/p>\n\n","protected":false},"excerpt":{"rendered":"<p>Le r\u00e9cent vandalisme \u00e0 l\u2019\u00e9cole Victorien Bardoux, situ\u00e9e \u00e0 Dumb\u00e9a, met en lumi\u00e8re la lutte permanente contre la destruction du patrimoine \u00e9ducatif. Apr\u00e8s une vague d&rsquo;intrusions sur des \u00e9tablissements scolaires, cette affaire soul\u00e8ve des interrogations non seulement sur la s\u00e9curit\u00e9 des sites scolaires, mais aussi sur l&rsquo;\u00e9ducation des jeunes et la pr\u00e9vention des comportements d\u00e9lictueux. &#8230; <a title=\"Dumb\u00e9a : des actes de vandalisme \u00e0 l&rsquo;\u00e9cole Victorien Bardoux et du mat\u00e9riel d\u00e9rob\u00e9\" class=\"read-more\" href=\"https:\/\/www.apres-lecole.fr\/Blog\/vandalisme-ecole-victorien-bardoux\/\" aria-label=\"En savoir plus sur Dumb\u00e9a : des actes de vandalisme \u00e0 l&rsquo;\u00e9cole Victorien Bardoux et du mat\u00e9riel d\u00e9rob\u00e9\">Lire plus<\/a><\/p>\n","protected":false},"author":9,"featured_media":2022,"comment_status":"open","ping_status":"open","sticky":false,"template":"","format":"standard","meta":{"footnotes":""},"categories":[342],"tags":[1096,1092,1094,1095,1093],"class_list":["post-2023","post","type-post","status-publish","format-standard","has-post-thumbnail","hentry","category-actualites","tag-actes-criminels","tag-dumbea","tag-ecole-victorien-bardoux","tag-materiel-derobe","tag-vandalisme"],"yoast_head":"<!-- This site is optimized with the Yoast SEO plugin v27.5 - https:\/\/yoast.com\/product\/yoast-seo-wordpress\/ -->\n<title>Dumb\u00e9a : vandalisme et vol \u00e0 l&#039;\u00e9cole Victorien Bardoux<\/title>\n<meta name=\"description\" content=\"Dumb\u00e9a : vandalisme \u00e0 l&#039;\u00e9cole Victorien Bardoux, du mat\u00e9riel vol\u00e9. D\u00e9couvrez les faits et les cons\u00e9quences pour l&#039;\u00e9tablissement.\" \/>\n<meta name=\"robots\" content=\"index, follow, max-snippet:-1, max-image-preview:large, max-video-preview:-1\" \/>\n<link rel=\"canonical\" href=\"https:\/\/www.apres-lecole.fr\/Blog\/vandalisme-ecole-victorien-bardoux\/\" \/>\n<meta property=\"og:locale\" content=\"fr_FR\" \/>\n<meta property=\"og:type\" content=\"article\" \/>\n<meta property=\"og:title\" content=\"Dumb\u00e9a : vandalisme et vol \u00e0 l&#039;\u00e9cole Victorien Bardoux\" \/>\n<meta property=\"og:description\" content=\"Dumb\u00e9a : vandalisme \u00e0 l&#039;\u00e9cole Victorien Bardoux, du mat\u00e9riel vol\u00e9. D\u00e9couvrez les faits et les cons\u00e9quences pour l&#039;\u00e9tablissement.\" \/>\n<meta property=\"og:url\" content=\"https:\/\/www.apres-lecole.fr\/Blog\/vandalisme-ecole-victorien-bardoux\/\" \/>\n<meta property=\"article:published_time\" content=\"2025-06-17T07:23:54+00:00\" \/>\n<meta property=\"og:image\" content=\"https:\/\/www.apres-lecole.fr\/Blog\/wp-content\/uploads\/2025\/06\/Dumbea-des-actes-de-vandalisme-a-lecole-Victorien-Bardoux-et-du-materiel-derobe.jpg\" \/>\n\t<meta property=\"og:image:width\" content=\"1344\" \/>\n\t<meta property=\"og:image:height\" content=\"768\" \/>\n\t<meta property=\"og:image:type\" content=\"image\/jpeg\" \/>\n<meta name=\"author\" content=\"Eva Martin\" \/>\n<meta name=\"twitter:card\" content=\"summary_large_image\" \/>\n<meta name=\"twitter:creator\" content=\"@Evaapresecole\" \/>\n<meta name=\"twitter:label1\" content=\"\u00c9crit par\" \/>\n\t<meta name=\"twitter:data1\" content=\"Eva Martin\" \/>\n\t<meta name=\"twitter:label2\" content=\"Dur\u00e9e de lecture estim\u00e9e\" \/>\n\t<meta name=\"twitter:data2\" content=\"6 minutes\" \/>\n<script type=\"application\/ld+json\" class=\"yoast-schema-graph\">{\"@context\":\"https:\\\/\\\/schema.org\",\"@graph\":[{\"@type\":\"Article\",\"@id\":\"https:\\\/\\\/www.apres-lecole.fr\\\/Blog\\\/vandalisme-ecole-victorien-bardoux\\\/#article\",\"isPartOf\":{\"@id\":\"https:\\\/\\\/www.apres-lecole.fr\\\/Blog\\\/vandalisme-ecole-victorien-bardoux\\\/\"},\"author\":{\"name\":\"Eva Martin\",\"@id\":\"https:\\\/\\\/www.apres-lecole.fr\\\/Blog\\\/#\\\/schema\\\/person\\\/aeb50cd4b51fc69da155804bb5bb9fc4\"},\"headline\":\"Dumb\u00e9a : des actes de vandalisme \u00e0 l&rsquo;\u00e9cole Victorien Bardoux et du mat\u00e9riel d\u00e9rob\u00e9\",\"datePublished\":\"2025-06-17T07:23:54+00:00\",\"mainEntityOfPage\":{\"@id\":\"https:\\\/\\\/www.apres-lecole.fr\\\/Blog\\\/vandalisme-ecole-victorien-bardoux\\\/\"},\"wordCount\":1180,\"commentCount\":0,\"image\":{\"@id\":\"https:\\\/\\\/www.apres-lecole.fr\\\/Blog\\\/vandalisme-ecole-victorien-bardoux\\\/#primaryimage\"},\"thumbnailUrl\":\"https:\\\/\\\/www.apres-lecole.fr\\\/Blog\\\/wp-content\\\/uploads\\\/2025\\\/06\\\/Dumbea-des-actes-de-vandalisme-a-lecole-Victorien-Bardoux-et-du-materiel-derobe.jpg\",\"keywords\":[\"actes criminels\",\"dumb\u00e9a\",\"\u00e9cole victorien bardoux\",\"mat\u00e9riel d\u00e9rob\u00e9\",\"vandalisme\"],\"articleSection\":[\"Actualit\u00e9s\"],\"inLanguage\":\"fr-FR\",\"potentialAction\":[{\"@type\":\"CommentAction\",\"name\":\"Comment\",\"target\":[\"https:\\\/\\\/www.apres-lecole.fr\\\/Blog\\\/vandalisme-ecole-victorien-bardoux\\\/#respond\"]}]},{\"@type\":\"WebPage\",\"@id\":\"https:\\\/\\\/www.apres-lecole.fr\\\/Blog\\\/vandalisme-ecole-victorien-bardoux\\\/\",\"url\":\"https:\\\/\\\/www.apres-lecole.fr\\\/Blog\\\/vandalisme-ecole-victorien-bardoux\\\/\",\"name\":\"Dumb\u00e9a : vandalisme et vol \u00e0 l'\u00e9cole Victorien Bardoux\",\"isPartOf\":{\"@id\":\"https:\\\/\\\/www.apres-lecole.fr\\\/Blog\\\/#website\"},\"primaryImageOfPage\":{\"@id\":\"https:\\\/\\\/www.apres-lecole.fr\\\/Blog\\\/vandalisme-ecole-victorien-bardoux\\\/#primaryimage\"},\"image\":{\"@id\":\"https:\\\/\\\/www.apres-lecole.fr\\\/Blog\\\/vandalisme-ecole-victorien-bardoux\\\/#primaryimage\"},\"thumbnailUrl\":\"https:\\\/\\\/www.apres-lecole.fr\\\/Blog\\\/wp-content\\\/uploads\\\/2025\\\/06\\\/Dumbea-des-actes-de-vandalisme-a-lecole-Victorien-Bardoux-et-du-materiel-derobe.jpg\",\"datePublished\":\"2025-06-17T07:23:54+00:00\",\"author\":{\"@id\":\"https:\\\/\\\/www.apres-lecole.fr\\\/Blog\\\/#\\\/schema\\\/person\\\/aeb50cd4b51fc69da155804bb5bb9fc4\"},\"description\":\"Dumb\u00e9a : vandalisme \u00e0 l'\u00e9cole Victorien Bardoux, du mat\u00e9riel vol\u00e9. D\u00e9couvrez les faits et les cons\u00e9quences pour l'\u00e9tablissement.\",\"breadcrumb\":{\"@id\":\"https:\\\/\\\/www.apres-lecole.fr\\\/Blog\\\/vandalisme-ecole-victorien-bardoux\\\/#breadcrumb\"},\"inLanguage\":\"fr-FR\",\"potentialAction\":[{\"@type\":\"ReadAction\",\"target\":[\"https:\\\/\\\/www.apres-lecole.fr\\\/Blog\\\/vandalisme-ecole-victorien-bardoux\\\/\"]}]},{\"@type\":\"ImageObject\",\"inLanguage\":\"fr-FR\",\"@id\":\"https:\\\/\\\/www.apres-lecole.fr\\\/Blog\\\/vandalisme-ecole-victorien-bardoux\\\/#primaryimage\",\"url\":\"https:\\\/\\\/www.apres-lecole.fr\\\/Blog\\\/wp-content\\\/uploads\\\/2025\\\/06\\\/Dumbea-des-actes-de-vandalisme-a-lecole-Victorien-Bardoux-et-du-materiel-derobe.jpg\",\"contentUrl\":\"https:\\\/\\\/www.apres-lecole.fr\\\/Blog\\\/wp-content\\\/uploads\\\/2025\\\/06\\\/Dumbea-des-actes-de-vandalisme-a-lecole-Victorien-Bardoux-et-du-materiel-derobe.jpg\",\"width\":1344,\"height\":768,\"caption\":\"d\u00e9couvrez les r\u00e9cents actes de vandalisme survenus \u00e0 l'\u00e9cole victorien bardoux \u00e0 dumb\u00e9a, o\u00f9 du mat\u00e9riel a \u00e9t\u00e9 d\u00e9rob\u00e9. analyse des impacts sur la communaut\u00e9 scolaire et les mesures prises pour am\u00e9liorer la s\u00e9curit\u00e9.\"},{\"@type\":\"BreadcrumbList\",\"@id\":\"https:\\\/\\\/www.apres-lecole.fr\\\/Blog\\\/vandalisme-ecole-victorien-bardoux\\\/#breadcrumb\",\"itemListElement\":[{\"@type\":\"ListItem\",\"position\":1,\"name\":\"Home\",\"item\":\"https:\\\/\\\/www.apres-lecole.fr\\\/Blog\\\/\"},{\"@type\":\"ListItem\",\"position\":2,\"name\":\"Dumb\u00e9a : des actes de vandalisme \u00e0 l&rsquo;\u00e9cole Victorien Bardoux et du mat\u00e9riel d\u00e9rob\u00e9\"}]},{\"@type\":\"WebSite\",\"@id\":\"https:\\\/\\\/www.apres-lecole.fr\\\/Blog\\\/#website\",\"url\":\"https:\\\/\\\/www.apres-lecole.fr\\\/Blog\\\/\",\"name\":\"\",\"description\":\"M\u00e9dia g\u00e9n\u00e9raliste\",\"potentialAction\":[{\"@type\":\"SearchAction\",\"target\":{\"@type\":\"EntryPoint\",\"urlTemplate\":\"https:\\\/\\\/www.apres-lecole.fr\\\/Blog\\\/?s={search_term_string}\"},\"query-input\":{\"@type\":\"PropertyValueSpecification\",\"valueRequired\":true,\"valueName\":\"search_term_string\"}}],\"inLanguage\":\"fr-FR\"},{\"@type\":\"Person\",\"@id\":\"https:\\\/\\\/www.apres-lecole.fr\\\/Blog\\\/#\\\/schema\\\/person\\\/aeb50cd4b51fc69da155804bb5bb9fc4\",\"name\":\"Eva Martin\",\"image\":{\"@type\":\"ImageObject\",\"inLanguage\":\"fr-FR\",\"@id\":\"https:\\\/\\\/secure.gravatar.com\\\/avatar\\\/55c53222558b27a72015a64073a80edce4abd33369394b9bf2c5cd6c19d12682?s=96&d=mm&r=g\",\"url\":\"https:\\\/\\\/secure.gravatar.com\\\/avatar\\\/55c53222558b27a72015a64073a80edce4abd33369394b9bf2c5cd6c19d12682?s=96&d=mm&r=g\",\"contentUrl\":\"https:\\\/\\\/secure.gravatar.com\\\/avatar\\\/55c53222558b27a72015a64073a80edce4abd33369394b9bf2c5cd6c19d12682?s=96&d=mm&r=g\",\"caption\":\"Eva Martin\"},\"description\":\"Je parle de business et d'entrepreneuriat avec des conseils clairs, concrets et actionnables pour r\u00e9ussir\",\"sameAs\":[\"https:\\\/\\\/x.com\\\/Evaapresecole\"],\"url\":\"https:\\\/\\\/www.apres-lecole.fr\\\/Blog\\\/author\\\/evamartin\\\/\"}]}<\/script>\n<!-- \/ Yoast SEO plugin. -->","yoast_head_json":{"title":"Dumb\u00e9a : vandalisme et vol \u00e0 l'\u00e9cole Victorien Bardoux","description":"Dumb\u00e9a : vandalisme \u00e0 l'\u00e9cole Victorien Bardoux, du mat\u00e9riel vol\u00e9. D\u00e9couvrez les faits et les cons\u00e9quences pour l'\u00e9tablissement.","robots":{"index":"index","follow":"follow","max-snippet":"max-snippet:-1","max-image-preview":"max-image-preview:large","max-video-preview":"max-video-preview:-1"},"canonical":"https:\/\/www.apres-lecole.fr\/Blog\/vandalisme-ecole-victorien-bardoux\/","og_locale":"fr_FR","og_type":"article","og_title":"Dumb\u00e9a : vandalisme et vol \u00e0 l'\u00e9cole Victorien Bardoux","og_description":"Dumb\u00e9a : vandalisme \u00e0 l'\u00e9cole Victorien Bardoux, du mat\u00e9riel vol\u00e9. D\u00e9couvrez les faits et les cons\u00e9quences pour l'\u00e9tablissement.","og_url":"https:\/\/www.apres-lecole.fr\/Blog\/vandalisme-ecole-victorien-bardoux\/","article_published_time":"2025-06-17T07:23:54+00:00","og_image":[{"width":1344,"height":768,"url":"https:\/\/www.apres-lecole.fr\/Blog\/wp-content\/uploads\/2025\/06\/Dumbea-des-actes-de-vandalisme-a-lecole-Victorien-Bardoux-et-du-materiel-derobe.jpg","type":"image\/jpeg"}],"author":"Eva Martin","twitter_card":"summary_large_image","twitter_creator":"@Evaapresecole","twitter_misc":{"\u00c9crit par":"Eva Martin","Dur\u00e9e de lecture estim\u00e9e":"6 minutes"},"schema":{"@context":"https:\/\/schema.org","@graph":[{"@type":"Article","@id":"https:\/\/www.apres-lecole.fr\/Blog\/vandalisme-ecole-victorien-bardoux\/#article","isPartOf":{"@id":"https:\/\/www.apres-lecole.fr\/Blog\/vandalisme-ecole-victorien-bardoux\/"},"author":{"name":"Eva Martin","@id":"https:\/\/www.apres-lecole.fr\/Blog\/#\/schema\/person\/aeb50cd4b51fc69da155804bb5bb9fc4"},"headline":"Dumb\u00e9a : des actes de vandalisme \u00e0 l&rsquo;\u00e9cole Victorien Bardoux et du mat\u00e9riel d\u00e9rob\u00e9","datePublished":"2025-06-17T07:23:54+00:00","mainEntityOfPage":{"@id":"https:\/\/www.apres-lecole.fr\/Blog\/vandalisme-ecole-victorien-bardoux\/"},"wordCount":1180,"commentCount":0,"image":{"@id":"https:\/\/www.apres-lecole.fr\/Blog\/vandalisme-ecole-victorien-bardoux\/#primaryimage"},"thumbnailUrl":"https:\/\/www.apres-lecole.fr\/Blog\/wp-content\/uploads\/2025\/06\/Dumbea-des-actes-de-vandalisme-a-lecole-Victorien-Bardoux-et-du-materiel-derobe.jpg","keywords":["actes criminels","dumb\u00e9a","\u00e9cole victorien bardoux","mat\u00e9riel d\u00e9rob\u00e9","vandalisme"],"articleSection":["Actualit\u00e9s"],"inLanguage":"fr-FR","potentialAction":[{"@type":"CommentAction","name":"Comment","target":["https:\/\/www.apres-lecole.fr\/Blog\/vandalisme-ecole-victorien-bardoux\/#respond"]}]},{"@type":"WebPage","@id":"https:\/\/www.apres-lecole.fr\/Blog\/vandalisme-ecole-victorien-bardoux\/","url":"https:\/\/www.apres-lecole.fr\/Blog\/vandalisme-ecole-victorien-bardoux\/","name":"Dumb\u00e9a : vandalisme et vol \u00e0 l'\u00e9cole Victorien Bardoux","isPartOf":{"@id":"https:\/\/www.apres-lecole.fr\/Blog\/#website"},"primaryImageOfPage":{"@id":"https:\/\/www.apres-lecole.fr\/Blog\/vandalisme-ecole-victorien-bardoux\/#primaryimage"},"image":{"@id":"https:\/\/www.apres-lecole.fr\/Blog\/vandalisme-ecole-victorien-bardoux\/#primaryimage"},"thumbnailUrl":"https:\/\/www.apres-lecole.fr\/Blog\/wp-content\/uploads\/2025\/06\/Dumbea-des-actes-de-vandalisme-a-lecole-Victorien-Bardoux-et-du-materiel-derobe.jpg","datePublished":"2025-06-17T07:23:54+00:00","author":{"@id":"https:\/\/www.apres-lecole.fr\/Blog\/#\/schema\/person\/aeb50cd4b51fc69da155804bb5bb9fc4"},"description":"Dumb\u00e9a : vandalisme \u00e0 l'\u00e9cole Victorien Bardoux, du mat\u00e9riel vol\u00e9. D\u00e9couvrez les faits et les cons\u00e9quences pour l'\u00e9tablissement.","breadcrumb":{"@id":"https:\/\/www.apres-lecole.fr\/Blog\/vandalisme-ecole-victorien-bardoux\/#breadcrumb"},"inLanguage":"fr-FR","potentialAction":[{"@type":"ReadAction","target":["https:\/\/www.apres-lecole.fr\/Blog\/vandalisme-ecole-victorien-bardoux\/"]}]},{"@type":"ImageObject","inLanguage":"fr-FR","@id":"https:\/\/www.apres-lecole.fr\/Blog\/vandalisme-ecole-victorien-bardoux\/#primaryimage","url":"https:\/\/www.apres-lecole.fr\/Blog\/wp-content\/uploads\/2025\/06\/Dumbea-des-actes-de-vandalisme-a-lecole-Victorien-Bardoux-et-du-materiel-derobe.jpg","contentUrl":"https:\/\/www.apres-lecole.fr\/Blog\/wp-content\/uploads\/2025\/06\/Dumbea-des-actes-de-vandalisme-a-lecole-Victorien-Bardoux-et-du-materiel-derobe.jpg","width":1344,"height":768,"caption":"d\u00e9couvrez les r\u00e9cents actes de vandalisme survenus \u00e0 l'\u00e9cole victorien bardoux \u00e0 dumb\u00e9a, o\u00f9 du mat\u00e9riel a \u00e9t\u00e9 d\u00e9rob\u00e9. analyse des impacts sur la communaut\u00e9 scolaire et les mesures prises pour am\u00e9liorer la s\u00e9curit\u00e9."},{"@type":"BreadcrumbList","@id":"https:\/\/www.apres-lecole.fr\/Blog\/vandalisme-ecole-victorien-bardoux\/#breadcrumb","itemListElement":[{"@type":"ListItem","position":1,"name":"Home","item":"https:\/\/www.apres-lecole.fr\/Blog\/"},{"@type":"ListItem","position":2,"name":"Dumb\u00e9a : des actes de vandalisme \u00e0 l&rsquo;\u00e9cole Victorien Bardoux et du mat\u00e9riel d\u00e9rob\u00e9"}]},{"@type":"WebSite","@id":"https:\/\/www.apres-lecole.fr\/Blog\/#website","url":"https:\/\/www.apres-lecole.fr\/Blog\/","name":"","description":"M\u00e9dia g\u00e9n\u00e9raliste","potentialAction":[{"@type":"SearchAction","target":{"@type":"EntryPoint","urlTemplate":"https:\/\/www.apres-lecole.fr\/Blog\/?s={search_term_string}"},"query-input":{"@type":"PropertyValueSpecification","valueRequired":true,"valueName":"search_term_string"}}],"inLanguage":"fr-FR"},{"@type":"Person","@id":"https:\/\/www.apres-lecole.fr\/Blog\/#\/schema\/person\/aeb50cd4b51fc69da155804bb5bb9fc4","name":"Eva Martin","image":{"@type":"ImageObject","inLanguage":"fr-FR","@id":"https:\/\/secure.gravatar.com\/avatar\/55c53222558b27a72015a64073a80edce4abd33369394b9bf2c5cd6c19d12682?s=96&d=mm&r=g","url":"https:\/\/secure.gravatar.com\/avatar\/55c53222558b27a72015a64073a80edce4abd33369394b9bf2c5cd6c19d12682?s=96&d=mm&r=g","contentUrl":"https:\/\/secure.gravatar.com\/avatar\/55c53222558b27a72015a64073a80edce4abd33369394b9bf2c5cd6c19d12682?s=96&d=mm&r=g","caption":"Eva Martin"},"description":"Je parle de business et d'entrepreneuriat avec des conseils clairs, concrets et actionnables pour r\u00e9ussir","sameAs":["https:\/\/x.com\/Evaapresecole"],"url":"https:\/\/www.apres-lecole.fr\/Blog\/author\/evamartin\/"}]}},"views":4,"_links":{"self":[{"href":"https:\/\/www.apres-lecole.fr\/Blog\/wp-json\/wp\/v2\/posts\/2023","targetHints":{"allow":["GET"]}}],"collection":[{"href":"https:\/\/www.apres-lecole.fr\/Blog\/wp-json\/wp\/v2\/posts"}],"about":[{"href":"https:\/\/www.apres-lecole.fr\/Blog\/wp-json\/wp\/v2\/types\/post"}],"author":[{"embeddable":true,"href":"https:\/\/www.apres-lecole.fr\/Blog\/wp-json\/wp\/v2\/users\/9"}],"replies":[{"embeddable":true,"href":"https:\/\/www.apres-lecole.fr\/Blog\/wp-json\/wp\/v2\/comments?post=2023"}],"version-history":[{"count":0,"href":"https:\/\/www.apres-lecole.fr\/Blog\/wp-json\/wp\/v2\/posts\/2023\/revisions"}],"wp:featuredmedia":[{"embeddable":true,"href":"https:\/\/www.apres-lecole.fr\/Blog\/wp-json\/wp\/v2\/media\/2022"}],"wp:attachment":[{"href":"https:\/\/www.apres-lecole.fr\/Blog\/wp-json\/wp\/v2\/media?parent=2023"}],"wp:term":[{"taxonomy":"category","embeddable":true,"href":"https:\/\/www.apres-lecole.fr\/Blog\/wp-json\/wp\/v2\/categories?post=2023"},{"taxonomy":"post_tag","embeddable":true,"href":"https:\/\/www.apres-lecole.fr\/Blog\/wp-json\/wp\/v2\/tags?post=2023"}],"curies":[{"name":"wp","href":"https:\/\/api.w.org\/{rel}","templated":true}]}}