{"id":2021,"date":"2025-06-16T08:17:48","date_gmt":"2025-06-16T08:17:48","guid":{"rendered":"https:\/\/www.apres-lecole.fr\/Blog\/sahorre-malaise-ecole\/"},"modified":"2025-06-16T08:17:48","modified_gmt":"2025-06-16T08:17:48","slug":"sahorre-malaise-ecole","status":"publish","type":"post","link":"https:\/\/www.apres-lecole.fr\/Blog\/sahorre-malaise-ecole\/","title":{"rendered":"Sahorre : malaise au sein de l&rsquo;\u00e9cole des Pyr\u00e9n\u00e9es-Orientales"},"content":{"rendered":"\n\n<div class=\"kk-star-ratings kksr-auto kksr-align-left kksr-valign-top\"\n    data-payload='{&quot;align&quot;:&quot;left&quot;,&quot;id&quot;:&quot;2021&quot;,&quot;slug&quot;:&quot;default&quot;,&quot;valign&quot;:&quot;top&quot;,&quot;ignore&quot;:&quot;&quot;,&quot;reference&quot;:&quot;auto&quot;,&quot;class&quot;:&quot;&quot;,&quot;count&quot;:&quot;0&quot;,&quot;legendonly&quot;:&quot;&quot;,&quot;readonly&quot;:&quot;&quot;,&quot;score&quot;:&quot;0&quot;,&quot;starsonly&quot;:&quot;&quot;,&quot;best&quot;:&quot;5&quot;,&quot;gap&quot;:&quot;5&quot;,&quot;greet&quot;:&quot;Rate this post&quot;,&quot;legend&quot;:&quot;0\\\/5 - (0 vote)&quot;,&quot;size&quot;:&quot;24&quot;,&quot;title&quot;:&quot;Sahorre : malaise au sein de l\\u0026#039;\u00e9cole des Pyr\u00e9n\u00e9es-Orientales&quot;,&quot;width&quot;:&quot;0&quot;,&quot;_legend&quot;:&quot;{score}\\\/{best} - ({count} {votes})&quot;,&quot;font_factor&quot;:&quot;1.25&quot;}'>\n            \n<div class=\"kksr-stars\">\n    \n<div class=\"kksr-stars-inactive\">\n            <div class=\"kksr-star\" data-star=\"1\" style=\"padding-right: 5px\">\n            \n\n<div class=\"kksr-icon\" style=\"width: 24px; height: 24px;\"><\/div>\n        <\/div>\n            <div class=\"kksr-star\" data-star=\"2\" style=\"padding-right: 5px\">\n            \n\n<div class=\"kksr-icon\" style=\"width: 24px; height: 24px;\"><\/div>\n        <\/div>\n            <div class=\"kksr-star\" data-star=\"3\" style=\"padding-right: 5px\">\n            \n\n<div class=\"kksr-icon\" style=\"width: 24px; height: 24px;\"><\/div>\n        <\/div>\n            <div class=\"kksr-star\" data-star=\"4\" style=\"padding-right: 5px\">\n            \n\n<div class=\"kksr-icon\" style=\"width: 24px; height: 24px;\"><\/div>\n        <\/div>\n            <div class=\"kksr-star\" data-star=\"5\" style=\"padding-right: 5px\">\n            \n\n<div class=\"kksr-icon\" style=\"width: 24px; height: 24px;\"><\/div>\n        <\/div>\n    <\/div>\n    \n<div class=\"kksr-stars-active\" style=\"width: 0px;\">\n            <div class=\"kksr-star\" style=\"padding-right: 5px\">\n            \n\n<div class=\"kksr-icon\" style=\"width: 24px; height: 24px;\"><\/div>\n        <\/div>\n            <div class=\"kksr-star\" style=\"padding-right: 5px\">\n            \n\n<div class=\"kksr-icon\" style=\"width: 24px; height: 24px;\"><\/div>\n        <\/div>\n            <div class=\"kksr-star\" style=\"padding-right: 5px\">\n            \n\n<div class=\"kksr-icon\" style=\"width: 24px; height: 24px;\"><\/div>\n        <\/div>\n            <div class=\"kksr-star\" style=\"padding-right: 5px\">\n            \n\n<div class=\"kksr-icon\" style=\"width: 24px; height: 24px;\"><\/div>\n        <\/div>\n            <div class=\"kksr-star\" style=\"padding-right: 5px\">\n            \n\n<div class=\"kksr-icon\" style=\"width: 24px; height: 24px;\"><\/div>\n        <\/div>\n    <\/div>\n<\/div>\n                \n\n<div class=\"kksr-legend\" style=\"font-size: 19.2px;\">\n            <span class=\"kksr-muted\">Rate this post<\/span>\n    <\/div>\n    <\/div>\n<p>La situation \u00e0 l&rsquo;\u00e9cole de Sahorre, petite commune nich\u00e9e dans les magnifiques Pyr\u00e9n\u00e9es-Orientales, soul\u00e8ve de vives inqui\u00e9tudes. En ce samedi 14 juin, pr\u00e8s de 30 parents et \u00e9lus se sont r\u00e9unis avec un besoin urgent de faire entendre leur voix face \u00e0 des ressentis de traitements et de propos humiliants rapport\u00e9s par leurs enfants. Ils se sont dirig\u00e9s vers l&rsquo;office de tourisme de Prades, puis se sont rendus devant les bureaux de l&rsquo;inspection acad\u00e9mique, portant des pancartes et des \u00e9charpes tricolores. Cet \u00e9v\u00e9nement t\u00e9moigne d&rsquo;un malaise aigu au sein de l&rsquo;\u00e9tablissement et d&rsquo;une mobilisation croissante des familles et des \u00e9lus face \u00e0 une r\u00e9alit\u00e9 peut-\u00eatre plus pr\u00e9occupante qu&rsquo;elle n&rsquo;y para\u00eet. Avec une vingtaine de familles ayant retir\u00e9 ou n&rsquo;ayant pas inscrit leurs enfants \u00e0 l&rsquo;\u00e9cole ces deux derni\u00e8res ann\u00e9es, cela repr\u00e9sente presque la moiti\u00e9 d&rsquo;une g\u00e9n\u00e9ration.<\/p>\n\n<h2 class=\"wp-block-heading\">Un malaise profond : les raisons d&rsquo;une mobilisation<\/h2>\n\n<p>Ce sentiment de malaise n&rsquo;est pas anodin. Qu&rsquo;est-ce qui peut conduire des parents \u00e0 ressentir une telle d\u00e9tresse concernant la scolarit\u00e9 de leurs enfants ? Les t\u00e9moignages recueillis mettent au jour plusieurs probl\u00e8mes fondamentaux. Les enfants, eux, parlent de discriminations, de conflits entre \u00e9l\u00e8ves, mais aussi avec certains enseignants. Ainsi, une situation que l&rsquo;on pourrait croire isol\u00e9e pourrait potentiellement devenir un v\u00e9ritable fl\u00e9au si des mesures concr\u00e8tes ne sont pas rapidement mises en place.<\/p>\n\n<h3 class=\"wp-block-heading\">Des plaintes et des t\u00e9moignages qui s&rsquo;accumulent<\/h3>\n\n<p>Depuis ces derniers mois, les plaintes se multiplient, dont huit ont \u00e9t\u00e9 d\u00e9pos\u00e9es en gendarmerie, accompagn\u00e9es d&rsquo;une trentaine de t\u00e9moignages. Les familles ont engag\u00e9 une action collective, allant m\u00eame jusqu&rsquo;\u00e0 cr\u00e9er une association pour d\u00e9fendre leurs droits et faire entendre leurs pr\u00e9occupations. L&rsquo;absence de communication efficace entre les parents et les \u00e9quipes p\u00e9dagogiques est d\u00e9cri\u00e9e comme un probl\u00e8me central. D&rsquo;ailleurs, Olivier Gravas, le maire de Sahorre, a soulign\u00e9 l&rsquo;importance de l&rsquo;\u00e9coute et de l&rsquo;\u00e9change entre les diff\u00e9rentes parties prenantes pour am\u00e9liorer la situation. Dans cette m\u00eame lign\u00e9e, l&rsquo;anxi\u00e9t\u00e9 palpable des familles t\u00e9moigne d&rsquo;une profonde d\u00e9ception face aux m\u00e9canismes de l&rsquo;\u00e9ducation nationale, qui n&rsquo;a pas encore sembl\u00e9 prendre la mesure du probl\u00e8me.<\/p>\n\n<h3 class=\"wp-block-heading\">L&rsquo;importance de la collaboration entre parents et enseignants<\/h3>\n\n<p>Les \u00e9changes doivent \u00eatre fructueux et b\u00e2tir une communication honn\u00eate. Pour qu&rsquo;une telle dynamique fonctionne, il est essentiel que les parents se sentent libres de partager leurs pr\u00e9occupations sans craindre d&rsquo;\u00e9ventuelles r\u00e9percussions sur leurs enfants. Les \u00e9lus, \u00e9galement, prennent part \u00e0 cet effort de m\u00e9diation. Ils ont d\u00e9j\u00e0 \u00e9crit \u00e0 l&rsquo;inspection acad\u00e9mique dans l&rsquo;espoir que des actions concr\u00e8tes suivent. D&rsquo;ailleurs, une rencontre a eu lieu avec la directrice acad\u00e9mique, qui a reconnu la complexit\u00e9 de la situation, affirmant que des solutions seraient envisag\u00e9es au retour des \u00e9l\u00e8ves de leur classe verte.<\/p>\n\n<ul class=\"wp-block-list\"><li>\ud83e\udd1d Communication ouverte et honn\u00eate entre parents et enseignants<\/li><li>\ud83d\udcdd Documentation des plaintes et t\u00e9moignages pour un suivi efficace<\/li><li>\ud83d\udc65 Mobilisation des \u00e9lus locaux pour une solution collaborative<\/li><li>\ud83d\udd0e Enqu\u00eate interne pour faire la lumi\u00e8re sur la situation<\/li><\/ul>\n\n<figure class=\"wp-block-table\"><table>\n<thead>\n<tr>\n<th>\u00c9l\u00e9ment<\/th>\n<th>D\u00e9tails<\/th>\n<\/tr>\n<\/thead>\n<tbody>\n<tr>\n<td>Nombre de plaintes d\u00e9pos\u00e9es<\/td>\n<td>8<\/td>\n<\/tr>\n<tr>\n<td>T\u00e9moignages recueillis<\/td>\n<td>20<\/td>\n<\/tr>\n<tr>\n<td>Familles ayant retir\u00e9 leurs enfants<\/td>\n<td>20+<\/td>\n<\/tr>\n<tr>\n<td>\u00c9coles concern\u00e9es<\/td>\n<td>Sahorre, Mantet, Py, Escaro<\/td>\n<\/tr>\n<\/tbody>\n<\/table><\/figure>\n\n<h2 class=\"wp-block-heading\">Les enjeux psychosociaux au c\u0153ur du malaise<\/h2>\n\n<p>L&rsquo;\u00e9cole n\u2019est pas qu&rsquo;un espace d\u2019\u00e9ducation, c&rsquo;est un lieu de socialisation. Quand des malaises se rencontrent, cela peut engendrer des cons\u00e9quences psychologiques pour les \u00e9l\u00e8ves. L&rsquo;anxi\u00e9t\u00e9, la d\u00e9pression, et m\u00eame des troubles de comportement peuvent se d\u00e9velopper lorsque l&rsquo;environnement scolaire n&rsquo;est pas s\u00e9curisant. C&rsquo;est un point crucial \u00e0 prendre en compte pour \u00e9viter que la situation ne d\u00e9g\u00e9n\u00e8re davantage. Les enfants doivent se sentir bienheureux et \u00e9panouis au sein de leur \u00e9cole, mais comment y parvenir lorsque la confiance est rompue ?<\/p>\n\n<h3 class=\"wp-block-heading\">Les cons\u00e9quences sur les \u00e9l\u00e8ves<\/h3>\n\n<p>Les \u00e9l\u00e8ves concern\u00e9s par ces conflits et ces ressentis de stigmatisation sont souvent laiss\u00e9s pour compte. Ils peuvent d\u00e9velopper un sentiment d&rsquo;exclusion, ce qui peut leur faire manquer non seulement leur \u00e9ducation, mais aussi leur bien-\u00eatre \u00e9motionnel. \u00c0 Sahorre, les indications montrent une certaine tendance de jeunes \u00e9l\u00e8ves \u00e0 \u00e9viter l&rsquo;\u00e9cole, que ce soit par anxi\u00e9t\u00e9 ou par crainte des moqueries. Pour pallier \u00e0 cette probl\u00e9matique, des pratiques telles que le soutien psychologique au sein des \u00e9tablissements pourraient se r\u00e9v\u00e9ler essentielles.<\/p>\n\n<ul class=\"wp-block-list\"><li>\ud83d\udee1\ufe0f S\u00e9ances de sensibilisation pour promouvoir le respect et l&rsquo;inclusion<\/li><li>\ud83e\uddd1\u200d\ud83c\udfeb Initiatives de m\u00e9diation entre \u00e9l\u00e8ves<\/li><li>\ud83d\udcac Groupes d&rsquo;\u00e9coute pour les victimes de harc\u00e8lement<\/li><li>\ud83d\udde3\ufe0f Formations pour enseignants sur la gestion de la violence \u00e9ducative<\/li><\/ul>\n\n<h3 class=\"wp-block-heading\">Le r\u00f4le de l\u2019\u00e9ducation dans la construction de liens sains<\/h3>\n\n<p>La p\u00e9dagogie doit int\u00e9grer des espaces de dialogue, permettant aux enfants de s&rsquo;exprimer sur leurs inqui\u00e9tudes. Par exemple, des ateliers pourraient \u00eatre mis en place pour stimuler la communication au sein des classes, o\u00f9 les enfants et les enseignants collaborent sur des sc\u00e9narios socialement d\u00e9licats. Les activit\u00e9s de groupe peuvent \u00e9galement renforcer des liens amicaux, favorisant une coh\u00e9sion solide et une dynamique positive. \u00c0 long terme, cela donnera envie aux \u00e9l\u00e8ves de s&rsquo;impliquer davantage, tant dans leur \u00e9ducation que dans leur environnement scolaire.<\/p>\n\n<figure class=\"wp-block-table\"><table>\n<thead>\n<tr>\n<th>Initiatives \u00e0 d\u00e9velopper<\/th>\n<th>Objectifs<\/th>\n<\/tr>\n<\/thead>\n<tbody>\n<tr>\n<td>Ateliers de coop\u00e9ration<\/td>\n<td>Renforcement des liens entre \u00e9l\u00e8ves<\/td>\n<\/tr>\n<tr>\n<td>Programmes de sensibilisation<\/td>\n<td>D\u00e9veloppement de l&#8217;empathie<\/td>\n<\/tr>\n<tr>\n<td>Formations pour enseignants<\/td>\n<td>Gestion des conflits<\/td>\n<\/tr>\n<\/tbody>\n<\/table><\/figure>\n\n<h2 class=\"wp-block-heading\">La r\u00e9ponse des autorit\u00e9s et l&rsquo;impact sur l&rsquo;\u00e9ducation locale<\/h2>\n\n<p>Le gouvernement et l&rsquo;\u00e9ducation nationale sont souvent au centre du d\u00e9bat lorsqu&rsquo;il s&rsquo;agit de r\u00e9soudre de tels conflits au sein des \u00e9coles. \u00c0 Sahorre, les r\u00e9actions des autorit\u00e9s sont cruciales pour restaurer la confiance des parents et des \u00e9l\u00e8ves. La directrice des services de l&rsquo;\u00e9ducation nationale a assur\u00e9 qu&rsquo;une r\u00e9ponse \u00e9crite serait apport\u00e9e, accompagn\u00e9e de propositions d&rsquo;actions concr\u00e8tes. Mais qu&rsquo;en sera-t-il r\u00e9ellement ? Si des promesses sans actions concr\u00e8tes sont souvent constat\u00e9es, la crainte de la d\u00e9ception s\u2019installe parmi les familles.<\/p>\n\n<h3 class=\"wp-block-heading\">Mobilisation des \u00e9lus locaux<\/h3>\n\n<p>Les quatre maires de la vall\u00e9e, ayant r\u00e9agi rapidement, sont un soutien essentiel. Lors de leur rencontre avec la directrice acad\u00e9mique, ils ont fortement insist\u00e9 sur la n\u00e9cessit\u00e9 d\u2019une enqu\u00eate interne. Leur implication d\u00e9montre que ce n\u2019est pas simplement un probl\u00e8me scolaire, mais bien une question sociale qui touche toute la communaut\u00e9. En effet, l\u2019\u00e9ducation est l&rsquo;affaire de tous, des \u00e9lus aux enseignants, en passant par les parents et les jeunes eux-m\u00eames. Le travail ensemble peut permettre de formuler des propositions r\u00e9alistes et adapt\u00e9es.<\/p>\n\n<ul class=\"wp-block-list\"><li>\ud83c\udfdb\ufe0f Engagement des maires pour repr\u00e9senter la voix des parents<\/li><li>\u2696\ufe0f Insistance sur la n\u00e9cessit\u00e9 d&rsquo;une enqu\u00eate interne<\/li><li>\ud83d\udce3 Sensibilisation des \u00e9lus \u00e0 la question \u00e9ducative<\/li><li>\ud83d\udcdd Suivi de l&rsquo;\u00e9volution de la situation<\/li><\/ul>\n\n<h3 class=\"wp-block-heading\">Les propositions de l&rsquo;\u00e9ducation nationale<\/h3>\n\n<p>Les solutions propos\u00e9es par les instances acad\u00e9miques doivent s&rsquo;accompagner de mesures concr\u00e8tes sur le terrain. Que ce soit \u00e0 travers des formations pour educators, une campagne de sensibilisation sur le harc\u00e8lement, ou la mise \u00e0 disposition de ressources p\u00e9dagogiques, il est essentiel que toutes les parties s&rsquo;engagent. De plus, ces initiatives doivent viser un retour \u00e0 la normalit\u00e9 dans l&rsquo;\u00e9cole, en r\u00e9instaurant un sentiment de s\u00e9curit\u00e9 et de bien-\u00eatre. La v\u00e9ritable question demeure n\u00e9anmoins : ces actions seront-elles suffisantes pour apaiser le malaise ambiant ?<\/p>\n\n<figure class=\"wp-block-table\"><table>\n<thead>\n<tr>\n<th>D\u00e9marche<\/th>\n<th>Impact esp\u00e9r\u00e9<\/th>\n<\/tr>\n<\/thead>\n<tbody>\n<tr>\n<td>Formation des enseignants<\/td>\n<td>Meilleure gestion des conflits<\/td>\n<\/tr>\n<tr>\n<td>Programmes de sensibilisation<\/td>\n<td>R\u00e9duction des comportements violents<\/td>\n<\/tr>\n<tr>\n<td>Groupes d&rsquo;\u00e9change entre parents et enseignants<\/td>\n<td>Agr\u00e9er la confiance et le dialogue<\/td>\n<\/tr>\n<\/tbody>\n<\/table><\/figure>\n\n<h2 class=\"wp-block-heading\">Questions fr\u00e9quentes<\/h2>\n\n<p><strong>Quelles mesures ont \u00e9t\u00e9 prises pour r\u00e9soudre le malaise \u00e0 l&rsquo;\u00e9cole de Sahorre ?<\/strong><br>\nDes plaintes ont \u00e9t\u00e9 d\u00e9pos\u00e9es, une association de parents d&rsquo;\u00e9l\u00e8ves a \u00e9t\u00e9 cr\u00e9\u00e9e, et les maires se mobilisent pour que des enqu\u00eates soient conduites.<\/p>\n\n<p><strong>Quelle est la r\u00e9action de l&rsquo;\u00e9ducation nationale face \u00e0 cette situation ?<\/strong><br>\nLa directrice des services de l&rsquo;\u00e9ducation nationale a reconnu le probl\u00e8me et promet des solutions lors du retour des \u00e9l\u00e8ves.<\/p>\n\n<p><strong>Pourquoi le bien-\u00eatre des \u00e9l\u00e8ves est-il important au sein de l&rsquo;\u00e9cole ?<\/strong><br>\nUn environnement scolaire sain favorise l&rsquo;apprentissage, la socialisation, et peut diminuer les cas de d\u00e9pression et d&rsquo;anxi\u00e9t\u00e9 parmi les enfants.<\/p>\n\n<p><strong>Est-ce que les parents peuvent faire entendre leur voix ?<\/strong><br>\nOui, l&rsquo;association de parents d&rsquo;\u00e9l\u00e8ves et la mobilisation collective jouent un r\u00f4le crucial pour faire valoir leurs droits et pr\u00e9occupations.<\/p>\n\n<p><strong>Comment les \u00e9lus peuvent-ils aider \u00e0 am\u00e9liorer la situation ?<\/strong><br>\nLes \u00e9lus peuvent soutenir les parents et exiger des enqu\u00eates et des plans d&rsquo;action concrets pour am\u00e9liorer l&rsquo;environnement \u00e9ducatif.<\/p>\n\n","protected":false},"excerpt":{"rendered":"<p>La situation \u00e0 l&rsquo;\u00e9cole de Sahorre, petite commune nich\u00e9e dans les magnifiques Pyr\u00e9n\u00e9es-Orientales, soul\u00e8ve de vives inqui\u00e9tudes. En ce samedi 14 juin, pr\u00e8s de 30 parents et \u00e9lus se sont r\u00e9unis avec un besoin urgent de faire entendre leur voix face \u00e0 des ressentis de traitements et de propos humiliants rapport\u00e9s par leurs enfants. Ils &#8230; <a title=\"Sahorre : malaise au sein de l&rsquo;\u00e9cole des Pyr\u00e9n\u00e9es-Orientales\" class=\"read-more\" href=\"https:\/\/www.apres-lecole.fr\/Blog\/sahorre-malaise-ecole\/\" aria-label=\"En savoir plus sur Sahorre : malaise au sein de l&rsquo;\u00e9cole des Pyr\u00e9n\u00e9es-Orientales\">Lire plus<\/a><\/p>\n","protected":false},"author":9,"featured_media":2020,"comment_status":"open","ping_status":"open","sticky":false,"template":"","format":"standard","meta":{"footnotes":""},"categories":[342],"tags":[410,412,1090,1091,1089],"class_list":["post-2021","post","type-post","status-publish","format-standard","has-post-thumbnail","hentry","category-actualites","tag-ecole","tag-education","tag-malaise","tag-pyrenees-orientales","tag-sahorre"],"yoast_head":"<!-- This site is optimized with the Yoast SEO plugin v27.5 - https:\/\/yoast.com\/product\/yoast-seo-wordpress\/ -->\n<title>Sahorre : tensions \u00e0 l&#039;\u00e9cole des Pyr\u00e9n\u00e9es-Orientales<\/title>\n<meta name=\"description\" content=\"\u00c0 Sahorre, tensions \u00e0 l&#039;\u00e9cole des Pyr\u00e9n\u00e9es-Orientales : d\u00e9couvrez les causes du malaise et l&#039;impact sur \u00e9l\u00e8ves et enseignants.\" \/>\n<meta name=\"robots\" content=\"index, follow, max-snippet:-1, max-image-preview:large, max-video-preview:-1\" \/>\n<link rel=\"canonical\" href=\"https:\/\/www.apres-lecole.fr\/Blog\/sahorre-malaise-ecole\/\" \/>\n<meta property=\"og:locale\" content=\"fr_FR\" \/>\n<meta property=\"og:type\" content=\"article\" \/>\n<meta property=\"og:title\" content=\"Sahorre : tensions \u00e0 l&#039;\u00e9cole des Pyr\u00e9n\u00e9es-Orientales\" \/>\n<meta property=\"og:description\" content=\"\u00c0 Sahorre, tensions \u00e0 l&#039;\u00e9cole des Pyr\u00e9n\u00e9es-Orientales : d\u00e9couvrez les causes du malaise et l&#039;impact sur \u00e9l\u00e8ves et enseignants.\" \/>\n<meta property=\"og:url\" content=\"https:\/\/www.apres-lecole.fr\/Blog\/sahorre-malaise-ecole\/\" \/>\n<meta property=\"article:published_time\" content=\"2025-06-16T08:17:48+00:00\" \/>\n<meta property=\"og:image\" content=\"https:\/\/www.apres-lecole.fr\/Blog\/wp-content\/uploads\/2025\/06\/Sahorre-malaise-au-sein-de-lecole-des-Pyrenees-Orientales.jpg\" \/>\n\t<meta property=\"og:image:width\" content=\"1344\" \/>\n\t<meta property=\"og:image:height\" content=\"768\" \/>\n\t<meta property=\"og:image:type\" content=\"image\/jpeg\" \/>\n<meta name=\"author\" content=\"Eva Martin\" \/>\n<meta name=\"twitter:card\" content=\"summary_large_image\" \/>\n<meta name=\"twitter:creator\" content=\"@Evaapresecole\" \/>\n<meta name=\"twitter:label1\" content=\"\u00c9crit par\" \/>\n\t<meta name=\"twitter:data1\" content=\"Eva Martin\" \/>\n\t<meta name=\"twitter:label2\" content=\"Dur\u00e9e de lecture estim\u00e9e\" \/>\n\t<meta name=\"twitter:data2\" content=\"7 minutes\" \/>\n<script type=\"application\/ld+json\" class=\"yoast-schema-graph\">{\"@context\":\"https:\\\/\\\/schema.org\",\"@graph\":[{\"@type\":\"Article\",\"@id\":\"https:\\\/\\\/www.apres-lecole.fr\\\/Blog\\\/sahorre-malaise-ecole\\\/#article\",\"isPartOf\":{\"@id\":\"https:\\\/\\\/www.apres-lecole.fr\\\/Blog\\\/sahorre-malaise-ecole\\\/\"},\"author\":{\"name\":\"Eva Martin\",\"@id\":\"https:\\\/\\\/www.apres-lecole.fr\\\/Blog\\\/#\\\/schema\\\/person\\\/aeb50cd4b51fc69da155804bb5bb9fc4\"},\"headline\":\"Sahorre : malaise au sein de l&rsquo;\u00e9cole des Pyr\u00e9n\u00e9es-Orientales\",\"datePublished\":\"2025-06-16T08:17:48+00:00\",\"mainEntityOfPage\":{\"@id\":\"https:\\\/\\\/www.apres-lecole.fr\\\/Blog\\\/sahorre-malaise-ecole\\\/\"},\"wordCount\":1532,\"commentCount\":0,\"image\":{\"@id\":\"https:\\\/\\\/www.apres-lecole.fr\\\/Blog\\\/sahorre-malaise-ecole\\\/#primaryimage\"},\"thumbnailUrl\":\"https:\\\/\\\/www.apres-lecole.fr\\\/Blog\\\/wp-content\\\/uploads\\\/2025\\\/06\\\/Sahorre-malaise-au-sein-de-lecole-des-Pyrenees-Orientales.jpg\",\"keywords\":[\"\u00e9cole\",\"\u00e9ducation\",\"malaise\",\"pyr\u00e9n\u00e9es-orientales\",\"sahorre\"],\"articleSection\":[\"Actualit\u00e9s\"],\"inLanguage\":\"fr-FR\",\"potentialAction\":[{\"@type\":\"CommentAction\",\"name\":\"Comment\",\"target\":[\"https:\\\/\\\/www.apres-lecole.fr\\\/Blog\\\/sahorre-malaise-ecole\\\/#respond\"]}]},{\"@type\":\"WebPage\",\"@id\":\"https:\\\/\\\/www.apres-lecole.fr\\\/Blog\\\/sahorre-malaise-ecole\\\/\",\"url\":\"https:\\\/\\\/www.apres-lecole.fr\\\/Blog\\\/sahorre-malaise-ecole\\\/\",\"name\":\"Sahorre : tensions \u00e0 l'\u00e9cole des Pyr\u00e9n\u00e9es-Orientales\",\"isPartOf\":{\"@id\":\"https:\\\/\\\/www.apres-lecole.fr\\\/Blog\\\/#website\"},\"primaryImageOfPage\":{\"@id\":\"https:\\\/\\\/www.apres-lecole.fr\\\/Blog\\\/sahorre-malaise-ecole\\\/#primaryimage\"},\"image\":{\"@id\":\"https:\\\/\\\/www.apres-lecole.fr\\\/Blog\\\/sahorre-malaise-ecole\\\/#primaryimage\"},\"thumbnailUrl\":\"https:\\\/\\\/www.apres-lecole.fr\\\/Blog\\\/wp-content\\\/uploads\\\/2025\\\/06\\\/Sahorre-malaise-au-sein-de-lecole-des-Pyrenees-Orientales.jpg\",\"datePublished\":\"2025-06-16T08:17:48+00:00\",\"author\":{\"@id\":\"https:\\\/\\\/www.apres-lecole.fr\\\/Blog\\\/#\\\/schema\\\/person\\\/aeb50cd4b51fc69da155804bb5bb9fc4\"},\"description\":\"\u00c0 Sahorre, tensions \u00e0 l'\u00e9cole des Pyr\u00e9n\u00e9es-Orientales : d\u00e9couvrez les causes du malaise et l'impact sur \u00e9l\u00e8ves et enseignants.\",\"breadcrumb\":{\"@id\":\"https:\\\/\\\/www.apres-lecole.fr\\\/Blog\\\/sahorre-malaise-ecole\\\/#breadcrumb\"},\"inLanguage\":\"fr-FR\",\"potentialAction\":[{\"@type\":\"ReadAction\",\"target\":[\"https:\\\/\\\/www.apres-lecole.fr\\\/Blog\\\/sahorre-malaise-ecole\\\/\"]}]},{\"@type\":\"ImageObject\",\"inLanguage\":\"fr-FR\",\"@id\":\"https:\\\/\\\/www.apres-lecole.fr\\\/Blog\\\/sahorre-malaise-ecole\\\/#primaryimage\",\"url\":\"https:\\\/\\\/www.apres-lecole.fr\\\/Blog\\\/wp-content\\\/uploads\\\/2025\\\/06\\\/Sahorre-malaise-au-sein-de-lecole-des-Pyrenees-Orientales.jpg\",\"contentUrl\":\"https:\\\/\\\/www.apres-lecole.fr\\\/Blog\\\/wp-content\\\/uploads\\\/2025\\\/06\\\/Sahorre-malaise-au-sein-de-lecole-des-Pyrenees-Orientales.jpg\",\"width\":1344,\"height\":768,\"caption\":\"d\u00e9couvrez les r\u00e9cents \u00e9v\u00e9nements troublants \u00e0 l'\u00e9cole de sahorre, dans les pyr\u00e9n\u00e9es-orientales, qui soul\u00e8vent des questions sur l'environnement \u00e9ducatif. plongez dans l'analyse des tensions et des difficult\u00e9s rencontr\u00e9es par les enseignants et les \u00e9l\u00e8ves.\"},{\"@type\":\"BreadcrumbList\",\"@id\":\"https:\\\/\\\/www.apres-lecole.fr\\\/Blog\\\/sahorre-malaise-ecole\\\/#breadcrumb\",\"itemListElement\":[{\"@type\":\"ListItem\",\"position\":1,\"name\":\"Home\",\"item\":\"https:\\\/\\\/www.apres-lecole.fr\\\/Blog\\\/\"},{\"@type\":\"ListItem\",\"position\":2,\"name\":\"Sahorre : malaise au sein de l&rsquo;\u00e9cole des Pyr\u00e9n\u00e9es-Orientales\"}]},{\"@type\":\"WebSite\",\"@id\":\"https:\\\/\\\/www.apres-lecole.fr\\\/Blog\\\/#website\",\"url\":\"https:\\\/\\\/www.apres-lecole.fr\\\/Blog\\\/\",\"name\":\"\",\"description\":\"M\u00e9dia g\u00e9n\u00e9raliste\",\"potentialAction\":[{\"@type\":\"SearchAction\",\"target\":{\"@type\":\"EntryPoint\",\"urlTemplate\":\"https:\\\/\\\/www.apres-lecole.fr\\\/Blog\\\/?s={search_term_string}\"},\"query-input\":{\"@type\":\"PropertyValueSpecification\",\"valueRequired\":true,\"valueName\":\"search_term_string\"}}],\"inLanguage\":\"fr-FR\"},{\"@type\":\"Person\",\"@id\":\"https:\\\/\\\/www.apres-lecole.fr\\\/Blog\\\/#\\\/schema\\\/person\\\/aeb50cd4b51fc69da155804bb5bb9fc4\",\"name\":\"Eva Martin\",\"image\":{\"@type\":\"ImageObject\",\"inLanguage\":\"fr-FR\",\"@id\":\"https:\\\/\\\/secure.gravatar.com\\\/avatar\\\/55c53222558b27a72015a64073a80edce4abd33369394b9bf2c5cd6c19d12682?s=96&d=mm&r=g\",\"url\":\"https:\\\/\\\/secure.gravatar.com\\\/avatar\\\/55c53222558b27a72015a64073a80edce4abd33369394b9bf2c5cd6c19d12682?s=96&d=mm&r=g\",\"contentUrl\":\"https:\\\/\\\/secure.gravatar.com\\\/avatar\\\/55c53222558b27a72015a64073a80edce4abd33369394b9bf2c5cd6c19d12682?s=96&d=mm&r=g\",\"caption\":\"Eva Martin\"},\"description\":\"Je parle de business et d'entrepreneuriat avec des conseils clairs, concrets et actionnables pour r\u00e9ussir\",\"sameAs\":[\"https:\\\/\\\/x.com\\\/Evaapresecole\"],\"url\":\"https:\\\/\\\/www.apres-lecole.fr\\\/Blog\\\/author\\\/evamartin\\\/\"}]}<\/script>\n<!-- \/ Yoast SEO plugin. -->","yoast_head_json":{"title":"Sahorre : tensions \u00e0 l'\u00e9cole des Pyr\u00e9n\u00e9es-Orientales","description":"\u00c0 Sahorre, tensions \u00e0 l'\u00e9cole des Pyr\u00e9n\u00e9es-Orientales : d\u00e9couvrez les causes du malaise et l'impact sur \u00e9l\u00e8ves et enseignants.","robots":{"index":"index","follow":"follow","max-snippet":"max-snippet:-1","max-image-preview":"max-image-preview:large","max-video-preview":"max-video-preview:-1"},"canonical":"https:\/\/www.apres-lecole.fr\/Blog\/sahorre-malaise-ecole\/","og_locale":"fr_FR","og_type":"article","og_title":"Sahorre : tensions \u00e0 l'\u00e9cole des Pyr\u00e9n\u00e9es-Orientales","og_description":"\u00c0 Sahorre, tensions \u00e0 l'\u00e9cole des Pyr\u00e9n\u00e9es-Orientales : d\u00e9couvrez les causes du malaise et l'impact sur \u00e9l\u00e8ves et enseignants.","og_url":"https:\/\/www.apres-lecole.fr\/Blog\/sahorre-malaise-ecole\/","article_published_time":"2025-06-16T08:17:48+00:00","og_image":[{"width":1344,"height":768,"url":"https:\/\/www.apres-lecole.fr\/Blog\/wp-content\/uploads\/2025\/06\/Sahorre-malaise-au-sein-de-lecole-des-Pyrenees-Orientales.jpg","type":"image\/jpeg"}],"author":"Eva Martin","twitter_card":"summary_large_image","twitter_creator":"@Evaapresecole","twitter_misc":{"\u00c9crit par":"Eva Martin","Dur\u00e9e de lecture estim\u00e9e":"7 minutes"},"schema":{"@context":"https:\/\/schema.org","@graph":[{"@type":"Article","@id":"https:\/\/www.apres-lecole.fr\/Blog\/sahorre-malaise-ecole\/#article","isPartOf":{"@id":"https:\/\/www.apres-lecole.fr\/Blog\/sahorre-malaise-ecole\/"},"author":{"name":"Eva Martin","@id":"https:\/\/www.apres-lecole.fr\/Blog\/#\/schema\/person\/aeb50cd4b51fc69da155804bb5bb9fc4"},"headline":"Sahorre : malaise au sein de l&rsquo;\u00e9cole des Pyr\u00e9n\u00e9es-Orientales","datePublished":"2025-06-16T08:17:48+00:00","mainEntityOfPage":{"@id":"https:\/\/www.apres-lecole.fr\/Blog\/sahorre-malaise-ecole\/"},"wordCount":1532,"commentCount":0,"image":{"@id":"https:\/\/www.apres-lecole.fr\/Blog\/sahorre-malaise-ecole\/#primaryimage"},"thumbnailUrl":"https:\/\/www.apres-lecole.fr\/Blog\/wp-content\/uploads\/2025\/06\/Sahorre-malaise-au-sein-de-lecole-des-Pyrenees-Orientales.jpg","keywords":["\u00e9cole","\u00e9ducation","malaise","pyr\u00e9n\u00e9es-orientales","sahorre"],"articleSection":["Actualit\u00e9s"],"inLanguage":"fr-FR","potentialAction":[{"@type":"CommentAction","name":"Comment","target":["https:\/\/www.apres-lecole.fr\/Blog\/sahorre-malaise-ecole\/#respond"]}]},{"@type":"WebPage","@id":"https:\/\/www.apres-lecole.fr\/Blog\/sahorre-malaise-ecole\/","url":"https:\/\/www.apres-lecole.fr\/Blog\/sahorre-malaise-ecole\/","name":"Sahorre : tensions \u00e0 l'\u00e9cole des Pyr\u00e9n\u00e9es-Orientales","isPartOf":{"@id":"https:\/\/www.apres-lecole.fr\/Blog\/#website"},"primaryImageOfPage":{"@id":"https:\/\/www.apres-lecole.fr\/Blog\/sahorre-malaise-ecole\/#primaryimage"},"image":{"@id":"https:\/\/www.apres-lecole.fr\/Blog\/sahorre-malaise-ecole\/#primaryimage"},"thumbnailUrl":"https:\/\/www.apres-lecole.fr\/Blog\/wp-content\/uploads\/2025\/06\/Sahorre-malaise-au-sein-de-lecole-des-Pyrenees-Orientales.jpg","datePublished":"2025-06-16T08:17:48+00:00","author":{"@id":"https:\/\/www.apres-lecole.fr\/Blog\/#\/schema\/person\/aeb50cd4b51fc69da155804bb5bb9fc4"},"description":"\u00c0 Sahorre, tensions \u00e0 l'\u00e9cole des Pyr\u00e9n\u00e9es-Orientales : d\u00e9couvrez les causes du malaise et l'impact sur \u00e9l\u00e8ves et enseignants.","breadcrumb":{"@id":"https:\/\/www.apres-lecole.fr\/Blog\/sahorre-malaise-ecole\/#breadcrumb"},"inLanguage":"fr-FR","potentialAction":[{"@type":"ReadAction","target":["https:\/\/www.apres-lecole.fr\/Blog\/sahorre-malaise-ecole\/"]}]},{"@type":"ImageObject","inLanguage":"fr-FR","@id":"https:\/\/www.apres-lecole.fr\/Blog\/sahorre-malaise-ecole\/#primaryimage","url":"https:\/\/www.apres-lecole.fr\/Blog\/wp-content\/uploads\/2025\/06\/Sahorre-malaise-au-sein-de-lecole-des-Pyrenees-Orientales.jpg","contentUrl":"https:\/\/www.apres-lecole.fr\/Blog\/wp-content\/uploads\/2025\/06\/Sahorre-malaise-au-sein-de-lecole-des-Pyrenees-Orientales.jpg","width":1344,"height":768,"caption":"d\u00e9couvrez les r\u00e9cents \u00e9v\u00e9nements troublants \u00e0 l'\u00e9cole de sahorre, dans les pyr\u00e9n\u00e9es-orientales, qui soul\u00e8vent des questions sur l'environnement \u00e9ducatif. plongez dans l'analyse des tensions et des difficult\u00e9s rencontr\u00e9es par les enseignants et les \u00e9l\u00e8ves."},{"@type":"BreadcrumbList","@id":"https:\/\/www.apres-lecole.fr\/Blog\/sahorre-malaise-ecole\/#breadcrumb","itemListElement":[{"@type":"ListItem","position":1,"name":"Home","item":"https:\/\/www.apres-lecole.fr\/Blog\/"},{"@type":"ListItem","position":2,"name":"Sahorre : malaise au sein de l&rsquo;\u00e9cole des Pyr\u00e9n\u00e9es-Orientales"}]},{"@type":"WebSite","@id":"https:\/\/www.apres-lecole.fr\/Blog\/#website","url":"https:\/\/www.apres-lecole.fr\/Blog\/","name":"","description":"M\u00e9dia g\u00e9n\u00e9raliste","potentialAction":[{"@type":"SearchAction","target":{"@type":"EntryPoint","urlTemplate":"https:\/\/www.apres-lecole.fr\/Blog\/?s={search_term_string}"},"query-input":{"@type":"PropertyValueSpecification","valueRequired":true,"valueName":"search_term_string"}}],"inLanguage":"fr-FR"},{"@type":"Person","@id":"https:\/\/www.apres-lecole.fr\/Blog\/#\/schema\/person\/aeb50cd4b51fc69da155804bb5bb9fc4","name":"Eva Martin","image":{"@type":"ImageObject","inLanguage":"fr-FR","@id":"https:\/\/secure.gravatar.com\/avatar\/55c53222558b27a72015a64073a80edce4abd33369394b9bf2c5cd6c19d12682?s=96&d=mm&r=g","url":"https:\/\/secure.gravatar.com\/avatar\/55c53222558b27a72015a64073a80edce4abd33369394b9bf2c5cd6c19d12682?s=96&d=mm&r=g","contentUrl":"https:\/\/secure.gravatar.com\/avatar\/55c53222558b27a72015a64073a80edce4abd33369394b9bf2c5cd6c19d12682?s=96&d=mm&r=g","caption":"Eva Martin"},"description":"Je parle de business et d'entrepreneuriat avec des conseils clairs, concrets et actionnables pour r\u00e9ussir","sameAs":["https:\/\/x.com\/Evaapresecole"],"url":"https:\/\/www.apres-lecole.fr\/Blog\/author\/evamartin\/"}]}},"views":31,"_links":{"self":[{"href":"https:\/\/www.apres-lecole.fr\/Blog\/wp-json\/wp\/v2\/posts\/2021","targetHints":{"allow":["GET"]}}],"collection":[{"href":"https:\/\/www.apres-lecole.fr\/Blog\/wp-json\/wp\/v2\/posts"}],"about":[{"href":"https:\/\/www.apres-lecole.fr\/Blog\/wp-json\/wp\/v2\/types\/post"}],"author":[{"embeddable":true,"href":"https:\/\/www.apres-lecole.fr\/Blog\/wp-json\/wp\/v2\/users\/9"}],"replies":[{"embeddable":true,"href":"https:\/\/www.apres-lecole.fr\/Blog\/wp-json\/wp\/v2\/comments?post=2021"}],"version-history":[{"count":0,"href":"https:\/\/www.apres-lecole.fr\/Blog\/wp-json\/wp\/v2\/posts\/2021\/revisions"}],"wp:featuredmedia":[{"embeddable":true,"href":"https:\/\/www.apres-lecole.fr\/Blog\/wp-json\/wp\/v2\/media\/2020"}],"wp:attachment":[{"href":"https:\/\/www.apres-lecole.fr\/Blog\/wp-json\/wp\/v2\/media?parent=2021"}],"wp:term":[{"taxonomy":"category","embeddable":true,"href":"https:\/\/www.apres-lecole.fr\/Blog\/wp-json\/wp\/v2\/categories?post=2021"},{"taxonomy":"post_tag","embeddable":true,"href":"https:\/\/www.apres-lecole.fr\/Blog\/wp-json\/wp\/v2\/tags?post=2021"}],"curies":[{"name":"wp","href":"https:\/\/api.w.org\/{rel}","templated":true}]}}