{"id":2013,"date":"2025-06-13T06:52:25","date_gmt":"2025-06-13T06:52:25","guid":{"rendered":"https:\/\/www.apres-lecole.fr\/Blog\/inquietudes-viol-eleves-lyon\/"},"modified":"2025-06-13T06:52:25","modified_gmt":"2025-06-13T06:52:25","slug":"inquietudes-viol-eleves-lyon","status":"publish","type":"post","link":"https:\/\/www.apres-lecole.fr\/Blog\/inquietudes-viol-eleves-lyon\/","title":{"rendered":"Des inqui\u00e9tudes persistantes : des all\u00e9gations de viol entre \u00e9l\u00e8ves dans une \u00e9cole primaire en banlieue lyonnaise"},"content":{"rendered":"\n\n<div class=\"kk-star-ratings kksr-auto kksr-align-left kksr-valign-top\"\n    data-payload='{&quot;align&quot;:&quot;left&quot;,&quot;id&quot;:&quot;2013&quot;,&quot;slug&quot;:&quot;default&quot;,&quot;valign&quot;:&quot;top&quot;,&quot;ignore&quot;:&quot;&quot;,&quot;reference&quot;:&quot;auto&quot;,&quot;class&quot;:&quot;&quot;,&quot;count&quot;:&quot;0&quot;,&quot;legendonly&quot;:&quot;&quot;,&quot;readonly&quot;:&quot;&quot;,&quot;score&quot;:&quot;0&quot;,&quot;starsonly&quot;:&quot;&quot;,&quot;best&quot;:&quot;5&quot;,&quot;gap&quot;:&quot;5&quot;,&quot;greet&quot;:&quot;Rate this post&quot;,&quot;legend&quot;:&quot;0\\\/5 - (0 vote)&quot;,&quot;size&quot;:&quot;24&quot;,&quot;title&quot;:&quot;Des inqui\u00e9tudes persistantes : des all\u00e9gations de viol entre \u00e9l\u00e8ves dans une \u00e9cole primaire en banlieue lyonnaise&quot;,&quot;width&quot;:&quot;0&quot;,&quot;_legend&quot;:&quot;{score}\\\/{best} - ({count} {votes})&quot;,&quot;font_factor&quot;:&quot;1.25&quot;}'>\n            \n<div class=\"kksr-stars\">\n    \n<div class=\"kksr-stars-inactive\">\n            <div class=\"kksr-star\" data-star=\"1\" style=\"padding-right: 5px\">\n            \n\n<div class=\"kksr-icon\" style=\"width: 24px; height: 24px;\"><\/div>\n        <\/div>\n            <div class=\"kksr-star\" data-star=\"2\" style=\"padding-right: 5px\">\n            \n\n<div class=\"kksr-icon\" style=\"width: 24px; height: 24px;\"><\/div>\n        <\/div>\n            <div class=\"kksr-star\" data-star=\"3\" style=\"padding-right: 5px\">\n            \n\n<div class=\"kksr-icon\" style=\"width: 24px; height: 24px;\"><\/div>\n        <\/div>\n            <div class=\"kksr-star\" data-star=\"4\" style=\"padding-right: 5px\">\n            \n\n<div class=\"kksr-icon\" style=\"width: 24px; height: 24px;\"><\/div>\n        <\/div>\n            <div class=\"kksr-star\" data-star=\"5\" style=\"padding-right: 5px\">\n            \n\n<div class=\"kksr-icon\" style=\"width: 24px; height: 24px;\"><\/div>\n        <\/div>\n    <\/div>\n    \n<div class=\"kksr-stars-active\" style=\"width: 0px;\">\n            <div class=\"kksr-star\" style=\"padding-right: 5px\">\n            \n\n<div class=\"kksr-icon\" style=\"width: 24px; height: 24px;\"><\/div>\n        <\/div>\n            <div class=\"kksr-star\" style=\"padding-right: 5px\">\n            \n\n<div class=\"kksr-icon\" style=\"width: 24px; height: 24px;\"><\/div>\n        <\/div>\n            <div class=\"kksr-star\" style=\"padding-right: 5px\">\n            \n\n<div class=\"kksr-icon\" style=\"width: 24px; height: 24px;\"><\/div>\n        <\/div>\n            <div class=\"kksr-star\" style=\"padding-right: 5px\">\n            \n\n<div class=\"kksr-icon\" style=\"width: 24px; height: 24px;\"><\/div>\n        <\/div>\n            <div class=\"kksr-star\" style=\"padding-right: 5px\">\n            \n\n<div class=\"kksr-icon\" style=\"width: 24px; height: 24px;\"><\/div>\n        <\/div>\n    <\/div>\n<\/div>\n                \n\n<div class=\"kksr-legend\" style=\"font-size: 19.2px;\">\n            <span class=\"kksr-muted\">Rate this post<\/span>\n    <\/div>\n    <\/div>\n<p>Dans une banlieue lyonnaise, une affaire troublante \u00e9merge, r\u00e9v\u00e9lant des all\u00e9gations de viol entre \u00e9l\u00e8ves dans une \u00e9cole primaire. Ces \u00e9v\u00e9nements, rapport\u00e9s par divers parents d&rsquo;\u00e9l\u00e8ves et relay\u00e9s par les m\u00e9dias, suscitent une profonde inqui\u00e9tude aupr\u00e8s des familles concern\u00e9es. Les all\u00e9gations impliquent des enfants tr\u00e8s jeunes, des \u00e9l\u00e8ves de CP et de CM1, tout juste en phase d&rsquo;apprentissage social. Pourquoi des comportements d&rsquo;une telle gravit\u00e9 peuvent-ils se manifester \u00e0 un \u00e2ge si tendre? Cette question r\u00e9sonne dans les t\u00eates des adultes, alors que des voix s&rsquo;\u00e9l\u00e8vent pour alerter sur le bien-\u00eatre et la s\u00e9curit\u00e9 des enfants dans les \u00e9tablissements scolaires.<\/p>\n\n<h2 class=\"wp-block-heading\">Des all\u00e9gations qui font froid dans le dos : le r\u00e9cit des parents<\/h2>\n\n<p>Au c\u0153ur de cette affaire, un t\u00e9moignage d\u00e9chirant d&rsquo;une m\u00e8re qui a d\u00e9cid\u00e9 de porter plainte apr\u00e8s que son fils, \u00e9l\u00e8ve de CP, aurait \u00e9t\u00e9 victime d&rsquo;un viol pr\u00e9sum\u00e9 orchestr\u00e9 par un \u00e9l\u00e8ve de CM1. Les \u00e9v\u00e9nements se sont d\u00e9roul\u00e9s durant l&rsquo;hiver \u00e0 Vaulx-en-Velin, une commune de la grande m\u00e9tropole lyonnaise. Ce r\u00e9cit, douloureux et troublant, a conduit \u00e0 une mobilisation des parents d&rsquo;\u00e9l\u00e8ves, qui expriment leur m\u00e9contentement et leur inqui\u00e9tude face \u00e0 l&rsquo;absence de r\u00e9action ad\u00e9quate de la direction de l&rsquo;\u00e9cole.<\/p>\n\n<p>Ce que plusieurs parents d\u00e9plorent, c&rsquo;est le silence qui entoure cette affaire. La direction de l&rsquo;institution et certains \u00e9lus locaux semblent vouloir \u00e9touffer l&rsquo;affaire. Pourtant, des t\u00e9moignages concordants parlent de faits d\u2019agression sexuelle d\u00e9j\u00e0 signal\u00e9s l\u2019ann\u00e9e pr\u00e9c\u00e9dente. L\u2019aire de jeux, qui devrait \u00eatre un espace de rire et de camaraderie, se mue en lieu de souffrance pour certains \u00e9l\u00e8ves. Un p\u00e8re de famille, en col\u00e8re, d\u00e9crit avec \u00e9motion les premiers signes d&rsquo;une alarme tir\u00e9e \u00e0 plusieurs reprises. Les enfants qui t\u00e9moignent se trouvent dans une situation d\u00e9licate, confront\u00e9s \u00e0 la cruaut\u00e9 humaine \u00e0 un \u00e2ge o\u00f9 ils devraient simplement jouer.<\/p>\n\n<p>L\u2019enqu\u00eate officielle, lanc\u00e9e par le parquet de Lyon, a finalement \u00e9t\u00e9 class\u00e9e sans suite, laissant de nombreux parents dans le d\u00e9sarroi. Ils s\u2019interrogent sur le sens de cette d\u00e9cision, souhaitant que la s\u00e9curit\u00e9 de leurs enfants ne soit pas mise en danger par des d\u00e9monstrations de pouvoir bureaucratiques. Les parents cherchent activement \u00e0 savoir ce qui a r\u00e9ellement eu lieu et pourquoi la r\u00e9ponse institutionnelle semble si faiblarde.<\/p>\n\n<h3 class=\"wp-block-heading\">Un syst\u00e8me d\u00e9faillant : comment \u00e9viter que cela ne se reproduise<\/h3>\n\n<p>Lorsqu&rsquo;il s&rsquo;agit de violences entre enfants, l\u2019alarme devrait retentir. La question essentielle qui se pose est donc : comment l\u2019\u00e9ducation nationale, les \u00e9coles et les parents peuvent-ils travailler ensemble pour identifier des comportements inqui\u00e9tants et pr\u00e9venir ce genre d\u2019incidents? Voici quelques pistes de r\u00e9flexion :<\/p>\n\n<ul class=\"wp-block-list\"><li>\ud83d\udd0d <strong>\u00c9ducation proactive : <\/strong>(Pr\u00e9vention des violences et des comportements inappropri\u00e9s des enfants d\u00e8s leur plus jeune \u00e2ge)<\/li><li>\ud83d\uddd3\ufe0f <strong>Ateliers de sensibilisation : <\/strong>(Mise en place d&rsquo;ateliers \u00e0 l&rsquo;\u00e9cole pour discuter des limites et du respect de l&rsquo;autre)<\/li><li>\ud83d\udc65 <strong>R\u00e9seau de soutien : <\/strong>(Cr\u00e9ation d&rsquo;un r\u00e9seau de solidarit\u00e9 entre parents et enseignants pour surveiller les comportements)<\/li><li>\ud83d\udcda <strong>Intervention de sp\u00e9cialistes : <\/strong>(Faire intervenir des psychologues et des travailleurs sociaux pour aider les enfants)<\/li><\/ul>\n\n<p>Il est indispensable que l\u2019\u00e9ducation contre les violences soit int\u00e9gr\u00e9e dans le cursus, tant pour les \u00e9l\u00e8ves que pour les parents. Une approche collective est n\u00e9cessaire pour briser le silence qui entoure de telles situations. Une fois qu\u2019avant m\u00eame d\u2019entrer dans l\u2019\u00e9tablissement, les enfants auront re\u00e7u un enseignement sur la protection de leur corps, il sera peut-\u00eatre plus facile d&rsquo;\u00e9viter que des comportements inappropri\u00e9s se produisent.<\/p>\n\n<figure class=\"wp-block-table\"><table>\n<thead>\n<tr>\n<th>Mesures de Pr\u00e9vention<\/th>\n<th>Description<\/th>\n<\/tr>\n<\/thead>\n<tbody>\n<tr>\n<td>Programmes de Sensibilisation<\/td>\n<td>Des cours sur la compr\u00e9hension des limites personnelles et le respect de l&rsquo;autre en classe.<\/td>\n<\/tr>\n<tr>\n<td>Th\u00e9rapies par le jeu<\/td>\n<td>Recourir aux jeux de r\u00f4les pour permettre aux enfants d&rsquo;exprimer et de comprendre des situations d\u00e9licates.<\/td>\n<\/tr>\n<tr>\n<td>Interactions avec des Associations<\/td>\n<td>Travailler avec des associations comme <strong>SOS Viol<\/strong> ou <strong>UNICEF<\/strong> pour une approche \u00e9ducative.<\/td>\n<\/tr>\n<\/tbody>\n<\/table><\/figure>\n\n<p>Bien que ces initiatives semblent prometteuses, leur mise en place n\u00e9cessite une volont\u00e9 politique forte et des ressources financi\u00e8res ad\u00e9quates. Les parents doivent continuer \u00e0 faire pression pour que ces mesures soient appliqu\u00e9es et ne tombent pas dans l\u2019oubli.<\/p>\n\n<h2 class=\"wp-block-heading\">La r\u00e9action de l\u2019\u00e9tablissement scolaire : des mesures insuffisantes<\/h2>\n\n<p>Il est impressionnant de constater \u00e0 quel point la direction de l&rsquo;\u00e9tablissement a tent\u00e9 de g\u00e9rer cette situation. L&rsquo;\u00e9cole, en position d\u00e9licate, a pris certaines mesures telles que le d\u00e9placement de l&rsquo;enfant accus\u00e9 afin d&rsquo;\u00e9viter toute interaction avec le pr\u00e9sum\u00e9 victime. N\u00e9anmoins, cela rel\u00e8ve davantage d&rsquo;une solution \u00e0 court terme que d&rsquo;une v\u00e9ritable prise en charge de la question de fond. Les parents s\u2019insurgent : quelle est la v\u00e9ritable port\u00e9e de cette mesure, lorsqu&rsquo;aucune action de fond n&rsquo;est engag\u00e9e?<\/p>\n\n<p>Cette r\u00e9action est symptomatique d&rsquo;un probl\u00e8me plus vaste dans le syst\u00e8me \u00e9ducatif fran\u00e7ais. Les \u00e9tablissements scolaires manquent souvent de formation pour aborder des cas sensibles. La direction semble minimiser l&rsquo;ampleur de la situation, ne mettant pas en place un processus d&rsquo;aide pour l&rsquo;enfant victime. L&rsquo;absence d\u2019un soutien psychologique aux enfants concern\u00e9s est particuli\u00e8rement pr\u00e9occupante. Les repr\u00e9sentants de <strong>Parents Vigilants<\/strong> alertent sur le fait que, m\u00eame si les faits sont class\u00e9s sans suite, les enfants devraient b\u00e9n\u00e9ficier d&rsquo;un suivi psychologique et \u00e9motionnel.<\/p>\n\n<p>Les parents souhaiteraient \u00e9galement \u00eatre inform\u00e9s des proc\u00e9dures mises en place et de la communication avec la direction de l&rsquo;\u00e9cole. Cela reste une zone d&rsquo;ombre sur laquelle il est n\u00e9cessaire d&rsquo;\u00e9claircir les choses pour qu&rsquo;\u00e0 l&rsquo;avenir de tels incidents ne soient pas d\u00e9peints comme n\u00e9gligeables. La s\u00e9curit\u00e9 des enfants doit passer avant tout, y compris avant des pr\u00e9occupations administratives ou d&rsquo;image.<\/p>\n\n<h3 class=\"wp-block-heading\">Quelles alternatives possibles pour le soutien des victimes?<\/h3>\n\n<p>Face \u00e0 une situation aussi grave, les familles doivent apprendre \u00e0 s&rsquo;unir et \u00e0 se soutenir mutuellement. Il existe diverses alternatives pour apporter un soutien concret aux victimes et \u00e0 leurs familles dans de telles circonstances :<\/p>\n\n<ul class=\"wp-block-list\"><li>\ud83e\udd47 <strong>Cr\u00e9ation de groupes de soutien : <\/strong>(\u00c9tablir un r\u00e9seau local pour \u00e9changer des exp\u00e9riences et des conseils)<\/li><li>\ud83d\udcde <strong>Signalement aux autorit\u00e9s : <\/strong>(Encourager les parents \u00e0 signaler de mani\u00e8re conjointe pour cr\u00e9er une communaut\u00e9 forte)<\/li><li>\ud83d\udca1 <strong>Programmes de sensibilisation : <\/strong>(Promotion de l&rsquo;\u00e9ducation sur la violence \u00e0 l&rsquo;\u00e9cole par des conf\u00e9rences et des ateliers)<\/li><li>\ud83e\udde0 <strong>Ateliers pour parents : <\/strong>(Educations des parents sur la d\u00e9tection et la gestion des comportements inappropri\u00e9s)<\/li><\/ul>\n\n<p>La mise en \u0153uvre de ces initiatives demandera des efforts des parents, mais surtout de l&rsquo;engagement de l&rsquo;\u00e9ducation nationale. Ces mesures pourraient s&rsquo;av\u00e9rer efficaces pour renforcer le tissu social au sein de l\u2019\u00e9cole et ainsi garantir un climat plus s\u00fbr.<\/p>\n\n<figure class=\"wp-block-table\"><table>\n<thead>\n<tr>\n<th>Type de Soutien<\/th>\n<th>Description<\/th>\n<\/tr>\n<\/thead>\n<tbody>\n<tr>\n<td>Soutien \u00c9motionnel<\/td>\n<td>Groupe de parole pour les enfants et parents touch\u00e9s pour \u00e9changer et partager.<\/td>\n<\/tr>\n<tr>\n<td>Visites de sp\u00e9cialistes<\/td>\n<td>Interventions r\u00e9guli\u00e8res de psychologues pour aborder les concepts de consentement.<\/td>\n<\/tr>\n<tr>\n<td>\u00c9v\u00e9nements Communautaires<\/td>\n<td>Cr\u00e9ation de moments de rencontre entre parents et enfants pour favoriser les liens sociaux.<\/td>\n<\/tr>\n<\/tbody>\n<\/table><\/figure>\n\n<p>Afin de b\u00e2tir une communaut\u00e9 s\u00e9curisante, l&rsquo;implication des parents et des \u00e9ducateurs est cruciale. Parler, discuter, s&rsquo;unir, telle devrait \u00eatre la devise qui allie courage et bienveillance pour une \u00e9ducation plus saine.<\/p>\n\n<h2 class=\"wp-block-heading\">Les enjeux soci\u00e9taux et \u00e9ducatifs des violences entre enfants<\/h2>\n\n<p>Le ph\u00e9nom\u00e8ne des violences sexuelles entre enfants n&rsquo;est pas un sujet \u00e0 prendre \u00e0 la l\u00e9g\u00e8re. Il provient souvent d&rsquo;un environnement familial et social perturb\u00e9, mais \u00e9galement des contenus accessibles sur les \u00e9crans. Avec l&rsquo;av\u00e8nement d&rsquo;Internet, les enfants sont expos\u00e9s \u00e0 des contenus pour adultes, ce qui fa\u00e7onnent leur compr\u00e9hension des relations humaines et de la sexualit\u00e9 de mani\u00e8re d\u00e9form\u00e9e. Quelles en sont les cons\u00e9quences et comment les parents, l&rsquo;\u00e9cole et la soci\u00e9t\u00e9 peuvent-ils intervenir?<\/p>\n\n<p>Afin de mieux comprendre cette probl\u00e9matique, il est essentiel d\u2019ouvrir le d\u00e9bat. La soci\u00e9t\u00e9 fran\u00e7aise, avec des associations telles que <strong>Ligue des droits de l&rsquo;homme<\/strong> et <strong>Protection de l&rsquo;enfance<\/strong>, doit s\u2019attaquer aux racines du probl\u00e8me sur le long terme. Il s\u2019agit de former les \u00e9l\u00e8ves sur les cons\u00e9quences de leurs actes, mais \u00e9galement de leur pr\u00e9senter des mod\u00e8les de relations saines.<\/p>\n\n<p>Les parents doivent \u00e9galement \u00eatre fortifi\u00e9s dans leur r\u00f4le. Avec la mont\u00e9e d\u2019Internet et des \u00e9crans, de nombreux parents se sentent parfois d\u00e9munis. Voici quelques suggestions \u00e0 mettre en \u0153uvre :<\/p>\n\n<ul class=\"wp-block-list\"><li>\ud83d\udcd6 <strong>Encadrer les contenus m\u00e9dias : <\/strong>(Contr\u00f4ler ce que regardent les enfants, surtout en mati\u00e8re de sexualit\u00e9)<\/li><li>\ud83d\udc68\u200d\ud83d\udc69\u200d\ud83d\udc67 <strong>Dialoguer ouvertement : <\/strong>(Favoriser un espace de confiance pour \u00e9voquer les \u00e9motions et les questionnements)<\/li><li>\ud83e\udd1d <strong>Soutien des Associations : <\/strong>(Faire appel \u00e0 des associations pour des sessions de sensibilisation).<\/li><\/ul>\n\n<p>Seule une approche collective, englobant parents, \u00e9ducation et associations, pourra permettre de lutter contre cette violence insidieuse. Parvenir \u00e0 un espace d&rsquo;\u00e9change sain o\u00f9 l&rsquo;on peut aborder les questions de consentement et de respect est essentiel. La lutte contre le harc\u00e8lement et les violences sexuelles doit \u00eatre un objectif \u00e0 long terme, initi\u00e9 d\u00e8s l&rsquo;\u00e2ge tendre.<\/p>\n\n<figure class=\"wp-block-table\"><table>\n<thead>\n<tr>\n<th>Ressources Cl\u00e9s<\/th>\n<th>Utilisation<\/th>\n<\/tr>\n<\/thead>\n<tbody>\n<tr>\n<td>Association SOS Viol<\/td>\n<td>Ressources d\u2019information pour comprendre les violences sexuelles.<\/td>\n<\/tr>\n<tr>\n<td>UNICEF<\/td>\n<td>Promotion des droits des enfants dans le cadre scolaire.<\/td>\n<\/tr>\n<tr>\n<td>Protection de l&rsquo;enfance<\/td>\n<td>Structures d&rsquo;\u00e9coute et d&rsquo;accompagnement pour les enfants.<\/td>\n<\/tr>\n<\/tbody>\n<\/table><\/figure>\n\n<p>Avec ces changements, il faudra \u00e9galement un r\u00e9el engagement de l\u2019\u00e9ducation nationale \u00e0 int\u00e9grer des contenus \u00e9largis sur le respect des personnes \u00e0 partir de la rentr\u00e9e scolaire.<\/p>\n\n<h2 class=\"wp-block-heading\">FAQ \u2013 R\u00e9ponses aux questions les plus fr\u00e9quentes<\/h2>\n\n<p><strong>1. Que faire si mon enfant signale des comportements inappropri\u00e9s ?<\/strong><\/p>\n\n<p>Il est crucial de prendre ces signaux au s\u00e9rieux. Encouragez votre enfant \u00e0 vous parler, et envisagez de contacter l\u2019\u00e9cole pour exprimer vos pr\u00e9occupations.<\/p>\n\n<p><strong>2. Quels sont les signes de probl\u00e8mes \u00e9ventuels chez un enfant ?<\/strong><\/p>\n\n<p>Les signes peuvent inclure des changements de comportement, comme un repli sur soi, des troubles du sommeil ou des difficult\u00e9s scolaires.<\/p>\n\n<p><strong>3. Comment int\u00e9grer l&rsquo;\u00e9ducation \u00e0 la vie affective ?<\/strong><\/p>\n\n<p>Les \u00e9coles devraient int\u00e9grer des cours sur les \u00e9motions, le respect du corps et les relations saines d\u00e8s le plus jeune \u00e2ge.<\/p>\n\n<p><strong>4. Quelles ressources utiliser pour une sensibilisation efficace ?<\/strong><\/p>\n\n<p>Des ressources comme celles de <strong>SOS Viol<\/strong> ou <strong>UNICEF<\/strong> peuvent fournir un soutien pr\u00e9cieux et des informations n\u00e9cessaires pour informer petits et grands.<\/p>\n\n<p><strong>5. Comment impliquer les parents dans la pr\u00e9vention des violences ?<\/strong><\/p>\n\n<p>La cr\u00e9ation de groupes de discussion, events communautaires et ateliers de sensibilisation sont d&rsquo;excellents moyens d&rsquo;impliquer les parents.<\/p>\n\n","protected":false},"excerpt":{"rendered":"<p>Dans une banlieue lyonnaise, une affaire troublante \u00e9merge, r\u00e9v\u00e9lant des all\u00e9gations de viol entre \u00e9l\u00e8ves dans une \u00e9cole primaire. Ces \u00e9v\u00e9nements, rapport\u00e9s par divers parents d&rsquo;\u00e9l\u00e8ves et relay\u00e9s par les m\u00e9dias, suscitent une profonde inqui\u00e9tude aupr\u00e8s des familles concern\u00e9es. Les all\u00e9gations impliquent des enfants tr\u00e8s jeunes, des \u00e9l\u00e8ves de CP et de CM1, tout juste &#8230; <a title=\"Des inqui\u00e9tudes persistantes : des all\u00e9gations de viol entre \u00e9l\u00e8ves dans une \u00e9cole primaire en banlieue lyonnaise\" class=\"read-more\" href=\"https:\/\/www.apres-lecole.fr\/Blog\/inquietudes-viol-eleves-lyon\/\" aria-label=\"En savoir plus sur Des inqui\u00e9tudes persistantes : des all\u00e9gations de viol entre \u00e9l\u00e8ves dans une \u00e9cole primaire en banlieue lyonnaise\">Lire plus<\/a><\/p>\n","protected":false},"author":9,"featured_media":2012,"comment_status":"open","ping_status":"open","sticky":false,"template":"","format":"standard","meta":{"footnotes":""},"categories":[342],"tags":[1078,1079,904,556,1070],"class_list":["post-2013","post","type-post","status-publish","format-standard","has-post-thumbnail","hentry","category-actualites","tag-allegations-de-viol","tag-banlieue-lyonnaise","tag-ecole-primaire","tag-eleves","tag-inquietudes"],"yoast_head":"<!-- This site is optimized with the Yoast SEO plugin v27.5 - https:\/\/yoast.com\/product\/yoast-seo-wordpress\/ -->\n<title>Des all\u00e9gations troublantes : viols entre \u00e9l\u00e8ves dans une \u00e9cole primaire lyonnaise<\/title>\n<meta name=\"description\" content=\"All\u00e9gations choquantes de viol entre \u00e9l\u00e8ves dans une \u00e9cole primaire pr\u00e8s de Lyon : enqu\u00eate et inqui\u00e9tudes persistantes des parents.\" \/>\n<meta name=\"robots\" content=\"index, follow, max-snippet:-1, max-image-preview:large, max-video-preview:-1\" \/>\n<link rel=\"canonical\" href=\"https:\/\/www.apres-lecole.fr\/Blog\/inquietudes-viol-eleves-lyon\/\" \/>\n<meta property=\"og:locale\" content=\"fr_FR\" \/>\n<meta property=\"og:type\" content=\"article\" \/>\n<meta property=\"og:title\" content=\"Des all\u00e9gations troublantes : viols entre \u00e9l\u00e8ves dans une \u00e9cole primaire lyonnaise\" \/>\n<meta property=\"og:description\" content=\"All\u00e9gations choquantes de viol entre \u00e9l\u00e8ves dans une \u00e9cole primaire pr\u00e8s de Lyon : enqu\u00eate et inqui\u00e9tudes persistantes des parents.\" \/>\n<meta property=\"og:url\" content=\"https:\/\/www.apres-lecole.fr\/Blog\/inquietudes-viol-eleves-lyon\/\" \/>\n<meta property=\"article:published_time\" content=\"2025-06-13T06:52:25+00:00\" \/>\n<meta property=\"og:image\" content=\"https:\/\/www.apres-lecole.fr\/Blog\/wp-content\/uploads\/2025\/06\/Des-inquietudes-persistantes-des-allegations-de-viol-entre-eleves-dans-une-ecole-primaire-en-banlieue-lyonnaise.jpg\" \/>\n\t<meta property=\"og:image:width\" content=\"1344\" \/>\n\t<meta property=\"og:image:height\" content=\"768\" \/>\n\t<meta property=\"og:image:type\" content=\"image\/jpeg\" \/>\n<meta name=\"author\" content=\"Eva Martin\" \/>\n<meta name=\"twitter:card\" content=\"summary_large_image\" \/>\n<meta name=\"twitter:creator\" content=\"@Evaapresecole\" \/>\n<meta name=\"twitter:label1\" content=\"\u00c9crit par\" \/>\n\t<meta name=\"twitter:data1\" content=\"Eva Martin\" \/>\n\t<meta name=\"twitter:label2\" content=\"Dur\u00e9e de lecture estim\u00e9e\" \/>\n\t<meta name=\"twitter:data2\" content=\"9 minutes\" \/>\n<script type=\"application\/ld+json\" class=\"yoast-schema-graph\">{\"@context\":\"https:\\\/\\\/schema.org\",\"@graph\":[{\"@type\":\"Article\",\"@id\":\"https:\\\/\\\/www.apres-lecole.fr\\\/Blog\\\/inquietudes-viol-eleves-lyon\\\/#article\",\"isPartOf\":{\"@id\":\"https:\\\/\\\/www.apres-lecole.fr\\\/Blog\\\/inquietudes-viol-eleves-lyon\\\/\"},\"author\":{\"name\":\"Eva Martin\",\"@id\":\"https:\\\/\\\/www.apres-lecole.fr\\\/Blog\\\/#\\\/schema\\\/person\\\/aeb50cd4b51fc69da155804bb5bb9fc4\"},\"headline\":\"Des inqui\u00e9tudes persistantes : des all\u00e9gations de viol entre \u00e9l\u00e8ves dans une \u00e9cole primaire en banlieue lyonnaise\",\"datePublished\":\"2025-06-13T06:52:25+00:00\",\"mainEntityOfPage\":{\"@id\":\"https:\\\/\\\/www.apres-lecole.fr\\\/Blog\\\/inquietudes-viol-eleves-lyon\\\/\"},\"wordCount\":1864,\"commentCount\":0,\"image\":{\"@id\":\"https:\\\/\\\/www.apres-lecole.fr\\\/Blog\\\/inquietudes-viol-eleves-lyon\\\/#primaryimage\"},\"thumbnailUrl\":\"https:\\\/\\\/www.apres-lecole.fr\\\/Blog\\\/wp-content\\\/uploads\\\/2025\\\/06\\\/Des-inquietudes-persistantes-des-allegations-de-viol-entre-eleves-dans-une-ecole-primaire-en-banlieue-lyonnaise.jpg\",\"keywords\":[\"all\u00e9gations de viol\",\"banlieue lyonnaise\",\"\u00e9cole primaire\",\"\u00e9l\u00e8ves\",\"inqui\u00e9tudes\"],\"articleSection\":[\"Actualit\u00e9s\"],\"inLanguage\":\"fr-FR\",\"potentialAction\":[{\"@type\":\"CommentAction\",\"name\":\"Comment\",\"target\":[\"https:\\\/\\\/www.apres-lecole.fr\\\/Blog\\\/inquietudes-viol-eleves-lyon\\\/#respond\"]}]},{\"@type\":\"WebPage\",\"@id\":\"https:\\\/\\\/www.apres-lecole.fr\\\/Blog\\\/inquietudes-viol-eleves-lyon\\\/\",\"url\":\"https:\\\/\\\/www.apres-lecole.fr\\\/Blog\\\/inquietudes-viol-eleves-lyon\\\/\",\"name\":\"Des all\u00e9gations troublantes : viols entre \u00e9l\u00e8ves dans une \u00e9cole primaire lyonnaise\",\"isPartOf\":{\"@id\":\"https:\\\/\\\/www.apres-lecole.fr\\\/Blog\\\/#website\"},\"primaryImageOfPage\":{\"@id\":\"https:\\\/\\\/www.apres-lecole.fr\\\/Blog\\\/inquietudes-viol-eleves-lyon\\\/#primaryimage\"},\"image\":{\"@id\":\"https:\\\/\\\/www.apres-lecole.fr\\\/Blog\\\/inquietudes-viol-eleves-lyon\\\/#primaryimage\"},\"thumbnailUrl\":\"https:\\\/\\\/www.apres-lecole.fr\\\/Blog\\\/wp-content\\\/uploads\\\/2025\\\/06\\\/Des-inquietudes-persistantes-des-allegations-de-viol-entre-eleves-dans-une-ecole-primaire-en-banlieue-lyonnaise.jpg\",\"datePublished\":\"2025-06-13T06:52:25+00:00\",\"author\":{\"@id\":\"https:\\\/\\\/www.apres-lecole.fr\\\/Blog\\\/#\\\/schema\\\/person\\\/aeb50cd4b51fc69da155804bb5bb9fc4\"},\"description\":\"All\u00e9gations choquantes de viol entre \u00e9l\u00e8ves dans une \u00e9cole primaire pr\u00e8s de Lyon : enqu\u00eate et inqui\u00e9tudes persistantes des parents.\",\"breadcrumb\":{\"@id\":\"https:\\\/\\\/www.apres-lecole.fr\\\/Blog\\\/inquietudes-viol-eleves-lyon\\\/#breadcrumb\"},\"inLanguage\":\"fr-FR\",\"potentialAction\":[{\"@type\":\"ReadAction\",\"target\":[\"https:\\\/\\\/www.apres-lecole.fr\\\/Blog\\\/inquietudes-viol-eleves-lyon\\\/\"]}]},{\"@type\":\"ImageObject\",\"inLanguage\":\"fr-FR\",\"@id\":\"https:\\\/\\\/www.apres-lecole.fr\\\/Blog\\\/inquietudes-viol-eleves-lyon\\\/#primaryimage\",\"url\":\"https:\\\/\\\/www.apres-lecole.fr\\\/Blog\\\/wp-content\\\/uploads\\\/2025\\\/06\\\/Des-inquietudes-persistantes-des-allegations-de-viol-entre-eleves-dans-une-ecole-primaire-en-banlieue-lyonnaise.jpg\",\"contentUrl\":\"https:\\\/\\\/www.apres-lecole.fr\\\/Blog\\\/wp-content\\\/uploads\\\/2025\\\/06\\\/Des-inquietudes-persistantes-des-allegations-de-viol-entre-eleves-dans-une-ecole-primaire-en-banlieue-lyonnaise.jpg\",\"width\":1344,\"height\":768,\"caption\":\"d\u00e9couvrez les d\u00e9tails des inqui\u00e9tudes soulev\u00e9es par des all\u00e9gations de viol entre \u00e9l\u00e8ves dans une \u00e9cole primaire en banlieue lyonnaise. cette affaire soul\u00e8ve des questions cruciales sur la s\u00e9curit\u00e9 des enfants et le r\u00f4le des \u00e9tablissements scolaires face \u00e0 de tels accusations.\"},{\"@type\":\"BreadcrumbList\",\"@id\":\"https:\\\/\\\/www.apres-lecole.fr\\\/Blog\\\/inquietudes-viol-eleves-lyon\\\/#breadcrumb\",\"itemListElement\":[{\"@type\":\"ListItem\",\"position\":1,\"name\":\"Home\",\"item\":\"https:\\\/\\\/www.apres-lecole.fr\\\/Blog\\\/\"},{\"@type\":\"ListItem\",\"position\":2,\"name\":\"Des inqui\u00e9tudes persistantes : des all\u00e9gations de viol entre \u00e9l\u00e8ves dans une \u00e9cole primaire en banlieue lyonnaise\"}]},{\"@type\":\"WebSite\",\"@id\":\"https:\\\/\\\/www.apres-lecole.fr\\\/Blog\\\/#website\",\"url\":\"https:\\\/\\\/www.apres-lecole.fr\\\/Blog\\\/\",\"name\":\"\",\"description\":\"M\u00e9dia g\u00e9n\u00e9raliste\",\"potentialAction\":[{\"@type\":\"SearchAction\",\"target\":{\"@type\":\"EntryPoint\",\"urlTemplate\":\"https:\\\/\\\/www.apres-lecole.fr\\\/Blog\\\/?s={search_term_string}\"},\"query-input\":{\"@type\":\"PropertyValueSpecification\",\"valueRequired\":true,\"valueName\":\"search_term_string\"}}],\"inLanguage\":\"fr-FR\"},{\"@type\":\"Person\",\"@id\":\"https:\\\/\\\/www.apres-lecole.fr\\\/Blog\\\/#\\\/schema\\\/person\\\/aeb50cd4b51fc69da155804bb5bb9fc4\",\"name\":\"Eva Martin\",\"image\":{\"@type\":\"ImageObject\",\"inLanguage\":\"fr-FR\",\"@id\":\"https:\\\/\\\/secure.gravatar.com\\\/avatar\\\/55c53222558b27a72015a64073a80edce4abd33369394b9bf2c5cd6c19d12682?s=96&d=mm&r=g\",\"url\":\"https:\\\/\\\/secure.gravatar.com\\\/avatar\\\/55c53222558b27a72015a64073a80edce4abd33369394b9bf2c5cd6c19d12682?s=96&d=mm&r=g\",\"contentUrl\":\"https:\\\/\\\/secure.gravatar.com\\\/avatar\\\/55c53222558b27a72015a64073a80edce4abd33369394b9bf2c5cd6c19d12682?s=96&d=mm&r=g\",\"caption\":\"Eva Martin\"},\"description\":\"Je parle de business et d'entrepreneuriat avec des conseils clairs, concrets et actionnables pour r\u00e9ussir\",\"sameAs\":[\"https:\\\/\\\/x.com\\\/Evaapresecole\"],\"url\":\"https:\\\/\\\/www.apres-lecole.fr\\\/Blog\\\/author\\\/evamartin\\\/\"}]}<\/script>\n<!-- \/ Yoast SEO plugin. -->","yoast_head_json":{"title":"Des all\u00e9gations troublantes : viols entre \u00e9l\u00e8ves dans une \u00e9cole primaire lyonnaise","description":"All\u00e9gations choquantes de viol entre \u00e9l\u00e8ves dans une \u00e9cole primaire pr\u00e8s de Lyon : enqu\u00eate et inqui\u00e9tudes persistantes des parents.","robots":{"index":"index","follow":"follow","max-snippet":"max-snippet:-1","max-image-preview":"max-image-preview:large","max-video-preview":"max-video-preview:-1"},"canonical":"https:\/\/www.apres-lecole.fr\/Blog\/inquietudes-viol-eleves-lyon\/","og_locale":"fr_FR","og_type":"article","og_title":"Des all\u00e9gations troublantes : viols entre \u00e9l\u00e8ves dans une \u00e9cole primaire lyonnaise","og_description":"All\u00e9gations choquantes de viol entre \u00e9l\u00e8ves dans une \u00e9cole primaire pr\u00e8s de Lyon : enqu\u00eate et inqui\u00e9tudes persistantes des parents.","og_url":"https:\/\/www.apres-lecole.fr\/Blog\/inquietudes-viol-eleves-lyon\/","article_published_time":"2025-06-13T06:52:25+00:00","og_image":[{"width":1344,"height":768,"url":"https:\/\/www.apres-lecole.fr\/Blog\/wp-content\/uploads\/2025\/06\/Des-inquietudes-persistantes-des-allegations-de-viol-entre-eleves-dans-une-ecole-primaire-en-banlieue-lyonnaise.jpg","type":"image\/jpeg"}],"author":"Eva Martin","twitter_card":"summary_large_image","twitter_creator":"@Evaapresecole","twitter_misc":{"\u00c9crit par":"Eva Martin","Dur\u00e9e de lecture estim\u00e9e":"9 minutes"},"schema":{"@context":"https:\/\/schema.org","@graph":[{"@type":"Article","@id":"https:\/\/www.apres-lecole.fr\/Blog\/inquietudes-viol-eleves-lyon\/#article","isPartOf":{"@id":"https:\/\/www.apres-lecole.fr\/Blog\/inquietudes-viol-eleves-lyon\/"},"author":{"name":"Eva Martin","@id":"https:\/\/www.apres-lecole.fr\/Blog\/#\/schema\/person\/aeb50cd4b51fc69da155804bb5bb9fc4"},"headline":"Des inqui\u00e9tudes persistantes : des all\u00e9gations de viol entre \u00e9l\u00e8ves dans une \u00e9cole primaire en banlieue lyonnaise","datePublished":"2025-06-13T06:52:25+00:00","mainEntityOfPage":{"@id":"https:\/\/www.apres-lecole.fr\/Blog\/inquietudes-viol-eleves-lyon\/"},"wordCount":1864,"commentCount":0,"image":{"@id":"https:\/\/www.apres-lecole.fr\/Blog\/inquietudes-viol-eleves-lyon\/#primaryimage"},"thumbnailUrl":"https:\/\/www.apres-lecole.fr\/Blog\/wp-content\/uploads\/2025\/06\/Des-inquietudes-persistantes-des-allegations-de-viol-entre-eleves-dans-une-ecole-primaire-en-banlieue-lyonnaise.jpg","keywords":["all\u00e9gations de viol","banlieue lyonnaise","\u00e9cole primaire","\u00e9l\u00e8ves","inqui\u00e9tudes"],"articleSection":["Actualit\u00e9s"],"inLanguage":"fr-FR","potentialAction":[{"@type":"CommentAction","name":"Comment","target":["https:\/\/www.apres-lecole.fr\/Blog\/inquietudes-viol-eleves-lyon\/#respond"]}]},{"@type":"WebPage","@id":"https:\/\/www.apres-lecole.fr\/Blog\/inquietudes-viol-eleves-lyon\/","url":"https:\/\/www.apres-lecole.fr\/Blog\/inquietudes-viol-eleves-lyon\/","name":"Des all\u00e9gations troublantes : viols entre \u00e9l\u00e8ves dans une \u00e9cole primaire lyonnaise","isPartOf":{"@id":"https:\/\/www.apres-lecole.fr\/Blog\/#website"},"primaryImageOfPage":{"@id":"https:\/\/www.apres-lecole.fr\/Blog\/inquietudes-viol-eleves-lyon\/#primaryimage"},"image":{"@id":"https:\/\/www.apres-lecole.fr\/Blog\/inquietudes-viol-eleves-lyon\/#primaryimage"},"thumbnailUrl":"https:\/\/www.apres-lecole.fr\/Blog\/wp-content\/uploads\/2025\/06\/Des-inquietudes-persistantes-des-allegations-de-viol-entre-eleves-dans-une-ecole-primaire-en-banlieue-lyonnaise.jpg","datePublished":"2025-06-13T06:52:25+00:00","author":{"@id":"https:\/\/www.apres-lecole.fr\/Blog\/#\/schema\/person\/aeb50cd4b51fc69da155804bb5bb9fc4"},"description":"All\u00e9gations choquantes de viol entre \u00e9l\u00e8ves dans une \u00e9cole primaire pr\u00e8s de Lyon : enqu\u00eate et inqui\u00e9tudes persistantes des parents.","breadcrumb":{"@id":"https:\/\/www.apres-lecole.fr\/Blog\/inquietudes-viol-eleves-lyon\/#breadcrumb"},"inLanguage":"fr-FR","potentialAction":[{"@type":"ReadAction","target":["https:\/\/www.apres-lecole.fr\/Blog\/inquietudes-viol-eleves-lyon\/"]}]},{"@type":"ImageObject","inLanguage":"fr-FR","@id":"https:\/\/www.apres-lecole.fr\/Blog\/inquietudes-viol-eleves-lyon\/#primaryimage","url":"https:\/\/www.apres-lecole.fr\/Blog\/wp-content\/uploads\/2025\/06\/Des-inquietudes-persistantes-des-allegations-de-viol-entre-eleves-dans-une-ecole-primaire-en-banlieue-lyonnaise.jpg","contentUrl":"https:\/\/www.apres-lecole.fr\/Blog\/wp-content\/uploads\/2025\/06\/Des-inquietudes-persistantes-des-allegations-de-viol-entre-eleves-dans-une-ecole-primaire-en-banlieue-lyonnaise.jpg","width":1344,"height":768,"caption":"d\u00e9couvrez les d\u00e9tails des inqui\u00e9tudes soulev\u00e9es par des all\u00e9gations de viol entre \u00e9l\u00e8ves dans une \u00e9cole primaire en banlieue lyonnaise. cette affaire soul\u00e8ve des questions cruciales sur la s\u00e9curit\u00e9 des enfants et le r\u00f4le des \u00e9tablissements scolaires face \u00e0 de tels accusations."},{"@type":"BreadcrumbList","@id":"https:\/\/www.apres-lecole.fr\/Blog\/inquietudes-viol-eleves-lyon\/#breadcrumb","itemListElement":[{"@type":"ListItem","position":1,"name":"Home","item":"https:\/\/www.apres-lecole.fr\/Blog\/"},{"@type":"ListItem","position":2,"name":"Des inqui\u00e9tudes persistantes : des all\u00e9gations de viol entre \u00e9l\u00e8ves dans une \u00e9cole primaire en banlieue lyonnaise"}]},{"@type":"WebSite","@id":"https:\/\/www.apres-lecole.fr\/Blog\/#website","url":"https:\/\/www.apres-lecole.fr\/Blog\/","name":"","description":"M\u00e9dia g\u00e9n\u00e9raliste","potentialAction":[{"@type":"SearchAction","target":{"@type":"EntryPoint","urlTemplate":"https:\/\/www.apres-lecole.fr\/Blog\/?s={search_term_string}"},"query-input":{"@type":"PropertyValueSpecification","valueRequired":true,"valueName":"search_term_string"}}],"inLanguage":"fr-FR"},{"@type":"Person","@id":"https:\/\/www.apres-lecole.fr\/Blog\/#\/schema\/person\/aeb50cd4b51fc69da155804bb5bb9fc4","name":"Eva Martin","image":{"@type":"ImageObject","inLanguage":"fr-FR","@id":"https:\/\/secure.gravatar.com\/avatar\/55c53222558b27a72015a64073a80edce4abd33369394b9bf2c5cd6c19d12682?s=96&d=mm&r=g","url":"https:\/\/secure.gravatar.com\/avatar\/55c53222558b27a72015a64073a80edce4abd33369394b9bf2c5cd6c19d12682?s=96&d=mm&r=g","contentUrl":"https:\/\/secure.gravatar.com\/avatar\/55c53222558b27a72015a64073a80edce4abd33369394b9bf2c5cd6c19d12682?s=96&d=mm&r=g","caption":"Eva Martin"},"description":"Je parle de business et d'entrepreneuriat avec des conseils clairs, concrets et actionnables pour r\u00e9ussir","sameAs":["https:\/\/x.com\/Evaapresecole"],"url":"https:\/\/www.apres-lecole.fr\/Blog\/author\/evamartin\/"}]}},"views":13,"_links":{"self":[{"href":"https:\/\/www.apres-lecole.fr\/Blog\/wp-json\/wp\/v2\/posts\/2013","targetHints":{"allow":["GET"]}}],"collection":[{"href":"https:\/\/www.apres-lecole.fr\/Blog\/wp-json\/wp\/v2\/posts"}],"about":[{"href":"https:\/\/www.apres-lecole.fr\/Blog\/wp-json\/wp\/v2\/types\/post"}],"author":[{"embeddable":true,"href":"https:\/\/www.apres-lecole.fr\/Blog\/wp-json\/wp\/v2\/users\/9"}],"replies":[{"embeddable":true,"href":"https:\/\/www.apres-lecole.fr\/Blog\/wp-json\/wp\/v2\/comments?post=2013"}],"version-history":[{"count":0,"href":"https:\/\/www.apres-lecole.fr\/Blog\/wp-json\/wp\/v2\/posts\/2013\/revisions"}],"wp:featuredmedia":[{"embeddable":true,"href":"https:\/\/www.apres-lecole.fr\/Blog\/wp-json\/wp\/v2\/media\/2012"}],"wp:attachment":[{"href":"https:\/\/www.apres-lecole.fr\/Blog\/wp-json\/wp\/v2\/media?parent=2013"}],"wp:term":[{"taxonomy":"category","embeddable":true,"href":"https:\/\/www.apres-lecole.fr\/Blog\/wp-json\/wp\/v2\/categories?post=2013"},{"taxonomy":"post_tag","embeddable":true,"href":"https:\/\/www.apres-lecole.fr\/Blog\/wp-json\/wp\/v2\/tags?post=2013"}],"curies":[{"name":"wp","href":"https:\/\/api.w.org\/{rel}","templated":true}]}}