{"id":2008,"date":"2025-06-12T07:08:22","date_gmt":"2025-06-12T07:08:22","guid":{"rendered":"https:\/\/www.apres-lecole.fr\/Blog\/denonciations-viol-ecole-lyon\/"},"modified":"2025-06-12T07:08:22","modified_gmt":"2025-06-12T07:08:22","slug":"denonciations-viol-ecole-lyon","status":"publish","type":"post","link":"https:\/\/www.apres-lecole.fr\/Blog\/denonciations-viol-ecole-lyon\/","title":{"rendered":"Des inqui\u00e9tudes grandissent : de possibles d\u00e9nonciations de viol entre \u00e9l\u00e8ves dans une \u00e9cole primaire de la banlieue de Lyon"},"content":{"rendered":"\n\n<div class=\"kk-star-ratings kksr-auto kksr-align-left kksr-valign-top\"\n    data-payload='{&quot;align&quot;:&quot;left&quot;,&quot;id&quot;:&quot;2008&quot;,&quot;slug&quot;:&quot;default&quot;,&quot;valign&quot;:&quot;top&quot;,&quot;ignore&quot;:&quot;&quot;,&quot;reference&quot;:&quot;auto&quot;,&quot;class&quot;:&quot;&quot;,&quot;count&quot;:&quot;0&quot;,&quot;legendonly&quot;:&quot;&quot;,&quot;readonly&quot;:&quot;&quot;,&quot;score&quot;:&quot;0&quot;,&quot;starsonly&quot;:&quot;&quot;,&quot;best&quot;:&quot;5&quot;,&quot;gap&quot;:&quot;5&quot;,&quot;greet&quot;:&quot;Rate this post&quot;,&quot;legend&quot;:&quot;0\\\/5 - (0 vote)&quot;,&quot;size&quot;:&quot;24&quot;,&quot;title&quot;:&quot;Des inqui\u00e9tudes grandissent : de possibles d\u00e9nonciations de viol entre \u00e9l\u00e8ves dans une \u00e9cole primaire de la banlieue de Lyon&quot;,&quot;width&quot;:&quot;0&quot;,&quot;_legend&quot;:&quot;{score}\\\/{best} - ({count} {votes})&quot;,&quot;font_factor&quot;:&quot;1.25&quot;}'>\n            \n<div class=\"kksr-stars\">\n    \n<div class=\"kksr-stars-inactive\">\n            <div class=\"kksr-star\" data-star=\"1\" style=\"padding-right: 5px\">\n            \n\n<div class=\"kksr-icon\" style=\"width: 24px; height: 24px;\"><\/div>\n        <\/div>\n            <div class=\"kksr-star\" data-star=\"2\" style=\"padding-right: 5px\">\n            \n\n<div class=\"kksr-icon\" style=\"width: 24px; height: 24px;\"><\/div>\n        <\/div>\n            <div class=\"kksr-star\" data-star=\"3\" style=\"padding-right: 5px\">\n            \n\n<div class=\"kksr-icon\" style=\"width: 24px; height: 24px;\"><\/div>\n        <\/div>\n            <div class=\"kksr-star\" data-star=\"4\" style=\"padding-right: 5px\">\n            \n\n<div class=\"kksr-icon\" style=\"width: 24px; height: 24px;\"><\/div>\n        <\/div>\n            <div class=\"kksr-star\" data-star=\"5\" style=\"padding-right: 5px\">\n            \n\n<div class=\"kksr-icon\" style=\"width: 24px; height: 24px;\"><\/div>\n        <\/div>\n    <\/div>\n    \n<div class=\"kksr-stars-active\" style=\"width: 0px;\">\n            <div class=\"kksr-star\" style=\"padding-right: 5px\">\n            \n\n<div class=\"kksr-icon\" style=\"width: 24px; height: 24px;\"><\/div>\n        <\/div>\n            <div class=\"kksr-star\" style=\"padding-right: 5px\">\n            \n\n<div class=\"kksr-icon\" style=\"width: 24px; height: 24px;\"><\/div>\n        <\/div>\n            <div class=\"kksr-star\" style=\"padding-right: 5px\">\n            \n\n<div class=\"kksr-icon\" style=\"width: 24px; height: 24px;\"><\/div>\n        <\/div>\n            <div class=\"kksr-star\" style=\"padding-right: 5px\">\n            \n\n<div class=\"kksr-icon\" style=\"width: 24px; height: 24px;\"><\/div>\n        <\/div>\n            <div class=\"kksr-star\" style=\"padding-right: 5px\">\n            \n\n<div class=\"kksr-icon\" style=\"width: 24px; height: 24px;\"><\/div>\n        <\/div>\n    <\/div>\n<\/div>\n                \n\n<div class=\"kksr-legend\" style=\"font-size: 19.2px;\">\n            <span class=\"kksr-muted\">Rate this post<\/span>\n    <\/div>\n    <\/div>\n<p>Les r\u00e9centes affaires autour de possibles violences sexuelles entre \u00e9l\u00e8ves dans des \u00e9coles commencent \u00e0 susciter de vives inqui\u00e9tudes. Dans une \u00e9cole primaire de la banlieue de Lyon, des parents d&rsquo;\u00e9l\u00e8ves manifestent leurs pr\u00e9occupations face \u00e0 des all\u00e9gations alarmantes, incitant \u00e0 la r\u00e9flexion sur la gestion de ces situations par l&rsquo;\u00e9ducation nationale et les autorit\u00e9s locales. Il est essentiel d\u2019explorer la nature de ces \u00e9v\u00e9nements et d&rsquo;envisager des solutions pour veiller \u00e0 la s\u00e9curit\u00e9 des enfants au sein des \u00e9tablissements scolaires.<\/p>\n\n<h2 class=\"wp-block-heading\">D\u00e9nonciations de viols dans une \u00e9cole primaire : le cas de Vaulx-en-Velin<\/h2>\n\n<p>Au c\u0153ur du probl\u00e8me se trouve une affaire remontant \u00e0 janvier, o\u00f9 une m\u00e8re d\u2019un \u00e9l\u00e8ve de CP a d\u00e9pos\u00e9 plainte pour viols pr\u00e9sum\u00e9s contre son fils, qui aurait \u00e9t\u00e9 victime d\u2019un \u00e9l\u00e8ve de CM1. Bien que la proc\u00e9dure ait \u00e9t\u00e9 class\u00e9e sans suite par le parquet de Lyon, le doute plane chez les parents. En effet, plusieurs t\u00e9moins auraient corrobor\u00e9 la version des faits, signalant des incidents similaires dans le pass\u00e9. Ces r\u00e9v\u00e9lations soul\u00e8vent des questions sur les mesures de protection mises en place par l\u2019administration et la mani\u00e8re dont ce genre de d\u00e9nonciations est pris en charge.<\/p>\n\n<p>Les inqui\u00e9tudes vont croissant. Les parents d\u2019\u00e9l\u00e8ves s&rsquo;interrogent sur la s\u00e9curit\u00e9 de leurs enfants : comment un tel acte a-t-il pu se produire dans l\u2019enceinte m\u00eame de l\u2019\u00e9cole ? Un comit\u00e9 de parents d&rsquo;\u00e9l\u00e8ves a m\u00eame exprim\u00e9 son d\u00e9sir d&rsquo;\u00eatre davantage impliqu\u00e9 dans la gestion de ce type de probl\u00e8me, mais semble se heurter \u00e0 une certaine opacit\u00e9 de la direction.<\/p>\n\n<p>Le rectorat n\u2019a pas tard\u00e9 \u00e0 r\u00e9agir, affirmant qu\u2019un syst\u00e8me de flux, visant \u00e0 \u00e9viter les rencontres des deux enfants concern\u00e9s, a \u00e9t\u00e9 mis en place. Cependant, cela suffit-il \u00e0 rassurer les parents ? Des voix s\u2019\u00e9l\u00e8vent, condamnant une gestion qu&rsquo;elles estiment trop l\u00e9g\u00e8re, allant m\u00eame jusqu\u2019\u00e0 remettre en question l\u2019absence d\u2019interventions psychologiques pour aider les enfants affect\u00e9s.<\/p>\n\n<h3 class=\"wp-block-heading\">Le r\u00f4le des acteurs \u00e9ducatifs face \u00e0 des all\u00e9gations graves<\/h3>\n\n<p>Dans des situations aussi d\u00e9licates, la r\u00e9action des enseignants et des responsables d&rsquo;\u00e9tablissement rev\u00eat une importance cruciale. Le signalement des violences sexuelles est pourtant une obligation l\u00e9gale pour les travailleurs sociaux, les enseignants en particulier. Mais qu&rsquo;en est-il de la r\u00e9alit\u00e9 sur le terrain ?<\/p>\n\n<ul class=\"wp-block-list\"><li>Les enseignants doivent signaler tout soup\u00e7on de maltraitance ou de violence envers les enfants.<\/li><li>Les autorit\u00e9s scolaires ont un r\u00f4le proactif \u00e0 jouer dans la sensibilisation aux violences sexuelles.<\/li><li>Les interactions entre enseignants, gestionnaires d&rsquo;\u00e9tablissement et parents doivent \u00eatre fluides et transparentes.<\/li><\/ul>\n\n<p>Ces questions sont d&rsquo;autant plus essentielles dans un contexte o\u00f9, selon certaines sources, les signalements d&rsquo;incidents graves dans le milieu scolaire sont en augmentation. En effet, plusieurs rapports font \u00e9tat d&rsquo;une hausse significative des agressions, ce qui incite \u00e0 r\u00e9fl\u00e9chir \u00e0 la mise en place de formations sp\u00e9cifiques pour les enseignants et les personnels \u00e9ducatifs.<\/p>\n\n<figure class=\"wp-block-table\"><table>\n<thead>\n<tr>\n<th>Type de violence<\/th>\n<th>Pourcentage d&rsquo;incidents signal\u00e9s<\/th>\n<\/tr>\n<\/thead>\n<tbody>\n<tr>\n<td>Violences physiques<\/td>\n<td>40%<\/td>\n<\/tr>\n<tr>\n<td>Violences verbales<\/td>\n<td>35%<\/td>\n<\/tr>\n<tr>\n<td>Violences sexuelles<\/td>\n<td>25%<\/td>\n<\/tr>\n<\/tbody>\n<\/table><\/figure>\n\n<p>Il est important de se rappeler que le silence sur ces affaires peut avoir des cons\u00e9quences d\u00e9vastatrices pour les victimes. Les enfants bless\u00e9s peuvent non seulement souffrir psychologiquement, mais ces exp\u00e9riences traumatisantes impactent \u00e9galement leur parcours \u00e9ducatif. Des associations comme SOS Viol ou La Fondation des femmes \u0153uvrent pour apporter une aide et du soutien aux victimes dans de telles situations.<\/p>\n\n<h2 class=\"wp-block-heading\">Le climat scolaire et ses effets sur les comportements des \u00e9l\u00e8ves<\/h2>\n\n<p>Le climat scolaire joue un r\u00f4le fondamental dans le d\u00e9veloppement et le bien-\u00eatre des jeunes \u00e9l\u00e8ves. Un environnement scolaire positif peut encourager des comportements respectueux et une attitude pacifique, tandis qu\u2019un cadre peu s\u00e9curisant peut mener \u00e0 des manifestations de violence et des comportements inappropri\u00e9s. \u00c0 cet \u00e9gard, des \u00e9tudes d\u00e9montrent qu&rsquo;il existe un lien entre le climat scolaire et la pr\u00e9valence des violences entre \u00e9l\u00e8ves.<\/p>\n\n<p>D\u2019apr\u00e8s le Minist\u00e8re de l&rsquo;\u00c9ducation nationale, plusieurs processus sont mis en place pour am\u00e9liorer la s\u00e9curit\u00e9 et le bien-\u00eatre dans les \u00e9tablissements scolaires. Des dispositifs \u00e9ducatifs, comme les ateliers de sensibilisation, sont organis\u00e9s pour aider les \u00e9l\u00e8ves \u00e0 prendre conscience des cons\u00e9quences de leurs actes. Pourtant, leur efficacit\u00e9 d\u00e9pend largement de la volont\u00e9 des \u00e9coles \u00e0 aborder ces th\u00e9matiques avec sinc\u00e9rit\u00e9 et rigueur.<\/p>\n\n<h3 class=\"wp-block-heading\">Quel type d\u2019accompagnement est propos\u00e9 aux \u00e9l\u00e8ves ?<\/h3>\n\n<p>Les \u00e9tablissements peuvent proposer plusieurs types d\u2019accompagnement pour pr\u00e9venir et traiter les violences :<\/p>\n\n<ul class=\"wp-block-list\"><li>Ateliers de sensibilisation aux violences et leur impact.<\/li><li>Sessions d&rsquo;\u00e9coute anim\u00e9es par des psychologues scolaires.<\/li><li>Cr\u00e9ation de groupes de parole pour les victimes.<\/li><\/ul>\n\n<p>Pour les enfants, b\u00e9n\u00e9ficier d\u2019un soutien adapt\u00e9 leur permet de mieux g\u00e9rer des situations de conflit et de violence. De nombreuses \u00e9tudes montrent que le dialogue et l&#8217;empathie sont des outils puissants pour \u00e9radiquer la violence scolaire. Mais cela n\u00e9cessite un r\u00e9el engagement des acteurs \u00e9ducatifs et une d\u00e9tection pr\u00e9coce de ces comportements probl\u00e9matiques.<\/p>\n\n<h2 class=\"wp-block-heading\">Les d\u00e9fis juridiques et administratifs li\u00e9s aux d\u00e9nonciations<\/h2>\n\n<p>La question des violences entre \u00e9l\u00e8ves soul\u00e8ve \u00e9galement des enjeux juridiques. La loi impose aux enseignants un devoir de d\u00e9nonciation, mais la complexit\u00e9 des cas et les diff\u00e9rences de perception entre les enfants peuvent parfois rendre cette t\u00e2che d\u00e9licate. En f\u00e9vrier, lorsque la m\u00e8re du gar\u00e7on pr\u00e9sum\u00e9 victime a d\u00e9pos\u00e9 sa plainte, la situation a \u00e9t\u00e9 particuli\u00e8rement controvers\u00e9e.<\/p>\n\n<p>Apr\u00e8s v\u00e9rification, le parquet a class\u00e9 l&rsquo;affaire sans suite, \u00e9voquant une \u00ab infraction insuffisamment caract\u00e9ris\u00e9e \u00bb. Ce constat alimente la frustration parmi les parents, qui per\u00e7oivent une inad\u00e9quation entre les plaintes d\u00e9pos\u00e9es et la r\u00e9ponse judiciaire. Parfois, recouper des t\u00e9moignages peut s&rsquo;av\u00e9rer difficile, surtout quand il s&rsquo;agit d&rsquo;enfants. Cela fragilise l&rsquo;ensemble du processus de d\u00e9nonciation.<\/p>\n\n<h3 class=\"wp-block-heading\">Les implications du classement sans suite<\/h3>\n\n<p>Pour des familles touch\u00e9es par de tels incidents, le classement sans suite d&rsquo;une affaire repr\u00e9sente un double coup dur :<\/p>\n\n<ul class=\"wp-block-list\"><li>Une absence de reconnaissance des faits par la justice.<\/li><li>Un sentiment d&rsquo;ins\u00e9curit\u00e9 persistant au sein de l&rsquo;\u00e9tablissement.<\/li><\/ul>\n\n<p>Les parents, inquiets pour la s\u00e9curit\u00e9 de leurs enfants, voient leurs craintes l\u00e9gitim\u00e9es par la complexit\u00e9 d&rsquo;un syst\u00e8me souvent per\u00e7u comme d\u00e9faillant. Les revendications pour une meilleure \u00e9coute des victimes et des mesures de protection renforc\u00e9es sont plus que jamais d&rsquo;actualit\u00e9.<\/p>\n\n<figure class=\"wp-block-table\"><table>\n<thead>\n<tr>\n<th>Actions de soutien<\/th>\n<th>Importance<\/th>\n<\/tr>\n<\/thead>\n<tbody>\n<tr>\n<td>Support psychologique<\/td>\n<td>\u00c9lev\u00e9e<\/td>\n<\/tr>\n<tr>\n<td>Interventions des parents d&rsquo;\u00e9l\u00e8ves<\/td>\n<td>Moyenne<\/td>\n<\/tr>\n<tr>\n<td>\u00c9ducation \u00e0 l&#8217;empathie<\/td>\n<td>\u00c9lev\u00e9e<\/td>\n<\/tr>\n<\/tbody>\n<\/table><\/figure>\n\n<p>Il est essentiel que le syst\u00e8me \u00e9ducatif et judiciaire \u00e9volue pour prendre en compte ces difficult\u00e9s. Les initiatives doivent \u00eatre mises en place rapidement pour soutenir les victimes et transposer ces pr\u00e9occupations dans des actions concr\u00e8tes. Le Collectif f\u00e9ministe et des ONG telles que France Victimes ou Stop Violence promeuvent ce changement dans les discours et les politiques publiques.<\/p>\n\n<h2 class=\"wp-block-heading\">Vers une meilleure sensibilisation et pr\u00e9vention<\/h2>\n\n<p>\u00c9duquer les enfants d\u00e8s le plus jeune \u00e2ge sur les comportements inappropri\u00e9s et les concepts de consentement est imp\u00e9ratif. Les d\u00e9bats sur ces probl\u00e9matiques doivent \u00eatre int\u00e9gr\u00e9s dans le cursus scolaire pour sensibiliser les \u00e9l\u00e8ves. Les \u00e9coles doivent devenir des espaces o\u00f9 il est possible d&rsquo;\u00e9voquer les violences de mani\u00e8re ouverte. Cela implique \u00e9galement un engagement fort des familles, qui ont un r\u00f4le essentiel \u00e0 jouer.<\/p>\n\n<p>Les associations, comme <strong>En avant toutes<\/strong> et <strong>L\u2019Association des parents d\u2019\u00e9l\u00e8ves<\/strong>, sont en premi\u00e8re ligne pour proposer des ressources et partager des connaissances sur le sujet. La mise en place de programmes \u00e9ducatifs sur les questions de violence et de respect peut cr\u00e9er un r\u00e9el changement dans la sensibilisation des jeunes.<\/p>\n\n<h3 class=\"wp-block-heading\">Quelles ressources sont \u00e0 disposition pour les \u00e9coles et les parents ?<\/h3>\n\n<p>Il existe plusieurs initiatives que les \u00e9tablissements peuvent adopter :<\/p>\n\n<ul class=\"wp-block-list\"><li>Formations pour les enseignants sur la d\u00e9tection des violences et le soutien aux enfants.<\/li><li>Cr\u00e9ation de partenariats avec des associations sp\u00e9cialis\u00e9es pour apporter du soutien.<\/li><li>\u00c9laboration de guides pratiques sur le respect du consentement et la pr\u00e9vention des violences.<\/li><\/ul>\n\n<p>Des sujets comme la violence entre \u00e9l\u00e8ves ne doivent plus rester tabous, et il est imp\u00e9ratif qu\u2019un environnement sain s\u2019installe dans les \u00e9coles. La s\u00e9curit\u00e9 des enfants doit passer au premier plan, et tous les acteurs doivent intervenir collectivement pour avancer sur cette question essentielle.<\/p>\n\n<h2 class=\"wp-block-heading\">FAQ<\/h2>\n\n<p><strong>Quelles sont les obligations des enseignants face \u00e0 des violences sexuelles ?<\/strong><\/p>\n\n<p>Les enseignants ont l&rsquo;obligation l\u00e9gale de signaler tout soup\u00e7on de maltraitance ou de violences sexuelles envers les enfants aupr\u00e8s des autorit\u00e9s comp\u00e9tentes.<\/p>\n\n<p><strong>Comment les incidents de violence sont-ils g\u00e9n\u00e9ralement trait\u00e9s dans les \u00e9coles ?<\/strong><\/p>\n\n<p>Les \u00e9coles doivent mettre en place des proc\u00e9dures claires de signalement et de soutien aux victimes, en collaboration avec les autorit\u00e9s judiciaires et \u00e9ducatives.<\/p>\n\n<p><strong>Quel soutien existe pour les victimes de violence \u00e0 l&rsquo;\u00e9cole ?<\/strong><\/p>\n\n<p>Des ressources telles que des psychologues scolaires et des groupes de parole peuvent \u00eatre mises \u00e0 disposition des victimes pour les accompagner.<\/p>\n\n<p><strong>Quelle est l&rsquo;importance de la sensibilisation aux questions de violence \u00e0 l&rsquo;\u00e9cole ?<\/strong><\/p>\n\n<p>Une sensibilisation pr\u00e9coce permet d&rsquo;\u00e9duquer les enfants sur le respect du consentement et de pr\u00e9venir les comportements violents.<\/p>\n\n<p><strong>Comment les parents peuvent-ils intervenir ?<\/strong><\/p>\n\n<p>Les parents peuvent demander des comptes \u00e0 l&rsquo;\u00e9cole, s&rsquo;impliquer dans les comit\u00e9s de parents d&rsquo;\u00e9l\u00e8ves et proposer des formations pour les enseignants.<\/p>\n\n","protected":false},"excerpt":{"rendered":"<p>Les r\u00e9centes affaires autour de possibles violences sexuelles entre \u00e9l\u00e8ves dans des \u00e9coles commencent \u00e0 susciter de vives inqui\u00e9tudes. Dans une \u00e9cole primaire de la banlieue de Lyon, des parents d&rsquo;\u00e9l\u00e8ves manifestent leurs pr\u00e9occupations face \u00e0 des all\u00e9gations alarmantes, incitant \u00e0 la r\u00e9flexion sur la gestion de ces situations par l&rsquo;\u00e9ducation nationale et les autorit\u00e9s &#8230; <a title=\"Des inqui\u00e9tudes grandissent : de possibles d\u00e9nonciations de viol entre \u00e9l\u00e8ves dans une \u00e9cole primaire de la banlieue de Lyon\" class=\"read-more\" href=\"https:\/\/www.apres-lecole.fr\/Blog\/denonciations-viol-ecole-lyon\/\" aria-label=\"En savoir plus sur Des inqui\u00e9tudes grandissent : de possibles d\u00e9nonciations de viol entre \u00e9l\u00e8ves dans une \u00e9cole primaire de la banlieue de Lyon\">Lire plus<\/a><\/p>\n","protected":false},"author":9,"featured_media":0,"comment_status":"open","ping_status":"open","sticky":false,"template":"","format":"standard","meta":{"footnotes":""},"categories":[342],"tags":[1071,904,556,1070,1072],"class_list":["post-2008","post","type-post","status-publish","format-standard","hentry","category-actualites","tag-denonciations","tag-ecole-primaire","tag-eleves","tag-inquietudes","tag-viol"],"yoast_head":"<!-- This site is optimized with the Yoast SEO plugin v27.5 - https:\/\/yoast.com\/product\/yoast-seo-wordpress\/ -->\n<title>Des \u00e9l\u00e8ves en danger : l&#039;ombre des d\u00e9nonciations de viol \u00e0 Lyon<\/title>\n<meta name=\"description\" content=\"Des inqui\u00e9tudes \u00e0 Lyon : des \u00e9l\u00e8ves d\u2019une \u00e9cole primaire seraient impliqu\u00e9s dans des d\u00e9nonciations de viol. Enqu\u00eate en cours.\" \/>\n<meta name=\"robots\" content=\"index, follow, max-snippet:-1, max-image-preview:large, max-video-preview:-1\" \/>\n<link rel=\"canonical\" href=\"https:\/\/www.apres-lecole.fr\/Blog\/denonciations-viol-ecole-lyon\/\" \/>\n<meta property=\"og:locale\" content=\"fr_FR\" \/>\n<meta property=\"og:type\" content=\"article\" \/>\n<meta property=\"og:title\" content=\"Des \u00e9l\u00e8ves en danger : l&#039;ombre des d\u00e9nonciations de viol \u00e0 Lyon\" \/>\n<meta property=\"og:description\" content=\"Des inqui\u00e9tudes \u00e0 Lyon : des \u00e9l\u00e8ves d\u2019une \u00e9cole primaire seraient impliqu\u00e9s dans des d\u00e9nonciations de viol. Enqu\u00eate en cours.\" \/>\n<meta property=\"og:url\" content=\"https:\/\/www.apres-lecole.fr\/Blog\/denonciations-viol-ecole-lyon\/\" \/>\n<meta property=\"article:published_time\" content=\"2025-06-12T07:08:22+00:00\" \/>\n<meta name=\"author\" content=\"Eva Martin\" \/>\n<meta name=\"twitter:card\" content=\"summary_large_image\" \/>\n<meta name=\"twitter:creator\" content=\"@Evaapresecole\" \/>\n<meta name=\"twitter:label1\" content=\"\u00c9crit par\" \/>\n\t<meta name=\"twitter:data1\" content=\"Eva Martin\" \/>\n\t<meta name=\"twitter:label2\" content=\"Dur\u00e9e de lecture estim\u00e9e\" \/>\n\t<meta name=\"twitter:data2\" content=\"8 minutes\" \/>\n<script type=\"application\/ld+json\" class=\"yoast-schema-graph\">{\"@context\":\"https:\\\/\\\/schema.org\",\"@graph\":[{\"@type\":\"Article\",\"@id\":\"https:\\\/\\\/www.apres-lecole.fr\\\/Blog\\\/denonciations-viol-ecole-lyon\\\/#article\",\"isPartOf\":{\"@id\":\"https:\\\/\\\/www.apres-lecole.fr\\\/Blog\\\/denonciations-viol-ecole-lyon\\\/\"},\"author\":{\"name\":\"Eva Martin\",\"@id\":\"https:\\\/\\\/www.apres-lecole.fr\\\/Blog\\\/#\\\/schema\\\/person\\\/aeb50cd4b51fc69da155804bb5bb9fc4\"},\"headline\":\"Des inqui\u00e9tudes grandissent : de possibles d\u00e9nonciations de viol entre \u00e9l\u00e8ves dans une \u00e9cole primaire de la banlieue de Lyon\",\"datePublished\":\"2025-06-12T07:08:22+00:00\",\"mainEntityOfPage\":{\"@id\":\"https:\\\/\\\/www.apres-lecole.fr\\\/Blog\\\/denonciations-viol-ecole-lyon\\\/\"},\"wordCount\":1664,\"commentCount\":0,\"keywords\":[\"d\u00e9nonciations\",\"\u00e9cole primaire\",\"\u00e9l\u00e8ves\",\"inqui\u00e9tudes\",\"viol\"],\"articleSection\":[\"Actualit\u00e9s\"],\"inLanguage\":\"fr-FR\",\"potentialAction\":[{\"@type\":\"CommentAction\",\"name\":\"Comment\",\"target\":[\"https:\\\/\\\/www.apres-lecole.fr\\\/Blog\\\/denonciations-viol-ecole-lyon\\\/#respond\"]}]},{\"@type\":\"WebPage\",\"@id\":\"https:\\\/\\\/www.apres-lecole.fr\\\/Blog\\\/denonciations-viol-ecole-lyon\\\/\",\"url\":\"https:\\\/\\\/www.apres-lecole.fr\\\/Blog\\\/denonciations-viol-ecole-lyon\\\/\",\"name\":\"Des \u00e9l\u00e8ves en danger : l'ombre des d\u00e9nonciations de viol \u00e0 Lyon\",\"isPartOf\":{\"@id\":\"https:\\\/\\\/www.apres-lecole.fr\\\/Blog\\\/#website\"},\"datePublished\":\"2025-06-12T07:08:22+00:00\",\"author\":{\"@id\":\"https:\\\/\\\/www.apres-lecole.fr\\\/Blog\\\/#\\\/schema\\\/person\\\/aeb50cd4b51fc69da155804bb5bb9fc4\"},\"description\":\"Des inqui\u00e9tudes \u00e0 Lyon : des \u00e9l\u00e8ves d\u2019une \u00e9cole primaire seraient impliqu\u00e9s dans des d\u00e9nonciations de viol. Enqu\u00eate en cours.\",\"breadcrumb\":{\"@id\":\"https:\\\/\\\/www.apres-lecole.fr\\\/Blog\\\/denonciations-viol-ecole-lyon\\\/#breadcrumb\"},\"inLanguage\":\"fr-FR\",\"potentialAction\":[{\"@type\":\"ReadAction\",\"target\":[\"https:\\\/\\\/www.apres-lecole.fr\\\/Blog\\\/denonciations-viol-ecole-lyon\\\/\"]}]},{\"@type\":\"BreadcrumbList\",\"@id\":\"https:\\\/\\\/www.apres-lecole.fr\\\/Blog\\\/denonciations-viol-ecole-lyon\\\/#breadcrumb\",\"itemListElement\":[{\"@type\":\"ListItem\",\"position\":1,\"name\":\"Home\",\"item\":\"https:\\\/\\\/www.apres-lecole.fr\\\/Blog\\\/\"},{\"@type\":\"ListItem\",\"position\":2,\"name\":\"Des inqui\u00e9tudes grandissent : de possibles d\u00e9nonciations de viol entre \u00e9l\u00e8ves dans une \u00e9cole primaire de la banlieue de Lyon\"}]},{\"@type\":\"WebSite\",\"@id\":\"https:\\\/\\\/www.apres-lecole.fr\\\/Blog\\\/#website\",\"url\":\"https:\\\/\\\/www.apres-lecole.fr\\\/Blog\\\/\",\"name\":\"\",\"description\":\"M\u00e9dia g\u00e9n\u00e9raliste\",\"potentialAction\":[{\"@type\":\"SearchAction\",\"target\":{\"@type\":\"EntryPoint\",\"urlTemplate\":\"https:\\\/\\\/www.apres-lecole.fr\\\/Blog\\\/?s={search_term_string}\"},\"query-input\":{\"@type\":\"PropertyValueSpecification\",\"valueRequired\":true,\"valueName\":\"search_term_string\"}}],\"inLanguage\":\"fr-FR\"},{\"@type\":\"Person\",\"@id\":\"https:\\\/\\\/www.apres-lecole.fr\\\/Blog\\\/#\\\/schema\\\/person\\\/aeb50cd4b51fc69da155804bb5bb9fc4\",\"name\":\"Eva Martin\",\"image\":{\"@type\":\"ImageObject\",\"inLanguage\":\"fr-FR\",\"@id\":\"https:\\\/\\\/secure.gravatar.com\\\/avatar\\\/55c53222558b27a72015a64073a80edce4abd33369394b9bf2c5cd6c19d12682?s=96&d=mm&r=g\",\"url\":\"https:\\\/\\\/secure.gravatar.com\\\/avatar\\\/55c53222558b27a72015a64073a80edce4abd33369394b9bf2c5cd6c19d12682?s=96&d=mm&r=g\",\"contentUrl\":\"https:\\\/\\\/secure.gravatar.com\\\/avatar\\\/55c53222558b27a72015a64073a80edce4abd33369394b9bf2c5cd6c19d12682?s=96&d=mm&r=g\",\"caption\":\"Eva Martin\"},\"description\":\"Je parle de business et d'entrepreneuriat avec des conseils clairs, concrets et actionnables pour r\u00e9ussir\",\"sameAs\":[\"https:\\\/\\\/x.com\\\/Evaapresecole\"],\"url\":\"https:\\\/\\\/www.apres-lecole.fr\\\/Blog\\\/author\\\/evamartin\\\/\"}]}<\/script>\n<!-- \/ Yoast SEO plugin. -->","yoast_head_json":{"title":"Des \u00e9l\u00e8ves en danger : l'ombre des d\u00e9nonciations de viol \u00e0 Lyon","description":"Des inqui\u00e9tudes \u00e0 Lyon : des \u00e9l\u00e8ves d\u2019une \u00e9cole primaire seraient impliqu\u00e9s dans des d\u00e9nonciations de viol. Enqu\u00eate en cours.","robots":{"index":"index","follow":"follow","max-snippet":"max-snippet:-1","max-image-preview":"max-image-preview:large","max-video-preview":"max-video-preview:-1"},"canonical":"https:\/\/www.apres-lecole.fr\/Blog\/denonciations-viol-ecole-lyon\/","og_locale":"fr_FR","og_type":"article","og_title":"Des \u00e9l\u00e8ves en danger : l'ombre des d\u00e9nonciations de viol \u00e0 Lyon","og_description":"Des inqui\u00e9tudes \u00e0 Lyon : des \u00e9l\u00e8ves d\u2019une \u00e9cole primaire seraient impliqu\u00e9s dans des d\u00e9nonciations de viol. Enqu\u00eate en cours.","og_url":"https:\/\/www.apres-lecole.fr\/Blog\/denonciations-viol-ecole-lyon\/","article_published_time":"2025-06-12T07:08:22+00:00","author":"Eva Martin","twitter_card":"summary_large_image","twitter_creator":"@Evaapresecole","twitter_misc":{"\u00c9crit par":"Eva Martin","Dur\u00e9e de lecture estim\u00e9e":"8 minutes"},"schema":{"@context":"https:\/\/schema.org","@graph":[{"@type":"Article","@id":"https:\/\/www.apres-lecole.fr\/Blog\/denonciations-viol-ecole-lyon\/#article","isPartOf":{"@id":"https:\/\/www.apres-lecole.fr\/Blog\/denonciations-viol-ecole-lyon\/"},"author":{"name":"Eva Martin","@id":"https:\/\/www.apres-lecole.fr\/Blog\/#\/schema\/person\/aeb50cd4b51fc69da155804bb5bb9fc4"},"headline":"Des inqui\u00e9tudes grandissent : de possibles d\u00e9nonciations de viol entre \u00e9l\u00e8ves dans une \u00e9cole primaire de la banlieue de Lyon","datePublished":"2025-06-12T07:08:22+00:00","mainEntityOfPage":{"@id":"https:\/\/www.apres-lecole.fr\/Blog\/denonciations-viol-ecole-lyon\/"},"wordCount":1664,"commentCount":0,"keywords":["d\u00e9nonciations","\u00e9cole primaire","\u00e9l\u00e8ves","inqui\u00e9tudes","viol"],"articleSection":["Actualit\u00e9s"],"inLanguage":"fr-FR","potentialAction":[{"@type":"CommentAction","name":"Comment","target":["https:\/\/www.apres-lecole.fr\/Blog\/denonciations-viol-ecole-lyon\/#respond"]}]},{"@type":"WebPage","@id":"https:\/\/www.apres-lecole.fr\/Blog\/denonciations-viol-ecole-lyon\/","url":"https:\/\/www.apres-lecole.fr\/Blog\/denonciations-viol-ecole-lyon\/","name":"Des \u00e9l\u00e8ves en danger : l'ombre des d\u00e9nonciations de viol \u00e0 Lyon","isPartOf":{"@id":"https:\/\/www.apres-lecole.fr\/Blog\/#website"},"datePublished":"2025-06-12T07:08:22+00:00","author":{"@id":"https:\/\/www.apres-lecole.fr\/Blog\/#\/schema\/person\/aeb50cd4b51fc69da155804bb5bb9fc4"},"description":"Des inqui\u00e9tudes \u00e0 Lyon : des \u00e9l\u00e8ves d\u2019une \u00e9cole primaire seraient impliqu\u00e9s dans des d\u00e9nonciations de viol. Enqu\u00eate en cours.","breadcrumb":{"@id":"https:\/\/www.apres-lecole.fr\/Blog\/denonciations-viol-ecole-lyon\/#breadcrumb"},"inLanguage":"fr-FR","potentialAction":[{"@type":"ReadAction","target":["https:\/\/www.apres-lecole.fr\/Blog\/denonciations-viol-ecole-lyon\/"]}]},{"@type":"BreadcrumbList","@id":"https:\/\/www.apres-lecole.fr\/Blog\/denonciations-viol-ecole-lyon\/#breadcrumb","itemListElement":[{"@type":"ListItem","position":1,"name":"Home","item":"https:\/\/www.apres-lecole.fr\/Blog\/"},{"@type":"ListItem","position":2,"name":"Des inqui\u00e9tudes grandissent : de possibles d\u00e9nonciations de viol entre \u00e9l\u00e8ves dans une \u00e9cole primaire de la banlieue de Lyon"}]},{"@type":"WebSite","@id":"https:\/\/www.apres-lecole.fr\/Blog\/#website","url":"https:\/\/www.apres-lecole.fr\/Blog\/","name":"","description":"M\u00e9dia g\u00e9n\u00e9raliste","potentialAction":[{"@type":"SearchAction","target":{"@type":"EntryPoint","urlTemplate":"https:\/\/www.apres-lecole.fr\/Blog\/?s={search_term_string}"},"query-input":{"@type":"PropertyValueSpecification","valueRequired":true,"valueName":"search_term_string"}}],"inLanguage":"fr-FR"},{"@type":"Person","@id":"https:\/\/www.apres-lecole.fr\/Blog\/#\/schema\/person\/aeb50cd4b51fc69da155804bb5bb9fc4","name":"Eva Martin","image":{"@type":"ImageObject","inLanguage":"fr-FR","@id":"https:\/\/secure.gravatar.com\/avatar\/55c53222558b27a72015a64073a80edce4abd33369394b9bf2c5cd6c19d12682?s=96&d=mm&r=g","url":"https:\/\/secure.gravatar.com\/avatar\/55c53222558b27a72015a64073a80edce4abd33369394b9bf2c5cd6c19d12682?s=96&d=mm&r=g","contentUrl":"https:\/\/secure.gravatar.com\/avatar\/55c53222558b27a72015a64073a80edce4abd33369394b9bf2c5cd6c19d12682?s=96&d=mm&r=g","caption":"Eva Martin"},"description":"Je parle de business et d'entrepreneuriat avec des conseils clairs, concrets et actionnables pour r\u00e9ussir","sameAs":["https:\/\/x.com\/Evaapresecole"],"url":"https:\/\/www.apres-lecole.fr\/Blog\/author\/evamartin\/"}]}},"views":17,"_links":{"self":[{"href":"https:\/\/www.apres-lecole.fr\/Blog\/wp-json\/wp\/v2\/posts\/2008","targetHints":{"allow":["GET"]}}],"collection":[{"href":"https:\/\/www.apres-lecole.fr\/Blog\/wp-json\/wp\/v2\/posts"}],"about":[{"href":"https:\/\/www.apres-lecole.fr\/Blog\/wp-json\/wp\/v2\/types\/post"}],"author":[{"embeddable":true,"href":"https:\/\/www.apres-lecole.fr\/Blog\/wp-json\/wp\/v2\/users\/9"}],"replies":[{"embeddable":true,"href":"https:\/\/www.apres-lecole.fr\/Blog\/wp-json\/wp\/v2\/comments?post=2008"}],"version-history":[{"count":0,"href":"https:\/\/www.apres-lecole.fr\/Blog\/wp-json\/wp\/v2\/posts\/2008\/revisions"}],"wp:attachment":[{"href":"https:\/\/www.apres-lecole.fr\/Blog\/wp-json\/wp\/v2\/media?parent=2008"}],"wp:term":[{"taxonomy":"category","embeddable":true,"href":"https:\/\/www.apres-lecole.fr\/Blog\/wp-json\/wp\/v2\/categories?post=2008"},{"taxonomy":"post_tag","embeddable":true,"href":"https:\/\/www.apres-lecole.fr\/Blog\/wp-json\/wp\/v2\/tags?post=2008"}],"curies":[{"name":"wp","href":"https:\/\/api.w.org\/{rel}","templated":true}]}}