{"id":2003,"date":"2025-06-09T21:50:47","date_gmt":"2025-06-09T21:50:47","guid":{"rendered":"https:\/\/www.apres-lecole.fr\/Blog\/nouveau-visage-cour-bouquet\/"},"modified":"2025-06-09T21:50:47","modified_gmt":"2025-06-09T21:50:47","slug":"nouveau-visage-cour-bouquet","status":"publish","type":"post","link":"https:\/\/www.apres-lecole.fr\/Blog\/nouveau-visage-cour-bouquet\/","title":{"rendered":"Mont\u00e9limar : le nouveau visage de la cour de l\u2019\u00e9cole du Bouquet enthousiasme tous les acteurs"},"content":{"rendered":"\n\n<div class=\"kk-star-ratings kksr-auto kksr-align-left kksr-valign-top\"\n    data-payload='{&quot;align&quot;:&quot;left&quot;,&quot;id&quot;:&quot;2003&quot;,&quot;slug&quot;:&quot;default&quot;,&quot;valign&quot;:&quot;top&quot;,&quot;ignore&quot;:&quot;&quot;,&quot;reference&quot;:&quot;auto&quot;,&quot;class&quot;:&quot;&quot;,&quot;count&quot;:&quot;0&quot;,&quot;legendonly&quot;:&quot;&quot;,&quot;readonly&quot;:&quot;&quot;,&quot;score&quot;:&quot;0&quot;,&quot;starsonly&quot;:&quot;&quot;,&quot;best&quot;:&quot;5&quot;,&quot;gap&quot;:&quot;5&quot;,&quot;greet&quot;:&quot;Rate this post&quot;,&quot;legend&quot;:&quot;0\\\/5 - (0 vote)&quot;,&quot;size&quot;:&quot;24&quot;,&quot;title&quot;:&quot;Mont\u00e9limar : le nouveau visage de la cour de l\u2019\u00e9cole du Bouquet enthousiasme tous les acteurs&quot;,&quot;width&quot;:&quot;0&quot;,&quot;_legend&quot;:&quot;{score}\\\/{best} - ({count} {votes})&quot;,&quot;font_factor&quot;:&quot;1.25&quot;}'>\n            \n<div class=\"kksr-stars\">\n    \n<div class=\"kksr-stars-inactive\">\n            <div class=\"kksr-star\" data-star=\"1\" style=\"padding-right: 5px\">\n            \n\n<div class=\"kksr-icon\" style=\"width: 24px; height: 24px;\"><\/div>\n        <\/div>\n            <div class=\"kksr-star\" data-star=\"2\" style=\"padding-right: 5px\">\n            \n\n<div class=\"kksr-icon\" style=\"width: 24px; height: 24px;\"><\/div>\n        <\/div>\n            <div class=\"kksr-star\" data-star=\"3\" style=\"padding-right: 5px\">\n            \n\n<div class=\"kksr-icon\" style=\"width: 24px; height: 24px;\"><\/div>\n        <\/div>\n            <div class=\"kksr-star\" data-star=\"4\" style=\"padding-right: 5px\">\n            \n\n<div class=\"kksr-icon\" style=\"width: 24px; height: 24px;\"><\/div>\n        <\/div>\n            <div class=\"kksr-star\" data-star=\"5\" style=\"padding-right: 5px\">\n            \n\n<div class=\"kksr-icon\" style=\"width: 24px; height: 24px;\"><\/div>\n        <\/div>\n    <\/div>\n    \n<div class=\"kksr-stars-active\" style=\"width: 0px;\">\n            <div class=\"kksr-star\" style=\"padding-right: 5px\">\n            \n\n<div class=\"kksr-icon\" style=\"width: 24px; height: 24px;\"><\/div>\n        <\/div>\n            <div class=\"kksr-star\" style=\"padding-right: 5px\">\n            \n\n<div class=\"kksr-icon\" style=\"width: 24px; height: 24px;\"><\/div>\n        <\/div>\n            <div class=\"kksr-star\" style=\"padding-right: 5px\">\n            \n\n<div class=\"kksr-icon\" style=\"width: 24px; height: 24px;\"><\/div>\n        <\/div>\n            <div class=\"kksr-star\" style=\"padding-right: 5px\">\n            \n\n<div class=\"kksr-icon\" style=\"width: 24px; height: 24px;\"><\/div>\n        <\/div>\n            <div class=\"kksr-star\" style=\"padding-right: 5px\">\n            \n\n<div class=\"kksr-icon\" style=\"width: 24px; height: 24px;\"><\/div>\n        <\/div>\n    <\/div>\n<\/div>\n                \n\n<div class=\"kksr-legend\" style=\"font-size: 19.2px;\">\n            <span class=\"kksr-muted\">Rate this post<\/span>\n    <\/div>\n    <\/div>\n<p>\u00c0 Mont\u00e9limar, la transformation de la cour de l\u2019\u00e9cole du Bouquet a suscit\u00e9 un vif enthousiasme parmi les acteurs de l&rsquo;\u00e9ducation et les familles. Ce projet d\u2019am\u00e9nagement urbain, qui a r\u00e9cemment \u00e9t\u00e9 inaugur\u00e9, illustre parfaitement l\u2019engagement de la ville pour offrir un environnement scolaire de qualit\u00e9, adapt\u00e9 aux besoins des enfants. Avec des espaces de jeu repens\u00e9s et une attention accrue \u00e0 l\u2019environnement, cette cour est plus qu\u2019une simple aire de jeux : elle devient un v\u00e9ritable lieu de vie pour les jeunes \u00e9l\u00e8ves. Les retours sont nombreux, tant de la part des enseignants que des parents, soulignant l\u2019importance d\u2019un cadre de vie agr\u00e9able pour favoriser l&rsquo;\u00e9ducation et l&rsquo;\u00e9panouissement des enfants.<\/p>\n\n<h2 class=\"wp-block-heading\">Les enjeux de l&rsquo;am\u00e9nagement de la cour de r\u00e9cr\u00e9ation \u00e0 Mont\u00e9limar<\/h2>\n\n<p>L\u2019am\u00e9nagement de la cour de r\u00e9cr\u00e9ation \u00e0 l\u2019\u00e9cole du Bouquet ne se limite pas \u00e0 un simple rafra\u00eechissement esth\u00e9tique. En effet, plusieurs enjeux cl\u00e9s doivent \u00eatre pris en compte pour garantir un espace adapt\u00e9 aux besoins des \u00e9l\u00e8ves. Consid\u00e9r\u00e9 comme le c\u0153ur de la vie scolaire, cet environnement doit r\u00e9pondre \u00e0 la fois aux attentes p\u00e9dagogiques et aux besoins d&rsquo;activit\u00e9s p\u00e9riscolaires. <\/p>\n\n<p><strong>Les enjeux principaux incluent :<\/strong>\n<\/p>\n\n<ul class=\"wp-block-list\"><li>La s\u00e9curit\u00e9 des enfants \u26a0\ufe0f<\/li><li>Le d\u00e9veloppement de l&rsquo;autonomie et de la socialisation \ud83e\udd1d<\/li><li>La promotion d&rsquo;une \u00e9ducation saine et active \ud83c\udfc3\u200d\u2642\ufe0f<\/li><li>La sensibilisation \u00e0 l&rsquo;environnement \ud83c\udf31<\/li><\/ul>\n\n<p>Dans le cadre du nouveau design, des mat\u00e9riaux durables ont \u00e9t\u00e9 s\u00e9lectionn\u00e9s pour cr\u00e9er un environnement respectueux de la nature. Ce choix contribue ainsi \u00e0 fa\u00e7onner une conscience \u00e9cologique chez les plus jeunes. En int\u00e9grant des espaces verts, tels que des potagers et des zones de jardinage, les \u00e9l\u00e8ves sont invit\u00e9s \u00e0 participer \u00e0 des activit\u00e9s qui les rapprochent de la nature et leur enseignent le respect de l&rsquo;environnement. De plus, ces am\u00e9nagements favorisent \u00e9galement un enseignement exp\u00e9rientiel, essentiel pour une \u00e9ducation moderne et participative.<\/p>\n\n<h3 class=\"wp-block-heading\">Un espace multifonctionnel<\/h3>\n\n<p>Le nouveau visage de la cour de r\u00e9cr\u00e9ation a \u00e9t\u00e9 con\u00e7u pour \u00eatre multifonctionnel. En effet, il permet d\u2019accueillir une vari\u00e9t\u00e9 d\u2019activit\u00e9s \u00e9ducatives et ludiques. L&rsquo;id\u00e9e est de cr\u00e9er des zones sp\u00e9cifiques pour diff\u00e9rents types d&rsquo;activit\u00e9s : des coins pour jouer, des espaces pour des s\u00e9ances de lecture en plein air, voire des ateliers artistiques. Ainsi, les \u00e9l\u00e8ves peuvent exploiter ce nouvel espace selon leurs envies et leurs besoins.<\/p>\n\n<p><strong>Les diff\u00e9rentes zones de la cour comprennent :<\/strong>\n<\/p>\n\n<ul class=\"wp-block-list\"><li>Zone de jeux libres avec des structures de jeux modernes \ud83c\udfa0<\/li><li>Espaces d\u00e9tente avec des bancs et des zones ombrag\u00e9es \ud83c\udf33<\/li><li>Ateliers en plein air pour l&rsquo;\u00e9ducation artistique et scientifique \ud83c\udfa8<\/li><li>Jardins d&rsquo;enfants pour l&rsquo;apprentissage de la biodiversit\u00e9 \ud83c\udf3b<\/li><\/ul>\n\n<p>Ces am\u00e9nagements favorisent non seulement le jeu, mais aussi des moments de partage et de coop\u00e9ration entre les \u00e9l\u00e8ves. Ceci renforce les liens au sein de la communaut\u00e9 \u00e9ducative, encourag\u00e9e par la participation active des parents et du personnel enseignant tout au long du projet. L&rsquo;id\u00e9e est donc de faire de cet espace un v\u00e9ritable lieu de rencontre et d\u2019\u00e9changes, o\u00f9 chaque enfant peut s\u2019\u00e9panouir librement.<\/p>\n\n<p><strong>Tout cela illustre l&rsquo;importance accord\u00e9e au bien-\u00eatre des \u00e9l\u00e8ves dans le cadre de leur \u00e9ducation.<\/strong><\/p>\n\n<figure class=\"wp-block-table\"><table>\n<thead>\n<tr>\n<th>Type d&rsquo;am\u00e9nagement<\/th>\n<th>Objectif<\/th>\n<th>Impact sur les \u00e9l\u00e8ves<\/th>\n<\/tr>\n<\/thead>\n<tbody>\n<tr>\n<td>Zones de jeux<\/td>\n<td>D\u00e9velopper la motricit\u00e9 et l&rsquo;imaginaire<\/td>\n<td>Encouragement \u00e0 l&rsquo;activit\u00e9 physique et \u00e0 la cr\u00e9ativit\u00e9<\/td>\n<\/tr>\n<tr>\n<td>Espaces d\u00e9tente<\/td>\n<td>Offrir des moments de repos<\/td>\n<td>R\u00e9duction du stress, am\u00e9lioration de la concentration<\/td>\n<\/tr>\n<tr>\n<td>Ateliers en plein air<\/td>\n<td>Apprentissage pratique<\/td>\n<td>Renforcement des connaissances p\u00e9dagogiques<\/td>\n<\/tr>\n<tr>\n<td>Jardins d&rsquo;enfants<\/td>\n<td>\u00c9veil \u00e0 l&rsquo;\u00e9cologie<\/td>\n<td>Conscience environnementale accrue<\/td>\n<\/tr>\n<\/tbody>\n<\/table><\/figure>\n\n<h2 class=\"wp-block-heading\">Les acteurs de la transformation : une communaut\u00e9 mobilis\u00e9e<\/h2>\n\n<p>Cette transformation ambitieuse n\u2019aurait pas \u00e9t\u00e9 possible sans l\u2019engagement des diff\u00e9rents acteurs de la communaut\u00e9 \u00e9ducative de Mont\u00e9limar. Les \u00e9quipes p\u00e9dagogiques, les parents d\u2019\u00e9l\u00e8ves, ainsi que la municipalit\u00e9, se sont unis pour r\u00e9aliser ce projet, tous conscients de l&rsquo;importance d&rsquo;un cadre scolaire agr\u00e9able et stimulant. <\/p>\n\n<p><strong>Voici comment chaque partie prenante a contribu\u00e9 :<\/strong>\n<\/p>\n\n<ul class=\"wp-block-list\"><li>Les enseignants : consultation pour les besoins p\u00e9dagogiques \ud83d\udcda<\/li><li>Les parents : soutien logistique et financier gr\u00e2ce \u00e0 des actions b\u00e9n\u00e9voles \ud83d\udcaa<\/li><li>La municipalit\u00e9 : financement et planification urbaine \ud83d\udd27<\/li><\/ul>\n\n<p>Les enseignants ont eu l&rsquo;occasion de participer \u00e0 des ateliers de co-conception afin d&rsquo;exprimer leurs souhaits et leurs besoins en mati\u00e8re d&rsquo;environnement scolaire. Les retours recueillis ont \u00e9t\u00e9 pris en compte pour concevoir un espace qui favorise \u00e0 la fois l&rsquo;\u00e9panouissement des \u00e9l\u00e8ves et la facilit\u00e9 d&rsquo;interaction de leurs enseignants. Les parents, de leur c\u00f4t\u00e9, ont montr\u00e9 un engagement fort, participant \u00e0 des lev\u00e9es de fonds et des journ\u00e9es de b\u00e9n\u00e9volat pour aider \u00e0 l\u2019am\u00e9nagement.<\/p>\n\n<p><strong>Pour finir : un exemple \u00e0 suivre !<\/strong> Ce projet \u00e0 Mont\u00e9limar peut \u00eatre consid\u00e9r\u00e9 comme un mod\u00e8le \u00e0 travers lequel d&rsquo;autres \u00e9tablissements pourraient s\u2019inspirer pour am\u00e9liorer leur propre environnement scolaire. La participation des familles et du corps \u00e9ducatif est essentielle pour initier des changements b\u00e9n\u00e9fiques, prouvant ainsi que l\u2019am\u00e9lioration des conditions d\u2019enseignement passe par la coop\u00e9ration.<\/p>\n\n<h3 class=\"wp-block-heading\">Les retours de la communaut\u00e9 \u00e9ducative<\/h3>\n\n<p>Les retours concernant ce r\u00e9am\u00e9nagement ont \u00e9t\u00e9 largement positifs. Les enseignants constatent une <strong>augmentation de l&rsquo;engagement<\/strong> des \u00e9l\u00e8ves pendant les activit\u00e9s d&rsquo;apprentissage, qui sont d\u00e9sormais plus motiv\u00e9s \u00e0 participer. Les parents, satisfaits des nouveaux espaces, expriment leur gratitude et voient cela comme une am\u00e9lioration significative de l\u2019environnement d\u2019\u00e9ducation. De plus, une multitude d\u2019activit\u00e9s p\u00e9riscolaires sont d\u00e9sormais possibles, enrichissant l\u2019exp\u00e9rience \u00e9ducative des enfants.<\/p>\n\n<p><strong>Parmi les retours notables, on peut citer :<\/strong>\n<\/p>\n\n<ul class=\"wp-block-list\"><li>Am\u00e9lioration de l&rsquo;interaction sociale entre \u00e9l\u00e8ves \ud83e\udd17<\/li><li>\u00c9l\u00e9vation du moral des enseignants suite \u00e0 un cadre reg\u00e9n\u00e9r\u00e9 \ud83c\udf1e<\/li><li>Adh\u00e9sion accrue aux activit\u00e9s p\u00e9riscolaires propos\u00e9es \ud83c\udf1f<\/li><\/ul>\n\n<p>Cette transformation repr\u00e9sente donc non seulement une avanc\u00e9e sur le plan pratique, mais elle renforce l\u2019<strong>engagement de Mont\u00e9limar<\/strong> envers une \u00e9ducation inclusive et dynamique. En r\u00e9agissant positivement aux retours incessants des \u00e9ducateurs et des familles, la ville a r\u00e9ussi \u00e0 \u00e9tablir un cycle vertueux d&rsquo;am\u00e9lioration continue, soutenant ainsi les initiatives futures.<\/p>\n\n<h2 class=\"wp-block-heading\">Le r\u00f4le de la ville et de la mairie dans le projet<\/h2>\n\n<p>Dans tout projet d\u2019envergure tel que celui-ci, le r\u00f4le de la municipalit\u00e9 est crucial. \u00c0 Mont\u00e9limar, la mairie a \u00e9t\u00e9 proactive dans l&rsquo;intention de r\u00e9nover et d&rsquo;am\u00e9liorer les infrastructures scolaires. Dans le cadre de cette transformation, des financements ont \u00e9t\u00e9 mis \u00e0 disposition pour r\u00e9aliser les travaux n\u00e9cessaires dans la cour de l\u2019\u00e9cole du Bouquet. <\/p>\n\n<p><strong>Les actions men\u00e9es par la municipalit\u00e9 incluent :<\/strong>\n<\/p>\n\n<ul class=\"wp-block-list\"><li>\u00c9valuation des besoins d&rsquo;am\u00e9nagement au sein des \u00e9coles \ud83c\udfdb\ufe0f<\/li><li>Coordination avec des sp\u00e9cialistes en urbanisme et en \u00e9ducation \ud83c\udf93<\/li><li>Planification et ex\u00e9cution des travaux avec des entreprises locales \u26cf\ufe0f<\/li><\/ul>\n\n<p>Cette mobilisation a permis de cr\u00e9er un environnement propice \u00e0 l&rsquo;apprentissage, d&rsquo;ajuster les infrastructures aux nouvelles normes de s\u00e9curit\u00e9 et d&rsquo;ergonomie. En travaillant en \u00e9troite collaboration avec les \u00e9coles et les acteurs locaux, la mairie de Mont\u00e9limar d\u00e9montre son engagement envers une politique \u00e9ducative moderne et tourn\u00e9e vers les besoins des utilisateurs.<\/p>\n\n<p>La ville a \u00e9galement d\u00e9voil\u00e9 un plan d&rsquo;action sur plusieurs ann\u00e9es, ax\u00e9 sur une <strong>am\u00e9lioration des conditions d&rsquo;enseignement<\/strong> et proposant un calendrier de chantier raisonnable pour ne perturber le moins possible le d\u00e9roulement scolaire. Des rencontres r\u00e9guli\u00e8res entre les acteurs \u00e9ducatifs et la municipalit\u00e9 ont \u00e9t\u00e9 mises en place pour suivre l&rsquo;\u00e9volution des travaux et y apporter les ajustements n\u00e9cessaires.<\/p>\n\n<h3 class=\"wp-block-heading\">Vers un avenir prometteur<\/h3>\n\n<p>L&rsquo;avenir de l\u2019\u00e9ducation \u00e0 Mont\u00e9limar semble prometteur, tant au regard des r\u00e9sultats obtenus gr\u00e2ce \u00e0 cette transformation qu&rsquo;en raison de l&rsquo;engagement continu de la ville en mati\u00e8re d&rsquo;infrastructure et d&rsquo;environnement scolaire. Les projets d\u2019avenir se concentrent sur l\u2019interaction communautaire, l\u2019int\u00e9gration d\u2019initiatives innovantes dans le domaine de l\u2019\u00e9ducation et la pr\u00e9servation de l&rsquo;environnement. <\/p>\n\n<p><strong>Les orientations futures peuvent inclure :<\/strong>\n<\/p>\n\n<ul class=\"wp-block-list\"><li>Des programmes \u00e9ducatifs renforc\u00e9s autour de l&rsquo;\u00e9cologie \ud83c\udf0d<\/li><li>L\u2019implication des jeunes dans des projets de d\u00e9veloppement durable \u267b\ufe0f<\/li><li>La cr\u00e9ation de partenariats entre \u00e9tablissements scolaires et entreprises locales \ud83e\udd1d<\/li><\/ul>\n\n<p>Mont\u00e9limar, en restant \u00e0 l&rsquo;\u00e9coute des nouvelles tendances en mati\u00e8re d&rsquo;\u00e9ducation, se positionne comme un acteur moderne et innovant. La transformation de la cour de l\u2019\u00e9cole du Bouquet n&rsquo;est donc pas qu&rsquo;une simple r\u00e9ussite locale; elle peut inspirer d&rsquo;autres villes \u00e0 investir dans leur avenir \u00e9ducatif, tout en forgeant des citoyens conscients du monde qui les entoure.<\/p>\n\n<figure class=\"wp-block-table\"><table>\n<thead>\n<tr>\n<th>Engagement de la ville<\/th>\n<th>Action concr\u00e8te<\/th>\n<th>Impact attendu<\/th>\n<\/tr>\n<\/thead>\n<tbody>\n<tr>\n<td>Am\u00e9lioration des infrastructures<\/td>\n<td>R\u00e9novation de la cour<\/td>\n<td>Espaces p\u00e9dagogiques adapt\u00e9s<\/td>\n<\/tr>\n<tr>\n<td>Sensibilisation \u00e0 l&rsquo;\u00e9cologie<\/td>\n<td>Ateliers pratiques avec les \u00e9l\u00e8ves<\/td>\n<td>Conscience environnementale accrue<\/td>\n<\/tr>\n<tr>\n<td>Renforcement de liens communautaires<\/td>\n<td>Partenariats \u00e9coles-entreprises<\/td>\n<td>Mobilisation de ressources locales pour l&rsquo;\u00e9ducation<\/td>\n<\/tr>\n<\/tbody>\n<\/table><\/figure>\n\n<h2 class=\"wp-block-heading\">FAQ sur l\u2019am\u00e9nagement de la cour de l\u2019\u00e9cole du Bouquet<\/h2>\n\n<p><strong>Quelle est la principale am\u00e9lioration apport\u00e9e \u00e0 la cour ?<\/strong><\/p>\n\n<p>La cour a \u00e9t\u00e9 r\u00e9am\u00e9nag\u00e9e pour inclure des espaces de jeu modernes, des zones de d\u00e9tente et des jardins \u00e9ducatifs, favorisant ainsi un cadre enrichissant pour les \u00e9l\u00e8ves.<\/p>\n\n<p><strong>Qui a financ\u00e9 les travaux r\u00e9alis\u00e9s ?<\/strong><\/p>\n\n<p>Les travaux ont \u00e9t\u00e9 financ\u00e9s par la mairie de Mont\u00e9limar, avec des contributions de la communaut\u00e9 locale et des parents d&rsquo;\u00e9l\u00e8ves.<\/p>\n\n<p><strong>Quels types d&rsquo;activit\u00e9s p\u00e9riscolaires sont possibles dans la nouvelle cour ?<\/strong><\/p>\n\n<p>La cour permet la mise en place d\u2019activit\u00e9s artistiques, de jardinage, et d&rsquo;\u00e9v\u00e9nements sociaux, encourageant le partage et la collaboration entre \u00e9l\u00e8ves.<\/p>\n\n<p><strong>Comment les enseignants ont-ils particip\u00e9 au projet ?<\/strong><\/p>\n\n<p>Les enseignants ont \u00e9t\u00e9 impliqu\u00e9s d\u00e8s le d\u00e9but dans les ateliers de co-conception, o\u00f9 leurs retours ont \u00e9t\u00e9 int\u00e9gr\u00e9s pour s&rsquo;assurer que les besoins p\u00e9dagogiques \u00e9taient respect\u00e9s.<\/p>\n\n<p><strong>Quelles autres initiatives sont pr\u00e9vues par la ville pour le futur ?<\/strong><\/p>\n\n<p>La ville pr\u00e9voit de poursuivre les am\u00e9liorations des infrastructures scolaires et d\u2019encourager l&rsquo;int\u00e9gration de projets environnementaux dans l\u2019\u00e9ducation.<\/p>\n\n","protected":false},"excerpt":{"rendered":"<p>\u00c0 Mont\u00e9limar, la transformation de la cour de l\u2019\u00e9cole du Bouquet a suscit\u00e9 un vif enthousiasme parmi les acteurs de l&rsquo;\u00e9ducation et les familles. Ce projet d\u2019am\u00e9nagement urbain, qui a r\u00e9cemment \u00e9t\u00e9 inaugur\u00e9, illustre parfaitement l\u2019engagement de la ville pour offrir un environnement scolaire de qualit\u00e9, adapt\u00e9 aux besoins des enfants. Avec des espaces de &#8230; <a title=\"Mont\u00e9limar : le nouveau visage de la cour de l\u2019\u00e9cole du Bouquet enthousiasme tous les acteurs\" class=\"read-more\" href=\"https:\/\/www.apres-lecole.fr\/Blog\/nouveau-visage-cour-bouquet\/\" aria-label=\"En savoir plus sur Mont\u00e9limar : le nouveau visage de la cour de l\u2019\u00e9cole du Bouquet enthousiasme tous les acteurs\">Lire plus<\/a><\/p>\n","protected":false},"author":9,"featured_media":0,"comment_status":"open","ping_status":"open","sticky":false,"template":"","format":"standard","meta":{"footnotes":""},"categories":[342],"tags":[1053,1052,410,1054,1051],"class_list":["post-2003","post","type-post","status-publish","format-standard","hentry","category-actualites","tag-bouquet","tag-cour","tag-ecole","tag-enthousiasme","tag-montelimar"],"yoast_head":"<!-- This site is optimized with the Yoast SEO plugin v27.5 - https:\/\/yoast.com\/product\/yoast-seo-wordpress\/ -->\n<title>Mont\u00e9limar r\u00e9v\u00e8le une cour d&#039;\u00e9cole du Bouquet revitalis\u00e9e et appr\u00e9ci\u00e9e<\/title>\n<meta name=\"description\" content=\"D\u00e9couvrez comment la nouvelle cour de l\u2019\u00e9cole du Bouquet \u00e0 Mont\u00e9limar ravit \u00e9l\u00e8ves, enseignants et parents gr\u00e2ce \u00e0 son am\u00e9nagement innovant.\" \/>\n<meta name=\"robots\" content=\"index, follow, max-snippet:-1, max-image-preview:large, max-video-preview:-1\" \/>\n<link rel=\"canonical\" href=\"https:\/\/www.apres-lecole.fr\/Blog\/nouveau-visage-cour-bouquet\/\" \/>\n<meta property=\"og:locale\" content=\"fr_FR\" \/>\n<meta property=\"og:type\" content=\"article\" \/>\n<meta property=\"og:title\" content=\"Mont\u00e9limar r\u00e9v\u00e8le une cour d&#039;\u00e9cole du Bouquet revitalis\u00e9e et appr\u00e9ci\u00e9e\" \/>\n<meta property=\"og:description\" content=\"D\u00e9couvrez comment la nouvelle cour de l\u2019\u00e9cole du Bouquet \u00e0 Mont\u00e9limar ravit \u00e9l\u00e8ves, enseignants et parents gr\u00e2ce \u00e0 son am\u00e9nagement innovant.\" \/>\n<meta property=\"og:url\" content=\"https:\/\/www.apres-lecole.fr\/Blog\/nouveau-visage-cour-bouquet\/\" \/>\n<meta property=\"article:published_time\" content=\"2025-06-09T21:50:47+00:00\" \/>\n<meta name=\"author\" content=\"Eva Martin\" \/>\n<meta name=\"twitter:card\" content=\"summary_large_image\" \/>\n<meta name=\"twitter:creator\" content=\"@Evaapresecole\" \/>\n<meta name=\"twitter:label1\" content=\"\u00c9crit par\" \/>\n\t<meta name=\"twitter:data1\" content=\"Eva Martin\" \/>\n\t<meta name=\"twitter:label2\" content=\"Dur\u00e9e de lecture estim\u00e9e\" \/>\n\t<meta name=\"twitter:data2\" content=\"8 minutes\" \/>\n<script type=\"application\/ld+json\" class=\"yoast-schema-graph\">{\"@context\":\"https:\\\/\\\/schema.org\",\"@graph\":[{\"@type\":\"Article\",\"@id\":\"https:\\\/\\\/www.apres-lecole.fr\\\/Blog\\\/nouveau-visage-cour-bouquet\\\/#article\",\"isPartOf\":{\"@id\":\"https:\\\/\\\/www.apres-lecole.fr\\\/Blog\\\/nouveau-visage-cour-bouquet\\\/\"},\"author\":{\"name\":\"Eva Martin\",\"@id\":\"https:\\\/\\\/www.apres-lecole.fr\\\/Blog\\\/#\\\/schema\\\/person\\\/aeb50cd4b51fc69da155804bb5bb9fc4\"},\"headline\":\"Mont\u00e9limar : le nouveau visage de la cour de l\u2019\u00e9cole du Bouquet enthousiasme tous les acteurs\",\"datePublished\":\"2025-06-09T21:50:47+00:00\",\"mainEntityOfPage\":{\"@id\":\"https:\\\/\\\/www.apres-lecole.fr\\\/Blog\\\/nouveau-visage-cour-bouquet\\\/\"},\"wordCount\":1748,\"commentCount\":0,\"keywords\":[\"bouquet\",\"cour\",\"\u00e9cole\",\"enthousiasme\",\"mont\u00e9limar\"],\"articleSection\":[\"Actualit\u00e9s\"],\"inLanguage\":\"fr-FR\",\"potentialAction\":[{\"@type\":\"CommentAction\",\"name\":\"Comment\",\"target\":[\"https:\\\/\\\/www.apres-lecole.fr\\\/Blog\\\/nouveau-visage-cour-bouquet\\\/#respond\"]}]},{\"@type\":\"WebPage\",\"@id\":\"https:\\\/\\\/www.apres-lecole.fr\\\/Blog\\\/nouveau-visage-cour-bouquet\\\/\",\"url\":\"https:\\\/\\\/www.apres-lecole.fr\\\/Blog\\\/nouveau-visage-cour-bouquet\\\/\",\"name\":\"Mont\u00e9limar r\u00e9v\u00e8le une cour d'\u00e9cole du Bouquet revitalis\u00e9e et appr\u00e9ci\u00e9e\",\"isPartOf\":{\"@id\":\"https:\\\/\\\/www.apres-lecole.fr\\\/Blog\\\/#website\"},\"datePublished\":\"2025-06-09T21:50:47+00:00\",\"author\":{\"@id\":\"https:\\\/\\\/www.apres-lecole.fr\\\/Blog\\\/#\\\/schema\\\/person\\\/aeb50cd4b51fc69da155804bb5bb9fc4\"},\"description\":\"D\u00e9couvrez comment la nouvelle cour de l\u2019\u00e9cole du Bouquet \u00e0 Mont\u00e9limar ravit \u00e9l\u00e8ves, enseignants et parents gr\u00e2ce \u00e0 son am\u00e9nagement innovant.\",\"breadcrumb\":{\"@id\":\"https:\\\/\\\/www.apres-lecole.fr\\\/Blog\\\/nouveau-visage-cour-bouquet\\\/#breadcrumb\"},\"inLanguage\":\"fr-FR\",\"potentialAction\":[{\"@type\":\"ReadAction\",\"target\":[\"https:\\\/\\\/www.apres-lecole.fr\\\/Blog\\\/nouveau-visage-cour-bouquet\\\/\"]}]},{\"@type\":\"BreadcrumbList\",\"@id\":\"https:\\\/\\\/www.apres-lecole.fr\\\/Blog\\\/nouveau-visage-cour-bouquet\\\/#breadcrumb\",\"itemListElement\":[{\"@type\":\"ListItem\",\"position\":1,\"name\":\"Home\",\"item\":\"https:\\\/\\\/www.apres-lecole.fr\\\/Blog\\\/\"},{\"@type\":\"ListItem\",\"position\":2,\"name\":\"Mont\u00e9limar : le nouveau visage de la cour de l\u2019\u00e9cole du Bouquet enthousiasme tous les acteurs\"}]},{\"@type\":\"WebSite\",\"@id\":\"https:\\\/\\\/www.apres-lecole.fr\\\/Blog\\\/#website\",\"url\":\"https:\\\/\\\/www.apres-lecole.fr\\\/Blog\\\/\",\"name\":\"\",\"description\":\"M\u00e9dia g\u00e9n\u00e9raliste\",\"potentialAction\":[{\"@type\":\"SearchAction\",\"target\":{\"@type\":\"EntryPoint\",\"urlTemplate\":\"https:\\\/\\\/www.apres-lecole.fr\\\/Blog\\\/?s={search_term_string}\"},\"query-input\":{\"@type\":\"PropertyValueSpecification\",\"valueRequired\":true,\"valueName\":\"search_term_string\"}}],\"inLanguage\":\"fr-FR\"},{\"@type\":\"Person\",\"@id\":\"https:\\\/\\\/www.apres-lecole.fr\\\/Blog\\\/#\\\/schema\\\/person\\\/aeb50cd4b51fc69da155804bb5bb9fc4\",\"name\":\"Eva Martin\",\"image\":{\"@type\":\"ImageObject\",\"inLanguage\":\"fr-FR\",\"@id\":\"https:\\\/\\\/secure.gravatar.com\\\/avatar\\\/55c53222558b27a72015a64073a80edce4abd33369394b9bf2c5cd6c19d12682?s=96&d=mm&r=g\",\"url\":\"https:\\\/\\\/secure.gravatar.com\\\/avatar\\\/55c53222558b27a72015a64073a80edce4abd33369394b9bf2c5cd6c19d12682?s=96&d=mm&r=g\",\"contentUrl\":\"https:\\\/\\\/secure.gravatar.com\\\/avatar\\\/55c53222558b27a72015a64073a80edce4abd33369394b9bf2c5cd6c19d12682?s=96&d=mm&r=g\",\"caption\":\"Eva Martin\"},\"description\":\"Je parle de business et d'entrepreneuriat avec des conseils clairs, concrets et actionnables pour r\u00e9ussir\",\"sameAs\":[\"https:\\\/\\\/x.com\\\/Evaapresecole\"],\"url\":\"https:\\\/\\\/www.apres-lecole.fr\\\/Blog\\\/author\\\/evamartin\\\/\"}]}<\/script>\n<!-- \/ Yoast SEO plugin. -->","yoast_head_json":{"title":"Mont\u00e9limar r\u00e9v\u00e8le une cour d'\u00e9cole du Bouquet revitalis\u00e9e et appr\u00e9ci\u00e9e","description":"D\u00e9couvrez comment la nouvelle cour de l\u2019\u00e9cole du Bouquet \u00e0 Mont\u00e9limar ravit \u00e9l\u00e8ves, enseignants et parents gr\u00e2ce \u00e0 son am\u00e9nagement innovant.","robots":{"index":"index","follow":"follow","max-snippet":"max-snippet:-1","max-image-preview":"max-image-preview:large","max-video-preview":"max-video-preview:-1"},"canonical":"https:\/\/www.apres-lecole.fr\/Blog\/nouveau-visage-cour-bouquet\/","og_locale":"fr_FR","og_type":"article","og_title":"Mont\u00e9limar r\u00e9v\u00e8le une cour d'\u00e9cole du Bouquet revitalis\u00e9e et appr\u00e9ci\u00e9e","og_description":"D\u00e9couvrez comment la nouvelle cour de l\u2019\u00e9cole du Bouquet \u00e0 Mont\u00e9limar ravit \u00e9l\u00e8ves, enseignants et parents gr\u00e2ce \u00e0 son am\u00e9nagement innovant.","og_url":"https:\/\/www.apres-lecole.fr\/Blog\/nouveau-visage-cour-bouquet\/","article_published_time":"2025-06-09T21:50:47+00:00","author":"Eva Martin","twitter_card":"summary_large_image","twitter_creator":"@Evaapresecole","twitter_misc":{"\u00c9crit par":"Eva Martin","Dur\u00e9e de lecture estim\u00e9e":"8 minutes"},"schema":{"@context":"https:\/\/schema.org","@graph":[{"@type":"Article","@id":"https:\/\/www.apres-lecole.fr\/Blog\/nouveau-visage-cour-bouquet\/#article","isPartOf":{"@id":"https:\/\/www.apres-lecole.fr\/Blog\/nouveau-visage-cour-bouquet\/"},"author":{"name":"Eva Martin","@id":"https:\/\/www.apres-lecole.fr\/Blog\/#\/schema\/person\/aeb50cd4b51fc69da155804bb5bb9fc4"},"headline":"Mont\u00e9limar : le nouveau visage de la cour de l\u2019\u00e9cole du Bouquet enthousiasme tous les acteurs","datePublished":"2025-06-09T21:50:47+00:00","mainEntityOfPage":{"@id":"https:\/\/www.apres-lecole.fr\/Blog\/nouveau-visage-cour-bouquet\/"},"wordCount":1748,"commentCount":0,"keywords":["bouquet","cour","\u00e9cole","enthousiasme","mont\u00e9limar"],"articleSection":["Actualit\u00e9s"],"inLanguage":"fr-FR","potentialAction":[{"@type":"CommentAction","name":"Comment","target":["https:\/\/www.apres-lecole.fr\/Blog\/nouveau-visage-cour-bouquet\/#respond"]}]},{"@type":"WebPage","@id":"https:\/\/www.apres-lecole.fr\/Blog\/nouveau-visage-cour-bouquet\/","url":"https:\/\/www.apres-lecole.fr\/Blog\/nouveau-visage-cour-bouquet\/","name":"Mont\u00e9limar r\u00e9v\u00e8le une cour d'\u00e9cole du Bouquet revitalis\u00e9e et appr\u00e9ci\u00e9e","isPartOf":{"@id":"https:\/\/www.apres-lecole.fr\/Blog\/#website"},"datePublished":"2025-06-09T21:50:47+00:00","author":{"@id":"https:\/\/www.apres-lecole.fr\/Blog\/#\/schema\/person\/aeb50cd4b51fc69da155804bb5bb9fc4"},"description":"D\u00e9couvrez comment la nouvelle cour de l\u2019\u00e9cole du Bouquet \u00e0 Mont\u00e9limar ravit \u00e9l\u00e8ves, enseignants et parents gr\u00e2ce \u00e0 son am\u00e9nagement innovant.","breadcrumb":{"@id":"https:\/\/www.apres-lecole.fr\/Blog\/nouveau-visage-cour-bouquet\/#breadcrumb"},"inLanguage":"fr-FR","potentialAction":[{"@type":"ReadAction","target":["https:\/\/www.apres-lecole.fr\/Blog\/nouveau-visage-cour-bouquet\/"]}]},{"@type":"BreadcrumbList","@id":"https:\/\/www.apres-lecole.fr\/Blog\/nouveau-visage-cour-bouquet\/#breadcrumb","itemListElement":[{"@type":"ListItem","position":1,"name":"Home","item":"https:\/\/www.apres-lecole.fr\/Blog\/"},{"@type":"ListItem","position":2,"name":"Mont\u00e9limar : le nouveau visage de la cour de l\u2019\u00e9cole du Bouquet enthousiasme tous les acteurs"}]},{"@type":"WebSite","@id":"https:\/\/www.apres-lecole.fr\/Blog\/#website","url":"https:\/\/www.apres-lecole.fr\/Blog\/","name":"","description":"M\u00e9dia g\u00e9n\u00e9raliste","potentialAction":[{"@type":"SearchAction","target":{"@type":"EntryPoint","urlTemplate":"https:\/\/www.apres-lecole.fr\/Blog\/?s={search_term_string}"},"query-input":{"@type":"PropertyValueSpecification","valueRequired":true,"valueName":"search_term_string"}}],"inLanguage":"fr-FR"},{"@type":"Person","@id":"https:\/\/www.apres-lecole.fr\/Blog\/#\/schema\/person\/aeb50cd4b51fc69da155804bb5bb9fc4","name":"Eva Martin","image":{"@type":"ImageObject","inLanguage":"fr-FR","@id":"https:\/\/secure.gravatar.com\/avatar\/55c53222558b27a72015a64073a80edce4abd33369394b9bf2c5cd6c19d12682?s=96&d=mm&r=g","url":"https:\/\/secure.gravatar.com\/avatar\/55c53222558b27a72015a64073a80edce4abd33369394b9bf2c5cd6c19d12682?s=96&d=mm&r=g","contentUrl":"https:\/\/secure.gravatar.com\/avatar\/55c53222558b27a72015a64073a80edce4abd33369394b9bf2c5cd6c19d12682?s=96&d=mm&r=g","caption":"Eva Martin"},"description":"Je parle de business et d'entrepreneuriat avec des conseils clairs, concrets et actionnables pour r\u00e9ussir","sameAs":["https:\/\/x.com\/Evaapresecole"],"url":"https:\/\/www.apres-lecole.fr\/Blog\/author\/evamartin\/"}]}},"views":24,"_links":{"self":[{"href":"https:\/\/www.apres-lecole.fr\/Blog\/wp-json\/wp\/v2\/posts\/2003","targetHints":{"allow":["GET"]}}],"collection":[{"href":"https:\/\/www.apres-lecole.fr\/Blog\/wp-json\/wp\/v2\/posts"}],"about":[{"href":"https:\/\/www.apres-lecole.fr\/Blog\/wp-json\/wp\/v2\/types\/post"}],"author":[{"embeddable":true,"href":"https:\/\/www.apres-lecole.fr\/Blog\/wp-json\/wp\/v2\/users\/9"}],"replies":[{"embeddable":true,"href":"https:\/\/www.apres-lecole.fr\/Blog\/wp-json\/wp\/v2\/comments?post=2003"}],"version-history":[{"count":0,"href":"https:\/\/www.apres-lecole.fr\/Blog\/wp-json\/wp\/v2\/posts\/2003\/revisions"}],"wp:attachment":[{"href":"https:\/\/www.apres-lecole.fr\/Blog\/wp-json\/wp\/v2\/media?parent=2003"}],"wp:term":[{"taxonomy":"category","embeddable":true,"href":"https:\/\/www.apres-lecole.fr\/Blog\/wp-json\/wp\/v2\/categories?post=2003"},{"taxonomy":"post_tag","embeddable":true,"href":"https:\/\/www.apres-lecole.fr\/Blog\/wp-json\/wp\/v2\/tags?post=2003"}],"curies":[{"name":"wp","href":"https:\/\/api.w.org\/{rel}","templated":true}]}}