{"id":2000,"date":"2025-06-08T07:09:55","date_gmt":"2025-06-08T07:09:55","guid":{"rendered":"https:\/\/www.apres-lecole.fr\/Blog\/abus-sexuels-paris-ecole\/"},"modified":"2025-06-08T07:09:55","modified_gmt":"2025-06-08T07:09:55","slug":"abus-sexuels-paris-ecole","status":"publish","type":"post","link":"https:\/\/www.apres-lecole.fr\/Blog\/abus-sexuels-paris-ecole\/","title":{"rendered":"\u00c0 Paris, une jeune \u00e9l\u00e8ve de CP alerte sur des abus sexuels commis par un camarade de CE2 dans son \u00e9cole du Ve arrondissement."},"content":{"rendered":"\n\n<div class=\"kk-star-ratings kksr-auto kksr-align-left kksr-valign-top\"\n    data-payload='{&quot;align&quot;:&quot;left&quot;,&quot;id&quot;:&quot;2000&quot;,&quot;slug&quot;:&quot;default&quot;,&quot;valign&quot;:&quot;top&quot;,&quot;ignore&quot;:&quot;&quot;,&quot;reference&quot;:&quot;auto&quot;,&quot;class&quot;:&quot;&quot;,&quot;count&quot;:&quot;0&quot;,&quot;legendonly&quot;:&quot;&quot;,&quot;readonly&quot;:&quot;&quot;,&quot;score&quot;:&quot;0&quot;,&quot;starsonly&quot;:&quot;&quot;,&quot;best&quot;:&quot;5&quot;,&quot;gap&quot;:&quot;5&quot;,&quot;greet&quot;:&quot;Rate this post&quot;,&quot;legend&quot;:&quot;0\\\/5 - (0 vote)&quot;,&quot;size&quot;:&quot;24&quot;,&quot;title&quot;:&quot;\u00c0 Paris, une jeune \u00e9l\u00e8ve de CP alerte sur des abus sexuels commis par un camarade de CE2 dans son \u00e9cole du Ve arrondissement.&quot;,&quot;width&quot;:&quot;0&quot;,&quot;_legend&quot;:&quot;{score}\\\/{best} - ({count} {votes})&quot;,&quot;font_factor&quot;:&quot;1.25&quot;}'>\n            \n<div class=\"kksr-stars\">\n    \n<div class=\"kksr-stars-inactive\">\n            <div class=\"kksr-star\" data-star=\"1\" style=\"padding-right: 5px\">\n            \n\n<div class=\"kksr-icon\" style=\"width: 24px; height: 24px;\"><\/div>\n        <\/div>\n            <div class=\"kksr-star\" data-star=\"2\" style=\"padding-right: 5px\">\n            \n\n<div class=\"kksr-icon\" style=\"width: 24px; height: 24px;\"><\/div>\n        <\/div>\n            <div class=\"kksr-star\" data-star=\"3\" style=\"padding-right: 5px\">\n            \n\n<div class=\"kksr-icon\" style=\"width: 24px; height: 24px;\"><\/div>\n        <\/div>\n            <div class=\"kksr-star\" data-star=\"4\" style=\"padding-right: 5px\">\n            \n\n<div class=\"kksr-icon\" style=\"width: 24px; height: 24px;\"><\/div>\n        <\/div>\n            <div class=\"kksr-star\" data-star=\"5\" style=\"padding-right: 5px\">\n            \n\n<div class=\"kksr-icon\" style=\"width: 24px; height: 24px;\"><\/div>\n        <\/div>\n    <\/div>\n    \n<div class=\"kksr-stars-active\" style=\"width: 0px;\">\n            <div class=\"kksr-star\" style=\"padding-right: 5px\">\n            \n\n<div class=\"kksr-icon\" style=\"width: 24px; height: 24px;\"><\/div>\n        <\/div>\n            <div class=\"kksr-star\" style=\"padding-right: 5px\">\n            \n\n<div class=\"kksr-icon\" style=\"width: 24px; height: 24px;\"><\/div>\n        <\/div>\n            <div class=\"kksr-star\" style=\"padding-right: 5px\">\n            \n\n<div class=\"kksr-icon\" style=\"width: 24px; height: 24px;\"><\/div>\n        <\/div>\n            <div class=\"kksr-star\" style=\"padding-right: 5px\">\n            \n\n<div class=\"kksr-icon\" style=\"width: 24px; height: 24px;\"><\/div>\n        <\/div>\n            <div class=\"kksr-star\" style=\"padding-right: 5px\">\n            \n\n<div class=\"kksr-icon\" style=\"width: 24px; height: 24px;\"><\/div>\n        <\/div>\n    <\/div>\n<\/div>\n                \n\n<div class=\"kksr-legend\" style=\"font-size: 19.2px;\">\n            <span class=\"kksr-muted\">Rate this post<\/span>\n    <\/div>\n    <\/div>\n<p>\u00c0 Paris, une affaire troublante secoue l&rsquo;\u00e9cole Sainte-Catherine, dans le Ve arrondissement, o\u00f9 une jeune \u00e9l\u00e8ve de CP a bravement pris la parole pour d\u00e9noncer des actes d&rsquo;agression sexuelle commis par un camarade de CE2. Cette situation met en lumi\u00e8re non seulement la n\u00e9cessit\u00e9 de s\u00e9curiser nos \u00e9tablissements scolaires, mais aussi l&rsquo;importance d&rsquo;\u00e9duquer les enfants sur le respect et la protection. Le signalement effectu\u00e9 par un parent d&rsquo;\u00e9l\u00e8ve au rectorat a rapidement donn\u00e9 lieu \u00e0 une enqu\u00eate de police, transformant une affaire locale en une question de citoyennet\u00e9 et de responsabilit\u00e9 collective. Pendant que des parents s&rsquo;interrogent et d\u00e9battent dans la cour de l&rsquo;\u00e9cole, il est crucial de se pencher sur les cons\u00e9quences de telles all\u00e9gations et sur la mani\u00e8re dont l&rsquo;\u00e9ducation peut servir de rem\u00e8de face \u00e0 la violence \u00e0 l&rsquo;\u00e9cole.<\/p>\n\n<h2 class=\"wp-block-heading\">La r\u00e9alit\u00e9 des agressions \u00e0 l&rsquo;\u00e9cole : un sujet sensible<\/h2>\n\n<p>Le th\u00e8me des agressions sexuelles entre enfants reste un sujet d\u00e9licat et souvent \u00e9vit\u00e9, mais la bravoure d&rsquo;une \u00e9l\u00e8ve de CP d\u00e9nonce la n\u00e9cessit\u00e9 de l&rsquo;aborder de front. Bien que ces incidents soient rares, ils soul\u00e8vent des questions fondamentales sur la s\u00e9curit\u00e9 et le bien-\u00eatre des enfants dans leur milieu scolaire. Il est essentiel d&rsquo;en parler, de sensibiliser tant les enfants que les adultes, afin d&rsquo;assurer un environnement respectueux et protecteur. La situation actuelle \u00e0 l&rsquo;\u00e9cole Sainte-Catherine t\u00e9moigne d&rsquo;un malaise plus large, un malaise qui p\u00e9n\u00e8tre aussi bien les murs des \u00e9tablissements scolaires que la soci\u00e9t\u00e9 en g\u00e9n\u00e9ral.<\/p>\n\n<h3 class=\"wp-block-heading\">Les faits : une agression r\u00e9v\u00e9l\u00e9e<\/h3>\n\n<p>Les \u00e9v\u00e9nements tragiques qui se jouent dans les \u00e9coles de France, rappel\u00e9s par cet incident, appellent \u00e0 une v\u00e9ritable prise de conscience. Selon les informations, c&rsquo;est le 16 mai 2025 qu&rsquo;un parent a report\u00e9 des abus aupr\u00e8s de la direction de l&rsquo;\u00e9cole. La petite fille, seulement \u00e2g\u00e9e de 6 ans, aurait \u00e9t\u00e9 victime d&rsquo;agressions sexuelles \u00e0 deux reprises, ce qui a entrain\u00e9 une r\u00e9action imm\u00e9diate de la direction et un dialogue n\u00e9cessaire autour de la s\u00e9curit\u00e9 des enfants.<\/p>\n\n<p>Il est pr\u00e9occupant de constater que de tels actes peuvent se produire dans un cadre cens\u00e9 \u00eatre celui de l&rsquo;\u00e9ducation, de la convivialit\u00e9 et de l&rsquo;apprentissage.<a href=\"https:\/\/www.leparisien.fr\/faits-divers\/paris-une-fillette-de-cp-denonce-des-agressions-sexuelles-de-la-part-dun-eleve-de-ce2-dans-une-ecole-du-ve-06-06-2025-FAVFAGXV2JCR5GDCLHY4AIH6ZQ.php\">Voici un lien<\/a> vers un reportage plus d\u00e9taill\u00e9 sur ces \u00e9v\u00e9nements. Souvent, les victimes de tels abus se retrouvent dans une position vuln\u00e9rable, prises au pi\u00e8ge entre le silence, la honte et l&rsquo;incompr\u00e9hension. C&rsquo;est pourquoi il est crucial de rompre ce cycle en instaurant une culture de dialogue, tant au sein des familles qu&rsquo;\u00e0 l&rsquo;\u00e9cole.<\/p>\n\n<h3 class=\"wp-block-heading\">Les cons\u00e9quences sur les victimes<\/h3>\n\n<p>Les r\u00e9percussions d&rsquo;une agression sur de jeunes victimes peuvent \u00eatre d\u00e9sastreuses. Les troubles psychologiques, la perte de confiance en soi, et m\u00eame les phobies scolaires en sont quelques exemples courants. La r\u00e9action du milieu scolaire, mais aussi celle des parents, joue un r\u00f4le d\u00e9terminant dans la capacit\u00e9 de l&rsquo;enfant \u00e0 se reconstruire. En effet, lorsqu&rsquo;un enfant se sent entendu, respect\u00e9 et en s\u00e9curit\u00e9, il est plus \u00e0 m\u00eame de surmonter les traumatismes. Voici quelques strat\u00e9gies de <strong>pr\u00e9vention<\/strong> et de soutien :<\/p>\n\n<ul class=\"wp-block-list\"><li> \ud83d\udc69\u200d\ud83c\udfeb Des ateliers d&rsquo;\u00e9ducation \u00e0 la vie affective et sexuelle.<\/li><li> \ud83d\udcda La mise en place de programmes de sensibilisation sur le respect et la s\u00e9curit\u00e9.<\/li><li> \ud83d\udc65 Un soutien psychologique accessible pour les victimes.<\/li><li> \ud83d\udcac Encourager le t\u00e9moignage et l&rsquo;ouverture du dialogue.<\/li><li> \ud83c\udfeb Des formations pour les enseignants sur la d\u00e9tection et la gestion de ce type de cas.<\/li><\/ul>\n\n<h3 class=\"wp-block-heading\">Le r\u00f4le des parents et de l&rsquo;\u00e9cole<\/h3>\n\n<p>La collaboration entre l&rsquo;\u00e9cole et les parents est essentielle pour r\u00e9soudre ces probl\u00e8mes. Le soutien des parents peut renforcer le message de l&rsquo;\u00e9cole : celle de l&rsquo;\u00e9coute active et de la valeur du t\u00e9moignage. La direction de l&rsquo;\u00e9cole a d&rsquo;ailleurs organis\u00e9 une r\u00e9union, incitant les parents \u00e0 rester vigilants et alertes face \u00e0 de potentielles situations d&rsquo;agression. C&rsquo;est dans cet esprit de solidarit\u00e9 que l&rsquo;on peut esp\u00e9rer instaurer un climat de confiance, o\u00f9 les enfants se sentent prot\u00e9g\u00e9s.<\/p>\n\n<h2 class=\"wp-block-heading\">Prevention et \u00e9ducation : construire un avenir s\u00fbr pour les enfants<\/h2>\n\n<p>Il faut absolument mettre en avant l&rsquo;\u00e9ducation comme outil de <strong>protection<\/strong>. De telles trag\u00e9dies doivent militent pour une v\u00e9ritable <strong>sensibilisation<\/strong> des \u00e9l\u00e8ves sur les questions de consentement, de respect et de s\u00e9curit\u00e9. \u00c0 l&rsquo;\u00e9cole Sainte-Catherine, comme dans tant d&rsquo;autres, l&rsquo;enjeu est de former des enfants non seulement inform\u00e9s, mais aussi empathiques et respectueux. \u00c9duquer doit commencer d\u00e8s le plus jeune \u00e2ge. Les enfants doivent \u00eatre en mesure de comprendre ce qui est acceptable et ce qui ne l\u2019est pas dans leurs interactions avec leurs camarades. Mais comment proc\u00e9der ? Voici quelques techniques pour favoriser cette \u00e9ducation :<\/p>\n\n<ul class=\"wp-block-list\"><li> \u270f\ufe0f Des activit\u00e9s ludiques autour de la th\u00e9matique de la confiance et du respect.<\/li><li> \ud83d\udcd6 Des livres et des contes adapt\u00e9s \u00e0 leur \u00e2ge qui abordent ces th\u00e9matiques.<\/li><li> \ud83d\udde3\ufe0f Favoriser le dialogue autour des \u00e9motions et du ressenti.<\/li><li> \ud83d\udd0d Organiser des s\u00e9ances avec des th\u00e9rapeutes sp\u00e9cialis\u00e9s dans le d\u00e9veloppement de l&rsquo;enfant.<\/li><li> \ud83d\udc69\u200d\u2695\ufe0f Proposer des interventions de professionnels sur les questions de s\u00e9curit\u00e9.<\/li><\/ul>\n\n<p>Ces actions ne peuvent se faire sans un soutien : celui des institutions, des enseignants, mais aussi des parents. La communaut\u00e9 \u00e9ducative doit agir en <strong>collectif<\/strong> pour assurer une \u00e9ducation bienveillante et protectrice.<\/p>\n\n<h3 class=\"wp-block-heading\">Des initiatives prometteuses<\/h3>\n\n<p>Le cadre scolaire fran\u00e7ais a d\u00e9j\u00e0 initi\u00e9 des programmes de <strong>pr\u00e9vention<\/strong> qui ont port\u00e9 leurs fruits dans certains \u00e9tablissements. En encourageant la restitution des paroles d&rsquo;enfants sur des sujets graves, on r\u00e9duit le sentiment d&rsquo;isolement chez les victimes et on facilite leur prise de parole. Par exemple, certaines \u00e9coles de Paris ont int\u00e9gr\u00e9 des s\u00e9ances d&rsquo;\u00e9coute o\u00f9 les enfants sont libres de s&rsquo;exprimer sur leurs pr\u00e9occupations. En lien avec cet incident \u00e0 l&rsquo;\u00e9cole Sainte-Catherine, une r\u00e9flexion est lanc\u00e9e autour de l&rsquo;extension de tels programmes. Voici quelques initiatives en cours dans d&rsquo;autres r\u00e9gions :<\/p>\n\n<figure class=\"wp-block-table\"><table>\n<thead>\n<tr>\n<th>Initiative<\/th>\n<th>Objectif<\/th>\n<th>Zone g\u00e9ographique<\/th>\n<\/tr>\n<\/thead>\n<tbody>\n<tr>\n<td>Bienveillance \u00e0 l&rsquo;\u00e9cole<\/td>\n<td>Sensibiliser les enfants aux \u00e9motions<\/td>\n<td>\u00cele-de-France<\/td>\n<\/tr>\n<tr>\n<td>Parole d&rsquo;Enfants<\/td>\n<td>Cr\u00e9er un espace d&rsquo;\u00e9coute et de verbalisation<\/td>\n<td>Aquitaine<\/td>\n<\/tr>\n<tr>\n<td>Secours Enfants<\/td>\n<td>Interventions pour sensibiliser aux abus<\/td>\n<td>Provence-Alpes-C\u00f4te d&rsquo;Azur<\/td>\n<\/tr>\n<tr>\n<td>Mission \u00c9ducation et Respect<\/td>\n<td>Former les enseignants \u00e0 la d\u00e9tection<\/td>\n<td>Auvergne-Rh\u00f4ne-Alpes<\/td>\n<\/tr>\n<tr>\n<td>R\u00e9seau des Parents Vigilants<\/td>\n<td>Encourager le dialogue parents-enfants<\/td>\n<td>Normandie<\/td>\n<\/tr>\n<\/tbody>\n<\/table><\/figure>\n\n<h2 class=\"wp-block-heading\">L&rsquo;importance du t\u00e9moignage pour briser le silence<\/h2>\n\n<p>Le t\u00e9moignage, loin d&rsquo;\u00eatre anodin, s&rsquo;av\u00e8re \u00eatre un puissant levier pour faire \u00e9voluer les mentalit\u00e9s et briser le tabou qui entoure les agressions sexuelles. Prenons l&rsquo;exemple de cette fillette de CP, qui a trouv\u00e9 le courage de s&rsquo;exprimer alors qu&rsquo;elle ne devrait pas avoir \u00e0 faire face \u00e0 de telles situations. Les informations qui \u00e9mergent de cette affaire soulignent que chaque voix compte et que chaque mortalis\u00e9e m\u00e9rite d&rsquo;\u00eatre entendue. En g\u00e9n\u00e9ral, lorsque les victimes prennent la parole, cela peut \u00e9galement inciter d&rsquo;autres \u00e0 t\u00e9moigner de leur propre v\u00e9cu. C&rsquo;est un cercle vertueux que l&rsquo;on doit encourager. Pour cela, voici quelques pistes \u00e0 explorer :<\/p>\n\n<ul class=\"wp-block-list\"><li> \ud83d\udd09 Mettre en avant des histoires de survivants dans les m\u00e9dias.<\/li><li> \ud83c\udfa4 Cr\u00e9er des espaces d\u00e9di\u00e9s \u00e0 la prise de parole pour les enfants.<\/li><li> \ud83d\udcf2 Utiliser des plateformes num\u00e9riques pour le partage d&rsquo;histoires de victimes.<\/li><li> \ud83d\udde8\ufe0f D\u00e9velopper des formations pour la communaut\u00e9 scolaire sur l&rsquo;importance du t\u00e9moignage.<\/li><li> \ud83e\udd1d Promouvoir des services d&rsquo;accompagnement pour les victimes qui souhaitent raconter leur histoire.<\/li><\/ul>\n\n<p>Il est essentiel de rendre la parole libre et accessible afin que chacun comprenne qu&rsquo;il n&rsquo;est jamais seul dans ce combat. La solidarit\u00e9, chacun \u00e0 notre niveau, peut transformer des vies.<\/p>\n\n<h2 class=\"wp-block-heading\">FAQ sur la pr\u00e9vention des agressions sexuelles \u00e0 l&rsquo;\u00e9cole<\/h2>\n\n<p><div>\n<h3>Quelles sont les \u00e9tapes \u00e0 suivre si un enfant est victime d&rsquo;agression sexuelle ?<\/h3>\n<p>Il est urgent de signaler l&rsquo;incident aux autorit\u00e9s scolaires et \u00e0 la police. Par la suite, assurez-vous que l&rsquo;enfant b\u00e9n\u00e9ficie d&rsquo;un soutien psychologique ad\u00e9quat.<\/p>\n<h3>Comment les parents peuvent-ils aborder le sujet avec leurs enfants ?<\/h3>\n<p>Les parents doivent cr\u00e9er un environnement s\u00e9curis\u00e9 et ouvert, en employant un langage simple et en s&rsquo;assurant que l&rsquo;enfant sait qu&rsquo;il peut parler sans crainte.<\/p>\n<h3>Quelle est l&rsquo;importance de l&rsquo;\u00e9ducation \u00e0 la sexualit\u00e9 dans le syst\u00e8me scolaire ?<\/h3>\n<p>Elle est cruciale pour sensibiliser les enfants sur les notions de consentement, de respect et de protection, leur permettant ainsi de mieux comprendre leurs droits et ceux des autres.<\/p>\n<h3>Comment encourager les enfants \u00e0 exprimer leurs cr\u00e9ations \u00e9motionnelles ?<\/h3>\n<p>Les parents et enseignants peuvent utiliser des activit\u00e9s artistiques et des discussions sur les \u00e9motions pour faciliter la communication.<\/p>\n<h3>Y a-t-il des lois qui prot\u00e8gent les victimes dans les \u00e9tablissements scolaires ?<\/h3>\n<p>Oui, en France, la l\u00e9gislation prot\u00e8ge les enfants et garantit des mises en place pour des environnements scolaires s\u00e9curisants, tout en punissant les actes d&rsquo;agression.<\/p>\n<\/div><\/p>\n\n","protected":false},"excerpt":{"rendered":"<p>\u00c0 Paris, une affaire troublante secoue l&rsquo;\u00e9cole Sainte-Catherine, dans le Ve arrondissement, o\u00f9 une jeune \u00e9l\u00e8ve de CP a bravement pris la parole pour d\u00e9noncer des actes d&rsquo;agression sexuelle commis par un camarade de CE2. Cette situation met en lumi\u00e8re non seulement la n\u00e9cessit\u00e9 de s\u00e9curiser nos \u00e9tablissements scolaires, mais aussi l&rsquo;importance d&rsquo;\u00e9duquer les enfants &#8230; <a title=\"\u00c0 Paris, une jeune \u00e9l\u00e8ve de CP alerte sur des abus sexuels commis par un camarade de CE2 dans son \u00e9cole du Ve arrondissement.\" class=\"read-more\" href=\"https:\/\/www.apres-lecole.fr\/Blog\/abus-sexuels-paris-ecole\/\" aria-label=\"En savoir plus sur \u00c0 Paris, une jeune \u00e9l\u00e8ve de CP alerte sur des abus sexuels commis par un camarade de CE2 dans son \u00e9cole du Ve arrondissement.\">Lire plus<\/a><\/p>\n","protected":false},"author":9,"featured_media":0,"comment_status":"open","ping_status":"open","sticky":false,"template":"","format":"standard","meta":{"footnotes":""},"categories":[342],"tags":[1042,1043,410,412,586],"class_list":["post-2000","post","type-post","status-publish","format-standard","hentry","category-actualites","tag-abuse-sexuels","tag-cp","tag-ecole","tag-education","tag-paris"],"yoast_head":"<!-- This site is optimized with the Yoast SEO plugin v27.5 - https:\/\/yoast.com\/product\/yoast-seo-wordpress\/ -->\n<title>Une voix courageuse : une \u00e9l\u00e8ve de CP t\u00e9moigne des abus \u00e0 Paris<\/title>\n<meta name=\"description\" content=\"\u00c0 Paris, une \u00e9l\u00e8ve de CP signale des abus sexuels pr\u00e9sum\u00e9s d\u2019un camarade de CE2 dans une \u00e9cole du Ve arrondissement. Enqu\u00eate en cours.\" \/>\n<meta name=\"robots\" content=\"index, follow, max-snippet:-1, max-image-preview:large, max-video-preview:-1\" \/>\n<link rel=\"canonical\" href=\"https:\/\/www.apres-lecole.fr\/Blog\/abus-sexuels-paris-ecole\/\" \/>\n<meta property=\"og:locale\" content=\"fr_FR\" \/>\n<meta property=\"og:type\" content=\"article\" \/>\n<meta property=\"og:title\" content=\"Une voix courageuse : une \u00e9l\u00e8ve de CP t\u00e9moigne des abus \u00e0 Paris\" \/>\n<meta property=\"og:description\" content=\"\u00c0 Paris, une \u00e9l\u00e8ve de CP signale des abus sexuels pr\u00e9sum\u00e9s d\u2019un camarade de CE2 dans une \u00e9cole du Ve arrondissement. Enqu\u00eate en cours.\" \/>\n<meta property=\"og:url\" content=\"https:\/\/www.apres-lecole.fr\/Blog\/abus-sexuels-paris-ecole\/\" \/>\n<meta property=\"article:published_time\" content=\"2025-06-08T07:09:55+00:00\" \/>\n<meta name=\"author\" content=\"Eva Martin\" \/>\n<meta name=\"twitter:card\" content=\"summary_large_image\" \/>\n<meta name=\"twitter:creator\" content=\"@Evaapresecole\" \/>\n<meta name=\"twitter:label1\" content=\"\u00c9crit par\" \/>\n\t<meta name=\"twitter:data1\" content=\"Eva Martin\" \/>\n\t<meta name=\"twitter:label2\" content=\"Dur\u00e9e de lecture estim\u00e9e\" \/>\n\t<meta name=\"twitter:data2\" content=\"7 minutes\" \/>\n<script type=\"application\/ld+json\" class=\"yoast-schema-graph\">{\"@context\":\"https:\\\/\\\/schema.org\",\"@graph\":[{\"@type\":\"Article\",\"@id\":\"https:\\\/\\\/www.apres-lecole.fr\\\/Blog\\\/abus-sexuels-paris-ecole\\\/#article\",\"isPartOf\":{\"@id\":\"https:\\\/\\\/www.apres-lecole.fr\\\/Blog\\\/abus-sexuels-paris-ecole\\\/\"},\"author\":{\"name\":\"Eva Martin\",\"@id\":\"https:\\\/\\\/www.apres-lecole.fr\\\/Blog\\\/#\\\/schema\\\/person\\\/aeb50cd4b51fc69da155804bb5bb9fc4\"},\"headline\":\"\u00c0 Paris, une jeune \u00e9l\u00e8ve de CP alerte sur des abus sexuels commis par un camarade de CE2 dans son \u00e9cole du Ve arrondissement.\",\"datePublished\":\"2025-06-08T07:09:55+00:00\",\"mainEntityOfPage\":{\"@id\":\"https:\\\/\\\/www.apres-lecole.fr\\\/Blog\\\/abus-sexuels-paris-ecole\\\/\"},\"wordCount\":1556,\"commentCount\":0,\"keywords\":[\"abuse sexuels\",\"cp\",\"\u00e9cole\",\"\u00e9ducation\",\"paris\"],\"articleSection\":[\"Actualit\u00e9s\"],\"inLanguage\":\"fr-FR\",\"potentialAction\":[{\"@type\":\"CommentAction\",\"name\":\"Comment\",\"target\":[\"https:\\\/\\\/www.apres-lecole.fr\\\/Blog\\\/abus-sexuels-paris-ecole\\\/#respond\"]}]},{\"@type\":\"WebPage\",\"@id\":\"https:\\\/\\\/www.apres-lecole.fr\\\/Blog\\\/abus-sexuels-paris-ecole\\\/\",\"url\":\"https:\\\/\\\/www.apres-lecole.fr\\\/Blog\\\/abus-sexuels-paris-ecole\\\/\",\"name\":\"Une voix courageuse : une \u00e9l\u00e8ve de CP t\u00e9moigne des abus \u00e0 Paris\",\"isPartOf\":{\"@id\":\"https:\\\/\\\/www.apres-lecole.fr\\\/Blog\\\/#website\"},\"datePublished\":\"2025-06-08T07:09:55+00:00\",\"author\":{\"@id\":\"https:\\\/\\\/www.apres-lecole.fr\\\/Blog\\\/#\\\/schema\\\/person\\\/aeb50cd4b51fc69da155804bb5bb9fc4\"},\"description\":\"\u00c0 Paris, une \u00e9l\u00e8ve de CP signale des abus sexuels pr\u00e9sum\u00e9s d\u2019un camarade de CE2 dans une \u00e9cole du Ve arrondissement. Enqu\u00eate en cours.\",\"breadcrumb\":{\"@id\":\"https:\\\/\\\/www.apres-lecole.fr\\\/Blog\\\/abus-sexuels-paris-ecole\\\/#breadcrumb\"},\"inLanguage\":\"fr-FR\",\"potentialAction\":[{\"@type\":\"ReadAction\",\"target\":[\"https:\\\/\\\/www.apres-lecole.fr\\\/Blog\\\/abus-sexuels-paris-ecole\\\/\"]}]},{\"@type\":\"BreadcrumbList\",\"@id\":\"https:\\\/\\\/www.apres-lecole.fr\\\/Blog\\\/abus-sexuels-paris-ecole\\\/#breadcrumb\",\"itemListElement\":[{\"@type\":\"ListItem\",\"position\":1,\"name\":\"Home\",\"item\":\"https:\\\/\\\/www.apres-lecole.fr\\\/Blog\\\/\"},{\"@type\":\"ListItem\",\"position\":2,\"name\":\"\u00c0 Paris, une jeune \u00e9l\u00e8ve de CP alerte sur des abus sexuels commis par un camarade de CE2 dans son \u00e9cole du Ve arrondissement.\"}]},{\"@type\":\"WebSite\",\"@id\":\"https:\\\/\\\/www.apres-lecole.fr\\\/Blog\\\/#website\",\"url\":\"https:\\\/\\\/www.apres-lecole.fr\\\/Blog\\\/\",\"name\":\"\",\"description\":\"M\u00e9dia g\u00e9n\u00e9raliste\",\"potentialAction\":[{\"@type\":\"SearchAction\",\"target\":{\"@type\":\"EntryPoint\",\"urlTemplate\":\"https:\\\/\\\/www.apres-lecole.fr\\\/Blog\\\/?s={search_term_string}\"},\"query-input\":{\"@type\":\"PropertyValueSpecification\",\"valueRequired\":true,\"valueName\":\"search_term_string\"}}],\"inLanguage\":\"fr-FR\"},{\"@type\":\"Person\",\"@id\":\"https:\\\/\\\/www.apres-lecole.fr\\\/Blog\\\/#\\\/schema\\\/person\\\/aeb50cd4b51fc69da155804bb5bb9fc4\",\"name\":\"Eva Martin\",\"image\":{\"@type\":\"ImageObject\",\"inLanguage\":\"fr-FR\",\"@id\":\"https:\\\/\\\/secure.gravatar.com\\\/avatar\\\/55c53222558b27a72015a64073a80edce4abd33369394b9bf2c5cd6c19d12682?s=96&d=mm&r=g\",\"url\":\"https:\\\/\\\/secure.gravatar.com\\\/avatar\\\/55c53222558b27a72015a64073a80edce4abd33369394b9bf2c5cd6c19d12682?s=96&d=mm&r=g\",\"contentUrl\":\"https:\\\/\\\/secure.gravatar.com\\\/avatar\\\/55c53222558b27a72015a64073a80edce4abd33369394b9bf2c5cd6c19d12682?s=96&d=mm&r=g\",\"caption\":\"Eva Martin\"},\"description\":\"Je parle de business et d'entrepreneuriat avec des conseils clairs, concrets et actionnables pour r\u00e9ussir\",\"sameAs\":[\"https:\\\/\\\/x.com\\\/Evaapresecole\"],\"url\":\"https:\\\/\\\/www.apres-lecole.fr\\\/Blog\\\/author\\\/evamartin\\\/\"}]}<\/script>\n<!-- \/ Yoast SEO plugin. -->","yoast_head_json":{"title":"Une voix courageuse : une \u00e9l\u00e8ve de CP t\u00e9moigne des abus \u00e0 Paris","description":"\u00c0 Paris, une \u00e9l\u00e8ve de CP signale des abus sexuels pr\u00e9sum\u00e9s d\u2019un camarade de CE2 dans une \u00e9cole du Ve arrondissement. Enqu\u00eate en cours.","robots":{"index":"index","follow":"follow","max-snippet":"max-snippet:-1","max-image-preview":"max-image-preview:large","max-video-preview":"max-video-preview:-1"},"canonical":"https:\/\/www.apres-lecole.fr\/Blog\/abus-sexuels-paris-ecole\/","og_locale":"fr_FR","og_type":"article","og_title":"Une voix courageuse : une \u00e9l\u00e8ve de CP t\u00e9moigne des abus \u00e0 Paris","og_description":"\u00c0 Paris, une \u00e9l\u00e8ve de CP signale des abus sexuels pr\u00e9sum\u00e9s d\u2019un camarade de CE2 dans une \u00e9cole du Ve arrondissement. Enqu\u00eate en cours.","og_url":"https:\/\/www.apres-lecole.fr\/Blog\/abus-sexuels-paris-ecole\/","article_published_time":"2025-06-08T07:09:55+00:00","author":"Eva Martin","twitter_card":"summary_large_image","twitter_creator":"@Evaapresecole","twitter_misc":{"\u00c9crit par":"Eva Martin","Dur\u00e9e de lecture estim\u00e9e":"7 minutes"},"schema":{"@context":"https:\/\/schema.org","@graph":[{"@type":"Article","@id":"https:\/\/www.apres-lecole.fr\/Blog\/abus-sexuels-paris-ecole\/#article","isPartOf":{"@id":"https:\/\/www.apres-lecole.fr\/Blog\/abus-sexuels-paris-ecole\/"},"author":{"name":"Eva Martin","@id":"https:\/\/www.apres-lecole.fr\/Blog\/#\/schema\/person\/aeb50cd4b51fc69da155804bb5bb9fc4"},"headline":"\u00c0 Paris, une jeune \u00e9l\u00e8ve de CP alerte sur des abus sexuels commis par un camarade de CE2 dans son \u00e9cole du Ve arrondissement.","datePublished":"2025-06-08T07:09:55+00:00","mainEntityOfPage":{"@id":"https:\/\/www.apres-lecole.fr\/Blog\/abus-sexuels-paris-ecole\/"},"wordCount":1556,"commentCount":0,"keywords":["abuse sexuels","cp","\u00e9cole","\u00e9ducation","paris"],"articleSection":["Actualit\u00e9s"],"inLanguage":"fr-FR","potentialAction":[{"@type":"CommentAction","name":"Comment","target":["https:\/\/www.apres-lecole.fr\/Blog\/abus-sexuels-paris-ecole\/#respond"]}]},{"@type":"WebPage","@id":"https:\/\/www.apres-lecole.fr\/Blog\/abus-sexuels-paris-ecole\/","url":"https:\/\/www.apres-lecole.fr\/Blog\/abus-sexuels-paris-ecole\/","name":"Une voix courageuse : une \u00e9l\u00e8ve de CP t\u00e9moigne des abus \u00e0 Paris","isPartOf":{"@id":"https:\/\/www.apres-lecole.fr\/Blog\/#website"},"datePublished":"2025-06-08T07:09:55+00:00","author":{"@id":"https:\/\/www.apres-lecole.fr\/Blog\/#\/schema\/person\/aeb50cd4b51fc69da155804bb5bb9fc4"},"description":"\u00c0 Paris, une \u00e9l\u00e8ve de CP signale des abus sexuels pr\u00e9sum\u00e9s d\u2019un camarade de CE2 dans une \u00e9cole du Ve arrondissement. Enqu\u00eate en cours.","breadcrumb":{"@id":"https:\/\/www.apres-lecole.fr\/Blog\/abus-sexuels-paris-ecole\/#breadcrumb"},"inLanguage":"fr-FR","potentialAction":[{"@type":"ReadAction","target":["https:\/\/www.apres-lecole.fr\/Blog\/abus-sexuels-paris-ecole\/"]}]},{"@type":"BreadcrumbList","@id":"https:\/\/www.apres-lecole.fr\/Blog\/abus-sexuels-paris-ecole\/#breadcrumb","itemListElement":[{"@type":"ListItem","position":1,"name":"Home","item":"https:\/\/www.apres-lecole.fr\/Blog\/"},{"@type":"ListItem","position":2,"name":"\u00c0 Paris, une jeune \u00e9l\u00e8ve de CP alerte sur des abus sexuels commis par un camarade de CE2 dans son \u00e9cole du Ve arrondissement."}]},{"@type":"WebSite","@id":"https:\/\/www.apres-lecole.fr\/Blog\/#website","url":"https:\/\/www.apres-lecole.fr\/Blog\/","name":"","description":"M\u00e9dia g\u00e9n\u00e9raliste","potentialAction":[{"@type":"SearchAction","target":{"@type":"EntryPoint","urlTemplate":"https:\/\/www.apres-lecole.fr\/Blog\/?s={search_term_string}"},"query-input":{"@type":"PropertyValueSpecification","valueRequired":true,"valueName":"search_term_string"}}],"inLanguage":"fr-FR"},{"@type":"Person","@id":"https:\/\/www.apres-lecole.fr\/Blog\/#\/schema\/person\/aeb50cd4b51fc69da155804bb5bb9fc4","name":"Eva Martin","image":{"@type":"ImageObject","inLanguage":"fr-FR","@id":"https:\/\/secure.gravatar.com\/avatar\/55c53222558b27a72015a64073a80edce4abd33369394b9bf2c5cd6c19d12682?s=96&d=mm&r=g","url":"https:\/\/secure.gravatar.com\/avatar\/55c53222558b27a72015a64073a80edce4abd33369394b9bf2c5cd6c19d12682?s=96&d=mm&r=g","contentUrl":"https:\/\/secure.gravatar.com\/avatar\/55c53222558b27a72015a64073a80edce4abd33369394b9bf2c5cd6c19d12682?s=96&d=mm&r=g","caption":"Eva Martin"},"description":"Je parle de business et d'entrepreneuriat avec des conseils clairs, concrets et actionnables pour r\u00e9ussir","sameAs":["https:\/\/x.com\/Evaapresecole"],"url":"https:\/\/www.apres-lecole.fr\/Blog\/author\/evamartin\/"}]}},"views":15,"_links":{"self":[{"href":"https:\/\/www.apres-lecole.fr\/Blog\/wp-json\/wp\/v2\/posts\/2000","targetHints":{"allow":["GET"]}}],"collection":[{"href":"https:\/\/www.apres-lecole.fr\/Blog\/wp-json\/wp\/v2\/posts"}],"about":[{"href":"https:\/\/www.apres-lecole.fr\/Blog\/wp-json\/wp\/v2\/types\/post"}],"author":[{"embeddable":true,"href":"https:\/\/www.apres-lecole.fr\/Blog\/wp-json\/wp\/v2\/users\/9"}],"replies":[{"embeddable":true,"href":"https:\/\/www.apres-lecole.fr\/Blog\/wp-json\/wp\/v2\/comments?post=2000"}],"version-history":[{"count":0,"href":"https:\/\/www.apres-lecole.fr\/Blog\/wp-json\/wp\/v2\/posts\/2000\/revisions"}],"wp:attachment":[{"href":"https:\/\/www.apres-lecole.fr\/Blog\/wp-json\/wp\/v2\/media?parent=2000"}],"wp:term":[{"taxonomy":"category","embeddable":true,"href":"https:\/\/www.apres-lecole.fr\/Blog\/wp-json\/wp\/v2\/categories?post=2000"},{"taxonomy":"post_tag","embeddable":true,"href":"https:\/\/www.apres-lecole.fr\/Blog\/wp-json\/wp\/v2\/tags?post=2000"}],"curies":[{"name":"wp","href":"https:\/\/api.w.org\/{rel}","templated":true}]}}