{"id":1999,"date":"2025-06-07T21:09:54","date_gmt":"2025-06-07T21:09:54","guid":{"rendered":"https:\/\/www.apres-lecole.fr\/Blog\/secrets-ecoles-privees-maternelle\/"},"modified":"2025-06-07T21:09:54","modified_gmt":"2025-06-07T21:09:54","slug":"secrets-ecoles-privees-maternelle","status":"publish","type":"post","link":"https:\/\/www.apres-lecole.fr\/Blog\/secrets-ecoles-privees-maternelle\/","title":{"rendered":"Des secrets bien gard\u00e9s : le silence troublant des \u00e9coles priv\u00e9es face aux attouchements en maternelle"},"content":{"rendered":"\n\n<div class=\"kk-star-ratings kksr-auto kksr-align-left kksr-valign-top\"\n    data-payload='{&quot;align&quot;:&quot;left&quot;,&quot;id&quot;:&quot;1999&quot;,&quot;slug&quot;:&quot;default&quot;,&quot;valign&quot;:&quot;top&quot;,&quot;ignore&quot;:&quot;&quot;,&quot;reference&quot;:&quot;auto&quot;,&quot;class&quot;:&quot;&quot;,&quot;count&quot;:&quot;0&quot;,&quot;legendonly&quot;:&quot;&quot;,&quot;readonly&quot;:&quot;&quot;,&quot;score&quot;:&quot;0&quot;,&quot;starsonly&quot;:&quot;&quot;,&quot;best&quot;:&quot;5&quot;,&quot;gap&quot;:&quot;5&quot;,&quot;greet&quot;:&quot;Rate this post&quot;,&quot;legend&quot;:&quot;0\\\/5 - (0 vote)&quot;,&quot;size&quot;:&quot;24&quot;,&quot;title&quot;:&quot;Des secrets bien gard\u00e9s : le silence troublant des \u00e9coles priv\u00e9es face aux attouchements en maternelle&quot;,&quot;width&quot;:&quot;0&quot;,&quot;_legend&quot;:&quot;{score}\\\/{best} - ({count} {votes})&quot;,&quot;font_factor&quot;:&quot;1.25&quot;}'>\n            \n<div class=\"kksr-stars\">\n    \n<div class=\"kksr-stars-inactive\">\n            <div class=\"kksr-star\" data-star=\"1\" style=\"padding-right: 5px\">\n            \n\n<div class=\"kksr-icon\" style=\"width: 24px; height: 24px;\"><\/div>\n        <\/div>\n            <div class=\"kksr-star\" data-star=\"2\" style=\"padding-right: 5px\">\n            \n\n<div class=\"kksr-icon\" style=\"width: 24px; height: 24px;\"><\/div>\n        <\/div>\n            <div class=\"kksr-star\" data-star=\"3\" style=\"padding-right: 5px\">\n            \n\n<div class=\"kksr-icon\" style=\"width: 24px; height: 24px;\"><\/div>\n        <\/div>\n            <div class=\"kksr-star\" data-star=\"4\" style=\"padding-right: 5px\">\n            \n\n<div class=\"kksr-icon\" style=\"width: 24px; height: 24px;\"><\/div>\n        <\/div>\n            <div class=\"kksr-star\" data-star=\"5\" style=\"padding-right: 5px\">\n            \n\n<div class=\"kksr-icon\" style=\"width: 24px; height: 24px;\"><\/div>\n        <\/div>\n    <\/div>\n    \n<div class=\"kksr-stars-active\" style=\"width: 0px;\">\n            <div class=\"kksr-star\" style=\"padding-right: 5px\">\n            \n\n<div class=\"kksr-icon\" style=\"width: 24px; height: 24px;\"><\/div>\n        <\/div>\n            <div class=\"kksr-star\" style=\"padding-right: 5px\">\n            \n\n<div class=\"kksr-icon\" style=\"width: 24px; height: 24px;\"><\/div>\n        <\/div>\n            <div class=\"kksr-star\" style=\"padding-right: 5px\">\n            \n\n<div class=\"kksr-icon\" style=\"width: 24px; height: 24px;\"><\/div>\n        <\/div>\n            <div class=\"kksr-star\" style=\"padding-right: 5px\">\n            \n\n<div class=\"kksr-icon\" style=\"width: 24px; height: 24px;\"><\/div>\n        <\/div>\n            <div class=\"kksr-star\" style=\"padding-right: 5px\">\n            \n\n<div class=\"kksr-icon\" style=\"width: 24px; height: 24px;\"><\/div>\n        <\/div>\n    <\/div>\n<\/div>\n                \n\n<div class=\"kksr-legend\" style=\"font-size: 19.2px;\">\n            <span class=\"kksr-muted\">Rate this post<\/span>\n    <\/div>\n    <\/div>\n<p>Dans un climat d&rsquo;angoisse et d&rsquo;inqui\u00e9tude, des faits r\u00e9cemment rapport\u00e9s \u00e0 l&rsquo;\u00e9cole maternelle Joseph Niel de Muret escaladent les d\u00e9bats sur la s\u00e9curit\u00e9 des enfants dans le syst\u00e8me \u00e9ducatif priv\u00e9. Des enfants \u00e2g\u00e9s de seulement 4 et 5 ans auraient \u00e9t\u00e9 victimes d&rsquo;attouchements, provoquant un \u00e9moi parmi les parents concern\u00e9s. L&rsquo;\u00e9tablissement, comme tant d&rsquo;autres, fait face \u00e0 des accusations de silence, laissant planer un doute inqui\u00e9tant sur la gestion de ces incidents par le personnel \u00e9ducatif. Comment une situation aussi s\u00e9rieuse peut-elle \u00eatre r\u00e9duite au rang de secret bien gard\u00e9 ? Cette question hante les esprits des familles touch\u00e9es, les laissant dans un d\u00e9sarroi palpable et une qu\u00eate de justice et de responsabilit\u00e9.<\/p>\n\n<h2 class=\"wp-block-heading\">Les faits troublants : attouchements \u00e0 l&rsquo;\u00e9cole maternelle<\/h2>\n\n<p>Les parents de l&rsquo;\u00e9cole maternelle Joseph Niel sont frapp\u00e9s par les r\u00e9v\u00e9lations concernant des attouchements r\u00e9p\u00e9t\u00e9s au sein m\u00eame de l\u2019\u00e9tablissement. Un petit gar\u00e7on de 5 ans aurait touch\u00e9 les parties intimes de plusieurs camarades, un comportement qui a \u00e9t\u00e9 signal\u00e9 \u00e0 l&rsquo;\u00e9cole. Ce qui est alarmant, c&rsquo;est la banalisation de tels actes par des adultes, souvent per\u00e7us comme des \u00ab jeux d&rsquo;enfants \u00bb. Mais derri\u00e8re cette terminologie se cache une r\u00e9alit\u00e9 bien plus pr\u00e9occupante.<\/p>\n\n<h3 class=\"wp-block-heading\">Les premiers t\u00e9moignages<\/h3>\n\n<p>Les r\u00e9cits des parents ont r\u00e9v\u00e9l\u00e9 une situation dramatique, o\u00f9 les enfants, \u00e0 travers leurs propres mots, ont tent\u00e9 d\u2019expliquer des situations qu&rsquo;ils jugeaient inqui\u00e9tantes. L&rsquo;une des mamans a partag\u00e9 : <strong>\u00ab La premi\u00e8re fois qu&rsquo;elle m&rsquo;en a parl\u00e9, elle a dit \u00ab\u00a0il a touch\u00e9 mes parties intimes\u00a0\u00bb \u00bb<\/strong>. Ces mots simples mais puissants t\u00e9moignent d&rsquo;une grande maitrise de l&rsquo;inacceptable. Les enfants savent intuitivement que ces gestes transgressent des limites fondamentales. Mais que se passe-t-il lorsqu&rsquo;ils sont confront\u00e9s au silence des adultes ? Les parents continuent de s&rsquo;interroger sur le syst\u00e8me \u00e9ducatif qui semble pr\u00e9f\u00e9rer garder ces incidents dans l&rsquo;ombre.<\/p>\n\n<ul class=\"wp-block-list\"><li>\ud83d\udccc Les enfants sont souvent concern\u00e9s dans des cas de jeux d&rsquo;imitation.<\/li><li>\ud83d\udccc Une communication ouverte entre le parent et l&rsquo;enfant est essentielle.<\/li><li>\ud83d\udccc \u00c9duquer les enfants \u00e0 reconna\u00eetre et \u00e0 d\u00e9noncer ces comportements inappropri\u00e9s est crucial.<\/li><\/ul>\n\n<p>Il est indispensable d\u2019agir dans l&rsquo;imm\u00e9diat pour avertir les parents concern\u00e9s, afin qu\u2019ils puissent discuter de ces sujets d\u00e9licats avec leurs enfants. La c\u00e9l\u00e9rit\u00e9 de la r\u00e9action est primordiale. Les parents dont les enfants ont \u00e9t\u00e9 touch\u00e9s par ces actes doivent non seulement \u00eatre inform\u00e9s, mais \u00e9galement soutenus. L&rsquo;absence de communication par l&rsquo;\u00e9cole \u00e0 ce sujet renforce le sentiment d&rsquo;abandon et de perte de confiance. C&rsquo;est ici que la responsabilit\u00e9 des \u00e9tablissements scolaires entre en jeu. Comment l\u2019\u00e9cole s\u2019assure-t-elle de la s\u00e9curit\u00e9 de tous les \u00e9l\u00e8ves, et quelles mesures sont prises pour \u00e9viter que ces situations ne se reproduisent ?<\/p>\n\n<figure class=\"wp-block-table\"><table>\n<thead>\n<tr>\n<th>Types d&rsquo;attouchements<\/th>\n<th>Cons\u00e9quences potentielles<\/th>\n<\/tr>\n<\/thead>\n<tbody>\n<tr>\n<td>Toucher par un camarade<\/td>\n<td>\ud83d\udc49 Trouble \u00e9motionnel, anxi\u00e9t\u00e9<\/td>\n<\/tr>\n<tr>\n<td>Jeux d&rsquo;imitation \u00e0 connotation sexuelle<\/td>\n<td>\ud83d\udc49 Malentendus, probl\u00e8mes de confiance<\/td>\n<\/tr>\n<tr>\n<td>Silence des adultes<\/td>\n<td>\ud83d\udc49 Sentiment d&rsquo;abandon chez l&rsquo;enfant<\/td>\n<\/tr>\n<\/tbody>\n<\/table><\/figure>\n\n<h2 class=\"wp-block-heading\">Le silence d\u00e9concertant des institutions<\/h2>\n\n<p>Le silence des \u00e9coles priv\u00e9es face \u00e0 de tels incidents interroge profond\u00e9ment. La tendance \u00e0 minimiser les faits sous pr\u00e9texte que ce ne sont que des <strong> \u00ab jeux d&rsquo;enfants \u00bb<\/strong> cr\u00e9e un environnement o\u00f9 les v\u00e9ritables pr\u00e9occupations des parents sont souvent balay\u00e9es. Les t\u00e9moignages des familles sont \u00e9loquents : <strong>\u00ab L&rsquo;\u00e9cole nous a dit que ce n&rsquo;\u00e9tait pas un viol \u00bb<\/strong>, tandis que les cons\u00e9quences physiques et psychologiques des attouchements demeurent. Pourquoi cette culture du secret persiste-t-elle dans le syst\u00e8me ?<\/p>\n\n<h3 class=\"wp-block-heading\">Des m\u00e9canismes de d\u00e9fense institutionnels<\/h3>\n\n<p>Les \u00e9tablissements priv\u00e9s, pris entre leur r\u00e9putation et la protection des enfants, semblent souvent privil\u00e9gier l&rsquo;image plut\u00f4t que le bien-\u00eatre de leurs \u00e9l\u00e8ves. Cette dynamique peut cr\u00e9er un environnement toxique o\u00f9 les parents se sentent d\u00e9sarm\u00e9s. L&rsquo;un des probl\u00e8mes majeurs r\u00e9side dans le fait que les parents n&rsquo;ont pas la possibilit\u00e9 d\u2019inscrire leurs enfants dans d&rsquo;autres \u00e9tablissements suite \u00e0 ces incidents. La mobilisation des familles est essentielle, mais elle doit \u00eatre accompagn\u00e9e par une r\u00e9ponse claire et efficace des institutions concern\u00e9es.<\/p>\n\n<ul class=\"wp-block-list\"><li>\ud83d\udd12 Le secret, un m\u00e9canisme de d\u00e9fense du syst\u00e8me.<\/li><li>\ud83d\udd12 La responsabilit\u00e9 des \u00e9coles dans la gestion de ces incidents.<\/li><li>\ud83d\udd12 La n\u00e9cessit\u00e9 d\u2019une \u00e9coute active pour les enfants et les parents.<\/li><\/ul>\n\n<p>La parole de l&rsquo;enfant doit \u00eatre valoris\u00e9e et mise en avant. Des organismes doivent s\u2019impliquer pour faciliter cette communication et garantir la s\u00e9curit\u00e9 de chacun. Cela pose aussi la question de la formation des enseignants et du personnel \u00e9ducatif face \u00e0 des comportements atypiques. Comment ces derniers peuvent-ils identifier les signes d&rsquo;un comportement probl\u00e9matique chez les enfants et r\u00e9pondre ad\u00e9quatement ?<\/p>\n\n<figure class=\"wp-block-table\"><table>\n<thead>\n<tr>\n<th>Actions recommand\u00e9es pour les \u00e9tablissements<\/th>\n<th>Mise en place<\/th>\n<\/tr>\n<\/thead>\n<tbody>\n<tr>\n<td>Formation du personnel \u00e9ducatif<\/td>\n<td>\ud83d\udd27 Sensibilisation aux comportements d&rsquo;attouchements<\/td>\n<\/tr>\n<tr>\n<td>Cr\u00e9ation d&rsquo;une ligne d&rsquo;\u00e9coute<\/td>\n<td>\ud83d\udcde Soutien psychologique pour enfants et parents<\/td>\n<\/tr>\n<tr>\n<td>Engagement \u00e0 signaler les faits<\/td>\n<td>\ud83d\udcdd Respect des lois en vigueur concernant la protection des enfants<\/td>\n<\/tr>\n<\/tbody>\n<\/table><\/figure>\n\n<h2 class=\"wp-block-heading\">Les impacts psychologiques : un h\u00e9ritage tragique<\/h2>\n\n<p>Les cons\u00e9quences d&rsquo;attouchements sur de jeunes enfants ne se limitent pas \u00e0 des incidents isol\u00e9s. Ils peuvent laisser des s\u00e9quelles profondes, influen\u00e7ant leur d\u00e9veloppement \u00e9motionnel et psychologique. Les \u00e9tudes montrent que des traumatismes pr\u00e9coces peuvent causer des effets durables sur la confiance en soi et les relations interpersonnelles. Cela peut \u00e9galement mener \u00e0 des comportements d&rsquo;isolement ou d&rsquo;agression. Les enfants doivent \u00eatre \u00e9cout\u00e9s et soutenus par des professionnels qualifi\u00e9s, afin de lib\u00e9rer la parole et d\u2019aider \u00e0 la gu\u00e9rison. Il est crucial de cr\u00e9er un environnement propice \u00e0 cette communication.<\/p>\n\n<h3 class=\"wp-block-heading\">Identifier les signes de traumatisme<\/h3>\n\n<p>Chaque enfant est unique, et il est donc essentiel d\u2019apprendre \u00e0 reconna\u00eetre les signes de traumatisme. Des \u00e9valuations psychologiques r\u00e9guli\u00e8res et l&rsquo;imposition d&rsquo;un contact r\u00e9gulier avec des psychologues peuvent faire une grande diff\u00e9rence. Les parents et les enseignants doivent travailler ensemble pour rep\u00e9rer les changements de comportements, tels que :<\/p>\n\n<ul class=\"wp-block-list\"><li>\ud83d\ude22 R\u00e9gression dans des comportements ant\u00e9rieurs<\/li><li>\ud83d\ude21 Agressivit\u00e9 accrue<\/li><li>\ud83e\udd10 Retrait social et perte d&rsquo;int\u00e9r\u00eat pour les activit\u00e9s<\/li><\/ul>\n\n<p>En parall\u00e8le, il est essentiel d&rsquo;encourager les enfants \u00e0 partager leurs exp\u00e9riences et sentiments sans jugement, afin de r\u00e9duire l\u2019impact des \u00e9v\u00e9nements traumatisants. Un espace d\u2019expression o\u00f9 la confidentialit\u00e9 est respect\u00e9e doit \u00eatre instaur\u00e9 pour encourager la parole libre.<\/p>\n\n<figure class=\"wp-block-table\"><table>\n<thead>\n<tr>\n<th>Signes de traumatisme chez l&rsquo;enfant<\/th>\n<th>Actions pr\u00e9ventives<\/th>\n<\/tr>\n<\/thead>\n<tbody>\n<tr>\n<td>Comportements de repli<\/td>\n<td>\ud83c\udfe0 Cr\u00e9er un climat de confiance avec des adultes bienveillants.<\/td>\n<\/tr>\n<tr>\n<td>Changements d&rsquo;humeur<\/td>\n<td>\ud83d\udde3\ufe0f Encourager le dialogue et l&rsquo;expression des \u00e9motions.<\/td>\n<\/tr>\n<tr>\n<td>Probl\u00e8mes de sommeil<\/td>\n<td>\ud83e\uddf8 Int\u00e9grer des rituels apaisants au coucher.<\/td>\n<\/tr>\n<\/tbody>\n<\/table><\/figure>\n\n<h2 class=\"wp-block-heading\">Vers un syst\u00e8me \u00e9ducatif responsable<\/h2>\n\n<p>Les \u00e9v\u00e8nements r\u00e9cents \u00e0 l&rsquo;\u00e9cole maternelle Joseph Niel soul\u00e8vent la n\u00e9cessit\u00e9 d\u2019un r\u00e9el changement dans le <strong>syst\u00e8me \u00e9ducatif<\/strong>, notamment dans les \u00e9tablissements priv\u00e9s qui sont souvent moins soumis \u00e0 des contr\u00f4les externes. Le besoin de responsabilisation et de suivi des comportements probl\u00e9matiques est plus que jamais d\u2019actualit\u00e9. Chaque institution scolaire doit se faire le garant de la <strong>protection des enfants<\/strong>, et cela passe par des mois de travail pratique, une \u00e9coute active et la mise en place d&rsquo;un cadre \u00e9ducatif s\u00e9curisant.<\/p>\n\n<h3 class=\"wp-block-heading\">La voix des parents : un outil puissant<\/h3>\n\n<p>Les parents ont un r\u00f4le cl\u00e9 \u00e0 jouer dans cette dynamique. Leur mobilisation et leur volont\u00e9 de rendre visibles ces faits sont essentielles pour faire avancer les choses. Chaque parent peut contribuer \u00e0 cr\u00e9er un environnement \u00e9ducatif qui valorise la s\u00e9curit\u00e9 et le bien-\u00eatre des enfants. Leurs t\u00e9moignages peuvent faire entendre ce qui est n\u00e9cessaire et ce qui doit changer dans l&rsquo;action des \u00e9tablissements scolaires. De plus, il est important que les parents partagent leurs pr\u00e9occupations avec d&rsquo;autres pour cr\u00e9er une pression collective sur l&rsquo;\u00e9cole et les instances \u00e9ducatives.<\/p>\n\n<ul class=\"wp-block-list\"><li>\ud83d\udde3\ufe0f Partager des exp\u00e9riences similaires pour lib\u00e9rer la parole.<\/li><li>\ud83d\udde3\ufe0f Cr\u00e9er des groupes de soutien entre parents.<\/li><li>\ud83d\udde3\ufe0f Collaborer avec des professionnelles de l\u2019enfance pour mieux agir.<\/li><\/ul>\n\n<p>La transparence devient alors un imp\u00e9ratif pour le bon d\u00e9veloppement des enfants et leur bien-\u00eatre. Le mouvement vers un syst\u00e8me \u00e9ducatif plus responsable et conscient des enjeux n\u00e9cessite l&rsquo;engagement \u00e0 long terme de l\u2019ensemble de la communaut\u00e9 scolaire, des parents jusqu\u2019au personnel \u00e9ducatif. <\/p>\n\n<figure class=\"wp-block-table\"><table>\n<thead>\n<tr>\n<th>Imp\u00e9ratifs pour un changement \u00e9ducatif<\/th>\n<th>Crit\u00e8res de succ\u00e8s<\/th>\n<\/tr>\n<\/thead>\n<tbody>\n<tr>\n<td>Cr\u00e9ation d&rsquo;un cadre de s\u00e9curit\u00e9 \u00e9ducatif<\/td>\n<td>\u2714\ufe0f Diminution des incidents douloureux<\/td>\n<\/tr>\n<tr>\n<td>Encourager la transparence dans l\u2019\u00e9cole<\/td>\n<td>\u2714\ufe0f Am\u00e9lioration de la confiance des parents<\/td>\n<\/tr>\n<tr>\n<td>Mis en place de services psychologiques efficaces<\/td>\n<td>\u2714\ufe0f Suivi des enfants en difficult\u00e9<\/td>\n<\/tr>\n<\/tbody>\n<\/table><\/figure>\n\n<h2 class=\"wp-block-heading\">Questions fr\u00e9quentes sur le sujet des attouchements en \u00e9cole maternelle<\/h2>\n\n<ul class=\"wp-block-list\"><li><strong>Est-ce que les \u00e9tablissements priv\u00e9s sont plus \u00e0 risque ?<\/strong><br> Oui, ils sont souvent moins surveill\u00e9s par des instances publiques, ce qui peut mener \u00e0 une culture du silence.<\/li><li><strong>Comment les parents peuvent-ils d\u00e9tecter des comportements inappropri\u00e9s ?<\/strong><br> En restant attentifs aux changements de comportement chez leurs enfants et en favorisant la communication.<\/li><li><strong>Quel r\u00f4le joue l&rsquo;\u00e9cole dans la protection des enfants ?<\/strong><br> L&rsquo;\u00e9cole doit cr\u00e9er un environnement s\u00fbr et signaler imm\u00e9diatement tout probl\u00e8me aux autorit\u00e9s comp\u00e9tentes.<\/li><li><strong>Comment les enfants peuvent-ils \u00eatre aid\u00e9s apr\u00e8s de tels \u00e9v\u00e9nements ?<\/strong><br> Par un soutien psychologique adapt\u00e9 et en leur offrant un espace pour parler librement.<\/li><\/ul>\n\n<p>Les d\u00e9bats autour des attouchements en milieu scolaire ne devraient pas rester dans l&rsquo;ombre. La construction d\u2019une soci\u00e9t\u00e9 plus s\u00e9curis\u00e9e et \u00e9duqu\u00e9e r\u00e9side dans une transparence proactive et la volont\u00e9 d\u2019aborder des sujets difficiles mais cruciaux.<\/p>\n\n","protected":false},"excerpt":{"rendered":"<p>Dans un climat d&rsquo;angoisse et d&rsquo;inqui\u00e9tude, des faits r\u00e9cemment rapport\u00e9s \u00e0 l&rsquo;\u00e9cole maternelle Joseph Niel de Muret escaladent les d\u00e9bats sur la s\u00e9curit\u00e9 des enfants dans le syst\u00e8me \u00e9ducatif priv\u00e9. Des enfants \u00e2g\u00e9s de seulement 4 et 5 ans auraient \u00e9t\u00e9 victimes d&rsquo;attouchements, provoquant un \u00e9moi parmi les parents concern\u00e9s. L&rsquo;\u00e9tablissement, comme tant d&rsquo;autres, fait &#8230; <a title=\"Des secrets bien gard\u00e9s : le silence troublant des \u00e9coles priv\u00e9es face aux attouchements en maternelle\" class=\"read-more\" href=\"https:\/\/www.apres-lecole.fr\/Blog\/secrets-ecoles-privees-maternelle\/\" aria-label=\"En savoir plus sur Des secrets bien gard\u00e9s : le silence troublant des \u00e9coles priv\u00e9es face aux attouchements en maternelle\">Lire plus<\/a><\/p>\n","protected":false},"author":9,"featured_media":0,"comment_status":"open","ping_status":"open","sticky":false,"template":"","format":"standard","meta":{"footnotes":""},"categories":[342],"tags":[1041,1039,944,1038,1040],"class_list":["post-1999","post","type-post","status-publish","format-standard","hentry","category-actualites","tag-attouchements","tag-ecoles-privees","tag-maternelle","tag-secrets","tag-silence"],"yoast_head":"<!-- This site is optimized with the Yoast SEO plugin v27.5 - https:\/\/yoast.com\/product\/yoast-seo-wordpress\/ -->\n<title>Silence troublant : les \u00e9coles priv\u00e9es et les attouchements en maternelle<\/title>\n<meta name=\"description\" content=\"Enqu\u00eate sur l&#039;omerta des \u00e9coles priv\u00e9es : pourquoi le silence persiste-t-il face aux attouchements en maternelle ? D\u00e9couvrez les dessous.\" \/>\n<meta name=\"robots\" content=\"index, follow, max-snippet:-1, max-image-preview:large, max-video-preview:-1\" \/>\n<link rel=\"canonical\" href=\"https:\/\/www.apres-lecole.fr\/Blog\/secrets-ecoles-privees-maternelle\/\" \/>\n<meta property=\"og:locale\" content=\"fr_FR\" \/>\n<meta property=\"og:type\" content=\"article\" \/>\n<meta property=\"og:title\" content=\"Silence troublant : les \u00e9coles priv\u00e9es et les attouchements en maternelle\" \/>\n<meta property=\"og:description\" content=\"Enqu\u00eate sur l&#039;omerta des \u00e9coles priv\u00e9es : pourquoi le silence persiste-t-il face aux attouchements en maternelle ? D\u00e9couvrez les dessous.\" \/>\n<meta property=\"og:url\" content=\"https:\/\/www.apres-lecole.fr\/Blog\/secrets-ecoles-privees-maternelle\/\" \/>\n<meta property=\"article:published_time\" content=\"2025-06-07T21:09:54+00:00\" \/>\n<meta name=\"author\" content=\"Eva Martin\" \/>\n<meta name=\"twitter:card\" content=\"summary_large_image\" \/>\n<meta name=\"twitter:creator\" content=\"@Evaapresecole\" \/>\n<meta name=\"twitter:label1\" content=\"\u00c9crit par\" \/>\n\t<meta name=\"twitter:data1\" content=\"Eva Martin\" \/>\n\t<meta name=\"twitter:label2\" content=\"Dur\u00e9e de lecture estim\u00e9e\" \/>\n\t<meta name=\"twitter:data2\" content=\"8 minutes\" \/>\n<script type=\"application\/ld+json\" class=\"yoast-schema-graph\">{\"@context\":\"https:\\\/\\\/schema.org\",\"@graph\":[{\"@type\":\"Article\",\"@id\":\"https:\\\/\\\/www.apres-lecole.fr\\\/Blog\\\/secrets-ecoles-privees-maternelle\\\/#article\",\"isPartOf\":{\"@id\":\"https:\\\/\\\/www.apres-lecole.fr\\\/Blog\\\/secrets-ecoles-privees-maternelle\\\/\"},\"author\":{\"name\":\"Eva Martin\",\"@id\":\"https:\\\/\\\/www.apres-lecole.fr\\\/Blog\\\/#\\\/schema\\\/person\\\/aeb50cd4b51fc69da155804bb5bb9fc4\"},\"headline\":\"Des secrets bien gard\u00e9s : le silence troublant des \u00e9coles priv\u00e9es face aux attouchements en maternelle\",\"datePublished\":\"2025-06-07T21:09:54+00:00\",\"mainEntityOfPage\":{\"@id\":\"https:\\\/\\\/www.apres-lecole.fr\\\/Blog\\\/secrets-ecoles-privees-maternelle\\\/\"},\"wordCount\":1671,\"commentCount\":0,\"keywords\":[\"attouchements\",\"\u00e9coles priv\u00e9es\",\"maternelle\",\"secrets\",\"silence\"],\"articleSection\":[\"Actualit\u00e9s\"],\"inLanguage\":\"fr-FR\",\"potentialAction\":[{\"@type\":\"CommentAction\",\"name\":\"Comment\",\"target\":[\"https:\\\/\\\/www.apres-lecole.fr\\\/Blog\\\/secrets-ecoles-privees-maternelle\\\/#respond\"]}]},{\"@type\":\"WebPage\",\"@id\":\"https:\\\/\\\/www.apres-lecole.fr\\\/Blog\\\/secrets-ecoles-privees-maternelle\\\/\",\"url\":\"https:\\\/\\\/www.apres-lecole.fr\\\/Blog\\\/secrets-ecoles-privees-maternelle\\\/\",\"name\":\"Silence troublant : les \u00e9coles priv\u00e9es et les attouchements en maternelle\",\"isPartOf\":{\"@id\":\"https:\\\/\\\/www.apres-lecole.fr\\\/Blog\\\/#website\"},\"datePublished\":\"2025-06-07T21:09:54+00:00\",\"author\":{\"@id\":\"https:\\\/\\\/www.apres-lecole.fr\\\/Blog\\\/#\\\/schema\\\/person\\\/aeb50cd4b51fc69da155804bb5bb9fc4\"},\"description\":\"Enqu\u00eate sur l'omerta des \u00e9coles priv\u00e9es : pourquoi le silence persiste-t-il face aux attouchements en maternelle ? D\u00e9couvrez les dessous.\",\"breadcrumb\":{\"@id\":\"https:\\\/\\\/www.apres-lecole.fr\\\/Blog\\\/secrets-ecoles-privees-maternelle\\\/#breadcrumb\"},\"inLanguage\":\"fr-FR\",\"potentialAction\":[{\"@type\":\"ReadAction\",\"target\":[\"https:\\\/\\\/www.apres-lecole.fr\\\/Blog\\\/secrets-ecoles-privees-maternelle\\\/\"]}]},{\"@type\":\"BreadcrumbList\",\"@id\":\"https:\\\/\\\/www.apres-lecole.fr\\\/Blog\\\/secrets-ecoles-privees-maternelle\\\/#breadcrumb\",\"itemListElement\":[{\"@type\":\"ListItem\",\"position\":1,\"name\":\"Home\",\"item\":\"https:\\\/\\\/www.apres-lecole.fr\\\/Blog\\\/\"},{\"@type\":\"ListItem\",\"position\":2,\"name\":\"Des secrets bien gard\u00e9s : le silence troublant des \u00e9coles priv\u00e9es face aux attouchements en maternelle\"}]},{\"@type\":\"WebSite\",\"@id\":\"https:\\\/\\\/www.apres-lecole.fr\\\/Blog\\\/#website\",\"url\":\"https:\\\/\\\/www.apres-lecole.fr\\\/Blog\\\/\",\"name\":\"\",\"description\":\"M\u00e9dia g\u00e9n\u00e9raliste\",\"potentialAction\":[{\"@type\":\"SearchAction\",\"target\":{\"@type\":\"EntryPoint\",\"urlTemplate\":\"https:\\\/\\\/www.apres-lecole.fr\\\/Blog\\\/?s={search_term_string}\"},\"query-input\":{\"@type\":\"PropertyValueSpecification\",\"valueRequired\":true,\"valueName\":\"search_term_string\"}}],\"inLanguage\":\"fr-FR\"},{\"@type\":\"Person\",\"@id\":\"https:\\\/\\\/www.apres-lecole.fr\\\/Blog\\\/#\\\/schema\\\/person\\\/aeb50cd4b51fc69da155804bb5bb9fc4\",\"name\":\"Eva Martin\",\"image\":{\"@type\":\"ImageObject\",\"inLanguage\":\"fr-FR\",\"@id\":\"https:\\\/\\\/secure.gravatar.com\\\/avatar\\\/55c53222558b27a72015a64073a80edce4abd33369394b9bf2c5cd6c19d12682?s=96&d=mm&r=g\",\"url\":\"https:\\\/\\\/secure.gravatar.com\\\/avatar\\\/55c53222558b27a72015a64073a80edce4abd33369394b9bf2c5cd6c19d12682?s=96&d=mm&r=g\",\"contentUrl\":\"https:\\\/\\\/secure.gravatar.com\\\/avatar\\\/55c53222558b27a72015a64073a80edce4abd33369394b9bf2c5cd6c19d12682?s=96&d=mm&r=g\",\"caption\":\"Eva Martin\"},\"description\":\"Je parle de business et d'entrepreneuriat avec des conseils clairs, concrets et actionnables pour r\u00e9ussir\",\"sameAs\":[\"https:\\\/\\\/x.com\\\/Evaapresecole\"],\"url\":\"https:\\\/\\\/www.apres-lecole.fr\\\/Blog\\\/author\\\/evamartin\\\/\"}]}<\/script>\n<!-- \/ Yoast SEO plugin. -->","yoast_head_json":{"title":"Silence troublant : les \u00e9coles priv\u00e9es et les attouchements en maternelle","description":"Enqu\u00eate sur l'omerta des \u00e9coles priv\u00e9es : pourquoi le silence persiste-t-il face aux attouchements en maternelle ? D\u00e9couvrez les dessous.","robots":{"index":"index","follow":"follow","max-snippet":"max-snippet:-1","max-image-preview":"max-image-preview:large","max-video-preview":"max-video-preview:-1"},"canonical":"https:\/\/www.apres-lecole.fr\/Blog\/secrets-ecoles-privees-maternelle\/","og_locale":"fr_FR","og_type":"article","og_title":"Silence troublant : les \u00e9coles priv\u00e9es et les attouchements en maternelle","og_description":"Enqu\u00eate sur l'omerta des \u00e9coles priv\u00e9es : pourquoi le silence persiste-t-il face aux attouchements en maternelle ? D\u00e9couvrez les dessous.","og_url":"https:\/\/www.apres-lecole.fr\/Blog\/secrets-ecoles-privees-maternelle\/","article_published_time":"2025-06-07T21:09:54+00:00","author":"Eva Martin","twitter_card":"summary_large_image","twitter_creator":"@Evaapresecole","twitter_misc":{"\u00c9crit par":"Eva Martin","Dur\u00e9e de lecture estim\u00e9e":"8 minutes"},"schema":{"@context":"https:\/\/schema.org","@graph":[{"@type":"Article","@id":"https:\/\/www.apres-lecole.fr\/Blog\/secrets-ecoles-privees-maternelle\/#article","isPartOf":{"@id":"https:\/\/www.apres-lecole.fr\/Blog\/secrets-ecoles-privees-maternelle\/"},"author":{"name":"Eva Martin","@id":"https:\/\/www.apres-lecole.fr\/Blog\/#\/schema\/person\/aeb50cd4b51fc69da155804bb5bb9fc4"},"headline":"Des secrets bien gard\u00e9s : le silence troublant des \u00e9coles priv\u00e9es face aux attouchements en maternelle","datePublished":"2025-06-07T21:09:54+00:00","mainEntityOfPage":{"@id":"https:\/\/www.apres-lecole.fr\/Blog\/secrets-ecoles-privees-maternelle\/"},"wordCount":1671,"commentCount":0,"keywords":["attouchements","\u00e9coles priv\u00e9es","maternelle","secrets","silence"],"articleSection":["Actualit\u00e9s"],"inLanguage":"fr-FR","potentialAction":[{"@type":"CommentAction","name":"Comment","target":["https:\/\/www.apres-lecole.fr\/Blog\/secrets-ecoles-privees-maternelle\/#respond"]}]},{"@type":"WebPage","@id":"https:\/\/www.apres-lecole.fr\/Blog\/secrets-ecoles-privees-maternelle\/","url":"https:\/\/www.apres-lecole.fr\/Blog\/secrets-ecoles-privees-maternelle\/","name":"Silence troublant : les \u00e9coles priv\u00e9es et les attouchements en maternelle","isPartOf":{"@id":"https:\/\/www.apres-lecole.fr\/Blog\/#website"},"datePublished":"2025-06-07T21:09:54+00:00","author":{"@id":"https:\/\/www.apres-lecole.fr\/Blog\/#\/schema\/person\/aeb50cd4b51fc69da155804bb5bb9fc4"},"description":"Enqu\u00eate sur l'omerta des \u00e9coles priv\u00e9es : pourquoi le silence persiste-t-il face aux attouchements en maternelle ? D\u00e9couvrez les dessous.","breadcrumb":{"@id":"https:\/\/www.apres-lecole.fr\/Blog\/secrets-ecoles-privees-maternelle\/#breadcrumb"},"inLanguage":"fr-FR","potentialAction":[{"@type":"ReadAction","target":["https:\/\/www.apres-lecole.fr\/Blog\/secrets-ecoles-privees-maternelle\/"]}]},{"@type":"BreadcrumbList","@id":"https:\/\/www.apres-lecole.fr\/Blog\/secrets-ecoles-privees-maternelle\/#breadcrumb","itemListElement":[{"@type":"ListItem","position":1,"name":"Home","item":"https:\/\/www.apres-lecole.fr\/Blog\/"},{"@type":"ListItem","position":2,"name":"Des secrets bien gard\u00e9s : le silence troublant des \u00e9coles priv\u00e9es face aux attouchements en maternelle"}]},{"@type":"WebSite","@id":"https:\/\/www.apres-lecole.fr\/Blog\/#website","url":"https:\/\/www.apres-lecole.fr\/Blog\/","name":"","description":"M\u00e9dia g\u00e9n\u00e9raliste","potentialAction":[{"@type":"SearchAction","target":{"@type":"EntryPoint","urlTemplate":"https:\/\/www.apres-lecole.fr\/Blog\/?s={search_term_string}"},"query-input":{"@type":"PropertyValueSpecification","valueRequired":true,"valueName":"search_term_string"}}],"inLanguage":"fr-FR"},{"@type":"Person","@id":"https:\/\/www.apres-lecole.fr\/Blog\/#\/schema\/person\/aeb50cd4b51fc69da155804bb5bb9fc4","name":"Eva Martin","image":{"@type":"ImageObject","inLanguage":"fr-FR","@id":"https:\/\/secure.gravatar.com\/avatar\/55c53222558b27a72015a64073a80edce4abd33369394b9bf2c5cd6c19d12682?s=96&d=mm&r=g","url":"https:\/\/secure.gravatar.com\/avatar\/55c53222558b27a72015a64073a80edce4abd33369394b9bf2c5cd6c19d12682?s=96&d=mm&r=g","contentUrl":"https:\/\/secure.gravatar.com\/avatar\/55c53222558b27a72015a64073a80edce4abd33369394b9bf2c5cd6c19d12682?s=96&d=mm&r=g","caption":"Eva Martin"},"description":"Je parle de business et d'entrepreneuriat avec des conseils clairs, concrets et actionnables pour r\u00e9ussir","sameAs":["https:\/\/x.com\/Evaapresecole"],"url":"https:\/\/www.apres-lecole.fr\/Blog\/author\/evamartin\/"}]}},"views":11,"_links":{"self":[{"href":"https:\/\/www.apres-lecole.fr\/Blog\/wp-json\/wp\/v2\/posts\/1999","targetHints":{"allow":["GET"]}}],"collection":[{"href":"https:\/\/www.apres-lecole.fr\/Blog\/wp-json\/wp\/v2\/posts"}],"about":[{"href":"https:\/\/www.apres-lecole.fr\/Blog\/wp-json\/wp\/v2\/types\/post"}],"author":[{"embeddable":true,"href":"https:\/\/www.apres-lecole.fr\/Blog\/wp-json\/wp\/v2\/users\/9"}],"replies":[{"embeddable":true,"href":"https:\/\/www.apres-lecole.fr\/Blog\/wp-json\/wp\/v2\/comments?post=1999"}],"version-history":[{"count":0,"href":"https:\/\/www.apres-lecole.fr\/Blog\/wp-json\/wp\/v2\/posts\/1999\/revisions"}],"wp:attachment":[{"href":"https:\/\/www.apres-lecole.fr\/Blog\/wp-json\/wp\/v2\/media?parent=1999"}],"wp:term":[{"taxonomy":"category","embeddable":true,"href":"https:\/\/www.apres-lecole.fr\/Blog\/wp-json\/wp\/v2\/categories?post=1999"},{"taxonomy":"post_tag","embeddable":true,"href":"https:\/\/www.apres-lecole.fr\/Blog\/wp-json\/wp\/v2\/tags?post=1999"}],"curies":[{"name":"wp","href":"https:\/\/api.w.org\/{rel}","templated":true}]}}