{"id":1996,"date":"2025-06-06T07:10:29","date_gmt":"2025-06-06T07:10:29","guid":{"rendered":"https:\/\/www.apres-lecole.fr\/Blog\/ronchin-kermesse-camp-gens-voyage\/"},"modified":"2025-06-06T07:10:29","modified_gmt":"2025-06-06T07:10:29","slug":"ronchin-kermesse-camp-gens-voyage","status":"publish","type":"post","link":"https:\/\/www.apres-lecole.fr\/Blog\/ronchin-kermesse-camp-gens-voyage\/","title":{"rendered":"Ronchin : un \u00e9tablissement scolaire repousse sa kermesse en raison de l&rsquo;accueil temporaire d&rsquo;un camp de gens du voyage"},"content":{"rendered":"\n\n<div class=\"kk-star-ratings kksr-auto kksr-align-left kksr-valign-top\"\n    data-payload='{&quot;align&quot;:&quot;left&quot;,&quot;id&quot;:&quot;1996&quot;,&quot;slug&quot;:&quot;default&quot;,&quot;valign&quot;:&quot;top&quot;,&quot;ignore&quot;:&quot;&quot;,&quot;reference&quot;:&quot;auto&quot;,&quot;class&quot;:&quot;&quot;,&quot;count&quot;:&quot;0&quot;,&quot;legendonly&quot;:&quot;&quot;,&quot;readonly&quot;:&quot;&quot;,&quot;score&quot;:&quot;0&quot;,&quot;starsonly&quot;:&quot;&quot;,&quot;best&quot;:&quot;5&quot;,&quot;gap&quot;:&quot;5&quot;,&quot;greet&quot;:&quot;Rate this post&quot;,&quot;legend&quot;:&quot;0\\\/5 - (0 vote)&quot;,&quot;size&quot;:&quot;24&quot;,&quot;title&quot;:&quot;Ronchin : un \u00e9tablissement scolaire repousse sa kermesse en raison de l\\u0026#039;accueil temporaire d\\u0026#039;un camp de gens du voyage&quot;,&quot;width&quot;:&quot;0&quot;,&quot;_legend&quot;:&quot;{score}\\\/{best} - ({count} {votes})&quot;,&quot;font_factor&quot;:&quot;1.25&quot;}'>\n            \n<div class=\"kksr-stars\">\n    \n<div class=\"kksr-stars-inactive\">\n            <div class=\"kksr-star\" data-star=\"1\" style=\"padding-right: 5px\">\n            \n\n<div class=\"kksr-icon\" style=\"width: 24px; height: 24px;\"><\/div>\n        <\/div>\n            <div class=\"kksr-star\" data-star=\"2\" style=\"padding-right: 5px\">\n            \n\n<div class=\"kksr-icon\" style=\"width: 24px; height: 24px;\"><\/div>\n        <\/div>\n            <div class=\"kksr-star\" data-star=\"3\" style=\"padding-right: 5px\">\n            \n\n<div class=\"kksr-icon\" style=\"width: 24px; height: 24px;\"><\/div>\n        <\/div>\n            <div class=\"kksr-star\" data-star=\"4\" style=\"padding-right: 5px\">\n            \n\n<div class=\"kksr-icon\" style=\"width: 24px; height: 24px;\"><\/div>\n        <\/div>\n            <div class=\"kksr-star\" data-star=\"5\" style=\"padding-right: 5px\">\n            \n\n<div class=\"kksr-icon\" style=\"width: 24px; height: 24px;\"><\/div>\n        <\/div>\n    <\/div>\n    \n<div class=\"kksr-stars-active\" style=\"width: 0px;\">\n            <div class=\"kksr-star\" style=\"padding-right: 5px\">\n            \n\n<div class=\"kksr-icon\" style=\"width: 24px; height: 24px;\"><\/div>\n        <\/div>\n            <div class=\"kksr-star\" style=\"padding-right: 5px\">\n            \n\n<div class=\"kksr-icon\" style=\"width: 24px; height: 24px;\"><\/div>\n        <\/div>\n            <div class=\"kksr-star\" style=\"padding-right: 5px\">\n            \n\n<div class=\"kksr-icon\" style=\"width: 24px; height: 24px;\"><\/div>\n        <\/div>\n            <div class=\"kksr-star\" style=\"padding-right: 5px\">\n            \n\n<div class=\"kksr-icon\" style=\"width: 24px; height: 24px;\"><\/div>\n        <\/div>\n            <div class=\"kksr-star\" style=\"padding-right: 5px\">\n            \n\n<div class=\"kksr-icon\" style=\"width: 24px; height: 24px;\"><\/div>\n        <\/div>\n    <\/div>\n<\/div>\n                \n\n<div class=\"kksr-legend\" style=\"font-size: 19.2px;\">\n            <span class=\"kksr-muted\">Rate this post<\/span>\n    <\/div>\n    <\/div>\n<p>La situation \u00e0 Ronchin, une commune du Nord, a pris une tournure inattendue lorsqu&rsquo;un camp de gens du voyage s&rsquo;est install\u00e9 \u00e0 seulement dix m\u00e8tres de l&rsquo;\u00e9cole maternelle George-Sand. Cet \u00e9v\u00e9nement a conduit \u00e0 la d\u00e9cision de reporter la kermesse de fin d&rsquo;ann\u00e9e, une tradition incontournable pour les \u00e9coliers et leurs familles. La f\u00eate, pr\u00e9vue pour le 7 juin, avait pour objectif de rassembler la communaut\u00e9 autour d\u2019activit\u00e9s scolaires, de loisirs en famille et d\u2019\u00e9v\u00e9nements communautaires. Cependant, la s\u00e9curit\u00e9 des enfants \u00e9tant prioritaire, la direction de l&rsquo;\u00e9cole a pris la d\u00e9cision difficile de repousser cet \u00e9v\u00e9nement festif. Les parents, les enseignants, et m\u00eame la municipalit\u00e9 expriment leurs pr\u00e9occupations face \u00e0 cette cohabitation d\u00e9licate qui soul\u00e8ve de nombreuses questions sur la solidarit\u00e9 et l&rsquo;int\u00e9gration.<\/p>\n\n<h2 class=\"wp-block-heading\">Contexte de la situation \u00e0 Ronchin<\/h2>\n\n<p>Ronchin n&rsquo;est pas \u00e9tranger aux tensions li\u00e9es aux installations de campements ill\u00e9gaux. L\u2019arriv\u00e9e du camp des gens du voyage a provoqu\u00e9 des inqui\u00e9tudes parmi les parents d&rsquo;\u00e9l\u00e8ves. Ceux-ci craignent pour la s\u00e9curit\u00e9 de leurs enfants et se posent des questions sur l\u2019impact que cela pourrait avoir sur le bon d\u00e9roulement des <strong>activit\u00e9s scolaires<\/strong>. Dans ce contexte particulier, la <strong>kermesse de Ronchin<\/strong> est devenue un sujet de controverse. Elle repr\u00e9sente bien plus qu&rsquo;un simple \u00e9v\u00e9nement annuel, elle est l&rsquo;occasion pour les enfants de pr\u00e9senter leurs talents sur sc\u00e8ne, de partager des moments conviviaux avec leurs parents, et de renforcer les liens communautaires.<\/p>\n\n<h3 class=\"wp-block-heading\">Les pr\u00e9occupations des parents et du personnel \u00e9ducatif<\/h3>\n\n<p>La directrice de l\u2019\u00e9cole maternelle George-Sand, Caroline Herenguel, a d\u00fb faire face \u00e0 une pression croissante pour garantir la s\u00e9curit\u00e9 des enfants. Elle a exprim\u00e9 des pr\u00e9occupations s\u00e9rieuses quant \u00e0 l\u2019acc\u00e8s libre qui aurait lieu lors de la kermesse, si celle-ci \u00e9tait maintenue. \u00ab\u00a0Les portes de l\u2019\u00e9cole auraient \u00e9t\u00e9 ouvertes, permettant un acc\u00e8s facile\u00a0\u00bb, a-t-elle d\u00e9clar\u00e9. De plus, des parents ont fait \u00e9tat de situations o\u00f9 des membres de la communaut\u00e9 du camp ont d\u00e9j\u00e0 commenc\u00e9 \u00e0 se servir en eau et en \u00e9lectricit\u00e9 depuis les installations de l\u2019\u00e9cole.<\/p>\n\n<ul class=\"wp-block-list\"><li>\ud83d\udd12 <strong>S\u00e9curit\u00e9 des enfants :<\/strong> Les parents craignent des comportements impr\u00e9visibles.<\/li><li>\u26a1 <strong>Acc\u00e8s aux ressources :<\/strong> Utilisation non autoris\u00e9e de l&rsquo;eau et de l&rsquo;\u00e9lectricit\u00e9.<\/li><li>\ud83d\uded1 <strong>Contr\u00f4le de la situation :<\/strong> R\u00e9actions des autorit\u00e9s locales et de la police.<\/li><\/ul>\n\n<p>Les parents sont partag\u00e9s entre un d\u00e9sir d&rsquo;accueillir des \u00e9v\u00e9nements tels que la kermesse et une inqui\u00e9tude croissante concernant la cohabitation avec le camp. Par exemple, un p\u00e8re d\u2019\u00e9l\u00e8ve a partag\u00e9 : \u00ab\u00a0Pour moi, ils sont dangereux pour les petits\u00a0\u00bb. Ces t\u00e9moignages mettent en lumi\u00e8re une fracture dans la perception de l&rsquo;accueil des gens du voyage par la communaut\u00e9 scolaire. Pendant ce temps, la mairie a d\u00fb agir, se rapprochant des services de l&rsquo;\u00c9tat pour garantir la s\u00e9curit\u00e9 de tous.<\/p>\n\n<figure class=\"wp-block-table\"><table>\n<thead>\n<tr>\n<th>\n<\/th>\n<th>\n<\/th>\n<\/tr>\n<\/thead>\n<tbody>\n<tr>\n<td>\ud83d\udd0d Surveillance polici\u00e8re<\/td>\n<td>Augmentation de la pr\u00e9sence polici\u00e8re autour de l&rsquo;\u00e9cole pour rassurer les parents.<\/td>\n<\/tr>\n<tr>\n<td>\ud83c\udf10 Communication<\/td>\n<td>Annonce rapide de la mairie pour informer les parents sur les mesures prises.<\/td>\n<\/tr>\n<tr>\n<td>\ud83d\udcc9 Impact sur la kermesse<\/td>\n<td>Report de l&rsquo;\u00e9v\u00e9nement, laissant les enfants et les familles dans l&rsquo;incertitude.<\/td>\n<\/tr>\n<\/tbody>\n<\/table><\/figure>\n\n<h2 class=\"wp-block-heading\">La r\u00e9ponse de la collectivit\u00e9 locale et des associations caritatives<\/h2>\n\n<p>Face \u00e0 cette situation tendue, la collectivit\u00e9 locale joue un r\u00f4le central. En effet, la mairie de Ronchin a pris des mesures proactives pour tenter d&rsquo;apaiser les tensions, tout en assurant la s\u00e9curit\u00e9 des enfants. Elle a ainsi adress\u00e9 un message aux parents, r\u00e9affirmant son engagement \u00e0 traiter la situation. Le rapport avec les <strong>associations caritatives<\/strong> de la r\u00e9gion est \u00e9galement soulign\u00e9. Ces acteurs locaux ont souvent pour mission d&rsquo;apporter soutien et aide aux familles dans le besoin, ind\u00e9pendamment de leur origine.<\/p>\n\n<h3 class=\"wp-block-heading\">Collaboration entre mairie et associations<\/h3>\n\n<p>La n\u00e9cessit\u00e9 de travailler main dans la main est d&rsquo;autant plus manifeste dans ce contexte. La solidarit\u00e9 entre diff\u00e9rentes communaut\u00e9s est essentielle pour r\u00e9tablir une paix sociale. Un parent a signal\u00e9 qu&rsquo;il esp\u00e9rait que tout s&rsquo;arrangerait : \u00ab\u00a0Maintenant on attend et on esp\u00e8re que \u00e7a va s&rsquo;arranger avant la f\u00eate de l&rsquo;\u00e9cole.\u00a0\u00bb Cette phrase r\u00e9sume bien l\u2019angoisse sourde qui r\u00e8gne, mais aussi l\u2019espoir d\u2019un retour \u00e0 la normale. Les associations locales pourraient \u00e9galement jouer un r\u00f4le dans l\u2019organisation d\u2019\u00e9v\u00e9nements qui favorisent l\u2019inclusion et la compr\u00e9hension mutuelle.<\/p>\n\n<ul class=\"wp-block-list\"><li>\ud83e\udd1d <strong>Partenariats:<\/strong> Les associations, partenaires dans l&rsquo;\u00e9ducation.<\/li><li>\ud83c\udf08 <strong>\u00c9v\u00e9nements d&rsquo;int\u00e9gration:<\/strong> Activit\u00e9s visant \u00e0 rassembler les populations diverses de Ronchin.<\/li><li>\ud83d\udd14 <strong>Sensibilisation:<\/strong> Campagnes d&rsquo;information sur les gens du voyage.<\/li><\/ul>\n\n<p>Plusieurs id\u00e9es \u00e9mergent pour cr\u00e9er un climat serein. Des activit\u00e9s, comme des journ\u00e9es d&rsquo;\u00e9changes culturels, pourraient \u00eatre organis\u00e9es. Cela permettrait aux diff\u00e9rents groupes de la communaut\u00e9 de se rencontrer, de discuter et de construire ensemble une soci\u00e9t\u00e9 harmonieuse.<\/p>\n\n<figure class=\"wp-block-table\"><table>\n<thead>\n<tr>\n<th>\n<\/th>\n<th>\n<\/th>\n<\/tr>\n<\/thead>\n<tbody>\n<tr>\n<td>\ud83c\udfad Activit\u00e9s culturelles<\/td>\n<td>Favoriser la compr\u00e9hension entre communaut\u00e9s.<\/td>\n<\/tr>\n<tr>\n<td>\u26bd Tournois sportifs<\/td>\n<td>Renforcer les liens sociaux entre enfants et parents.<\/td>\n<\/tr>\n<tr>\n<td>\ud83d\udcac Ateliers de dialogue<\/td>\n<td>Apprendre \u00e0 cohabiter et \u00e0 se conna\u00eetre.<\/td>\n<\/tr>\n<\/tbody>\n<\/table><\/figure>\n\n<h2 class=\"wp-block-heading\">Les implications \u00e0 long terme sur l&rsquo;\u00e9ducation et la communaut\u00e9<\/h2>\n\n<p>Ce genre de situation ne fait pas que remettre en question un \u00e9v\u00e9nement comme la kermesse, il soul\u00e8ve des interrogations sur l&rsquo;avenir de l\u2019\u00e9ducation \u00e0 Ronchin. Le r\u00f4le de l&rsquo;\u00e9cole ne se limite pas \u00e0 des enseignements acad\u00e9miques, mais comprend aussi le d\u00e9veloppement social et \u00e9motionnel des enfants. Les \u00e9coles doivent \u00eatre un lieu s\u00fbr, inclusif et accueillant pour tous. Si des \u00e9v\u00e9nements perturbateurs se produisent dans l&rsquo;entourage imm\u00e9diat, cela peut affecter le climat scolaire et, par cons\u00e9quent, l&rsquo;apprentissage des \u00e9l\u00e8ves.<\/p>\n\n<h3 class=\"wp-block-heading\">Le r\u00f4le des \u00e9ducateurs dans cette crise<\/h3>\n\n<p>Les enseignants et le personnel \u00e9ducatif se retrouvent souvent au c\u0153ur de ces incidents. Leur responsabilit\u00e9 est bien plus large que le simple enseignement. Ils doivent \u00e9galement garantir un environnement propice \u00e0 l&rsquo;apprentissage. Plusieurs interventions ont lieu pour pr\u00e9parer les enfants \u00e0 de telles situations, leur inculquant des valeurs de tol\u00e9rance et de respect. Les workshops autour des diff\u00e9rences culturelles peuvent \u00e9galement offrir un cadre \u00e9ducatif riche.<\/p>\n\n<ul class=\"wp-block-list\"><li>\ud83d\udcda <strong>Interventions en classe :<\/strong> Discuter des questions sociales et culturelles.<\/li><li>\ud83c\udfeb <strong>Formation pour les enseignants :<\/strong> Sensibilisation \u00e0 la diversit\u00e9.<\/li><li>\ud83d\udc68\u200d\ud83d\udc69\u200d\ud83d\udc67 Activit\u00e9s d&rsquo;int\u00e9gration : Ev\u00e9nements scolaires qui accueillent toutes les familles.<\/li><\/ul>\n\n<p>Les enseignants doivent adopter des strat\u00e9gies qui favorisent une bonne ambiance scolaire. Cela peut se traduire par des s\u00e9ances d&rsquo;\u00e9coute, de la m\u00e9diation, ou encore des projets collaboratifs visant \u00e0 attirer l&rsquo;attention sur la <strong>solidarit\u00e9<\/strong> et le respect mutuel.<\/p>\n\n<figure class=\"wp-block-table\"><table>\n<thead>\n<tr>\n<th>\n<\/th>\n<th>\n<\/th>\n<\/tr>\n<\/thead>\n<tbody>\n<tr>\n<td>\ud83d\udc69\u200d\ud83c\udfeb \u00c9ducation<\/td>\n<td>Projets \u00e9ducatifs autour de la tol\u00e9rance.<\/td>\n<\/tr>\n<tr>\n<td>\ud83c\udfe0 Vie de communaut\u00e9<\/td>\n<td>Encourager l&rsquo;entraide et le soutien entre familles.<\/td>\n<\/tr>\n<tr>\n<td>\u2696\ufe0f Justice sociale<\/td>\n<td>Sensibilisation aux droits des gens du voyage.<\/td>\n<\/tr>\n<\/tbody>\n<\/table><\/figure>\n\n<h2 class=\"wp-block-heading\">Vers une sortie de crise et une nouvelle normalit\u00e9<\/h2>\n\n<p>Le report de la kermesse \u00e0 la fin de juin laisse pr\u00e9sager un espoir de r\u00e9solution. Mais cela revient \u00e0 se demander si une v\u00e9ritable cohabitation est possible et souhaitable. Les tensions peuvent-elles se dissiper rapidement ? La route reste sem\u00e9e d&#8217;emb\u00fbches. Cependant, au travers de cette situation, on assiste \u00e0 une r\u00e9elle prise de conscience de la collectivit\u00e9, un mouvement vers la <strong>solidarit\u00e9<\/strong> et l\u2019entraide. Les \u00e9v\u00e9nements comme la kermesse ne doivent pas devenir une simple victime de la crise ; ils doivent au contraire servir d&rsquo;opportunit\u00e9 pour renforcer les fondements de la communaut\u00e9.<\/p>\n\n<h3 class=\"wp-block-heading\">Comment construire un avenir meilleur ensemble<\/h3>\n\n<p>Les d\u00e9fis de la cohabitation exigent une action collective. Les <strong>associations caritatives<\/strong>, les parents, les enseignants et la municipalit\u00e9 doivent unifier leurs efforts. Chaque acteur a un r\u00f4le \u00e0 jouer pour tisser un r\u00e9seau de soutien autour des enfants et des familles. Des initiatives pourraient \u00eatre lanc\u00e9es pour favoriser le dialogue et la rencontre, comme des ateliers, des conf\u00e9rences et des sorties comblant le besoin d\u2019\u00e9changes culturels.<\/p>\n\n<ul class=\"wp-block-list\"><li>\ud83c\udf1f <strong>\u00c9v\u00e9nements<\/strong> : Cr\u00e9er des occasions d\u2019engagement communautaire.<\/li><li>\ud83d\udc6d <strong>Rencontres<\/strong> : Faciliter la rencontre entreparents et \u00e9ducateurs.<\/li><li>\ud83d\udca1 <strong>Id\u00e9es innovantes<\/strong> : Encourager les enfants \u00e0 \u00eatre des ambassadeurs de la paix.<\/li><\/ul>\n\n<p>Avant tout, il est essentiel de garder un esprit ouvert. La <strong>solidarit\u00e9<\/strong> et la communication constituent les piliers d\u2019un avenir o\u00f9 chaque enfant peut s&rsquo;\u00e9panouir, peu importe son origine ou son contexte. Les \u00e9coles doivent devenir des espaces o\u00f9 la diversit\u00e9 est c\u00e9l\u00e9br\u00e9e et o\u00f9 chaque enfant se sent accueilli.<\/p>\n\n<h2 class=\"wp-block-heading\">FAQ<\/h2>\n\n<h3 class=\"wp-block-heading\">Pourquoi la kermesse de l&rsquo;\u00e9cole de Ronchin a-t-elle \u00e9t\u00e9 report\u00e9e ?<\/h3>\n\n<p>La kermesse a \u00e9t\u00e9 report\u00e9e en raison de l&rsquo;installation d&rsquo;un camp de gens du voyage \u00e0 proximit\u00e9 de l&rsquo;\u00e9cole, soulevant des pr\u00e9occupations en mati\u00e8re de s\u00e9curit\u00e9 pour les enfants.<\/p>\n\n<h3 class=\"wp-block-heading\">Quelles mesures la mairie de Ronchin a-t-elle prises concernant la situation ?<\/h3>\n\n<p>La mairie a fait appel aux autorit\u00e9s comp\u00e9tentes et a communiqu\u00e9 avec les parents pour les tenir inform\u00e9s des d\u00e9marches en cours.<\/p>\n\n<h3 class=\"wp-block-heading\">Comment les parents per\u00e7oivent-ils la pr\u00e9sence du camp de gens du voyage ?<\/h3>\n\n<p>Beaucoup de parents expriment des craintes pour la s\u00e9curit\u00e9 de leurs enfants et appellent \u00e0 des mesures de protection ad\u00e9quates.<\/p>\n\n<h3 class=\"wp-block-heading\">Quelles solutions sont envisag\u00e9es pour assurer une bonne cohabitation ?<\/h3>\n\n<p>Des \u00e9v\u00e9nements d&rsquo;int\u00e9gration et des activit\u00e9s visant \u00e0 favoriser le dialogue entre les diff\u00e9rentes communaut\u00e9s sont envisag\u00e9s.<\/p>\n\n<h3 class=\"wp-block-heading\">Quelle est l&rsquo;importance des activit\u00e9s scolaires comme la kermesse ?<\/h3>\n\n<p>Les activit\u00e9s scolaires, telles que la kermesse, jouent un r\u00f4le crucial dans le d\u00e9veloppement social, culturel et \u00e9motionnel des enfants, renfor\u00e7ant \u00e9galement les liens communautaires.<\/p>\n\n","protected":false},"excerpt":{"rendered":"<p>La situation \u00e0 Ronchin, une commune du Nord, a pris une tournure inattendue lorsqu&rsquo;un camp de gens du voyage s&rsquo;est install\u00e9 \u00e0 seulement dix m\u00e8tres de l&rsquo;\u00e9cole maternelle George-Sand. Cet \u00e9v\u00e9nement a conduit \u00e0 la d\u00e9cision de reporter la kermesse de fin d&rsquo;ann\u00e9e, une tradition incontournable pour les \u00e9coliers et leurs familles. La f\u00eate, pr\u00e9vue &#8230; <a title=\"Ronchin : un \u00e9tablissement scolaire repousse sa kermesse en raison de l&rsquo;accueil temporaire d&rsquo;un camp de gens du voyage\" class=\"read-more\" href=\"https:\/\/www.apres-lecole.fr\/Blog\/ronchin-kermesse-camp-gens-voyage\/\" aria-label=\"En savoir plus sur Ronchin : un \u00e9tablissement scolaire repousse sa kermesse en raison de l&rsquo;accueil temporaire d&rsquo;un camp de gens du voyage\">Lire plus<\/a><\/p>\n","protected":false},"author":9,"featured_media":0,"comment_status":"open","ping_status":"open","sticky":false,"template":"","format":"standard","meta":{"footnotes":""},"categories":[342],"tags":[1032,1031,1030,1029,1028],"class_list":["post-1996","post","type-post","status-publish","format-standard","hentry","category-actualites","tag-accueil-temporaire","tag-camp-de-gens-du-voyage","tag-etablissement-scolaire","tag-kermesse","tag-ronchin"],"yoast_head":"<!-- This site is optimized with the Yoast SEO plugin v27.5 - https:\/\/yoast.com\/product\/yoast-seo-wordpress\/ -->\n<title>Ronchin : la kermesse repouss\u00e9e pour accueillir un camp de gens du voyage<\/title>\n<meta name=\"description\" content=\"Ronchin : une \u00e9cole reporte sa kermesse suite \u00e0 l&#039;installation temporaire d&#039;un camp de gens du voyage sur son site.\" \/>\n<meta name=\"robots\" content=\"index, follow, max-snippet:-1, max-image-preview:large, max-video-preview:-1\" \/>\n<link rel=\"canonical\" href=\"https:\/\/www.apres-lecole.fr\/Blog\/ronchin-kermesse-camp-gens-voyage\/\" \/>\n<meta property=\"og:locale\" content=\"fr_FR\" \/>\n<meta property=\"og:type\" content=\"article\" \/>\n<meta property=\"og:title\" content=\"Ronchin : la kermesse repouss\u00e9e pour accueillir un camp de gens du voyage\" \/>\n<meta property=\"og:description\" content=\"Ronchin : une \u00e9cole reporte sa kermesse suite \u00e0 l&#039;installation temporaire d&#039;un camp de gens du voyage sur son site.\" \/>\n<meta property=\"og:url\" content=\"https:\/\/www.apres-lecole.fr\/Blog\/ronchin-kermesse-camp-gens-voyage\/\" \/>\n<meta property=\"article:published_time\" content=\"2025-06-06T07:10:29+00:00\" \/>\n<meta name=\"author\" content=\"Eva Martin\" \/>\n<meta name=\"twitter:card\" content=\"summary_large_image\" \/>\n<meta name=\"twitter:creator\" content=\"@Evaapresecole\" \/>\n<meta name=\"twitter:label1\" content=\"\u00c9crit par\" \/>\n\t<meta name=\"twitter:data1\" content=\"Eva Martin\" \/>\n\t<meta name=\"twitter:label2\" content=\"Dur\u00e9e de lecture estim\u00e9e\" \/>\n\t<meta name=\"twitter:data2\" content=\"8 minutes\" \/>\n<script type=\"application\/ld+json\" class=\"yoast-schema-graph\">{\"@context\":\"https:\\\/\\\/schema.org\",\"@graph\":[{\"@type\":\"Article\",\"@id\":\"https:\\\/\\\/www.apres-lecole.fr\\\/Blog\\\/ronchin-kermesse-camp-gens-voyage\\\/#article\",\"isPartOf\":{\"@id\":\"https:\\\/\\\/www.apres-lecole.fr\\\/Blog\\\/ronchin-kermesse-camp-gens-voyage\\\/\"},\"author\":{\"name\":\"Eva Martin\",\"@id\":\"https:\\\/\\\/www.apres-lecole.fr\\\/Blog\\\/#\\\/schema\\\/person\\\/aeb50cd4b51fc69da155804bb5bb9fc4\"},\"headline\":\"Ronchin : un \u00e9tablissement scolaire repousse sa kermesse en raison de l&rsquo;accueil temporaire d&rsquo;un camp de gens du voyage\",\"datePublished\":\"2025-06-06T07:10:29+00:00\",\"mainEntityOfPage\":{\"@id\":\"https:\\\/\\\/www.apres-lecole.fr\\\/Blog\\\/ronchin-kermesse-camp-gens-voyage\\\/\"},\"wordCount\":1635,\"commentCount\":0,\"keywords\":[\"accueil temporaire\",\"camp de gens du voyage\",\"\u00e9tablissement scolaire\",\"kermesse\",\"ronchin\"],\"articleSection\":[\"Actualit\u00e9s\"],\"inLanguage\":\"fr-FR\",\"potentialAction\":[{\"@type\":\"CommentAction\",\"name\":\"Comment\",\"target\":[\"https:\\\/\\\/www.apres-lecole.fr\\\/Blog\\\/ronchin-kermesse-camp-gens-voyage\\\/#respond\"]}]},{\"@type\":\"WebPage\",\"@id\":\"https:\\\/\\\/www.apres-lecole.fr\\\/Blog\\\/ronchin-kermesse-camp-gens-voyage\\\/\",\"url\":\"https:\\\/\\\/www.apres-lecole.fr\\\/Blog\\\/ronchin-kermesse-camp-gens-voyage\\\/\",\"name\":\"Ronchin : la kermesse repouss\u00e9e pour accueillir un camp de gens du voyage\",\"isPartOf\":{\"@id\":\"https:\\\/\\\/www.apres-lecole.fr\\\/Blog\\\/#website\"},\"datePublished\":\"2025-06-06T07:10:29+00:00\",\"author\":{\"@id\":\"https:\\\/\\\/www.apres-lecole.fr\\\/Blog\\\/#\\\/schema\\\/person\\\/aeb50cd4b51fc69da155804bb5bb9fc4\"},\"description\":\"Ronchin : une \u00e9cole reporte sa kermesse suite \u00e0 l'installation temporaire d'un camp de gens du voyage sur son site.\",\"breadcrumb\":{\"@id\":\"https:\\\/\\\/www.apres-lecole.fr\\\/Blog\\\/ronchin-kermesse-camp-gens-voyage\\\/#breadcrumb\"},\"inLanguage\":\"fr-FR\",\"potentialAction\":[{\"@type\":\"ReadAction\",\"target\":[\"https:\\\/\\\/www.apres-lecole.fr\\\/Blog\\\/ronchin-kermesse-camp-gens-voyage\\\/\"]}]},{\"@type\":\"BreadcrumbList\",\"@id\":\"https:\\\/\\\/www.apres-lecole.fr\\\/Blog\\\/ronchin-kermesse-camp-gens-voyage\\\/#breadcrumb\",\"itemListElement\":[{\"@type\":\"ListItem\",\"position\":1,\"name\":\"Home\",\"item\":\"https:\\\/\\\/www.apres-lecole.fr\\\/Blog\\\/\"},{\"@type\":\"ListItem\",\"position\":2,\"name\":\"Ronchin : un \u00e9tablissement scolaire repousse sa kermesse en raison de l&rsquo;accueil temporaire d&rsquo;un camp de gens du voyage\"}]},{\"@type\":\"WebSite\",\"@id\":\"https:\\\/\\\/www.apres-lecole.fr\\\/Blog\\\/#website\",\"url\":\"https:\\\/\\\/www.apres-lecole.fr\\\/Blog\\\/\",\"name\":\"\",\"description\":\"M\u00e9dia g\u00e9n\u00e9raliste\",\"potentialAction\":[{\"@type\":\"SearchAction\",\"target\":{\"@type\":\"EntryPoint\",\"urlTemplate\":\"https:\\\/\\\/www.apres-lecole.fr\\\/Blog\\\/?s={search_term_string}\"},\"query-input\":{\"@type\":\"PropertyValueSpecification\",\"valueRequired\":true,\"valueName\":\"search_term_string\"}}],\"inLanguage\":\"fr-FR\"},{\"@type\":\"Person\",\"@id\":\"https:\\\/\\\/www.apres-lecole.fr\\\/Blog\\\/#\\\/schema\\\/person\\\/aeb50cd4b51fc69da155804bb5bb9fc4\",\"name\":\"Eva Martin\",\"image\":{\"@type\":\"ImageObject\",\"inLanguage\":\"fr-FR\",\"@id\":\"https:\\\/\\\/secure.gravatar.com\\\/avatar\\\/55c53222558b27a72015a64073a80edce4abd33369394b9bf2c5cd6c19d12682?s=96&d=mm&r=g\",\"url\":\"https:\\\/\\\/secure.gravatar.com\\\/avatar\\\/55c53222558b27a72015a64073a80edce4abd33369394b9bf2c5cd6c19d12682?s=96&d=mm&r=g\",\"contentUrl\":\"https:\\\/\\\/secure.gravatar.com\\\/avatar\\\/55c53222558b27a72015a64073a80edce4abd33369394b9bf2c5cd6c19d12682?s=96&d=mm&r=g\",\"caption\":\"Eva Martin\"},\"description\":\"Je parle de business et d'entrepreneuriat avec des conseils clairs, concrets et actionnables pour r\u00e9ussir\",\"sameAs\":[\"https:\\\/\\\/x.com\\\/Evaapresecole\"],\"url\":\"https:\\\/\\\/www.apres-lecole.fr\\\/Blog\\\/author\\\/evamartin\\\/\"}]}<\/script>\n<!-- \/ Yoast SEO plugin. -->","yoast_head_json":{"title":"Ronchin : la kermesse repouss\u00e9e pour accueillir un camp de gens du voyage","description":"Ronchin : une \u00e9cole reporte sa kermesse suite \u00e0 l'installation temporaire d'un camp de gens du voyage sur son site.","robots":{"index":"index","follow":"follow","max-snippet":"max-snippet:-1","max-image-preview":"max-image-preview:large","max-video-preview":"max-video-preview:-1"},"canonical":"https:\/\/www.apres-lecole.fr\/Blog\/ronchin-kermesse-camp-gens-voyage\/","og_locale":"fr_FR","og_type":"article","og_title":"Ronchin : la kermesse repouss\u00e9e pour accueillir un camp de gens du voyage","og_description":"Ronchin : une \u00e9cole reporte sa kermesse suite \u00e0 l'installation temporaire d'un camp de gens du voyage sur son site.","og_url":"https:\/\/www.apres-lecole.fr\/Blog\/ronchin-kermesse-camp-gens-voyage\/","article_published_time":"2025-06-06T07:10:29+00:00","author":"Eva Martin","twitter_card":"summary_large_image","twitter_creator":"@Evaapresecole","twitter_misc":{"\u00c9crit par":"Eva Martin","Dur\u00e9e de lecture estim\u00e9e":"8 minutes"},"schema":{"@context":"https:\/\/schema.org","@graph":[{"@type":"Article","@id":"https:\/\/www.apres-lecole.fr\/Blog\/ronchin-kermesse-camp-gens-voyage\/#article","isPartOf":{"@id":"https:\/\/www.apres-lecole.fr\/Blog\/ronchin-kermesse-camp-gens-voyage\/"},"author":{"name":"Eva Martin","@id":"https:\/\/www.apres-lecole.fr\/Blog\/#\/schema\/person\/aeb50cd4b51fc69da155804bb5bb9fc4"},"headline":"Ronchin : un \u00e9tablissement scolaire repousse sa kermesse en raison de l&rsquo;accueil temporaire d&rsquo;un camp de gens du voyage","datePublished":"2025-06-06T07:10:29+00:00","mainEntityOfPage":{"@id":"https:\/\/www.apres-lecole.fr\/Blog\/ronchin-kermesse-camp-gens-voyage\/"},"wordCount":1635,"commentCount":0,"keywords":["accueil temporaire","camp de gens du voyage","\u00e9tablissement scolaire","kermesse","ronchin"],"articleSection":["Actualit\u00e9s"],"inLanguage":"fr-FR","potentialAction":[{"@type":"CommentAction","name":"Comment","target":["https:\/\/www.apres-lecole.fr\/Blog\/ronchin-kermesse-camp-gens-voyage\/#respond"]}]},{"@type":"WebPage","@id":"https:\/\/www.apres-lecole.fr\/Blog\/ronchin-kermesse-camp-gens-voyage\/","url":"https:\/\/www.apres-lecole.fr\/Blog\/ronchin-kermesse-camp-gens-voyage\/","name":"Ronchin : la kermesse repouss\u00e9e pour accueillir un camp de gens du voyage","isPartOf":{"@id":"https:\/\/www.apres-lecole.fr\/Blog\/#website"},"datePublished":"2025-06-06T07:10:29+00:00","author":{"@id":"https:\/\/www.apres-lecole.fr\/Blog\/#\/schema\/person\/aeb50cd4b51fc69da155804bb5bb9fc4"},"description":"Ronchin : une \u00e9cole reporte sa kermesse suite \u00e0 l'installation temporaire d'un camp de gens du voyage sur son site.","breadcrumb":{"@id":"https:\/\/www.apres-lecole.fr\/Blog\/ronchin-kermesse-camp-gens-voyage\/#breadcrumb"},"inLanguage":"fr-FR","potentialAction":[{"@type":"ReadAction","target":["https:\/\/www.apres-lecole.fr\/Blog\/ronchin-kermesse-camp-gens-voyage\/"]}]},{"@type":"BreadcrumbList","@id":"https:\/\/www.apres-lecole.fr\/Blog\/ronchin-kermesse-camp-gens-voyage\/#breadcrumb","itemListElement":[{"@type":"ListItem","position":1,"name":"Home","item":"https:\/\/www.apres-lecole.fr\/Blog\/"},{"@type":"ListItem","position":2,"name":"Ronchin : un \u00e9tablissement scolaire repousse sa kermesse en raison de l&rsquo;accueil temporaire d&rsquo;un camp de gens du voyage"}]},{"@type":"WebSite","@id":"https:\/\/www.apres-lecole.fr\/Blog\/#website","url":"https:\/\/www.apres-lecole.fr\/Blog\/","name":"","description":"M\u00e9dia g\u00e9n\u00e9raliste","potentialAction":[{"@type":"SearchAction","target":{"@type":"EntryPoint","urlTemplate":"https:\/\/www.apres-lecole.fr\/Blog\/?s={search_term_string}"},"query-input":{"@type":"PropertyValueSpecification","valueRequired":true,"valueName":"search_term_string"}}],"inLanguage":"fr-FR"},{"@type":"Person","@id":"https:\/\/www.apres-lecole.fr\/Blog\/#\/schema\/person\/aeb50cd4b51fc69da155804bb5bb9fc4","name":"Eva Martin","image":{"@type":"ImageObject","inLanguage":"fr-FR","@id":"https:\/\/secure.gravatar.com\/avatar\/55c53222558b27a72015a64073a80edce4abd33369394b9bf2c5cd6c19d12682?s=96&d=mm&r=g","url":"https:\/\/secure.gravatar.com\/avatar\/55c53222558b27a72015a64073a80edce4abd33369394b9bf2c5cd6c19d12682?s=96&d=mm&r=g","contentUrl":"https:\/\/secure.gravatar.com\/avatar\/55c53222558b27a72015a64073a80edce4abd33369394b9bf2c5cd6c19d12682?s=96&d=mm&r=g","caption":"Eva Martin"},"description":"Je parle de business et d'entrepreneuriat avec des conseils clairs, concrets et actionnables pour r\u00e9ussir","sameAs":["https:\/\/x.com\/Evaapresecole"],"url":"https:\/\/www.apres-lecole.fr\/Blog\/author\/evamartin\/"}]}},"views":8,"_links":{"self":[{"href":"https:\/\/www.apres-lecole.fr\/Blog\/wp-json\/wp\/v2\/posts\/1996","targetHints":{"allow":["GET"]}}],"collection":[{"href":"https:\/\/www.apres-lecole.fr\/Blog\/wp-json\/wp\/v2\/posts"}],"about":[{"href":"https:\/\/www.apres-lecole.fr\/Blog\/wp-json\/wp\/v2\/types\/post"}],"author":[{"embeddable":true,"href":"https:\/\/www.apres-lecole.fr\/Blog\/wp-json\/wp\/v2\/users\/9"}],"replies":[{"embeddable":true,"href":"https:\/\/www.apres-lecole.fr\/Blog\/wp-json\/wp\/v2\/comments?post=1996"}],"version-history":[{"count":0,"href":"https:\/\/www.apres-lecole.fr\/Blog\/wp-json\/wp\/v2\/posts\/1996\/revisions"}],"wp:attachment":[{"href":"https:\/\/www.apres-lecole.fr\/Blog\/wp-json\/wp\/v2\/media?parent=1996"}],"wp:term":[{"taxonomy":"category","embeddable":true,"href":"https:\/\/www.apres-lecole.fr\/Blog\/wp-json\/wp\/v2\/categories?post=1996"},{"taxonomy":"post_tag","embeddable":true,"href":"https:\/\/www.apres-lecole.fr\/Blog\/wp-json\/wp\/v2\/tags?post=1996"}],"curies":[{"name":"wp","href":"https:\/\/api.w.org\/{rel}","templated":true}]}}