{"id":1992,"date":"2025-06-04T21:10:13","date_gmt":"2025-06-04T21:10:13","guid":{"rendered":"https:\/\/www.apres-lecole.fr\/Blog\/defense-ecole-publique-paris\/"},"modified":"2025-06-04T21:10:13","modified_gmt":"2025-06-04T21:10:13","slug":"defense-ecole-publique-paris","status":"publish","type":"post","link":"https:\/\/www.apres-lecole.fr\/Blog\/defense-ecole-publique-paris\/","title":{"rendered":"La d\u00e9fense de l&rsquo;\u00e9cole publique \u00e0 Paris : les directeurs et directrices s&rsquo;opposent \u00e0 la suppression de leur d\u00e9charge"},"content":{"rendered":"\n\n<div class=\"kk-star-ratings kksr-auto kksr-align-left kksr-valign-top\"\n    data-payload='{&quot;align&quot;:&quot;left&quot;,&quot;id&quot;:&quot;1992&quot;,&quot;slug&quot;:&quot;default&quot;,&quot;valign&quot;:&quot;top&quot;,&quot;ignore&quot;:&quot;&quot;,&quot;reference&quot;:&quot;auto&quot;,&quot;class&quot;:&quot;&quot;,&quot;count&quot;:&quot;0&quot;,&quot;legendonly&quot;:&quot;&quot;,&quot;readonly&quot;:&quot;&quot;,&quot;score&quot;:&quot;0&quot;,&quot;starsonly&quot;:&quot;&quot;,&quot;best&quot;:&quot;5&quot;,&quot;gap&quot;:&quot;5&quot;,&quot;greet&quot;:&quot;Rate this post&quot;,&quot;legend&quot;:&quot;0\\\/5 - (0 vote)&quot;,&quot;size&quot;:&quot;24&quot;,&quot;title&quot;:&quot;La d\u00e9fense de l\\u0026#039;\u00e9cole publique \u00e0 Paris : les directeurs et directrices s\\u0026#039;opposent \u00e0 la suppression de leur d\u00e9charge&quot;,&quot;width&quot;:&quot;0&quot;,&quot;_legend&quot;:&quot;{score}\\\/{best} - ({count} {votes})&quot;,&quot;font_factor&quot;:&quot;1.25&quot;}'>\n            \n<div class=\"kksr-stars\">\n    \n<div class=\"kksr-stars-inactive\">\n            <div class=\"kksr-star\" data-star=\"1\" style=\"padding-right: 5px\">\n            \n\n<div class=\"kksr-icon\" style=\"width: 24px; height: 24px;\"><\/div>\n        <\/div>\n            <div class=\"kksr-star\" data-star=\"2\" style=\"padding-right: 5px\">\n            \n\n<div class=\"kksr-icon\" style=\"width: 24px; height: 24px;\"><\/div>\n        <\/div>\n            <div class=\"kksr-star\" data-star=\"3\" style=\"padding-right: 5px\">\n            \n\n<div class=\"kksr-icon\" style=\"width: 24px; height: 24px;\"><\/div>\n        <\/div>\n            <div class=\"kksr-star\" data-star=\"4\" style=\"padding-right: 5px\">\n            \n\n<div class=\"kksr-icon\" style=\"width: 24px; height: 24px;\"><\/div>\n        <\/div>\n            <div class=\"kksr-star\" data-star=\"5\" style=\"padding-right: 5px\">\n            \n\n<div class=\"kksr-icon\" style=\"width: 24px; height: 24px;\"><\/div>\n        <\/div>\n    <\/div>\n    \n<div class=\"kksr-stars-active\" style=\"width: 0px;\">\n            <div class=\"kksr-star\" style=\"padding-right: 5px\">\n            \n\n<div class=\"kksr-icon\" style=\"width: 24px; height: 24px;\"><\/div>\n        <\/div>\n            <div class=\"kksr-star\" style=\"padding-right: 5px\">\n            \n\n<div class=\"kksr-icon\" style=\"width: 24px; height: 24px;\"><\/div>\n        <\/div>\n            <div class=\"kksr-star\" style=\"padding-right: 5px\">\n            \n\n<div class=\"kksr-icon\" style=\"width: 24px; height: 24px;\"><\/div>\n        <\/div>\n            <div class=\"kksr-star\" style=\"padding-right: 5px\">\n            \n\n<div class=\"kksr-icon\" style=\"width: 24px; height: 24px;\"><\/div>\n        <\/div>\n            <div class=\"kksr-star\" style=\"padding-right: 5px\">\n            \n\n<div class=\"kksr-icon\" style=\"width: 24px; height: 24px;\"><\/div>\n        <\/div>\n    <\/div>\n<\/div>\n                \n\n<div class=\"kksr-legend\" style=\"font-size: 19.2px;\">\n            <span class=\"kksr-muted\">Rate this post<\/span>\n    <\/div>\n    <\/div>\n<p>Le syst\u00e8me \u00e9ducatif parisien est aujourd&rsquo;hui sous pression et les directeurs d&rsquo;\u00e9coles publiques se battent pour d\u00e9fendre leurs droits et celui de leurs \u00e9tablissements. En effet, la r\u00e9cente annonce d&rsquo;une suppression des d\u00e9charges pour les directeurs et directrices, qui leur permettent de se concentrer sur les aspects manag\u00e9riaux et p\u00e9dagogiques de leur fonction, suscite une vive r\u00e9action. Loin d&rsquo;\u00eatre une simple question administrative, cette d\u00e9cision impacte l&rsquo;ensemble du paysage \u00e9ducatif \u00e0 Paris, alors que les acteurs de l\u2019\u00e9ducation, parents et enseignants, se mobilisent pour contrer ce projet. La voix des directeurs se fait entendre \u00e0 travers des mouvements tels que l&rsquo;Union des Directeurs ou le Collectif D\u00e9fense \u00c9ducation, qui r\u00e9unissent les parents engag\u00e9s et les enseignants d\u00e9termin\u00e9s \u00e0 d\u00e9fendre l&rsquo;\u00e9cole publique. Ce sujet soul\u00e8ve des interrogations sur l&rsquo;avenir de l&rsquo;\u00e9ducation dans la capitale fran\u00e7aise.<\/p>\n\n<h2 class=\"wp-block-heading\">Historique et contexte de la d\u00e9charge des directeurs d&rsquo;\u00e9coles \u00e0 Paris<\/h2>\n\n<p>Pour bien comprendre la port\u00e9e de cette mobilisation, il convient de plonger dans l&rsquo;historique du r\u00e9gime de d\u00e9charge dont b\u00e9n\u00e9ficient les directeurs d&rsquo;\u00e9coles \u00e0 Paris. Depuis 1982, un syst\u00e8me sp\u00e9cifique a \u00e9t\u00e9 mis en place, permettant \u00e0 ces professionnels de l&rsquo;\u00e9ducation d&rsquo;\u00eatre partiellement ou totalement d\u00e9charg\u00e9s d&rsquo;enseignement d\u00e8s qu&rsquo;ils g\u00e8rent une \u00e9cole de plus de cinq classes. Cela repr\u00e9sente un r\u00e9el avantage sur le reste du territoire fran\u00e7ais, o\u00f9 la d\u00e9charge n&rsquo;est accord\u00e9e qu&rsquo;\u00e0 partir de douze classes. Ce dispositif a \u00e9t\u00e9 instaur\u00e9 pour r\u00e9pondre \u00e0 la complexit\u00e9 croissante des t\u00e2ches administratives et p\u00e9dagogiques que les directeurs doivent g\u00e9rer.<\/p>\n\n<p>Dans les \u00e9coles de la capitale, ces directeurs, v\u00e9ritables chefs d&rsquo;orchestre, doivent jongler avec des missions multiples :<\/p>\n\n<ul class=\"wp-block-list\"><li>Gestion administrative \ud83d\uddc2\ufe0f<\/li><li>Relations avec les parents et la communaut\u00e9 \u00e9ducative \ud83e\udd1d<\/li><li>P\u00e9dagogie et formation des \u00e9quipes enseignantes \ud83d\udc69\u200d\ud83c\udfeb<\/li><li>Suivi des \u00e9l\u00e8ves et des projets \u00e9ducatifs \ud83d\udcda<\/li><\/ul>\n\n<p>Leur r\u00f4le est donc essentiel pour assurer la r\u00e9ussite des \u00e9l\u00e8ves et le bon fonctionnement des \u00e9tablissements. Avec la suppression annonc\u00e9e de ce r\u00e9gime d\u00e9rogatoire, c&rsquo;est l&rsquo;ensemble de la structure \u00e9ducative qui pourrait se voir remise en question. Des acteurs cl\u00e9s comme l&rsquo;Adep 75 ont r\u00e9agi, illustrant le malaise ambiant. La mobilisation s&rsquo;est intensifi\u00e9e lors de l&rsquo;op\u00e9ration \u00ab \u00c9cole debout \u00bb, o\u00f9 les directeurs ont exprim\u00e9 leur inqui\u00e9tude au travers d&rsquo;initiatives symboliques. Les parents s&rsquo;engagent \u00e9galement dans cette lutte pour maintenir une \u00e9ducation de qualit\u00e9.<\/p>\n\n<h3 class=\"wp-block-heading\">La r\u00e9action des directeurs face \u00e0 cette menace<\/h3>\n\n<p>Face \u00e0 la gravit\u00e9 de la situation, les directeurs d&rsquo;\u00e9cole, unis sous la banni\u00e8re du mouvement \u00ab Directeurs Unis \u00bb, ont \u00e9lev\u00e9 la voix. Loin des cris de la cour de r\u00e9cr\u00e9ation, c&rsquo;est une symphonie de pr\u00e9occupations qui se fait entendre. Ils pr\u00e9parent des manifestations, partagent des t\u00e9moignages poignants sur leur quotidien sur le terrain et alertent l&rsquo;opinion publique sur les cons\u00e9quences potentielles. L&rsquo;enjeu est de taille : sans ces d\u00e9charges, les directeurs pourraient voir leur capacit\u00e9 \u00e0 assumer leur r\u00f4le diminu\u00e9e, impactant directement la qualit\u00e9 de l&rsquo;encadrement offert aux \u00e9l\u00e8ves.<\/p>\n\n<p>Il est important de noter que cette lutte ne concerne pas seulement les directeurs, mais aussi l&rsquo;ensemble des acteurs \u00e9ducatifs, parents et enseignants inclus. Ces derniers d\u00e9noncent des coupes budg\u00e9taires qui risquent d&rsquo;affaiblir le secteur public au profit d&rsquo;une concurrence malsaine avec le priv\u00e9.<\/p>\n\n<figure class=\"wp-block-table\"><table>\n<thead>\n<tr>\n<th>Raisons de la mobilisation<\/th>\n<th>Impact sur les \u00e9coles<\/th>\n<th>R\u00e9actions des parties prenantes<\/th>\n<\/tr>\n<\/thead>\n<tbody>\n<tr>\n<td><strong>Suppression des d\u00e9charges<\/strong><\/td>\n<td><strong>Risque d&rsquo;une gestion moins efficace<\/strong><\/td>\n<td><strong>Manifestations des parents et enseignants<\/strong><\/td>\n<\/tr>\n<tr>\n<td><strong>Concurrence avec le priv\u00e9<\/strong><\/td>\n<td><strong>Menace sur l&rsquo;\u00c9cole Pour Tous<\/strong><\/td>\n<td><strong>L&rsquo;union des directeurs demande du soutien<\/strong><\/td>\n<\/tr>\n<tr>\n<td><strong>Pression sur le budget \u00e9ducatif<\/strong><\/td>\n<td><strong>Possibilit\u00e9 de fermeture de classes<\/strong><\/td>\n<td><strong>Collectif D\u00e9fense \u00c9ducation mobilis\u00e9<\/strong><\/td>\n<\/tr>\n<\/tbody>\n<\/table><\/figure>\n\n<h2 class=\"wp-block-heading\">L&rsquo;importance du soutien de la communaut\u00e9 \u00e9ducative<\/h2>\n\n<p>La d\u00e9fense de l&rsquo;\u00e9cole publique \u00e0 Paris repose \u00e9galement sur un soutien collectif. Parents engag\u00e9s, enseignants, et m\u00eame des figures politiques se mobilisent pour pr\u00e9server les d\u00e9charges des directeurs d&rsquo;\u00e9cole. Ce soutien ind\u00e9fectible est essentiel pour faire entendre la Voix des Directeurs dans les instances d\u00e9cisionnelles. Les actions collectives, telles que les p\u00e9titions et les courriers adress\u00e9s aux \u00e9lus, sont de plus en plus fr\u00e9quentes. Les \u00e9changes entre les diff\u00e9rents acteurs de l&rsquo;\u00e9ducation montrent qu&rsquo;il existe une r\u00e9elle volont\u00e9 de d\u00e9fendre l&rsquo;int\u00e9r\u00eat commun. Tout ceci est le signe d&rsquo;une mobilisation \u00e9ducative forte et d\u00e9termin\u00e9e.<\/p>\n\n<p>\u00c0 l&rsquo;\u00e8re de l&rsquo;information, les r\u00e9seaux sociaux deviennent un outil pr\u00e9cieux pour relayer les revendications. Qu&rsquo;il s&rsquo;agisse de retweets engageants, d&rsquo;actualit\u00e9s partag\u00e9es sur Facebook ou d&rsquo;initiatives sur Instagram, la capacit\u00e9 de sensibilisation est \u00e9largie et permet de toucher un public plus large. Des vid\u00e9os sont publi\u00e9es par des directeurs eux-m\u00eames, racontant leurs histoires et leur quotidien, rendant ainsi leur combat plus tangible et \u00e9motionnel pour le grand public.<\/p>\n\n<h3 class=\"wp-block-heading\">Mobilisation des parents et implication citoyenne<\/h3>\n\n<p>Les parents d&rsquo;\u00e9l\u00e8ves prennent \u00e9galement une part active dans cette mobilisation. Ils se organisent des r\u00e9unions pour discuter des implications de la suppression des d\u00e9charges et exprimer leur soutien aux directeurs. Cela d\u00e9montre une forte volont\u00e9 d\u2019unir les forces de la communaut\u00e9 \u00e9ducative face \u00e0 cette menace. Cela cr\u00e9e une dynamique vertueuse o\u00f9 chaque voix compte. En plus des manifestations, des ateliers de sensibilisation sont mis en place pour informer l\u2019ensemble des parents sur les enjeux li\u00e9s \u00e0 l&rsquo;\u00e9ducation publique \u00e0 Paris.<\/p>\n\n<p>Les forums de discussion en ligne sont \u00e9galement une excellente plateforme pour \u00e9changer autour de ces sujets. Ils permettent de cr\u00e9er un dialogue entre les parents et les directeurs, renfor\u00e7ant ainsi le sentiment de communaut\u00e9 et de solidarit\u00e9. \ud83d\udce2 Voici quelques actions des parents pour soutenir cette cause :<\/p>\n\n<ul class=\"wp-block-list\"><li><strong>P\u00e9titions en ligne<\/strong> pour mobiliser un maximum de signatures \u270d\ufe0f<\/li><li><strong>R\u00e9unions d&rsquo;information<\/strong> pour sensibiliser l\u2019ensemble des parents \ud83e\udd1d<\/li><li><strong>Action collective<\/strong> : \u00e9crire aux \u00e9lus locaux pour exprimer leur inqui\u00e9tude \ud83c\udfdb\ufe0f<\/li><li><strong>Participation aux manifestations<\/strong> organis\u00e9es par les directeurs d&rsquo;\u00e9coles \ud83d\udce3<\/li><\/ul>\n\n<h2 class=\"wp-block-heading\">Les enjeux pour l&rsquo;\u00e9ducation parisienne<\/h2>\n\n<p>Avec la perspective de la suppression des d\u00e9charges, des pr\u00e9occupations se dessinent concernant la qualit\u00e9 et l&rsquo;accessibilit\u00e9 de l&rsquo;\u00e9ducation. La volont\u00e9 de r\u00e9duire les frais dans le secteur public au profit d&rsquo;un syst\u00e8me plus concurrentiel avec le priv\u00e9 soul\u00e8ve des questions fondamentales. Les acteurs de l&rsquo;\u00e9ducation s&rsquo;alarment : vers quoi se dirige l&rsquo;\u00e9cole publique de Paris ? La lutte pour la d\u00e9fense de ce syst\u00e8me \u00e9ducatif implique de sortir du cadre classique et de faire entendre des revendications claires aupr\u00e8s des d\u00e9cideurs politiques.<\/p>\n\n<p>Le mod\u00e8le \u00e9ducatif fran\u00e7ais est fortement ancr\u00e9 dans l&rsquo;id\u00e9e d&rsquo;une \u00e9ducation pour tous. Dans ce cadre, les directeurs d&rsquo;\u00e9coles jouent un r\u00f4le central. Leur d\u00e9charge leur permet de se concentrer sur leurs missions sans \u00eatre accapar\u00e9s par l&rsquo;enseignement quotidien, apportant d\u00e8s lors une r\u00e9elle valeur ajout\u00e9e. Cependant, ce statut est aujourd&rsquo;hui menac\u00e9, et les cons\u00e9quences pourraient \u00eatre d\u00e9sastreuses. Les \u00e9tablissements pourraient se retrouver en difficult\u00e9 pour soutenir des \u00e9l\u00e8ves, qui sont souvent en besoin d&rsquo;accompagnement.<\/p>\n\n<figure class=\"wp-block-table\"><table>\n<thead>\n<tr>\n<th>Cons\u00e9quences potentielles de la suppression de de charge<\/th>\n<th>Impact sur les \u00e9l\u00e8ves<\/th>\n<th>R\u00e9ponse des institutions \u00e9ducatives<\/th>\n<\/tr>\n<\/thead>\n<tbody>\n<tr>\n<td><strong>Dilution des responsabilit\u00e9s des directeurs<\/strong><\/td>\n<td><strong>Risque d&rsquo;un suivi individuel moins performant<\/strong><\/td>\n<td><strong>Alerte des syndicats<\/strong><\/td>\n<\/tr>\n<tr>\n<td><strong>Afflux vers le priv\u00e9<\/strong><\/td>\n<td><strong>Diminution de l&rsquo;\u00e9galit\u00e9 des chances<\/strong><\/td>\n<td><strong>Mobilisation des enseignants<\/strong><\/td>\n<\/tr>\n<tr>\n<td><strong>Fermeture de classes<\/strong><\/td>\n<td><strong>Risque de perte de qualit\u00e9 \u00e9ducative<\/strong><\/td>\n<td><strong>Solidarit\u00e9 des associations de parents<\/strong><\/td>\n<\/tr>\n<\/tbody>\n<\/table><\/figure>\n\n<h2 class=\"wp-block-heading\">La voie \u00e0 suivre pour l&rsquo;avenir de l&rsquo;\u00e9cole publique \u00e0 Paris<br>\n<\/h2>\n\n<p>Les mois \u00e0 venir seront d\u00e9cisifs pour l&rsquo;avenir de l&rsquo;\u00e9cole publique \u00e0 Paris. Les directeurs et directrices d&rsquo;\u00e9cole, soutenus par des parents engag\u00e9s, devront maintenir la pression sur les autorit\u00e9s. Le chemin pour d\u00e9fendre leurs droits pourrait se r\u00e9v\u00e9ler long, mais cette lutte est un symbole fort pour l&rsquo;\u00e9ducation publique, et les enjeux d\u00e9passent largement le cadre parisien. La victoire ou l\u2019\u00e9chec de cette bataille pourrait \u00e9tablir un pr\u00e9c\u00e9dent et influencer le paysage \u00e9ducatif fran\u00e7ais.<\/p>\n\n<p>Au c\u0153ur de cette lutte, plusieurs axes peuvent \u00eatre envisag\u00e9s pour renforcer le soutien \u00e0 l&rsquo;\u00e9cole publique :<\/p>\n\n<ul class=\"wp-block-list\"><li><strong>Actions de sensibilisation<\/strong> pour informer le grand public sur les enjeux en cours \ud83d\udea8<\/li><li><strong>Cr\u00e9ation de r\u00e9seaux d&rsquo;entraide<\/strong> entre \u00e9coles et directeurs pour partager des exp\u00e9riences et bonnes pratiques \ud83d\udd04<\/li><li><strong>Renforcement des partenariats<\/strong> entre les \u00e9coles publiques et associations locales pour financer des projets \u00e9ducatifs \ud83d\udcbc<\/li><\/ul>\n\n<h2 class=\"wp-block-heading\">FAQ<\/h2>\n\n<p><strong>Quelle est la date limite pour la suppression des d\u00e9charges ?<\/strong><br>\nLa suppression des d\u00e9charges doit entrer en vigueur \u00e0 la rentr\u00e9e de septembre 2025.<\/p>\n\n<p><strong>Comment les directeurs d&rsquo;\u00e9cole peuvent-ils se mobiliser ?<\/strong><br>\nIls peuvent rejoindre des associations comme l&rsquo;Adep 75, participer \u00e0 des manifestations et signer des p\u00e9titions.<\/p>\n\n<p><strong>Quelles sont les r\u00e9percussions pour les \u00e9l\u00e8ves ?<\/strong><br>\nLa suppression de la d\u00e9charge pourrait entra\u00eener un suivi moins personnel pour les \u00e9l\u00e8ves et une d\u00e9t\u00e9rioration de la qualit\u00e9 \u00e9ducative.<\/p>\n\n<p><strong>Qui sont les principaux acteurs de cette mobilisation ?<\/strong><br>\nLes directeurs d&rsquo;\u00e9cole, les enseignants, et les parents sont les principaux acteurs de cette mobilisation pour d\u00e9fendre l&rsquo;\u00e9cole publique.<\/p>\n\n<p><strong>Quelles actions sont \u00e0 venir pour d\u00e9fendre l&rsquo;\u00e9cole publique ?<\/strong><br>\nDes manifestations, des assembl\u00e9es de parents, et des initiatives de sensibilisation sont pr\u00e9vues pour soutenir l&rsquo;\u00e9cole publique \u00e0 Paris.<\/p>\n\n","protected":false},"excerpt":{"rendered":"<p>Le syst\u00e8me \u00e9ducatif parisien est aujourd&rsquo;hui sous pression et les directeurs d&rsquo;\u00e9coles publiques se battent pour d\u00e9fendre leurs droits et celui de leurs \u00e9tablissements. En effet, la r\u00e9cente annonce d&rsquo;une suppression des d\u00e9charges pour les directeurs et directrices, qui leur permettent de se concentrer sur les aspects manag\u00e9riaux et p\u00e9dagogiques de leur fonction, suscite une &#8230; <a title=\"La d\u00e9fense de l&rsquo;\u00e9cole publique \u00e0 Paris : les directeurs et directrices s&rsquo;opposent \u00e0 la suppression de leur d\u00e9charge\" class=\"read-more\" href=\"https:\/\/www.apres-lecole.fr\/Blog\/defense-ecole-publique-paris\/\" aria-label=\"En savoir plus sur La d\u00e9fense de l&rsquo;\u00e9cole publique \u00e0 Paris : les directeurs et directrices s&rsquo;opposent \u00e0 la suppression de leur d\u00e9charge\">Lire plus<\/a><\/p>\n","protected":false},"author":9,"featured_media":0,"comment_status":"open","ping_status":"open","sticky":false,"template":"","format":"standard","meta":{"footnotes":""},"categories":[342],"tags":[600,1019,574,586,1020],"class_list":["post-1992","post","type-post","status-publish","format-standard","hentry","category-actualites","tag-directeurs-decole","tag-directrices-decole","tag-ecole-publique","tag-paris","tag-suppressions"],"yoast_head":"<!-- This site is optimized with the Yoast SEO plugin v27.5 - https:\/\/yoast.com\/product\/yoast-seo-wordpress\/ -->\n<title>Lutte des directeurs d&#039;\u00e9cole publique \u00e0 Paris contre la d\u00e9charge menac\u00e9e<\/title>\n<meta name=\"description\" content=\"\u00c0 Paris, les directeurs d&#039;\u00e9cole publique s&#039;unissent contre la suppression de leur d\u00e9charge, d\u00e9fendant la qualit\u00e9 de l&#039;\u00e9ducation.\" \/>\n<meta name=\"robots\" content=\"index, follow, max-snippet:-1, max-image-preview:large, max-video-preview:-1\" \/>\n<link rel=\"canonical\" href=\"https:\/\/www.apres-lecole.fr\/Blog\/defense-ecole-publique-paris\/\" \/>\n<meta property=\"og:locale\" content=\"fr_FR\" \/>\n<meta property=\"og:type\" content=\"article\" \/>\n<meta property=\"og:title\" content=\"Lutte des directeurs d&#039;\u00e9cole publique \u00e0 Paris contre la d\u00e9charge menac\u00e9e\" \/>\n<meta property=\"og:description\" content=\"\u00c0 Paris, les directeurs d&#039;\u00e9cole publique s&#039;unissent contre la suppression de leur d\u00e9charge, d\u00e9fendant la qualit\u00e9 de l&#039;\u00e9ducation.\" \/>\n<meta property=\"og:url\" content=\"https:\/\/www.apres-lecole.fr\/Blog\/defense-ecole-publique-paris\/\" \/>\n<meta property=\"article:published_time\" content=\"2025-06-04T21:10:13+00:00\" \/>\n<meta name=\"author\" content=\"Eva Martin\" \/>\n<meta name=\"twitter:card\" content=\"summary_large_image\" \/>\n<meta name=\"twitter:creator\" content=\"@Evaapresecole\" \/>\n<meta name=\"twitter:label1\" content=\"\u00c9crit par\" \/>\n\t<meta name=\"twitter:data1\" content=\"Eva Martin\" \/>\n\t<meta name=\"twitter:label2\" content=\"Dur\u00e9e de lecture estim\u00e9e\" \/>\n\t<meta name=\"twitter:data2\" content=\"8 minutes\" \/>\n<script type=\"application\/ld+json\" class=\"yoast-schema-graph\">{\"@context\":\"https:\\\/\\\/schema.org\",\"@graph\":[{\"@type\":\"Article\",\"@id\":\"https:\\\/\\\/www.apres-lecole.fr\\\/Blog\\\/defense-ecole-publique-paris\\\/#article\",\"isPartOf\":{\"@id\":\"https:\\\/\\\/www.apres-lecole.fr\\\/Blog\\\/defense-ecole-publique-paris\\\/\"},\"author\":{\"name\":\"Eva Martin\",\"@id\":\"https:\\\/\\\/www.apres-lecole.fr\\\/Blog\\\/#\\\/schema\\\/person\\\/aeb50cd4b51fc69da155804bb5bb9fc4\"},\"headline\":\"La d\u00e9fense de l&rsquo;\u00e9cole publique \u00e0 Paris : les directeurs et directrices s&rsquo;opposent \u00e0 la suppression de leur d\u00e9charge\",\"datePublished\":\"2025-06-04T21:10:13+00:00\",\"mainEntityOfPage\":{\"@id\":\"https:\\\/\\\/www.apres-lecole.fr\\\/Blog\\\/defense-ecole-publique-paris\\\/\"},\"wordCount\":1631,\"commentCount\":0,\"keywords\":[\"directeurs d'\u00e9cole\",\"directrices d'\u00e9cole\",\"\u00e9cole publique\",\"paris\",\"suppressions\"],\"articleSection\":[\"Actualit\u00e9s\"],\"inLanguage\":\"fr-FR\",\"potentialAction\":[{\"@type\":\"CommentAction\",\"name\":\"Comment\",\"target\":[\"https:\\\/\\\/www.apres-lecole.fr\\\/Blog\\\/defense-ecole-publique-paris\\\/#respond\"]}]},{\"@type\":\"WebPage\",\"@id\":\"https:\\\/\\\/www.apres-lecole.fr\\\/Blog\\\/defense-ecole-publique-paris\\\/\",\"url\":\"https:\\\/\\\/www.apres-lecole.fr\\\/Blog\\\/defense-ecole-publique-paris\\\/\",\"name\":\"Lutte des directeurs d'\u00e9cole publique \u00e0 Paris contre la d\u00e9charge menac\u00e9e\",\"isPartOf\":{\"@id\":\"https:\\\/\\\/www.apres-lecole.fr\\\/Blog\\\/#website\"},\"datePublished\":\"2025-06-04T21:10:13+00:00\",\"author\":{\"@id\":\"https:\\\/\\\/www.apres-lecole.fr\\\/Blog\\\/#\\\/schema\\\/person\\\/aeb50cd4b51fc69da155804bb5bb9fc4\"},\"description\":\"\u00c0 Paris, les directeurs d'\u00e9cole publique s'unissent contre la suppression de leur d\u00e9charge, d\u00e9fendant la qualit\u00e9 de l'\u00e9ducation.\",\"breadcrumb\":{\"@id\":\"https:\\\/\\\/www.apres-lecole.fr\\\/Blog\\\/defense-ecole-publique-paris\\\/#breadcrumb\"},\"inLanguage\":\"fr-FR\",\"potentialAction\":[{\"@type\":\"ReadAction\",\"target\":[\"https:\\\/\\\/www.apres-lecole.fr\\\/Blog\\\/defense-ecole-publique-paris\\\/\"]}]},{\"@type\":\"BreadcrumbList\",\"@id\":\"https:\\\/\\\/www.apres-lecole.fr\\\/Blog\\\/defense-ecole-publique-paris\\\/#breadcrumb\",\"itemListElement\":[{\"@type\":\"ListItem\",\"position\":1,\"name\":\"Home\",\"item\":\"https:\\\/\\\/www.apres-lecole.fr\\\/Blog\\\/\"},{\"@type\":\"ListItem\",\"position\":2,\"name\":\"La d\u00e9fense de l&rsquo;\u00e9cole publique \u00e0 Paris : les directeurs et directrices s&rsquo;opposent \u00e0 la suppression de leur d\u00e9charge\"}]},{\"@type\":\"WebSite\",\"@id\":\"https:\\\/\\\/www.apres-lecole.fr\\\/Blog\\\/#website\",\"url\":\"https:\\\/\\\/www.apres-lecole.fr\\\/Blog\\\/\",\"name\":\"\",\"description\":\"M\u00e9dia g\u00e9n\u00e9raliste\",\"potentialAction\":[{\"@type\":\"SearchAction\",\"target\":{\"@type\":\"EntryPoint\",\"urlTemplate\":\"https:\\\/\\\/www.apres-lecole.fr\\\/Blog\\\/?s={search_term_string}\"},\"query-input\":{\"@type\":\"PropertyValueSpecification\",\"valueRequired\":true,\"valueName\":\"search_term_string\"}}],\"inLanguage\":\"fr-FR\"},{\"@type\":\"Person\",\"@id\":\"https:\\\/\\\/www.apres-lecole.fr\\\/Blog\\\/#\\\/schema\\\/person\\\/aeb50cd4b51fc69da155804bb5bb9fc4\",\"name\":\"Eva Martin\",\"image\":{\"@type\":\"ImageObject\",\"inLanguage\":\"fr-FR\",\"@id\":\"https:\\\/\\\/secure.gravatar.com\\\/avatar\\\/55c53222558b27a72015a64073a80edce4abd33369394b9bf2c5cd6c19d12682?s=96&d=mm&r=g\",\"url\":\"https:\\\/\\\/secure.gravatar.com\\\/avatar\\\/55c53222558b27a72015a64073a80edce4abd33369394b9bf2c5cd6c19d12682?s=96&d=mm&r=g\",\"contentUrl\":\"https:\\\/\\\/secure.gravatar.com\\\/avatar\\\/55c53222558b27a72015a64073a80edce4abd33369394b9bf2c5cd6c19d12682?s=96&d=mm&r=g\",\"caption\":\"Eva Martin\"},\"description\":\"Je parle de business et d'entrepreneuriat avec des conseils clairs, concrets et actionnables pour r\u00e9ussir\",\"sameAs\":[\"https:\\\/\\\/x.com\\\/Evaapresecole\"],\"url\":\"https:\\\/\\\/www.apres-lecole.fr\\\/Blog\\\/author\\\/evamartin\\\/\"}]}<\/script>\n<!-- \/ Yoast SEO plugin. -->","yoast_head_json":{"title":"Lutte des directeurs d'\u00e9cole publique \u00e0 Paris contre la d\u00e9charge menac\u00e9e","description":"\u00c0 Paris, les directeurs d'\u00e9cole publique s'unissent contre la suppression de leur d\u00e9charge, d\u00e9fendant la qualit\u00e9 de l'\u00e9ducation.","robots":{"index":"index","follow":"follow","max-snippet":"max-snippet:-1","max-image-preview":"max-image-preview:large","max-video-preview":"max-video-preview:-1"},"canonical":"https:\/\/www.apres-lecole.fr\/Blog\/defense-ecole-publique-paris\/","og_locale":"fr_FR","og_type":"article","og_title":"Lutte des directeurs d'\u00e9cole publique \u00e0 Paris contre la d\u00e9charge menac\u00e9e","og_description":"\u00c0 Paris, les directeurs d'\u00e9cole publique s'unissent contre la suppression de leur d\u00e9charge, d\u00e9fendant la qualit\u00e9 de l'\u00e9ducation.","og_url":"https:\/\/www.apres-lecole.fr\/Blog\/defense-ecole-publique-paris\/","article_published_time":"2025-06-04T21:10:13+00:00","author":"Eva Martin","twitter_card":"summary_large_image","twitter_creator":"@Evaapresecole","twitter_misc":{"\u00c9crit par":"Eva Martin","Dur\u00e9e de lecture estim\u00e9e":"8 minutes"},"schema":{"@context":"https:\/\/schema.org","@graph":[{"@type":"Article","@id":"https:\/\/www.apres-lecole.fr\/Blog\/defense-ecole-publique-paris\/#article","isPartOf":{"@id":"https:\/\/www.apres-lecole.fr\/Blog\/defense-ecole-publique-paris\/"},"author":{"name":"Eva Martin","@id":"https:\/\/www.apres-lecole.fr\/Blog\/#\/schema\/person\/aeb50cd4b51fc69da155804bb5bb9fc4"},"headline":"La d\u00e9fense de l&rsquo;\u00e9cole publique \u00e0 Paris : les directeurs et directrices s&rsquo;opposent \u00e0 la suppression de leur d\u00e9charge","datePublished":"2025-06-04T21:10:13+00:00","mainEntityOfPage":{"@id":"https:\/\/www.apres-lecole.fr\/Blog\/defense-ecole-publique-paris\/"},"wordCount":1631,"commentCount":0,"keywords":["directeurs d'\u00e9cole","directrices d'\u00e9cole","\u00e9cole publique","paris","suppressions"],"articleSection":["Actualit\u00e9s"],"inLanguage":"fr-FR","potentialAction":[{"@type":"CommentAction","name":"Comment","target":["https:\/\/www.apres-lecole.fr\/Blog\/defense-ecole-publique-paris\/#respond"]}]},{"@type":"WebPage","@id":"https:\/\/www.apres-lecole.fr\/Blog\/defense-ecole-publique-paris\/","url":"https:\/\/www.apres-lecole.fr\/Blog\/defense-ecole-publique-paris\/","name":"Lutte des directeurs d'\u00e9cole publique \u00e0 Paris contre la d\u00e9charge menac\u00e9e","isPartOf":{"@id":"https:\/\/www.apres-lecole.fr\/Blog\/#website"},"datePublished":"2025-06-04T21:10:13+00:00","author":{"@id":"https:\/\/www.apres-lecole.fr\/Blog\/#\/schema\/person\/aeb50cd4b51fc69da155804bb5bb9fc4"},"description":"\u00c0 Paris, les directeurs d'\u00e9cole publique s'unissent contre la suppression de leur d\u00e9charge, d\u00e9fendant la qualit\u00e9 de l'\u00e9ducation.","breadcrumb":{"@id":"https:\/\/www.apres-lecole.fr\/Blog\/defense-ecole-publique-paris\/#breadcrumb"},"inLanguage":"fr-FR","potentialAction":[{"@type":"ReadAction","target":["https:\/\/www.apres-lecole.fr\/Blog\/defense-ecole-publique-paris\/"]}]},{"@type":"BreadcrumbList","@id":"https:\/\/www.apres-lecole.fr\/Blog\/defense-ecole-publique-paris\/#breadcrumb","itemListElement":[{"@type":"ListItem","position":1,"name":"Home","item":"https:\/\/www.apres-lecole.fr\/Blog\/"},{"@type":"ListItem","position":2,"name":"La d\u00e9fense de l&rsquo;\u00e9cole publique \u00e0 Paris : les directeurs et directrices s&rsquo;opposent \u00e0 la suppression de leur d\u00e9charge"}]},{"@type":"WebSite","@id":"https:\/\/www.apres-lecole.fr\/Blog\/#website","url":"https:\/\/www.apres-lecole.fr\/Blog\/","name":"","description":"M\u00e9dia g\u00e9n\u00e9raliste","potentialAction":[{"@type":"SearchAction","target":{"@type":"EntryPoint","urlTemplate":"https:\/\/www.apres-lecole.fr\/Blog\/?s={search_term_string}"},"query-input":{"@type":"PropertyValueSpecification","valueRequired":true,"valueName":"search_term_string"}}],"inLanguage":"fr-FR"},{"@type":"Person","@id":"https:\/\/www.apres-lecole.fr\/Blog\/#\/schema\/person\/aeb50cd4b51fc69da155804bb5bb9fc4","name":"Eva Martin","image":{"@type":"ImageObject","inLanguage":"fr-FR","@id":"https:\/\/secure.gravatar.com\/avatar\/55c53222558b27a72015a64073a80edce4abd33369394b9bf2c5cd6c19d12682?s=96&d=mm&r=g","url":"https:\/\/secure.gravatar.com\/avatar\/55c53222558b27a72015a64073a80edce4abd33369394b9bf2c5cd6c19d12682?s=96&d=mm&r=g","contentUrl":"https:\/\/secure.gravatar.com\/avatar\/55c53222558b27a72015a64073a80edce4abd33369394b9bf2c5cd6c19d12682?s=96&d=mm&r=g","caption":"Eva Martin"},"description":"Je parle de business et d'entrepreneuriat avec des conseils clairs, concrets et actionnables pour r\u00e9ussir","sameAs":["https:\/\/x.com\/Evaapresecole"],"url":"https:\/\/www.apres-lecole.fr\/Blog\/author\/evamartin\/"}]}},"views":10,"_links":{"self":[{"href":"https:\/\/www.apres-lecole.fr\/Blog\/wp-json\/wp\/v2\/posts\/1992","targetHints":{"allow":["GET"]}}],"collection":[{"href":"https:\/\/www.apres-lecole.fr\/Blog\/wp-json\/wp\/v2\/posts"}],"about":[{"href":"https:\/\/www.apres-lecole.fr\/Blog\/wp-json\/wp\/v2\/types\/post"}],"author":[{"embeddable":true,"href":"https:\/\/www.apres-lecole.fr\/Blog\/wp-json\/wp\/v2\/users\/9"}],"replies":[{"embeddable":true,"href":"https:\/\/www.apres-lecole.fr\/Blog\/wp-json\/wp\/v2\/comments?post=1992"}],"version-history":[{"count":0,"href":"https:\/\/www.apres-lecole.fr\/Blog\/wp-json\/wp\/v2\/posts\/1992\/revisions"}],"wp:attachment":[{"href":"https:\/\/www.apres-lecole.fr\/Blog\/wp-json\/wp\/v2\/media?parent=1992"}],"wp:term":[{"taxonomy":"category","embeddable":true,"href":"https:\/\/www.apres-lecole.fr\/Blog\/wp-json\/wp\/v2\/categories?post=1992"},{"taxonomy":"post_tag","embeddable":true,"href":"https:\/\/www.apres-lecole.fr\/Blog\/wp-json\/wp\/v2\/tags?post=1992"}],"curies":[{"name":"wp","href":"https:\/\/api.w.org\/{rel}","templated":true}]}}