{"id":1988,"date":"2025-06-02T21:12:55","date_gmt":"2025-06-02T21:12:55","guid":{"rendered":"https:\/\/www.apres-lecole.fr\/Blog\/demystification-programmes-scolaires\/"},"modified":"2025-06-02T21:12:55","modified_gmt":"2025-06-02T21:12:55","slug":"demystification-programmes-scolaires","status":"publish","type":"post","link":"https:\/\/www.apres-lecole.fr\/Blog\/demystification-programmes-scolaires\/","title":{"rendered":"D\u00e9mystification des programmes scolaires : qui en est r\u00e9ellement le cr\u00e9ateur ?"},"content":{"rendered":"\n\n<div class=\"kk-star-ratings kksr-auto kksr-align-left kksr-valign-top\"\n    data-payload='{&quot;align&quot;:&quot;left&quot;,&quot;id&quot;:&quot;1988&quot;,&quot;slug&quot;:&quot;default&quot;,&quot;valign&quot;:&quot;top&quot;,&quot;ignore&quot;:&quot;&quot;,&quot;reference&quot;:&quot;auto&quot;,&quot;class&quot;:&quot;&quot;,&quot;count&quot;:&quot;0&quot;,&quot;legendonly&quot;:&quot;&quot;,&quot;readonly&quot;:&quot;&quot;,&quot;score&quot;:&quot;0&quot;,&quot;starsonly&quot;:&quot;&quot;,&quot;best&quot;:&quot;5&quot;,&quot;gap&quot;:&quot;5&quot;,&quot;greet&quot;:&quot;Rate this post&quot;,&quot;legend&quot;:&quot;0\\\/5 - (0 vote)&quot;,&quot;size&quot;:&quot;24&quot;,&quot;title&quot;:&quot;D\u00e9mystification des programmes scolaires : qui en est r\u00e9ellement le cr\u00e9ateur ?&quot;,&quot;width&quot;:&quot;0&quot;,&quot;_legend&quot;:&quot;{score}\\\/{best} - ({count} {votes})&quot;,&quot;font_factor&quot;:&quot;1.25&quot;}'>\n            \n<div class=\"kksr-stars\">\n    \n<div class=\"kksr-stars-inactive\">\n            <div class=\"kksr-star\" data-star=\"1\" style=\"padding-right: 5px\">\n            \n\n<div class=\"kksr-icon\" style=\"width: 24px; height: 24px;\"><\/div>\n        <\/div>\n            <div class=\"kksr-star\" data-star=\"2\" style=\"padding-right: 5px\">\n            \n\n<div class=\"kksr-icon\" style=\"width: 24px; height: 24px;\"><\/div>\n        <\/div>\n            <div class=\"kksr-star\" data-star=\"3\" style=\"padding-right: 5px\">\n            \n\n<div class=\"kksr-icon\" style=\"width: 24px; height: 24px;\"><\/div>\n        <\/div>\n            <div class=\"kksr-star\" data-star=\"4\" style=\"padding-right: 5px\">\n            \n\n<div class=\"kksr-icon\" style=\"width: 24px; height: 24px;\"><\/div>\n        <\/div>\n            <div class=\"kksr-star\" data-star=\"5\" style=\"padding-right: 5px\">\n            \n\n<div class=\"kksr-icon\" style=\"width: 24px; height: 24px;\"><\/div>\n        <\/div>\n    <\/div>\n    \n<div class=\"kksr-stars-active\" style=\"width: 0px;\">\n            <div class=\"kksr-star\" style=\"padding-right: 5px\">\n            \n\n<div class=\"kksr-icon\" style=\"width: 24px; height: 24px;\"><\/div>\n        <\/div>\n            <div class=\"kksr-star\" style=\"padding-right: 5px\">\n            \n\n<div class=\"kksr-icon\" style=\"width: 24px; height: 24px;\"><\/div>\n        <\/div>\n            <div class=\"kksr-star\" style=\"padding-right: 5px\">\n            \n\n<div class=\"kksr-icon\" style=\"width: 24px; height: 24px;\"><\/div>\n        <\/div>\n            <div class=\"kksr-star\" style=\"padding-right: 5px\">\n            \n\n<div class=\"kksr-icon\" style=\"width: 24px; height: 24px;\"><\/div>\n        <\/div>\n            <div class=\"kksr-star\" style=\"padding-right: 5px\">\n            \n\n<div class=\"kksr-icon\" style=\"width: 24px; height: 24px;\"><\/div>\n        <\/div>\n    <\/div>\n<\/div>\n                \n\n<div class=\"kksr-legend\" style=\"font-size: 19.2px;\">\n            <span class=\"kksr-muted\">Rate this post<\/span>\n    <\/div>\n    <\/div>\n<p>Les programmes scolaires, v\u00e9ritable colonne vert\u00e9brale du syst\u00e8me \u00e9ducatif, suscitent souvent des interrogations et des d\u00e9bats passionn\u00e9s. Qui les con\u00e7oit r\u00e9ellement ? Comment sont-ils \u00e9labor\u00e9s, et pourquoi semblent-ils parfois si \u00e9loign\u00e9s des r\u00e9alit\u00e9s des \u00e9coles ? \u00c0 l\u2019heure o\u00f9 l\u2019\u00e9ducation doit s\u2019adapter sans cesse aux \u00e9volutions soci\u00e9tales et technologiques, il est essentiel de se pencher sur le processus de cr\u00e9ation de ces programmes. Qui d\u00e9cide de ce qui est enseign\u00e9, et dans quel but ? Dans cet article, se d\u00e9voilent les coulisses de l\u2019\u00e9laboration des programmes scolaires, entre d\u00e9cisions politiques, pression soci\u00e9tale et n\u00e9cessit\u00e9 d\u2019innovation.<\/p>\n\n<h2 class=\"wp-block-heading\">Le processus d\u2019\u00e9laboration des programmes scolaires<\/h2>\n\n<p>Pour mieux comprendre comment les programmes scolaires voient le jour, il convient de plonger dans le processus qui les entoure. En France, la cr\u00e9ation des programmes est un travail de longue haleine qui implique plusieurs acteurs et \u00e9tapes. En premier lieu, le ministre de l&rsquo;\u00c9ducation nationale joue un r\u00f4le central. C&rsquo;est lui qui a le dernier mot sur les orientations g\u00e9n\u00e9rales. Cependant, il ne d\u00e9cide pas tout seul, loin s\u2019en faut. Une multitude de personnes et d\u2019entit\u00e9s sont impliqu\u00e9es dans le processus.<\/p>\n\n<p>Dans un premier temps, des commissions sp\u00e9cialis\u00e9es sont mises en place. Ces commissions regroupent des enseignants, des chercheurs, des sp\u00e9cialistes de l&rsquo;\u00e9ducation, mais aussi des repr\u00e9sentants des parents d&rsquo;\u00e9l\u00e8ves et des collectivit\u00e9s. Ensemble, ils r\u00e9fl\u00e9chissent aux axes prioritaires et aux besoins d&rsquo;adaptation des programmes en fonction des \u00e9volutions soci\u00e9tales et des besoins \u00e9ducatifs des \u00e9l\u00e8ves via une m\u00e9thode collaborative. <\/p>\n\n<ul class=\"wp-block-list\"><li>\ud83d\udd0d <strong>Les acteurs principaux :<\/strong>\n<ul>\n<li>Le ministre de l&rsquo;\u00c9ducation nationale \ud83c\udfdb\ufe0f<\/li>\n<li>Commissions d&rsquo;experts \ud83d\udc68\u200d\ud83c\udfeb<\/li>\n<li>Enseignants &amp; chercheurs \ud83d\udcda<\/li>\n<li>Repr\u00e9sentants de la soci\u00e9t\u00e9 civile \ud83d\udc65<\/li>\n<\/ul>\n<\/li><li>Le ministre de l&rsquo;\u00c9ducation nationale \ud83c\udfdb\ufe0f<\/li><li>Commissions d&rsquo;experts \ud83d\udc68\u200d\ud83c\udfeb<\/li><li>Enseignants &amp; chercheurs \ud83d\udcda<\/li><li>Repr\u00e9sentants de la soci\u00e9t\u00e9 civile \ud83d\udc65<\/li><\/ul>\n\n<p>Une fois les premi\u00e8res lignes directrices \u00e9tablies, plusieurs projets de programmes sont concoct\u00e9s. Chaque mati\u00e8re scolaire dispose de ses propres sp\u00e9cificit\u00e9s, ce qui rend ce travail particuli\u00e8rement complexe. Par exemple, l\u2019enseignement des math\u00e9matiques ne rev\u00eat pas les m\u00eames enjeux que celui de l\u2019histoire-g\u00e9ographie. Chaque discipline requiert une approche adapt\u00e9e et souvent renouvel\u00e9e.<\/p>\n\n<p>Le projet de programme, apr\u00e8s avoir \u00e9t\u00e9 nourri par les \u00e9changes et consultations, est soumis \u00e0 l&rsquo;approbation du <strong>Conseil sup\u00e9rieur des programmes (CSP)<\/strong>. Cette instance a \u00e9t\u00e9 cr\u00e9\u00e9e en 2013 et vise \u00e0 apporter un regard ext\u00e9rieur sur les propositions. Son r\u00f4le est de garantir une certaine transversalit\u00e9 et coh\u00e9rence entre les diff\u00e9rentes mati\u00e8res.<\/p>\n\n<p><strong>Le CSP et les programmes scolaires<\/strong> sont un v\u00e9ritable sujet d\u2019actualit\u00e9. Avec la mont\u00e9e de la technologie et des nouveaux outils \u00e9ducatifs, le CSP s&rsquo;efforce d\u2019int\u00e9grer ces \u00e9l\u00e9ments dans les recommandations. Par exemple, la n\u00e9cessit\u00e9 de former les \u00e9l\u00e8ves au num\u00e9rique est devenue primordiale. Comment les programmes scolaires prennent-ils en compte cette \u00e9volution ? R\u00e9ponse : \u00e0 travers des options sp\u00e9cifiques, des modules et des s\u00e9quences int\u00e9gr\u00e9es dans les cours.<\/p>\n\n<figure class=\"wp-block-table\"><table>\n<thead>\n<tr>\n<th>\u00c9tape<\/th>\n<th>Description<\/th>\n<th>Acteurs impliqu\u00e9s<\/th>\n<\/tr>\n<\/thead>\n<tbody>\n<tr>\n<td>1. \u00c9laboration des axes<\/td>\n<td>D\u00e9finition des grands th\u00e8mes et objectifs \u00e9ducatifs<\/td>\n<td>Minist\u00e8re, Commissions<\/td>\n<\/tr>\n<tr>\n<td>2. R\u00e9daction des projets<\/td>\n<td>Proposition de contenus sp\u00e9cifiques pour chaque mati\u00e8re<\/td>\n<td>Enseignants, Chercheurs<\/td>\n<\/tr>\n<tr>\n<td>3. Validation par le CSP<\/td>\n<td>Analyse et ajustements \u00e9ventuels du programme<\/td>\n<td>CSP<\/td>\n<\/tr>\n<\/tbody>\n<\/table><\/figure>\n\n<p>Finalement, une fois que le programme re\u00e7oit son feu vert, il est publi\u00e9 et diffus\u00e9 dans les \u00e9tablissements. Cela ne signifie pas qu&rsquo;il est fig\u00e9 pour l\u2019\u00e9ternit\u00e9. En effet, les programmes sont r\u00e9guli\u00e8rement \u00e9valu\u00e9s et r\u00e9vis\u00e9s en fonction des retours des enseignants et des r\u00e9sultats observ\u00e9s dans les classes. Ce cycle de r\u00e9\u00e9valuation est essentiel pour garantir que les contenus restent pertinents et efficaces.<\/p>\n\n<h2 class=\"wp-block-heading\">Le r\u00f4le des \u00e9diteurs et des ressources p\u00e9dagogiques<\/h2>\n\n<p>Un autre acteur incontournable dans la fabrication des programmes scolaires, bien que plus discret, est celui des \u00e9diteurs. Ces derniers, tels que <strong>\u00c9ditions Nathan<\/strong>, <strong>Hachette \u00c9ducation<\/strong>, <strong>Belin \u00c9ducation<\/strong>, ou encore <strong>Dunod<\/strong>, jouent un r\u00f4le cl\u00e9 dans la diffusion des id\u00e9es et des m\u00e9thodes d\u2019enseignement.<\/p>\n\n<p>En effet, les \u00e9diteurs sont souvent sollicit\u00e9s pour proposer des manuels scolaires qui accompagnent les nouveaux programmes. Lors de chaque r\u00e9vision des contenus, ces maisons d&rsquo;\u00e9dition doivent se mettre en conformit\u00e9 avec les directives \u00e9tablies par le CSP, mais \u00e9galement anticiper les tendances futures. Par exemple, l&rsquo;essor des technologies num\u00e9riques a conduit \u00e0 la cr\u00e9ation de manuels interactifs, int\u00e9grant des contenus en ligne, des exercices en vid\u00e9o, et des applications \u00e9ducatives.<\/p>\n\n<ul class=\"wp-block-list\"><li>\ud83d\udcda <strong>Les principales maisons d&rsquo;\u00e9dition :<\/strong>\n<ul>\n<li><strong>\u00c9ditions Nathan<\/strong><\/li>\n<li><strong>Hachette \u00c9ducation<\/strong><\/li>\n<li><strong>Belin \u00c9ducation<\/strong><\/li>\n<li><strong>Dunod<\/strong><\/li>\n<li><strong>C\u00e9lia \u00c9ditions<\/strong><\/li>\n<li><strong>L&rsquo;\u00c9cole des Loisirs<\/strong><\/li>\n<li><strong>Fleurus \u00c9ditions<\/strong><\/li>\n<li><strong>Milan \u00c9ditions<\/strong><\/li>\n<li><strong>Les \u00c9ditions de l&rsquo;Homme<\/strong><\/li>\n<li><strong>Presses Universitaires de France<\/strong><\/li>\n<\/ul>\n<\/li><li><strong>\u00c9ditions Nathan<\/strong><\/li><li><strong>Hachette \u00c9ducation<\/strong><\/li><li><strong>Belin \u00c9ducation<\/strong><\/li><li><strong>Dunod<\/strong><\/li><li><strong>C\u00e9lia \u00c9ditions<\/strong><\/li><li><strong>L&rsquo;\u00c9cole des Loisirs<\/strong><\/li><li><strong>Fleurus \u00c9ditions<\/strong><\/li><li><strong>Milan \u00c9ditions<\/strong><\/li><li><strong>Les \u00c9ditions de l&rsquo;Homme<\/strong><\/li><li><strong>Presses Universitaires de France<\/strong><\/li><\/ul>\n\n<p>Ce partenariat entre les institutions \u00e9ducatives et les \u00e9diteurs se nourrit d\u2019\u00e9changes constants. \u00c0 travers des groupes de travail, des consultations, et des retours d\u2019exp\u00e9riences, les \u00e9diteurs ajustent leurs propositions pour r\u00e9pondre au mieux aux attentes du syst\u00e8me \u00e9ducatif. Ces interactions ont \u00e9galement pour but de rendre les manuels plus accessibles et adapt\u00e9s aux r\u00e9alit\u00e9s des enseignants et des \u00e9l\u00e8ves.<\/p>\n\n<p>Les d\u00e9fis auxquels sont confront\u00e9s ces \u00e9diteurs sont multiples. Dans une \u00e8re o\u00f9 l&rsquo;acc\u00e8s \u00e0 l&rsquo;information est instantan\u00e9, les manuels doivent rivaliser avec les ressources en ligne. Les \u00e9l\u00e8ves sont de plus en plus en qu\u00eate de contenu interactif et engageant. De ce fait, la concurrence avec les outils num\u00e9riques est vive ! Les \u00e9diteurs doivent donc se montrer innovants pour capter l\u2019attention des \u00e9l\u00e8ves.<\/p>\n\n<p>Un enjeu fondamental consiste \u00e0 offrir des ressources en ad\u00e9quation avec le niveau de comp\u00e9tence des \u00e9l\u00e8ves, tout en garantissant la qualit\u00e9 p\u00e9dagogique. Le secteur de l\u2019\u00e9ducation doit alors \u00e9voluer en permanence pour s\u2019adapter aux attentes de la soci\u00e9t\u00e9 et aux besoins des futures g\u00e9n\u00e9rations.<\/p>\n\n<h2 class=\"wp-block-heading\">Les enjeux politiques et sociaux dans l\u2019\u00e9laboration des programmes<\/h2>\n\n<p>Il ne faut jamais oublier que l&rsquo;\u00e9laboration des programmes scolaires est \u00e9troitement li\u00e9e aux contextes politiques et sociaux. Les enjeux sont multiples et souvent contradictoires. D&rsquo;une part, les gouvernements cherchent \u00e0 offrir une \u00e9ducation accessible \u00e0 tous, tout en r\u00e9pondant \u00e0 des objectifs de performance et de comp\u00e9titivit\u00e9. D&rsquo;autre part, la soci\u00e9t\u00e9 civile, \u00e0 travers les parents d&rsquo;\u00e9l\u00e8ves, les syndicats enseignants ou les mouvements \u00e9ducatifs, exprime des besoins et des attentes sp\u00e9cifiques.<\/p>\n\n<p><strong>L&rsquo;influence politique<\/strong> sur les programmes scolaires ne peut pas \u00eatre ignor\u00e9e. Les grandes r\u00e9formes \u00e9ducatives sont souvent port\u00e9es par des promesses \u00e9lectorales. Ainsi, les choix de programmation refl\u00e8tent parfois des consid\u00e9rations politiques bien plus que des r\u00e9alit\u00e9s p\u00e9dagogiques. En effet, lors d&rsquo;\u00e9lections, on constate que les sujets li\u00e9s \u00e0 l&rsquo;\u00e9ducation sont en bonne place parmi les d\u00e9bats. Ces th\u00e8mes sont parfois instrumentalis\u00e9s dans le cadre de campagnes.<\/p>\n\n<ul class=\"wp-block-list\"><li>\ud83c\udfaf <strong>Les enjeux sociopolitiques :<\/strong>\n<ul>\n<li>Pressions \u00e9lectorales \ud83d\uddf3\ufe0f<\/li>\n<li>R\u00e9formes \u00e9ducatives continues \ud83d\udcdc<\/li>\n<li>R\u00e9actions des syndicats et des parents d&rsquo;\u00e9l\u00e8ves \ud83d\udc68\u200d\ud83d\udc69\u200d\ud83d\udc67\u200d\ud83d\udc66<\/li>\n<li>V\u00e9ritables besoins \u00e9ducatifs des \u00e9l\u00e8ves \ud83c\udf93<\/li>\n<\/ul>\n<\/li><li>Pressions \u00e9lectorales \ud83d\uddf3\ufe0f<\/li><li>R\u00e9formes \u00e9ducatives continues \ud83d\udcdc<\/li><li>R\u00e9actions des syndicats et des parents d&rsquo;\u00e9l\u00e8ves \ud83d\udc68\u200d\ud83d\udc69\u200d\ud83d\udc67\u200d\ud83d\udc66<\/li><li>V\u00e9ritables besoins \u00e9ducatifs des \u00e9l\u00e8ves \ud83c\udf93<\/li><\/ul>\n\n<p>Ce climat d\u2019influence politique peut parfois conduire \u00e0 un sentiment d\u2019opacit\u00e9, o\u00f9 les enseignants et les parents ont l\u2019impression de ne pas avoir voix au chapitre. Remettre en question la pertinence des programmes au regard des r\u00e9alit\u00e9s du terrain est une n\u00e9cessit\u00e9, notamment face aux \u00e9volutions rapides du monde moderne. Avoir des programmes qui pr\u00e9parent vraiment les enfants \u00e0 affronter le futur est plus qu&rsquo;une id\u00e9ologie, c&rsquo;est une r\u00e9elle n\u00e9cessit\u00e9.<\/p>\n\n<figure class=\"wp-block-table\"><table>\n<thead>\n<tr>\n<th>Influence<\/th>\n<th>Origine<\/th>\n<th>Cons\u00e9quence<\/th>\n<\/tr>\n<\/thead>\n<tbody>\n<tr>\n<td>Politique<\/td>\n<td>Promesses \u00e9lectorales<\/td>\n<td>R\u00e9formes ponctuelles<\/td>\n<\/tr>\n<tr>\n<td>Social<\/td>\n<td>Demande de parents et enseignants<\/td>\n<td>Programmes r\u00e9vis\u00e9s<\/td>\n<\/tr>\n<tr>\n<td>Technologique<\/td>\n<td>\u00c9volution des outils d&rsquo;apprentissage<\/td>\n<td>Int\u00e9gration num\u00e9rique<\/td>\n<\/tr>\n<\/tbody>\n<\/table><\/figure>\n\n<h2 class=\"wp-block-heading\">L&rsquo;impact des \u00e9valuations et des retours d&rsquo;exp\u00e9rience<\/h2>\n\n<p>Enfin, un aspect souvent n\u00e9glig\u00e9 dans cette m\u00e9canique complexe, c\u2019est l\u2019importance des <strong>\u00e9valuations<\/strong> et des retours d&rsquo;exp\u00e9rience en mati\u00e8re d&rsquo;enseignement. Comment savoir si un programme est adapt\u00e9 ou bien re\u00e7u par les \u00e9l\u00e8ves ? La r\u00e9ponse r\u00e9side dans l\u2019instauration de dispositifs d\u2019\u00e9valuation \u00e0 la fois formatifs et summatifs. Ces outils permettent d\u2019ajuster les contenus en fonction des r\u00e9sultats observ\u00e9s.<\/p>\n\n<p>En effet, chaque ann\u00e9e, l&rsquo;\u00c9ducation nationale met en place des \u00e9tudes et enqu\u00eates pour \u00e9valuer l&rsquo;efficacit\u00e9 des programmes en place. Ces \u00e9valuations sont le fruit de collaborations avec des associations, des universit\u00e9s, et m\u00eame des organismes internationaux. L\u2019objet de ces analyses ? Identifier les forces et faiblesses des programmes scolaires en action.<\/p>\n\n<ul class=\"wp-block-list\"><li>\ud83d\udcca <strong>Les outils d\u2019\u00e9valuation :<\/strong>\n<ul>\n<li>Tests standardis\u00e9s \ud83d\udcdd<\/li>\n<li>Retours des enseignants \ud83d\udce2<\/li>\n<li>Enqu\u00eates aupr\u00e8s des parents et \u00e9l\u00e8ves \ud83d\udc68\u200d\ud83d\udc69\u200d\ud83d\udc67\u200d\ud83d\udc66<\/li>\n<li>\u00c9tudes de cas \ud83d\udcda<\/li>\n<\/ul>\n<\/li><li>Tests standardis\u00e9s \ud83d\udcdd<\/li><li>Retours des enseignants \ud83d\udce2<\/li><li>Enqu\u00eates aupr\u00e8s des parents et \u00e9l\u00e8ves \ud83d\udc68\u200d\ud83d\udc69\u200d\ud83d\udc67\u200d\ud83d\udc66<\/li><li>\u00c9tudes de cas \ud83d\udcda<\/li><\/ul>\n\n<p>Les r\u00e9sultats permettent ainsi de poser des alertes sur des contenus d\u00e9pass\u00e9s ou des p\u00e9dagogies inadapt\u00e9es. Au-del\u00e0 des chiffres, ces retours offrent \u00e9galement un \u00e9clairage sur l\u2019exp\u00e9rience v\u00e9cue des \u00e9l\u00e8ves et des enseignants. Cette boucle r\u00e9troactive est essentielle pour garantir une \u00e9ducation de qualit\u00e9, en phase avec les attentes de la soci\u00e9t\u00e9.<\/p>\n\n<figure class=\"wp-block-table\"><table>\n<thead>\n<tr>\n<th>Dispositifs d&rsquo;\u00e9valuation<\/th>\n<th>Objectif<\/th>\n<th>Participants<\/th>\n<\/tr>\n<\/thead>\n<tbody>\n<tr>\n<td>Tests formatifs<\/td>\n<td>Mesurer les acquisitions des \u00e9l\u00e8ves<\/td>\n<td>\u00c9l\u00e8ves, enseignants<\/td>\n<\/tr>\n<tr>\n<td>Retours enseignants<\/td>\n<td>\u00c9valuer la pertinence des contenus<\/td>\n<td>Enseignants<\/td>\n<\/tr>\n<tr>\n<td>Enqu\u00eates<\/td>\n<td>Identifier les attentes et ressenti des familles<\/td>\n<td>Parents, \u00e9l\u00e8ves<\/td>\n<\/tr>\n<\/tbody>\n<\/table><\/figure>\n\n<h2 class=\"wp-block-heading\">FAQ sur les programmes scolaires<\/h2>\n\n<ul class=\"wp-block-list\"><li><strong>Qui \u00e9labore les programmes scolaires en France ?<\/strong> <br> Les programmes sont \u00e9labor\u00e9s par des commissions sp\u00e9cialis\u00e9es sous l&rsquo;\u00e9gide du minist\u00e8re de l&rsquo;\u00c9ducation nationale, avec le soutien du Conseil sup\u00e9rieur des programmes (CSP).<\/li><li><strong>Quel est le r\u00f4le des \u00e9diteurs dans les programmes scolaires ?<\/strong> <br> Les \u00e9diteurs produisent des manuels scolaires conformes aux programmes, en int\u00e9grant des contenus innovants et des ressources num\u00e9riques.<\/li><li><strong>Comment les programmes sont-ils ajust\u00e9s au fil du temps ?<\/strong> <br> Les programmes sont \u00e9valu\u00e9s r\u00e9guli\u00e8rement gr\u00e2ce \u00e0 des \u00e9tudes, des enqu\u00eates et des retours d&rsquo;exp\u00e9rience des enseignants et des \u00e9l\u00e8ves.<\/li><li><strong>Quelles sont les principales maisons d&rsquo;\u00e9dition fran\u00e7aises ?<\/strong> <br> Parmi les maisons d&rsquo;\u00e9dition, on trouve \u00c9ditions Nathan, Hachette \u00c9ducation, Belin \u00c9ducation, Dunod et plus encore.<\/li><li><strong>Quels enjeux influencent les programmes scolaires ?<\/strong> <br> Les programmes sont influenc\u00e9s par des enjeux politiques, sociaux et technologiques qui refl\u00e8tent les attentes de la soci\u00e9t\u00e9.<\/li><\/ul>\n\n","protected":false},"excerpt":{"rendered":"<p>Les programmes scolaires, v\u00e9ritable colonne vert\u00e9brale du syst\u00e8me \u00e9ducatif, suscitent souvent des interrogations et des d\u00e9bats passionn\u00e9s. Qui les con\u00e7oit r\u00e9ellement ? Comment sont-ils \u00e9labor\u00e9s, et pourquoi semblent-ils parfois si \u00e9loign\u00e9s des r\u00e9alit\u00e9s des \u00e9coles ? \u00c0 l\u2019heure o\u00f9 l\u2019\u00e9ducation doit s\u2019adapter sans cesse aux \u00e9volutions soci\u00e9tales et technologiques, il est essentiel de se pencher &#8230; <a title=\"D\u00e9mystification des programmes scolaires : qui en est r\u00e9ellement le cr\u00e9ateur ?\" class=\"read-more\" href=\"https:\/\/www.apres-lecole.fr\/Blog\/demystification-programmes-scolaires\/\" aria-label=\"En savoir plus sur D\u00e9mystification des programmes scolaires : qui en est r\u00e9ellement le cr\u00e9ateur ?\">Lire plus<\/a><\/p>\n","protected":false},"author":9,"featured_media":0,"comment_status":"open","ping_status":"open","sticky":false,"template":"","format":"standard","meta":{"footnotes":""},"categories":[342],"tags":[1005,1006,412,843,1004],"class_list":["post-1988","post","type-post","status-publish","format-standard","hentry","category-actualites","tag-creation-de-programmes","tag-demystification","tag-education","tag-pedagogie","tag-programmes-scolaires"],"yoast_head":"<!-- This site is optimized with the Yoast SEO plugin v27.5 - https:\/\/yoast.com\/product\/yoast-seo-wordpress\/ -->\n<title>D\u00e9mystifier les cr\u00e9ateurs des programmes scolaires<\/title>\n<meta name=\"description\" content=\"D\u00e9couvrez qui cr\u00e9e vraiment les programmes scolaires et le processus derri\u00e8re leur \u00e9laboration. D\u00e9mystifiez les acteurs cl\u00e9s de l&#039;\u00e9ducation !\" \/>\n<meta name=\"robots\" content=\"index, follow, max-snippet:-1, max-image-preview:large, max-video-preview:-1\" \/>\n<link rel=\"canonical\" href=\"https:\/\/www.apres-lecole.fr\/Blog\/demystification-programmes-scolaires\/\" \/>\n<meta property=\"og:locale\" content=\"fr_FR\" \/>\n<meta property=\"og:type\" content=\"article\" \/>\n<meta property=\"og:title\" content=\"D\u00e9mystifier les cr\u00e9ateurs des programmes scolaires\" \/>\n<meta property=\"og:description\" content=\"D\u00e9couvrez qui cr\u00e9e vraiment les programmes scolaires et le processus derri\u00e8re leur \u00e9laboration. D\u00e9mystifiez les acteurs cl\u00e9s de l&#039;\u00e9ducation !\" \/>\n<meta property=\"og:url\" content=\"https:\/\/www.apres-lecole.fr\/Blog\/demystification-programmes-scolaires\/\" \/>\n<meta property=\"article:published_time\" content=\"2025-06-02T21:12:55+00:00\" \/>\n<meta name=\"author\" content=\"Eva Martin\" \/>\n<meta name=\"twitter:card\" content=\"summary_large_image\" \/>\n<meta name=\"twitter:creator\" content=\"@Evaapresecole\" \/>\n<meta name=\"twitter:label1\" content=\"\u00c9crit par\" \/>\n\t<meta name=\"twitter:data1\" content=\"Eva Martin\" \/>\n\t<meta name=\"twitter:label2\" content=\"Dur\u00e9e de lecture estim\u00e9e\" \/>\n\t<meta name=\"twitter:data2\" content=\"9 minutes\" \/>\n<script type=\"application\/ld+json\" class=\"yoast-schema-graph\">{\"@context\":\"https:\\\/\\\/schema.org\",\"@graph\":[{\"@type\":\"Article\",\"@id\":\"https:\\\/\\\/www.apres-lecole.fr\\\/Blog\\\/demystification-programmes-scolaires\\\/#article\",\"isPartOf\":{\"@id\":\"https:\\\/\\\/www.apres-lecole.fr\\\/Blog\\\/demystification-programmes-scolaires\\\/\"},\"author\":{\"name\":\"Eva Martin\",\"@id\":\"https:\\\/\\\/www.apres-lecole.fr\\\/Blog\\\/#\\\/schema\\\/person\\\/aeb50cd4b51fc69da155804bb5bb9fc4\"},\"headline\":\"D\u00e9mystification des programmes scolaires : qui en est r\u00e9ellement le cr\u00e9ateur ?\",\"datePublished\":\"2025-06-02T21:12:55+00:00\",\"mainEntityOfPage\":{\"@id\":\"https:\\\/\\\/www.apres-lecole.fr\\\/Blog\\\/demystification-programmes-scolaires\\\/\"},\"wordCount\":1832,\"commentCount\":0,\"keywords\":[\"cr\u00e9ation de programmes\",\"d\u00e9mystification\",\"\u00e9ducation\",\"p\u00e9dagogie\",\"programmes scolaires\"],\"articleSection\":[\"Actualit\u00e9s\"],\"inLanguage\":\"fr-FR\",\"potentialAction\":[{\"@type\":\"CommentAction\",\"name\":\"Comment\",\"target\":[\"https:\\\/\\\/www.apres-lecole.fr\\\/Blog\\\/demystification-programmes-scolaires\\\/#respond\"]}]},{\"@type\":\"WebPage\",\"@id\":\"https:\\\/\\\/www.apres-lecole.fr\\\/Blog\\\/demystification-programmes-scolaires\\\/\",\"url\":\"https:\\\/\\\/www.apres-lecole.fr\\\/Blog\\\/demystification-programmes-scolaires\\\/\",\"name\":\"D\u00e9mystifier les cr\u00e9ateurs des programmes scolaires\",\"isPartOf\":{\"@id\":\"https:\\\/\\\/www.apres-lecole.fr\\\/Blog\\\/#website\"},\"datePublished\":\"2025-06-02T21:12:55+00:00\",\"author\":{\"@id\":\"https:\\\/\\\/www.apres-lecole.fr\\\/Blog\\\/#\\\/schema\\\/person\\\/aeb50cd4b51fc69da155804bb5bb9fc4\"},\"description\":\"D\u00e9couvrez qui cr\u00e9e vraiment les programmes scolaires et le processus derri\u00e8re leur \u00e9laboration. D\u00e9mystifiez les acteurs cl\u00e9s de l'\u00e9ducation !\",\"breadcrumb\":{\"@id\":\"https:\\\/\\\/www.apres-lecole.fr\\\/Blog\\\/demystification-programmes-scolaires\\\/#breadcrumb\"},\"inLanguage\":\"fr-FR\",\"potentialAction\":[{\"@type\":\"ReadAction\",\"target\":[\"https:\\\/\\\/www.apres-lecole.fr\\\/Blog\\\/demystification-programmes-scolaires\\\/\"]}]},{\"@type\":\"BreadcrumbList\",\"@id\":\"https:\\\/\\\/www.apres-lecole.fr\\\/Blog\\\/demystification-programmes-scolaires\\\/#breadcrumb\",\"itemListElement\":[{\"@type\":\"ListItem\",\"position\":1,\"name\":\"Home\",\"item\":\"https:\\\/\\\/www.apres-lecole.fr\\\/Blog\\\/\"},{\"@type\":\"ListItem\",\"position\":2,\"name\":\"D\u00e9mystification des programmes scolaires : qui en est r\u00e9ellement le cr\u00e9ateur ?\"}]},{\"@type\":\"WebSite\",\"@id\":\"https:\\\/\\\/www.apres-lecole.fr\\\/Blog\\\/#website\",\"url\":\"https:\\\/\\\/www.apres-lecole.fr\\\/Blog\\\/\",\"name\":\"\",\"description\":\"M\u00e9dia g\u00e9n\u00e9raliste\",\"potentialAction\":[{\"@type\":\"SearchAction\",\"target\":{\"@type\":\"EntryPoint\",\"urlTemplate\":\"https:\\\/\\\/www.apres-lecole.fr\\\/Blog\\\/?s={search_term_string}\"},\"query-input\":{\"@type\":\"PropertyValueSpecification\",\"valueRequired\":true,\"valueName\":\"search_term_string\"}}],\"inLanguage\":\"fr-FR\"},{\"@type\":\"Person\",\"@id\":\"https:\\\/\\\/www.apres-lecole.fr\\\/Blog\\\/#\\\/schema\\\/person\\\/aeb50cd4b51fc69da155804bb5bb9fc4\",\"name\":\"Eva Martin\",\"image\":{\"@type\":\"ImageObject\",\"inLanguage\":\"fr-FR\",\"@id\":\"https:\\\/\\\/secure.gravatar.com\\\/avatar\\\/55c53222558b27a72015a64073a80edce4abd33369394b9bf2c5cd6c19d12682?s=96&d=mm&r=g\",\"url\":\"https:\\\/\\\/secure.gravatar.com\\\/avatar\\\/55c53222558b27a72015a64073a80edce4abd33369394b9bf2c5cd6c19d12682?s=96&d=mm&r=g\",\"contentUrl\":\"https:\\\/\\\/secure.gravatar.com\\\/avatar\\\/55c53222558b27a72015a64073a80edce4abd33369394b9bf2c5cd6c19d12682?s=96&d=mm&r=g\",\"caption\":\"Eva Martin\"},\"description\":\"Je parle de business et d'entrepreneuriat avec des conseils clairs, concrets et actionnables pour r\u00e9ussir\",\"sameAs\":[\"https:\\\/\\\/x.com\\\/Evaapresecole\"],\"url\":\"https:\\\/\\\/www.apres-lecole.fr\\\/Blog\\\/author\\\/evamartin\\\/\"}]}<\/script>\n<!-- \/ Yoast SEO plugin. -->","yoast_head_json":{"title":"D\u00e9mystifier les cr\u00e9ateurs des programmes scolaires","description":"D\u00e9couvrez qui cr\u00e9e vraiment les programmes scolaires et le processus derri\u00e8re leur \u00e9laboration. D\u00e9mystifiez les acteurs cl\u00e9s de l'\u00e9ducation !","robots":{"index":"index","follow":"follow","max-snippet":"max-snippet:-1","max-image-preview":"max-image-preview:large","max-video-preview":"max-video-preview:-1"},"canonical":"https:\/\/www.apres-lecole.fr\/Blog\/demystification-programmes-scolaires\/","og_locale":"fr_FR","og_type":"article","og_title":"D\u00e9mystifier les cr\u00e9ateurs des programmes scolaires","og_description":"D\u00e9couvrez qui cr\u00e9e vraiment les programmes scolaires et le processus derri\u00e8re leur \u00e9laboration. D\u00e9mystifiez les acteurs cl\u00e9s de l'\u00e9ducation !","og_url":"https:\/\/www.apres-lecole.fr\/Blog\/demystification-programmes-scolaires\/","article_published_time":"2025-06-02T21:12:55+00:00","author":"Eva Martin","twitter_card":"summary_large_image","twitter_creator":"@Evaapresecole","twitter_misc":{"\u00c9crit par":"Eva Martin","Dur\u00e9e de lecture estim\u00e9e":"9 minutes"},"schema":{"@context":"https:\/\/schema.org","@graph":[{"@type":"Article","@id":"https:\/\/www.apres-lecole.fr\/Blog\/demystification-programmes-scolaires\/#article","isPartOf":{"@id":"https:\/\/www.apres-lecole.fr\/Blog\/demystification-programmes-scolaires\/"},"author":{"name":"Eva Martin","@id":"https:\/\/www.apres-lecole.fr\/Blog\/#\/schema\/person\/aeb50cd4b51fc69da155804bb5bb9fc4"},"headline":"D\u00e9mystification des programmes scolaires : qui en est r\u00e9ellement le cr\u00e9ateur ?","datePublished":"2025-06-02T21:12:55+00:00","mainEntityOfPage":{"@id":"https:\/\/www.apres-lecole.fr\/Blog\/demystification-programmes-scolaires\/"},"wordCount":1832,"commentCount":0,"keywords":["cr\u00e9ation de programmes","d\u00e9mystification","\u00e9ducation","p\u00e9dagogie","programmes scolaires"],"articleSection":["Actualit\u00e9s"],"inLanguage":"fr-FR","potentialAction":[{"@type":"CommentAction","name":"Comment","target":["https:\/\/www.apres-lecole.fr\/Blog\/demystification-programmes-scolaires\/#respond"]}]},{"@type":"WebPage","@id":"https:\/\/www.apres-lecole.fr\/Blog\/demystification-programmes-scolaires\/","url":"https:\/\/www.apres-lecole.fr\/Blog\/demystification-programmes-scolaires\/","name":"D\u00e9mystifier les cr\u00e9ateurs des programmes scolaires","isPartOf":{"@id":"https:\/\/www.apres-lecole.fr\/Blog\/#website"},"datePublished":"2025-06-02T21:12:55+00:00","author":{"@id":"https:\/\/www.apres-lecole.fr\/Blog\/#\/schema\/person\/aeb50cd4b51fc69da155804bb5bb9fc4"},"description":"D\u00e9couvrez qui cr\u00e9e vraiment les programmes scolaires et le processus derri\u00e8re leur \u00e9laboration. D\u00e9mystifiez les acteurs cl\u00e9s de l'\u00e9ducation !","breadcrumb":{"@id":"https:\/\/www.apres-lecole.fr\/Blog\/demystification-programmes-scolaires\/#breadcrumb"},"inLanguage":"fr-FR","potentialAction":[{"@type":"ReadAction","target":["https:\/\/www.apres-lecole.fr\/Blog\/demystification-programmes-scolaires\/"]}]},{"@type":"BreadcrumbList","@id":"https:\/\/www.apres-lecole.fr\/Blog\/demystification-programmes-scolaires\/#breadcrumb","itemListElement":[{"@type":"ListItem","position":1,"name":"Home","item":"https:\/\/www.apres-lecole.fr\/Blog\/"},{"@type":"ListItem","position":2,"name":"D\u00e9mystification des programmes scolaires : qui en est r\u00e9ellement le cr\u00e9ateur ?"}]},{"@type":"WebSite","@id":"https:\/\/www.apres-lecole.fr\/Blog\/#website","url":"https:\/\/www.apres-lecole.fr\/Blog\/","name":"","description":"M\u00e9dia g\u00e9n\u00e9raliste","potentialAction":[{"@type":"SearchAction","target":{"@type":"EntryPoint","urlTemplate":"https:\/\/www.apres-lecole.fr\/Blog\/?s={search_term_string}"},"query-input":{"@type":"PropertyValueSpecification","valueRequired":true,"valueName":"search_term_string"}}],"inLanguage":"fr-FR"},{"@type":"Person","@id":"https:\/\/www.apres-lecole.fr\/Blog\/#\/schema\/person\/aeb50cd4b51fc69da155804bb5bb9fc4","name":"Eva Martin","image":{"@type":"ImageObject","inLanguage":"fr-FR","@id":"https:\/\/secure.gravatar.com\/avatar\/55c53222558b27a72015a64073a80edce4abd33369394b9bf2c5cd6c19d12682?s=96&d=mm&r=g","url":"https:\/\/secure.gravatar.com\/avatar\/55c53222558b27a72015a64073a80edce4abd33369394b9bf2c5cd6c19d12682?s=96&d=mm&r=g","contentUrl":"https:\/\/secure.gravatar.com\/avatar\/55c53222558b27a72015a64073a80edce4abd33369394b9bf2c5cd6c19d12682?s=96&d=mm&r=g","caption":"Eva Martin"},"description":"Je parle de business et d'entrepreneuriat avec des conseils clairs, concrets et actionnables pour r\u00e9ussir","sameAs":["https:\/\/x.com\/Evaapresecole"],"url":"https:\/\/www.apres-lecole.fr\/Blog\/author\/evamartin\/"}]}},"views":10,"_links":{"self":[{"href":"https:\/\/www.apres-lecole.fr\/Blog\/wp-json\/wp\/v2\/posts\/1988","targetHints":{"allow":["GET"]}}],"collection":[{"href":"https:\/\/www.apres-lecole.fr\/Blog\/wp-json\/wp\/v2\/posts"}],"about":[{"href":"https:\/\/www.apres-lecole.fr\/Blog\/wp-json\/wp\/v2\/types\/post"}],"author":[{"embeddable":true,"href":"https:\/\/www.apres-lecole.fr\/Blog\/wp-json\/wp\/v2\/users\/9"}],"replies":[{"embeddable":true,"href":"https:\/\/www.apres-lecole.fr\/Blog\/wp-json\/wp\/v2\/comments?post=1988"}],"version-history":[{"count":0,"href":"https:\/\/www.apres-lecole.fr\/Blog\/wp-json\/wp\/v2\/posts\/1988\/revisions"}],"wp:attachment":[{"href":"https:\/\/www.apres-lecole.fr\/Blog\/wp-json\/wp\/v2\/media?parent=1988"}],"wp:term":[{"taxonomy":"category","embeddable":true,"href":"https:\/\/www.apres-lecole.fr\/Blog\/wp-json\/wp\/v2\/categories?post=1988"},{"taxonomy":"post_tag","embeddable":true,"href":"https:\/\/www.apres-lecole.fr\/Blog\/wp-json\/wp\/v2\/tags?post=1988"}],"curies":[{"name":"wp","href":"https:\/\/api.w.org\/{rel}","templated":true}]}}