{"id":1987,"date":"2025-06-02T07:08:19","date_gmt":"2025-06-02T07:08:19","guid":{"rendered":"https:\/\/www.apres-lecole.fr\/Blog\/agressions-enseignants-seine-saint-denis\/"},"modified":"2025-06-02T07:08:19","modified_gmt":"2025-06-02T07:08:19","slug":"agressions-enseignants-seine-saint-denis","status":"publish","type":"post","link":"https:\/\/www.apres-lecole.fr\/Blog\/agressions-enseignants-seine-saint-denis\/","title":{"rendered":"Les agressions \u00e0 l&rsquo;\u00e9gard des enseignants en Seine-Saint-Denis prennent de l&rsquo;ampleur : l&rsquo;\u00e9cole primaire n&rsquo;est plus un havre de paix"},"content":{"rendered":"\n\n<div class=\"kk-star-ratings kksr-auto kksr-align-left kksr-valign-top\"\n    data-payload='{&quot;align&quot;:&quot;left&quot;,&quot;id&quot;:&quot;1987&quot;,&quot;slug&quot;:&quot;default&quot;,&quot;valign&quot;:&quot;top&quot;,&quot;ignore&quot;:&quot;&quot;,&quot;reference&quot;:&quot;auto&quot;,&quot;class&quot;:&quot;&quot;,&quot;count&quot;:&quot;0&quot;,&quot;legendonly&quot;:&quot;&quot;,&quot;readonly&quot;:&quot;&quot;,&quot;score&quot;:&quot;0&quot;,&quot;starsonly&quot;:&quot;&quot;,&quot;best&quot;:&quot;5&quot;,&quot;gap&quot;:&quot;5&quot;,&quot;greet&quot;:&quot;Rate this post&quot;,&quot;legend&quot;:&quot;0\\\/5 - (0 vote)&quot;,&quot;size&quot;:&quot;24&quot;,&quot;title&quot;:&quot;Les agressions \u00e0 l\\u0026#039;\u00e9gard des enseignants en Seine-Saint-Denis prennent de l\\u0026#039;ampleur : l\\u0026#039;\u00e9cole primaire n\\u0026#039;est plus un havre de paix&quot;,&quot;width&quot;:&quot;0&quot;,&quot;_legend&quot;:&quot;{score}\\\/{best} - ({count} {votes})&quot;,&quot;font_factor&quot;:&quot;1.25&quot;}'>\n            \n<div class=\"kksr-stars\">\n    \n<div class=\"kksr-stars-inactive\">\n            <div class=\"kksr-star\" data-star=\"1\" style=\"padding-right: 5px\">\n            \n\n<div class=\"kksr-icon\" style=\"width: 24px; height: 24px;\"><\/div>\n        <\/div>\n            <div class=\"kksr-star\" data-star=\"2\" style=\"padding-right: 5px\">\n            \n\n<div class=\"kksr-icon\" style=\"width: 24px; height: 24px;\"><\/div>\n        <\/div>\n            <div class=\"kksr-star\" data-star=\"3\" style=\"padding-right: 5px\">\n            \n\n<div class=\"kksr-icon\" style=\"width: 24px; height: 24px;\"><\/div>\n        <\/div>\n            <div class=\"kksr-star\" data-star=\"4\" style=\"padding-right: 5px\">\n            \n\n<div class=\"kksr-icon\" style=\"width: 24px; height: 24px;\"><\/div>\n        <\/div>\n            <div class=\"kksr-star\" data-star=\"5\" style=\"padding-right: 5px\">\n            \n\n<div class=\"kksr-icon\" style=\"width: 24px; height: 24px;\"><\/div>\n        <\/div>\n    <\/div>\n    \n<div class=\"kksr-stars-active\" style=\"width: 0px;\">\n            <div class=\"kksr-star\" style=\"padding-right: 5px\">\n            \n\n<div class=\"kksr-icon\" style=\"width: 24px; height: 24px;\"><\/div>\n        <\/div>\n            <div class=\"kksr-star\" style=\"padding-right: 5px\">\n            \n\n<div class=\"kksr-icon\" style=\"width: 24px; height: 24px;\"><\/div>\n        <\/div>\n            <div class=\"kksr-star\" style=\"padding-right: 5px\">\n            \n\n<div class=\"kksr-icon\" style=\"width: 24px; height: 24px;\"><\/div>\n        <\/div>\n            <div class=\"kksr-star\" style=\"padding-right: 5px\">\n            \n\n<div class=\"kksr-icon\" style=\"width: 24px; height: 24px;\"><\/div>\n        <\/div>\n            <div class=\"kksr-star\" style=\"padding-right: 5px\">\n            \n\n<div class=\"kksr-icon\" style=\"width: 24px; height: 24px;\"><\/div>\n        <\/div>\n    <\/div>\n<\/div>\n                \n\n<div class=\"kksr-legend\" style=\"font-size: 19.2px;\">\n            <span class=\"kksr-muted\">Rate this post<\/span>\n    <\/div>\n    <\/div>\n<p>Les agressions envers les enseignants en Seine-Saint-Denis, notamment dans les \u00e9coles primaires, atteignent des niveaux alarmants. Les chiffres r\u00e9v\u00e8lent une r\u00e9alit\u00e9 inqui\u00e9tante : entre septembre 2024 et avril 2025, pas moins de 534 cas d&rsquo;agressions verbales ont \u00e9t\u00e9 rapport\u00e9s, un chiffre qui fait froid dans le dos par rapport aux 235 incidents constat\u00e9s sur l&rsquo;ensemble de l&rsquo;ann\u00e9e pr\u00e9c\u00e9dente. Ce ph\u00e9nom\u00e8ne soul\u00e8ve des questions cruciales sur la s\u00e9curit\u00e9 scolaire et le bien-\u00eatre des professionnels de l&rsquo;\u00e9ducation. En effet, ces violences remettent en cause le respect et la confiance que l&rsquo;on pourrait attendre d&rsquo;un environnement \u00e9ducatif. Au centre de ces tensions, un besoin urgent de soutien \u00e9ducatif et d&rsquo;interventions efficaces pour assurer la protection des enseignants se fait sentir. La situation n\u00e9cessite \u00e9galement une r\u00e9flexion approfondie sur la mani\u00e8re dont les \u00e9coles peuvent redevenir des havres de paix.<\/p>\n\n<h2 class=\"wp-block-heading\">Une hausse inqui\u00e9tante des agressions envers les enseignants<\/h2>\n\n<p>L\u2019\u00e9tat actuel des agressions contre les enseignants en Seine-Saint-Denis est loin d\u2019\u00eatre anodin. Le minist\u00e8re de l\u2019\u00c9ducation a mis en lumi\u00e8re une augmentation significative des incidents, faisant \u00e9tat de 534 agressions verbales signal\u00e9es cette ann\u00e9e. Un chiffre qui fait plus que doubler celui de l&rsquo;ann\u00e9e pr\u00e9c\u00e9dente o\u00f9 235 incidents avaient \u00e9t\u00e9 recens\u00e9s. Ces violences prennent diverses formes allant des insultes aux menaces de mort, refl\u00e9tant un climat de d\u00e9fiance qui s\u2019installe dans les \u00e9tablissements scolaires. Sandrine Lair, directrice acad\u00e9mique, a d\u00e9crit ces attaques comme \u00ab inacceptables \u00bb, soulignant la n\u00e9cessit\u00e9 d&rsquo;une r\u00e9action urgente pour prot\u00e9ger les enseignants et restaurer un climat serein et propice \u00e0 l\u2019apprentissage.<\/p>\n\n<h3 class=\"wp-block-heading\">Le contexte des violences scolaires<\/h3>\n\n<p>Les causes de cette flamb\u00e9e de violence sont multiples et complexes. D\u2019abord, on observe un ph\u00e9nom\u00e8ne de d\u00e9gradation des m\u0153urs et du respect dans la sph\u00e8re \u00e9ducative. De plus, la tension sociale ambiante, exacerb\u00e9e par des crises \u00e9conomiques et des in\u00e9galit\u00e9s croissantes, joue un r\u00f4le primordial. La Seine-Saint-Denis, avec son taux de ch\u00f4mage \u00e9lev\u00e9, ses populations pr\u00e9caires et sa diversit\u00e9 culturelle, est particuli\u00e8rement touch\u00e9e par ces tensions. Cette situation g\u00e9n\u00e8re un terreau propice aux conflits et \u00e0 l\u2019hostilit\u00e9 \u00e0 l\u2019\u00e9gard des figures d\u2019autorit\u00e9, dont les enseignants, qui se trouvent en premi\u00e8re ligne.<\/p>\n\n<p>Une autre explication r\u00e9side dans un manque de <strong>pr\u00e9vention des violences<\/strong> scolaires. Beaucoup d&rsquo;\u00e9tablissements manquent de ressources ad\u00e9quates pour g\u00e9rer ces situations difficiles. Les \u00e9quipes \u00e9ducatives, sous-encadr\u00e9es, se voient rapidement d\u00e9bord\u00e9es lorsqu\u2019un incident survient. Par ailleurs, le soutien \u00e9ducatif reste insuffisant, renfor\u00e7ant le sentiment d\u2019abandon chez certains enseignants, qui se retrouvent alors isol\u00e9s face \u00e0 des comportements agressifs.<\/p>\n\n<h3 class=\"wp-block-heading\">Des t\u00e9moignages qui font froid dans le dos<\/h3>\n\n<p>\u00c9coutons quelques t\u00e9moignages d&rsquo;enseignants qui ont v\u00e9cu cette r\u00e9alit\u00e9. Marc, un jeune professeur de moins de 30 ans, a \u00e9t\u00e9 agress\u00e9 \u00e0 trois reprises en moins de 18 mois. Ce type d&rsquo;exp\u00e9rience tragique et r\u00e9p\u00e9t\u00e9e est devenu monnaie courante. \u00ab Je re\u00e7ois des coups, je saigne \u00bb, a-t-il confi\u00e9. L&rsquo;horreur de telles d\u00e9clarations \u00e9claire tragiquement l&rsquo;\u00e9tat de l&rsquo;\u00e9cole publique dans la r\u00e9gion.<\/p>\n\n<p>Un tableau des types d&rsquo;agressions subies par les enseignants pourrait aider \u00e0 visualiser l&rsquo;ampleur du probl\u00e8me. Voici un r\u00e9sum\u00e9 des incidents rapport\u00e9s :<\/p>\n\n<figure class=\"wp-block-table\"><table>\n<thead>\n<tr>\n<th>Type d&rsquo;agression<\/th>\n<th>Incidents signal\u00e9s<\/th>\n<th>Pourcentage<\/th>\n<\/tr>\n<\/thead>\n<tbody>\n<tr>\n<td>Menaces de mort<\/td>\n<td>150<\/td>\n<td>28%<\/td>\n<\/tr>\n<tr>\n<td>Insultes<\/td>\n<td>250<\/td>\n<td>47%<\/td>\n<\/tr>\n<tr>\n<td>Agressions physiques<\/td>\n<td>134<\/td>\n<td>25%<\/td>\n<\/tr>\n<\/tbody>\n<\/table><\/figure>\n\n<h2 class=\"wp-block-heading\">Le manque de soutien pour les enseignants en difficult\u00e9<\/h2>\n\n<p>Les enseignants se retrouvent souvent seuls face \u00e0 des situations d\u2019agression, sans le soutien d&rsquo;une <strong>protection enseignants<\/strong> ad\u00e9quate. Nombre d&rsquo;entre eux mettent en lumi\u00e8re un manque de r\u00e9elles mesures de soutien de la part de leur hi\u00e9rarchie. Les dispositifs d\u2019accompagnement restent largement insuffisants, laissant de nombreux professionnels se sentir abandonn\u00e9s. Les syndicats d&rsquo;enseignants multiplient les appels \u00e0 la mobilisation, clamant que le syst\u00e8me \u00e9ducatif doit revoir sa copie sur la s\u00e9curit\u00e9 en milieu scolaire pour garantir le bien-\u00eatre \u00e0 l&rsquo;\u00e9cole.<\/p>\n\n<h3 class=\"wp-block-heading\">Les initiatives pour am\u00e9liorer la s\u00e9curit\u00e9 scolaire<\/h3>\n\n<p>Pour faire face \u00e0 cette crise, plusieurs initiatives ont \u00e9t\u00e9 mises en place. Des campagnes de sensibilisation sont lanc\u00e9es, visant \u00e0 restaurer un climat de respect et de confiance. Par exemple, le programme \u00ab Respect et M\u00e9moire \u00bb vise \u00e0 rappeler aux \u00e9l\u00e8ves l&rsquo;importance du respect des enseignants et des valeurs de l&rsquo;\u00e9cole.<\/p>\n\n<p>Les \u00e9tablissements peuvent \u00e9galement s&rsquo;appuyer sur des formations sp\u00e9cifiques pour aider le personnel \u00e0 g\u00e9rer les conflits. En voici quelques-unes :<\/p>\n\n<ul class=\"wp-block-list\"><li>\ud83d\udd0d Formation \u00e0 la gestion des conflits<\/li><li>\ud83d\udce2 Sensibilisation aux comportements agressifs<\/li><li>\ud83d\udca1 Ateliers de bien-\u00eatre mental et de r\u00e9silience<\/li><\/ul>\n\n<p>Ces actions visent \u00e0 favoriser une <strong>solidarit\u00e9 scolaire<\/strong> face aux violences et \u00e0 renforcer le sentiment d&rsquo;appartenance \u00e0 la communaut\u00e9 \u00e9ducative. Cependant, il reste encore de nombreux d\u00e9fis \u00e0 relever, et des efforts concert\u00e9s de tous les acteurs du syst\u00e8me \u00e9ducatif sont n\u00e9cessaires.<\/p>\n\n<h2 class=\"wp-block-heading\">Le r\u00f4le des parents et de la communaut\u00e9 \u00e9ducative<\/h2>\n\n<p>Les parents d&rsquo;\u00e9l\u00e8ves et la communaut\u00e9 \u00e9ducative jouent \u00e9galement un r\u00f4le crucial dans la protection des enseignants. La collaboration entre les diff\u00e9rents acteurs \u00e9ducatifs peut cr\u00e9er une atmosph\u00e8re plus s\u00e9curis\u00e9e et sereine. Malheureusement, ce soutien semble parfois absent. Les difficult\u00e9s \u00e9conomiques de nombreuses familles peuvent impacter le comportement des \u00e9l\u00e8ves \u00e0 l&rsquo;\u00e9cole, entra\u00eenant un cercle vicieux.<\/p>\n\n<h3 class=\"wp-block-heading\">\u00c9tablir un partenariat fort<\/h3>\n\n<p>Pour y rem\u00e9dier, un partenariat plus solide entre les parents et l\u2019\u00e9cole est indispensable. Cela pourrait passer par des r\u00e9unions r\u00e9guli\u00e8res pour discuter de la s\u00e9curit\u00e9 \u00e0 l&rsquo;\u00e9cole et des comportements des enfants. De plus, int\u00e9grer les parents dans les projets \u00e9ducatifs pourrait renforcer le lien avec l\u2019\u00e9tablissement. Propositions concr\u00e8tes :<\/p>\n\n<ul class=\"wp-block-list\"><li>\ud83e\udd1d Cr\u00e9er des comit\u00e9s de parents d&rsquo;\u00e9l\u00e8ves<\/li><li>\ud83d\udc65 Organiser des ateliers pour les parents sur l&rsquo;\u00e9ducation et la discipline<\/li><li>\ud83d\udcca \u00c9valuer ensemble les incidents et les solutions apport\u00e9es<\/li><\/ul>\n\n<p>En agissant ensemble, les parents et les enseignants peuvent contribuer \u00e0 un environnement d&rsquo;apprentissage plus positif et respectueux. Ce type de partenariat doit devenir une priorit\u00e9 pour chaque \u00e9cole afin d\u2019am\u00e9liorer le climat scolaire.<\/p>\n\n<h2 class=\"wp-block-heading\">Les perspectives d\u2019avenir pour l\u2019\u00e9ducation en Seine-Saint-Denis<\/h2>\n\n<p>Il est crucial de se projeter vers l&rsquo;avenir pour mettre en place des solutions durables. Une v\u00e9ritable <strong>\u00e9ducation en s\u00e9curit\u00e9<\/strong> n\u00e9cessite une approche syst\u00e9mique, allant de l&rsquo;\u00e9coute des \u00e9l\u00e8ves aux politiques \u00e9ducatives nationales. De nombreuses voix s\u2019\u00e9l\u00e8vent pour appeler \u00e0 un renforcement des moyens accord\u00e9s aux \u00e9tablissements scolaires, notamment en mati\u00e8re de <strong>pr\u00e9vention des violences<\/strong>.<\/p>\n\n<h3 class=\"wp-block-heading\">Propositions concr\u00e8tes pour le changement<\/h3>\n\n<p>Voici quelques recommandations qui pourraient favoriser une \u00e9volution positive :<\/p>\n\n<ul class=\"wp-block-list\"><li>\ud83d\udcc8 Augmenter le nombre de personnels \u00e9ducatifs pour diminuer le rapport \u00e9l\u00e8ves\/enseignants<\/li><li>\ud83d\udee1\ufe0f Mettre en place des politiques de s\u00e9curit\u00e9 sp\u00e9cifiques par \u00e9tablissement<\/li><li>\ud83d\udcda Renforcer la formation continue des enseignants dans la gestion des conflits<\/li><\/ul>\n\n<p>Ces mesures permettraient de renforcer la confiance en milieu scolaire et de garantir le bien-\u00eatre \u00e0 l&rsquo;\u00e9cole. Chaque action doit tendre vers un objectif commun : un environnement scolaire o\u00f9 enseignants et \u00e9l\u00e8ves se sentent en s\u00e9curit\u00e9 et respect\u00e9s. \u00c0 l&rsquo;heure o\u00f9 le respect des enseignants est plus que n\u00e9cessaire, il devient urgent d&rsquo;agir pour pr\u00e9server l&rsquo;image de l&rsquo;\u00e9cole publique.<\/p>\n\n<h3 class=\"wp-block-heading\">FAQ<\/h3>\n\n<p><strong>Quelles sont les meilleures pratiques pour am\u00e9liorer la s\u00e9curit\u00e9 scolaire ?<\/strong><br> Une bonne communication entre les parents, les enseignants et l&rsquo;administration est essentielle, tout comme la formation des enseignants sur la gestion des conflits.<\/p>\n\n<p><strong>Comment les parents peuvent-ils soutenir les enseignants ?<\/strong><br> Les parents peuvent s&rsquo;impliquer en assistant aux r\u00e9unions, en soutenant les initiatives scolaires et en discutant des attentes de comportement avec leurs enfants.<\/p>\n\n<p><strong>Quel impact psychologique les agressions ont-elles sur les enseignants ?<\/strong><br> Les agressions peuvent cr\u00e9er un environnement de travail stressant, entra\u00eenant du d\u00e9couragement, une baisse de motivation et m\u00eame de l&rsquo;\u00e9puisement professionnel.<\/p>\n\n<p><strong>Les initiatives gouvernementales sont-elles efficaces ?<\/strong><br> Certaines initiatives commencent \u00e0 porter leurs fruits, mais il est n\u00e9cessaire de continuer \u00e0 investir dans des programmes de soutien et de pr\u00e9vention.<\/p>\n\n<p><strong>Comment la communaut\u00e9 peut-elle participer \u00e0 am\u00e9liorer la situation ?<\/strong><br> En organisant des \u00e9v\u00e9nements de sensibilisation, des forums et des formations, la communaut\u00e9 peut cr\u00e9er un dialogue constructif et soutenir les efforts des enseignants.<\/p>\n\n","protected":false},"excerpt":{"rendered":"<p>Les agressions envers les enseignants en Seine-Saint-Denis, notamment dans les \u00e9coles primaires, atteignent des niveaux alarmants. Les chiffres r\u00e9v\u00e8lent une r\u00e9alit\u00e9 inqui\u00e9tante : entre septembre 2024 et avril 2025, pas moins de 534 cas d&rsquo;agressions verbales ont \u00e9t\u00e9 rapport\u00e9s, un chiffre qui fait froid dans le dos par rapport aux 235 incidents constat\u00e9s sur l&rsquo;ensemble &#8230; <a title=\"Les agressions \u00e0 l&rsquo;\u00e9gard des enseignants en Seine-Saint-Denis prennent de l&rsquo;ampleur : l&rsquo;\u00e9cole primaire n&rsquo;est plus un havre de paix\" class=\"read-more\" href=\"https:\/\/www.apres-lecole.fr\/Blog\/agressions-enseignants-seine-saint-denis\/\" aria-label=\"En savoir plus sur Les agressions \u00e0 l&rsquo;\u00e9gard des enseignants en Seine-Saint-Denis prennent de l&rsquo;ampleur : l&rsquo;\u00e9cole primaire n&rsquo;est plus un havre de paix\">Lire plus<\/a><\/p>\n","protected":false},"author":9,"featured_media":0,"comment_status":"open","ping_status":"open","sticky":false,"template":"","format":"standard","meta":{"footnotes":""},"categories":[342],"tags":[1001,904,956,1003,1002],"class_list":["post-1987","post","type-post","status-publish","format-standard","hentry","category-actualites","tag-agressions","tag-ecole-primaire","tag-enseignants","tag-securite-a-lecole","tag-seine-saint-denis"],"yoast_head":"<!-- This site is optimized with the Yoast SEO plugin v27.5 - https:\/\/yoast.com\/product\/yoast-seo-wordpress\/ -->\n<title>L&#039;\u00e9cole primaire en Seine-Saint-Denis : un refuge menac\u00e9<\/title>\n<meta name=\"description\" content=\"Les agressions contre les enseignants en Seine-Saint-Denis explosent : l&#039;\u00e9cole primaire n&#039;est plus un refuge s\u00fbr pour le personnel \u00e9ducatif.\" \/>\n<meta name=\"robots\" content=\"index, follow, max-snippet:-1, max-image-preview:large, max-video-preview:-1\" \/>\n<link rel=\"canonical\" href=\"https:\/\/www.apres-lecole.fr\/Blog\/agressions-enseignants-seine-saint-denis\/\" \/>\n<meta property=\"og:locale\" content=\"fr_FR\" \/>\n<meta property=\"og:type\" content=\"article\" \/>\n<meta property=\"og:title\" content=\"L&#039;\u00e9cole primaire en Seine-Saint-Denis : un refuge menac\u00e9\" \/>\n<meta property=\"og:description\" content=\"Les agressions contre les enseignants en Seine-Saint-Denis explosent : l&#039;\u00e9cole primaire n&#039;est plus un refuge s\u00fbr pour le personnel \u00e9ducatif.\" \/>\n<meta property=\"og:url\" content=\"https:\/\/www.apres-lecole.fr\/Blog\/agressions-enseignants-seine-saint-denis\/\" \/>\n<meta property=\"article:published_time\" content=\"2025-06-02T07:08:19+00:00\" \/>\n<meta name=\"author\" content=\"Eva Martin\" \/>\n<meta name=\"twitter:card\" content=\"summary_large_image\" \/>\n<meta name=\"twitter:creator\" content=\"@Evaapresecole\" \/>\n<meta name=\"twitter:label1\" content=\"\u00c9crit par\" \/>\n\t<meta name=\"twitter:data1\" content=\"Eva Martin\" \/>\n\t<meta name=\"twitter:label2\" content=\"Dur\u00e9e de lecture estim\u00e9e\" \/>\n\t<meta name=\"twitter:data2\" content=\"7 minutes\" \/>\n<script type=\"application\/ld+json\" class=\"yoast-schema-graph\">{\"@context\":\"https:\\\/\\\/schema.org\",\"@graph\":[{\"@type\":\"Article\",\"@id\":\"https:\\\/\\\/www.apres-lecole.fr\\\/Blog\\\/agressions-enseignants-seine-saint-denis\\\/#article\",\"isPartOf\":{\"@id\":\"https:\\\/\\\/www.apres-lecole.fr\\\/Blog\\\/agressions-enseignants-seine-saint-denis\\\/\"},\"author\":{\"name\":\"Eva Martin\",\"@id\":\"https:\\\/\\\/www.apres-lecole.fr\\\/Blog\\\/#\\\/schema\\\/person\\\/aeb50cd4b51fc69da155804bb5bb9fc4\"},\"headline\":\"Les agressions \u00e0 l&rsquo;\u00e9gard des enseignants en Seine-Saint-Denis prennent de l&rsquo;ampleur : l&rsquo;\u00e9cole primaire n&rsquo;est plus un havre de paix\",\"datePublished\":\"2025-06-02T07:08:19+00:00\",\"mainEntityOfPage\":{\"@id\":\"https:\\\/\\\/www.apres-lecole.fr\\\/Blog\\\/agressions-enseignants-seine-saint-denis\\\/\"},\"wordCount\":1428,\"commentCount\":0,\"keywords\":[\"agressions\",\"\u00e9cole primaire\",\"enseignants\",\"s\u00e9curit\u00e9 \u00e0 l'\u00e9cole\",\"seine-saint-denis\"],\"articleSection\":[\"Actualit\u00e9s\"],\"inLanguage\":\"fr-FR\",\"potentialAction\":[{\"@type\":\"CommentAction\",\"name\":\"Comment\",\"target\":[\"https:\\\/\\\/www.apres-lecole.fr\\\/Blog\\\/agressions-enseignants-seine-saint-denis\\\/#respond\"]}]},{\"@type\":\"WebPage\",\"@id\":\"https:\\\/\\\/www.apres-lecole.fr\\\/Blog\\\/agressions-enseignants-seine-saint-denis\\\/\",\"url\":\"https:\\\/\\\/www.apres-lecole.fr\\\/Blog\\\/agressions-enseignants-seine-saint-denis\\\/\",\"name\":\"L'\u00e9cole primaire en Seine-Saint-Denis : un refuge menac\u00e9\",\"isPartOf\":{\"@id\":\"https:\\\/\\\/www.apres-lecole.fr\\\/Blog\\\/#website\"},\"datePublished\":\"2025-06-02T07:08:19+00:00\",\"author\":{\"@id\":\"https:\\\/\\\/www.apres-lecole.fr\\\/Blog\\\/#\\\/schema\\\/person\\\/aeb50cd4b51fc69da155804bb5bb9fc4\"},\"description\":\"Les agressions contre les enseignants en Seine-Saint-Denis explosent : l'\u00e9cole primaire n'est plus un refuge s\u00fbr pour le personnel \u00e9ducatif.\",\"breadcrumb\":{\"@id\":\"https:\\\/\\\/www.apres-lecole.fr\\\/Blog\\\/agressions-enseignants-seine-saint-denis\\\/#breadcrumb\"},\"inLanguage\":\"fr-FR\",\"potentialAction\":[{\"@type\":\"ReadAction\",\"target\":[\"https:\\\/\\\/www.apres-lecole.fr\\\/Blog\\\/agressions-enseignants-seine-saint-denis\\\/\"]}]},{\"@type\":\"BreadcrumbList\",\"@id\":\"https:\\\/\\\/www.apres-lecole.fr\\\/Blog\\\/agressions-enseignants-seine-saint-denis\\\/#breadcrumb\",\"itemListElement\":[{\"@type\":\"ListItem\",\"position\":1,\"name\":\"Home\",\"item\":\"https:\\\/\\\/www.apres-lecole.fr\\\/Blog\\\/\"},{\"@type\":\"ListItem\",\"position\":2,\"name\":\"Les agressions \u00e0 l&rsquo;\u00e9gard des enseignants en Seine-Saint-Denis prennent de l&rsquo;ampleur : l&rsquo;\u00e9cole primaire n&rsquo;est plus un havre de paix\"}]},{\"@type\":\"WebSite\",\"@id\":\"https:\\\/\\\/www.apres-lecole.fr\\\/Blog\\\/#website\",\"url\":\"https:\\\/\\\/www.apres-lecole.fr\\\/Blog\\\/\",\"name\":\"\",\"description\":\"M\u00e9dia g\u00e9n\u00e9raliste\",\"potentialAction\":[{\"@type\":\"SearchAction\",\"target\":{\"@type\":\"EntryPoint\",\"urlTemplate\":\"https:\\\/\\\/www.apres-lecole.fr\\\/Blog\\\/?s={search_term_string}\"},\"query-input\":{\"@type\":\"PropertyValueSpecification\",\"valueRequired\":true,\"valueName\":\"search_term_string\"}}],\"inLanguage\":\"fr-FR\"},{\"@type\":\"Person\",\"@id\":\"https:\\\/\\\/www.apres-lecole.fr\\\/Blog\\\/#\\\/schema\\\/person\\\/aeb50cd4b51fc69da155804bb5bb9fc4\",\"name\":\"Eva Martin\",\"image\":{\"@type\":\"ImageObject\",\"inLanguage\":\"fr-FR\",\"@id\":\"https:\\\/\\\/secure.gravatar.com\\\/avatar\\\/55c53222558b27a72015a64073a80edce4abd33369394b9bf2c5cd6c19d12682?s=96&d=mm&r=g\",\"url\":\"https:\\\/\\\/secure.gravatar.com\\\/avatar\\\/55c53222558b27a72015a64073a80edce4abd33369394b9bf2c5cd6c19d12682?s=96&d=mm&r=g\",\"contentUrl\":\"https:\\\/\\\/secure.gravatar.com\\\/avatar\\\/55c53222558b27a72015a64073a80edce4abd33369394b9bf2c5cd6c19d12682?s=96&d=mm&r=g\",\"caption\":\"Eva Martin\"},\"description\":\"Je parle de business et d'entrepreneuriat avec des conseils clairs, concrets et actionnables pour r\u00e9ussir\",\"sameAs\":[\"https:\\\/\\\/x.com\\\/Evaapresecole\"],\"url\":\"https:\\\/\\\/www.apres-lecole.fr\\\/Blog\\\/author\\\/evamartin\\\/\"}]}<\/script>\n<!-- \/ Yoast SEO plugin. -->","yoast_head_json":{"title":"L'\u00e9cole primaire en Seine-Saint-Denis : un refuge menac\u00e9","description":"Les agressions contre les enseignants en Seine-Saint-Denis explosent : l'\u00e9cole primaire n'est plus un refuge s\u00fbr pour le personnel \u00e9ducatif.","robots":{"index":"index","follow":"follow","max-snippet":"max-snippet:-1","max-image-preview":"max-image-preview:large","max-video-preview":"max-video-preview:-1"},"canonical":"https:\/\/www.apres-lecole.fr\/Blog\/agressions-enseignants-seine-saint-denis\/","og_locale":"fr_FR","og_type":"article","og_title":"L'\u00e9cole primaire en Seine-Saint-Denis : un refuge menac\u00e9","og_description":"Les agressions contre les enseignants en Seine-Saint-Denis explosent : l'\u00e9cole primaire n'est plus un refuge s\u00fbr pour le personnel \u00e9ducatif.","og_url":"https:\/\/www.apres-lecole.fr\/Blog\/agressions-enseignants-seine-saint-denis\/","article_published_time":"2025-06-02T07:08:19+00:00","author":"Eva Martin","twitter_card":"summary_large_image","twitter_creator":"@Evaapresecole","twitter_misc":{"\u00c9crit par":"Eva Martin","Dur\u00e9e de lecture estim\u00e9e":"7 minutes"},"schema":{"@context":"https:\/\/schema.org","@graph":[{"@type":"Article","@id":"https:\/\/www.apres-lecole.fr\/Blog\/agressions-enseignants-seine-saint-denis\/#article","isPartOf":{"@id":"https:\/\/www.apres-lecole.fr\/Blog\/agressions-enseignants-seine-saint-denis\/"},"author":{"name":"Eva Martin","@id":"https:\/\/www.apres-lecole.fr\/Blog\/#\/schema\/person\/aeb50cd4b51fc69da155804bb5bb9fc4"},"headline":"Les agressions \u00e0 l&rsquo;\u00e9gard des enseignants en Seine-Saint-Denis prennent de l&rsquo;ampleur : l&rsquo;\u00e9cole primaire n&rsquo;est plus un havre de paix","datePublished":"2025-06-02T07:08:19+00:00","mainEntityOfPage":{"@id":"https:\/\/www.apres-lecole.fr\/Blog\/agressions-enseignants-seine-saint-denis\/"},"wordCount":1428,"commentCount":0,"keywords":["agressions","\u00e9cole primaire","enseignants","s\u00e9curit\u00e9 \u00e0 l'\u00e9cole","seine-saint-denis"],"articleSection":["Actualit\u00e9s"],"inLanguage":"fr-FR","potentialAction":[{"@type":"CommentAction","name":"Comment","target":["https:\/\/www.apres-lecole.fr\/Blog\/agressions-enseignants-seine-saint-denis\/#respond"]}]},{"@type":"WebPage","@id":"https:\/\/www.apres-lecole.fr\/Blog\/agressions-enseignants-seine-saint-denis\/","url":"https:\/\/www.apres-lecole.fr\/Blog\/agressions-enseignants-seine-saint-denis\/","name":"L'\u00e9cole primaire en Seine-Saint-Denis : un refuge menac\u00e9","isPartOf":{"@id":"https:\/\/www.apres-lecole.fr\/Blog\/#website"},"datePublished":"2025-06-02T07:08:19+00:00","author":{"@id":"https:\/\/www.apres-lecole.fr\/Blog\/#\/schema\/person\/aeb50cd4b51fc69da155804bb5bb9fc4"},"description":"Les agressions contre les enseignants en Seine-Saint-Denis explosent : l'\u00e9cole primaire n'est plus un refuge s\u00fbr pour le personnel \u00e9ducatif.","breadcrumb":{"@id":"https:\/\/www.apres-lecole.fr\/Blog\/agressions-enseignants-seine-saint-denis\/#breadcrumb"},"inLanguage":"fr-FR","potentialAction":[{"@type":"ReadAction","target":["https:\/\/www.apres-lecole.fr\/Blog\/agressions-enseignants-seine-saint-denis\/"]}]},{"@type":"BreadcrumbList","@id":"https:\/\/www.apres-lecole.fr\/Blog\/agressions-enseignants-seine-saint-denis\/#breadcrumb","itemListElement":[{"@type":"ListItem","position":1,"name":"Home","item":"https:\/\/www.apres-lecole.fr\/Blog\/"},{"@type":"ListItem","position":2,"name":"Les agressions \u00e0 l&rsquo;\u00e9gard des enseignants en Seine-Saint-Denis prennent de l&rsquo;ampleur : l&rsquo;\u00e9cole primaire n&rsquo;est plus un havre de paix"}]},{"@type":"WebSite","@id":"https:\/\/www.apres-lecole.fr\/Blog\/#website","url":"https:\/\/www.apres-lecole.fr\/Blog\/","name":"","description":"M\u00e9dia g\u00e9n\u00e9raliste","potentialAction":[{"@type":"SearchAction","target":{"@type":"EntryPoint","urlTemplate":"https:\/\/www.apres-lecole.fr\/Blog\/?s={search_term_string}"},"query-input":{"@type":"PropertyValueSpecification","valueRequired":true,"valueName":"search_term_string"}}],"inLanguage":"fr-FR"},{"@type":"Person","@id":"https:\/\/www.apres-lecole.fr\/Blog\/#\/schema\/person\/aeb50cd4b51fc69da155804bb5bb9fc4","name":"Eva Martin","image":{"@type":"ImageObject","inLanguage":"fr-FR","@id":"https:\/\/secure.gravatar.com\/avatar\/55c53222558b27a72015a64073a80edce4abd33369394b9bf2c5cd6c19d12682?s=96&d=mm&r=g","url":"https:\/\/secure.gravatar.com\/avatar\/55c53222558b27a72015a64073a80edce4abd33369394b9bf2c5cd6c19d12682?s=96&d=mm&r=g","contentUrl":"https:\/\/secure.gravatar.com\/avatar\/55c53222558b27a72015a64073a80edce4abd33369394b9bf2c5cd6c19d12682?s=96&d=mm&r=g","caption":"Eva Martin"},"description":"Je parle de business et d'entrepreneuriat avec des conseils clairs, concrets et actionnables pour r\u00e9ussir","sameAs":["https:\/\/x.com\/Evaapresecole"],"url":"https:\/\/www.apres-lecole.fr\/Blog\/author\/evamartin\/"}]}},"views":11,"_links":{"self":[{"href":"https:\/\/www.apres-lecole.fr\/Blog\/wp-json\/wp\/v2\/posts\/1987","targetHints":{"allow":["GET"]}}],"collection":[{"href":"https:\/\/www.apres-lecole.fr\/Blog\/wp-json\/wp\/v2\/posts"}],"about":[{"href":"https:\/\/www.apres-lecole.fr\/Blog\/wp-json\/wp\/v2\/types\/post"}],"author":[{"embeddable":true,"href":"https:\/\/www.apres-lecole.fr\/Blog\/wp-json\/wp\/v2\/users\/9"}],"replies":[{"embeddable":true,"href":"https:\/\/www.apres-lecole.fr\/Blog\/wp-json\/wp\/v2\/comments?post=1987"}],"version-history":[{"count":0,"href":"https:\/\/www.apres-lecole.fr\/Blog\/wp-json\/wp\/v2\/posts\/1987\/revisions"}],"wp:attachment":[{"href":"https:\/\/www.apres-lecole.fr\/Blog\/wp-json\/wp\/v2\/media?parent=1987"}],"wp:term":[{"taxonomy":"category","embeddable":true,"href":"https:\/\/www.apres-lecole.fr\/Blog\/wp-json\/wp\/v2\/categories?post=1987"},{"taxonomy":"post_tag","embeddable":true,"href":"https:\/\/www.apres-lecole.fr\/Blog\/wp-json\/wp\/v2\/tags?post=1987"}],"curies":[{"name":"wp","href":"https:\/\/api.w.org\/{rel}","templated":true}]}}