{"id":1986,"date":"2025-06-01T21:08:43","date_gmt":"2025-06-01T21:08:43","guid":{"rendered":"https:\/\/www.apres-lecole.fr\/Blog\/rapport-cour-des-comptes-ecole\/"},"modified":"2025-06-01T21:08:43","modified_gmt":"2025-06-01T21:08:43","slug":"rapport-cour-des-comptes-ecole","status":"publish","type":"post","link":"https:\/\/www.apres-lecole.fr\/Blog\/rapport-cour-des-comptes-ecole\/","title":{"rendered":"Un rapport pr\u00e9occupant de la Cour des comptes sur l&rsquo;\u00e9tat de l&rsquo;\u00e9cole primaire"},"content":{"rendered":"\n\n<div class=\"kk-star-ratings kksr-auto kksr-align-left kksr-valign-top\"\n    data-payload='{&quot;align&quot;:&quot;left&quot;,&quot;id&quot;:&quot;1986&quot;,&quot;slug&quot;:&quot;default&quot;,&quot;valign&quot;:&quot;top&quot;,&quot;ignore&quot;:&quot;&quot;,&quot;reference&quot;:&quot;auto&quot;,&quot;class&quot;:&quot;&quot;,&quot;count&quot;:&quot;0&quot;,&quot;legendonly&quot;:&quot;&quot;,&quot;readonly&quot;:&quot;&quot;,&quot;score&quot;:&quot;0&quot;,&quot;starsonly&quot;:&quot;&quot;,&quot;best&quot;:&quot;5&quot;,&quot;gap&quot;:&quot;5&quot;,&quot;greet&quot;:&quot;Rate this post&quot;,&quot;legend&quot;:&quot;0\\\/5 - (0 vote)&quot;,&quot;size&quot;:&quot;24&quot;,&quot;title&quot;:&quot;Un rapport pr\u00e9occupant de la Cour des comptes sur l\\u0026#039;\u00e9tat de l\\u0026#039;\u00e9cole primaire&quot;,&quot;width&quot;:&quot;0&quot;,&quot;_legend&quot;:&quot;{score}\\\/{best} - ({count} {votes})&quot;,&quot;font_factor&quot;:&quot;1.25&quot;}'>\n            \n<div class=\"kksr-stars\">\n    \n<div class=\"kksr-stars-inactive\">\n            <div class=\"kksr-star\" data-star=\"1\" style=\"padding-right: 5px\">\n            \n\n<div class=\"kksr-icon\" style=\"width: 24px; height: 24px;\"><\/div>\n        <\/div>\n            <div class=\"kksr-star\" data-star=\"2\" style=\"padding-right: 5px\">\n            \n\n<div class=\"kksr-icon\" style=\"width: 24px; height: 24px;\"><\/div>\n        <\/div>\n            <div class=\"kksr-star\" data-star=\"3\" style=\"padding-right: 5px\">\n            \n\n<div class=\"kksr-icon\" style=\"width: 24px; height: 24px;\"><\/div>\n        <\/div>\n            <div class=\"kksr-star\" data-star=\"4\" style=\"padding-right: 5px\">\n            \n\n<div class=\"kksr-icon\" style=\"width: 24px; height: 24px;\"><\/div>\n        <\/div>\n            <div class=\"kksr-star\" data-star=\"5\" style=\"padding-right: 5px\">\n            \n\n<div class=\"kksr-icon\" style=\"width: 24px; height: 24px;\"><\/div>\n        <\/div>\n    <\/div>\n    \n<div class=\"kksr-stars-active\" style=\"width: 0px;\">\n            <div class=\"kksr-star\" style=\"padding-right: 5px\">\n            \n\n<div class=\"kksr-icon\" style=\"width: 24px; height: 24px;\"><\/div>\n        <\/div>\n            <div class=\"kksr-star\" style=\"padding-right: 5px\">\n            \n\n<div class=\"kksr-icon\" style=\"width: 24px; height: 24px;\"><\/div>\n        <\/div>\n            <div class=\"kksr-star\" style=\"padding-right: 5px\">\n            \n\n<div class=\"kksr-icon\" style=\"width: 24px; height: 24px;\"><\/div>\n        <\/div>\n            <div class=\"kksr-star\" style=\"padding-right: 5px\">\n            \n\n<div class=\"kksr-icon\" style=\"width: 24px; height: 24px;\"><\/div>\n        <\/div>\n            <div class=\"kksr-star\" style=\"padding-right: 5px\">\n            \n\n<div class=\"kksr-icon\" style=\"width: 24px; height: 24px;\"><\/div>\n        <\/div>\n    <\/div>\n<\/div>\n                \n\n<div class=\"kksr-legend\" style=\"font-size: 19.2px;\">\n            <span class=\"kksr-muted\">Rate this post<\/span>\n    <\/div>\n    <\/div>\n<p>Le 20 mai 2025, la Cour des comptes a tir\u00e9 la sonnette d&rsquo;alarme concernant l&rsquo;\u00e9tat de l&rsquo;\u00e9cole primaire en France, abordant des enjeux cruciaux qui touchent au c\u0153ur de l&rsquo;\u00e9ducation nationale. Un rapport accablant met en exergue l&rsquo;inad\u00e9quation entre les r\u00e9sultats des \u00e9l\u00e8ves et les investissements consentis par l&rsquo;\u00c9tat. Malgr\u00e9 plus de 52 milliards d&rsquo;euros par an allou\u00e9s \u00e0 l&rsquo;\u00e9ducation, le constat est sans appel : les \u00e9l\u00e8ves affichent des niveaux de comp\u00e9tences en math\u00e9matiques et en fran\u00e7ais en forte d\u00e9gradation. Il est temps de prendre conscience de la situation et de r\u00e9fl\u00e9chir aux moyens de redresser le tir. En effet, cette situation inqui\u00e9tante ne touche pas uniquement les \u00e9l\u00e8ves, mais \u00e9galement l\u2019ensemble de la soci\u00e9t\u00e9, pla\u00e7ant les d\u00e9fis de l&rsquo;\u00e9ducation au centre des pr\u00e9occupations des parents, des enseignants et des responsables politiques.<\/p>\n\n<h2 class=\"wp-block-heading\">La d\u00e9gradation des r\u00e9sultats scolaires : un constat alarmant<\/h2>\n\n<p>Le rapport de la Cour des comptes s&rsquo;attaque directement \u00e0 la r\u00e9alit\u00e9 des r\u00e9sultats scolaires. Les \u00e9l\u00e8ves de CM1, par exemple, affichent un score parmi les plus bas en math\u00e9matiques dans les classements internationaux, avec une place indigne aux derni\u00e8res positions, tandis que la ma\u00eetrise de la langue fran\u00e7aise laisse \u00e9galement \u00e0 d\u00e9sirer. Cette situation n&rsquo;est pas anodine et met en lumi\u00e8re plusieurs dysfonctionnements au sein de notre syst\u00e8me \u00e9ducatif.<\/p>\n\n<h3 class=\"wp-block-heading\">Facteurs de la baisse de niveau<\/h3>\n\n<p>Plusieurs facteurs contribuent \u00e0 cette d\u00e9gradation des niveaux scolaires. Parmi eux, on peut citer :<\/p>\n\n<ul class=\"wp-block-list\"><li>Le mode de fonctionnement actuel des \u00e9tablissements, jug\u00e9 inadapt\u00e9 aux besoins des \u00e9l\u00e8ves.<\/li><li>La semaine de quatre jours, critiqu\u00e9e pour son impact n\u00e9gatif sur l&rsquo;apprentissage.<\/li><li>Une r\u00e9partition des ressources souvent in\u00e9quitable, accentuant les in\u00e9galit\u00e9s entre les \u00e9coles.<\/li><li>La baisse de la formation initiale et continue des enseignants, essentielle pour un enseignement de qualit\u00e9.<\/li><\/ul>\n\n<p>Tout cela entra\u00eene une spirale n\u00e9gative qui affecte non seulement les \u00e9l\u00e8ves, mais \u00e9galement le corps enseignant et m\u00eame les parents. La question se pose alors : que faire pour redresser la barre et am\u00e9liorer la situation actuelle des \u00e9coles primaires ? <\/p>\n\n<figure class=\"wp-block-table\"><table>\n<thead>\n<tr>\n<th>Indicateurs<\/th>\n<th>2020<\/th>\n<th>2023<\/th>\n<th>2025<\/th>\n<\/tr>\n<\/thead>\n<tbody>\n<tr>\n<td>Pourcentage d&rsquo;\u00e9l\u00e8ves ma\u00eetrisant les bases en math\u00e9matiques<\/td>\n<td>72%<\/td>\n<td>65%<\/td>\n<td>58%<\/td>\n<\/tr>\n<tr>\n<td>Pourcentage d&rsquo;\u00e9l\u00e8ves ma\u00eetrisant la langue fran\u00e7aise<\/td>\n<td>70%<\/td>\n<td>64%<\/td>\n<td>60%<\/td>\n<\/tr>\n<tr>\n<td>Investissement par \u00e9l\u00e8ve<\/td>\n<td>7 500 \u20ac<\/td>\n<td>8 000 \u20ac<\/td>\n<td>8 250 \u20ac<\/td>\n<\/tr>\n<\/tbody>\n<\/table><\/figure>\n\n<h2 class=\"wp-block-heading\">Les recommandations de la Cour des comptes : une vision d&rsquo;avenir<\/h2>\n\n<p>Face \u00e0 ces constats alarmants, la Cour des comptes propose plusieurs recommandations structur\u00e9es autour de la refonte de la gouvernance scolaire, la formation des enseignants, et une r\u00e9forme radicale des rythmes scolaires. Ces propositions visent \u00e0 redonner un coup de fouet \u00e0 un syst\u00e8me \u00e9ducatif en p\u00e9ril. Mais qu&rsquo;en pensent les syndicats d&rsquo;enseignants et les professionnels de l&rsquo;\u00e9ducation ? <\/p>\n\n<h3 class=\"wp-block-heading\">Reformuler le cadre \u00e9ducatif<\/h3>\n\n<p>Il est imp\u00e9ratif de r\u00e9inventer le cadre dans lequel les \u00e9l\u00e8ves \u00e9voluent. L&rsquo;\u00e9cole primaire n&rsquo;est plus en phase avec les besoins actuels. Cela implique :<\/p>\n\n<ul class=\"wp-block-list\"><li>Une r\u00e9organisation des temps d&rsquo;\u00e9cole pour int\u00e9grer mieux les apprentissages.<\/li><li>Le d\u00e9veloppement d&rsquo;une p\u00e9dagogie innovante pour r\u00e9pondre \u00e0 la diversit\u00e9 des apprenants.<\/li><li>Un meilleur accompagnement des \u00e9l\u00e8ves en difficult\u00e9.<\/li><\/ul>\n\n<p>Des initiatives comme celles de la Fondation pour l&rsquo;\u00e9cole illustrent bien cette tendance, avec la cr\u00e9ation d&rsquo;\u00e9coles alternatives qui mettent l&rsquo;accent sur une \u00e9ducation personnalis\u00e9e. Les d\u00e9bats sur ces sujets sont cruciaux, car la r\u00e9ussite de l&rsquo;\u00e9ducation nationale repose sur la capacit\u00e9 \u00e0 s&rsquo;adapter aux d\u00e9fis du XXIe si\u00e8cle. <\/p>\n\n<figure class=\"wp-block-table\"><table>\n<thead>\n<tr>\n<th>Recommandations<\/th>\n<th>Impact attendu<\/th>\n<\/tr>\n<\/thead>\n<tbody>\n<tr>\n<td>R\u00e9forme des rythmes scolaires<\/td>\n<td>Un meilleur \u00e9quilibre entre l&rsquo;apprentissage et le repos, favorisant la concentration.<\/td>\n<\/tr>\n<tr>\n<td>Formation continue des enseignants<\/td>\n<td>Des comp\u00e9tences actualis\u00e9es pour s&rsquo;adapter aux nouvelles m\u00e9thodes d&rsquo;enseignement.<\/td>\n<\/tr>\n<tr>\n<td>Accompagnement personnalis\u00e9<\/td>\n<td>R\u00e9duction des in\u00e9galit\u00e9s dans les r\u00e9sultats scolaires.<\/td>\n<\/tr>\n<\/tbody>\n<\/table><\/figure>\n\n<h2 class=\"wp-block-heading\">Les cons\u00e9quences de l&rsquo;\u00e9chec scolaire : un enjeu social majeur<\/h2>\n\n<p>La d\u00e9gradation du niveau scolaire a des r\u00e9percussions qui vont bien au-del\u00e0 des murs de l&rsquo;\u00e9cole. Elle impacte directement l&rsquo;int\u00e9gration des \u00e9l\u00e8ves dans la soci\u00e9t\u00e9 et leur future r\u00e9ussite professionnelle. Les probl\u00e9matiques de l&rsquo;\u00e9chec scolaire doivent \u00eatre prises au s\u00e9rieux, car elles alimentent un cycle d&rsquo;in\u00e9galit\u00e9s qui semble difficile \u00e0 briser. <\/p>\n\n<h3 class=\"wp-block-heading\">Effets \u00e0 long terme sur la soci\u00e9t\u00e9<\/h3>\n\n<p>Les effets de l&rsquo;\u00e9chec scolaire peuvent \u00eatre multiples et vari\u00e9s. Parmi eux, on peut identifier :<\/p>\n\n<ul class=\"wp-block-list\"><li>Une augmentation du ch\u00f4mage chez les jeunes sans dipl\u00f4me.<\/li><li>Une in\u00e9galit\u00e9 croissante dans l&rsquo;acc\u00e8s \u00e0 des emplois qualifi\u00e9s.<\/li><li>Des in\u00e9galit\u00e9s g\u00e9ographiques concernant la qualit\u00e9 de l&rsquo;\u00e9ducation.<\/li><\/ul>\n\n<p>Une \u00e9tude relay\u00e9e dans <a href=\"https:\/\/www.lemonde.fr\/education\/\">Le Monde de l&rsquo;\u00e9ducation<\/a> a d\u00e9montr\u00e9 que chaque ann\u00e9e, un nombre croissant de jeunes sont laiss\u00e9s pour compte. L&rsquo;\u00e9cole doit devenir un lieu d&rsquo;\u00e9galit\u00e9 des chances, et il est essentiel que le <strong>minist\u00e8re de l&rsquo;\u00c9ducation<\/strong> prenne des mesures concr\u00e8tes pour inverser cette tendance. <\/p>\n\n<figure class=\"wp-block-table\"><table>\n<thead>\n<tr>\n<th>Statistiques des \u00e9l\u00e8ves<\/th>\n<th>\u00c9chec scolaire<\/th>\n<th>Emploi \u00e0 25 ans<\/th>\n<\/tr>\n<\/thead>\n<tbody>\n<tr>\n<td>Sans dipl\u00f4me<\/td>\n<td>30%<\/td>\n<td>50%<\/td>\n<\/tr>\n<tr>\n<td>Avec un CAP\/BEP<\/td>\n<td>20%<\/td>\n<td>75%<\/td>\n<\/tr>\n<tr>\n<td>Avec un bac<\/td>\n<td>10%<\/td>\n<td>85%<\/td>\n<\/tr>\n<\/tbody>\n<\/table><\/figure>\n\n<h2 class=\"wp-block-heading\">La r\u00e9action des acteurs de l&rsquo;\u00e9ducation<\/h2>\n\n<p>En r\u00e9ponse au rapport, de nombreuses voix se sont \u00e9lev\u00e9es, notamment celles des syndicats d&rsquo;enseignants tels que le SNES et le SNUipp-FSU. Leur fonctionnement doit faire l&rsquo;objet d&rsquo;un dialogue constructif entre toutes les parties prenantes afin de trouver un terrain d&rsquo;entente. Les parents, les enseignants et les d\u00e9cideurs politiques doivent agir de concert pour construire l&rsquo;\u00e9cole de demain.<\/p>\n\n<h3 class=\"wp-block-heading\">Mobilisation des enseignants<\/h3>\n\n<p>La mobilisation des enseignants est essentielle pour avancer. Cela passe par :<\/p>\n\n<ul class=\"wp-block-list\"><li>Une participation active aux discussions autour des r\u00e9formes.<\/li><li>Le partage des bonnes pratiques p\u00e9dagogiques au sein des \u00e9tablissements.<\/li><li>Un retour sur exp\u00e9rience sur l&rsquo;utilisation des outils num\u00e9riques dans l&rsquo;enseignement.<\/li><\/ul>\n\n<p>Il est crucial que les enseignants soient \u00e9cout\u00e9s et int\u00e9gr\u00e9s dans le processus de d\u00e9cision, car ce sont eux qui sont au contact des \u00e9l\u00e8ves tous les jours. Ensemble, ils peuvent fonctionner comme des catalyseurs de changement.<\/p>\n\n<figure class=\"wp-block-table\"><table>\n<thead>\n<tr>\n<th>Actions des syndicats<\/th>\n<th>B\u00e9n\u00e9fices attendus<\/th>\n<\/tr>\n<\/thead>\n<tbody>\n<tr>\n<td>Ressources pour la formation<\/td>\n<td>Meilleure pr\u00e9paration face aux d\u00e9fis \u00e9ducatifs.<\/td>\n<\/tr>\n<tr>\n<td>Dialogue avec le minist\u00e8re<\/td>\n<td>Politiques \u00e9ducatives plus adapt\u00e9es.<\/td>\n<\/tr>\n<tr>\n<td>Initiatives locales<\/td>\n<td>Des solutions efficaces adapt\u00e9es aux besoins sp\u00e9cifiques des \u00e9l\u00e8ves.<\/td>\n<\/tr>\n<\/tbody>\n<\/table><\/figure>\n\n<h2 class=\"wp-block-heading\">FAQ<\/h2>\n\n<p><strong>Qu&rsquo;est-ce que le rapport de la Cour des comptes met en avant ?<\/strong><br>Il souligne l&rsquo;inad\u00e9quation entre les investissements et les r\u00e9sultats des \u00e9l\u00e8ves dans les \u00e9coles primaires, avec une baisse alarmante des comp\u00e9tences de base en math\u00e9matiques et en fran\u00e7ais.<\/p>\n\n<p><strong>Quels sont les principaux facteurs de cette d\u00e9gradation ?<\/strong><br>Le fonctionnement des \u00e9tablissements, la semaine de quatre jours, la mauvaise r\u00e9partition des ressources et une formation insuffisante des enseignants.<\/p>\n\n<p><strong>Quelles sont les recommandations propos\u00e9es par la Cour des comptes ?<\/strong><br>Elle propose une r\u00e9organisation des rythmes scolaires, une meilleure formation continue des enseignants et un accompagnement personnalis\u00e9 des \u00e9l\u00e8ves en difficult\u00e9.<\/p>\n\n<p><strong>Quel impact pourrait avoir l&rsquo;\u00e9checs scolaires sur la soci\u00e9t\u00e9 ?<\/strong><br>Des cons\u00e9quences \u00e0 long terme, notamment une augmentation du ch\u00f4mage chez les jeunes, des in\u00e9galit\u00e9s dans l&rsquo;acc\u00e8s \u00e0 des emplois et une fracturation g\u00e9ographique en termes d&rsquo;\u00e9ducation.<\/p>\n\n<p><strong>Comment les syndicats d&rsquo;enseignants r\u00e9agissent-ils au rapport ?<\/strong><br>Ils plaident pour un dialogue actif entre tous les acteurs de l&rsquo;\u00e9ducation afin de trouver des solutions pertinentes et efficaces face aux d\u00e9fis actuels.<\/p>\n\n","protected":false},"excerpt":{"rendered":"<p>Le 20 mai 2025, la Cour des comptes a tir\u00e9 la sonnette d&rsquo;alarme concernant l&rsquo;\u00e9tat de l&rsquo;\u00e9cole primaire en France, abordant des enjeux cruciaux qui touchent au c\u0153ur de l&rsquo;\u00e9ducation nationale. Un rapport accablant met en exergue l&rsquo;inad\u00e9quation entre les r\u00e9sultats des \u00e9l\u00e8ves et les investissements consentis par l&rsquo;\u00c9tat. Malgr\u00e9 plus de 52 milliards d&rsquo;euros &#8230; <a title=\"Un rapport pr\u00e9occupant de la Cour des comptes sur l&rsquo;\u00e9tat de l&rsquo;\u00e9cole primaire\" class=\"read-more\" href=\"https:\/\/www.apres-lecole.fr\/Blog\/rapport-cour-des-comptes-ecole\/\" aria-label=\"En savoir plus sur Un rapport pr\u00e9occupant de la Cour des comptes sur l&rsquo;\u00e9tat de l&rsquo;\u00e9cole primaire\">Lire plus<\/a><\/p>\n","protected":false},"author":9,"featured_media":0,"comment_status":"open","ping_status":"open","sticky":false,"template":"","format":"standard","meta":{"footnotes":""},"categories":[342],"tags":[998,904,412,999,1000],"class_list":["post-1986","post","type-post","status-publish","format-standard","hentry","category-actualites","tag-cour-des-comptes","tag-ecole-primaire","tag-education","tag-rapport","tag-systeme-educatif"],"yoast_head":"<!-- This site is optimized with the Yoast SEO plugin v27.5 - https:\/\/yoast.com\/product\/yoast-seo-wordpress\/ -->\n<title>L&#039;\u00e9cole primaire en danger : un rapport alarmant de la Cour des comptes<\/title>\n<meta name=\"description\" content=\"D\u00e9couvrez le rapport pr\u00e9occupant de la Cour des comptes sur l&#039;\u00e9tat de l&#039;\u00e9cole primaire en France : enjeux, constats et recommandations.\" \/>\n<meta name=\"robots\" content=\"index, follow, max-snippet:-1, max-image-preview:large, max-video-preview:-1\" \/>\n<link rel=\"canonical\" href=\"https:\/\/www.apres-lecole.fr\/Blog\/rapport-cour-des-comptes-ecole\/\" \/>\n<meta property=\"og:locale\" content=\"fr_FR\" \/>\n<meta property=\"og:type\" content=\"article\" \/>\n<meta property=\"og:title\" content=\"L&#039;\u00e9cole primaire en danger : un rapport alarmant de la Cour des comptes\" \/>\n<meta property=\"og:description\" content=\"D\u00e9couvrez le rapport pr\u00e9occupant de la Cour des comptes sur l&#039;\u00e9tat de l&#039;\u00e9cole primaire en France : enjeux, constats et recommandations.\" \/>\n<meta property=\"og:url\" content=\"https:\/\/www.apres-lecole.fr\/Blog\/rapport-cour-des-comptes-ecole\/\" \/>\n<meta property=\"article:published_time\" content=\"2025-06-01T21:08:43+00:00\" \/>\n<meta name=\"author\" content=\"Eva Martin\" \/>\n<meta name=\"twitter:card\" content=\"summary_large_image\" \/>\n<meta name=\"twitter:creator\" content=\"@Evaapresecole\" \/>\n<meta name=\"twitter:label1\" content=\"\u00c9crit par\" \/>\n\t<meta name=\"twitter:data1\" content=\"Eva Martin\" \/>\n\t<meta name=\"twitter:label2\" content=\"Dur\u00e9e de lecture estim\u00e9e\" \/>\n\t<meta name=\"twitter:data2\" content=\"6 minutes\" \/>\n<script type=\"application\/ld+json\" class=\"yoast-schema-graph\">{\"@context\":\"https:\\\/\\\/schema.org\",\"@graph\":[{\"@type\":\"Article\",\"@id\":\"https:\\\/\\\/www.apres-lecole.fr\\\/Blog\\\/rapport-cour-des-comptes-ecole\\\/#article\",\"isPartOf\":{\"@id\":\"https:\\\/\\\/www.apres-lecole.fr\\\/Blog\\\/rapport-cour-des-comptes-ecole\\\/\"},\"author\":{\"name\":\"Eva Martin\",\"@id\":\"https:\\\/\\\/www.apres-lecole.fr\\\/Blog\\\/#\\\/schema\\\/person\\\/aeb50cd4b51fc69da155804bb5bb9fc4\"},\"headline\":\"Un rapport pr\u00e9occupant de la Cour des comptes sur l&rsquo;\u00e9tat de l&rsquo;\u00e9cole primaire\",\"datePublished\":\"2025-06-01T21:08:43+00:00\",\"mainEntityOfPage\":{\"@id\":\"https:\\\/\\\/www.apres-lecole.fr\\\/Blog\\\/rapport-cour-des-comptes-ecole\\\/\"},\"wordCount\":1275,\"commentCount\":0,\"keywords\":[\"cour des comptes\",\"\u00e9cole primaire\",\"\u00e9ducation\",\"rapport\",\"syst\u00e8me \u00e9ducatif\"],\"articleSection\":[\"Actualit\u00e9s\"],\"inLanguage\":\"fr-FR\",\"potentialAction\":[{\"@type\":\"CommentAction\",\"name\":\"Comment\",\"target\":[\"https:\\\/\\\/www.apres-lecole.fr\\\/Blog\\\/rapport-cour-des-comptes-ecole\\\/#respond\"]}]},{\"@type\":\"WebPage\",\"@id\":\"https:\\\/\\\/www.apres-lecole.fr\\\/Blog\\\/rapport-cour-des-comptes-ecole\\\/\",\"url\":\"https:\\\/\\\/www.apres-lecole.fr\\\/Blog\\\/rapport-cour-des-comptes-ecole\\\/\",\"name\":\"L'\u00e9cole primaire en danger : un rapport alarmant de la Cour des comptes\",\"isPartOf\":{\"@id\":\"https:\\\/\\\/www.apres-lecole.fr\\\/Blog\\\/#website\"},\"datePublished\":\"2025-06-01T21:08:43+00:00\",\"author\":{\"@id\":\"https:\\\/\\\/www.apres-lecole.fr\\\/Blog\\\/#\\\/schema\\\/person\\\/aeb50cd4b51fc69da155804bb5bb9fc4\"},\"description\":\"D\u00e9couvrez le rapport pr\u00e9occupant de la Cour des comptes sur l'\u00e9tat de l'\u00e9cole primaire en France : enjeux, constats et recommandations.\",\"breadcrumb\":{\"@id\":\"https:\\\/\\\/www.apres-lecole.fr\\\/Blog\\\/rapport-cour-des-comptes-ecole\\\/#breadcrumb\"},\"inLanguage\":\"fr-FR\",\"potentialAction\":[{\"@type\":\"ReadAction\",\"target\":[\"https:\\\/\\\/www.apres-lecole.fr\\\/Blog\\\/rapport-cour-des-comptes-ecole\\\/\"]}]},{\"@type\":\"BreadcrumbList\",\"@id\":\"https:\\\/\\\/www.apres-lecole.fr\\\/Blog\\\/rapport-cour-des-comptes-ecole\\\/#breadcrumb\",\"itemListElement\":[{\"@type\":\"ListItem\",\"position\":1,\"name\":\"Home\",\"item\":\"https:\\\/\\\/www.apres-lecole.fr\\\/Blog\\\/\"},{\"@type\":\"ListItem\",\"position\":2,\"name\":\"Un rapport pr\u00e9occupant de la Cour des comptes sur l&rsquo;\u00e9tat de l&rsquo;\u00e9cole primaire\"}]},{\"@type\":\"WebSite\",\"@id\":\"https:\\\/\\\/www.apres-lecole.fr\\\/Blog\\\/#website\",\"url\":\"https:\\\/\\\/www.apres-lecole.fr\\\/Blog\\\/\",\"name\":\"\",\"description\":\"M\u00e9dia g\u00e9n\u00e9raliste\",\"potentialAction\":[{\"@type\":\"SearchAction\",\"target\":{\"@type\":\"EntryPoint\",\"urlTemplate\":\"https:\\\/\\\/www.apres-lecole.fr\\\/Blog\\\/?s={search_term_string}\"},\"query-input\":{\"@type\":\"PropertyValueSpecification\",\"valueRequired\":true,\"valueName\":\"search_term_string\"}}],\"inLanguage\":\"fr-FR\"},{\"@type\":\"Person\",\"@id\":\"https:\\\/\\\/www.apres-lecole.fr\\\/Blog\\\/#\\\/schema\\\/person\\\/aeb50cd4b51fc69da155804bb5bb9fc4\",\"name\":\"Eva Martin\",\"image\":{\"@type\":\"ImageObject\",\"inLanguage\":\"fr-FR\",\"@id\":\"https:\\\/\\\/secure.gravatar.com\\\/avatar\\\/55c53222558b27a72015a64073a80edce4abd33369394b9bf2c5cd6c19d12682?s=96&d=mm&r=g\",\"url\":\"https:\\\/\\\/secure.gravatar.com\\\/avatar\\\/55c53222558b27a72015a64073a80edce4abd33369394b9bf2c5cd6c19d12682?s=96&d=mm&r=g\",\"contentUrl\":\"https:\\\/\\\/secure.gravatar.com\\\/avatar\\\/55c53222558b27a72015a64073a80edce4abd33369394b9bf2c5cd6c19d12682?s=96&d=mm&r=g\",\"caption\":\"Eva Martin\"},\"description\":\"Je parle de business et d'entrepreneuriat avec des conseils clairs, concrets et actionnables pour r\u00e9ussir\",\"sameAs\":[\"https:\\\/\\\/x.com\\\/Evaapresecole\"],\"url\":\"https:\\\/\\\/www.apres-lecole.fr\\\/Blog\\\/author\\\/evamartin\\\/\"}]}<\/script>\n<!-- \/ Yoast SEO plugin. -->","yoast_head_json":{"title":"L'\u00e9cole primaire en danger : un rapport alarmant de la Cour des comptes","description":"D\u00e9couvrez le rapport pr\u00e9occupant de la Cour des comptes sur l'\u00e9tat de l'\u00e9cole primaire en France : enjeux, constats et recommandations.","robots":{"index":"index","follow":"follow","max-snippet":"max-snippet:-1","max-image-preview":"max-image-preview:large","max-video-preview":"max-video-preview:-1"},"canonical":"https:\/\/www.apres-lecole.fr\/Blog\/rapport-cour-des-comptes-ecole\/","og_locale":"fr_FR","og_type":"article","og_title":"L'\u00e9cole primaire en danger : un rapport alarmant de la Cour des comptes","og_description":"D\u00e9couvrez le rapport pr\u00e9occupant de la Cour des comptes sur l'\u00e9tat de l'\u00e9cole primaire en France : enjeux, constats et recommandations.","og_url":"https:\/\/www.apres-lecole.fr\/Blog\/rapport-cour-des-comptes-ecole\/","article_published_time":"2025-06-01T21:08:43+00:00","author":"Eva Martin","twitter_card":"summary_large_image","twitter_creator":"@Evaapresecole","twitter_misc":{"\u00c9crit par":"Eva Martin","Dur\u00e9e de lecture estim\u00e9e":"6 minutes"},"schema":{"@context":"https:\/\/schema.org","@graph":[{"@type":"Article","@id":"https:\/\/www.apres-lecole.fr\/Blog\/rapport-cour-des-comptes-ecole\/#article","isPartOf":{"@id":"https:\/\/www.apres-lecole.fr\/Blog\/rapport-cour-des-comptes-ecole\/"},"author":{"name":"Eva Martin","@id":"https:\/\/www.apres-lecole.fr\/Blog\/#\/schema\/person\/aeb50cd4b51fc69da155804bb5bb9fc4"},"headline":"Un rapport pr\u00e9occupant de la Cour des comptes sur l&rsquo;\u00e9tat de l&rsquo;\u00e9cole primaire","datePublished":"2025-06-01T21:08:43+00:00","mainEntityOfPage":{"@id":"https:\/\/www.apres-lecole.fr\/Blog\/rapport-cour-des-comptes-ecole\/"},"wordCount":1275,"commentCount":0,"keywords":["cour des comptes","\u00e9cole primaire","\u00e9ducation","rapport","syst\u00e8me \u00e9ducatif"],"articleSection":["Actualit\u00e9s"],"inLanguage":"fr-FR","potentialAction":[{"@type":"CommentAction","name":"Comment","target":["https:\/\/www.apres-lecole.fr\/Blog\/rapport-cour-des-comptes-ecole\/#respond"]}]},{"@type":"WebPage","@id":"https:\/\/www.apres-lecole.fr\/Blog\/rapport-cour-des-comptes-ecole\/","url":"https:\/\/www.apres-lecole.fr\/Blog\/rapport-cour-des-comptes-ecole\/","name":"L'\u00e9cole primaire en danger : un rapport alarmant de la Cour des comptes","isPartOf":{"@id":"https:\/\/www.apres-lecole.fr\/Blog\/#website"},"datePublished":"2025-06-01T21:08:43+00:00","author":{"@id":"https:\/\/www.apres-lecole.fr\/Blog\/#\/schema\/person\/aeb50cd4b51fc69da155804bb5bb9fc4"},"description":"D\u00e9couvrez le rapport pr\u00e9occupant de la Cour des comptes sur l'\u00e9tat de l'\u00e9cole primaire en France : enjeux, constats et recommandations.","breadcrumb":{"@id":"https:\/\/www.apres-lecole.fr\/Blog\/rapport-cour-des-comptes-ecole\/#breadcrumb"},"inLanguage":"fr-FR","potentialAction":[{"@type":"ReadAction","target":["https:\/\/www.apres-lecole.fr\/Blog\/rapport-cour-des-comptes-ecole\/"]}]},{"@type":"BreadcrumbList","@id":"https:\/\/www.apres-lecole.fr\/Blog\/rapport-cour-des-comptes-ecole\/#breadcrumb","itemListElement":[{"@type":"ListItem","position":1,"name":"Home","item":"https:\/\/www.apres-lecole.fr\/Blog\/"},{"@type":"ListItem","position":2,"name":"Un rapport pr\u00e9occupant de la Cour des comptes sur l&rsquo;\u00e9tat de l&rsquo;\u00e9cole primaire"}]},{"@type":"WebSite","@id":"https:\/\/www.apres-lecole.fr\/Blog\/#website","url":"https:\/\/www.apres-lecole.fr\/Blog\/","name":"","description":"M\u00e9dia g\u00e9n\u00e9raliste","potentialAction":[{"@type":"SearchAction","target":{"@type":"EntryPoint","urlTemplate":"https:\/\/www.apres-lecole.fr\/Blog\/?s={search_term_string}"},"query-input":{"@type":"PropertyValueSpecification","valueRequired":true,"valueName":"search_term_string"}}],"inLanguage":"fr-FR"},{"@type":"Person","@id":"https:\/\/www.apres-lecole.fr\/Blog\/#\/schema\/person\/aeb50cd4b51fc69da155804bb5bb9fc4","name":"Eva Martin","image":{"@type":"ImageObject","inLanguage":"fr-FR","@id":"https:\/\/secure.gravatar.com\/avatar\/55c53222558b27a72015a64073a80edce4abd33369394b9bf2c5cd6c19d12682?s=96&d=mm&r=g","url":"https:\/\/secure.gravatar.com\/avatar\/55c53222558b27a72015a64073a80edce4abd33369394b9bf2c5cd6c19d12682?s=96&d=mm&r=g","contentUrl":"https:\/\/secure.gravatar.com\/avatar\/55c53222558b27a72015a64073a80edce4abd33369394b9bf2c5cd6c19d12682?s=96&d=mm&r=g","caption":"Eva Martin"},"description":"Je parle de business et d'entrepreneuriat avec des conseils clairs, concrets et actionnables pour r\u00e9ussir","sameAs":["https:\/\/x.com\/Evaapresecole"],"url":"https:\/\/www.apres-lecole.fr\/Blog\/author\/evamartin\/"}]}},"views":15,"_links":{"self":[{"href":"https:\/\/www.apres-lecole.fr\/Blog\/wp-json\/wp\/v2\/posts\/1986","targetHints":{"allow":["GET"]}}],"collection":[{"href":"https:\/\/www.apres-lecole.fr\/Blog\/wp-json\/wp\/v2\/posts"}],"about":[{"href":"https:\/\/www.apres-lecole.fr\/Blog\/wp-json\/wp\/v2\/types\/post"}],"author":[{"embeddable":true,"href":"https:\/\/www.apres-lecole.fr\/Blog\/wp-json\/wp\/v2\/users\/9"}],"replies":[{"embeddable":true,"href":"https:\/\/www.apres-lecole.fr\/Blog\/wp-json\/wp\/v2\/comments?post=1986"}],"version-history":[{"count":0,"href":"https:\/\/www.apres-lecole.fr\/Blog\/wp-json\/wp\/v2\/posts\/1986\/revisions"}],"wp:attachment":[{"href":"https:\/\/www.apres-lecole.fr\/Blog\/wp-json\/wp\/v2\/media?parent=1986"}],"wp:term":[{"taxonomy":"category","embeddable":true,"href":"https:\/\/www.apres-lecole.fr\/Blog\/wp-json\/wp\/v2\/categories?post=1986"},{"taxonomy":"post_tag","embeddable":true,"href":"https:\/\/www.apres-lecole.fr\/Blog\/wp-json\/wp\/v2\/tags?post=1986"}],"curies":[{"name":"wp","href":"https:\/\/api.w.org\/{rel}","templated":true}]}}