{"id":1979,"date":"2025-05-29T21:07:59","date_gmt":"2025-05-29T21:07:59","guid":{"rendered":"https:\/\/www.apres-lecole.fr\/Blog\/cession-batiment-scolaire-prive\/"},"modified":"2025-05-29T21:07:59","modified_gmt":"2025-05-29T21:07:59","slug":"cession-batiment-scolaire-prive","status":"publish","type":"post","link":"https:\/\/www.apres-lecole.fr\/Blog\/cession-batiment-scolaire-prive\/","title":{"rendered":"La cession imminente d&rsquo;un b\u00e2timent scolaire public \u00e0 une \u00e9cole priv\u00e9e suscite des pr\u00e9occupations parmi les parents d&rsquo;\u00e9l\u00e8ves"},"content":{"rendered":"\n\n<div class=\"kk-star-ratings kksr-auto kksr-align-left kksr-valign-top\"\n    data-payload='{&quot;align&quot;:&quot;left&quot;,&quot;id&quot;:&quot;1979&quot;,&quot;slug&quot;:&quot;default&quot;,&quot;valign&quot;:&quot;top&quot;,&quot;ignore&quot;:&quot;&quot;,&quot;reference&quot;:&quot;auto&quot;,&quot;class&quot;:&quot;&quot;,&quot;count&quot;:&quot;0&quot;,&quot;legendonly&quot;:&quot;&quot;,&quot;readonly&quot;:&quot;&quot;,&quot;score&quot;:&quot;0&quot;,&quot;starsonly&quot;:&quot;&quot;,&quot;best&quot;:&quot;5&quot;,&quot;gap&quot;:&quot;5&quot;,&quot;greet&quot;:&quot;Rate this post&quot;,&quot;legend&quot;:&quot;0\\\/5 - (0 vote)&quot;,&quot;size&quot;:&quot;24&quot;,&quot;title&quot;:&quot;La cession imminente d\\u0026#039;un b\u00e2timent scolaire public \u00e0 une \u00e9cole priv\u00e9e suscite des pr\u00e9occupations parmi les parents d\\u0026#039;\u00e9l\u00e8ves&quot;,&quot;width&quot;:&quot;0&quot;,&quot;_legend&quot;:&quot;{score}\\\/{best} - ({count} {votes})&quot;,&quot;font_factor&quot;:&quot;1.25&quot;}'>\n            \n<div class=\"kksr-stars\">\n    \n<div class=\"kksr-stars-inactive\">\n            <div class=\"kksr-star\" data-star=\"1\" style=\"padding-right: 5px\">\n            \n\n<div class=\"kksr-icon\" style=\"width: 24px; height: 24px;\"><\/div>\n        <\/div>\n            <div class=\"kksr-star\" data-star=\"2\" style=\"padding-right: 5px\">\n            \n\n<div class=\"kksr-icon\" style=\"width: 24px; height: 24px;\"><\/div>\n        <\/div>\n            <div class=\"kksr-star\" data-star=\"3\" style=\"padding-right: 5px\">\n            \n\n<div class=\"kksr-icon\" style=\"width: 24px; height: 24px;\"><\/div>\n        <\/div>\n            <div class=\"kksr-star\" data-star=\"4\" style=\"padding-right: 5px\">\n            \n\n<div class=\"kksr-icon\" style=\"width: 24px; height: 24px;\"><\/div>\n        <\/div>\n            <div class=\"kksr-star\" data-star=\"5\" style=\"padding-right: 5px\">\n            \n\n<div class=\"kksr-icon\" style=\"width: 24px; height: 24px;\"><\/div>\n        <\/div>\n    <\/div>\n    \n<div class=\"kksr-stars-active\" style=\"width: 0px;\">\n            <div class=\"kksr-star\" style=\"padding-right: 5px\">\n            \n\n<div class=\"kksr-icon\" style=\"width: 24px; height: 24px;\"><\/div>\n        <\/div>\n            <div class=\"kksr-star\" style=\"padding-right: 5px\">\n            \n\n<div class=\"kksr-icon\" style=\"width: 24px; height: 24px;\"><\/div>\n        <\/div>\n            <div class=\"kksr-star\" style=\"padding-right: 5px\">\n            \n\n<div class=\"kksr-icon\" style=\"width: 24px; height: 24px;\"><\/div>\n        <\/div>\n            <div class=\"kksr-star\" style=\"padding-right: 5px\">\n            \n\n<div class=\"kksr-icon\" style=\"width: 24px; height: 24px;\"><\/div>\n        <\/div>\n            <div class=\"kksr-star\" style=\"padding-right: 5px\">\n            \n\n<div class=\"kksr-icon\" style=\"width: 24px; height: 24px;\"><\/div>\n        <\/div>\n    <\/div>\n<\/div>\n                \n\n<div class=\"kksr-legend\" style=\"font-size: 19.2px;\">\n            <span class=\"kksr-muted\">Rate this post<\/span>\n    <\/div>\n    <\/div>\n<p>\u00c0 Tourcoing, une temp\u00eate s\u2019annonce dans le monde \u00e9ducatif. La d\u00e9cision de c\u00e9der un b\u00e2timent scolaire public \u00e0 une \u00e9cole priv\u00e9e entra\u00eene des vagues de pr\u00e9occupations parmi les parents d\u2019\u00e9l\u00e8ves et les syndicats. Les r\u00e9percussions de cette cession imminente soul\u00e8vent des inqui\u00e9tudes majeures concernant l&rsquo;avenir de l&rsquo;\u00e9cole publique Albert Camus, dont les \u00e9l\u00e8ves vont devoir \u00eatre relog\u00e9s dans des conditions pr\u00e9caires. Les familles expriment leur m\u00e9contentement face \u00e0 ce qu&rsquo;elles consid\u00e8rent comme une d\u00e9cision unilat\u00e9rale de la mairie, risquant de d\u00e9grader les conditions d&rsquo;accueil des enfants. Une manifestation est d\u00e9j\u00e0 pr\u00e9vue pour faire entendre leur voix et d\u00e9fendre l&rsquo;\u00e9ducation publique. Sous l&rsquo;ombre de cette cession, c&rsquo;est toute une communaut\u00e9 qui se mobilise, consciente des changements profonds que cela implique.<\/p>\n\n<h2 class=\"wp-block-heading\">Les enjeux d&rsquo;une cession de b\u00e2timent scolaire<\/h2>\n\n<p>Un b\u00e2timent scolaire ne se limite pas \u00e0 des murs et un toit. C&rsquo;est un lieu d\u2019apprentissage, un espace o\u00f9 les enfants s\u2019\u00e9panouissent. La cession d&rsquo;un b\u00e2timent scolaire public soul\u00e8ve des questions cruciales sur l&rsquo;\u00e9quit\u00e9 de l&rsquo;\u00e9ducation dans un contexte d\u00e9j\u00e0 tendu. Lorsque la ville de Tourcoing a r\u00e9cemment annonc\u00e9 son intention de transf\u00e9rer des locaux scolaires \u00e0 une \u00e9cole priv\u00e9e, cela a cr\u00e9e un choc parmi les acteurs \u00e9ducatifs. Les parents d\u2019\u00e9l\u00e8ves, comme ceux de l&rsquo;\u00e9cole Albert Camus, craignent une d\u00e9t\u00e9rioration des services offerts aux enfants.<\/p>\n\n<p>Les craintes exprim\u00e9es par les parents sont fond\u00e9es. En effet, la cession d&rsquo;un b\u00e2timent scolaire peut entra\u00eener plusieurs cons\u00e9quences, que ce soit en termes d&rsquo;infrastructures ou d\u2019acc\u00e8s \u00e0 l\u2019\u00e9ducation. C&rsquo;est un d\u00e9bat qui touche au c\u0153ur des valeurs r\u00e9publicaines, o\u00f9 chaque enfant doit b\u00e9n\u00e9ficier d&rsquo;une \u00e9ducation de qualit\u00e9, peu importe son origine ou son milieu socio-\u00e9conomique.<\/p>\n\n<h3 class=\"wp-block-heading\">Les cons\u00e9quences directes de la cession<\/h3>\n\n<p>En effet, le transfert du b\u00e2timent scolaire \u00e0 une \u00e9cole priv\u00e9e ne se fait pas sans cons\u00e9quences. Voici quelques impacts \u00e0 prendre en compte :<\/p>\n\n<ul class=\"wp-block-list\"><li>\ud83d\udcc9 R\u00e9duction des infrastructures disponibles : la fermeture de classes et d&rsquo;espaces essentiels comme la salle de motricit\u00e9 et le dortoir va gravement impacter le quotidien des \u00e9l\u00e8ves de l&rsquo;\u00e9cole Albert Camus.<\/li><li>\ud83e\udd14 Inqui\u00e9tudes des parents : les familles se projettent dans un futur incertain o\u00f9 leurs enfants se retrouveront dans des conditions moins adapt\u00e9es.<\/li><li>\ud83d\udeab Des locaux inappropri\u00e9s : le relogement dans des locaux d&rsquo;une \u00e9cole voisine, non con\u00e7us pour les jeunes enfants, pose la question de la s\u00e9curit\u00e9 et du bien-\u00eatre des \u00e9l\u00e8ves.<\/li><\/ul>\n\n<p>Cette cession de b\u00e2timent est d&rsquo;autant plus inqui\u00e9tante que, dans une p\u00e9riode o\u00f9 l&rsquo;\u00e9ducation publique fait face \u00e0 de nombreux d\u00e9fis, elle ne peut se permettre de perdre des ressources essentielles.<\/p>\n\n<figure class=\"wp-block-table\"><table>\n<thead>\n<tr>\n<th>Impact<\/th>\n<th>Cons\u00e9quences<\/th>\n<\/tr>\n<\/thead>\n<tbody>\n<tr>\n<td>R\u00e9duction d\u2019espaces<\/td>\n<td>Perte de classes et d\u2019espaces d\u00e9di\u00e9s pour les jeunes enfants<\/td>\n<\/tr>\n<tr>\n<td>Conditions d\u2019accueil<\/td>\n<td>Environnement moins adapt\u00e9 pour l&rsquo;apprentissage et le d\u00e9veloppement<\/td>\n<\/tr>\n<tr>\n<td>Mobilisation<\/td>\n<td>Manifestations et inqui\u00e9tudes grandissantes parmi les parents<\/td>\n<\/tr>\n<\/tbody>\n<\/table><\/figure>\n\n<p>Il est crucial de garder en t\u00eate que chaque cession de b\u00e2timent scolaire doit \u00eatre justifi\u00e9e par un int\u00e9r\u00eat g\u00e9n\u00e9ral. La situation de l&rsquo;\u00e9cole Albert Camus est symptomatique d&rsquo;un probl\u00e8me plus vaste qui concerne l&rsquo;ensemble du pays ; \u00e0 savoir le d\u00e9sir d&rsquo;un \u00e9quilibre entre \u00e9coles publiques et priv\u00e9es. Une cession h\u00e2tive pourrait \u00eatre per\u00e7ue comme un abandon de l&rsquo;\u00e9ducation publique, poussant la communaut\u00e9 \u00e0 se d\u00e9fendre farouchement pour garantir que chaque enfant puisse b\u00e9n\u00e9ficier d&rsquo;une \u00e9ducation de qualit\u00e9.<\/p>\n\n<h2 class=\"wp-block-heading\">Les avis divergents : soutien et opposition<\/h2>\n\n<p>La d\u00e9cision de c\u00e9der des locaux scolaires \u00e0 une \u00e9cole priv\u00e9e n\u2019a pas manqu\u00e9 de provoquer des r\u00e9actions passionn\u00e9es. D\u2019un c\u00f4t\u00e9, certains voient cette cession comme une opportunit\u00e9 d\u2019am\u00e9liorer l\u2019offre \u00e9ducative, tandis que d\u2019autres s\u2019inqui\u00e8tent des effets imm\u00e9diats sur les \u00e9l\u00e8ves de l&rsquo;\u00e9cole publique. La tension entre ces deux perspectives met en lumi\u00e8re des enjeux cruciaux relatifs \u00e0 l&rsquo;\u00e9ducation en France.<\/p>\n\n<h3 class=\"wp-block-heading\">Les arguments en faveur de la cession<\/h3>\n\n<p>Pour certains, la cession permettrait de :<\/p>\n\n<ul class=\"wp-block-list\"><li>\ud83c\udfeb Optimiser l\u2019utilisation des ressources des b\u00e2timents : l&rsquo;id\u00e9e d&rsquo;utiliser des locaux vacants pour des \u00e9coles priv\u00e9es peut sembler logique, particuli\u00e8rement dans un contexte o\u00f9 les ressources sont limit\u00e9es.<\/li><li>\ud83c\udfaf Favoriser la diversit\u00e9 \u00e9ducative : un \u00e9tablissement priv\u00e9 pourrait offrir diff\u00e9rentes approches p\u00e9dagogiques qui enrichiraient le paysage \u00e9ducatif local.<\/li><li>\ud83d\udcc8 D\u00e9velopper des installations modernes : la r\u00e9affectation peut aboutir \u00e0 la cr\u00e9ation d&rsquo;un environnement \u00e9ducatif plus attrayant pour les \u00e9l\u00e8ves.<\/li><\/ul>\n\n<p>Mais cette vision optimiste ignore souvent les impacts \u00e0 plus long terme sur l&rsquo;\u00e9ducation publique. La question qui se pose renvoie \u00e0 une r\u00e9alit\u00e9 plus complexe : peut-on vraiment sacrifier une partie de l&rsquo;\u00e9ducation publique sur l&rsquo;autel de l&rsquo;optimisation des ressources ?<\/p>\n\n<h3 class=\"wp-block-heading\">Les pr\u00e9occupations des parents d&rsquo;\u00e9l\u00e8ves<\/h3>\n\n<p>\u00c0 l\u2019oppos\u00e9, les parents d\u2019\u00e9l\u00e8ves de l&rsquo;\u00e9cole Albert Camus articulent plusieurs pr\u00e9occupations :<\/p>\n\n<ul class=\"wp-block-list\"><li>\ud83d\ude1f La dissolution des valeurs \u00e9ducatives : lorsque l&rsquo;\u00e9ducation publique est d\u00e9grad\u00e9e, c&rsquo;est l&rsquo;id\u00e9e m\u00eame d&rsquo;\u00e9galit\u00e9 des chances qui est mise \u00e0 mal.<\/li><li>\u2696\ufe0f In\u00e9quit\u00e9 entre \u00e9coles : la cession \u00e0 une \u00e9cole priv\u00e9e marque un froissement des droits li\u00e9s \u00e0 l&rsquo;\u00e9ducation publique.<\/li><li>\ud83d\udea8 Risque de surcharge dans les locaux restants : les \u00e9l\u00e8ves d\u00e9j\u00e0 pr\u00e9sents dans l\u2019\u00e9cole \u00e9l\u00e9mentaire voisine se retrouvent confront\u00e9s \u00e0 des conditions moins que id\u00e9ales.<\/li><\/ul>\n\n<p>Cette situation illustre les tensions entre le droit \u00e0 une \u00e9ducation publique de qualit\u00e9 et les man\u0153uvres politiques visant \u00e0 convenir aux int\u00e9r\u00eats de quelques-uns, au d\u00e9triment de l&rsquo;int\u00e9r\u00eat collectif.<\/p>\n\n<figure class=\"wp-block-table\"><table>\n<thead>\n<tr>\n<th>Point de vue<\/th>\n<th>Argument<\/th>\n<\/tr>\n<\/thead>\n<tbody>\n<tr>\n<td>Pour la cession<\/td>\n<td>Optimisation des ressources et diversit\u00e9 \u00e9ducative<\/td>\n<\/tr>\n<tr>\n<td>Contre la cession<\/td>\n<td>Inqui\u00e9tudes sur la qualit\u00e9 et l\u2019\u00e9galit\u00e9 de l\u2019\u00e9ducation<\/td>\n<\/tr>\n<\/tbody>\n<\/table><\/figure>\n\n<h2 class=\"wp-block-heading\">Mobilisation de la communaut\u00e9 pour d\u00e9fendre l&rsquo;\u00e9ducation publique<\/h2>\n\n<p>Face \u00e0 cette situation pr\u00e9occupante, la communaut\u00e9 scolaire de Tourcoing se mobilise pour d\u00e9fendre l&rsquo;\u00e9ducation publique. La manifestation pr\u00e9vue pour le 5 juin 2025 est un exemple flagrant de cette r\u00e9silience collective face \u00e0 des d\u00e9cisions contest\u00e9es. Les parents, les enseignants et les syndicats unis dans une lutte commune montrent l&rsquo;importance de la solidarit\u00e9 dans un contexte de crise \u00e9ducative.<\/p>\n\n<h3 class=\"wp-block-heading\">Les \u00e9tapes de la mobilisation<\/h3>\n\n<p>La mobilisation se d\u00e9veloppe autour de plusieurs axes :<\/p>\n\n<ul class=\"wp-block-list\"><li>\ud83d\udcc5 Organisation de r\u00e9unions d\u2019information : des s\u00e9ances sont organis\u00e9es pour discuter des impacts de la cession et maintenir les familles au courant.<\/li><li>\ud83d\udde3\ufe0f R\u00e9unions avec les responsables locaux : des rencontres sont demand\u00e9es avec la mairie pour discuter de la situation et demander des garanties pour l&rsquo;\u00e9cole publique.<\/li><li>\ud83d\udce3 Manifestation pour la d\u00e9fense de l&rsquo;\u00e9cole : la communaut\u00e9 se regroupe dans une manifestation pr\u00e9vue le 5 juin, afin d&rsquo;exprimer son m\u00e9contentement.<\/li><\/ul>\n\n<p>Il est essentiel de mettre en lumi\u00e8re que la mobilisation n&rsquo;est pas seulement une r\u00e9action \u00e0 une situation d\u00e9favorable, mais \u00e9galement un moyen de rappeler l&rsquo;importance d&rsquo;une \u00e9ducation publique robuste et accessible. Chacun a un r\u00f4le \u00e0 jouer, et la voix des parents d&rsquo;\u00e9l\u00e8ves est cruciale pour faire \u00e9voluer les choix politiques en mati\u00e8re d&rsquo;\u00e9ducation.<\/p>\n\n<figure class=\"wp-block-table\"><table>\n<thead>\n<tr>\n<th>Description<\/th>\n<th>Action entreprise<\/th>\n<\/tr>\n<\/thead>\n<tbody>\n<tr>\n<td>R\u00e9unions d&rsquo;information<\/td>\n<td>Discussions sur les cons\u00e9quences de la cession<\/td>\n<\/tr>\n<tr>\n<td>Rencontres avec la mairie<\/td>\n<td>Demander des garanties pour l&rsquo;\u00e9ducation publique<\/td>\n<\/tr>\n<tr>\n<td>Manifestation<\/td>\n<td>Mobilisation collective pour la d\u00e9fense de l&rsquo;\u00e9cole<\/td>\n<\/tr>\n<\/tbody>\n<\/table><\/figure>\n\n<h2 class=\"wp-block-heading\">Vers un avenir incertain pour les \u00e9coles publiques<\/h2>\n\n<p>La cession d&rsquo;un b\u00e2timent scolaire public \u00e0 une \u00e9cole priv\u00e9e soul\u00e8ve des questions qui vont bien au-del\u00e0 des murs d&rsquo;une \u00e9cole. Le d\u00e9bat sur l&rsquo;acc\u00e8s \u00e0 l&rsquo;\u00e9ducation et la qualit\u00e9 de celle-ci est d&rsquo;une pertinence cruciale \u00e0 l&rsquo;heure actuelle. Il est essentiel d&rsquo;\u00eatre conscient des implications de ces d\u00e9cisions pour le futur de l&rsquo;\u00e9ducation publique en France. Les choix politiques \u00e0 ce sujet auront un impact durable sur les g\u00e9n\u00e9rations \u00e0 venir.<\/p>\n\n<p>Alors que des d\u00e9cisions importantes se prennent, les parents d&rsquo;\u00e9l\u00e8ves, les enseignants et les syndicats se battent pour garantir que les besoins des enfants restent leur priorit\u00e9. Le futur de l\u2019\u00e9cole Albert Camus, et probablement de nombreuses autres \u00e9coles publiques \u00e0 travers la France, est en jeu. Ces enjeux soulignent la n\u00e9cessit\u00e9 d\u2019une vigilance continue pour s\u2019assurer que l&rsquo;\u00e9ducation publique demeure l\u2019un des piliers fondamentaux de notre soci\u00e9t\u00e9.<\/p>\n\n<figure class=\"wp-block-table\"><table>\n<thead>\n<tr>\n<th>\u00c9l\u00e9ments cl\u00e9s<\/th>\n<th>Impact potentiel<\/th>\n<\/tr>\n<\/thead>\n<tbody>\n<tr>\n<td>Cession de b\u00e2timent scolaire<\/td>\n<td>D\u00e9gradation des conditions \u00e9ducatives<\/td>\n<\/tr>\n<tr>\n<td>Mobilisation des parents d&rsquo;\u00e9l\u00e8ves<\/td>\n<td>Vigilance et d\u00e9fense de l&rsquo;\u00e9ducation publique<\/td>\n<\/tr>\n<tr>\n<td>Avenir incertain de l&rsquo;\u00e9cole Albert Camus<\/td>\n<td>Impact sur les g\u00e9n\u00e9rations futures<\/td>\n<\/tr>\n<\/tbody>\n<\/table><\/figure>\n\n<h3 class=\"wp-block-heading\">FAQ<\/h3>\n\n<ul class=\"wp-block-list\"><li><strong>Pourquoi la cession de ce b\u00e2timent est-elle contest\u00e9e ?<\/strong> Les parents d&rsquo;\u00e9l\u00e8ves craignent qu\u2019elle n&rsquo;entra\u00eene une d\u00e9gradation des conditions d&rsquo;accueil pour leurs enfants.<\/li><li><strong>Quelles sont les alternatives \u00e0 cette cession ?<\/strong> Les parents et les enseignants pr\u00f4nent pour un engagement renouvel\u00e9 en faveur de l&rsquo;\u00e9ducation publique sans abandonner d&rsquo;infrastructures essentielles.<\/li><li><strong>Comment la communaut\u00e9 s&rsquo;implique-t-elle ?<\/strong> Une mobilisation forte est pr\u00e9vue \u00e0 travers des manifestations et des r\u00e9unions d&rsquo;information pour d\u00e9fendre l&rsquo;\u00e9cole.<\/li><li><strong>Quels pourraient \u00eatre les impacts \u00e0 long terme ?<\/strong> La cession d&rsquo;un b\u00e2timent scolaire \u00e0 une \u00e9cole priv\u00e9e pourrait \u00e9roder l&rsquo;acc\u00e8s \u00e0 une \u00e9ducation de qualit\u00e9 pour tous les enfants.<\/li><\/ul>\n\n<p>Cette p\u00e9riode est donc propice \u00e0 la mobilisation et \u00e0 l\u2019\u00e9mulation au sein des communaut\u00e9s \u00e9ducatives. Que ce soit pour d\u00e9fendre les locaux scolaires ou pour peser sur les choix politiques concernant l&rsquo;\u00e9ducation, il est imp\u00e9ratif que chaque voix compte.<\/p>\n\n","protected":false},"excerpt":{"rendered":"<p>\u00c0 Tourcoing, une temp\u00eate s\u2019annonce dans le monde \u00e9ducatif. La d\u00e9cision de c\u00e9der un b\u00e2timent scolaire public \u00e0 une \u00e9cole priv\u00e9e entra\u00eene des vagues de pr\u00e9occupations parmi les parents d\u2019\u00e9l\u00e8ves et les syndicats. Les r\u00e9percussions de cette cession imminente soul\u00e8vent des inqui\u00e9tudes majeures concernant l&rsquo;avenir de l&rsquo;\u00e9cole publique Albert Camus, dont les \u00e9l\u00e8ves vont devoir &#8230; <a title=\"La cession imminente d&rsquo;un b\u00e2timent scolaire public \u00e0 une \u00e9cole priv\u00e9e suscite des pr\u00e9occupations parmi les parents d&rsquo;\u00e9l\u00e8ves\" class=\"read-more\" href=\"https:\/\/www.apres-lecole.fr\/Blog\/cession-batiment-scolaire-prive\/\" aria-label=\"En savoir plus sur La cession imminente d&rsquo;un b\u00e2timent scolaire public \u00e0 une \u00e9cole priv\u00e9e suscite des pr\u00e9occupations parmi les parents d&rsquo;\u00e9l\u00e8ves\">Lire plus<\/a><\/p>\n","protected":false},"author":9,"featured_media":0,"comment_status":"open","ping_status":"open","sticky":false,"template":"","format":"standard","meta":{"footnotes":""},"categories":[342],"tags":[975,546,574,976,977],"class_list":["post-1979","post","type-post","status-publish","format-standard","hentry","category-actualites","tag-cession-batiment-scolaire","tag-ecole-privee","tag-ecole-publique","tag-preoccupations-parents","tag-transfert-de-propriete"],"yoast_head":"<!-- This site is optimized with the Yoast SEO plugin v27.5 - https:\/\/yoast.com\/product\/yoast-seo-wordpress\/ -->\n<title>La cession d&#039;un \u00e9tablissement scolaire : inqui\u00e9tudes des parents face \u00e0 la privatisation<\/title>\n<meta name=\"description\" content=\"D\u00e9couvrez les inqui\u00e9tudes grandissantes des parents d&#039;\u00e9l\u00e8ves face \u00e0 la cession imminente d&#039;un b\u00e2timent scolaire public \u00e0 une \u00e9cole priv\u00e9e. Cette situation soul\u00e8ve des questions sur l&#039;avenir de l&#039;\u00e9ducation publique et l&#039;acc\u00e8s des enfants \u00e0 des infrastructures scolaires de qualit\u00e9.\" \/>\n<meta name=\"robots\" content=\"index, follow, max-snippet:-1, max-image-preview:large, max-video-preview:-1\" \/>\n<link rel=\"canonical\" href=\"https:\/\/www.apres-lecole.fr\/Blog\/cession-batiment-scolaire-prive\/\" \/>\n<meta property=\"og:locale\" content=\"fr_FR\" \/>\n<meta property=\"og:type\" content=\"article\" \/>\n<meta property=\"og:title\" content=\"La cession d&#039;un \u00e9tablissement scolaire : inqui\u00e9tudes des parents face \u00e0 la privatisation\" \/>\n<meta property=\"og:description\" content=\"D\u00e9couvrez les inqui\u00e9tudes grandissantes des parents d&#039;\u00e9l\u00e8ves face \u00e0 la cession imminente d&#039;un b\u00e2timent scolaire public \u00e0 une \u00e9cole priv\u00e9e. Cette situation soul\u00e8ve des questions sur l&#039;avenir de l&#039;\u00e9ducation publique et l&#039;acc\u00e8s des enfants \u00e0 des infrastructures scolaires de qualit\u00e9.\" \/>\n<meta property=\"og:url\" content=\"https:\/\/www.apres-lecole.fr\/Blog\/cession-batiment-scolaire-prive\/\" \/>\n<meta property=\"article:published_time\" content=\"2025-05-29T21:07:59+00:00\" \/>\n<meta name=\"author\" content=\"Eva Martin\" \/>\n<meta name=\"twitter:card\" content=\"summary_large_image\" \/>\n<meta name=\"twitter:creator\" content=\"@Evaapresecole\" \/>\n<meta name=\"twitter:label1\" content=\"\u00c9crit par\" \/>\n\t<meta name=\"twitter:data1\" content=\"Eva Martin\" \/>\n\t<meta name=\"twitter:label2\" content=\"Dur\u00e9e de lecture estim\u00e9e\" \/>\n\t<meta name=\"twitter:data2\" content=\"8 minutes\" \/>\n<script type=\"application\/ld+json\" class=\"yoast-schema-graph\">{\"@context\":\"https:\\\/\\\/schema.org\",\"@graph\":[{\"@type\":\"Article\",\"@id\":\"https:\\\/\\\/www.apres-lecole.fr\\\/Blog\\\/cession-batiment-scolaire-prive\\\/#article\",\"isPartOf\":{\"@id\":\"https:\\\/\\\/www.apres-lecole.fr\\\/Blog\\\/cession-batiment-scolaire-prive\\\/\"},\"author\":{\"name\":\"Eva Martin\",\"@id\":\"https:\\\/\\\/www.apres-lecole.fr\\\/Blog\\\/#\\\/schema\\\/person\\\/aeb50cd4b51fc69da155804bb5bb9fc4\"},\"headline\":\"La cession imminente d&rsquo;un b\u00e2timent scolaire public \u00e0 une \u00e9cole priv\u00e9e suscite des pr\u00e9occupations parmi les parents d&rsquo;\u00e9l\u00e8ves\",\"datePublished\":\"2025-05-29T21:07:59+00:00\",\"mainEntityOfPage\":{\"@id\":\"https:\\\/\\\/www.apres-lecole.fr\\\/Blog\\\/cession-batiment-scolaire-prive\\\/\"},\"wordCount\":1673,\"commentCount\":0,\"keywords\":[\"cession b\u00e2timent scolaire\",\"\u00e9cole priv\u00e9e\",\"\u00e9cole publique\",\"pr\u00e9occupations parents\",\"transfert de propri\u00e9t\u00e9\"],\"articleSection\":[\"Actualit\u00e9s\"],\"inLanguage\":\"fr-FR\",\"potentialAction\":[{\"@type\":\"CommentAction\",\"name\":\"Comment\",\"target\":[\"https:\\\/\\\/www.apres-lecole.fr\\\/Blog\\\/cession-batiment-scolaire-prive\\\/#respond\"]}]},{\"@type\":\"WebPage\",\"@id\":\"https:\\\/\\\/www.apres-lecole.fr\\\/Blog\\\/cession-batiment-scolaire-prive\\\/\",\"url\":\"https:\\\/\\\/www.apres-lecole.fr\\\/Blog\\\/cession-batiment-scolaire-prive\\\/\",\"name\":\"La cession d'un \u00e9tablissement scolaire : inqui\u00e9tudes des parents face \u00e0 la privatisation\",\"isPartOf\":{\"@id\":\"https:\\\/\\\/www.apres-lecole.fr\\\/Blog\\\/#website\"},\"datePublished\":\"2025-05-29T21:07:59+00:00\",\"author\":{\"@id\":\"https:\\\/\\\/www.apres-lecole.fr\\\/Blog\\\/#\\\/schema\\\/person\\\/aeb50cd4b51fc69da155804bb5bb9fc4\"},\"description\":\"D\u00e9couvrez les inqui\u00e9tudes grandissantes des parents d'\u00e9l\u00e8ves face \u00e0 la cession imminente d'un b\u00e2timent scolaire public \u00e0 une \u00e9cole priv\u00e9e. Cette situation soul\u00e8ve des questions sur l'avenir de l'\u00e9ducation publique et l'acc\u00e8s des enfants \u00e0 des infrastructures scolaires de qualit\u00e9.\",\"breadcrumb\":{\"@id\":\"https:\\\/\\\/www.apres-lecole.fr\\\/Blog\\\/cession-batiment-scolaire-prive\\\/#breadcrumb\"},\"inLanguage\":\"fr-FR\",\"potentialAction\":[{\"@type\":\"ReadAction\",\"target\":[\"https:\\\/\\\/www.apres-lecole.fr\\\/Blog\\\/cession-batiment-scolaire-prive\\\/\"]}]},{\"@type\":\"BreadcrumbList\",\"@id\":\"https:\\\/\\\/www.apres-lecole.fr\\\/Blog\\\/cession-batiment-scolaire-prive\\\/#breadcrumb\",\"itemListElement\":[{\"@type\":\"ListItem\",\"position\":1,\"name\":\"Home\",\"item\":\"https:\\\/\\\/www.apres-lecole.fr\\\/Blog\\\/\"},{\"@type\":\"ListItem\",\"position\":2,\"name\":\"La cession imminente d&rsquo;un b\u00e2timent scolaire public \u00e0 une \u00e9cole priv\u00e9e suscite des pr\u00e9occupations parmi les parents d&rsquo;\u00e9l\u00e8ves\"}]},{\"@type\":\"WebSite\",\"@id\":\"https:\\\/\\\/www.apres-lecole.fr\\\/Blog\\\/#website\",\"url\":\"https:\\\/\\\/www.apres-lecole.fr\\\/Blog\\\/\",\"name\":\"\",\"description\":\"M\u00e9dia g\u00e9n\u00e9raliste\",\"potentialAction\":[{\"@type\":\"SearchAction\",\"target\":{\"@type\":\"EntryPoint\",\"urlTemplate\":\"https:\\\/\\\/www.apres-lecole.fr\\\/Blog\\\/?s={search_term_string}\"},\"query-input\":{\"@type\":\"PropertyValueSpecification\",\"valueRequired\":true,\"valueName\":\"search_term_string\"}}],\"inLanguage\":\"fr-FR\"},{\"@type\":\"Person\",\"@id\":\"https:\\\/\\\/www.apres-lecole.fr\\\/Blog\\\/#\\\/schema\\\/person\\\/aeb50cd4b51fc69da155804bb5bb9fc4\",\"name\":\"Eva Martin\",\"image\":{\"@type\":\"ImageObject\",\"inLanguage\":\"fr-FR\",\"@id\":\"https:\\\/\\\/secure.gravatar.com\\\/avatar\\\/55c53222558b27a72015a64073a80edce4abd33369394b9bf2c5cd6c19d12682?s=96&d=mm&r=g\",\"url\":\"https:\\\/\\\/secure.gravatar.com\\\/avatar\\\/55c53222558b27a72015a64073a80edce4abd33369394b9bf2c5cd6c19d12682?s=96&d=mm&r=g\",\"contentUrl\":\"https:\\\/\\\/secure.gravatar.com\\\/avatar\\\/55c53222558b27a72015a64073a80edce4abd33369394b9bf2c5cd6c19d12682?s=96&d=mm&r=g\",\"caption\":\"Eva Martin\"},\"description\":\"Je parle de business et d'entrepreneuriat avec des conseils clairs, concrets et actionnables pour r\u00e9ussir\",\"sameAs\":[\"https:\\\/\\\/x.com\\\/Evaapresecole\"],\"url\":\"https:\\\/\\\/www.apres-lecole.fr\\\/Blog\\\/author\\\/evamartin\\\/\"}]}<\/script>\n<!-- \/ Yoast SEO plugin. -->","yoast_head_json":{"title":"La cession d'un \u00e9tablissement scolaire : inqui\u00e9tudes des parents face \u00e0 la privatisation","description":"D\u00e9couvrez les inqui\u00e9tudes grandissantes des parents d'\u00e9l\u00e8ves face \u00e0 la cession imminente d'un b\u00e2timent scolaire public \u00e0 une \u00e9cole priv\u00e9e. Cette situation soul\u00e8ve des questions sur l'avenir de l'\u00e9ducation publique et l'acc\u00e8s des enfants \u00e0 des infrastructures scolaires de qualit\u00e9.","robots":{"index":"index","follow":"follow","max-snippet":"max-snippet:-1","max-image-preview":"max-image-preview:large","max-video-preview":"max-video-preview:-1"},"canonical":"https:\/\/www.apres-lecole.fr\/Blog\/cession-batiment-scolaire-prive\/","og_locale":"fr_FR","og_type":"article","og_title":"La cession d'un \u00e9tablissement scolaire : inqui\u00e9tudes des parents face \u00e0 la privatisation","og_description":"D\u00e9couvrez les inqui\u00e9tudes grandissantes des parents d'\u00e9l\u00e8ves face \u00e0 la cession imminente d'un b\u00e2timent scolaire public \u00e0 une \u00e9cole priv\u00e9e. Cette situation soul\u00e8ve des questions sur l'avenir de l'\u00e9ducation publique et l'acc\u00e8s des enfants \u00e0 des infrastructures scolaires de qualit\u00e9.","og_url":"https:\/\/www.apres-lecole.fr\/Blog\/cession-batiment-scolaire-prive\/","article_published_time":"2025-05-29T21:07:59+00:00","author":"Eva Martin","twitter_card":"summary_large_image","twitter_creator":"@Evaapresecole","twitter_misc":{"\u00c9crit par":"Eva Martin","Dur\u00e9e de lecture estim\u00e9e":"8 minutes"},"schema":{"@context":"https:\/\/schema.org","@graph":[{"@type":"Article","@id":"https:\/\/www.apres-lecole.fr\/Blog\/cession-batiment-scolaire-prive\/#article","isPartOf":{"@id":"https:\/\/www.apres-lecole.fr\/Blog\/cession-batiment-scolaire-prive\/"},"author":{"name":"Eva Martin","@id":"https:\/\/www.apres-lecole.fr\/Blog\/#\/schema\/person\/aeb50cd4b51fc69da155804bb5bb9fc4"},"headline":"La cession imminente d&rsquo;un b\u00e2timent scolaire public \u00e0 une \u00e9cole priv\u00e9e suscite des pr\u00e9occupations parmi les parents d&rsquo;\u00e9l\u00e8ves","datePublished":"2025-05-29T21:07:59+00:00","mainEntityOfPage":{"@id":"https:\/\/www.apres-lecole.fr\/Blog\/cession-batiment-scolaire-prive\/"},"wordCount":1673,"commentCount":0,"keywords":["cession b\u00e2timent scolaire","\u00e9cole priv\u00e9e","\u00e9cole publique","pr\u00e9occupations parents","transfert de propri\u00e9t\u00e9"],"articleSection":["Actualit\u00e9s"],"inLanguage":"fr-FR","potentialAction":[{"@type":"CommentAction","name":"Comment","target":["https:\/\/www.apres-lecole.fr\/Blog\/cession-batiment-scolaire-prive\/#respond"]}]},{"@type":"WebPage","@id":"https:\/\/www.apres-lecole.fr\/Blog\/cession-batiment-scolaire-prive\/","url":"https:\/\/www.apres-lecole.fr\/Blog\/cession-batiment-scolaire-prive\/","name":"La cession d'un \u00e9tablissement scolaire : inqui\u00e9tudes des parents face \u00e0 la privatisation","isPartOf":{"@id":"https:\/\/www.apres-lecole.fr\/Blog\/#website"},"datePublished":"2025-05-29T21:07:59+00:00","author":{"@id":"https:\/\/www.apres-lecole.fr\/Blog\/#\/schema\/person\/aeb50cd4b51fc69da155804bb5bb9fc4"},"description":"D\u00e9couvrez les inqui\u00e9tudes grandissantes des parents d'\u00e9l\u00e8ves face \u00e0 la cession imminente d'un b\u00e2timent scolaire public \u00e0 une \u00e9cole priv\u00e9e. Cette situation soul\u00e8ve des questions sur l'avenir de l'\u00e9ducation publique et l'acc\u00e8s des enfants \u00e0 des infrastructures scolaires de qualit\u00e9.","breadcrumb":{"@id":"https:\/\/www.apres-lecole.fr\/Blog\/cession-batiment-scolaire-prive\/#breadcrumb"},"inLanguage":"fr-FR","potentialAction":[{"@type":"ReadAction","target":["https:\/\/www.apres-lecole.fr\/Blog\/cession-batiment-scolaire-prive\/"]}]},{"@type":"BreadcrumbList","@id":"https:\/\/www.apres-lecole.fr\/Blog\/cession-batiment-scolaire-prive\/#breadcrumb","itemListElement":[{"@type":"ListItem","position":1,"name":"Home","item":"https:\/\/www.apres-lecole.fr\/Blog\/"},{"@type":"ListItem","position":2,"name":"La cession imminente d&rsquo;un b\u00e2timent scolaire public \u00e0 une \u00e9cole priv\u00e9e suscite des pr\u00e9occupations parmi les parents d&rsquo;\u00e9l\u00e8ves"}]},{"@type":"WebSite","@id":"https:\/\/www.apres-lecole.fr\/Blog\/#website","url":"https:\/\/www.apres-lecole.fr\/Blog\/","name":"","description":"M\u00e9dia g\u00e9n\u00e9raliste","potentialAction":[{"@type":"SearchAction","target":{"@type":"EntryPoint","urlTemplate":"https:\/\/www.apres-lecole.fr\/Blog\/?s={search_term_string}"},"query-input":{"@type":"PropertyValueSpecification","valueRequired":true,"valueName":"search_term_string"}}],"inLanguage":"fr-FR"},{"@type":"Person","@id":"https:\/\/www.apres-lecole.fr\/Blog\/#\/schema\/person\/aeb50cd4b51fc69da155804bb5bb9fc4","name":"Eva Martin","image":{"@type":"ImageObject","inLanguage":"fr-FR","@id":"https:\/\/secure.gravatar.com\/avatar\/55c53222558b27a72015a64073a80edce4abd33369394b9bf2c5cd6c19d12682?s=96&d=mm&r=g","url":"https:\/\/secure.gravatar.com\/avatar\/55c53222558b27a72015a64073a80edce4abd33369394b9bf2c5cd6c19d12682?s=96&d=mm&r=g","contentUrl":"https:\/\/secure.gravatar.com\/avatar\/55c53222558b27a72015a64073a80edce4abd33369394b9bf2c5cd6c19d12682?s=96&d=mm&r=g","caption":"Eva Martin"},"description":"Je parle de business et d'entrepreneuriat avec des conseils clairs, concrets et actionnables pour r\u00e9ussir","sameAs":["https:\/\/x.com\/Evaapresecole"],"url":"https:\/\/www.apres-lecole.fr\/Blog\/author\/evamartin\/"}]}},"views":8,"_links":{"self":[{"href":"https:\/\/www.apres-lecole.fr\/Blog\/wp-json\/wp\/v2\/posts\/1979","targetHints":{"allow":["GET"]}}],"collection":[{"href":"https:\/\/www.apres-lecole.fr\/Blog\/wp-json\/wp\/v2\/posts"}],"about":[{"href":"https:\/\/www.apres-lecole.fr\/Blog\/wp-json\/wp\/v2\/types\/post"}],"author":[{"embeddable":true,"href":"https:\/\/www.apres-lecole.fr\/Blog\/wp-json\/wp\/v2\/users\/9"}],"replies":[{"embeddable":true,"href":"https:\/\/www.apres-lecole.fr\/Blog\/wp-json\/wp\/v2\/comments?post=1979"}],"version-history":[{"count":0,"href":"https:\/\/www.apres-lecole.fr\/Blog\/wp-json\/wp\/v2\/posts\/1979\/revisions"}],"wp:attachment":[{"href":"https:\/\/www.apres-lecole.fr\/Blog\/wp-json\/wp\/v2\/media?parent=1979"}],"wp:term":[{"taxonomy":"category","embeddable":true,"href":"https:\/\/www.apres-lecole.fr\/Blog\/wp-json\/wp\/v2\/categories?post=1979"},{"taxonomy":"post_tag","embeddable":true,"href":"https:\/\/www.apres-lecole.fr\/Blog\/wp-json\/wp\/v2\/tags?post=1979"}],"curies":[{"name":"wp","href":"https:\/\/api.w.org\/{rel}","templated":true}]}}