{"id":1975,"date":"2025-05-27T21:07:41","date_gmt":"2025-05-27T21:07:41","guid":{"rendered":"https:\/\/www.apres-lecole.fr\/Blog\/ecole-extreme-droite-influences\/"},"modified":"2025-05-27T21:07:41","modified_gmt":"2025-05-27T21:07:41","slug":"ecole-extreme-droite-influences","status":"publish","type":"post","link":"https:\/\/www.apres-lecole.fr\/Blog\/ecole-extreme-droite-influences\/","title":{"rendered":"l&rsquo;\u00e9cole \u00e0 l&rsquo;\u00e9preuve de l&rsquo;extr\u00eame droite : des influences vari\u00e9es au-del\u00e0 des manuels scolaires"},"content":{"rendered":"\n\n<div class=\"kk-star-ratings kksr-auto kksr-align-left kksr-valign-top\"\n    data-payload='{&quot;align&quot;:&quot;left&quot;,&quot;id&quot;:&quot;1975&quot;,&quot;slug&quot;:&quot;default&quot;,&quot;valign&quot;:&quot;top&quot;,&quot;ignore&quot;:&quot;&quot;,&quot;reference&quot;:&quot;auto&quot;,&quot;class&quot;:&quot;&quot;,&quot;count&quot;:&quot;0&quot;,&quot;legendonly&quot;:&quot;&quot;,&quot;readonly&quot;:&quot;&quot;,&quot;score&quot;:&quot;0&quot;,&quot;starsonly&quot;:&quot;&quot;,&quot;best&quot;:&quot;5&quot;,&quot;gap&quot;:&quot;5&quot;,&quot;greet&quot;:&quot;Rate this post&quot;,&quot;legend&quot;:&quot;0\\\/5 - (0 vote)&quot;,&quot;size&quot;:&quot;24&quot;,&quot;title&quot;:&quot;l\\u0026#039;\u00e9cole \u00e0 l\\u0026#039;\u00e9preuve de l\\u0026#039;extr\u00eame droite : des influences vari\u00e9es au-del\u00e0 des manuels scolaires&quot;,&quot;width&quot;:&quot;0&quot;,&quot;_legend&quot;:&quot;{score}\\\/{best} - ({count} {votes})&quot;,&quot;font_factor&quot;:&quot;1.25&quot;}'>\n            \n<div class=\"kksr-stars\">\n    \n<div class=\"kksr-stars-inactive\">\n            <div class=\"kksr-star\" data-star=\"1\" style=\"padding-right: 5px\">\n            \n\n<div class=\"kksr-icon\" style=\"width: 24px; height: 24px;\"><\/div>\n        <\/div>\n            <div class=\"kksr-star\" data-star=\"2\" style=\"padding-right: 5px\">\n            \n\n<div class=\"kksr-icon\" style=\"width: 24px; height: 24px;\"><\/div>\n        <\/div>\n            <div class=\"kksr-star\" data-star=\"3\" style=\"padding-right: 5px\">\n            \n\n<div class=\"kksr-icon\" style=\"width: 24px; height: 24px;\"><\/div>\n        <\/div>\n            <div class=\"kksr-star\" data-star=\"4\" style=\"padding-right: 5px\">\n            \n\n<div class=\"kksr-icon\" style=\"width: 24px; height: 24px;\"><\/div>\n        <\/div>\n            <div class=\"kksr-star\" data-star=\"5\" style=\"padding-right: 5px\">\n            \n\n<div class=\"kksr-icon\" style=\"width: 24px; height: 24px;\"><\/div>\n        <\/div>\n    <\/div>\n    \n<div class=\"kksr-stars-active\" style=\"width: 0px;\">\n            <div class=\"kksr-star\" style=\"padding-right: 5px\">\n            \n\n<div class=\"kksr-icon\" style=\"width: 24px; height: 24px;\"><\/div>\n        <\/div>\n            <div class=\"kksr-star\" style=\"padding-right: 5px\">\n            \n\n<div class=\"kksr-icon\" style=\"width: 24px; height: 24px;\"><\/div>\n        <\/div>\n            <div class=\"kksr-star\" style=\"padding-right: 5px\">\n            \n\n<div class=\"kksr-icon\" style=\"width: 24px; height: 24px;\"><\/div>\n        <\/div>\n            <div class=\"kksr-star\" style=\"padding-right: 5px\">\n            \n\n<div class=\"kksr-icon\" style=\"width: 24px; height: 24px;\"><\/div>\n        <\/div>\n            <div class=\"kksr-star\" style=\"padding-right: 5px\">\n            \n\n<div class=\"kksr-icon\" style=\"width: 24px; height: 24px;\"><\/div>\n        <\/div>\n    <\/div>\n<\/div>\n                \n\n<div class=\"kksr-legend\" style=\"font-size: 19.2px;\">\n            <span class=\"kksr-muted\">Rate this post<\/span>\n    <\/div>\n    <\/div>\n<p>Le syst\u00e8me \u00e9ducatif fran\u00e7ais traverse une p\u00e9riode complexe, marqu\u00e9e par l&rsquo;influence croissante de l&rsquo;extr\u00eame droite sur les contenus et les pratiques en milieu scolaire. Dans un contexte o\u00f9 les valeurs r\u00e9publicaines semblent de plus en plus en danger, l\u2019\u00e9cole se positionne comme un champ de bataille culturel et id\u00e9ologique. Les discussions sur les manuels scolaires laissent entrevoir une profondeur d&rsquo;analyse qui d\u00e9passe largement les simples pages imprim\u00e9es. Les enjeux vont bien au-del\u00e0 des textes, touchant \u00e0 l&rsquo;essence m\u00eame de la soci\u00e9t\u00e9 et \u00e0 l&rsquo;\u00e9ducation des jeunes g\u00e9n\u00e9rations. Des acteurs vari\u00e9s, allant des \u00e9diteurs aux enseignants, se retrouvent m\u00eal\u00e9s dans cette lutte pour l&rsquo;\u00e2me de l&rsquo;\u00e9cole r\u00e9publicaine. Cela invite \u00e0 une r\u00e9flexion globale sur l&rsquo;\u00e9volution des mentalit\u00e9s et des pratiques p\u00e9dagogiques \u00e0 l&rsquo;origine de d\u00e9fis contemporains.<\/p>\n\n<h2 class=\"wp-block-heading\">La bataille pour les manuels scolaires : un enjeu strat\u00e9gique<\/h2>\n\n<p>Les manuels scolaires, ces pr\u00e9cieux objets de connaissance, sont devenus des vecteurs d&rsquo;id\u00e9es bien plus qu&rsquo;initialement pr\u00e9vu. Leurs contenus ne sont pas que des r\u00e9visions de l\u2019histoire ou de la grammaire. Ils transportent des visions du monde, influen\u00e7ant ainsi les esprits des jeunes esprits. En 2025, dans un paysage \u00e9ducatif d\u00e9j\u00e0 fortement marqu\u00e9 par des inqui\u00e9tudes politiques, la question se pose : qui fa\u00e7onne ces contenus ? Les grandes maisons d\u2019\u00e9ditions, comme <strong>Hachette \u00c9ducation<\/strong>, <strong>Nathan<\/strong>, ou <strong>Belin<\/strong>, jouent un r\u00f4le pr\u00e9pond\u00e9rant dans cette dynamique. L&rsquo;approche \u00e0 l&rsquo;\u00e9dition est soumise \u00e0 de fortes pressions commerciales et politiques, ce qui conduit souvent \u00e0 une certaine neutralit\u00e9, voire un certain conformisme id\u00e9ologique dans les manuels. Ces derniers tendent \u00e0 minimiser les th\u00e8mes controvers\u00e9s pour \u00e9viter d&rsquo;attirer des critiques.<\/p>\n\n<p>Cette neutralit\u00e9 apparente cache parfois une volont\u00e9 de pr\u00e9server un certain contr\u00f4le sur l&rsquo;\u00e9ducation. Des d\u00e9bats sur la situation des manuels scolaires ont r\u00e9guli\u00e8rement lieu, notamment en raison de scandales sur la mani\u00e8re dont des \u00e9v\u00e9nements d\u00e9licats, comme la colonisation et ses cons\u00e9quences, sont trait\u00e9s. Il est fr\u00e9quent que ces th\u00e8mes soient \u00e0 peine effleur\u00e9s ou faussement \u00e9quilibr\u00e9s. Par exemple, il arrive que des ouvrages mettent en regard les exactions de l\u2019arm\u00e9e fran\u00e7aise en Alg\u00e9rie avec celles du FLN dans une sorte de <strong>\u00ab en m\u00eame temps \u00bb<\/strong> qui, au lieu d&rsquo;ouvrir le d\u00e9bat, ferme les portes \u00e0 une r\u00e9flexion critique.<\/p>\n\n<h3 class=\"wp-block-heading\">Influences diversifi\u00e9es : \u00c9diteurs et enjeux<\/h3>\n\n<p>La diversit\u00e9 des maisons d\u2019\u00e9ditions impliqu\u00e9es dans la publication de manuels scolaires, comme <strong>Les \u00c9ditions des \u00c9quateurs<\/strong>, <strong>Librairie Gallimard<\/strong>, ou m\u00eame <strong>Fleurus<\/strong>, r\u00e9v\u00e8le un enjeu strat\u00e9gique majeur. Chaque \u00e9diteur a ses propres pr\u00e9f\u00e9rences id\u00e9ologiques et commerciales, qui peuvent fortement influencer le contenu propos\u00e9. De la m\u00eame fa\u00e7on, la pression de l\u2019extr\u00eame droite s&rsquo;exerce pour red\u00e9finir le cadre \u00e9ducatif, avec un discours affirmant que l&rsquo;\u00e9cole doit revenir \u00e0 des bases plus traditionnelles, v\u00e9hiculant des valeurs identitaires et conservatrices. Ce discours trouve \u00e9cho chez des \u00e9diteurs qui adoptent une posture plus soumise aux inclinations du march\u00e9.<\/p>\n\n<p>Un tableau r\u00e9capitulatif permet de comprendre cette diversit\u00e9 d\u2019intervenants et leur influence potentielle sur les manuels scolaires :<\/p>\n\n<figure class=\"wp-block-table\"><table>\n<thead>\n<tr>\n<th>\u00c9diteurs<\/th>\n<th>Position id\u00e9ologique<\/th>\n<th>Impact av\u00e9r\u00e9<\/th>\n<\/tr>\n<\/thead>\n<tbody>\n<tr>\n<td>Hachette \u00c9ducation<\/td>\n<td>Type conservateur<\/td>\n<td>Normalisation des contenus<\/td>\n<\/tr>\n<tr>\n<td>Nathan<\/td>\n<td>Progressiste<\/td>\n<td>R\u00e9sistance \u00e0 l&rsquo;influence extr\u00eame droite<\/td>\n<\/tr>\n<tr>\n<td>Larousse<\/td>\n<td>\u00c9quilibr\u00e9<\/td>\n<td>Souvent critique des partis extr\u00eames<\/td>\n<\/tr>\n<tr>\n<td>Fleurus<\/td>\n<td>Traditionnel<\/td>\n<td>Inclusion des valeurs chr\u00e9tiennes<\/td>\n<\/tr>\n<\/tbody>\n<\/table><\/figure>\n\n<p>Ce tableau souligne l&rsquo;importance de la vigilance collective face \u00e0 la normalisation et \u00e0 l&rsquo;homog\u00e9n\u00e9isation des savoirs disponibles pour les \u00e9l\u00e8ves. Les enseignants et les parents doivent donc porter une attention particuli\u00e8re \u00e0 ces influences pour garantir une \u00e9ducation \u00e9quilibr\u00e9e.<\/p>\n\n<h2 class=\"wp-block-heading\">L&rsquo;offensive culturelle : un ph\u00e9nom\u00e8ne global<\/h2>\n\n<p>La mont\u00e9e de l\u2019extr\u00eame droite ne se limite pas \u00e0 des changements au sein de l\u2019\u00e9cole ; elle s&rsquo;inscrit dans un panorama culturel plus large o\u00f9 des concepts tels que l&rsquo;identit\u00e9 nationale ou le repli sur soi prennent une ampleur certaine. Cette offensive ne touche pas que les manuels scolaires, mais aussi les m\u00e9thodes, les projets populaires ou encore les initiatives p\u00e9dagogiques locales. Le terrain \u00e9ducatif devient essentiel, car c\u2019est ici que se jouent les identit\u00e9s de demain.<\/p>\n\n<p>Dans ce cadre, des groupes identitaires ou des mouvements politiques tels que le <strong>Rassemblement National<\/strong> ou <strong>Reconqu\u00eate<\/strong> d\u00e9veloppent des initiatives ciblant les \u00e9coles, cherchant \u00e0 influencer le discours public en faveur de politiques plus identitaires et conservatrices. Des actions de terrain, comme les \u201cparents vigilants\u201d lanc\u00e9s par Reconqu\u00eate, t\u00e9moignent d&rsquo;une volont\u00e9 de s&rsquo;immiscer dans le quotidien scolaire pour promouvoir une vision partisane des choses.<\/p>\n\n<h3 class=\"wp-block-heading\">Les tactiques de l&rsquo;extr\u00eame droite en milieu scolaire<\/h3>\n\n<p>Les approches adopt\u00e9es par ces groupes sont multiples, mais on peut les regrouper en plusieurs cat\u00e9gories :<\/p>\n\n<ul class=\"wp-block-list\"><li>\ud83d\udcdc Promotion de projets p\u00e9dagogiques centr\u00e9s sur des valeurs traditionnelles.<\/li><li>\ud83d\udde3\ufe0f Mise en avant de figures historiques nationales, souvent interpr\u00e9t\u00e9es de mani\u00e8re biais\u00e9e.<\/li><li>\ud83d\udc65 Cr\u00e9ation de r\u00e9seaux de solidarit\u00e9 pour surveiller le contenu \u00e9ducatif.<\/li><li>\ud83d\udcda \u00c9dition de manuels qui adaptent la version de l&rsquo;histoire \u00e0 un r\u00e9cit nationaliste.<\/li><\/ul>\n\n<p>Toutes ces man\u0153uvres visent \u00e0 \u00e9tablir une vision du monde conforme aux id\u00e9aux d&rsquo;extr\u00eame droite. Elles op\u00e9rent souvent en se fondant sur une pr\u00e9tendue n\u00e9cessit\u00e9 de retour aux valeurs de la famille ou du patriotisme, qui, au fond, facilitent la diffusion de st\u00e9r\u00e9otypes n\u00e9gatifs \u00e0 propos de certaines populations.<\/p>\n\n<figure class=\"wp-block-table\"><table>\n<thead>\n<tr>\n<th>Tactiques<\/th>\n<th>Objectifs<\/th>\n<th>Impacts possibles<\/th>\n<\/tr>\n<\/thead>\n<tbody>\n<tr>\n<td>Propagande historique<\/td>\n<td>Rendre le pass\u00e9 glorieux<\/td>\n<td>R\u00e9\u00e9criture des manuels<\/td>\n<\/tr>\n<tr>\n<td>Contr\u00f4le des espaces scolaires<\/td>\n<td>Enseignement orient\u00e9 vers le nationalisme<\/td>\n<td>\u00c9rosion des valeurs humanistes<\/td>\n<\/tr>\n<tr>\n<td>Mobilisations parentales<\/td>\n<td>Influence des d\u00e9cisions \u00e9ducatives<\/td>\n<td>Placement de contenus discriminatoires<\/td>\n<\/tr>\n<\/tbody>\n<\/table><\/figure>\n\n<p>Face \u00e0 cela, la r\u00e9sistance est imp\u00e9rative. Les enseignants, les syndicats, mais aussi les parents doivent unir leurs forces pour pr\u00e9server une \u00e9cole la\u00efque, \u00e9quitable et d\u00e9mocratique.<\/p>\n\n<h2 class=\"wp-block-heading\">Une r\u00e9ponse collective : le r\u00f4le des enseignants et des syndicats<\/h2>\n\n<p>Pour contrer cette mont\u00e9e de l\u2019influence de l\u2019extr\u00eame droite sur le syst\u00e8me \u00e9ducatif, il est essentiel que les acteurs de l\u2019\u00e9ducation se mobilisent. Les enseignants ont un r\u00f4le crucial \u00e0 jouer, car ils sont en premi\u00e8re ligne face \u00e0 la r\u00e9alit\u00e9 scolaire. Leur quotidien les place en contact direct avec des \u00e9l\u00e8ves de tout horizons et leur permet d&rsquo;instaurer des dynamiques d&rsquo;inclusion et de respect.<\/p>\n\n<p>Les syndicats, tels que le <strong>SNES-FSU<\/strong> ou <strong>SNEP<\/strong>, se sont empar\u00e9s de ces enjeux. Ils offrent aux enseignants des ressources et un cadre pour s\u2019engager contre les d\u00e9rives id\u00e9ologiques qui polluent leur environnement de travail. Des textes et des formations sur la la\u00efcit\u00e9 et l\u2019enseignement des valeurs r\u00e9publicaines sont \u00e9galement propos\u00e9s pour aider \u00e0 maintenir un cap face aux pressions ext\u00e9rieures. Des initiatives de lutte contre le racisme et l\u2019homophobie sont \u00e9galement primordiales.<\/p>\n\n<h3 class=\"wp-block-heading\">Une formation continue adapt\u00e9e aux enjeux contemporains<\/h3>\n\n<p>Adopter des m\u00e9thodes p\u00e9dagogiques innovantes est \u00e9galement indispensable. La formation continue doit permettre aux enseignants de se sentir comp\u00e9tents face aux \u00e9volutions des mentalit\u00e9s. Les enjeux pratiques doivent donc directement occup\u00e9s une place essentielle dans ces cursus. Des sessions interactives sur des sujets comme le populisme, l&rsquo;extr\u00eame droite ou encore les discours de haine sont imp\u00e9ratifs. Cela peut passer par :<\/p>\n\n<ul class=\"wp-block-list\"><li>\ud83c\udf93 Ateliers de r\u00e9flexion sur les pratiques p\u00e9dagogiques.<\/li><li>\ud83d\udcd6 S\u00e9minaires sur les enjeux de la la\u00efcit\u00e9.<\/li><li>\ud83e\udd1d Rencontres avec des experts en sociologie \u00e9ducative.<\/li><\/ul>\n\n<p>Il est d&rsquo;autant plus crucial que ces formations soient accessibles \u00e0 tous les enseignants, quel que soit leur niveau d&rsquo;exp\u00e9rience. La coordination de ces initiatives permettra d\u2019instaurer une v\u00e9ritable culture de la r\u00e9sistance, armant ainsi les enseignants dans leur bataille pour une \u00e9ducation v\u00e9ritablement \u00e9galitaire.<\/p>\n\n<figure class=\"wp-block-table\"><table>\n<thead>\n<tr>\n<th>Formation continue<\/th>\n<th>Th\u00e9matiques abord\u00e9es<\/th>\n<th>Objectifs<\/th>\n<\/tr>\n<\/thead>\n<tbody>\n<tr>\n<td>Ateliers pratiques<\/td>\n<td>Innovations p\u00e9dagogiques<\/td>\n<td>Adopter des m\u00e9thodes interactives<\/td>\n<\/tr>\n<tr>\n<td>S\u00e9minaires<\/td>\n<td>La\u00efcit\u00e9 et citoyennet\u00e9<\/td>\n<td>Renforcer les valeurs r\u00e9publicaines<\/td>\n<\/tr>\n<tr>\n<td>Conf\u00e9rences<\/td>\n<td>Sociologie \u00e9ducative<\/td>\n<td>Analyser les effets de l&rsquo;id\u00e9ologie sur le savoir<\/td>\n<\/tr>\n<\/tbody>\n<\/table><\/figure>\n\n<p>Les bases de l\u2019\u00e9galit\u00e9 et de la la\u00efcit\u00e9 doivent \u00eatre au c\u0153ur de l\u2019\u00e9ducation. Les enseignants, par leur engagement et leur ouverture, jouent un r\u00f4le cl\u00e9 dans la lutte contre la mont\u00e9e de l&rsquo;extr\u00eame droite au sein des \u00e9tablissements scolaires.<\/p>\n\n<h2 class=\"wp-block-heading\">Vigilance et mobilisation : des perspectives d&rsquo;avenir<\/h2>\n\n<p>Face \u00e0 l\u2019influence croissante de l\u2019extr\u00eame droite dans l&rsquo;\u00e9ducation, il est imp\u00e9ratif de maintenir une vigilance constante et d&rsquo;op\u00e9rer une mobilisation collective. Les effets de cette d\u00e9rive sont parfois subtils, mais ils se manifestent clairement dans l\u2019absence de diversit\u00e9 dans les discours historiques, dans la minimisation de la richesse de la culture fran\u00e7aise et dans le rejet de la complexit\u00e9 des r\u00e9alit\u00e9s soci\u00e9tales contemporaines. Pour pr\u00e9server l\u2019avenir de l\u2019\u00e9cole publique, il est fondamental de repenser collectivement le r\u00f4le de chacun au sein du syst\u00e8me \u00e9ducatif.<\/p>\n\n<p>Il est \u00e9galement essentiel d&rsquo;\u00eatre conscient des menaces qui p\u00e8sent directement sur l&rsquo;\u00e9cole. L\u2019histoire montre que le contr\u00f4le de l&rsquo;\u00e9ducation par des id\u00e9ologies partisans peut conduire \u00e0 une soci\u00e9t\u00e9 de plus en plus fragment\u00e9e. Ainsi, les enseignants doivent veiller \u00e0 ne pas c\u00e9der aux sir\u00e8nes simplistes qui promettent des solutions imm\u00e9diates \u00e0 des probl\u00e8mes complexes.<\/p>\n\n<h3 class=\"wp-block-heading\">Des actions de r\u00e9sistance coordonn\u00e9es et collectives<\/h3>\n\n<p>Les actions \u00e0 mener peuvent inclure :<\/p>\n\n<ul class=\"wp-block-list\"><li>\ud83d\udea8 P\u00e9titions pour d\u00e9fendre des valeurs la\u00efques et r\u00e9publicaines.<\/li><li>\ud83e\udd1d Alliances avec des organisations de d\u00e9fense des droits humains.<\/li><li>\ud83d\udcac Cr\u00e9ation de groupes de discussion pour sensibiliser et mobiliser la communaut\u00e9 \u00e9ducative.<\/li><\/ul>\n\n<p>La force du collectif doit permettre d\u2019assurer que l\u2019\u00e9ducation demeure un espace de libert\u00e9, de cr\u00e9ativit\u00e9 et de respect. La d\u00e9fense d\u2019une \u00e9cole juste est l\u2019affaire de toutes et tous. Les enseignants, les parents, les \u00e9l\u00e8ves et les citoyens engag\u00e9s doivent se battre ensemble pour stopper l\u2019influence d\u00e9l\u00e9t\u00e8re de l\u2019extr\u00eame droite sur l\u2019\u00e9cole.<\/p>\n\n<h2 class=\"wp-block-heading\">Foire aux questions sur l&rsquo;extr\u00eame droite et l&rsquo;\u00e9cole<\/h2>\n\n<p><div>\n<h3>Quelles strat\u00e9gies utilise l&rsquo;extr\u00eame droite pour influencer l&rsquo;\u00e9ducation ?<\/h3>\n<p>L&rsquo;extr\u00eame droite utilise diverses strat\u00e9gies, notamment la propagande au travers de manuels scolaires, l&rsquo;organisation d&rsquo;initiatives parentales et le contr\u00f4le des espaces scolaires pour normaliser ses id\u00e9es.<\/p>\n<h3>Comment les enseignants peuvent-ils r\u00e9sister \u00e0 cette influence ?<\/h3>\n<p>Les enseignants peuvent s&rsquo;engager en participant \u00e0 des formations, en d\u00e9veloppant des pratiques inclusives et en soutenant des syndicats qui d\u00e9fendent des valeurs la\u00efques et r\u00e9publicaines.<\/p>\n<h3>Pourquoi est-il important de boycotter certaines \u00e9ditions scolaires ?<\/h3>\n<p>Le boycott de certaines \u00e9ditions scolaires, comme celles appartenant \u00e0 l&#8217;empire Bollor\u00e9, peut avoir un impact sur la politique \u00e9ditoriale et inciter d&rsquo;autres maisons \u00e0 respecter des normes \u00e9thiques dans la publication.<\/p>\n<h3>Quelles sont les cons\u00e9quences d&rsquo;une \u00e9ducation sous l&rsquo;influence de l&rsquo;extr\u00eame droite ?<\/h3>\n<p>Une \u00e9ducation influenc\u00e9e par l&rsquo;extr\u00eame droite peut mener \u00e0 une vision st\u00e9r\u00e9otyp\u00e9e et manich\u00e9enne du monde, r\u00e9duire la diversit\u00e9 des opinions et cr\u00e9er un climat de m\u00e9fiance et de division au sein de la soci\u00e9t\u00e9.<\/p>\n<h3>Quel est le r\u00f4le des parents face \u00e0 l&rsquo;extr\u00eame droite \u00e0 l&rsquo;\u00e9cole ?<\/h3>\n<p>Les parents ont un r\u00f4le crucial en se mobilisant pour d\u00e9fendre une \u00e9ducation inclusive et en s&rsquo;opposant aux strat\u00e9gies d&rsquo;influence de l&rsquo;extr\u00eame droite, notamment par le soutien aux enseignants et aux initiatives locales.<\/p>\n<\/div><\/p>\n\n","protected":false},"excerpt":{"rendered":"<p>Le syst\u00e8me \u00e9ducatif fran\u00e7ais traverse une p\u00e9riode complexe, marqu\u00e9e par l&rsquo;influence croissante de l&rsquo;extr\u00eame droite sur les contenus et les pratiques en milieu scolaire. Dans un contexte o\u00f9 les valeurs r\u00e9publicaines semblent de plus en plus en danger, l\u2019\u00e9cole se positionne comme un champ de bataille culturel et id\u00e9ologique. Les discussions sur les manuels scolaires &#8230; <a title=\"l&rsquo;\u00e9cole \u00e0 l&rsquo;\u00e9preuve de l&rsquo;extr\u00eame droite : des influences vari\u00e9es au-del\u00e0 des manuels scolaires\" class=\"read-more\" href=\"https:\/\/www.apres-lecole.fr\/Blog\/ecole-extreme-droite-influences\/\" aria-label=\"En savoir plus sur l&rsquo;\u00e9cole \u00e0 l&rsquo;\u00e9preuve de l&rsquo;extr\u00eame droite : des influences vari\u00e9es au-del\u00e0 des manuels scolaires\">Lire plus<\/a><\/p>\n","protected":false},"author":9,"featured_media":0,"comment_status":"open","ping_status":"open","sticky":false,"template":"","format":"standard","meta":{"footnotes":""},"categories":[342],"tags":[410,412,961,962,963],"class_list":["post-1975","post","type-post","status-publish","format-standard","hentry","category-actualites","tag-ecole","tag-education","tag-extreme-droite","tag-influences-diverses","tag-manuels-scolaires"],"yoast_head":"<!-- This site is optimized with the Yoast SEO plugin v27.5 - https:\/\/yoast.com\/product\/yoast-seo-wordpress\/ -->\n<title>L&#039;\u00e9cole face \u00e0 l&#039;extr\u00eame droite : au-del\u00e0 des manuels, des influences diverses<\/title>\n<meta name=\"description\" content=\"D\u00e9couvrez comment l&#039;\u00e9cole fait face aux influences de l&#039;extr\u00eame droite au-del\u00e0 des simples manuels scolaires. Analyse approfondie des dynamiques \u00e9ducatives, des discours politiques et des impacts socioculturels sur l&#039;enseignement et les \u00e9l\u00e8ves. Une exploration essentielle pour comprendre les enjeux contemporains de l&#039;\u00e9ducation.\" \/>\n<meta name=\"robots\" content=\"index, follow, max-snippet:-1, max-image-preview:large, max-video-preview:-1\" \/>\n<link rel=\"canonical\" href=\"https:\/\/www.apres-lecole.fr\/Blog\/ecole-extreme-droite-influences\/\" \/>\n<meta property=\"og:locale\" content=\"fr_FR\" \/>\n<meta property=\"og:type\" content=\"article\" \/>\n<meta property=\"og:title\" content=\"L&#039;\u00e9cole face \u00e0 l&#039;extr\u00eame droite : au-del\u00e0 des manuels, des influences diverses\" \/>\n<meta property=\"og:description\" content=\"D\u00e9couvrez comment l&#039;\u00e9cole fait face aux influences de l&#039;extr\u00eame droite au-del\u00e0 des simples manuels scolaires. Analyse approfondie des dynamiques \u00e9ducatives, des discours politiques et des impacts socioculturels sur l&#039;enseignement et les \u00e9l\u00e8ves. Une exploration essentielle pour comprendre les enjeux contemporains de l&#039;\u00e9ducation.\" \/>\n<meta property=\"og:url\" content=\"https:\/\/www.apres-lecole.fr\/Blog\/ecole-extreme-droite-influences\/\" \/>\n<meta property=\"article:published_time\" content=\"2025-05-27T21:07:41+00:00\" \/>\n<meta name=\"author\" content=\"Eva Martin\" \/>\n<meta name=\"twitter:card\" content=\"summary_large_image\" \/>\n<meta name=\"twitter:creator\" content=\"@Evaapresecole\" \/>\n<meta name=\"twitter:label1\" content=\"\u00c9crit par\" \/>\n\t<meta name=\"twitter:data1\" content=\"Eva Martin\" \/>\n\t<meta name=\"twitter:label2\" content=\"Dur\u00e9e de lecture estim\u00e9e\" \/>\n\t<meta name=\"twitter:data2\" content=\"10 minutes\" \/>\n<script type=\"application\/ld+json\" class=\"yoast-schema-graph\">{\"@context\":\"https:\\\/\\\/schema.org\",\"@graph\":[{\"@type\":\"Article\",\"@id\":\"https:\\\/\\\/www.apres-lecole.fr\\\/Blog\\\/ecole-extreme-droite-influences\\\/#article\",\"isPartOf\":{\"@id\":\"https:\\\/\\\/www.apres-lecole.fr\\\/Blog\\\/ecole-extreme-droite-influences\\\/\"},\"author\":{\"name\":\"Eva Martin\",\"@id\":\"https:\\\/\\\/www.apres-lecole.fr\\\/Blog\\\/#\\\/schema\\\/person\\\/aeb50cd4b51fc69da155804bb5bb9fc4\"},\"headline\":\"l&rsquo;\u00e9cole \u00e0 l&rsquo;\u00e9preuve de l&rsquo;extr\u00eame droite : des influences vari\u00e9es au-del\u00e0 des manuels scolaires\",\"datePublished\":\"2025-05-27T21:07:41+00:00\",\"mainEntityOfPage\":{\"@id\":\"https:\\\/\\\/www.apres-lecole.fr\\\/Blog\\\/ecole-extreme-droite-influences\\\/\"},\"wordCount\":1978,\"commentCount\":0,\"keywords\":[\"\u00e9cole\",\"\u00e9ducation\",\"extr\u00eame droite\",\"influences diverses\",\"manuels scolaires\"],\"articleSection\":[\"Actualit\u00e9s\"],\"inLanguage\":\"fr-FR\",\"potentialAction\":[{\"@type\":\"CommentAction\",\"name\":\"Comment\",\"target\":[\"https:\\\/\\\/www.apres-lecole.fr\\\/Blog\\\/ecole-extreme-droite-influences\\\/#respond\"]}]},{\"@type\":\"WebPage\",\"@id\":\"https:\\\/\\\/www.apres-lecole.fr\\\/Blog\\\/ecole-extreme-droite-influences\\\/\",\"url\":\"https:\\\/\\\/www.apres-lecole.fr\\\/Blog\\\/ecole-extreme-droite-influences\\\/\",\"name\":\"L'\u00e9cole face \u00e0 l'extr\u00eame droite : au-del\u00e0 des manuels, des influences diverses\",\"isPartOf\":{\"@id\":\"https:\\\/\\\/www.apres-lecole.fr\\\/Blog\\\/#website\"},\"datePublished\":\"2025-05-27T21:07:41+00:00\",\"author\":{\"@id\":\"https:\\\/\\\/www.apres-lecole.fr\\\/Blog\\\/#\\\/schema\\\/person\\\/aeb50cd4b51fc69da155804bb5bb9fc4\"},\"description\":\"D\u00e9couvrez comment l'\u00e9cole fait face aux influences de l'extr\u00eame droite au-del\u00e0 des simples manuels scolaires. Analyse approfondie des dynamiques \u00e9ducatives, des discours politiques et des impacts socioculturels sur l'enseignement et les \u00e9l\u00e8ves. Une exploration essentielle pour comprendre les enjeux contemporains de l'\u00e9ducation.\",\"breadcrumb\":{\"@id\":\"https:\\\/\\\/www.apres-lecole.fr\\\/Blog\\\/ecole-extreme-droite-influences\\\/#breadcrumb\"},\"inLanguage\":\"fr-FR\",\"potentialAction\":[{\"@type\":\"ReadAction\",\"target\":[\"https:\\\/\\\/www.apres-lecole.fr\\\/Blog\\\/ecole-extreme-droite-influences\\\/\"]}]},{\"@type\":\"BreadcrumbList\",\"@id\":\"https:\\\/\\\/www.apres-lecole.fr\\\/Blog\\\/ecole-extreme-droite-influences\\\/#breadcrumb\",\"itemListElement\":[{\"@type\":\"ListItem\",\"position\":1,\"name\":\"Home\",\"item\":\"https:\\\/\\\/www.apres-lecole.fr\\\/Blog\\\/\"},{\"@type\":\"ListItem\",\"position\":2,\"name\":\"l&rsquo;\u00e9cole \u00e0 l&rsquo;\u00e9preuve de l&rsquo;extr\u00eame droite : des influences vari\u00e9es au-del\u00e0 des manuels scolaires\"}]},{\"@type\":\"WebSite\",\"@id\":\"https:\\\/\\\/www.apres-lecole.fr\\\/Blog\\\/#website\",\"url\":\"https:\\\/\\\/www.apres-lecole.fr\\\/Blog\\\/\",\"name\":\"\",\"description\":\"M\u00e9dia g\u00e9n\u00e9raliste\",\"potentialAction\":[{\"@type\":\"SearchAction\",\"target\":{\"@type\":\"EntryPoint\",\"urlTemplate\":\"https:\\\/\\\/www.apres-lecole.fr\\\/Blog\\\/?s={search_term_string}\"},\"query-input\":{\"@type\":\"PropertyValueSpecification\",\"valueRequired\":true,\"valueName\":\"search_term_string\"}}],\"inLanguage\":\"fr-FR\"},{\"@type\":\"Person\",\"@id\":\"https:\\\/\\\/www.apres-lecole.fr\\\/Blog\\\/#\\\/schema\\\/person\\\/aeb50cd4b51fc69da155804bb5bb9fc4\",\"name\":\"Eva Martin\",\"image\":{\"@type\":\"ImageObject\",\"inLanguage\":\"fr-FR\",\"@id\":\"https:\\\/\\\/secure.gravatar.com\\\/avatar\\\/55c53222558b27a72015a64073a80edce4abd33369394b9bf2c5cd6c19d12682?s=96&d=mm&r=g\",\"url\":\"https:\\\/\\\/secure.gravatar.com\\\/avatar\\\/55c53222558b27a72015a64073a80edce4abd33369394b9bf2c5cd6c19d12682?s=96&d=mm&r=g\",\"contentUrl\":\"https:\\\/\\\/secure.gravatar.com\\\/avatar\\\/55c53222558b27a72015a64073a80edce4abd33369394b9bf2c5cd6c19d12682?s=96&d=mm&r=g\",\"caption\":\"Eva Martin\"},\"description\":\"Je parle de business et d'entrepreneuriat avec des conseils clairs, concrets et actionnables pour r\u00e9ussir\",\"sameAs\":[\"https:\\\/\\\/x.com\\\/Evaapresecole\"],\"url\":\"https:\\\/\\\/www.apres-lecole.fr\\\/Blog\\\/author\\\/evamartin\\\/\"}]}<\/script>\n<!-- \/ Yoast SEO plugin. -->","yoast_head_json":{"title":"L'\u00e9cole face \u00e0 l'extr\u00eame droite : au-del\u00e0 des manuels, des influences diverses","description":"D\u00e9couvrez comment l'\u00e9cole fait face aux influences de l'extr\u00eame droite au-del\u00e0 des simples manuels scolaires. Analyse approfondie des dynamiques \u00e9ducatives, des discours politiques et des impacts socioculturels sur l'enseignement et les \u00e9l\u00e8ves. Une exploration essentielle pour comprendre les enjeux contemporains de l'\u00e9ducation.","robots":{"index":"index","follow":"follow","max-snippet":"max-snippet:-1","max-image-preview":"max-image-preview:large","max-video-preview":"max-video-preview:-1"},"canonical":"https:\/\/www.apres-lecole.fr\/Blog\/ecole-extreme-droite-influences\/","og_locale":"fr_FR","og_type":"article","og_title":"L'\u00e9cole face \u00e0 l'extr\u00eame droite : au-del\u00e0 des manuels, des influences diverses","og_description":"D\u00e9couvrez comment l'\u00e9cole fait face aux influences de l'extr\u00eame droite au-del\u00e0 des simples manuels scolaires. Analyse approfondie des dynamiques \u00e9ducatives, des discours politiques et des impacts socioculturels sur l'enseignement et les \u00e9l\u00e8ves. Une exploration essentielle pour comprendre les enjeux contemporains de l'\u00e9ducation.","og_url":"https:\/\/www.apres-lecole.fr\/Blog\/ecole-extreme-droite-influences\/","article_published_time":"2025-05-27T21:07:41+00:00","author":"Eva Martin","twitter_card":"summary_large_image","twitter_creator":"@Evaapresecole","twitter_misc":{"\u00c9crit par":"Eva Martin","Dur\u00e9e de lecture estim\u00e9e":"10 minutes"},"schema":{"@context":"https:\/\/schema.org","@graph":[{"@type":"Article","@id":"https:\/\/www.apres-lecole.fr\/Blog\/ecole-extreme-droite-influences\/#article","isPartOf":{"@id":"https:\/\/www.apres-lecole.fr\/Blog\/ecole-extreme-droite-influences\/"},"author":{"name":"Eva Martin","@id":"https:\/\/www.apres-lecole.fr\/Blog\/#\/schema\/person\/aeb50cd4b51fc69da155804bb5bb9fc4"},"headline":"l&rsquo;\u00e9cole \u00e0 l&rsquo;\u00e9preuve de l&rsquo;extr\u00eame droite : des influences vari\u00e9es au-del\u00e0 des manuels scolaires","datePublished":"2025-05-27T21:07:41+00:00","mainEntityOfPage":{"@id":"https:\/\/www.apres-lecole.fr\/Blog\/ecole-extreme-droite-influences\/"},"wordCount":1978,"commentCount":0,"keywords":["\u00e9cole","\u00e9ducation","extr\u00eame droite","influences diverses","manuels scolaires"],"articleSection":["Actualit\u00e9s"],"inLanguage":"fr-FR","potentialAction":[{"@type":"CommentAction","name":"Comment","target":["https:\/\/www.apres-lecole.fr\/Blog\/ecole-extreme-droite-influences\/#respond"]}]},{"@type":"WebPage","@id":"https:\/\/www.apres-lecole.fr\/Blog\/ecole-extreme-droite-influences\/","url":"https:\/\/www.apres-lecole.fr\/Blog\/ecole-extreme-droite-influences\/","name":"L'\u00e9cole face \u00e0 l'extr\u00eame droite : au-del\u00e0 des manuels, des influences diverses","isPartOf":{"@id":"https:\/\/www.apres-lecole.fr\/Blog\/#website"},"datePublished":"2025-05-27T21:07:41+00:00","author":{"@id":"https:\/\/www.apres-lecole.fr\/Blog\/#\/schema\/person\/aeb50cd4b51fc69da155804bb5bb9fc4"},"description":"D\u00e9couvrez comment l'\u00e9cole fait face aux influences de l'extr\u00eame droite au-del\u00e0 des simples manuels scolaires. Analyse approfondie des dynamiques \u00e9ducatives, des discours politiques et des impacts socioculturels sur l'enseignement et les \u00e9l\u00e8ves. Une exploration essentielle pour comprendre les enjeux contemporains de l'\u00e9ducation.","breadcrumb":{"@id":"https:\/\/www.apres-lecole.fr\/Blog\/ecole-extreme-droite-influences\/#breadcrumb"},"inLanguage":"fr-FR","potentialAction":[{"@type":"ReadAction","target":["https:\/\/www.apres-lecole.fr\/Blog\/ecole-extreme-droite-influences\/"]}]},{"@type":"BreadcrumbList","@id":"https:\/\/www.apres-lecole.fr\/Blog\/ecole-extreme-droite-influences\/#breadcrumb","itemListElement":[{"@type":"ListItem","position":1,"name":"Home","item":"https:\/\/www.apres-lecole.fr\/Blog\/"},{"@type":"ListItem","position":2,"name":"l&rsquo;\u00e9cole \u00e0 l&rsquo;\u00e9preuve de l&rsquo;extr\u00eame droite : des influences vari\u00e9es au-del\u00e0 des manuels scolaires"}]},{"@type":"WebSite","@id":"https:\/\/www.apres-lecole.fr\/Blog\/#website","url":"https:\/\/www.apres-lecole.fr\/Blog\/","name":"","description":"M\u00e9dia g\u00e9n\u00e9raliste","potentialAction":[{"@type":"SearchAction","target":{"@type":"EntryPoint","urlTemplate":"https:\/\/www.apres-lecole.fr\/Blog\/?s={search_term_string}"},"query-input":{"@type":"PropertyValueSpecification","valueRequired":true,"valueName":"search_term_string"}}],"inLanguage":"fr-FR"},{"@type":"Person","@id":"https:\/\/www.apres-lecole.fr\/Blog\/#\/schema\/person\/aeb50cd4b51fc69da155804bb5bb9fc4","name":"Eva Martin","image":{"@type":"ImageObject","inLanguage":"fr-FR","@id":"https:\/\/secure.gravatar.com\/avatar\/55c53222558b27a72015a64073a80edce4abd33369394b9bf2c5cd6c19d12682?s=96&d=mm&r=g","url":"https:\/\/secure.gravatar.com\/avatar\/55c53222558b27a72015a64073a80edce4abd33369394b9bf2c5cd6c19d12682?s=96&d=mm&r=g","contentUrl":"https:\/\/secure.gravatar.com\/avatar\/55c53222558b27a72015a64073a80edce4abd33369394b9bf2c5cd6c19d12682?s=96&d=mm&r=g","caption":"Eva Martin"},"description":"Je parle de business et d'entrepreneuriat avec des conseils clairs, concrets et actionnables pour r\u00e9ussir","sameAs":["https:\/\/x.com\/Evaapresecole"],"url":"https:\/\/www.apres-lecole.fr\/Blog\/author\/evamartin\/"}]}},"views":40,"_links":{"self":[{"href":"https:\/\/www.apres-lecole.fr\/Blog\/wp-json\/wp\/v2\/posts\/1975","targetHints":{"allow":["GET"]}}],"collection":[{"href":"https:\/\/www.apres-lecole.fr\/Blog\/wp-json\/wp\/v2\/posts"}],"about":[{"href":"https:\/\/www.apres-lecole.fr\/Blog\/wp-json\/wp\/v2\/types\/post"}],"author":[{"embeddable":true,"href":"https:\/\/www.apres-lecole.fr\/Blog\/wp-json\/wp\/v2\/users\/9"}],"replies":[{"embeddable":true,"href":"https:\/\/www.apres-lecole.fr\/Blog\/wp-json\/wp\/v2\/comments?post=1975"}],"version-history":[{"count":0,"href":"https:\/\/www.apres-lecole.fr\/Blog\/wp-json\/wp\/v2\/posts\/1975\/revisions"}],"wp:attachment":[{"href":"https:\/\/www.apres-lecole.fr\/Blog\/wp-json\/wp\/v2\/media?parent=1975"}],"wp:term":[{"taxonomy":"category","embeddable":true,"href":"https:\/\/www.apres-lecole.fr\/Blog\/wp-json\/wp\/v2\/categories?post=1975"},{"taxonomy":"post_tag","embeddable":true,"href":"https:\/\/www.apres-lecole.fr\/Blog\/wp-json\/wp\/v2\/tags?post=1975"}],"curies":[{"name":"wp","href":"https:\/\/api.w.org\/{rel}","templated":true}]}}