{"id":1971,"date":"2025-05-25T21:12:40","date_gmt":"2025-05-25T21:12:40","guid":{"rendered":"https:\/\/www.apres-lecole.fr\/Blog\/eleves-brest-terre-mer\/"},"modified":"2025-05-25T21:12:40","modified_gmt":"2025-05-25T21:12:40","slug":"eleves-brest-terre-mer","status":"publish","type":"post","link":"https:\/\/www.apres-lecole.fr\/Blog\/eleves-brest-terre-mer\/","title":{"rendered":"\u00c0 Brest, des \u00e9l\u00e8ves de l&rsquo;\u00e9cole Jean-de La Fontaine naviguent entre terre et mer"},"content":{"rendered":"\n\n<div class=\"kk-star-ratings kksr-auto kksr-align-left kksr-valign-top\"\n    data-payload='{&quot;align&quot;:&quot;left&quot;,&quot;id&quot;:&quot;1971&quot;,&quot;slug&quot;:&quot;default&quot;,&quot;valign&quot;:&quot;top&quot;,&quot;ignore&quot;:&quot;&quot;,&quot;reference&quot;:&quot;auto&quot;,&quot;class&quot;:&quot;&quot;,&quot;count&quot;:&quot;0&quot;,&quot;legendonly&quot;:&quot;&quot;,&quot;readonly&quot;:&quot;&quot;,&quot;score&quot;:&quot;0&quot;,&quot;starsonly&quot;:&quot;&quot;,&quot;best&quot;:&quot;5&quot;,&quot;gap&quot;:&quot;5&quot;,&quot;greet&quot;:&quot;Rate this post&quot;,&quot;legend&quot;:&quot;0\\\/5 - (0 vote)&quot;,&quot;size&quot;:&quot;24&quot;,&quot;title&quot;:&quot;\u00c0 Brest, des \u00e9l\u00e8ves de l\\u0026#039;\u00e9cole Jean-de La Fontaine naviguent entre terre et mer&quot;,&quot;width&quot;:&quot;0&quot;,&quot;_legend&quot;:&quot;{score}\\\/{best} - ({count} {votes})&quot;,&quot;font_factor&quot;:&quot;1.25&quot;}'>\n            \n<div class=\"kksr-stars\">\n    \n<div class=\"kksr-stars-inactive\">\n            <div class=\"kksr-star\" data-star=\"1\" style=\"padding-right: 5px\">\n            \n\n<div class=\"kksr-icon\" style=\"width: 24px; height: 24px;\"><\/div>\n        <\/div>\n            <div class=\"kksr-star\" data-star=\"2\" style=\"padding-right: 5px\">\n            \n\n<div class=\"kksr-icon\" style=\"width: 24px; height: 24px;\"><\/div>\n        <\/div>\n            <div class=\"kksr-star\" data-star=\"3\" style=\"padding-right: 5px\">\n            \n\n<div class=\"kksr-icon\" style=\"width: 24px; height: 24px;\"><\/div>\n        <\/div>\n            <div class=\"kksr-star\" data-star=\"4\" style=\"padding-right: 5px\">\n            \n\n<div class=\"kksr-icon\" style=\"width: 24px; height: 24px;\"><\/div>\n        <\/div>\n            <div class=\"kksr-star\" data-star=\"5\" style=\"padding-right: 5px\">\n            \n\n<div class=\"kksr-icon\" style=\"width: 24px; height: 24px;\"><\/div>\n        <\/div>\n    <\/div>\n    \n<div class=\"kksr-stars-active\" style=\"width: 0px;\">\n            <div class=\"kksr-star\" style=\"padding-right: 5px\">\n            \n\n<div class=\"kksr-icon\" style=\"width: 24px; height: 24px;\"><\/div>\n        <\/div>\n            <div class=\"kksr-star\" style=\"padding-right: 5px\">\n            \n\n<div class=\"kksr-icon\" style=\"width: 24px; height: 24px;\"><\/div>\n        <\/div>\n            <div class=\"kksr-star\" style=\"padding-right: 5px\">\n            \n\n<div class=\"kksr-icon\" style=\"width: 24px; height: 24px;\"><\/div>\n        <\/div>\n            <div class=\"kksr-star\" style=\"padding-right: 5px\">\n            \n\n<div class=\"kksr-icon\" style=\"width: 24px; height: 24px;\"><\/div>\n        <\/div>\n            <div class=\"kksr-star\" style=\"padding-right: 5px\">\n            \n\n<div class=\"kksr-icon\" style=\"width: 24px; height: 24px;\"><\/div>\n        <\/div>\n    <\/div>\n<\/div>\n                \n\n<div class=\"kksr-legend\" style=\"font-size: 19.2px;\">\n            <span class=\"kksr-muted\">Rate this post<\/span>\n    <\/div>\n    <\/div>\n<p>\u00c0 Brest, l&rsquo;\u00e9cole Jean-de La Fontaine est en effervescence. Les \u00e9l\u00e8ves de CE1, sous la direction de leur enseignante Claire Gripon, embarquent dans une aventure in\u00e9dite qui les propulse entre terre et mer. \u00c0 travers le projet \u00ab Aires marines \u00e9ducatives \u00bb, ces jeunes explorateurs ont la chance de suivre, en temps r\u00e9el, une mission scientifique effectu\u00e9e par un chercheur \u00e0 bord d&rsquo;un trois-m\u00e2ts norv\u00e9gien. Une immersion qui ne se limite pas seulement \u00e0 un voyage, mais qui les plonge dans l&rsquo;univers fascinant des sciences maritimes et des enjeux environnementaux. Avec la mer comme toile de fond et la technologie pour boussole, ces \u00e9l\u00e8ves d\u00e9couvrent non seulement la navigation mais aussi les merveilles de leur \u00e9cosyst\u00e8me marin.<\/p>\n\n<h2 class=\"wp-block-heading\">Le projet \u00e9ducatif \u00e0 l&rsquo;\u00e9cole Jean-de La Fontaine \u00e0 Brest<\/h2>\n\n<p>Le projet \u00ab Aires marines \u00e9ducatives \u00bb fait partie d&rsquo;une initiative plus large visant \u00e0 sensibiliser les \u00e9l\u00e8ves \u00e0 l&rsquo;importance de l&rsquo;\u00e9ducation environnementale. Gr\u00e2ce \u00e0 la collaboration avec Fabrice Collard, chercheur \u00e0 OceanDataLab, ces enfants ne se contentent pas d&rsquo;apprendre les mati\u00e8res scolaires classiques, mais d\u00e9couvrent des comp\u00e9tences pratiques \u00e0 la fois scientifiques et maritimes.<\/p>\n\n<p>Cette exp\u00e9rience n&rsquo;est pas ordinaire. Les \u00e9l\u00e8ves suivent chaque jour l&rsquo;\u00e9volution du bateau sur une carte et analysent les donn\u00e9es envoy\u00e9es par le chercheur. Ils apprennent \u00e0 diff\u00e9rencier les diff\u00e9rents types de phytoplancton et de zooplancton, d\u00e9couvrant ainsi les myst\u00e8res de la vie aquatique. Les \u00e9changes r\u00e9guliers avec le navire permettent de rendre les le\u00e7ons d&rsquo;une r\u00e9elle pertinence, faisant ainsi passer la th\u00e9orie \u00e0 la pratique.<\/p>\n\n<ul class=\"wp-block-list\"><li>\ud83d\udccd Analyse des trajectoires de navigation des scientifiques<\/li><li>\ud83d\udea2 Exploration de la vie marine gr\u00e2ce aux pr\u00e9l\u00e8vements d&rsquo;eau<\/li><li>\ud83c\udf0a Gestion des enjeux environnementaux et des microplastiques<\/li><\/ul>\n\n<p>\u00c0 la fin de cette ann\u00e9e scolaire, les \u00e9l\u00e8ves seront non seulement capables de raconter des histoires d&rsquo;aventures \u00e0 la mer, mais \u00e9galement d&rsquo;expliquer des concepts scientifiques complexes. Le projet permet ainsi de mieux appr\u00e9hender la richesse biologique de l&rsquo;oc\u00e9an tout en cultivant un respect crucial pour notre plan\u00e8te.<\/p>\n\n<figure class=\"wp-block-table\"><table>\n<thead>\n<tr>\n<th>Aspect<\/th>\n<th>D\u00e9tails<\/th>\n<\/tr>\n<\/thead>\n<tbody>\n<tr>\n<td>\u00c9tablissement<\/td>\n<td><a href=\"https:\/\/college-lycee.com\/ecole-primaire-publique-Jean-de-la-Fontaine\/Brest-0291983Y\">\u00c9cole Jean-de La Fontaine<\/a><\/td>\n<\/tr>\n<tr>\n<td>Projeteurs<\/td>\n<td>Fabrice Collard, OceanDataLab<\/td>\n<\/tr>\n<tr>\n<td>Objectif<\/td>\n<td>Apercevoir l&rsquo;impact de l&rsquo;Homme sur l&rsquo;environnement marin<\/td>\n<\/tr>\n<\/tbody>\n<\/table><\/figure>\n\n<h2 class=\"wp-block-heading\">Naviguer entre terre et mer : une \u00e9ducation vivante<\/h2>\n\n<p>\u00catre \u00e9l\u00e8ve \u00e0 l&rsquo;\u00e9cole Jean-de La Fontaine, c&rsquo;est b\u00e9n\u00e9ficier de projets d&rsquo;une richesse inou\u00efe. Au-del\u00e0 des murs de la classe, les \u00e9l\u00e8ves s&rsquo;immergent dans des activit\u00e9s maritimes qui viennent pallier la monotonie parfois rencontr\u00e9e dans le cadre scolaire traditionnel. Ces exp\u00e9riences ne sont pas seulement ludiques, elles sont \u00e9galement formatrices, construisant des comp\u00e9tences essentielles pour l&rsquo;avenir des enfants.<\/p>\n\n<p>La navigation, une composante essentielle du programme, enseigne aux \u00e9l\u00e8ves \u00e0 concevoir des projets autour de l&rsquo;environnement tout en leur offrant les outils n\u00e9cessaires pour devenir des acteurs conscients de leur \u00e9poque. En participant \u00e0 des exp\u00e9ditions en mer, ces jeunes d\u00e9couvrent non seulement les merveilles de l&rsquo;oc\u00e9an, mais aussi les probl\u00e9matiques qui l&rsquo;entourent.<\/p>\n\n<ul class=\"wp-block-list\"><li>\ud83e\udded Apprentissage de la navigation : initiation aux bases maritimes<\/li><li>\ud83c\udf0a Prise de conscience \u00e9cologique : impact des activit\u00e9s humaines sur l&rsquo;oc\u00e9an<\/li><li>\ud83d\udd2c Sensibilisation scientifique : d\u00e9couverte des diff\u00e9rentes esp\u00e8ces marines<\/li><\/ul>\n\n<p>Un processus n\u00e9cessaire dans un monde toujours plus tourn\u00e9 vers l&rsquo;\u00e9cologie, car il est crucial que ces jeunes esprits s&rsquo;engagent d\u00e8s maintenant dans la lutte contre la d\u00e9gradation de l&rsquo;environnement. Cette \u00e9ducation vivante fait \u00e9cho aux enjeux actuels en mati\u00e8re de protection de la plan\u00e8te.<\/p>\n\n<figure class=\"wp-block-table\"><table>\n<thead>\n<tr>\n<th>Comp\u00e9tences d\u00e9velopp\u00e9es<\/th>\n<th>Description<\/th>\n<\/tr>\n<\/thead>\n<tbody>\n<tr>\n<td>Esprit d&rsquo;\u00e9quipe<\/td>\n<td>Travail collaboratif lors d&rsquo;exp\u00e9ditions en groupe<\/td>\n<\/tr>\n<tr>\n<td>Analyse critique<\/td>\n<td>Interpr\u00e9tation des donn\u00e9es environnementales<\/td>\n<\/tr>\n<tr>\n<td>Respect de l&rsquo;environnement<\/td>\n<td>Compr\u00e9hension des enjeux li\u00e9s \u00e0 la pollution marine<\/td>\n<\/tr>\n<\/tbody>\n<\/table><\/figure>\n\n<h2 class=\"wp-block-heading\">Des \u00e9changes enrichissants : l&rsquo;importance de la technologie<\/h2>\n\n<p>Dans ce monde moderne, la technologie joue un r\u00f4le d\u00e9terminant dans l&rsquo;\u00e9ducation. Au sein de l&rsquo;\u00e9cole Jean-de La Fontaine de Brest, les \u00e9l\u00e8ves profitent de l&rsquo;actualit\u00e9 scientifique au plus pr\u00e8s gr\u00e2ce \u00e0 des outils num\u00e9riques. L&rsquo;usage d&rsquo;algorithmes pour suivre la progression du bateau constitue une belle illustration de l&rsquo;innovation au service de l&rsquo;\u00e9ducation. <\/p>\n\n<p>La technologie ne sert pas seulement \u00e0 rendre les cours plus interactifs, elle ouvre \u00e9galement des portes vers de nouveaux horizons, permettant aux \u00e9l\u00e8ves de d\u00e9couvrir des sujets ayant trait aux sciences maritimes. Ce projet leur apprend \u00e0 utiliser des outils modernes tout en d\u00e9veloppant leur curiosit\u00e9. Gr\u00e2ce \u00e0 lui, ils se familiarisent avec le langage scientifique, se rendant ainsi compte des nombreuses carri\u00e8res possibles \u00e0 l\u2019avenir.<\/p>\n\n<ul class=\"wp-block-list\"><li>\ud83d\udcbb Utilisation d&rsquo;outils num\u00e9riques pour l&rsquo;\u00e9ducation<\/li><li>\ud83d\udd0d D\u00e9couverte des sciences maritimes via des plateformes en ligne<\/li><li>\ud83c\udf10 Lien avec des chercheurs et scientifiques \u00e0 travers le monde<\/li><\/ul>\n\n<p>Ce faisant, ils se pr\u00e9parent non seulement \u00e0 relever des d\u00e9fis acad\u00e9miques, mais aussi \u00e0 devenir des citoyens responsables, conscients des enjeux environnementaux contemporains. Gr\u00e2ce \u00e0 cette exp\u00e9rience unique, ces jeunes naviguent vers un futur prometteur, ayant acquis des connaissances pr\u00e9cieuses ainsi qu&rsquo;une sensibilit\u00e9 accrue aux probl\u00e9matiques \u00e9cologiques.<\/p>\n\n<figure class=\"wp-block-table\"><table>\n<thead>\n<tr>\n<th>Technologie utilis\u00e9e<\/th>\n<th>B\u00e9n\u00e9fice<\/th>\n<\/tr>\n<\/thead>\n<tbody>\n<tr>\n<td>Applications de suivi maritime<\/td>\n<td>Compr\u00e9hension des trajectoires et ph\u00e9nom\u00e8nes oc\u00e9aniques<\/td>\n<\/tr>\n<tr>\n<td>Vid\u00e9os p\u00e9dagogiques<\/td>\n<td>Interaction directe avec le monde scientifique<\/td>\n<\/tr>\n<tr>\n<td>Courses en ligne<\/td>\n<td>Acc\u00e8s \u00e0 des connaissances diversifi\u00e9es<\/td>\n<\/tr>\n<\/tbody>\n<\/table><\/figure>\n\n<h2 class=\"wp-block-heading\">Les r\u00e9cits d&rsquo;aventures : un regard sur l&rsquo;avenir<\/h2>\n\n<p>Les r\u00e9cits d&rsquo;aventures en mer que les \u00e9l\u00e8ves de l&rsquo;\u00e9cole Jean-de La Fontaine partagent sont \u00e0 la fois captivants et riches d&rsquo;apprentissage. Des exp\u00e9riences telles que dormir dans des hamacs pour \u00e9viter de tomber \u00e0 cause des vagues, ou affronter une temp\u00eate avec des vagues atteignant 7 m\u00e8tres, sont autant d&rsquo;histoires qui nourrissent l&rsquo;imaginaire. Ces anecdotes soulignent l&rsquo;esprit d&rsquo;aventure qui est au c\u0153ur de leur \u00e9ducation maritime.<\/p>\n\n<p>Alors que ces jeunes apprennent non seulement sur la nature mais aussi sur la vie elle-m\u00eame, ils int\u00e8grent des valeurs de r\u00e9silience, d&rsquo;ouverture d&rsquo;esprit et d&#8217;empathie. Ces comp\u00e9tences seront essentielles tout au long de leur parcours de vie. Dans un monde en constante \u00e9volution, ces exp\u00e9riences forment de v\u00e9ritables fondations pour leur avenir.<\/p>\n\n<ul class=\"wp-block-list\"><li>\ud83d\udcd6 R\u00e9cits d&rsquo;aventures fascinants \u00e0 partager<\/li><li>\ud83d\udca1 D\u00e9veloppement d&rsquo;une sensibilit\u00e9 accrue \u00e0 l&rsquo;environnement<\/li><li>\ud83c\udfc6 Formation de futurs leaders engag\u00e9s pour la plan\u00e8te<\/li><\/ul>\n\n<p>Ces \u00e9l\u00e8ves ne sont pas seulement des t\u00e9moins de la vie marine, ils sont aussi les ambassadeurs d&rsquo;un avenir plus \u00e9cologique. Leurs histoires captivantes, enrichies d&rsquo;apprentissage, t\u00e9moignent du pouvoir de l&rsquo;\u00e9ducation et de son potentiel \u00e0 transformer des vies. Leurs aventures maritimes les pr\u00e9parent \u00e0 devenir des acteurs cl\u00e9s de la protection de notre plan\u00e8te.<\/p>\n\n<figure class=\"wp-block-table\"><table>\n<thead>\n<tr>\n<th>Anecdotes maritimes<\/th>\n<th>Enseignement tir\u00e9<\/th>\n<\/tr>\n<\/thead>\n<tbody>\n<tr>\n<td>Dormir dans des hamacs<\/td>\n<td>Adaptation \u00e0 des situations uniques<\/td>\n<\/tr>\n<tr>\n<td>Affronter une temp\u00eate en mer<\/td>\n<td>R\u00e9silience face aux d\u00e9fis<\/td>\n<\/tr>\n<tr>\n<td>Pr\u00e9l\u00e8vements d&rsquo;eau pour la science<\/td>\n<td>Importance des recherches environnementales<\/td>\n<\/tr>\n<\/tbody>\n<\/table><\/figure>\n\n<h2 class=\"wp-block-heading\">FAQ sur l&rsquo;\u00e9cole Jean-de La Fontaine et ses projets maritimes<\/h2>\n\n<ul class=\"wp-block-list\"><li><strong>Quels sont les principaux objectifs du projet \u00ab Aires marines \u00e9ducatives \u00bb ?<\/strong>\n<p>Ce projet vise \u00e0 sensibiliser les \u00e9l\u00e8ves \u00e0 la protection marine et \u00e0 leur enseigner l&rsquo;importance de leur r\u00f4le dans l&rsquo;\u00e9cosyst\u00e8me.<\/p>\n<\/li><li><strong>Comment les \u00e9l\u00e8ves interagissent-ils avec le chercheur Fabrice Collard ?<\/strong>\n<p>Les \u00e9l\u00e8ves \u00e9changent r\u00e9guli\u00e8rement via des syst\u00e8mes num\u00e9riques, ce qui leur permet de suivre en temps r\u00e9el les travaux de recherche.<\/p>\n<\/li><li><strong>Quelles comp\u00e9tences les \u00e9tudiants d\u00e9veloppent-ils avec ce projet ?<\/strong>\n<p>Ils d\u00e9veloppent des comp\u00e9tences en mati\u00e8re d&rsquo;analyse de donn\u00e9es, \u00e9cologie, navigation et collaboration en \u00e9quipe.<\/p>\n<\/li><li><strong>Les parents peuvent-ils s&rsquo;impliquer dans les projets maritimes de l&rsquo;\u00e9cole ?<\/strong>\n<p>Oui, l&rsquo;implication des parents est encourag\u00e9e, et plusieurs \u00e9v\u00e9nements sont organis\u00e9s pour le partager.<\/p>\n<\/li><li><strong>Quels sont les th\u00e8mes abord\u00e9s lors des activit\u00e9s maritimes ?<\/strong>\n<p>De nombreux th\u00e8mes tels que les \u00e9cosyst\u00e8mes marins, la pollution, le respect de l&rsquo;environnement, et l&rsquo;importance de l&rsquo;\u00e9ducation scientifique sont discut\u00e9s.<\/p>\n<\/li><\/ul>\n\n","protected":false},"excerpt":{"rendered":"<p>\u00c0 Brest, l&rsquo;\u00e9cole Jean-de La Fontaine est en effervescence. Les \u00e9l\u00e8ves de CE1, sous la direction de leur enseignante Claire Gripon, embarquent dans une aventure in\u00e9dite qui les propulse entre terre et mer. \u00c0 travers le projet \u00ab Aires marines \u00e9ducatives \u00bb, ces jeunes explorateurs ont la chance de suivre, en temps r\u00e9el, une mission &#8230; <a title=\"\u00c0 Brest, des \u00e9l\u00e8ves de l&rsquo;\u00e9cole Jean-de La Fontaine naviguent entre terre et mer\" class=\"read-more\" href=\"https:\/\/www.apres-lecole.fr\/Blog\/eleves-brest-terre-mer\/\" aria-label=\"En savoir plus sur \u00c0 Brest, des \u00e9l\u00e8ves de l&rsquo;\u00e9cole Jean-de La Fontaine naviguent entre terre et mer\">Lire plus<\/a><\/p>\n","protected":false},"author":9,"featured_media":0,"comment_status":"open","ping_status":"open","sticky":false,"template":"","format":"standard","meta":{"footnotes":""},"categories":[342],"tags":[946,947,556,948,949],"class_list":["post-1971","post","type-post","status-publish","format-standard","hentry","category-actualites","tag-brest","tag-ecole-jean-de-la-fontaine","tag-eleves","tag-navigation","tag-terre-et-mer"],"yoast_head":"<!-- This site is optimized with the Yoast SEO plugin v27.5 - https:\/\/yoast.com\/product\/yoast-seo-wordpress\/ -->\n<title>\u00c0 Brest, les \u00e9l\u00e8ves de Jean-de La Fontaine explorent terre et mer<\/title>\n<meta name=\"description\" content=\"D\u00e9couvrez comment les \u00e9l\u00e8ves de l&#039;\u00e9cole Jean-de La Fontaine \u00e0 Brest apprennent \u00e0 naviguer entre terre et mer. Un projet \u00e9ducatif unique qui allie exploration maritime et apprentissage pratique, favorisant la curiosit\u00e9 et l&#039;\u00e9veil des jeunes esprits. Plongez dans cette aventure enrichissante qui rapproche les \u00e9l\u00e8ves de la nature et des traditions maritimes de leur r\u00e9gion.\" \/>\n<meta name=\"robots\" content=\"index, follow, max-snippet:-1, max-image-preview:large, max-video-preview:-1\" \/>\n<link rel=\"canonical\" href=\"https:\/\/www.apres-lecole.fr\/Blog\/eleves-brest-terre-mer\/\" \/>\n<meta property=\"og:locale\" content=\"fr_FR\" \/>\n<meta property=\"og:type\" content=\"article\" \/>\n<meta property=\"og:title\" content=\"\u00c0 Brest, les \u00e9l\u00e8ves de Jean-de La Fontaine explorent terre et mer\" \/>\n<meta property=\"og:description\" content=\"D\u00e9couvrez comment les \u00e9l\u00e8ves de l&#039;\u00e9cole Jean-de La Fontaine \u00e0 Brest apprennent \u00e0 naviguer entre terre et mer. Un projet \u00e9ducatif unique qui allie exploration maritime et apprentissage pratique, favorisant la curiosit\u00e9 et l&#039;\u00e9veil des jeunes esprits. Plongez dans cette aventure enrichissante qui rapproche les \u00e9l\u00e8ves de la nature et des traditions maritimes de leur r\u00e9gion.\" \/>\n<meta property=\"og:url\" content=\"https:\/\/www.apres-lecole.fr\/Blog\/eleves-brest-terre-mer\/\" \/>\n<meta property=\"article:published_time\" content=\"2025-05-25T21:12:40+00:00\" \/>\n<meta name=\"author\" content=\"Eva Martin\" \/>\n<meta name=\"twitter:card\" content=\"summary_large_image\" \/>\n<meta name=\"twitter:creator\" content=\"@Evaapresecole\" \/>\n<meta name=\"twitter:label1\" content=\"\u00c9crit par\" \/>\n\t<meta name=\"twitter:data1\" content=\"Eva Martin\" \/>\n\t<meta name=\"twitter:label2\" content=\"Dur\u00e9e de lecture estim\u00e9e\" \/>\n\t<meta name=\"twitter:data2\" content=\"6 minutes\" \/>\n<script type=\"application\/ld+json\" class=\"yoast-schema-graph\">{\"@context\":\"https:\\\/\\\/schema.org\",\"@graph\":[{\"@type\":\"Article\",\"@id\":\"https:\\\/\\\/www.apres-lecole.fr\\\/Blog\\\/eleves-brest-terre-mer\\\/#article\",\"isPartOf\":{\"@id\":\"https:\\\/\\\/www.apres-lecole.fr\\\/Blog\\\/eleves-brest-terre-mer\\\/\"},\"author\":{\"name\":\"Eva Martin\",\"@id\":\"https:\\\/\\\/www.apres-lecole.fr\\\/Blog\\\/#\\\/schema\\\/person\\\/aeb50cd4b51fc69da155804bb5bb9fc4\"},\"headline\":\"\u00c0 Brest, des \u00e9l\u00e8ves de l&rsquo;\u00e9cole Jean-de La Fontaine naviguent entre terre et mer\",\"datePublished\":\"2025-05-25T21:12:40+00:00\",\"mainEntityOfPage\":{\"@id\":\"https:\\\/\\\/www.apres-lecole.fr\\\/Blog\\\/eleves-brest-terre-mer\\\/\"},\"wordCount\":1362,\"commentCount\":0,\"keywords\":[\"brest\",\"\u00e9cole jean-de la fontaine\",\"\u00e9l\u00e8ves\",\"navigation\",\"terre et mer\"],\"articleSection\":[\"Actualit\u00e9s\"],\"inLanguage\":\"fr-FR\",\"potentialAction\":[{\"@type\":\"CommentAction\",\"name\":\"Comment\",\"target\":[\"https:\\\/\\\/www.apres-lecole.fr\\\/Blog\\\/eleves-brest-terre-mer\\\/#respond\"]}]},{\"@type\":\"WebPage\",\"@id\":\"https:\\\/\\\/www.apres-lecole.fr\\\/Blog\\\/eleves-brest-terre-mer\\\/\",\"url\":\"https:\\\/\\\/www.apres-lecole.fr\\\/Blog\\\/eleves-brest-terre-mer\\\/\",\"name\":\"\u00c0 Brest, les \u00e9l\u00e8ves de Jean-de La Fontaine explorent terre et mer\",\"isPartOf\":{\"@id\":\"https:\\\/\\\/www.apres-lecole.fr\\\/Blog\\\/#website\"},\"datePublished\":\"2025-05-25T21:12:40+00:00\",\"author\":{\"@id\":\"https:\\\/\\\/www.apres-lecole.fr\\\/Blog\\\/#\\\/schema\\\/person\\\/aeb50cd4b51fc69da155804bb5bb9fc4\"},\"description\":\"D\u00e9couvrez comment les \u00e9l\u00e8ves de l'\u00e9cole Jean-de La Fontaine \u00e0 Brest apprennent \u00e0 naviguer entre terre et mer. Un projet \u00e9ducatif unique qui allie exploration maritime et apprentissage pratique, favorisant la curiosit\u00e9 et l'\u00e9veil des jeunes esprits. Plongez dans cette aventure enrichissante qui rapproche les \u00e9l\u00e8ves de la nature et des traditions maritimes de leur r\u00e9gion.\",\"breadcrumb\":{\"@id\":\"https:\\\/\\\/www.apres-lecole.fr\\\/Blog\\\/eleves-brest-terre-mer\\\/#breadcrumb\"},\"inLanguage\":\"fr-FR\",\"potentialAction\":[{\"@type\":\"ReadAction\",\"target\":[\"https:\\\/\\\/www.apres-lecole.fr\\\/Blog\\\/eleves-brest-terre-mer\\\/\"]}]},{\"@type\":\"BreadcrumbList\",\"@id\":\"https:\\\/\\\/www.apres-lecole.fr\\\/Blog\\\/eleves-brest-terre-mer\\\/#breadcrumb\",\"itemListElement\":[{\"@type\":\"ListItem\",\"position\":1,\"name\":\"Home\",\"item\":\"https:\\\/\\\/www.apres-lecole.fr\\\/Blog\\\/\"},{\"@type\":\"ListItem\",\"position\":2,\"name\":\"\u00c0 Brest, des \u00e9l\u00e8ves de l&rsquo;\u00e9cole Jean-de La Fontaine naviguent entre terre et mer\"}]},{\"@type\":\"WebSite\",\"@id\":\"https:\\\/\\\/www.apres-lecole.fr\\\/Blog\\\/#website\",\"url\":\"https:\\\/\\\/www.apres-lecole.fr\\\/Blog\\\/\",\"name\":\"\",\"description\":\"M\u00e9dia g\u00e9n\u00e9raliste\",\"potentialAction\":[{\"@type\":\"SearchAction\",\"target\":{\"@type\":\"EntryPoint\",\"urlTemplate\":\"https:\\\/\\\/www.apres-lecole.fr\\\/Blog\\\/?s={search_term_string}\"},\"query-input\":{\"@type\":\"PropertyValueSpecification\",\"valueRequired\":true,\"valueName\":\"search_term_string\"}}],\"inLanguage\":\"fr-FR\"},{\"@type\":\"Person\",\"@id\":\"https:\\\/\\\/www.apres-lecole.fr\\\/Blog\\\/#\\\/schema\\\/person\\\/aeb50cd4b51fc69da155804bb5bb9fc4\",\"name\":\"Eva Martin\",\"image\":{\"@type\":\"ImageObject\",\"inLanguage\":\"fr-FR\",\"@id\":\"https:\\\/\\\/secure.gravatar.com\\\/avatar\\\/55c53222558b27a72015a64073a80edce4abd33369394b9bf2c5cd6c19d12682?s=96&d=mm&r=g\",\"url\":\"https:\\\/\\\/secure.gravatar.com\\\/avatar\\\/55c53222558b27a72015a64073a80edce4abd33369394b9bf2c5cd6c19d12682?s=96&d=mm&r=g\",\"contentUrl\":\"https:\\\/\\\/secure.gravatar.com\\\/avatar\\\/55c53222558b27a72015a64073a80edce4abd33369394b9bf2c5cd6c19d12682?s=96&d=mm&r=g\",\"caption\":\"Eva Martin\"},\"description\":\"Je parle de business et d'entrepreneuriat avec des conseils clairs, concrets et actionnables pour r\u00e9ussir\",\"sameAs\":[\"https:\\\/\\\/x.com\\\/Evaapresecole\"],\"url\":\"https:\\\/\\\/www.apres-lecole.fr\\\/Blog\\\/author\\\/evamartin\\\/\"}]}<\/script>\n<!-- \/ Yoast SEO plugin. -->","yoast_head_json":{"title":"\u00c0 Brest, les \u00e9l\u00e8ves de Jean-de La Fontaine explorent terre et mer","description":"D\u00e9couvrez comment les \u00e9l\u00e8ves de l'\u00e9cole Jean-de La Fontaine \u00e0 Brest apprennent \u00e0 naviguer entre terre et mer. Un projet \u00e9ducatif unique qui allie exploration maritime et apprentissage pratique, favorisant la curiosit\u00e9 et l'\u00e9veil des jeunes esprits. Plongez dans cette aventure enrichissante qui rapproche les \u00e9l\u00e8ves de la nature et des traditions maritimes de leur r\u00e9gion.","robots":{"index":"index","follow":"follow","max-snippet":"max-snippet:-1","max-image-preview":"max-image-preview:large","max-video-preview":"max-video-preview:-1"},"canonical":"https:\/\/www.apres-lecole.fr\/Blog\/eleves-brest-terre-mer\/","og_locale":"fr_FR","og_type":"article","og_title":"\u00c0 Brest, les \u00e9l\u00e8ves de Jean-de La Fontaine explorent terre et mer","og_description":"D\u00e9couvrez comment les \u00e9l\u00e8ves de l'\u00e9cole Jean-de La Fontaine \u00e0 Brest apprennent \u00e0 naviguer entre terre et mer. Un projet \u00e9ducatif unique qui allie exploration maritime et apprentissage pratique, favorisant la curiosit\u00e9 et l'\u00e9veil des jeunes esprits. Plongez dans cette aventure enrichissante qui rapproche les \u00e9l\u00e8ves de la nature et des traditions maritimes de leur r\u00e9gion.","og_url":"https:\/\/www.apres-lecole.fr\/Blog\/eleves-brest-terre-mer\/","article_published_time":"2025-05-25T21:12:40+00:00","author":"Eva Martin","twitter_card":"summary_large_image","twitter_creator":"@Evaapresecole","twitter_misc":{"\u00c9crit par":"Eva Martin","Dur\u00e9e de lecture estim\u00e9e":"6 minutes"},"schema":{"@context":"https:\/\/schema.org","@graph":[{"@type":"Article","@id":"https:\/\/www.apres-lecole.fr\/Blog\/eleves-brest-terre-mer\/#article","isPartOf":{"@id":"https:\/\/www.apres-lecole.fr\/Blog\/eleves-brest-terre-mer\/"},"author":{"name":"Eva Martin","@id":"https:\/\/www.apres-lecole.fr\/Blog\/#\/schema\/person\/aeb50cd4b51fc69da155804bb5bb9fc4"},"headline":"\u00c0 Brest, des \u00e9l\u00e8ves de l&rsquo;\u00e9cole Jean-de La Fontaine naviguent entre terre et mer","datePublished":"2025-05-25T21:12:40+00:00","mainEntityOfPage":{"@id":"https:\/\/www.apres-lecole.fr\/Blog\/eleves-brest-terre-mer\/"},"wordCount":1362,"commentCount":0,"keywords":["brest","\u00e9cole jean-de la fontaine","\u00e9l\u00e8ves","navigation","terre et mer"],"articleSection":["Actualit\u00e9s"],"inLanguage":"fr-FR","potentialAction":[{"@type":"CommentAction","name":"Comment","target":["https:\/\/www.apres-lecole.fr\/Blog\/eleves-brest-terre-mer\/#respond"]}]},{"@type":"WebPage","@id":"https:\/\/www.apres-lecole.fr\/Blog\/eleves-brest-terre-mer\/","url":"https:\/\/www.apres-lecole.fr\/Blog\/eleves-brest-terre-mer\/","name":"\u00c0 Brest, les \u00e9l\u00e8ves de Jean-de La Fontaine explorent terre et mer","isPartOf":{"@id":"https:\/\/www.apres-lecole.fr\/Blog\/#website"},"datePublished":"2025-05-25T21:12:40+00:00","author":{"@id":"https:\/\/www.apres-lecole.fr\/Blog\/#\/schema\/person\/aeb50cd4b51fc69da155804bb5bb9fc4"},"description":"D\u00e9couvrez comment les \u00e9l\u00e8ves de l'\u00e9cole Jean-de La Fontaine \u00e0 Brest apprennent \u00e0 naviguer entre terre et mer. Un projet \u00e9ducatif unique qui allie exploration maritime et apprentissage pratique, favorisant la curiosit\u00e9 et l'\u00e9veil des jeunes esprits. Plongez dans cette aventure enrichissante qui rapproche les \u00e9l\u00e8ves de la nature et des traditions maritimes de leur r\u00e9gion.","breadcrumb":{"@id":"https:\/\/www.apres-lecole.fr\/Blog\/eleves-brest-terre-mer\/#breadcrumb"},"inLanguage":"fr-FR","potentialAction":[{"@type":"ReadAction","target":["https:\/\/www.apres-lecole.fr\/Blog\/eleves-brest-terre-mer\/"]}]},{"@type":"BreadcrumbList","@id":"https:\/\/www.apres-lecole.fr\/Blog\/eleves-brest-terre-mer\/#breadcrumb","itemListElement":[{"@type":"ListItem","position":1,"name":"Home","item":"https:\/\/www.apres-lecole.fr\/Blog\/"},{"@type":"ListItem","position":2,"name":"\u00c0 Brest, des \u00e9l\u00e8ves de l&rsquo;\u00e9cole Jean-de La Fontaine naviguent entre terre et mer"}]},{"@type":"WebSite","@id":"https:\/\/www.apres-lecole.fr\/Blog\/#website","url":"https:\/\/www.apres-lecole.fr\/Blog\/","name":"","description":"M\u00e9dia g\u00e9n\u00e9raliste","potentialAction":[{"@type":"SearchAction","target":{"@type":"EntryPoint","urlTemplate":"https:\/\/www.apres-lecole.fr\/Blog\/?s={search_term_string}"},"query-input":{"@type":"PropertyValueSpecification","valueRequired":true,"valueName":"search_term_string"}}],"inLanguage":"fr-FR"},{"@type":"Person","@id":"https:\/\/www.apres-lecole.fr\/Blog\/#\/schema\/person\/aeb50cd4b51fc69da155804bb5bb9fc4","name":"Eva Martin","image":{"@type":"ImageObject","inLanguage":"fr-FR","@id":"https:\/\/secure.gravatar.com\/avatar\/55c53222558b27a72015a64073a80edce4abd33369394b9bf2c5cd6c19d12682?s=96&d=mm&r=g","url":"https:\/\/secure.gravatar.com\/avatar\/55c53222558b27a72015a64073a80edce4abd33369394b9bf2c5cd6c19d12682?s=96&d=mm&r=g","contentUrl":"https:\/\/secure.gravatar.com\/avatar\/55c53222558b27a72015a64073a80edce4abd33369394b9bf2c5cd6c19d12682?s=96&d=mm&r=g","caption":"Eva Martin"},"description":"Je parle de business et d'entrepreneuriat avec des conseils clairs, concrets et actionnables pour r\u00e9ussir","sameAs":["https:\/\/x.com\/Evaapresecole"],"url":"https:\/\/www.apres-lecole.fr\/Blog\/author\/evamartin\/"}]}},"views":8,"_links":{"self":[{"href":"https:\/\/www.apres-lecole.fr\/Blog\/wp-json\/wp\/v2\/posts\/1971","targetHints":{"allow":["GET"]}}],"collection":[{"href":"https:\/\/www.apres-lecole.fr\/Blog\/wp-json\/wp\/v2\/posts"}],"about":[{"href":"https:\/\/www.apres-lecole.fr\/Blog\/wp-json\/wp\/v2\/types\/post"}],"author":[{"embeddable":true,"href":"https:\/\/www.apres-lecole.fr\/Blog\/wp-json\/wp\/v2\/users\/9"}],"replies":[{"embeddable":true,"href":"https:\/\/www.apres-lecole.fr\/Blog\/wp-json\/wp\/v2\/comments?post=1971"}],"version-history":[{"count":0,"href":"https:\/\/www.apres-lecole.fr\/Blog\/wp-json\/wp\/v2\/posts\/1971\/revisions"}],"wp:attachment":[{"href":"https:\/\/www.apres-lecole.fr\/Blog\/wp-json\/wp\/v2\/media?parent=1971"}],"wp:term":[{"taxonomy":"category","embeddable":true,"href":"https:\/\/www.apres-lecole.fr\/Blog\/wp-json\/wp\/v2\/categories?post=1971"},{"taxonomy":"post_tag","embeddable":true,"href":"https:\/\/www.apres-lecole.fr\/Blog\/wp-json\/wp\/v2\/tags?post=1971"}],"curies":[{"name":"wp","href":"https:\/\/api.w.org\/{rel}","templated":true}]}}