{"id":1970,"date":"2025-05-25T07:07:15","date_gmt":"2025-05-25T07:07:15","guid":{"rendered":"https:\/\/www.apres-lecole.fr\/Blog\/uniforme-scolaire-perpignan\/"},"modified":"2025-05-25T07:07:15","modified_gmt":"2025-05-25T07:07:15","slug":"uniforme-scolaire-perpignan","status":"publish","type":"post","link":"https:\/\/www.apres-lecole.fr\/Blog\/uniforme-scolaire-perpignan\/","title":{"rendered":"L&rsquo;uniforme scolaire \u00e0 Perpignan : un essai avort\u00e9 dans une \u00e9cole \u00e9l\u00e9mentaire et une maternelle"},"content":{"rendered":"\n\n<div class=\"kk-star-ratings kksr-auto kksr-align-left kksr-valign-top\"\n    data-payload='{&quot;align&quot;:&quot;left&quot;,&quot;id&quot;:&quot;1970&quot;,&quot;slug&quot;:&quot;default&quot;,&quot;valign&quot;:&quot;top&quot;,&quot;ignore&quot;:&quot;&quot;,&quot;reference&quot;:&quot;auto&quot;,&quot;class&quot;:&quot;&quot;,&quot;count&quot;:&quot;0&quot;,&quot;legendonly&quot;:&quot;&quot;,&quot;readonly&quot;:&quot;&quot;,&quot;score&quot;:&quot;0&quot;,&quot;starsonly&quot;:&quot;&quot;,&quot;best&quot;:&quot;5&quot;,&quot;gap&quot;:&quot;5&quot;,&quot;greet&quot;:&quot;Rate this post&quot;,&quot;legend&quot;:&quot;0\\\/5 - (0 vote)&quot;,&quot;size&quot;:&quot;24&quot;,&quot;title&quot;:&quot;L\\u0026#039;uniforme scolaire \u00e0 Perpignan : un essai avort\u00e9 dans une \u00e9cole \u00e9l\u00e9mentaire et une maternelle&quot;,&quot;width&quot;:&quot;0&quot;,&quot;_legend&quot;:&quot;{score}\\\/{best} - ({count} {votes})&quot;,&quot;font_factor&quot;:&quot;1.25&quot;}'>\n            \n<div class=\"kksr-stars\">\n    \n<div class=\"kksr-stars-inactive\">\n            <div class=\"kksr-star\" data-star=\"1\" style=\"padding-right: 5px\">\n            \n\n<div class=\"kksr-icon\" style=\"width: 24px; height: 24px;\"><\/div>\n        <\/div>\n            <div class=\"kksr-star\" data-star=\"2\" style=\"padding-right: 5px\">\n            \n\n<div class=\"kksr-icon\" style=\"width: 24px; height: 24px;\"><\/div>\n        <\/div>\n            <div class=\"kksr-star\" data-star=\"3\" style=\"padding-right: 5px\">\n            \n\n<div class=\"kksr-icon\" style=\"width: 24px; height: 24px;\"><\/div>\n        <\/div>\n            <div class=\"kksr-star\" data-star=\"4\" style=\"padding-right: 5px\">\n            \n\n<div class=\"kksr-icon\" style=\"width: 24px; height: 24px;\"><\/div>\n        <\/div>\n            <div class=\"kksr-star\" data-star=\"5\" style=\"padding-right: 5px\">\n            \n\n<div class=\"kksr-icon\" style=\"width: 24px; height: 24px;\"><\/div>\n        <\/div>\n    <\/div>\n    \n<div class=\"kksr-stars-active\" style=\"width: 0px;\">\n            <div class=\"kksr-star\" style=\"padding-right: 5px\">\n            \n\n<div class=\"kksr-icon\" style=\"width: 24px; height: 24px;\"><\/div>\n        <\/div>\n            <div class=\"kksr-star\" style=\"padding-right: 5px\">\n            \n\n<div class=\"kksr-icon\" style=\"width: 24px; height: 24px;\"><\/div>\n        <\/div>\n            <div class=\"kksr-star\" style=\"padding-right: 5px\">\n            \n\n<div class=\"kksr-icon\" style=\"width: 24px; height: 24px;\"><\/div>\n        <\/div>\n            <div class=\"kksr-star\" style=\"padding-right: 5px\">\n            \n\n<div class=\"kksr-icon\" style=\"width: 24px; height: 24px;\"><\/div>\n        <\/div>\n            <div class=\"kksr-star\" style=\"padding-right: 5px\">\n            \n\n<div class=\"kksr-icon\" style=\"width: 24px; height: 24px;\"><\/div>\n        <\/div>\n    <\/div>\n<\/div>\n                \n\n<div class=\"kksr-legend\" style=\"font-size: 19.2px;\">\n            <span class=\"kksr-muted\">Rate this post<\/span>\n    <\/div>\n    <\/div>\n<p>Le port de l\u2019uniforme scolaire a toujours suscit\u00e9 des d\u00e9bats passionn\u00e9s. \u00c0 Perpignan, la question a pris une tournure pratique avec un essai qui, malgr\u00e9 des promesses de renouveau, s\u2019est sold\u00e9 par un \u00e9chec cinglant. Le groupe scolaire D&rsquo;Alembert, compos\u00e9 d&rsquo;une \u00e9cole \u00e9l\u00e9mentaire et d&rsquo;une maternelle, a tent\u00e9 d&rsquo;adopter l&rsquo;uniforme depuis avril 2024. Mais la r\u00e9alit\u00e9 des classes quotidiennes montre que les opinions des parents, des \u00e9l\u00e8ves et des enseignants sont loin d&rsquo;\u00eatre unanimes. Les r\u00e9sultats d\u2019un vote tenu r\u00e9cemment r\u00e9v\u00e8lent une d\u00e9sapprobation \u00e9crasante de cette initiative, laissant \u00e0 r\u00e9fl\u00e9chir sur l\u2019avenir du projet. Retour sur cette exp\u00e9rience prometteuse en apparence, mais finalement avort\u00e9e.<\/p>\n\n<h2 class=\"wp-block-heading\">L&rsquo;\u00e9mergence de l&rsquo;uniforme \u00e0 Perpignan : un projet ambitieux<\/h2>\n\n<p>Tout a commenc\u00e9 lorsqu&rsquo;une d\u00e9cision audacieuse a \u00e9t\u00e9 prise par la municipalit\u00e9 dirig\u00e9e par Louis Aliot. La ville de Perpignan a \u00e9t\u00e9 s\u00e9lectionn\u00e9e comme un terrain d\u2019exp\u00e9rimentation pour le port de l\u2019uniforme scolaire. Ce projet, soutenu par le minist\u00e8re de l&rsquo;\u00c9ducation, visait \u00e0 promouvoir une <strong>\u00e9ducation styl\u00e9e<\/strong> \u00e0 travers une <strong>mode scolaire<\/strong> unique. Le groupe scolaire D&rsquo;Alembert, en particulier, devait piloter cette initiative.<\/p>\n\n<h3 class=\"wp-block-heading\">Les objectifs affich\u00e9s<\/h3>\n\n<p>L\u2019uniforme scolaire avait pour but de renforcer le sentiment d&rsquo;appartenance \u00e0 l&rsquo;\u00e9cole. C&rsquo;\u00e9tait aussi une fa\u00e7on de<!--???--> <strong>gommer les diff\u00e9rences sociales<\/strong>, cens\u00e9e favoriser l&rsquo;\u00e9galit\u00e9 entre les \u00e9l\u00e8ves. De surcro\u00eet, l\u2019\u00e9quipe p\u00e9dagogique esp\u00e9rait cr\u00e9er une atmosph\u00e8re propice \u00e0 la concentration et \u00e0 l\u2019apprentissage. Chaque \u00e9l\u00e8ve s&rsquo;habillait alors en un <strong>\u00e9l\u00e8ve \u00e9l\u00e9gant<\/strong>, portant des polos et des pulls identiques h\u00e9rit\u00e9s d&rsquo;une <strong>tendance \u00e9cole<\/strong> inspir\u00e9e d&rsquo;un style chic et d\u00e9pouill\u00e9.<\/p>\n\n<ul class=\"wp-block-list\"><li>\ud83d\udd39 <strong>\u00c9galit\u00e9 Sociale<\/strong> : \u00e9chapper aux distinctions \u00e9conomiques.<\/li><li>\ud83d\udd39 <strong>Discipline Renforc\u00e9e<\/strong> : des normes vestimentaires claires pour une \u00e9cole ordonn\u00e9e.<\/li><li>\ud83d\udd39 <strong>S\u00e9curit\u00e9<\/strong> : une visibilit\u00e9 imm\u00e9diate gr\u00e2ce \u00e0 des tenues uniformis\u00e9es.<\/li><\/ul>\n\n<h3 class=\"wp-block-heading\">Le d\u00e9marrage de l&rsquo;exp\u00e9rimentation<\/h3>\n\n<p>En avril 2024, l&rsquo;exp\u00e9rimentation est lanc\u00e9e. Les \u00e9l\u00e8ves sont \u00e9quip\u00e9s de <strong>Uniformes Perpignan<\/strong> : un ensemble de v\u00eatements qui, \u00e0 premi\u00e8re vue, semblent stimuler agr\u00e9ment et engagement scolaire. Les retours \u00e9taient attendus avec impatience, tant des parents que des enseignants. Cependant, alors que la municipalit\u00e9 brandissait ces robes scolaires comme des <strong>petits uniformes<\/strong>, la r\u00e9alit\u00e9 des couloirs et des salles de classe prenait une tournure diff\u00e9rente.<\/p>\n\n<h2 class=\"wp-block-heading\">Un vote r\u00e9v\u00e9lateur : un d\u00e9saccord palpable<\/h2>\n\n<p>Le 29 avril 2025, le conseil d&rsquo;\u00e9cole de l&rsquo;\u00e9l\u00e9mentaire D&rsquo;Alembert II se r\u00e9unit pour voter sur la reconduction de l\u2019uniforme. Le scrutin, de toute \u00e9vidence, a fait ressortir une fracture dans la communaut\u00e9 \u00e9ducative. Avec 17 voix contre et 9 pour, le verdict \u00e9tait sans appel. La d\u00e9sapprobation ne concernait pas uniquement le co\u00fbt de cette mode impos\u00e9e, mais \u00e9galement une <strong>scolarit\u00e9 confortable<\/strong> qui semblait faire d\u00e9faut. Ce fut la fin d&rsquo;une exp\u00e9rimentation jug\u00e9e d\u00e9j\u00e0 catastrophique.<\/p>\n\n<figure class=\"wp-block-table\"><table>\n<thead>\n<tr>\n<th>R\u00e9sultats du vote<\/th>\n<th>Nombre de voix<\/th>\n<\/tr>\n<\/thead>\n<tbody>\n<tr>\n<td>Contre l&rsquo;uniforme<\/td>\n<td>17<\/td>\n<\/tr>\n<tr>\n<td>Pour l&rsquo;uniforme<\/td>\n<td>9<\/td>\n<\/tr>\n<tr>\n<td>Bulletin nul<\/td>\n<td>1<\/td>\n<\/tr>\n<\/tbody>\n<\/table><\/figure>\n\n<h3 class=\"wp-block-heading\">Les raisons d&rsquo;une telle r\u00e9probation<\/h3>\n\n<p>Lors de discussions avec les parents d&rsquo;\u00e9l\u00e8ves, il est apparu que plusieurs probl\u00e8mes fondamentaux avaient contribu\u00e9 \u00e0 ce rejet. La qualit\u00e9 des v\u00eatements s&rsquo;est r\u00e9v\u00e9l\u00e9e m\u00e9diocre, entra\u00eenant une usure rapide. \u00ab\u00a0Apr\u00e8s quelques lavages, mes enfants se retrouvaient avec des polos peluch\u00e9s\u00a0\u00bb, a confi\u00e9 l\u2019un des parents. D&rsquo;autres ont \u00e9galement soulev\u00e9 des inqui\u00e9tudes sur la taille et l\u2019ad\u00e9quation des uniformes, entra\u00eenant du stress au quotidien.<\/p>\n\n<ul class=\"wp-block-list\"><li>\ud83d\udc55 <strong>Qualit\u00e9 insuffisante<\/strong> : des uniformes qui baissent rapidement de qualit\u00e9.<\/li><li>\ud83d\udccf <strong>Probl\u00e8mes de taille<\/strong> : des v\u00eatements mal ajust\u00e9s g\u00e9n\u00e9rant frictions.<\/li><li>\ud83e\udd11 <strong>Co\u00fbts cach\u00e9s<\/strong> : les parents contraints d&rsquo;acheter des v\u00eatements compl\u00e9mentaires.<\/li><\/ul>\n\n<h2 class=\"wp-block-heading\">Les r\u00e9percussions sur la communaut\u00e9 scolaire<\/h2>\n\n<p>Les cons\u00e9quences de cette d\u00e9cision n\u2019ont pas tard\u00e9 \u00e0 se ressentir dans la dynamique scolaire. Alors que l\u2019uniforme \u00e9tait cens\u00e9 cr\u00e9er un environnement plus solennel, les tensions entre les \u00e9l\u00e8ves ont augment\u00e9. \u00ab\u00a0Ceux qui \u00e9taient cens\u00e9s se sentir au m\u00eame niveau ne se comprenaient plus\u00a0\u00bb, confie un membre de l\u2019\u00e9quipe enseignante. M\u00eame les \u00e9l\u00e8ves se plaignaient des uniformes, souvent jug\u00e9s <strong>pas jolis<\/strong> par les plus jeunes.<\/p>\n\n<h3 class=\"wp-block-heading\">Un climat scolaire d\u00e9t\u00e9rior\u00e9<\/h3>\n\n<p>Les enseignants avaient pr\u00e9vu que le port de l\u2019uniforme renforcerait la concentration et l&rsquo;int\u00e9gration. Toutefois, les retours sur l&rsquo;exp\u00e9rimentation montrent une autre r\u00e9alit\u00e9. Les \u00e9l\u00e8ves ne se sentent pas \u00e0 l&rsquo;aise et ont v\u00e9ritablement envie de s&rsquo;exprimer par leurs v\u00eatements. \u00ab\u00a0Les valeurs d\u2019individualit\u00e9 et de cr\u00e9ativit\u00e9 sont essentielles \u00e0 cet \u00e2ge\u00a0\u00bb, souligne une m\u00e8re, mettant en avant l&rsquo;importance de laisser les enfants exprimer leur personnalit\u00e9 \u00e0 travers leur habit.<\/p>\n\n<p>Dans l&rsquo;optique de favoriser un meilleur climat scolaire, le groupe scolaire D&rsquo;Alembert doit maintenant r\u00e9fl\u00e9chir \u00e0 d&rsquo;autres initiatives susceptibles de contribuer \u00e0 la coh\u00e9sion sans contraindre l&rsquo;identit\u00e9 individuelle.<\/p>\n\n<h2 class=\"wp-block-heading\">O\u00f9 en est-on maintenant \u00e0 Perpignan ?<\/h2>\n\n<p>L&rsquo;uniforme ne sera pas reconduit pour l&rsquo;ann\u00e9e scolaire suivante dans l&rsquo;\u00e9l\u00e9mentaire D&rsquo;Alembert II et sa maternelle. Pourtant, l\u2019histoire ne s\u2019arr\u00eate pas l\u00e0. Les exp\u00e9riences se poursuivent \u00e0 D&rsquo;Alembert I, o\u00f9 le vote a \u00e9t\u00e9 favorable. Ce qui soul\u00e8ve des interrogations \u00e0 la fois sur le bien-fond\u00e9 de la logique appliqu\u00e9e et sur l\u2019\u00e9galit\u00e9 des conditions entre les \u00e9l\u00e8ves des diff\u00e9rentes \u00e9coles.<\/p>\n\n<figure class=\"wp-block-table\"><table>\n<thead>\n<tr>\n<th>\u00c9tablissement<\/th>\n<th>Statut de l&rsquo;exp\u00e9rimentation<\/th>\n<\/tr>\n<\/thead>\n<tbody>\n<tr>\n<td>D&rsquo;Alembert I<\/td>\n<td>En cours<\/td>\n<\/tr>\n<tr>\n<td>D&rsquo;Alembert II<\/td>\n<td>Abandon<\/td>\n<\/tr>\n<tr>\n<td>Maternelle D&rsquo;Alembert<\/td>\n<td>Abandon<\/td>\n<\/tr>\n<\/tbody>\n<\/table><\/figure>\n\n<h3 class=\"wp-block-heading\">Quelles le\u00e7ons en tirer ?<\/h3>\n\n<p>Les r\u00e9sultats de cette initiative \u00e0 Perpignan soul\u00e8vent des questions essentielles : comment concilier p\u00e9dagogie et respect de l\u2019individualit\u00e9 ? La qualit\u00e9 des uniformes, le co\u00fbt excessif et la volont\u00e9 des enfants d&rsquo;explorer leur style personnel montrent que l&rsquo;id\u00e9e de l&rsquo;uniforme peut rapidement devenir un enjeu d\u00e9licat. Les discussions sur l&rsquo;\u00e9ducation continueront de rythmer la vie scolaire, mais il est crucial d&rsquo;\u00e9couter les v\u00e9ritables souhaits des acteurs concern\u00e9s. La d\u00e9mocratie participative doit passer aussi par le v\u00eatement.<\/p>\n\n<h2 class=\"wp-block-heading\">FAQ sur l&rsquo;uniforme \u00e0 l&rsquo;\u00e9cole<\/h2>\n\n<ul class=\"wp-block-list\"><li><strong>Q : Pourquoi l&rsquo;uniforme a-t-il \u00e9t\u00e9 introduit \u00e0 Perpignan ?<\/strong><br>A : L&rsquo;uniforme visait \u00e0 promouvoir l&rsquo;\u00e9galit\u00e9 sociale et le sentiment d&rsquo;appartenance \u00e0 l&rsquo;\u00e9cole.<\/li><li><strong>Q : Quelle a \u00e9t\u00e9 la r\u00e9action des \u00e9l\u00e8ves face \u00e0 l&rsquo;uniforme ?<\/strong><br>A : Les retours des \u00e9l\u00e8ves ont \u00e9t\u00e9 largement n\u00e9gatifs, mentionnant un manque de confort et de style.<\/li><li><strong>Q : Que se passe-t-il maintenant pour l&rsquo;uniforme \u00e0 D&rsquo;Alembert ?<\/strong><br>A : L&rsquo;uniforme ne sera pas reconduit \u00e0 D&rsquo;Alembert II et \u00e0 la maternelle, mais l&rsquo;exp\u00e9rimentation continue dans une autre \u00e9cole.<\/li><li><strong>Q : Quelles alternatives sont envisag\u00e9es par l&rsquo;\u00e9cole davantage adapt\u00e9es ?<\/strong><br>A : L&rsquo;\u00e9cole explore d&rsquo;autres m\u00e9thodes d\u2019int\u00e9gration et d\u2019encouragement \u00e0 la cr\u00e9ativit\u00e9 sans contraindre la mode.<\/li><li><strong>Q : Quels sont les co\u00fbts associ\u00e9s \u00e0 l&rsquo;uniforme ?<\/strong><br>A : L\u2019exp\u00e9rimentation a co\u00fbt\u00e9 environ 107 000 euros, partag\u00e9 entre la municipalit\u00e9 et l\u2019\u00c9tat.<\/li><\/ul>\n\n<p>L&rsquo;histoire de l&rsquo;uniforme \u00e0 Perpignan, c&rsquo;est celle d&rsquo;une initiative prometteuse mais finalement limit\u00e9e par des enjeux sporadiques. Le chemin reste ouvert pour d\u2019autres exp\u00e9riences \u00e9ducatives plus en phase avec les v\u00e9ritables attentes des \u00e9l\u00e8ves.<\/p>\n\n","protected":false},"excerpt":{"rendered":"<p>Le port de l\u2019uniforme scolaire a toujours suscit\u00e9 des d\u00e9bats passionn\u00e9s. \u00c0 Perpignan, la question a pris une tournure pratique avec un essai qui, malgr\u00e9 des promesses de renouveau, s\u2019est sold\u00e9 par un \u00e9chec cinglant. Le groupe scolaire D&rsquo;Alembert, compos\u00e9 d&rsquo;une \u00e9cole \u00e9l\u00e9mentaire et d&rsquo;une maternelle, a tent\u00e9 d&rsquo;adopter l&rsquo;uniforme depuis avril 2024. Mais la &#8230; <a title=\"L&rsquo;uniforme scolaire \u00e0 Perpignan : un essai avort\u00e9 dans une \u00e9cole \u00e9l\u00e9mentaire et une maternelle\" class=\"read-more\" href=\"https:\/\/www.apres-lecole.fr\/Blog\/uniforme-scolaire-perpignan\/\" aria-label=\"En savoir plus sur L&rsquo;uniforme scolaire \u00e0 Perpignan : un essai avort\u00e9 dans une \u00e9cole \u00e9l\u00e9mentaire et une maternelle\">Lire plus<\/a><\/p>\n","protected":false},"author":9,"featured_media":0,"comment_status":"open","ping_status":"open","sticky":false,"template":"","format":"standard","meta":{"footnotes":""},"categories":[342],"tags":[649,945,944,943,942],"class_list":["post-1970","post","type-post","status-publish","format-standard","hentry","category-actualites","tag-ecole-elementaire","tag-essai-avorte","tag-maternelle","tag-perpignan","tag-uniforme-scolaire"],"yoast_head":"<!-- This site is optimized with the Yoast SEO plugin v27.5 - https:\/\/yoast.com\/product\/yoast-seo-wordpress\/ -->\n<title>L&#039;uniforme scolaire \u00e0 Perpignan : un \u00e9chec pr\u00e9coce dans les \u00e9coles<\/title>\n<meta name=\"description\" content=\"D\u00e9couvrez l&#039;impact de l&#039;uniforme scolaire \u00e0 Perpignan \u00e0 travers un essai avort\u00e9 men\u00e9 dans une \u00e9cole \u00e9l\u00e9mentaire et une maternelle. Analysez les enjeux \u00e9ducatifs, sociaux et psychologiques de cette initiative, ainsi que les r\u00e9actions des parents et des enseignants face \u00e0 cette tentative d&#039;harmonisation vestimentaire. Un regard approfondi sur une question qui suscite des d\u00e9bats passionn\u00e9s.\" \/>\n<meta name=\"robots\" content=\"index, follow, max-snippet:-1, max-image-preview:large, max-video-preview:-1\" \/>\n<link rel=\"canonical\" href=\"https:\/\/www.apres-lecole.fr\/Blog\/uniforme-scolaire-perpignan\/\" \/>\n<meta property=\"og:locale\" content=\"fr_FR\" \/>\n<meta property=\"og:type\" content=\"article\" \/>\n<meta property=\"og:title\" content=\"L&#039;uniforme scolaire \u00e0 Perpignan : un \u00e9chec pr\u00e9coce dans les \u00e9coles\" \/>\n<meta property=\"og:description\" content=\"D\u00e9couvrez l&#039;impact de l&#039;uniforme scolaire \u00e0 Perpignan \u00e0 travers un essai avort\u00e9 men\u00e9 dans une \u00e9cole \u00e9l\u00e9mentaire et une maternelle. Analysez les enjeux \u00e9ducatifs, sociaux et psychologiques de cette initiative, ainsi que les r\u00e9actions des parents et des enseignants face \u00e0 cette tentative d&#039;harmonisation vestimentaire. Un regard approfondi sur une question qui suscite des d\u00e9bats passionn\u00e9s.\" \/>\n<meta property=\"og:url\" content=\"https:\/\/www.apres-lecole.fr\/Blog\/uniforme-scolaire-perpignan\/\" \/>\n<meta property=\"article:published_time\" content=\"2025-05-25T07:07:15+00:00\" \/>\n<meta name=\"author\" content=\"Eva Martin\" \/>\n<meta name=\"twitter:card\" content=\"summary_large_image\" \/>\n<meta name=\"twitter:creator\" content=\"@Evaapresecole\" \/>\n<meta name=\"twitter:label1\" content=\"\u00c9crit par\" \/>\n\t<meta name=\"twitter:data1\" content=\"Eva Martin\" \/>\n\t<meta name=\"twitter:label2\" content=\"Dur\u00e9e de lecture estim\u00e9e\" \/>\n\t<meta name=\"twitter:data2\" content=\"6 minutes\" \/>\n<script type=\"application\/ld+json\" class=\"yoast-schema-graph\">{\"@context\":\"https:\\\/\\\/schema.org\",\"@graph\":[{\"@type\":\"Article\",\"@id\":\"https:\\\/\\\/www.apres-lecole.fr\\\/Blog\\\/uniforme-scolaire-perpignan\\\/#article\",\"isPartOf\":{\"@id\":\"https:\\\/\\\/www.apres-lecole.fr\\\/Blog\\\/uniforme-scolaire-perpignan\\\/\"},\"author\":{\"name\":\"Eva Martin\",\"@id\":\"https:\\\/\\\/www.apres-lecole.fr\\\/Blog\\\/#\\\/schema\\\/person\\\/aeb50cd4b51fc69da155804bb5bb9fc4\"},\"headline\":\"L&rsquo;uniforme scolaire \u00e0 Perpignan : un essai avort\u00e9 dans une \u00e9cole \u00e9l\u00e9mentaire et une maternelle\",\"datePublished\":\"2025-05-25T07:07:15+00:00\",\"mainEntityOfPage\":{\"@id\":\"https:\\\/\\\/www.apres-lecole.fr\\\/Blog\\\/uniforme-scolaire-perpignan\\\/\"},\"wordCount\":1254,\"commentCount\":0,\"keywords\":[\"\u00e9cole \u00e9l\u00e9mentaire\",\"essai avort\u00e9\",\"maternelle\",\"perpignan\",\"uniforme scolaire\"],\"articleSection\":[\"Actualit\u00e9s\"],\"inLanguage\":\"fr-FR\",\"potentialAction\":[{\"@type\":\"CommentAction\",\"name\":\"Comment\",\"target\":[\"https:\\\/\\\/www.apres-lecole.fr\\\/Blog\\\/uniforme-scolaire-perpignan\\\/#respond\"]}]},{\"@type\":\"WebPage\",\"@id\":\"https:\\\/\\\/www.apres-lecole.fr\\\/Blog\\\/uniforme-scolaire-perpignan\\\/\",\"url\":\"https:\\\/\\\/www.apres-lecole.fr\\\/Blog\\\/uniforme-scolaire-perpignan\\\/\",\"name\":\"L'uniforme scolaire \u00e0 Perpignan : un \u00e9chec pr\u00e9coce dans les \u00e9coles\",\"isPartOf\":{\"@id\":\"https:\\\/\\\/www.apres-lecole.fr\\\/Blog\\\/#website\"},\"datePublished\":\"2025-05-25T07:07:15+00:00\",\"author\":{\"@id\":\"https:\\\/\\\/www.apres-lecole.fr\\\/Blog\\\/#\\\/schema\\\/person\\\/aeb50cd4b51fc69da155804bb5bb9fc4\"},\"description\":\"D\u00e9couvrez l'impact de l'uniforme scolaire \u00e0 Perpignan \u00e0 travers un essai avort\u00e9 men\u00e9 dans une \u00e9cole \u00e9l\u00e9mentaire et une maternelle. Analysez les enjeux \u00e9ducatifs, sociaux et psychologiques de cette initiative, ainsi que les r\u00e9actions des parents et des enseignants face \u00e0 cette tentative d'harmonisation vestimentaire. Un regard approfondi sur une question qui suscite des d\u00e9bats passionn\u00e9s.\",\"breadcrumb\":{\"@id\":\"https:\\\/\\\/www.apres-lecole.fr\\\/Blog\\\/uniforme-scolaire-perpignan\\\/#breadcrumb\"},\"inLanguage\":\"fr-FR\",\"potentialAction\":[{\"@type\":\"ReadAction\",\"target\":[\"https:\\\/\\\/www.apres-lecole.fr\\\/Blog\\\/uniforme-scolaire-perpignan\\\/\"]}]},{\"@type\":\"BreadcrumbList\",\"@id\":\"https:\\\/\\\/www.apres-lecole.fr\\\/Blog\\\/uniforme-scolaire-perpignan\\\/#breadcrumb\",\"itemListElement\":[{\"@type\":\"ListItem\",\"position\":1,\"name\":\"Home\",\"item\":\"https:\\\/\\\/www.apres-lecole.fr\\\/Blog\\\/\"},{\"@type\":\"ListItem\",\"position\":2,\"name\":\"L&rsquo;uniforme scolaire \u00e0 Perpignan : un essai avort\u00e9 dans une \u00e9cole \u00e9l\u00e9mentaire et une maternelle\"}]},{\"@type\":\"WebSite\",\"@id\":\"https:\\\/\\\/www.apres-lecole.fr\\\/Blog\\\/#website\",\"url\":\"https:\\\/\\\/www.apres-lecole.fr\\\/Blog\\\/\",\"name\":\"\",\"description\":\"M\u00e9dia g\u00e9n\u00e9raliste\",\"potentialAction\":[{\"@type\":\"SearchAction\",\"target\":{\"@type\":\"EntryPoint\",\"urlTemplate\":\"https:\\\/\\\/www.apres-lecole.fr\\\/Blog\\\/?s={search_term_string}\"},\"query-input\":{\"@type\":\"PropertyValueSpecification\",\"valueRequired\":true,\"valueName\":\"search_term_string\"}}],\"inLanguage\":\"fr-FR\"},{\"@type\":\"Person\",\"@id\":\"https:\\\/\\\/www.apres-lecole.fr\\\/Blog\\\/#\\\/schema\\\/person\\\/aeb50cd4b51fc69da155804bb5bb9fc4\",\"name\":\"Eva Martin\",\"image\":{\"@type\":\"ImageObject\",\"inLanguage\":\"fr-FR\",\"@id\":\"https:\\\/\\\/secure.gravatar.com\\\/avatar\\\/55c53222558b27a72015a64073a80edce4abd33369394b9bf2c5cd6c19d12682?s=96&d=mm&r=g\",\"url\":\"https:\\\/\\\/secure.gravatar.com\\\/avatar\\\/55c53222558b27a72015a64073a80edce4abd33369394b9bf2c5cd6c19d12682?s=96&d=mm&r=g\",\"contentUrl\":\"https:\\\/\\\/secure.gravatar.com\\\/avatar\\\/55c53222558b27a72015a64073a80edce4abd33369394b9bf2c5cd6c19d12682?s=96&d=mm&r=g\",\"caption\":\"Eva Martin\"},\"description\":\"Je parle de business et d'entrepreneuriat avec des conseils clairs, concrets et actionnables pour r\u00e9ussir\",\"sameAs\":[\"https:\\\/\\\/x.com\\\/Evaapresecole\"],\"url\":\"https:\\\/\\\/www.apres-lecole.fr\\\/Blog\\\/author\\\/evamartin\\\/\"}]}<\/script>\n<!-- \/ Yoast SEO plugin. -->","yoast_head_json":{"title":"L'uniforme scolaire \u00e0 Perpignan : un \u00e9chec pr\u00e9coce dans les \u00e9coles","description":"D\u00e9couvrez l'impact de l'uniforme scolaire \u00e0 Perpignan \u00e0 travers un essai avort\u00e9 men\u00e9 dans une \u00e9cole \u00e9l\u00e9mentaire et une maternelle. Analysez les enjeux \u00e9ducatifs, sociaux et psychologiques de cette initiative, ainsi que les r\u00e9actions des parents et des enseignants face \u00e0 cette tentative d'harmonisation vestimentaire. Un regard approfondi sur une question qui suscite des d\u00e9bats passionn\u00e9s.","robots":{"index":"index","follow":"follow","max-snippet":"max-snippet:-1","max-image-preview":"max-image-preview:large","max-video-preview":"max-video-preview:-1"},"canonical":"https:\/\/www.apres-lecole.fr\/Blog\/uniforme-scolaire-perpignan\/","og_locale":"fr_FR","og_type":"article","og_title":"L'uniforme scolaire \u00e0 Perpignan : un \u00e9chec pr\u00e9coce dans les \u00e9coles","og_description":"D\u00e9couvrez l'impact de l'uniforme scolaire \u00e0 Perpignan \u00e0 travers un essai avort\u00e9 men\u00e9 dans une \u00e9cole \u00e9l\u00e9mentaire et une maternelle. Analysez les enjeux \u00e9ducatifs, sociaux et psychologiques de cette initiative, ainsi que les r\u00e9actions des parents et des enseignants face \u00e0 cette tentative d'harmonisation vestimentaire. Un regard approfondi sur une question qui suscite des d\u00e9bats passionn\u00e9s.","og_url":"https:\/\/www.apres-lecole.fr\/Blog\/uniforme-scolaire-perpignan\/","article_published_time":"2025-05-25T07:07:15+00:00","author":"Eva Martin","twitter_card":"summary_large_image","twitter_creator":"@Evaapresecole","twitter_misc":{"\u00c9crit par":"Eva Martin","Dur\u00e9e de lecture estim\u00e9e":"6 minutes"},"schema":{"@context":"https:\/\/schema.org","@graph":[{"@type":"Article","@id":"https:\/\/www.apres-lecole.fr\/Blog\/uniforme-scolaire-perpignan\/#article","isPartOf":{"@id":"https:\/\/www.apres-lecole.fr\/Blog\/uniforme-scolaire-perpignan\/"},"author":{"name":"Eva Martin","@id":"https:\/\/www.apres-lecole.fr\/Blog\/#\/schema\/person\/aeb50cd4b51fc69da155804bb5bb9fc4"},"headline":"L&rsquo;uniforme scolaire \u00e0 Perpignan : un essai avort\u00e9 dans une \u00e9cole \u00e9l\u00e9mentaire et une maternelle","datePublished":"2025-05-25T07:07:15+00:00","mainEntityOfPage":{"@id":"https:\/\/www.apres-lecole.fr\/Blog\/uniforme-scolaire-perpignan\/"},"wordCount":1254,"commentCount":0,"keywords":["\u00e9cole \u00e9l\u00e9mentaire","essai avort\u00e9","maternelle","perpignan","uniforme scolaire"],"articleSection":["Actualit\u00e9s"],"inLanguage":"fr-FR","potentialAction":[{"@type":"CommentAction","name":"Comment","target":["https:\/\/www.apres-lecole.fr\/Blog\/uniforme-scolaire-perpignan\/#respond"]}]},{"@type":"WebPage","@id":"https:\/\/www.apres-lecole.fr\/Blog\/uniforme-scolaire-perpignan\/","url":"https:\/\/www.apres-lecole.fr\/Blog\/uniforme-scolaire-perpignan\/","name":"L'uniforme scolaire \u00e0 Perpignan : un \u00e9chec pr\u00e9coce dans les \u00e9coles","isPartOf":{"@id":"https:\/\/www.apres-lecole.fr\/Blog\/#website"},"datePublished":"2025-05-25T07:07:15+00:00","author":{"@id":"https:\/\/www.apres-lecole.fr\/Blog\/#\/schema\/person\/aeb50cd4b51fc69da155804bb5bb9fc4"},"description":"D\u00e9couvrez l'impact de l'uniforme scolaire \u00e0 Perpignan \u00e0 travers un essai avort\u00e9 men\u00e9 dans une \u00e9cole \u00e9l\u00e9mentaire et une maternelle. Analysez les enjeux \u00e9ducatifs, sociaux et psychologiques de cette initiative, ainsi que les r\u00e9actions des parents et des enseignants face \u00e0 cette tentative d'harmonisation vestimentaire. Un regard approfondi sur une question qui suscite des d\u00e9bats passionn\u00e9s.","breadcrumb":{"@id":"https:\/\/www.apres-lecole.fr\/Blog\/uniforme-scolaire-perpignan\/#breadcrumb"},"inLanguage":"fr-FR","potentialAction":[{"@type":"ReadAction","target":["https:\/\/www.apres-lecole.fr\/Blog\/uniforme-scolaire-perpignan\/"]}]},{"@type":"BreadcrumbList","@id":"https:\/\/www.apres-lecole.fr\/Blog\/uniforme-scolaire-perpignan\/#breadcrumb","itemListElement":[{"@type":"ListItem","position":1,"name":"Home","item":"https:\/\/www.apres-lecole.fr\/Blog\/"},{"@type":"ListItem","position":2,"name":"L&rsquo;uniforme scolaire \u00e0 Perpignan : un essai avort\u00e9 dans une \u00e9cole \u00e9l\u00e9mentaire et une maternelle"}]},{"@type":"WebSite","@id":"https:\/\/www.apres-lecole.fr\/Blog\/#website","url":"https:\/\/www.apres-lecole.fr\/Blog\/","name":"","description":"M\u00e9dia g\u00e9n\u00e9raliste","potentialAction":[{"@type":"SearchAction","target":{"@type":"EntryPoint","urlTemplate":"https:\/\/www.apres-lecole.fr\/Blog\/?s={search_term_string}"},"query-input":{"@type":"PropertyValueSpecification","valueRequired":true,"valueName":"search_term_string"}}],"inLanguage":"fr-FR"},{"@type":"Person","@id":"https:\/\/www.apres-lecole.fr\/Blog\/#\/schema\/person\/aeb50cd4b51fc69da155804bb5bb9fc4","name":"Eva Martin","image":{"@type":"ImageObject","inLanguage":"fr-FR","@id":"https:\/\/secure.gravatar.com\/avatar\/55c53222558b27a72015a64073a80edce4abd33369394b9bf2c5cd6c19d12682?s=96&d=mm&r=g","url":"https:\/\/secure.gravatar.com\/avatar\/55c53222558b27a72015a64073a80edce4abd33369394b9bf2c5cd6c19d12682?s=96&d=mm&r=g","contentUrl":"https:\/\/secure.gravatar.com\/avatar\/55c53222558b27a72015a64073a80edce4abd33369394b9bf2c5cd6c19d12682?s=96&d=mm&r=g","caption":"Eva Martin"},"description":"Je parle de business et d'entrepreneuriat avec des conseils clairs, concrets et actionnables pour r\u00e9ussir","sameAs":["https:\/\/x.com\/Evaapresecole"],"url":"https:\/\/www.apres-lecole.fr\/Blog\/author\/evamartin\/"}]}},"views":25,"_links":{"self":[{"href":"https:\/\/www.apres-lecole.fr\/Blog\/wp-json\/wp\/v2\/posts\/1970","targetHints":{"allow":["GET"]}}],"collection":[{"href":"https:\/\/www.apres-lecole.fr\/Blog\/wp-json\/wp\/v2\/posts"}],"about":[{"href":"https:\/\/www.apres-lecole.fr\/Blog\/wp-json\/wp\/v2\/types\/post"}],"author":[{"embeddable":true,"href":"https:\/\/www.apres-lecole.fr\/Blog\/wp-json\/wp\/v2\/users\/9"}],"replies":[{"embeddable":true,"href":"https:\/\/www.apres-lecole.fr\/Blog\/wp-json\/wp\/v2\/comments?post=1970"}],"version-history":[{"count":0,"href":"https:\/\/www.apres-lecole.fr\/Blog\/wp-json\/wp\/v2\/posts\/1970\/revisions"}],"wp:attachment":[{"href":"https:\/\/www.apres-lecole.fr\/Blog\/wp-json\/wp\/v2\/media?parent=1970"}],"wp:term":[{"taxonomy":"category","embeddable":true,"href":"https:\/\/www.apres-lecole.fr\/Blog\/wp-json\/wp\/v2\/categories?post=1970"},{"taxonomy":"post_tag","embeddable":true,"href":"https:\/\/www.apres-lecole.fr\/Blog\/wp-json\/wp\/v2\/tags?post=1970"}],"curies":[{"name":"wp","href":"https:\/\/api.w.org\/{rel}","templated":true}]}}