{"id":1969,"date":"2025-05-24T21:08:21","date_gmt":"2025-05-24T21:08:21","guid":{"rendered":"https:\/\/www.apres-lecole.fr\/Blog\/notes-scolaires-obsolete\/"},"modified":"2025-05-24T21:08:21","modified_gmt":"2025-05-24T21:08:21","slug":"notes-scolaires-obsolete","status":"publish","type":"post","link":"https:\/\/www.apres-lecole.fr\/Blog\/notes-scolaires-obsolete\/","title":{"rendered":"Laurence de Charette : les notes scolaires, un outil obsol\u00e8te pour \u00e9valuer les \u00e9l\u00e8ves"},"content":{"rendered":"\n\n<div class=\"kk-star-ratings kksr-auto kksr-align-left kksr-valign-top\"\n    data-payload='{&quot;align&quot;:&quot;left&quot;,&quot;id&quot;:&quot;1969&quot;,&quot;slug&quot;:&quot;default&quot;,&quot;valign&quot;:&quot;top&quot;,&quot;ignore&quot;:&quot;&quot;,&quot;reference&quot;:&quot;auto&quot;,&quot;class&quot;:&quot;&quot;,&quot;count&quot;:&quot;0&quot;,&quot;legendonly&quot;:&quot;&quot;,&quot;readonly&quot;:&quot;&quot;,&quot;score&quot;:&quot;0&quot;,&quot;starsonly&quot;:&quot;&quot;,&quot;best&quot;:&quot;5&quot;,&quot;gap&quot;:&quot;5&quot;,&quot;greet&quot;:&quot;Rate this post&quot;,&quot;legend&quot;:&quot;0\\\/5 - (0 vote)&quot;,&quot;size&quot;:&quot;24&quot;,&quot;title&quot;:&quot;Laurence de Charette : les notes scolaires, un outil obsol\u00e8te pour \u00e9valuer les \u00e9l\u00e8ves&quot;,&quot;width&quot;:&quot;0&quot;,&quot;_legend&quot;:&quot;{score}\\\/{best} - ({count} {votes})&quot;,&quot;font_factor&quot;:&quot;1.25&quot;}'>\n            \n<div class=\"kksr-stars\">\n    \n<div class=\"kksr-stars-inactive\">\n            <div class=\"kksr-star\" data-star=\"1\" style=\"padding-right: 5px\">\n            \n\n<div class=\"kksr-icon\" style=\"width: 24px; height: 24px;\"><\/div>\n        <\/div>\n            <div class=\"kksr-star\" data-star=\"2\" style=\"padding-right: 5px\">\n            \n\n<div class=\"kksr-icon\" style=\"width: 24px; height: 24px;\"><\/div>\n        <\/div>\n            <div class=\"kksr-star\" data-star=\"3\" style=\"padding-right: 5px\">\n            \n\n<div class=\"kksr-icon\" style=\"width: 24px; height: 24px;\"><\/div>\n        <\/div>\n            <div class=\"kksr-star\" data-star=\"4\" style=\"padding-right: 5px\">\n            \n\n<div class=\"kksr-icon\" style=\"width: 24px; height: 24px;\"><\/div>\n        <\/div>\n            <div class=\"kksr-star\" data-star=\"5\" style=\"padding-right: 5px\">\n            \n\n<div class=\"kksr-icon\" style=\"width: 24px; height: 24px;\"><\/div>\n        <\/div>\n    <\/div>\n    \n<div class=\"kksr-stars-active\" style=\"width: 0px;\">\n            <div class=\"kksr-star\" style=\"padding-right: 5px\">\n            \n\n<div class=\"kksr-icon\" style=\"width: 24px; height: 24px;\"><\/div>\n        <\/div>\n            <div class=\"kksr-star\" style=\"padding-right: 5px\">\n            \n\n<div class=\"kksr-icon\" style=\"width: 24px; height: 24px;\"><\/div>\n        <\/div>\n            <div class=\"kksr-star\" style=\"padding-right: 5px\">\n            \n\n<div class=\"kksr-icon\" style=\"width: 24px; height: 24px;\"><\/div>\n        <\/div>\n            <div class=\"kksr-star\" style=\"padding-right: 5px\">\n            \n\n<div class=\"kksr-icon\" style=\"width: 24px; height: 24px;\"><\/div>\n        <\/div>\n            <div class=\"kksr-star\" style=\"padding-right: 5px\">\n            \n\n<div class=\"kksr-icon\" style=\"width: 24px; height: 24px;\"><\/div>\n        <\/div>\n    <\/div>\n<\/div>\n                \n\n<div class=\"kksr-legend\" style=\"font-size: 19.2px;\">\n            <span class=\"kksr-muted\">Rate this post<\/span>\n    <\/div>\n    <\/div>\n<p>Au c\u0153ur des d\u00e9bats p\u00e9dagogiques, la question des <strong>notes scolaires<\/strong> semble plus que jamais faire pol\u00e9mique. Chaque ann\u00e9e, ces petits chiffres se retrouvent au centre des inqui\u00e9tudes des parents et des enseignants, valorisant une m\u00e9thode qui peine \u00e0 prouver son efficacit\u00e9. Laurence de Charette, figure embl\u00e9matique de cette r\u00e9flexion, une voix s&rsquo;inqui\u00e8te des cons\u00e9quences sur l&rsquo;<strong>apprentissage<\/strong> et le bien-\u00eatre des \u00e9l\u00e8ves, allant jusqu&rsquo;\u00e0 qualifier le syst\u00e8me de notation d\u2019<strong>outil obsol\u00e8te<\/strong>. En effet, alors que l&rsquo;\u00e9ducation moderne cherche \u00e0 s&rsquo;adapter aux enjeux d&rsquo;un monde en \u00e9volution, il devient essentiel de questionner la place que tiennent encore les notes dans l&rsquo;\u00e9valuation des \u00e9l\u00e8ves. Que cachent vraiment ces chiffres ? Et quelles alternatives pourraient mieux refl\u00e9ter les comp\u00e9tences ?<\/p>\n\n<h2 class=\"wp-block-heading\">Les notes scolaires : un reflet d\u00e9form\u00e9 des comp\u00e9tences ?<\/h2>\n\n<p>Les notes scolaires sont souvent per\u00e7ues comme le barom\u00e8tre ultime de la r\u00e9ussite d\u2019un \u00e9l\u00e8ve. Pourtant, ce syst\u00e8me d&rsquo;<strong>\u00e9valuation<\/strong> pose question. Un \u00e9l\u00e8ve qui pr\u00e9sente une belle note en math\u00e9matiques pourrait ne pas comprendre les bases, tandis qu&rsquo;un autre pourrait exceller en sciences sans r\u00e9colter les r\u00e9compenses m\u00e9rit\u00e9es \u00e0 l&rsquo;\u00e9crit. Ce ph\u00e9nom\u00e8ne n&rsquo;est pas unique \u00e0 un \u00e9l\u00e8ve ; il touche de nombreux \u00e9l\u00e8ves, cr\u00e9ant une distribution binaire, o\u00f9 les bons et mauvais \u00e9l\u00e8ves sont trop souvent stigmatis\u00e9s sans \u00e9gard pour leur v\u00e9ritable potentiel.<\/p>\n\n<p>En effet, les <strong>comp\u00e9tences<\/strong> des \u00e9l\u00e8ves se manifestent de mani\u00e8re vari\u00e9e et parfois impr\u00e9visible. Prenons l&rsquo;exemple d&rsquo;\u00e9l\u00e8ves brillants mais timides qui peinent \u00e0 s&rsquo;exprimer lors des examens oraux. La note qu&rsquo;ils obtiennent est peu repr\u00e9sentative de leur compr\u00e9hension ou de leur engagement. De plus, les notes m\u00e9ritent une critique attentionn\u00e9e en raison de leur nature subjective ; deux enseignants, face au m\u00eame travail, peuvent attribuer des \u00e9valuations radicalement diff\u00e9rentes.<\/p>\n\n<p>Voici quelques \u00e9l\u00e9ments \u00e0 consid\u00e9rer concernant les notes scolaires :<\/p>\n\n<ul class=\"wp-block-list\"><li>\ud83d\udcc9 La notation favorise la superficialit\u00e9 des connaissances plut\u00f4t qu&rsquo;une compr\u00e9hension profonde.<\/li><li>\ud83d\udd0d Le stress et l&rsquo;anxi\u00e9t\u00e9 sont souvent exacerb\u00e9s par la pression d&rsquo;obtenir de bonnes notes.<\/li><li>\ud83e\udd14 Les notes ne tiennent souvent pas compte des multiples intelligences, comme celles mises en avant par Howard Gardner.<\/li><\/ul>\n\n<figure class=\"wp-block-table\"><table>\n<thead>\n<tr>\n<th>Aspect<\/th>\n<th>Points Positifs<\/th>\n<th>Points N\u00e9gatifs<\/th>\n<\/tr>\n<\/thead>\n<tbody>\n<tr>\n<td>\u00c9valuation<\/td>\n<td>Facilit\u00e9 de compr\u00e9hension<\/td>\n<td>Subjectivit\u00e9<\/td>\n<\/tr>\n<tr>\n<td>Motivation<\/td>\n<td>Stimule la comp\u00e9tition<\/td>\n<td>Cr\u00e9ation de stress<\/td>\n<\/tr>\n<tr>\n<td>Standardisation<\/td>\n<td>Permet des comparaisons<\/td>\n<td>Ignore la diversit\u00e9 des styles d&rsquo;apprentissage<\/td>\n<\/tr>\n<\/tbody>\n<\/table><\/figure>\n\n<p>Ce tableau montre bien que les notes scolaires peuvent \u00eatre \u00e0 double tranchant. Autant qu&rsquo;elles peuvent servir d&rsquo;indicateur, elles peuvent aussi constituer des freins \u00e0 une <strong>r\u00e9forme \u00e9ducative<\/strong> n\u00e9cessaire. A partir de cette r\u00e9flexion, la question de la mise en place d&rsquo;<strong>\u00e9valuations alternatives<\/strong> se pose d&rsquo;une mani\u00e8re pr\u00e9gnante.<\/p>\n\n<h2 class=\"wp-block-heading\">Les alternatives aux notes : vers un nouveau paradigme d\u2019\u00e9valuation<\/h2>\n\n<p>Si le syst\u00e8me traditionnel des notes est contest\u00e9, il est imp\u00e9ratif d&rsquo;explorer des solutions viables pour am\u00e9liorer l&rsquo;<strong>\u00e9valuation des \u00e9l\u00e8ves<\/strong>. De nombreuses \u00e9coles et \u00e9tablissements tentent d\u2019adopter des m\u00e9thodes alternatives qui vont au-del\u00e0 des simples chiffrages. Parmi elles, la <strong>p\u00e9dagogie<\/strong> par projet ou l\u2019\u00e9valuation qualitative suscitent un int\u00e9r\u00eat croissant.<\/p>\n\n<p>Dans la p\u00e9dagogie par projet, les \u00e9l\u00e8ves travaillent en groupes pour atteindre des objectifs communs. Ce type de projet favorise la coop\u00e9ration et la cr\u00e9ativit\u00e9, \u00e9levant l\u2019exp\u00e9rience d\u2019apprentissage \u00e0 un autre niveau. Les enseignants peuvent alors \u00e9valuer le processus et non pas seulement le produit final, permettant ainsi un retour d\u00e9taill\u00e9 sur les comp\u00e9tences d\u00e9velopp\u00e9es durant le projet.<\/p>\n\n<p>Voici quelques exemples d&rsquo;approches alternatives \u00e0 la notation :<\/p>\n\n<ul class=\"wp-block-list\"><li>\ud83d\udd04 <strong>\u00c9valuation par comp\u00e9tences<\/strong> : les \u00e9l\u00e8ves sont \u00e9valu\u00e9s sur leurs comp\u00e9tences atteintes plut\u00f4t que sur des notes fixes.<\/li><li>\ud83d\udcac <strong>Auto-\u00e9valuation et r\u00e9flexion<\/strong> : les \u00e9l\u00e8ves prennent une part active dans leur \u00e9valuation, renfor\u00e7ant ainsi leur autonomie et leur capacit\u00e9 d&rsquo;analyse.<\/li><li>\ud83d\udcd1 <strong>Portfolios d&rsquo;apprentissage<\/strong> : les \u00e9l\u00e8ves rassemblent des travaux et des r\u00e9alisations dans un dossier, offrant une vision globale de leur parcours.<\/li><\/ul>\n\n<figure class=\"wp-block-table\"><table>\n<thead>\n<tr>\n<th>M\u00e9thode d&rsquo;\u00e9valuation<\/th>\n<th>Description<\/th>\n<th>Avantages<\/th>\n<\/tr>\n<\/thead>\n<tbody>\n<tr>\n<td>\u00c9valuation par comp\u00e9tences<\/td>\n<td>Bas\u00e9e sur des crit\u00e8res sp\u00e9cifiques d\u00e9finis par des objectifs p\u00e9dagogiques.<\/td>\n<td>\u2705 Permet une vision plus pr\u00e9cise des r\u00e9alisations de l&rsquo;\u00e9l\u00e8ve.<\/td>\n<\/tr>\n<tr>\n<td>Portfolios d&rsquo;apprentissage<\/td>\n<td>Collection de travaux et de r\u00e9flexions de l&rsquo;\u00e9l\u00e8ve.<\/td>\n<td>\u2705 Offre une vue d&rsquo;ensemble de l&rsquo;engagement et du progr\u00e8s.<\/td>\n<\/tr>\n<tr>\n<td>Feedback r\u00e9gulier<\/td>\n<td>Retours fr\u00e9quents sur le travail produit.<\/td>\n<td>\u2705 Aide \u00e0 identifier les axes d&rsquo;am\u00e9lioration en continu.<\/td>\n<\/tr>\n<\/tbody>\n<\/table><\/figure>\n\n<p>Ces m\u00e9thodes favorisent davantage l&rsquo;engagement des \u00e9l\u00e8ves, tout en leur permettant de d\u00e9velopper une conscience critique de leur propre parcours \u00e9ducatif. La transformation du syst\u00e8me \u00e9ducatif passe donc par la mise en avant de pratiques qui valorisent l\u2019effort et le d\u00e9veloppement personnel, davantage que la simple comp\u00e9tition et les notes.<\/p>\n\n<h2 class=\"wp-block-heading\">Le r\u00f4le des parents dans l\u2019\u00e9valuation des \u00e9l\u00e8ves<\/h2>\n\n<p>Il est crucial de ne pas oublier le r\u00f4le des parents dans ce vaste d\u00e9bat. Lorsqu\u2019un \u00e9l\u00e8ve re\u00e7oit des notes, la r\u00e9action des parents peut grandement influencer son rapport \u00e0 l\u2019\u00e9cole. Si un parent se r\u00e9jouit d\u2019une bonne note, cela peut conforter l\u2019\u00e9l\u00e8ve dans l\u2019id\u00e9e que tout repose sur les r\u00e9sultats chiffr\u00e9s. En revanche, un parent qui souligne les efforts et le chemin parcouru dans l&rsquo;apprentissage cr\u00e9e un environnement plus sain pour la r\u00e9ussite scolaire de l\u2019enfant.<\/p>\n\n<p>Il est donc essentiel que les parents soient inform\u00e9s et ensemble : quelle \u00e9ducation souhaitent-ils pour leurs enfants ? Un \u00e9ducation bas\u00e9e sur la comp\u00e9tition ou plut\u00f4t sur la collaboration et le partage des connaissances ? Avoir une vision claire sur l\u2019apprentissage peut transformer les attentes des parents et des enseignants.<\/p>\n\n<p>Voici des actions que les parents peuvent entreprendre pour soutenir leur enfant :<\/p>\n\n<ul class=\"wp-block-list\"><li>\ud83d\udc4f Encourager la curiosit\u00e9 et l&rsquo;amour d&rsquo;apprendre.<\/li><li>\ud83c\udfaf Aider \u00e0 \u00e9tablir des objectifs r\u00e9alistes et enthousiastes pour le travail scolaire.<\/li><li>\ud83d\udcac Eviter de r\u00e9duire les \u00e9valuations \u00e0 de simples points.<\/li><\/ul>\n\n<figure class=\"wp-block-table\"><table>\n<thead>\n<tr>\n<th>Action Parentale<\/th>\n<th>Impact sur l&rsquo;\u00e9l\u00e8ve<\/th>\n<\/tr>\n<\/thead>\n<tbody>\n<tr>\n<td>Promouvoir la curiosit\u00e9<\/td>\n<td>Fait grandir un enfant engag\u00e9 dans ses apprentissages.<\/td>\n<\/tr>\n<tr>\n<td>Fixer des objectifs<\/td>\n<td>Encourage la r\u00e9ussite et le d\u00e9passement de soi.<\/td>\n<\/tr>\n<tr>\n<td>Valoriser les efforts<\/td>\n<td>Renforce la confiance et la motivation chez l&rsquo;enfant.<\/td>\n<\/tr>\n<\/tbody>\n<\/table><\/figure>\n\n<p>Il s&rsquo;agit donc d&rsquo;une v\u00e9ritable <strong>r\u00e9forme \u00e9ducative<\/strong> \u00e0 envisager : transformer l\u2019id\u00e9e que seules les notes peuvent d\u00e9finir le succ\u00e8s \u00e0 l\u2019\u00e9cole part \u00e0 la fois des enseignants, des \u00e9l\u00e8ves et des parents. Ensemble, ils peuvent cr\u00e9er un environnement favorable qui encourage l\u2019apprentissage positif.<\/p>\n\n<h2 class=\"wp-block-heading\">Les enjeux soci\u00e9taux de la notation<\/h2>\n\n<p>En mati\u00e8re d\u2019\u00e9ducation, la notation soul\u00e8ve \u00e9galement des enjeux soci\u00e9taux. Cette forme d&rsquo;\u00e9valuation peut parfois refl\u00e9ter des in\u00e9galit\u00e9s ben plus profondes, comme celles observ\u00e9es dans le syst\u00e8me \u00e9ducatif fran\u00e7ais. Certaines \u00e9coles, plus favoris\u00e9es, peuvent syst\u00e9matiquement obtenir de meilleures notes que d&rsquo;autres, ind\u00e9pendamment de la capacit\u00e9 r\u00e9elle de leurs \u00e9l\u00e8ves.<\/p>\n\n<p>Les discussions autour de ces in\u00e9galit\u00e9s sont essentielles, car elles mettent en lumi\u00e8re que l&rsquo;\u00e9valuation n&rsquo;est pas qu&rsquo;un simple outil, mais \u00e9galement un r\u00e9v\u00e9lateur des tensions sociales. En 2025, il semble indispensable de repenser le syst\u00e8me afin d&rsquo;assurer que chaque \u00e9l\u00e8ve, quel que soit son milieu, ait une chance \u00e9quitable de briller. La <strong>p\u00e9dagogie<\/strong> doit ainsi \u00eatre repens\u00e9e pour int\u00e9grer non seulement les comp\u00e9tences acad\u00e9miques, mais aussi une conscience sociale et civique. <\/p>\n\n<p>Quelques-unes des questions que se posent les acteurs dans le milieu \u00e9ducatif incluent :<\/p>\n\n<ul class=\"wp-block-list\"><li>\ud83c\udf0d Comment les m\u00e9thodes d&rsquo;\u00e9valuation peuvent-elles devenir plus inclusives ?<\/li><li>\ud83c\udf1f Quel est l&rsquo;impact des notes sur la motivation des \u00e9l\u00e8ves issus de milieux d\u00e9favoris\u00e9s ?<\/li><li>\ud83e\udd1d Quelles sont les actions concr\u00e8tes \u00e0 mettre en place pour r\u00e9duire les in\u00e9galit\u00e9s ?<\/li><\/ul>\n\n<figure class=\"wp-block-table\"><table>\n<thead>\n<tr>\n<th>Type d\u2019\u00e9cole<\/th>\n<th>Impact sur les \u00e9l\u00e8ves<\/th>\n<th>Notes<\/th>\n<\/tr>\n<\/thead>\n<tbody>\n<tr>\n<td>\u00c9coles publiques<\/td>\n<td>Acc\u00e8s \u00e0 des ressources vari\u00e9es, mais parfois limit\u00e9s.<\/td>\n<td>Vari\u00e9es, d\u00e9pendantes de l&rsquo;environnement local.<\/td>\n<\/tr>\n<tr>\n<td>\u00c9coles priv\u00e9es<\/td>\n<td>Acc\u00e8s \u00e0 de meilleures ressources et outils p\u00e9dagogiques.<\/td>\n<td>En g\u00e9n\u00e9ral plus \u00e9lev\u00e9es, favorisant un cercle \u00e9litiste.<\/td>\n<\/tr>\n<\/tbody>\n<\/table><\/figure>\n\n<p>R\u00e9soudre cette probl\u00e9matique n\u00e9cessite un dialogue ouvert entre les diff\u00e9rents acteurs du syst\u00e8me \u00e9ducatif pour cr\u00e9er un environnement dans lequel les <strong>\u00e9l\u00e8ves<\/strong> peuvent \u00e9voluer sans se sentir pi\u00e9g\u00e9s par un syst\u00e8me de notation qui pourrait fausser leur perception de la r\u00e9ussite.<\/p>\n\n<h2 class=\"wp-block-heading\">FAQ<\/h2>\n\n<p><strong>Les notes scolaires sont-elles toujours n\u00e9cessaires dans l&rsquo;\u00e9ducation moderne ?<\/strong><br>Les notes ne sont pas indispensables; des m\u00e9thodes alternatives peuvent mieux valoriser les comp\u00e9tences et engendrer des apprentissages efficaces.<\/p>\n\n<p><strong>Quelles sont les alternatives aux notes scolaires ?<\/strong><br>Les mod\u00e8les d&rsquo;\u00e9valuation par comp\u00e9tences, les portfolios d&rsquo;apprentissage et l\u2019auto-\u00e9valuation sont des alternatives prometteuses pour \u00e9valuer les \u00e9l\u00e8ves.<\/p>\n\n<p><strong>Comment les parents peuvent-ils aider leurs enfants dans leur \u00e9ducation sans valoriser les notes ?<\/strong><br>Encourager l\u2019amour de l\u2019apprentissage, fixer des objectifs de travail et valoriser les efforts plut\u00f4t que les r\u00e9sultats permettent un meilleur rapport \u00e0 l\u2019\u00e9ducation.<\/p>\n\n<p><strong>Quelles in\u00e9galit\u00e9s le syst\u00e8me de notation peut-il engendrer ?<\/strong><br>Il peut renforcer les disparit\u00e9s entre les \u00e9l\u00e8ves issus de diff\u00e9rents milieux, cr\u00e9ant des groupes d&rsquo;\u00e9l\u00e8ves privil\u00e9gi\u00e9s versus les plus d\u00e9munis.<\/p>\n\n<p><strong>Quel est le r\u00f4le des enseignants dans la r\u00e9forme de l&rsquo;\u00e9valuation ?<\/strong><br>Les enseignants sont au c\u0153ur de la mise en \u0153uvre de nouvelles m\u00e9thodes d&rsquo;\u00e9valuation et doivent s&rsquo;engager dans des pratiques qui favorisent une <strong>\u00e9ducation moderne<\/strong> et positive.<\/p>\n\n","protected":false},"excerpt":{"rendered":"<p>Au c\u0153ur des d\u00e9bats p\u00e9dagogiques, la question des notes scolaires semble plus que jamais faire pol\u00e9mique. Chaque ann\u00e9e, ces petits chiffres se retrouvent au centre des inqui\u00e9tudes des parents et des enseignants, valorisant une m\u00e9thode qui peine \u00e0 prouver son efficacit\u00e9. Laurence de Charette, figure embl\u00e9matique de cette r\u00e9flexion, une voix s&rsquo;inqui\u00e8te des cons\u00e9quences sur &#8230; <a title=\"Laurence de Charette : les notes scolaires, un outil obsol\u00e8te pour \u00e9valuer les \u00e9l\u00e8ves\" class=\"read-more\" href=\"https:\/\/www.apres-lecole.fr\/Blog\/notes-scolaires-obsolete\/\" aria-label=\"En savoir plus sur Laurence de Charette : les notes scolaires, un outil obsol\u00e8te pour \u00e9valuer les \u00e9l\u00e8ves\">Lire plus<\/a><\/p>\n","protected":false},"author":9,"featured_media":0,"comment_status":"open","ping_status":"open","sticky":false,"template":"","format":"standard","meta":{"footnotes":""},"categories":[342],"tags":[412,940,938,939,941],"class_list":["post-1969","post","type-post","status-publish","format-standard","hentry","category-actualites","tag-education","tag-evaluation-des-eleves","tag-laurence-de-charette","tag-notes-scolaires","tag-outil-obsolete"],"yoast_head":"<!-- This site is optimized with the Yoast SEO plugin v27.5 - https:\/\/yoast.com\/product\/yoast-seo-wordpress\/ -->\n<title>Laurence de Charette : repenser l&#039;\u00e9valuation des \u00e9l\u00e8ves au-del\u00e0 des notes<\/title>\n<meta name=\"description\" content=\"D\u00e9couvrez l&#039;analyse de Laurence de Charette sur les notes scolaires. Cette r\u00e9flexion met en lumi\u00e8re pourquoi les \u00e9chelles de notation traditionnelles sont devenues obsol\u00e8tes pour \u00e9valuer les \u00e9l\u00e8ves, et propose des alternatives innovantes pour un apprentissage plus significatif. Plongez dans un d\u00e9bat crucial pour l&#039;avenir de l&#039;\u00e9ducation.\" \/>\n<meta name=\"robots\" content=\"index, follow, max-snippet:-1, max-image-preview:large, max-video-preview:-1\" \/>\n<link rel=\"canonical\" href=\"https:\/\/www.apres-lecole.fr\/Blog\/notes-scolaires-obsolete\/\" \/>\n<meta property=\"og:locale\" content=\"fr_FR\" \/>\n<meta property=\"og:type\" content=\"article\" \/>\n<meta property=\"og:title\" content=\"Laurence de Charette : repenser l&#039;\u00e9valuation des \u00e9l\u00e8ves au-del\u00e0 des notes\" \/>\n<meta property=\"og:description\" content=\"D\u00e9couvrez l&#039;analyse de Laurence de Charette sur les notes scolaires. Cette r\u00e9flexion met en lumi\u00e8re pourquoi les \u00e9chelles de notation traditionnelles sont devenues obsol\u00e8tes pour \u00e9valuer les \u00e9l\u00e8ves, et propose des alternatives innovantes pour un apprentissage plus significatif. Plongez dans un d\u00e9bat crucial pour l&#039;avenir de l&#039;\u00e9ducation.\" \/>\n<meta property=\"og:url\" content=\"https:\/\/www.apres-lecole.fr\/Blog\/notes-scolaires-obsolete\/\" \/>\n<meta property=\"article:published_time\" content=\"2025-05-24T21:08:21+00:00\" \/>\n<meta name=\"author\" content=\"Eva Martin\" \/>\n<meta name=\"twitter:card\" content=\"summary_large_image\" \/>\n<meta name=\"twitter:creator\" content=\"@Evaapresecole\" \/>\n<meta name=\"twitter:label1\" content=\"\u00c9crit par\" \/>\n\t<meta name=\"twitter:data1\" content=\"Eva Martin\" \/>\n\t<meta name=\"twitter:label2\" content=\"Dur\u00e9e de lecture estim\u00e9e\" \/>\n\t<meta name=\"twitter:data2\" content=\"8 minutes\" \/>\n<script type=\"application\/ld+json\" class=\"yoast-schema-graph\">{\"@context\":\"https:\\\/\\\/schema.org\",\"@graph\":[{\"@type\":\"Article\",\"@id\":\"https:\\\/\\\/www.apres-lecole.fr\\\/Blog\\\/notes-scolaires-obsolete\\\/#article\",\"isPartOf\":{\"@id\":\"https:\\\/\\\/www.apres-lecole.fr\\\/Blog\\\/notes-scolaires-obsolete\\\/\"},\"author\":{\"name\":\"Eva Martin\",\"@id\":\"https:\\\/\\\/www.apres-lecole.fr\\\/Blog\\\/#\\\/schema\\\/person\\\/aeb50cd4b51fc69da155804bb5bb9fc4\"},\"headline\":\"Laurence de Charette : les notes scolaires, un outil obsol\u00e8te pour \u00e9valuer les \u00e9l\u00e8ves\",\"datePublished\":\"2025-05-24T21:08:21+00:00\",\"mainEntityOfPage\":{\"@id\":\"https:\\\/\\\/www.apres-lecole.fr\\\/Blog\\\/notes-scolaires-obsolete\\\/\"},\"wordCount\":1664,\"commentCount\":0,\"keywords\":[\"\u00e9ducation\",\"\u00e9valuation des \u00e9l\u00e8ves\",\"laurence de charette\",\"notes scolaires\",\"outil obsol\u00e8te\"],\"articleSection\":[\"Actualit\u00e9s\"],\"inLanguage\":\"fr-FR\",\"potentialAction\":[{\"@type\":\"CommentAction\",\"name\":\"Comment\",\"target\":[\"https:\\\/\\\/www.apres-lecole.fr\\\/Blog\\\/notes-scolaires-obsolete\\\/#respond\"]}]},{\"@type\":\"WebPage\",\"@id\":\"https:\\\/\\\/www.apres-lecole.fr\\\/Blog\\\/notes-scolaires-obsolete\\\/\",\"url\":\"https:\\\/\\\/www.apres-lecole.fr\\\/Blog\\\/notes-scolaires-obsolete\\\/\",\"name\":\"Laurence de Charette : repenser l'\u00e9valuation des \u00e9l\u00e8ves au-del\u00e0 des notes\",\"isPartOf\":{\"@id\":\"https:\\\/\\\/www.apres-lecole.fr\\\/Blog\\\/#website\"},\"datePublished\":\"2025-05-24T21:08:21+00:00\",\"author\":{\"@id\":\"https:\\\/\\\/www.apres-lecole.fr\\\/Blog\\\/#\\\/schema\\\/person\\\/aeb50cd4b51fc69da155804bb5bb9fc4\"},\"description\":\"D\u00e9couvrez l'analyse de Laurence de Charette sur les notes scolaires. Cette r\u00e9flexion met en lumi\u00e8re pourquoi les \u00e9chelles de notation traditionnelles sont devenues obsol\u00e8tes pour \u00e9valuer les \u00e9l\u00e8ves, et propose des alternatives innovantes pour un apprentissage plus significatif. Plongez dans un d\u00e9bat crucial pour l'avenir de l'\u00e9ducation.\",\"breadcrumb\":{\"@id\":\"https:\\\/\\\/www.apres-lecole.fr\\\/Blog\\\/notes-scolaires-obsolete\\\/#breadcrumb\"},\"inLanguage\":\"fr-FR\",\"potentialAction\":[{\"@type\":\"ReadAction\",\"target\":[\"https:\\\/\\\/www.apres-lecole.fr\\\/Blog\\\/notes-scolaires-obsolete\\\/\"]}]},{\"@type\":\"BreadcrumbList\",\"@id\":\"https:\\\/\\\/www.apres-lecole.fr\\\/Blog\\\/notes-scolaires-obsolete\\\/#breadcrumb\",\"itemListElement\":[{\"@type\":\"ListItem\",\"position\":1,\"name\":\"Home\",\"item\":\"https:\\\/\\\/www.apres-lecole.fr\\\/Blog\\\/\"},{\"@type\":\"ListItem\",\"position\":2,\"name\":\"Laurence de Charette : les notes scolaires, un outil obsol\u00e8te pour \u00e9valuer les \u00e9l\u00e8ves\"}]},{\"@type\":\"WebSite\",\"@id\":\"https:\\\/\\\/www.apres-lecole.fr\\\/Blog\\\/#website\",\"url\":\"https:\\\/\\\/www.apres-lecole.fr\\\/Blog\\\/\",\"name\":\"\",\"description\":\"M\u00e9dia g\u00e9n\u00e9raliste\",\"potentialAction\":[{\"@type\":\"SearchAction\",\"target\":{\"@type\":\"EntryPoint\",\"urlTemplate\":\"https:\\\/\\\/www.apres-lecole.fr\\\/Blog\\\/?s={search_term_string}\"},\"query-input\":{\"@type\":\"PropertyValueSpecification\",\"valueRequired\":true,\"valueName\":\"search_term_string\"}}],\"inLanguage\":\"fr-FR\"},{\"@type\":\"Person\",\"@id\":\"https:\\\/\\\/www.apres-lecole.fr\\\/Blog\\\/#\\\/schema\\\/person\\\/aeb50cd4b51fc69da155804bb5bb9fc4\",\"name\":\"Eva Martin\",\"image\":{\"@type\":\"ImageObject\",\"inLanguage\":\"fr-FR\",\"@id\":\"https:\\\/\\\/secure.gravatar.com\\\/avatar\\\/55c53222558b27a72015a64073a80edce4abd33369394b9bf2c5cd6c19d12682?s=96&d=mm&r=g\",\"url\":\"https:\\\/\\\/secure.gravatar.com\\\/avatar\\\/55c53222558b27a72015a64073a80edce4abd33369394b9bf2c5cd6c19d12682?s=96&d=mm&r=g\",\"contentUrl\":\"https:\\\/\\\/secure.gravatar.com\\\/avatar\\\/55c53222558b27a72015a64073a80edce4abd33369394b9bf2c5cd6c19d12682?s=96&d=mm&r=g\",\"caption\":\"Eva Martin\"},\"description\":\"Je parle de business et d'entrepreneuriat avec des conseils clairs, concrets et actionnables pour r\u00e9ussir\",\"sameAs\":[\"https:\\\/\\\/x.com\\\/Evaapresecole\"],\"url\":\"https:\\\/\\\/www.apres-lecole.fr\\\/Blog\\\/author\\\/evamartin\\\/\"}]}<\/script>\n<!-- \/ Yoast SEO plugin. -->","yoast_head_json":{"title":"Laurence de Charette : repenser l'\u00e9valuation des \u00e9l\u00e8ves au-del\u00e0 des notes","description":"D\u00e9couvrez l'analyse de Laurence de Charette sur les notes scolaires. Cette r\u00e9flexion met en lumi\u00e8re pourquoi les \u00e9chelles de notation traditionnelles sont devenues obsol\u00e8tes pour \u00e9valuer les \u00e9l\u00e8ves, et propose des alternatives innovantes pour un apprentissage plus significatif. Plongez dans un d\u00e9bat crucial pour l'avenir de l'\u00e9ducation.","robots":{"index":"index","follow":"follow","max-snippet":"max-snippet:-1","max-image-preview":"max-image-preview:large","max-video-preview":"max-video-preview:-1"},"canonical":"https:\/\/www.apres-lecole.fr\/Blog\/notes-scolaires-obsolete\/","og_locale":"fr_FR","og_type":"article","og_title":"Laurence de Charette : repenser l'\u00e9valuation des \u00e9l\u00e8ves au-del\u00e0 des notes","og_description":"D\u00e9couvrez l'analyse de Laurence de Charette sur les notes scolaires. Cette r\u00e9flexion met en lumi\u00e8re pourquoi les \u00e9chelles de notation traditionnelles sont devenues obsol\u00e8tes pour \u00e9valuer les \u00e9l\u00e8ves, et propose des alternatives innovantes pour un apprentissage plus significatif. Plongez dans un d\u00e9bat crucial pour l'avenir de l'\u00e9ducation.","og_url":"https:\/\/www.apres-lecole.fr\/Blog\/notes-scolaires-obsolete\/","article_published_time":"2025-05-24T21:08:21+00:00","author":"Eva Martin","twitter_card":"summary_large_image","twitter_creator":"@Evaapresecole","twitter_misc":{"\u00c9crit par":"Eva Martin","Dur\u00e9e de lecture estim\u00e9e":"8 minutes"},"schema":{"@context":"https:\/\/schema.org","@graph":[{"@type":"Article","@id":"https:\/\/www.apres-lecole.fr\/Blog\/notes-scolaires-obsolete\/#article","isPartOf":{"@id":"https:\/\/www.apres-lecole.fr\/Blog\/notes-scolaires-obsolete\/"},"author":{"name":"Eva Martin","@id":"https:\/\/www.apres-lecole.fr\/Blog\/#\/schema\/person\/aeb50cd4b51fc69da155804bb5bb9fc4"},"headline":"Laurence de Charette : les notes scolaires, un outil obsol\u00e8te pour \u00e9valuer les \u00e9l\u00e8ves","datePublished":"2025-05-24T21:08:21+00:00","mainEntityOfPage":{"@id":"https:\/\/www.apres-lecole.fr\/Blog\/notes-scolaires-obsolete\/"},"wordCount":1664,"commentCount":0,"keywords":["\u00e9ducation","\u00e9valuation des \u00e9l\u00e8ves","laurence de charette","notes scolaires","outil obsol\u00e8te"],"articleSection":["Actualit\u00e9s"],"inLanguage":"fr-FR","potentialAction":[{"@type":"CommentAction","name":"Comment","target":["https:\/\/www.apres-lecole.fr\/Blog\/notes-scolaires-obsolete\/#respond"]}]},{"@type":"WebPage","@id":"https:\/\/www.apres-lecole.fr\/Blog\/notes-scolaires-obsolete\/","url":"https:\/\/www.apres-lecole.fr\/Blog\/notes-scolaires-obsolete\/","name":"Laurence de Charette : repenser l'\u00e9valuation des \u00e9l\u00e8ves au-del\u00e0 des notes","isPartOf":{"@id":"https:\/\/www.apres-lecole.fr\/Blog\/#website"},"datePublished":"2025-05-24T21:08:21+00:00","author":{"@id":"https:\/\/www.apres-lecole.fr\/Blog\/#\/schema\/person\/aeb50cd4b51fc69da155804bb5bb9fc4"},"description":"D\u00e9couvrez l'analyse de Laurence de Charette sur les notes scolaires. Cette r\u00e9flexion met en lumi\u00e8re pourquoi les \u00e9chelles de notation traditionnelles sont devenues obsol\u00e8tes pour \u00e9valuer les \u00e9l\u00e8ves, et propose des alternatives innovantes pour un apprentissage plus significatif. Plongez dans un d\u00e9bat crucial pour l'avenir de l'\u00e9ducation.","breadcrumb":{"@id":"https:\/\/www.apres-lecole.fr\/Blog\/notes-scolaires-obsolete\/#breadcrumb"},"inLanguage":"fr-FR","potentialAction":[{"@type":"ReadAction","target":["https:\/\/www.apres-lecole.fr\/Blog\/notes-scolaires-obsolete\/"]}]},{"@type":"BreadcrumbList","@id":"https:\/\/www.apres-lecole.fr\/Blog\/notes-scolaires-obsolete\/#breadcrumb","itemListElement":[{"@type":"ListItem","position":1,"name":"Home","item":"https:\/\/www.apres-lecole.fr\/Blog\/"},{"@type":"ListItem","position":2,"name":"Laurence de Charette : les notes scolaires, un outil obsol\u00e8te pour \u00e9valuer les \u00e9l\u00e8ves"}]},{"@type":"WebSite","@id":"https:\/\/www.apres-lecole.fr\/Blog\/#website","url":"https:\/\/www.apres-lecole.fr\/Blog\/","name":"","description":"M\u00e9dia g\u00e9n\u00e9raliste","potentialAction":[{"@type":"SearchAction","target":{"@type":"EntryPoint","urlTemplate":"https:\/\/www.apres-lecole.fr\/Blog\/?s={search_term_string}"},"query-input":{"@type":"PropertyValueSpecification","valueRequired":true,"valueName":"search_term_string"}}],"inLanguage":"fr-FR"},{"@type":"Person","@id":"https:\/\/www.apres-lecole.fr\/Blog\/#\/schema\/person\/aeb50cd4b51fc69da155804bb5bb9fc4","name":"Eva Martin","image":{"@type":"ImageObject","inLanguage":"fr-FR","@id":"https:\/\/secure.gravatar.com\/avatar\/55c53222558b27a72015a64073a80edce4abd33369394b9bf2c5cd6c19d12682?s=96&d=mm&r=g","url":"https:\/\/secure.gravatar.com\/avatar\/55c53222558b27a72015a64073a80edce4abd33369394b9bf2c5cd6c19d12682?s=96&d=mm&r=g","contentUrl":"https:\/\/secure.gravatar.com\/avatar\/55c53222558b27a72015a64073a80edce4abd33369394b9bf2c5cd6c19d12682?s=96&d=mm&r=g","caption":"Eva Martin"},"description":"Je parle de business et d'entrepreneuriat avec des conseils clairs, concrets et actionnables pour r\u00e9ussir","sameAs":["https:\/\/x.com\/Evaapresecole"],"url":"https:\/\/www.apres-lecole.fr\/Blog\/author\/evamartin\/"}]}},"views":7,"_links":{"self":[{"href":"https:\/\/www.apres-lecole.fr\/Blog\/wp-json\/wp\/v2\/posts\/1969","targetHints":{"allow":["GET"]}}],"collection":[{"href":"https:\/\/www.apres-lecole.fr\/Blog\/wp-json\/wp\/v2\/posts"}],"about":[{"href":"https:\/\/www.apres-lecole.fr\/Blog\/wp-json\/wp\/v2\/types\/post"}],"author":[{"embeddable":true,"href":"https:\/\/www.apres-lecole.fr\/Blog\/wp-json\/wp\/v2\/users\/9"}],"replies":[{"embeddable":true,"href":"https:\/\/www.apres-lecole.fr\/Blog\/wp-json\/wp\/v2\/comments?post=1969"}],"version-history":[{"count":0,"href":"https:\/\/www.apres-lecole.fr\/Blog\/wp-json\/wp\/v2\/posts\/1969\/revisions"}],"wp:attachment":[{"href":"https:\/\/www.apres-lecole.fr\/Blog\/wp-json\/wp\/v2\/media?parent=1969"}],"wp:term":[{"taxonomy":"category","embeddable":true,"href":"https:\/\/www.apres-lecole.fr\/Blog\/wp-json\/wp\/v2\/categories?post=1969"},{"taxonomy":"post_tag","embeddable":true,"href":"https:\/\/www.apres-lecole.fr\/Blog\/wp-json\/wp\/v2\/tags?post=1969"}],"curies":[{"name":"wp","href":"https:\/\/api.w.org\/{rel}","templated":true}]}}