{"id":1964,"date":"2025-05-22T07:28:24","date_gmt":"2025-05-22T07:28:24","guid":{"rendered":"https:\/\/www.apres-lecole.fr\/Blog\/palmares-ecoles-commerce-2025\/"},"modified":"2025-05-22T07:28:24","modified_gmt":"2025-05-22T07:28:24","slug":"palmares-ecoles-commerce-2025","status":"publish","type":"post","link":"https:\/\/www.apres-lecole.fr\/Blog\/palmares-ecoles-commerce-2025\/","title":{"rendered":"les \u00e9coles de commerce \u00e0 l&rsquo;honneur : d\u00e9couvrez le palmar\u00e8s 2025 du Parisien Etudiant"},"content":{"rendered":"\n\n<div class=\"kk-star-ratings kksr-auto kksr-align-left kksr-valign-top\"\n    data-payload='{&quot;align&quot;:&quot;left&quot;,&quot;id&quot;:&quot;1964&quot;,&quot;slug&quot;:&quot;default&quot;,&quot;valign&quot;:&quot;top&quot;,&quot;ignore&quot;:&quot;&quot;,&quot;reference&quot;:&quot;auto&quot;,&quot;class&quot;:&quot;&quot;,&quot;count&quot;:&quot;0&quot;,&quot;legendonly&quot;:&quot;&quot;,&quot;readonly&quot;:&quot;&quot;,&quot;score&quot;:&quot;0&quot;,&quot;starsonly&quot;:&quot;&quot;,&quot;best&quot;:&quot;5&quot;,&quot;gap&quot;:&quot;5&quot;,&quot;greet&quot;:&quot;Rate this post&quot;,&quot;legend&quot;:&quot;0\\\/5 - (0 vote)&quot;,&quot;size&quot;:&quot;24&quot;,&quot;title&quot;:&quot;les \u00e9coles de commerce \u00e0 l\\u0026#039;honneur : d\u00e9couvrez le palmar\u00e8s 2025 du Parisien Etudiant&quot;,&quot;width&quot;:&quot;0&quot;,&quot;_legend&quot;:&quot;{score}\\\/{best} - ({count} {votes})&quot;,&quot;font_factor&quot;:&quot;1.25&quot;}'>\n            \n<div class=\"kksr-stars\">\n    \n<div class=\"kksr-stars-inactive\">\n            <div class=\"kksr-star\" data-star=\"1\" style=\"padding-right: 5px\">\n            \n\n<div class=\"kksr-icon\" style=\"width: 24px; height: 24px;\"><\/div>\n        <\/div>\n            <div class=\"kksr-star\" data-star=\"2\" style=\"padding-right: 5px\">\n            \n\n<div class=\"kksr-icon\" style=\"width: 24px; height: 24px;\"><\/div>\n        <\/div>\n            <div class=\"kksr-star\" data-star=\"3\" style=\"padding-right: 5px\">\n            \n\n<div class=\"kksr-icon\" style=\"width: 24px; height: 24px;\"><\/div>\n        <\/div>\n            <div class=\"kksr-star\" data-star=\"4\" style=\"padding-right: 5px\">\n            \n\n<div class=\"kksr-icon\" style=\"width: 24px; height: 24px;\"><\/div>\n        <\/div>\n            <div class=\"kksr-star\" data-star=\"5\" style=\"padding-right: 5px\">\n            \n\n<div class=\"kksr-icon\" style=\"width: 24px; height: 24px;\"><\/div>\n        <\/div>\n    <\/div>\n    \n<div class=\"kksr-stars-active\" style=\"width: 0px;\">\n            <div class=\"kksr-star\" style=\"padding-right: 5px\">\n            \n\n<div class=\"kksr-icon\" style=\"width: 24px; height: 24px;\"><\/div>\n        <\/div>\n            <div class=\"kksr-star\" style=\"padding-right: 5px\">\n            \n\n<div class=\"kksr-icon\" style=\"width: 24px; height: 24px;\"><\/div>\n        <\/div>\n            <div class=\"kksr-star\" style=\"padding-right: 5px\">\n            \n\n<div class=\"kksr-icon\" style=\"width: 24px; height: 24px;\"><\/div>\n        <\/div>\n            <div class=\"kksr-star\" style=\"padding-right: 5px\">\n            \n\n<div class=\"kksr-icon\" style=\"width: 24px; height: 24px;\"><\/div>\n        <\/div>\n            <div class=\"kksr-star\" style=\"padding-right: 5px\">\n            \n\n<div class=\"kksr-icon\" style=\"width: 24px; height: 24px;\"><\/div>\n        <\/div>\n    <\/div>\n<\/div>\n                \n\n<div class=\"kksr-legend\" style=\"font-size: 19.2px;\">\n            <span class=\"kksr-muted\">Rate this post<\/span>\n    <\/div>\n    <\/div>\n<p>Dans le paysage \u00e9ducatif fran\u00e7ais, les \u00e9coles de commerce dominent avec des offres de programmes qui ne cessent d\u2019\u00e9voluer. Chaque ann\u00e9e, le Parisien Etudiant d\u00e9voile un palmar\u00e8s qui fait sensation. Avec un classement qui prend en compte divers crit\u00e8res comme les taux d\u2019emploi, l\u2019innovation p\u00e9dagogique et la qualit\u00e9 des infrastructures, ce palmar\u00e8s est devenu une v\u00e9ritable r\u00e9f\u00e9rence pour les \u00e9tudiants en qu\u00eate de leur future \u00e9cole. En 2025, plusieurs \u00e9tablissements se sont distingu\u00e9s, marquant ainsi une nouvelle \u00e9tape dans l&rsquo;excellence fran\u00e7aise.<\/p>\n\n<h2 class=\"wp-block-heading\">Classement des meilleures \u00e9coles de commerce post-pr\u00e9pa<\/h2>\n\n<p>En t\u00eate des \u00e9coles propos\u00e9es apr\u00e8s les classes pr\u00e9paratoires, <strong>HEC Paris<\/strong> continue d&rsquo;affirmer son leadership. Cette institution embl\u00e9matique est suivie de pr\u00e8s par l&rsquo;<strong>ESSEC<\/strong> et l&rsquo;<strong>ESCP<\/strong>, qui, cette ann\u00e9e, se retrouvent ex \u00e6quo \u00e0 la deuxi\u00e8me place. Ces derni\u00e8res, toujours en qu\u00eate d&rsquo;innovation et d&rsquo;am\u00e9lioration, ont pour objectif de grandir de mani\u00e8re exponentielle, comme l&rsquo;indique le plan strat\u00e9gique de l&rsquo;ESSEC, pr\u00e9voyant une augmentation de 50 % de ses capacit\u00e9s d&rsquo;ici 2028.<\/p>\n\n<p>Voici quelques d\u00e9tails suppl\u00e9mentaires sur le palmar\u00e8s des \u00e9coles post-pr\u00e9pa :<\/p>\n\n<figure class=\"wp-block-table\"><table>\n<thead>\n<tr>\n<th><strong>Pos.<\/strong><\/th>\n<th><strong>\u00c9tablissement<\/strong><\/th>\n<th><strong>Crit\u00e8res cl\u00e9s<\/strong><\/th>\n<\/tr>\n<\/thead>\n<tbody>\n<tr>\n<td>1<\/td>\n<td><strong>HEC Paris<\/strong><\/td>\n<td>Leadership et r\u00e9putation<\/td>\n<\/tr>\n<tr>\n<td>2<\/td>\n<td><strong>ESSEC<\/strong><\/td>\n<td>Innovation p\u00e9dagogique<\/td>\n<\/tr>\n<tr>\n<td>2<\/td>\n<td><strong>ESCP<\/strong><\/td>\n<td>Qualit\u00e9 des infrastructures<\/td>\n<\/tr>\n<tr>\n<td>4<\/td>\n<td><strong>EDHEC<\/strong><\/td>\n<td>D\u00e9veloppement international<\/td>\n<\/tr>\n<tr>\n<td>5<\/td>\n<td><strong>EM Lyon<\/strong><\/td>\n<td>Modernisation des campus<\/td>\n<\/tr>\n<\/tbody>\n<\/table><\/figure>\n\n<p>Les \u00e9coles telles que l&rsquo;<strong>EDHEC<\/strong> et l&rsquo;<strong>EM Lyon<\/strong> cherchent \u00e9galement \u00e0 s&rsquo;impl\u00e9menter \u00e0 la pointe des nouvelles m\u00e9thodes d&rsquo;enseignement, avec des investissements majeurs dans leurs infrastructures. Une attention particuli\u00e8re est port\u00e9e \u00e0 l&rsquo;exp\u00e9rience \u00e9tudiante, construisant une offre toujours plus attractive pour les futurs candidats.<\/p>\n\n<h3 class=\"wp-block-heading\">Strat\u00e9gies de d\u00e9veloppement des \u00e9coles de commerce<\/h3>\n\n<p>Pour rester comp\u00e9titives, les \u00e9coles de commerce d\u00e9ploient des projets ambitieux. Tout d&rsquo;abord, le d\u00e9veloppement d&rsquo;infrastructures modernes joue un r\u00f4le crucial. Par exemple, l&rsquo;<strong>ESCP<\/strong> a investi plus de 300 millions d\u2019euros dans son infrastructure, tandis que l&rsquo;<strong>EDHEC<\/strong> songe \u00e9galement \u00e0 un projet de 270 millions d\u2019euros pour \u00e9tendre son campus \u00e0 Nice.<\/p>\n\n<ul class=\"wp-block-list\"><li>\ud83d\udcbc <strong>Modernisation des \u00e9coles :<\/strong> Investissements massifs dans les locaux et \u00e9quipements.<\/li><li>\ud83d\udcc8 <strong>Partenariats strat\u00e9giques :<\/strong> Collaborations avec des entreprises innovantes pour renforcer l&#8217;employabilit\u00e9 des dipl\u00f4m\u00e9s.<\/li><li>\ud83c\udf0d <strong>Ouverture internationale :<\/strong> Nouveaux programmes d&rsquo;\u00e9changes et doubles dipl\u00f4mes.<\/li><\/ul>\n\n<p>Par ailleurs, la recherche de partenariats avec des entreprises du secteur technologique, comme ceux sign\u00e9s par <strong>NEOMA Business School<\/strong> avec des acteurs majeurs de l&rsquo;IA, am\u00e9liore les cursus propos\u00e9s et r\u00e9pond aux enjeux contemporains du march\u00e9 de l&#8217;emploi. <\/p>\n\n<h2 class=\"wp-block-heading\">Le classement des \u00e9coles de commerce post-bac<\/h2>\n\n<p>Du c\u00f4t\u00e9 des programmes accessibles apr\u00e8s le baccalaur\u00e9at, l&rsquo;<strong>ESSCA<\/strong> et l&rsquo;<strong>I\u00c9SEG<\/strong> se partagent la premi\u00e8re place cette ann\u00e9e. Ces \u00e9coles, qui affichent des projets de d\u00e9veloppement ambitieux, veulent s&rsquo;affirmer sur le march\u00e9. Leurs programmes int\u00e8grent des \u00e9l\u00e9ments innovants, alliant th\u00e9orie et pratique.<\/p>\n\n<p>Examinons quelques aspects essentiels qui font de ces \u00e9coles des candidats de choix :<\/p>\n\n<figure class=\"wp-block-table\"><table>\n<thead>\n<tr>\n<th><strong>\u00c9cole<\/strong><\/th>\n<th><strong>Points forts<\/strong><\/th>\n<\/tr>\n<\/thead>\n<tbody>\n<tr>\n<td><strong>ESSCA<\/strong><\/td>\n<td>Nouveau campus en d\u00e9veloppement, forte croissance des budgets<\/td>\n<\/tr>\n<tr>\n<td><strong>I\u00c9SEG<\/strong><\/td>\n<td>Innovations p\u00e9dagogiques et implication de l&rsquo;industrie<\/td>\n<\/tr>\n<tr>\n<td><strong>EM Normandie<\/strong><\/td>\n<td>Nouveau leadership f\u00e9minin et projets transform\u00e9s<\/td>\n<\/tr>\n<tr>\n<td><strong>eklo<\/strong><\/td>\n<td>Format original de formation, entr\u00e9e r\u00e9cente dans le classement<\/td>\n<\/tr>\n<\/tbody>\n<\/table><\/figure>\n\n<p>L&rsquo;essor des \u00e9coles post-bac refl\u00e8te un changement dans les mentalit\u00e9s et une volont\u00e9 de f\u00e9miniser les \u00e9quipes dirigeantes. Avec l&rsquo;arriv\u00e9e d&rsquo;Anne-Sophie Courtier \u00e0 la t\u00eate de l&rsquo;<strong>EM Normandie<\/strong>, on note une dynamique qui pourrait acc\u00e9l\u00e9rer les transformations tant attendues.<\/p>\n\n<h3 class=\"wp-block-heading\">Les d\u00e9fis des \u00e9coles de commerce<\/h3>\n\n<p>Dans un paysage en constante \u00e9volution, les d\u00e9fis auxquels ces \u00e9tablissements font face sont vari\u00e9s et complexes. Les \u00e9coles ne sont pas seulement en comp\u00e9tition les unes contre les autres, mais doivent aussi se g\u00e9rer face \u00e0 la mont\u00e9e de formations alternatives, comme les MOOCs ou les certifications professionnelles. En outre, elles doivent s&rsquo;adapter aux attentes d&rsquo;une g\u00e9n\u00e9ration d&rsquo;\u00e9tudiants de plus en plus demandeurs de formations adapt\u00e9es aux r\u00e9alit\u00e9s du march\u00e9.<\/p>\n\n<ul class=\"wp-block-list\"><li>\ud83d\udd0d <strong>Adaptation aux besoins du march\u00e9 :<\/strong> L&rsquo;importance de l&#8217;employabilit\u00e9 dans les cursus propos\u00e9s.<\/li><li>\ud83e\udd1d <strong>Partenariats avec l&rsquo;industrie :<\/strong> Cr\u00e9er des liens solides avec des acteurs professionnels pour des stages et des recrutements.<\/li><li>\ud83d\udcca <strong>Formation continue :<\/strong> Proposer des programmes qui incluent des formations pour les professionnels en reconversion.<\/li><\/ul>\n\n<p>En mettant l&rsquo;accent sur l&rsquo;exp\u00e9rience \u00e9tudiante et l&rsquo;internationalisation, ces \u00e9coles se positionnent comme des acteurs incontournables, tout en affrontant la concurrence des autres formations qui se diversifient.<\/p>\n\n<h2 class=\"wp-block-heading\">M\u00e9thodologie de classement des \u00e9coles de commerce<\/h2>\n\n<p>Le palmar\u00e8s du Parisien est \u00e9labor\u00e9 selon une m\u00e9thodologie rigoureuse. En s&rsquo;appuyant sur un questionnaire envoy\u00e9 aux \u00e9coles, de nombreux param\u00e8tres sont pris en compte. Voici les \u00e9l\u00e9ments principaux qui d\u00e9finissent le classement :<\/p>\n\n<ul class=\"wp-block-list\"><li>\ud83d\udcdc <strong>Labels :<\/strong> \u00c9valuation des accr\u00e9ditations nationales et internationales.<\/li><li>\ud83d\udcb0 <strong>Budget :<\/strong> Analyse des budgets par \u00e9tudiant et des cr\u00e9neaux de croissance financi\u00e8re.<\/li><li>\ud83d\udc69\u200d\ud83c\udfeb <strong>Corps professoral :<\/strong> Proportion de professeurs chercheurs et internationalis\u00e9s.<\/li><li>\ud83c\udf0d <strong>Internationalisation :<\/strong> Taux d&rsquo;\u00e9tudiants partis en \u00e9changes \u00e0 l&rsquo;\u00e9tranger.<\/li><li>\ud83d\udcc8 <strong>Insertion professionnelle :<\/strong> Taux d&#8217;emploi et d&rsquo;\u00e9volution salariale des dipl\u00f4m\u00e9s.<\/li><\/ul>\n\n<p>Ce cadre m\u00e9thodologique permet non seulement de hi\u00e9rarchiser les \u00e9coles selon leur performance, mais aussi d&rsquo;assurer une comparaison juste et transparente pour les \u00e9tudiants potentiels. Chaque ann\u00e9e, cette d\u00e9marche rehausse le niveau de l&rsquo;\u00e9ducation commerciale en France.<\/p>\n\n<h2 class=\"wp-block-heading\">Les tendances du classement 2025 et leur impact<\/h2>\n\n<p>Chaque ann\u00e9e, des tendances \u00e9mergent au sein des classements, offrant un aper\u00e7u de l&rsquo;\u00e9volution des \u00e9coles de commerce. En 2025, certains joueurs historiques confront\u00e9s \u00e0 des d\u00e9fis financiers et structurels voient leur position s&rsquo;affaiblir, tandis que de nouveaux entrants affichent des ambitions audacieuses. Cela g\u00e9n\u00e8re une dynamique de comp\u00e9tition positive o\u00f9 chacun doit s&rsquo;am\u00e9liorer pour s\u00e9duire les futurs \u00e9tudiants.<\/p>\n\n<p>Les \u00e9coles comme <strong>Grenoble \u00c9cole de Management<\/strong>, qui a gagn\u00e9 deux places cette ann\u00e9e, montrent que des strat\u00e9gies bien pens\u00e9es et des ambitions claires port\u00e9es par une direction dynamique peuvent largement porter leurs fruits. En parall\u00e8le, des instituts comme <strong>KEDGE Business School<\/strong> et <strong>Toulouse Business School<\/strong> restent dans la course gr\u00e2ce \u00e0 des choix judicieux et des objectifs affich\u00e9s.<\/p>\n\n<ul class=\"wp-block-list\"><li>\ud83c\udf31 <strong>Investissements cibl\u00e9s :<\/strong> Pour am\u00e9liorer l&rsquo;infrastructure et l&rsquo;exp\u00e9rience d&rsquo;apprentissage.<\/li><li>\ud83d\udcca <strong>Strat\u00e9gies de marque :<\/strong> Tactiques de communication pour s\u00e9duire la bonne audience.<\/li><li>\ud83d\udde3\ufe0f <strong>Engagement \u00e9tudiant :<\/strong> Favoriser une forte culture \u00e9tudiante au sein des campus.<\/li><\/ul>\n\n<p>En rendant leurs structures plus attractives et adapt\u00e9es aux besoins du march\u00e9, ces \u00e9coles de commerce cr\u00e9ent des opportunit\u00e9s qui fa\u00e7onneront la g\u00e9n\u00e9ration future de leaders.<\/p>\n\n<h2 class=\"wp-block-heading\">FAQ sur les \u00e9coles de commerce et le classement 2025<\/h2>\n\n<p><strong>1. Qu&rsquo;est-ce qui est pris en compte dans le classement des \u00e9coles de commerce en 2025 ?<\/strong><\/p>\n\n<p>Le classement tient compte de nombreux crit\u00e8res, notamment les accr\u00e9ditations, l&rsquo;insertion professionnelle des dipl\u00f4m\u00e9s, l&rsquo;internationalisation et la qualit\u00e9 du corps professoral.<\/p>\n\n<p><strong>2. Pourquoi certaines \u00e9coles de commerce perdent-elles des places dans le classement ?<\/strong><\/p>\n\n<p>Des raisons financi\u00e8res, des strat\u00e9gies \u00e9ducatives mal adapt\u00e9es ou des choix d&rsquo;infrastructure inappropri\u00e9s peuvent mener \u00e0 une baisse de position dans le classement.<\/p>\n\n<p><strong>3. Quels sont les avantages d&rsquo;\u00e9tudier dans une grande \u00e9cole de commerce ?<\/strong><\/p>\n\n<p>Un dipl\u00f4me d&rsquo;une grande \u00e9cole de commerce ouvre des portes vers des carri\u00e8res r\u00e9ussies, b\u00e9n\u00e9ficie d&rsquo;un r\u00e9seau professionnel solide et permet d&rsquo;acc\u00e9der \u00e0 divers opportunit\u00e9s internationales.<\/p>\n\n<p><strong>4. Comment choisir la bonne \u00e9cole de commerce ?<\/strong><\/p>\n\n<p>Il est essentiel de se concentrer sur les sp\u00e9cialit\u00e9s propos\u00e9es, l&#8217;emplacement, le corps professoral et surtout l&rsquo;insertion professionnelle apr\u00e8s l&rsquo;obtention du dipl\u00f4me.<\/p>\n\n<p><strong>5. Quels sont les futurs d\u00e9fis des \u00e9coles de commerce ?<\/strong><\/p>\n\n<p>Les \u00e9tablissements doivent faire face \u00e0 une concurrence accrue, \u00e0 la digitalisation des cours et aux attentes croissantes des \u00e9tudiants sur la qualit\u00e9 et le contenu des programmes.<\/p>\n\n","protected":false},"excerpt":{"rendered":"<p>Dans le paysage \u00e9ducatif fran\u00e7ais, les \u00e9coles de commerce dominent avec des offres de programmes qui ne cessent d\u2019\u00e9voluer. Chaque ann\u00e9e, le Parisien Etudiant d\u00e9voile un palmar\u00e8s qui fait sensation. Avec un classement qui prend en compte divers crit\u00e8res comme les taux d\u2019emploi, l\u2019innovation p\u00e9dagogique et la qualit\u00e9 des infrastructures, ce palmar\u00e8s est devenu une &#8230; <a title=\"les \u00e9coles de commerce \u00e0 l&rsquo;honneur : d\u00e9couvrez le palmar\u00e8s 2025 du Parisien Etudiant\" class=\"read-more\" href=\"https:\/\/www.apres-lecole.fr\/Blog\/palmares-ecoles-commerce-2025\/\" aria-label=\"En savoir plus sur les \u00e9coles de commerce \u00e0 l&rsquo;honneur : d\u00e9couvrez le palmar\u00e8s 2025 du Parisien Etudiant\">Lire plus<\/a><\/p>\n","protected":false},"author":9,"featured_media":0,"comment_status":"open","ping_status":"open","sticky":false,"template":"","format":"standard","meta":{"footnotes":""},"categories":[342],"tags":[685,927,928,925,926],"class_list":["post-1964","post","type-post","status-publish","format-standard","hentry","category-actualites","tag-ecoles-de-commerce","tag-enseignement-superieur","tag-formation-professionnelle","tag-palmares-2025","tag-parisien-etudiant"],"yoast_head":"<!-- This site is optimized with the Yoast SEO plugin v27.5 - https:\/\/yoast.com\/product\/yoast-seo-wordpress\/ -->\n<title>Les \u00e9coles de commerce r\u00e9v\u00e9l\u00e9es : le palmar\u00e8s 2025 du Parisien Etudiant<\/title>\n<meta name=\"description\" content=\"D\u00e9couvrez notre palmar\u00e8s 2025 des \u00e9coles de commerce, mis en lumi\u00e8re par le Parisien Etudiant. Classements, crit\u00e8res de s\u00e9lection et meilleures formations pour orienter votre choix vers l&#039;excellence acad\u00e9mique et professionnelle. Informez-vous sur les \u00e9coles qui se d\u00e9marquent et leurs atouts pour r\u00e9ussir dans le monde du business.\" \/>\n<meta name=\"robots\" content=\"index, follow, max-snippet:-1, max-image-preview:large, max-video-preview:-1\" \/>\n<link rel=\"canonical\" href=\"https:\/\/www.apres-lecole.fr\/Blog\/palmares-ecoles-commerce-2025\/\" \/>\n<meta property=\"og:locale\" content=\"fr_FR\" \/>\n<meta property=\"og:type\" content=\"article\" \/>\n<meta property=\"og:title\" content=\"Les \u00e9coles de commerce r\u00e9v\u00e9l\u00e9es : le palmar\u00e8s 2025 du Parisien Etudiant\" \/>\n<meta property=\"og:description\" content=\"D\u00e9couvrez notre palmar\u00e8s 2025 des \u00e9coles de commerce, mis en lumi\u00e8re par le Parisien Etudiant. Classements, crit\u00e8res de s\u00e9lection et meilleures formations pour orienter votre choix vers l&#039;excellence acad\u00e9mique et professionnelle. Informez-vous sur les \u00e9coles qui se d\u00e9marquent et leurs atouts pour r\u00e9ussir dans le monde du business.\" \/>\n<meta property=\"og:url\" content=\"https:\/\/www.apres-lecole.fr\/Blog\/palmares-ecoles-commerce-2025\/\" \/>\n<meta property=\"article:published_time\" content=\"2025-05-22T07:28:24+00:00\" \/>\n<meta name=\"author\" content=\"Eva Martin\" \/>\n<meta name=\"twitter:card\" content=\"summary_large_image\" \/>\n<meta name=\"twitter:creator\" content=\"@Evaapresecole\" \/>\n<meta name=\"twitter:label1\" content=\"\u00c9crit par\" \/>\n\t<meta name=\"twitter:data1\" content=\"Eva Martin\" \/>\n\t<meta name=\"twitter:label2\" content=\"Dur\u00e9e de lecture estim\u00e9e\" \/>\n\t<meta name=\"twitter:data2\" content=\"6 minutes\" \/>\n<script type=\"application\/ld+json\" class=\"yoast-schema-graph\">{\"@context\":\"https:\\\/\\\/schema.org\",\"@graph\":[{\"@type\":\"Article\",\"@id\":\"https:\\\/\\\/www.apres-lecole.fr\\\/Blog\\\/palmares-ecoles-commerce-2025\\\/#article\",\"isPartOf\":{\"@id\":\"https:\\\/\\\/www.apres-lecole.fr\\\/Blog\\\/palmares-ecoles-commerce-2025\\\/\"},\"author\":{\"name\":\"Eva Martin\",\"@id\":\"https:\\\/\\\/www.apres-lecole.fr\\\/Blog\\\/#\\\/schema\\\/person\\\/aeb50cd4b51fc69da155804bb5bb9fc4\"},\"headline\":\"les \u00e9coles de commerce \u00e0 l&rsquo;honneur : d\u00e9couvrez le palmar\u00e8s 2025 du Parisien Etudiant\",\"datePublished\":\"2025-05-22T07:28:24+00:00\",\"mainEntityOfPage\":{\"@id\":\"https:\\\/\\\/www.apres-lecole.fr\\\/Blog\\\/palmares-ecoles-commerce-2025\\\/\"},\"wordCount\":1352,\"commentCount\":0,\"keywords\":[\"\u00e9coles de commerce\",\"enseignement sup\u00e9rieur\",\"formation professionnelle\",\"palmar\u00e8s 2025\",\"parisien etudiant\"],\"articleSection\":[\"Actualit\u00e9s\"],\"inLanguage\":\"fr-FR\",\"potentialAction\":[{\"@type\":\"CommentAction\",\"name\":\"Comment\",\"target\":[\"https:\\\/\\\/www.apres-lecole.fr\\\/Blog\\\/palmares-ecoles-commerce-2025\\\/#respond\"]}]},{\"@type\":\"WebPage\",\"@id\":\"https:\\\/\\\/www.apres-lecole.fr\\\/Blog\\\/palmares-ecoles-commerce-2025\\\/\",\"url\":\"https:\\\/\\\/www.apres-lecole.fr\\\/Blog\\\/palmares-ecoles-commerce-2025\\\/\",\"name\":\"Les \u00e9coles de commerce r\u00e9v\u00e9l\u00e9es : le palmar\u00e8s 2025 du Parisien Etudiant\",\"isPartOf\":{\"@id\":\"https:\\\/\\\/www.apres-lecole.fr\\\/Blog\\\/#website\"},\"datePublished\":\"2025-05-22T07:28:24+00:00\",\"author\":{\"@id\":\"https:\\\/\\\/www.apres-lecole.fr\\\/Blog\\\/#\\\/schema\\\/person\\\/aeb50cd4b51fc69da155804bb5bb9fc4\"},\"description\":\"D\u00e9couvrez notre palmar\u00e8s 2025 des \u00e9coles de commerce, mis en lumi\u00e8re par le Parisien Etudiant. Classements, crit\u00e8res de s\u00e9lection et meilleures formations pour orienter votre choix vers l'excellence acad\u00e9mique et professionnelle. Informez-vous sur les \u00e9coles qui se d\u00e9marquent et leurs atouts pour r\u00e9ussir dans le monde du business.\",\"breadcrumb\":{\"@id\":\"https:\\\/\\\/www.apres-lecole.fr\\\/Blog\\\/palmares-ecoles-commerce-2025\\\/#breadcrumb\"},\"inLanguage\":\"fr-FR\",\"potentialAction\":[{\"@type\":\"ReadAction\",\"target\":[\"https:\\\/\\\/www.apres-lecole.fr\\\/Blog\\\/palmares-ecoles-commerce-2025\\\/\"]}]},{\"@type\":\"BreadcrumbList\",\"@id\":\"https:\\\/\\\/www.apres-lecole.fr\\\/Blog\\\/palmares-ecoles-commerce-2025\\\/#breadcrumb\",\"itemListElement\":[{\"@type\":\"ListItem\",\"position\":1,\"name\":\"Home\",\"item\":\"https:\\\/\\\/www.apres-lecole.fr\\\/Blog\\\/\"},{\"@type\":\"ListItem\",\"position\":2,\"name\":\"les \u00e9coles de commerce \u00e0 l&rsquo;honneur : d\u00e9couvrez le palmar\u00e8s 2025 du Parisien Etudiant\"}]},{\"@type\":\"WebSite\",\"@id\":\"https:\\\/\\\/www.apres-lecole.fr\\\/Blog\\\/#website\",\"url\":\"https:\\\/\\\/www.apres-lecole.fr\\\/Blog\\\/\",\"name\":\"\",\"description\":\"M\u00e9dia g\u00e9n\u00e9raliste\",\"potentialAction\":[{\"@type\":\"SearchAction\",\"target\":{\"@type\":\"EntryPoint\",\"urlTemplate\":\"https:\\\/\\\/www.apres-lecole.fr\\\/Blog\\\/?s={search_term_string}\"},\"query-input\":{\"@type\":\"PropertyValueSpecification\",\"valueRequired\":true,\"valueName\":\"search_term_string\"}}],\"inLanguage\":\"fr-FR\"},{\"@type\":\"Person\",\"@id\":\"https:\\\/\\\/www.apres-lecole.fr\\\/Blog\\\/#\\\/schema\\\/person\\\/aeb50cd4b51fc69da155804bb5bb9fc4\",\"name\":\"Eva Martin\",\"image\":{\"@type\":\"ImageObject\",\"inLanguage\":\"fr-FR\",\"@id\":\"https:\\\/\\\/secure.gravatar.com\\\/avatar\\\/55c53222558b27a72015a64073a80edce4abd33369394b9bf2c5cd6c19d12682?s=96&d=mm&r=g\",\"url\":\"https:\\\/\\\/secure.gravatar.com\\\/avatar\\\/55c53222558b27a72015a64073a80edce4abd33369394b9bf2c5cd6c19d12682?s=96&d=mm&r=g\",\"contentUrl\":\"https:\\\/\\\/secure.gravatar.com\\\/avatar\\\/55c53222558b27a72015a64073a80edce4abd33369394b9bf2c5cd6c19d12682?s=96&d=mm&r=g\",\"caption\":\"Eva Martin\"},\"description\":\"Je parle de business et d'entrepreneuriat avec des conseils clairs, concrets et actionnables pour r\u00e9ussir\",\"sameAs\":[\"https:\\\/\\\/x.com\\\/Evaapresecole\"],\"url\":\"https:\\\/\\\/www.apres-lecole.fr\\\/Blog\\\/author\\\/evamartin\\\/\"}]}<\/script>\n<!-- \/ Yoast SEO plugin. -->","yoast_head_json":{"title":"Les \u00e9coles de commerce r\u00e9v\u00e9l\u00e9es : le palmar\u00e8s 2025 du Parisien Etudiant","description":"D\u00e9couvrez notre palmar\u00e8s 2025 des \u00e9coles de commerce, mis en lumi\u00e8re par le Parisien Etudiant. Classements, crit\u00e8res de s\u00e9lection et meilleures formations pour orienter votre choix vers l'excellence acad\u00e9mique et professionnelle. Informez-vous sur les \u00e9coles qui se d\u00e9marquent et leurs atouts pour r\u00e9ussir dans le monde du business.","robots":{"index":"index","follow":"follow","max-snippet":"max-snippet:-1","max-image-preview":"max-image-preview:large","max-video-preview":"max-video-preview:-1"},"canonical":"https:\/\/www.apres-lecole.fr\/Blog\/palmares-ecoles-commerce-2025\/","og_locale":"fr_FR","og_type":"article","og_title":"Les \u00e9coles de commerce r\u00e9v\u00e9l\u00e9es : le palmar\u00e8s 2025 du Parisien Etudiant","og_description":"D\u00e9couvrez notre palmar\u00e8s 2025 des \u00e9coles de commerce, mis en lumi\u00e8re par le Parisien Etudiant. Classements, crit\u00e8res de s\u00e9lection et meilleures formations pour orienter votre choix vers l'excellence acad\u00e9mique et professionnelle. Informez-vous sur les \u00e9coles qui se d\u00e9marquent et leurs atouts pour r\u00e9ussir dans le monde du business.","og_url":"https:\/\/www.apres-lecole.fr\/Blog\/palmares-ecoles-commerce-2025\/","article_published_time":"2025-05-22T07:28:24+00:00","author":"Eva Martin","twitter_card":"summary_large_image","twitter_creator":"@Evaapresecole","twitter_misc":{"\u00c9crit par":"Eva Martin","Dur\u00e9e de lecture estim\u00e9e":"6 minutes"},"schema":{"@context":"https:\/\/schema.org","@graph":[{"@type":"Article","@id":"https:\/\/www.apres-lecole.fr\/Blog\/palmares-ecoles-commerce-2025\/#article","isPartOf":{"@id":"https:\/\/www.apres-lecole.fr\/Blog\/palmares-ecoles-commerce-2025\/"},"author":{"name":"Eva Martin","@id":"https:\/\/www.apres-lecole.fr\/Blog\/#\/schema\/person\/aeb50cd4b51fc69da155804bb5bb9fc4"},"headline":"les \u00e9coles de commerce \u00e0 l&rsquo;honneur : d\u00e9couvrez le palmar\u00e8s 2025 du Parisien Etudiant","datePublished":"2025-05-22T07:28:24+00:00","mainEntityOfPage":{"@id":"https:\/\/www.apres-lecole.fr\/Blog\/palmares-ecoles-commerce-2025\/"},"wordCount":1352,"commentCount":0,"keywords":["\u00e9coles de commerce","enseignement sup\u00e9rieur","formation professionnelle","palmar\u00e8s 2025","parisien etudiant"],"articleSection":["Actualit\u00e9s"],"inLanguage":"fr-FR","potentialAction":[{"@type":"CommentAction","name":"Comment","target":["https:\/\/www.apres-lecole.fr\/Blog\/palmares-ecoles-commerce-2025\/#respond"]}]},{"@type":"WebPage","@id":"https:\/\/www.apres-lecole.fr\/Blog\/palmares-ecoles-commerce-2025\/","url":"https:\/\/www.apres-lecole.fr\/Blog\/palmares-ecoles-commerce-2025\/","name":"Les \u00e9coles de commerce r\u00e9v\u00e9l\u00e9es : le palmar\u00e8s 2025 du Parisien Etudiant","isPartOf":{"@id":"https:\/\/www.apres-lecole.fr\/Blog\/#website"},"datePublished":"2025-05-22T07:28:24+00:00","author":{"@id":"https:\/\/www.apres-lecole.fr\/Blog\/#\/schema\/person\/aeb50cd4b51fc69da155804bb5bb9fc4"},"description":"D\u00e9couvrez notre palmar\u00e8s 2025 des \u00e9coles de commerce, mis en lumi\u00e8re par le Parisien Etudiant. Classements, crit\u00e8res de s\u00e9lection et meilleures formations pour orienter votre choix vers l'excellence acad\u00e9mique et professionnelle. Informez-vous sur les \u00e9coles qui se d\u00e9marquent et leurs atouts pour r\u00e9ussir dans le monde du business.","breadcrumb":{"@id":"https:\/\/www.apres-lecole.fr\/Blog\/palmares-ecoles-commerce-2025\/#breadcrumb"},"inLanguage":"fr-FR","potentialAction":[{"@type":"ReadAction","target":["https:\/\/www.apres-lecole.fr\/Blog\/palmares-ecoles-commerce-2025\/"]}]},{"@type":"BreadcrumbList","@id":"https:\/\/www.apres-lecole.fr\/Blog\/palmares-ecoles-commerce-2025\/#breadcrumb","itemListElement":[{"@type":"ListItem","position":1,"name":"Home","item":"https:\/\/www.apres-lecole.fr\/Blog\/"},{"@type":"ListItem","position":2,"name":"les \u00e9coles de commerce \u00e0 l&rsquo;honneur : d\u00e9couvrez le palmar\u00e8s 2025 du Parisien Etudiant"}]},{"@type":"WebSite","@id":"https:\/\/www.apres-lecole.fr\/Blog\/#website","url":"https:\/\/www.apres-lecole.fr\/Blog\/","name":"","description":"M\u00e9dia g\u00e9n\u00e9raliste","potentialAction":[{"@type":"SearchAction","target":{"@type":"EntryPoint","urlTemplate":"https:\/\/www.apres-lecole.fr\/Blog\/?s={search_term_string}"},"query-input":{"@type":"PropertyValueSpecification","valueRequired":true,"valueName":"search_term_string"}}],"inLanguage":"fr-FR"},{"@type":"Person","@id":"https:\/\/www.apres-lecole.fr\/Blog\/#\/schema\/person\/aeb50cd4b51fc69da155804bb5bb9fc4","name":"Eva Martin","image":{"@type":"ImageObject","inLanguage":"fr-FR","@id":"https:\/\/secure.gravatar.com\/avatar\/55c53222558b27a72015a64073a80edce4abd33369394b9bf2c5cd6c19d12682?s=96&d=mm&r=g","url":"https:\/\/secure.gravatar.com\/avatar\/55c53222558b27a72015a64073a80edce4abd33369394b9bf2c5cd6c19d12682?s=96&d=mm&r=g","contentUrl":"https:\/\/secure.gravatar.com\/avatar\/55c53222558b27a72015a64073a80edce4abd33369394b9bf2c5cd6c19d12682?s=96&d=mm&r=g","caption":"Eva Martin"},"description":"Je parle de business et d'entrepreneuriat avec des conseils clairs, concrets et actionnables pour r\u00e9ussir","sameAs":["https:\/\/x.com\/Evaapresecole"],"url":"https:\/\/www.apres-lecole.fr\/Blog\/author\/evamartin\/"}]}},"views":39,"_links":{"self":[{"href":"https:\/\/www.apres-lecole.fr\/Blog\/wp-json\/wp\/v2\/posts\/1964","targetHints":{"allow":["GET"]}}],"collection":[{"href":"https:\/\/www.apres-lecole.fr\/Blog\/wp-json\/wp\/v2\/posts"}],"about":[{"href":"https:\/\/www.apres-lecole.fr\/Blog\/wp-json\/wp\/v2\/types\/post"}],"author":[{"embeddable":true,"href":"https:\/\/www.apres-lecole.fr\/Blog\/wp-json\/wp\/v2\/users\/9"}],"replies":[{"embeddable":true,"href":"https:\/\/www.apres-lecole.fr\/Blog\/wp-json\/wp\/v2\/comments?post=1964"}],"version-history":[{"count":0,"href":"https:\/\/www.apres-lecole.fr\/Blog\/wp-json\/wp\/v2\/posts\/1964\/revisions"}],"wp:attachment":[{"href":"https:\/\/www.apres-lecole.fr\/Blog\/wp-json\/wp\/v2\/media?parent=1964"}],"wp:term":[{"taxonomy":"category","embeddable":true,"href":"https:\/\/www.apres-lecole.fr\/Blog\/wp-json\/wp\/v2\/categories?post=1964"},{"taxonomy":"post_tag","embeddable":true,"href":"https:\/\/www.apres-lecole.fr\/Blog\/wp-json\/wp\/v2\/tags?post=1964"}],"curies":[{"name":"wp","href":"https:\/\/api.w.org\/{rel}","templated":true}]}}