{"id":1963,"date":"2025-05-21T21:31:24","date_gmt":"2025-05-21T21:31:24","guid":{"rendered":"https:\/\/www.apres-lecole.fr\/Blog\/fermeture-ecole-zuckerberg\/"},"modified":"2025-05-21T21:31:24","modified_gmt":"2025-05-21T21:31:24","slug":"fermeture-ecole-zuckerberg","status":"publish","type":"post","link":"https:\/\/www.apres-lecole.fr\/Blog\/fermeture-ecole-zuckerberg\/","title":{"rendered":"Mark Zuckerberg annonce la fermeture de son \u00e9cole pour enfants d\u00e9favoris\u00e9s apr\u00e8s avoir soutenu Trump"},"content":{"rendered":"\n\n<div class=\"kk-star-ratings kksr-auto kksr-align-left kksr-valign-top\"\n    data-payload='{&quot;align&quot;:&quot;left&quot;,&quot;id&quot;:&quot;1963&quot;,&quot;slug&quot;:&quot;default&quot;,&quot;valign&quot;:&quot;top&quot;,&quot;ignore&quot;:&quot;&quot;,&quot;reference&quot;:&quot;auto&quot;,&quot;class&quot;:&quot;&quot;,&quot;count&quot;:&quot;0&quot;,&quot;legendonly&quot;:&quot;&quot;,&quot;readonly&quot;:&quot;&quot;,&quot;score&quot;:&quot;0&quot;,&quot;starsonly&quot;:&quot;&quot;,&quot;best&quot;:&quot;5&quot;,&quot;gap&quot;:&quot;5&quot;,&quot;greet&quot;:&quot;Rate this post&quot;,&quot;legend&quot;:&quot;0\\\/5 - (0 vote)&quot;,&quot;size&quot;:&quot;24&quot;,&quot;title&quot;:&quot;Mark Zuckerberg annonce la fermeture de son \u00e9cole pour enfants d\u00e9favoris\u00e9s apr\u00e8s avoir soutenu Trump&quot;,&quot;width&quot;:&quot;0&quot;,&quot;_legend&quot;:&quot;{score}\\\/{best} - ({count} {votes})&quot;,&quot;font_factor&quot;:&quot;1.25&quot;}'>\n            \n<div class=\"kksr-stars\">\n    \n<div class=\"kksr-stars-inactive\">\n            <div class=\"kksr-star\" data-star=\"1\" style=\"padding-right: 5px\">\n            \n\n<div class=\"kksr-icon\" style=\"width: 24px; height: 24px;\"><\/div>\n        <\/div>\n            <div class=\"kksr-star\" data-star=\"2\" style=\"padding-right: 5px\">\n            \n\n<div class=\"kksr-icon\" style=\"width: 24px; height: 24px;\"><\/div>\n        <\/div>\n            <div class=\"kksr-star\" data-star=\"3\" style=\"padding-right: 5px\">\n            \n\n<div class=\"kksr-icon\" style=\"width: 24px; height: 24px;\"><\/div>\n        <\/div>\n            <div class=\"kksr-star\" data-star=\"4\" style=\"padding-right: 5px\">\n            \n\n<div class=\"kksr-icon\" style=\"width: 24px; height: 24px;\"><\/div>\n        <\/div>\n            <div class=\"kksr-star\" data-star=\"5\" style=\"padding-right: 5px\">\n            \n\n<div class=\"kksr-icon\" style=\"width: 24px; height: 24px;\"><\/div>\n        <\/div>\n    <\/div>\n    \n<div class=\"kksr-stars-active\" style=\"width: 0px;\">\n            <div class=\"kksr-star\" style=\"padding-right: 5px\">\n            \n\n<div class=\"kksr-icon\" style=\"width: 24px; height: 24px;\"><\/div>\n        <\/div>\n            <div class=\"kksr-star\" style=\"padding-right: 5px\">\n            \n\n<div class=\"kksr-icon\" style=\"width: 24px; height: 24px;\"><\/div>\n        <\/div>\n            <div class=\"kksr-star\" style=\"padding-right: 5px\">\n            \n\n<div class=\"kksr-icon\" style=\"width: 24px; height: 24px;\"><\/div>\n        <\/div>\n            <div class=\"kksr-star\" style=\"padding-right: 5px\">\n            \n\n<div class=\"kksr-icon\" style=\"width: 24px; height: 24px;\"><\/div>\n        <\/div>\n            <div class=\"kksr-star\" style=\"padding-right: 5px\">\n            \n\n<div class=\"kksr-icon\" style=\"width: 24px; height: 24px;\"><\/div>\n        <\/div>\n    <\/div>\n<\/div>\n                \n\n<div class=\"kksr-legend\" style=\"font-size: 19.2px;\">\n            <span class=\"kksr-muted\">Rate this post<\/span>\n    <\/div>\n    <\/div>\n<p>Dans un revirement choquant, <strong>Mark Zuckerberg<\/strong>, le cofondateur de Facebook, a r\u00e9cemment annonc\u00e9 la fermeture de son \u00e9cole philanthropique, destin\u00e9e aux enfants issus de milieux d\u00e9favoris\u00e9s, The Primary School, situ\u00e9e en Californie. Cette d\u00e9cision, qui survient apr\u00e8s des choix politiques controvers\u00e9s en faveur de Donald Trump, a suscit\u00e9 des r\u00e9actions vives au sein de la communaut\u00e9 \u00e9ducative et des parents concern\u00e9s. Pr\u00e9vue pour 2026, la fermeture de cette \u00e9cole s&rsquo;inscrit dans un contexte o\u00f9 la philanthropie de Zuckerberg semble \u00e9voluer, soulevant des inqui\u00e9tudes quant \u00e0 l&rsquo;impact social de ses d\u00e9cisions. Les familles d\u00e9favoris\u00e9es, qui ont tant compt\u00e9 sur cette initiative \u00e9ducative, se retrouvent maintenant face \u00e0 un avenir incertain, \u00e0 une \u00e9poque o\u00f9 l&rsquo;acc\u00e8s \u00e0 l&rsquo;\u00e9ducation de qualit\u00e9 est plus crucial que jamais.<\/p>\n\n<ul class=\"wp-block-list\"><li><strong>1. Politique et \u00c9ducation : Le D\u00e9tour de Zuckerberg<\/strong><\/li><li><strong>2. Historique de The Primary School et de son Impact<\/strong><\/li><li><strong>3. R\u00e9actions des Parents et des Communaut\u00e9s<\/strong><\/li><li><strong>4. Les Perspectives d&rsquo;Avenir pour l&rsquo;\u00c9ducation des Enfants D\u00e9favoris\u00e9s<\/strong><\/li><li><strong>5. FAQ sur la Fermeture de The Primary School<\/strong><\/li><\/ul>\n\n<h2 class=\"wp-block-heading\">Politique et \u00c9ducation : Le D\u00e9tour de Zuckerberg<\/h2>\n\n<p>La politique et l&rsquo;\u00e9ducation ont toujours \u00e9t\u00e9 li\u00e9es, mais dans le cas de <strong>Mark Zuckerberg<\/strong>, ce lien est devenu particuli\u00e8rement visible ces derni\u00e8res ann\u00e9es. Alors que l&rsquo;entrepreneur technologique s&rsquo;est engag\u00e9 publiquement en faveur de <strong>Donald Trump<\/strong>, des r\u00e9percussions inattendues ont eu lieu sur ses initiatives philanthropiques, notamment la fermeture de son \u00e9cole gratuite pour les enfants d\u00e9favoris\u00e9s.<\/p>\n\n<p>En soutenant Trump, Zuckerberg a ouvert la voie \u00e0 des critiques concernant la coh\u00e9rence de ses actions vis-\u00e0-vis des principes qu\u2019il pr\u00e9tend d\u00e9fendre. En effet, ses d\u00e9cisions politiques semblent maintenant influencer son engagement social, s\u2019alignant davantage sur des valeurs controvers\u00e9es qui pourraient rebuter une partie de son public. Ce changement a amen\u00e9 \u00e0 se poser des questions sur la priorit\u00e9 r\u00e9elle de ses efforts philanthropiques.<\/p>\n\n<h3 class=\"wp-block-heading\">Une \u00c9ducation Impact\u00e9e par des Choix Politiques<\/h3>\n\n<p>Les choix politiques de Zuckerberg ont un impact direct sur sa fondation, la Chan Zuckerberg Initiative (CZI), qui a \u00e9t\u00e9 mise sur le devant de la sc\u00e8ne gr\u00e2ce \u00e0 des projets ambitieux dans le domaine de la sant\u00e9 et de l&rsquo;\u00e9ducation. Cependant, cette initiative, qui visait \u00e0 transformer l\u2019\u00e9ducation pour les jeunes d\u00e9favoris\u00e9s, semble maintenant affect\u00e9e par ce virage politique. Les parents et les \u00e9ducateurs s&rsquo;inqui\u00e8tent de ce que cela signifie pour le futur \u00e9ducatif de milliers d&rsquo;enfants.<\/p>\n\n<ul class=\"wp-block-list\"><li>Cons\u00e9quences des d\u00e9cisions politiques sur l&rsquo;\u00e9ducation.<\/li><li>Impact de l&rsquo;influence de Zuckerberg sur ses projets philanthropiques.<\/li><li>Risque d&rsquo;ali\u00e9ner des communaut\u00e9s enti\u00e8res par des choix controvers\u00e9s.<\/li><\/ul>\n\n<p>C&rsquo;est une situation pr\u00e9occupante qui soul\u00e8ve des questions essentielles sur l&rsquo;avenir de l&rsquo;\u00e9ducation des <strong>enfants d\u00e9favoris\u00e9s<\/strong> aux \u00c9tats-Unis. Comment l&rsquo;\u00e9ducation peut-elle continuer \u00e0 servir de levier d&rsquo;ascension sociale si de telles initiatives, cens\u00e9es apporter du soutien, sont menac\u00e9es ? Cette fermeture est un signal fort : il va falloir redoubler d\u2019efforts pour d\u00e9fendre les valeurs d\u2019\u00e9quit\u00e9 et d\u2019acc\u00e8s \u00e0 l\u2019\u00e9ducation.<\/p>\n\n<h2 class=\"wp-block-heading\">Historique de The Primary School et de son Impact<\/h2>\n\n<p>The Primary School, fond\u00e9e par <strong>Mark Zuckerberg<\/strong> et son \u00e9pouse, <strong>Priscilla Chan<\/strong>, en 2016, \u00e9tait pr\u00e9sent\u00e9e comme un projet novateur. L&rsquo;id\u00e9e \u00e9tait d&rsquo;int\u00e9grer non seulement l&rsquo;<strong>\u00e9ducation<\/strong>, mais aussi la sant\u00e9, offrant ainsi un soutien holistique aux \u00e9l\u00e8ves et \u00e0 leurs familles. L&rsquo;\u00e9tablissement, situ\u00e9 \u00e0 East Palo Alto, a rapidement gagn\u00e9 en r\u00e9putation, attirant des familles en qu\u00eate de meilleures opportunit\u00e9s pour leurs enfants.<\/p>\n\n<p>Avec plus de 400 \u00e9l\u00e8ves, The Primary School a d\u00e9montr\u00e9 un mod\u00e8le \u00e9ducatif qui visait \u00e0 r\u00e9duire les in\u00e9galit\u00e9s. En effet, 61% des \u00e9l\u00e8ves \u00e9taient d&rsquo;origine latino et une proportion significative venait de milieux socio-\u00e9conomiques d\u00e9favoris\u00e9s. Au-del\u00e0 de l\u2019\u00e9ducation traditionnelle, le mod\u00e8le pr\u00f4nait un acc\u00e8s \u00e0 des soins m\u00e9dicaux et dentaires, un atout consid\u00e9rable dans une soci\u00e9t\u00e9 o\u00f9 l&rsquo;acc\u00e8s aux soins est souvent un luxe. Les t\u00e9moignages des parents et des enseignants montrent \u00e0 quel point cette \u00e9cole a eu un impact dans la communaut\u00e9 locale.<\/p>\n\n<h3 class=\"wp-block-heading\">Une M\u00e9thode \u00c9ducative R\u00e9volutionnaire<\/h3>\n\n<p>Ce mod\u00e8le \u00e9ducatif se distinguait par plusieurs \u00e9l\u00e9ments cl\u00e9s :<\/p>\n\n<ul class=\"wp-block-list\"><li>Allier \u00e9ducation et sant\u00e9 pour un d\u00e9veloppement global des \u00e9l\u00e8ves \ud83c\udfe5\ud83d\udcda<\/li><li>Aider les familles \u00e0 surmonter des obstacles socio-\u00e9conomiques \ud83d\udcaa<\/li><li>Offrir un suivi individuel pour chaque enfant afin de maximiser son potentiel \ud83c\udfaf<\/li><\/ul>\n\n<p>Ainsi, The Primary School a \u00e9t\u00e9 vue comme un exemple \u00e0 suivre, avec une vision que chaque enfant, ind\u00e9pendamment de ses origines, m\u00e9rite une \u00e9ducation de qualit\u00e9. Malheureusement, cette vision noble semble d\u00e9sormais compromise par des d\u00e9cisions strat\u00e9giques aux implications politiques, laissant un vide dans l&rsquo;\u00e9ducation des plus vuln\u00e9rables.<\/p>\n\n<figure class=\"wp-block-table\"><table>\n<thead>\n<tr>\n<th>P\u00e9riode<\/th>\n<th>\u00c9v\u00e9nements cl\u00e9s<\/th>\n<th>Impact<\/th>\n<\/tr>\n<\/thead>\n<tbody>\n<tr>\n<td>2016<\/td>\n<td>Cr\u00e9ation de The Primary School<\/td>\n<td>D\u00e9but d&rsquo;un mod\u00e8le \u00e9ducatif novateur<\/td>\n<\/tr>\n<tr>\n<td>2017-2020<\/td>\n<td>Extension des services m\u00e9dicaux<\/td>\n<td>Plus de 500 familles b\u00e9n\u00e9ficiant d&rsquo;une approche int\u00e9gr\u00e9e<\/td>\n<\/tr>\n<tr>\n<td>2025<\/td>\n<td>Annonce de la fermeture<\/td>\n<td>Pr\u00e9occupation croissante dans la communaut\u00e9 \u00e9ducative<\/td>\n<\/tr>\n<\/tbody>\n<\/table><\/figure>\n\n<h2 class=\"wp-block-heading\">R\u00e9actions des Parents et des Communaut\u00e9s<\/h2>\n\n<p>La nouvelle de la fermeture de l&rsquo;\u00e9cole a provoqu\u00e9 une onde de choc au sein des familles qui comptaient sur les services de The Primary School. Beaucoup de parents se sont exprim\u00e9s, d\u00e9plorant cette d\u00e9cision qui repr\u00e9senterait un coup dur pour leurs enfants et pour la communaut\u00e9 enti\u00e8re. Les discussions sur les r\u00e9seaux sociaux r\u00e9v\u00e8lent une frustration palpable, des parents s&rsquo;interrogeant sur l&rsquo;avenir de l&rsquo;\u00e9ducation dans leur r\u00e9gion.<\/p>\n\n<h3 class=\"wp-block-heading\">Un Impact Profond sur la Communaut\u00e9<\/h3>\n\n<p>Les ressentiments ne se limitent pas aux parents. L&rsquo;\u00e9ducation est un enjeu fondamental dans la soci\u00e9t\u00e9, et cette fermeture pourrait r\u00e9sonner bien au-del\u00e0 de la r\u00e9gion de la baie de San Francisco. Des enseignants, des responsables communautaires et des figures politiques se sont \u00e9galement manifest\u00e9s pour d\u00e9noncer une d\u00e9cision qu\u2019ils jugent pr\u00e9cipit\u00e9e et malavis\u00e9e. Les communaut\u00e9s d\u00e9favoris\u00e9es, qui avaient vu un espoir \u00e0 travers cette initiative, expriment maintenant leur d\u00e9sespoir. Les cons\u00e9quences peuvent \u00eatre dramatiques : <\/p>\n\n<ul class=\"wp-block-list\"><li>Des enfants pourraient perdre un acc\u00e8s essentiel \u00e0 l&rsquo;\u00e9ducation \ud83d\udcc9<\/li><li>Une augmentation de l&rsquo;isolement social au sein de la communaut\u00e9 \ud83e\udd1d<\/li><li>Des r\u00e9ductions dans les fonds destin\u00e9s aux services de sant\u00e9 et d\u2019\u00e9ducation \ud83d\udea8<\/li><\/ul>\n\n<p>Des rassemblements et des discussions communautaires se sont d\u00e9j\u00e0 organis\u00e9s, avec pour objectif d&rsquo;exprimer l&rsquo;inqui\u00e9tude face \u00e0 cette situation. Cela montre que, malgr\u00e9 tout, la solidarit\u00e9 entre les membres de la communaut\u00e9 est plus forte que jamais. Un collectif a m\u00eame \u00e9t\u00e9 form\u00e9 pour proposer des alternatives et maintenir l&rsquo;\u00e9lan \u00e9ducatif, m\u00eame face \u00e0 l&rsquo;adversit\u00e9.<\/p>\n\n<figure class=\"wp-block-table\"><table>\n<thead>\n<tr>\n<th>R\u00e9actions des Parties Prenantes<\/th>\n<th>Type de R\u00e9action<\/th>\n<th>Soutien Propos\u00e9<\/th>\n<\/tr>\n<\/thead>\n<tbody>\n<tr>\n<td>Parents<\/td>\n<td>Inqui\u00e9tude et appel \u00e0 l&rsquo;action<\/td>\n<td>Formation de groupes de soutien local<\/td>\n<\/tr>\n<tr>\n<td>Enseignants<\/td>\n<td>D\u00e9ploration du manque d&rsquo;opportunit\u00e9s<\/td>\n<td>Organiser des ateliers \u00e9ducatifs<\/td>\n<\/tr>\n<tr>\n<td>Politiciens<\/td>\n<td>Appel \u00e0 une action rapide<\/td>\n<td>Proposition de solutions alternatives dans l&rsquo;\u00e9ducation<\/td>\n<\/tr>\n<\/tbody>\n<\/table><\/figure>\n\n<h2 class=\"wp-block-heading\">Les Perspectives d&rsquo;Avenir pour l&rsquo;\u00c9ducation des Enfants D\u00e9favoris\u00e9s<\/h2>\n\n<p>Alors que la fermeture de The Primary School laisse un vide immense, il est essentiel de r\u00e9fl\u00e9chir \u00e0 ce que cela signifie pour l&rsquo;\u00e9ducation des enfants d\u00e9favoris\u00e9s \u00e0 plus large \u00e9chelle. La soci\u00e9t\u00e9 doit se demander quel type de soutien sera d\u00e9sormais offert \u00e0 ces enfants, qui ont d\u00e9j\u00e0 subi tant d&rsquo;in\u00e9galit\u00e9s.<\/p>\n\n<h3 class=\"wp-block-heading\">Alternatives Potentielles et Innovations \u00c9ducatives<\/h3>\n\n<p>Avec l&rsquo;essor de la <strong>technologie<\/strong> dans l&rsquo;\u00e9ducation, il existe plusieurs opportunit\u00e9s de transformation. Les gouvernements et les ONG doivent prendre le relais en cr\u00e9ant des programmes qui offrent un acc\u00e8s \u00e0 une \u00e9ducation de qualit\u00e9. Voici quelques id\u00e9es :<\/p>\n\n<ul class=\"wp-block-list\"><li>D\u00e9veloppement de programmes \u00e9ducatifs en ligne pour compenser le vide \ud83d\udcf1<\/li><li>Cr\u00e9ation de bourses scolaires pour permettre l&rsquo;acc\u00e8s \u00e0 d&rsquo;autres \u00e9tablissements \ud83c\udfeb<\/li><li>Partenariats avec des organisations locales pour assurer l&rsquo;acc\u00e8s \u00e0 des ressources \u00e9ducatives \ud83d\udcda<\/li><\/ul>\n\n<p>De plus, l&rsquo;innovation peut \u00e9galement passer par de nouveaux mod\u00e8les de soutien communautaire, o\u00f9 des tutorats et des mentors locaux viendraient aider les enfants. La r\u00e9silience de ces communaut\u00e9s d\u00e9pendra de leur capacit\u00e9 \u00e0 innover et trouver des solutions p\u00e9rennes face \u00e0 des d\u00e9fis aussi imposants. L&rsquo;id\u00e9al serait de transformer cette situation en une occasion de pionnier l\u2019\u00e9ducation de demain.<\/p>\n\n<figure class=\"wp-block-table\"><table>\n<thead>\n<tr>\n<th>Axes de R\u00e9flexion pour l&rsquo;Avenir<\/th>\n<th>Propositions<\/th>\n<th>Impact Esp\u00e9r\u00e9<\/th>\n<\/tr>\n<\/thead>\n<tbody>\n<tr>\n<td>Programmes en ligne<\/td>\n<td>Formation et ressources num\u00e9riques<\/td>\n<td>Acc\u00e8s \u00e9largi \u00e0 l\u2019\u00e9ducation \ud83c\udf93<\/td>\n<\/tr>\n<tr>\n<td>Bourses et financements<\/td>\n<td>Aider \u00e0 l\u2019inscription dans d\u2019autres \u00e9coles<\/td>\n<td>Meilleures opportunit\u00e9s \u00e9ducatives \ud83d\udcc8<\/td>\n<\/tr>\n<tr>\n<td>Innovation communautaire<\/td>\n<td>Cr\u00e9er des r\u00e9seaux de soutien<\/td>\n<td>Solidarit\u00e9 renforc\u00e9e entre les familles \u270a<\/td>\n<\/tr>\n<\/tbody>\n<\/table><\/figure>\n\n<h2 class=\"wp-block-heading\">FAQ sur la Fermeture de The Primary School<\/h2>\n\n<p><strong>Pourquoi The Primary School ferme-t-elle ?<\/strong><br>La fermeture est li\u00e9e \u00e0 un changement dans les priorit\u00e9s philanthropiques de Mark Zuckerberg, notamment apr\u00e8s son soutien \u00e0 des d\u00e9cisions controvers\u00e9es li\u00e9es \u00e0 Donald Trump.<\/p>\n\n<p><strong>Quel impact cela aura-t-il sur les \u00e9l\u00e8ves ?<\/strong><br>Les \u00e9l\u00e8ves qui fr\u00e9quentent l&rsquo;\u00e9cole risquent de perdre un acc\u00e8s essentiel \u00e0 l&rsquo;\u00e9ducation et aux soins de sant\u00e9, ce qui pourrait aggraver leur situation socio-\u00e9conomique.<\/p>\n\n<p><strong>Y a-t-il des alternatives pour les enfants ?<\/strong><br>Des initiatives commencent \u00e0 \u00e9merger, comme des programmes \u00e9ducatifs en ligne et des partenariats communautaires, qui pourraient offrir un soutien aux enfants.<\/p>\n\n<p><strong>Comment la communaut\u00e9 r\u00e9agit-elle ?<\/strong><br>La communaut\u00e9 s&rsquo;est unie pour organiser des rassemblements et discussions, cherchant des solutions et d\u00e9non\u00e7ant la fermeture.<\/p>\n\n<p><strong>Quelles sont les prochaines \u00e9tapes pour l&rsquo;\u00e9ducation des enfants d\u00e9favoris\u00e9s ?<\/strong><br>Des efforts continuent pour promouvoir l&rsquo;acc\u00e8s \u00e0 une \u00e9ducation de qualit\u00e9, avec un accent sur l&rsquo;innovation et le soutien communautaire.<\/p>\n\n","protected":false},"excerpt":{"rendered":"<p>Dans un revirement choquant, Mark Zuckerberg, le cofondateur de Facebook, a r\u00e9cemment annonc\u00e9 la fermeture de son \u00e9cole philanthropique, destin\u00e9e aux enfants issus de milieux d\u00e9favoris\u00e9s, The Primary School, situ\u00e9e en Californie. Cette d\u00e9cision, qui survient apr\u00e8s des choix politiques controvers\u00e9s en faveur de Donald Trump, a suscit\u00e9 des r\u00e9actions vives au sein de la &#8230; <a title=\"Mark Zuckerberg annonce la fermeture de son \u00e9cole pour enfants d\u00e9favoris\u00e9s apr\u00e8s avoir soutenu Trump\" class=\"read-more\" href=\"https:\/\/www.apres-lecole.fr\/Blog\/fermeture-ecole-zuckerberg\/\" aria-label=\"En savoir plus sur Mark Zuckerberg annonce la fermeture de son \u00e9cole pour enfants d\u00e9favoris\u00e9s apr\u00e8s avoir soutenu Trump\">Lire plus<\/a><\/p>\n","protected":false},"author":9,"featured_media":0,"comment_status":"open","ping_status":"open","sticky":false,"template":"","format":"standard","meta":{"footnotes":""},"categories":[342],"tags":[410,923,757,748,924],"class_list":["post-1963","post","type-post","status-publish","format-standard","hentry","category-actualites","tag-ecole","tag-enfants-defavorises","tag-fermeture","tag-mark-zuckerberg","tag-soutien-a-trump"],"yoast_head":"<!-- This site is optimized with the Yoast SEO plugin v27.5 - https:\/\/yoast.com\/product\/yoast-seo-wordpress\/ -->\n<title>Mark Zuckerberg ferme son \u00e9cole pour enfants d\u00e9favoris\u00e9s apr\u00e8s son soutien \u00e0 Trump<\/title>\n<meta name=\"description\" content=\"D\u00e9couvrez les cons\u00e9quences entourant l&#039;annonce de Mark Zuckerberg concernant la fermeture de son \u00e9cole pour enfants d\u00e9favoris\u00e9s, une d\u00e9cision controvers\u00e9e sur fond de soutien \u00e0 Trump. Analyse des implications sociales et politiques de ce choix, ainsi que des r\u00e9actions des communaut\u00e9s touch\u00e9es.\" \/>\n<meta name=\"robots\" content=\"index, follow, max-snippet:-1, max-image-preview:large, max-video-preview:-1\" \/>\n<link rel=\"canonical\" href=\"https:\/\/www.apres-lecole.fr\/Blog\/fermeture-ecole-zuckerberg\/\" \/>\n<meta property=\"og:locale\" content=\"fr_FR\" \/>\n<meta property=\"og:type\" content=\"article\" \/>\n<meta property=\"og:title\" content=\"Mark Zuckerberg ferme son \u00e9cole pour enfants d\u00e9favoris\u00e9s apr\u00e8s son soutien \u00e0 Trump\" \/>\n<meta property=\"og:description\" content=\"D\u00e9couvrez les cons\u00e9quences entourant l&#039;annonce de Mark Zuckerberg concernant la fermeture de son \u00e9cole pour enfants d\u00e9favoris\u00e9s, une d\u00e9cision controvers\u00e9e sur fond de soutien \u00e0 Trump. Analyse des implications sociales et politiques de ce choix, ainsi que des r\u00e9actions des communaut\u00e9s touch\u00e9es.\" \/>\n<meta property=\"og:url\" content=\"https:\/\/www.apres-lecole.fr\/Blog\/fermeture-ecole-zuckerberg\/\" \/>\n<meta property=\"article:published_time\" content=\"2025-05-21T21:31:24+00:00\" \/>\n<meta name=\"author\" content=\"Eva Martin\" \/>\n<meta name=\"twitter:card\" content=\"summary_large_image\" \/>\n<meta name=\"twitter:creator\" content=\"@Evaapresecole\" \/>\n<meta name=\"twitter:label1\" content=\"\u00c9crit par\" \/>\n\t<meta name=\"twitter:data1\" content=\"Eva Martin\" \/>\n\t<meta name=\"twitter:label2\" content=\"Dur\u00e9e de lecture estim\u00e9e\" \/>\n\t<meta name=\"twitter:data2\" content=\"8 minutes\" \/>\n<script type=\"application\/ld+json\" class=\"yoast-schema-graph\">{\"@context\":\"https:\\\/\\\/schema.org\",\"@graph\":[{\"@type\":\"Article\",\"@id\":\"https:\\\/\\\/www.apres-lecole.fr\\\/Blog\\\/fermeture-ecole-zuckerberg\\\/#article\",\"isPartOf\":{\"@id\":\"https:\\\/\\\/www.apres-lecole.fr\\\/Blog\\\/fermeture-ecole-zuckerberg\\\/\"},\"author\":{\"name\":\"Eva Martin\",\"@id\":\"https:\\\/\\\/www.apres-lecole.fr\\\/Blog\\\/#\\\/schema\\\/person\\\/aeb50cd4b51fc69da155804bb5bb9fc4\"},\"headline\":\"Mark Zuckerberg annonce la fermeture de son \u00e9cole pour enfants d\u00e9favoris\u00e9s apr\u00e8s avoir soutenu Trump\",\"datePublished\":\"2025-05-21T21:31:24+00:00\",\"mainEntityOfPage\":{\"@id\":\"https:\\\/\\\/www.apres-lecole.fr\\\/Blog\\\/fermeture-ecole-zuckerberg\\\/\"},\"wordCount\":1664,\"commentCount\":0,\"keywords\":[\"\u00e9cole\",\"enfants d\u00e9favoris\u00e9s\",\"fermeture\",\"mark zuckerberg\",\"soutien \u00e0 trump\"],\"articleSection\":[\"Actualit\u00e9s\"],\"inLanguage\":\"fr-FR\",\"potentialAction\":[{\"@type\":\"CommentAction\",\"name\":\"Comment\",\"target\":[\"https:\\\/\\\/www.apres-lecole.fr\\\/Blog\\\/fermeture-ecole-zuckerberg\\\/#respond\"]}]},{\"@type\":\"WebPage\",\"@id\":\"https:\\\/\\\/www.apres-lecole.fr\\\/Blog\\\/fermeture-ecole-zuckerberg\\\/\",\"url\":\"https:\\\/\\\/www.apres-lecole.fr\\\/Blog\\\/fermeture-ecole-zuckerberg\\\/\",\"name\":\"Mark Zuckerberg ferme son \u00e9cole pour enfants d\u00e9favoris\u00e9s apr\u00e8s son soutien \u00e0 Trump\",\"isPartOf\":{\"@id\":\"https:\\\/\\\/www.apres-lecole.fr\\\/Blog\\\/#website\"},\"datePublished\":\"2025-05-21T21:31:24+00:00\",\"author\":{\"@id\":\"https:\\\/\\\/www.apres-lecole.fr\\\/Blog\\\/#\\\/schema\\\/person\\\/aeb50cd4b51fc69da155804bb5bb9fc4\"},\"description\":\"D\u00e9couvrez les cons\u00e9quences entourant l'annonce de Mark Zuckerberg concernant la fermeture de son \u00e9cole pour enfants d\u00e9favoris\u00e9s, une d\u00e9cision controvers\u00e9e sur fond de soutien \u00e0 Trump. Analyse des implications sociales et politiques de ce choix, ainsi que des r\u00e9actions des communaut\u00e9s touch\u00e9es.\",\"breadcrumb\":{\"@id\":\"https:\\\/\\\/www.apres-lecole.fr\\\/Blog\\\/fermeture-ecole-zuckerberg\\\/#breadcrumb\"},\"inLanguage\":\"fr-FR\",\"potentialAction\":[{\"@type\":\"ReadAction\",\"target\":[\"https:\\\/\\\/www.apres-lecole.fr\\\/Blog\\\/fermeture-ecole-zuckerberg\\\/\"]}]},{\"@type\":\"BreadcrumbList\",\"@id\":\"https:\\\/\\\/www.apres-lecole.fr\\\/Blog\\\/fermeture-ecole-zuckerberg\\\/#breadcrumb\",\"itemListElement\":[{\"@type\":\"ListItem\",\"position\":1,\"name\":\"Home\",\"item\":\"https:\\\/\\\/www.apres-lecole.fr\\\/Blog\\\/\"},{\"@type\":\"ListItem\",\"position\":2,\"name\":\"Mark Zuckerberg annonce la fermeture de son \u00e9cole pour enfants d\u00e9favoris\u00e9s apr\u00e8s avoir soutenu Trump\"}]},{\"@type\":\"WebSite\",\"@id\":\"https:\\\/\\\/www.apres-lecole.fr\\\/Blog\\\/#website\",\"url\":\"https:\\\/\\\/www.apres-lecole.fr\\\/Blog\\\/\",\"name\":\"\",\"description\":\"M\u00e9dia g\u00e9n\u00e9raliste\",\"potentialAction\":[{\"@type\":\"SearchAction\",\"target\":{\"@type\":\"EntryPoint\",\"urlTemplate\":\"https:\\\/\\\/www.apres-lecole.fr\\\/Blog\\\/?s={search_term_string}\"},\"query-input\":{\"@type\":\"PropertyValueSpecification\",\"valueRequired\":true,\"valueName\":\"search_term_string\"}}],\"inLanguage\":\"fr-FR\"},{\"@type\":\"Person\",\"@id\":\"https:\\\/\\\/www.apres-lecole.fr\\\/Blog\\\/#\\\/schema\\\/person\\\/aeb50cd4b51fc69da155804bb5bb9fc4\",\"name\":\"Eva Martin\",\"image\":{\"@type\":\"ImageObject\",\"inLanguage\":\"fr-FR\",\"@id\":\"https:\\\/\\\/secure.gravatar.com\\\/avatar\\\/55c53222558b27a72015a64073a80edce4abd33369394b9bf2c5cd6c19d12682?s=96&d=mm&r=g\",\"url\":\"https:\\\/\\\/secure.gravatar.com\\\/avatar\\\/55c53222558b27a72015a64073a80edce4abd33369394b9bf2c5cd6c19d12682?s=96&d=mm&r=g\",\"contentUrl\":\"https:\\\/\\\/secure.gravatar.com\\\/avatar\\\/55c53222558b27a72015a64073a80edce4abd33369394b9bf2c5cd6c19d12682?s=96&d=mm&r=g\",\"caption\":\"Eva Martin\"},\"description\":\"Je parle de business et d'entrepreneuriat avec des conseils clairs, concrets et actionnables pour r\u00e9ussir\",\"sameAs\":[\"https:\\\/\\\/x.com\\\/Evaapresecole\"],\"url\":\"https:\\\/\\\/www.apres-lecole.fr\\\/Blog\\\/author\\\/evamartin\\\/\"}]}<\/script>\n<!-- \/ Yoast SEO plugin. -->","yoast_head_json":{"title":"Mark Zuckerberg ferme son \u00e9cole pour enfants d\u00e9favoris\u00e9s apr\u00e8s son soutien \u00e0 Trump","description":"D\u00e9couvrez les cons\u00e9quences entourant l'annonce de Mark Zuckerberg concernant la fermeture de son \u00e9cole pour enfants d\u00e9favoris\u00e9s, une d\u00e9cision controvers\u00e9e sur fond de soutien \u00e0 Trump. Analyse des implications sociales et politiques de ce choix, ainsi que des r\u00e9actions des communaut\u00e9s touch\u00e9es.","robots":{"index":"index","follow":"follow","max-snippet":"max-snippet:-1","max-image-preview":"max-image-preview:large","max-video-preview":"max-video-preview:-1"},"canonical":"https:\/\/www.apres-lecole.fr\/Blog\/fermeture-ecole-zuckerberg\/","og_locale":"fr_FR","og_type":"article","og_title":"Mark Zuckerberg ferme son \u00e9cole pour enfants d\u00e9favoris\u00e9s apr\u00e8s son soutien \u00e0 Trump","og_description":"D\u00e9couvrez les cons\u00e9quences entourant l'annonce de Mark Zuckerberg concernant la fermeture de son \u00e9cole pour enfants d\u00e9favoris\u00e9s, une d\u00e9cision controvers\u00e9e sur fond de soutien \u00e0 Trump. Analyse des implications sociales et politiques de ce choix, ainsi que des r\u00e9actions des communaut\u00e9s touch\u00e9es.","og_url":"https:\/\/www.apres-lecole.fr\/Blog\/fermeture-ecole-zuckerberg\/","article_published_time":"2025-05-21T21:31:24+00:00","author":"Eva Martin","twitter_card":"summary_large_image","twitter_creator":"@Evaapresecole","twitter_misc":{"\u00c9crit par":"Eva Martin","Dur\u00e9e de lecture estim\u00e9e":"8 minutes"},"schema":{"@context":"https:\/\/schema.org","@graph":[{"@type":"Article","@id":"https:\/\/www.apres-lecole.fr\/Blog\/fermeture-ecole-zuckerberg\/#article","isPartOf":{"@id":"https:\/\/www.apres-lecole.fr\/Blog\/fermeture-ecole-zuckerberg\/"},"author":{"name":"Eva Martin","@id":"https:\/\/www.apres-lecole.fr\/Blog\/#\/schema\/person\/aeb50cd4b51fc69da155804bb5bb9fc4"},"headline":"Mark Zuckerberg annonce la fermeture de son \u00e9cole pour enfants d\u00e9favoris\u00e9s apr\u00e8s avoir soutenu Trump","datePublished":"2025-05-21T21:31:24+00:00","mainEntityOfPage":{"@id":"https:\/\/www.apres-lecole.fr\/Blog\/fermeture-ecole-zuckerberg\/"},"wordCount":1664,"commentCount":0,"keywords":["\u00e9cole","enfants d\u00e9favoris\u00e9s","fermeture","mark zuckerberg","soutien \u00e0 trump"],"articleSection":["Actualit\u00e9s"],"inLanguage":"fr-FR","potentialAction":[{"@type":"CommentAction","name":"Comment","target":["https:\/\/www.apres-lecole.fr\/Blog\/fermeture-ecole-zuckerberg\/#respond"]}]},{"@type":"WebPage","@id":"https:\/\/www.apres-lecole.fr\/Blog\/fermeture-ecole-zuckerberg\/","url":"https:\/\/www.apres-lecole.fr\/Blog\/fermeture-ecole-zuckerberg\/","name":"Mark Zuckerberg ferme son \u00e9cole pour enfants d\u00e9favoris\u00e9s apr\u00e8s son soutien \u00e0 Trump","isPartOf":{"@id":"https:\/\/www.apres-lecole.fr\/Blog\/#website"},"datePublished":"2025-05-21T21:31:24+00:00","author":{"@id":"https:\/\/www.apres-lecole.fr\/Blog\/#\/schema\/person\/aeb50cd4b51fc69da155804bb5bb9fc4"},"description":"D\u00e9couvrez les cons\u00e9quences entourant l'annonce de Mark Zuckerberg concernant la fermeture de son \u00e9cole pour enfants d\u00e9favoris\u00e9s, une d\u00e9cision controvers\u00e9e sur fond de soutien \u00e0 Trump. Analyse des implications sociales et politiques de ce choix, ainsi que des r\u00e9actions des communaut\u00e9s touch\u00e9es.","breadcrumb":{"@id":"https:\/\/www.apres-lecole.fr\/Blog\/fermeture-ecole-zuckerberg\/#breadcrumb"},"inLanguage":"fr-FR","potentialAction":[{"@type":"ReadAction","target":["https:\/\/www.apres-lecole.fr\/Blog\/fermeture-ecole-zuckerberg\/"]}]},{"@type":"BreadcrumbList","@id":"https:\/\/www.apres-lecole.fr\/Blog\/fermeture-ecole-zuckerberg\/#breadcrumb","itemListElement":[{"@type":"ListItem","position":1,"name":"Home","item":"https:\/\/www.apres-lecole.fr\/Blog\/"},{"@type":"ListItem","position":2,"name":"Mark Zuckerberg annonce la fermeture de son \u00e9cole pour enfants d\u00e9favoris\u00e9s apr\u00e8s avoir soutenu Trump"}]},{"@type":"WebSite","@id":"https:\/\/www.apres-lecole.fr\/Blog\/#website","url":"https:\/\/www.apres-lecole.fr\/Blog\/","name":"","description":"M\u00e9dia g\u00e9n\u00e9raliste","potentialAction":[{"@type":"SearchAction","target":{"@type":"EntryPoint","urlTemplate":"https:\/\/www.apres-lecole.fr\/Blog\/?s={search_term_string}"},"query-input":{"@type":"PropertyValueSpecification","valueRequired":true,"valueName":"search_term_string"}}],"inLanguage":"fr-FR"},{"@type":"Person","@id":"https:\/\/www.apres-lecole.fr\/Blog\/#\/schema\/person\/aeb50cd4b51fc69da155804bb5bb9fc4","name":"Eva Martin","image":{"@type":"ImageObject","inLanguage":"fr-FR","@id":"https:\/\/secure.gravatar.com\/avatar\/55c53222558b27a72015a64073a80edce4abd33369394b9bf2c5cd6c19d12682?s=96&d=mm&r=g","url":"https:\/\/secure.gravatar.com\/avatar\/55c53222558b27a72015a64073a80edce4abd33369394b9bf2c5cd6c19d12682?s=96&d=mm&r=g","contentUrl":"https:\/\/secure.gravatar.com\/avatar\/55c53222558b27a72015a64073a80edce4abd33369394b9bf2c5cd6c19d12682?s=96&d=mm&r=g","caption":"Eva Martin"},"description":"Je parle de business et d'entrepreneuriat avec des conseils clairs, concrets et actionnables pour r\u00e9ussir","sameAs":["https:\/\/x.com\/Evaapresecole"],"url":"https:\/\/www.apres-lecole.fr\/Blog\/author\/evamartin\/"}]}},"views":14,"_links":{"self":[{"href":"https:\/\/www.apres-lecole.fr\/Blog\/wp-json\/wp\/v2\/posts\/1963","targetHints":{"allow":["GET"]}}],"collection":[{"href":"https:\/\/www.apres-lecole.fr\/Blog\/wp-json\/wp\/v2\/posts"}],"about":[{"href":"https:\/\/www.apres-lecole.fr\/Blog\/wp-json\/wp\/v2\/types\/post"}],"author":[{"embeddable":true,"href":"https:\/\/www.apres-lecole.fr\/Blog\/wp-json\/wp\/v2\/users\/9"}],"replies":[{"embeddable":true,"href":"https:\/\/www.apres-lecole.fr\/Blog\/wp-json\/wp\/v2\/comments?post=1963"}],"version-history":[{"count":0,"href":"https:\/\/www.apres-lecole.fr\/Blog\/wp-json\/wp\/v2\/posts\/1963\/revisions"}],"wp:attachment":[{"href":"https:\/\/www.apres-lecole.fr\/Blog\/wp-json\/wp\/v2\/media?parent=1963"}],"wp:term":[{"taxonomy":"category","embeddable":true,"href":"https:\/\/www.apres-lecole.fr\/Blog\/wp-json\/wp\/v2\/categories?post=1963"},{"taxonomy":"post_tag","embeddable":true,"href":"https:\/\/www.apres-lecole.fr\/Blog\/wp-json\/wp\/v2\/tags?post=1963"}],"curies":[{"name":"wp","href":"https:\/\/api.w.org\/{rel}","templated":true}]}}