{"id":1960,"date":"2025-05-20T08:11:24","date_gmt":"2025-05-20T08:11:24","guid":{"rendered":"https:\/\/www.apres-lecole.fr\/Blog\/mouvements-suspects-ajaccio\/"},"modified":"2025-05-20T08:11:24","modified_gmt":"2025-05-20T08:11:24","slug":"mouvements-suspects-ajaccio","status":"publish","type":"post","link":"https:\/\/www.apres-lecole.fr\/Blog\/mouvements-suspects-ajaccio\/","title":{"rendered":"Des mouvements suspects pr\u00e8s d&rsquo;une \u00e9cole \u00e0 Ajaccio : du bruit, une vigilance accrue mais aucun danger apparent"},"content":{"rendered":"\n\n<div class=\"kk-star-ratings kksr-auto kksr-align-left kksr-valign-top\"\n    data-payload='{&quot;align&quot;:&quot;left&quot;,&quot;id&quot;:&quot;1960&quot;,&quot;slug&quot;:&quot;default&quot;,&quot;valign&quot;:&quot;top&quot;,&quot;ignore&quot;:&quot;&quot;,&quot;reference&quot;:&quot;auto&quot;,&quot;class&quot;:&quot;&quot;,&quot;count&quot;:&quot;0&quot;,&quot;legendonly&quot;:&quot;&quot;,&quot;readonly&quot;:&quot;&quot;,&quot;score&quot;:&quot;0&quot;,&quot;starsonly&quot;:&quot;&quot;,&quot;best&quot;:&quot;5&quot;,&quot;gap&quot;:&quot;5&quot;,&quot;greet&quot;:&quot;Rate this post&quot;,&quot;legend&quot;:&quot;0\\\/5 - (0 vote)&quot;,&quot;size&quot;:&quot;24&quot;,&quot;title&quot;:&quot;Des mouvements suspects pr\u00e8s d\\u0026#039;une \u00e9cole \u00e0 Ajaccio : du bruit, une vigilance accrue mais aucun danger apparent&quot;,&quot;width&quot;:&quot;0&quot;,&quot;_legend&quot;:&quot;{score}\\\/{best} - ({count} {votes})&quot;,&quot;font_factor&quot;:&quot;1.25&quot;}'>\n            \n<div class=\"kksr-stars\">\n    \n<div class=\"kksr-stars-inactive\">\n            <div class=\"kksr-star\" data-star=\"1\" style=\"padding-right: 5px\">\n            \n\n<div class=\"kksr-icon\" style=\"width: 24px; height: 24px;\"><\/div>\n        <\/div>\n            <div class=\"kksr-star\" data-star=\"2\" style=\"padding-right: 5px\">\n            \n\n<div class=\"kksr-icon\" style=\"width: 24px; height: 24px;\"><\/div>\n        <\/div>\n            <div class=\"kksr-star\" data-star=\"3\" style=\"padding-right: 5px\">\n            \n\n<div class=\"kksr-icon\" style=\"width: 24px; height: 24px;\"><\/div>\n        <\/div>\n            <div class=\"kksr-star\" data-star=\"4\" style=\"padding-right: 5px\">\n            \n\n<div class=\"kksr-icon\" style=\"width: 24px; height: 24px;\"><\/div>\n        <\/div>\n            <div class=\"kksr-star\" data-star=\"5\" style=\"padding-right: 5px\">\n            \n\n<div class=\"kksr-icon\" style=\"width: 24px; height: 24px;\"><\/div>\n        <\/div>\n    <\/div>\n    \n<div class=\"kksr-stars-active\" style=\"width: 0px;\">\n            <div class=\"kksr-star\" style=\"padding-right: 5px\">\n            \n\n<div class=\"kksr-icon\" style=\"width: 24px; height: 24px;\"><\/div>\n        <\/div>\n            <div class=\"kksr-star\" style=\"padding-right: 5px\">\n            \n\n<div class=\"kksr-icon\" style=\"width: 24px; height: 24px;\"><\/div>\n        <\/div>\n            <div class=\"kksr-star\" style=\"padding-right: 5px\">\n            \n\n<div class=\"kksr-icon\" style=\"width: 24px; height: 24px;\"><\/div>\n        <\/div>\n            <div class=\"kksr-star\" style=\"padding-right: 5px\">\n            \n\n<div class=\"kksr-icon\" style=\"width: 24px; height: 24px;\"><\/div>\n        <\/div>\n            <div class=\"kksr-star\" style=\"padding-right: 5px\">\n            \n\n<div class=\"kksr-icon\" style=\"width: 24px; height: 24px;\"><\/div>\n        <\/div>\n    <\/div>\n<\/div>\n                \n\n<div class=\"kksr-legend\" style=\"font-size: 19.2px;\">\n            <span class=\"kksr-muted\">Rate this post<\/span>\n    <\/div>\n    <\/div>\n<p>Dans les rues d&rsquo;Ajaccio, la tranquillit\u00e9 est parfois perturb\u00e9e par des mouvements suspects autour des \u00e9coles. R\u00e9cemment, une vague de rumeurs et d&rsquo;inqui\u00e9tudes a travers\u00e9 la communaut\u00e9 concernant des comportements \u00e9tranges aux abords de l&rsquo;\u00e9cole Charles-Bonafedi. Si ces \u00e9v\u00e9nements ont g\u00e9n\u00e9r\u00e9 un certain climat de tension, il est essentiel d&rsquo;examiner de pr\u00e8s les faits pour comprendre la situation actuelle.<\/p>\n\n<ul class=\"wp-block-list\"><li>Contexte des r\u00e9cents incidents<\/li><li>Les actions entreprises par les autorit\u00e9s<\/li><li>Le r\u00f4le de la communaut\u00e9 dans la pr\u00e9vention<\/li><li>Les retours des parents et des enseignants<\/li><li>Conclusion des investigations et attentions \u00e0 garder<\/li><\/ul>\n\n<h2 class=\"wp-block-heading\">Contexte des r\u00e9cents incidents \u00e0 Ajaccio<\/h2>\n\n<p>\u00c0 Ajaccio, un climat de vigilance s&rsquo;est intensifi\u00e9 ces derniers jours autour de l&rsquo;\u00e9cole <strong>Charles-Bonafedi<\/strong>. Des bruits inqui\u00e9tants circulent : \u00ab des individus louches \u00e0 la recherche de jeunes enfants \u00bb, \u00ab une camionnette \u00e0 l\u2019allure suspecte \u00bb, et m\u00eame des allusions \u00e0 des r\u00e9seaux de p\u00e9docriminalit\u00e9. Ces rumeurs, bien que ne reposant pas sur des faits v\u00e9rifi\u00e9s, alimentent la peur et le questionnement au sein de la communaut\u00e9.<\/p>\n\n<p>Le lundi 12 mai, une agente de garderie a remarqu\u00e9 qu&rsquo;un homme circulait \u00e0 scooter autour de l&rsquo;\u00e9cole. Ce dernier a \u00e9t\u00e9 vu faire plusieurs tours sans jamais s&rsquo;arr\u00eater. Toutefois, il n&rsquo;a pas suscit\u00e9 un comportement pressant, mais par pr\u00e9caution, l&rsquo;incident a \u00e9t\u00e9 signal\u00e9 \u00e0 la <strong>police municipale<\/strong>.<\/p>\n\n<p>Les rumeurs autour de ces mouvements suspects ont pris de l&rsquo;ampleur, engendrant un besoin urgent de <strong>s\u00e9curit\u00e9<\/strong> et de <strong>surveillance<\/strong>. La simplicit\u00e9 d&rsquo;un homme \u00e0 scooter a pris des proportions pouvant faire craindre le pire. Alors, pourquoi une telle hyst\u00e9rie ? En effet, les pr\u00e9occupations viennent d&rsquo;une soci\u00e9t\u00e9 de plus en plus alarm\u00e9e par les \u00e9v\u00e9nements r\u00e9cents :<\/p>\n\n<ul class=\"wp-block-list\"><li>Agression d&rsquo;une enseignante \u00e0 Ajaccio, entra\u00eenant une mobilisation des enseignants pour la <strong>s\u00e9curit\u00e9<\/strong> (source : <a href=\"https:\/\/www.france3-regions.francetvinfo.fr\/corse\/corse-du-sud\/ajaccio\/agression-d-une-enseignante-a-ajaccio-70-des-ecoles-de-corse-du-sud-ont-debraye-pendant-une-heure-2970683.html\">France 3<\/a>) \ud83c\udfeb<\/li><li>Alertes \u00e0 la bombe dans des \u00e9tablissements d&rsquo;Ajaccio, renfor\u00e7ant la n\u00e9cessit\u00e9 d&rsquo;une vigilance (source : <a href=\"https:\/\/www.corsematin.com\/article\/faits-diversjustice\/69826511347350\/nouvelles-alertes-a-la-bombe-dans-des-etablissements-scolaires-dajaccio-et-de-bastia\">Corse Matin<\/a>) \ud83d\udca3<\/li><li>Incident d&rsquo;un homme tentant d&rsquo;enlever des jeunes filles, cr\u00e9ant une atmosph\u00e8re de peur (source : <a href=\"https:\/\/www.lejdd.fr\/Societe\/ma-fille-ne-dort-plus-un-homme-interpelle-apres-avoir-tente-denlever-une-adolescente-et-des-fillettes-a-ajaccio-157623\">Le JDD<\/a>) \ud83d\udea8<\/li><\/ul>\n\n<h2 class=\"wp-block-heading\">Les actions entreprises par les autorit\u00e9s pour assurer la s\u00e9curit\u00e9<\/h2>\n\n<p>Face \u00e0 la mont\u00e9e de l&rsquo;inqui\u00e9tude, les autorit\u00e9s locales ont rapidement r\u00e9agi. Des patrouilles de police renforc\u00e9es ont \u00e9t\u00e9 mises en place autour de l&rsquo;\u00e9cole Charles-Bonafedi, afin de rassurer les parents et les enseignants sur la s\u00e9curit\u00e9 des enfants. La pr\u00e9sence visible des forces de l&rsquo;ordre est souvent per\u00e7ue comme un bouclier protecteur contre les menaces potentielles.<\/p>\n\n<p>Pour mieux comprendre le niveau de s\u00e9curit\u00e9 en place, il est pertinent de jeter un \u0153il aux mesures actuelles :<\/p>\n\n<figure class=\"wp-block-table\"><table>\n<thead>\n<tr>\n<th>Mesure<\/th>\n<th>Description<\/th>\n<th>Impact<\/th>\n<\/tr>\n<\/thead>\n<tbody>\n<tr>\n<td>Renforcement des patrouilles<\/td>\n<td>Augmentation des rondes de police autour de l&rsquo;\u00e9cole<\/td>\n<td>Rassurer les parents et dissuader les comportements suspects<\/td>\n<\/tr>\n<tr>\n<td>Collaboration avec l&rsquo;\u00e9cole<\/td>\n<td>R\u00e9unions r\u00e9guli\u00e8res entre les enseignants et la police<\/td>\n<td>Am\u00e9liorer la communication sur la s\u00e9curit\u00e9<\/td>\n<\/tr>\n<tr>\n<td>Vigilance accrue des parents<\/td>\n<td>Encouragement \u00e0 signaler les comportements suspects<\/td>\n<td>Cr\u00e9ation d&rsquo;une communaut\u00e9 vigilante<\/td>\n<\/tr>\n<\/tbody>\n<\/table><\/figure>\n\n<p>Les <strong>autorit\u00e9s<\/strong> s&rsquo;efforcent \u00e9galement d&rsquo;informer le public sur la mani\u00e8re de r\u00e9agir face \u00e0 de telles situations. Des flyers distribu\u00e9s dans les environs de l&rsquo;\u00e9cole tentent de sensibiliser au besoin de vigilance et de <strong>pr\u00e9vention<\/strong>. En collaborant avec la police et l&rsquo;\u00e9cole, une r\u00e9action collective \u00e9veille un sentiment d&rsquo;unit\u00e9 dans la communaut\u00e9 d&rsquo;Ajaccio.<\/p>\n\n<h2 class=\"wp-block-heading\">Le r\u00f4le de la communaut\u00e9 dans la pr\u00e9vention des incidents suspects<\/h2>\n\n<p>Cette vague d&rsquo;inqui\u00e9tude a \u00e9galement mis en lumi\u00e8re l&rsquo;importance du r\u00f4le de la communaut\u00e9. Les parents, les enseignants et les habitants jouent un r\u00f4le cl\u00e9 dans la s\u00e9curit\u00e9 des enfants. Une <strong>vigilance<\/strong> collective permet d&rsquo;assurer une protection suppl\u00e9mentaire contre les menaces potentielles.<\/p>\n\n<p>De nombreuses initiatives communautaires ont vu le jour, favorisant une mobilisation active. Parmi celles-ci, on retrouve :<\/p>\n\n<ul class=\"wp-block-list\"><li>Des r\u00e9unions communautaires, o\u00f9 chaque parent peut partager ses pr\u00e9occupations \ud83e\udd1d<\/li><li>La mise en place d&rsquo;un groupe de discussion en ligne sur la s\u00e9curit\u00e9 des enfants \ud83d\udcf1<\/li><li>Des formations sur la gestion des situations d&rsquo;urgence pour les enseignants et le personnel \u00e9ducatif \ud83c\udfeb<\/li><\/ul>\n\n<p>Ces actions renforcent non seulement la s\u00e9curit\u00e9 mais favoriseraient aussi un sentiment d&rsquo;appartenance \u00e0 une communaut\u00e9 impliqu\u00e9e. En cr\u00e9ant des liens entre les diff\u00e9rentes parties prenantes, des solutions efficaces peuvent \u00e9merger face aux incertitudes.<\/p>\n\n<h2 class=\"wp-block-heading\">Les retours des parents et des enseignants sur la situation<\/h2>\n\n<p>Les retours formul\u00e9s par les parents d&rsquo;\u00e9l\u00e8ves et le personnel enseignant permettent d&rsquo;appr\u00e9cier au mieux le climat actuel. Nombreux sont ceux qui se sont manifest\u00e9s, soit pour exprimer leur inqui\u00e9tude, soit pour applaudir les efforts d\u00e9ploy\u00e9s par les autorit\u00e9s.<\/p>\n\n<p>\u00c0 l&rsquo;\u00e9cole Charles-Bonafedi, plusieurs parents se sont r\u00e9unis pour aborder leurs pr\u00e9occupations. Voici quelques t\u00e9moignages recueillis :<\/p>\n\n<figure class=\"wp-block-table\"><table>\n<thead>\n<tr>\n<th>Type de retour<\/th>\n<th>T\u00e9moignages<\/th>\n<\/tr>\n<\/thead>\n<tbody>\n<tr>\n<td>Inqui\u00e9tude<\/td>\n<td>\u00ab Apr\u00e8s ce que j&rsquo;ai entendu, je doute beaucoup de la s\u00e9curit\u00e9 ! \u00bb<\/td>\n<\/tr>\n<tr>\n<td>Confiance<\/td>\n<td>\u00ab La r\u00e9ponse des autorit\u00e9s m&rsquo;a vraiment rassur\u00e9e. Ils sont \u00e0 l&rsquo;\u00e9coute ! \u00bb<\/td>\n<\/tr>\n<tr>\n<td>Participation<\/td>\n<td>\u00ab J&rsquo;aimerais participer aux r\u00e9unions pour aider \u00e0 am\u00e9liorer les mesures \u00bb<\/td>\n<\/tr>\n<\/tbody>\n<\/table><\/figure>\n\n<p>Ce mix de r\u00e9actions montre l\u2019importance de la communication et d\u2019une gestion transparente. Un engagement actif des parents favorise une atmosph\u00e8re s\u00e9curisante pour tous les enfants. Par ailleurs, la communication au sein de la communaut\u00e9 \u00e9ducative joue un r\u00f4le essentiel pour garantir la <strong>s\u00e9curit\u00e9<\/strong> des \u00e9l\u00e8ves.<\/p>\n\n<h2 class=\"wp-block-heading\">Conclusion des investigations et attentions \u00e0 garder<\/h2>\n\n<p>Alors que les investigations se poursuivent pour \u00e9valuer les \u00e9v\u00e9nements autour de l&rsquo;\u00e9cole Charles-Bonafedi, il est crucial de garder \u00e0 l&rsquo;esprit l&rsquo;importance de la vigilance. La solidarit\u00e9 entre parents, enseignants et autorit\u00e9s est fondamentale. En cr\u00e9ant une vigilance collective, il sera possible de construire un environnement o\u00f9 chacun se sent en s\u00e9curit\u00e9.<\/p>\n\n<p>Les mouvements suspects observ\u00e9s derni\u00e8rement \u00e0 Ajaccio rappellent \u00e0 quel point la <strong>s\u00e9curit\u00e9<\/strong> doit \u00eatre une priorit\u00e9 pour tous. En gardant une communication ouverte et transparente, chaque membre de la communaut\u00e9 peut contribuer \u00e0 un environnement scolaire plus s\u00fbr.<\/p>\n\n<h2 class=\"wp-block-heading\">FAQ<\/h2>\n\n<p><strong>Quels sont les signes de mouvements suspects \u00e0 signaler ?<\/strong><br>\nIl est important de faire attention \u00e0 des comportements inhabituels comme des v\u00e9hicules stationnant longtemps sans raison, ou des individus tra\u00eenant dans les environs sans but.<\/p>\n\n<p><strong>Comment les parents peuvent-ils aider \u00e0 la s\u00e9curit\u00e9 autour des \u00e9coles ?<\/strong><br>\nLes parents peuvent aider en restant attentifs \u00e0 leur environnement et en communiquant tout comportement suspect. Participer \u00e0 des r\u00e9unions, \u00e9changer des informations avec d&rsquo;autres parents, et s&rsquo;impliquer dans des initiatives de s\u00e9curit\u00e9 sont \u00e9galement tr\u00e8s b\u00e9n\u00e9fiques.<\/p>\n\n<p><strong>Quelles mesures sont mises en place par les autorit\u00e9s ?<\/strong><br>\nLes forces de l&rsquo;ordre intensifient les patrouilles autour des \u00e9coles et collaborent avec les \u00e9tablissements pour am\u00e9liorer la communication sur les questions de s\u00e9curit\u00e9.<\/p>\n\n<p><strong>Les rumeurs sur des r\u00e9seaux de p\u00e9docriminalit\u00e9 sont-elles fond\u00e9es ?<\/strong><br>\nActuellement, aucune preuve concr\u00e8te n&rsquo;a \u00e9t\u00e9 apport\u00e9e pour soutenir ces all\u00e9gations. Toutefois, ces rumeurs soulignent l&rsquo;importance d&rsquo;une vigilance accrue.<\/p>\n\n<p><strong>Les \u00e9coles organisent-elles des formations sur la s\u00e9curit\u00e9 ?<\/strong><br>\nOui, de nombreuses \u00e9coles mettent en place des formations pour le personnel \u00e9ducatif sur la gestion des urgences et des situations potentiellement dangereuses.<\/p>\n\n","protected":false},"excerpt":{"rendered":"<p>Dans les rues d&rsquo;Ajaccio, la tranquillit\u00e9 est parfois perturb\u00e9e par des mouvements suspects autour des \u00e9coles. R\u00e9cemment, une vague de rumeurs et d&rsquo;inqui\u00e9tudes a travers\u00e9 la communaut\u00e9 concernant des comportements \u00e9tranges aux abords de l&rsquo;\u00e9cole Charles-Bonafedi. Si ces \u00e9v\u00e9nements ont g\u00e9n\u00e9r\u00e9 un certain climat de tension, il est essentiel d&rsquo;examiner de pr\u00e8s les faits pour &#8230; <a title=\"Des mouvements suspects pr\u00e8s d&rsquo;une \u00e9cole \u00e0 Ajaccio : du bruit, une vigilance accrue mais aucun danger apparent\" class=\"read-more\" href=\"https:\/\/www.apres-lecole.fr\/Blog\/mouvements-suspects-ajaccio\/\" aria-label=\"En savoir plus sur Des mouvements suspects pr\u00e8s d&rsquo;une \u00e9cole \u00e0 Ajaccio : du bruit, une vigilance accrue mais aucun danger apparent\">Lire plus<\/a><\/p>\n","protected":false},"author":9,"featured_media":0,"comment_status":"open","ping_status":"open","sticky":false,"template":"","format":"standard","meta":{"footnotes":""},"categories":[342],"tags":[911,410,912,407,913],"class_list":["post-1960","post","type-post","status-publish","format-standard","hentry","category-actualites","tag-ajaccio","tag-ecole","tag-mouvements-suspects","tag-securite","tag-vigilance-accrue"],"yoast_head":"<!-- This site is optimized with the Yoast SEO plugin v27.5 - https:\/\/yoast.com\/product\/yoast-seo-wordpress\/ -->\n<title>Des bruits \u00e9tranges \u00e0 Ajaccio : vigilance renforc\u00e9e pr\u00e8s de l&#039;\u00e9cole<\/title>\n<meta name=\"description\" content=\"D\u00e9couvrez les derniers \u00e9v\u00e9nements \u00e0 Ajaccio concernant des mouvements suspects pr\u00e8s d&#039;une \u00e9cole. Bien que des bruits aient \u00e9t\u00e9 signal\u00e9s et une vigilance accrue recommand\u00e9e, aucune menace r\u00e9elle n&#039;a \u00e9t\u00e9 identifi\u00e9e. Restez inform\u00e9s et prot\u00e9g\u00e9s dans votre communaut\u00e9.\" \/>\n<meta name=\"robots\" content=\"index, follow, max-snippet:-1, max-image-preview:large, max-video-preview:-1\" \/>\n<link rel=\"canonical\" href=\"https:\/\/www.apres-lecole.fr\/Blog\/mouvements-suspects-ajaccio\/\" \/>\n<meta property=\"og:locale\" content=\"fr_FR\" \/>\n<meta property=\"og:type\" content=\"article\" \/>\n<meta property=\"og:title\" content=\"Des bruits \u00e9tranges \u00e0 Ajaccio : vigilance renforc\u00e9e pr\u00e8s de l&#039;\u00e9cole\" \/>\n<meta property=\"og:description\" content=\"D\u00e9couvrez les derniers \u00e9v\u00e9nements \u00e0 Ajaccio concernant des mouvements suspects pr\u00e8s d&#039;une \u00e9cole. Bien que des bruits aient \u00e9t\u00e9 signal\u00e9s et une vigilance accrue recommand\u00e9e, aucune menace r\u00e9elle n&#039;a \u00e9t\u00e9 identifi\u00e9e. Restez inform\u00e9s et prot\u00e9g\u00e9s dans votre communaut\u00e9.\" \/>\n<meta property=\"og:url\" content=\"https:\/\/www.apres-lecole.fr\/Blog\/mouvements-suspects-ajaccio\/\" \/>\n<meta property=\"article:published_time\" content=\"2025-05-20T08:11:24+00:00\" \/>\n<meta name=\"author\" content=\"Eva Martin\" \/>\n<meta name=\"twitter:card\" content=\"summary_large_image\" \/>\n<meta name=\"twitter:creator\" content=\"@Evaapresecole\" \/>\n<meta name=\"twitter:label1\" content=\"\u00c9crit par\" \/>\n\t<meta name=\"twitter:data1\" content=\"Eva Martin\" \/>\n\t<meta name=\"twitter:label2\" content=\"Dur\u00e9e de lecture estim\u00e9e\" \/>\n\t<meta name=\"twitter:data2\" content=\"6 minutes\" \/>\n<script type=\"application\/ld+json\" class=\"yoast-schema-graph\">{\"@context\":\"https:\\\/\\\/schema.org\",\"@graph\":[{\"@type\":\"Article\",\"@id\":\"https:\\\/\\\/www.apres-lecole.fr\\\/Blog\\\/mouvements-suspects-ajaccio\\\/#article\",\"isPartOf\":{\"@id\":\"https:\\\/\\\/www.apres-lecole.fr\\\/Blog\\\/mouvements-suspects-ajaccio\\\/\"},\"author\":{\"name\":\"Eva Martin\",\"@id\":\"https:\\\/\\\/www.apres-lecole.fr\\\/Blog\\\/#\\\/schema\\\/person\\\/aeb50cd4b51fc69da155804bb5bb9fc4\"},\"headline\":\"Des mouvements suspects pr\u00e8s d&rsquo;une \u00e9cole \u00e0 Ajaccio : du bruit, une vigilance accrue mais aucun danger apparent\",\"datePublished\":\"2025-05-20T08:11:24+00:00\",\"mainEntityOfPage\":{\"@id\":\"https:\\\/\\\/www.apres-lecole.fr\\\/Blog\\\/mouvements-suspects-ajaccio\\\/\"},\"wordCount\":1239,\"commentCount\":0,\"keywords\":[\"ajaccio\",\"\u00e9cole\",\"mouvements suspects\",\"s\u00e9curit\u00e9\",\"vigilance accrue\"],\"articleSection\":[\"Actualit\u00e9s\"],\"inLanguage\":\"fr-FR\",\"potentialAction\":[{\"@type\":\"CommentAction\",\"name\":\"Comment\",\"target\":[\"https:\\\/\\\/www.apres-lecole.fr\\\/Blog\\\/mouvements-suspects-ajaccio\\\/#respond\"]}]},{\"@type\":\"WebPage\",\"@id\":\"https:\\\/\\\/www.apres-lecole.fr\\\/Blog\\\/mouvements-suspects-ajaccio\\\/\",\"url\":\"https:\\\/\\\/www.apres-lecole.fr\\\/Blog\\\/mouvements-suspects-ajaccio\\\/\",\"name\":\"Des bruits \u00e9tranges \u00e0 Ajaccio : vigilance renforc\u00e9e pr\u00e8s de l'\u00e9cole\",\"isPartOf\":{\"@id\":\"https:\\\/\\\/www.apres-lecole.fr\\\/Blog\\\/#website\"},\"datePublished\":\"2025-05-20T08:11:24+00:00\",\"author\":{\"@id\":\"https:\\\/\\\/www.apres-lecole.fr\\\/Blog\\\/#\\\/schema\\\/person\\\/aeb50cd4b51fc69da155804bb5bb9fc4\"},\"description\":\"D\u00e9couvrez les derniers \u00e9v\u00e9nements \u00e0 Ajaccio concernant des mouvements suspects pr\u00e8s d'une \u00e9cole. Bien que des bruits aient \u00e9t\u00e9 signal\u00e9s et une vigilance accrue recommand\u00e9e, aucune menace r\u00e9elle n'a \u00e9t\u00e9 identifi\u00e9e. Restez inform\u00e9s et prot\u00e9g\u00e9s dans votre communaut\u00e9.\",\"breadcrumb\":{\"@id\":\"https:\\\/\\\/www.apres-lecole.fr\\\/Blog\\\/mouvements-suspects-ajaccio\\\/#breadcrumb\"},\"inLanguage\":\"fr-FR\",\"potentialAction\":[{\"@type\":\"ReadAction\",\"target\":[\"https:\\\/\\\/www.apres-lecole.fr\\\/Blog\\\/mouvements-suspects-ajaccio\\\/\"]}]},{\"@type\":\"BreadcrumbList\",\"@id\":\"https:\\\/\\\/www.apres-lecole.fr\\\/Blog\\\/mouvements-suspects-ajaccio\\\/#breadcrumb\",\"itemListElement\":[{\"@type\":\"ListItem\",\"position\":1,\"name\":\"Home\",\"item\":\"https:\\\/\\\/www.apres-lecole.fr\\\/Blog\\\/\"},{\"@type\":\"ListItem\",\"position\":2,\"name\":\"Des mouvements suspects pr\u00e8s d&rsquo;une \u00e9cole \u00e0 Ajaccio : du bruit, une vigilance accrue mais aucun danger apparent\"}]},{\"@type\":\"WebSite\",\"@id\":\"https:\\\/\\\/www.apres-lecole.fr\\\/Blog\\\/#website\",\"url\":\"https:\\\/\\\/www.apres-lecole.fr\\\/Blog\\\/\",\"name\":\"\",\"description\":\"M\u00e9dia g\u00e9n\u00e9raliste\",\"potentialAction\":[{\"@type\":\"SearchAction\",\"target\":{\"@type\":\"EntryPoint\",\"urlTemplate\":\"https:\\\/\\\/www.apres-lecole.fr\\\/Blog\\\/?s={search_term_string}\"},\"query-input\":{\"@type\":\"PropertyValueSpecification\",\"valueRequired\":true,\"valueName\":\"search_term_string\"}}],\"inLanguage\":\"fr-FR\"},{\"@type\":\"Person\",\"@id\":\"https:\\\/\\\/www.apres-lecole.fr\\\/Blog\\\/#\\\/schema\\\/person\\\/aeb50cd4b51fc69da155804bb5bb9fc4\",\"name\":\"Eva Martin\",\"image\":{\"@type\":\"ImageObject\",\"inLanguage\":\"fr-FR\",\"@id\":\"https:\\\/\\\/secure.gravatar.com\\\/avatar\\\/55c53222558b27a72015a64073a80edce4abd33369394b9bf2c5cd6c19d12682?s=96&d=mm&r=g\",\"url\":\"https:\\\/\\\/secure.gravatar.com\\\/avatar\\\/55c53222558b27a72015a64073a80edce4abd33369394b9bf2c5cd6c19d12682?s=96&d=mm&r=g\",\"contentUrl\":\"https:\\\/\\\/secure.gravatar.com\\\/avatar\\\/55c53222558b27a72015a64073a80edce4abd33369394b9bf2c5cd6c19d12682?s=96&d=mm&r=g\",\"caption\":\"Eva Martin\"},\"description\":\"Je parle de business et d'entrepreneuriat avec des conseils clairs, concrets et actionnables pour r\u00e9ussir\",\"sameAs\":[\"https:\\\/\\\/x.com\\\/Evaapresecole\"],\"url\":\"https:\\\/\\\/www.apres-lecole.fr\\\/Blog\\\/author\\\/evamartin\\\/\"}]}<\/script>\n<!-- \/ Yoast SEO plugin. -->","yoast_head_json":{"title":"Des bruits \u00e9tranges \u00e0 Ajaccio : vigilance renforc\u00e9e pr\u00e8s de l'\u00e9cole","description":"D\u00e9couvrez les derniers \u00e9v\u00e9nements \u00e0 Ajaccio concernant des mouvements suspects pr\u00e8s d'une \u00e9cole. Bien que des bruits aient \u00e9t\u00e9 signal\u00e9s et une vigilance accrue recommand\u00e9e, aucune menace r\u00e9elle n'a \u00e9t\u00e9 identifi\u00e9e. Restez inform\u00e9s et prot\u00e9g\u00e9s dans votre communaut\u00e9.","robots":{"index":"index","follow":"follow","max-snippet":"max-snippet:-1","max-image-preview":"max-image-preview:large","max-video-preview":"max-video-preview:-1"},"canonical":"https:\/\/www.apres-lecole.fr\/Blog\/mouvements-suspects-ajaccio\/","og_locale":"fr_FR","og_type":"article","og_title":"Des bruits \u00e9tranges \u00e0 Ajaccio : vigilance renforc\u00e9e pr\u00e8s de l'\u00e9cole","og_description":"D\u00e9couvrez les derniers \u00e9v\u00e9nements \u00e0 Ajaccio concernant des mouvements suspects pr\u00e8s d'une \u00e9cole. Bien que des bruits aient \u00e9t\u00e9 signal\u00e9s et une vigilance accrue recommand\u00e9e, aucune menace r\u00e9elle n'a \u00e9t\u00e9 identifi\u00e9e. Restez inform\u00e9s et prot\u00e9g\u00e9s dans votre communaut\u00e9.","og_url":"https:\/\/www.apres-lecole.fr\/Blog\/mouvements-suspects-ajaccio\/","article_published_time":"2025-05-20T08:11:24+00:00","author":"Eva Martin","twitter_card":"summary_large_image","twitter_creator":"@Evaapresecole","twitter_misc":{"\u00c9crit par":"Eva Martin","Dur\u00e9e de lecture estim\u00e9e":"6 minutes"},"schema":{"@context":"https:\/\/schema.org","@graph":[{"@type":"Article","@id":"https:\/\/www.apres-lecole.fr\/Blog\/mouvements-suspects-ajaccio\/#article","isPartOf":{"@id":"https:\/\/www.apres-lecole.fr\/Blog\/mouvements-suspects-ajaccio\/"},"author":{"name":"Eva Martin","@id":"https:\/\/www.apres-lecole.fr\/Blog\/#\/schema\/person\/aeb50cd4b51fc69da155804bb5bb9fc4"},"headline":"Des mouvements suspects pr\u00e8s d&rsquo;une \u00e9cole \u00e0 Ajaccio : du bruit, une vigilance accrue mais aucun danger apparent","datePublished":"2025-05-20T08:11:24+00:00","mainEntityOfPage":{"@id":"https:\/\/www.apres-lecole.fr\/Blog\/mouvements-suspects-ajaccio\/"},"wordCount":1239,"commentCount":0,"keywords":["ajaccio","\u00e9cole","mouvements suspects","s\u00e9curit\u00e9","vigilance accrue"],"articleSection":["Actualit\u00e9s"],"inLanguage":"fr-FR","potentialAction":[{"@type":"CommentAction","name":"Comment","target":["https:\/\/www.apres-lecole.fr\/Blog\/mouvements-suspects-ajaccio\/#respond"]}]},{"@type":"WebPage","@id":"https:\/\/www.apres-lecole.fr\/Blog\/mouvements-suspects-ajaccio\/","url":"https:\/\/www.apres-lecole.fr\/Blog\/mouvements-suspects-ajaccio\/","name":"Des bruits \u00e9tranges \u00e0 Ajaccio : vigilance renforc\u00e9e pr\u00e8s de l'\u00e9cole","isPartOf":{"@id":"https:\/\/www.apres-lecole.fr\/Blog\/#website"},"datePublished":"2025-05-20T08:11:24+00:00","author":{"@id":"https:\/\/www.apres-lecole.fr\/Blog\/#\/schema\/person\/aeb50cd4b51fc69da155804bb5bb9fc4"},"description":"D\u00e9couvrez les derniers \u00e9v\u00e9nements \u00e0 Ajaccio concernant des mouvements suspects pr\u00e8s d'une \u00e9cole. Bien que des bruits aient \u00e9t\u00e9 signal\u00e9s et une vigilance accrue recommand\u00e9e, aucune menace r\u00e9elle n'a \u00e9t\u00e9 identifi\u00e9e. Restez inform\u00e9s et prot\u00e9g\u00e9s dans votre communaut\u00e9.","breadcrumb":{"@id":"https:\/\/www.apres-lecole.fr\/Blog\/mouvements-suspects-ajaccio\/#breadcrumb"},"inLanguage":"fr-FR","potentialAction":[{"@type":"ReadAction","target":["https:\/\/www.apres-lecole.fr\/Blog\/mouvements-suspects-ajaccio\/"]}]},{"@type":"BreadcrumbList","@id":"https:\/\/www.apres-lecole.fr\/Blog\/mouvements-suspects-ajaccio\/#breadcrumb","itemListElement":[{"@type":"ListItem","position":1,"name":"Home","item":"https:\/\/www.apres-lecole.fr\/Blog\/"},{"@type":"ListItem","position":2,"name":"Des mouvements suspects pr\u00e8s d&rsquo;une \u00e9cole \u00e0 Ajaccio : du bruit, une vigilance accrue mais aucun danger apparent"}]},{"@type":"WebSite","@id":"https:\/\/www.apres-lecole.fr\/Blog\/#website","url":"https:\/\/www.apres-lecole.fr\/Blog\/","name":"","description":"M\u00e9dia g\u00e9n\u00e9raliste","potentialAction":[{"@type":"SearchAction","target":{"@type":"EntryPoint","urlTemplate":"https:\/\/www.apres-lecole.fr\/Blog\/?s={search_term_string}"},"query-input":{"@type":"PropertyValueSpecification","valueRequired":true,"valueName":"search_term_string"}}],"inLanguage":"fr-FR"},{"@type":"Person","@id":"https:\/\/www.apres-lecole.fr\/Blog\/#\/schema\/person\/aeb50cd4b51fc69da155804bb5bb9fc4","name":"Eva Martin","image":{"@type":"ImageObject","inLanguage":"fr-FR","@id":"https:\/\/secure.gravatar.com\/avatar\/55c53222558b27a72015a64073a80edce4abd33369394b9bf2c5cd6c19d12682?s=96&d=mm&r=g","url":"https:\/\/secure.gravatar.com\/avatar\/55c53222558b27a72015a64073a80edce4abd33369394b9bf2c5cd6c19d12682?s=96&d=mm&r=g","contentUrl":"https:\/\/secure.gravatar.com\/avatar\/55c53222558b27a72015a64073a80edce4abd33369394b9bf2c5cd6c19d12682?s=96&d=mm&r=g","caption":"Eva Martin"},"description":"Je parle de business et d'entrepreneuriat avec des conseils clairs, concrets et actionnables pour r\u00e9ussir","sameAs":["https:\/\/x.com\/Evaapresecole"],"url":"https:\/\/www.apres-lecole.fr\/Blog\/author\/evamartin\/"}]}},"views":5,"_links":{"self":[{"href":"https:\/\/www.apres-lecole.fr\/Blog\/wp-json\/wp\/v2\/posts\/1960","targetHints":{"allow":["GET"]}}],"collection":[{"href":"https:\/\/www.apres-lecole.fr\/Blog\/wp-json\/wp\/v2\/posts"}],"about":[{"href":"https:\/\/www.apres-lecole.fr\/Blog\/wp-json\/wp\/v2\/types\/post"}],"author":[{"embeddable":true,"href":"https:\/\/www.apres-lecole.fr\/Blog\/wp-json\/wp\/v2\/users\/9"}],"replies":[{"embeddable":true,"href":"https:\/\/www.apres-lecole.fr\/Blog\/wp-json\/wp\/v2\/comments?post=1960"}],"version-history":[{"count":0,"href":"https:\/\/www.apres-lecole.fr\/Blog\/wp-json\/wp\/v2\/posts\/1960\/revisions"}],"wp:attachment":[{"href":"https:\/\/www.apres-lecole.fr\/Blog\/wp-json\/wp\/v2\/media?parent=1960"}],"wp:term":[{"taxonomy":"category","embeddable":true,"href":"https:\/\/www.apres-lecole.fr\/Blog\/wp-json\/wp\/v2\/categories?post=1960"},{"taxonomy":"post_tag","embeddable":true,"href":"https:\/\/www.apres-lecole.fr\/Blog\/wp-json\/wp\/v2\/tags?post=1960"}],"curies":[{"name":"wp","href":"https:\/\/api.w.org\/{rel}","templated":true}]}}