{"id":1958,"date":"2025-05-19T07:15:01","date_gmt":"2025-05-19T07:15:01","guid":{"rendered":"https:\/\/www.apres-lecole.fr\/Blog\/panique-ecole-tarbes-menaces\/"},"modified":"2025-05-19T07:15:01","modified_gmt":"2025-05-19T07:15:01","slug":"panique-ecole-tarbes-menaces","status":"publish","type":"post","link":"https:\/\/www.apres-lecole.fr\/Blog\/panique-ecole-tarbes-menaces\/","title":{"rendered":"un homme seme la panique dans une \u00e9cole primaire de Tarbes avec des menaces alarmantes"},"content":{"rendered":"\n\n<div class=\"kk-star-ratings kksr-auto kksr-align-left kksr-valign-top\"\n    data-payload='{&quot;align&quot;:&quot;left&quot;,&quot;id&quot;:&quot;1958&quot;,&quot;slug&quot;:&quot;default&quot;,&quot;valign&quot;:&quot;top&quot;,&quot;ignore&quot;:&quot;&quot;,&quot;reference&quot;:&quot;auto&quot;,&quot;class&quot;:&quot;&quot;,&quot;count&quot;:&quot;0&quot;,&quot;legendonly&quot;:&quot;&quot;,&quot;readonly&quot;:&quot;&quot;,&quot;score&quot;:&quot;0&quot;,&quot;starsonly&quot;:&quot;&quot;,&quot;best&quot;:&quot;5&quot;,&quot;gap&quot;:&quot;5&quot;,&quot;greet&quot;:&quot;Rate this post&quot;,&quot;legend&quot;:&quot;0\\\/5 - (0 vote)&quot;,&quot;size&quot;:&quot;24&quot;,&quot;title&quot;:&quot;un homme seme la panique dans une \u00e9cole primaire de Tarbes avec des menaces alarmantes&quot;,&quot;width&quot;:&quot;0&quot;,&quot;_legend&quot;:&quot;{score}\\\/{best} - ({count} {votes})&quot;,&quot;font_factor&quot;:&quot;1.25&quot;}'>\n            \n<div class=\"kksr-stars\">\n    \n<div class=\"kksr-stars-inactive\">\n            <div class=\"kksr-star\" data-star=\"1\" style=\"padding-right: 5px\">\n            \n\n<div class=\"kksr-icon\" style=\"width: 24px; height: 24px;\"><\/div>\n        <\/div>\n            <div class=\"kksr-star\" data-star=\"2\" style=\"padding-right: 5px\">\n            \n\n<div class=\"kksr-icon\" style=\"width: 24px; height: 24px;\"><\/div>\n        <\/div>\n            <div class=\"kksr-star\" data-star=\"3\" style=\"padding-right: 5px\">\n            \n\n<div class=\"kksr-icon\" style=\"width: 24px; height: 24px;\"><\/div>\n        <\/div>\n            <div class=\"kksr-star\" data-star=\"4\" style=\"padding-right: 5px\">\n            \n\n<div class=\"kksr-icon\" style=\"width: 24px; height: 24px;\"><\/div>\n        <\/div>\n            <div class=\"kksr-star\" data-star=\"5\" style=\"padding-right: 5px\">\n            \n\n<div class=\"kksr-icon\" style=\"width: 24px; height: 24px;\"><\/div>\n        <\/div>\n    <\/div>\n    \n<div class=\"kksr-stars-active\" style=\"width: 0px;\">\n            <div class=\"kksr-star\" style=\"padding-right: 5px\">\n            \n\n<div class=\"kksr-icon\" style=\"width: 24px; height: 24px;\"><\/div>\n        <\/div>\n            <div class=\"kksr-star\" style=\"padding-right: 5px\">\n            \n\n<div class=\"kksr-icon\" style=\"width: 24px; height: 24px;\"><\/div>\n        <\/div>\n            <div class=\"kksr-star\" style=\"padding-right: 5px\">\n            \n\n<div class=\"kksr-icon\" style=\"width: 24px; height: 24px;\"><\/div>\n        <\/div>\n            <div class=\"kksr-star\" style=\"padding-right: 5px\">\n            \n\n<div class=\"kksr-icon\" style=\"width: 24px; height: 24px;\"><\/div>\n        <\/div>\n            <div class=\"kksr-star\" style=\"padding-right: 5px\">\n            \n\n<div class=\"kksr-icon\" style=\"width: 24px; height: 24px;\"><\/div>\n        <\/div>\n    <\/div>\n<\/div>\n                \n\n<div class=\"kksr-legend\" style=\"font-size: 19.2px;\">\n            <span class=\"kksr-muted\">Rate this post<\/span>\n    <\/div>\n    <\/div>\n<p>La situation est digne d&rsquo;un thriller, mais elle est bien r\u00e9elle. Ce jeudi 15 mai 2025, \u00e0 7h30, l&rsquo;\u00e9cole primaire Jean-Mac\u00e9\/Arago \u00e0 Tarbes, dans les Hautes-Pyr\u00e9n\u00e9es, a \u00e9t\u00e9 le th\u00e9\u00e2tre d&rsquo;une intrusion particuli\u00e8rement inqui\u00e9tante, marqu\u00e9e par des cris et des menaces qui ont fait fr\u00e9mir les parents et le personnel \u00e9ducatif. Comment cet \u00e9v\u00e9nement a-t-il pu se produire, et quelles sont les r\u00e9percussions sur la s\u00e9curit\u00e9 dans nos \u00e9coles ? Plongeons au c\u0153ur de ce fait divers qui a secou\u00e9 la communaut\u00e9 locale.<\/p>\n\n<h2 class=\"wp-block-heading\">Le d\u00e9roulement des faits : une intrusion alarmante<\/h2>\n\n<p>Ce matin-l\u00e0, alors que les parents accompagnaient leurs enfants \u00e0 l&rsquo;\u00e9cole, un homme de 41 ans, d\u00e9j\u00e0 connu des services judiciaires, a r\u00e9ussi \u00e0 franchir les barri\u00e8res de s\u00e9curit\u00e9 de l&rsquo;\u00e9tablissement. Profitant de la l\u2019effervescence du moment, il s&rsquo;est gliss\u00e9 \u00e0 l&rsquo;int\u00e9rieur d\u00e8s l&rsquo;ouverture du portail. Les t\u00e9moins de la sc\u00e8ne se sont souvent demand\u00e9s : comment un individu avec un pass\u00e9 judiciaire aussi lourd a-t-il pu acc\u00e9der si facilement \u00e0 une \u00e9cole ?<\/p>\n\n<h3 class=\"wp-block-heading\">Des cris angoissants dans l&rsquo;\u00e9tablissement<\/h3>\n\n<p>Une fois \u00e0 l&rsquo;int\u00e9rieur, l&rsquo;individu a commenc\u00e9 \u00e0 hurler des propos alarmants, tels que \u00ab Allah Akbar \u00bb, tout en filmant ses actes \u00e0 l&rsquo;aide d&rsquo;un t\u00e9l\u00e9phone portable. Ces cris ont imm\u00e9diatement suscit\u00e9 la panique parmi les parents, les enfants et le personnel. La pr\u00e9sence d&rsquo;une telle menace dans un cadre scolaire, traditionnellement per\u00e7u comme un havre de paix, fait r\u00e9fl\u00e9chir sur la s\u00e9curit\u00e9 \u00e9ducative dans notre soci\u00e9t\u00e9 actuelle.<\/p>\n\n<p>Il est crucial de se poser la question : quelles mesures \u00e9taient en place pour pr\u00e9venir une telle intrusion ? M\u00eame si l&rsquo;\u00e9cole Jean-Mac\u00e9\/Arago a des syst\u00e8mes de s\u00e9curit\u00e9 en place, comme la vigilance des agents de s\u00e9curit\u00e9 et des proc\u00e9dures d&rsquo;acc\u00e8s, l&rsquo;incident met en lumi\u00e8re des failles potentielles. Par ailleurs, les institutions comme la <strong>Protection Enfance<\/strong> et le <strong>Institut National de Pr\u00e9vention<\/strong> doivent redoubler d&rsquo;efforts pour sensibiliser les \u00e9tablissements scolaires aux dangers d&rsquo;intrusions ext\u00e9rieures.<\/p>\n\n<h3 class=\"wp-block-heading\">R\u00e9actions imm\u00e9diates et intervention des autorit\u00e9s<\/h3>\n\n<p>Face \u00e0 cette situation chaotique, des membres du personnel scolaire ont tent\u00e9 de calmer les choses. Lorsque l&rsquo;un d&rsquo;eux s&rsquo;est approch\u00e9 pour interroger l&rsquo;intrus sur ses motivations, celui-ci a r\u00e9agi de mani\u00e8re violente en prof\u00e9rant des menaces de d\u00e9capitation. Une atmosph\u00e8re de peur totale s&rsquo;est alors install\u00e9e, illustrant l&rsquo;impact de ces situations sur la sant\u00e9 mentale des enfants et des employ\u00e9s.<\/p>\n\n<p>La <strong>Police Nationale<\/strong> et la <strong>Gendarmerie<\/strong> ont \u00e9t\u00e9 alert\u00e9es presque imm\u00e9diatement. En moins de 20 minutes, les forces de l&rsquo;ordre \u00e9taient sur place et ont s\u00e9curis\u00e9 l&rsquo;\u00e9tablissement. Le mis en cause a \u00e9t\u00e9 plac\u00e9 en garde \u00e0 vue, et selon les policiers qui l&rsquo;ont interrog\u00e9, il pr\u00e9sentait des <strong>troubles psychiatriques<\/strong> qui pourraient expliquer son comportement. Il est inqui\u00e9tant de constater que malgr\u00e9 ces ant\u00e9c\u00e9dents, une telle personne ait pu c\u00f4toyer des enfants.<\/p>\n\n<figure class=\"wp-block-table\"><table>\n<thead>\n<tr>\n<th>Aspect<\/th>\n<th>D\u00e9tails<\/th>\n<\/tr>\n<\/thead>\n<tbody>\n<tr>\n<td>Date<\/td>\n<td>15 mai 2025<\/td>\n<\/tr>\n<tr>\n<td>Lieu<\/td>\n<td>\u00c9cole Jean-Mac\u00e9\/Arago, Tarbes<\/td>\n<\/tr>\n<tr>\n<td>Heure de l&rsquo;incident<\/td>\n<td>7h30<\/td>\n<\/tr>\n<tr>\n<td>\u00c2ge de l&rsquo;intrus<\/td>\n<td>41 ans<\/td>\n<\/tr>\n<tr>\n<td>Actions de l&rsquo;intrus<\/td>\n<td>Propos alarmants, menaces de d\u00e9capitation<\/td>\n<\/tr>\n<tr>\n<td>Intervention des autorit\u00e9s<\/td>\n<td>Police Nationale et Gendarmerie<\/td>\n<\/tr>\n<\/tbody>\n<\/table><\/figure>\n\n<h2 class=\"wp-block-heading\">Les implications de cette intrusion sur la s\u00e9curit\u00e9 scolaire<\/h2>\n\n<p>Un fait similaire soul\u00e8ve de nombreuses interrogations sur les proc\u00e9dures de s\u00e9curit\u00e9 dans les \u00e9coles. Comment les \u00e9tablissements peuvent-ils garantir la s\u00e9curit\u00e9 des enfants et du personnel ? La r\u00e9ponse \u00e0 cette question n&rsquo;est pas si simple. Il convient de d\u00e9velopper une culture de la s\u00e9curit\u00e9 au sein de chaque \u00e9cole, int\u00e9grant \u00e0 la fois des mesures physiques, des formations aux interventions d&rsquo;urgence et une sensibilisation plus vaste des parents sur les enjeux de la s\u00e9curit\u00e9 \u00e9ducative.<\/p>\n\n<h3 class=\"wp-block-heading\">Un besoin accru de vigilance et d&rsquo;actions pr\u00e9ventives<\/h3>\n\n<p>La mise en place d&rsquo;un environnement s\u00e9curis\u00e9 repose sur plusieurs axes :<\/p>\n\n<ul class=\"wp-block-list\"><li>Formation r\u00e9guli\u00e8re des enseignants et du personnel \u00e9ducatif sur la gestion des crises \ud83d\ude1f<\/li><li>Installations de dispositifs de s\u00e9curit\u00e9 avanc\u00e9s, comme des syst\u00e8mes d&rsquo;alarme et de surveillance \ud83d\udee1\ufe0f<\/li><li>Collaboration \u00e9troite avec les autorit\u00e9s locales pour anticiper des \u00e9v\u00e9nements similaires \ud83d\ude93<\/li><li>Programmes d&rsquo;\u00e9ducation des enfants sur la s\u00e9curit\u00e9 personnelle et la reconnaissance des situations d&rsquo;urgence \ud83d\udcda<\/li><\/ul>\n\n<p>Les cons\u00e9quences psychologiques d&rsquo;un tel \u00e9v\u00e9nement peuvent \u00eatre profondes. Les enfants peuvent ressentir un sentiment d&rsquo;ins\u00e9curit\u00e9 m\u00eame \u00e0 l&rsquo;int\u00e9rieur de leur lieu d&rsquo;apprentissage et d&rsquo;\u00e9panouissement. Il est donc imp\u00e9ratif que des mesures soient mises en place pour les soutenir psychologiquement apr\u00e8s une telle exp\u00e9rience. La <strong>Soci\u00e9t\u00e9 de Surveillance<\/strong> pourrait jouer un r\u00f4le essentiel en int\u00e9grant des professionnels de la sant\u00e9 mentale dans leurs \u00e9quipes.<\/p>\n\n<h3 class=\"wp-block-heading\">Un soutien holistique n\u00e9cessaire<\/h3>\n\n<p>Dans la foul\u00e9e de cet incident, la communaut\u00e9 \u00e9ducative doit aussi se mobiliser. La mise en place de r\u00e9unions d&rsquo;information o\u00f9 les parents peuvent poser des questions, exprimer leurs craintes et partager des avis pourrait vraiment renforcer la confiance entre l&rsquo;\u00e9cole et les familles. Les parents doivent savoir que leurs enfants sont en s\u00e9curit\u00e9 et que toutes les actions n\u00e9cessaires sont prises pour se pr\u00e9munir contre de futures agressions.<\/p>\n\n<figure class=\"wp-block-table\"><table>\n<thead>\n<tr>\n<th>Mesures propos\u00e9es<\/th>\n<th>Objectif<\/th>\n<\/tr>\n<\/thead>\n<tbody>\n<tr>\n<td>Formation du personnel<\/td>\n<td>Pr\u00e9parer le personnel \u00e0 g\u00e9rer des situations de crise<\/td>\n<\/tr>\n<tr>\n<td>Panneaux d&rsquo;alerte informatifs<\/td>\n<td>Informer les parents sur les situations d&rsquo;urgence<\/td>\n<\/tr>\n<tr>\n<td>Ateliers de sensibilisation<\/td>\n<td>Former les enfants sur la s\u00e9curit\u00e9 et le comportement \u00e0 adopter<\/td>\n<\/tr>\n<tr>\n<td>Consultations psychologiques<\/td>\n<td>Offrir un soutien \u00e9motionnel apr\u00e8s des \u00e9v\u00e9nements traumatisants<\/td>\n<\/tr>\n<\/tbody>\n<\/table><\/figure>\n\n<h2 class=\"wp-block-heading\">R\u00e9ponses des autorit\u00e9s et des m\u00e9dias<\/h2>\n\n<p>L&rsquo;incident a attir\u00e9 l&rsquo;attention des m\u00e9dias \u00e0 travers tout le pays. Les articles se multiplient, exposant non seulement le fait divers en lui-m\u00eame, mais aussi les questions de s\u00e9curit\u00e9 publique sous-jacentes. Que ce soit dans des m\u00e9dias traditionnels comme le <a href=\"https:\/\/www.valeursactuelles.com\/regions\/occitanie\/hautes-pyrenees\/tarbes\/faits-divers\/info-va-tarbes-allah-akbar-un-etranger-interpelle-puis-relache-apres-setre-introduit-dans-une-ecole-et-avoir-menace-le-personnel\">JDD<\/a>, CNEWS ou sur les sites d&rsquo;actualit\u00e9s en ligne tels que <a href=\"https:\/\/www.ladepeche.fr\/2025\/05\/16\/intrusion-et-menace-de-mort-dans-une-ecole-ultra-securisee-le-maire-et-la-directrice-academique-prennent-laffaire-tres-au-serieux-12700113.php\">La D\u00e9p\u00eache<\/a>, on s&rsquo;interroge sur le syst\u00e8me de s\u00e9curit\u00e9 qui entoure les \u00e9coles fran\u00e7aises. Au-del\u00e0 du fait divers, c\u2019est la mani\u00e8re dont les autorit\u00e9s g\u00e8rent de telles situations qui est mise en lumi\u00e8re.<\/p>\n\n<h3 class=\"wp-block-heading\">Le r\u00f4le des m\u00e9dias dans l&rsquo;information et la sensibilisation<\/h3>\n\n<p>Les m\u00e9dias jouent un r\u00f4le \u00e0 plusieurs niveaux. Ils informent le public en temps r\u00e9el sur les \u00e9v\u00e9nements, mais \u00e9galement, ils permettent de poser des questions cruciales sur la s\u00e9curit\u00e9 et la pr\u00e9vention dans les \u00e9tablissements scolaires.<\/p>\n\n<ul class=\"wp-block-list\"><li>Sensibiliser sur la n\u00e9cessit\u00e9 des mesures de s\u00e9curit\u00e9 \ud83d\udee1\ufe0f<\/li><li>\u00c9veiller les consciences sur la gestion des risques dans le milieu \u00e9ducatif \ud83d\udcd6<\/li><li>Fournir des plateformes de discussion pour les parents et les professionnels de l&rsquo;\u00e9ducation \ud83e\udd1d<\/li><\/ul>\n\n<p>Ainsi, les articles sur ces \u00e9v\u00e9nements doivent \u00eatre trait\u00e9s avec un double objectif : informer et pr\u00e9venir. Une bonne information permet de ne pas c\u00e9der \u00e0 la panique tout en rappelant l\u2019importance de s\u00e9curiser nos \u00e9coles. Ces \u00e9v\u00e9nements tragiques nous rappellent en permanence que la vigilance et la coop\u00e9ration entre parents, enseignants et autorit\u00e9s sont essentielles.<\/p>\n\n<h2 class=\"wp-block-heading\">Les suites judiciaires et leurs enjeux<\/h2>\n\n<p>Apr\u00e8s l&rsquo;incident, une enqu\u00eate a \u00e9t\u00e9 ouverte pour comprendre les circonstances entourant cette intrusion. L&rsquo;individu, qui a \u00e9t\u00e9 interpell\u00e9 puis plac\u00e9 en garde \u00e0 vue, sera demain face \u00e0 la justice pour r\u00e9pondre des faits qui lui sont reproch\u00e9s. La <strong>Protection Civile<\/strong> suit \u00e9galement l&rsquo;affaire de pr\u00e8s pour s&rsquo;assurer que toutes les proc\u00e9dures ad\u00e9quates sont respect\u00e9es et que les droits de l&rsquo;individu sont respect\u00e9s.<\/p>\n\n<p>La justice se doit d&rsquo;agir avec discernement, car il est capital de ne pas n\u00e9gliger la sant\u00e9 mentale de l&rsquo;individu tout en garantissant la s\u00e9curit\u00e9 des enfants. La soci\u00e9t\u00e9 de surveillance doit \u00e9galement jouer un r\u00f4le de m\u00e9diateur, cr\u00e9ant un espace o\u00f9 les victimes et les auteurs peuvent trouver une forme de r\u00e9habilitation et de dialogue.<\/p>\n\n<figure class=\"wp-block-table\"><table>\n<thead>\n<tr>\n<th>Processus judiciaire<\/th>\n<th>Objectif<\/th>\n<\/tr>\n<\/thead>\n<tbody>\n<tr>\n<td>Placement en garde \u00e0 vue<\/td>\n<td>\u00c9valuation de la situation<\/td>\n<\/tr>\n<tr>\n<td>Apparition devant un juge<\/td>\n<td>D\u00e9terminer des mesures de d\u00e9tention ou de lib\u00e9ration<\/td>\n<\/tr>\n<tr>\n<td>Suivi psychologique<\/td>\n<td>\u00c9valuer l&rsquo;\u00e9tat mental de l&rsquo;individu<\/td>\n<\/tr>\n<tr>\n<td>Collaboration avec les services sociaux<\/td>\n<td>Pr\u00e9venir la r\u00e9cidive et proposer des alternatives<\/td>\n<\/tr>\n<\/tbody>\n<\/table><\/figure>\n\n<h2 class=\"wp-block-heading\">FAQ<\/h2>\n\n<h3 class=\"wp-block-heading\">Quelles sont les mesures de s\u00e9curit\u00e9 dans les \u00e9coles ?<\/h3>\n\n<p>Les \u00e9tablissements scolaires doivent mettre en place des syst\u00e8mes de s\u00e9curit\u00e9, des formations pour le personnel, et sensibiliser les \u00e9l\u00e8ves sur les comportements \u00e0 adopter en cas de danger.<\/p>\n\n<h3 class=\"wp-block-heading\">Que s&rsquo;est-il pass\u00e9 exactement \u00e0 Tarbes ?<\/h3>\n\n<p>Un homme s&rsquo;est introduit dans une \u00e9cole primaire \u00e0 Tarbes, prof\u00e9rant des menaces et des cris alarmants. Ses actions ont g\u00e9n\u00e9r\u00e9 la panique parmi les parents et le personnel scolaire.<\/p>\n\n<h3 class=\"wp-block-heading\">Quelles sont les d\u00e9marches judiciaires entreprises ?<\/h3>\n\n<p>L&rsquo;individu a \u00e9t\u00e9 interpell\u00e9 par la police et fera face \u00e0 la justice pour des faits de menace sur personnel en mission de service public et d&rsquo;intrusion dans un \u00e9tablissement scolaire.<\/p>\n\n<h3 class=\"wp-block-heading\">Comment les parents peuvent-ils r\u00e9agir apr\u00e8s un tel \u00e9v\u00e9nement ?<\/h3>\n\n<p>Il est important que les parents discutent avec leurs enfants pour apaiser leurs craintes et qu&rsquo;ils se renseignent sur les mesures de s\u00e9curit\u00e9 mises en place par l&rsquo;\u00e9tablissement.<\/p>\n\n<h3 class=\"wp-block-heading\">Quel est le r\u00f4le des m\u00e9dias dans ce type d&rsquo;incident ?<\/h3>\n\n<p>Les m\u00e9dias informent le public sur l&rsquo;incident, mais ils jouent \u00e9galement un r\u00f4le essentiel dans la sensibilisation \u00e0 la s\u00e9curit\u00e9 et \u00e0 la pr\u00e9vention des risques dans les \u00e9tablissements scolaires.<\/p>\n\n<p>\u00c0 la lumi\u00e8re de cette incursion troublante et des questions qu&rsquo;elle soul\u00e8ve sur la s\u00e9curit\u00e9 dans nos \u00e9coles, il est \u00e9vident que chaque acteur, qu&rsquo;il s&rsquo;agisse des enseignants, des parents ou des autorit\u00e9s, doit r\u00e9agir pour veiller \u00e0 la s\u00e9curit\u00e9 de nos enfants.<\/p>\n\n","protected":false},"excerpt":{"rendered":"<p>La situation est digne d&rsquo;un thriller, mais elle est bien r\u00e9elle. Ce jeudi 15 mai 2025, \u00e0 7h30, l&rsquo;\u00e9cole primaire Jean-Mac\u00e9\/Arago \u00e0 Tarbes, dans les Hautes-Pyr\u00e9n\u00e9es, a \u00e9t\u00e9 le th\u00e9\u00e2tre d&rsquo;une intrusion particuli\u00e8rement inqui\u00e9tante, marqu\u00e9e par des cris et des menaces qui ont fait fr\u00e9mir les parents et le personnel \u00e9ducatif. Comment cet \u00e9v\u00e9nement a-t-il &#8230; <a title=\"un homme seme la panique dans une \u00e9cole primaire de Tarbes avec des menaces alarmantes\" class=\"read-more\" href=\"https:\/\/www.apres-lecole.fr\/Blog\/panique-ecole-tarbes-menaces\/\" aria-label=\"En savoir plus sur un homme seme la panique dans une \u00e9cole primaire de Tarbes avec des menaces alarmantes\">Lire plus<\/a><\/p>\n","protected":false},"author":9,"featured_media":0,"comment_status":"open","ping_status":"open","sticky":false,"template":"","format":"standard","meta":{"footnotes":""},"categories":[342],"tags":[904,905,907,906,901],"class_list":["post-1958","post","type-post","status-publish","format-standard","hentry","category-actualites","tag-ecole-primaire","tag-homme","tag-menaces-alarmantes","tag-panique","tag-tarbes"],"yoast_head":"<!-- This site is optimized with the Yoast SEO plugin v27.5 - https:\/\/yoast.com\/product\/yoast-seo-wordpress\/ -->\n<title>Un homme s\u00e8me la terreur dans une \u00e9cole de Tarbes<\/title>\n<meta name=\"description\" content=\"D\u00e9couvrez les d\u00e9tails d&#039;un incident alarmant survenu \u00e0 Tarbes, o\u00f9 un homme a sem\u00e9 la panique dans une \u00e9cole primaire en prof\u00e9rant des menaces inqui\u00e9tantes. Restez inform\u00e9 des r\u00e9actions des autorit\u00e9s et de la s\u00e9curit\u00e9 des \u00e9l\u00e8ves.\" \/>\n<meta name=\"robots\" content=\"index, follow, max-snippet:-1, max-image-preview:large, max-video-preview:-1\" \/>\n<link rel=\"canonical\" href=\"https:\/\/www.apres-lecole.fr\/Blog\/panique-ecole-tarbes-menaces\/\" \/>\n<meta property=\"og:locale\" content=\"fr_FR\" \/>\n<meta property=\"og:type\" content=\"article\" \/>\n<meta property=\"og:title\" content=\"Un homme s\u00e8me la terreur dans une \u00e9cole de Tarbes\" \/>\n<meta property=\"og:description\" content=\"D\u00e9couvrez les d\u00e9tails d&#039;un incident alarmant survenu \u00e0 Tarbes, o\u00f9 un homme a sem\u00e9 la panique dans une \u00e9cole primaire en prof\u00e9rant des menaces inqui\u00e9tantes. Restez inform\u00e9 des r\u00e9actions des autorit\u00e9s et de la s\u00e9curit\u00e9 des \u00e9l\u00e8ves.\" \/>\n<meta property=\"og:url\" content=\"https:\/\/www.apres-lecole.fr\/Blog\/panique-ecole-tarbes-menaces\/\" \/>\n<meta property=\"article:published_time\" content=\"2025-05-19T07:15:01+00:00\" \/>\n<meta name=\"author\" content=\"Eva Martin\" \/>\n<meta name=\"twitter:card\" content=\"summary_large_image\" \/>\n<meta name=\"twitter:creator\" content=\"@Evaapresecole\" \/>\n<meta name=\"twitter:label1\" content=\"\u00c9crit par\" \/>\n\t<meta name=\"twitter:data1\" content=\"Eva Martin\" \/>\n\t<meta name=\"twitter:label2\" content=\"Dur\u00e9e de lecture estim\u00e9e\" \/>\n\t<meta name=\"twitter:data2\" content=\"8 minutes\" \/>\n<script type=\"application\/ld+json\" class=\"yoast-schema-graph\">{\"@context\":\"https:\\\/\\\/schema.org\",\"@graph\":[{\"@type\":\"Article\",\"@id\":\"https:\\\/\\\/www.apres-lecole.fr\\\/Blog\\\/panique-ecole-tarbes-menaces\\\/#article\",\"isPartOf\":{\"@id\":\"https:\\\/\\\/www.apres-lecole.fr\\\/Blog\\\/panique-ecole-tarbes-menaces\\\/\"},\"author\":{\"name\":\"Eva Martin\",\"@id\":\"https:\\\/\\\/www.apres-lecole.fr\\\/Blog\\\/#\\\/schema\\\/person\\\/aeb50cd4b51fc69da155804bb5bb9fc4\"},\"headline\":\"un homme seme la panique dans une \u00e9cole primaire de Tarbes avec des menaces alarmantes\",\"datePublished\":\"2025-05-19T07:15:01+00:00\",\"mainEntityOfPage\":{\"@id\":\"https:\\\/\\\/www.apres-lecole.fr\\\/Blog\\\/panique-ecole-tarbes-menaces\\\/\"},\"wordCount\":1689,\"commentCount\":0,\"keywords\":[\"\u00e9cole primaire\",\"homme\",\"menaces alarmantes\",\"panique\",\"tarbes\"],\"articleSection\":[\"Actualit\u00e9s\"],\"inLanguage\":\"fr-FR\",\"potentialAction\":[{\"@type\":\"CommentAction\",\"name\":\"Comment\",\"target\":[\"https:\\\/\\\/www.apres-lecole.fr\\\/Blog\\\/panique-ecole-tarbes-menaces\\\/#respond\"]}]},{\"@type\":\"WebPage\",\"@id\":\"https:\\\/\\\/www.apres-lecole.fr\\\/Blog\\\/panique-ecole-tarbes-menaces\\\/\",\"url\":\"https:\\\/\\\/www.apres-lecole.fr\\\/Blog\\\/panique-ecole-tarbes-menaces\\\/\",\"name\":\"Un homme s\u00e8me la terreur dans une \u00e9cole de Tarbes\",\"isPartOf\":{\"@id\":\"https:\\\/\\\/www.apres-lecole.fr\\\/Blog\\\/#website\"},\"datePublished\":\"2025-05-19T07:15:01+00:00\",\"author\":{\"@id\":\"https:\\\/\\\/www.apres-lecole.fr\\\/Blog\\\/#\\\/schema\\\/person\\\/aeb50cd4b51fc69da155804bb5bb9fc4\"},\"description\":\"D\u00e9couvrez les d\u00e9tails d'un incident alarmant survenu \u00e0 Tarbes, o\u00f9 un homme a sem\u00e9 la panique dans une \u00e9cole primaire en prof\u00e9rant des menaces inqui\u00e9tantes. Restez inform\u00e9 des r\u00e9actions des autorit\u00e9s et de la s\u00e9curit\u00e9 des \u00e9l\u00e8ves.\",\"breadcrumb\":{\"@id\":\"https:\\\/\\\/www.apres-lecole.fr\\\/Blog\\\/panique-ecole-tarbes-menaces\\\/#breadcrumb\"},\"inLanguage\":\"fr-FR\",\"potentialAction\":[{\"@type\":\"ReadAction\",\"target\":[\"https:\\\/\\\/www.apres-lecole.fr\\\/Blog\\\/panique-ecole-tarbes-menaces\\\/\"]}]},{\"@type\":\"BreadcrumbList\",\"@id\":\"https:\\\/\\\/www.apres-lecole.fr\\\/Blog\\\/panique-ecole-tarbes-menaces\\\/#breadcrumb\",\"itemListElement\":[{\"@type\":\"ListItem\",\"position\":1,\"name\":\"Home\",\"item\":\"https:\\\/\\\/www.apres-lecole.fr\\\/Blog\\\/\"},{\"@type\":\"ListItem\",\"position\":2,\"name\":\"un homme seme la panique dans une \u00e9cole primaire de Tarbes avec des menaces alarmantes\"}]},{\"@type\":\"WebSite\",\"@id\":\"https:\\\/\\\/www.apres-lecole.fr\\\/Blog\\\/#website\",\"url\":\"https:\\\/\\\/www.apres-lecole.fr\\\/Blog\\\/\",\"name\":\"\",\"description\":\"M\u00e9dia g\u00e9n\u00e9raliste\",\"potentialAction\":[{\"@type\":\"SearchAction\",\"target\":{\"@type\":\"EntryPoint\",\"urlTemplate\":\"https:\\\/\\\/www.apres-lecole.fr\\\/Blog\\\/?s={search_term_string}\"},\"query-input\":{\"@type\":\"PropertyValueSpecification\",\"valueRequired\":true,\"valueName\":\"search_term_string\"}}],\"inLanguage\":\"fr-FR\"},{\"@type\":\"Person\",\"@id\":\"https:\\\/\\\/www.apres-lecole.fr\\\/Blog\\\/#\\\/schema\\\/person\\\/aeb50cd4b51fc69da155804bb5bb9fc4\",\"name\":\"Eva Martin\",\"image\":{\"@type\":\"ImageObject\",\"inLanguage\":\"fr-FR\",\"@id\":\"https:\\\/\\\/secure.gravatar.com\\\/avatar\\\/55c53222558b27a72015a64073a80edce4abd33369394b9bf2c5cd6c19d12682?s=96&d=mm&r=g\",\"url\":\"https:\\\/\\\/secure.gravatar.com\\\/avatar\\\/55c53222558b27a72015a64073a80edce4abd33369394b9bf2c5cd6c19d12682?s=96&d=mm&r=g\",\"contentUrl\":\"https:\\\/\\\/secure.gravatar.com\\\/avatar\\\/55c53222558b27a72015a64073a80edce4abd33369394b9bf2c5cd6c19d12682?s=96&d=mm&r=g\",\"caption\":\"Eva Martin\"},\"description\":\"Je parle de business et d'entrepreneuriat avec des conseils clairs, concrets et actionnables pour r\u00e9ussir\",\"sameAs\":[\"https:\\\/\\\/x.com\\\/Evaapresecole\"],\"url\":\"https:\\\/\\\/www.apres-lecole.fr\\\/Blog\\\/author\\\/evamartin\\\/\"}]}<\/script>\n<!-- \/ Yoast SEO plugin. -->","yoast_head_json":{"title":"Un homme s\u00e8me la terreur dans une \u00e9cole de Tarbes","description":"D\u00e9couvrez les d\u00e9tails d'un incident alarmant survenu \u00e0 Tarbes, o\u00f9 un homme a sem\u00e9 la panique dans une \u00e9cole primaire en prof\u00e9rant des menaces inqui\u00e9tantes. Restez inform\u00e9 des r\u00e9actions des autorit\u00e9s et de la s\u00e9curit\u00e9 des \u00e9l\u00e8ves.","robots":{"index":"index","follow":"follow","max-snippet":"max-snippet:-1","max-image-preview":"max-image-preview:large","max-video-preview":"max-video-preview:-1"},"canonical":"https:\/\/www.apres-lecole.fr\/Blog\/panique-ecole-tarbes-menaces\/","og_locale":"fr_FR","og_type":"article","og_title":"Un homme s\u00e8me la terreur dans une \u00e9cole de Tarbes","og_description":"D\u00e9couvrez les d\u00e9tails d'un incident alarmant survenu \u00e0 Tarbes, o\u00f9 un homme a sem\u00e9 la panique dans une \u00e9cole primaire en prof\u00e9rant des menaces inqui\u00e9tantes. Restez inform\u00e9 des r\u00e9actions des autorit\u00e9s et de la s\u00e9curit\u00e9 des \u00e9l\u00e8ves.","og_url":"https:\/\/www.apres-lecole.fr\/Blog\/panique-ecole-tarbes-menaces\/","article_published_time":"2025-05-19T07:15:01+00:00","author":"Eva Martin","twitter_card":"summary_large_image","twitter_creator":"@Evaapresecole","twitter_misc":{"\u00c9crit par":"Eva Martin","Dur\u00e9e de lecture estim\u00e9e":"8 minutes"},"schema":{"@context":"https:\/\/schema.org","@graph":[{"@type":"Article","@id":"https:\/\/www.apres-lecole.fr\/Blog\/panique-ecole-tarbes-menaces\/#article","isPartOf":{"@id":"https:\/\/www.apres-lecole.fr\/Blog\/panique-ecole-tarbes-menaces\/"},"author":{"name":"Eva Martin","@id":"https:\/\/www.apres-lecole.fr\/Blog\/#\/schema\/person\/aeb50cd4b51fc69da155804bb5bb9fc4"},"headline":"un homme seme la panique dans une \u00e9cole primaire de Tarbes avec des menaces alarmantes","datePublished":"2025-05-19T07:15:01+00:00","mainEntityOfPage":{"@id":"https:\/\/www.apres-lecole.fr\/Blog\/panique-ecole-tarbes-menaces\/"},"wordCount":1689,"commentCount":0,"keywords":["\u00e9cole primaire","homme","menaces alarmantes","panique","tarbes"],"articleSection":["Actualit\u00e9s"],"inLanguage":"fr-FR","potentialAction":[{"@type":"CommentAction","name":"Comment","target":["https:\/\/www.apres-lecole.fr\/Blog\/panique-ecole-tarbes-menaces\/#respond"]}]},{"@type":"WebPage","@id":"https:\/\/www.apres-lecole.fr\/Blog\/panique-ecole-tarbes-menaces\/","url":"https:\/\/www.apres-lecole.fr\/Blog\/panique-ecole-tarbes-menaces\/","name":"Un homme s\u00e8me la terreur dans une \u00e9cole de Tarbes","isPartOf":{"@id":"https:\/\/www.apres-lecole.fr\/Blog\/#website"},"datePublished":"2025-05-19T07:15:01+00:00","author":{"@id":"https:\/\/www.apres-lecole.fr\/Blog\/#\/schema\/person\/aeb50cd4b51fc69da155804bb5bb9fc4"},"description":"D\u00e9couvrez les d\u00e9tails d'un incident alarmant survenu \u00e0 Tarbes, o\u00f9 un homme a sem\u00e9 la panique dans une \u00e9cole primaire en prof\u00e9rant des menaces inqui\u00e9tantes. Restez inform\u00e9 des r\u00e9actions des autorit\u00e9s et de la s\u00e9curit\u00e9 des \u00e9l\u00e8ves.","breadcrumb":{"@id":"https:\/\/www.apres-lecole.fr\/Blog\/panique-ecole-tarbes-menaces\/#breadcrumb"},"inLanguage":"fr-FR","potentialAction":[{"@type":"ReadAction","target":["https:\/\/www.apres-lecole.fr\/Blog\/panique-ecole-tarbes-menaces\/"]}]},{"@type":"BreadcrumbList","@id":"https:\/\/www.apres-lecole.fr\/Blog\/panique-ecole-tarbes-menaces\/#breadcrumb","itemListElement":[{"@type":"ListItem","position":1,"name":"Home","item":"https:\/\/www.apres-lecole.fr\/Blog\/"},{"@type":"ListItem","position":2,"name":"un homme seme la panique dans une \u00e9cole primaire de Tarbes avec des menaces alarmantes"}]},{"@type":"WebSite","@id":"https:\/\/www.apres-lecole.fr\/Blog\/#website","url":"https:\/\/www.apres-lecole.fr\/Blog\/","name":"","description":"M\u00e9dia g\u00e9n\u00e9raliste","potentialAction":[{"@type":"SearchAction","target":{"@type":"EntryPoint","urlTemplate":"https:\/\/www.apres-lecole.fr\/Blog\/?s={search_term_string}"},"query-input":{"@type":"PropertyValueSpecification","valueRequired":true,"valueName":"search_term_string"}}],"inLanguage":"fr-FR"},{"@type":"Person","@id":"https:\/\/www.apres-lecole.fr\/Blog\/#\/schema\/person\/aeb50cd4b51fc69da155804bb5bb9fc4","name":"Eva Martin","image":{"@type":"ImageObject","inLanguage":"fr-FR","@id":"https:\/\/secure.gravatar.com\/avatar\/55c53222558b27a72015a64073a80edce4abd33369394b9bf2c5cd6c19d12682?s=96&d=mm&r=g","url":"https:\/\/secure.gravatar.com\/avatar\/55c53222558b27a72015a64073a80edce4abd33369394b9bf2c5cd6c19d12682?s=96&d=mm&r=g","contentUrl":"https:\/\/secure.gravatar.com\/avatar\/55c53222558b27a72015a64073a80edce4abd33369394b9bf2c5cd6c19d12682?s=96&d=mm&r=g","caption":"Eva Martin"},"description":"Je parle de business et d'entrepreneuriat avec des conseils clairs, concrets et actionnables pour r\u00e9ussir","sameAs":["https:\/\/x.com\/Evaapresecole"],"url":"https:\/\/www.apres-lecole.fr\/Blog\/author\/evamartin\/"}]}},"views":17,"_links":{"self":[{"href":"https:\/\/www.apres-lecole.fr\/Blog\/wp-json\/wp\/v2\/posts\/1958","targetHints":{"allow":["GET"]}}],"collection":[{"href":"https:\/\/www.apres-lecole.fr\/Blog\/wp-json\/wp\/v2\/posts"}],"about":[{"href":"https:\/\/www.apres-lecole.fr\/Blog\/wp-json\/wp\/v2\/types\/post"}],"author":[{"embeddable":true,"href":"https:\/\/www.apres-lecole.fr\/Blog\/wp-json\/wp\/v2\/users\/9"}],"replies":[{"embeddable":true,"href":"https:\/\/www.apres-lecole.fr\/Blog\/wp-json\/wp\/v2\/comments?post=1958"}],"version-history":[{"count":0,"href":"https:\/\/www.apres-lecole.fr\/Blog\/wp-json\/wp\/v2\/posts\/1958\/revisions"}],"wp:attachment":[{"href":"https:\/\/www.apres-lecole.fr\/Blog\/wp-json\/wp\/v2\/media?parent=1958"}],"wp:term":[{"taxonomy":"category","embeddable":true,"href":"https:\/\/www.apres-lecole.fr\/Blog\/wp-json\/wp\/v2\/categories?post=1958"},{"taxonomy":"post_tag","embeddable":true,"href":"https:\/\/www.apres-lecole.fr\/Blog\/wp-json\/wp\/v2\/tags?post=1958"}],"curies":[{"name":"wp","href":"https:\/\/api.w.org\/{rel}","templated":true}]}}