{"id":1957,"date":"2025-05-18T21:40:40","date_gmt":"2025-05-18T21:40:40","guid":{"rendered":"https:\/\/www.apres-lecole.fr\/Blog\/incident-tarbes-ecole-menace\/"},"modified":"2025-05-18T21:40:40","modified_gmt":"2025-05-18T21:40:40","slug":"incident-tarbes-ecole-menace","status":"publish","type":"post","link":"https:\/\/www.apres-lecole.fr\/Blog\/incident-tarbes-ecole-menace\/","title":{"rendered":"Un incident alarmant \u00e0 Tarbes : un individu p\u00e9n\u00e8tre dans une \u00e9cole, prof\u00e9rant des cris \u00ab Allah Akbar \u00bb et mena\u00e7ant un t\u00e9moin de d\u00e9capitation"},"content":{"rendered":"\n\n<div class=\"kk-star-ratings kksr-auto kksr-align-left kksr-valign-top\"\n    data-payload='{&quot;align&quot;:&quot;left&quot;,&quot;id&quot;:&quot;1957&quot;,&quot;slug&quot;:&quot;default&quot;,&quot;valign&quot;:&quot;top&quot;,&quot;ignore&quot;:&quot;&quot;,&quot;reference&quot;:&quot;auto&quot;,&quot;class&quot;:&quot;&quot;,&quot;count&quot;:&quot;0&quot;,&quot;legendonly&quot;:&quot;&quot;,&quot;readonly&quot;:&quot;&quot;,&quot;score&quot;:&quot;0&quot;,&quot;starsonly&quot;:&quot;&quot;,&quot;best&quot;:&quot;5&quot;,&quot;gap&quot;:&quot;5&quot;,&quot;greet&quot;:&quot;Rate this post&quot;,&quot;legend&quot;:&quot;0\\\/5 - (0 vote)&quot;,&quot;size&quot;:&quot;24&quot;,&quot;title&quot;:&quot;Un incident alarmant \u00e0 Tarbes : un individu p\u00e9n\u00e8tre dans une \u00e9cole, prof\u00e9rant des cris \u00ab Allah Akbar \u00bb et mena\u00e7ant un t\u00e9moin de d\u00e9capitation&quot;,&quot;width&quot;:&quot;0&quot;,&quot;_legend&quot;:&quot;{score}\\\/{best} - ({count} {votes})&quot;,&quot;font_factor&quot;:&quot;1.25&quot;}'>\n            \n<div class=\"kksr-stars\">\n    \n<div class=\"kksr-stars-inactive\">\n            <div class=\"kksr-star\" data-star=\"1\" style=\"padding-right: 5px\">\n            \n\n<div class=\"kksr-icon\" style=\"width: 24px; height: 24px;\"><\/div>\n        <\/div>\n            <div class=\"kksr-star\" data-star=\"2\" style=\"padding-right: 5px\">\n            \n\n<div class=\"kksr-icon\" style=\"width: 24px; height: 24px;\"><\/div>\n        <\/div>\n            <div class=\"kksr-star\" data-star=\"3\" style=\"padding-right: 5px\">\n            \n\n<div class=\"kksr-icon\" style=\"width: 24px; height: 24px;\"><\/div>\n        <\/div>\n            <div class=\"kksr-star\" data-star=\"4\" style=\"padding-right: 5px\">\n            \n\n<div class=\"kksr-icon\" style=\"width: 24px; height: 24px;\"><\/div>\n        <\/div>\n            <div class=\"kksr-star\" data-star=\"5\" style=\"padding-right: 5px\">\n            \n\n<div class=\"kksr-icon\" style=\"width: 24px; height: 24px;\"><\/div>\n        <\/div>\n    <\/div>\n    \n<div class=\"kksr-stars-active\" style=\"width: 0px;\">\n            <div class=\"kksr-star\" style=\"padding-right: 5px\">\n            \n\n<div class=\"kksr-icon\" style=\"width: 24px; height: 24px;\"><\/div>\n        <\/div>\n            <div class=\"kksr-star\" style=\"padding-right: 5px\">\n            \n\n<div class=\"kksr-icon\" style=\"width: 24px; height: 24px;\"><\/div>\n        <\/div>\n            <div class=\"kksr-star\" style=\"padding-right: 5px\">\n            \n\n<div class=\"kksr-icon\" style=\"width: 24px; height: 24px;\"><\/div>\n        <\/div>\n            <div class=\"kksr-star\" style=\"padding-right: 5px\">\n            \n\n<div class=\"kksr-icon\" style=\"width: 24px; height: 24px;\"><\/div>\n        <\/div>\n            <div class=\"kksr-star\" style=\"padding-right: 5px\">\n            \n\n<div class=\"kksr-icon\" style=\"width: 24px; height: 24px;\"><\/div>\n        <\/div>\n    <\/div>\n<\/div>\n                \n\n<div class=\"kksr-legend\" style=\"font-size: 19.2px;\">\n            <span class=\"kksr-muted\">Rate this post<\/span>\n    <\/div>\n    <\/div>\n<p>Dans la ville de Tarbes, un \u00e9v\u00e9nement choquant a secou\u00e9 la communaut\u00e9 \u00e9ducative et inqui\u00e9tude au sein des familles. Un individu, s&rsquo;introduisant sans autorisation au sein d&rsquo;une \u00e9cole primaire, a prof\u00e9r\u00e9 des cris \u00ab Allah Akbar \u00bb et a menac\u00e9 un membre du personnel de d\u00e9capitation. Cette situation de crise soul\u00e8ve des questions cruciales sur la <strong>safety<\/strong> dans nos \u00e9tablissements scolaires et sur la <strong>protection<\/strong> des enfants.<\/p>\n\n<ul class=\"wp-block-list\"><li>Contexte de l&rsquo;incident<\/li><li>R\u00e9action des autorit\u00e9s et mesures de <strong>s\u00e9curit\u00e9<\/strong><\/li><li>Impact sur la communaut\u00e9 \u00e9ducative<\/li><li>Les enjeux de la <strong>pr\u00e9vention<\/strong> dans le cadre scolaire<\/li><li>Vers une <strong>coh\u00e9sion<\/strong> sociale renforc\u00e9e<\/li><\/ul>\n\n<h2 class=\"wp-block-heading\">Contexte de l&rsquo;incident dans une \u00e9cole de Tarbes<\/h2>\n\n<p>Le 15 mai 2025, aux alentours de 7h30, un homme a bris\u00e9 la <strong>s\u00e9r\u00e9nit\u00e9<\/strong> matinale \u00e0 l&rsquo;\u00e9cole primaire Jean-Mac\u00e9\/Arago \u00e0 Tarbes. Profond\u00e9ment perturb\u00e9, il a prof\u00e9r\u00e9 des cris \u00e0 consonance religieuse tout en mena\u00e7ant un t\u00e9moin de mani\u00e8re violente. La sc\u00e8ne, marqu\u00e9e par la panique, a rapidement alert\u00e9 les forces de l&rsquo;ordre. Ce type d&rsquo;intrusion dans un lieu o\u00f9 les enfants sont cens\u00e9s se sentir en s\u00e9curit\u00e9 reste un fait tr\u00e8s inqui\u00e9tant.<\/p>\n\n<p>Des t\u00e9moins rapportent que l\u2019individu, filmant ses actes avec son t\u00e9l\u00e9phone, a prof\u00e9r\u00e9 des menaces explicites, notamment d\u00e9clarant : \u00ab Je vais te couper la t\u00eate ! \u00bb. Ce comportement a plong\u00e9 les parents et le personnel \u00e9ducatif dans un \u00e9tat de choc. Pour beaucoup, ces cris ne sont pas seulement des mots, mais un symbole d&rsquo;une menace plus large pesant sur notre <strong>soci\u00e9t\u00e9<\/strong>.<\/p>\n\n<h3 class=\"wp-block-heading\">L\u2019ouverture des grilles de l\u2019\u00e9cole : un moment critique<\/h3>\n\n<p>Ce matin-l\u00e0, les parents \u00e9taient pr\u00e9sents pour d\u00e9poser leurs enfants \u00e0 l&rsquo;\u00e9cole. L\u2019arriv\u00e9e des familles a certes facilit\u00e9 l\u2019acc\u00e8s \u00e0 l\u2019\u00e9tablissement pour l\u2019individu. Des questions se posent : comment un homme au comportement <strong>perturb\u00e9<\/strong> a-t-il pu s\u2019introduire aussi facilement ? Cela fait partie des r\u00e9flexions men\u00e9es par la communaut\u00e9 \u00e9ducative sur la s\u00e9curit\u00e9 des <strong>\u00e9tablissements scolaires<\/strong>.<\/p>\n\n<h3 class=\"wp-block-heading\">Un acte isol\u00e9 ou symptomatique d&rsquo;une r\u00e9alit\u00e9 plus vaste ?<\/h3>\n\n<p>Cet incident met \u00e9galement en lumi\u00e8re des dysfonctionnements possibles dans le syst\u00e8me de surveillance et de contr\u00f4le des personnes dans les \u00e9tablissements scolaires. Fait notable, l&rsquo;individu \u00e9tait d\u00e9j\u00e0 connu des autorit\u00e9s, laissant \u00e0 penser que le niveau d&rsquo;alerte devrait \u00eatre revu pour garantir la protection des \u00e9l\u00e8ves. En effet, ce n\u2019est pas qu\u2019un simple cas isol\u00e9, mais une question \u00e0 adresser au niveau national.<\/p>\n\n<figure class=\"wp-block-table\"><table>\n<thead>\n<tr>\n<th>\u00c9l\u00e9ments de l&rsquo;incident<\/th>\n<th>D\u00e9tails<\/th>\n<\/tr>\n<\/thead>\n<tbody>\n<tr>\n<td>Date<\/td>\n<td>15 mai 2025<\/td>\n<\/tr>\n<tr>\n<td>Heure<\/td>\n<td>7h30<\/td>\n<\/tr>\n<tr>\n<td>\u00c9tablissement<\/td>\n<td>\u00c9cole Jean-Mac\u00e9\/Arago<\/td>\n<\/tr>\n<tr>\n<td>Comportement de l&rsquo;individu<\/td>\n<td>Cris \u00ab Allah Akbar \u00bb, menace de d\u00e9capitation<\/td>\n<\/tr>\n<tr>\n<td>Cons\u00e9quences<\/td>\n<td>Intervention polici\u00e8re, garde \u00e0 vue<\/td>\n<\/tr>\n<\/tbody>\n<\/table><\/figure>\n\n<p>Cette situation a aussi soulev\u00e9 des pr\u00e9occupations au sein de la communaut\u00e9, et les parents se demandent : que fait la soci\u00e9t\u00e9 pour assurer la <strong>s\u00e9curit\u00e9<\/strong> et la tranquillit\u00e9 de leurs enfants ? Les interventions polici\u00e8res doivent \u00eatre rapides et efficaces pour rassurer la population et maintenir la confiance dans le syst\u00e8me \u00e9ducatif.<\/p>\n\n<h2 class=\"wp-block-heading\">R\u00e9action des autorit\u00e9s et mesures de s\u00e9curit\u00e9<\/h2>\n\n<p>Suite \u00e0 cet incident alarmant, la direction de l&rsquo;\u00e9tablissement et les autorit\u00e9s comp\u00e9tentes travaillent main dans la main pour renforcer la <strong>safety<\/strong> dans tous les \u00e9tablissements scolaires. La pr\u00e9sence des forces de l&rsquo;ordre a \u00e9t\u00e9 accrue, et une r\u00e9flexion profonde men\u00e9e sur ce qui pourrait \u00eatre am\u00e9lior\u00e9 dans le cadre de la <strong>pr\u00e9vention<\/strong> de tels \u00e9v\u00e9nements.<\/p>\n\n<h3 class=\"wp-block-heading\">Les retomb\u00e9es imm\u00e9diates sur la s\u00e9curit\u00e9 des \u00e9coles<\/h3>\n\n<p>Imm\u00e9diatement apr\u00e8s l&rsquo;intrusion, plusieurs mesures ont \u00e9t\u00e9 instaur\u00e9es pour garantir la s\u00e9curit\u00e9 des enfants et du personnel \u00e9ducatif. Un suivi des ant\u00e9c\u00e9dents judiciaires des visiteurs sera mis en place, et plusieurs \u00e9coles de la r\u00e9gion envisagent d\u2019installer des syst\u00e8mes de surveillance vid\u00e9o. Cela soul\u00e8ve aussi la question de l\u2019armement des agents de s\u00e9curit\u00e9 dans les \u00e9coles.<\/p>\n\n<p>Les actions \u00e0 entreprendre comprennent :<\/p>\n\n<ul class=\"wp-block-list\"><li>Renforcement des protocoles d&rsquo;acc\u00e8s aux \u00e9coles \ud83d\udeaa<\/li><li>Formation des enseignants sur la gestion des urgences \u00e9ducatives \ud83d\udea8<\/li><li>Mise en place de communications instantan\u00e9es avec les forces de police \ud83d\udcde<\/li><li>D\u00e9veloppement d&rsquo;une culture de vigilance parmi le personnel et les parents \ud83e\udd1d<\/li><\/ul>\n\n<h3 class=\"wp-block-heading\">Un affrontement avec les enjeux soci\u00e9taux<\/h3>\n\n<p>Les forces de l\u2019ordre, apr\u00e8s avoir interpell\u00e9 l\u2019individu, ont relev\u00e9 qu&rsquo;il souffrait de probl\u00e9matiques de sant\u00e9 mentale. Une fois plac\u00e9 en garde \u00e0 vue, il sera convoqu\u00e9 devant un officier de police judiciaire. Mais cela soul\u00e8ve la question : que faire pour mieux int\u00e9grer les personnes en d\u00e9tresse mentale sans qu&rsquo;elles deviennent un danger pour autrui ? C&rsquo;est tout le d\u00e9fi que la soci\u00e9t\u00e9 doit relever.<\/p>\n\n<figure class=\"wp-block-table\"><table>\n<thead>\n<tr>\n<th>Mesures de s\u00e9curit\u00e9 propos\u00e9es<\/th>\n<th>D\u00e9tails<\/th>\n<\/tr>\n<\/thead>\n<tbody>\n<tr>\n<td>Protocoles clairs d&rsquo;acc\u00e8s<\/td>\n<td>Contr\u00f4le d&rsquo;acc\u00e8s renforc\u00e9 pour tous les visiteurs<\/td>\n<\/tr>\n<tr>\n<td>Formation<\/td>\n<td>Sensibilisation des enseignants aux situations d&rsquo;urgence<\/td>\n<\/tr>\n<tr>\n<td>Syst\u00e8mes de surveillance<\/td>\n<td>Installation de cam\u00e9ras de s\u00e9curit\u00e9<\/td>\n<\/tr>\n<tr>\n<td>Collaboration avec les forces de police<\/td>\n<td>Coordination pendant les interventions<\/td>\n<\/tr>\n<\/tbody>\n<\/table><\/figure>\n\n<p>En vue de cet incident, il est clairement essentiel de r\u00e9\u00e9valuer notre approche face \u00e0 des menaces qui p\u00e8sent sur l&rsquo;\u00e9ducation de notre <strong>g\u00e9n\u00e9ration<\/strong> future. L&rsquo;objectif doit \u00eatre de cr\u00e9er une ambiance de confiance, o\u00f9 les \u00e9l\u00e8ves, les parents, et les enseignants pourront se sentir sereins.<\/p>\n\n<h2 class=\"wp-block-heading\">Impact sur la communaut\u00e9 \u00e9ducative<\/h2>\n\n<p>Dans les jours qui suivent l&rsquo;incident, les retomb\u00e9es psychologiques et \u00e9motionnelles sont palpables. Les parents, inquiets, s&rsquo;interrogent sur la fiabilit\u00e9 de leur <strong>syst\u00e8me \u00e9ducatif<\/strong>. Les enseignants, quant \u00e0 eux, \u00e9prouvent un stress accru, h\u00e9sitant \u00e0 organiser des \u00e9v\u00e9nements en ext\u00e9rieur ou \u00e0 mener des sorties scolaires.<\/p>\n\n<h3 class=\"wp-block-heading\">Des craintes qui se mat\u00e9rialisent<\/h3>\n\n<p>Le climat d\u2019anxi\u00e9t\u00e9 se r\u00e9pand, et des r\u00e9unions ont \u00e9t\u00e9 planifi\u00e9es afin d\u2019\u00e9changer les ressentis et de rassurer les familles. En effet, les ma\u00eetres et ma\u00eetresses parlent de la n\u00e9cessit\u00e9 d&rsquo;\u00e9voquer ces situations avec les enfants, afin qu&rsquo;ils puissent comprendre que des consignes doivent \u00eatre respect\u00e9es lorsque des \u00e9v\u00e9nements troublants se produisent.<\/p>\n\n<p>Ces rencontres peuvent aider \u00e0 :<\/p>\n\n<ul class=\"wp-block-list\"><li>Apaiser les esprits des parents et des enfants \ud83c\udf08<\/li><li>Renforcer la confiance dans le personnel \u00e9ducatif \ud83e\uddd1\u200d\ud83c\udfeb<\/li><li>Sensibiliser enfants aux comportements suspects \ud83d\udea9<\/li><li>Cr\u00e9er un climat d&rsquo;\u00e9change et de solidarit\u00e9 entre parents et enseignants \ud83e\udd17<\/li><\/ul>\n\n<h3 class=\"wp-block-heading\">La solidarit\u00e9 face \u00e0 l&rsquo;adversit\u00e9<\/h3>\n\n<p>Face \u00e0 ce climat d&rsquo;incertitude, les initiatives de solidarit\u00e9 se multiplient au sein de la communaut\u00e9. Des groupes de parents se forment pour soutenir les enseignants et exprimer leur confiance. Cela t\u00e9moigne d&rsquo;une <strong>coh\u00e9sion<\/strong> qui repose sur la prise de conscience que face \u00e0 la peur, l&rsquo;entraide et le respect mutuel peuvent permettre de surmonter l&rsquo;adversit\u00e9.<\/p>\n\n<figure class=\"wp-block-table\"><table>\n<thead>\n<tr>\n<th>Actions communautaires post-incident<\/th>\n<th>D\u00e9tails<\/th>\n<\/tr>\n<\/thead>\n<tbody>\n<tr>\n<td>R\u00e9unions de parents<\/td>\n<td>Discussions pour apaiser les craintes et renforcer les liens<\/td>\n<\/tr>\n<tr>\n<td>Groupes de soutien<\/td>\n<td>Parler des peurs et de la sant\u00e9 mentale<\/td>\n<\/tr>\n<tr>\n<td>Ateliers pour enfants<\/td>\n<td>Expliquer les situations d&rsquo;urgence de mani\u00e8re ludique<\/td>\n<\/tr>\n<\/tbody>\n<\/table><\/figure>\n\n<p>En d\u00e9finitive, cette exp\u00e9rience pourrait renforcer la confiance entre toutes les parties prenantes de l&rsquo;\u00e9ducation, gr\u00e2ce \u00e0 des valeurs de <strong>respect<\/strong> et de solidarit\u00e9.<\/p>\n\n<h2 class=\"wp-block-heading\">Les enjeux de la pr\u00e9vention dans le cadre scolaire<\/h2>\n\n<p>L\u2019\u00e9v\u00e9nement tragique survenu \u00e0 l\u2019\u00e9cole Jean-Mac\u00e9\/Arago met en lumi\u00e8re l&rsquo;importance primordiale de la <strong>pr\u00e9vention<\/strong> en milieu scolaire. Les d\u00e9fis d\u2019aujourd\u2019hui ne peuvent \u00eatre sous-estim\u00e9s, et une approche proactive est essentielle pour garantir un cadre \u00e9ducatif s\u00fbr pour tous.<\/p>\n\n<h3 class=\"wp-block-heading\">D\u00e9velopper des strat\u00e9gies de protection efficaces<\/h3>\n\n<p>Il ne suffit plus de r\u00e9agir seulement lorsqu&rsquo;un incident se produit. Au contraire, il est crucial d\u2019anticiper et de se pr\u00e9parer. Les strat\u00e9gies de <strong>protection<\/strong> pourraient inclure :<\/p>\n\n<ul class=\"wp-block-list\"><li>\u00c9valuation r\u00e9guli\u00e8re des syst\u00e8mes de s\u00e9curit\u00e9 des \u00e9tablissements associ\u00e9s \ud83d\udd0d<\/li><li>Formation pour les enseignants sur la d\u00e9tection des comportements suspects \ud83c\udf93<\/li><li>Cr\u00e9ation de partenariats avec les autorit\u00e9s locales pour optimiser la <strong>protection<\/strong> \ud83c\udfe2<\/li><li>Impl\u00e9mentation de programmes \u00e9ducatifs pour informer les enfants des dangers potentiels \u26a0\ufe0f<\/li><\/ul>\n\n<h3 class=\"wp-block-heading\">Un cadre collaboratif pour l&rsquo;\u00e9ducation au sens large<\/h3>\n\n<p>L\u2019\u00e9ducation \u00e0 la s\u00e9curit\u00e9 doit \u00e9galement inclure les parents et la communaut\u00e9. L\u2019int\u00e9gration de programmes de sensibilisation qui engagent toutes les parties prenantes pourrait transformer le paysage \u00e9ducatif. L\u2019id\u00e9e est de b\u00e2tir des ponts entre \u00e9coles, familles et forces de l\u2019ordre.<\/p>\n\n<p>Dans cette dynamique, plusieurs initiatives peuvent s\u2019av\u00e9rer pertinentes :<\/p>\n\n<ul class=\"wp-block-list\"><li>Des ateliers de sensibilisation pour les parents sur les dangers en ligne \ud83d\udcbb<\/li><li>Des formations pour le personnel sur les interventions face \u00e0 des crises \ud83d\udc68\u200d\ud83c\udfeb<\/li><li>Des simulations r\u00e9guli\u00e8res d\u2019\u00e9vacuation pour tous les \u00e9l\u00e8ves \ud83d\udea8<\/li><\/ul>\n\n<figure class=\"wp-block-table\"><table>\n<thead>\n<tr>\n<th>Mesures de pr\u00e9vention envisag\u00e9es<\/th>\n<th>D\u00e9tails<\/th>\n<\/tr>\n<\/thead>\n<tbody>\n<tr>\n<td>\u00c9valuation des syst\u00e8mes de s\u00e9curit\u00e9<\/td>\n<td>Contr\u00f4les r\u00e9guliers des dispositifs de s\u00e9curit\u00e9<\/td>\n<\/tr>\n<tr>\n<td>Formation du personnel<\/td>\n<td>Sensibilisation sur la d\u00e9tection de comportements suspects<\/td>\n<\/tr>\n<tr>\n<td>Partenariats locaux<\/td>\n<td>Collaboration avec les forces de police<\/td>\n<\/tr>\n<tr>\n<td>Programmes \u00e9ducatifs<\/td>\n<td>Informer les enfants sur les risques potentiels<\/td>\n<\/tr>\n<\/tbody>\n<\/table><\/figure>\n\n<p>En d\u00e9finitive, une vigilance collective et un engagement renforc\u00e9 en mati\u00e8re de <strong>pr\u00e9vention<\/strong> sont indispensables pour faire face aux incertitudes et permettre la transformation des \u00e9coles en havres de paix \u00e9ducatifs.<\/p>\n\n<h2 class=\"wp-block-heading\">Vers une coh\u00e9sion sociale renforc\u00e9e<\/h2>\n\n<p>Pour conclure, l&rsquo;incident survenu \u00e0 Tarbes repr\u00e9sente bien plus qu&rsquo;un \u00e9v\u00e9nement tragique. Il incarne des enjeux cruciaux touchant \u00e0 la <strong>soci\u00e9t\u00e9<\/strong> tout enti\u00e8re. En tant que communaut\u00e9, il est imp\u00e9ratif de se rassembler, de r\u00e9fl\u00e9chir s\u00e9rieusement \u00e0 des solutions durables pour am\u00e9liorer la <strong>coh\u00e9sion<\/strong>, et d&rsquo;assurer le <strong>respect<\/strong> de la s\u00e9curit\u00e9 dans les \u00e9tablissements \u00e9ducatifs.<\/p>\n\n<h3 class=\"wp-block-heading\">Mobiliser les ressources disponibles<\/h3>\n\n<p>Il est essentiel que les autorit\u00e9s s&rsquo;engagent davantage dans la <strong>pr\u00e9vention<\/strong>. C&rsquo;est une responsabilit\u00e9 partag\u00e9e qui n\u00e9cessite l&rsquo;implication de tous et pas seulement des organismes \u00e9ducatifs. Des campagnes d\u2019information et de sensibilisation aux questions de s\u00e9curit\u00e9, comportant des t\u00e9moignages et des id\u00e9es de parents et d\u2019\u00e9l\u00e8ves, pourraient favoriser un climat d\u2019unit\u00e9 et de <strong>solidarit\u00e9<\/strong>.<\/p>\n\n<h3 class=\"wp-block-heading\">Construire un avenir serein pour nos enfants<\/h3>\n\n<p>\u00c0 terme, les prochains mois seront d\u00e9terminants. Comment renforcer les liens entre \u00e9coles, familles et autorit\u00e9s pour b\u00e2tir une soci\u00e9t\u00e9 scolaire plus solidaire et protectrice ? C&rsquo;est un d\u00e9fi qui appelle \u00e0 des r\u00e9ponses concr\u00e8tes, \u00e0 une d\u00e9termination partag\u00e9e pour garantir un avenir serein \u00e0 nos enfants et \u00e0 notre <strong>\u00e9ducation<\/strong> nationale.<\/p>\n\n<figure class=\"wp-block-table\"><table>\n<thead>\n<tr>\n<th>Actions pour renforcer la coh\u00e9sion sociale<\/th>\n<th>D\u00e9tails<\/th>\n<\/tr>\n<\/thead>\n<tbody>\n<tr>\n<td>Campagnes de sensibilisation<\/td>\n<td>\u00c9veiller les consciences sur les enjeux \u00e9ducatifs<\/td>\n<\/tr>\n<tr>\n<td>Espaces d&rsquo;\u00e9change<\/td>\n<td>S\u00e9ances ouvertes avec les parents et le personnel \u00e9ducatif<\/td>\n<\/tr>\n<tr>\n<td>Soutien psychologique<\/td>\n<td>Mesures d&rsquo;accompagnement pour les enfants et le personnel \u00e9ducatif<\/td>\n<\/tr>\n<\/tbody>\n<\/table><\/figure>\n\n<p>Ensemble, renfor\u00e7ons la <strong>confiance<\/strong> et b\u00e2tissons une soci\u00e9t\u00e9 o\u00f9 chacun trouve sa place, favorisant une <strong>\u00e9ducation<\/strong> \u00e9panouissante et une cohabitation sereine. Restons vigilants et solidaires.<\/p>\n\n<h2 class=\"wp-block-heading\">FAQ sur l&rsquo;incident \u00e0 Tarbes<\/h2>\n\n<ul class=\"wp-block-list\"><li><strong>Que s&rsquo;est-il pass\u00e9 le 15 mai 2025 \u00e0 l&rsquo;\u00e9cole Jean-Mac\u00e9\/Arago ?<\/strong><br> Un individu a p\u00e9n\u00e9tr\u00e9 dans l&rsquo;\u00e9cole en criant \u00ab Allah Akbar \u00bb et a menac\u00e9 un membre du personnel de d\u00e9capitation.<\/li><li><strong>Quelles ont \u00e9t\u00e9 les actions des autorit\u00e9s ?<\/strong><br> L\u2019individu a \u00e9t\u00e9 interpell\u00e9 par la police et plac\u00e9 en garde \u00e0 vue, avec une convocation pr\u00e9vue pour septembre 2025.<\/li><li><strong>Quelles mesures de s\u00e9curit\u00e9 sont mises en place ?<\/strong><br> Renforcement des contr\u00f4les d&rsquo;acc\u00e8s et formation des enseignants pour g\u00e9rer des crises \u00e9ventuelles ont \u00e9t\u00e9 instaur\u00e9es.<\/li><li><strong>Comment la communaut\u00e9 \u00e9ducative a-t-elle r\u00e9agi ?<\/strong><br> Des r\u00e9unions ont \u00e9t\u00e9 organis\u00e9es pour apaiser les inqui\u00e9tudes et renforcer les liens entre parents et enseignants.<\/li><li><strong>Pourquoi la pr\u00e9vention est-elle si importante ?<\/strong><br> En anticipant les risques et en am\u00e9liorant la vigilance collective, on peut garantir la s\u00e9curit\u00e9 dans nos \u00e9tablissements scolaires.<\/li><\/ul>\n\n","protected":false},"excerpt":{"rendered":"<p>Dans la ville de Tarbes, un \u00e9v\u00e9nement choquant a secou\u00e9 la communaut\u00e9 \u00e9ducative et inqui\u00e9tude au sein des familles. Un individu, s&rsquo;introduisant sans autorisation au sein d&rsquo;une \u00e9cole primaire, a prof\u00e9r\u00e9 des cris \u00ab Allah Akbar \u00bb et a menac\u00e9 un membre du personnel de d\u00e9capitation. Cette situation de crise soul\u00e8ve des questions cruciales sur &#8230; <a title=\"Un incident alarmant \u00e0 Tarbes : un individu p\u00e9n\u00e8tre dans une \u00e9cole, prof\u00e9rant des cris \u00ab Allah Akbar \u00bb et mena\u00e7ant un t\u00e9moin de d\u00e9capitation\" class=\"read-more\" href=\"https:\/\/www.apres-lecole.fr\/Blog\/incident-tarbes-ecole-menace\/\" aria-label=\"En savoir plus sur Un incident alarmant \u00e0 Tarbes : un individu p\u00e9n\u00e8tre dans une \u00e9cole, prof\u00e9rant des cris \u00ab Allah Akbar \u00bb et mena\u00e7ant un t\u00e9moin de d\u00e9capitation\">Lire plus<\/a><\/p>\n","protected":false},"author":9,"featured_media":0,"comment_status":"open","ping_status":"open","sticky":false,"template":"","format":"standard","meta":{"footnotes":""},"categories":[342],"tags":[903,410,902,727,901],"class_list":["post-1957","post","type-post","status-publish","format-standard","hentry","category-actualites","tag-cries-allah-akbar","tag-ecole","tag-incident-alarmant","tag-menace","tag-tarbes"],"yoast_head":"<!-- This site is optimized with the Yoast SEO plugin v27.5 - https:\/\/yoast.com\/product\/yoast-seo-wordpress\/ -->\n<title>Un incident troublant \u00e0 Tarbes : un individu menace dans une \u00e9cole<\/title>\n<meta name=\"description\" content=\"D\u00e9couvrez les d\u00e9tails d&#039;un incident alarmant survenu \u00e0 Tarbes, o\u00f9 un individu a p\u00e9n\u00e9tr\u00e9 dans une \u00e9cole en prof\u00e9rant des cris &#039;Allah Akbar&#039; et mena\u00e7ant un t\u00e9moin de d\u00e9capitation. Cet \u00e9v\u00e9nement soul\u00e8ve des inqui\u00e9tudes sur la s\u00e9curit\u00e9 dans les \u00e9tablissements scolaires. Restez inform\u00e9s sur cet acte troublant et ses implications pour la communaut\u00e9.\" \/>\n<meta name=\"robots\" content=\"index, follow, max-snippet:-1, max-image-preview:large, max-video-preview:-1\" \/>\n<link rel=\"canonical\" href=\"https:\/\/www.apres-lecole.fr\/Blog\/incident-tarbes-ecole-menace\/\" \/>\n<meta property=\"og:locale\" content=\"fr_FR\" \/>\n<meta property=\"og:type\" content=\"article\" \/>\n<meta property=\"og:title\" content=\"Un incident troublant \u00e0 Tarbes : un individu menace dans une \u00e9cole\" \/>\n<meta property=\"og:description\" content=\"D\u00e9couvrez les d\u00e9tails d&#039;un incident alarmant survenu \u00e0 Tarbes, o\u00f9 un individu a p\u00e9n\u00e9tr\u00e9 dans une \u00e9cole en prof\u00e9rant des cris &#039;Allah Akbar&#039; et mena\u00e7ant un t\u00e9moin de d\u00e9capitation. Cet \u00e9v\u00e9nement soul\u00e8ve des inqui\u00e9tudes sur la s\u00e9curit\u00e9 dans les \u00e9tablissements scolaires. Restez inform\u00e9s sur cet acte troublant et ses implications pour la communaut\u00e9.\" \/>\n<meta property=\"og:url\" content=\"https:\/\/www.apres-lecole.fr\/Blog\/incident-tarbes-ecole-menace\/\" \/>\n<meta property=\"article:published_time\" content=\"2025-05-18T21:40:40+00:00\" \/>\n<meta name=\"author\" content=\"Eva Martin\" \/>\n<meta name=\"twitter:card\" content=\"summary_large_image\" \/>\n<meta name=\"twitter:creator\" content=\"@Evaapresecole\" \/>\n<meta name=\"twitter:label1\" content=\"\u00c9crit par\" \/>\n\t<meta name=\"twitter:data1\" content=\"Eva Martin\" \/>\n\t<meta name=\"twitter:label2\" content=\"Dur\u00e9e de lecture estim\u00e9e\" \/>\n\t<meta name=\"twitter:data2\" content=\"10 minutes\" \/>\n<script type=\"application\/ld+json\" class=\"yoast-schema-graph\">{\"@context\":\"https:\\\/\\\/schema.org\",\"@graph\":[{\"@type\":\"Article\",\"@id\":\"https:\\\/\\\/www.apres-lecole.fr\\\/Blog\\\/incident-tarbes-ecole-menace\\\/#article\",\"isPartOf\":{\"@id\":\"https:\\\/\\\/www.apres-lecole.fr\\\/Blog\\\/incident-tarbes-ecole-menace\\\/\"},\"author\":{\"name\":\"Eva Martin\",\"@id\":\"https:\\\/\\\/www.apres-lecole.fr\\\/Blog\\\/#\\\/schema\\\/person\\\/aeb50cd4b51fc69da155804bb5bb9fc4\"},\"headline\":\"Un incident alarmant \u00e0 Tarbes : un individu p\u00e9n\u00e8tre dans une \u00e9cole, prof\u00e9rant des cris \u00ab Allah Akbar \u00bb et mena\u00e7ant un t\u00e9moin de d\u00e9capitation\",\"datePublished\":\"2025-05-18T21:40:40+00:00\",\"mainEntityOfPage\":{\"@id\":\"https:\\\/\\\/www.apres-lecole.fr\\\/Blog\\\/incident-tarbes-ecole-menace\\\/\"},\"wordCount\":1997,\"commentCount\":0,\"keywords\":[\"cries allah akbar\",\"\u00e9cole\",\"incident alarmant\",\"menace\",\"tarbes\"],\"articleSection\":[\"Actualit\u00e9s\"],\"inLanguage\":\"fr-FR\",\"potentialAction\":[{\"@type\":\"CommentAction\",\"name\":\"Comment\",\"target\":[\"https:\\\/\\\/www.apres-lecole.fr\\\/Blog\\\/incident-tarbes-ecole-menace\\\/#respond\"]}]},{\"@type\":\"WebPage\",\"@id\":\"https:\\\/\\\/www.apres-lecole.fr\\\/Blog\\\/incident-tarbes-ecole-menace\\\/\",\"url\":\"https:\\\/\\\/www.apres-lecole.fr\\\/Blog\\\/incident-tarbes-ecole-menace\\\/\",\"name\":\"Un incident troublant \u00e0 Tarbes : un individu menace dans une \u00e9cole\",\"isPartOf\":{\"@id\":\"https:\\\/\\\/www.apres-lecole.fr\\\/Blog\\\/#website\"},\"datePublished\":\"2025-05-18T21:40:40+00:00\",\"author\":{\"@id\":\"https:\\\/\\\/www.apres-lecole.fr\\\/Blog\\\/#\\\/schema\\\/person\\\/aeb50cd4b51fc69da155804bb5bb9fc4\"},\"description\":\"D\u00e9couvrez les d\u00e9tails d'un incident alarmant survenu \u00e0 Tarbes, o\u00f9 un individu a p\u00e9n\u00e9tr\u00e9 dans une \u00e9cole en prof\u00e9rant des cris 'Allah Akbar' et mena\u00e7ant un t\u00e9moin de d\u00e9capitation. Cet \u00e9v\u00e9nement soul\u00e8ve des inqui\u00e9tudes sur la s\u00e9curit\u00e9 dans les \u00e9tablissements scolaires. Restez inform\u00e9s sur cet acte troublant et ses implications pour la communaut\u00e9.\",\"breadcrumb\":{\"@id\":\"https:\\\/\\\/www.apres-lecole.fr\\\/Blog\\\/incident-tarbes-ecole-menace\\\/#breadcrumb\"},\"inLanguage\":\"fr-FR\",\"potentialAction\":[{\"@type\":\"ReadAction\",\"target\":[\"https:\\\/\\\/www.apres-lecole.fr\\\/Blog\\\/incident-tarbes-ecole-menace\\\/\"]}]},{\"@type\":\"BreadcrumbList\",\"@id\":\"https:\\\/\\\/www.apres-lecole.fr\\\/Blog\\\/incident-tarbes-ecole-menace\\\/#breadcrumb\",\"itemListElement\":[{\"@type\":\"ListItem\",\"position\":1,\"name\":\"Home\",\"item\":\"https:\\\/\\\/www.apres-lecole.fr\\\/Blog\\\/\"},{\"@type\":\"ListItem\",\"position\":2,\"name\":\"Un incident alarmant \u00e0 Tarbes : un individu p\u00e9n\u00e8tre dans une \u00e9cole, prof\u00e9rant des cris \u00ab Allah Akbar \u00bb et mena\u00e7ant un t\u00e9moin de d\u00e9capitation\"}]},{\"@type\":\"WebSite\",\"@id\":\"https:\\\/\\\/www.apres-lecole.fr\\\/Blog\\\/#website\",\"url\":\"https:\\\/\\\/www.apres-lecole.fr\\\/Blog\\\/\",\"name\":\"\",\"description\":\"M\u00e9dia g\u00e9n\u00e9raliste\",\"potentialAction\":[{\"@type\":\"SearchAction\",\"target\":{\"@type\":\"EntryPoint\",\"urlTemplate\":\"https:\\\/\\\/www.apres-lecole.fr\\\/Blog\\\/?s={search_term_string}\"},\"query-input\":{\"@type\":\"PropertyValueSpecification\",\"valueRequired\":true,\"valueName\":\"search_term_string\"}}],\"inLanguage\":\"fr-FR\"},{\"@type\":\"Person\",\"@id\":\"https:\\\/\\\/www.apres-lecole.fr\\\/Blog\\\/#\\\/schema\\\/person\\\/aeb50cd4b51fc69da155804bb5bb9fc4\",\"name\":\"Eva Martin\",\"image\":{\"@type\":\"ImageObject\",\"inLanguage\":\"fr-FR\",\"@id\":\"https:\\\/\\\/secure.gravatar.com\\\/avatar\\\/55c53222558b27a72015a64073a80edce4abd33369394b9bf2c5cd6c19d12682?s=96&d=mm&r=g\",\"url\":\"https:\\\/\\\/secure.gravatar.com\\\/avatar\\\/55c53222558b27a72015a64073a80edce4abd33369394b9bf2c5cd6c19d12682?s=96&d=mm&r=g\",\"contentUrl\":\"https:\\\/\\\/secure.gravatar.com\\\/avatar\\\/55c53222558b27a72015a64073a80edce4abd33369394b9bf2c5cd6c19d12682?s=96&d=mm&r=g\",\"caption\":\"Eva Martin\"},\"description\":\"Je parle de business et d'entrepreneuriat avec des conseils clairs, concrets et actionnables pour r\u00e9ussir\",\"sameAs\":[\"https:\\\/\\\/x.com\\\/Evaapresecole\"],\"url\":\"https:\\\/\\\/www.apres-lecole.fr\\\/Blog\\\/author\\\/evamartin\\\/\"}]}<\/script>\n<!-- \/ Yoast SEO plugin. -->","yoast_head_json":{"title":"Un incident troublant \u00e0 Tarbes : un individu menace dans une \u00e9cole","description":"D\u00e9couvrez les d\u00e9tails d'un incident alarmant survenu \u00e0 Tarbes, o\u00f9 un individu a p\u00e9n\u00e9tr\u00e9 dans une \u00e9cole en prof\u00e9rant des cris 'Allah Akbar' et mena\u00e7ant un t\u00e9moin de d\u00e9capitation. Cet \u00e9v\u00e9nement soul\u00e8ve des inqui\u00e9tudes sur la s\u00e9curit\u00e9 dans les \u00e9tablissements scolaires. Restez inform\u00e9s sur cet acte troublant et ses implications pour la communaut\u00e9.","robots":{"index":"index","follow":"follow","max-snippet":"max-snippet:-1","max-image-preview":"max-image-preview:large","max-video-preview":"max-video-preview:-1"},"canonical":"https:\/\/www.apres-lecole.fr\/Blog\/incident-tarbes-ecole-menace\/","og_locale":"fr_FR","og_type":"article","og_title":"Un incident troublant \u00e0 Tarbes : un individu menace dans une \u00e9cole","og_description":"D\u00e9couvrez les d\u00e9tails d'un incident alarmant survenu \u00e0 Tarbes, o\u00f9 un individu a p\u00e9n\u00e9tr\u00e9 dans une \u00e9cole en prof\u00e9rant des cris 'Allah Akbar' et mena\u00e7ant un t\u00e9moin de d\u00e9capitation. Cet \u00e9v\u00e9nement soul\u00e8ve des inqui\u00e9tudes sur la s\u00e9curit\u00e9 dans les \u00e9tablissements scolaires. Restez inform\u00e9s sur cet acte troublant et ses implications pour la communaut\u00e9.","og_url":"https:\/\/www.apres-lecole.fr\/Blog\/incident-tarbes-ecole-menace\/","article_published_time":"2025-05-18T21:40:40+00:00","author":"Eva Martin","twitter_card":"summary_large_image","twitter_creator":"@Evaapresecole","twitter_misc":{"\u00c9crit par":"Eva Martin","Dur\u00e9e de lecture estim\u00e9e":"10 minutes"},"schema":{"@context":"https:\/\/schema.org","@graph":[{"@type":"Article","@id":"https:\/\/www.apres-lecole.fr\/Blog\/incident-tarbes-ecole-menace\/#article","isPartOf":{"@id":"https:\/\/www.apres-lecole.fr\/Blog\/incident-tarbes-ecole-menace\/"},"author":{"name":"Eva Martin","@id":"https:\/\/www.apres-lecole.fr\/Blog\/#\/schema\/person\/aeb50cd4b51fc69da155804bb5bb9fc4"},"headline":"Un incident alarmant \u00e0 Tarbes : un individu p\u00e9n\u00e8tre dans une \u00e9cole, prof\u00e9rant des cris \u00ab Allah Akbar \u00bb et mena\u00e7ant un t\u00e9moin de d\u00e9capitation","datePublished":"2025-05-18T21:40:40+00:00","mainEntityOfPage":{"@id":"https:\/\/www.apres-lecole.fr\/Blog\/incident-tarbes-ecole-menace\/"},"wordCount":1997,"commentCount":0,"keywords":["cries allah akbar","\u00e9cole","incident alarmant","menace","tarbes"],"articleSection":["Actualit\u00e9s"],"inLanguage":"fr-FR","potentialAction":[{"@type":"CommentAction","name":"Comment","target":["https:\/\/www.apres-lecole.fr\/Blog\/incident-tarbes-ecole-menace\/#respond"]}]},{"@type":"WebPage","@id":"https:\/\/www.apres-lecole.fr\/Blog\/incident-tarbes-ecole-menace\/","url":"https:\/\/www.apres-lecole.fr\/Blog\/incident-tarbes-ecole-menace\/","name":"Un incident troublant \u00e0 Tarbes : un individu menace dans une \u00e9cole","isPartOf":{"@id":"https:\/\/www.apres-lecole.fr\/Blog\/#website"},"datePublished":"2025-05-18T21:40:40+00:00","author":{"@id":"https:\/\/www.apres-lecole.fr\/Blog\/#\/schema\/person\/aeb50cd4b51fc69da155804bb5bb9fc4"},"description":"D\u00e9couvrez les d\u00e9tails d'un incident alarmant survenu \u00e0 Tarbes, o\u00f9 un individu a p\u00e9n\u00e9tr\u00e9 dans une \u00e9cole en prof\u00e9rant des cris 'Allah Akbar' et mena\u00e7ant un t\u00e9moin de d\u00e9capitation. Cet \u00e9v\u00e9nement soul\u00e8ve des inqui\u00e9tudes sur la s\u00e9curit\u00e9 dans les \u00e9tablissements scolaires. Restez inform\u00e9s sur cet acte troublant et ses implications pour la communaut\u00e9.","breadcrumb":{"@id":"https:\/\/www.apres-lecole.fr\/Blog\/incident-tarbes-ecole-menace\/#breadcrumb"},"inLanguage":"fr-FR","potentialAction":[{"@type":"ReadAction","target":["https:\/\/www.apres-lecole.fr\/Blog\/incident-tarbes-ecole-menace\/"]}]},{"@type":"BreadcrumbList","@id":"https:\/\/www.apres-lecole.fr\/Blog\/incident-tarbes-ecole-menace\/#breadcrumb","itemListElement":[{"@type":"ListItem","position":1,"name":"Home","item":"https:\/\/www.apres-lecole.fr\/Blog\/"},{"@type":"ListItem","position":2,"name":"Un incident alarmant \u00e0 Tarbes : un individu p\u00e9n\u00e8tre dans une \u00e9cole, prof\u00e9rant des cris \u00ab Allah Akbar \u00bb et mena\u00e7ant un t\u00e9moin de d\u00e9capitation"}]},{"@type":"WebSite","@id":"https:\/\/www.apres-lecole.fr\/Blog\/#website","url":"https:\/\/www.apres-lecole.fr\/Blog\/","name":"","description":"M\u00e9dia g\u00e9n\u00e9raliste","potentialAction":[{"@type":"SearchAction","target":{"@type":"EntryPoint","urlTemplate":"https:\/\/www.apres-lecole.fr\/Blog\/?s={search_term_string}"},"query-input":{"@type":"PropertyValueSpecification","valueRequired":true,"valueName":"search_term_string"}}],"inLanguage":"fr-FR"},{"@type":"Person","@id":"https:\/\/www.apres-lecole.fr\/Blog\/#\/schema\/person\/aeb50cd4b51fc69da155804bb5bb9fc4","name":"Eva Martin","image":{"@type":"ImageObject","inLanguage":"fr-FR","@id":"https:\/\/secure.gravatar.com\/avatar\/55c53222558b27a72015a64073a80edce4abd33369394b9bf2c5cd6c19d12682?s=96&d=mm&r=g","url":"https:\/\/secure.gravatar.com\/avatar\/55c53222558b27a72015a64073a80edce4abd33369394b9bf2c5cd6c19d12682?s=96&d=mm&r=g","contentUrl":"https:\/\/secure.gravatar.com\/avatar\/55c53222558b27a72015a64073a80edce4abd33369394b9bf2c5cd6c19d12682?s=96&d=mm&r=g","caption":"Eva Martin"},"description":"Je parle de business et d'entrepreneuriat avec des conseils clairs, concrets et actionnables pour r\u00e9ussir","sameAs":["https:\/\/x.com\/Evaapresecole"],"url":"https:\/\/www.apres-lecole.fr\/Blog\/author\/evamartin\/"}]}},"views":17,"_links":{"self":[{"href":"https:\/\/www.apres-lecole.fr\/Blog\/wp-json\/wp\/v2\/posts\/1957","targetHints":{"allow":["GET"]}}],"collection":[{"href":"https:\/\/www.apres-lecole.fr\/Blog\/wp-json\/wp\/v2\/posts"}],"about":[{"href":"https:\/\/www.apres-lecole.fr\/Blog\/wp-json\/wp\/v2\/types\/post"}],"author":[{"embeddable":true,"href":"https:\/\/www.apres-lecole.fr\/Blog\/wp-json\/wp\/v2\/users\/9"}],"replies":[{"embeddable":true,"href":"https:\/\/www.apres-lecole.fr\/Blog\/wp-json\/wp\/v2\/comments?post=1957"}],"version-history":[{"count":0,"href":"https:\/\/www.apres-lecole.fr\/Blog\/wp-json\/wp\/v2\/posts\/1957\/revisions"}],"wp:attachment":[{"href":"https:\/\/www.apres-lecole.fr\/Blog\/wp-json\/wp\/v2\/media?parent=1957"}],"wp:term":[{"taxonomy":"category","embeddable":true,"href":"https:\/\/www.apres-lecole.fr\/Blog\/wp-json\/wp\/v2\/categories?post=1957"},{"taxonomy":"post_tag","embeddable":true,"href":"https:\/\/www.apres-lecole.fr\/Blog\/wp-json\/wp\/v2\/tags?post=1957"}],"curies":[{"name":"wp","href":"https:\/\/api.w.org\/{rel}","templated":true}]}}