{"id":1954,"date":"2025-05-17T07:04:04","date_gmt":"2025-05-17T07:04:04","guid":{"rendered":"https:\/\/www.apres-lecole.fr\/Blog\/reforme-educative-science-maroc\/"},"modified":"2025-05-17T07:04:04","modified_gmt":"2025-05-17T07:04:04","slug":"reforme-educative-science-maroc","status":"publish","type":"post","link":"https:\/\/www.apres-lecole.fr\/Blog\/reforme-educative-science-maroc\/","title":{"rendered":"Une r\u00e9forme \u00e9ducative sans pr\u00e9c\u00e9dent au Maroc : la science comme moteur du changement"},"content":{"rendered":"\n\n<div class=\"kk-star-ratings kksr-auto kksr-align-left kksr-valign-top\"\n    data-payload='{&quot;align&quot;:&quot;left&quot;,&quot;id&quot;:&quot;1954&quot;,&quot;slug&quot;:&quot;default&quot;,&quot;valign&quot;:&quot;top&quot;,&quot;ignore&quot;:&quot;&quot;,&quot;reference&quot;:&quot;auto&quot;,&quot;class&quot;:&quot;&quot;,&quot;count&quot;:&quot;0&quot;,&quot;legendonly&quot;:&quot;&quot;,&quot;readonly&quot;:&quot;&quot;,&quot;score&quot;:&quot;0&quot;,&quot;starsonly&quot;:&quot;&quot;,&quot;best&quot;:&quot;5&quot;,&quot;gap&quot;:&quot;5&quot;,&quot;greet&quot;:&quot;Rate this post&quot;,&quot;legend&quot;:&quot;0\\\/5 - (0 vote)&quot;,&quot;size&quot;:&quot;24&quot;,&quot;title&quot;:&quot;Une r\u00e9forme \u00e9ducative sans pr\u00e9c\u00e9dent au Maroc : la science comme moteur du changement&quot;,&quot;width&quot;:&quot;0&quot;,&quot;_legend&quot;:&quot;{score}\\\/{best} - ({count} {votes})&quot;,&quot;font_factor&quot;:&quot;1.25&quot;}'>\n            \n<div class=\"kksr-stars\">\n    \n<div class=\"kksr-stars-inactive\">\n            <div class=\"kksr-star\" data-star=\"1\" style=\"padding-right: 5px\">\n            \n\n<div class=\"kksr-icon\" style=\"width: 24px; height: 24px;\"><\/div>\n        <\/div>\n            <div class=\"kksr-star\" data-star=\"2\" style=\"padding-right: 5px\">\n            \n\n<div class=\"kksr-icon\" style=\"width: 24px; height: 24px;\"><\/div>\n        <\/div>\n            <div class=\"kksr-star\" data-star=\"3\" style=\"padding-right: 5px\">\n            \n\n<div class=\"kksr-icon\" style=\"width: 24px; height: 24px;\"><\/div>\n        <\/div>\n            <div class=\"kksr-star\" data-star=\"4\" style=\"padding-right: 5px\">\n            \n\n<div class=\"kksr-icon\" style=\"width: 24px; height: 24px;\"><\/div>\n        <\/div>\n            <div class=\"kksr-star\" data-star=\"5\" style=\"padding-right: 5px\">\n            \n\n<div class=\"kksr-icon\" style=\"width: 24px; height: 24px;\"><\/div>\n        <\/div>\n    <\/div>\n    \n<div class=\"kksr-stars-active\" style=\"width: 0px;\">\n            <div class=\"kksr-star\" style=\"padding-right: 5px\">\n            \n\n<div class=\"kksr-icon\" style=\"width: 24px; height: 24px;\"><\/div>\n        <\/div>\n            <div class=\"kksr-star\" style=\"padding-right: 5px\">\n            \n\n<div class=\"kksr-icon\" style=\"width: 24px; height: 24px;\"><\/div>\n        <\/div>\n            <div class=\"kksr-star\" style=\"padding-right: 5px\">\n            \n\n<div class=\"kksr-icon\" style=\"width: 24px; height: 24px;\"><\/div>\n        <\/div>\n            <div class=\"kksr-star\" style=\"padding-right: 5px\">\n            \n\n<div class=\"kksr-icon\" style=\"width: 24px; height: 24px;\"><\/div>\n        <\/div>\n            <div class=\"kksr-star\" style=\"padding-right: 5px\">\n            \n\n<div class=\"kksr-icon\" style=\"width: 24px; height: 24px;\"><\/div>\n        <\/div>\n    <\/div>\n<\/div>\n                \n\n<div class=\"kksr-legend\" style=\"font-size: 19.2px;\">\n            <span class=\"kksr-muted\">Rate this post<\/span>\n    <\/div>\n    <\/div>\n<p>La r\u00e9forme \u00e9ducative au Maroc s&rsquo;inscrit dans un tournant d\u00e9cisif pour l&rsquo;avenir du pays. Les enjeux sont \u00e9lev\u00e9s, et le succ\u00e8s de cette transformation pourrait red\u00e9finir les contours du syst\u00e8me \u00e9ducatif national. Cette ambition repose sur des fondations solides : la science comme levier principal. <\/p>\n\n<p>Les derni\u00e8res ann\u00e9es ont vu la mise en place de strat\u00e9gies innovantes. Alors que le pays s&rsquo;attaque \u00e0 des d\u00e9fis majeurs, l&rsquo;accent est mis sur le d\u00e9veloppement scientifique et technologique. L&rsquo;\u00e9ducation est envisag\u00e9e comme un pont vers l&rsquo;avenir, permettant une meilleure int\u00e9gration dans le monde globalis\u00e9.<\/p>\n\n<p>La dynamique actuelle pour am\u00e9liorer les performances \u00e9ducatives s&rsquo;articule autour de plusieurs axes, notamment l&rsquo;approfondissement des savoirs fondamentaux et l&rsquo;innovation p\u00e9dagogique. Au sein de cet \u00e9lan, il est crucial de saisir les nouvelles m\u00e9thodes d&rsquo;enseignement. Sans plus attendre, plongeons dans les multiples facettes de ce projet ambitieux!<\/p>\n\n<h2 class=\"wp-block-heading\">La gen\u00e8se de la r\u00e9forme \u00e9ducative au Maroc<\/h2>\n\n<p>Au fil des ans, le Maroc a observ\u00e9 une \u00e9volution notable de son syst\u00e8me \u00e9ducatif, mais le pays a \u00e9galement \u00e9t\u00e9 confront\u00e9 \u00e0 des d\u00e9fis structurels majeurs.  Depuis la fin des ann\u00e9es 1980, avec l&rsquo;\u00e9largissement de l&rsquo;acc\u00e8s \u00e0 l&rsquo;\u00e9ducation, les taux de scolarisation ont fortement augment\u00e9. Aujourd&rsquo;hui, <strong>99 % des enfants sont scolaris\u00e9s en primaire<\/strong>, ce qui place le Maroc parmi les pays m\u00e9diterran\u00e9ens les plus avanc\u00e9s sur ce plan. Toutefois, la qualit\u00e9 des apprentissages reste sujette \u00e0 d\u00e9bat, et c&rsquo;est ici que la n\u00e9cessit\u00e9 d&rsquo;une r\u00e9forme s&rsquo;est impos\u00e9e.<\/p>\n\n<p>Le constat est sans appel : les \u00e9l\u00e8ves marocains obtiennent des r\u00e9sultats en dessous des attentes dans les \u00e9valuations internationales telles que Pisa et Timss. Pour rem\u00e9dier \u00e0 cette situation alarmante, le <strong>Minist\u00e8re de l&rsquo;\u00c9ducation Nationale<\/strong> a \u00e9labor\u00e9 un plan d&rsquo;action ambitieux. En 2022, un <strong>\u00e9lectrochoc<\/strong> a \u00e9t\u00e9 amorc\u00e9 pour remonter la pente gr\u00e2ce notamment \u00e0 un programme intitul\u00e9 <strong>\u00ab\u00a0\u00e9coles pionni\u00e8res\u00a0\u00bb<\/strong>. Ce programme a \u00e9t\u00e9 lanc\u00e9 \u00e0 la rentr\u00e9e scolaire 2023 et se concentre sur un nombre culte de 626 \u00e9coles choisies pour initier la r\u00e9forme.<\/p>\n\n<p>Les axes principaux de cette r\u00e9forme sont clairement d\u00e9finis. On y trouve une adaptation des m\u00e9thodes p\u00e9dagogiques, une nouvelle approche bas\u00e9e sur la recherche scientifique, ainsi qu&rsquo;une meilleure distribution des ressources. <strong>Pascal Bressoux<\/strong>, membre du laboratoire de recherche sur les apprentissages en contexte \u00e0 l&rsquo;universit\u00e9 de Grenoble-Alpes, affirme qu&rsquo;\u00ab en un an, les r\u00e9sultats sont impressionnants, du jamais-vu en si peu de temps ! \u00bb<\/p>\n\n<h3 class=\"wp-block-heading\">L\u2019implication des acteurs locaux et internationaux<\/h3>\n\n<p>Pour rendre ce projet p\u00e9renne, le gouvernement marocain a fait appel \u00e0 des experts et institutions reconnues au niveau international. <strong>Universit\u00e9 Mohammed VI Polytechnique<\/strong> et <strong>Institut Royal de la Culture Amazighe<\/strong> jouent un r\u00f4le d&rsquo;accompagnement dans cette transition, mettant \u00e0 disposition leurs connaissances en mati\u00e8re de recherche et de d\u00e9veloppement.<\/p>\n\n<p>En parall\u00e8le, des collaborations ont \u00e9t\u00e9 mises en \u0153uvre avec des ONG et des institutions comme <strong>Pratham<\/strong>, qui a d\u00e9velopp\u00e9 des m\u00e9thodes d&rsquo;\u00e9valuation efficaces. Le mod\u00e8le de <strong>\u00ab\u00a0Teaching at the Right Level\u00a0\u00bb<\/strong> est au c\u0153ur de cette r\u00e9forme et permet de regrouper les \u00e9l\u00e8ves en fonction de leurs comp\u00e9tences. Ce mod\u00e8le, bien adapt\u00e9 aux r\u00e9alit\u00e9s du Maroc, pourrait devenir incontournable dans l&rsquo;enseignement public.<\/p>\n\n<h3 class=\"wp-block-heading\">Les d\u00e9fis de la mise en \u0153uvre<\/h3>\n\n<p>Malgr\u00e9 l\u2019ambition affich\u00e9e, la mise en \u0153uvre de cette r\u00e9forme n\u2019est pas d\u00e9nu\u00e9e de d\u00e9fis. Parmi les points d\u2019inqui\u00e9tude, on note la r\u00e9sistance au changement de certains enseignants et la n\u00e9cessit\u00e9 d&rsquo;une r\u00e9elle formation continue. Les enseignants doivent s&rsquo;adapter \u00e0 ces nouvelles m\u00e9thodes d&rsquo;enseignement o\u00f9 l\u2019\u00e9valuation du niveau des \u00e9l\u00e8ves devient primordiale.<\/p>\n\n<p>Un autre d\u00e9fi est l&rsquo;appropriation des nouveaux outils fournis aux enseignants, comme les ordinateurs portables et les vid\u00e9oprojecteurs. Des syst\u00e8mes de contr\u00f4le d&rsquo;\u00e9valuation seront mis en place pour s&rsquo;assurer que ces nouvelles pratiques sont adopt\u00e9es. C&rsquo;est un pas crucial dans la qu\u00eate d&rsquo;une <strong>\u00e9ducation de qualit\u00e9<\/strong>.<\/p>\n\n<p><strong>Voici un tableau r\u00e9capitulatif des axes de la r\u00e9forme :<\/strong><\/p>\n\n<figure class=\"wp-block-table\"><table>\n<thead>\n<tr>\n<th>Axe de la r\u00e9forme<\/th>\n<th>Description<\/th>\n<th>Objectif<\/th>\n<\/tr>\n<\/thead>\n<tbody>\n<tr>\n<td>Adaptation p\u00e9dagogique<\/td>\n<td>R\u00e9vision des m\u00e9thodes d\u2019enseignement bas\u00e9es sur la recherche<\/td>\n<td>Am\u00e9liorer l\u2019apprentissage et la compr\u00e9hension<\/td>\n<\/tr>\n<tr>\n<td>Syst\u00e8mes d&rsquo;\u00e9valuation<\/td>\n<td>Mise en place de contr\u00f4les r\u00e9guliers pour chaque niveau<\/td>\n<td>Identifier les \u00e9l\u00e8ves en difficult\u00e9s<\/td>\n<\/tr>\n<tr>\n<td>Technologie dans les \u00e9coles<\/td>\n<td>Dotation en outils num\u00e9riques pour l&rsquo;enseignement<\/td>\n<td>Moderniser l\u2019acc\u00e8s aux connaissances<\/td>\n<\/tr>\n<tr>\n<td>Formation des enseignants<\/td>\n<td>Programmes de d\u00e9veloppement professionnel continu<\/td>\n<td>Accompagner le changement vers de nouvelles pratiques<\/td>\n<\/tr>\n<\/tbody>\n<\/table><\/figure>\n\n<h2 class=\"wp-block-heading\">Le programme des \u00e9coles pionni\u00e8res : un mod\u00e8le \u00e0 suivre<\/h2>\n\n<p>Le programme des <strong>\u00e9coles pionni\u00e8res<\/strong>, lanc\u00e9 cette ann\u00e9e, repr\u00e9sente une initiative phare dans le cadre de cette r\u00e9forme. 626 \u00e9tablissements ont \u00e9t\u00e9 s\u00e9lectionn\u00e9s pour exp\u00e9rimenter des m\u00e9thodes d\u2019enseignement innovantes et adapt\u00e9es aux r\u00e9alit\u00e9s du pays. \u00c0 l\u2019horizon 2024, 2 000 \u00e9coles suppl\u00e9mentaires devront rejoindre ce programme, soit finalement 30 % des \u00e9tablissements publics du primaire.<\/p>\n\n<p>Ce que le minist\u00e8re souhaite \u00e0 travers ces \u00e9coles, c&rsquo;est de cr\u00e9er un \u00e9chantillon qui puisse servir de vitrine pour les r\u00e9sultats attendus. Par exemple, des tests de positionnement en d\u00e9but d\u2019ann\u00e9e aideront \u00e0 d\u00e9finir le niveau des \u00e9l\u00e8ves dans des mati\u00e8res telles que les math\u00e9matiques et la lecture.  Cette approche permet d&rsquo;ajuster l\u2019enseignement selon les besoins de chaque \u00e9l\u00e8ve et d\u2019optimiser ainsi les r\u00e9sultats. Un \u00e9lan prometteur, qui pourrait bien r\u00e9sonner au-del\u00e0 des fronti\u00e8res marocaines.<\/p>\n\n<h3 class=\"wp-block-heading\">Les m\u00e9thodes d&rsquo;enseignement innovantes<\/h3>\n\n<p>Les m\u00e9thodes d\u2019enseignement adopt\u00e9es dans ces \u00e9coles pionni\u00e8res reposent sur <strong>l&rsquo;enseignement explicite<\/strong>. Cela signifie qu\u2019avant de passer \u00e0 un nouveau concept, les \u00e9l\u00e8ves doivent d\u2019abord d\u00e9montrer une ma\u00eetrise compl\u00e8te des id\u00e9es pr\u00e9c\u00e9dentes. Cette approche a fait ses preuves dans plusieurs syst\u00e8mes \u00e9ducatifs avanc\u00e9s et est maintenant adapt\u00e9e aux r\u00e9alit\u00e9s marocaines.<\/p>\n\n<p>Des enseignants ont \u00e9t\u00e9 accompagn\u00e9s durant leur mise en place, et pr\u00e8s de 3 000 le\u00e7ons ont \u00e9t\u00e9 d\u00e9velopp\u00e9es pour permettre un acc\u00e8s facile et un partage de bonnes pratiques. Un soutien essentiel qui permet d\u2019optimiser leur travail et de densifier l\u2019apprentissage des \u00e9l\u00e8ves. De plus, un ensemble de <strong>manuels scolaires<\/strong> est en cours de cr\u00e9ation pour garantir un alignement parfait avec ces nouvelles m\u00e9thodes.<\/p>\n\n<p>Les r\u00e9sultats commencent d\u00e9j\u00e0 \u00e0 parler d&rsquo;eux-m\u00eames : des \u00e9valuations r\u00e9guli\u00e8res montrent des progr\u00e8s significatifs dans les \u00e9coles pionni\u00e8res par rapport \u00e0 d&rsquo;autres \u00e9tablissements. Celles-ci sont surveill\u00e9es de pr\u00e8s par le <strong>Minist\u00e8re de l&rsquo;\u00c9ducation Nationale<\/strong> afin de tirer des enseignements sur ce qui fonctionne r\u00e9ellement.<\/p>\n\n<p><strong>Une liste des \u00e9l\u00e9ments cl\u00e9s du programme :<\/strong><\/p>\n\n<ul class=\"wp-block-list\"><li>\ud83d\udd0d Tests de positionnement en d\u00e9but d\u2019ann\u00e9e<\/li><li>\ud83d\udcda Acc\u00e8s \u00e0 3 000 le\u00e7ons standardis\u00e9es<\/li><li>\ud83d\udc69\u200d\ud83c\udfeb Formation continue pour enseignants<\/li><li>\ud83d\udca1 M\u00e9thodes d&rsquo;enseignement explicite<\/li><li>\ud83d\udd04 Suivi des performances r\u00e9guli\u00e8res<\/li><\/ul>\n\n<h2 class=\"wp-block-heading\">Les attentes jusqu&rsquo;en 2026 : un avenir prometteur<\/h2>\n\n<p>Les ambitions du minist\u00e8re pour les ann\u00e9es \u00e0 venir sont clairement d\u00e9finies : doubler la proportion des \u00e9l\u00e8ves ma\u00eetrisant les savoirs fondamentaux d\u2019ici 2026. Cela passe par des mesures r\u00e9solues et un engagement \u00e0 long terme vers la qualit\u00e9 \u00e9ducative. L\u2019espoir est que cette r\u00e9forme favorisera la r\u00e9ussite de l\u2019\u00e9ducation au Maroc et, pourquoi pas, la positionner en tant que mod\u00e8le \u00e0 suivre pour d&rsquo;autres pays \u00e9mergents.<\/p>\n\n<h3 class=\"wp-block-heading\">Une conclusion strat\u00e9gique sur le nouveau mod\u00e8le \u00e9ducatif<\/h3>\n\n<p>Pour atteindre cet objectif, certaines mesures devront \u00eatre suivies de pr\u00e8s, notamment l&rsquo;implication des familles et des communaut\u00e9s, mais aussi l\u2019engagement des enseignants. La <strong>Fondation Mohammed VI<\/strong> travaille encore sur la sensibilisation des parents aux enjeux de l&rsquo;\u00e9ducation, car le soutien familial est crucial dans le parcours scolaire des enfants.<\/p>\n\n<p>En parall\u00e8le, les premi\u00e8res \u00e9valuations ont d\u00e9j\u00e0 \u00e9t\u00e9 valid\u00e9es par des laboratoires ind\u00e9pendants, tels que <strong>J-PAL<\/strong>, ce qui assure une cr\u00e9dibilit\u00e9 \u00e0 l\u2019ensemble des r\u00e9sultats obtenus. Ces \u00e9tudes fournissent des donn\u00e9es pr\u00e9cieuses qui permettent de prendre des d\u00e9cisions \u00e9clair\u00e9es pour la suite de la r\u00e9forme. La transparence dans l&rsquo;\u00e9valuation des r\u00e9sultats est indispensable pour un succ\u00e8s durable.<\/p>\n\n<p><strong>Voici un tableau les donn\u00e9es pr\u00e9visionnelles pour les ann\u00e9es \u00e0 venir :<\/strong><\/p>\n\n<figure class=\"wp-block-table\"><table>\n<thead>\n<tr>\n<th>Ann\u00e9e<\/th>\n<th>Nombre d&rsquo;\u00e9coles pionni\u00e8res<\/th>\n<th>Taux de r\u00e9ussite cible<\/th>\n<\/tr>\n<\/thead>\n<tbody>\n<tr>\n<td>2023<\/td>\n<td>626<\/td>\n<td>30 % des \u00e9l\u00e8ves ma\u00eetrisent les fondamentaux<\/td>\n<\/tr>\n<tr>\n<td>2024<\/td>\n<td>2 626<\/td>\n<td>50 % des \u00e9l\u00e8ves ma\u00eetrisent les fondamentaux<\/td>\n<\/tr>\n<tr>\n<td>2025<\/td>\n<td>4 626<\/td>\n<td>75 % des \u00e9l\u00e8ves ma\u00eetrisent les fondamentaux<\/td>\n<\/tr>\n<tr>\n<td>2026<\/td>\n<td>8 000<\/td>\n<td>100 % des \u00e9l\u00e8ves ma\u00eetrisent les fondamentaux<\/td>\n<\/tr>\n<\/tbody>\n<\/table><\/figure>\n\n<h2 class=\"wp-block-heading\">\u00c9valuer l\u2019impact de la r\u00e9forme : les perspectives d&rsquo;avenir<\/h2>\n\n<p>\u00c0 l\u2019aube d\u2019une transformation \u00e9ducative profonde, il devient essentiel de mesurer les r\u00e9sultats et d\u2019analyser l&rsquo;impact de la r\u00e9forme. Pour cela, des \u00e9valuations externes et internes seront mises en place afin d\u2019obtenir des donn\u00e9es fiables sur le progr\u00e8s r\u00e9alis\u00e9. C&rsquo;est \u00e0 ce prix que le Maroc pourra r\u00e9ellement effectuer un saut qualitatif dans son \u00e9ducation.<\/p>\n\n<h3 class=\"wp-block-heading\">Vers une \u00e9ducation scientifique de qualit\u00e9<\/h3>\n\n<p>L&rsquo;enjeu majeur de cette r\u00e9forme, c&rsquo;est de cultiver une <strong>\u00e9ducation scientifique<\/strong> qui pr\u00e9pare les \u00e9l\u00e8ves \u00e0 devenir acteurs du d\u00e9veloppement du pays. Pour cela, les maths et les sciences seront au c\u0153ur du programme \u00e9ducatif, assurant ainsi une tenue \u00e0 jour des connaissances face aux \u00e9volutions du monde scientifique.<\/p>\n\n<p>Des initiatives comme la <strong>Cit\u00e9 des Sciences et de l&rsquo;Industrie<\/strong> ou les <strong>\u00c9coles Polytechniques de Casablanca<\/strong> continueront \u00e0 soutenir cette dynamique d&rsquo;\u00e9ducation active. En conjuguant la recherche \u00e0 la pratique, l\u2019objectif est d\u2019\u00e9quiper les enfants marocains pour les d\u00e9fis futurs.<\/p>\n\n<p><strong>Voici quelques initiatives \u00e0 suivre :<\/strong><\/p>\n\n<ul class=\"wp-block-list\"><li>\ud83d\udd2c Partenariats avec des institutions scientifiques<\/li><li>\ud83d\udcbb Utilisation des outils num\u00e9riques et technologiques dans l&rsquo;\u00e9ducation<\/li><li>\ud83e\uddd1\u200d\ud83d\udd2c Ateliers pratiques et formations en laboratoire<\/li><li>\ud83c\udf0d Sensibilisation \u00e0 l&rsquo;importance des sciences dans la soci\u00e9t\u00e9<\/li><li>\ud83c\udf93 Formation des enseignants en mati\u00e8re scientifique<\/li><\/ul>\n\n<h2 class=\"wp-block-heading\">FAQ<\/h2>\n\n<p><strong>Q1 : Quelle est l&rsquo;intention majeure de la r\u00e9forme \u00e9ducative au Maroc ?<\/strong><\/p>\n\n<p>R1 : L&rsquo;objectif principal est de doubler la proportion d\u2019\u00e9l\u00e8ves ma\u00eetrisant les savoirs fondamentaux d&rsquo;ici 2026, en s\u2019appuyant sur des m\u00e9thodes p\u00e9dagogiques adapt\u00e9es et innovantes.<\/p>\n\n<p><strong>Q2 : Quelles sont les \u00e9coles pionni\u00e8res ?<\/strong><\/p>\n\n<p>R2 : Les \u00e9coles pionni\u00e8res d\u00e9signent un ensemble de 626 \u00e9tablissements s\u00e9lectionn\u00e9s pour exp\u00e9rimenter des approches \u00e9ducatives nouvelles dans le cadre de la r\u00e9forme.<\/p>\n\n<p><strong>Q3 : Qui \u00e9value l&rsquo;impact de la r\u00e9forme ?<\/strong><\/p>\n\n<p>R3 : Des laboratoires internationaux ind\u00e9pendants effectuent des \u00e9valuations pour assurer la cr\u00e9dibilit\u00e9 des r\u00e9sultats, par exemple <strong>J-PAL<\/strong>, affili\u00e9 \u00e0 l\u2019universit\u00e9 am\u00e9ricaine MIT.<\/p>\n\n<p><strong>Q4 : Quel est le r\u00f4le du minist\u00e8re dans cette r\u00e9forme ?<\/strong><\/p>\n\n<p>R4 : Le <strong>Minist\u00e8re de l&rsquo;\u00c9ducation Nationale<\/strong> est responsable de la mise en \u0153uvre de la r\u00e9forme et de la coordination des efforts entre les diff\u00e9rents acteurs impliqu\u00e9s.<\/p>\n\n<p><strong>Q5 : Quelle est l&rsquo;importance de l&rsquo;\u00e9ducation scientifique au Maroc ?<\/strong><\/p>\n\n<p>R5 : L&rsquo;\u00e9ducation scientifique est essentielle pour pr\u00e9parer les \u00e9l\u00e8ves \u00e0 devenir des acteurs de d\u00e9veloppement social et \u00e9conomique, en les dotant de comp\u00e9tences adapt\u00e9es aux exigences du monde moderne.<\/p>\n\n","protected":false},"excerpt":{"rendered":"<p>La r\u00e9forme \u00e9ducative au Maroc s&rsquo;inscrit dans un tournant d\u00e9cisif pour l&rsquo;avenir du pays. Les enjeux sont \u00e9lev\u00e9s, et le succ\u00e8s de cette transformation pourrait red\u00e9finir les contours du syst\u00e8me \u00e9ducatif national. Cette ambition repose sur des fondations solides : la science comme levier principal. Les derni\u00e8res ann\u00e9es ont vu la mise en place de &#8230; <a title=\"Une r\u00e9forme \u00e9ducative sans pr\u00e9c\u00e9dent au Maroc : la science comme moteur du changement\" class=\"read-more\" href=\"https:\/\/www.apres-lecole.fr\/Blog\/reforme-educative-science-maroc\/\" aria-label=\"En savoir plus sur Une r\u00e9forme \u00e9ducative sans pr\u00e9c\u00e9dent au Maroc : la science comme moteur du changement\">Lire plus<\/a><\/p>\n","protected":false},"author":9,"featured_media":0,"comment_status":"open","ping_status":"open","sticky":false,"template":"","format":"standard","meta":{"footnotes":""},"categories":[342],"tags":[891,412,889,841,890],"class_list":["post-1954","post","type-post","status-publish","format-standard","hentry","category-actualites","tag-changement","tag-education","tag-maroc","tag-reforme-educative","tag-science"],"yoast_head":"<!-- This site is optimized with the Yoast SEO plugin v27.5 - https:\/\/yoast.com\/product\/yoast-seo-wordpress\/ -->\n<title>R\u00e9forme \u00e9ducative au Maroc : la science au c\u0153ur du changement<\/title>\n<meta name=\"description\" content=\"D\u00e9couvrez comment la r\u00e9forme \u00e9ducative sans pr\u00e9c\u00e9dent au Maroc place la science au c\u0153ur du changement. Explorez les innovations et les strat\u00e9gies mises en place pour transformer le syst\u00e8me \u00e9ducatif et pr\u00e9parer la jeunesse marocaine aux d\u00e9fis de demain.\" \/>\n<meta name=\"robots\" content=\"index, follow, max-snippet:-1, max-image-preview:large, max-video-preview:-1\" \/>\n<link rel=\"canonical\" href=\"https:\/\/www.apres-lecole.fr\/Blog\/reforme-educative-science-maroc\/\" \/>\n<meta property=\"og:locale\" content=\"fr_FR\" \/>\n<meta property=\"og:type\" content=\"article\" \/>\n<meta property=\"og:title\" content=\"R\u00e9forme \u00e9ducative au Maroc : la science au c\u0153ur du changement\" \/>\n<meta property=\"og:description\" content=\"D\u00e9couvrez comment la r\u00e9forme \u00e9ducative sans pr\u00e9c\u00e9dent au Maroc place la science au c\u0153ur du changement. Explorez les innovations et les strat\u00e9gies mises en place pour transformer le syst\u00e8me \u00e9ducatif et pr\u00e9parer la jeunesse marocaine aux d\u00e9fis de demain.\" \/>\n<meta property=\"og:url\" content=\"https:\/\/www.apres-lecole.fr\/Blog\/reforme-educative-science-maroc\/\" \/>\n<meta property=\"article:published_time\" content=\"2025-05-17T07:04:04+00:00\" \/>\n<meta name=\"author\" content=\"Eva Martin\" \/>\n<meta name=\"twitter:card\" content=\"summary_large_image\" \/>\n<meta name=\"twitter:creator\" content=\"@Evaapresecole\" \/>\n<meta name=\"twitter:label1\" content=\"\u00c9crit par\" \/>\n\t<meta name=\"twitter:data1\" content=\"Eva Martin\" \/>\n\t<meta name=\"twitter:label2\" content=\"Dur\u00e9e de lecture estim\u00e9e\" \/>\n\t<meta name=\"twitter:data2\" content=\"9 minutes\" \/>\n<script type=\"application\/ld+json\" class=\"yoast-schema-graph\">{\"@context\":\"https:\\\/\\\/schema.org\",\"@graph\":[{\"@type\":\"Article\",\"@id\":\"https:\\\/\\\/www.apres-lecole.fr\\\/Blog\\\/reforme-educative-science-maroc\\\/#article\",\"isPartOf\":{\"@id\":\"https:\\\/\\\/www.apres-lecole.fr\\\/Blog\\\/reforme-educative-science-maroc\\\/\"},\"author\":{\"name\":\"Eva Martin\",\"@id\":\"https:\\\/\\\/www.apres-lecole.fr\\\/Blog\\\/#\\\/schema\\\/person\\\/aeb50cd4b51fc69da155804bb5bb9fc4\"},\"headline\":\"Une r\u00e9forme \u00e9ducative sans pr\u00e9c\u00e9dent au Maroc : la science comme moteur du changement\",\"datePublished\":\"2025-05-17T07:04:04+00:00\",\"mainEntityOfPage\":{\"@id\":\"https:\\\/\\\/www.apres-lecole.fr\\\/Blog\\\/reforme-educative-science-maroc\\\/\"},\"wordCount\":1921,\"commentCount\":0,\"keywords\":[\"changement\",\"\u00e9ducation\",\"maroc\",\"r\u00e9forme \u00e9ducative\",\"science\"],\"articleSection\":[\"Actualit\u00e9s\"],\"inLanguage\":\"fr-FR\",\"potentialAction\":[{\"@type\":\"CommentAction\",\"name\":\"Comment\",\"target\":[\"https:\\\/\\\/www.apres-lecole.fr\\\/Blog\\\/reforme-educative-science-maroc\\\/#respond\"]}]},{\"@type\":\"WebPage\",\"@id\":\"https:\\\/\\\/www.apres-lecole.fr\\\/Blog\\\/reforme-educative-science-maroc\\\/\",\"url\":\"https:\\\/\\\/www.apres-lecole.fr\\\/Blog\\\/reforme-educative-science-maroc\\\/\",\"name\":\"R\u00e9forme \u00e9ducative au Maroc : la science au c\u0153ur du changement\",\"isPartOf\":{\"@id\":\"https:\\\/\\\/www.apres-lecole.fr\\\/Blog\\\/#website\"},\"datePublished\":\"2025-05-17T07:04:04+00:00\",\"author\":{\"@id\":\"https:\\\/\\\/www.apres-lecole.fr\\\/Blog\\\/#\\\/schema\\\/person\\\/aeb50cd4b51fc69da155804bb5bb9fc4\"},\"description\":\"D\u00e9couvrez comment la r\u00e9forme \u00e9ducative sans pr\u00e9c\u00e9dent au Maroc place la science au c\u0153ur du changement. Explorez les innovations et les strat\u00e9gies mises en place pour transformer le syst\u00e8me \u00e9ducatif et pr\u00e9parer la jeunesse marocaine aux d\u00e9fis de demain.\",\"breadcrumb\":{\"@id\":\"https:\\\/\\\/www.apres-lecole.fr\\\/Blog\\\/reforme-educative-science-maroc\\\/#breadcrumb\"},\"inLanguage\":\"fr-FR\",\"potentialAction\":[{\"@type\":\"ReadAction\",\"target\":[\"https:\\\/\\\/www.apres-lecole.fr\\\/Blog\\\/reforme-educative-science-maroc\\\/\"]}]},{\"@type\":\"BreadcrumbList\",\"@id\":\"https:\\\/\\\/www.apres-lecole.fr\\\/Blog\\\/reforme-educative-science-maroc\\\/#breadcrumb\",\"itemListElement\":[{\"@type\":\"ListItem\",\"position\":1,\"name\":\"Home\",\"item\":\"https:\\\/\\\/www.apres-lecole.fr\\\/Blog\\\/\"},{\"@type\":\"ListItem\",\"position\":2,\"name\":\"Une r\u00e9forme \u00e9ducative sans pr\u00e9c\u00e9dent au Maroc : la science comme moteur du changement\"}]},{\"@type\":\"WebSite\",\"@id\":\"https:\\\/\\\/www.apres-lecole.fr\\\/Blog\\\/#website\",\"url\":\"https:\\\/\\\/www.apres-lecole.fr\\\/Blog\\\/\",\"name\":\"\",\"description\":\"M\u00e9dia g\u00e9n\u00e9raliste\",\"potentialAction\":[{\"@type\":\"SearchAction\",\"target\":{\"@type\":\"EntryPoint\",\"urlTemplate\":\"https:\\\/\\\/www.apres-lecole.fr\\\/Blog\\\/?s={search_term_string}\"},\"query-input\":{\"@type\":\"PropertyValueSpecification\",\"valueRequired\":true,\"valueName\":\"search_term_string\"}}],\"inLanguage\":\"fr-FR\"},{\"@type\":\"Person\",\"@id\":\"https:\\\/\\\/www.apres-lecole.fr\\\/Blog\\\/#\\\/schema\\\/person\\\/aeb50cd4b51fc69da155804bb5bb9fc4\",\"name\":\"Eva Martin\",\"image\":{\"@type\":\"ImageObject\",\"inLanguage\":\"fr-FR\",\"@id\":\"https:\\\/\\\/secure.gravatar.com\\\/avatar\\\/55c53222558b27a72015a64073a80edce4abd33369394b9bf2c5cd6c19d12682?s=96&d=mm&r=g\",\"url\":\"https:\\\/\\\/secure.gravatar.com\\\/avatar\\\/55c53222558b27a72015a64073a80edce4abd33369394b9bf2c5cd6c19d12682?s=96&d=mm&r=g\",\"contentUrl\":\"https:\\\/\\\/secure.gravatar.com\\\/avatar\\\/55c53222558b27a72015a64073a80edce4abd33369394b9bf2c5cd6c19d12682?s=96&d=mm&r=g\",\"caption\":\"Eva Martin\"},\"description\":\"Je parle de business et d'entrepreneuriat avec des conseils clairs, concrets et actionnables pour r\u00e9ussir\",\"sameAs\":[\"https:\\\/\\\/x.com\\\/Evaapresecole\"],\"url\":\"https:\\\/\\\/www.apres-lecole.fr\\\/Blog\\\/author\\\/evamartin\\\/\"}]}<\/script>\n<!-- \/ Yoast SEO plugin. -->","yoast_head_json":{"title":"R\u00e9forme \u00e9ducative au Maroc : la science au c\u0153ur du changement","description":"D\u00e9couvrez comment la r\u00e9forme \u00e9ducative sans pr\u00e9c\u00e9dent au Maroc place la science au c\u0153ur du changement. Explorez les innovations et les strat\u00e9gies mises en place pour transformer le syst\u00e8me \u00e9ducatif et pr\u00e9parer la jeunesse marocaine aux d\u00e9fis de demain.","robots":{"index":"index","follow":"follow","max-snippet":"max-snippet:-1","max-image-preview":"max-image-preview:large","max-video-preview":"max-video-preview:-1"},"canonical":"https:\/\/www.apres-lecole.fr\/Blog\/reforme-educative-science-maroc\/","og_locale":"fr_FR","og_type":"article","og_title":"R\u00e9forme \u00e9ducative au Maroc : la science au c\u0153ur du changement","og_description":"D\u00e9couvrez comment la r\u00e9forme \u00e9ducative sans pr\u00e9c\u00e9dent au Maroc place la science au c\u0153ur du changement. Explorez les innovations et les strat\u00e9gies mises en place pour transformer le syst\u00e8me \u00e9ducatif et pr\u00e9parer la jeunesse marocaine aux d\u00e9fis de demain.","og_url":"https:\/\/www.apres-lecole.fr\/Blog\/reforme-educative-science-maroc\/","article_published_time":"2025-05-17T07:04:04+00:00","author":"Eva Martin","twitter_card":"summary_large_image","twitter_creator":"@Evaapresecole","twitter_misc":{"\u00c9crit par":"Eva Martin","Dur\u00e9e de lecture estim\u00e9e":"9 minutes"},"schema":{"@context":"https:\/\/schema.org","@graph":[{"@type":"Article","@id":"https:\/\/www.apres-lecole.fr\/Blog\/reforme-educative-science-maroc\/#article","isPartOf":{"@id":"https:\/\/www.apres-lecole.fr\/Blog\/reforme-educative-science-maroc\/"},"author":{"name":"Eva Martin","@id":"https:\/\/www.apres-lecole.fr\/Blog\/#\/schema\/person\/aeb50cd4b51fc69da155804bb5bb9fc4"},"headline":"Une r\u00e9forme \u00e9ducative sans pr\u00e9c\u00e9dent au Maroc : la science comme moteur du changement","datePublished":"2025-05-17T07:04:04+00:00","mainEntityOfPage":{"@id":"https:\/\/www.apres-lecole.fr\/Blog\/reforme-educative-science-maroc\/"},"wordCount":1921,"commentCount":0,"keywords":["changement","\u00e9ducation","maroc","r\u00e9forme \u00e9ducative","science"],"articleSection":["Actualit\u00e9s"],"inLanguage":"fr-FR","potentialAction":[{"@type":"CommentAction","name":"Comment","target":["https:\/\/www.apres-lecole.fr\/Blog\/reforme-educative-science-maroc\/#respond"]}]},{"@type":"WebPage","@id":"https:\/\/www.apres-lecole.fr\/Blog\/reforme-educative-science-maroc\/","url":"https:\/\/www.apres-lecole.fr\/Blog\/reforme-educative-science-maroc\/","name":"R\u00e9forme \u00e9ducative au Maroc : la science au c\u0153ur du changement","isPartOf":{"@id":"https:\/\/www.apres-lecole.fr\/Blog\/#website"},"datePublished":"2025-05-17T07:04:04+00:00","author":{"@id":"https:\/\/www.apres-lecole.fr\/Blog\/#\/schema\/person\/aeb50cd4b51fc69da155804bb5bb9fc4"},"description":"D\u00e9couvrez comment la r\u00e9forme \u00e9ducative sans pr\u00e9c\u00e9dent au Maroc place la science au c\u0153ur du changement. Explorez les innovations et les strat\u00e9gies mises en place pour transformer le syst\u00e8me \u00e9ducatif et pr\u00e9parer la jeunesse marocaine aux d\u00e9fis de demain.","breadcrumb":{"@id":"https:\/\/www.apres-lecole.fr\/Blog\/reforme-educative-science-maroc\/#breadcrumb"},"inLanguage":"fr-FR","potentialAction":[{"@type":"ReadAction","target":["https:\/\/www.apres-lecole.fr\/Blog\/reforme-educative-science-maroc\/"]}]},{"@type":"BreadcrumbList","@id":"https:\/\/www.apres-lecole.fr\/Blog\/reforme-educative-science-maroc\/#breadcrumb","itemListElement":[{"@type":"ListItem","position":1,"name":"Home","item":"https:\/\/www.apres-lecole.fr\/Blog\/"},{"@type":"ListItem","position":2,"name":"Une r\u00e9forme \u00e9ducative sans pr\u00e9c\u00e9dent au Maroc : la science comme moteur du changement"}]},{"@type":"WebSite","@id":"https:\/\/www.apres-lecole.fr\/Blog\/#website","url":"https:\/\/www.apres-lecole.fr\/Blog\/","name":"","description":"M\u00e9dia g\u00e9n\u00e9raliste","potentialAction":[{"@type":"SearchAction","target":{"@type":"EntryPoint","urlTemplate":"https:\/\/www.apres-lecole.fr\/Blog\/?s={search_term_string}"},"query-input":{"@type":"PropertyValueSpecification","valueRequired":true,"valueName":"search_term_string"}}],"inLanguage":"fr-FR"},{"@type":"Person","@id":"https:\/\/www.apres-lecole.fr\/Blog\/#\/schema\/person\/aeb50cd4b51fc69da155804bb5bb9fc4","name":"Eva Martin","image":{"@type":"ImageObject","inLanguage":"fr-FR","@id":"https:\/\/secure.gravatar.com\/avatar\/55c53222558b27a72015a64073a80edce4abd33369394b9bf2c5cd6c19d12682?s=96&d=mm&r=g","url":"https:\/\/secure.gravatar.com\/avatar\/55c53222558b27a72015a64073a80edce4abd33369394b9bf2c5cd6c19d12682?s=96&d=mm&r=g","contentUrl":"https:\/\/secure.gravatar.com\/avatar\/55c53222558b27a72015a64073a80edce4abd33369394b9bf2c5cd6c19d12682?s=96&d=mm&r=g","caption":"Eva Martin"},"description":"Je parle de business et d'entrepreneuriat avec des conseils clairs, concrets et actionnables pour r\u00e9ussir","sameAs":["https:\/\/x.com\/Evaapresecole"],"url":"https:\/\/www.apres-lecole.fr\/Blog\/author\/evamartin\/"}]}},"views":328,"_links":{"self":[{"href":"https:\/\/www.apres-lecole.fr\/Blog\/wp-json\/wp\/v2\/posts\/1954","targetHints":{"allow":["GET"]}}],"collection":[{"href":"https:\/\/www.apres-lecole.fr\/Blog\/wp-json\/wp\/v2\/posts"}],"about":[{"href":"https:\/\/www.apres-lecole.fr\/Blog\/wp-json\/wp\/v2\/types\/post"}],"author":[{"embeddable":true,"href":"https:\/\/www.apres-lecole.fr\/Blog\/wp-json\/wp\/v2\/users\/9"}],"replies":[{"embeddable":true,"href":"https:\/\/www.apres-lecole.fr\/Blog\/wp-json\/wp\/v2\/comments?post=1954"}],"version-history":[{"count":0,"href":"https:\/\/www.apres-lecole.fr\/Blog\/wp-json\/wp\/v2\/posts\/1954\/revisions"}],"wp:attachment":[{"href":"https:\/\/www.apres-lecole.fr\/Blog\/wp-json\/wp\/v2\/media?parent=1954"}],"wp:term":[{"taxonomy":"category","embeddable":true,"href":"https:\/\/www.apres-lecole.fr\/Blog\/wp-json\/wp\/v2\/categories?post=1954"},{"taxonomy":"post_tag","embeddable":true,"href":"https:\/\/www.apres-lecole.fr\/Blog\/wp-json\/wp\/v2\/tags?post=1954"}],"curies":[{"name":"wp","href":"https:\/\/api.w.org\/{rel}","templated":true}]}}