{"id":1950,"date":"2025-05-15T07:03:02","date_gmt":"2025-05-15T07:03:02","guid":{"rendered":"https:\/\/www.apres-lecole.fr\/Blog\/innovation-ecole-modulaire-tours\/"},"modified":"2025-05-15T07:03:02","modified_gmt":"2025-05-15T07:03:02","slug":"innovation-ecole-modulaire-tours","status":"publish","type":"post","link":"https:\/\/www.apres-lecole.fr\/Blog\/innovation-ecole-modulaire-tours\/","title":{"rendered":"\u00c0 Tours, l&rsquo;innovation avec une \u00e9cole modulaire et durable aux Fontaines"},"content":{"rendered":"\n\n<div class=\"kk-star-ratings kksr-auto kksr-align-left kksr-valign-top\"\n    data-payload='{&quot;align&quot;:&quot;left&quot;,&quot;id&quot;:&quot;1950&quot;,&quot;slug&quot;:&quot;default&quot;,&quot;valign&quot;:&quot;top&quot;,&quot;ignore&quot;:&quot;&quot;,&quot;reference&quot;:&quot;auto&quot;,&quot;class&quot;:&quot;&quot;,&quot;count&quot;:&quot;0&quot;,&quot;legendonly&quot;:&quot;&quot;,&quot;readonly&quot;:&quot;&quot;,&quot;score&quot;:&quot;0&quot;,&quot;starsonly&quot;:&quot;&quot;,&quot;best&quot;:&quot;5&quot;,&quot;gap&quot;:&quot;5&quot;,&quot;greet&quot;:&quot;Rate this post&quot;,&quot;legend&quot;:&quot;0\\\/5 - (0 vote)&quot;,&quot;size&quot;:&quot;24&quot;,&quot;title&quot;:&quot;\u00c0 Tours, l\\u0026#039;innovation avec une \u00e9cole modulaire et durable aux Fontaines&quot;,&quot;width&quot;:&quot;0&quot;,&quot;_legend&quot;:&quot;{score}\\\/{best} - ({count} {votes})&quot;,&quot;font_factor&quot;:&quot;1.25&quot;}'>\n            \n<div class=\"kksr-stars\">\n    \n<div class=\"kksr-stars-inactive\">\n            <div class=\"kksr-star\" data-star=\"1\" style=\"padding-right: 5px\">\n            \n\n<div class=\"kksr-icon\" style=\"width: 24px; height: 24px;\"><\/div>\n        <\/div>\n            <div class=\"kksr-star\" data-star=\"2\" style=\"padding-right: 5px\">\n            \n\n<div class=\"kksr-icon\" style=\"width: 24px; height: 24px;\"><\/div>\n        <\/div>\n            <div class=\"kksr-star\" data-star=\"3\" style=\"padding-right: 5px\">\n            \n\n<div class=\"kksr-icon\" style=\"width: 24px; height: 24px;\"><\/div>\n        <\/div>\n            <div class=\"kksr-star\" data-star=\"4\" style=\"padding-right: 5px\">\n            \n\n<div class=\"kksr-icon\" style=\"width: 24px; height: 24px;\"><\/div>\n        <\/div>\n            <div class=\"kksr-star\" data-star=\"5\" style=\"padding-right: 5px\">\n            \n\n<div class=\"kksr-icon\" style=\"width: 24px; height: 24px;\"><\/div>\n        <\/div>\n    <\/div>\n    \n<div class=\"kksr-stars-active\" style=\"width: 0px;\">\n            <div class=\"kksr-star\" style=\"padding-right: 5px\">\n            \n\n<div class=\"kksr-icon\" style=\"width: 24px; height: 24px;\"><\/div>\n        <\/div>\n            <div class=\"kksr-star\" style=\"padding-right: 5px\">\n            \n\n<div class=\"kksr-icon\" style=\"width: 24px; height: 24px;\"><\/div>\n        <\/div>\n            <div class=\"kksr-star\" style=\"padding-right: 5px\">\n            \n\n<div class=\"kksr-icon\" style=\"width: 24px; height: 24px;\"><\/div>\n        <\/div>\n            <div class=\"kksr-star\" style=\"padding-right: 5px\">\n            \n\n<div class=\"kksr-icon\" style=\"width: 24px; height: 24px;\"><\/div>\n        <\/div>\n            <div class=\"kksr-star\" style=\"padding-right: 5px\">\n            \n\n<div class=\"kksr-icon\" style=\"width: 24px; height: 24px;\"><\/div>\n        <\/div>\n    <\/div>\n<\/div>\n                \n\n<div class=\"kksr-legend\" style=\"font-size: 19.2px;\">\n            <span class=\"kksr-muted\">Rate this post<\/span>\n    <\/div>\n    <\/div>\n<p>\u00c0 Tours, l\u2019innovation se met au service de l\u2019\u00e9ducation avec des projets ambitieux qui red\u00e9finissent les normes scolaires. Ce n\u2019est pas seulement une r\u00e9novation ou une ouverture, mais un v\u00e9ritable bouleversement dans le secteur \u00e9ducatif. Dans le quartier des Fontaines, l\u2019avenir est \u00e0 la construction d\u2019\u00e9coles modulaires et durables, con\u00e7ues pour accueillir des \u00e9l\u00e8ves tout en respectant l\u2019environnement. Dans cet article, on plonge dans les d\u00e9tails de cette initiative et ses implications pour l\u2019\u00e9ducation \u00e0 Tours.<\/p>\n\n<ul class=\"wp-block-list\"><li>Un projet de r\u00e9novation sans pr\u00e9c\u00e9dent<\/li><li>Une \u00e9cole modulaire et ses avantages<\/li><li>Le r\u00f4le cl\u00e9 de l\u2019\u00e9cologie et de la durabilit\u00e9<\/li><li>Une innovation \u00e9ducative pour les \u00e9l\u00e8ves<\/li><li>Les r\u00e9sultats pr\u00e9vus et l&rsquo;avenir \u00e9ducatif \u00e0 Tours<\/li><\/ul>\n\n<h2 class=\"wp-block-heading\">Un projet de r\u00e9novation sans pr\u00e9c\u00e9dent<\/h2>\n\n<p>La municipalit\u00e9 de Tours, sous l\u2019impulsion du maire <strong>Emmanuel Denis<\/strong>, a lanc\u00e9 un vaste chantier de r\u00e9novation dans le quartier des Fontaines, comprenant trois \u00e9tablissements scolaires, dont l&rsquo;\u00e9cole Jean-Giraudoux. Ces b\u00e2timents, \u00e2g\u00e9s de plus de 50 ans, ont connu des ann\u00e9es d&rsquo;usure et n\u00e9cessitent une transformation radicale. Avec un budget allou\u00e9 de 23 millions d&rsquo;euros, cette initiative vise \u00e0 moderniser les infrastructures scolaires tout en r\u00e9duisant la consommation \u00e9nerg\u00e9tique de moiti\u00e9. Cela va enrichir le quotidien des \u00e9l\u00e8ves et des enseignants, y compris des am\u00e9liorations sur le plan thermique, acoustique et lumineux.<\/p>\n\n<p>Les r\u00e9novations auront d&rsquo;importants impacts sur la facture \u00e9nerg\u00e9tique des \u00e9tablissements, qui devrait \u00eatre r\u00e9duite de moiti\u00e9, ce qui souligne l&rsquo;engagement de la ville vers un <strong>d\u00e9veloppement durable<\/strong>. En effet, la ville a d\u00e9cid\u00e9 de massifier les chantiers pour optimiser les co\u00fbts. Martin Cohen, vice-pr\u00e9sident m\u00e9tropolitain \u00e0 la transition \u00e9nerg\u00e9tique, a d\u00e9clar\u00e9 que ce regroupement a permis de r\u00e9aliser une \u00e9conomie de trois millions d&rsquo;euros.<\/p>\n\n<h3 class=\"wp-block-heading\">Un planning d&rsquo;innovation<\/h3>\n\n<p>Le planning des travaux est ambitieux, avec des \u00e9ch\u00e9ances d\u00e9finies pour chaque \u00e9tablissement. L\u2019\u00e9cole Jean-Giraudoux accueillera ses premiers \u00e9l\u00e8ves dans des b\u00e2timents modulaires d\u00e8s septembre 2025. Suivront ensuite les \u00e9coles \u00e9l\u00e9mentaire et maternelle Arthur-Rimbaud, respectivement en 2026 et 2027. Ce mod\u00e8le de construction modulaire permettra d&rsquo;accueillir les \u00e9l\u00e8ves sur le site des autres \u00e9coles pendant la dur\u00e9e des travaux, offrant ainsi une continuit\u00e9 scolaire durant une p\u00e9riode d&rsquo;importants changements.<\/p>\n\n<h3 class=\"wp-block-heading\">Des \u00e9conomies sur les co\u00fbts<\/h3>\n\n<p>Ce type de projet immobilier, qui combine la modernisation des infrastructures scolaires et le souci d&rsquo;\u00e9conomies d&rsquo;\u00e9chelle, garantit une approche \u00e0 la fois pragmatique et innovante. Une telle initiative pourrait devenir un mod\u00e8le \u00e0 reproduire dans d&rsquo;autres quartiers de Tours et m\u00eame au-del\u00e0. Avec une gestion optimale des d\u00e9penses, la ville pittoresque du Val de Loire montre un exemple \u00e0 suivre pour allier <strong>innovation<\/strong> et <strong>\u00e9ducation<\/strong>.<\/p>\n\n<figure class=\"wp-block-table\"><table>\n<thead>\n<tr>\n<th>\u00c9tablissement<\/th>\n<th>Ann\u00e9e de construction<\/th>\n<th>Date de l&rsquo;inauguration du modulaire<\/th>\n<th>Budget estim\u00e9 (M\u20ac)<\/th>\n<\/tr>\n<\/thead>\n<tbody>\n<tr>\n<td>\u00c9cole Jean-Giraudoux<\/td>\n<td>1970<\/td>\n<td>Septembre 2025<\/td>\n<td>23<\/td>\n<\/tr>\n<tr>\n<td>\u00c9cole Arthur-Rimbaud<\/td>\n<td>1975<\/td>\n<td>2026<\/td>\n<td>23<\/td>\n<\/tr>\n<tr>\n<td>Maternelle Arthur-Rimbaud<\/td>\n<td>1975<\/td>\n<td>2027<\/td>\n<td>23<\/td>\n<\/tr>\n<\/tbody>\n<\/table><\/figure>\n\n<h2 class=\"wp-block-heading\">Une \u00e9cole modulaire et ses avantages<\/h2>\n\n<p>Le concept d&rsquo;une <strong>\u00e9cole modulaire<\/strong> est relativement nouveau \u00e0 Tours, mais il a un potentiel \u00e9norme. Le syst\u00e8me modulaire permet de construire des espaces d&rsquo;apprentissage qui peuvent \u00eatre facilement adapt\u00e9s selon les besoins des \u00e9l\u00e8ves et du personnel \u00e9ducatif. Un des aspects les plus innovants de ce projet aux Fontaines est l\u2019utilisation de structures temporaires, con\u00e7ues pour \u00eatre d\u00e9mont\u00e9es et r\u00e9utilis\u00e9es si n\u00e9cessaire. Cela repr\u00e9sente un pas vers une \u00e9ducation plus flexible et ouverte aux d\u00e9fis du XXIe si\u00e8cle.<\/p>\n\n<p>Cette approche permet \u00e9galement une r\u00e9duction significative de l&#8217;empreinte carbone des nouveaux b\u00e2timents. En int\u00e9grant l\u2019architecture \u00e9cologique, les futurs locaux scolaires seront isol\u00e9s avec des mat\u00e9riaux naturels et biosourc\u00e9s. Les \u00e9l\u00e8ves b\u00e9n\u00e9ficieront ainsi d\u2019un cadre d&rsquo;apprentissage qui favorise non seulement leur \u00e9ducation, mais \u00e9galement leur sant\u00e9.<\/p>\n\n<h3 class=\"wp-block-heading\">Pratiques d\u2019apprentissage am\u00e9lior\u00e9es<\/h3>\n\n<p>En plus des avantages structuraux, l&rsquo;architecture modulaire offre des possibilit\u00e9s d\u2019apprentissage dynamiques. Les salles de classe peuvent \u00eatre reconfigur\u00e9es facilement en fonction des activit\u00e9s p\u00e9dagogiques. Cette flexibilit\u00e9 ne se limite pas uniquement aux salles de classe : des espaces ext\u00e9rieurs seront \u00e9galement am\u00e9nag\u00e9s pour favoriser la biodiversit\u00e9 et inclure des zones vertes, cr\u00e9ant ainsi un environnement plus sain.<\/p>\n\n<h3 class=\"wp-block-heading\">Int\u00e9gration de l\u2019\u00e9cologie dans l\u2019\u00e9ducation<\/h3>\n\n<p>Dans cette \u00e9cole, l&rsquo;\u00e9cologie ne sera pas seulement une notion th\u00e9orique mais vivante ! Les \u00e9l\u00e8ves apprendront l\u2019importance de l\u2019environnement et de la durabilit\u00e9 \u00e0 travers des projets concrets int\u00e9gr\u00e9s dans leur cursus. De la gestion des d\u00e9chets \u00e0 la premi\u00e8re exp\u00e9rience de jardinage, ces enseignements pratiques les pr\u00e9pareront \u00e0 devenir des citoyens responsables.<\/p>\n\n<h2 class=\"wp-block-heading\">Le r\u00f4le cl\u00e9 de l\u2019\u00e9cologie et de la durabilit\u00e9<\/h2>\n\n<p>L\u2019\u00e9ducation \u00e0 Tours prend un virage vers un avenir plus durable. Dans le cadre de ce projet ambitieux, les \u00e9coles du quartier des Fontaines vont int\u00e9grer des objectifs de transition \u00e9nerg\u00e9tique. Cela implique non seulement des b\u00e2timents bien isol\u00e9s, mais aussi des \u00e9nergies renouvelables. Les panneaux solaires, par exemple, seront essentiels pour r\u00e9duire la d\u00e9pendance des \u00e9tablissements aux \u00e9nergies fossiles. \u00ab\u00a0C\u2019est hyper urgent de d\u00e9carboner les activit\u00e9s humaines,\u00a0\u00bb a soulign\u00e9 Fran\u00e7ois Bonneau, pr\u00e9sident de la R\u00e9gion Centre-Val de Loire.<\/p>\n\n<h3 class=\"wp-block-heading\">Constructions responsables<\/h3>\n\n<p>Dans la conception de ces b\u00e2timents scolaires, les mat\u00e9riaux <strong>responsables<\/strong> et <strong>biosourc\u00e9s<\/strong> sont privil\u00e9gi\u00e9s. L&rsquo;utilisation de bois, de paille et d&rsquo;autres ressources renouvelables n&rsquo;est pas seulement une tendance, mais un principe fondamental pour garantir la durabilit\u00e9 du projet. Ces d\u00e9cisions architecturales seront b\u00e9n\u00e9fiques tant pour les \u00e9l\u00e8ves que pour la plan\u00e8te. Afin de consolider cet engagement, des structures en terres crues et en mat\u00e9riaux recycl\u00e9s seront incorpor\u00e9es dans les nouvelles constructions.<\/p>\n\n<h3 class=\"wp-block-heading\">Cours v\u00e9g\u00e9talis\u00e9es et espaces de d\u00e9tente<\/h3>\n\n<p>Les ext\u00e9rieurs des \u00e9tablissements ne seront pas en reste. Des cours v\u00e9g\u00e9talis\u00e9es, moins de surface en goudron et des zones herbeuses seront am\u00e9nag\u00e9es. Ces changements transformeront des espaces autrefois aust\u00e8res en v\u00e9ritables havres de paix pour les \u00e9l\u00e8ves. L\u2019objectif : cr\u00e9er des <strong>\u00eelots de fra\u00eecheur<\/strong> pour le bien-\u00eatre de tous. Les \u00e9l\u00e8ves auront ainsi la chance de jouer, d\u2019apprendre et de grandir dans un environnement sain et stimulant.<\/p>\n\n<figure class=\"wp-block-table\"><table>\n<thead>\n<tr>\n<th>\u00c9l\u00e9ment<\/th>\n<th>Objectif<\/th>\n<th>Impact pr\u00e9visible<\/th>\n<\/tr>\n<\/thead>\n<tbody>\n<tr>\n<td>Panneaux solaires<\/td>\n<td>R\u00e9duire la facture \u00e9nerg\u00e9tique<\/td>\n<td>-50% consommation d&rsquo;\u00e9nergie<\/td>\n<\/tr>\n<tr>\n<td>Espaces verts<\/td>\n<td>Am\u00e9liorer le bien-\u00eatre des \u00e9l\u00e8ves<\/td>\n<td>Environnement sain<\/td>\n<\/tr>\n<tr>\n<td>Mat\u00e9riaux biosourc\u00e9s<\/td>\n<td>D\u00e9velopper l&rsquo;\u00e9cole de demain<\/td>\n<td>R\u00e9duction de l&#8217;empreinte carbone<\/td>\n<\/tr>\n<\/tbody>\n<\/table><\/figure>\n\n<h2 class=\"wp-block-heading\">Une innovation \u00e9ducative pour les \u00e9l\u00e8ves<\/h2>\n\n<p>Les r\u00e9formes en cours vont au-del\u00e0 de simples retouches architecturales. En int\u00e9grant des concepts de <strong>d\u00e9veloppement durable<\/strong>, l&rsquo;\u00e9cole facilite une meilleure connexion entre \u00e9l\u00e8ves et environnement. Ce projet \u00e9ducatif unique offre non seulement un cadre d&rsquo;apprentissage modernis\u00e9, mais aussi un v\u00e9ritable \u00e9lan vers l&rsquo;autonomie, la cr\u00e9ativit\u00e9 et la responsabilit\u00e9.<\/p>\n\n<h3 class=\"wp-block-heading\">Programmes \u00e9ducatifs tourn\u00e9s vers l&rsquo;avenir<\/h3>\n\n<p>Le contenu des programmes sera \u00e9galement revisit\u00e9 pour int\u00e9grer des \u00e9l\u00e9ments relatifs \u00e0 la durabilit\u00e9, \u00e0 l&rsquo;\u00e9thique et aux enjeux sociaux. \u00c0 travers des projets innovants, les \u00e9l\u00e8ves auront l\u2019opportunit\u00e9 de devenir acteurs de leur \u00e9ducation. Ils seront amen\u00e9s \u00e0 participer \u00e0 des ateliers de sensibilisation \u00e0 l\u2019environnement, des cours sur les \u00e9nergies renouvelables et des initiatives citoyennes.<\/p>\n\n<h3 class=\"wp-block-heading\">Partenariats pour un avenir prometteur<\/h3>\n\n<p>Par ailleurs, la ville et les \u00e9tablissements scolaires envisagent d&rsquo;\u00e9tablir des partenariats avec des organismes locaux et des entreprises sp\u00e9cialis\u00e9es dans l\u2019\u00e9ducation durable. Ces collaborations permettront d&rsquo;enrichir l\u2019exp\u00e9rience scolaire et de mobiliser des ressources tant financi\u00e8res qu&rsquo;humaines. En travaillant ensemble, ils cr\u00e9eront un r\u00e9seau d\u2019apprentissage holistique et inclusif qui profitera \u00e0 tous.<\/p>\n\n<h2 class=\"wp-block-heading\">Les r\u00e9sultats pr\u00e9vus et l&rsquo;avenir \u00e9ducatif \u00e0 Tours<\/h2>\n\n<p>\u00c0 plus long terme, ces projets innovants sont non seulement destin\u00e9s \u00e0 transformer l\u2019\u00e9ducation \u00e0 Tours, mais \u00e9galement \u00e0 servir de mod\u00e8le pour d&rsquo;autres villes. L&rsquo;objectif est clair : garantir un usage responsable et durable des ressources tout en enrichissant l&rsquo;exp\u00e9rience \u00e9ducative des jeunes. Les \u00e9coles aux Fontaines vont marquer une <strong>r\u00e9volution \u00e9ducative<\/strong> qui, esp\u00e9rons-le, marquera les esprits et inspirera d&rsquo;autres initiatives.<\/p>\n\n<p>Les r\u00e9sultats anticip\u00e9s sont donc prometteurs. \u00c0 l\u2019issue des travaux, on s&rsquo;attend \u00e0 accueillir des \u00e9l\u00e8ves dans des structures modernes, adapt\u00e9es aux standards du XXIe si\u00e8cle, favorisant un apprentissage dynamique et sain. Les d\u00e9fis \u00e0 relever sont grands, mais les b\u00e9n\u00e9fices futurs en termes de performance scolaire et de bien-\u00eatre sont d\u2019un autre niveau.<\/p>\n\n<h3 class=\"wp-block-heading\">Engagement communautaire<\/h3>\n\n<p>Enfin, il ne faut pas oublier le r\u00f4le crucial des parents et de la communaut\u00e9 dans ce processus. En rassemblant leurs forces, en s&rsquo;investissant activement dans la vie scolaire, les familles contribueront \u00e0 la r\u00e9ussite de ces projets. Des r\u00e9unions d\u2019information et des ateliers seront organis\u00e9s pour sensibiliser et engager les citoyens autour de ce changement.<\/p>\n\n<figure class=\"wp-block-table\"><table>\n<thead>\n<tr>\n<th>Objectifs \u00e0 long terme<\/th>\n<th>Mesures pr\u00e9vues<\/th>\n<th>B\u00e9n\u00e9fices anticip\u00e9s<\/th>\n<\/tr>\n<\/thead>\n<tbody>\n<tr>\n<td>Sensibilisation \u00e0 l&rsquo;environnement<\/td>\n<td>Ateliers et projets<\/td>\n<td>\u00c9l\u00e8ves responsables<\/td>\n<\/tr>\n<tr>\n<td>Am\u00e9lioration des infrastructures<\/td>\n<td>Utilisation de mat\u00e9riaux biosourc\u00e9s<\/td>\n<td>R\u00e9duction de l&#8217;empreinte carbone<\/td>\n<\/tr>\n<tr>\n<td>Partenariats \u00e9ducatifs<\/td>\n<td>Collaboration avec des entreprises<\/td>\n<td>Ressources enrichies<\/td>\n<\/tr>\n<\/tbody>\n<\/table><\/figure>\n\n<h2 class=\"wp-block-heading\">FAQ<\/h2>\n\n<h3 class=\"wp-block-heading\">Pourquoi d\u00e9molit-on les anciennes \u00e9coles ?<\/h3>\n\n<p>Les anciennes \u00e9coles ne r\u00e9pondent plus aux normes actuelles en mati\u00e8re de s\u00e9curit\u00e9, de confort et d&rsquo;efficacit\u00e9 \u00e9nerg\u00e9tique.<\/p>\n\n<h3 class=\"wp-block-heading\">Qu&rsquo;est-ce qu&rsquo;une \u00e9cole modulaire ?<\/h3>\n\n<p>Une \u00e9cole modulaire est un espace \u00e9ducatif pouvant \u00eatre facilement r\u00e9am\u00e9nag\u00e9 ou d\u00e9plac\u00e9, permettant une flexibilit\u00e9 d&rsquo;utilisation.<\/p>\n\n<h3 class=\"wp-block-heading\">Quels mat\u00e9riaux seront utilis\u00e9s pour la construction ?<\/h3>\n\n<p>Des mat\u00e9riaux biosourc\u00e9s, comme le bois et la paille, seront privil\u00e9gi\u00e9s pour assurer une construction durable.<\/p>\n\n<h3 class=\"wp-block-heading\">Quand ces projets seront-ils achev\u00e9s ?<\/h3>\n\n<p>Les r\u00e9novations auront lieu jusqu&rsquo;en 2027, selon le calendrier indiqu\u00e9 par la municipalit\u00e9.<\/p>\n\n<h3 class=\"wp-block-heading\">Comment ces \u00e9coles contribueront-elles \u00e0 l&rsquo;\u00e9ducation ?<\/h3>\n\n<p>Ces \u00e9coles permettront une meilleure int\u00e9gration de th\u00e8mes \u00e9cologiques dans le cursus scolaire des \u00e9l\u00e8ves.<\/p>\n\n","protected":false},"excerpt":{"rendered":"<p>\u00c0 Tours, l\u2019innovation se met au service de l\u2019\u00e9ducation avec des projets ambitieux qui red\u00e9finissent les normes scolaires. Ce n\u2019est pas seulement une r\u00e9novation ou une ouverture, mais un v\u00e9ritable bouleversement dans le secteur \u00e9ducatif. Dans le quartier des Fontaines, l\u2019avenir est \u00e0 la construction d\u2019\u00e9coles modulaires et durables, con\u00e7ues pour accueillir des \u00e9l\u00e8ves tout &#8230; <a title=\"\u00c0 Tours, l&rsquo;innovation avec une \u00e9cole modulaire et durable aux Fontaines\" class=\"read-more\" href=\"https:\/\/www.apres-lecole.fr\/Blog\/innovation-ecole-modulaire-tours\/\" aria-label=\"En savoir plus sur \u00c0 Tours, l&rsquo;innovation avec une \u00e9cole modulaire et durable aux Fontaines\">Lire plus<\/a><\/p>\n","protected":false},"author":9,"featured_media":0,"comment_status":"open","ping_status":"open","sticky":false,"template":"","format":"standard","meta":{"footnotes":""},"categories":[342],"tags":[875,874,876,873,772],"class_list":["post-1950","post","type-post","status-publish","format-standard","hentry","category-actualites","tag-durabilite","tag-ecole-modulaire","tag-fontaines","tag-innovation","tag-tours"],"yoast_head":"<!-- This site is optimized with the Yoast SEO plugin v27.5 - https:\/\/yoast.com\/product\/yoast-seo-wordpress\/ -->\n<title>\u00c0 Tours, une \u00e9cole modulaire et durable pour innover aux Fontaines<\/title>\n<meta name=\"description\" content=\"D\u00e9couvrez \u00e0 Tours une \u00e9cole modulaire et durable aux Fontaines, symbole d&#039;innovation p\u00e9dagogique. Explorez comment cet \u00e9tablissement r\u00e9volutionne l&#039;enseignement avec des infrastructures \u00e9cologiques, favorisant un apprentissage moderne et responsable. Un projet \u00e9ducatif qui allie performance et respect de l&#039;environnement.\" \/>\n<meta name=\"robots\" content=\"index, follow, max-snippet:-1, max-image-preview:large, max-video-preview:-1\" \/>\n<link rel=\"canonical\" href=\"https:\/\/www.apres-lecole.fr\/Blog\/innovation-ecole-modulaire-tours\/\" \/>\n<meta property=\"og:locale\" content=\"fr_FR\" \/>\n<meta property=\"og:type\" content=\"article\" \/>\n<meta property=\"og:title\" content=\"\u00c0 Tours, une \u00e9cole modulaire et durable pour innover aux Fontaines\" \/>\n<meta property=\"og:description\" content=\"D\u00e9couvrez \u00e0 Tours une \u00e9cole modulaire et durable aux Fontaines, symbole d&#039;innovation p\u00e9dagogique. Explorez comment cet \u00e9tablissement r\u00e9volutionne l&#039;enseignement avec des infrastructures \u00e9cologiques, favorisant un apprentissage moderne et responsable. Un projet \u00e9ducatif qui allie performance et respect de l&#039;environnement.\" \/>\n<meta property=\"og:url\" content=\"https:\/\/www.apres-lecole.fr\/Blog\/innovation-ecole-modulaire-tours\/\" \/>\n<meta property=\"article:published_time\" content=\"2025-05-15T07:03:02+00:00\" \/>\n<meta name=\"author\" content=\"Eva Martin\" \/>\n<meta name=\"twitter:card\" content=\"summary_large_image\" \/>\n<meta name=\"twitter:creator\" content=\"@Evaapresecole\" \/>\n<meta name=\"twitter:label1\" content=\"\u00c9crit par\" \/>\n\t<meta name=\"twitter:data1\" content=\"Eva Martin\" \/>\n\t<meta name=\"twitter:label2\" content=\"Dur\u00e9e de lecture estim\u00e9e\" \/>\n\t<meta name=\"twitter:data2\" content=\"8 minutes\" \/>\n<script type=\"application\/ld+json\" class=\"yoast-schema-graph\">{\"@context\":\"https:\\\/\\\/schema.org\",\"@graph\":[{\"@type\":\"Article\",\"@id\":\"https:\\\/\\\/www.apres-lecole.fr\\\/Blog\\\/innovation-ecole-modulaire-tours\\\/#article\",\"isPartOf\":{\"@id\":\"https:\\\/\\\/www.apres-lecole.fr\\\/Blog\\\/innovation-ecole-modulaire-tours\\\/\"},\"author\":{\"name\":\"Eva Martin\",\"@id\":\"https:\\\/\\\/www.apres-lecole.fr\\\/Blog\\\/#\\\/schema\\\/person\\\/aeb50cd4b51fc69da155804bb5bb9fc4\"},\"headline\":\"\u00c0 Tours, l&rsquo;innovation avec une \u00e9cole modulaire et durable aux Fontaines\",\"datePublished\":\"2025-05-15T07:03:02+00:00\",\"mainEntityOfPage\":{\"@id\":\"https:\\\/\\\/www.apres-lecole.fr\\\/Blog\\\/innovation-ecole-modulaire-tours\\\/\"},\"wordCount\":1713,\"commentCount\":0,\"keywords\":[\"durabilit\u00e9\",\"\u00e9cole modulaire\",\"fontaines\",\"innovation\",\"tours\"],\"articleSection\":[\"Actualit\u00e9s\"],\"inLanguage\":\"fr-FR\",\"potentialAction\":[{\"@type\":\"CommentAction\",\"name\":\"Comment\",\"target\":[\"https:\\\/\\\/www.apres-lecole.fr\\\/Blog\\\/innovation-ecole-modulaire-tours\\\/#respond\"]}]},{\"@type\":\"WebPage\",\"@id\":\"https:\\\/\\\/www.apres-lecole.fr\\\/Blog\\\/innovation-ecole-modulaire-tours\\\/\",\"url\":\"https:\\\/\\\/www.apres-lecole.fr\\\/Blog\\\/innovation-ecole-modulaire-tours\\\/\",\"name\":\"\u00c0 Tours, une \u00e9cole modulaire et durable pour innover aux Fontaines\",\"isPartOf\":{\"@id\":\"https:\\\/\\\/www.apres-lecole.fr\\\/Blog\\\/#website\"},\"datePublished\":\"2025-05-15T07:03:02+00:00\",\"author\":{\"@id\":\"https:\\\/\\\/www.apres-lecole.fr\\\/Blog\\\/#\\\/schema\\\/person\\\/aeb50cd4b51fc69da155804bb5bb9fc4\"},\"description\":\"D\u00e9couvrez \u00e0 Tours une \u00e9cole modulaire et durable aux Fontaines, symbole d'innovation p\u00e9dagogique. Explorez comment cet \u00e9tablissement r\u00e9volutionne l'enseignement avec des infrastructures \u00e9cologiques, favorisant un apprentissage moderne et responsable. Un projet \u00e9ducatif qui allie performance et respect de l'environnement.\",\"breadcrumb\":{\"@id\":\"https:\\\/\\\/www.apres-lecole.fr\\\/Blog\\\/innovation-ecole-modulaire-tours\\\/#breadcrumb\"},\"inLanguage\":\"fr-FR\",\"potentialAction\":[{\"@type\":\"ReadAction\",\"target\":[\"https:\\\/\\\/www.apres-lecole.fr\\\/Blog\\\/innovation-ecole-modulaire-tours\\\/\"]}]},{\"@type\":\"BreadcrumbList\",\"@id\":\"https:\\\/\\\/www.apres-lecole.fr\\\/Blog\\\/innovation-ecole-modulaire-tours\\\/#breadcrumb\",\"itemListElement\":[{\"@type\":\"ListItem\",\"position\":1,\"name\":\"Home\",\"item\":\"https:\\\/\\\/www.apres-lecole.fr\\\/Blog\\\/\"},{\"@type\":\"ListItem\",\"position\":2,\"name\":\"\u00c0 Tours, l&rsquo;innovation avec une \u00e9cole modulaire et durable aux Fontaines\"}]},{\"@type\":\"WebSite\",\"@id\":\"https:\\\/\\\/www.apres-lecole.fr\\\/Blog\\\/#website\",\"url\":\"https:\\\/\\\/www.apres-lecole.fr\\\/Blog\\\/\",\"name\":\"\",\"description\":\"M\u00e9dia g\u00e9n\u00e9raliste\",\"potentialAction\":[{\"@type\":\"SearchAction\",\"target\":{\"@type\":\"EntryPoint\",\"urlTemplate\":\"https:\\\/\\\/www.apres-lecole.fr\\\/Blog\\\/?s={search_term_string}\"},\"query-input\":{\"@type\":\"PropertyValueSpecification\",\"valueRequired\":true,\"valueName\":\"search_term_string\"}}],\"inLanguage\":\"fr-FR\"},{\"@type\":\"Person\",\"@id\":\"https:\\\/\\\/www.apres-lecole.fr\\\/Blog\\\/#\\\/schema\\\/person\\\/aeb50cd4b51fc69da155804bb5bb9fc4\",\"name\":\"Eva Martin\",\"image\":{\"@type\":\"ImageObject\",\"inLanguage\":\"fr-FR\",\"@id\":\"https:\\\/\\\/secure.gravatar.com\\\/avatar\\\/55c53222558b27a72015a64073a80edce4abd33369394b9bf2c5cd6c19d12682?s=96&d=mm&r=g\",\"url\":\"https:\\\/\\\/secure.gravatar.com\\\/avatar\\\/55c53222558b27a72015a64073a80edce4abd33369394b9bf2c5cd6c19d12682?s=96&d=mm&r=g\",\"contentUrl\":\"https:\\\/\\\/secure.gravatar.com\\\/avatar\\\/55c53222558b27a72015a64073a80edce4abd33369394b9bf2c5cd6c19d12682?s=96&d=mm&r=g\",\"caption\":\"Eva Martin\"},\"description\":\"Je parle de business et d'entrepreneuriat avec des conseils clairs, concrets et actionnables pour r\u00e9ussir\",\"sameAs\":[\"https:\\\/\\\/x.com\\\/Evaapresecole\"],\"url\":\"https:\\\/\\\/www.apres-lecole.fr\\\/Blog\\\/author\\\/evamartin\\\/\"}]}<\/script>\n<!-- \/ Yoast SEO plugin. -->","yoast_head_json":{"title":"\u00c0 Tours, une \u00e9cole modulaire et durable pour innover aux Fontaines","description":"D\u00e9couvrez \u00e0 Tours une \u00e9cole modulaire et durable aux Fontaines, symbole d'innovation p\u00e9dagogique. Explorez comment cet \u00e9tablissement r\u00e9volutionne l'enseignement avec des infrastructures \u00e9cologiques, favorisant un apprentissage moderne et responsable. Un projet \u00e9ducatif qui allie performance et respect de l'environnement.","robots":{"index":"index","follow":"follow","max-snippet":"max-snippet:-1","max-image-preview":"max-image-preview:large","max-video-preview":"max-video-preview:-1"},"canonical":"https:\/\/www.apres-lecole.fr\/Blog\/innovation-ecole-modulaire-tours\/","og_locale":"fr_FR","og_type":"article","og_title":"\u00c0 Tours, une \u00e9cole modulaire et durable pour innover aux Fontaines","og_description":"D\u00e9couvrez \u00e0 Tours une \u00e9cole modulaire et durable aux Fontaines, symbole d'innovation p\u00e9dagogique. Explorez comment cet \u00e9tablissement r\u00e9volutionne l'enseignement avec des infrastructures \u00e9cologiques, favorisant un apprentissage moderne et responsable. Un projet \u00e9ducatif qui allie performance et respect de l'environnement.","og_url":"https:\/\/www.apres-lecole.fr\/Blog\/innovation-ecole-modulaire-tours\/","article_published_time":"2025-05-15T07:03:02+00:00","author":"Eva Martin","twitter_card":"summary_large_image","twitter_creator":"@Evaapresecole","twitter_misc":{"\u00c9crit par":"Eva Martin","Dur\u00e9e de lecture estim\u00e9e":"8 minutes"},"schema":{"@context":"https:\/\/schema.org","@graph":[{"@type":"Article","@id":"https:\/\/www.apres-lecole.fr\/Blog\/innovation-ecole-modulaire-tours\/#article","isPartOf":{"@id":"https:\/\/www.apres-lecole.fr\/Blog\/innovation-ecole-modulaire-tours\/"},"author":{"name":"Eva Martin","@id":"https:\/\/www.apres-lecole.fr\/Blog\/#\/schema\/person\/aeb50cd4b51fc69da155804bb5bb9fc4"},"headline":"\u00c0 Tours, l&rsquo;innovation avec une \u00e9cole modulaire et durable aux Fontaines","datePublished":"2025-05-15T07:03:02+00:00","mainEntityOfPage":{"@id":"https:\/\/www.apres-lecole.fr\/Blog\/innovation-ecole-modulaire-tours\/"},"wordCount":1713,"commentCount":0,"keywords":["durabilit\u00e9","\u00e9cole modulaire","fontaines","innovation","tours"],"articleSection":["Actualit\u00e9s"],"inLanguage":"fr-FR","potentialAction":[{"@type":"CommentAction","name":"Comment","target":["https:\/\/www.apres-lecole.fr\/Blog\/innovation-ecole-modulaire-tours\/#respond"]}]},{"@type":"WebPage","@id":"https:\/\/www.apres-lecole.fr\/Blog\/innovation-ecole-modulaire-tours\/","url":"https:\/\/www.apres-lecole.fr\/Blog\/innovation-ecole-modulaire-tours\/","name":"\u00c0 Tours, une \u00e9cole modulaire et durable pour innover aux Fontaines","isPartOf":{"@id":"https:\/\/www.apres-lecole.fr\/Blog\/#website"},"datePublished":"2025-05-15T07:03:02+00:00","author":{"@id":"https:\/\/www.apres-lecole.fr\/Blog\/#\/schema\/person\/aeb50cd4b51fc69da155804bb5bb9fc4"},"description":"D\u00e9couvrez \u00e0 Tours une \u00e9cole modulaire et durable aux Fontaines, symbole d'innovation p\u00e9dagogique. Explorez comment cet \u00e9tablissement r\u00e9volutionne l'enseignement avec des infrastructures \u00e9cologiques, favorisant un apprentissage moderne et responsable. Un projet \u00e9ducatif qui allie performance et respect de l'environnement.","breadcrumb":{"@id":"https:\/\/www.apres-lecole.fr\/Blog\/innovation-ecole-modulaire-tours\/#breadcrumb"},"inLanguage":"fr-FR","potentialAction":[{"@type":"ReadAction","target":["https:\/\/www.apres-lecole.fr\/Blog\/innovation-ecole-modulaire-tours\/"]}]},{"@type":"BreadcrumbList","@id":"https:\/\/www.apres-lecole.fr\/Blog\/innovation-ecole-modulaire-tours\/#breadcrumb","itemListElement":[{"@type":"ListItem","position":1,"name":"Home","item":"https:\/\/www.apres-lecole.fr\/Blog\/"},{"@type":"ListItem","position":2,"name":"\u00c0 Tours, l&rsquo;innovation avec une \u00e9cole modulaire et durable aux Fontaines"}]},{"@type":"WebSite","@id":"https:\/\/www.apres-lecole.fr\/Blog\/#website","url":"https:\/\/www.apres-lecole.fr\/Blog\/","name":"","description":"M\u00e9dia g\u00e9n\u00e9raliste","potentialAction":[{"@type":"SearchAction","target":{"@type":"EntryPoint","urlTemplate":"https:\/\/www.apres-lecole.fr\/Blog\/?s={search_term_string}"},"query-input":{"@type":"PropertyValueSpecification","valueRequired":true,"valueName":"search_term_string"}}],"inLanguage":"fr-FR"},{"@type":"Person","@id":"https:\/\/www.apres-lecole.fr\/Blog\/#\/schema\/person\/aeb50cd4b51fc69da155804bb5bb9fc4","name":"Eva Martin","image":{"@type":"ImageObject","inLanguage":"fr-FR","@id":"https:\/\/secure.gravatar.com\/avatar\/55c53222558b27a72015a64073a80edce4abd33369394b9bf2c5cd6c19d12682?s=96&d=mm&r=g","url":"https:\/\/secure.gravatar.com\/avatar\/55c53222558b27a72015a64073a80edce4abd33369394b9bf2c5cd6c19d12682?s=96&d=mm&r=g","contentUrl":"https:\/\/secure.gravatar.com\/avatar\/55c53222558b27a72015a64073a80edce4abd33369394b9bf2c5cd6c19d12682?s=96&d=mm&r=g","caption":"Eva Martin"},"description":"Je parle de business et d'entrepreneuriat avec des conseils clairs, concrets et actionnables pour r\u00e9ussir","sameAs":["https:\/\/x.com\/Evaapresecole"],"url":"https:\/\/www.apres-lecole.fr\/Blog\/author\/evamartin\/"}]}},"views":12,"_links":{"self":[{"href":"https:\/\/www.apres-lecole.fr\/Blog\/wp-json\/wp\/v2\/posts\/1950","targetHints":{"allow":["GET"]}}],"collection":[{"href":"https:\/\/www.apres-lecole.fr\/Blog\/wp-json\/wp\/v2\/posts"}],"about":[{"href":"https:\/\/www.apres-lecole.fr\/Blog\/wp-json\/wp\/v2\/types\/post"}],"author":[{"embeddable":true,"href":"https:\/\/www.apres-lecole.fr\/Blog\/wp-json\/wp\/v2\/users\/9"}],"replies":[{"embeddable":true,"href":"https:\/\/www.apres-lecole.fr\/Blog\/wp-json\/wp\/v2\/comments?post=1950"}],"version-history":[{"count":0,"href":"https:\/\/www.apres-lecole.fr\/Blog\/wp-json\/wp\/v2\/posts\/1950\/revisions"}],"wp:attachment":[{"href":"https:\/\/www.apres-lecole.fr\/Blog\/wp-json\/wp\/v2\/media?parent=1950"}],"wp:term":[{"taxonomy":"category","embeddable":true,"href":"https:\/\/www.apres-lecole.fr\/Blog\/wp-json\/wp\/v2\/categories?post=1950"},{"taxonomy":"post_tag","embeddable":true,"href":"https:\/\/www.apres-lecole.fr\/Blog\/wp-json\/wp\/v2\/tags?post=1950"}],"curies":[{"name":"wp","href":"https:\/\/api.w.org\/{rel}","templated":true}]}}