{"id":1948,"date":"2025-05-14T07:18:54","date_gmt":"2025-05-14T07:18:54","guid":{"rendered":"https:\/\/www.apres-lecole.fr\/Blog\/ecole-odyssees-vainqueur-podcasts\/"},"modified":"2025-05-14T07:18:54","modified_gmt":"2025-05-14T07:18:54","slug":"ecole-odyssees-vainqueur-podcasts","status":"publish","type":"post","link":"https:\/\/www.apres-lecole.fr\/Blog\/ecole-odyssees-vainqueur-podcasts\/","title":{"rendered":"Plong\u00e9e dans l&rsquo;univers de l&rsquo;\u00e9cole des Odyss\u00e9es : le grand vainqueur du concours de cr\u00e9ation de podcasts de France Inter"},"content":{"rendered":"\n\n<div class=\"kk-star-ratings kksr-auto kksr-align-left kksr-valign-top\"\n    data-payload='{&quot;align&quot;:&quot;left&quot;,&quot;id&quot;:&quot;1948&quot;,&quot;slug&quot;:&quot;default&quot;,&quot;valign&quot;:&quot;top&quot;,&quot;ignore&quot;:&quot;&quot;,&quot;reference&quot;:&quot;auto&quot;,&quot;class&quot;:&quot;&quot;,&quot;count&quot;:&quot;0&quot;,&quot;legendonly&quot;:&quot;&quot;,&quot;readonly&quot;:&quot;&quot;,&quot;score&quot;:&quot;0&quot;,&quot;starsonly&quot;:&quot;&quot;,&quot;best&quot;:&quot;5&quot;,&quot;gap&quot;:&quot;5&quot;,&quot;greet&quot;:&quot;Rate this post&quot;,&quot;legend&quot;:&quot;0\\\/5 - (0 vote)&quot;,&quot;size&quot;:&quot;24&quot;,&quot;title&quot;:&quot;Plong\u00e9e dans l\\u0026#039;univers de l\\u0026#039;\u00e9cole des Odyss\u00e9es : le grand vainqueur du concours de cr\u00e9ation de podcasts de France Inter&quot;,&quot;width&quot;:&quot;0&quot;,&quot;_legend&quot;:&quot;{score}\\\/{best} - ({count} {votes})&quot;,&quot;font_factor&quot;:&quot;1.25&quot;}'>\n            \n<div class=\"kksr-stars\">\n    \n<div class=\"kksr-stars-inactive\">\n            <div class=\"kksr-star\" data-star=\"1\" style=\"padding-right: 5px\">\n            \n\n<div class=\"kksr-icon\" style=\"width: 24px; height: 24px;\"><\/div>\n        <\/div>\n            <div class=\"kksr-star\" data-star=\"2\" style=\"padding-right: 5px\">\n            \n\n<div class=\"kksr-icon\" style=\"width: 24px; height: 24px;\"><\/div>\n        <\/div>\n            <div class=\"kksr-star\" data-star=\"3\" style=\"padding-right: 5px\">\n            \n\n<div class=\"kksr-icon\" style=\"width: 24px; height: 24px;\"><\/div>\n        <\/div>\n            <div class=\"kksr-star\" data-star=\"4\" style=\"padding-right: 5px\">\n            \n\n<div class=\"kksr-icon\" style=\"width: 24px; height: 24px;\"><\/div>\n        <\/div>\n            <div class=\"kksr-star\" data-star=\"5\" style=\"padding-right: 5px\">\n            \n\n<div class=\"kksr-icon\" style=\"width: 24px; height: 24px;\"><\/div>\n        <\/div>\n    <\/div>\n    \n<div class=\"kksr-stars-active\" style=\"width: 0px;\">\n            <div class=\"kksr-star\" style=\"padding-right: 5px\">\n            \n\n<div class=\"kksr-icon\" style=\"width: 24px; height: 24px;\"><\/div>\n        <\/div>\n            <div class=\"kksr-star\" style=\"padding-right: 5px\">\n            \n\n<div class=\"kksr-icon\" style=\"width: 24px; height: 24px;\"><\/div>\n        <\/div>\n            <div class=\"kksr-star\" style=\"padding-right: 5px\">\n            \n\n<div class=\"kksr-icon\" style=\"width: 24px; height: 24px;\"><\/div>\n        <\/div>\n            <div class=\"kksr-star\" style=\"padding-right: 5px\">\n            \n\n<div class=\"kksr-icon\" style=\"width: 24px; height: 24px;\"><\/div>\n        <\/div>\n            <div class=\"kksr-star\" style=\"padding-right: 5px\">\n            \n\n<div class=\"kksr-icon\" style=\"width: 24px; height: 24px;\"><\/div>\n        <\/div>\n    <\/div>\n<\/div>\n                \n\n<div class=\"kksr-legend\" style=\"font-size: 19.2px;\">\n            <span class=\"kksr-muted\">Rate this post<\/span>\n    <\/div>\n    <\/div>\n<p>Le concours de cr\u00e9ation de podcasts lanc\u00e9 par France Inter fait grand bruit dans l&rsquo;univers scolaire ! De l\u2019imaginaire collectif aux r\u00e9cits historiques, le projet \u00ab L\u2019\u00e9cole des Odyss\u00e9es \u00bb a captiv\u00e9 plus de 35 000 \u00e9l\u00e8ves \u00e0 travers la France. En 2025, c&rsquo;est l\u2019\u00e9cole Jacques Pr\u00e9vert de Clisson qui a remport\u00e9 le premier prix pour son r\u00e9cit audacieux sur Jeanne de Belleville, cette l\u00e9gendaire pirate bretonne. Dans cet article, plongeons dans les coulisses de cette aventure enrichissante, qui m\u00eale \u00e9ducation, cr\u00e9ativit\u00e9 et culture.<\/p>\n\n<h2 class=\"wp-block-heading\">L\u2019\u00e9cole des Odyss\u00e9es : un projet au c\u0153ur de l&rsquo;\u00e9ducation artistique<\/h2>\n\n<p>Cr\u00e9\u00e9 pour inciter les \u00e9l\u00e8ves \u00e0 s\u2019initier \u00e0 l\u2019art du podcast, le projet \u00ab L&rsquo;\u00e9cole des Odyss\u00e9es \u00bb a vu le jour gr\u00e2ce \u00e0 <strong>France Inter<\/strong>, en collaboration avec Belin \u00c9ducation et la MAE. Avec pr\u00e8s de 1400 classes participant cette ann\u00e9e, l\u2019initiative a r\u00e9ussi \u00e0 mobiliser l\u2019attention des \u00e9l\u00e8ves envers la <strong>culture<\/strong> audio. Les enfants ont eu l\u2019opportunit\u00e9 de choisir des figures historiques fascinantes, de faire des recherches pouss\u00e9es et d&rsquo;exprimer leur cr\u00e9ativit\u00e9 \u00e0 travers des r\u00e9cits captivants.<\/p>\n\n<ul class=\"wp-block-list\"><li>\ud83c\udf99\ufe0f <strong>Cr\u00e9ation<\/strong> : D\u00e9velopper des comp\u00e9tences en r\u00e9daction et en narration.<\/li><li>\ud83d\udde3\ufe0f <strong>Communication<\/strong> : Travailler sur l&rsquo;oralit\u00e9 et l&rsquo;\u00e9coute active.<\/li><li>\ud83c\udfa4 <strong>Collaboration<\/strong> : Travailler en groupe pour produire un podcast.<\/li><\/ul>\n\n<p>Cette initiative s\u2019inscrit dans une volont\u00e9 de lutter contre la surexposition aux \u00e9crans, en proposant un format <strong>radio<\/strong> interactif. Le but ? Sensibiliser les jeunes \u00e0 l&rsquo;importance de l&rsquo;\u00e9coute et de l&rsquo;imagination dans l&rsquo;apprentissage. Ce projet \u00e9ducatif se positionne \u00e9galement comme un pivot pour d\u00e9velopper l\u2019esprit critique et l\u2019analyse historique chez les enfants.<\/p>\n\n<h3 class=\"wp-block-heading\">Le processus cr\u00e9atif derri\u00e8re les podcasts<\/h3>\n\n<p>Les \u00e9l\u00e8ves ont commenc\u00e9 par choisir un sujet de leur choix et, \u00e0 partir de l\u00e0, ils ont men\u00e9 des recherches minutieuses. Chaque classe devait concevoir un sc\u00e9nario, r\u00e9diger des dialogues et enregistrer leurs propres voix pour donner vie \u00e0 leurs projets. Cela a non seulement stimul\u00e9 leur polyvalence cr\u00e9ative, mais a \u00e9galement encourag\u00e9 une approche collaborative, o\u00f9 chaque \u00e9l\u00e8ve a pu exprimer ses id\u00e9es et travailler \u00e0 l\u2019unisson.<\/p>\n\n<p>Pour mieux comprendre le cheminement des \u00e9l\u00e8ves, prenons l\u2019exemple de la classe de CM2 d\u2019Isabelle Gautier \u00e0 l&rsquo;\u00e9cole Jacques Pr\u00e9vert. Leur choix s&rsquo;est port\u00e9 sur Jeanne de Belleville, une figure historique intrigante. Au-del\u00e0 de l\u2019aspect narratif, l\u2019histoire s\u2019est r\u00e9v\u00e9l\u00e9e \u00eatre une v\u00e9ritable plong\u00e9e dans le Moyen-\u00c2ge, une \u00e9poque riche en \u00e9v\u00e9nements et en l\u00e9gendes. Voici quelques \u00e9tapes cl\u00e9s de leur projet :<\/p>\n\n<figure class=\"wp-block-table\"><table>\n<thead>\n<tr>\n<th>\u00c9tapes<\/th>\n<th>Description<\/th>\n<\/tr>\n<\/thead>\n<tbody>\n<tr>\n<td>1. Recherche<\/td>\n<td>\u00c9tudier la vie de Jeanne de Belleville et le contexte historique.<\/td>\n<\/tr>\n<tr>\n<td>2. \u00c9criture<\/td>\n<td>R\u00e9daction du sc\u00e9nario et des dialogues.<\/td>\n<\/tr>\n<tr>\n<td>3. Enregistrement<\/td>\n<td>Utilisation de mat\u00e9riel audio pour r\u00e9aliser le podcast.<\/td>\n<\/tr>\n<tr>\n<td>4. Poste production<\/td>\n<td>Montage audio, ajout de bruitages et de musique.<\/td>\n<\/tr>\n<\/tbody>\n<\/table><\/figure>\n\n<p>Ce projet d\u00e9montre que l&rsquo;\u00e9ducation ne se limite pas aux manuels. \u00c0 travers l&rsquo;imagination, les \u00e9l\u00e8ves ont pu s&rsquo;approprier l&rsquo;Histoire, tout en d\u00e9veloppant des comp\u00e9tences essentielles pour leur avenir.<\/p>\n\n<h2 class=\"wp-block-heading\">Le podium des laur\u00e9ats : fiert\u00e9 et reconnaissance<\/h2>\n\n<p>Les r\u00e9sultats de ce concours ont suscit\u00e9 un int\u00e9r\u00eat grandissant et des applaudissements dans la communaut\u00e9 scolaire et \u00e9ducative. Les \u00e9l\u00e8ves de l\u2019\u00e9cole Jacques Pr\u00e9vert de Clisson ont remport\u00e9 le prestigieux premier prix de ce concours de podcasts, avec leur \u0153uvre intitul\u00e9e <strong>\u00ab La fabuleuse histoire de Jeanne de Belleville \u00bb<\/strong>. C\u2019est une v\u00e9ritable victoire qui r\u00e9v\u00e8le l&rsquo;engagement et le talent de ces jeunes. Le jury a particuli\u00e8rement soulign\u00e9 la <strong>fantaisie<\/strong>, l\u2019<strong>humour<\/strong> et l\u2019\u00e9nergie qu\u2019ils ont insuffl\u00e9s \u00e0 cette production, sans oublier le s\u00e9rieux de leur recherche historique.<\/p>\n\n<p>Les autres laur\u00e9ats n\u2019ont pas d\u00e9m\u00e9rit\u00e9 non plus ! Voici un aper\u00e7u des projets qui ont su s\u00e9duire le jury :<\/p>\n\n<figure class=\"wp-block-table\"><table>\n<thead>\n<tr>\n<th>Prix<\/th>\n<th>Titre du Podcast<\/th>\n<th>\u00c9cole<\/th>\n<th>Kairos (ann\u00e9e)<\/th>\n<\/tr>\n<\/thead>\n<tbody>\n<tr>\n<td>\u2728 1er Prix (Or)<\/td>\n<td>La fabuleuse histoire de Jeanne de Belleville<\/td>\n<td>\u00c9cole Jacques Pr\u00e9vert, Clisson<\/td>\n<td>2025<\/td>\n<\/tr>\n<tr>\n<td>\ud83e\udd48 2\u00e8me Prix (Argent)<\/td>\n<td>L\u2019incroyable exploit d\u2019Adrienne Bolland<\/td>\n<td>\u00c9cole Primaire de Francueil<\/td>\n<td>2025<\/td>\n<\/tr>\n<tr>\n<td>\ud83e\udd49 3\u00e8me Prix (Bronze)<\/td>\n<td>La Mul\u00e2tresse Solitude<\/td>\n<td>\u00c9cole Les Saules, Coulanges<\/td>\n<td>2025<\/td>\n<\/tr>\n<\/tbody>\n<\/table><\/figure>\n\n<p>Chaque r\u00e9compense a apport\u00e9 une dose de fiert\u00e9 et de reconnaissance, non seulement pour les \u00e9l\u00e8ves, mais aussi pour l\u2019ensemble de leurs enseignants qui les ont accompagn\u00e9s tout au long de cette aventure. Ces projets audiovisuels sont des t\u00e9moignages de cr\u00e9ativit\u00e9 et d\u2019une \u00e9ducation innovante qui ouvre les horizons des \u00e9coliers.<\/p>\n\n<h2 class=\"wp-block-heading\">La r\u00e9alit\u00e9 \u00e9ducative : enjeux et impacts sur les futurs citoyens<\/h2>\n\n<p>La d\u00e9marche adopt\u00e9e par l\u2019\u00e9cole des Odyss\u00e9es soul\u00e8ve de nombreuses interrogations sur l\u2019avenir de l&rsquo;\u00e9ducation. En reliant <strong>culture<\/strong> et <strong>\u00e9ducation<\/strong> \u00e0 travers des projets cr\u00e9atifs, France Inter contribue \u00e0 former une nouvelle g\u00e9n\u00e9ration de citoyens engag\u00e9s. \u00c0 une \u00e9poque o\u00f9 le num\u00e9rique prend une place pr\u00e9pond\u00e9rante, il est crucial de d\u00e9velopper des comp\u00e9tences qui transcendent l&rsquo;usage des technologies.<\/p>\n\n<ul class=\"wp-block-list\"><li>\ud83d\udcda \u00c9ducation historique : une meilleure compr\u00e9hension des \u00e9v\u00e9nements marquants.<\/li><li>\ud83c\udf0d Sensibilit\u00e9 sociale : inclusion de sujets contemporains et de figures embl\u00e9matiques.<\/li><li>\ud83d\udde3\ufe0f D\u00e9veloppement d&rsquo;aptitudes en communication : prise de parole en public et travail d\u2019\u00e9quipe.<\/li><\/ul>\n\n<p>L&rsquo;impact ne se limite pas uniquement \u00e0 la classe. Les podcasts cr\u00e9\u00e9s permettent d\u2019\u00e9veiller les consciences des auditeurs. Ils provoquent des discussions sur des sujets parfois tabous, mais toujours essentiels. Gr\u00e2ce \u00e0 cette initiative, les \u00e9l\u00e8ves deviennent \u00e9galement des vecteurs de savoir, et leurs cr\u00e9ations peuvent toucher le plus grand nombre.<\/p>\n\n<h2 class=\"wp-block-heading\">Les prochaines \u00e9tapes : une aventure qui continue<\/h2>\n\n<p>Apr\u00e8s le succ\u00e8s de cette premi\u00e8re \u00e9dition, l&rsquo;avenir de l\u2019\u00e9cole des Odyss\u00e9es semble radieux. De nouvelles \u00e9ditions du concours seront mises en \u0153uvre, promettant des histoires tout aussi captivantes et des projets encore plus audacieux. La direction de France Inter a d&rsquo;ores et d\u00e9j\u00e0 annonc\u00e9 de nouveaux partenariats et initiatives pour renforcer le succ\u00e8s du projet.<\/p>\n\n<figure class=\"wp-block-table\"><table>\n<thead>\n<tr>\n<th>\u00c9l\u00e9ments cl\u00e9s<\/th>\n<th>Calendrier<\/th>\n<\/tr>\n<\/thead>\n<tbody>\n<tr>\n<td>Lancement de la prochaine \u00e9dition du concours<\/td>\n<td>Rentr\u00e9e 2025<\/td>\n<\/tr>\n<tr>\n<td>Ateliers de formation pour les enseignants<\/td>\n<td>Printemps 2025<\/td>\n<\/tr>\n<tr>\n<td>Publication des podcasts laur\u00e9ats<\/td>\n<td>Juillet 2025<\/td>\n<\/tr>\n<\/tbody>\n<\/table><\/figure>\n\n<p>Ce projet \u00e9volutif promet d\u2019explorer de nouvelles histoires et d\u2019approfondir les th\u00e9matiques abord\u00e9es. Les enseignants et les \u00e9l\u00e8ves sont invit\u00e9s \u00e0 s\u2019engager pleinement, car les histoires \u00e0 raconter sont infinies. En attendant que les \u00e9l\u00e8ves de la classe de Mme Gautier prennent place au c\u0153ur de <strong>France Inter<\/strong> pour enregistrer leur podcast, leur histoire continuera d\u2019inspirer tant d&rsquo;autres.<\/p>\n\n<h2 class=\"wp-block-heading\">FAQ &#8211; Questions Fr\u00e9quemment Pos\u00e9es<\/h2>\n\n<h3 class=\"wp-block-heading\">Quel \u00e2ge ont les participants du concours ?<\/h3>\n\n<p>Les participants sont des \u00e9l\u00e8ves de CM2, g\u00e9n\u00e9ralement \u00e2g\u00e9s de 10 \u00e0 11 ans.<\/p>\n\n<h3 class=\"wp-block-heading\">Comment ont-ils acc\u00e8s aux ressources pour cr\u00e9er leurs podcasts ?<\/h3>\n\n<p>Les \u00e9l\u00e8ves b\u00e9n\u00e9ficient de l&rsquo;aide de leurs enseignants et ont acc\u00e8s \u00e0 des ressources p\u00e9dagogiques mises \u00e0 disposition par <strong>France Inter<\/strong> et ses partenaires.<\/p>\n\n<h3 class=\"wp-block-heading\">Les podcasts sont-ils accessibles au grand public ?<\/h3>\n\n<p>Oui, les podcasts laur\u00e9ats seront diffus\u00e9s sur l\u2019application Radio France et le site officiel de <strong>France Inter<\/strong>.<\/p>\n\n<h3 class=\"wp-block-heading\">Quand aura lieu la prochaine \u00e9dition du concours ?<\/h3>\n\n<p>La prochaine \u00e9dition sera lanc\u00e9e durant la rentr\u00e9e scolaire de 2025.<\/p>\n\n<h3 class=\"wp-block-heading\">Y a-t-il des ateliers pour les enseignants ?<\/h3>\n\n<p>Oui, des ateliers de formation seront propos\u00e9s pour aider les enseignants \u00e0 soutenir leurs \u00e9l\u00e8ves dans la cr\u00e9ation de podcasts.<\/p>\n\n","protected":false},"excerpt":{"rendered":"<p>Le concours de cr\u00e9ation de podcasts lanc\u00e9 par France Inter fait grand bruit dans l&rsquo;univers scolaire ! De l\u2019imaginaire collectif aux r\u00e9cits historiques, le projet \u00ab L\u2019\u00e9cole des Odyss\u00e9es \u00bb a captiv\u00e9 plus de 35 000 \u00e9l\u00e8ves \u00e0 travers la France. En 2025, c&rsquo;est l\u2019\u00e9cole Jacques Pr\u00e9vert de Clisson qui a remport\u00e9 le premier prix &#8230; <a title=\"Plong\u00e9e dans l&rsquo;univers de l&rsquo;\u00e9cole des Odyss\u00e9es : le grand vainqueur du concours de cr\u00e9ation de podcasts de France Inter\" class=\"read-more\" href=\"https:\/\/www.apres-lecole.fr\/Blog\/ecole-odyssees-vainqueur-podcasts\/\" aria-label=\"En savoir plus sur Plong\u00e9e dans l&rsquo;univers de l&rsquo;\u00e9cole des Odyss\u00e9es : le grand vainqueur du concours de cr\u00e9ation de podcasts de France Inter\">Lire plus<\/a><\/p>\n","protected":false},"author":9,"featured_media":0,"comment_status":"open","ping_status":"open","sticky":false,"template":"","format":"standard","meta":{"footnotes":""},"categories":[342],"tags":[866,865,868,864,867],"class_list":["post-1948","post","type-post","status-publish","format-standard","hentry","category-actualites","tag-concours-de-creation","tag-ecole-des-odyssees","tag-france-inter","tag-plongee","tag-podcasts"],"yoast_head":"<!-- This site is optimized with the Yoast SEO plugin v27.5 - https:\/\/yoast.com\/product\/yoast-seo-wordpress\/ -->\n<title>Plong\u00e9e dans l&#039;univers des Odyss\u00e9es : le podcast qui fait vibrer France Inter<\/title>\n<meta name=\"description\" content=\"D\u00e9couvrez l&#039;univers fascinant de l&#039;\u00e9cole des Odyss\u00e9es, laur\u00e9ate du prestigieux concours de cr\u00e9ation de podcasts de France Inter. Plongez dans une aventure audio immersive qui met en lumi\u00e8re la cr\u00e9ativit\u00e9 et l&#039;innovation des jeunes podcasteurs. Explorez des r\u00e9cits captivants et des id\u00e9es originales qui font vibrer les ondes. Rejoignez-nous pour c\u00e9l\u00e9brer l&#039;art du storytelling et l&#039;engagement des \u00e9l\u00e8ves dans ce projet exceptionnel.\" \/>\n<meta name=\"robots\" content=\"index, follow, max-snippet:-1, max-image-preview:large, max-video-preview:-1\" \/>\n<link rel=\"canonical\" href=\"https:\/\/www.apres-lecole.fr\/Blog\/ecole-odyssees-vainqueur-podcasts\/\" \/>\n<meta property=\"og:locale\" content=\"fr_FR\" \/>\n<meta property=\"og:type\" content=\"article\" \/>\n<meta property=\"og:title\" content=\"Plong\u00e9e dans l&#039;univers des Odyss\u00e9es : le podcast qui fait vibrer France Inter\" \/>\n<meta property=\"og:description\" content=\"D\u00e9couvrez l&#039;univers fascinant de l&#039;\u00e9cole des Odyss\u00e9es, laur\u00e9ate du prestigieux concours de cr\u00e9ation de podcasts de France Inter. Plongez dans une aventure audio immersive qui met en lumi\u00e8re la cr\u00e9ativit\u00e9 et l&#039;innovation des jeunes podcasteurs. Explorez des r\u00e9cits captivants et des id\u00e9es originales qui font vibrer les ondes. Rejoignez-nous pour c\u00e9l\u00e9brer l&#039;art du storytelling et l&#039;engagement des \u00e9l\u00e8ves dans ce projet exceptionnel.\" \/>\n<meta property=\"og:url\" content=\"https:\/\/www.apres-lecole.fr\/Blog\/ecole-odyssees-vainqueur-podcasts\/\" \/>\n<meta property=\"article:published_time\" content=\"2025-05-14T07:18:54+00:00\" \/>\n<meta name=\"author\" content=\"Eva Martin\" \/>\n<meta name=\"twitter:card\" content=\"summary_large_image\" \/>\n<meta name=\"twitter:creator\" content=\"@Evaapresecole\" \/>\n<meta name=\"twitter:label1\" content=\"\u00c9crit par\" \/>\n\t<meta name=\"twitter:data1\" content=\"Eva Martin\" \/>\n\t<meta name=\"twitter:label2\" content=\"Dur\u00e9e de lecture estim\u00e9e\" \/>\n\t<meta name=\"twitter:data2\" content=\"6 minutes\" \/>\n<script type=\"application\/ld+json\" class=\"yoast-schema-graph\">{\"@context\":\"https:\\\/\\\/schema.org\",\"@graph\":[{\"@type\":\"Article\",\"@id\":\"https:\\\/\\\/www.apres-lecole.fr\\\/Blog\\\/ecole-odyssees-vainqueur-podcasts\\\/#article\",\"isPartOf\":{\"@id\":\"https:\\\/\\\/www.apres-lecole.fr\\\/Blog\\\/ecole-odyssees-vainqueur-podcasts\\\/\"},\"author\":{\"name\":\"Eva Martin\",\"@id\":\"https:\\\/\\\/www.apres-lecole.fr\\\/Blog\\\/#\\\/schema\\\/person\\\/aeb50cd4b51fc69da155804bb5bb9fc4\"},\"headline\":\"Plong\u00e9e dans l&rsquo;univers de l&rsquo;\u00e9cole des Odyss\u00e9es : le grand vainqueur du concours de cr\u00e9ation de podcasts de France Inter\",\"datePublished\":\"2025-05-14T07:18:54+00:00\",\"mainEntityOfPage\":{\"@id\":\"https:\\\/\\\/www.apres-lecole.fr\\\/Blog\\\/ecole-odyssees-vainqueur-podcasts\\\/\"},\"wordCount\":1270,\"commentCount\":0,\"keywords\":[\"concours de cr\u00e9ation\",\"\u00e9cole des odyss\u00e9es\",\"france inter\",\"plong\u00e9e\",\"podcasts\"],\"articleSection\":[\"Actualit\u00e9s\"],\"inLanguage\":\"fr-FR\",\"potentialAction\":[{\"@type\":\"CommentAction\",\"name\":\"Comment\",\"target\":[\"https:\\\/\\\/www.apres-lecole.fr\\\/Blog\\\/ecole-odyssees-vainqueur-podcasts\\\/#respond\"]}]},{\"@type\":\"WebPage\",\"@id\":\"https:\\\/\\\/www.apres-lecole.fr\\\/Blog\\\/ecole-odyssees-vainqueur-podcasts\\\/\",\"url\":\"https:\\\/\\\/www.apres-lecole.fr\\\/Blog\\\/ecole-odyssees-vainqueur-podcasts\\\/\",\"name\":\"Plong\u00e9e dans l'univers des Odyss\u00e9es : le podcast qui fait vibrer France Inter\",\"isPartOf\":{\"@id\":\"https:\\\/\\\/www.apres-lecole.fr\\\/Blog\\\/#website\"},\"datePublished\":\"2025-05-14T07:18:54+00:00\",\"author\":{\"@id\":\"https:\\\/\\\/www.apres-lecole.fr\\\/Blog\\\/#\\\/schema\\\/person\\\/aeb50cd4b51fc69da155804bb5bb9fc4\"},\"description\":\"D\u00e9couvrez l'univers fascinant de l'\u00e9cole des Odyss\u00e9es, laur\u00e9ate du prestigieux concours de cr\u00e9ation de podcasts de France Inter. Plongez dans une aventure audio immersive qui met en lumi\u00e8re la cr\u00e9ativit\u00e9 et l'innovation des jeunes podcasteurs. Explorez des r\u00e9cits captivants et des id\u00e9es originales qui font vibrer les ondes. Rejoignez-nous pour c\u00e9l\u00e9brer l'art du storytelling et l'engagement des \u00e9l\u00e8ves dans ce projet exceptionnel.\",\"breadcrumb\":{\"@id\":\"https:\\\/\\\/www.apres-lecole.fr\\\/Blog\\\/ecole-odyssees-vainqueur-podcasts\\\/#breadcrumb\"},\"inLanguage\":\"fr-FR\",\"potentialAction\":[{\"@type\":\"ReadAction\",\"target\":[\"https:\\\/\\\/www.apres-lecole.fr\\\/Blog\\\/ecole-odyssees-vainqueur-podcasts\\\/\"]}]},{\"@type\":\"BreadcrumbList\",\"@id\":\"https:\\\/\\\/www.apres-lecole.fr\\\/Blog\\\/ecole-odyssees-vainqueur-podcasts\\\/#breadcrumb\",\"itemListElement\":[{\"@type\":\"ListItem\",\"position\":1,\"name\":\"Home\",\"item\":\"https:\\\/\\\/www.apres-lecole.fr\\\/Blog\\\/\"},{\"@type\":\"ListItem\",\"position\":2,\"name\":\"Plong\u00e9e dans l&rsquo;univers de l&rsquo;\u00e9cole des Odyss\u00e9es : le grand vainqueur du concours de cr\u00e9ation de podcasts de France Inter\"}]},{\"@type\":\"WebSite\",\"@id\":\"https:\\\/\\\/www.apres-lecole.fr\\\/Blog\\\/#website\",\"url\":\"https:\\\/\\\/www.apres-lecole.fr\\\/Blog\\\/\",\"name\":\"\",\"description\":\"M\u00e9dia g\u00e9n\u00e9raliste\",\"potentialAction\":[{\"@type\":\"SearchAction\",\"target\":{\"@type\":\"EntryPoint\",\"urlTemplate\":\"https:\\\/\\\/www.apres-lecole.fr\\\/Blog\\\/?s={search_term_string}\"},\"query-input\":{\"@type\":\"PropertyValueSpecification\",\"valueRequired\":true,\"valueName\":\"search_term_string\"}}],\"inLanguage\":\"fr-FR\"},{\"@type\":\"Person\",\"@id\":\"https:\\\/\\\/www.apres-lecole.fr\\\/Blog\\\/#\\\/schema\\\/person\\\/aeb50cd4b51fc69da155804bb5bb9fc4\",\"name\":\"Eva Martin\",\"image\":{\"@type\":\"ImageObject\",\"inLanguage\":\"fr-FR\",\"@id\":\"https:\\\/\\\/secure.gravatar.com\\\/avatar\\\/55c53222558b27a72015a64073a80edce4abd33369394b9bf2c5cd6c19d12682?s=96&d=mm&r=g\",\"url\":\"https:\\\/\\\/secure.gravatar.com\\\/avatar\\\/55c53222558b27a72015a64073a80edce4abd33369394b9bf2c5cd6c19d12682?s=96&d=mm&r=g\",\"contentUrl\":\"https:\\\/\\\/secure.gravatar.com\\\/avatar\\\/55c53222558b27a72015a64073a80edce4abd33369394b9bf2c5cd6c19d12682?s=96&d=mm&r=g\",\"caption\":\"Eva Martin\"},\"description\":\"Je parle de business et d'entrepreneuriat avec des conseils clairs, concrets et actionnables pour r\u00e9ussir\",\"sameAs\":[\"https:\\\/\\\/x.com\\\/Evaapresecole\"],\"url\":\"https:\\\/\\\/www.apres-lecole.fr\\\/Blog\\\/author\\\/evamartin\\\/\"}]}<\/script>\n<!-- \/ Yoast SEO plugin. -->","yoast_head_json":{"title":"Plong\u00e9e dans l'univers des Odyss\u00e9es : le podcast qui fait vibrer France Inter","description":"D\u00e9couvrez l'univers fascinant de l'\u00e9cole des Odyss\u00e9es, laur\u00e9ate du prestigieux concours de cr\u00e9ation de podcasts de France Inter. Plongez dans une aventure audio immersive qui met en lumi\u00e8re la cr\u00e9ativit\u00e9 et l'innovation des jeunes podcasteurs. Explorez des r\u00e9cits captivants et des id\u00e9es originales qui font vibrer les ondes. Rejoignez-nous pour c\u00e9l\u00e9brer l'art du storytelling et l'engagement des \u00e9l\u00e8ves dans ce projet exceptionnel.","robots":{"index":"index","follow":"follow","max-snippet":"max-snippet:-1","max-image-preview":"max-image-preview:large","max-video-preview":"max-video-preview:-1"},"canonical":"https:\/\/www.apres-lecole.fr\/Blog\/ecole-odyssees-vainqueur-podcasts\/","og_locale":"fr_FR","og_type":"article","og_title":"Plong\u00e9e dans l'univers des Odyss\u00e9es : le podcast qui fait vibrer France Inter","og_description":"D\u00e9couvrez l'univers fascinant de l'\u00e9cole des Odyss\u00e9es, laur\u00e9ate du prestigieux concours de cr\u00e9ation de podcasts de France Inter. Plongez dans une aventure audio immersive qui met en lumi\u00e8re la cr\u00e9ativit\u00e9 et l'innovation des jeunes podcasteurs. Explorez des r\u00e9cits captivants et des id\u00e9es originales qui font vibrer les ondes. Rejoignez-nous pour c\u00e9l\u00e9brer l'art du storytelling et l'engagement des \u00e9l\u00e8ves dans ce projet exceptionnel.","og_url":"https:\/\/www.apres-lecole.fr\/Blog\/ecole-odyssees-vainqueur-podcasts\/","article_published_time":"2025-05-14T07:18:54+00:00","author":"Eva Martin","twitter_card":"summary_large_image","twitter_creator":"@Evaapresecole","twitter_misc":{"\u00c9crit par":"Eva Martin","Dur\u00e9e de lecture estim\u00e9e":"6 minutes"},"schema":{"@context":"https:\/\/schema.org","@graph":[{"@type":"Article","@id":"https:\/\/www.apres-lecole.fr\/Blog\/ecole-odyssees-vainqueur-podcasts\/#article","isPartOf":{"@id":"https:\/\/www.apres-lecole.fr\/Blog\/ecole-odyssees-vainqueur-podcasts\/"},"author":{"name":"Eva Martin","@id":"https:\/\/www.apres-lecole.fr\/Blog\/#\/schema\/person\/aeb50cd4b51fc69da155804bb5bb9fc4"},"headline":"Plong\u00e9e dans l&rsquo;univers de l&rsquo;\u00e9cole des Odyss\u00e9es : le grand vainqueur du concours de cr\u00e9ation de podcasts de France Inter","datePublished":"2025-05-14T07:18:54+00:00","mainEntityOfPage":{"@id":"https:\/\/www.apres-lecole.fr\/Blog\/ecole-odyssees-vainqueur-podcasts\/"},"wordCount":1270,"commentCount":0,"keywords":["concours de cr\u00e9ation","\u00e9cole des odyss\u00e9es","france inter","plong\u00e9e","podcasts"],"articleSection":["Actualit\u00e9s"],"inLanguage":"fr-FR","potentialAction":[{"@type":"CommentAction","name":"Comment","target":["https:\/\/www.apres-lecole.fr\/Blog\/ecole-odyssees-vainqueur-podcasts\/#respond"]}]},{"@type":"WebPage","@id":"https:\/\/www.apres-lecole.fr\/Blog\/ecole-odyssees-vainqueur-podcasts\/","url":"https:\/\/www.apres-lecole.fr\/Blog\/ecole-odyssees-vainqueur-podcasts\/","name":"Plong\u00e9e dans l'univers des Odyss\u00e9es : le podcast qui fait vibrer France Inter","isPartOf":{"@id":"https:\/\/www.apres-lecole.fr\/Blog\/#website"},"datePublished":"2025-05-14T07:18:54+00:00","author":{"@id":"https:\/\/www.apres-lecole.fr\/Blog\/#\/schema\/person\/aeb50cd4b51fc69da155804bb5bb9fc4"},"description":"D\u00e9couvrez l'univers fascinant de l'\u00e9cole des Odyss\u00e9es, laur\u00e9ate du prestigieux concours de cr\u00e9ation de podcasts de France Inter. Plongez dans une aventure audio immersive qui met en lumi\u00e8re la cr\u00e9ativit\u00e9 et l'innovation des jeunes podcasteurs. Explorez des r\u00e9cits captivants et des id\u00e9es originales qui font vibrer les ondes. Rejoignez-nous pour c\u00e9l\u00e9brer l'art du storytelling et l'engagement des \u00e9l\u00e8ves dans ce projet exceptionnel.","breadcrumb":{"@id":"https:\/\/www.apres-lecole.fr\/Blog\/ecole-odyssees-vainqueur-podcasts\/#breadcrumb"},"inLanguage":"fr-FR","potentialAction":[{"@type":"ReadAction","target":["https:\/\/www.apres-lecole.fr\/Blog\/ecole-odyssees-vainqueur-podcasts\/"]}]},{"@type":"BreadcrumbList","@id":"https:\/\/www.apres-lecole.fr\/Blog\/ecole-odyssees-vainqueur-podcasts\/#breadcrumb","itemListElement":[{"@type":"ListItem","position":1,"name":"Home","item":"https:\/\/www.apres-lecole.fr\/Blog\/"},{"@type":"ListItem","position":2,"name":"Plong\u00e9e dans l&rsquo;univers de l&rsquo;\u00e9cole des Odyss\u00e9es : le grand vainqueur du concours de cr\u00e9ation de podcasts de France Inter"}]},{"@type":"WebSite","@id":"https:\/\/www.apres-lecole.fr\/Blog\/#website","url":"https:\/\/www.apres-lecole.fr\/Blog\/","name":"","description":"M\u00e9dia g\u00e9n\u00e9raliste","potentialAction":[{"@type":"SearchAction","target":{"@type":"EntryPoint","urlTemplate":"https:\/\/www.apres-lecole.fr\/Blog\/?s={search_term_string}"},"query-input":{"@type":"PropertyValueSpecification","valueRequired":true,"valueName":"search_term_string"}}],"inLanguage":"fr-FR"},{"@type":"Person","@id":"https:\/\/www.apres-lecole.fr\/Blog\/#\/schema\/person\/aeb50cd4b51fc69da155804bb5bb9fc4","name":"Eva Martin","image":{"@type":"ImageObject","inLanguage":"fr-FR","@id":"https:\/\/secure.gravatar.com\/avatar\/55c53222558b27a72015a64073a80edce4abd33369394b9bf2c5cd6c19d12682?s=96&d=mm&r=g","url":"https:\/\/secure.gravatar.com\/avatar\/55c53222558b27a72015a64073a80edce4abd33369394b9bf2c5cd6c19d12682?s=96&d=mm&r=g","contentUrl":"https:\/\/secure.gravatar.com\/avatar\/55c53222558b27a72015a64073a80edce4abd33369394b9bf2c5cd6c19d12682?s=96&d=mm&r=g","caption":"Eva Martin"},"description":"Je parle de business et d'entrepreneuriat avec des conseils clairs, concrets et actionnables pour r\u00e9ussir","sameAs":["https:\/\/x.com\/Evaapresecole"],"url":"https:\/\/www.apres-lecole.fr\/Blog\/author\/evamartin\/"}]}},"views":24,"_links":{"self":[{"href":"https:\/\/www.apres-lecole.fr\/Blog\/wp-json\/wp\/v2\/posts\/1948","targetHints":{"allow":["GET"]}}],"collection":[{"href":"https:\/\/www.apres-lecole.fr\/Blog\/wp-json\/wp\/v2\/posts"}],"about":[{"href":"https:\/\/www.apres-lecole.fr\/Blog\/wp-json\/wp\/v2\/types\/post"}],"author":[{"embeddable":true,"href":"https:\/\/www.apres-lecole.fr\/Blog\/wp-json\/wp\/v2\/users\/9"}],"replies":[{"embeddable":true,"href":"https:\/\/www.apres-lecole.fr\/Blog\/wp-json\/wp\/v2\/comments?post=1948"}],"version-history":[{"count":0,"href":"https:\/\/www.apres-lecole.fr\/Blog\/wp-json\/wp\/v2\/posts\/1948\/revisions"}],"wp:attachment":[{"href":"https:\/\/www.apres-lecole.fr\/Blog\/wp-json\/wp\/v2\/media?parent=1948"}],"wp:term":[{"taxonomy":"category","embeddable":true,"href":"https:\/\/www.apres-lecole.fr\/Blog\/wp-json\/wp\/v2\/categories?post=1948"},{"taxonomy":"post_tag","embeddable":true,"href":"https:\/\/www.apres-lecole.fr\/Blog\/wp-json\/wp\/v2\/tags?post=1948"}],"curies":[{"name":"wp","href":"https:\/\/api.w.org\/{rel}","templated":true}]}}