{"id":1946,"date":"2025-05-13T07:40:42","date_gmt":"2025-05-13T07:40:42","guid":{"rendered":"https:\/\/www.apres-lecole.fr\/Blog\/ecole-freinet-gradignan\/"},"modified":"2025-05-13T07:40:42","modified_gmt":"2025-05-13T07:40:42","slug":"ecole-freinet-gradignan","status":"publish","type":"post","link":"https:\/\/www.apres-lecole.fr\/Blog\/ecole-freinet-gradignan\/","title":{"rendered":"\u00c0 Gradignan, l&rsquo;unique \u00e9cole Freinet de Gironde face \u00e0 une tutelle controvers\u00e9e, suscitant l&rsquo;indignation des parents"},"content":{"rendered":"\n\n<div class=\"kk-star-ratings kksr-auto kksr-align-left kksr-valign-top\"\n    data-payload='{&quot;align&quot;:&quot;left&quot;,&quot;id&quot;:&quot;1946&quot;,&quot;slug&quot;:&quot;default&quot;,&quot;valign&quot;:&quot;top&quot;,&quot;ignore&quot;:&quot;&quot;,&quot;reference&quot;:&quot;auto&quot;,&quot;class&quot;:&quot;&quot;,&quot;count&quot;:&quot;0&quot;,&quot;legendonly&quot;:&quot;&quot;,&quot;readonly&quot;:&quot;&quot;,&quot;score&quot;:&quot;0&quot;,&quot;starsonly&quot;:&quot;&quot;,&quot;best&quot;:&quot;5&quot;,&quot;gap&quot;:&quot;5&quot;,&quot;greet&quot;:&quot;Rate this post&quot;,&quot;legend&quot;:&quot;0\\\/5 - (0 vote)&quot;,&quot;size&quot;:&quot;24&quot;,&quot;title&quot;:&quot;\u00c0 Gradignan, l\\u0026#039;unique \u00e9cole Freinet de Gironde face \u00e0 une tutelle controvers\u00e9e, suscitant l\\u0026#039;indignation des parents&quot;,&quot;width&quot;:&quot;0&quot;,&quot;_legend&quot;:&quot;{score}\\\/{best} - ({count} {votes})&quot;,&quot;font_factor&quot;:&quot;1.25&quot;}'>\n            \n<div class=\"kksr-stars\">\n    \n<div class=\"kksr-stars-inactive\">\n            <div class=\"kksr-star\" data-star=\"1\" style=\"padding-right: 5px\">\n            \n\n<div class=\"kksr-icon\" style=\"width: 24px; height: 24px;\"><\/div>\n        <\/div>\n            <div class=\"kksr-star\" data-star=\"2\" style=\"padding-right: 5px\">\n            \n\n<div class=\"kksr-icon\" style=\"width: 24px; height: 24px;\"><\/div>\n        <\/div>\n            <div class=\"kksr-star\" data-star=\"3\" style=\"padding-right: 5px\">\n            \n\n<div class=\"kksr-icon\" style=\"width: 24px; height: 24px;\"><\/div>\n        <\/div>\n            <div class=\"kksr-star\" data-star=\"4\" style=\"padding-right: 5px\">\n            \n\n<div class=\"kksr-icon\" style=\"width: 24px; height: 24px;\"><\/div>\n        <\/div>\n            <div class=\"kksr-star\" data-star=\"5\" style=\"padding-right: 5px\">\n            \n\n<div class=\"kksr-icon\" style=\"width: 24px; height: 24px;\"><\/div>\n        <\/div>\n    <\/div>\n    \n<div class=\"kksr-stars-active\" style=\"width: 0px;\">\n            <div class=\"kksr-star\" style=\"padding-right: 5px\">\n            \n\n<div class=\"kksr-icon\" style=\"width: 24px; height: 24px;\"><\/div>\n        <\/div>\n            <div class=\"kksr-star\" style=\"padding-right: 5px\">\n            \n\n<div class=\"kksr-icon\" style=\"width: 24px; height: 24px;\"><\/div>\n        <\/div>\n            <div class=\"kksr-star\" style=\"padding-right: 5px\">\n            \n\n<div class=\"kksr-icon\" style=\"width: 24px; height: 24px;\"><\/div>\n        <\/div>\n            <div class=\"kksr-star\" style=\"padding-right: 5px\">\n            \n\n<div class=\"kksr-icon\" style=\"width: 24px; height: 24px;\"><\/div>\n        <\/div>\n            <div class=\"kksr-star\" style=\"padding-right: 5px\">\n            \n\n<div class=\"kksr-icon\" style=\"width: 24px; height: 24px;\"><\/div>\n        <\/div>\n    <\/div>\n<\/div>\n                \n\n<div class=\"kksr-legend\" style=\"font-size: 19.2px;\">\n            <span class=\"kksr-muted\">Rate this post<\/span>\n    <\/div>\n    <\/div>\n<p>\u00c0 Gradignan, l\u2019unique \u00e9cole Freinet de Gironde, l\u2019\u00e9cole \u00e9l\u00e9mentaire Martinon, est en \u00e9moi suite \u00e0 la mise sous tutelle de l\u2019\u00e9tablissement par l\u2019acad\u00e9mie. Cette d\u00e9cision, motiv\u00e9e par des \u00e9valuations jug\u00e9es insuffisantes, a provoqu\u00e9 une vague d\u2019indignation chez les parents d\u2019\u00e9l\u00e8ves qui se mobilisent pour d\u00e9fendre les m\u00e9thodes p\u00e9dagogiques innovantes de l\u2019\u00e9cole. Explorons les dessous de cette tutelle controvers\u00e9e, ses implications pour l\u2019\u00e9ducation des enfants et les r\u00e9actions des diff\u00e9rentes parties prenantes.<\/p>\n\n<h2 class=\"wp-block-heading\">Les origines de l&rsquo;\u00e9cole Freinet et son influence \u00e0 Gradignan<\/h2>\n\n<p>L\u2019\u00e9cole Martinon de Gradignan, active depuis plus de quarante ans, est le fer de lance de la <strong>p\u00e9dagogie Freinet<\/strong> en Gironde. Fond\u00e9e par C\u00e9lestin Freinet, cette m\u00e9thode p\u00e9dagogique repose sur des principes tels que l\u2019autonomie des \u00e9l\u00e8ves, l&rsquo;apprentissage par l\u2019exp\u00e9rience et la prise en compte des int\u00e9r\u00eats des enfants. Des valeurs qui, il faut le rappeler, sont en totale opposition aux m\u00e9thodes traditionnelles centr\u00e9es sur la transmission de savoirs par le biais de cours magistraux.<\/p>\n\n<p>Les ateliers d\u00e9cloisonn\u00e9s, mode de fonctionnement embl\u00e9matique de cette \u00e9cole, permettent aux \u00e9l\u00e8ves de s&rsquo;engager activement dans leur apprentissage. Chaque semaine, des parents peuvent ainsi intervenir pour partager des connaissances sur des th\u00e9matiques vari\u00e9es, allant de la g\u00e9ologie aux arts plastiques. Ce syst\u00e8me favorise non seulement l\u2019apprentissage des enfants, mais \u00e9galement le lien entre la communaut\u00e9 et l\u2019\u00e9cole. <strong>Les parents sont des partenaires cl\u00e9s<\/strong> dans cette aventure \u00e9ducative, et leur implication est essentielle.<\/p>\n\n<h3 class=\"wp-block-heading\">Le mod\u00e8le \u00e9ducatif alternatif en pratique<\/h3>\n\n<ul class=\"wp-block-list\"><li>Des interventions parentales enrichissantes \ud83c\udf0d<\/li><li>Des projets collaboratifs innovants \ud83d\udc6b<\/li><li>L&rsquo;apprentissage au travers de l\u2019exp\u00e9rience quotidienne \ud83c\udfa8<\/li><\/ul>\n\n<p>Les r\u00e9sultats obtenus par cette d\u00e9marche alternative, souvent jug\u00e9s moins traditionnels, m\u00e9ritent d&rsquo;\u00eatre mis en perspective. En effet, il ne s&rsquo;agit pas simplement de noter des \u00e9l\u00e8ves sur leurs connaissances acquises, mais de leur offrir des moyens d&rsquo;apprendre par la pratique et l\u2019exploration. Au-del\u00e0 des chiffres des \u00e9valuations, c\u2019est une \u00e9ducation qui valorise la cr\u00e9ativit\u00e9 et le d\u00e9veloppement personnel de chaque enfant. Cela va au-del\u00e0 des simples comp\u00e9tences acad\u00e9miques, en les pr\u00e9parant \u00e0 devenir des citoyens critiques et engag\u00e9s.<\/p>\n\n<figure class=\"wp-block-table\"><table>\n<thead>\n<tr>\n<th>Aspect de la p\u00e9dagogie Freinet<\/th>\n<th>Avantages<\/th>\n<th>Difficult\u00e9s<\/th>\n<\/tr>\n<\/thead>\n<tbody>\n<tr>\n<td>Apprentissage par l&rsquo;exp\u00e9rience<\/td>\n<td>Favorise un engagement actif des \u00e9l\u00e8ves<\/td>\n<td>Peut mener \u00e0 des r\u00e9sultats scolaires moins conventionnels<\/td>\n<\/tr>\n<tr>\n<td>Intervention des parents<\/td>\n<td>Renforce les liens communautaires<\/td>\n<td>Exige un investissement significatif de leurs parts<\/td>\n<\/tr>\n<tr>\n<td>Adaptation aux besoins individuels<\/td>\n<td>Permet un suivi personnalis\u00e9<\/td>\n<td>Confusion parfois sur les objectifs d\u2019\u00e9valuation<\/td>\n<\/tr>\n<\/tbody>\n<\/table><\/figure>\n\n<p>En somme, la p\u00e9dagogie Freinet \u00e0 Gradignan ne se limite pas \u00e0 des m\u00e9thodes d&rsquo;enseignement, mais \u00e0 une philosophie d&rsquo;\u00e9ducation int\u00e9grale. Pourtant, cette vision progressiste est aujourd&rsquo;hui remise en question par des instances acad\u00e9miques qui semblent privil\u00e9gier une vue plus restrictive de ce qu&rsquo;est l&rsquo;\u00e9ducation.<\/p>\n\n<h2 class=\"wp-block-heading\">La mise sous tutelle et ses cons\u00e9quences<\/h2>\n\n<p>En mai 2025, un coup de tonnerre est tomb\u00e9 sur l\u2019\u00e9cole Martinon lorsqu\u2019elle a \u00e9t\u00e9 plac\u00e9e sous <strong>tutelle<\/strong> par l&rsquo;inspectrice de l&rsquo;\u00e9ducation nationale. Les cons\u00e9quences de cette d\u00e9cision sont multiples et pr\u00e9occupantes, surtout pour une \u00e9cole qui mise sur l\u2019innovation p\u00e9dagogique. La vacance du poste de direction a pr\u00e9cipit\u00e9 cette mesure, la direction pr\u00e9c\u00e9dente \u00e9tant partie pour un changement de carri\u00e8re, suivie par une rempla\u00e7ante en arr\u00eat maladie. Cette situation a expos\u00e9 l\u2019\u00e9cole \u00e0 un diagnostic qui ne tient pas compte des r\u00e9alit\u00e9s de son fonctionnement.<\/p>\n\n<h3 class=\"wp-block-heading\">Les raisons derri\u00e8re cette d\u00e9cision<\/h3>\n\n<p>D\u2019abord, il est essentiel de comprendre le contexte. L\u2019inspectrice a point\u00e9 du doigt des r\u00e9sultats sp\u00e9cifiques aux \u00e9valuations nationales, jug\u00e9s insuffisants. Ainsi, ceux qui prennent des d\u00e9cisions \u00e0 l\u2019\u00e9chelon acad\u00e9mique se basent sur des indicateurs de performance qui ne saisissent pas la richesse des m\u00e9thodes Freinet. Les parents d\u00e9noncent cette <strong>malhonn\u00eatet\u00e9 manifeste<\/strong> et s\u2019interrogent sur le manque de prise en consid\u00e9ration des sp\u00e9cificit\u00e9s du mod\u00e8le \u00e9ducatif alternatif.<\/p>\n\n<p>Les adolescentes et adolescents de l\u2019\u00e9cole Martinon sont confront\u00e9s \u00e0 des solutions qui ne refl\u00e8tent pas le monde dans lequel ils vivent. Face \u00e0 ces d\u00e9fis, de nombreux parents se mobilisent pour d\u00e9fendre une p\u00e9dagogie qui a prouv\u00e9 son efficacit\u00e9 bien au-del\u00e0 des simples \u00e9valuations. En effet, chaque semaine, dans les fameux ateliers, de nouveaux types de savoirs sont apport\u00e9s aux enfants, enrichissant leur exp\u00e9rience d\u2019\u00e9cole.<\/p>\n\n<h3 class=\"wp-block-heading\">R\u00e9actions des parents et de la communaut\u00e9<\/h3>\n\n<p>La mise sous tutelle a aussi r\u00e9v\u00e9l\u00e9 un profond foss\u00e9 entre l\u2019acad\u00e9mie et la r\u00e9alit\u00e9 v\u00e9cue par les \u00e9l\u00e8ves et leurs familles. Plus de 130 parents ont sign\u00e9 une lettre ouverte, d\u00e9non\u00e7ant cette d\u00e9cision et demandant \u00e0 ce que l\u2019on prenne en compte l\u2019impact de la <strong>p\u00e9dagogie Freinet<\/strong>. Ces parents affirment que cette tutelle contredit les valeurs d\u2019ouverture et de cr\u00e9ativit\u00e9 qui sont au c\u0153ur de l\u2019\u00e9cole :<\/p>\n\n<ul class=\"wp-block-list\"><li>Mobilisation des parents autour de l&rsquo;\u00e9cole \u270a<\/li><li>Demandes de r\u00e9vision des d\u00e9cisions prises \ud83d\udd0d<\/li><li>Renforcement des liens communautaires en r\u00e9ponse \u00e0 la crise \ud83d\udcaa<\/li><\/ul>\n\n<p>En se battant pour leur \u00e9cole, les parents ne cherchent pas seulement \u00e0 critiquer les d\u00e9cisions administratives, ils souhaitent garantir \u00e0 leurs enfants un avenir \u00e9ducatif qui soit en phase avec leurs besoins et leurs attentes. Ils r\u00e9clament \u00e9galement une \u00e9valuation plus compl\u00e8te, prenant en compte les comp\u00e9tences sociales et humaines que leur offre le mod\u00e8le Freinet.<\/p>\n\n<h2 class=\"wp-block-heading\">La p\u00e9dagogie Freinet face \u00e0 la crise \u00e9ducative<\/h2>\n\n<p>La tutelle impos\u00e9e \u00e0 l\u2019\u00e9cole Martinon s\u2019inscrit dans un contexte plus large de remise en question des m\u00e9thodes p\u00e9dagogiques alternatives en France. L&rsquo;\u00e9ducation traditionnelle, souvent critiqu\u00e9e pour son incapacit\u00e9 \u00e0 s&rsquo;adapter aux \u00e9volutions soci\u00e9tales, est confront\u00e9e \u00e0 un mouvement qui plaide pour une r\u00e9vision de son approche. La <strong>p\u00e9dagogie Freinet<\/strong> est \u00e0 la crois\u00e9e des chemins, tant\u00f4t c\u00e9l\u00e9br\u00e9e pour son audace, tant\u00f4t critiqu\u00e9e pour ses r\u00e9sultats jug\u00e9s insuffisants.<\/p>\n\n<h3 class=\"wp-block-heading\">Perspectives d&rsquo;avenir pour l&rsquo;\u00e9cole Martinon<\/h3>\n\n<p>Face \u00e0 cette crise, l\u2019\u00e9cole a \u00e9galement l\u2019opportunit\u00e9 de renforcer son image et de construire des partenariats plus solides avec les institutions. En int\u00e9grant une approche collaborative avec l\u2019acad\u00e9mie, les enseignants esp\u00e8rent diagnostiques et r\u00e9ponses constructives sur la performance \u00e9ducative. Les parents, quant \u00e0 eux, souhaitent rester vigilants et impliqu\u00e9s dans chaque \u00e9tape du processus. <strong>La participation des parents dans l\u2019\u00e9ducation est un pilier fondamental.<\/strong><\/p>\n\n<p>Cela pourrait impliquer des ateliers de formation pour les enseignants, des initiatives pour feedback entre les parents et l\u2019administration scolaire, et m\u00eame la cr\u00e9ation de groupes d\u2019\u00e9changes pour valoriser les principes p\u00e9dagogiques Freinet, non seulement \u00e0 Gradignan, mais dans d\u2019autres \u00e9coles de Gironde.<\/p>\n\n<h3 class=\"wp-block-heading\">Les enjeux d\u2019une p\u00e9dagogie innovante dans l\u2019\u00e9ducation contemporaine<\/h3>\n\n<ul class=\"wp-block-list\"><li>R\u00e9\u00e9valuation des m\u00e9thodes d\u2019enseignement \ud83c\udfeb<\/li><li>Reconnaissance des diff\u00e9rentes formes d\u2019intelligence \ud83d\udca1<\/li><li>Adaptation aux besoins individuels des \u00e9l\u00e8ves \ud83d\udcc8<\/li><\/ul>\n\n<p>Les b\u00e9n\u00e9fices tangibles de la p\u00e9dagogie Freinet ne se mesurent pas uniquement \u00e0 travers des indicateurs acad\u00e9miques. Ils engendrent aussi une autonomie accrue, une cr\u00e9ativit\u00e9 \u00e9panouie et un sens de la solidarit\u00e9 fondamental dans le milieu scolaire. En red\u00e9finissant son approche, l\u2019\u00e9cole Martinon pourrait devenir un mod\u00e8le d&rsquo;inspiration pour d\u2019autres \u00e9tablissements.<\/p>\n\n<h2 class=\"wp-block-heading\">Mobilisation de la communaut\u00e9 \u00e9ducative et m\u00e9dias<\/h2>\n\n<p>La mise sous tutelle de l\u2019\u00e9cole Martinon a attir\u00e9 l\u2019attention des m\u00e9dias locaux et nationaux, soulignant l\u2019importance de ce combat \u00e9ducatif. Les histoires des enfants et des parents, souvent relay\u00e9es par des articles, podcasts et reportages, mettent en avant les d\u00e9fis auxquels sont confront\u00e9s les acteurs de l\u2019\u00e9ducation. Ces t\u00e9moignages, empreints d\u2019\u00e9motion, tentent de redonner une voix \u00e0 ceux qui se battent pour une \u00e9cole diff\u00e9rente.<\/p>\n\n<p>Les retomb\u00e9es m\u00e9diatiques ont \u00e9galement permis de donner de la visibilit\u00e9 au mouvement. Les plateformes comme <strong>Facebook<\/strong> et <strong>Instagram<\/strong> jouent un r\u00f4le central dans cette mobilisation. Les parents partagent des photos et des histoires qui capturent l&rsquo;essence de l&rsquo;engagement communautaire, cherchant \u00e0 cr\u00e9er un soutien autour de l&rsquo;\u00e9cole Martinon et faisant passer le message \u00e0 un public plus large.<\/p>\n\n<h3 class=\"wp-block-heading\">Strat\u00e9gies de communication et d&rsquo;engagement<\/h3>\n\n<ul class=\"wp-block-list\"><li>Utilisation des r\u00e9seaux sociaux \ud83d\udcf1<\/li><li>Partage d&rsquo;exp\u00e9riences et de r\u00e9cits personnels \ud83d\udcd6<\/li><li>Organisation d&rsquo;\u00e9v\u00e9nements pour sensibiliser la communaut\u00e9 \ud83c\udf89<\/li><\/ul>\n\n<p>En fin de compte, le d\u00e9fi devient de red\u00e9finir ce qu&rsquo;est l&rsquo;\u00e9ducation dans un monde en pleine mutation. Les parents, les enseignants et la communaut\u00e9 \u00e9ducative se rassemblent pour revendiquer une vision d\u2019avenir plus positive, o\u00f9 la cr\u00e9ativit\u00e9 et la connaissance individuelle occupent une place centrale.<\/p>\n\n<h2 class=\"wp-block-heading\">FAQ<\/h2>\n\n<h3 class=\"wp-block-heading\">Que signifie la p\u00e9dagogie Freinet ?<\/h3>\n\n<p>La p\u00e9dagogie Freinet est un mod\u00e8le \u00e9ducatif bas\u00e9 sur l\u2019autonomie des \u00e9l\u00e8ves, l\u2019apprentissage par l\u2019exp\u00e9rience et la collaboration entre les enfants, les parents et les enseignants.<\/p>\n\n<h3 class=\"wp-block-heading\">Pourquoi l\u2019\u00e9cole Martinon est-elle mise sous tutelle ?<\/h3>\n\n<p>L\u2019\u00e9cole a \u00e9t\u00e9 mise sous tutelle en raison de r\u00e9sultats jug\u00e9s insuffisants par l\u2019inspectrice de l&rsquo;\u00e9ducation nationale, d\u00e9clenchant l&rsquo;indignation des parents et une mobilisation contre cette d\u00e9cision.<\/p>\n\n<h3 class=\"wp-block-heading\">Quels sont les ateliers d\u00e9cloisonn\u00e9s ?<\/h3>\n\n<p>Les ateliers d\u00e9cloisonn\u00e9s sont des moments o\u00f9 les \u00e9l\u00e8ves participent \u00e0 des activit\u00e9s \u00e9ducatives dirig\u00e9es par des parents ou des intervenants externes, favorisant un apprentissage enrichi et ludique.<\/p>\n\n<h3 class=\"wp-block-heading\">Comment les parents peuvent-ils s&rsquo;impliquer ?<\/h3>\n\n<p>Les parents peuvent s&rsquo;impliquer en participant aux ateliers, en soutenant les initiatives de l&rsquo;\u00e9cole et en s&rsquo;engageant dans des actions collectives pour d\u00e9fendre l&rsquo;\u00e9ducation Freinet.<\/p>\n\n<h3 class=\"wp-block-heading\">Quel avenir pour l&rsquo;\u00e9cole Martinon ?<\/h3>\n\n<p>L\u2019avenir de l\u2019\u00e9cole d\u00e9pendra de la mobilisation des parents, de la r\u00e9ponse de l\u2019acad\u00e9mie et de la possibilit\u00e9 de renforcer les pratiques p\u00e9dagogiques qui favorisent l\u2019\u00e9panouissement de tous les \u00e9l\u00e8ves.<\/p>\n\n","protected":false},"excerpt":{"rendered":"<p>\u00c0 Gradignan, l\u2019unique \u00e9cole Freinet de Gironde, l\u2019\u00e9cole \u00e9l\u00e9mentaire Martinon, est en \u00e9moi suite \u00e0 la mise sous tutelle de l\u2019\u00e9tablissement par l\u2019acad\u00e9mie. Cette d\u00e9cision, motiv\u00e9e par des \u00e9valuations jug\u00e9es insuffisantes, a provoqu\u00e9 une vague d\u2019indignation chez les parents d\u2019\u00e9l\u00e8ves qui se mobilisent pour d\u00e9fendre les m\u00e9thodes p\u00e9dagogiques innovantes de l\u2019\u00e9cole. Explorons les dessous de &#8230; <a title=\"\u00c0 Gradignan, l&rsquo;unique \u00e9cole Freinet de Gironde face \u00e0 une tutelle controvers\u00e9e, suscitant l&rsquo;indignation des parents\" class=\"read-more\" href=\"https:\/\/www.apres-lecole.fr\/Blog\/ecole-freinet-gradignan\/\" aria-label=\"En savoir plus sur \u00c0 Gradignan, l&rsquo;unique \u00e9cole Freinet de Gironde face \u00e0 une tutelle controvers\u00e9e, suscitant l&rsquo;indignation des parents\">Lire plus<\/a><\/p>\n","protected":false},"author":9,"featured_media":0,"comment_status":"open","ping_status":"open","sticky":false,"template":"","format":"standard","meta":{"footnotes":""},"categories":[342],"tags":[855,856,854,858,857],"class_list":["post-1946","post","type-post","status-publish","format-standard","hentry","category-actualites","tag-ecole-freinet","tag-gironde","tag-gradignan","tag-indignation-des-parents","tag-tutelle-controversee"],"yoast_head":"<!-- This site is optimized with the Yoast SEO plugin v27.5 - https:\/\/yoast.com\/product\/yoast-seo-wordpress\/ -->\n<title>\u00c0 Gradignan, l&#039;\u00e9cole Freinet en crise : les parents s&#039;indignent<\/title>\n<meta name=\"description\" content=\"D\u00e9couvrez l&#039;unique \u00e9cole Freinet de Gironde \u00e0 Gradignan, au c\u0153ur d&#039;une pol\u00e9mique entourant sa tutelle controvers\u00e9e. Les parents expriment leur indignation face \u00e0 une situation qui met en lumi\u00e8re les d\u00e9fis de l&#039;\u00e9ducation alternative. Explorez les enjeux et les r\u00e9actions face \u00e0 cette crise \u00e9ducative.\" \/>\n<meta name=\"robots\" content=\"index, follow, max-snippet:-1, max-image-preview:large, max-video-preview:-1\" \/>\n<link rel=\"canonical\" href=\"https:\/\/www.apres-lecole.fr\/Blog\/ecole-freinet-gradignan\/\" \/>\n<meta property=\"og:locale\" content=\"fr_FR\" \/>\n<meta property=\"og:type\" content=\"article\" \/>\n<meta property=\"og:title\" content=\"\u00c0 Gradignan, l&#039;\u00e9cole Freinet en crise : les parents s&#039;indignent\" \/>\n<meta property=\"og:description\" content=\"D\u00e9couvrez l&#039;unique \u00e9cole Freinet de Gironde \u00e0 Gradignan, au c\u0153ur d&#039;une pol\u00e9mique entourant sa tutelle controvers\u00e9e. Les parents expriment leur indignation face \u00e0 une situation qui met en lumi\u00e8re les d\u00e9fis de l&#039;\u00e9ducation alternative. Explorez les enjeux et les r\u00e9actions face \u00e0 cette crise \u00e9ducative.\" \/>\n<meta property=\"og:url\" content=\"https:\/\/www.apres-lecole.fr\/Blog\/ecole-freinet-gradignan\/\" \/>\n<meta property=\"article:published_time\" content=\"2025-05-13T07:40:42+00:00\" \/>\n<meta name=\"author\" content=\"Eva Martin\" \/>\n<meta name=\"twitter:card\" content=\"summary_large_image\" \/>\n<meta name=\"twitter:creator\" content=\"@Evaapresecole\" \/>\n<meta name=\"twitter:label1\" content=\"\u00c9crit par\" \/>\n\t<meta name=\"twitter:data1\" content=\"Eva Martin\" \/>\n\t<meta name=\"twitter:label2\" content=\"Dur\u00e9e de lecture estim\u00e9e\" \/>\n\t<meta name=\"twitter:data2\" content=\"8 minutes\" \/>\n<script type=\"application\/ld+json\" class=\"yoast-schema-graph\">{\"@context\":\"https:\\\/\\\/schema.org\",\"@graph\":[{\"@type\":\"Article\",\"@id\":\"https:\\\/\\\/www.apres-lecole.fr\\\/Blog\\\/ecole-freinet-gradignan\\\/#article\",\"isPartOf\":{\"@id\":\"https:\\\/\\\/www.apres-lecole.fr\\\/Blog\\\/ecole-freinet-gradignan\\\/\"},\"author\":{\"name\":\"Eva Martin\",\"@id\":\"https:\\\/\\\/www.apres-lecole.fr\\\/Blog\\\/#\\\/schema\\\/person\\\/aeb50cd4b51fc69da155804bb5bb9fc4\"},\"headline\":\"\u00c0 Gradignan, l&rsquo;unique \u00e9cole Freinet de Gironde face \u00e0 une tutelle controvers\u00e9e, suscitant l&rsquo;indignation des parents\",\"datePublished\":\"2025-05-13T07:40:42+00:00\",\"mainEntityOfPage\":{\"@id\":\"https:\\\/\\\/www.apres-lecole.fr\\\/Blog\\\/ecole-freinet-gradignan\\\/\"},\"wordCount\":1710,\"commentCount\":0,\"keywords\":[\"\u00e9cole freinet\",\"gironde\",\"gradignan\",\"indignation des parents\",\"tutelle controvers\u00e9e\"],\"articleSection\":[\"Actualit\u00e9s\"],\"inLanguage\":\"fr-FR\",\"potentialAction\":[{\"@type\":\"CommentAction\",\"name\":\"Comment\",\"target\":[\"https:\\\/\\\/www.apres-lecole.fr\\\/Blog\\\/ecole-freinet-gradignan\\\/#respond\"]}]},{\"@type\":\"WebPage\",\"@id\":\"https:\\\/\\\/www.apres-lecole.fr\\\/Blog\\\/ecole-freinet-gradignan\\\/\",\"url\":\"https:\\\/\\\/www.apres-lecole.fr\\\/Blog\\\/ecole-freinet-gradignan\\\/\",\"name\":\"\u00c0 Gradignan, l'\u00e9cole Freinet en crise : les parents s'indignent\",\"isPartOf\":{\"@id\":\"https:\\\/\\\/www.apres-lecole.fr\\\/Blog\\\/#website\"},\"datePublished\":\"2025-05-13T07:40:42+00:00\",\"author\":{\"@id\":\"https:\\\/\\\/www.apres-lecole.fr\\\/Blog\\\/#\\\/schema\\\/person\\\/aeb50cd4b51fc69da155804bb5bb9fc4\"},\"description\":\"D\u00e9couvrez l'unique \u00e9cole Freinet de Gironde \u00e0 Gradignan, au c\u0153ur d'une pol\u00e9mique entourant sa tutelle controvers\u00e9e. Les parents expriment leur indignation face \u00e0 une situation qui met en lumi\u00e8re les d\u00e9fis de l'\u00e9ducation alternative. Explorez les enjeux et les r\u00e9actions face \u00e0 cette crise \u00e9ducative.\",\"breadcrumb\":{\"@id\":\"https:\\\/\\\/www.apres-lecole.fr\\\/Blog\\\/ecole-freinet-gradignan\\\/#breadcrumb\"},\"inLanguage\":\"fr-FR\",\"potentialAction\":[{\"@type\":\"ReadAction\",\"target\":[\"https:\\\/\\\/www.apres-lecole.fr\\\/Blog\\\/ecole-freinet-gradignan\\\/\"]}]},{\"@type\":\"BreadcrumbList\",\"@id\":\"https:\\\/\\\/www.apres-lecole.fr\\\/Blog\\\/ecole-freinet-gradignan\\\/#breadcrumb\",\"itemListElement\":[{\"@type\":\"ListItem\",\"position\":1,\"name\":\"Home\",\"item\":\"https:\\\/\\\/www.apres-lecole.fr\\\/Blog\\\/\"},{\"@type\":\"ListItem\",\"position\":2,\"name\":\"\u00c0 Gradignan, l&rsquo;unique \u00e9cole Freinet de Gironde face \u00e0 une tutelle controvers\u00e9e, suscitant l&rsquo;indignation des parents\"}]},{\"@type\":\"WebSite\",\"@id\":\"https:\\\/\\\/www.apres-lecole.fr\\\/Blog\\\/#website\",\"url\":\"https:\\\/\\\/www.apres-lecole.fr\\\/Blog\\\/\",\"name\":\"\",\"description\":\"M\u00e9dia g\u00e9n\u00e9raliste\",\"potentialAction\":[{\"@type\":\"SearchAction\",\"target\":{\"@type\":\"EntryPoint\",\"urlTemplate\":\"https:\\\/\\\/www.apres-lecole.fr\\\/Blog\\\/?s={search_term_string}\"},\"query-input\":{\"@type\":\"PropertyValueSpecification\",\"valueRequired\":true,\"valueName\":\"search_term_string\"}}],\"inLanguage\":\"fr-FR\"},{\"@type\":\"Person\",\"@id\":\"https:\\\/\\\/www.apres-lecole.fr\\\/Blog\\\/#\\\/schema\\\/person\\\/aeb50cd4b51fc69da155804bb5bb9fc4\",\"name\":\"Eva Martin\",\"image\":{\"@type\":\"ImageObject\",\"inLanguage\":\"fr-FR\",\"@id\":\"https:\\\/\\\/secure.gravatar.com\\\/avatar\\\/55c53222558b27a72015a64073a80edce4abd33369394b9bf2c5cd6c19d12682?s=96&d=mm&r=g\",\"url\":\"https:\\\/\\\/secure.gravatar.com\\\/avatar\\\/55c53222558b27a72015a64073a80edce4abd33369394b9bf2c5cd6c19d12682?s=96&d=mm&r=g\",\"contentUrl\":\"https:\\\/\\\/secure.gravatar.com\\\/avatar\\\/55c53222558b27a72015a64073a80edce4abd33369394b9bf2c5cd6c19d12682?s=96&d=mm&r=g\",\"caption\":\"Eva Martin\"},\"description\":\"Je parle de business et d'entrepreneuriat avec des conseils clairs, concrets et actionnables pour r\u00e9ussir\",\"sameAs\":[\"https:\\\/\\\/x.com\\\/Evaapresecole\"],\"url\":\"https:\\\/\\\/www.apres-lecole.fr\\\/Blog\\\/author\\\/evamartin\\\/\"}]}<\/script>\n<!-- \/ Yoast SEO plugin. -->","yoast_head_json":{"title":"\u00c0 Gradignan, l'\u00e9cole Freinet en crise : les parents s'indignent","description":"D\u00e9couvrez l'unique \u00e9cole Freinet de Gironde \u00e0 Gradignan, au c\u0153ur d'une pol\u00e9mique entourant sa tutelle controvers\u00e9e. Les parents expriment leur indignation face \u00e0 une situation qui met en lumi\u00e8re les d\u00e9fis de l'\u00e9ducation alternative. Explorez les enjeux et les r\u00e9actions face \u00e0 cette crise \u00e9ducative.","robots":{"index":"index","follow":"follow","max-snippet":"max-snippet:-1","max-image-preview":"max-image-preview:large","max-video-preview":"max-video-preview:-1"},"canonical":"https:\/\/www.apres-lecole.fr\/Blog\/ecole-freinet-gradignan\/","og_locale":"fr_FR","og_type":"article","og_title":"\u00c0 Gradignan, l'\u00e9cole Freinet en crise : les parents s'indignent","og_description":"D\u00e9couvrez l'unique \u00e9cole Freinet de Gironde \u00e0 Gradignan, au c\u0153ur d'une pol\u00e9mique entourant sa tutelle controvers\u00e9e. Les parents expriment leur indignation face \u00e0 une situation qui met en lumi\u00e8re les d\u00e9fis de l'\u00e9ducation alternative. Explorez les enjeux et les r\u00e9actions face \u00e0 cette crise \u00e9ducative.","og_url":"https:\/\/www.apres-lecole.fr\/Blog\/ecole-freinet-gradignan\/","article_published_time":"2025-05-13T07:40:42+00:00","author":"Eva Martin","twitter_card":"summary_large_image","twitter_creator":"@Evaapresecole","twitter_misc":{"\u00c9crit par":"Eva Martin","Dur\u00e9e de lecture estim\u00e9e":"8 minutes"},"schema":{"@context":"https:\/\/schema.org","@graph":[{"@type":"Article","@id":"https:\/\/www.apres-lecole.fr\/Blog\/ecole-freinet-gradignan\/#article","isPartOf":{"@id":"https:\/\/www.apres-lecole.fr\/Blog\/ecole-freinet-gradignan\/"},"author":{"name":"Eva Martin","@id":"https:\/\/www.apres-lecole.fr\/Blog\/#\/schema\/person\/aeb50cd4b51fc69da155804bb5bb9fc4"},"headline":"\u00c0 Gradignan, l&rsquo;unique \u00e9cole Freinet de Gironde face \u00e0 une tutelle controvers\u00e9e, suscitant l&rsquo;indignation des parents","datePublished":"2025-05-13T07:40:42+00:00","mainEntityOfPage":{"@id":"https:\/\/www.apres-lecole.fr\/Blog\/ecole-freinet-gradignan\/"},"wordCount":1710,"commentCount":0,"keywords":["\u00e9cole freinet","gironde","gradignan","indignation des parents","tutelle controvers\u00e9e"],"articleSection":["Actualit\u00e9s"],"inLanguage":"fr-FR","potentialAction":[{"@type":"CommentAction","name":"Comment","target":["https:\/\/www.apres-lecole.fr\/Blog\/ecole-freinet-gradignan\/#respond"]}]},{"@type":"WebPage","@id":"https:\/\/www.apres-lecole.fr\/Blog\/ecole-freinet-gradignan\/","url":"https:\/\/www.apres-lecole.fr\/Blog\/ecole-freinet-gradignan\/","name":"\u00c0 Gradignan, l'\u00e9cole Freinet en crise : les parents s'indignent","isPartOf":{"@id":"https:\/\/www.apres-lecole.fr\/Blog\/#website"},"datePublished":"2025-05-13T07:40:42+00:00","author":{"@id":"https:\/\/www.apres-lecole.fr\/Blog\/#\/schema\/person\/aeb50cd4b51fc69da155804bb5bb9fc4"},"description":"D\u00e9couvrez l'unique \u00e9cole Freinet de Gironde \u00e0 Gradignan, au c\u0153ur d'une pol\u00e9mique entourant sa tutelle controvers\u00e9e. Les parents expriment leur indignation face \u00e0 une situation qui met en lumi\u00e8re les d\u00e9fis de l'\u00e9ducation alternative. Explorez les enjeux et les r\u00e9actions face \u00e0 cette crise \u00e9ducative.","breadcrumb":{"@id":"https:\/\/www.apres-lecole.fr\/Blog\/ecole-freinet-gradignan\/#breadcrumb"},"inLanguage":"fr-FR","potentialAction":[{"@type":"ReadAction","target":["https:\/\/www.apres-lecole.fr\/Blog\/ecole-freinet-gradignan\/"]}]},{"@type":"BreadcrumbList","@id":"https:\/\/www.apres-lecole.fr\/Blog\/ecole-freinet-gradignan\/#breadcrumb","itemListElement":[{"@type":"ListItem","position":1,"name":"Home","item":"https:\/\/www.apres-lecole.fr\/Blog\/"},{"@type":"ListItem","position":2,"name":"\u00c0 Gradignan, l&rsquo;unique \u00e9cole Freinet de Gironde face \u00e0 une tutelle controvers\u00e9e, suscitant l&rsquo;indignation des parents"}]},{"@type":"WebSite","@id":"https:\/\/www.apres-lecole.fr\/Blog\/#website","url":"https:\/\/www.apres-lecole.fr\/Blog\/","name":"","description":"M\u00e9dia g\u00e9n\u00e9raliste","potentialAction":[{"@type":"SearchAction","target":{"@type":"EntryPoint","urlTemplate":"https:\/\/www.apres-lecole.fr\/Blog\/?s={search_term_string}"},"query-input":{"@type":"PropertyValueSpecification","valueRequired":true,"valueName":"search_term_string"}}],"inLanguage":"fr-FR"},{"@type":"Person","@id":"https:\/\/www.apres-lecole.fr\/Blog\/#\/schema\/person\/aeb50cd4b51fc69da155804bb5bb9fc4","name":"Eva Martin","image":{"@type":"ImageObject","inLanguage":"fr-FR","@id":"https:\/\/secure.gravatar.com\/avatar\/55c53222558b27a72015a64073a80edce4abd33369394b9bf2c5cd6c19d12682?s=96&d=mm&r=g","url":"https:\/\/secure.gravatar.com\/avatar\/55c53222558b27a72015a64073a80edce4abd33369394b9bf2c5cd6c19d12682?s=96&d=mm&r=g","contentUrl":"https:\/\/secure.gravatar.com\/avatar\/55c53222558b27a72015a64073a80edce4abd33369394b9bf2c5cd6c19d12682?s=96&d=mm&r=g","caption":"Eva Martin"},"description":"Je parle de business et d'entrepreneuriat avec des conseils clairs, concrets et actionnables pour r\u00e9ussir","sameAs":["https:\/\/x.com\/Evaapresecole"],"url":"https:\/\/www.apres-lecole.fr\/Blog\/author\/evamartin\/"}]}},"views":329,"_links":{"self":[{"href":"https:\/\/www.apres-lecole.fr\/Blog\/wp-json\/wp\/v2\/posts\/1946","targetHints":{"allow":["GET"]}}],"collection":[{"href":"https:\/\/www.apres-lecole.fr\/Blog\/wp-json\/wp\/v2\/posts"}],"about":[{"href":"https:\/\/www.apres-lecole.fr\/Blog\/wp-json\/wp\/v2\/types\/post"}],"author":[{"embeddable":true,"href":"https:\/\/www.apres-lecole.fr\/Blog\/wp-json\/wp\/v2\/users\/9"}],"replies":[{"embeddable":true,"href":"https:\/\/www.apres-lecole.fr\/Blog\/wp-json\/wp\/v2\/comments?post=1946"}],"version-history":[{"count":0,"href":"https:\/\/www.apres-lecole.fr\/Blog\/wp-json\/wp\/v2\/posts\/1946\/revisions"}],"wp:attachment":[{"href":"https:\/\/www.apres-lecole.fr\/Blog\/wp-json\/wp\/v2\/media?parent=1946"}],"wp:term":[{"taxonomy":"category","embeddable":true,"href":"https:\/\/www.apres-lecole.fr\/Blog\/wp-json\/wp\/v2\/categories?post=1946"},{"taxonomy":"post_tag","embeddable":true,"href":"https:\/\/www.apres-lecole.fr\/Blog\/wp-json\/wp\/v2\/tags?post=1946"}],"curies":[{"name":"wp","href":"https:\/\/api.w.org\/{rel}","templated":true}]}}