{"id":1945,"date":"2025-05-12T21:21:04","date_gmt":"2025-05-12T21:21:04","guid":{"rendered":"https:\/\/www.apres-lecole.fr\/Blog\/migrants-georgiens-strasbourg\/"},"modified":"2025-05-12T21:21:04","modified_gmt":"2025-05-12T21:21:04","slug":"migrants-georgiens-strasbourg","status":"publish","type":"post","link":"https:\/\/www.apres-lecole.fr\/Blog\/migrants-georgiens-strasbourg\/","title":{"rendered":"Un foyer de migrants g\u00e9orgiens trouve refuge \u00e0 l&rsquo;\u00e9cole L\u00e9onard de Vinci \u00e0 Strasbourg"},"content":{"rendered":"\n\n<div class=\"kk-star-ratings kksr-auto kksr-align-left kksr-valign-top\"\n    data-payload='{&quot;align&quot;:&quot;left&quot;,&quot;id&quot;:&quot;1945&quot;,&quot;slug&quot;:&quot;default&quot;,&quot;valign&quot;:&quot;top&quot;,&quot;ignore&quot;:&quot;&quot;,&quot;reference&quot;:&quot;auto&quot;,&quot;class&quot;:&quot;&quot;,&quot;count&quot;:&quot;0&quot;,&quot;legendonly&quot;:&quot;&quot;,&quot;readonly&quot;:&quot;&quot;,&quot;score&quot;:&quot;0&quot;,&quot;starsonly&quot;:&quot;&quot;,&quot;best&quot;:&quot;5&quot;,&quot;gap&quot;:&quot;5&quot;,&quot;greet&quot;:&quot;Rate this post&quot;,&quot;legend&quot;:&quot;0\\\/5 - (0 vote)&quot;,&quot;size&quot;:&quot;24&quot;,&quot;title&quot;:&quot;Un foyer de migrants g\u00e9orgiens trouve refuge \u00e0 l\\u0026#039;\u00e9cole L\u00e9onard de Vinci \u00e0 Strasbourg&quot;,&quot;width&quot;:&quot;0&quot;,&quot;_legend&quot;:&quot;{score}\\\/{best} - ({count} {votes})&quot;,&quot;font_factor&quot;:&quot;1.25&quot;}'>\n            \n<div class=\"kksr-stars\">\n    \n<div class=\"kksr-stars-inactive\">\n            <div class=\"kksr-star\" data-star=\"1\" style=\"padding-right: 5px\">\n            \n\n<div class=\"kksr-icon\" style=\"width: 24px; height: 24px;\"><\/div>\n        <\/div>\n            <div class=\"kksr-star\" data-star=\"2\" style=\"padding-right: 5px\">\n            \n\n<div class=\"kksr-icon\" style=\"width: 24px; height: 24px;\"><\/div>\n        <\/div>\n            <div class=\"kksr-star\" data-star=\"3\" style=\"padding-right: 5px\">\n            \n\n<div class=\"kksr-icon\" style=\"width: 24px; height: 24px;\"><\/div>\n        <\/div>\n            <div class=\"kksr-star\" data-star=\"4\" style=\"padding-right: 5px\">\n            \n\n<div class=\"kksr-icon\" style=\"width: 24px; height: 24px;\"><\/div>\n        <\/div>\n            <div class=\"kksr-star\" data-star=\"5\" style=\"padding-right: 5px\">\n            \n\n<div class=\"kksr-icon\" style=\"width: 24px; height: 24px;\"><\/div>\n        <\/div>\n    <\/div>\n    \n<div class=\"kksr-stars-active\" style=\"width: 0px;\">\n            <div class=\"kksr-star\" style=\"padding-right: 5px\">\n            \n\n<div class=\"kksr-icon\" style=\"width: 24px; height: 24px;\"><\/div>\n        <\/div>\n            <div class=\"kksr-star\" style=\"padding-right: 5px\">\n            \n\n<div class=\"kksr-icon\" style=\"width: 24px; height: 24px;\"><\/div>\n        <\/div>\n            <div class=\"kksr-star\" style=\"padding-right: 5px\">\n            \n\n<div class=\"kksr-icon\" style=\"width: 24px; height: 24px;\"><\/div>\n        <\/div>\n            <div class=\"kksr-star\" style=\"padding-right: 5px\">\n            \n\n<div class=\"kksr-icon\" style=\"width: 24px; height: 24px;\"><\/div>\n        <\/div>\n            <div class=\"kksr-star\" style=\"padding-right: 5px\">\n            \n\n<div class=\"kksr-icon\" style=\"width: 24px; height: 24px;\"><\/div>\n        <\/div>\n    <\/div>\n<\/div>\n                \n\n<div class=\"kksr-legend\" style=\"font-size: 19.2px;\">\n            <span class=\"kksr-muted\">Rate this post<\/span>\n    <\/div>\n    <\/div>\n<p>Voici un article captivant sur la situation d&rsquo;une famille g\u00e9orgienne r\u00e9fugi\u00e9e \u00e0 l&rsquo;\u00e9cole L\u00e9onard de Vinci \u00e0 Strasbourg, mettant en lumi\u00e8re des r\u00e9cits d&rsquo;espoir, de solidarit\u00e9 et de d\u00e9fis face \u00e0 une situation complexe.<\/p>\n\n<ul class=\"wp-block-list\"><li>1. La r\u00e9alit\u00e9 des migrants g\u00e9orgiens \u00e0 Strasbourg<\/li><li>2. Une initiative solidaire au sein de l&rsquo;\u00e9cole L\u00e9onard de Vinci<\/li><li>3. Les impacts sur la vie scolaire et sociale des enfants<\/li><li>4. L&rsquo;importance de l&rsquo;accueil et de l&rsquo;int\u00e9gration<\/li><li>5. Un regard vers l&rsquo;avenir : d\u00e9fis et espoirs<\/li><\/ul>\n\n<h2 class=\"wp-block-heading\">La r\u00e9alit\u00e9 des migrants g\u00e9orgiens \u00e0 Strasbourg<\/h2>\n\n<p>\u00c0 Strasbourg, comme dans de nombreuses villes fran\u00e7aises, la situation des migrants reste un sujet br\u00fblant. Les <strong>migrants g\u00e9orgiens<\/strong>, en particulier, rencontrent des d\u00e9fis uniques. Parmi eux se trouve la famille Tsetskhladze, qui a r\u00e9cemment trouv\u00e9 refuge \u00e0 l&rsquo;<strong>\u00e9cole L\u00e9onard de Vinci<\/strong>. Cette famille de six personnes, dont trois enfants \u00e2g\u00e9s de 10 \u00e0 15 ans, a fui leur pays en raison de <strong>pers\u00e9cutions politiques<\/strong>.<\/p>\n\n<p>Install\u00e9e dans une salle de classe, la famille doit d\u00e9buter chaque journ\u00e9e par un d\u00e9m\u00e9nagement de leurs affaires, soigneusement rang\u00e9es pendant les heures de classe. Le p\u00e8re, Alexandr, s&rsquo;est battu pendant des ann\u00e9es contre des menaces s\u00e9rieuses, face \u00e0 une surveillance incessante et des agressions. Loin de l&rsquo;id\u00e9e d&rsquo;une migration choisie par aspiration, la famille a \u00e9t\u00e9 pouss\u00e9e \u00e0 quitter son foyer, esp\u00e9rant trouver un lieu de paix et de <strong>s\u00e9curit\u00e9<\/strong> dans le pays des droits de l&rsquo;homme.<\/p>\n\n<figure class=\"wp-block-table\"><table>\n<thead>\n<tr>\n<th>Famille<\/th>\n<th>\u00c2ge des Enfants<\/th>\n<th>Ville d&rsquo;Accueil<\/th>\n<th>Difficult\u00e9s Rencontr\u00e9es<\/th>\n<\/tr>\n<\/thead>\n<tbody>\n<tr>\n<td>Tsetskhladze<\/td>\n<td>15, 14, 10 ans<\/td>\n<td>Strasbourg<\/td>\n<td>H\u00e9bergement, int\u00e9gration scolaire<\/td>\n<\/tr>\n<\/tbody>\n<\/table><\/figure>\n\n<p>Ces histoires de migrants dans la r\u00e9gion ne sont pas isol\u00e9es. En effet, de nombreuses familles subissent des situations similaires, face \u00e0 des <strong>structures d&rsquo;accueil<\/strong> qui ne parviennent pas \u00e0 r\u00e9pondre \u00e0 la demande croissante. La situation actuelle des Tsetskhladze illustre douloureusement la r\u00e9alit\u00e9 de nombreux migrants.<\/p>\n\n<h2 class=\"wp-block-heading\">Une initiative solidaire au sein de l&rsquo;\u00e9cole L\u00e9onard de Vinci<\/h2>\n\n<p>La solidarit\u00e9 entre les membres du personnel de l&rsquo;<strong>\u00e9cole L\u00e9onard de Vinci<\/strong> et le collectif Elsau Solidaire a permis d&rsquo;ouvrir les portes de l&rsquo;\u00e9cole pour accueillir la famille Tsetskhladze. Cette initiative a \u00e9t\u00e9 mise en place pour attirer l&rsquo;attention sur l&rsquo;absence de solutions d&rsquo;h\u00e9bergement ad\u00e9quates pour les familles de migrants. Install\u00e9e dans une salle de classe, la famille b\u00e9n\u00e9ficie de matelas gonflables et de couvertures.<\/p>\n\n<p>Le processus de mise en place de cette aide n\u2019a pas \u00e9t\u00e9 simple. Les enseignants, comme Anabelle Rodrigues, ont d\u00fb faire face \u00e0 des r\u00e9ticences et cumuler leurs responsabilit\u00e9s professionnelles avec des actions humanitaires. Lors d&rsquo;une manifestation, les membres du collectif ont exprim\u00e9 leur d\u00e9sespoir face \u00e0 l&rsquo;inaction des pouvoirs publics pour r\u00e9pondre \u00e0 ces situations d&rsquo;urgence. La situation de la famille Tsetskhladze d\u00e9montre ainsi les enjeux catastrophiques li\u00e9s \u00e0 l&rsquo;absence de r\u00e9elles politiques d&rsquo;<strong>accueil<\/strong> et d&rsquo;<strong>int\u00e9gration<\/strong>.<\/p>\n\n<ul class=\"wp-block-list\"><li>\ud83d\udeaa Ouverture temporaire de l&rsquo;\u00e9cole pour les migrants<\/li><li>\ud83d\udcbc Mobilisation des enseignants et parents<\/li><li>\u2696\ufe0f Appels \u00e0 l&rsquo;\u00c9tat pour des solutions durables<\/li><\/ul>\n\n<p>Les enseignants \u00e0 l&rsquo;\u00e9cole L\u00e9onard de Vinci souhaitent que cette initiative serve de mod\u00e8le pour d&rsquo;autres \u00e9tablissements. Ils plaident pour la reconnaissance des droits fondamentaux des enfants, pour assurer un <strong>acc\u00e8s \u00e0 l&rsquo;\u00e9ducation<\/strong> et \u00e0 un h\u00e9bergement d\u00e9cent.<\/p>\n\n<h2 class=\"wp-block-heading\">Les impacts sur la vie scolaire et sociale des enfants<\/h2>\n\n<p>Les enfants de la famille Tsetskhladze, comme Luka, 15 ans et champion de France de lutte, illustrent bien les impacts de cette situation pr\u00e9caire. Malgr\u00e9 leur d\u00e9sir d&rsquo;apprendre et de s&rsquo;int\u00e9grer, chaque matin, ils se retrouvent dans une routine difficile. Leurs journ\u00e9es commencent plus t\u00f4t que celles de leurs camarades et se terminent tard, entre l&rsquo;\u00e9cole, leurs entra\u00eenements de lutte et l\u2019effort de faire leurs devoirs.<\/p>\n\n<p>Selon Luka, <strong>l&rsquo;enfermement dans des conditions pr\u00e9caires<\/strong> complique la r\u00e9ussite scolaire. Des \u00e9tudes montrent que les enfants issus de milieux instables rencontrent souvent des difficult\u00e9s d\u2019apprentissage. Le stress d&rsquo;un h\u00e9bergement pr\u00e9caire et l&rsquo;inqui\u00e9tude quant \u00e0 l&rsquo;avenir peuvent alt\u00e9rer leur concentration \u00e0 l&rsquo;\u00e9cole. Pourtant, il est essentiel de leur fournir un cadre favorisant l\u2019\u00e9panouissement et la dynamique scolaire.<\/p>\n\n<figure class=\"wp-block-table\"><table>\n<thead>\n<tr>\n<th>Activit\u00e9s Quotidiennes<\/th>\n<th>D\u00e9fis Scolaires<\/th>\n<th>Supports Disponibles<\/th>\n<\/tr>\n<\/thead>\n<tbody>\n<tr>\n<td>Pr\u00e9paration scolaire t\u00f4t le matin<\/td>\n<td>Difficult\u00e9s de concentration<\/td>\n<td>Entra\u00eenements de lutte<\/td>\n<\/tr>\n<tr>\n<td>Entra\u00eenement en soir\u00e9e<\/td>\n<td>Fatigue et stress<\/td>\n<td>Encadrement scolaire limit\u00e9<\/td>\n<\/tr>\n<\/tbody>\n<\/table><\/figure>\n\n<p>Avoir acc\u00e8s \u00e0 un soutien, tant sur le plan \u00e9ducatif que psychologique, est vital pour ces enfants. En mettant l&rsquo;accent sur l\u2019engagement communautaire, l\u2019\u00e9cole L\u00e9onard de Vinci esp\u00e8re inverser ces tendances. Une vraie <strong>mobilisation<\/strong> peut offrir aux enfants la chance de r\u00e9ussir, peu importe leur origine.<\/p>\n\n<h2 class=\"wp-block-heading\">L&rsquo;importance de l&rsquo;accueil et de l&rsquo;int\u00e9gration<\/h2>\n\n<p>La situation des migrants g\u00e9orgiens est un microcosme des enjeux d&rsquo;accueillir des r\u00e9fugi\u00e9s aujourd&rsquo;hui. Malheureusement, leur statut pr\u00e9caire est souvent laiss\u00e9 pour compte. La famille Tsetskhladze est sous <strong>OQTF<\/strong> (obligation de quitter le territoire fran\u00e7ais), ce qui accro\u00eet leur vuln\u00e9rabilit\u00e9. La reconnaissance de leur statut est primordiale pour leur permettre d\u2019acc\u00e9der \u00e0 des solutions d\u2019h\u00e9bergement p\u00e9rennes.<\/p>\n\n<p>Les initiatives comme celle de l&rsquo;\u00e9cole L\u00e9onard de Vinci permettent de renforcer l&rsquo;importance de l&rsquo;<strong>int\u00e9gration<\/strong>. Les collectivit\u00e9s locales, les \u00e9coles et les citoyens doivent s&rsquo;unir pour trouver des solutions viables. Car il ne s&rsquo;agit pas seulement d&rsquo;h\u00e9berger ces familles, mais aussi de les inclure dans le tissu social. Des \u00e9v\u00e9nements culturels et des activit\u00e9s interg\u00e9n\u00e9rationnelles peuvent faciliter la cr\u00e9ation de liens durables.<\/p>\n\n<ul class=\"wp-block-list\"><li>\ud83d\udee0\ufe0f Mise en place d&rsquo;ateliers d&rsquo;int\u00e9gration<\/li><li>\ud83d\udcc5 Organisation d&rsquo;\u00e9v\u00e9nements culturels<\/li><li>\ud83e\udd1d Renforcement des r\u00e9seaux communautaires<\/li><\/ul>\n\n<p>\u00c0 travers l&rsquo;\u00e9ducation, l&rsquo;entraide et la reconnaissance de l&rsquo;humanit\u00e9 des migrants, il est possible d&rsquo;am\u00e9liorer le quotidien d&rsquo;une communaut\u00e9 souvent stigmatis\u00e9e. Ensemble, il est essentiel de lutter pour des droits \u00e9gaux et une vie d\u00e9cente, car chaque individu m\u00e9rite de vivre dignement.<\/p>\n\n<h2 class=\"wp-block-heading\">Un regard vers l&rsquo;avenir : d\u00e9fis et espoirs<\/h2>\n\n<p>\u00c0 l&rsquo;heure o\u00f9 tant de gens se mobilisent pour soutenir le foyer des Tsetskhladze, une question demeure : que se passera-t-il ensuite ? Les enseignants de l&rsquo;\u00e9cole, en collaboration avec des associations, souhaitent que ce cas serve de levier pour obtenir des engagements clairs des pouvoirs publics pour un accueil digne et respectueux des familles migrantes. Le chemin vers une int\u00e9gration r\u00e9ussie est pav\u00e9 d&#8217;emb\u00fbches, mais il est vital de continuer \u00e0 incarner l&rsquo;espoir.<\/p>\n\n<p>Les efforts de solidarit\u00e9 font face \u00e0 des d\u00e9fis consid\u00e9rables, notamment :<\/p>\n\n<ol class=\"wp-block-list\"><li>\u2696\ufe0f Inefficacit\u00e9 des politiques publiques sur l&rsquo;accueil des migrants<\/li><li>\ud83d\udeaa Manque de structures d&rsquo;h\u00e9bergement adapt\u00e9es<\/li><li>\ud83e\udd14 Stigmatisation sociale persistante envers les familles migrantes<\/li><\/ol>\n\n<p>Face \u00e0 ces obstacles, il est crucial de continuer \u00e0 travailler ensemble. Chaque participation \u00e0 la vie de la communaut\u00e9, que ce soit par le biais de dons, d&rsquo;initiatives locales ou de soutien moral, compte. L&rsquo;\u00e9cole L\u00e9onard de Vinci montre l&rsquo;exemple d&rsquo;un mod\u00e8le d&rsquo;<strong>int\u00e9gration<\/strong> qui pourrait inspirer d&rsquo;autres \u00e9coles et collectivit\u00e9s.<\/p>\n\n<figure class=\"wp-block-table\"><table>\n<thead>\n<tr>\n<th>D\u00e9fis<\/th>\n<th>Solutions Propos\u00e9es<\/th>\n<th>Impact Esp\u00e9r\u00e9<\/th>\n<\/tr>\n<\/thead>\n<tbody>\n<tr>\n<td>Inefficacit\u00e9 des politiques publiques<\/td>\n<td>Mobilisation citoyenne<\/td>\n<td>Renforcement des droits des migrants<\/td>\n<\/tr>\n<tr>\n<td>Manque de structures d&rsquo;h\u00e9bergement<\/td>\n<td>Sensibilisation et plaidoyer<\/td>\n<td>Acc\u00e8s \u00e0 des h\u00e9bergements adapt\u00e9s<\/td>\n<\/tr>\n<\/tbody>\n<\/table><\/figure>\n\n<p>Les d\u00e9fis sont immenses, mais chaque petit pas vers l&rsquo;<strong>accueil<\/strong>, la reconnaissance et l&rsquo;<strong>int\u00e9gration<\/strong> des migrants g\u00e9orgiens est une victoire. En continuant ce combat, une lueur d\u2019espoir \u00e9merge pour tous ceux qui esp\u00e8rent une vie meilleure, loin des troubles de leur pass\u00e9.<\/p>\n\n<h2 class=\"wp-block-heading\">FAQ<\/h2>\n\n<ul class=\"wp-block-list\"><li><strong>Qui sont les Tsetskhladze ?<\/strong> Une famille g\u00e9orgienne de six personnes, qui a quitt\u00e9 son pays en raison de pers\u00e9cutions politiques.<\/li><li><strong>Comment l&rsquo;\u00e9cole L\u00e9onard de Vinci aide-t-elle les migrants ?<\/strong> Elle leur fournit un abri temporaire, ainsi qu&rsquo;un soutien \u00e9ducatif et moral par l&rsquo;interm\u00e9diaire de collectifs solidaires.<\/li><li><strong>Quelles sont les principales difficult\u00e9s rencontr\u00e9es par les migrants \u00e0 Strasbourg ?<\/strong> Acc\u00e8s \u00e0 un h\u00e9bergement d\u00e9cent et \u00e0 des services de soutien en mati\u00e8re d&rsquo;\u00e9ducation et d&rsquo;int\u00e9gration sociale.<\/li><li><strong>Pourquoi le statut de r\u00e9fugi\u00e9 de la famille n&rsquo;est-il pas reconnu ?<\/strong> La famille est actuellement sous OQTF, ce qui rend leur situation plus pr\u00e9caire.<\/li><li><strong>Comment peut-on aider les migrants en difficult\u00e9 ?<\/strong> Par des initiatives collectives, le b\u00e9n\u00e9volat et le soutien aux actions des associations locales.<\/li><\/ul>\n\n","protected":false},"excerpt":{"rendered":"<p>Voici un article captivant sur la situation d&rsquo;une famille g\u00e9orgienne r\u00e9fugi\u00e9e \u00e0 l&rsquo;\u00e9cole L\u00e9onard de Vinci \u00e0 Strasbourg, mettant en lumi\u00e8re des r\u00e9cits d&rsquo;espoir, de solidarit\u00e9 et de d\u00e9fis face \u00e0 une situation complexe. La r\u00e9alit\u00e9 des migrants g\u00e9orgiens \u00e0 Strasbourg \u00c0 Strasbourg, comme dans de nombreuses villes fran\u00e7aises, la situation des migrants reste un &#8230; <a title=\"Un foyer de migrants g\u00e9orgiens trouve refuge \u00e0 l&rsquo;\u00e9cole L\u00e9onard de Vinci \u00e0 Strasbourg\" class=\"read-more\" href=\"https:\/\/www.apres-lecole.fr\/Blog\/migrants-georgiens-strasbourg\/\" aria-label=\"En savoir plus sur Un foyer de migrants g\u00e9orgiens trouve refuge \u00e0 l&rsquo;\u00e9cole L\u00e9onard de Vinci \u00e0 Strasbourg\">Lire plus<\/a><\/p>\n","protected":false},"author":9,"featured_media":0,"comment_status":"open","ping_status":"open","sticky":false,"template":"","format":"standard","meta":{"footnotes":""},"categories":[342],"tags":[851,849,850,853,852],"class_list":["post-1945","post","type-post","status-publish","format-standard","hentry","category-actualites","tag-ecole-leonard-de-vinci","tag-foyer-de-migrants","tag-migrants-georgiens","tag-refugies","tag-strasbourg"],"yoast_head":"<!-- This site is optimized with the Yoast SEO plugin v27.5 - https:\/\/yoast.com\/product\/yoast-seo-wordpress\/ -->\n<title>Des migrants g\u00e9orgiens accueillis \u00e0 l&#039;\u00e9cole L\u00e9onard de Vinci \u00e0 Strasbourg<\/title>\n<meta name=\"description\" content=\"D\u00e9couvrez comment l&#039;\u00e9cole L\u00e9onard de Vinci \u00e0 Strasbourg devient un havre de paix pour les migrants g\u00e9orgiens. Cet article explore les d\u00e9fis, les espoirs et l&#039;accueil chaleureux offert par cette institution, tout en mettant en lumi\u00e8re les histoires touchantes de ces familles en qu\u00eate de s\u00e9curit\u00e9 et d&#039;un nouveau d\u00e9part.\" \/>\n<meta name=\"robots\" content=\"index, follow, max-snippet:-1, max-image-preview:large, max-video-preview:-1\" \/>\n<link rel=\"canonical\" href=\"https:\/\/www.apres-lecole.fr\/Blog\/migrants-georgiens-strasbourg\/\" \/>\n<meta property=\"og:locale\" content=\"fr_FR\" \/>\n<meta property=\"og:type\" content=\"article\" \/>\n<meta property=\"og:title\" content=\"Des migrants g\u00e9orgiens accueillis \u00e0 l&#039;\u00e9cole L\u00e9onard de Vinci \u00e0 Strasbourg\" \/>\n<meta property=\"og:description\" content=\"D\u00e9couvrez comment l&#039;\u00e9cole L\u00e9onard de Vinci \u00e0 Strasbourg devient un havre de paix pour les migrants g\u00e9orgiens. Cet article explore les d\u00e9fis, les espoirs et l&#039;accueil chaleureux offert par cette institution, tout en mettant en lumi\u00e8re les histoires touchantes de ces familles en qu\u00eate de s\u00e9curit\u00e9 et d&#039;un nouveau d\u00e9part.\" \/>\n<meta property=\"og:url\" content=\"https:\/\/www.apres-lecole.fr\/Blog\/migrants-georgiens-strasbourg\/\" \/>\n<meta property=\"article:published_time\" content=\"2025-05-12T21:21:04+00:00\" \/>\n<meta name=\"author\" content=\"Eva Martin\" \/>\n<meta name=\"twitter:card\" content=\"summary_large_image\" \/>\n<meta name=\"twitter:creator\" content=\"@Evaapresecole\" \/>\n<meta name=\"twitter:label1\" content=\"\u00c9crit par\" \/>\n\t<meta name=\"twitter:data1\" content=\"Eva Martin\" \/>\n\t<meta name=\"twitter:label2\" content=\"Dur\u00e9e de lecture estim\u00e9e\" \/>\n\t<meta name=\"twitter:data2\" content=\"7 minutes\" \/>\n<script type=\"application\/ld+json\" class=\"yoast-schema-graph\">{\"@context\":\"https:\\\/\\\/schema.org\",\"@graph\":[{\"@type\":\"Article\",\"@id\":\"https:\\\/\\\/www.apres-lecole.fr\\\/Blog\\\/migrants-georgiens-strasbourg\\\/#article\",\"isPartOf\":{\"@id\":\"https:\\\/\\\/www.apres-lecole.fr\\\/Blog\\\/migrants-georgiens-strasbourg\\\/\"},\"author\":{\"name\":\"Eva Martin\",\"@id\":\"https:\\\/\\\/www.apres-lecole.fr\\\/Blog\\\/#\\\/schema\\\/person\\\/aeb50cd4b51fc69da155804bb5bb9fc4\"},\"headline\":\"Un foyer de migrants g\u00e9orgiens trouve refuge \u00e0 l&rsquo;\u00e9cole L\u00e9onard de Vinci \u00e0 Strasbourg\",\"datePublished\":\"2025-05-12T21:21:04+00:00\",\"mainEntityOfPage\":{\"@id\":\"https:\\\/\\\/www.apres-lecole.fr\\\/Blog\\\/migrants-georgiens-strasbourg\\\/\"},\"wordCount\":1448,\"commentCount\":0,\"keywords\":[\"\u00e9cole l\u00e9onard de vinci\",\"foyer de migrants\",\"migrants g\u00e9orgiens\",\"r\u00e9fugi\u00e9s\",\"strasbourg\"],\"articleSection\":[\"Actualit\u00e9s\"],\"inLanguage\":\"fr-FR\",\"potentialAction\":[{\"@type\":\"CommentAction\",\"name\":\"Comment\",\"target\":[\"https:\\\/\\\/www.apres-lecole.fr\\\/Blog\\\/migrants-georgiens-strasbourg\\\/#respond\"]}]},{\"@type\":\"WebPage\",\"@id\":\"https:\\\/\\\/www.apres-lecole.fr\\\/Blog\\\/migrants-georgiens-strasbourg\\\/\",\"url\":\"https:\\\/\\\/www.apres-lecole.fr\\\/Blog\\\/migrants-georgiens-strasbourg\\\/\",\"name\":\"Des migrants g\u00e9orgiens accueillis \u00e0 l'\u00e9cole L\u00e9onard de Vinci \u00e0 Strasbourg\",\"isPartOf\":{\"@id\":\"https:\\\/\\\/www.apres-lecole.fr\\\/Blog\\\/#website\"},\"datePublished\":\"2025-05-12T21:21:04+00:00\",\"author\":{\"@id\":\"https:\\\/\\\/www.apres-lecole.fr\\\/Blog\\\/#\\\/schema\\\/person\\\/aeb50cd4b51fc69da155804bb5bb9fc4\"},\"description\":\"D\u00e9couvrez comment l'\u00e9cole L\u00e9onard de Vinci \u00e0 Strasbourg devient un havre de paix pour les migrants g\u00e9orgiens. Cet article explore les d\u00e9fis, les espoirs et l'accueil chaleureux offert par cette institution, tout en mettant en lumi\u00e8re les histoires touchantes de ces familles en qu\u00eate de s\u00e9curit\u00e9 et d'un nouveau d\u00e9part.\",\"breadcrumb\":{\"@id\":\"https:\\\/\\\/www.apres-lecole.fr\\\/Blog\\\/migrants-georgiens-strasbourg\\\/#breadcrumb\"},\"inLanguage\":\"fr-FR\",\"potentialAction\":[{\"@type\":\"ReadAction\",\"target\":[\"https:\\\/\\\/www.apres-lecole.fr\\\/Blog\\\/migrants-georgiens-strasbourg\\\/\"]}]},{\"@type\":\"BreadcrumbList\",\"@id\":\"https:\\\/\\\/www.apres-lecole.fr\\\/Blog\\\/migrants-georgiens-strasbourg\\\/#breadcrumb\",\"itemListElement\":[{\"@type\":\"ListItem\",\"position\":1,\"name\":\"Home\",\"item\":\"https:\\\/\\\/www.apres-lecole.fr\\\/Blog\\\/\"},{\"@type\":\"ListItem\",\"position\":2,\"name\":\"Un foyer de migrants g\u00e9orgiens trouve refuge \u00e0 l&rsquo;\u00e9cole L\u00e9onard de Vinci \u00e0 Strasbourg\"}]},{\"@type\":\"WebSite\",\"@id\":\"https:\\\/\\\/www.apres-lecole.fr\\\/Blog\\\/#website\",\"url\":\"https:\\\/\\\/www.apres-lecole.fr\\\/Blog\\\/\",\"name\":\"\",\"description\":\"M\u00e9dia g\u00e9n\u00e9raliste\",\"potentialAction\":[{\"@type\":\"SearchAction\",\"target\":{\"@type\":\"EntryPoint\",\"urlTemplate\":\"https:\\\/\\\/www.apres-lecole.fr\\\/Blog\\\/?s={search_term_string}\"},\"query-input\":{\"@type\":\"PropertyValueSpecification\",\"valueRequired\":true,\"valueName\":\"search_term_string\"}}],\"inLanguage\":\"fr-FR\"},{\"@type\":\"Person\",\"@id\":\"https:\\\/\\\/www.apres-lecole.fr\\\/Blog\\\/#\\\/schema\\\/person\\\/aeb50cd4b51fc69da155804bb5bb9fc4\",\"name\":\"Eva Martin\",\"image\":{\"@type\":\"ImageObject\",\"inLanguage\":\"fr-FR\",\"@id\":\"https:\\\/\\\/secure.gravatar.com\\\/avatar\\\/55c53222558b27a72015a64073a80edce4abd33369394b9bf2c5cd6c19d12682?s=96&d=mm&r=g\",\"url\":\"https:\\\/\\\/secure.gravatar.com\\\/avatar\\\/55c53222558b27a72015a64073a80edce4abd33369394b9bf2c5cd6c19d12682?s=96&d=mm&r=g\",\"contentUrl\":\"https:\\\/\\\/secure.gravatar.com\\\/avatar\\\/55c53222558b27a72015a64073a80edce4abd33369394b9bf2c5cd6c19d12682?s=96&d=mm&r=g\",\"caption\":\"Eva Martin\"},\"description\":\"Je parle de business et d'entrepreneuriat avec des conseils clairs, concrets et actionnables pour r\u00e9ussir\",\"sameAs\":[\"https:\\\/\\\/x.com\\\/Evaapresecole\"],\"url\":\"https:\\\/\\\/www.apres-lecole.fr\\\/Blog\\\/author\\\/evamartin\\\/\"}]}<\/script>\n<!-- \/ Yoast SEO plugin. -->","yoast_head_json":{"title":"Des migrants g\u00e9orgiens accueillis \u00e0 l'\u00e9cole L\u00e9onard de Vinci \u00e0 Strasbourg","description":"D\u00e9couvrez comment l'\u00e9cole L\u00e9onard de Vinci \u00e0 Strasbourg devient un havre de paix pour les migrants g\u00e9orgiens. Cet article explore les d\u00e9fis, les espoirs et l'accueil chaleureux offert par cette institution, tout en mettant en lumi\u00e8re les histoires touchantes de ces familles en qu\u00eate de s\u00e9curit\u00e9 et d'un nouveau d\u00e9part.","robots":{"index":"index","follow":"follow","max-snippet":"max-snippet:-1","max-image-preview":"max-image-preview:large","max-video-preview":"max-video-preview:-1"},"canonical":"https:\/\/www.apres-lecole.fr\/Blog\/migrants-georgiens-strasbourg\/","og_locale":"fr_FR","og_type":"article","og_title":"Des migrants g\u00e9orgiens accueillis \u00e0 l'\u00e9cole L\u00e9onard de Vinci \u00e0 Strasbourg","og_description":"D\u00e9couvrez comment l'\u00e9cole L\u00e9onard de Vinci \u00e0 Strasbourg devient un havre de paix pour les migrants g\u00e9orgiens. Cet article explore les d\u00e9fis, les espoirs et l'accueil chaleureux offert par cette institution, tout en mettant en lumi\u00e8re les histoires touchantes de ces familles en qu\u00eate de s\u00e9curit\u00e9 et d'un nouveau d\u00e9part.","og_url":"https:\/\/www.apres-lecole.fr\/Blog\/migrants-georgiens-strasbourg\/","article_published_time":"2025-05-12T21:21:04+00:00","author":"Eva Martin","twitter_card":"summary_large_image","twitter_creator":"@Evaapresecole","twitter_misc":{"\u00c9crit par":"Eva Martin","Dur\u00e9e de lecture estim\u00e9e":"7 minutes"},"schema":{"@context":"https:\/\/schema.org","@graph":[{"@type":"Article","@id":"https:\/\/www.apres-lecole.fr\/Blog\/migrants-georgiens-strasbourg\/#article","isPartOf":{"@id":"https:\/\/www.apres-lecole.fr\/Blog\/migrants-georgiens-strasbourg\/"},"author":{"name":"Eva Martin","@id":"https:\/\/www.apres-lecole.fr\/Blog\/#\/schema\/person\/aeb50cd4b51fc69da155804bb5bb9fc4"},"headline":"Un foyer de migrants g\u00e9orgiens trouve refuge \u00e0 l&rsquo;\u00e9cole L\u00e9onard de Vinci \u00e0 Strasbourg","datePublished":"2025-05-12T21:21:04+00:00","mainEntityOfPage":{"@id":"https:\/\/www.apres-lecole.fr\/Blog\/migrants-georgiens-strasbourg\/"},"wordCount":1448,"commentCount":0,"keywords":["\u00e9cole l\u00e9onard de vinci","foyer de migrants","migrants g\u00e9orgiens","r\u00e9fugi\u00e9s","strasbourg"],"articleSection":["Actualit\u00e9s"],"inLanguage":"fr-FR","potentialAction":[{"@type":"CommentAction","name":"Comment","target":["https:\/\/www.apres-lecole.fr\/Blog\/migrants-georgiens-strasbourg\/#respond"]}]},{"@type":"WebPage","@id":"https:\/\/www.apres-lecole.fr\/Blog\/migrants-georgiens-strasbourg\/","url":"https:\/\/www.apres-lecole.fr\/Blog\/migrants-georgiens-strasbourg\/","name":"Des migrants g\u00e9orgiens accueillis \u00e0 l'\u00e9cole L\u00e9onard de Vinci \u00e0 Strasbourg","isPartOf":{"@id":"https:\/\/www.apres-lecole.fr\/Blog\/#website"},"datePublished":"2025-05-12T21:21:04+00:00","author":{"@id":"https:\/\/www.apres-lecole.fr\/Blog\/#\/schema\/person\/aeb50cd4b51fc69da155804bb5bb9fc4"},"description":"D\u00e9couvrez comment l'\u00e9cole L\u00e9onard de Vinci \u00e0 Strasbourg devient un havre de paix pour les migrants g\u00e9orgiens. Cet article explore les d\u00e9fis, les espoirs et l'accueil chaleureux offert par cette institution, tout en mettant en lumi\u00e8re les histoires touchantes de ces familles en qu\u00eate de s\u00e9curit\u00e9 et d'un nouveau d\u00e9part.","breadcrumb":{"@id":"https:\/\/www.apres-lecole.fr\/Blog\/migrants-georgiens-strasbourg\/#breadcrumb"},"inLanguage":"fr-FR","potentialAction":[{"@type":"ReadAction","target":["https:\/\/www.apres-lecole.fr\/Blog\/migrants-georgiens-strasbourg\/"]}]},{"@type":"BreadcrumbList","@id":"https:\/\/www.apres-lecole.fr\/Blog\/migrants-georgiens-strasbourg\/#breadcrumb","itemListElement":[{"@type":"ListItem","position":1,"name":"Home","item":"https:\/\/www.apres-lecole.fr\/Blog\/"},{"@type":"ListItem","position":2,"name":"Un foyer de migrants g\u00e9orgiens trouve refuge \u00e0 l&rsquo;\u00e9cole L\u00e9onard de Vinci \u00e0 Strasbourg"}]},{"@type":"WebSite","@id":"https:\/\/www.apres-lecole.fr\/Blog\/#website","url":"https:\/\/www.apres-lecole.fr\/Blog\/","name":"","description":"M\u00e9dia g\u00e9n\u00e9raliste","potentialAction":[{"@type":"SearchAction","target":{"@type":"EntryPoint","urlTemplate":"https:\/\/www.apres-lecole.fr\/Blog\/?s={search_term_string}"},"query-input":{"@type":"PropertyValueSpecification","valueRequired":true,"valueName":"search_term_string"}}],"inLanguage":"fr-FR"},{"@type":"Person","@id":"https:\/\/www.apres-lecole.fr\/Blog\/#\/schema\/person\/aeb50cd4b51fc69da155804bb5bb9fc4","name":"Eva Martin","image":{"@type":"ImageObject","inLanguage":"fr-FR","@id":"https:\/\/secure.gravatar.com\/avatar\/55c53222558b27a72015a64073a80edce4abd33369394b9bf2c5cd6c19d12682?s=96&d=mm&r=g","url":"https:\/\/secure.gravatar.com\/avatar\/55c53222558b27a72015a64073a80edce4abd33369394b9bf2c5cd6c19d12682?s=96&d=mm&r=g","contentUrl":"https:\/\/secure.gravatar.com\/avatar\/55c53222558b27a72015a64073a80edce4abd33369394b9bf2c5cd6c19d12682?s=96&d=mm&r=g","caption":"Eva Martin"},"description":"Je parle de business et d'entrepreneuriat avec des conseils clairs, concrets et actionnables pour r\u00e9ussir","sameAs":["https:\/\/x.com\/Evaapresecole"],"url":"https:\/\/www.apres-lecole.fr\/Blog\/author\/evamartin\/"}]}},"views":9,"_links":{"self":[{"href":"https:\/\/www.apres-lecole.fr\/Blog\/wp-json\/wp\/v2\/posts\/1945","targetHints":{"allow":["GET"]}}],"collection":[{"href":"https:\/\/www.apres-lecole.fr\/Blog\/wp-json\/wp\/v2\/posts"}],"about":[{"href":"https:\/\/www.apres-lecole.fr\/Blog\/wp-json\/wp\/v2\/types\/post"}],"author":[{"embeddable":true,"href":"https:\/\/www.apres-lecole.fr\/Blog\/wp-json\/wp\/v2\/users\/9"}],"replies":[{"embeddable":true,"href":"https:\/\/www.apres-lecole.fr\/Blog\/wp-json\/wp\/v2\/comments?post=1945"}],"version-history":[{"count":0,"href":"https:\/\/www.apres-lecole.fr\/Blog\/wp-json\/wp\/v2\/posts\/1945\/revisions"}],"wp:attachment":[{"href":"https:\/\/www.apres-lecole.fr\/Blog\/wp-json\/wp\/v2\/media?parent=1945"}],"wp:term":[{"taxonomy":"category","embeddable":true,"href":"https:\/\/www.apres-lecole.fr\/Blog\/wp-json\/wp\/v2\/categories?post=1945"},{"taxonomy":"post_tag","embeddable":true,"href":"https:\/\/www.apres-lecole.fr\/Blog\/wp-json\/wp\/v2\/tags?post=1945"}],"curies":[{"name":"wp","href":"https:\/\/api.w.org\/{rel}","templated":true}]}}