{"id":1944,"date":"2025-05-12T07:25:15","date_gmt":"2025-05-12T07:25:15","guid":{"rendered":"https:\/\/www.apres-lecole.fr\/Blog\/directrice-em-normandie-excellence\/"},"modified":"2025-05-12T07:25:15","modified_gmt":"2025-05-12T07:25:15","slug":"directrice-em-normandie-excellence","status":"publish","type":"post","link":"https:\/\/www.apres-lecole.fr\/Blog\/directrice-em-normandie-excellence\/","title":{"rendered":"La nouvelle directrice de l&rsquo;EM Normandie d\u00e9voile ses ambitions pour faire de l&rsquo;\u00e9cole un mod\u00e8le d&rsquo;excellence"},"content":{"rendered":"\n\n<div class=\"kk-star-ratings kksr-auto kksr-align-left kksr-valign-top\"\n    data-payload='{&quot;align&quot;:&quot;left&quot;,&quot;id&quot;:&quot;1944&quot;,&quot;slug&quot;:&quot;default&quot;,&quot;valign&quot;:&quot;top&quot;,&quot;ignore&quot;:&quot;&quot;,&quot;reference&quot;:&quot;auto&quot;,&quot;class&quot;:&quot;&quot;,&quot;count&quot;:&quot;0&quot;,&quot;legendonly&quot;:&quot;&quot;,&quot;readonly&quot;:&quot;&quot;,&quot;score&quot;:&quot;0&quot;,&quot;starsonly&quot;:&quot;&quot;,&quot;best&quot;:&quot;5&quot;,&quot;gap&quot;:&quot;5&quot;,&quot;greet&quot;:&quot;Rate this post&quot;,&quot;legend&quot;:&quot;0\\\/5 - (0 vote)&quot;,&quot;size&quot;:&quot;24&quot;,&quot;title&quot;:&quot;La nouvelle directrice de l\\u0026#039;EM Normandie d\u00e9voile ses ambitions pour faire de l\\u0026#039;\u00e9cole un mod\u00e8le d\\u0026#039;excellence&quot;,&quot;width&quot;:&quot;0&quot;,&quot;_legend&quot;:&quot;{score}\\\/{best} - ({count} {votes})&quot;,&quot;font_factor&quot;:&quot;1.25&quot;}'>\n            \n<div class=\"kksr-stars\">\n    \n<div class=\"kksr-stars-inactive\">\n            <div class=\"kksr-star\" data-star=\"1\" style=\"padding-right: 5px\">\n            \n\n<div class=\"kksr-icon\" style=\"width: 24px; height: 24px;\"><\/div>\n        <\/div>\n            <div class=\"kksr-star\" data-star=\"2\" style=\"padding-right: 5px\">\n            \n\n<div class=\"kksr-icon\" style=\"width: 24px; height: 24px;\"><\/div>\n        <\/div>\n            <div class=\"kksr-star\" data-star=\"3\" style=\"padding-right: 5px\">\n            \n\n<div class=\"kksr-icon\" style=\"width: 24px; height: 24px;\"><\/div>\n        <\/div>\n            <div class=\"kksr-star\" data-star=\"4\" style=\"padding-right: 5px\">\n            \n\n<div class=\"kksr-icon\" style=\"width: 24px; height: 24px;\"><\/div>\n        <\/div>\n            <div class=\"kksr-star\" data-star=\"5\" style=\"padding-right: 5px\">\n            \n\n<div class=\"kksr-icon\" style=\"width: 24px; height: 24px;\"><\/div>\n        <\/div>\n    <\/div>\n    \n<div class=\"kksr-stars-active\" style=\"width: 0px;\">\n            <div class=\"kksr-star\" style=\"padding-right: 5px\">\n            \n\n<div class=\"kksr-icon\" style=\"width: 24px; height: 24px;\"><\/div>\n        <\/div>\n            <div class=\"kksr-star\" style=\"padding-right: 5px\">\n            \n\n<div class=\"kksr-icon\" style=\"width: 24px; height: 24px;\"><\/div>\n        <\/div>\n            <div class=\"kksr-star\" style=\"padding-right: 5px\">\n            \n\n<div class=\"kksr-icon\" style=\"width: 24px; height: 24px;\"><\/div>\n        <\/div>\n            <div class=\"kksr-star\" style=\"padding-right: 5px\">\n            \n\n<div class=\"kksr-icon\" style=\"width: 24px; height: 24px;\"><\/div>\n        <\/div>\n            <div class=\"kksr-star\" style=\"padding-right: 5px\">\n            \n\n<div class=\"kksr-icon\" style=\"width: 24px; height: 24px;\"><\/div>\n        <\/div>\n    <\/div>\n<\/div>\n                \n\n<div class=\"kksr-legend\" style=\"font-size: 19.2px;\">\n            <span class=\"kksr-muted\">Rate this post<\/span>\n    <\/div>\n    <\/div>\n<p>Un vent de renouveau souffle sur l&rsquo;EM Normandie, l&rsquo;une des business schools les plus prometteuses de France. Depuis la nomination d&rsquo;Anne-Sophie Courtier comme directrice g\u00e9n\u00e9rale, l&rsquo;\u00e9cole aspire \u00e0 atteindre de nouveaux sommets. Ses ambitions ? Transformer l&rsquo;EM Normandie en un v\u00e9ritable mod\u00e8le d&rsquo;excellence d&rsquo;ici 2030, tout en se basant sur des valeurs essentielles comme <strong>l&rsquo;innovation<\/strong>, le <strong>leadership<\/strong>, et la <strong>responsabilit\u00e9<\/strong>. Pr\u00e9pare-toi \u00e0 d\u00e9couvrir les id\u00e9es audacieuses qui animent cette nouvelle direction et les enjeux que l&rsquo;\u00e9cole devra relever pour s&rsquo;imposer sur la sc\u00e8ne internationale.<\/p>\n\n<h2 class=\"wp-block-heading\">Un parcours inspirant au service de l&rsquo;excellence<\/h2>\n\n<p>Anne-Sophie Courtier n&rsquo;est pas une inconnue dans le monde de l&rsquo;\u00e9ducation. Son parcours est jalonn\u00e9 d&rsquo;exp\u00e9riences notables qui l&rsquo;ont pr\u00e9par\u00e9e \u00e0 ce d\u00e9fi. Apr\u00e8s des \u00e9tudes \u00e0 HEC, elle a commenc\u00e9 sa carri\u00e8re dans le secteur priv\u00e9, o\u00f9 elle a occup\u00e9 divers postes strat\u00e9giques. Cette exp\u00e9rience lui a permis d&rsquo;acqu\u00e9rir une vision claire des exigences du monde professionnel et des attentes des futurs managers. Reconnaissant l&rsquo;importance de la formation dans le parcours des jeunes, elle a par la suite fait le saut vers l&rsquo;\u00e9ducation, devenant directrice des programmes au sein de l&rsquo;EM Normandie avant de prendre la t\u00eate de l&rsquo;\u00e9tablissement.<strong> Son expertise en mati\u00e8re de <a href=\"https:\/\/www.em-normandie.com\/grande-ecole-de-management\/communiques-de-presse\">formation<\/a> est un atout ind\u00e9niable.<\/strong><\/p>\n\n<p>Cette transition vers la direction g\u00e9n\u00e9rale est \u00e9galement le reflet d&rsquo;une volont\u00e9 de r\u00e9former les approches \u00e9ducatives. Dans un monde en constante \u00e9volution, o\u00f9 l&rsquo;innovation est la cl\u00e9 de la <strong>r\u00e9ussite<\/strong>, Anne-Sophie Courtier pr\u00f4ne une p\u00e9dagogie adaptative. Par exemple, elle envisage de renforcer l&rsquo;int\u00e9gration des nouvelles technologies dans les cours afin d&rsquo;am\u00e9liorer l&rsquo;exp\u00e9rience d&rsquo;apprentissage des \u00e9tudiants. Cela inclut l&rsquo;utilisation des outils num\u00e9riques pour faciliter l&rsquo;acc\u00e8s aux ressources et favoriser la collaboration entre les \u00e9l\u00e8ves.<\/p>\n\n<h3 class=\"wp-block-heading\">L\u2019EM Normandie : un h\u00e9ritage \u00e0 honorer et \u00e0 transformer<\/h3>\n\n<p>Depuis sa cr\u00e9ation, EM Normandie a toujours \u00e9t\u00e9 synonyme d&rsquo;<strong>excellence<\/strong> dans le paysage acad\u00e9mique fran\u00e7ais. Ses valeurs fondatrices reposent sur l&rsquo;int\u00e9grit\u00e9, le respect et l&rsquo;engagement. Ces principes orientent chaque d\u00e9cision strat\u00e9gique mise en place par la nouvelle directrice.<\/p>\n\n<p>Pour maintenir cette r\u00e9putation, un plan d&rsquo;action ambitieux a \u00e9t\u00e9 esquiss\u00e9. Parmi les axes de travail, on trouve :<\/p>\n\n<ul class=\"wp-block-list\"><li>\u23f3 Le d\u00e9veloppement de programmes sportifs pour encourager le <strong>leadership<\/strong> et le travail d\u2019\u00e9quipe.<\/li><li>\ud83c\udf0d Un partenariat renforc\u00e9 avec des entreprises locales et internationales pour favoriser les stages et l\u2019emploi des dipl\u00f4m\u00e9s.<\/li><li>\ud83d\udcda La mise en place de modules d\u00e9di\u00e9s \u00e0 l&rsquo;innovation et l&rsquo;entrepreneuriat au sein du cursus.<\/li><li>\ud83d\udde3\ufe0f L&rsquo;organisation de conf\u00e9rences et d&rsquo;interventions d&rsquo;experts pour exposer les \u00e9tudiants aux d\u00e9fis actuels du march\u00e9.<\/li><\/ul>\n\n<p>Les ambitions de Courtier s&rsquo;\u00e9tendent bien au-del\u00e0 des murs de l&rsquo;\u00e9cole. Il s&rsquo;agit de dessiner un avenir inspirant non seulement pour les \u00e9tudiants mais aussi pour la communaut\u00e9 environnante. Donner aux \u00e9l\u00e8ves les moyens de devenir de futurs leaders r\u00e9silients et responsables est l&rsquo;une de ses priorit\u00e9s.<\/p>\n\n<figure class=\"wp-block-table\"><table>\n<thead>\n<tr>\n<th>Axe de d\u00e9veloppement<\/th>\n<th>Description<\/th>\n<th>Impact esp\u00e9r\u00e9<\/th>\n<\/tr>\n<\/thead>\n<tbody>\n<tr>\n<td>Programmes sportifs<\/td>\n<td>Encourager le leadership et le travail d\u2019\u00e9quipe par des activit\u00e9s physiques<\/td>\n<td>Renforcement des soft skills<\/td>\n<\/tr>\n<tr>\n<td>Partenariats<\/td>\n<td>Collaboration avec entreprises pour des stages<\/td>\n<td>Meilleure int\u00e9gration professionnelle<\/td>\n<\/tr>\n<tr>\n<td>Innovation et entrepreneuriat<\/td>\n<td>Modules sp\u00e9cifiques pour stimuler l\u2019esprit entrepreneurial<\/td>\n<td>Pr\u00e9paration \u00e0 la cr\u00e9ation d\u2019entreprise<\/td>\n<\/tr>\n<\/tbody>\n<\/table><\/figure>\n\n<h2 class=\"wp-block-heading\">Une strat\u00e9gie audacieuse pour un d\u00e9veloppement durable<\/h2>\n\n<p>La vision d&rsquo;Anne-Sophie Courtier pour l&rsquo;EM Normandie d\u00e9passe le simple cadre acad\u00e9mique. Elle entend aussi faire de l\u2019\u00e9cole un acteur de la durabilit\u00e9 et de la responsabilit\u00e9 sociale. Cela implique la mise en place de pratiques \u00e9coresponsables au sein de l&rsquo;\u00e9tablissement et l&rsquo;int\u00e9gration de ces valeurs dans la formation des \u00e9tudiants.<\/p>\n\n<p><strong>Pour cela, plusieurs initiatives sont en cours :<\/strong><\/p>\n\n<ul class=\"wp-block-list\"><li>\ud83c\udf31 Cr\u00e9ation de programmes verts ax\u00e9s sur le <strong>d\u00e9veloppement<\/strong> durable.<\/li><li>\u267b\ufe0f Mise en \u0153uvre d\u2019un plan de r\u00e9duction des d\u00e9chets sur les campus.<\/li><li>\ud83c\udf26\ufe0f Collaboration avec des ONG pour sensibiliser les \u00e9tudiants aux enjeux \u00e9cologiques.<\/li><li>\ud83d\udcca Int\u00e9gration de l\u2019\u00e9ducation \u00e0 la durabilit\u00e9 dans le cursus acad\u00e9mique.<\/li><\/ul>\n\n<p>Ces initiatives s&rsquo;inscrivent dans une d\u00e9marche plus large visant \u00e0 renforcer la responsabilit\u00e9 des futures g\u00e9n\u00e9rations. En mettant l&rsquo;accent sur le d\u00e9veloppement durable, l\u2019EM Normandie se positionne comme une \u00e9cole tourn\u00e9e vers l&rsquo;avenir, capable d&#8217;emporter avec elle la communaut\u00e9 environnante dans une dynamique positive.<strong> Cette responsabilit\u00e9 sociale n&rsquo;est pas qu&rsquo;un concept, mais un v\u00e9ritable pilier de la formation.<\/strong><\/p>\n\n<figure class=\"wp-block-table\"><table>\n<thead>\n<tr>\n<th>Initiative<\/th>\n<th>Objectif<\/th>\n<th>R\u00e9sultat attendu<\/th>\n<\/tr>\n<\/thead>\n<tbody>\n<tr>\n<td>Programmes verts<\/td>\n<td>\u00c9duquer sur la durabilit\u00e9<\/td>\n<td>\u00c9tudiants conscients et responsables<\/td>\n<\/tr>\n<tr>\n<td>R\u00e9duction des d\u00e9chets<\/td>\n<td>Favoriser une \u00e9cole \u00e9coresponsable<\/td>\n<td>Impact positif sur l\u2019environnement<\/td>\n<\/tr>\n<tr>\n<td>Collaboration avec ONG<\/td>\n<td>Sensibilisation des \u00e9tudiants<\/td>\n<td>Engagement des \u00e9l\u00e8ves dans des projets concrets<\/td>\n<\/tr>\n<\/tbody>\n<\/table><\/figure>\n\n<h2 class=\"wp-block-heading\">Int\u00e9gration de l&rsquo;innovation technologique dans l&rsquo;\u00e9ducation<\/h2>\n\n<p>Dans une \u00e8re o\u00f9 le monde \u00e9volue \u00e0 un rythme effr\u00e9n\u00e9, <strong>l\u2019innovation<\/strong> devient un enjeu majeur pour toute institution \u00e9ducative. Anne-Sophie Courtier le sait bien et a pour ambition d&rsquo;int\u00e9grer les nouvelles technologies dans le cursus de l&rsquo;\u00e9cole. Cela passe par plusieurs actions concr\u00e8tes :<\/p>\n\n<ul class=\"wp-block-list\"><li>\ud83d\udcbb D\u00e9veloppement de modules de formation en ligne pour atteindre les \u00e9tudiants \u00e9loign\u00e9s.<\/li><li>\ud83d\udcf1 Utilisation d&rsquo;outils num\u00e9riques pour faciliter les \u00e9changes entre \u00e9l\u00e8ves et enseignants.<\/li><li>\ud83d\udd0d Mise \u00e0 disposition de ressources d&rsquo;apprentissage en libre acc\u00e8s.<\/li><li>\ud83d\ude80 Promotion de projets innovants par le biais de hackathons et de comp\u00e9titions.<\/li><\/ul>\n\n<p>Cet \u00e9lan vers l&rsquo;innovation s&rsquo;accompagne d&rsquo;une volont\u00e9 de renforcer l&rsquo;<strong>\u00e9ducation<\/strong> \u00e0 l&rsquo;entrepreneuriat. Les \u00e9tudiants seront invit\u00e9s \u00e0 concevoir des projets qui r\u00e9pondent non seulement aux enjeux du march\u00e9, mais aussi \u00e0 des d\u00e9fis soci\u00e9taux. Cela cr\u00e9e ainsi une dynamique de r\u00e9flexion et de cr\u00e9ativit\u00e9 indispensable \u00e0 leur future carri\u00e8re.<\/p>\n\n<figure class=\"wp-block-table\"><table>\n<thead>\n<tr>\n<th>Action<\/th>\n<th>But<\/th>\n<th>Impact escompt\u00e9<\/th>\n<\/tr>\n<\/thead>\n<tbody>\n<tr>\n<td>Modules en ligne<\/td>\n<td>Acc\u00e8s \u00e0 l\u2019\u00e9ducation pour tous<\/td>\n<td>Inclusivit\u00e9 et diversit\u00e9<\/td>\n<\/tr>\n<tr>\n<td>Outils num\u00e9riques<\/td>\n<td>Faciliter la collaboration<\/td>\n<td>Interaction enrichie<\/td>\n<\/tr>\n<tr>\n<td>Hackathons<\/td>\n<td>Stimuler la cr\u00e9ativit\u00e9<\/td>\n<td>\u00c9mergence de projets innovants<\/td>\n<\/tr>\n<\/tbody>\n<\/table><\/figure>\n\n<h2 class=\"wp-block-heading\">Renforcer l&rsquo;internationalisation de l&rsquo;EM Normandie<\/h2>\n\n<p>La vision d&rsquo;Anne-Sophie Courtier ne se limite pas aux fronti\u00e8res fran\u00e7aises. L&rsquo;internationalisation est un axe central de sa strat\u00e9gie. L&rsquo;EM Normandie a d\u00e9j\u00e0 des campus \u00e0 Paris, Caen, Le Havre, mais aussi \u00e0 Dublin, Oxford et Duba\u00ef. L&rsquo;objectif est de renforcer cette pr\u00e9sence \u00e0 l&rsquo;\u00e9tranger tout en favorisant des \u00e9changes d&rsquo;\u00e9tudiants.<\/p>\n\n<p>Les initiatives mises en place incluent :<\/p>\n\n<ul class=\"wp-block-list\"><li>\ud83c\udf10 Amplifier les programmes d&rsquo;\u00e9change avec d&rsquo;autres \u00e9tablissements \u00e0 l&rsquo;international.<\/li><li>\u2708\ufe0f Renforcer les partenariats avec des universit\u00e9s \u00e9trang\u00e8res.<\/li><li>\ud83c\udf0d Cr\u00e9er des sp\u00e9cialisations adapt\u00e9es aux march\u00e9s internationaux.<\/li><\/ul>\n\n<p>Cette pr\u00e9sence \u00e0 l&rsquo;\u00e9tranger est non seulement un gage de diversit\u00e9 culturelle, mais elle permet \u00e9galement d&rsquo;ouvrir aux \u00e9tudiants des perspectives professionnelles in\u00e9gal\u00e9es. En \u00e9tant immerg\u00e9s dans des environnements multiculturels, les \u00e9tudiants d\u00e9veloppent un sens aigu des affaires internationales, une comp\u00e9tence pr\u00e9cieuse dans le monde actuel. L&rsquo;internationalisation de l&rsquo;EM Normandie est un pilier essentiel de sa r\u00e9ussite.<\/p>\n\n<figure class=\"wp-block-table\"><table>\n<thead>\n<tr>\n<th>Axe d&rsquo;internationalisation<\/th>\n<th>Action entreprise<\/th>\n<th>Objectif<\/th>\n<\/tr>\n<\/thead>\n<tbody>\n<tr>\n<td>Echanges internationaux<\/td>\n<td>Mise en place de partenariats<\/td>\n<td>Favoriser la mobilit\u00e9 \u00e9tudiante<\/td>\n<\/tr>\n<tr>\n<td>Partenariats avec universit\u00e9s<\/td>\n<td>Accords de co-dipl\u00f4mation<\/td>\n<td>Reconnaissance de dipl\u00f4mes \u00e0 l\u2019international<\/td>\n<\/tr>\n<tr>\n<td>Sp\u00e9cialisations adapt\u00e9es<\/td>\n<td>Cr\u00e9ation de cursus cibl\u00e9s pour march\u00e9 international<\/td>\n<td>Pr\u00e9parer les \u00e9tudiants aux d\u00e9fis mondiaux<\/td>\n<\/tr>\n<\/tbody>\n<\/table><\/figure>\n\n<h2 class=\"wp-block-heading\">FAQ<\/h2>\n\n<h3 class=\"wp-block-heading\">Quelles sont les principales ambitions d&rsquo;Anne-Sophie Courtier pour l&rsquo;EM Normandie ?<\/h3>\n\n<p>Anne-Sophie Courtier souhaite transformer l&rsquo;EM Normandie en un mod\u00e8le d&rsquo;<strong>excellence<\/strong> \u00e0 l&rsquo;international d&rsquo;ici 2030, en mettant l&rsquo;accent sur l&rsquo;innovation, la durabilit\u00e9 et l&rsquo;int\u00e9gration technologique.<\/p>\n\n<h3 class=\"wp-block-heading\">Comment l&rsquo;EM Normandie int\u00e8gre-t-elle la durabilit\u00e9 dans ses programmes ?<\/h3>\n\n<p>Des programmes verts, des collaborations avec des ONG et une r\u00e9duction des d\u00e9chets sur les campus forment la base de son engagement pour un avenir responsable.<\/p>\n\n<h3 class=\"wp-block-heading\">Quelles initiatives favorisent l&rsquo;internationalisation de l&rsquo;EM Normandie ?<\/h3>\n\n<p>L&rsquo;EM Normandie pr\u00e9voit d&rsquo;\u00e9largir ses partenariats avec des universit\u00e9s \u00e9trang\u00e8res et d&rsquo;intensifier les \u00e9changes d&rsquo;\u00e9tudiants pour renforcer sa pr\u00e9sence internationale.<\/p>\n\n<h3 class=\"wp-block-heading\">Comment l&rsquo;innovation est-elle int\u00e9gr\u00e9e dans le cursus ?<\/h3>\n\n<p>Le d\u00e9veloppement de modules en ligne et l&rsquo;utilisation d&rsquo;outils num\u00e9riques sont quelques-unes des actions mises en place pour int\u00e9grer l&rsquo;innovation dans l&rsquo;\u00e9ducation.<\/p>\n\n<h3 class=\"wp-block-heading\">Quels sont les enjeux de la nouvelle direction de l&rsquo;EM Normandie ?<\/h3>\n\n<p>Les enjeux majeurs incluent la n\u00e9cessit\u00e9 de s&rsquo;am\u00e9liorer continuellement en se basant sur les retours des \u00e9tudiants et en s&rsquo;adaptant aux \u00e9volutions du march\u00e9 de l&rsquo;\u00e9ducation.<\/p>\n\n","protected":false},"excerpt":{"rendered":"<p>Un vent de renouveau souffle sur l&rsquo;EM Normandie, l&rsquo;une des business schools les plus prometteuses de France. Depuis la nomination d&rsquo;Anne-Sophie Courtier comme directrice g\u00e9n\u00e9rale, l&rsquo;\u00e9cole aspire \u00e0 atteindre de nouveaux sommets. Ses ambitions ? Transformer l&rsquo;EM Normandie en un v\u00e9ritable mod\u00e8le d&rsquo;excellence d&rsquo;ici 2030, tout en se basant sur des valeurs essentielles comme l&rsquo;innovation, &#8230; <a title=\"La nouvelle directrice de l&rsquo;EM Normandie d\u00e9voile ses ambitions pour faire de l&rsquo;\u00e9cole un mod\u00e8le d&rsquo;excellence\" class=\"read-more\" href=\"https:\/\/www.apres-lecole.fr\/Blog\/directrice-em-normandie-excellence\/\" aria-label=\"En savoir plus sur La nouvelle directrice de l&rsquo;EM Normandie d\u00e9voile ses ambitions pour faire de l&rsquo;\u00e9cole un mod\u00e8le d&rsquo;excellence\">Lire plus<\/a><\/p>\n","protected":false},"author":9,"featured_media":0,"comment_status":"open","ping_status":"open","sticky":false,"template":"","format":"standard","meta":{"footnotes":""},"categories":[342],"tags":[846,847,844,848,845],"class_list":["post-1944","post","type-post","status-publish","format-standard","hentry","category-actualites","tag-ambitions","tag-ecole-dexcellence","tag-em-normandie","tag-modele-dexcellence","tag-nouvelle-directrice"],"yoast_head":"<!-- This site is optimized with the Yoast SEO plugin v27.5 - https:\/\/yoast.com\/product\/yoast-seo-wordpress\/ -->\n<title>La nouvelle directrice de l&#039;EM Normandie : ambitions pour l&#039;excellence<\/title>\n<meta name=\"description\" content=\"D\u00e9couvrez les ambitions inspirantes de la nouvelle directrice de l&#039;EM Normandie pour transformer l&#039;\u00e9cole en un mod\u00e8le d&#039;excellence. Plongez dans sa vision novatrice qui met l&#039;accent sur l&#039;innovation, la qualit\u00e9 de l&#039;enseignement et l&#039;ouverture internationale, promettant ainsi un avenir radieux pour les \u00e9tudiants et l&#039;institution.\" \/>\n<meta name=\"robots\" content=\"index, follow, max-snippet:-1, max-image-preview:large, max-video-preview:-1\" \/>\n<link rel=\"canonical\" href=\"https:\/\/www.apres-lecole.fr\/Blog\/directrice-em-normandie-excellence\/\" \/>\n<meta property=\"og:locale\" content=\"fr_FR\" \/>\n<meta property=\"og:type\" content=\"article\" \/>\n<meta property=\"og:title\" content=\"La nouvelle directrice de l&#039;EM Normandie : ambitions pour l&#039;excellence\" \/>\n<meta property=\"og:description\" content=\"D\u00e9couvrez les ambitions inspirantes de la nouvelle directrice de l&#039;EM Normandie pour transformer l&#039;\u00e9cole en un mod\u00e8le d&#039;excellence. Plongez dans sa vision novatrice qui met l&#039;accent sur l&#039;innovation, la qualit\u00e9 de l&#039;enseignement et l&#039;ouverture internationale, promettant ainsi un avenir radieux pour les \u00e9tudiants et l&#039;institution.\" \/>\n<meta property=\"og:url\" content=\"https:\/\/www.apres-lecole.fr\/Blog\/directrice-em-normandie-excellence\/\" \/>\n<meta property=\"article:published_time\" content=\"2025-05-12T07:25:15+00:00\" \/>\n<meta name=\"author\" content=\"Eva Martin\" \/>\n<meta name=\"twitter:card\" content=\"summary_large_image\" \/>\n<meta name=\"twitter:creator\" content=\"@Evaapresecole\" \/>\n<meta name=\"twitter:label1\" content=\"\u00c9crit par\" \/>\n\t<meta name=\"twitter:data1\" content=\"Eva Martin\" \/>\n\t<meta name=\"twitter:label2\" content=\"Dur\u00e9e de lecture estim\u00e9e\" \/>\n\t<meta name=\"twitter:data2\" content=\"7 minutes\" \/>\n<script type=\"application\/ld+json\" class=\"yoast-schema-graph\">{\"@context\":\"https:\\\/\\\/schema.org\",\"@graph\":[{\"@type\":\"Article\",\"@id\":\"https:\\\/\\\/www.apres-lecole.fr\\\/Blog\\\/directrice-em-normandie-excellence\\\/#article\",\"isPartOf\":{\"@id\":\"https:\\\/\\\/www.apres-lecole.fr\\\/Blog\\\/directrice-em-normandie-excellence\\\/\"},\"author\":{\"name\":\"Eva Martin\",\"@id\":\"https:\\\/\\\/www.apres-lecole.fr\\\/Blog\\\/#\\\/schema\\\/person\\\/aeb50cd4b51fc69da155804bb5bb9fc4\"},\"headline\":\"La nouvelle directrice de l&rsquo;EM Normandie d\u00e9voile ses ambitions pour faire de l&rsquo;\u00e9cole un mod\u00e8le d&rsquo;excellence\",\"datePublished\":\"2025-05-12T07:25:15+00:00\",\"mainEntityOfPage\":{\"@id\":\"https:\\\/\\\/www.apres-lecole.fr\\\/Blog\\\/directrice-em-normandie-excellence\\\/\"},\"wordCount\":1472,\"commentCount\":0,\"keywords\":[\"ambitions\",\"\u00e9cole d'excellence\",\"em normandie\",\"mod\u00e8le d'excellence\",\"nouvelle directrice\"],\"articleSection\":[\"Actualit\u00e9s\"],\"inLanguage\":\"fr-FR\",\"potentialAction\":[{\"@type\":\"CommentAction\",\"name\":\"Comment\",\"target\":[\"https:\\\/\\\/www.apres-lecole.fr\\\/Blog\\\/directrice-em-normandie-excellence\\\/#respond\"]}]},{\"@type\":\"WebPage\",\"@id\":\"https:\\\/\\\/www.apres-lecole.fr\\\/Blog\\\/directrice-em-normandie-excellence\\\/\",\"url\":\"https:\\\/\\\/www.apres-lecole.fr\\\/Blog\\\/directrice-em-normandie-excellence\\\/\",\"name\":\"La nouvelle directrice de l'EM Normandie : ambitions pour l'excellence\",\"isPartOf\":{\"@id\":\"https:\\\/\\\/www.apres-lecole.fr\\\/Blog\\\/#website\"},\"datePublished\":\"2025-05-12T07:25:15+00:00\",\"author\":{\"@id\":\"https:\\\/\\\/www.apres-lecole.fr\\\/Blog\\\/#\\\/schema\\\/person\\\/aeb50cd4b51fc69da155804bb5bb9fc4\"},\"description\":\"D\u00e9couvrez les ambitions inspirantes de la nouvelle directrice de l'EM Normandie pour transformer l'\u00e9cole en un mod\u00e8le d'excellence. Plongez dans sa vision novatrice qui met l'accent sur l'innovation, la qualit\u00e9 de l'enseignement et l'ouverture internationale, promettant ainsi un avenir radieux pour les \u00e9tudiants et l'institution.\",\"breadcrumb\":{\"@id\":\"https:\\\/\\\/www.apres-lecole.fr\\\/Blog\\\/directrice-em-normandie-excellence\\\/#breadcrumb\"},\"inLanguage\":\"fr-FR\",\"potentialAction\":[{\"@type\":\"ReadAction\",\"target\":[\"https:\\\/\\\/www.apres-lecole.fr\\\/Blog\\\/directrice-em-normandie-excellence\\\/\"]}]},{\"@type\":\"BreadcrumbList\",\"@id\":\"https:\\\/\\\/www.apres-lecole.fr\\\/Blog\\\/directrice-em-normandie-excellence\\\/#breadcrumb\",\"itemListElement\":[{\"@type\":\"ListItem\",\"position\":1,\"name\":\"Home\",\"item\":\"https:\\\/\\\/www.apres-lecole.fr\\\/Blog\\\/\"},{\"@type\":\"ListItem\",\"position\":2,\"name\":\"La nouvelle directrice de l&rsquo;EM Normandie d\u00e9voile ses ambitions pour faire de l&rsquo;\u00e9cole un mod\u00e8le d&rsquo;excellence\"}]},{\"@type\":\"WebSite\",\"@id\":\"https:\\\/\\\/www.apres-lecole.fr\\\/Blog\\\/#website\",\"url\":\"https:\\\/\\\/www.apres-lecole.fr\\\/Blog\\\/\",\"name\":\"\",\"description\":\"M\u00e9dia g\u00e9n\u00e9raliste\",\"potentialAction\":[{\"@type\":\"SearchAction\",\"target\":{\"@type\":\"EntryPoint\",\"urlTemplate\":\"https:\\\/\\\/www.apres-lecole.fr\\\/Blog\\\/?s={search_term_string}\"},\"query-input\":{\"@type\":\"PropertyValueSpecification\",\"valueRequired\":true,\"valueName\":\"search_term_string\"}}],\"inLanguage\":\"fr-FR\"},{\"@type\":\"Person\",\"@id\":\"https:\\\/\\\/www.apres-lecole.fr\\\/Blog\\\/#\\\/schema\\\/person\\\/aeb50cd4b51fc69da155804bb5bb9fc4\",\"name\":\"Eva Martin\",\"image\":{\"@type\":\"ImageObject\",\"inLanguage\":\"fr-FR\",\"@id\":\"https:\\\/\\\/secure.gravatar.com\\\/avatar\\\/55c53222558b27a72015a64073a80edce4abd33369394b9bf2c5cd6c19d12682?s=96&d=mm&r=g\",\"url\":\"https:\\\/\\\/secure.gravatar.com\\\/avatar\\\/55c53222558b27a72015a64073a80edce4abd33369394b9bf2c5cd6c19d12682?s=96&d=mm&r=g\",\"contentUrl\":\"https:\\\/\\\/secure.gravatar.com\\\/avatar\\\/55c53222558b27a72015a64073a80edce4abd33369394b9bf2c5cd6c19d12682?s=96&d=mm&r=g\",\"caption\":\"Eva Martin\"},\"description\":\"Je parle de business et d'entrepreneuriat avec des conseils clairs, concrets et actionnables pour r\u00e9ussir\",\"sameAs\":[\"https:\\\/\\\/x.com\\\/Evaapresecole\"],\"url\":\"https:\\\/\\\/www.apres-lecole.fr\\\/Blog\\\/author\\\/evamartin\\\/\"}]}<\/script>\n<!-- \/ Yoast SEO plugin. -->","yoast_head_json":{"title":"La nouvelle directrice de l'EM Normandie : ambitions pour l'excellence","description":"D\u00e9couvrez les ambitions inspirantes de la nouvelle directrice de l'EM Normandie pour transformer l'\u00e9cole en un mod\u00e8le d'excellence. Plongez dans sa vision novatrice qui met l'accent sur l'innovation, la qualit\u00e9 de l'enseignement et l'ouverture internationale, promettant ainsi un avenir radieux pour les \u00e9tudiants et l'institution.","robots":{"index":"index","follow":"follow","max-snippet":"max-snippet:-1","max-image-preview":"max-image-preview:large","max-video-preview":"max-video-preview:-1"},"canonical":"https:\/\/www.apres-lecole.fr\/Blog\/directrice-em-normandie-excellence\/","og_locale":"fr_FR","og_type":"article","og_title":"La nouvelle directrice de l'EM Normandie : ambitions pour l'excellence","og_description":"D\u00e9couvrez les ambitions inspirantes de la nouvelle directrice de l'EM Normandie pour transformer l'\u00e9cole en un mod\u00e8le d'excellence. Plongez dans sa vision novatrice qui met l'accent sur l'innovation, la qualit\u00e9 de l'enseignement et l'ouverture internationale, promettant ainsi un avenir radieux pour les \u00e9tudiants et l'institution.","og_url":"https:\/\/www.apres-lecole.fr\/Blog\/directrice-em-normandie-excellence\/","article_published_time":"2025-05-12T07:25:15+00:00","author":"Eva Martin","twitter_card":"summary_large_image","twitter_creator":"@Evaapresecole","twitter_misc":{"\u00c9crit par":"Eva Martin","Dur\u00e9e de lecture estim\u00e9e":"7 minutes"},"schema":{"@context":"https:\/\/schema.org","@graph":[{"@type":"Article","@id":"https:\/\/www.apres-lecole.fr\/Blog\/directrice-em-normandie-excellence\/#article","isPartOf":{"@id":"https:\/\/www.apres-lecole.fr\/Blog\/directrice-em-normandie-excellence\/"},"author":{"name":"Eva Martin","@id":"https:\/\/www.apres-lecole.fr\/Blog\/#\/schema\/person\/aeb50cd4b51fc69da155804bb5bb9fc4"},"headline":"La nouvelle directrice de l&rsquo;EM Normandie d\u00e9voile ses ambitions pour faire de l&rsquo;\u00e9cole un mod\u00e8le d&rsquo;excellence","datePublished":"2025-05-12T07:25:15+00:00","mainEntityOfPage":{"@id":"https:\/\/www.apres-lecole.fr\/Blog\/directrice-em-normandie-excellence\/"},"wordCount":1472,"commentCount":0,"keywords":["ambitions","\u00e9cole d'excellence","em normandie","mod\u00e8le d'excellence","nouvelle directrice"],"articleSection":["Actualit\u00e9s"],"inLanguage":"fr-FR","potentialAction":[{"@type":"CommentAction","name":"Comment","target":["https:\/\/www.apres-lecole.fr\/Blog\/directrice-em-normandie-excellence\/#respond"]}]},{"@type":"WebPage","@id":"https:\/\/www.apres-lecole.fr\/Blog\/directrice-em-normandie-excellence\/","url":"https:\/\/www.apres-lecole.fr\/Blog\/directrice-em-normandie-excellence\/","name":"La nouvelle directrice de l'EM Normandie : ambitions pour l'excellence","isPartOf":{"@id":"https:\/\/www.apres-lecole.fr\/Blog\/#website"},"datePublished":"2025-05-12T07:25:15+00:00","author":{"@id":"https:\/\/www.apres-lecole.fr\/Blog\/#\/schema\/person\/aeb50cd4b51fc69da155804bb5bb9fc4"},"description":"D\u00e9couvrez les ambitions inspirantes de la nouvelle directrice de l'EM Normandie pour transformer l'\u00e9cole en un mod\u00e8le d'excellence. Plongez dans sa vision novatrice qui met l'accent sur l'innovation, la qualit\u00e9 de l'enseignement et l'ouverture internationale, promettant ainsi un avenir radieux pour les \u00e9tudiants et l'institution.","breadcrumb":{"@id":"https:\/\/www.apres-lecole.fr\/Blog\/directrice-em-normandie-excellence\/#breadcrumb"},"inLanguage":"fr-FR","potentialAction":[{"@type":"ReadAction","target":["https:\/\/www.apres-lecole.fr\/Blog\/directrice-em-normandie-excellence\/"]}]},{"@type":"BreadcrumbList","@id":"https:\/\/www.apres-lecole.fr\/Blog\/directrice-em-normandie-excellence\/#breadcrumb","itemListElement":[{"@type":"ListItem","position":1,"name":"Home","item":"https:\/\/www.apres-lecole.fr\/Blog\/"},{"@type":"ListItem","position":2,"name":"La nouvelle directrice de l&rsquo;EM Normandie d\u00e9voile ses ambitions pour faire de l&rsquo;\u00e9cole un mod\u00e8le d&rsquo;excellence"}]},{"@type":"WebSite","@id":"https:\/\/www.apres-lecole.fr\/Blog\/#website","url":"https:\/\/www.apres-lecole.fr\/Blog\/","name":"","description":"M\u00e9dia g\u00e9n\u00e9raliste","potentialAction":[{"@type":"SearchAction","target":{"@type":"EntryPoint","urlTemplate":"https:\/\/www.apres-lecole.fr\/Blog\/?s={search_term_string}"},"query-input":{"@type":"PropertyValueSpecification","valueRequired":true,"valueName":"search_term_string"}}],"inLanguage":"fr-FR"},{"@type":"Person","@id":"https:\/\/www.apres-lecole.fr\/Blog\/#\/schema\/person\/aeb50cd4b51fc69da155804bb5bb9fc4","name":"Eva Martin","image":{"@type":"ImageObject","inLanguage":"fr-FR","@id":"https:\/\/secure.gravatar.com\/avatar\/55c53222558b27a72015a64073a80edce4abd33369394b9bf2c5cd6c19d12682?s=96&d=mm&r=g","url":"https:\/\/secure.gravatar.com\/avatar\/55c53222558b27a72015a64073a80edce4abd33369394b9bf2c5cd6c19d12682?s=96&d=mm&r=g","contentUrl":"https:\/\/secure.gravatar.com\/avatar\/55c53222558b27a72015a64073a80edce4abd33369394b9bf2c5cd6c19d12682?s=96&d=mm&r=g","caption":"Eva Martin"},"description":"Je parle de business et d'entrepreneuriat avec des conseils clairs, concrets et actionnables pour r\u00e9ussir","sameAs":["https:\/\/x.com\/Evaapresecole"],"url":"https:\/\/www.apres-lecole.fr\/Blog\/author\/evamartin\/"}]}},"views":7,"_links":{"self":[{"href":"https:\/\/www.apres-lecole.fr\/Blog\/wp-json\/wp\/v2\/posts\/1944","targetHints":{"allow":["GET"]}}],"collection":[{"href":"https:\/\/www.apres-lecole.fr\/Blog\/wp-json\/wp\/v2\/posts"}],"about":[{"href":"https:\/\/www.apres-lecole.fr\/Blog\/wp-json\/wp\/v2\/types\/post"}],"author":[{"embeddable":true,"href":"https:\/\/www.apres-lecole.fr\/Blog\/wp-json\/wp\/v2\/users\/9"}],"replies":[{"embeddable":true,"href":"https:\/\/www.apres-lecole.fr\/Blog\/wp-json\/wp\/v2\/comments?post=1944"}],"version-history":[{"count":0,"href":"https:\/\/www.apres-lecole.fr\/Blog\/wp-json\/wp\/v2\/posts\/1944\/revisions"}],"wp:attachment":[{"href":"https:\/\/www.apres-lecole.fr\/Blog\/wp-json\/wp\/v2\/media?parent=1944"}],"wp:term":[{"taxonomy":"category","embeddable":true,"href":"https:\/\/www.apres-lecole.fr\/Blog\/wp-json\/wp\/v2\/categories?post=1944"},{"taxonomy":"post_tag","embeddable":true,"href":"https:\/\/www.apres-lecole.fr\/Blog\/wp-json\/wp\/v2\/tags?post=1944"}],"curies":[{"name":"wp","href":"https:\/\/api.w.org\/{rel}","templated":true}]}}