{"id":1941,"date":"2025-05-10T21:38:11","date_gmt":"2025-05-10T21:38:11","guid":{"rendered":"https:\/\/www.apres-lecole.fr\/Blog\/art-jardin-ecole-villeneuve\/"},"modified":"2025-05-10T21:38:11","modified_gmt":"2025-05-10T21:38:11","slug":"art-jardin-ecole-villeneuve","status":"publish","type":"post","link":"https:\/\/www.apres-lecole.fr\/Blog\/art-jardin-ecole-villeneuve\/","title":{"rendered":"Un nouvel opus florissant pour l&rsquo;Art au jardin de l&rsquo;\u00e9cole d&rsquo;art \u00e0 Villeneuve-sur-Lot"},"content":{"rendered":"\n\n<div class=\"kk-star-ratings kksr-auto kksr-align-left kksr-valign-top\"\n    data-payload='{&quot;align&quot;:&quot;left&quot;,&quot;id&quot;:&quot;1941&quot;,&quot;slug&quot;:&quot;default&quot;,&quot;valign&quot;:&quot;top&quot;,&quot;ignore&quot;:&quot;&quot;,&quot;reference&quot;:&quot;auto&quot;,&quot;class&quot;:&quot;&quot;,&quot;count&quot;:&quot;0&quot;,&quot;legendonly&quot;:&quot;&quot;,&quot;readonly&quot;:&quot;&quot;,&quot;score&quot;:&quot;0&quot;,&quot;starsonly&quot;:&quot;&quot;,&quot;best&quot;:&quot;5&quot;,&quot;gap&quot;:&quot;5&quot;,&quot;greet&quot;:&quot;Rate this post&quot;,&quot;legend&quot;:&quot;0\\\/5 - (0 vote)&quot;,&quot;size&quot;:&quot;24&quot;,&quot;title&quot;:&quot;Un nouvel opus florissant pour l\\u0026#039;Art au jardin de l\\u0026#039;\u00e9cole d\\u0026#039;art \u00e0 Villeneuve-sur-Lot&quot;,&quot;width&quot;:&quot;0&quot;,&quot;_legend&quot;:&quot;{score}\\\/{best} - ({count} {votes})&quot;,&quot;font_factor&quot;:&quot;1.25&quot;}'>\n            \n<div class=\"kksr-stars\">\n    \n<div class=\"kksr-stars-inactive\">\n            <div class=\"kksr-star\" data-star=\"1\" style=\"padding-right: 5px\">\n            \n\n<div class=\"kksr-icon\" style=\"width: 24px; height: 24px;\"><\/div>\n        <\/div>\n            <div class=\"kksr-star\" data-star=\"2\" style=\"padding-right: 5px\">\n            \n\n<div class=\"kksr-icon\" style=\"width: 24px; height: 24px;\"><\/div>\n        <\/div>\n            <div class=\"kksr-star\" data-star=\"3\" style=\"padding-right: 5px\">\n            \n\n<div class=\"kksr-icon\" style=\"width: 24px; height: 24px;\"><\/div>\n        <\/div>\n            <div class=\"kksr-star\" data-star=\"4\" style=\"padding-right: 5px\">\n            \n\n<div class=\"kksr-icon\" style=\"width: 24px; height: 24px;\"><\/div>\n        <\/div>\n            <div class=\"kksr-star\" data-star=\"5\" style=\"padding-right: 5px\">\n            \n\n<div class=\"kksr-icon\" style=\"width: 24px; height: 24px;\"><\/div>\n        <\/div>\n    <\/div>\n    \n<div class=\"kksr-stars-active\" style=\"width: 0px;\">\n            <div class=\"kksr-star\" style=\"padding-right: 5px\">\n            \n\n<div class=\"kksr-icon\" style=\"width: 24px; height: 24px;\"><\/div>\n        <\/div>\n            <div class=\"kksr-star\" style=\"padding-right: 5px\">\n            \n\n<div class=\"kksr-icon\" style=\"width: 24px; height: 24px;\"><\/div>\n        <\/div>\n            <div class=\"kksr-star\" style=\"padding-right: 5px\">\n            \n\n<div class=\"kksr-icon\" style=\"width: 24px; height: 24px;\"><\/div>\n        <\/div>\n            <div class=\"kksr-star\" style=\"padding-right: 5px\">\n            \n\n<div class=\"kksr-icon\" style=\"width: 24px; height: 24px;\"><\/div>\n        <\/div>\n            <div class=\"kksr-star\" style=\"padding-right: 5px\">\n            \n\n<div class=\"kksr-icon\" style=\"width: 24px; height: 24px;\"><\/div>\n        <\/div>\n    <\/div>\n<\/div>\n                \n\n<div class=\"kksr-legend\" style=\"font-size: 19.2px;\">\n            <span class=\"kksr-muted\">Rate this post<\/span>\n    <\/div>\n    <\/div>\n<p>Immergons-nous dans un univers o\u00f9 l&rsquo;art et la nature ne font qu&rsquo;un, un endroit o\u00f9 la cr\u00e9ativit\u00e9 s&rsquo;\u00e9panouit autant que les fleurs au printemps. L\u2019\u00e9cole d\u2019art Andr\u00e9-Malraux \u00e0 Villeneuve-sur-Lot s\u2019appr\u00eate \u00e0 ouvrir \u00e0 nouveau son parc pour un \u00e9v\u00e9nement convivial : l&rsquo;Art au jardin. R\u00e9put\u00e9 pour son ambiance festive, cet \u00e9v\u00e9nement promet de raviver l&rsquo;esprit artistique de la r\u00e9gion \u00e0 travers des rencontres enrichissantes et des d\u00e9couvertes surprenantes !<\/p>\n\n<ul class=\"wp-block-list\"><li>Un \u00e9v\u00e8nement n\u00e9 d&rsquo;une belle initiative<\/li><li>Une journ\u00e9e riche en d\u00e9couvertes artistiques<\/li><li>Les objectifs et les b\u00e9n\u00e9fices pour les visiteurs<\/li><li>Des cr\u00e9ations florales \u00e0 couper le souffle<\/li><li>Impact sur l&rsquo;\u00e9cole et la communaut\u00e9 locale<\/li><\/ul>\n\n<h2 class=\"wp-block-heading\">Un \u00e9v\u00e9nement n\u00e9 d&rsquo;une belle initiative<\/h2>\n\n<p>Con\u00e7u par l\u2019association <strong>Les Rapins<\/strong>, qui regroupe des \u00e9l\u00e8ves de l&rsquo;\u00e9cole d&rsquo;art, l&rsquo;Art au jardin est un projet qui vise \u00e0 cr\u00e9er du lien entre les artistes en herbe et le grand public. Ce collectif, bas\u00e9 dans la <strong>Villa Rapin<\/strong> \u00e0 Villeneuve-sur-Lot, se mobilise chaque ann\u00e9e pour offrir une journ\u00e9e festive et cr\u00e9ative.<\/p>\n\n<p>Le pr\u00e9sident de l&rsquo;association, Guy Poireau, ancien professeur d\u2019histoire de l\u2019art, explique l\u2019importance de cette initiative. \u00ab\u00a0Nous voulons rassembler les gens autour de l&rsquo;art et de la nature. C&rsquo;est \u00e9galement un moyen de sensibiliser le public aux activit\u00e9s de notre \u00e9cole\u00a0\u00bb, souligne-t-il.<\/p>\n\n<p>La premi\u00e8re \u00e9dition de cet \u00e9v\u00e9nement, l&rsquo;ann\u00e9e derni\u00e8re, a \u00e9t\u00e9 accueillie avec un enthousiasme d\u00e9bordant et a affich\u00e9 complet, une belle r\u00e9ussite qui a pouss\u00e9 l&rsquo;\u00e9cole \u00e0 renouveler l&rsquo;exp\u00e9rience en mai. L&rsquo;ouverture des portes de l&rsquo;\u00e9cole d&rsquo;art, un v\u00e9ritable appel \u00e0 l&rsquo;exploration et \u00e0 l&rsquo;imagination, promet de transformer le jardin en un <strong>jardin artistique<\/strong> vibrant de couleurs et de cr\u00e9ativit\u00e9.<\/p>\n\n<h3 class=\"wp-block-heading\">Les coulisses de l\u2019organisation<\/h3>\n\n<p>Il est essentiel de mettre en avant le travail acharn\u00e9 des organisateurs qui, bien souvent dans l\u2019ombre, pr\u00e9parent le terrain pour que tout se d\u00e9roule \u00e0 merveille. Les b\u00e9n\u00e9voles de l&rsquo;association s&rsquo;activent, pr\u00e9parant l&rsquo;espace, s\u00e9lectionnant les exposants et r\u00e9fl\u00e9chissant au contenu vari\u00e9 des stands. Ils s\u2019assurent que les visiteurs se sentiront bien accueillis, tout en \u00e9veillant leur curiosit\u00e9 pour l&rsquo;art et la cr\u00e9ation.<\/p>\n\n<p>Au programme, des ateliers pratiques, des performances artistiques et bien plus encore. Les visiteurs peuvent pratiquer leur propre art, participer \u00e0 des activit\u00e9s ludiques et m\u00eame \u00e9changer avec les artistes pr\u00e9sents. L&rsquo;id\u00e9e est de rendre l&rsquo;art accessible tout en faisant d\u00e9couvrir \u00e0 tous ceux qui franchissent le portail de l&rsquo;\u00e9cole que la cr\u00e9ativit\u00e9 peut et doit faire partie de leur quotidien.<\/p>\n\n<figure class=\"wp-block-table\"><table>\n<thead>\n<tr>\n<th>Atelier<\/th>\n<th>Horaires<\/th>\n<th>Public<\/th>\n<th>Mat\u00e9riel n\u00e9cessaire<\/th>\n<\/tr>\n<\/thead>\n<tbody>\n<tr>\n<td>Peinture sur toile<\/td>\n<td>10h-12h<\/td>\n<td>Tout public<\/td>\n<td>Toiles, peintures<\/td>\n<\/tr>\n<tr>\n<td>Cr\u00e9ation de bijoux en pierre<\/td>\n<td>14h-16h<\/td>\n<td>Adultes<\/td>\n<td>Pierres, fils, outils<\/td>\n<\/tr>\n<tr>\n<td>Jardinage artistique<\/td>\n<td>9h-11h<\/td>\n<td>Enfants<\/td>\n<td>Pots, terre, graines<\/td>\n<\/tr>\n<\/tbody>\n<\/table><\/figure>\n\n<h2 class=\"wp-block-heading\">Une journ\u00e9e riche en d\u00e9couvertes artistiques<\/h2>\n\n<p>Le 8 mai, c&rsquo;est le grand jour ! De 10 heures \u00e0 18 heures, les visiteurs sont invit\u00e9s \u00e0 d\u00e9ambuler dans le jardin pour d\u00e9couvrir des stands tout aussi vari\u00e9s les uns que les autres. Entre les v\u00e9g\u00e9taux, l\u2019artisanat local et les performances artistiques, l&rsquo;\u00e9ventail des activit\u00e9s offre quelque chose pour chacun.<\/p>\n\n<p>Des artisans locaux exposent leurs cr\u00e9ations : des bijoux en pierres semi-pr\u00e9cieuses, des miels d\u00e9licats et des chutneys maison, ainsi que des cr\u00e9ations textiles qui incitent \u00e0 la r\u00e9flexion. Ce m\u00e9lange d\u2019art et de nature cr\u00e9e une exp\u00e9rience unique, renfor\u00e7ant l\u2019id\u00e9e que l\u2019art peut s&rsquo;int\u00e9grer harmonieusement dans le quotidien.<\/p>\n\n<h3 class=\"wp-block-heading\">La cr\u00e9ation de M\u00e9lanie Maura<\/h3>\n\n<p>Cette ann\u00e9e, l&rsquo;installation textile de <strong>M\u00e9lanie Maura<\/strong> appel\u00e9e \u00ab\u00a0Carottes cram\u00e9es\u00a0\u00bb a \u00e9t\u00e9 au centre des attentions. Accroch\u00e9e aux fen\u00eatres du premier \u00e9tage, cette \u0153uvre d\u00e9tonne par ses proportions gigantesques et son aspect ludique. Elle invite \u00e0 la r\u00e9flexion tout en amusant les petits et les grands. C&rsquo;est l&rsquo;une des installations qui persistera dans le d\u00e9cor jusqu&rsquo;au 14 mai, assurant une prolongation de l&rsquo;exp\u00e9rience artistique au-del\u00e0 de la journ\u00e9e d&rsquo;ouverture.<\/p>\n\n<p>Les visiteurs, qu&rsquo;ils soient passionn\u00e9s d&rsquo;arts visuels ou simples curieux, ont ainsi l&rsquo;opportunit\u00e9 d\u2019explorer un espace o\u00f9 la <strong>cr\u00e9ation florale<\/strong> entre en dialogue avec des \u0153uvres d\u2019art contemporaines.<\/p>\n\n<figure class=\"wp-block-table\"><table>\n<thead>\n<tr>\n<th>Cr\u00e9ation<\/th>\n<th>Artiste<\/th>\n<th>Type d&rsquo;\u0153uvre<\/th>\n<th>Visible jusqu&rsquo;au<\/th>\n<\/tr>\n<\/thead>\n<tbody>\n<tr>\n<td>Carottes cram\u00e9es<\/td>\n<td>M\u00e9lanie Maura<\/td>\n<td>Installation textile<\/td>\n<td>14 mai<\/td>\n<\/tr>\n<tr>\n<td>Papillons en rhodo\u00efd<\/td>\n<td>Nicole Cottarel<\/td>\n<td>Art \u00e9ph\u00e9m\u00e8re<\/td>\n<td>Mai 2024<\/td>\n<\/tr>\n<\/tbody>\n<\/table><\/figure>\n\n<h2 class=\"wp-block-heading\">Les objectifs et les b\u00e9n\u00e9fices pour les visiteurs<\/h2>\n\n<p>Ce jour-l\u00e0, l&rsquo;objectif principal est de favoriser les rencontres et les \u00e9changes. Les visiteurs ont l&rsquo;occasion de d\u00e9couvrir l\u2019\u00e9cole, d\u2019en apprendre davantage sur ses offres et d&rsquo;imaginer un monde o\u00f9 l&rsquo;art fait partie int\u00e9grante de leur quotidien. Les activit\u00e9s propos\u00e9es permettent non seulement d\u2019apprendre, mais aussi de donner un avant-go\u00fbt des diff\u00e9rentes sp\u00e9cialit\u00e9s artistiques enseign\u00e9es dans l&rsquo;\u00e9cole.<\/p>\n\n<p>C&rsquo;est un excellent moyen de sortir des sentiers battus et de plonger dans une ambiance conviviale. Pour l&rsquo;occasion, de nombreux stands sont d\u00e9di\u00e9s \u00e0 l\u2019artisanat, \u00e0 l\u2019exploration artistique et \u00e0 la botanique ; une v\u00e9ritable offre pluridisciplinaire qui enrichit l&rsquo;exp\u00e9rience culturelle locale.<\/p>\n\n<h3 class=\"wp-block-heading\">Un retour sur investissement pour la communaut\u00e9<\/h3>\n\n<p>Une des missions de cet \u00e9v\u00e9nement est de r\u00e9colter des fonds. L&rsquo;argent collect\u00e9 permettra de financer des sorties culturelles pour les \u00e9l\u00e8ves, comme la visite d&rsquo;expositions \u00e0 Bordeaux ou Toulouse. Ainsi, l&rsquo;Art au jardin ne se contente pas d&rsquo;\u00eatre un \u00e9v\u00e9nement ; c&rsquo;est aussi une source de financement pour des projets plus larges qui nourrissent l&rsquo;attrait pour l&rsquo;art au sein de la communaut\u00e9.<\/p>\n\n<h2 class=\"wp-block-heading\">Impact sur l&rsquo;\u00e9cole et la communaut\u00e9 locale<\/h2>\n\n<p>L&rsquo;Art au jardin ne se limite pas seulement \u00e0 une journ\u00e9e d&rsquo;\u00e9v\u00e9nements culturels. Il repr\u00e9sente \u00e9galement un vibrant appel \u00e0 l&rsquo;ouverture culturelle locale. L\u2019\u00e9cole d\u2019art Andr\u00e9-Malraux devient ainsi un point de ralliement o\u00f9 les diff\u00e9rents acteurs du monde artistique et les passionn\u00e9s de nature se rencontrent.<\/p>\n\n<p>Cette initiative contribue \u00e0 renforcer le lien entre l&rsquo;\u00e9cole et le territoire, misant sur l&rsquo;id\u00e9e que l&rsquo;art doit \u00eatre accessible \u00e0 tous, y compris aux plus jeunes. \u00c0 travers des \u00e9v\u00e9nements de ce type, la ville de Villeneuve-sur-Lot se positionne comme un lieu dynamique pour les arts visuels, attirant ainsi les familles et les visiteurs des alentours.<\/p>\n\n<h3 class=\"wp-block-heading\">Un mod\u00e8le inspirant pour d\u2019autres initiatives<\/h3>\n\n<p>Ce projet offre un exemple inspirant \u00e0 d&rsquo;autres \u00e9coles et structures artistiques. Comme on a pu le constater dans le cadre de ces rassemblements, |ces rencontres culturelles favorisent l&rsquo;entraide et enseignent beaucoup sur la collaboration interg\u00e9n\u00e9rationnelle. Les \u00e9coles d&rsquo;art pourraient prendre exemple sur cette initiative pour organiser des \u00e9v\u00e9nements similaires dans d&rsquo;autres r\u00e9gions. Cela pourrait permettre de g\u00e9n\u00e9rer un int\u00e9r\u00eat plus large pour l&rsquo;art et la culture dans toute la France.<\/p>\n\n<h2 class=\"wp-block-heading\">FAQ<\/h2>\n\n<h3 class=\"wp-block-heading\">Quelles activit\u00e9s peuvent \u00eatre exp\u00e9riment\u00e9es pendant l&rsquo;Art au jardin ?<\/h3>\n\n<p>Les visiteurs auront l&rsquo;occasion de participer \u00e0 des ateliers vari\u00e9s, tels que la peinture sur toile, la cr\u00e9ation de bijoux en pierre et le jardinage artistique.<\/p>\n\n<h3 class=\"wp-block-heading\">Quand l\u2019\u00e9v\u00e9nement a-t-il lieu ?<\/h3>\n\n<p>L&rsquo;\u00e9v\u00e9nement se d\u00e9roule g\u00e9n\u00e9ralement le 8 mai et est ouvert de 10h \u00e0 18h.<\/p>\n\n<h3 class=\"wp-block-heading\">Qui peut participer \u00e0 l&rsquo;Art au jardin ?<\/h3>\n\n<p>Tous les passionn\u00e9s de cr\u00e9ation visuelle, enfants comme adultes, sont les bienvenus !<\/p>\n\n<h3 class=\"wp-block-heading\">Puis-je acheter des cr\u00e9ations des artistes ?<\/h3>\n\n<p>Oui, de nombreux stands proposent des cr\u00e9ations \u00e0 la vente, y compris des articles d&rsquo;artisanat local.<\/p>\n\n<h3 class=\"wp-block-heading\">Comment les fonds r\u00e9colt\u00e9s sont-ils utilis\u00e9s ?<\/h3>\n\n<p>Les fonds r\u00e9colt\u00e9s durant cette journ\u00e9e sont utilis\u00e9s pour financer des sorties culturelles pour les \u00e9l\u00e8ves de l&rsquo;\u00e9cole d&rsquo;art.<\/p>\n\n","protected":false},"excerpt":{"rendered":"<p>Immergons-nous dans un univers o\u00f9 l&rsquo;art et la nature ne font qu&rsquo;un, un endroit o\u00f9 la cr\u00e9ativit\u00e9 s&rsquo;\u00e9panouit autant que les fleurs au printemps. L\u2019\u00e9cole d\u2019art Andr\u00e9-Malraux \u00e0 Villeneuve-sur-Lot s\u2019appr\u00eate \u00e0 ouvrir \u00e0 nouveau son parc pour un \u00e9v\u00e9nement convivial : l&rsquo;Art au jardin. R\u00e9put\u00e9 pour son ambiance festive, cet \u00e9v\u00e9nement promet de raviver l&rsquo;esprit &#8230; <a title=\"Un nouvel opus florissant pour l&rsquo;Art au jardin de l&rsquo;\u00e9cole d&rsquo;art \u00e0 Villeneuve-sur-Lot\" class=\"read-more\" href=\"https:\/\/www.apres-lecole.fr\/Blog\/art-jardin-ecole-villeneuve\/\" aria-label=\"En savoir plus sur Un nouvel opus florissant pour l&rsquo;Art au jardin de l&rsquo;\u00e9cole d&rsquo;art \u00e0 Villeneuve-sur-Lot\">Lire plus<\/a><\/p>\n","protected":false},"author":9,"featured_media":0,"comment_status":"open","ping_status":"open","sticky":false,"template":"","format":"standard","meta":{"footnotes":""},"categories":[342],"tags":[830,832,834,831,833],"class_list":["post-1941","post","type-post","status-publish","format-standard","hentry","category-actualites","tag-art","tag-ecole-dart","tag-exposition","tag-jardin","tag-villeneuve-sur-lot"],"yoast_head":"<!-- This site is optimized with the Yoast SEO plugin v27.5 - https:\/\/yoast.com\/product\/yoast-seo-wordpress\/ -->\n<title>Un nouvel opus \u00e9panouissant au jardin de l&#039;\u00e9cole d&#039;art \u00e0 Villeneuve-sur-Lot<\/title>\n<meta name=\"description\" content=\"D\u00e9couvrez l&#039;univers captivant de l&#039;Art au jardin de l&#039;\u00e9cole d&#039;art \u00e0 Villeneuve-sur-Lot avec ce nouvel opus florissant. Explorez les cr\u00e9ations artistiques inspir\u00e9es de la nature et participez \u00e0 une exp\u00e9rience enrichissante qui allie culture, nature et \u00e9ducation. Ne manquez pas cet \u00e9v\u00e9nement unique qui c\u00e9l\u00e8bre la beaut\u00e9 et la cr\u00e9ativit\u00e9 au c\u0153ur du jardin.\" \/>\n<meta name=\"robots\" content=\"index, follow, max-snippet:-1, max-image-preview:large, max-video-preview:-1\" \/>\n<link rel=\"canonical\" href=\"https:\/\/www.apres-lecole.fr\/Blog\/art-jardin-ecole-villeneuve\/\" \/>\n<meta property=\"og:locale\" content=\"fr_FR\" \/>\n<meta property=\"og:type\" content=\"article\" \/>\n<meta property=\"og:title\" content=\"Un nouvel opus \u00e9panouissant au jardin de l&#039;\u00e9cole d&#039;art \u00e0 Villeneuve-sur-Lot\" \/>\n<meta property=\"og:description\" content=\"D\u00e9couvrez l&#039;univers captivant de l&#039;Art au jardin de l&#039;\u00e9cole d&#039;art \u00e0 Villeneuve-sur-Lot avec ce nouvel opus florissant. Explorez les cr\u00e9ations artistiques inspir\u00e9es de la nature et participez \u00e0 une exp\u00e9rience enrichissante qui allie culture, nature et \u00e9ducation. Ne manquez pas cet \u00e9v\u00e9nement unique qui c\u00e9l\u00e8bre la beaut\u00e9 et la cr\u00e9ativit\u00e9 au c\u0153ur du jardin.\" \/>\n<meta property=\"og:url\" content=\"https:\/\/www.apres-lecole.fr\/Blog\/art-jardin-ecole-villeneuve\/\" \/>\n<meta property=\"article:published_time\" content=\"2025-05-10T21:38:11+00:00\" \/>\n<meta name=\"author\" content=\"Eva Martin\" \/>\n<meta name=\"twitter:card\" content=\"summary_large_image\" \/>\n<meta name=\"twitter:creator\" content=\"@Evaapresecole\" \/>\n<meta name=\"twitter:label1\" content=\"\u00c9crit par\" \/>\n\t<meta name=\"twitter:data1\" content=\"Eva Martin\" \/>\n\t<meta name=\"twitter:label2\" content=\"Dur\u00e9e de lecture estim\u00e9e\" \/>\n\t<meta name=\"twitter:data2\" content=\"6 minutes\" \/>\n<script type=\"application\/ld+json\" class=\"yoast-schema-graph\">{\"@context\":\"https:\\\/\\\/schema.org\",\"@graph\":[{\"@type\":\"Article\",\"@id\":\"https:\\\/\\\/www.apres-lecole.fr\\\/Blog\\\/art-jardin-ecole-villeneuve\\\/#article\",\"isPartOf\":{\"@id\":\"https:\\\/\\\/www.apres-lecole.fr\\\/Blog\\\/art-jardin-ecole-villeneuve\\\/\"},\"author\":{\"name\":\"Eva Martin\",\"@id\":\"https:\\\/\\\/www.apres-lecole.fr\\\/Blog\\\/#\\\/schema\\\/person\\\/aeb50cd4b51fc69da155804bb5bb9fc4\"},\"headline\":\"Un nouvel opus florissant pour l&rsquo;Art au jardin de l&rsquo;\u00e9cole d&rsquo;art \u00e0 Villeneuve-sur-Lot\",\"datePublished\":\"2025-05-10T21:38:11+00:00\",\"mainEntityOfPage\":{\"@id\":\"https:\\\/\\\/www.apres-lecole.fr\\\/Blog\\\/art-jardin-ecole-villeneuve\\\/\"},\"wordCount\":1363,\"commentCount\":0,\"keywords\":[\"art\",\"\u00e9cole d'art\",\"exposition\",\"jardin\",\"villeneuve-sur-lot\"],\"articleSection\":[\"Actualit\u00e9s\"],\"inLanguage\":\"fr-FR\",\"potentialAction\":[{\"@type\":\"CommentAction\",\"name\":\"Comment\",\"target\":[\"https:\\\/\\\/www.apres-lecole.fr\\\/Blog\\\/art-jardin-ecole-villeneuve\\\/#respond\"]}]},{\"@type\":\"WebPage\",\"@id\":\"https:\\\/\\\/www.apres-lecole.fr\\\/Blog\\\/art-jardin-ecole-villeneuve\\\/\",\"url\":\"https:\\\/\\\/www.apres-lecole.fr\\\/Blog\\\/art-jardin-ecole-villeneuve\\\/\",\"name\":\"Un nouvel opus \u00e9panouissant au jardin de l'\u00e9cole d'art \u00e0 Villeneuve-sur-Lot\",\"isPartOf\":{\"@id\":\"https:\\\/\\\/www.apres-lecole.fr\\\/Blog\\\/#website\"},\"datePublished\":\"2025-05-10T21:38:11+00:00\",\"author\":{\"@id\":\"https:\\\/\\\/www.apres-lecole.fr\\\/Blog\\\/#\\\/schema\\\/person\\\/aeb50cd4b51fc69da155804bb5bb9fc4\"},\"description\":\"D\u00e9couvrez l'univers captivant de l'Art au jardin de l'\u00e9cole d'art \u00e0 Villeneuve-sur-Lot avec ce nouvel opus florissant. Explorez les cr\u00e9ations artistiques inspir\u00e9es de la nature et participez \u00e0 une exp\u00e9rience enrichissante qui allie culture, nature et \u00e9ducation. Ne manquez pas cet \u00e9v\u00e9nement unique qui c\u00e9l\u00e8bre la beaut\u00e9 et la cr\u00e9ativit\u00e9 au c\u0153ur du jardin.\",\"breadcrumb\":{\"@id\":\"https:\\\/\\\/www.apres-lecole.fr\\\/Blog\\\/art-jardin-ecole-villeneuve\\\/#breadcrumb\"},\"inLanguage\":\"fr-FR\",\"potentialAction\":[{\"@type\":\"ReadAction\",\"target\":[\"https:\\\/\\\/www.apres-lecole.fr\\\/Blog\\\/art-jardin-ecole-villeneuve\\\/\"]}]},{\"@type\":\"BreadcrumbList\",\"@id\":\"https:\\\/\\\/www.apres-lecole.fr\\\/Blog\\\/art-jardin-ecole-villeneuve\\\/#breadcrumb\",\"itemListElement\":[{\"@type\":\"ListItem\",\"position\":1,\"name\":\"Home\",\"item\":\"https:\\\/\\\/www.apres-lecole.fr\\\/Blog\\\/\"},{\"@type\":\"ListItem\",\"position\":2,\"name\":\"Un nouvel opus florissant pour l&rsquo;Art au jardin de l&rsquo;\u00e9cole d&rsquo;art \u00e0 Villeneuve-sur-Lot\"}]},{\"@type\":\"WebSite\",\"@id\":\"https:\\\/\\\/www.apres-lecole.fr\\\/Blog\\\/#website\",\"url\":\"https:\\\/\\\/www.apres-lecole.fr\\\/Blog\\\/\",\"name\":\"\",\"description\":\"M\u00e9dia g\u00e9n\u00e9raliste\",\"potentialAction\":[{\"@type\":\"SearchAction\",\"target\":{\"@type\":\"EntryPoint\",\"urlTemplate\":\"https:\\\/\\\/www.apres-lecole.fr\\\/Blog\\\/?s={search_term_string}\"},\"query-input\":{\"@type\":\"PropertyValueSpecification\",\"valueRequired\":true,\"valueName\":\"search_term_string\"}}],\"inLanguage\":\"fr-FR\"},{\"@type\":\"Person\",\"@id\":\"https:\\\/\\\/www.apres-lecole.fr\\\/Blog\\\/#\\\/schema\\\/person\\\/aeb50cd4b51fc69da155804bb5bb9fc4\",\"name\":\"Eva Martin\",\"image\":{\"@type\":\"ImageObject\",\"inLanguage\":\"fr-FR\",\"@id\":\"https:\\\/\\\/secure.gravatar.com\\\/avatar\\\/55c53222558b27a72015a64073a80edce4abd33369394b9bf2c5cd6c19d12682?s=96&d=mm&r=g\",\"url\":\"https:\\\/\\\/secure.gravatar.com\\\/avatar\\\/55c53222558b27a72015a64073a80edce4abd33369394b9bf2c5cd6c19d12682?s=96&d=mm&r=g\",\"contentUrl\":\"https:\\\/\\\/secure.gravatar.com\\\/avatar\\\/55c53222558b27a72015a64073a80edce4abd33369394b9bf2c5cd6c19d12682?s=96&d=mm&r=g\",\"caption\":\"Eva Martin\"},\"description\":\"Je parle de business et d'entrepreneuriat avec des conseils clairs, concrets et actionnables pour r\u00e9ussir\",\"sameAs\":[\"https:\\\/\\\/x.com\\\/Evaapresecole\"],\"url\":\"https:\\\/\\\/www.apres-lecole.fr\\\/Blog\\\/author\\\/evamartin\\\/\"}]}<\/script>\n<!-- \/ Yoast SEO plugin. -->","yoast_head_json":{"title":"Un nouvel opus \u00e9panouissant au jardin de l'\u00e9cole d'art \u00e0 Villeneuve-sur-Lot","description":"D\u00e9couvrez l'univers captivant de l'Art au jardin de l'\u00e9cole d'art \u00e0 Villeneuve-sur-Lot avec ce nouvel opus florissant. Explorez les cr\u00e9ations artistiques inspir\u00e9es de la nature et participez \u00e0 une exp\u00e9rience enrichissante qui allie culture, nature et \u00e9ducation. Ne manquez pas cet \u00e9v\u00e9nement unique qui c\u00e9l\u00e8bre la beaut\u00e9 et la cr\u00e9ativit\u00e9 au c\u0153ur du jardin.","robots":{"index":"index","follow":"follow","max-snippet":"max-snippet:-1","max-image-preview":"max-image-preview:large","max-video-preview":"max-video-preview:-1"},"canonical":"https:\/\/www.apres-lecole.fr\/Blog\/art-jardin-ecole-villeneuve\/","og_locale":"fr_FR","og_type":"article","og_title":"Un nouvel opus \u00e9panouissant au jardin de l'\u00e9cole d'art \u00e0 Villeneuve-sur-Lot","og_description":"D\u00e9couvrez l'univers captivant de l'Art au jardin de l'\u00e9cole d'art \u00e0 Villeneuve-sur-Lot avec ce nouvel opus florissant. Explorez les cr\u00e9ations artistiques inspir\u00e9es de la nature et participez \u00e0 une exp\u00e9rience enrichissante qui allie culture, nature et \u00e9ducation. Ne manquez pas cet \u00e9v\u00e9nement unique qui c\u00e9l\u00e8bre la beaut\u00e9 et la cr\u00e9ativit\u00e9 au c\u0153ur du jardin.","og_url":"https:\/\/www.apres-lecole.fr\/Blog\/art-jardin-ecole-villeneuve\/","article_published_time":"2025-05-10T21:38:11+00:00","author":"Eva Martin","twitter_card":"summary_large_image","twitter_creator":"@Evaapresecole","twitter_misc":{"\u00c9crit par":"Eva Martin","Dur\u00e9e de lecture estim\u00e9e":"6 minutes"},"schema":{"@context":"https:\/\/schema.org","@graph":[{"@type":"Article","@id":"https:\/\/www.apres-lecole.fr\/Blog\/art-jardin-ecole-villeneuve\/#article","isPartOf":{"@id":"https:\/\/www.apres-lecole.fr\/Blog\/art-jardin-ecole-villeneuve\/"},"author":{"name":"Eva Martin","@id":"https:\/\/www.apres-lecole.fr\/Blog\/#\/schema\/person\/aeb50cd4b51fc69da155804bb5bb9fc4"},"headline":"Un nouvel opus florissant pour l&rsquo;Art au jardin de l&rsquo;\u00e9cole d&rsquo;art \u00e0 Villeneuve-sur-Lot","datePublished":"2025-05-10T21:38:11+00:00","mainEntityOfPage":{"@id":"https:\/\/www.apres-lecole.fr\/Blog\/art-jardin-ecole-villeneuve\/"},"wordCount":1363,"commentCount":0,"keywords":["art","\u00e9cole d'art","exposition","jardin","villeneuve-sur-lot"],"articleSection":["Actualit\u00e9s"],"inLanguage":"fr-FR","potentialAction":[{"@type":"CommentAction","name":"Comment","target":["https:\/\/www.apres-lecole.fr\/Blog\/art-jardin-ecole-villeneuve\/#respond"]}]},{"@type":"WebPage","@id":"https:\/\/www.apres-lecole.fr\/Blog\/art-jardin-ecole-villeneuve\/","url":"https:\/\/www.apres-lecole.fr\/Blog\/art-jardin-ecole-villeneuve\/","name":"Un nouvel opus \u00e9panouissant au jardin de l'\u00e9cole d'art \u00e0 Villeneuve-sur-Lot","isPartOf":{"@id":"https:\/\/www.apres-lecole.fr\/Blog\/#website"},"datePublished":"2025-05-10T21:38:11+00:00","author":{"@id":"https:\/\/www.apres-lecole.fr\/Blog\/#\/schema\/person\/aeb50cd4b51fc69da155804bb5bb9fc4"},"description":"D\u00e9couvrez l'univers captivant de l'Art au jardin de l'\u00e9cole d'art \u00e0 Villeneuve-sur-Lot avec ce nouvel opus florissant. Explorez les cr\u00e9ations artistiques inspir\u00e9es de la nature et participez \u00e0 une exp\u00e9rience enrichissante qui allie culture, nature et \u00e9ducation. Ne manquez pas cet \u00e9v\u00e9nement unique qui c\u00e9l\u00e8bre la beaut\u00e9 et la cr\u00e9ativit\u00e9 au c\u0153ur du jardin.","breadcrumb":{"@id":"https:\/\/www.apres-lecole.fr\/Blog\/art-jardin-ecole-villeneuve\/#breadcrumb"},"inLanguage":"fr-FR","potentialAction":[{"@type":"ReadAction","target":["https:\/\/www.apres-lecole.fr\/Blog\/art-jardin-ecole-villeneuve\/"]}]},{"@type":"BreadcrumbList","@id":"https:\/\/www.apres-lecole.fr\/Blog\/art-jardin-ecole-villeneuve\/#breadcrumb","itemListElement":[{"@type":"ListItem","position":1,"name":"Home","item":"https:\/\/www.apres-lecole.fr\/Blog\/"},{"@type":"ListItem","position":2,"name":"Un nouvel opus florissant pour l&rsquo;Art au jardin de l&rsquo;\u00e9cole d&rsquo;art \u00e0 Villeneuve-sur-Lot"}]},{"@type":"WebSite","@id":"https:\/\/www.apres-lecole.fr\/Blog\/#website","url":"https:\/\/www.apres-lecole.fr\/Blog\/","name":"","description":"M\u00e9dia g\u00e9n\u00e9raliste","potentialAction":[{"@type":"SearchAction","target":{"@type":"EntryPoint","urlTemplate":"https:\/\/www.apres-lecole.fr\/Blog\/?s={search_term_string}"},"query-input":{"@type":"PropertyValueSpecification","valueRequired":true,"valueName":"search_term_string"}}],"inLanguage":"fr-FR"},{"@type":"Person","@id":"https:\/\/www.apres-lecole.fr\/Blog\/#\/schema\/person\/aeb50cd4b51fc69da155804bb5bb9fc4","name":"Eva Martin","image":{"@type":"ImageObject","inLanguage":"fr-FR","@id":"https:\/\/secure.gravatar.com\/avatar\/55c53222558b27a72015a64073a80edce4abd33369394b9bf2c5cd6c19d12682?s=96&d=mm&r=g","url":"https:\/\/secure.gravatar.com\/avatar\/55c53222558b27a72015a64073a80edce4abd33369394b9bf2c5cd6c19d12682?s=96&d=mm&r=g","contentUrl":"https:\/\/secure.gravatar.com\/avatar\/55c53222558b27a72015a64073a80edce4abd33369394b9bf2c5cd6c19d12682?s=96&d=mm&r=g","caption":"Eva Martin"},"description":"Je parle de business et d'entrepreneuriat avec des conseils clairs, concrets et actionnables pour r\u00e9ussir","sameAs":["https:\/\/x.com\/Evaapresecole"],"url":"https:\/\/www.apres-lecole.fr\/Blog\/author\/evamartin\/"}]}},"views":4,"_links":{"self":[{"href":"https:\/\/www.apres-lecole.fr\/Blog\/wp-json\/wp\/v2\/posts\/1941","targetHints":{"allow":["GET"]}}],"collection":[{"href":"https:\/\/www.apres-lecole.fr\/Blog\/wp-json\/wp\/v2\/posts"}],"about":[{"href":"https:\/\/www.apres-lecole.fr\/Blog\/wp-json\/wp\/v2\/types\/post"}],"author":[{"embeddable":true,"href":"https:\/\/www.apres-lecole.fr\/Blog\/wp-json\/wp\/v2\/users\/9"}],"replies":[{"embeddable":true,"href":"https:\/\/www.apres-lecole.fr\/Blog\/wp-json\/wp\/v2\/comments?post=1941"}],"version-history":[{"count":0,"href":"https:\/\/www.apres-lecole.fr\/Blog\/wp-json\/wp\/v2\/posts\/1941\/revisions"}],"wp:attachment":[{"href":"https:\/\/www.apres-lecole.fr\/Blog\/wp-json\/wp\/v2\/media?parent=1941"}],"wp:term":[{"taxonomy":"category","embeddable":true,"href":"https:\/\/www.apres-lecole.fr\/Blog\/wp-json\/wp\/v2\/categories?post=1941"},{"taxonomy":"post_tag","embeddable":true,"href":"https:\/\/www.apres-lecole.fr\/Blog\/wp-json\/wp\/v2\/tags?post=1941"}],"curies":[{"name":"wp","href":"https:\/\/api.w.org\/{rel}","templated":true}]}}