{"id":1939,"date":"2025-05-09T21:25:13","date_gmt":"2025-05-09T21:25:13","guid":{"rendered":"https:\/\/www.apres-lecole.fr\/Blog\/ecole-savoirs-rencontres\/"},"modified":"2025-05-09T21:25:13","modified_gmt":"2025-05-09T21:25:13","slug":"ecole-savoirs-rencontres","status":"publish","type":"post","link":"https:\/\/www.apres-lecole.fr\/Blog\/ecole-savoirs-rencontres\/","title":{"rendered":"imaginez une \u00e9cole o\u00f9 tous les savoirs se rencontrent"},"content":{"rendered":"\n\n<div class=\"kk-star-ratings kksr-auto kksr-align-left kksr-valign-top\"\n    data-payload='{&quot;align&quot;:&quot;left&quot;,&quot;id&quot;:&quot;1939&quot;,&quot;slug&quot;:&quot;default&quot;,&quot;valign&quot;:&quot;top&quot;,&quot;ignore&quot;:&quot;&quot;,&quot;reference&quot;:&quot;auto&quot;,&quot;class&quot;:&quot;&quot;,&quot;count&quot;:&quot;0&quot;,&quot;legendonly&quot;:&quot;&quot;,&quot;readonly&quot;:&quot;&quot;,&quot;score&quot;:&quot;0&quot;,&quot;starsonly&quot;:&quot;&quot;,&quot;best&quot;:&quot;5&quot;,&quot;gap&quot;:&quot;5&quot;,&quot;greet&quot;:&quot;Rate this post&quot;,&quot;legend&quot;:&quot;0\\\/5 - (0 vote)&quot;,&quot;size&quot;:&quot;24&quot;,&quot;title&quot;:&quot;imaginez une \u00e9cole o\u00f9 tous les savoirs se rencontrent&quot;,&quot;width&quot;:&quot;0&quot;,&quot;_legend&quot;:&quot;{score}\\\/{best} - ({count} {votes})&quot;,&quot;font_factor&quot;:&quot;1.25&quot;}'>\n            \n<div class=\"kksr-stars\">\n    \n<div class=\"kksr-stars-inactive\">\n            <div class=\"kksr-star\" data-star=\"1\" style=\"padding-right: 5px\">\n            \n\n<div class=\"kksr-icon\" style=\"width: 24px; height: 24px;\"><\/div>\n        <\/div>\n            <div class=\"kksr-star\" data-star=\"2\" style=\"padding-right: 5px\">\n            \n\n<div class=\"kksr-icon\" style=\"width: 24px; height: 24px;\"><\/div>\n        <\/div>\n            <div class=\"kksr-star\" data-star=\"3\" style=\"padding-right: 5px\">\n            \n\n<div class=\"kksr-icon\" style=\"width: 24px; height: 24px;\"><\/div>\n        <\/div>\n            <div class=\"kksr-star\" data-star=\"4\" style=\"padding-right: 5px\">\n            \n\n<div class=\"kksr-icon\" style=\"width: 24px; height: 24px;\"><\/div>\n        <\/div>\n            <div class=\"kksr-star\" data-star=\"5\" style=\"padding-right: 5px\">\n            \n\n<div class=\"kksr-icon\" style=\"width: 24px; height: 24px;\"><\/div>\n        <\/div>\n    <\/div>\n    \n<div class=\"kksr-stars-active\" style=\"width: 0px;\">\n            <div class=\"kksr-star\" style=\"padding-right: 5px\">\n            \n\n<div class=\"kksr-icon\" style=\"width: 24px; height: 24px;\"><\/div>\n        <\/div>\n            <div class=\"kksr-star\" style=\"padding-right: 5px\">\n            \n\n<div class=\"kksr-icon\" style=\"width: 24px; height: 24px;\"><\/div>\n        <\/div>\n            <div class=\"kksr-star\" style=\"padding-right: 5px\">\n            \n\n<div class=\"kksr-icon\" style=\"width: 24px; height: 24px;\"><\/div>\n        <\/div>\n            <div class=\"kksr-star\" style=\"padding-right: 5px\">\n            \n\n<div class=\"kksr-icon\" style=\"width: 24px; height: 24px;\"><\/div>\n        <\/div>\n            <div class=\"kksr-star\" style=\"padding-right: 5px\">\n            \n\n<div class=\"kksr-icon\" style=\"width: 24px; height: 24px;\"><\/div>\n        <\/div>\n    <\/div>\n<\/div>\n                \n\n<div class=\"kksr-legend\" style=\"font-size: 19.2px;\">\n            <span class=\"kksr-muted\">Rate this post<\/span>\n    <\/div>\n    <\/div>\n<p>Dans le monde d&rsquo;aujourd&rsquo;hui, l&rsquo;\u00e9ducation joue un r\u00f4le essentiel dans le d\u00e9veloppement des individus et des soci\u00e9t\u00e9s. Imagine une \u00e9cole o\u00f9 les savoirs se rencontrent, une \u00e9cole qui non seulement enseigne mais se transforme en v\u00e9ritable <strong>carrefour des savoirs<\/strong>, o\u00f9 l&rsquo;\u00e9l\u00e8ve devient acteur de son apprentissage. Innover en mati\u00e8re \u00e9ducative est devenu une n\u00e9cessit\u00e9, non seulement pour pr\u00e9parer les futurs citoyens, mais aussi pour construire une soci\u00e9t\u00e9 plus \u00e9quitable. Cet article explore les diff\u00e9rentes facettes de cette \u00e9cole r\u00eav\u00e9e, mettant en lumi\u00e8re les enjeux, les pratiques innovantes et les b\u00e9n\u00e9fices d&rsquo;une \u00e9ducation repens\u00e9e pour tous.<\/p>\n\n<ul class=\"wp-block-list\"><li><strong>Une \u00e9cole inclusive : red\u00e9finir les pratiques p\u00e9dagogiques<\/strong><\/li><li><strong>La hi\u00e9rarchie scolaire : vers une \u00e9ducation \u00e9galitaire<\/strong><\/li><li><strong>Des savoirs vari\u00e9s : l&rsquo;apprentissage par l&rsquo;exp\u00e9rimentation<\/strong><\/li><li><strong>Renforcer les comp\u00e9tences par la coop\u00e9ration<\/strong><\/li><li><strong>Pens\u00e9e critique et cr\u00e9ativit\u00e9 : les nouvelles comp\u00e9tences de demain<\/strong><\/li><\/ul>\n\n<h2 class=\"wp-block-heading\">Une \u00e9cole inclusive : red\u00e9finir les pratiques p\u00e9dagogiques<\/h2>\n\n<p>| Que serait une \u00e9cole d&rsquo;horizons vari\u00e9s, si elle ne prenait pas en compte la diversit\u00e9 de ses \u00e9l\u00e8ves ? Ce mod\u00e8le d&rsquo;inclusivit\u00e9 peut se traduire par des strat\u00e9gies p\u00e9dagogiques innovantes. L&rsquo;\u00e9cole doit devenir un lieu o\u00f9 chacun, quelles que soient ses origines ou ses comp\u00e9tences, peut s&rsquo;\u00e9panouir. Dans cette perspective, le projet <strong>\u00c9duc&rsquo;Innov<\/strong> propose des m\u00e9thodes d&rsquo;enseignement adapt\u00e9es aux besoins individuels des \u00e9l\u00e8ves. Au lieu de suivre un sch\u00e9ma \u00e9ducatif rigide, les enseignants doivent pouvoir adapter leur pratique.<\/p>\n\n<p>Un bon exemple de ce type d&rsquo;initiative est le <strong>Coll\u00e8ge \u00c9clectique<\/strong>, o\u00f9 les mati\u00e8res sont enseign\u00e9es de mani\u00e8re int\u00e9gr\u00e9e. Les projets men\u00e9s au sein de cet \u00e9tablissement vont au-del\u00e0 des fronti\u00e8res disciplinaires. Les \u00e9l\u00e8ves participent \u00e0 des projets communs, o\u00f9 les arts, la science, et m\u00eame les sports interagissent. Cela ajoute une dimension concr\u00e8te \u00e0 l&rsquo;apprentissage et aide les \u00e9l\u00e8ves \u00e0 voir les connexions entre diff\u00e9rents domaines de connaissance.<\/p>\n\n<figure class=\"wp-block-table\"><table>\n<thead>\n<tr>\n<th><strong>Type de projet<\/strong><\/th>\n<th><strong>Description<\/strong><\/th>\n<th><strong>B\u00e9n\u00e9fices<\/strong><\/th>\n<\/tr>\n<\/thead>\n<tbody>\n<tr>\n<td>Arts et sciences<\/td>\n<td>Cr\u00e9ation d&rsquo;une exposition m\u00ealant \u0153uvres d&rsquo;art et d\u00e9couvertes scientifiques<\/td>\n<td>D\u00e9veloppement de la cr\u00e9ativit\u00e9 et de la pens\u00e9e critique<\/td>\n<\/tr>\n<tr>\n<td>Sports et math\u00e9matiques<\/td>\n<td>Chiffrages de tirs au but et mesures de performance<\/td>\n<td>Application des math\u00e9matiques \u00e0 des situations concr\u00e8tes<\/td>\n<\/tr>\n<\/tbody>\n<\/table><\/figure>\n\n<p>En int\u00e9grant des <strong>connaissances unies<\/strong> au sein m\u00eame de l&rsquo;enseignement, l&rsquo;\u00e9cole se transforme v\u00e9ritablement, favorisant un environnement d&rsquo;apprentissage inclusif. Les \u00e9quipes p\u00e9dagogiques doivent collaborer \u00e9troitement, partager leurs exp\u00e9riences et s&rsquo;entraider pour concevoir des solutions adapt\u00e9es aux besoins de chaque \u00e9l\u00e8ve. Ce type de r\u00e9flexion collective fait na\u00eetre une dynamique cr\u00e9ative permettant \u00e0 tous d&rsquo;\u00e9voluer.<\/p>\n\n<h2 class=\"wp-block-heading\">La hi\u00e9rarchie scolaire : vers une \u00e9ducation \u00e9galitaire<\/h2>\n\n<p>L&rsquo;\u00e9cole traditionnelle repose souvent sur une hi\u00e9rarchie disciplinaire qui peut \u00eatre source d&rsquo;in\u00e9galit\u00e9s. Les mati\u00e8res \u00ab\u00a0nobles\u00a0\u00bb tels que le latin ou les math\u00e9matiques re\u00e7oivent souvent un statut privil\u00e9gi\u00e9, tandis que d&rsquo;autres disciplines sont per\u00e7ues comme secondaires. Or, une solidarit\u00e9 entre disciplines est essentielle ! C&rsquo;est ici que l&rsquo;id\u00e9e d&rsquo;une <strong>Acad\u00e9mie Pluridisciplinaire<\/strong> trouve tout son sens.<\/p>\n\n<p>Dans ce mod\u00e8le, toutes les mati\u00e8res sont consid\u00e9r\u00e9es comme essentielles. Cela implique une mise en avant de l&rsquo;enseignement des savoir-faire, des comp\u00e9tences pratiques, des arts et de la coop\u00e9ration. Plut\u00f4t qu&rsquo;une s\u00e9paration rigide, la r\u00e9alit\u00e9 scolaire doit s&rsquo;apparenter \u00e0 un tissu riche et vari\u00e9 o\u00f9 chaque fil contribue \u00e0 la totalit\u00e9.<\/p>\n\n<ul class=\"wp-block-list\"><li>Promouvoir les arts \ud83d\udcf8<\/li><li>Valoriser les comp\u00e9tences manuelles \ud83d\udee0\ufe0f<\/li><li>D\u00e9velopper le travail d&rsquo;\u00e9quipe \ud83e\udd1d<\/li><\/ul>\n\n<figure class=\"wp-block-table\"><table>\n<thead>\n<tr>\n<th><strong>Mati\u00e8res<\/strong><\/th>\n<th><strong>Statut actuel<\/strong><\/th>\n<th><strong>Statut souhait\u00e9<\/strong><\/th>\n<\/tr>\n<\/thead>\n<tbody>\n<tr>\n<td>Arts plastiques<\/td>\n<td>Sous-estim\u00e9<\/td>\n<td>\u00c9quivalent aux maths<\/td>\n<\/tr>\n<tr>\n<td>\u00c9ducation manuelle<\/td>\n<td>Per\u00e7u comme optionnel<\/td>\n<td>Discipline \u00e0 part enti\u00e8re<\/td>\n<\/tr>\n<\/tbody>\n<\/table><\/figure>\n\n<p>Cela n&rsquo;implique pas que les fondamentaux tels que la lectura, l&rsquo;\u00e9criture, et le calcul soient d\u00e9valu\u00e9s. Au contraire, le v\u00e9ritable enjeu est de leur adjoindre une dimension suppl\u00e9mentaire : celle de la <strong>r\u00e9flexion<\/strong>. Cette vision souligne l&rsquo;importance d\u2019apprendre \u00e0 r\u00e9fl\u00e9chir, \u00e0 questionner, et \u00e0 d\u00e9velopper un esprit critique tout autant que des comp\u00e9tences pratiques.<\/p>\n\n<h2 class=\"wp-block-heading\">Des savoirs vari\u00e9s : l&rsquo;apprentissage par l&rsquo;exp\u00e9rimentation<\/h2>\n\n<p>La transformation de l&rsquo;\u00e9ducation passe aussi par la promotion de l&rsquo;exp\u00e9rimentation. Les \u00e9coles comme <strong>Apprenti Monde<\/strong> exp\u00e9rimentent des m\u00e9thodes d&rsquo;enseignement bas\u00e9es sur l&rsquo;apprentissage actif. Cela signifie que les \u00e9l\u00e8ves ne se contentent pas d&rsquo;\u00e9couter des cours magistraux, mais qu&rsquo;ils s&rsquo;engagent dans des projets concrets qui mobilisent des comp\u00e9tences vari\u00e9es. Une p\u00e9dagogie de l&rsquo;exp\u00e9rience cr\u00e9e des conditions d&rsquo;apprentissage favorables.<\/p>\n\n<ol class=\"wp-block-list\"><li>Valorisation des projets collaboratifs \ud83d\udc65<\/li><li>Int\u00e9gration d&rsquo;activit\u00e9s pratiques \ud83d\udd27<\/li><li>Utilisation d&rsquo;outils num\u00e9riques \ud83c\udfae<\/li><\/ol>\n\n<p>Les enseignements deviennent alors des terrains d&rsquo;exp\u00e9rimentation. Prenons l&rsquo;exemple d&rsquo;un projet de jardinage au sein duquel les \u00e9l\u00e8ves apprennent l&rsquo;\u00e9cologie tout en cultivant leurs propres plantes. L&rsquo;interaction avec la nature enrichit leur exp\u00e9rience scolaire tout en leur enseignant les enjeux environnementaux contemporains.<\/p>\n\n<figure class=\"wp-block-table\"><table>\n<thead>\n<tr>\n<th><strong>Projets d&rsquo;exp\u00e9rimentation<\/strong><\/th>\n<th><strong>Comp\u00e9tences d\u00e9velopp\u00e9es<\/strong><\/th>\n<th><strong>Impact sur les \u00e9l\u00e8ves<\/strong><\/th>\n<\/tr>\n<\/thead>\n<tbody>\n<tr>\n<td>Jardinage<\/td>\n<td>Responsabilit\u00e9, respect de l&rsquo;environnement<\/td>\n<td>Engagement civic<\/td>\n<\/tr>\n<tr>\n<td>Ateliers de bricolage<\/td>\n<td>Cr\u00e9ativit\u00e9, travail en \u00e9quipe<\/td>\n<td>Confiance en soi<\/td>\n<\/tr>\n<\/tbody>\n<\/table><\/figure>\n\n<p>\u00c0 travers de telles initiatives, les \u00e9l\u00e8ves apprennent non seulement des connaissances acad\u00e9miques, mais aussi des valeurs humaines, essentielles \u00e0 leur d\u00e9veloppement personnel. Chaque projet devient ainsi l&rsquo;occasion d&rsquo;allier plaisir et apprentissage.<\/p>\n\n<h2 class=\"wp-block-heading\">Renforcer les comp\u00e9tences par la coop\u00e9ration<\/h2>\n\n<p>Le partenariat entre \u00e9l\u00e8ves est essentiel pour construire une communaut\u00e9 \u00e9ducative forte. Dans cet esprit, une voie vers une \u00e9cole plus \u00e9quitable est de favoriser la <strong>coop\u00e9ration<\/strong> entre les apprenants. La <strong>p\u00e9dagogie coop\u00e9rative<\/strong> a prouv\u00e9 qu\u2019elle renforce les comp\u00e9tences sociales, comme l\u2019\u00e9coute et la communication, tout en cr\u00e9ant un climat d\u2019entraide favorable.<\/p>\n\n<p>Les enseignants peuvent encourager cette approche en int\u00e9grant des travaux de groupe dans leur planning. Cela peut se traduire par des d\u00e9fis ou des jeux de r\u00f4le impliquant plusieurs \u00e9l\u00e8ves qui doivent collaborer pour r\u00e9soudre une probl\u00e9matique commune. Le partage des savoirs devient alors une pratique quotidienne.<\/p>\n\n<ul class=\"wp-block-list\"><li>Travaux de groupe sous forme de jeux \ud83c\udfb2<\/li><li>D\u00e9fis collaboratifs dans divers domaines \ud83d\udc4f<\/li><li>Utilisation de la technologie pour faciliter l&rsquo;interaction \ud83d\udcbb<\/li><\/ul>\n\n<figure class=\"wp-block-table\"><table>\n<thead>\n<tr>\n<th><strong>Activit\u00e9<\/strong><\/th>\n<th><strong>Objectif<\/strong><\/th>\n<th><strong>B\u00e9n\u00e9fices<\/strong><\/th>\n<\/tr>\n<\/thead>\n<tbody>\n<tr>\n<td>Projet en groupe<\/td>\n<td>Travailler ensemble sur un sujet sp\u00e9cifique<\/td>\n<td>Apprendre \u00e0 r\u00e9soudre des probl\u00e8mes<\/td>\n<\/tr>\n<tr>\n<td>Jeux de r\u00f4les<\/td>\n<td>Explorer diff\u00e9rents points de vue<\/td>\n<td>D\u00e9velopper l&#8217;empathie<\/td>\n<\/tr>\n<\/tbody>\n<\/table><\/figure>\n\n<p>Ces modalit\u00e9s d&rsquo;apprentissage cr\u00e9ent un v\u00e9ritable \u00e9lan de motivation au sein de l&rsquo;\u00e9l\u00e8ve, qui se voit proactif dans sa formation. Il n\u2019est pas simplement un r\u00e9ceptacle de connaissances, mais bien l\u2019un des acteurs principaux de son apprentissage.<\/p>\n\n<h2 class=\"wp-block-heading\">Pens\u00e9e critique et cr\u00e9ativit\u00e9 : les nouvelles comp\u00e9tences de demain<\/h2>\n\n<p>\u00c0 l&rsquo;heure o\u00f9 le monde \u00e9volue \u00e0 une vitesse fulgurante, l&rsquo;\u00e9ducation doit s&rsquo;adapter pour pr\u00e9parer les \u00e9l\u00e8ves aux d\u00e9fis futurs. La pens\u00e9e critique et la cr\u00e9ativit\u00e9 sont devenues des comp\u00e9tences indispensables. Les \u00e9coles doivent donc aller au-del\u00e0 des connaissances acad\u00e9miques pour cultiver ces comp\u00e9tences.<\/p>\n\n<p>Par exemple, un enseignement qui encourage le questionnement, l&rsquo;exp\u00e9rimentation et l&rsquo;innovation s&rsquo;inscrit dans une nouvelle dynamique \u00e9ducative. En int\u00e9grant des ateliers de r\u00e9flexion cr\u00e9ative, les \u00e9l\u00e8ves d\u00e9veloppent leur capacit\u00e9 \u00e0 trouver des solutions innovantes et \u00e0 appr\u00e9hender les enjeux contemporains sous un angle diff\u00e9rent.<\/p>\n\n<ul class=\"wp-block-list\"><li>Ateliers de th\u00e9\u00e2tre pour d\u00e9velopper l&rsquo;expression personnelle \ud83c\udfad<\/li><li>Cr\u00e9ation de projets d&rsquo;innovation solidaire \ud83c\udf0d<\/li><li>D\u00e9bats sur des th\u00e9matiques d&rsquo;actualit\u00e9 \ud83d\udcac<\/li><\/ul>\n\n<figure class=\"wp-block-table\"><table>\n<thead>\n<tr>\n<th><strong>Activit\u00e9<\/strong><\/th>\n<th><strong>But<\/strong><\/th>\n<th><strong>R\u00e9sultat attendu<\/strong><\/th>\n<\/tr>\n<\/thead>\n<tbody>\n<tr>\n<td>D\u00e9bats<\/td>\n<td>D\u00e9velopper la capacit\u00e9 d&rsquo;analyse<\/td>\n<td>Pens\u00e9e critique approfondie<\/td>\n<\/tr>\n<tr>\n<td>Projets d&rsquo;innovation<\/td>\n<td>Encourager la cr\u00e9ativit\u00e9<\/td>\n<td>Inventions pertinentes pour la soci\u00e9t\u00e9<\/td>\n<\/tr>\n<\/tbody>\n<\/table><\/figure>\n\n<p>Valoriser la cr\u00e9ativit\u00e9 et la pens\u00e9e critique permet de forger des citoyens r\u00e9fl\u00e9chis et engag\u00e9s. Ces comp\u00e9tences totalement fondamentales, doivent faire partie int\u00e9grante de toute formation, contribuant \u00e0 l&rsquo;\u00e9panouissement des \u00e9l\u00e8ves autant sur le plan personnel que collectif.<\/p>\n\n<h2 class=\"wp-block-heading\">FAQ<\/h2>\n\n<p><strong>1. Pourquoi est-il important d&rsquo;inclure tous les savoirs dans l&rsquo;\u00e9ducation ?<\/strong><\/p>\n\n<p>Inclure tous les savoirs permet de valoriser la diversit\u00e9 des comp\u00e9tences de chaque \u00e9l\u00e8ve, d&rsquo;\u00e9liminer les in\u00e9galit\u00e9s et de favoriser un environnement d&rsquo;apprentissage riche.<\/p>\n\n<p><strong>2. Quelles strat\u00e9gies peuvent \u00eatre mises en place pour encourager la coop\u00e9ration entre \u00e9l\u00e8ves ?<\/strong><\/p>\n\n<p>Des projets en groupe, des d\u00e9fis collaboratifs et des partenariats de travail favorisent la solidarit\u00e9 et la communication entre \u00e9l\u00e8ves.<\/p>\n\n<p><strong>3. Comment int\u00e9grer la pens\u00e9e critique dans les pratiques p\u00e9dagogiques ?<\/strong><\/p>\n\n<p>Par le biais d&rsquo;activit\u00e9s comme les d\u00e9bats, les projets d&rsquo;innovation et les ateliers de r\u00e9flexion cr\u00e9ative, on peut encourager les \u00e9l\u00e8ves \u00e0 d\u00e9velopper leur esprit critique.<\/p>\n\n<p><strong>4. Quelles sont les comp\u00e9tences cl\u00e9s \u00e0 promouvoir pour l&rsquo;\u00e9cole de demain ?<\/strong><\/p>\n\n<p>Les comp\u00e9tences cl\u00e9s incluent la cr\u00e9ativit\u00e9, la pens\u00e9e critique, l&rsquo;autonomie, et l&#8217;empathie, essentielles pour pr\u00e9parer les \u00e9l\u00e8ves aux d\u00e9fis futurs.<\/p>\n\n<p><strong>5. Qu&rsquo;est-ce qu&rsquo;une \u00e9cole inclusive ?<\/strong><\/p>\n\n<p>Une \u00e9cole inclusive est un \u00e9tablissement qui s&rsquo;adapte aux besoins de chaque \u00e9l\u00e8ve, valorisant toutes les formes de savoirs et cr\u00e9ant un environnement d&rsquo;apprentissage \u00e9quitable.<\/p>\n\n","protected":false},"excerpt":{"rendered":"<p>Dans le monde d&rsquo;aujourd&rsquo;hui, l&rsquo;\u00e9ducation joue un r\u00f4le essentiel dans le d\u00e9veloppement des individus et des soci\u00e9t\u00e9s. Imagine une \u00e9cole o\u00f9 les savoirs se rencontrent, une \u00e9cole qui non seulement enseigne mais se transforme en v\u00e9ritable carrefour des savoirs, o\u00f9 l&rsquo;\u00e9l\u00e8ve devient acteur de son apprentissage. Innover en mati\u00e8re \u00e9ducative est devenu une n\u00e9cessit\u00e9, non &#8230; <a title=\"imaginez une \u00e9cole o\u00f9 tous les savoirs se rencontrent\" class=\"read-more\" href=\"https:\/\/www.apres-lecole.fr\/Blog\/ecole-savoirs-rencontres\/\" aria-label=\"En savoir plus sur imaginez une \u00e9cole o\u00f9 tous les savoirs se rencontrent\">Lire plus<\/a><\/p>\n","protected":false},"author":9,"featured_media":0,"comment_status":"open","ping_status":"open","sticky":false,"template":"","format":"standard","meta":{"footnotes":""},"categories":[342],"tags":[828,410,412,827,826],"class_list":["post-1939","post","type-post","status-publish","format-standard","hentry","category-actualites","tag-apprentissage","tag-ecole","tag-education","tag-rencontre","tag-savoirs"],"yoast_head":"<!-- This site is optimized with the Yoast SEO plugin v27.5 - https:\/\/yoast.com\/product\/yoast-seo-wordpress\/ -->\n<title>Une \u00e9cole o\u00f9 les savoirs fusionnent pour apprendre autrement<\/title>\n<meta name=\"description\" content=\"D\u00e9couvrez une \u00e9cole innovante o\u00f9 tous les savoirs se rencontrent et se croisent. Un lieu d&#039;apprentissage unique qui valorise la diversit\u00e9 des connaissances et favorise l&#039;\u00e9panouissement des \u00e9l\u00e8ves. Rejoignez-nous pour une \u00e9ducation holistique qui \u00e9largit les horizons et cultive la curiosit\u00e9 !\" \/>\n<meta name=\"robots\" content=\"index, follow, max-snippet:-1, max-image-preview:large, max-video-preview:-1\" \/>\n<link rel=\"canonical\" href=\"https:\/\/www.apres-lecole.fr\/Blog\/ecole-savoirs-rencontres\/\" \/>\n<meta property=\"og:locale\" content=\"fr_FR\" \/>\n<meta property=\"og:type\" content=\"article\" \/>\n<meta property=\"og:title\" content=\"Une \u00e9cole o\u00f9 les savoirs fusionnent pour apprendre autrement\" \/>\n<meta property=\"og:description\" content=\"D\u00e9couvrez une \u00e9cole innovante o\u00f9 tous les savoirs se rencontrent et se croisent. Un lieu d&#039;apprentissage unique qui valorise la diversit\u00e9 des connaissances et favorise l&#039;\u00e9panouissement des \u00e9l\u00e8ves. Rejoignez-nous pour une \u00e9ducation holistique qui \u00e9largit les horizons et cultive la curiosit\u00e9 !\" \/>\n<meta property=\"og:url\" content=\"https:\/\/www.apres-lecole.fr\/Blog\/ecole-savoirs-rencontres\/\" \/>\n<meta property=\"article:published_time\" content=\"2025-05-09T21:25:13+00:00\" \/>\n<meta name=\"author\" content=\"Eva Martin\" \/>\n<meta name=\"twitter:card\" content=\"summary_large_image\" \/>\n<meta name=\"twitter:creator\" content=\"@Evaapresecole\" \/>\n<meta name=\"twitter:label1\" content=\"\u00c9crit par\" \/>\n\t<meta name=\"twitter:data1\" content=\"Eva Martin\" \/>\n\t<meta name=\"twitter:label2\" content=\"Dur\u00e9e de lecture estim\u00e9e\" \/>\n\t<meta name=\"twitter:data2\" content=\"8 minutes\" \/>\n<script type=\"application\/ld+json\" class=\"yoast-schema-graph\">{\"@context\":\"https:\\\/\\\/schema.org\",\"@graph\":[{\"@type\":\"Article\",\"@id\":\"https:\\\/\\\/www.apres-lecole.fr\\\/Blog\\\/ecole-savoirs-rencontres\\\/#article\",\"isPartOf\":{\"@id\":\"https:\\\/\\\/www.apres-lecole.fr\\\/Blog\\\/ecole-savoirs-rencontres\\\/\"},\"author\":{\"name\":\"Eva Martin\",\"@id\":\"https:\\\/\\\/www.apres-lecole.fr\\\/Blog\\\/#\\\/schema\\\/person\\\/aeb50cd4b51fc69da155804bb5bb9fc4\"},\"headline\":\"imaginez une \u00e9cole o\u00f9 tous les savoirs se rencontrent\",\"datePublished\":\"2025-05-09T21:25:13+00:00\",\"mainEntityOfPage\":{\"@id\":\"https:\\\/\\\/www.apres-lecole.fr\\\/Blog\\\/ecole-savoirs-rencontres\\\/\"},\"wordCount\":1584,\"commentCount\":0,\"keywords\":[\"apprentissage\",\"\u00e9cole\",\"\u00e9ducation\",\"rencontre\",\"savoirs\"],\"articleSection\":[\"Actualit\u00e9s\"],\"inLanguage\":\"fr-FR\",\"potentialAction\":[{\"@type\":\"CommentAction\",\"name\":\"Comment\",\"target\":[\"https:\\\/\\\/www.apres-lecole.fr\\\/Blog\\\/ecole-savoirs-rencontres\\\/#respond\"]}]},{\"@type\":\"WebPage\",\"@id\":\"https:\\\/\\\/www.apres-lecole.fr\\\/Blog\\\/ecole-savoirs-rencontres\\\/\",\"url\":\"https:\\\/\\\/www.apres-lecole.fr\\\/Blog\\\/ecole-savoirs-rencontres\\\/\",\"name\":\"Une \u00e9cole o\u00f9 les savoirs fusionnent pour apprendre autrement\",\"isPartOf\":{\"@id\":\"https:\\\/\\\/www.apres-lecole.fr\\\/Blog\\\/#website\"},\"datePublished\":\"2025-05-09T21:25:13+00:00\",\"author\":{\"@id\":\"https:\\\/\\\/www.apres-lecole.fr\\\/Blog\\\/#\\\/schema\\\/person\\\/aeb50cd4b51fc69da155804bb5bb9fc4\"},\"description\":\"D\u00e9couvrez une \u00e9cole innovante o\u00f9 tous les savoirs se rencontrent et se croisent. Un lieu d'apprentissage unique qui valorise la diversit\u00e9 des connaissances et favorise l'\u00e9panouissement des \u00e9l\u00e8ves. Rejoignez-nous pour une \u00e9ducation holistique qui \u00e9largit les horizons et cultive la curiosit\u00e9 !\",\"breadcrumb\":{\"@id\":\"https:\\\/\\\/www.apres-lecole.fr\\\/Blog\\\/ecole-savoirs-rencontres\\\/#breadcrumb\"},\"inLanguage\":\"fr-FR\",\"potentialAction\":[{\"@type\":\"ReadAction\",\"target\":[\"https:\\\/\\\/www.apres-lecole.fr\\\/Blog\\\/ecole-savoirs-rencontres\\\/\"]}]},{\"@type\":\"BreadcrumbList\",\"@id\":\"https:\\\/\\\/www.apres-lecole.fr\\\/Blog\\\/ecole-savoirs-rencontres\\\/#breadcrumb\",\"itemListElement\":[{\"@type\":\"ListItem\",\"position\":1,\"name\":\"Home\",\"item\":\"https:\\\/\\\/www.apres-lecole.fr\\\/Blog\\\/\"},{\"@type\":\"ListItem\",\"position\":2,\"name\":\"imaginez une \u00e9cole o\u00f9 tous les savoirs se rencontrent\"}]},{\"@type\":\"WebSite\",\"@id\":\"https:\\\/\\\/www.apres-lecole.fr\\\/Blog\\\/#website\",\"url\":\"https:\\\/\\\/www.apres-lecole.fr\\\/Blog\\\/\",\"name\":\"\",\"description\":\"M\u00e9dia g\u00e9n\u00e9raliste\",\"potentialAction\":[{\"@type\":\"SearchAction\",\"target\":{\"@type\":\"EntryPoint\",\"urlTemplate\":\"https:\\\/\\\/www.apres-lecole.fr\\\/Blog\\\/?s={search_term_string}\"},\"query-input\":{\"@type\":\"PropertyValueSpecification\",\"valueRequired\":true,\"valueName\":\"search_term_string\"}}],\"inLanguage\":\"fr-FR\"},{\"@type\":\"Person\",\"@id\":\"https:\\\/\\\/www.apres-lecole.fr\\\/Blog\\\/#\\\/schema\\\/person\\\/aeb50cd4b51fc69da155804bb5bb9fc4\",\"name\":\"Eva Martin\",\"image\":{\"@type\":\"ImageObject\",\"inLanguage\":\"fr-FR\",\"@id\":\"https:\\\/\\\/secure.gravatar.com\\\/avatar\\\/55c53222558b27a72015a64073a80edce4abd33369394b9bf2c5cd6c19d12682?s=96&d=mm&r=g\",\"url\":\"https:\\\/\\\/secure.gravatar.com\\\/avatar\\\/55c53222558b27a72015a64073a80edce4abd33369394b9bf2c5cd6c19d12682?s=96&d=mm&r=g\",\"contentUrl\":\"https:\\\/\\\/secure.gravatar.com\\\/avatar\\\/55c53222558b27a72015a64073a80edce4abd33369394b9bf2c5cd6c19d12682?s=96&d=mm&r=g\",\"caption\":\"Eva Martin\"},\"description\":\"Je parle de business et d'entrepreneuriat avec des conseils clairs, concrets et actionnables pour r\u00e9ussir\",\"sameAs\":[\"https:\\\/\\\/x.com\\\/Evaapresecole\"],\"url\":\"https:\\\/\\\/www.apres-lecole.fr\\\/Blog\\\/author\\\/evamartin\\\/\"}]}<\/script>\n<!-- \/ Yoast SEO plugin. -->","yoast_head_json":{"title":"Une \u00e9cole o\u00f9 les savoirs fusionnent pour apprendre autrement","description":"D\u00e9couvrez une \u00e9cole innovante o\u00f9 tous les savoirs se rencontrent et se croisent. Un lieu d'apprentissage unique qui valorise la diversit\u00e9 des connaissances et favorise l'\u00e9panouissement des \u00e9l\u00e8ves. Rejoignez-nous pour une \u00e9ducation holistique qui \u00e9largit les horizons et cultive la curiosit\u00e9 !","robots":{"index":"index","follow":"follow","max-snippet":"max-snippet:-1","max-image-preview":"max-image-preview:large","max-video-preview":"max-video-preview:-1"},"canonical":"https:\/\/www.apres-lecole.fr\/Blog\/ecole-savoirs-rencontres\/","og_locale":"fr_FR","og_type":"article","og_title":"Une \u00e9cole o\u00f9 les savoirs fusionnent pour apprendre autrement","og_description":"D\u00e9couvrez une \u00e9cole innovante o\u00f9 tous les savoirs se rencontrent et se croisent. Un lieu d'apprentissage unique qui valorise la diversit\u00e9 des connaissances et favorise l'\u00e9panouissement des \u00e9l\u00e8ves. Rejoignez-nous pour une \u00e9ducation holistique qui \u00e9largit les horizons et cultive la curiosit\u00e9 !","og_url":"https:\/\/www.apres-lecole.fr\/Blog\/ecole-savoirs-rencontres\/","article_published_time":"2025-05-09T21:25:13+00:00","author":"Eva Martin","twitter_card":"summary_large_image","twitter_creator":"@Evaapresecole","twitter_misc":{"\u00c9crit par":"Eva Martin","Dur\u00e9e de lecture estim\u00e9e":"8 minutes"},"schema":{"@context":"https:\/\/schema.org","@graph":[{"@type":"Article","@id":"https:\/\/www.apres-lecole.fr\/Blog\/ecole-savoirs-rencontres\/#article","isPartOf":{"@id":"https:\/\/www.apres-lecole.fr\/Blog\/ecole-savoirs-rencontres\/"},"author":{"name":"Eva Martin","@id":"https:\/\/www.apres-lecole.fr\/Blog\/#\/schema\/person\/aeb50cd4b51fc69da155804bb5bb9fc4"},"headline":"imaginez une \u00e9cole o\u00f9 tous les savoirs se rencontrent","datePublished":"2025-05-09T21:25:13+00:00","mainEntityOfPage":{"@id":"https:\/\/www.apres-lecole.fr\/Blog\/ecole-savoirs-rencontres\/"},"wordCount":1584,"commentCount":0,"keywords":["apprentissage","\u00e9cole","\u00e9ducation","rencontre","savoirs"],"articleSection":["Actualit\u00e9s"],"inLanguage":"fr-FR","potentialAction":[{"@type":"CommentAction","name":"Comment","target":["https:\/\/www.apres-lecole.fr\/Blog\/ecole-savoirs-rencontres\/#respond"]}]},{"@type":"WebPage","@id":"https:\/\/www.apres-lecole.fr\/Blog\/ecole-savoirs-rencontres\/","url":"https:\/\/www.apres-lecole.fr\/Blog\/ecole-savoirs-rencontres\/","name":"Une \u00e9cole o\u00f9 les savoirs fusionnent pour apprendre autrement","isPartOf":{"@id":"https:\/\/www.apres-lecole.fr\/Blog\/#website"},"datePublished":"2025-05-09T21:25:13+00:00","author":{"@id":"https:\/\/www.apres-lecole.fr\/Blog\/#\/schema\/person\/aeb50cd4b51fc69da155804bb5bb9fc4"},"description":"D\u00e9couvrez une \u00e9cole innovante o\u00f9 tous les savoirs se rencontrent et se croisent. Un lieu d'apprentissage unique qui valorise la diversit\u00e9 des connaissances et favorise l'\u00e9panouissement des \u00e9l\u00e8ves. Rejoignez-nous pour une \u00e9ducation holistique qui \u00e9largit les horizons et cultive la curiosit\u00e9 !","breadcrumb":{"@id":"https:\/\/www.apres-lecole.fr\/Blog\/ecole-savoirs-rencontres\/#breadcrumb"},"inLanguage":"fr-FR","potentialAction":[{"@type":"ReadAction","target":["https:\/\/www.apres-lecole.fr\/Blog\/ecole-savoirs-rencontres\/"]}]},{"@type":"BreadcrumbList","@id":"https:\/\/www.apres-lecole.fr\/Blog\/ecole-savoirs-rencontres\/#breadcrumb","itemListElement":[{"@type":"ListItem","position":1,"name":"Home","item":"https:\/\/www.apres-lecole.fr\/Blog\/"},{"@type":"ListItem","position":2,"name":"imaginez une \u00e9cole o\u00f9 tous les savoirs se rencontrent"}]},{"@type":"WebSite","@id":"https:\/\/www.apres-lecole.fr\/Blog\/#website","url":"https:\/\/www.apres-lecole.fr\/Blog\/","name":"","description":"M\u00e9dia g\u00e9n\u00e9raliste","potentialAction":[{"@type":"SearchAction","target":{"@type":"EntryPoint","urlTemplate":"https:\/\/www.apres-lecole.fr\/Blog\/?s={search_term_string}"},"query-input":{"@type":"PropertyValueSpecification","valueRequired":true,"valueName":"search_term_string"}}],"inLanguage":"fr-FR"},{"@type":"Person","@id":"https:\/\/www.apres-lecole.fr\/Blog\/#\/schema\/person\/aeb50cd4b51fc69da155804bb5bb9fc4","name":"Eva Martin","image":{"@type":"ImageObject","inLanguage":"fr-FR","@id":"https:\/\/secure.gravatar.com\/avatar\/55c53222558b27a72015a64073a80edce4abd33369394b9bf2c5cd6c19d12682?s=96&d=mm&r=g","url":"https:\/\/secure.gravatar.com\/avatar\/55c53222558b27a72015a64073a80edce4abd33369394b9bf2c5cd6c19d12682?s=96&d=mm&r=g","contentUrl":"https:\/\/secure.gravatar.com\/avatar\/55c53222558b27a72015a64073a80edce4abd33369394b9bf2c5cd6c19d12682?s=96&d=mm&r=g","caption":"Eva Martin"},"description":"Je parle de business et d'entrepreneuriat avec des conseils clairs, concrets et actionnables pour r\u00e9ussir","sameAs":["https:\/\/x.com\/Evaapresecole"],"url":"https:\/\/www.apres-lecole.fr\/Blog\/author\/evamartin\/"}]}},"views":665,"_links":{"self":[{"href":"https:\/\/www.apres-lecole.fr\/Blog\/wp-json\/wp\/v2\/posts\/1939","targetHints":{"allow":["GET"]}}],"collection":[{"href":"https:\/\/www.apres-lecole.fr\/Blog\/wp-json\/wp\/v2\/posts"}],"about":[{"href":"https:\/\/www.apres-lecole.fr\/Blog\/wp-json\/wp\/v2\/types\/post"}],"author":[{"embeddable":true,"href":"https:\/\/www.apres-lecole.fr\/Blog\/wp-json\/wp\/v2\/users\/9"}],"replies":[{"embeddable":true,"href":"https:\/\/www.apres-lecole.fr\/Blog\/wp-json\/wp\/v2\/comments?post=1939"}],"version-history":[{"count":0,"href":"https:\/\/www.apres-lecole.fr\/Blog\/wp-json\/wp\/v2\/posts\/1939\/revisions"}],"wp:attachment":[{"href":"https:\/\/www.apres-lecole.fr\/Blog\/wp-json\/wp\/v2\/media?parent=1939"}],"wp:term":[{"taxonomy":"category","embeddable":true,"href":"https:\/\/www.apres-lecole.fr\/Blog\/wp-json\/wp\/v2\/categories?post=1939"},{"taxonomy":"post_tag","embeddable":true,"href":"https:\/\/www.apres-lecole.fr\/Blog\/wp-json\/wp\/v2\/tags?post=1939"}],"curies":[{"name":"wp","href":"https:\/\/api.w.org\/{rel}","templated":true}]}}