{"id":1937,"date":"2025-05-08T21:04:31","date_gmt":"2025-05-08T21:04:31","guid":{"rendered":"https:\/\/www.apres-lecole.fr\/Blog\/jours-manques-classe-mai\/"},"modified":"2025-05-08T21:04:31","modified_gmt":"2025-05-08T21:04:31","slug":"jours-manques-classe-mai","status":"publish","type":"post","link":"https:\/\/www.apres-lecole.fr\/Blog\/jours-manques-classe-mai\/","title":{"rendered":"Peut-on faire manquer des jours de classe \u00e0 son enfant durant les ponts de mai ? Voici nos r\u00e9ponses."},"content":{"rendered":"\n\n<div class=\"kk-star-ratings kksr-auto kksr-align-left kksr-valign-top\"\n    data-payload='{&quot;align&quot;:&quot;left&quot;,&quot;id&quot;:&quot;1937&quot;,&quot;slug&quot;:&quot;default&quot;,&quot;valign&quot;:&quot;top&quot;,&quot;ignore&quot;:&quot;&quot;,&quot;reference&quot;:&quot;auto&quot;,&quot;class&quot;:&quot;&quot;,&quot;count&quot;:&quot;0&quot;,&quot;legendonly&quot;:&quot;&quot;,&quot;readonly&quot;:&quot;&quot;,&quot;score&quot;:&quot;0&quot;,&quot;starsonly&quot;:&quot;&quot;,&quot;best&quot;:&quot;5&quot;,&quot;gap&quot;:&quot;5&quot;,&quot;greet&quot;:&quot;Rate this post&quot;,&quot;legend&quot;:&quot;0\\\/5 - (0 vote)&quot;,&quot;size&quot;:&quot;24&quot;,&quot;title&quot;:&quot;Peut-on faire manquer des jours de classe \u00e0 son enfant durant les ponts de mai ? Voici nos r\u00e9ponses.&quot;,&quot;width&quot;:&quot;0&quot;,&quot;_legend&quot;:&quot;{score}\\\/{best} - ({count} {votes})&quot;,&quot;font_factor&quot;:&quot;1.25&quot;}'>\n            \n<div class=\"kksr-stars\">\n    \n<div class=\"kksr-stars-inactive\">\n            <div class=\"kksr-star\" data-star=\"1\" style=\"padding-right: 5px\">\n            \n\n<div class=\"kksr-icon\" style=\"width: 24px; height: 24px;\"><\/div>\n        <\/div>\n            <div class=\"kksr-star\" data-star=\"2\" style=\"padding-right: 5px\">\n            \n\n<div class=\"kksr-icon\" style=\"width: 24px; height: 24px;\"><\/div>\n        <\/div>\n            <div class=\"kksr-star\" data-star=\"3\" style=\"padding-right: 5px\">\n            \n\n<div class=\"kksr-icon\" style=\"width: 24px; height: 24px;\"><\/div>\n        <\/div>\n            <div class=\"kksr-star\" data-star=\"4\" style=\"padding-right: 5px\">\n            \n\n<div class=\"kksr-icon\" style=\"width: 24px; height: 24px;\"><\/div>\n        <\/div>\n            <div class=\"kksr-star\" data-star=\"5\" style=\"padding-right: 5px\">\n            \n\n<div class=\"kksr-icon\" style=\"width: 24px; height: 24px;\"><\/div>\n        <\/div>\n    <\/div>\n    \n<div class=\"kksr-stars-active\" style=\"width: 0px;\">\n            <div class=\"kksr-star\" style=\"padding-right: 5px\">\n            \n\n<div class=\"kksr-icon\" style=\"width: 24px; height: 24px;\"><\/div>\n        <\/div>\n            <div class=\"kksr-star\" style=\"padding-right: 5px\">\n            \n\n<div class=\"kksr-icon\" style=\"width: 24px; height: 24px;\"><\/div>\n        <\/div>\n            <div class=\"kksr-star\" style=\"padding-right: 5px\">\n            \n\n<div class=\"kksr-icon\" style=\"width: 24px; height: 24px;\"><\/div>\n        <\/div>\n            <div class=\"kksr-star\" style=\"padding-right: 5px\">\n            \n\n<div class=\"kksr-icon\" style=\"width: 24px; height: 24px;\"><\/div>\n        <\/div>\n            <div class=\"kksr-star\" style=\"padding-right: 5px\">\n            \n\n<div class=\"kksr-icon\" style=\"width: 24px; height: 24px;\"><\/div>\n        <\/div>\n    <\/div>\n<\/div>\n                \n\n<div class=\"kksr-legend\" style=\"font-size: 19.2px;\">\n            <span class=\"kksr-muted\">Rate this post<\/span>\n    <\/div>\n    <\/div>\n<p>Les ponts de mai sont souvent attendus avec impatience, tant par les enfants que par les parents. Qui ne r\u00eave pas de prolonger quelques jours de libert\u00e9 et de d\u00e9tente, surtout en cette belle saison ? Mais attention ! Avant de prendre la d\u00e9cision de faire manquer quelques jours de classe \u00e0 son enfant, il est essentiel de se pencher sur la question des r\u00e9glementations scolaires. Peut-on vraiment jouer avec les jours d&rsquo;\u00e9cole pendant ce mois festif ?<\/p>\n\n<h2 class=\"wp-block-heading\">Les jours f\u00e9ri\u00e9s et leur impact sur les absences scolaires<\/h2>\n\n<p>Lorsque l&rsquo;on parle de ponts de mai, il est crucial de savoir quels jours sont r\u00e9ellement f\u00e9ri\u00e9s. Dans le calendrier fran\u00e7ais, plusieurs dates cl\u00e9s apparaissent au mois de mai : le 1er mai (F\u00eate du Travail), le 8 mai (Victoire de 1945) et l&rsquo;Ascension, qui tombe souvent un jeudi. Ces jours ne sont pas consid\u00e9r\u00e9s comme des jours d&rsquo;\u00e9cole, ce qui ouvre la porte \u00e0 diverses interpr\u00e9tations en ce qui concerne les absences.<\/p>\n\n<h3 class=\"wp-block-heading\">Jours f\u00e9ri\u00e9s vs jours de classe<\/h3>\n\n<p>Les journ\u00e9es class\u00e9es comme <strong>jours f\u00e9ri\u00e9s<\/strong> n\u2019imposent pas d&rsquo;obligation scolaire. De nombreux parents se posent donc la question : si l\u2019\u00e9cole est ferm\u00e9e, pourquoi ne pas prendre un jour ou deux pour partir en week-end ? Pourtant, cette attitude peut avoir des r\u00e9percussions. En effet, tout manquement aux r\u00e8gles du Code de l&rsquo;\u00e9ducation peut engendrer des sanctions.<\/p>\n\n<ul class=\"wp-block-list\"><li>1er mai &#8211; F\u00eate du Travail \ud83d\udcc5<\/li><li>8 mai &#8211; Victoire de 1945 \ud83d\udd4a\ufe0f<\/li><li>Ascension &#8211; g\u00e9n\u00e9ralement un jeudi \ud83d\udd3c<\/li><\/ul>\n\n<p>Il est important de v\u00e9rifier le calendrier scolaire afin de bien comprendre o\u00f9 se situent les jours f\u00e9ri\u00e9s. Si l\u2019on se penche sur la r\u00e9glementation, elle stipule que les parents ont l&rsquo;obligation d&rsquo;assurer la scolarit\u00e9 de leur enfant. Ainsi, faire manquer l&rsquo;\u00e9cole pour des raisons personnelles, sans justification valable, peut entra\u00eener des cons\u00e9quences.<\/p>\n\n<h3 class=\"wp-block-heading\">Les sanctions potentielles<\/h3>\n\n<p>Les parents qui choisissent de faire manquer des jours d&rsquo;\u00e9cole \u00e0 leurs enfants sans motif valable peuvent encourir une amende, pouvant aller jusqu&rsquo;\u00e0 <strong>135 euros<\/strong>. Pourtant, cette situation reste souvent floue pour beaucoup. L&rsquo;\u00e9ducation nationale pr\u00e9voit des sanctions en cas d&rsquo;absent\u00e9isme, et ce, peu importe le motif invoqu\u00e9. Les instances \u00e9ducatives sont strictes, d&rsquo;autant plus que chaque absence non justifi\u00e9e peut perturber l&rsquo;apprentissage scolaire de l&rsquo;enfant.<\/p>\n\n<figure class=\"wp-block-table\"><table>\n<thead>\n<tr>\n<th>Type d&rsquo;absence<\/th>\n<th>Cons\u00e9quences possibles<\/th>\n<\/tr>\n<\/thead>\n<tbody>\n<tr>\n<td>Absence justifi\u00e9e (maladie, rendez-vous m\u00e9dical)<\/td>\n<td>Aucune sanction \u274c<\/td>\n<\/tr>\n<tr>\n<td>Absence injustifi\u00e9e (cong\u00e9s, vacances anticip\u00e9es)<\/td>\n<td>Amende de 135 euros \ud83d\udcb8<\/td>\n<\/tr>\n<tr>\n<td>Absences r\u00e9p\u00e9t\u00e9es<\/td>\n<td>Alerte des autorit\u00e9s scolaires \ud83d\udea8<\/td>\n<\/tr>\n<\/tbody>\n<\/table><\/figure>\n\n<p>Il ne reste donc plus qu\u2019\u00e0 peser le pour et le contre avant de d\u00e9gainer le planning des vacances. Les ponts de mai peuvent devenir une \u00e9cole de la vie, mais dans les limites fix\u00e9es par la r\u00e9glementation. L&rsquo;\u00e9ducation ne se joue pas \u00e0 la l\u00e9g\u00e8re, et faire l&rsquo;impasse sur cela pourrait nuire \u00e0 la scolarit\u00e9 et \u00e0 l&rsquo;avenir de l&rsquo;enfant.<\/p>\n\n<h2 class=\"wp-block-heading\">Les alternatives aux cong\u00e9s pendant les ponts<\/h2>\n\n<p>Pour ceux qui veulent absolument profiter de ces jours f\u00e9ri\u00e9s, il existe des alternatives aux absences scolaires. En r\u00e9alit\u00e9, il est toujours possible de planifier des activit\u00e9s enrichissantes qui ne nuisent pas \u00e0 l&rsquo;\u00e9ducation de l&rsquo;enfant. Les sorties familiales, les visites culturelles ou m\u00eame des projets \u00e9ducatifs sont autant d&rsquo;options qui peuvent permettre de concilier vacances et apprentissage.<\/p>\n\n<h3 class=\"wp-block-heading\">Activit\u00e9s enrichissantes pendant les ponts<\/h3>\n\n<p>Si la tentation de faire manquer des jours d&rsquo;\u00e9cole est forte, il est possible de la transformer en opportunit\u00e9 d&rsquo;apprentissage. Voici quelques id\u00e9es d&rsquo;activit\u00e9s \u00e0 envisager :<\/p>\n\n<ul class=\"wp-block-list\"><li>Visiter des mus\u00e9es \ud83d\uddbc\ufe0f<\/li><li>Participer \u00e0 des ateliers artistiques \ud83c\udfa8<\/li><li>Faire des sorties en plein air \ud83c\udf33<\/li><li>D\u00e9couvrir de nouvelles cultures \u00e0 travers des festivals \ud83c\udf89<\/li><\/ul>\n\n<p>Ces activit\u00e9s permettent non seulement d&rsquo;occuper l\u2019esprit pendant les cong\u00e9s mais aussi d\u2019apprendre de mani\u00e8re ludique. Il s\u2019agit d\u2019int\u00e9grer l\u2019apprentissage au quotidien, plut\u00f4t que de s\u2019affranchir du cadre scolaire. Avec une bonne organisation, la p\u00e9riode des ponts peut \u00eatre \u00e9galement b\u00e9n\u00e9fique pour le d\u00e9veloppement personnel de l&rsquo;enfant.<\/p>\n\n<h3 class=\"wp-block-heading\">Prendre la parole avec l\u2019\u00e9cole<\/h3>\n\n<p>Si des absences sont in\u00e9vitables, il vaut mieux en discuter directement avec l\u2019enseignant. La communication est essentielle pour \u00e9viter les malentendus. Proposer une rencontre, expliquer les raisons et justifier l&rsquo;absence peut att\u00e9nuer les effets n\u00e9gatifs. Les enseignants sont souvent compr\u00e9hensifs et peuvent offrir des alternatives ou des ressources suppl\u00e9mentaires pour compenser les cours manqu\u00e9s.<\/p>\n\n<figure class=\"wp-block-table\"><table>\n<thead>\n<tr>\n<th>Type d&rsquo;activit\u00e9<\/th>\n<th>Avantages<\/th>\n<\/tr>\n<\/thead>\n<tbody>\n<tr>\n<td>Mus\u00e9e<\/td>\n<td>Apprentissage culturel \ud83d\udcda<\/td>\n<\/tr>\n<tr>\n<td>Atelier artistique<\/td>\n<td>Stimulation de la cr\u00e9ativit\u00e9 \ud83c\udfa8<\/td>\n<\/tr>\n<tr>\n<td>Sorties nature<\/td>\n<td>\u00c9ducation \u00e0 l\u2019environnement \ud83c\udf43<\/td>\n<\/tr>\n<\/tbody>\n<\/table><\/figure>\n\n<p>Profiter des ponts de mai tout en respectant l\u2019\u00e9ducation et le cadre scolaire est possible. En instaurant une communication claire et en optant pour des activit\u00e9s enrichissantes, il est possible de vivre de bons moments en famille sans compromettre l\u2019avenir \u00e9ducatif.<\/p>\n\n<h2 class=\"wp-block-heading\">Les aspects l\u00e9gaux de l&rsquo;absence scolaire durant les ponts<\/h2>\n\n<p>Les parents sont souvent confront\u00e9s \u00e0 une question cruciale : quelles sont les implications juridiques de faire manquer l\u2019\u00e9cole \u00e0 son enfant ? Les r\u00e8gles r\u00e9gissant le droit \u00e0 l&rsquo;\u00e9ducation sont claires. En France, l&rsquo;absence scolaire doit \u00eatre justifi\u00e9e. Il y a des cas o\u00f9 le Code de l&rsquo;\u00e9ducation pr\u00e9voit des autorisations pour absences prolong\u00e9es, mais cela ne s&rsquo;applique pas toujours aux ponts de mai.<\/p>\n\n<h3 class=\"wp-block-heading\">Le Code de l&rsquo;\u00e9ducation<\/h3>\n\n<p>Le Code de l&rsquo;\u00e9ducation stipule que chaque enfant a l&rsquo;obligation de fr\u00e9quenter un \u00e9tablissement scolaire \u00e0 partir de l&rsquo;\u00e2ge de 6 ans. Cela implique que les parents doivent veiller \u00e0 ce que leur enfant assiste aux cours. Les absences injustifi\u00e9es sont donc \u00e0 proscrire afin de ne pas contrevenir \u00e0 la loi.<\/p>\n\n<ul class=\"wp-block-list\"><li>Chaque enfant doit \u00eatre scolaris\u00e9 d\u00e8s 6 ans \ud83c\udf92<\/li><li>L&rsquo;absence doit \u00eatre justifi\u00e9e par des raisons l\u00e9gales (maladie, d\u00e9c\u00e8s, etc.) \ud83d\udc94<\/li><li>En cas d&rsquo;absence non justifi\u00e9e, des sanctions peuvent survenir \ud83d\udeab<\/li><\/ul>\n\n<p>Les parents qui choisissent de ne pas respecter ces lois pourraient se retrouver dans des situations difficiles. En plus de l&rsquo;amende mise en place par les autorit\u00e9s, les parents peuvent \u00e9galement \u00eatre confront\u00e9s \u00e0 des avertissements ou m\u00eame s&rsquo;exposer \u00e0 des proc\u00e9dures judiciaires si le cas est extr\u00eame. Il est donc primordial de prendre conscience de ces enjeux.<\/p>\n\n<h3 class=\"wp-block-heading\">Les recours possibles<\/h3>\n\n<p>En cas de litige avec l&rsquo;\u00e9cole, les parents ont la possibilit\u00e9 de faire appel \u00e0 des dispositifs \u00e9ducatifs disponibles dans leur r\u00e9gion. Des conseils juridiques peuvent \u00e9galement \u00eatre recherch\u00e9s si l&rsquo;on se sent perdu dans le d\u00e9dale du syst\u00e8me \u00e9ducatif. Plusieurs associations apportent \u00e9galement leur soutien aux familles dans ce type de situation afin d&rsquo;\u00e9viter les conflits majeurs.<\/p>\n\n<figure class=\"wp-block-table\"><table>\n<thead>\n<tr>\n<th>Type de recours<\/th>\n<th>Exemples<\/th>\n<\/tr>\n<\/thead>\n<tbody>\n<tr>\n<td>Contactez l&rsquo;\u00e9tablissement<\/td>\n<td>Expliquer votre situation \ud83e\udd1d<\/td>\n<\/tr>\n<tr>\n<td>Recours aupr\u00e8s de l&rsquo;acad\u00e9mie<\/td>\n<td>Demander des conseils \u00e9ducatifs \ud83c\udfeb<\/td>\n<\/tr>\n<tr>\n<td>Assistance d&rsquo;associations<\/td>\n<td>Soutien juridique et moral \ud83d\udcdc<\/td>\n<\/tr>\n<\/tbody>\n<\/table><\/figure>\n\n<p>S&rsquo;informer sur les droits et devoirs en tant que parent est un imp\u00e9ratif. La connaissance des lois permet de prot\u00e9ger l&rsquo;\u00e9ducation de l&rsquo;enfant tout en savourant les douceurs des ponts de mai.<\/p>\n\n<h2 class=\"wp-block-heading\">Les cons\u00e9quences sur l\u2019\u00e9ducation \u00e0 long terme<\/h2>\n\n<p>Faire manquer des jours de classe \u00e0 un enfant, m\u00eame pour de belles raisons, peut avoir des cons\u00e9quences sur son parcours \u00e9ducatif. Les p\u00e9riodes d\u2019absent\u00e9isme constant peuvent cr\u00e9er des lacunes dans les apprentissages. En effet, chaque jour pass\u00e9 \u00e0 l&rsquo;\u00e9cole a son importance dans la construction du savoir de l&rsquo;enfant.<\/p>\n\n<h3 class=\"wp-block-heading\">Impact sur l&rsquo;apprentissage<\/h3>\n\n<p>Un enfant qui cumule les absences peut conna\u00eetre plusieurs difficult\u00e9s sur le long terme. En effet, l&rsquo;absence d&rsquo;un seul cours peut avoir des r\u00e9percussions sur la compr\u00e9hension des le\u00e7ons suivantes. Ainsi, il est utile de r\u00e9fl\u00e9chir aux effets que cela peut avoir sur le d\u00e9veloppement intellectuel de votre enfant.<\/p>\n\n<ul class=\"wp-block-list\"><li>R\u00e9cup\u00e9rer les le\u00e7ons manqu\u00e9es peut devenir un vrai d\u00e9fi \ud83d\udcd6<\/li><li>Les notes peuvent chuter \u00e0 cause de l&rsquo;incompr\u00e9hension des sujets abord\u00e9s \u274c<\/li><li>Les enfants peuvent cr\u00e9er une aversion pour l&rsquo;\u00e9cole si l&rsquo;absent\u00e9isme devient une habitude \ud83d\udeb7<\/li><\/ul>\n\n<p>Le soutien des parents est crucial pour surmonter ces d\u00e9fis. Cr\u00e9er un environnement propice \u00e0 l&rsquo;apprentissage, m\u00eame en dehors des jours de classe, peut pousser l&rsquo;enfant \u00e0 s&rsquo;investir davantage dans ses \u00e9tudes. Int\u00e9grer des moments d&rsquo;\u00e9change autour de l&rsquo;\u00e9cole, discuter des le\u00e7ons v\u00e9cues, tout cela contribue \u00e0 compenser l&rsquo;absence.<\/p>\n\n<h3 class=\"wp-block-heading\">\u00c9quilibre entre loisirs et \u00e9tudes<\/h3>\n\n<p>La cl\u00e9 r\u00e9side dans l\u2019\u00e9quilibre entre loisirs et \u00e9tudes. Les ponts de mai peuvent \u00eatre effectivement un moment de pause et de loisir, mais cet \u00e9quilibre doit \u00eatre soigneusement dos\u00e9. Les parents peuvent mettre en place des strat\u00e9gies pour garantir que le temps de repos ne corresponde pas \u00e0 une perte d\u2019apprentissage.<\/p>\n\n<figure class=\"wp-block-table\"><table>\n<thead>\n<tr>\n<th>Strat\u00e9gie<\/th>\n<th>Impact potentiel<\/th>\n<\/tr>\n<\/thead>\n<tbody>\n<tr>\n<td>Cr\u00e9er un planning d\u2019apprentissages ludiques<\/td>\n<td>Renforcer les comp\u00e9tences \u2699\ufe0f<\/td>\n<\/tr>\n<tr>\n<td>\u00c9tablir des moments d\u2019\u00e9change sur l\u2019\u00e9cole<\/td>\n<td>Encourager et motiver \ud83d\udc4d<\/td>\n<\/tr>\n<tr>\n<td>Varier les activit\u00e9s \u00e9ducatives<\/td>\n<td>\u00c9largir la culture g\u00e9n\u00e9rale \ud83c\udf0d<\/td>\n<\/tr>\n<\/tbody>\n<\/table><\/figure>\n\n<p>Les ponts de mai doivent \u00eatre per\u00e7us comme une opportunit\u00e9 de pause, tout en respectant le cadre \u00e9ducatif. L\u2019avenir de l\u2019enfant repose en partie sur un \u00e9quilibre harmonieux entre \u00e9ducation et loisirs.<\/p>\n\n<h2 class=\"wp-block-heading\">FAQ<\/h2>\n\n<ul class=\"wp-block-list\"><li><strong>Pourquoi ne peut-on pas faire manquer des jours d&rsquo;\u00e9cole \u00e0 un enfant durant les ponts de mai ?<\/strong> <br>Tout manquement \u00e0 l\u2019obligation scolaire peut entra\u00eener des sanctions pour les parents, selon le Code de l&rsquo;\u00e9ducation.<\/li><li><strong>Quelles sont les cons\u00e9quences de l&rsquo;absent\u00e9isme scolaire ?<\/strong> <br>Les enfants peuvent rencontrer des difficult\u00e9s d&rsquo;apprentissage et une baisse de leur motivation scolaire.<\/li><li><strong>Comment justifier une absence pendant les ponts ?<\/strong> <br>Il est conseill\u00e9 de discuter avec l&rsquo;enseignant pour expliquer la situation et de fournir un justificatif si besoin.<\/li><li><strong>Quelles activit\u00e9s \u00e9ducatives peuvent remplacer des jours d&rsquo;\u00e9cole ?<\/strong> <br>Les visites culturelles, les sorties en plein air et les projets artistiques offrent une alternative enrichissante.<\/li><li><strong>Quels recours sanctionnent les parents pour absences scolaires ?<\/strong> <br>Les parents peuvent se voir infliger des amendes allant jusqu\u2019\u00e0 135 euros pour chaque absence injustifi\u00e9e.<\/li><\/ul>\n\n","protected":false},"excerpt":{"rendered":"<p>Les ponts de mai sont souvent attendus avec impatience, tant par les enfants que par les parents. Qui ne r\u00eave pas de prolonger quelques jours de libert\u00e9 et de d\u00e9tente, surtout en cette belle saison ? Mais attention ! Avant de prendre la d\u00e9cision de faire manquer quelques jours de classe \u00e0 son enfant, il &#8230; <a title=\"Peut-on faire manquer des jours de classe \u00e0 son enfant durant les ponts de mai ? Voici nos r\u00e9ponses.\" class=\"read-more\" href=\"https:\/\/www.apres-lecole.fr\/Blog\/jours-manques-classe-mai\/\" aria-label=\"En savoir plus sur Peut-on faire manquer des jours de classe \u00e0 son enfant durant les ponts de mai ? Voici nos r\u00e9ponses.\">Lire plus<\/a><\/p>\n","protected":false},"author":9,"featured_media":0,"comment_status":"open","ping_status":"open","sticky":false,"template":"","format":"standard","meta":{"footnotes":""},"categories":[342],"tags":[688,412,669,820,821],"class_list":["post-1937","post","type-post","status-publish","format-standard","hentry","category-actualites","tag-absence-scolaire","tag-education","tag-enfants","tag-jours-de-classe","tag-ponts-de-mai"],"yoast_head":"<!-- This site is optimized with the Yoast SEO plugin v27.5 - https:\/\/yoast.com\/product\/yoast-seo-wordpress\/ -->\n<title>Des ponts de mai sans cours : les r\u00e8gles \u00e0 conna\u00eetre<\/title>\n<meta name=\"description\" content=\"D\u00e9couvrez si vous pouvez faire manquer des jours de classe \u00e0 votre enfant durant les ponts de mai. Cet article r\u00e9pond \u00e0 vos questions sur les r\u00e8gles scolaires, les implications l\u00e9gales et les conseils pratiques pour g\u00e9rer les absences tout en pr\u00e9servant l&#039;\u00e9ducation de votre enfant.\" \/>\n<meta name=\"robots\" content=\"index, follow, max-snippet:-1, max-image-preview:large, max-video-preview:-1\" \/>\n<link rel=\"canonical\" href=\"https:\/\/www.apres-lecole.fr\/Blog\/jours-manques-classe-mai\/\" \/>\n<meta property=\"og:locale\" content=\"fr_FR\" \/>\n<meta property=\"og:type\" content=\"article\" \/>\n<meta property=\"og:title\" content=\"Des ponts de mai sans cours : les r\u00e8gles \u00e0 conna\u00eetre\" \/>\n<meta property=\"og:description\" content=\"D\u00e9couvrez si vous pouvez faire manquer des jours de classe \u00e0 votre enfant durant les ponts de mai. Cet article r\u00e9pond \u00e0 vos questions sur les r\u00e8gles scolaires, les implications l\u00e9gales et les conseils pratiques pour g\u00e9rer les absences tout en pr\u00e9servant l&#039;\u00e9ducation de votre enfant.\" \/>\n<meta property=\"og:url\" content=\"https:\/\/www.apres-lecole.fr\/Blog\/jours-manques-classe-mai\/\" \/>\n<meta property=\"article:published_time\" content=\"2025-05-08T21:04:31+00:00\" \/>\n<meta name=\"author\" content=\"Eva Martin\" \/>\n<meta name=\"twitter:card\" content=\"summary_large_image\" \/>\n<meta name=\"twitter:creator\" content=\"@Evaapresecole\" \/>\n<meta name=\"twitter:label1\" content=\"\u00c9crit par\" \/>\n\t<meta name=\"twitter:data1\" content=\"Eva Martin\" \/>\n\t<meta name=\"twitter:label2\" content=\"Dur\u00e9e de lecture estim\u00e9e\" \/>\n\t<meta name=\"twitter:data2\" content=\"8 minutes\" \/>\n<script type=\"application\/ld+json\" class=\"yoast-schema-graph\">{\"@context\":\"https:\\\/\\\/schema.org\",\"@graph\":[{\"@type\":\"Article\",\"@id\":\"https:\\\/\\\/www.apres-lecole.fr\\\/Blog\\\/jours-manques-classe-mai\\\/#article\",\"isPartOf\":{\"@id\":\"https:\\\/\\\/www.apres-lecole.fr\\\/Blog\\\/jours-manques-classe-mai\\\/\"},\"author\":{\"name\":\"Eva Martin\",\"@id\":\"https:\\\/\\\/www.apres-lecole.fr\\\/Blog\\\/#\\\/schema\\\/person\\\/aeb50cd4b51fc69da155804bb5bb9fc4\"},\"headline\":\"Peut-on faire manquer des jours de classe \u00e0 son enfant durant les ponts de mai ? Voici nos r\u00e9ponses.\",\"datePublished\":\"2025-05-08T21:04:31+00:00\",\"mainEntityOfPage\":{\"@id\":\"https:\\\/\\\/www.apres-lecole.fr\\\/Blog\\\/jours-manques-classe-mai\\\/\"},\"wordCount\":1720,\"commentCount\":0,\"keywords\":[\"absence scolaire\",\"\u00e9ducation\",\"enfants\",\"jours de classe\",\"ponts de mai\"],\"articleSection\":[\"Actualit\u00e9s\"],\"inLanguage\":\"fr-FR\",\"potentialAction\":[{\"@type\":\"CommentAction\",\"name\":\"Comment\",\"target\":[\"https:\\\/\\\/www.apres-lecole.fr\\\/Blog\\\/jours-manques-classe-mai\\\/#respond\"]}]},{\"@type\":\"WebPage\",\"@id\":\"https:\\\/\\\/www.apres-lecole.fr\\\/Blog\\\/jours-manques-classe-mai\\\/\",\"url\":\"https:\\\/\\\/www.apres-lecole.fr\\\/Blog\\\/jours-manques-classe-mai\\\/\",\"name\":\"Des ponts de mai sans cours : les r\u00e8gles \u00e0 conna\u00eetre\",\"isPartOf\":{\"@id\":\"https:\\\/\\\/www.apres-lecole.fr\\\/Blog\\\/#website\"},\"datePublished\":\"2025-05-08T21:04:31+00:00\",\"author\":{\"@id\":\"https:\\\/\\\/www.apres-lecole.fr\\\/Blog\\\/#\\\/schema\\\/person\\\/aeb50cd4b51fc69da155804bb5bb9fc4\"},\"description\":\"D\u00e9couvrez si vous pouvez faire manquer des jours de classe \u00e0 votre enfant durant les ponts de mai. Cet article r\u00e9pond \u00e0 vos questions sur les r\u00e8gles scolaires, les implications l\u00e9gales et les conseils pratiques pour g\u00e9rer les absences tout en pr\u00e9servant l'\u00e9ducation de votre enfant.\",\"breadcrumb\":{\"@id\":\"https:\\\/\\\/www.apres-lecole.fr\\\/Blog\\\/jours-manques-classe-mai\\\/#breadcrumb\"},\"inLanguage\":\"fr-FR\",\"potentialAction\":[{\"@type\":\"ReadAction\",\"target\":[\"https:\\\/\\\/www.apres-lecole.fr\\\/Blog\\\/jours-manques-classe-mai\\\/\"]}]},{\"@type\":\"BreadcrumbList\",\"@id\":\"https:\\\/\\\/www.apres-lecole.fr\\\/Blog\\\/jours-manques-classe-mai\\\/#breadcrumb\",\"itemListElement\":[{\"@type\":\"ListItem\",\"position\":1,\"name\":\"Home\",\"item\":\"https:\\\/\\\/www.apres-lecole.fr\\\/Blog\\\/\"},{\"@type\":\"ListItem\",\"position\":2,\"name\":\"Peut-on faire manquer des jours de classe \u00e0 son enfant durant les ponts de mai ? Voici nos r\u00e9ponses.\"}]},{\"@type\":\"WebSite\",\"@id\":\"https:\\\/\\\/www.apres-lecole.fr\\\/Blog\\\/#website\",\"url\":\"https:\\\/\\\/www.apres-lecole.fr\\\/Blog\\\/\",\"name\":\"\",\"description\":\"M\u00e9dia g\u00e9n\u00e9raliste\",\"potentialAction\":[{\"@type\":\"SearchAction\",\"target\":{\"@type\":\"EntryPoint\",\"urlTemplate\":\"https:\\\/\\\/www.apres-lecole.fr\\\/Blog\\\/?s={search_term_string}\"},\"query-input\":{\"@type\":\"PropertyValueSpecification\",\"valueRequired\":true,\"valueName\":\"search_term_string\"}}],\"inLanguage\":\"fr-FR\"},{\"@type\":\"Person\",\"@id\":\"https:\\\/\\\/www.apres-lecole.fr\\\/Blog\\\/#\\\/schema\\\/person\\\/aeb50cd4b51fc69da155804bb5bb9fc4\",\"name\":\"Eva Martin\",\"image\":{\"@type\":\"ImageObject\",\"inLanguage\":\"fr-FR\",\"@id\":\"https:\\\/\\\/secure.gravatar.com\\\/avatar\\\/55c53222558b27a72015a64073a80edce4abd33369394b9bf2c5cd6c19d12682?s=96&d=mm&r=g\",\"url\":\"https:\\\/\\\/secure.gravatar.com\\\/avatar\\\/55c53222558b27a72015a64073a80edce4abd33369394b9bf2c5cd6c19d12682?s=96&d=mm&r=g\",\"contentUrl\":\"https:\\\/\\\/secure.gravatar.com\\\/avatar\\\/55c53222558b27a72015a64073a80edce4abd33369394b9bf2c5cd6c19d12682?s=96&d=mm&r=g\",\"caption\":\"Eva Martin\"},\"description\":\"Je parle de business et d'entrepreneuriat avec des conseils clairs, concrets et actionnables pour r\u00e9ussir\",\"sameAs\":[\"https:\\\/\\\/x.com\\\/Evaapresecole\"],\"url\":\"https:\\\/\\\/www.apres-lecole.fr\\\/Blog\\\/author\\\/evamartin\\\/\"}]}<\/script>\n<!-- \/ Yoast SEO plugin. -->","yoast_head_json":{"title":"Des ponts de mai sans cours : les r\u00e8gles \u00e0 conna\u00eetre","description":"D\u00e9couvrez si vous pouvez faire manquer des jours de classe \u00e0 votre enfant durant les ponts de mai. Cet article r\u00e9pond \u00e0 vos questions sur les r\u00e8gles scolaires, les implications l\u00e9gales et les conseils pratiques pour g\u00e9rer les absences tout en pr\u00e9servant l'\u00e9ducation de votre enfant.","robots":{"index":"index","follow":"follow","max-snippet":"max-snippet:-1","max-image-preview":"max-image-preview:large","max-video-preview":"max-video-preview:-1"},"canonical":"https:\/\/www.apres-lecole.fr\/Blog\/jours-manques-classe-mai\/","og_locale":"fr_FR","og_type":"article","og_title":"Des ponts de mai sans cours : les r\u00e8gles \u00e0 conna\u00eetre","og_description":"D\u00e9couvrez si vous pouvez faire manquer des jours de classe \u00e0 votre enfant durant les ponts de mai. Cet article r\u00e9pond \u00e0 vos questions sur les r\u00e8gles scolaires, les implications l\u00e9gales et les conseils pratiques pour g\u00e9rer les absences tout en pr\u00e9servant l'\u00e9ducation de votre enfant.","og_url":"https:\/\/www.apres-lecole.fr\/Blog\/jours-manques-classe-mai\/","article_published_time":"2025-05-08T21:04:31+00:00","author":"Eva Martin","twitter_card":"summary_large_image","twitter_creator":"@Evaapresecole","twitter_misc":{"\u00c9crit par":"Eva Martin","Dur\u00e9e de lecture estim\u00e9e":"8 minutes"},"schema":{"@context":"https:\/\/schema.org","@graph":[{"@type":"Article","@id":"https:\/\/www.apres-lecole.fr\/Blog\/jours-manques-classe-mai\/#article","isPartOf":{"@id":"https:\/\/www.apres-lecole.fr\/Blog\/jours-manques-classe-mai\/"},"author":{"name":"Eva Martin","@id":"https:\/\/www.apres-lecole.fr\/Blog\/#\/schema\/person\/aeb50cd4b51fc69da155804bb5bb9fc4"},"headline":"Peut-on faire manquer des jours de classe \u00e0 son enfant durant les ponts de mai ? Voici nos r\u00e9ponses.","datePublished":"2025-05-08T21:04:31+00:00","mainEntityOfPage":{"@id":"https:\/\/www.apres-lecole.fr\/Blog\/jours-manques-classe-mai\/"},"wordCount":1720,"commentCount":0,"keywords":["absence scolaire","\u00e9ducation","enfants","jours de classe","ponts de mai"],"articleSection":["Actualit\u00e9s"],"inLanguage":"fr-FR","potentialAction":[{"@type":"CommentAction","name":"Comment","target":["https:\/\/www.apres-lecole.fr\/Blog\/jours-manques-classe-mai\/#respond"]}]},{"@type":"WebPage","@id":"https:\/\/www.apres-lecole.fr\/Blog\/jours-manques-classe-mai\/","url":"https:\/\/www.apres-lecole.fr\/Blog\/jours-manques-classe-mai\/","name":"Des ponts de mai sans cours : les r\u00e8gles \u00e0 conna\u00eetre","isPartOf":{"@id":"https:\/\/www.apres-lecole.fr\/Blog\/#website"},"datePublished":"2025-05-08T21:04:31+00:00","author":{"@id":"https:\/\/www.apres-lecole.fr\/Blog\/#\/schema\/person\/aeb50cd4b51fc69da155804bb5bb9fc4"},"description":"D\u00e9couvrez si vous pouvez faire manquer des jours de classe \u00e0 votre enfant durant les ponts de mai. Cet article r\u00e9pond \u00e0 vos questions sur les r\u00e8gles scolaires, les implications l\u00e9gales et les conseils pratiques pour g\u00e9rer les absences tout en pr\u00e9servant l'\u00e9ducation de votre enfant.","breadcrumb":{"@id":"https:\/\/www.apres-lecole.fr\/Blog\/jours-manques-classe-mai\/#breadcrumb"},"inLanguage":"fr-FR","potentialAction":[{"@type":"ReadAction","target":["https:\/\/www.apres-lecole.fr\/Blog\/jours-manques-classe-mai\/"]}]},{"@type":"BreadcrumbList","@id":"https:\/\/www.apres-lecole.fr\/Blog\/jours-manques-classe-mai\/#breadcrumb","itemListElement":[{"@type":"ListItem","position":1,"name":"Home","item":"https:\/\/www.apres-lecole.fr\/Blog\/"},{"@type":"ListItem","position":2,"name":"Peut-on faire manquer des jours de classe \u00e0 son enfant durant les ponts de mai ? Voici nos r\u00e9ponses."}]},{"@type":"WebSite","@id":"https:\/\/www.apres-lecole.fr\/Blog\/#website","url":"https:\/\/www.apres-lecole.fr\/Blog\/","name":"","description":"M\u00e9dia g\u00e9n\u00e9raliste","potentialAction":[{"@type":"SearchAction","target":{"@type":"EntryPoint","urlTemplate":"https:\/\/www.apres-lecole.fr\/Blog\/?s={search_term_string}"},"query-input":{"@type":"PropertyValueSpecification","valueRequired":true,"valueName":"search_term_string"}}],"inLanguage":"fr-FR"},{"@type":"Person","@id":"https:\/\/www.apres-lecole.fr\/Blog\/#\/schema\/person\/aeb50cd4b51fc69da155804bb5bb9fc4","name":"Eva Martin","image":{"@type":"ImageObject","inLanguage":"fr-FR","@id":"https:\/\/secure.gravatar.com\/avatar\/55c53222558b27a72015a64073a80edce4abd33369394b9bf2c5cd6c19d12682?s=96&d=mm&r=g","url":"https:\/\/secure.gravatar.com\/avatar\/55c53222558b27a72015a64073a80edce4abd33369394b9bf2c5cd6c19d12682?s=96&d=mm&r=g","contentUrl":"https:\/\/secure.gravatar.com\/avatar\/55c53222558b27a72015a64073a80edce4abd33369394b9bf2c5cd6c19d12682?s=96&d=mm&r=g","caption":"Eva Martin"},"description":"Je parle de business et d'entrepreneuriat avec des conseils clairs, concrets et actionnables pour r\u00e9ussir","sameAs":["https:\/\/x.com\/Evaapresecole"],"url":"https:\/\/www.apres-lecole.fr\/Blog\/author\/evamartin\/"}]}},"views":9,"_links":{"self":[{"href":"https:\/\/www.apres-lecole.fr\/Blog\/wp-json\/wp\/v2\/posts\/1937","targetHints":{"allow":["GET"]}}],"collection":[{"href":"https:\/\/www.apres-lecole.fr\/Blog\/wp-json\/wp\/v2\/posts"}],"about":[{"href":"https:\/\/www.apres-lecole.fr\/Blog\/wp-json\/wp\/v2\/types\/post"}],"author":[{"embeddable":true,"href":"https:\/\/www.apres-lecole.fr\/Blog\/wp-json\/wp\/v2\/users\/9"}],"replies":[{"embeddable":true,"href":"https:\/\/www.apres-lecole.fr\/Blog\/wp-json\/wp\/v2\/comments?post=1937"}],"version-history":[{"count":0,"href":"https:\/\/www.apres-lecole.fr\/Blog\/wp-json\/wp\/v2\/posts\/1937\/revisions"}],"wp:attachment":[{"href":"https:\/\/www.apres-lecole.fr\/Blog\/wp-json\/wp\/v2\/media?parent=1937"}],"wp:term":[{"taxonomy":"category","embeddable":true,"href":"https:\/\/www.apres-lecole.fr\/Blog\/wp-json\/wp\/v2\/categories?post=1937"},{"taxonomy":"post_tag","embeddable":true,"href":"https:\/\/www.apres-lecole.fr\/Blog\/wp-json\/wp\/v2\/tags?post=1937"}],"curies":[{"name":"wp","href":"https:\/\/api.w.org\/{rel}","templated":true}]}}