{"id":1936,"date":"2025-05-08T07:16:46","date_gmt":"2025-05-08T07:16:46","guid":{"rendered":"https:\/\/www.apres-lecole.fr\/Blog\/usage-vous-ecoles-quebec\/"},"modified":"2025-05-08T07:16:46","modified_gmt":"2025-05-08T07:16:46","slug":"usage-vous-ecoles-quebec","status":"publish","type":"post","link":"https:\/\/www.apres-lecole.fr\/Blog\/usage-vous-ecoles-quebec\/","title":{"rendered":"Le Qu\u00e9bec envisage d&rsquo;instaurer l&rsquo;usage du \u00ab vous \u00bb dans les \u00e9tablissements scolaires"},"content":{"rendered":"\n\n<div class=\"kk-star-ratings kksr-auto kksr-align-left kksr-valign-top\"\n    data-payload='{&quot;align&quot;:&quot;left&quot;,&quot;id&quot;:&quot;1936&quot;,&quot;slug&quot;:&quot;default&quot;,&quot;valign&quot;:&quot;top&quot;,&quot;ignore&quot;:&quot;&quot;,&quot;reference&quot;:&quot;auto&quot;,&quot;class&quot;:&quot;&quot;,&quot;count&quot;:&quot;0&quot;,&quot;legendonly&quot;:&quot;&quot;,&quot;readonly&quot;:&quot;&quot;,&quot;score&quot;:&quot;0&quot;,&quot;starsonly&quot;:&quot;&quot;,&quot;best&quot;:&quot;5&quot;,&quot;gap&quot;:&quot;5&quot;,&quot;greet&quot;:&quot;Rate this post&quot;,&quot;legend&quot;:&quot;0\\\/5 - (0 vote)&quot;,&quot;size&quot;:&quot;24&quot;,&quot;title&quot;:&quot;Le Qu\u00e9bec envisage d\\u0026#039;instaurer l\\u0026#039;usage du \u00ab vous \u00bb dans les \u00e9tablissements scolaires&quot;,&quot;width&quot;:&quot;0&quot;,&quot;_legend&quot;:&quot;{score}\\\/{best} - ({count} {votes})&quot;,&quot;font_factor&quot;:&quot;1.25&quot;}'>\n            \n<div class=\"kksr-stars\">\n    \n<div class=\"kksr-stars-inactive\">\n            <div class=\"kksr-star\" data-star=\"1\" style=\"padding-right: 5px\">\n            \n\n<div class=\"kksr-icon\" style=\"width: 24px; height: 24px;\"><\/div>\n        <\/div>\n            <div class=\"kksr-star\" data-star=\"2\" style=\"padding-right: 5px\">\n            \n\n<div class=\"kksr-icon\" style=\"width: 24px; height: 24px;\"><\/div>\n        <\/div>\n            <div class=\"kksr-star\" data-star=\"3\" style=\"padding-right: 5px\">\n            \n\n<div class=\"kksr-icon\" style=\"width: 24px; height: 24px;\"><\/div>\n        <\/div>\n            <div class=\"kksr-star\" data-star=\"4\" style=\"padding-right: 5px\">\n            \n\n<div class=\"kksr-icon\" style=\"width: 24px; height: 24px;\"><\/div>\n        <\/div>\n            <div class=\"kksr-star\" data-star=\"5\" style=\"padding-right: 5px\">\n            \n\n<div class=\"kksr-icon\" style=\"width: 24px; height: 24px;\"><\/div>\n        <\/div>\n    <\/div>\n    \n<div class=\"kksr-stars-active\" style=\"width: 0px;\">\n            <div class=\"kksr-star\" style=\"padding-right: 5px\">\n            \n\n<div class=\"kksr-icon\" style=\"width: 24px; height: 24px;\"><\/div>\n        <\/div>\n            <div class=\"kksr-star\" style=\"padding-right: 5px\">\n            \n\n<div class=\"kksr-icon\" style=\"width: 24px; height: 24px;\"><\/div>\n        <\/div>\n            <div class=\"kksr-star\" style=\"padding-right: 5px\">\n            \n\n<div class=\"kksr-icon\" style=\"width: 24px; height: 24px;\"><\/div>\n        <\/div>\n            <div class=\"kksr-star\" style=\"padding-right: 5px\">\n            \n\n<div class=\"kksr-icon\" style=\"width: 24px; height: 24px;\"><\/div>\n        <\/div>\n            <div class=\"kksr-star\" style=\"padding-right: 5px\">\n            \n\n<div class=\"kksr-icon\" style=\"width: 24px; height: 24px;\"><\/div>\n        <\/div>\n    <\/div>\n<\/div>\n                \n\n<div class=\"kksr-legend\" style=\"font-size: 19.2px;\">\n            <span class=\"kksr-muted\">Rate this post<\/span>\n    <\/div>\n    <\/div>\n<p>Ce nouvel article explore la mise en place du vouvoiement dans les \u00e9coles du Qu\u00e9bec, une initiative du gouvernement qui suscite des d\u00e9bats \u00e0 plusieurs niveaux. En effet, le projet s&rsquo;inscrit dans un cadre plus large visant \u00e0 renforcer le respect et le civisme au sein des \u00e9tablissements scolaires. Les diff\u00e9rentes r\u00e9actions des professeurs, parents et \u00e9l\u00e8ves t\u00e9moignent de la complexit\u00e9 de ce changement. Compilation d&rsquo;opinions et d&rsquo;analyses sur un sujet qui m\u00e9rite d&rsquo;\u00eatre creus\u00e9.<\/p>\n\n<h2 class=\"wp-block-heading\">Un tournant dans la communication en milieu scolaire<\/h2>\n\n<p>La d\u00e9cision du gouvernement du Qu\u00e9bec d&rsquo;imposer le vouvoiement dans les \u00e9tablissements scolaires repr\u00e9sente une transformation marquante dans la mani\u00e8re dont les \u00e9l\u00e8ves interagissent avec leur personnel \u00e9ducatif. En effet, le tutoiement, qui \u00e9tait auparavant largement r\u00e9pandu et parfois m\u00eame consid\u00e9r\u00e9 comme une forme de modernit\u00e9, est sur le point de c\u00e9der sa place \u00e0 une forme plus traditionnelle de respect.<\/p>\n\n<p>\u00c0 travers cette d\u00e9cision, plusieurs objectifs sont vis\u00e9s :<\/p>\n\n<ul class=\"wp-block-list\"><li>\u2611\ufe0f Favoriser le respect mutuel entre \u00e9l\u00e8ves et enseignants.<\/li><li>\u2611\ufe0f Instaurer une distance respectueuse qui pourrait renforcer l\u2019autorit\u00e9 des enseignants.<\/li><li>\u2611\ufe0f Enrayer un certain rel\u00e2chement dans les comportements observ\u00e9s ces derni\u00e8res ann\u00e9es.<\/li><\/ul>\n\n<p>Le ministre de l\u2019\u00c9ducation, Bernard Drainville, a affirm\u00e9 que cette mesure vise \u00e0 cr\u00e9er une v\u00e9ritable \u00ab\u00a0culture du savoir-vivre\u00a0\u00bb au sein des \u00e9coles. Les \u00e9coles auront jusqu&rsquo;\u00e0 janvier 2026 pour int\u00e9grer ces nouvelles r\u00e8gles de vie, afin que le vouvoiement devienne la norme. Mais qu\u2019est-ce que cela signifie r\u00e9ellement ? Faut-il s\u2019inqui\u00e9ter d\u2019une telle \u00e9volution ? Ces questions m\u00e9ritent une attention particuli\u00e8re.<\/p>\n\n<h3 class=\"wp-block-heading\">Une initiative qui divise<\/h3>\n\n<p>Les r\u00e9actions \u00e0 cette nouvelle directive sont vari\u00e9es. Certains professeurs, tout en saluant l\u2019initiative, s&rsquo;inqui\u00e8tent de la rigidit\u00e9 qu&rsquo;elle pourrait imposer. <strong>Marie-Betty Desrouill\u00e8res<\/strong>, enseignante en fran\u00e7ais dans une \u00e9cole secondaire \u00e0 Montr\u00e9al-Nord, a exprim\u00e9 des doutes, affirmant que \u201cle lien est bien plus facile quand on se tutoie\u201d. Pour elle, le respect ne r\u00e9side pas uniquement dans l\u2019utilisation du \u00ab\u00a0vous\u00a0\u00bb, et le tutoiement peut tout autant \u00eatre synonyme de politesse.<\/p>\n\n<p>Un point souvent soulev\u00e9 est le risque d&rsquo;instaurer une distance qui pourrait nuire \u00e0 la relation enseignant-\u00e9l\u00e8ve. Autrement dit, en rendant l\u2019enseignement davantage formel, on pourrait \u00e9craser la dynamique familiale parfois instaur\u00e9e au sein de la classe, qui favorise la participation et l\u2019engagement des \u00e9l\u00e8ves. Ainsi, les professeurs craignent que la qualit\u00e9 de l\u2019enseignement ne s\u2019en trouve affect\u00e9e.<\/p>\n\n<p>D\u2019un autre c\u00f4t\u00e9, cette initiative est aussi vue comme une occasion de redonner ses lettres de noblesse \u00e0 une pratique de respect. Pour certains parents, cela pourrait encourager les enfants \u00e0 d\u00e9velopper de meilleures comp\u00e9tences sociales qui leur serviront toute leur vie. Ce combat pour le respect vient \u00e9galement en \u00e9cho \u00e0 des initiatives similaires souvent discut\u00e9es au sein de la <strong>Soci\u00e9t\u00e9 de linguistique du Qu\u00e9bec<\/strong>.<\/p>\n\n<h3 class=\"wp-block-heading\">Les implications pr\u00eates \u00e0 se dessiner<\/h3>\n\n<p>Ce changement ne se limite pas seulement au vouvoiement. L\u2019ensemble des r\u00e8gles de vie scolaire subira une r\u00e9vision approfondie. Selon Bernard Drainville, les \u00e9coles devront avoir une politique claire concernant cette question, int\u00e9grant l\u2019usage de \u201cmonsieur\u201d et \u201cmadame\u201d lorsque les \u00e9l\u00e8ves s\u2019adressent \u00e0 un adulte. Les sanctions en cas de non-respect de ces nouvelles normes pourront aller d\u2019une simple lettre d\u2019excuses \u00e0 des mesures plus s\u00e9v\u00e8res.<\/p>\n\n<p>Cette tendance \u00e0 formaliser le rapport entre \u00e9l\u00e8ves et enseignants trouve ses racines dans une volont\u00e9 plus globale de r\u00e9tablir l\u2019autorit\u00e9 dans le milieu scolaire. La <strong>F\u00e9d\u00e9ration des \u00e9tablissements d&rsquo;enseignement priv\u00e9s<\/strong> et le <strong>Conseil sup\u00e9rieur de l&rsquo;\u00e9ducation<\/strong> soutiennent cette initiative, et il semble qu\u2019un large consensus \u00e9merge en faveur d\u2019un retour \u00e0 des interactions plus formelles.<\/p>\n\n<figure class=\"wp-block-table\"><table>\n<thead>\n<tr>\n<th>\u00c9l\u00e9ments cl\u00e9s<\/th>\n<th>Propositions de l&rsquo;initiative<\/th>\n<\/tr>\n<\/thead>\n<tbody>\n<tr>\n<td>Vouvoyer les adultes<\/td>\n<td>OBe obligatoire, incluant \u201cmonsieur\u201d et \u201cmadame\u201d \u00e0 la place des pr\u00e9noms.<\/td>\n<\/tr>\n<tr>\n<td>Sanctions<\/td>\n<td>Allant d&rsquo;une lettre d&rsquo;excuses \u00e0 une \u00e9ventuelle expulsion si r\u00e9p\u00e9t\u00e9.<\/td>\n<\/tr>\n<tr>\n<td>Interdiction des cellulaires<\/td>\n<td>Interdiction totale pendant toute la dur\u00e9e de la journ\u00e9e scolaire.<\/td>\n<\/tr>\n<\/tbody>\n<\/table><\/figure>\n\n<h2 class=\"wp-block-heading\">Les arguments pour et contre le vouvoiement<\/h2>\n\n<p>Pour mieux comprendre le d\u00e9bat autour de cette initiative, il est essentiel d\u2019explorer les arguments des deux c\u00f4t\u00e9s. Respect, distance et politesse sont des mots qui reviennent souvent, mais leur interpr\u00e9tation varie selon les individus.<\/p>\n\n<h3 class=\"wp-block-heading\">Arguments en faveur de l&rsquo;initiative<\/h3>\n\n<p>Les d\u00e9fenseurs du vouvoiement avancent plusieurs points cruciaux :<\/p>\n\n<ul class=\"wp-block-list\"><li>\u2705 Renforcement de l&rsquo;autorit\u00e9 des enseignants au sein de la classe.<\/li><li>\u2705 Promotion d&rsquo;une ambiance respectueuse, contribuant au bien-\u00eatre de tous.<\/li><li>\u2705 Pr\u00e9paration des \u00e9l\u00e8ves \u00e0 un milieu professionnel o\u00f9 le respect de l\u2019autorit\u00e9 et des codes de conduite est primordial.<\/li><\/ul>\n\n<p>Pour ces partisans, opter pour le vouvoiement ne signifie pas renoncer \u00e0 l\u2019\u00e9galit\u00e9, mais bien de renforcer des valeurs signifiantes qui touchent \u00e0 l\u2019\u00e9ducation. \u00c0 l\u2019heure o\u00f9 la violence et le manque de respect se multiplient, ce retour au formalisme pourrait apporter une bouff\u00e9e d\u2019air frais dans le paysage scolaire.<\/p>\n\n<h3 class=\"wp-block-heading\">Arguments contre l&rsquo;imposition du vouvoiement<\/h3>\n\n<p>De l\u2019autre c\u00f4t\u00e9, les opposants font entendre leur voix :<\/p>\n\n<ul class=\"wp-block-list\"><li>\u274c Risque d\u2019\u00e9loigner les \u00e9l\u00e8ves des enseignants, brisant ainsi un lien de confiance.<\/li><li>\u274c La politesse ne devrait pas \u00eatre conditionn\u00e9e \u00e0 l\u2019usage d\u2019un vocabulaire sp\u00e9cifique.<\/li><li>\u274c R\u00e9el danger de voir des sanctions appliqu\u00e9es de mani\u00e8re abusive.<\/li><\/ul>\n\n<p>Ces critiques font \u00e9cho aux inqui\u00e9tudes exprim\u00e9es par des enseignants qui redoutent de voir leur flexibilit\u00e9 p\u00e9dagogique r\u00e9duite. En effet, le tutoiement, lorsqu\u2019il est bien utilis\u00e9, peut favoriser une ambiance plus d\u00e9tendue, propice \u00e0 l\u2019apprentissage.<\/p>\n\n<h2 class=\"wp-block-heading\">Comment les autres pays g\u00e8rent-ils cet \u00e9quilibre ?<\/h2>\n\n<p>Pour appr\u00e9cier pleinement les enjeux du vouvoiement dans le milieu scolaire qu\u00e9b\u00e9cois, il est int\u00e9ressant de regarder \u00e0 l\u2019\u00e9tranger. Dans plusieurs pays, les rapports entre les enseignants et les \u00e9l\u00e8ves sont r\u00e9gis par des traditions linguistiques et culturelles distinctes.<\/p>\n\n<p>Dans des pays comme la France, le vouvoiement est de mise dans les \u00e9coles, ce qui contribue \u00e0 cr\u00e9er une forme de distance respectueuse. Cependant, au sein de certains \u00e9tablissements, les enseignants choisissent apr\u00e8s un certain temps de tutoyer leurs \u00e9l\u00e8ves, cr\u00e9ant ainsi une atmosph\u00e8re plus conviviale. En fin de compte, cela d\u00e9pend de la m\u00e9thode de chaque enseignant et de son approche personnelle.<\/p>\n\n<h3 class=\"wp-block-heading\">L\u2019exemple des pays nordiques<\/h3>\n\n<p>Les pays nordiques, quant \u00e0 eux, adoptent souvent le tutoiement comme norme : une r\u00e9v\u00e9lation surprenante pour des nations o\u00f9 le respect est \u00e9galement fortement ancr\u00e9 dans la culture. Les \u00e9coles danoise et su\u00e9doise, par exemple, exp\u00e9rimentent un mod\u00e8le o\u00f9 le tutoiement est la norme, ce qui semble renforcer l\u2019\u00e9galit\u00e9 au sein de la classe.Instinctivement, cela am\u00e8ne des liens de proximit\u00e9.<\/p>\n\n<p>En ce qui concerne le Qu\u00e9bec, cette initiative pourrait bien incarner un retour \u00e0 une s\u00e9rie de valeurs jug\u00e9es essentielles, mais il reste encore \u00e0 voir quelles seront les r\u00e9percussions sur les \u00e9l\u00e8ves de demain.<\/p>\n\n<figure class=\"wp-block-table\"><table>\n<thead>\n<tr>\n<th>Pays<\/th>\n<th>Politique Linguistique Scolaire<\/th>\n<\/tr>\n<\/thead>\n<tbody>\n<tr>\n<td>France<\/td>\n<td>Vouvoyer les \u00e9l\u00e8ves strictement, formant un respect institutionnel.<\/td>\n<\/tr>\n<tr>\n<td>Sue\u0300de<\/td>\n<td>Tutoiement encourage\u0301, favorise l\u2019\u00e9galit\u00e9.<\/td>\n<\/tr>\n<tr>\n<td>Danemark<\/td>\n<td>Tutoiement de rigueur, souligne la proximit\u00e9.<\/td>\n<\/tr>\n<\/tbody>\n<\/table><\/figure>\n\n<h2 class=\"wp-block-heading\">Analyse et r\u00e9percussions sur la soci\u00e9t\u00e9 qu\u00e9b\u00e9coise<\/h2>\n\n<p>\u00c0 travers cette initiative, le Qu\u00e9bec se trouve \u00e0 un carrefour de son \u00e9volution linguistique et culturelle. La question du respect et de l&rsquo;autorit\u00e9 est centrale, et cette d\u00e9cision pourrait marquer un virage d\u00e9cisif dans la mani\u00e8re dont les \u00e9l\u00e8ves appr\u00e9hendent leur r\u00f4le au sein de l&rsquo;\u00e9cole.<\/p>\n\n<p>Les r\u00e9percussions de ce changement potentiellement historique ne se limiteront pas aux murs des \u00e9tablissements scolaires. Elles engageront la soci\u00e9t\u00e9 tout enti\u00e8re dans un d\u00e9bat sur le respect et la mani\u00e8re de construire des rapports interpersonnels. La <strong>F\u00e9d\u00e9ration des \u00e9tablissements d&rsquo;enseignement priv\u00e9s<\/strong> et l&rsquo;<strong>Association des enseignants du Qu\u00e9bec<\/strong> devront suivre de pr\u00e8s l\u2019\u00e9volution de la situation pour adapter leurs pratiques et leurs programmes.<\/p>\n\n<h3 class=\"wp-block-heading\">Le r\u00f4le des parents et de la communaut\u00e9<\/h3>\n\n<p>La mise en \u0153uvre de ces nouvelles normes devra n\u00e9cessairement passer par une forte implication des parents et de la soci\u00e9t\u00e9. Il sera capital d\u2019expliquer aux \u00e9l\u00e8ves et \u00e0 leurs familles l\u2019importance de cette d\u00e9marche et d&rsquo;encourager un dialogue sur le sujet. En somme, il s&rsquo;agit d&rsquo;une initiative qui appelle \u00e0 la collaboration.<\/p>\n\n<p>Par ailleurs, cela neondule un appel au <strong>R\u00e9seau des \u00e9coles de francisation<\/strong> pour s&rsquo;assurer que les nouvelles pratiques linguistiques s\u2019incorporent de mani\u00e8re naturelle et fluide dans l\u2019\u00e9ducation. Tout changement de ce type est un processus observateur qui n\u00e9cessite patience et compr\u00e9hension.<\/p>\n\n<figure class=\"wp-block-table\"><table>\n<thead>\n<tr>\n<th>Recommandations<\/th>\n<th>Actions \u00e0 entreprendre<\/th>\n<\/tr>\n<\/thead>\n<tbody>\n<tr>\n<td>Informer<\/td>\n<td>Sensibiliser les \u00e9l\u00e8ves \u00e0 l&rsquo;importance du respect.<\/td>\n<\/tr>\n<tr>\n<td>Former<\/td>\n<td>Des ateliers pour enseignants sur le changement de pratiques.<\/td>\n<\/tr>\n<tr>\n<td>\u00c9valuer<\/td>\n<td>Mesurer les impacts apr\u00e8s les premi\u00e8res ann\u00e9es.<\/td>\n<\/tr>\n<\/tbody>\n<\/table><\/figure>\n\n<h2 class=\"wp-block-heading\">FAQ<\/h2>\n\n<h3 class=\"wp-block-heading\">Pourquoi le gouvernement du Qu\u00e9bec impose-t-il le vouvoiement ?<\/h3>\n\n<p>Cette initiative vise \u00e0 renforcer le respect et l&rsquo;autorit\u00e9 dans les \u00e9tablissements scolaires, contribuant ainsi \u00e0 cr\u00e9er une culture de savoir-vivre.<\/p>\n\n<h3 class=\"wp-block-heading\">Quelles sanctions les \u00e9l\u00e8ves encourent-ils en cas de non-respect ?<\/h3>\n\n<p>Les sanctions peuvent aller de lettres d\u2019excuses \u00e0 l\u2019expulsion, en fonction de la gravit\u00e9 de la situation.<\/p>\n\n<h3 class=\"wp-block-heading\">Comment les enseignants r\u00e9agissent-ils \u00e0 cette mesure ?<\/h3>\n\n<p>Les enseignants sont divis\u00e9s. Certains soutiennent l&rsquo;initiative pour promouvoir un cadre respectueux, tandis que d&rsquo;autres craignent un \u00e9loignement avec leurs \u00e9l\u00e8ves.<\/p>\n\n<h3 class=\"wp-block-heading\">Le vouvoiement sera-t-il appliqu\u00e9 uniquement dans les \u00e9coles publiques ?<\/h3>\n\n<p>Non, cette mesure concerne aussi les \u00e9tablissements scolaires priv\u00e9s.<\/p>\n\n<h3 class=\"wp-block-heading\">Quels sont les impacts attendus sur les \u00e9l\u00e8ves ?<\/h3>\n\n<p>Une bonne pr\u00e9paration pour le monde professionnel o\u00f9 le respect et la politesse sont primordiaux est attendue.<\/p>\n\n","protected":false},"excerpt":{"rendered":"<p>Ce nouvel article explore la mise en place du vouvoiement dans les \u00e9coles du Qu\u00e9bec, une initiative du gouvernement qui suscite des d\u00e9bats \u00e0 plusieurs niveaux. En effet, le projet s&rsquo;inscrit dans un cadre plus large visant \u00e0 renforcer le respect et le civisme au sein des \u00e9tablissements scolaires. Les diff\u00e9rentes r\u00e9actions des professeurs, parents &#8230; <a title=\"Le Qu\u00e9bec envisage d&rsquo;instaurer l&rsquo;usage du \u00ab vous \u00bb dans les \u00e9tablissements scolaires\" class=\"read-more\" href=\"https:\/\/www.apres-lecole.fr\/Blog\/usage-vous-ecoles-quebec\/\" aria-label=\"En savoir plus sur Le Qu\u00e9bec envisage d&rsquo;instaurer l&rsquo;usage du \u00ab vous \u00bb dans les \u00e9tablissements scolaires\">Lire plus<\/a><\/p>\n","protected":false},"author":9,"featured_media":0,"comment_status":"open","ping_status":"open","sticky":false,"template":"","format":"standard","meta":{"footnotes":""},"categories":[342],"tags":[412,406,819,817,818],"class_list":["post-1936","post","type-post","status-publish","format-standard","hentry","category-actualites","tag-education","tag-etablissements-scolaires","tag-langue-francaise","tag-quebec","tag-usage-du-vous"],"yoast_head":"<!-- This site is optimized with the Yoast SEO plugin v27.5 - https:\/\/yoast.com\/product\/yoast-seo-wordpress\/ -->\n<title>Le Qu\u00e9bec et le retour du \u00ab vous \u00bb \u00e0 l&#039;\u00e9cole<\/title>\n<meta name=\"description\" content=\"D\u00e9couvrez les implications de la d\u00e9cision du Qu\u00e9bec d&#039;introduire l&#039;usage du \u00ab vous \u00bb dans les \u00e9tablissements scolaires. Cette r\u00e9forme linguistique vise \u00e0 promouvoir une communication respectueuse et formelle entre \u00e9l\u00e8ves et enseignants. Explorez les enjeux culturels et \u00e9ducatifs li\u00e9s \u00e0 cette initiative qui pourrait transformer le paysage linguistique des classes qu\u00e9b\u00e9coises.\" \/>\n<meta name=\"robots\" content=\"index, follow, max-snippet:-1, max-image-preview:large, max-video-preview:-1\" \/>\n<link rel=\"canonical\" href=\"https:\/\/www.apres-lecole.fr\/Blog\/usage-vous-ecoles-quebec\/\" \/>\n<meta property=\"og:locale\" content=\"fr_FR\" \/>\n<meta property=\"og:type\" content=\"article\" \/>\n<meta property=\"og:title\" content=\"Le Qu\u00e9bec et le retour du \u00ab vous \u00bb \u00e0 l&#039;\u00e9cole\" \/>\n<meta property=\"og:description\" content=\"D\u00e9couvrez les implications de la d\u00e9cision du Qu\u00e9bec d&#039;introduire l&#039;usage du \u00ab vous \u00bb dans les \u00e9tablissements scolaires. Cette r\u00e9forme linguistique vise \u00e0 promouvoir une communication respectueuse et formelle entre \u00e9l\u00e8ves et enseignants. Explorez les enjeux culturels et \u00e9ducatifs li\u00e9s \u00e0 cette initiative qui pourrait transformer le paysage linguistique des classes qu\u00e9b\u00e9coises.\" \/>\n<meta property=\"og:url\" content=\"https:\/\/www.apres-lecole.fr\/Blog\/usage-vous-ecoles-quebec\/\" \/>\n<meta property=\"article:published_time\" content=\"2025-05-08T07:16:46+00:00\" \/>\n<meta name=\"author\" content=\"Eva Martin\" \/>\n<meta name=\"twitter:card\" content=\"summary_large_image\" \/>\n<meta name=\"twitter:creator\" content=\"@Evaapresecole\" \/>\n<meta name=\"twitter:label1\" content=\"\u00c9crit par\" \/>\n\t<meta name=\"twitter:data1\" content=\"Eva Martin\" \/>\n\t<meta name=\"twitter:label2\" content=\"Dur\u00e9e de lecture estim\u00e9e\" \/>\n\t<meta name=\"twitter:data2\" content=\"8 minutes\" \/>\n<script type=\"application\/ld+json\" class=\"yoast-schema-graph\">{\"@context\":\"https:\\\/\\\/schema.org\",\"@graph\":[{\"@type\":\"Article\",\"@id\":\"https:\\\/\\\/www.apres-lecole.fr\\\/Blog\\\/usage-vous-ecoles-quebec\\\/#article\",\"isPartOf\":{\"@id\":\"https:\\\/\\\/www.apres-lecole.fr\\\/Blog\\\/usage-vous-ecoles-quebec\\\/\"},\"author\":{\"name\":\"Eva Martin\",\"@id\":\"https:\\\/\\\/www.apres-lecole.fr\\\/Blog\\\/#\\\/schema\\\/person\\\/aeb50cd4b51fc69da155804bb5bb9fc4\"},\"headline\":\"Le Qu\u00e9bec envisage d&rsquo;instaurer l&rsquo;usage du \u00ab vous \u00bb dans les \u00e9tablissements scolaires\",\"datePublished\":\"2025-05-08T07:16:46+00:00\",\"mainEntityOfPage\":{\"@id\":\"https:\\\/\\\/www.apres-lecole.fr\\\/Blog\\\/usage-vous-ecoles-quebec\\\/\"},\"wordCount\":1653,\"commentCount\":0,\"keywords\":[\"\u00e9ducation\",\"\u00e9tablissements scolaires\",\"langue fran\u00e7aise\",\"qu\u00e9bec\",\"usage du vous\"],\"articleSection\":[\"Actualit\u00e9s\"],\"inLanguage\":\"fr-FR\",\"potentialAction\":[{\"@type\":\"CommentAction\",\"name\":\"Comment\",\"target\":[\"https:\\\/\\\/www.apres-lecole.fr\\\/Blog\\\/usage-vous-ecoles-quebec\\\/#respond\"]}]},{\"@type\":\"WebPage\",\"@id\":\"https:\\\/\\\/www.apres-lecole.fr\\\/Blog\\\/usage-vous-ecoles-quebec\\\/\",\"url\":\"https:\\\/\\\/www.apres-lecole.fr\\\/Blog\\\/usage-vous-ecoles-quebec\\\/\",\"name\":\"Le Qu\u00e9bec et le retour du \u00ab vous \u00bb \u00e0 l'\u00e9cole\",\"isPartOf\":{\"@id\":\"https:\\\/\\\/www.apres-lecole.fr\\\/Blog\\\/#website\"},\"datePublished\":\"2025-05-08T07:16:46+00:00\",\"author\":{\"@id\":\"https:\\\/\\\/www.apres-lecole.fr\\\/Blog\\\/#\\\/schema\\\/person\\\/aeb50cd4b51fc69da155804bb5bb9fc4\"},\"description\":\"D\u00e9couvrez les implications de la d\u00e9cision du Qu\u00e9bec d'introduire l'usage du \u00ab vous \u00bb dans les \u00e9tablissements scolaires. Cette r\u00e9forme linguistique vise \u00e0 promouvoir une communication respectueuse et formelle entre \u00e9l\u00e8ves et enseignants. Explorez les enjeux culturels et \u00e9ducatifs li\u00e9s \u00e0 cette initiative qui pourrait transformer le paysage linguistique des classes qu\u00e9b\u00e9coises.\",\"breadcrumb\":{\"@id\":\"https:\\\/\\\/www.apres-lecole.fr\\\/Blog\\\/usage-vous-ecoles-quebec\\\/#breadcrumb\"},\"inLanguage\":\"fr-FR\",\"potentialAction\":[{\"@type\":\"ReadAction\",\"target\":[\"https:\\\/\\\/www.apres-lecole.fr\\\/Blog\\\/usage-vous-ecoles-quebec\\\/\"]}]},{\"@type\":\"BreadcrumbList\",\"@id\":\"https:\\\/\\\/www.apres-lecole.fr\\\/Blog\\\/usage-vous-ecoles-quebec\\\/#breadcrumb\",\"itemListElement\":[{\"@type\":\"ListItem\",\"position\":1,\"name\":\"Home\",\"item\":\"https:\\\/\\\/www.apres-lecole.fr\\\/Blog\\\/\"},{\"@type\":\"ListItem\",\"position\":2,\"name\":\"Le Qu\u00e9bec envisage d&rsquo;instaurer l&rsquo;usage du \u00ab vous \u00bb dans les \u00e9tablissements scolaires\"}]},{\"@type\":\"WebSite\",\"@id\":\"https:\\\/\\\/www.apres-lecole.fr\\\/Blog\\\/#website\",\"url\":\"https:\\\/\\\/www.apres-lecole.fr\\\/Blog\\\/\",\"name\":\"\",\"description\":\"M\u00e9dia g\u00e9n\u00e9raliste\",\"potentialAction\":[{\"@type\":\"SearchAction\",\"target\":{\"@type\":\"EntryPoint\",\"urlTemplate\":\"https:\\\/\\\/www.apres-lecole.fr\\\/Blog\\\/?s={search_term_string}\"},\"query-input\":{\"@type\":\"PropertyValueSpecification\",\"valueRequired\":true,\"valueName\":\"search_term_string\"}}],\"inLanguage\":\"fr-FR\"},{\"@type\":\"Person\",\"@id\":\"https:\\\/\\\/www.apres-lecole.fr\\\/Blog\\\/#\\\/schema\\\/person\\\/aeb50cd4b51fc69da155804bb5bb9fc4\",\"name\":\"Eva Martin\",\"image\":{\"@type\":\"ImageObject\",\"inLanguage\":\"fr-FR\",\"@id\":\"https:\\\/\\\/secure.gravatar.com\\\/avatar\\\/55c53222558b27a72015a64073a80edce4abd33369394b9bf2c5cd6c19d12682?s=96&d=mm&r=g\",\"url\":\"https:\\\/\\\/secure.gravatar.com\\\/avatar\\\/55c53222558b27a72015a64073a80edce4abd33369394b9bf2c5cd6c19d12682?s=96&d=mm&r=g\",\"contentUrl\":\"https:\\\/\\\/secure.gravatar.com\\\/avatar\\\/55c53222558b27a72015a64073a80edce4abd33369394b9bf2c5cd6c19d12682?s=96&d=mm&r=g\",\"caption\":\"Eva Martin\"},\"description\":\"Je parle de business et d'entrepreneuriat avec des conseils clairs, concrets et actionnables pour r\u00e9ussir\",\"sameAs\":[\"https:\\\/\\\/x.com\\\/Evaapresecole\"],\"url\":\"https:\\\/\\\/www.apres-lecole.fr\\\/Blog\\\/author\\\/evamartin\\\/\"}]}<\/script>\n<!-- \/ Yoast SEO plugin. -->","yoast_head_json":{"title":"Le Qu\u00e9bec et le retour du \u00ab vous \u00bb \u00e0 l'\u00e9cole","description":"D\u00e9couvrez les implications de la d\u00e9cision du Qu\u00e9bec d'introduire l'usage du \u00ab vous \u00bb dans les \u00e9tablissements scolaires. Cette r\u00e9forme linguistique vise \u00e0 promouvoir une communication respectueuse et formelle entre \u00e9l\u00e8ves et enseignants. Explorez les enjeux culturels et \u00e9ducatifs li\u00e9s \u00e0 cette initiative qui pourrait transformer le paysage linguistique des classes qu\u00e9b\u00e9coises.","robots":{"index":"index","follow":"follow","max-snippet":"max-snippet:-1","max-image-preview":"max-image-preview:large","max-video-preview":"max-video-preview:-1"},"canonical":"https:\/\/www.apres-lecole.fr\/Blog\/usage-vous-ecoles-quebec\/","og_locale":"fr_FR","og_type":"article","og_title":"Le Qu\u00e9bec et le retour du \u00ab vous \u00bb \u00e0 l'\u00e9cole","og_description":"D\u00e9couvrez les implications de la d\u00e9cision du Qu\u00e9bec d'introduire l'usage du \u00ab vous \u00bb dans les \u00e9tablissements scolaires. Cette r\u00e9forme linguistique vise \u00e0 promouvoir une communication respectueuse et formelle entre \u00e9l\u00e8ves et enseignants. Explorez les enjeux culturels et \u00e9ducatifs li\u00e9s \u00e0 cette initiative qui pourrait transformer le paysage linguistique des classes qu\u00e9b\u00e9coises.","og_url":"https:\/\/www.apres-lecole.fr\/Blog\/usage-vous-ecoles-quebec\/","article_published_time":"2025-05-08T07:16:46+00:00","author":"Eva Martin","twitter_card":"summary_large_image","twitter_creator":"@Evaapresecole","twitter_misc":{"\u00c9crit par":"Eva Martin","Dur\u00e9e de lecture estim\u00e9e":"8 minutes"},"schema":{"@context":"https:\/\/schema.org","@graph":[{"@type":"Article","@id":"https:\/\/www.apres-lecole.fr\/Blog\/usage-vous-ecoles-quebec\/#article","isPartOf":{"@id":"https:\/\/www.apres-lecole.fr\/Blog\/usage-vous-ecoles-quebec\/"},"author":{"name":"Eva Martin","@id":"https:\/\/www.apres-lecole.fr\/Blog\/#\/schema\/person\/aeb50cd4b51fc69da155804bb5bb9fc4"},"headline":"Le Qu\u00e9bec envisage d&rsquo;instaurer l&rsquo;usage du \u00ab vous \u00bb dans les \u00e9tablissements scolaires","datePublished":"2025-05-08T07:16:46+00:00","mainEntityOfPage":{"@id":"https:\/\/www.apres-lecole.fr\/Blog\/usage-vous-ecoles-quebec\/"},"wordCount":1653,"commentCount":0,"keywords":["\u00e9ducation","\u00e9tablissements scolaires","langue fran\u00e7aise","qu\u00e9bec","usage du vous"],"articleSection":["Actualit\u00e9s"],"inLanguage":"fr-FR","potentialAction":[{"@type":"CommentAction","name":"Comment","target":["https:\/\/www.apres-lecole.fr\/Blog\/usage-vous-ecoles-quebec\/#respond"]}]},{"@type":"WebPage","@id":"https:\/\/www.apres-lecole.fr\/Blog\/usage-vous-ecoles-quebec\/","url":"https:\/\/www.apres-lecole.fr\/Blog\/usage-vous-ecoles-quebec\/","name":"Le Qu\u00e9bec et le retour du \u00ab vous \u00bb \u00e0 l'\u00e9cole","isPartOf":{"@id":"https:\/\/www.apres-lecole.fr\/Blog\/#website"},"datePublished":"2025-05-08T07:16:46+00:00","author":{"@id":"https:\/\/www.apres-lecole.fr\/Blog\/#\/schema\/person\/aeb50cd4b51fc69da155804bb5bb9fc4"},"description":"D\u00e9couvrez les implications de la d\u00e9cision du Qu\u00e9bec d'introduire l'usage du \u00ab vous \u00bb dans les \u00e9tablissements scolaires. Cette r\u00e9forme linguistique vise \u00e0 promouvoir une communication respectueuse et formelle entre \u00e9l\u00e8ves et enseignants. Explorez les enjeux culturels et \u00e9ducatifs li\u00e9s \u00e0 cette initiative qui pourrait transformer le paysage linguistique des classes qu\u00e9b\u00e9coises.","breadcrumb":{"@id":"https:\/\/www.apres-lecole.fr\/Blog\/usage-vous-ecoles-quebec\/#breadcrumb"},"inLanguage":"fr-FR","potentialAction":[{"@type":"ReadAction","target":["https:\/\/www.apres-lecole.fr\/Blog\/usage-vous-ecoles-quebec\/"]}]},{"@type":"BreadcrumbList","@id":"https:\/\/www.apres-lecole.fr\/Blog\/usage-vous-ecoles-quebec\/#breadcrumb","itemListElement":[{"@type":"ListItem","position":1,"name":"Home","item":"https:\/\/www.apres-lecole.fr\/Blog\/"},{"@type":"ListItem","position":2,"name":"Le Qu\u00e9bec envisage d&rsquo;instaurer l&rsquo;usage du \u00ab vous \u00bb dans les \u00e9tablissements scolaires"}]},{"@type":"WebSite","@id":"https:\/\/www.apres-lecole.fr\/Blog\/#website","url":"https:\/\/www.apres-lecole.fr\/Blog\/","name":"","description":"M\u00e9dia g\u00e9n\u00e9raliste","potentialAction":[{"@type":"SearchAction","target":{"@type":"EntryPoint","urlTemplate":"https:\/\/www.apres-lecole.fr\/Blog\/?s={search_term_string}"},"query-input":{"@type":"PropertyValueSpecification","valueRequired":true,"valueName":"search_term_string"}}],"inLanguage":"fr-FR"},{"@type":"Person","@id":"https:\/\/www.apres-lecole.fr\/Blog\/#\/schema\/person\/aeb50cd4b51fc69da155804bb5bb9fc4","name":"Eva Martin","image":{"@type":"ImageObject","inLanguage":"fr-FR","@id":"https:\/\/secure.gravatar.com\/avatar\/55c53222558b27a72015a64073a80edce4abd33369394b9bf2c5cd6c19d12682?s=96&d=mm&r=g","url":"https:\/\/secure.gravatar.com\/avatar\/55c53222558b27a72015a64073a80edce4abd33369394b9bf2c5cd6c19d12682?s=96&d=mm&r=g","contentUrl":"https:\/\/secure.gravatar.com\/avatar\/55c53222558b27a72015a64073a80edce4abd33369394b9bf2c5cd6c19d12682?s=96&d=mm&r=g","caption":"Eva Martin"},"description":"Je parle de business et d'entrepreneuriat avec des conseils clairs, concrets et actionnables pour r\u00e9ussir","sameAs":["https:\/\/x.com\/Evaapresecole"],"url":"https:\/\/www.apres-lecole.fr\/Blog\/author\/evamartin\/"}]}},"views":15,"_links":{"self":[{"href":"https:\/\/www.apres-lecole.fr\/Blog\/wp-json\/wp\/v2\/posts\/1936","targetHints":{"allow":["GET"]}}],"collection":[{"href":"https:\/\/www.apres-lecole.fr\/Blog\/wp-json\/wp\/v2\/posts"}],"about":[{"href":"https:\/\/www.apres-lecole.fr\/Blog\/wp-json\/wp\/v2\/types\/post"}],"author":[{"embeddable":true,"href":"https:\/\/www.apres-lecole.fr\/Blog\/wp-json\/wp\/v2\/users\/9"}],"replies":[{"embeddable":true,"href":"https:\/\/www.apres-lecole.fr\/Blog\/wp-json\/wp\/v2\/comments?post=1936"}],"version-history":[{"count":0,"href":"https:\/\/www.apres-lecole.fr\/Blog\/wp-json\/wp\/v2\/posts\/1936\/revisions"}],"wp:attachment":[{"href":"https:\/\/www.apres-lecole.fr\/Blog\/wp-json\/wp\/v2\/media?parent=1936"}],"wp:term":[{"taxonomy":"category","embeddable":true,"href":"https:\/\/www.apres-lecole.fr\/Blog\/wp-json\/wp\/v2\/categories?post=1936"},{"taxonomy":"post_tag","embeddable":true,"href":"https:\/\/www.apres-lecole.fr\/Blog\/wp-json\/wp\/v2\/tags?post=1936"}],"curies":[{"name":"wp","href":"https:\/\/api.w.org\/{rel}","templated":true}]}}