{"id":1929,"date":"2025-05-06T07:06:24","date_gmt":"2025-05-06T07:06:24","guid":{"rendered":"https:\/\/www.apres-lecole.fr\/Blog\/enfants-sans-education-mayotte\/"},"modified":"2025-05-06T07:06:24","modified_gmt":"2025-05-06T07:06:24","slug":"enfants-sans-education-mayotte","status":"publish","type":"post","link":"https:\/\/www.apres-lecole.fr\/Blog\/enfants-sans-education-mayotte\/","title":{"rendered":"\u00c0 Mayotte, des milliers d&rsquo;enfants se retrouvent sans acc\u00e8s \u00e0 l&rsquo;\u00e9ducation en raison d&rsquo;un manque de places scolaires"},"content":{"rendered":"\n\n<div class=\"kk-star-ratings kksr-auto kksr-align-left kksr-valign-top\"\n    data-payload='{&quot;align&quot;:&quot;left&quot;,&quot;id&quot;:&quot;1929&quot;,&quot;slug&quot;:&quot;default&quot;,&quot;valign&quot;:&quot;top&quot;,&quot;ignore&quot;:&quot;&quot;,&quot;reference&quot;:&quot;auto&quot;,&quot;class&quot;:&quot;&quot;,&quot;count&quot;:&quot;0&quot;,&quot;legendonly&quot;:&quot;&quot;,&quot;readonly&quot;:&quot;&quot;,&quot;score&quot;:&quot;0&quot;,&quot;starsonly&quot;:&quot;&quot;,&quot;best&quot;:&quot;5&quot;,&quot;gap&quot;:&quot;5&quot;,&quot;greet&quot;:&quot;Rate this post&quot;,&quot;legend&quot;:&quot;0\\\/5 - (0 vote)&quot;,&quot;size&quot;:&quot;24&quot;,&quot;title&quot;:&quot;\u00c0 Mayotte, des milliers d\\u0026#039;enfants se retrouvent sans acc\u00e8s \u00e0 l\\u0026#039;\u00e9ducation en raison d\\u0026#039;un manque de places scolaires&quot;,&quot;width&quot;:&quot;0&quot;,&quot;_legend&quot;:&quot;{score}\\\/{best} - ({count} {votes})&quot;,&quot;font_factor&quot;:&quot;1.25&quot;}'>\n            \n<div class=\"kksr-stars\">\n    \n<div class=\"kksr-stars-inactive\">\n            <div class=\"kksr-star\" data-star=\"1\" style=\"padding-right: 5px\">\n            \n\n<div class=\"kksr-icon\" style=\"width: 24px; height: 24px;\"><\/div>\n        <\/div>\n            <div class=\"kksr-star\" data-star=\"2\" style=\"padding-right: 5px\">\n            \n\n<div class=\"kksr-icon\" style=\"width: 24px; height: 24px;\"><\/div>\n        <\/div>\n            <div class=\"kksr-star\" data-star=\"3\" style=\"padding-right: 5px\">\n            \n\n<div class=\"kksr-icon\" style=\"width: 24px; height: 24px;\"><\/div>\n        <\/div>\n            <div class=\"kksr-star\" data-star=\"4\" style=\"padding-right: 5px\">\n            \n\n<div class=\"kksr-icon\" style=\"width: 24px; height: 24px;\"><\/div>\n        <\/div>\n            <div class=\"kksr-star\" data-star=\"5\" style=\"padding-right: 5px\">\n            \n\n<div class=\"kksr-icon\" style=\"width: 24px; height: 24px;\"><\/div>\n        <\/div>\n    <\/div>\n    \n<div class=\"kksr-stars-active\" style=\"width: 0px;\">\n            <div class=\"kksr-star\" style=\"padding-right: 5px\">\n            \n\n<div class=\"kksr-icon\" style=\"width: 24px; height: 24px;\"><\/div>\n        <\/div>\n            <div class=\"kksr-star\" style=\"padding-right: 5px\">\n            \n\n<div class=\"kksr-icon\" style=\"width: 24px; height: 24px;\"><\/div>\n        <\/div>\n            <div class=\"kksr-star\" style=\"padding-right: 5px\">\n            \n\n<div class=\"kksr-icon\" style=\"width: 24px; height: 24px;\"><\/div>\n        <\/div>\n            <div class=\"kksr-star\" style=\"padding-right: 5px\">\n            \n\n<div class=\"kksr-icon\" style=\"width: 24px; height: 24px;\"><\/div>\n        <\/div>\n            <div class=\"kksr-star\" style=\"padding-right: 5px\">\n            \n\n<div class=\"kksr-icon\" style=\"width: 24px; height: 24px;\"><\/div>\n        <\/div>\n    <\/div>\n<\/div>\n                \n\n<div class=\"kksr-legend\" style=\"font-size: 19.2px;\">\n            <span class=\"kksr-muted\">Rate this post<\/span>\n    <\/div>\n    <\/div>\n<p>\u00c0 Mayotte, un ph\u00e9nom\u00e8ne alarmant touche des milliers d&rsquo;enfants qui se retrouvent sans acc\u00e8s \u00e0 l&rsquo;\u00e9ducation. Cette situation d\u00e9coule d&rsquo;un manque crucial de places scolaires et de diverses difficult\u00e9s administratives. Des initiatives locales ont vu le jour pour tenter de rem\u00e9dier \u00e0 cette crise. Pourtant, le chemin vers un avenir \u00e9ducatif pour ces enfants semble encore sem\u00e9 d&#8217;emb\u00fbches.<\/p>\n\n<ul class=\"wp-block-list\"><li>Contexte actuel de la scolarisation \u00e0 Mayotte<\/li><li>Les d\u00e9fis li\u00e9s \u00e0 l&rsquo;acc\u00e8s \u00e0 l&rsquo;\u00e9ducation<\/li><li>Les initiatives locales pour pallier le manque de place<\/li><li>Impact sur la communaut\u00e9 et les familles<\/li><li>Avenir de l&rsquo;\u00e9ducation \u00e0 Mayotte<\/li><\/ul>\n\n<h2 class=\"wp-block-heading\">Contexte actuel de la scolarisation \u00e0 Mayotte<\/h2>\n\n<p>En 2025, Mayotte, le 101e d\u00e9partement fran\u00e7ais, se trouve \u00e0 un carrefour d\u00e9licat en mati\u00e8re d&rsquo;\u00e9ducation. Le nombre d&rsquo;enfants en attente de scolarisation est estim\u00e9 entre <strong>5 300<\/strong> et <strong>9 500<\/strong>, un chiffre qui suscite l&rsquo;inqui\u00e9tude tant des instances gouvernementales que des acteurs associatifs. \u00c0 Koungou, une petite ville de l&rsquo;archipel, le climat est particulier : la population grandissante, li\u00e9e \u00e0 un des taux de natalit\u00e9 les plus \u00e9lev\u00e9s de France, n\u00e9cessite des adresses pour accueillir ces jeunes esprits en qu\u00eate d&rsquo;apprentissage.<\/p>\n\n<p>Pour contextualiser cette situation, l&rsquo;acad\u00e9mie de Mayotte compte <strong>221 \u00e9coles<\/strong>, <strong>22 coll\u00e8ges<\/strong>, et <strong>11 lyc\u00e9es<\/strong> pour environ <strong>117 000 \u00e9l\u00e8ves<\/strong>. Il convient \u00e9galement de mentionner la destruction de certains \u00e9tablissements scolaires caus\u00e9e par le cyclone Chido, ce qui ne fait qu&rsquo;aggraver une situation d\u00e9j\u00e0 d\u00e9t\u00e9rior\u00e9e.<\/p>\n\n<p>Le gouvernement a mis en place descubes d\u00e9di\u00e9s \u00e0 surveiller et am\u00e9liorer la situation. Cependant, les r\u00e9sultats tardent \u00e0 arriver, et les enseignants ne cachent pas leurs inqui\u00e9tudes face \u00e0 l&rsquo;engorgement des classes. L&rsquo;espoir reste cependant ancr\u00e9 dans l&rsquo;engagement des services \u00e9ducatifs, qui continuent de travailler malgr\u00e9 des l&rsquo;effectifs limit\u00e9s.<\/p>\n\n<figure class=\"wp-block-table\"><table>\n<thead>\n<tr>\n<th>Types d&rsquo;\u00e9tablissements<\/th>\n<th>Nombre d&rsquo;\u00e9tablissements<\/th>\n<th>Nombre d&rsquo;\u00e9l\u00e8ves<\/th>\n<\/tr>\n<\/thead>\n<tbody>\n<tr>\n<td>\u00c9coles<\/td>\n<td>221<\/td>\n<td>117 000<\/td>\n<\/tr>\n<tr>\n<td>Coll\u00e8ges<\/td>\n<td>22<\/td>\n<td>N\/A<\/td>\n<\/tr>\n<tr>\n<td>LyC\u00e9es<\/td>\n<td>11<\/td>\n<td>N\/A<\/td>\n<\/tr>\n<\/tbody>\n<\/table><\/figure>\n\n<h3 class=\"wp-block-heading\">Les d\u00e9fis li\u00e9s \u00e0 l&rsquo;acc\u00e8s \u00e0 l&rsquo;\u00e9ducation<\/h3>\n\n<p>Le chemin vers la scolarisation est pav\u00e9 d&rsquo;obstacles. Plusieurs familles, notamment celles issues de l&rsquo;immigration, se heurtent \u00e0 des difficult\u00e9s administratives consid\u00e9rables. La bureaucratie complexe autour de l&rsquo;inscription, des pi\u00e8ces justificatives exig\u00e9es et des trop nombreuses exigences administratives semblent maximiser le mal-\u00eatre et la d\u00e9sespoir des familles d\u00e9j\u00e0 en situation pr\u00e9caire.<\/p>\n\n<p>Il est important de comprendre que cette situation ne concerne pas uniquement les familles \u00ab\u00a0nouvellement arriv\u00e9es\u00a0\u00bb. Des ressortissants de divers pays de la r\u00e9gion des Grands Lacs se voient souvent demander des documents impossibles \u00e0 fournir, tels que des actes de naissance ou des justificatifs de domicile.<\/p>\n\n<ul class=\"wp-block-list\"><li>\u2757\ufe0f Documents difficiles \u00e0 obtenir<\/li><li>\u2757\ufe0f Tri sur les origines des familles<\/li><li>\u2757\ufe0f Charge administrative \u00e9lev\u00e9e<\/li><\/ul>\n\n<p>Ces d\u00e9fis constructent une r\u00e9alit\u00e9 o\u00f9 de nombreux enfants, en d\u00e9pit de leur volont\u00e9 d&rsquo;apprendre, se voient exclus. Les t\u00e9moignages de familles qui abandonnent les d\u00e9marches illustrent \u00e0 quel point ce syst\u00e8me peut \u00eatre accablant. Un rapport publi\u00e9 en 2024 a r\u00e9v\u00e9l\u00e9 que certaines communes imposaient davantage de conditions que celles exig\u00e9es par la loi, mettant encore plus d&rsquo;enfants \u00e0 l&rsquo;\u00e9cart.<\/p>\n\n<h2 class=\"wp-block-heading\">Les initiatives locales pour pallier le manque de place<\/h2>\n\n<p>Face \u00e0 cette situation pr\u00e9occupante, des initiatives locales \u00e9mergent pour offrir une alternative aux enfants non scolaris\u00e9s. Des associations telles que <strong>Le Village d&rsquo;Eva<\/strong> et <strong>Mlezi Maore<\/strong> se mobilisent pour apporter une solution temporaire mais essentielle. Par exemple, Le Village d&rsquo;Eva a ouvert plusieurs centres \u00e0 Koungou accueillant environ <strong>80 enfants<\/strong> par lieu, proposant des cours de soutien dans une atmosph\u00e8re d&rsquo;apprentissage ad\u00e9quate.<\/p>\n\n<p>Ces associations s&rsquo;efforcent de r\u00e9pondre aux besoins \u00e9ducatifs de ces enfants en attente de scolarisation, tout en accompagnant les familles dans leurs d\u00e9marches. Djaouda, une jeune fille de <strong>12 ans<\/strong>, t\u00e9moigne du soutien qu&rsquo;elle a re\u00e7u : \u00ab\u00a0Depuis que je suis ici, je sais lire. C\u2019est beaucoup de choses que je ne savais pas avant\u00a0\u00bb, dit-elle en \u00e9voquant son parcours. Ces t\u00e9moignages illustrent comment un cadre adapt\u00e9 peut changer la vie d&rsquo;un enfant.<\/p>\n\n<ul class=\"wp-block-list\"><li>\ud83d\udcda Soutien \u00e9ducatif personnalis\u00e9<\/li><li>\ud83d\udcda Accompagnement des familles dans les d\u00e9marches administratives<\/li><li>\ud83d\udcda Espaces de socialisation et d&rsquo;apprentissage<\/li><\/ul>\n\n<p>Mlezi Maore, de son c\u00f4t\u00e9, adopte \u00e9galement une approche p\u00e9dagogique en se basant sur le programme de l&rsquo;\u00e9ducation nationale, afin d\u2019assurer que les enfants ne perdent pas de temps pr\u00e9cieux et que, lorsqu&rsquo;ils int\u00e9greront le syst\u00e8me scolaire, ils soient pr\u00eats. En 2024, cette association a aid\u00e9 <strong>24 enfants<\/strong> \u00e0 rejoindre l&rsquo;\u00e9cole publique, prouvant ainsi l\u2019impact positiv de sa mission.<\/p>\n\n<figure class=\"wp-block-table\"><table>\n<thead>\n<tr>\n<th>Association<\/th>\n<th>Nombre de centres<\/th>\n<th>Enfants accueillis par centre<\/th>\n<th>Enfants scolaris\u00e9s<\/th>\n<\/tr>\n<\/thead>\n<tbody>\n<tr>\n<td>Le Village d&rsquo;Eva<\/td>\n<td>4<\/td>\n<td>80<\/td>\n<td>395<\/td>\n<\/tr>\n<tr>\n<td>Mlezi Maore<\/td>\n<td>3<\/td>\n<td>20<\/td>\n<td>24<\/td>\n<\/tr>\n<\/tbody>\n<\/table><\/figure>\n\n<h3 class=\"wp-block-heading\">Impact sur la communaut\u00e9 et les familles<\/h3>\n\n<p>Les cons\u00e9quences de cette crise de la scolarisation \u00e0 Mayotte sont multiples et touchent directement les familles ainsi que l&rsquo;ensemble de la communaut\u00e9. Un enfant sans \u00e9cole, c&rsquo;est non seulement un \u00e9chec personnel, mais aussi le reflet d&rsquo;une soci\u00e9t\u00e9 qui se retrouve en difficult\u00e9 \u00e0 inclure tous ses membres. Le manque d\u2019\u00e9ducation ouvre la voie \u00e0 de nombreux probl\u00e8mes sociaux : passivit\u00e9, criminalit\u00e9, ou encore d\u00e9sespoir.<\/p>\n\n<p>Des parents, comme ceux des enfants de Djaouda, se battent chaque jour pour obtenir un acc\u00e8s \u00e0 l&rsquo;\u00e9ducation pour leurs enfants. Les associations agissent, mais leur capacit\u00e9 reste limit\u00e9e. La solidarit\u00e9 au sein de ces groupes, l\u2019entraide et les initiatives locales deviennent cruciales. Une communaut\u00e9 engag\u00e9e peut indeed inverser cette tendance et apporter des solutions durables.<\/p>\n\n<ul class=\"wp-block-list\"><li>\ud83e\udd1d Mobilisation de la communaut\u00e9<\/li><li>\ud83e\udd1d Entraide entre familles<\/li><li>\ud83e\udd1d Espoir de changement \u00e0 travers l&rsquo;engagement collectif<\/li><\/ul>\n\n<p>Il n\u2019est pas rare d&rsquo;entendre des r\u00e9cits d&rsquo;entraide entre familles et de solidarit\u00e9 au sein des villages. Les \u00e9changes et l\u2019entraide permettent de tisser des r\u00e9seaux de soutien, devenant ainsi une v\u00e9ritable bou\u00e9e de sauvetage pour de nombreuses familles. Ces interactions renforcent \u00e9galement le tissu social et encouragent une dynamique de changement positif.<\/p>\n\n<h2 class=\"wp-block-heading\">Avenir de l&rsquo;\u00e9ducation \u00e0 Mayotte<\/h2>\n\n<p>L&rsquo;avenir de la scolarisation \u00e0 Mayotte d\u00e9pend largement de la capacit\u00e9 \u00e0 mettre en place des solutions innovantes et adapt\u00e9es. Il est imp\u00e9ratif que les institutions r\u00e9gionales et nationales se mobilisent pour r\u00e9pondre aux besoins \u00e9ducatifs croissants du territoire. Le cadre l\u00e9gal d&rsquo;\u00e9ducation \u00e0 la citoyennet\u00e9 et \u00e0 l&rsquo;\u00e9galit\u00e9 d&rsquo;acc\u00e8s \u00e0 l&rsquo;\u00e9ducation devrait \u00eatre renforc\u00e9 pour garantir que chaque enfant puisse b\u00e9n\u00e9ficier d&rsquo;une scolarisation digne.<\/p>\n\n<p>Les recommandations incluent la n\u00e9cessit\u00e9 de :<\/p>\n\n<ul class=\"wp-block-list\"><li>\ud83d\ude80 Accro\u00eetre le nombre de places scolaires<\/li><li>\ud83d\ude80 All\u00e9ger la charge administrative pour les familles<\/li><li>\ud83d\ude80 Renforcer le dialogue entre les diff\u00e9rents acteurs \u00e9ducatifs<\/li><\/ul>\n\n<p>Des voix s&rsquo;\u00e9l\u00e8vent pour promouvoir une r\u00e9forme \u00e9ducative qui repr\u00e9sente un v\u00e9ritable changement pour les enfants, les familles et la communaut\u00e9 mahoraise en entier. De nombreuses initiatives locales t\u00e9moignent que l&rsquo;engagement peut r\u00e9ellement faire une diff\u00e9rence, mais il faut un soutien accru pour \u00e9largir ces efforts.<\/p>\n\n<h3 class=\"wp-block-heading\">FAQ sur la scolarisation \u00e0 Mayotte<\/h3>\n\n<ul class=\"wp-block-list\"><li><strong>Pourquoi tant d&rsquo;enfants ne sont-ils pas scolaris\u00e9s \u00e0 Mayotte ?<\/strong><br>Le manque de places scolaires, les exigences administratives strictes, et la complexit\u00e9 du syst\u00e8me \u00e9ducatif local en sont les principales causes.<\/li><li><strong>Quelles initiatives existent pour aider les enfants non scolaris\u00e9s ?<\/strong><br>Des associations comme Le Village d&rsquo;Eva et Mlezi Maore offrent des formations et soutiens \u00e9ducatifs en attendant leur int\u00e9gration scolaire.<\/li><li><strong>Comment les familles peuvent-elles acc\u00e9der \u00e0 l&rsquo;\u00e9ducation pour leurs enfants ?<\/strong><br>En s&rsquo;engageant avec des associations locales pour obtenir des conseils et de l&rsquo;aide dans les d\u00e9marches administratives.<\/li><li><strong>Quel est l&rsquo;avenir de l&rsquo;\u00e9ducation \u00e0 Mayotte ?<\/strong><br>Un engagement collectif et le soutien des autorit\u00e9s pour d\u00e9velopper de nouvelles infrastructures semblent indispensables pour r\u00e9pondre aux d\u00e9fis \u00e9ducatifs.<\/li><li><strong>Quel r\u00f4le joue la communaut\u00e9 dans ce contexte ?<\/strong><br>La solidarit\u00e9 et l&rsquo;entraide entre familles sont essentielles pour surmonter les obstacles \u00e0 la scolarisation des enfants.<\/li><\/ul>\n\n","protected":false},"excerpt":{"rendered":"<p>\u00c0 Mayotte, un ph\u00e9nom\u00e8ne alarmant touche des milliers d&rsquo;enfants qui se retrouvent sans acc\u00e8s \u00e0 l&rsquo;\u00e9ducation. Cette situation d\u00e9coule d&rsquo;un manque crucial de places scolaires et de diverses difficult\u00e9s administratives. Des initiatives locales ont vu le jour pour tenter de rem\u00e9dier \u00e0 cette crise. Pourtant, le chemin vers un avenir \u00e9ducatif pour ces enfants semble &#8230; <a title=\"\u00c0 Mayotte, des milliers d&rsquo;enfants se retrouvent sans acc\u00e8s \u00e0 l&rsquo;\u00e9ducation en raison d&rsquo;un manque de places scolaires\" class=\"read-more\" href=\"https:\/\/www.apres-lecole.fr\/Blog\/enfants-sans-education-mayotte\/\" aria-label=\"En savoir plus sur \u00c0 Mayotte, des milliers d&rsquo;enfants se retrouvent sans acc\u00e8s \u00e0 l&rsquo;\u00e9ducation en raison d&rsquo;un manque de places scolaires\">Lire plus<\/a><\/p>\n","protected":false},"author":9,"featured_media":1928,"comment_status":"open","ping_status":"open","sticky":false,"template":"","format":"standard","meta":{"footnotes":""},"categories":[342],"tags":[412,669,806,805,722],"class_list":["post-1929","post","type-post","status-publish","format-standard","has-post-thumbnail","hentry","category-actualites","tag-education","tag-enfants","tag-manque-de-places","tag-mayotte","tag-scolarisation"],"yoast_head":"<!-- This site is optimized with the Yoast SEO plugin v27.5 - https:\/\/yoast.com\/product\/yoast-seo-wordpress\/ -->\n<title>\u00c0 Mayotte, la crise scolaire prive des milliers d&#039;enfants d&#039;\u00e9ducation<\/title>\n<meta name=\"description\" content=\"D\u00e9couvrez la situation alarmante \u00e0 Mayotte, o\u00f9 des milliers d&#039;enfants font face \u00e0 un manque d&#039;acc\u00e8s \u00e0 l&#039;\u00e9ducation \u00e0 cause d&#039;un nombre insuffisant de places scolaires. Explorez les cons\u00e9quences sur leur avenir et les actions \u00e0 envisager pour am\u00e9liorer cette crise \u00e9ducative.\" \/>\n<meta name=\"robots\" content=\"index, follow, max-snippet:-1, max-image-preview:large, max-video-preview:-1\" \/>\n<link rel=\"canonical\" href=\"https:\/\/www.apres-lecole.fr\/Blog\/enfants-sans-education-mayotte\/\" \/>\n<meta property=\"og:locale\" content=\"fr_FR\" \/>\n<meta property=\"og:type\" content=\"article\" \/>\n<meta property=\"og:title\" content=\"\u00c0 Mayotte, la crise scolaire prive des milliers d&#039;enfants d&#039;\u00e9ducation\" \/>\n<meta property=\"og:description\" content=\"D\u00e9couvrez la situation alarmante \u00e0 Mayotte, o\u00f9 des milliers d&#039;enfants font face \u00e0 un manque d&#039;acc\u00e8s \u00e0 l&#039;\u00e9ducation \u00e0 cause d&#039;un nombre insuffisant de places scolaires. Explorez les cons\u00e9quences sur leur avenir et les actions \u00e0 envisager pour am\u00e9liorer cette crise \u00e9ducative.\" \/>\n<meta property=\"og:url\" content=\"https:\/\/www.apres-lecole.fr\/Blog\/enfants-sans-education-mayotte\/\" \/>\n<meta property=\"article:published_time\" content=\"2025-05-06T07:06:24+00:00\" \/>\n<meta property=\"og:image\" content=\"https:\/\/www.apres-lecole.fr\/Blog\/wp-content\/uploads\/2025\/05\/A-Mayotte-des-milliers-denfants-se-retrouvent-sans-acces-a-leducation-en-raison-dun-manque-de-places-scolaires.jpg\" \/>\n\t<meta property=\"og:image:width\" content=\"1344\" \/>\n\t<meta property=\"og:image:height\" content=\"768\" \/>\n\t<meta property=\"og:image:type\" content=\"image\/jpeg\" \/>\n<meta name=\"author\" content=\"Eva Martin\" \/>\n<meta name=\"twitter:card\" content=\"summary_large_image\" \/>\n<meta name=\"twitter:creator\" content=\"@Evaapresecole\" \/>\n<meta name=\"twitter:label1\" content=\"\u00c9crit par\" \/>\n\t<meta name=\"twitter:data1\" content=\"Eva Martin\" \/>\n\t<meta name=\"twitter:label2\" content=\"Dur\u00e9e de lecture estim\u00e9e\" \/>\n\t<meta name=\"twitter:data2\" content=\"6 minutes\" \/>\n<script type=\"application\/ld+json\" class=\"yoast-schema-graph\">{\"@context\":\"https:\\\/\\\/schema.org\",\"@graph\":[{\"@type\":\"Article\",\"@id\":\"https:\\\/\\\/www.apres-lecole.fr\\\/Blog\\\/enfants-sans-education-mayotte\\\/#article\",\"isPartOf\":{\"@id\":\"https:\\\/\\\/www.apres-lecole.fr\\\/Blog\\\/enfants-sans-education-mayotte\\\/\"},\"author\":{\"name\":\"Eva Martin\",\"@id\":\"https:\\\/\\\/www.apres-lecole.fr\\\/Blog\\\/#\\\/schema\\\/person\\\/aeb50cd4b51fc69da155804bb5bb9fc4\"},\"headline\":\"\u00c0 Mayotte, des milliers d&rsquo;enfants se retrouvent sans acc\u00e8s \u00e0 l&rsquo;\u00e9ducation en raison d&rsquo;un manque de places scolaires\",\"datePublished\":\"2025-05-06T07:06:24+00:00\",\"mainEntityOfPage\":{\"@id\":\"https:\\\/\\\/www.apres-lecole.fr\\\/Blog\\\/enfants-sans-education-mayotte\\\/\"},\"wordCount\":1338,\"commentCount\":0,\"image\":{\"@id\":\"https:\\\/\\\/www.apres-lecole.fr\\\/Blog\\\/enfants-sans-education-mayotte\\\/#primaryimage\"},\"thumbnailUrl\":\"https:\\\/\\\/www.apres-lecole.fr\\\/Blog\\\/wp-content\\\/uploads\\\/2025\\\/05\\\/A-Mayotte-des-milliers-denfants-se-retrouvent-sans-acces-a-leducation-en-raison-dun-manque-de-places-scolaires.jpg\",\"keywords\":[\"\u00e9ducation\",\"enfants\",\"manque de places\",\"mayotte\",\"scolarisation\"],\"articleSection\":[\"Actualit\u00e9s\"],\"inLanguage\":\"fr-FR\",\"potentialAction\":[{\"@type\":\"CommentAction\",\"name\":\"Comment\",\"target\":[\"https:\\\/\\\/www.apres-lecole.fr\\\/Blog\\\/enfants-sans-education-mayotte\\\/#respond\"]}]},{\"@type\":\"WebPage\",\"@id\":\"https:\\\/\\\/www.apres-lecole.fr\\\/Blog\\\/enfants-sans-education-mayotte\\\/\",\"url\":\"https:\\\/\\\/www.apres-lecole.fr\\\/Blog\\\/enfants-sans-education-mayotte\\\/\",\"name\":\"\u00c0 Mayotte, la crise scolaire prive des milliers d'enfants d'\u00e9ducation\",\"isPartOf\":{\"@id\":\"https:\\\/\\\/www.apres-lecole.fr\\\/Blog\\\/#website\"},\"primaryImageOfPage\":{\"@id\":\"https:\\\/\\\/www.apres-lecole.fr\\\/Blog\\\/enfants-sans-education-mayotte\\\/#primaryimage\"},\"image\":{\"@id\":\"https:\\\/\\\/www.apres-lecole.fr\\\/Blog\\\/enfants-sans-education-mayotte\\\/#primaryimage\"},\"thumbnailUrl\":\"https:\\\/\\\/www.apres-lecole.fr\\\/Blog\\\/wp-content\\\/uploads\\\/2025\\\/05\\\/A-Mayotte-des-milliers-denfants-se-retrouvent-sans-acces-a-leducation-en-raison-dun-manque-de-places-scolaires.jpg\",\"datePublished\":\"2025-05-06T07:06:24+00:00\",\"author\":{\"@id\":\"https:\\\/\\\/www.apres-lecole.fr\\\/Blog\\\/#\\\/schema\\\/person\\\/aeb50cd4b51fc69da155804bb5bb9fc4\"},\"description\":\"D\u00e9couvrez la situation alarmante \u00e0 Mayotte, o\u00f9 des milliers d'enfants font face \u00e0 un manque d'acc\u00e8s \u00e0 l'\u00e9ducation \u00e0 cause d'un nombre insuffisant de places scolaires. Explorez les cons\u00e9quences sur leur avenir et les actions \u00e0 envisager pour am\u00e9liorer cette crise \u00e9ducative.\",\"breadcrumb\":{\"@id\":\"https:\\\/\\\/www.apres-lecole.fr\\\/Blog\\\/enfants-sans-education-mayotte\\\/#breadcrumb\"},\"inLanguage\":\"fr-FR\",\"potentialAction\":[{\"@type\":\"ReadAction\",\"target\":[\"https:\\\/\\\/www.apres-lecole.fr\\\/Blog\\\/enfants-sans-education-mayotte\\\/\"]}]},{\"@type\":\"ImageObject\",\"inLanguage\":\"fr-FR\",\"@id\":\"https:\\\/\\\/www.apres-lecole.fr\\\/Blog\\\/enfants-sans-education-mayotte\\\/#primaryimage\",\"url\":\"https:\\\/\\\/www.apres-lecole.fr\\\/Blog\\\/wp-content\\\/uploads\\\/2025\\\/05\\\/A-Mayotte-des-milliers-denfants-se-retrouvent-sans-acces-a-leducation-en-raison-dun-manque-de-places-scolaires.jpg\",\"contentUrl\":\"https:\\\/\\\/www.apres-lecole.fr\\\/Blog\\\/wp-content\\\/uploads\\\/2025\\\/05\\\/A-Mayotte-des-milliers-denfants-se-retrouvent-sans-acces-a-leducation-en-raison-dun-manque-de-places-scolaires.jpg\",\"width\":1344,\"height\":768,\"caption\":\"d\u00e9couvrez la r\u00e9alit\u00e9 alarmante \u00e0 mayotte o\u00f9 des milliers d'enfants se heurtent \u00e0 un manque cruel de places scolaires, les privant ainsi d'un acc\u00e8s essentiel \u00e0 l'\u00e9ducation. plongez au c\u0153ur de cette probl\u00e9matique et explorez les enjeux qui affectent l'avenir de la jeunesse mahoraise.\"},{\"@type\":\"BreadcrumbList\",\"@id\":\"https:\\\/\\\/www.apres-lecole.fr\\\/Blog\\\/enfants-sans-education-mayotte\\\/#breadcrumb\",\"itemListElement\":[{\"@type\":\"ListItem\",\"position\":1,\"name\":\"Home\",\"item\":\"https:\\\/\\\/www.apres-lecole.fr\\\/Blog\\\/\"},{\"@type\":\"ListItem\",\"position\":2,\"name\":\"\u00c0 Mayotte, des milliers d&rsquo;enfants se retrouvent sans acc\u00e8s \u00e0 l&rsquo;\u00e9ducation en raison d&rsquo;un manque de places scolaires\"}]},{\"@type\":\"WebSite\",\"@id\":\"https:\\\/\\\/www.apres-lecole.fr\\\/Blog\\\/#website\",\"url\":\"https:\\\/\\\/www.apres-lecole.fr\\\/Blog\\\/\",\"name\":\"\",\"description\":\"M\u00e9dia g\u00e9n\u00e9raliste\",\"potentialAction\":[{\"@type\":\"SearchAction\",\"target\":{\"@type\":\"EntryPoint\",\"urlTemplate\":\"https:\\\/\\\/www.apres-lecole.fr\\\/Blog\\\/?s={search_term_string}\"},\"query-input\":{\"@type\":\"PropertyValueSpecification\",\"valueRequired\":true,\"valueName\":\"search_term_string\"}}],\"inLanguage\":\"fr-FR\"},{\"@type\":\"Person\",\"@id\":\"https:\\\/\\\/www.apres-lecole.fr\\\/Blog\\\/#\\\/schema\\\/person\\\/aeb50cd4b51fc69da155804bb5bb9fc4\",\"name\":\"Eva Martin\",\"image\":{\"@type\":\"ImageObject\",\"inLanguage\":\"fr-FR\",\"@id\":\"https:\\\/\\\/secure.gravatar.com\\\/avatar\\\/55c53222558b27a72015a64073a80edce4abd33369394b9bf2c5cd6c19d12682?s=96&d=mm&r=g\",\"url\":\"https:\\\/\\\/secure.gravatar.com\\\/avatar\\\/55c53222558b27a72015a64073a80edce4abd33369394b9bf2c5cd6c19d12682?s=96&d=mm&r=g\",\"contentUrl\":\"https:\\\/\\\/secure.gravatar.com\\\/avatar\\\/55c53222558b27a72015a64073a80edce4abd33369394b9bf2c5cd6c19d12682?s=96&d=mm&r=g\",\"caption\":\"Eva Martin\"},\"description\":\"Je parle de business et d'entrepreneuriat avec des conseils clairs, concrets et actionnables pour r\u00e9ussir\",\"sameAs\":[\"https:\\\/\\\/x.com\\\/Evaapresecole\"],\"url\":\"https:\\\/\\\/www.apres-lecole.fr\\\/Blog\\\/author\\\/evamartin\\\/\"}]}<\/script>\n<!-- \/ Yoast SEO plugin. -->","yoast_head_json":{"title":"\u00c0 Mayotte, la crise scolaire prive des milliers d'enfants d'\u00e9ducation","description":"D\u00e9couvrez la situation alarmante \u00e0 Mayotte, o\u00f9 des milliers d'enfants font face \u00e0 un manque d'acc\u00e8s \u00e0 l'\u00e9ducation \u00e0 cause d'un nombre insuffisant de places scolaires. Explorez les cons\u00e9quences sur leur avenir et les actions \u00e0 envisager pour am\u00e9liorer cette crise \u00e9ducative.","robots":{"index":"index","follow":"follow","max-snippet":"max-snippet:-1","max-image-preview":"max-image-preview:large","max-video-preview":"max-video-preview:-1"},"canonical":"https:\/\/www.apres-lecole.fr\/Blog\/enfants-sans-education-mayotte\/","og_locale":"fr_FR","og_type":"article","og_title":"\u00c0 Mayotte, la crise scolaire prive des milliers d'enfants d'\u00e9ducation","og_description":"D\u00e9couvrez la situation alarmante \u00e0 Mayotte, o\u00f9 des milliers d'enfants font face \u00e0 un manque d'acc\u00e8s \u00e0 l'\u00e9ducation \u00e0 cause d'un nombre insuffisant de places scolaires. Explorez les cons\u00e9quences sur leur avenir et les actions \u00e0 envisager pour am\u00e9liorer cette crise \u00e9ducative.","og_url":"https:\/\/www.apres-lecole.fr\/Blog\/enfants-sans-education-mayotte\/","article_published_time":"2025-05-06T07:06:24+00:00","og_image":[{"width":1344,"height":768,"url":"https:\/\/www.apres-lecole.fr\/Blog\/wp-content\/uploads\/2025\/05\/A-Mayotte-des-milliers-denfants-se-retrouvent-sans-acces-a-leducation-en-raison-dun-manque-de-places-scolaires.jpg","type":"image\/jpeg"}],"author":"Eva Martin","twitter_card":"summary_large_image","twitter_creator":"@Evaapresecole","twitter_misc":{"\u00c9crit par":"Eva Martin","Dur\u00e9e de lecture estim\u00e9e":"6 minutes"},"schema":{"@context":"https:\/\/schema.org","@graph":[{"@type":"Article","@id":"https:\/\/www.apres-lecole.fr\/Blog\/enfants-sans-education-mayotte\/#article","isPartOf":{"@id":"https:\/\/www.apres-lecole.fr\/Blog\/enfants-sans-education-mayotte\/"},"author":{"name":"Eva Martin","@id":"https:\/\/www.apres-lecole.fr\/Blog\/#\/schema\/person\/aeb50cd4b51fc69da155804bb5bb9fc4"},"headline":"\u00c0 Mayotte, des milliers d&rsquo;enfants se retrouvent sans acc\u00e8s \u00e0 l&rsquo;\u00e9ducation en raison d&rsquo;un manque de places scolaires","datePublished":"2025-05-06T07:06:24+00:00","mainEntityOfPage":{"@id":"https:\/\/www.apres-lecole.fr\/Blog\/enfants-sans-education-mayotte\/"},"wordCount":1338,"commentCount":0,"image":{"@id":"https:\/\/www.apres-lecole.fr\/Blog\/enfants-sans-education-mayotte\/#primaryimage"},"thumbnailUrl":"https:\/\/www.apres-lecole.fr\/Blog\/wp-content\/uploads\/2025\/05\/A-Mayotte-des-milliers-denfants-se-retrouvent-sans-acces-a-leducation-en-raison-dun-manque-de-places-scolaires.jpg","keywords":["\u00e9ducation","enfants","manque de places","mayotte","scolarisation"],"articleSection":["Actualit\u00e9s"],"inLanguage":"fr-FR","potentialAction":[{"@type":"CommentAction","name":"Comment","target":["https:\/\/www.apres-lecole.fr\/Blog\/enfants-sans-education-mayotte\/#respond"]}]},{"@type":"WebPage","@id":"https:\/\/www.apres-lecole.fr\/Blog\/enfants-sans-education-mayotte\/","url":"https:\/\/www.apres-lecole.fr\/Blog\/enfants-sans-education-mayotte\/","name":"\u00c0 Mayotte, la crise scolaire prive des milliers d'enfants d'\u00e9ducation","isPartOf":{"@id":"https:\/\/www.apres-lecole.fr\/Blog\/#website"},"primaryImageOfPage":{"@id":"https:\/\/www.apres-lecole.fr\/Blog\/enfants-sans-education-mayotte\/#primaryimage"},"image":{"@id":"https:\/\/www.apres-lecole.fr\/Blog\/enfants-sans-education-mayotte\/#primaryimage"},"thumbnailUrl":"https:\/\/www.apres-lecole.fr\/Blog\/wp-content\/uploads\/2025\/05\/A-Mayotte-des-milliers-denfants-se-retrouvent-sans-acces-a-leducation-en-raison-dun-manque-de-places-scolaires.jpg","datePublished":"2025-05-06T07:06:24+00:00","author":{"@id":"https:\/\/www.apres-lecole.fr\/Blog\/#\/schema\/person\/aeb50cd4b51fc69da155804bb5bb9fc4"},"description":"D\u00e9couvrez la situation alarmante \u00e0 Mayotte, o\u00f9 des milliers d'enfants font face \u00e0 un manque d'acc\u00e8s \u00e0 l'\u00e9ducation \u00e0 cause d'un nombre insuffisant de places scolaires. Explorez les cons\u00e9quences sur leur avenir et les actions \u00e0 envisager pour am\u00e9liorer cette crise \u00e9ducative.","breadcrumb":{"@id":"https:\/\/www.apres-lecole.fr\/Blog\/enfants-sans-education-mayotte\/#breadcrumb"},"inLanguage":"fr-FR","potentialAction":[{"@type":"ReadAction","target":["https:\/\/www.apres-lecole.fr\/Blog\/enfants-sans-education-mayotte\/"]}]},{"@type":"ImageObject","inLanguage":"fr-FR","@id":"https:\/\/www.apres-lecole.fr\/Blog\/enfants-sans-education-mayotte\/#primaryimage","url":"https:\/\/www.apres-lecole.fr\/Blog\/wp-content\/uploads\/2025\/05\/A-Mayotte-des-milliers-denfants-se-retrouvent-sans-acces-a-leducation-en-raison-dun-manque-de-places-scolaires.jpg","contentUrl":"https:\/\/www.apres-lecole.fr\/Blog\/wp-content\/uploads\/2025\/05\/A-Mayotte-des-milliers-denfants-se-retrouvent-sans-acces-a-leducation-en-raison-dun-manque-de-places-scolaires.jpg","width":1344,"height":768,"caption":"d\u00e9couvrez la r\u00e9alit\u00e9 alarmante \u00e0 mayotte o\u00f9 des milliers d'enfants se heurtent \u00e0 un manque cruel de places scolaires, les privant ainsi d'un acc\u00e8s essentiel \u00e0 l'\u00e9ducation. plongez au c\u0153ur de cette probl\u00e9matique et explorez les enjeux qui affectent l'avenir de la jeunesse mahoraise."},{"@type":"BreadcrumbList","@id":"https:\/\/www.apres-lecole.fr\/Blog\/enfants-sans-education-mayotte\/#breadcrumb","itemListElement":[{"@type":"ListItem","position":1,"name":"Home","item":"https:\/\/www.apres-lecole.fr\/Blog\/"},{"@type":"ListItem","position":2,"name":"\u00c0 Mayotte, des milliers d&rsquo;enfants se retrouvent sans acc\u00e8s \u00e0 l&rsquo;\u00e9ducation en raison d&rsquo;un manque de places scolaires"}]},{"@type":"WebSite","@id":"https:\/\/www.apres-lecole.fr\/Blog\/#website","url":"https:\/\/www.apres-lecole.fr\/Blog\/","name":"","description":"M\u00e9dia g\u00e9n\u00e9raliste","potentialAction":[{"@type":"SearchAction","target":{"@type":"EntryPoint","urlTemplate":"https:\/\/www.apres-lecole.fr\/Blog\/?s={search_term_string}"},"query-input":{"@type":"PropertyValueSpecification","valueRequired":true,"valueName":"search_term_string"}}],"inLanguage":"fr-FR"},{"@type":"Person","@id":"https:\/\/www.apres-lecole.fr\/Blog\/#\/schema\/person\/aeb50cd4b51fc69da155804bb5bb9fc4","name":"Eva Martin","image":{"@type":"ImageObject","inLanguage":"fr-FR","@id":"https:\/\/secure.gravatar.com\/avatar\/55c53222558b27a72015a64073a80edce4abd33369394b9bf2c5cd6c19d12682?s=96&d=mm&r=g","url":"https:\/\/secure.gravatar.com\/avatar\/55c53222558b27a72015a64073a80edce4abd33369394b9bf2c5cd6c19d12682?s=96&d=mm&r=g","contentUrl":"https:\/\/secure.gravatar.com\/avatar\/55c53222558b27a72015a64073a80edce4abd33369394b9bf2c5cd6c19d12682?s=96&d=mm&r=g","caption":"Eva Martin"},"description":"Je parle de business et d'entrepreneuriat avec des conseils clairs, concrets et actionnables pour r\u00e9ussir","sameAs":["https:\/\/x.com\/Evaapresecole"],"url":"https:\/\/www.apres-lecole.fr\/Blog\/author\/evamartin\/"}]}},"views":48,"_links":{"self":[{"href":"https:\/\/www.apres-lecole.fr\/Blog\/wp-json\/wp\/v2\/posts\/1929","targetHints":{"allow":["GET"]}}],"collection":[{"href":"https:\/\/www.apres-lecole.fr\/Blog\/wp-json\/wp\/v2\/posts"}],"about":[{"href":"https:\/\/www.apres-lecole.fr\/Blog\/wp-json\/wp\/v2\/types\/post"}],"author":[{"embeddable":true,"href":"https:\/\/www.apres-lecole.fr\/Blog\/wp-json\/wp\/v2\/users\/9"}],"replies":[{"embeddable":true,"href":"https:\/\/www.apres-lecole.fr\/Blog\/wp-json\/wp\/v2\/comments?post=1929"}],"version-history":[{"count":0,"href":"https:\/\/www.apres-lecole.fr\/Blog\/wp-json\/wp\/v2\/posts\/1929\/revisions"}],"wp:featuredmedia":[{"embeddable":true,"href":"https:\/\/www.apres-lecole.fr\/Blog\/wp-json\/wp\/v2\/media\/1928"}],"wp:attachment":[{"href":"https:\/\/www.apres-lecole.fr\/Blog\/wp-json\/wp\/v2\/media?parent=1929"}],"wp:term":[{"taxonomy":"category","embeddable":true,"href":"https:\/\/www.apres-lecole.fr\/Blog\/wp-json\/wp\/v2\/categories?post=1929"},{"taxonomy":"post_tag","embeddable":true,"href":"https:\/\/www.apres-lecole.fr\/Blog\/wp-json\/wp\/v2\/tags?post=1929"}],"curies":[{"name":"wp","href":"https:\/\/api.w.org\/{rel}","templated":true}]}}