{"id":1925,"date":"2025-05-05T07:12:16","date_gmt":"2025-05-05T07:12:16","guid":{"rendered":"https:\/\/www.apres-lecole.fr\/Blog\/ecole-innovante-yourtes-ville\/"},"modified":"2025-05-05T07:12:16","modified_gmt":"2025-05-05T07:12:16","slug":"ecole-innovante-yourtes-ville","status":"publish","type":"post","link":"https:\/\/www.apres-lecole.fr\/Blog\/ecole-innovante-yourtes-ville\/","title":{"rendered":"Une \u00e9cole innovante installe des yourtes pour ses cours sans autorisation, la Ville r\u00e9agit"},"content":{"rendered":"\n\n<div class=\"kk-star-ratings kksr-auto kksr-align-left kksr-valign-top\"\n    data-payload='{&quot;align&quot;:&quot;left&quot;,&quot;id&quot;:&quot;1925&quot;,&quot;slug&quot;:&quot;default&quot;,&quot;valign&quot;:&quot;top&quot;,&quot;ignore&quot;:&quot;&quot;,&quot;reference&quot;:&quot;auto&quot;,&quot;class&quot;:&quot;&quot;,&quot;count&quot;:&quot;0&quot;,&quot;legendonly&quot;:&quot;&quot;,&quot;readonly&quot;:&quot;&quot;,&quot;score&quot;:&quot;0&quot;,&quot;starsonly&quot;:&quot;&quot;,&quot;best&quot;:&quot;5&quot;,&quot;gap&quot;:&quot;5&quot;,&quot;greet&quot;:&quot;Rate this post&quot;,&quot;legend&quot;:&quot;0\\\/5 - (0 vote)&quot;,&quot;size&quot;:&quot;24&quot;,&quot;title&quot;:&quot;Une \u00e9cole innovante installe des yourtes pour ses cours sans autorisation, la Ville r\u00e9agit&quot;,&quot;width&quot;:&quot;0&quot;,&quot;_legend&quot;:&quot;{score}\\\/{best} - ({count} {votes})&quot;,&quot;font_factor&quot;:&quot;1.25&quot;}'>\n            \n<div class=\"kksr-stars\">\n    \n<div class=\"kksr-stars-inactive\">\n            <div class=\"kksr-star\" data-star=\"1\" style=\"padding-right: 5px\">\n            \n\n<div class=\"kksr-icon\" style=\"width: 24px; height: 24px;\"><\/div>\n        <\/div>\n            <div class=\"kksr-star\" data-star=\"2\" style=\"padding-right: 5px\">\n            \n\n<div class=\"kksr-icon\" style=\"width: 24px; height: 24px;\"><\/div>\n        <\/div>\n            <div class=\"kksr-star\" data-star=\"3\" style=\"padding-right: 5px\">\n            \n\n<div class=\"kksr-icon\" style=\"width: 24px; height: 24px;\"><\/div>\n        <\/div>\n            <div class=\"kksr-star\" data-star=\"4\" style=\"padding-right: 5px\">\n            \n\n<div class=\"kksr-icon\" style=\"width: 24px; height: 24px;\"><\/div>\n        <\/div>\n            <div class=\"kksr-star\" data-star=\"5\" style=\"padding-right: 5px\">\n            \n\n<div class=\"kksr-icon\" style=\"width: 24px; height: 24px;\"><\/div>\n        <\/div>\n    <\/div>\n    \n<div class=\"kksr-stars-active\" style=\"width: 0px;\">\n            <div class=\"kksr-star\" style=\"padding-right: 5px\">\n            \n\n<div class=\"kksr-icon\" style=\"width: 24px; height: 24px;\"><\/div>\n        <\/div>\n            <div class=\"kksr-star\" style=\"padding-right: 5px\">\n            \n\n<div class=\"kksr-icon\" style=\"width: 24px; height: 24px;\"><\/div>\n        <\/div>\n            <div class=\"kksr-star\" style=\"padding-right: 5px\">\n            \n\n<div class=\"kksr-icon\" style=\"width: 24px; height: 24px;\"><\/div>\n        <\/div>\n            <div class=\"kksr-star\" style=\"padding-right: 5px\">\n            \n\n<div class=\"kksr-icon\" style=\"width: 24px; height: 24px;\"><\/div>\n        <\/div>\n            <div class=\"kksr-star\" style=\"padding-right: 5px\">\n            \n\n<div class=\"kksr-icon\" style=\"width: 24px; height: 24px;\"><\/div>\n        <\/div>\n    <\/div>\n<\/div>\n                \n\n<div class=\"kksr-legend\" style=\"font-size: 19.2px;\">\n            <span class=\"kksr-muted\">Rate this post<\/span>\n    <\/div>\n    <\/div>\n<p>Une initiative audacieuse dans le paysage \u00e9ducatif fran\u00e7ais fait actuellement les gros titres. Dans une petite commune, une \u00e9cole innovante s&rsquo;est engag\u00e9e dans une d\u00e9marche peu conventionnelle en rempla\u00e7ant ses salles de classe par des yourtes. Ce choix, motiv\u00e9 par des besoins sp\u00e9cifiques li\u00e9s \u00e0 la structure d&rsquo;accueil et aux effectifs croissants, soul\u00e8ve cependant des questions d&rsquo;ordre juridique et \u00e9thique. Alors que l&rsquo;\u00e9ducation traditionnelle est souvent remise en question, l&rsquo;usage des yourtes soul\u00e8ve non seulement des interrogations sur l&rsquo;adaptabilit\u00e9 de notre <strong>syst\u00e8me \u00e9ducatif<\/strong>, mais \u00e9galement sur le cadre r\u00e9glementaire qui entoure l&rsquo;architecture dans les \u00e9tablissements scolaires.<\/p>\n\n<h2 class=\"wp-block-heading\">Une \u00e9cole innovante : l&rsquo;id\u00e9e des yourtes pour des cours sans autorisation<\/h2>\n\n<p>Voil\u00e0 un d\u00e9fi que peu d&rsquo;\u00e9tablissements oseraient relever. L&rsquo;\u00e9cole en question a d\u00e9cid\u00e9 d&rsquo;installer des yourtes, ces structures mobiles issues de la tradition nomade, au c\u0153ur m\u00eame de son environnement d&rsquo;apprentissage. L&rsquo;id\u00e9e derri\u00e8re cette d\u00e9marche \u00e9tait d&rsquo;offrir un espace d&rsquo;apprentissage plus flexible et inspirant pour les \u00e9l\u00e8ves, tout en r\u00e9pondant \u00e0 un besoin \u00e9vident de place. En effet, avec des effectifs en constante augmentation, cette solution alternative a sembl\u00e9 s\u00e9duisante.<\/p>\n\n<p>Il ne s&rsquo;agit pas ici de n&rsquo;importe quelle initiative. L&rsquo;\u00e9cole innovante, en int\u00e9grant des yourtes dans son quotidien, d\u00e9montre une prise de risque assez unique dans le monde \u00e9ducatif. Ces structures, bien que temporaires, sont dot\u00e9es d&rsquo;un charme certain, offrant un cadre naturel et convivial propice aux apprentissages. La d\u00e9cision, cependant, a \u00e9t\u00e9 prise sans autorisation pr\u00e9alable de la Ville, ce qui a imm\u00e9diatement attir\u00e9 l\u2019\u0153il des autorit\u00e9s.<\/p>\n\n<figure class=\"wp-block-table\"><table>\n<thead>\n<tr>\n<th>Avantages des yourtes<\/th>\n<th>Inconv\u00e9nients potentiels<\/th>\n<\/tr>\n<\/thead>\n<tbody>\n<tr>\n<td>Flexibilit\u00e9 d&rsquo;espace \ud83c\udfd5\ufe0f<\/td>\n<td>Absence d&rsquo;autorisation \u274c<\/td>\n<\/tr>\n<tr>\n<td>Environnement d&rsquo;apprentissage naturel \ud83c\udf33<\/td>\n<td>Risques r\u00e9glementaires \u2696\ufe0f<\/td>\n<\/tr>\n<tr>\n<td>Co\u00fbt d&rsquo;installation mod\u00e9r\u00e9 \ud83d\udcb0<\/td>\n<td>Conditions climatiques variables \ud83c\udf26\ufe0f<\/td>\n<\/tr>\n<\/tbody>\n<\/table><\/figure>\n\n<p>Cette solution d&rsquo;<strong>architecture \u00e9coresponsable<\/strong> m\u00e9rite d&rsquo;\u00eatre examin\u00e9e dans le contexte actuel, o\u00f9 l&rsquo;\u00e9ducation fait face \u00e0 de nombreuses difficult\u00e9s li\u00e9es \u00e0 l&rsquo;espace et aux ressources. Installer des yourtes peut appara\u00eetre comme une r\u00e9ponse ing\u00e9nieuse face aux contraintes budg\u00e9taires souvent rencontr\u00e9es par les municipalit\u00e9s.<\/p>\n\n<h3 class=\"wp-block-heading\">Un cadre alternatif pour un apprentissage innovant<\/h3>\n\n<p>Les yourtes, traditionnellement utilis\u00e9es par les peuples nomades en Asie centrale, sont reconnues pour leur capacit\u00e9 \u00e0 s&rsquo;adapter \u00e0 divers environnements. Cette flexibilit\u00e9 en fait une option int\u00e9ressante pour les \u00e9tablissements scolaires. L\u2019id\u00e9e est de cr\u00e9er un espace d\u2019apprentissage moins rigide, permettant une interaction diff\u00e9rente entre \u00e9l\u00e8ves et enseignants. Des ateliers en plein air, des discussions informelles ou des projets de groupes peuvent \u00eatre facilement r\u00e9alis\u00e9s dans de tels cadres.<\/p>\n\n<p>De plus, l&rsquo;absence de murs classiques favorise une ambiance de partage et d&rsquo;ouverture. Les \u00e9l\u00e8ves se sentent g\u00e9n\u00e9ralement plus \u00e0 l&rsquo;aise et libres de s&rsquo;exprimer, ce qui peut enrichir leurs comp\u00e9tences interpersonnelles. D&rsquo;apr\u00e8s plusieurs psychologues de l&rsquo;\u00e9ducation, un environnement d&rsquo;apprentissage agr\u00e9able contribue de mani\u00e8re significative \u00e0 la motivation des \u00e9l\u00e8ves et n&rsquo;est pas \u00e0 n\u00e9gliger.<\/p>\n\n<h2 class=\"wp-block-heading\">La r\u00e9action de la Ville face \u00e0 cette initiative audacieuse<\/h2>\n\n<p>Il n&rsquo;a pas fallu longtemps pour que la Ville r\u00e9agisse \u00e0 l&rsquo;installation des yourtes. Le constat d&rsquo;une absence d&rsquo;autorisation a soulev\u00e9 des inqui\u00e9tudes non seulement quant \u00e0 la s\u00e9curit\u00e9 des \u00e9l\u00e8ves, mais aussi sur le respect des normes d&rsquo;urbanisme en vigueur. Cela a plac\u00e9 les autorit\u00e9s municipales dans une position d\u00e9licate. D&rsquo;un c\u00f4t\u00e9, il existe un besoin pressant d&rsquo;innovation dans le <strong>syst\u00e8me \u00e9ducatif<\/strong>, mais de l&rsquo;autre, la l\u00e9galit\u00e9 et la s\u00e9curit\u00e9 ne peuvent \u00eatre mises de c\u00f4t\u00e9.<\/p>\n\n<p>Il est crucial de discuter de la mani\u00e8re dont cette situation peut \u00eatre per\u00e7ue par les diff\u00e9rentes parties prenantes. Les enseignants et les parents soutiennent g\u00e9n\u00e9ralement ce type d&rsquo;initiative, \u00e9tant donn\u00e9 les avantages potentiels qu\u2019elle apporte. Cependant, les autorit\u00e9s municipales, elles, doivent prioriser le respect des normes qui garantissent la s\u00e9curit\u00e9 et le bien-\u00eatre des \u00e9l\u00e8ves. C&rsquo;est un v\u00e9ritable jeu d&rsquo;\u00e9quilibre entre l&rsquo;<strong>innovation p\u00e9dagogique<\/strong> et le cadre l\u00e9gal, sans quoi des pr\u00e9c\u00e9dents pourraient \u00eatre risqu\u00e9s pour d&rsquo;autres initiatives futures.<\/p>\n\n<ul class=\"wp-block-list\"><li><strong>Alertes de s\u00e9curit\u00e9 \ud83d\udea8<\/strong><\/li><li><strong>Questions r\u00e9glementaires \ud83e\udd14<\/strong><\/li><li><strong>Risques d\u2019exemplarit\u00e9 pour d&rsquo;autres projets \u26a0\ufe0f<\/strong><\/li><\/ul>\n\n<p>Comme pr\u00e9vu, cette situation a engendr\u00e9 des discussions enflamm\u00e9es dans la communaut\u00e9. Les forums locaux et r\u00e9seaux sociaux se sont enflamm\u00e9s sur le sujet, suscitant des d\u00e9sirs de dialogue entre les parents d&rsquo;\u00e9l\u00e8ves, les enseignants, et les d\u00e9cideurs municipaux afin de trouver un terrain d&rsquo;entente.<\/p>\n\n<h3 class=\"wp-block-heading\">Vers une possible r\u00e9gularisation ?<\/h3>\n\n<p>Il pourrait \u00eatre int\u00e9ressant d&rsquo;explorer la possibilit\u00e9 de r\u00e9gulariser l&rsquo;installation des yourtes. De nombreuses communes ont d\u00e9j\u00e0 r\u00e9alis\u00e9 qu\u2019un changement dans la r\u00e9glementation pouvait favoriser des solutions \u00e9coresponsables. Le cadre juridique pourrait \u00e9voluer pour permettre un espace p\u00e9dagogique alternatif, refl\u00e9tant ainsi les besoins modernes des \u00e9l\u00e8ves et de l&rsquo;\u00e9ducation.<\/p>\n\n<p>Une r\u00e9gularisation pourrait \u00e9galement donner lieu \u00e0 des projets de ce type dans d&rsquo;autres \u00e9coles, t\u00e9moignant d&rsquo;un engagement collectif en faveur de l&rsquo;innovation et de la durabilit\u00e9. Tout cela pourrait encourager la <strong>Ville<\/strong> \u00e0 consid\u00e9rer un syst\u00e8me permettant d\u2019adopter des structures non conventionnelles \u00e0 une \u00e9chelle encore plus vaste.<\/p>\n\n<h2 class=\"wp-block-heading\">Une solution d&rsquo;architecture \u00e9coresponsable<\/h2>\n\n<p>Installer des yourtes en milieu scolaire repr\u00e9sente une petite r\u00e9volution. Elles ne sont pas seulement une solution \u00e0 un probl\u00e8me d&rsquo;espace; elles incarnent \u00e9galement une approche durable et \u00e9thique vis-\u00e0-vis de l&rsquo;architecture. Dans une \u00e9poque o\u00f9 la prise de conscience \u00e9cologique est plus forte que jamais, il est essentiel de se pencher sur des solutions comme celles-ci qui sont \u00e0 la fois pratiques et respectueuses de l&rsquo;environnement.<\/p>\n\n<p>Ce type d&rsquo;installation offre une profonde r\u00e9flexion sur la mani\u00e8re dont l&rsquo;<strong>architecture \u00e9coresponsable<\/strong> peut influencer notre futur. Le choix d&rsquo;utiliser des mat\u00e9riaux naturels, la capacit\u00e9 \u00e0 s&rsquo;adapter \u00e0 diff\u00e9rents environnements et la possibilit\u00e9 de cr\u00e9er des espaces modulables sont autant d&rsquo;\u00e9l\u00e9ments positifs qui invitent \u00e0 reconsid\u00e9rer nos m\u00e9thodes de construction. En adoptant cette orientation, l\u2019\u00e9cole prend un r\u00f4le de leader dans le domaine de l&rsquo;innovation durable.<\/p>\n\n<figure class=\"wp-block-table\"><table>\n<thead>\n<tr>\n<th>Caract\u00e9ristiques des yourtes<\/th>\n<th>Impact sur l&rsquo;environnement<\/th>\n<\/tr>\n<\/thead>\n<tbody>\n<tr>\n<td>Mat\u00e9riaux naturels \ud83c\udf3f<\/td>\n<td>R\u00e9duction de l\u2019empreinte carbone \ud83c\udf0d<\/td>\n<\/tr>\n<tr>\n<td>Construits pour durer \u23f3<\/td>\n<td>\u00c9nergie renouvelable \u267b\ufe0f<\/td>\n<\/tr>\n<tr>\n<td>Flexibilit\u00e9 et mobilit\u00e9 \ud83d\ude80<\/td>\n<td>Conservation des espaces \ud83c\udf8b<\/td>\n<\/tr>\n<\/tbody>\n<\/table><\/figure>\n\n<p>De plus, l&rsquo;\u00e9tablissement pr\u00e9sente un mod\u00e8le que d&rsquo;autres \u00e9tablissements pourraient envisager. En int\u00e9grant des principes d&rsquo;architecture durable, les \u00e9coles contribuent \u00e0 la lutte contre le changement climatique tout en cr\u00e9ant des environnements propices \u00e0 l&rsquo;apprentissage. Cela pourrait notamment engager les jeunes g\u00e9n\u00e9rations \u00e0 devenir plus conscientes de leur r\u00f4le dans la protection de l&rsquo;environnement.<\/p>\n\n<h2 class=\"wp-block-heading\">Vers une nouvelle g\u00e9n\u00e9ration d\u2019\u00e9coles innovantes<\/h2>\n\n<p>La question qui se pose d\u00e9sormais est de savoir si d&rsquo;autres institutions \u00e9ducatives suivront l&rsquo;exemple de cette \u00e9cole. Avec la mont\u00e9e des d\u00e9fis li\u00e9s \u00e0 l&rsquo;\u00e9ducation moderne, les alternatives comme les yourtes pourraient offrir non seulement des solutions pratiques, mais aussi une vision tout \u00e0 fait nouvelle pour l&rsquo;\u00e9ducation de demain. Pour cela, les \u00e9coles doivent \u00eatre pr\u00eates \u00e0 explorer des mod\u00e8les diff\u00e9rents de transmission des savoirs, et ce, en toute l\u00e9gitimit\u00e9.<\/p>\n\n<p>Cette situation ouvre la porte \u00e0 des r\u00e9flexions profondes sur notre rapport \u00e0 l\u2019enseignement et \u00e0 l&rsquo;espace. Cela soul\u00e8ve \u00e9galement des interrogations sur l&rsquo;<strong>\u00e9galit\u00e9 des droits<\/strong> en mati\u00e8re d&rsquo;\u00e9ducation, car le droit \u00e0 un environnement d&rsquo;apprentissage digne doit \u00eatre garanti quels que soient les choix architecturaux. Dans la qu\u00eate d&rsquo;une \u00e9cole mieux adapt\u00e9e \u00e0 ses \u00e9l\u00e8ves, l&rsquo;innovation ne doit pas \u00eatre per\u00e7ue comme une d\u00e9rogation aux normes, mais comme une \u00e9volution n\u00e9cessaire. Les \u00e9coles innovantes, telles que celle-ci, peuvent devenir les pr\u00e9curseurs d&rsquo;un nouveau syst\u00e8me \u00e9ducatif o\u00f9 l&rsquo;adaptabilit\u00e9 et la cr\u00e9ativit\u00e9 sont des valeurs fondamentales.<\/p>\n\n<h2 class=\"wp-block-heading\">FAQ<\/h2>\n\n<h3 class=\"wp-block-heading\">Les constructoris de type yourte r\u00e9pondent-ils aux normes de s\u00e9curit\u00e9 ?<\/h3>\n\n<p>Oui, il est possible que les yourtes respectent les normes de s\u00e9curit\u00e9 si elles sont install\u00e9es correctement et avec des mat\u00e9riaux de qualit\u00e9.<\/p>\n\n<h3 class=\"wp-block-heading\">Comment une \u00e9cole peut-elle int\u00e9grer des solutions comme des yourtes l\u00e9galement ?<\/h3>\n\n<p>Pour int\u00e9grer ces types de structures, il est essentiel d&rsquo;obtenir les autorisations n\u00e9cessaires et de se conformer aux r\u00e9glementations locales. Une approche collaborative avec les autorit\u00e9s peut favoriser cette int\u00e9gration.<\/p>\n\n<h3 class=\"wp-block-heading\">Quelles sont les alternatives aux b\u00e2timents scolaires classiques ?<\/h3>\n\n<p>Des solutions comme des structures modulaires, des containers am\u00e9nag\u00e9s, ou encore des dispositifs de classe mobile peuvent \u00eatre envisag\u00e9es.<\/p>\n\n<h3 class=\"wp-block-heading\">Quels impacts \u00e9ducatifs peut avoir l&rsquo;installation de yourtes ?<\/h3>\n\n<p>Les installations de yourtes peuvent favoriser une ambiance d&rsquo;apprentissage chaleureuse, stimuler la cr\u00e9ativit\u00e9 et encourager l&rsquo;interaction entre \u00e9l\u00e8ves.<\/p>\n\n<h3 class=\"wp-block-heading\">Les yourtes contribuent-elles \u00e0 un mod\u00e8le \u00e9ducatif durable ?<\/h3>\n\n<p>Oui, les yourtes respectent les concepts d&rsquo;architecture \u00e9coresponsable et peuvent contribuer \u00e0 un mod\u00e8le \u00e9ducatif durable en r\u00e9duisant l&#8217;empreinte \u00e9cologique.<\/p>\n\n","protected":false},"excerpt":{"rendered":"<p>Une initiative audacieuse dans le paysage \u00e9ducatif fran\u00e7ais fait actuellement les gros titres. Dans une petite commune, une \u00e9cole innovante s&rsquo;est engag\u00e9e dans une d\u00e9marche peu conventionnelle en rempla\u00e7ant ses salles de classe par des yourtes. Ce choix, motiv\u00e9 par des besoins sp\u00e9cifiques li\u00e9s \u00e0 la structure d&rsquo;accueil et aux effectifs croissants, soul\u00e8ve cependant des &#8230; <a title=\"Une \u00e9cole innovante installe des yourtes pour ses cours sans autorisation, la Ville r\u00e9agit\" class=\"read-more\" href=\"https:\/\/www.apres-lecole.fr\/Blog\/ecole-innovante-yourtes-ville\/\" aria-label=\"En savoir plus sur Une \u00e9cole innovante installe des yourtes pour ses cours sans autorisation, la Ville r\u00e9agit\">Lire plus<\/a><\/p>\n","protected":false},"author":9,"featured_media":1924,"comment_status":"open","ping_status":"open","sticky":false,"template":"","format":"standard","meta":{"footnotes":""},"categories":[342],"tags":[798,796,799,800,797],"class_list":["post-1925","post","type-post","status-publish","format-standard","has-post-thumbnail","hentry","category-actualites","tag-cours-en-plein-air","tag-ecole-innovante","tag-education-alternative","tag-ville","tag-yourtes"],"yoast_head":"<!-- This site is optimized with the Yoast SEO plugin v27.5 - https:\/\/yoast.com\/product\/yoast-seo-wordpress\/ -->\n<title>Une \u00e9cole atypique : des yourtes pour apprendre, la ville s&#039;inqui\u00e8te<\/title>\n<meta name=\"description\" content=\"D\u00e9couvrez comment une \u00e9cole innovante a pris l&#039;initiative d&#039;installer des yourtes pour ses cours sans autorisation, suscitant une r\u00e9action de la Ville. Plongez dans cette histoire fascinante qui interroge les fronti\u00e8res de l&#039;\u00e9ducation et de l&#039;urbanisme.\" \/>\n<meta name=\"robots\" content=\"index, follow, max-snippet:-1, max-image-preview:large, max-video-preview:-1\" \/>\n<link rel=\"canonical\" href=\"https:\/\/www.apres-lecole.fr\/Blog\/ecole-innovante-yourtes-ville\/\" \/>\n<meta property=\"og:locale\" content=\"fr_FR\" \/>\n<meta property=\"og:type\" content=\"article\" \/>\n<meta property=\"og:title\" content=\"Une \u00e9cole atypique : des yourtes pour apprendre, la ville s&#039;inqui\u00e8te\" \/>\n<meta property=\"og:description\" content=\"D\u00e9couvrez comment une \u00e9cole innovante a pris l&#039;initiative d&#039;installer des yourtes pour ses cours sans autorisation, suscitant une r\u00e9action de la Ville. Plongez dans cette histoire fascinante qui interroge les fronti\u00e8res de l&#039;\u00e9ducation et de l&#039;urbanisme.\" \/>\n<meta property=\"og:url\" content=\"https:\/\/www.apres-lecole.fr\/Blog\/ecole-innovante-yourtes-ville\/\" \/>\n<meta property=\"article:published_time\" content=\"2025-05-05T07:12:16+00:00\" \/>\n<meta property=\"og:image\" content=\"https:\/\/www.apres-lecole.fr\/Blog\/wp-content\/uploads\/2025\/05\/Une-ecole-innovante-installe-des-yourtes-pour-ses-cours-sans-autorisation-la-Ville-reagit.jpg\" \/>\n\t<meta property=\"og:image:width\" content=\"1344\" \/>\n\t<meta property=\"og:image:height\" content=\"768\" \/>\n\t<meta property=\"og:image:type\" content=\"image\/jpeg\" \/>\n<meta name=\"author\" content=\"Eva Martin\" \/>\n<meta name=\"twitter:card\" content=\"summary_large_image\" \/>\n<meta name=\"twitter:creator\" content=\"@Evaapresecole\" \/>\n<meta name=\"twitter:label1\" content=\"\u00c9crit par\" \/>\n\t<meta name=\"twitter:data1\" content=\"Eva Martin\" \/>\n\t<meta name=\"twitter:label2\" content=\"Dur\u00e9e de lecture estim\u00e9e\" \/>\n\t<meta name=\"twitter:data2\" content=\"7 minutes\" \/>\n<script type=\"application\/ld+json\" class=\"yoast-schema-graph\">{\"@context\":\"https:\\\/\\\/schema.org\",\"@graph\":[{\"@type\":\"Article\",\"@id\":\"https:\\\/\\\/www.apres-lecole.fr\\\/Blog\\\/ecole-innovante-yourtes-ville\\\/#article\",\"isPartOf\":{\"@id\":\"https:\\\/\\\/www.apres-lecole.fr\\\/Blog\\\/ecole-innovante-yourtes-ville\\\/\"},\"author\":{\"name\":\"Eva Martin\",\"@id\":\"https:\\\/\\\/www.apres-lecole.fr\\\/Blog\\\/#\\\/schema\\\/person\\\/aeb50cd4b51fc69da155804bb5bb9fc4\"},\"headline\":\"Une \u00e9cole innovante installe des yourtes pour ses cours sans autorisation, la Ville r\u00e9agit\",\"datePublished\":\"2025-05-05T07:12:16+00:00\",\"mainEntityOfPage\":{\"@id\":\"https:\\\/\\\/www.apres-lecole.fr\\\/Blog\\\/ecole-innovante-yourtes-ville\\\/\"},\"wordCount\":1565,\"commentCount\":0,\"image\":{\"@id\":\"https:\\\/\\\/www.apres-lecole.fr\\\/Blog\\\/ecole-innovante-yourtes-ville\\\/#primaryimage\"},\"thumbnailUrl\":\"https:\\\/\\\/www.apres-lecole.fr\\\/Blog\\\/wp-content\\\/uploads\\\/2025\\\/05\\\/Une-ecole-innovante-installe-des-yourtes-pour-ses-cours-sans-autorisation-la-Ville-reagit.jpg\",\"keywords\":[\"cours en plein air\",\"\u00e9cole innovante\",\"\u00e9ducation alternative\",\"ville\",\"yourtes\"],\"articleSection\":[\"Actualit\u00e9s\"],\"inLanguage\":\"fr-FR\",\"potentialAction\":[{\"@type\":\"CommentAction\",\"name\":\"Comment\",\"target\":[\"https:\\\/\\\/www.apres-lecole.fr\\\/Blog\\\/ecole-innovante-yourtes-ville\\\/#respond\"]}]},{\"@type\":\"WebPage\",\"@id\":\"https:\\\/\\\/www.apres-lecole.fr\\\/Blog\\\/ecole-innovante-yourtes-ville\\\/\",\"url\":\"https:\\\/\\\/www.apres-lecole.fr\\\/Blog\\\/ecole-innovante-yourtes-ville\\\/\",\"name\":\"Une \u00e9cole atypique : des yourtes pour apprendre, la ville s'inqui\u00e8te\",\"isPartOf\":{\"@id\":\"https:\\\/\\\/www.apres-lecole.fr\\\/Blog\\\/#website\"},\"primaryImageOfPage\":{\"@id\":\"https:\\\/\\\/www.apres-lecole.fr\\\/Blog\\\/ecole-innovante-yourtes-ville\\\/#primaryimage\"},\"image\":{\"@id\":\"https:\\\/\\\/www.apres-lecole.fr\\\/Blog\\\/ecole-innovante-yourtes-ville\\\/#primaryimage\"},\"thumbnailUrl\":\"https:\\\/\\\/www.apres-lecole.fr\\\/Blog\\\/wp-content\\\/uploads\\\/2025\\\/05\\\/Une-ecole-innovante-installe-des-yourtes-pour-ses-cours-sans-autorisation-la-Ville-reagit.jpg\",\"datePublished\":\"2025-05-05T07:12:16+00:00\",\"author\":{\"@id\":\"https:\\\/\\\/www.apres-lecole.fr\\\/Blog\\\/#\\\/schema\\\/person\\\/aeb50cd4b51fc69da155804bb5bb9fc4\"},\"description\":\"D\u00e9couvrez comment une \u00e9cole innovante a pris l'initiative d'installer des yourtes pour ses cours sans autorisation, suscitant une r\u00e9action de la Ville. Plongez dans cette histoire fascinante qui interroge les fronti\u00e8res de l'\u00e9ducation et de l'urbanisme.\",\"breadcrumb\":{\"@id\":\"https:\\\/\\\/www.apres-lecole.fr\\\/Blog\\\/ecole-innovante-yourtes-ville\\\/#breadcrumb\"},\"inLanguage\":\"fr-FR\",\"potentialAction\":[{\"@type\":\"ReadAction\",\"target\":[\"https:\\\/\\\/www.apres-lecole.fr\\\/Blog\\\/ecole-innovante-yourtes-ville\\\/\"]}]},{\"@type\":\"ImageObject\",\"inLanguage\":\"fr-FR\",\"@id\":\"https:\\\/\\\/www.apres-lecole.fr\\\/Blog\\\/ecole-innovante-yourtes-ville\\\/#primaryimage\",\"url\":\"https:\\\/\\\/www.apres-lecole.fr\\\/Blog\\\/wp-content\\\/uploads\\\/2025\\\/05\\\/Une-ecole-innovante-installe-des-yourtes-pour-ses-cours-sans-autorisation-la-Ville-reagit.jpg\",\"contentUrl\":\"https:\\\/\\\/www.apres-lecole.fr\\\/Blog\\\/wp-content\\\/uploads\\\/2025\\\/05\\\/Une-ecole-innovante-installe-des-yourtes-pour-ses-cours-sans-autorisation-la-Ville-reagit.jpg\",\"width\":1344,\"height\":768,\"caption\":\"d\u00e9couvrez comment une \u00e9cole innovante a pris le risque d'installer des yourtes pour ses cours sans autorisation, provoquant la r\u00e9action rapide de la ville. ce cas soul\u00e8ve des questions sur l'\u00e9ducation alternative et les r\u00e9glementations en vigueur.\"},{\"@type\":\"BreadcrumbList\",\"@id\":\"https:\\\/\\\/www.apres-lecole.fr\\\/Blog\\\/ecole-innovante-yourtes-ville\\\/#breadcrumb\",\"itemListElement\":[{\"@type\":\"ListItem\",\"position\":1,\"name\":\"Home\",\"item\":\"https:\\\/\\\/www.apres-lecole.fr\\\/Blog\\\/\"},{\"@type\":\"ListItem\",\"position\":2,\"name\":\"Une \u00e9cole innovante installe des yourtes pour ses cours sans autorisation, la Ville r\u00e9agit\"}]},{\"@type\":\"WebSite\",\"@id\":\"https:\\\/\\\/www.apres-lecole.fr\\\/Blog\\\/#website\",\"url\":\"https:\\\/\\\/www.apres-lecole.fr\\\/Blog\\\/\",\"name\":\"\",\"description\":\"M\u00e9dia g\u00e9n\u00e9raliste\",\"potentialAction\":[{\"@type\":\"SearchAction\",\"target\":{\"@type\":\"EntryPoint\",\"urlTemplate\":\"https:\\\/\\\/www.apres-lecole.fr\\\/Blog\\\/?s={search_term_string}\"},\"query-input\":{\"@type\":\"PropertyValueSpecification\",\"valueRequired\":true,\"valueName\":\"search_term_string\"}}],\"inLanguage\":\"fr-FR\"},{\"@type\":\"Person\",\"@id\":\"https:\\\/\\\/www.apres-lecole.fr\\\/Blog\\\/#\\\/schema\\\/person\\\/aeb50cd4b51fc69da155804bb5bb9fc4\",\"name\":\"Eva Martin\",\"image\":{\"@type\":\"ImageObject\",\"inLanguage\":\"fr-FR\",\"@id\":\"https:\\\/\\\/secure.gravatar.com\\\/avatar\\\/55c53222558b27a72015a64073a80edce4abd33369394b9bf2c5cd6c19d12682?s=96&d=mm&r=g\",\"url\":\"https:\\\/\\\/secure.gravatar.com\\\/avatar\\\/55c53222558b27a72015a64073a80edce4abd33369394b9bf2c5cd6c19d12682?s=96&d=mm&r=g\",\"contentUrl\":\"https:\\\/\\\/secure.gravatar.com\\\/avatar\\\/55c53222558b27a72015a64073a80edce4abd33369394b9bf2c5cd6c19d12682?s=96&d=mm&r=g\",\"caption\":\"Eva Martin\"},\"description\":\"Je parle de business et d'entrepreneuriat avec des conseils clairs, concrets et actionnables pour r\u00e9ussir\",\"sameAs\":[\"https:\\\/\\\/x.com\\\/Evaapresecole\"],\"url\":\"https:\\\/\\\/www.apres-lecole.fr\\\/Blog\\\/author\\\/evamartin\\\/\"}]}<\/script>\n<!-- \/ Yoast SEO plugin. -->","yoast_head_json":{"title":"Une \u00e9cole atypique : des yourtes pour apprendre, la ville s'inqui\u00e8te","description":"D\u00e9couvrez comment une \u00e9cole innovante a pris l'initiative d'installer des yourtes pour ses cours sans autorisation, suscitant une r\u00e9action de la Ville. Plongez dans cette histoire fascinante qui interroge les fronti\u00e8res de l'\u00e9ducation et de l'urbanisme.","robots":{"index":"index","follow":"follow","max-snippet":"max-snippet:-1","max-image-preview":"max-image-preview:large","max-video-preview":"max-video-preview:-1"},"canonical":"https:\/\/www.apres-lecole.fr\/Blog\/ecole-innovante-yourtes-ville\/","og_locale":"fr_FR","og_type":"article","og_title":"Une \u00e9cole atypique : des yourtes pour apprendre, la ville s'inqui\u00e8te","og_description":"D\u00e9couvrez comment une \u00e9cole innovante a pris l'initiative d'installer des yourtes pour ses cours sans autorisation, suscitant une r\u00e9action de la Ville. Plongez dans cette histoire fascinante qui interroge les fronti\u00e8res de l'\u00e9ducation et de l'urbanisme.","og_url":"https:\/\/www.apres-lecole.fr\/Blog\/ecole-innovante-yourtes-ville\/","article_published_time":"2025-05-05T07:12:16+00:00","og_image":[{"width":1344,"height":768,"url":"https:\/\/www.apres-lecole.fr\/Blog\/wp-content\/uploads\/2025\/05\/Une-ecole-innovante-installe-des-yourtes-pour-ses-cours-sans-autorisation-la-Ville-reagit.jpg","type":"image\/jpeg"}],"author":"Eva Martin","twitter_card":"summary_large_image","twitter_creator":"@Evaapresecole","twitter_misc":{"\u00c9crit par":"Eva Martin","Dur\u00e9e de lecture estim\u00e9e":"7 minutes"},"schema":{"@context":"https:\/\/schema.org","@graph":[{"@type":"Article","@id":"https:\/\/www.apres-lecole.fr\/Blog\/ecole-innovante-yourtes-ville\/#article","isPartOf":{"@id":"https:\/\/www.apres-lecole.fr\/Blog\/ecole-innovante-yourtes-ville\/"},"author":{"name":"Eva Martin","@id":"https:\/\/www.apres-lecole.fr\/Blog\/#\/schema\/person\/aeb50cd4b51fc69da155804bb5bb9fc4"},"headline":"Une \u00e9cole innovante installe des yourtes pour ses cours sans autorisation, la Ville r\u00e9agit","datePublished":"2025-05-05T07:12:16+00:00","mainEntityOfPage":{"@id":"https:\/\/www.apres-lecole.fr\/Blog\/ecole-innovante-yourtes-ville\/"},"wordCount":1565,"commentCount":0,"image":{"@id":"https:\/\/www.apres-lecole.fr\/Blog\/ecole-innovante-yourtes-ville\/#primaryimage"},"thumbnailUrl":"https:\/\/www.apres-lecole.fr\/Blog\/wp-content\/uploads\/2025\/05\/Une-ecole-innovante-installe-des-yourtes-pour-ses-cours-sans-autorisation-la-Ville-reagit.jpg","keywords":["cours en plein air","\u00e9cole innovante","\u00e9ducation alternative","ville","yourtes"],"articleSection":["Actualit\u00e9s"],"inLanguage":"fr-FR","potentialAction":[{"@type":"CommentAction","name":"Comment","target":["https:\/\/www.apres-lecole.fr\/Blog\/ecole-innovante-yourtes-ville\/#respond"]}]},{"@type":"WebPage","@id":"https:\/\/www.apres-lecole.fr\/Blog\/ecole-innovante-yourtes-ville\/","url":"https:\/\/www.apres-lecole.fr\/Blog\/ecole-innovante-yourtes-ville\/","name":"Une \u00e9cole atypique : des yourtes pour apprendre, la ville s'inqui\u00e8te","isPartOf":{"@id":"https:\/\/www.apres-lecole.fr\/Blog\/#website"},"primaryImageOfPage":{"@id":"https:\/\/www.apres-lecole.fr\/Blog\/ecole-innovante-yourtes-ville\/#primaryimage"},"image":{"@id":"https:\/\/www.apres-lecole.fr\/Blog\/ecole-innovante-yourtes-ville\/#primaryimage"},"thumbnailUrl":"https:\/\/www.apres-lecole.fr\/Blog\/wp-content\/uploads\/2025\/05\/Une-ecole-innovante-installe-des-yourtes-pour-ses-cours-sans-autorisation-la-Ville-reagit.jpg","datePublished":"2025-05-05T07:12:16+00:00","author":{"@id":"https:\/\/www.apres-lecole.fr\/Blog\/#\/schema\/person\/aeb50cd4b51fc69da155804bb5bb9fc4"},"description":"D\u00e9couvrez comment une \u00e9cole innovante a pris l'initiative d'installer des yourtes pour ses cours sans autorisation, suscitant une r\u00e9action de la Ville. Plongez dans cette histoire fascinante qui interroge les fronti\u00e8res de l'\u00e9ducation et de l'urbanisme.","breadcrumb":{"@id":"https:\/\/www.apres-lecole.fr\/Blog\/ecole-innovante-yourtes-ville\/#breadcrumb"},"inLanguage":"fr-FR","potentialAction":[{"@type":"ReadAction","target":["https:\/\/www.apres-lecole.fr\/Blog\/ecole-innovante-yourtes-ville\/"]}]},{"@type":"ImageObject","inLanguage":"fr-FR","@id":"https:\/\/www.apres-lecole.fr\/Blog\/ecole-innovante-yourtes-ville\/#primaryimage","url":"https:\/\/www.apres-lecole.fr\/Blog\/wp-content\/uploads\/2025\/05\/Une-ecole-innovante-installe-des-yourtes-pour-ses-cours-sans-autorisation-la-Ville-reagit.jpg","contentUrl":"https:\/\/www.apres-lecole.fr\/Blog\/wp-content\/uploads\/2025\/05\/Une-ecole-innovante-installe-des-yourtes-pour-ses-cours-sans-autorisation-la-Ville-reagit.jpg","width":1344,"height":768,"caption":"d\u00e9couvrez comment une \u00e9cole innovante a pris le risque d'installer des yourtes pour ses cours sans autorisation, provoquant la r\u00e9action rapide de la ville. ce cas soul\u00e8ve des questions sur l'\u00e9ducation alternative et les r\u00e9glementations en vigueur."},{"@type":"BreadcrumbList","@id":"https:\/\/www.apres-lecole.fr\/Blog\/ecole-innovante-yourtes-ville\/#breadcrumb","itemListElement":[{"@type":"ListItem","position":1,"name":"Home","item":"https:\/\/www.apres-lecole.fr\/Blog\/"},{"@type":"ListItem","position":2,"name":"Une \u00e9cole innovante installe des yourtes pour ses cours sans autorisation, la Ville r\u00e9agit"}]},{"@type":"WebSite","@id":"https:\/\/www.apres-lecole.fr\/Blog\/#website","url":"https:\/\/www.apres-lecole.fr\/Blog\/","name":"","description":"M\u00e9dia g\u00e9n\u00e9raliste","potentialAction":[{"@type":"SearchAction","target":{"@type":"EntryPoint","urlTemplate":"https:\/\/www.apres-lecole.fr\/Blog\/?s={search_term_string}"},"query-input":{"@type":"PropertyValueSpecification","valueRequired":true,"valueName":"search_term_string"}}],"inLanguage":"fr-FR"},{"@type":"Person","@id":"https:\/\/www.apres-lecole.fr\/Blog\/#\/schema\/person\/aeb50cd4b51fc69da155804bb5bb9fc4","name":"Eva Martin","image":{"@type":"ImageObject","inLanguage":"fr-FR","@id":"https:\/\/secure.gravatar.com\/avatar\/55c53222558b27a72015a64073a80edce4abd33369394b9bf2c5cd6c19d12682?s=96&d=mm&r=g","url":"https:\/\/secure.gravatar.com\/avatar\/55c53222558b27a72015a64073a80edce4abd33369394b9bf2c5cd6c19d12682?s=96&d=mm&r=g","contentUrl":"https:\/\/secure.gravatar.com\/avatar\/55c53222558b27a72015a64073a80edce4abd33369394b9bf2c5cd6c19d12682?s=96&d=mm&r=g","caption":"Eva Martin"},"description":"Je parle de business et d'entrepreneuriat avec des conseils clairs, concrets et actionnables pour r\u00e9ussir","sameAs":["https:\/\/x.com\/Evaapresecole"],"url":"https:\/\/www.apres-lecole.fr\/Blog\/author\/evamartin\/"}]}},"views":9,"_links":{"self":[{"href":"https:\/\/www.apres-lecole.fr\/Blog\/wp-json\/wp\/v2\/posts\/1925","targetHints":{"allow":["GET"]}}],"collection":[{"href":"https:\/\/www.apres-lecole.fr\/Blog\/wp-json\/wp\/v2\/posts"}],"about":[{"href":"https:\/\/www.apres-lecole.fr\/Blog\/wp-json\/wp\/v2\/types\/post"}],"author":[{"embeddable":true,"href":"https:\/\/www.apres-lecole.fr\/Blog\/wp-json\/wp\/v2\/users\/9"}],"replies":[{"embeddable":true,"href":"https:\/\/www.apres-lecole.fr\/Blog\/wp-json\/wp\/v2\/comments?post=1925"}],"version-history":[{"count":0,"href":"https:\/\/www.apres-lecole.fr\/Blog\/wp-json\/wp\/v2\/posts\/1925\/revisions"}],"wp:featuredmedia":[{"embeddable":true,"href":"https:\/\/www.apres-lecole.fr\/Blog\/wp-json\/wp\/v2\/media\/1924"}],"wp:attachment":[{"href":"https:\/\/www.apres-lecole.fr\/Blog\/wp-json\/wp\/v2\/media?parent=1925"}],"wp:term":[{"taxonomy":"category","embeddable":true,"href":"https:\/\/www.apres-lecole.fr\/Blog\/wp-json\/wp\/v2\/categories?post=1925"},{"taxonomy":"post_tag","embeddable":true,"href":"https:\/\/www.apres-lecole.fr\/Blog\/wp-json\/wp\/v2\/tags?post=1925"}],"curies":[{"name":"wp","href":"https:\/\/api.w.org\/{rel}","templated":true}]}}