{"id":1919,"date":"2025-05-03T21:13:05","date_gmt":"2025-05-03T21:13:05","guid":{"rendered":"https:\/\/www.apres-lecole.fr\/Blog\/inclusion-scolaire-guipry-messac\/"},"modified":"2025-05-03T21:13:05","modified_gmt":"2025-05-03T21:13:05","slug":"inclusion-scolaire-guipry-messac","status":"publish","type":"post","link":"https:\/\/www.apres-lecole.fr\/Blog\/inclusion-scolaire-guipry-messac\/","title":{"rendered":"\u00c0 Guipry-Messac, 200 professionnels discutent des d\u00e9fis de l&rsquo;inclusion scolaire face aux manques de ressources"},"content":{"rendered":"\n\n<div class=\"kk-star-ratings kksr-auto kksr-align-left kksr-valign-top\"\n    data-payload='{&quot;align&quot;:&quot;left&quot;,&quot;id&quot;:&quot;1919&quot;,&quot;slug&quot;:&quot;default&quot;,&quot;valign&quot;:&quot;top&quot;,&quot;ignore&quot;:&quot;&quot;,&quot;reference&quot;:&quot;auto&quot;,&quot;class&quot;:&quot;&quot;,&quot;count&quot;:&quot;0&quot;,&quot;legendonly&quot;:&quot;&quot;,&quot;readonly&quot;:&quot;&quot;,&quot;score&quot;:&quot;0&quot;,&quot;starsonly&quot;:&quot;&quot;,&quot;best&quot;:&quot;5&quot;,&quot;gap&quot;:&quot;5&quot;,&quot;greet&quot;:&quot;Rate this post&quot;,&quot;legend&quot;:&quot;0\\\/5 - (0 vote)&quot;,&quot;size&quot;:&quot;24&quot;,&quot;title&quot;:&quot;\u00c0 Guipry-Messac, 200 professionnels discutent des d\u00e9fis de l\\u0026#039;inclusion scolaire face aux manques de ressources&quot;,&quot;width&quot;:&quot;0&quot;,&quot;_legend&quot;:&quot;{score}\\\/{best} - ({count} {votes})&quot;,&quot;font_factor&quot;:&quot;1.25&quot;}'>\n            \n<div class=\"kksr-stars\">\n    \n<div class=\"kksr-stars-inactive\">\n            <div class=\"kksr-star\" data-star=\"1\" style=\"padding-right: 5px\">\n            \n\n<div class=\"kksr-icon\" style=\"width: 24px; height: 24px;\"><\/div>\n        <\/div>\n            <div class=\"kksr-star\" data-star=\"2\" style=\"padding-right: 5px\">\n            \n\n<div class=\"kksr-icon\" style=\"width: 24px; height: 24px;\"><\/div>\n        <\/div>\n            <div class=\"kksr-star\" data-star=\"3\" style=\"padding-right: 5px\">\n            \n\n<div class=\"kksr-icon\" style=\"width: 24px; height: 24px;\"><\/div>\n        <\/div>\n            <div class=\"kksr-star\" data-star=\"4\" style=\"padding-right: 5px\">\n            \n\n<div class=\"kksr-icon\" style=\"width: 24px; height: 24px;\"><\/div>\n        <\/div>\n            <div class=\"kksr-star\" data-star=\"5\" style=\"padding-right: 5px\">\n            \n\n<div class=\"kksr-icon\" style=\"width: 24px; height: 24px;\"><\/div>\n        <\/div>\n    <\/div>\n    \n<div class=\"kksr-stars-active\" style=\"width: 0px;\">\n            <div class=\"kksr-star\" style=\"padding-right: 5px\">\n            \n\n<div class=\"kksr-icon\" style=\"width: 24px; height: 24px;\"><\/div>\n        <\/div>\n            <div class=\"kksr-star\" style=\"padding-right: 5px\">\n            \n\n<div class=\"kksr-icon\" style=\"width: 24px; height: 24px;\"><\/div>\n        <\/div>\n            <div class=\"kksr-star\" style=\"padding-right: 5px\">\n            \n\n<div class=\"kksr-icon\" style=\"width: 24px; height: 24px;\"><\/div>\n        <\/div>\n            <div class=\"kksr-star\" style=\"padding-right: 5px\">\n            \n\n<div class=\"kksr-icon\" style=\"width: 24px; height: 24px;\"><\/div>\n        <\/div>\n            <div class=\"kksr-star\" style=\"padding-right: 5px\">\n            \n\n<div class=\"kksr-icon\" style=\"width: 24px; height: 24px;\"><\/div>\n        <\/div>\n    <\/div>\n<\/div>\n                \n\n<div class=\"kksr-legend\" style=\"font-size: 19.2px;\">\n            <span class=\"kksr-muted\">Rate this post<\/span>\n    <\/div>\n    <\/div>\n<p>Au c\u0153ur de Guipry-Messac, un rassemblement exceptionnel a eu lieu, r\u00e9unissant 200 professionnels venus \u00e9changer et d\u00e9battre sur un sujet d&rsquo;une importance cruciale : l&rsquo;inclusion scolaire. Dans un contexte o\u00f9 les ressources semblent souvent manquer, la question de l&rsquo;acc\u00e8s \u00e0 une \u00e9ducation inclusive pour tous est sur toutes les l\u00e8vres. \u00c0 l&rsquo;or\u00e9e de 2025, les enjeux sont plus que jamais d&rsquo;actualit\u00e9, et les acteurs du secteur \u00e9ducatif sont mobilis\u00e9s pour faire entendre leurs voix. Comment faire face \u00e0 ces d\u00e9fis ? Quelles solutions peuvent \u00eatre envisag\u00e9es pour am\u00e9liorer la situation actuelle ?<\/p>\n\n<ul class=\"wp-block-list\"><li>Les enjeux de l&rsquo;inclusion scolaire<\/li><li>Les d\u00e9fis li\u00e9s aux ressources p\u00e9dagogiques<\/li><li>Le r\u00f4le des enseignants et leur formation<\/li><li>Technologies adapt\u00e9es et soutien scolaire<\/li><li>Les initiatives locales et leur impact<\/li><\/ul>\n\n<h2 class=\"wp-block-heading\">Les enjeux de l&rsquo;inclusion scolaire<\/h2>\n\n<p>L&rsquo;inclusion scolaire constitue un objectif fondamental pour de nombreux pays, et la France ne fait pas exception. En effet, le principe d&rsquo;une \u00e9ducation inclusive vise \u00e0 permettre \u00e0 chaque enfant, ind\u00e9pendamment de son handicap ou de ses besoins sp\u00e9cifiques, de b\u00e9n\u00e9ficier d&rsquo;une scolarit\u00e9 adapt\u00e9e. <\/p>\n\n<p>Adopter une v\u00e9ritable <strong>\u00e9ducation inclusive<\/strong> correspond \u00e0 une vision d&rsquo;\u00e9quit\u00e9 et de justice sociale. Toutefois, le processus d&rsquo;inclusion est jalonn\u00e9 de d\u00e9fis qui engendrent des questionnements sur son efficacit\u00e9. Quels sont exactement ces enjeux ? Voici un aper\u00e7u des principaux aspects :<\/p>\n\n<h3 class=\"wp-block-heading\">1. \u00c9galit\u00e9 d&rsquo;acc\u00e8s \u00e0 l&rsquo;\u00e9ducation<\/h3>\n\n<p>Tout d&rsquo;abord, il est essentiel de garantir l&rsquo;acc\u00e8s \u00e0 l&rsquo;\u00e9ducation pour tous les enfants, en particulier ceux en situation de handicap. Cela implique la mise en place de structures adapt\u00e9es et la sensibilisation des \u00e9tablissements scolaires.<\/p>\n\n<ul class=\"wp-block-list\"><li>\ud83d\udc69\u200d\ud83c\udfeb Formation des enseignants sur l&rsquo;inclusion<\/li><li>\ud83c\udfeb Adaptation des infrastructures scolaires<\/li><li>\ud83c\udf0d Sensibilisation des \u00e9l\u00e8ves \u00e0 l&rsquo;int\u00e9gration<\/li><\/ul>\n\n<h3 class=\"wp-block-heading\">2. Reconnaissance des besoins sp\u00e9cifiques<\/h3>\n\n<p>Chaque \u00e9l\u00e8ve a des besoins uniques. Pour cela, il est imp\u00e9ratif d&rsquo;\u00e9valuer ces besoins et de cr\u00e9er des plans d&rsquo;accompagnement \u00e9ducatif sur mesure.<\/p>\n\n<p>Des dispositifs comme les <strong>soutiens scolaires<\/strong>, les interventions d&rsquo;assistants de vie scolaire (AVS), et les <strong>ressources p\u00e9dagogiques<\/strong> adapt\u00e9es jouent un r\u00f4le cl\u00e9. Entre autres, les dispositifs de formation continue pour les enseignants sont n\u00e9cessaires pour aborder ces probl\u00e9matiques. <\/p>\n\n<h3 class=\"wp-block-heading\">3. L&rsquo;importance de la collaboration<\/h3>\n\n<p>Par ailleurs, les diff\u00e9rents acteurs de l&rsquo;\u00e9ducation &#8211; parents, enseignants, associations et collectivit\u00e9s locales &#8211; doivent unir leurs forces pour faire avancer l&rsquo;inclusion scolaire. Cela inclut la cr\u00e9ation de r\u00e9seaux d&rsquo;entraide, de soutien et de formation.<\/p>\n\n<figure class=\"wp-block-table\"><table>\n<thead>\n<tr>\n<th>Acteurs<\/th>\n<th>R\u00f4le<\/th>\n<\/tr>\n<\/thead>\n<tbody>\n<tr>\n<td>\ud83d\udcbc Enseignants<\/td>\n<td>Former et adapter les pratiques \u00e0 chaque \u00e9l\u00e8ve<\/td>\n<\/tr>\n<tr>\n<td>\ud83d\udc68\u200d\ud83d\udc69\u200d\ud83d\udc67 Parents<\/td>\n<td>Sensibiliser et soutenir les initiatives d\u2019inclusion<\/td>\n<\/tr>\n<tr>\n<td>\ud83c\udfe2 \u00c9tablissements<\/td>\n<td>Mettre en place les infrastructures n\u00e9cessaires<\/td>\n<\/tr>\n<\/tbody>\n<\/table><\/figure>\n\n<h2 class=\"wp-block-heading\">Les d\u00e9fis li\u00e9s aux ressources p\u00e9dagogiques<\/h2>\n\n<p>La question des ressources p\u00e9dagogiques est essentielle lorsqu\u2019il s\u2019agit de garantir une <strong>\u00e9ducation inclusive<\/strong>. Malgr\u00e9 les efforts d\u00e9ploy\u00e9s, la r\u00e9alit\u00e9 est que beaucoup d&rsquo;\u00e9coles peinent \u00e0 s&rsquo;\u00e9quiper et \u00e0 se former ad\u00e9quatement dans ce domaine. Les enjeux li\u00e9s au manque de ressources sont multiples et impactent le quotidien des enseignants et des \u00e9l\u00e8ves.<\/p>\n\n<p>La p\u00e9nurie de mat\u00e9riel adapt\u00e9 pour les \u00e9l\u00e8ves en situation de handicap illustre parfaitement ce d\u00e9fi. Les enseignants doivent alors faire preuve d\u2019ing\u00e9niosit\u00e9 pour contourner ces manques, en d\u00e9veloppant des activit\u00e9s p\u00e9dagogiques altern\u00e9es et en int\u00e9grant des outils num\u00e9riques quand cela est possible.<\/p>\n\n<h3 class=\"wp-block-heading\">1. Mat\u00e9riel et technologies adapt\u00e9es<\/h3>\n\n<p>Avoir acc\u00e8s \u00e0 des <strong>technologies adapt\u00e9es<\/strong> est fondamental pour l&rsquo;inclusion des \u00e9l\u00e8ves. Cela peut passer par des logiciels sp\u00e9cifiques pour am\u00e9liorer l&rsquo;apprentissage ou des dispositifs \u00e9lectroniques permettant de faciliter le travail des enfants.<\/p>\n\n<ul class=\"wp-block-list\"><li>\ud83d\udda5\ufe0f Logiciels \u00e9ducatifs selon les besoins<\/li><li>\ud83d\udcf1 Applications sur tablettes pour l&rsquo;interaction<\/li><li>\ud83d\udd0a Outils d&rsquo;audio-description pour les valides<\/li><\/ul>\n\n<h3 class=\"wp-block-heading\">2. Budget et financement<\/h3>\n\n<p>La question du financement est donc cruciale. Les \u00e9tablissements scolaires doivent souvent composer avec des budgets restreints, ce qui complique l&rsquo;acquisition de mat\u00e9riel de qualit\u00e9. Des initiatives d&rsquo;<strong>association d&rsquo;aide \u00e0 l&rsquo;\u00e9ducation<\/strong> \u00e9mergent r\u00e9guli\u00e8rement pour pallier ce manque : campagnes de collecte de fonds, partenariats avec des entreprises, etc.<\/p>\n\n<h3 class=\"wp-block-heading\">3. Creative Classroom<\/h3>\n\n<p>Certaines \u00e9coles mettent en \u0153uvre des programmes innovants comme le <strong>Creative Classroom<\/strong>, qui vise \u00e0 cr\u00e9er un environnement d&rsquo;apprentissage stimulant et inclusif. Cela permet aux enseignants de collaborer sur des projets cr\u00e9atifs tout en s&rsquo;appuyant sur les comp\u00e9tences diversifi\u00e9es de chaque \u00e9l\u00e8ve.<\/p>\n\n<figure class=\"wp-block-table\"><table>\n<thead>\n<tr>\n<th>Infrastructures<\/th>\n<th>Objectifs<\/th>\n<\/tr>\n<\/thead>\n<tbody>\n<tr>\n<td>\ud83d\udcda Biblioth\u00e8ques adapt\u00e9es<\/td>\n<td>Faciliter l&rsquo;acc\u00e8s \u00e0 la lecture pour tous<\/td>\n<\/tr>\n<tr>\n<td>\ud83d\udd2c Laboratoires inclusifs<\/td>\n<td>Encourager l&rsquo;exp\u00e9rimentation pour tous<\/td>\n<\/tr>\n<tr>\n<td>\ud83c\udfeb Espaces de classe modulables<\/td>\n<td>Adapter l&rsquo;environnement aux besoins de chacun<\/td>\n<\/tr>\n<\/tbody>\n<\/table><\/figure>\n\n<h2 class=\"wp-block-heading\">Le r\u00f4le des enseignants et leur formation<\/h2>\n\n<p>Les enseignants sont les piliers de l&rsquo;\u00e9ducation. Ils sont au front de la mise en place d\u2019une r\u00e9elle inclusion scolaire. Or, pour cela, ils doivent \u00eatre correctement form\u00e9s et pr\u00e9par\u00e9s \u00e0 relever les d\u00e9fis qui les attendent. Leur r\u00f4le d\u00e9passe celui de simples transmetteurs de savoir.<\/p>\n\n<p>La formation des enseignants est cruciale et doit \u00eatre continuellement mise \u00e0 jour pour tenir compte des nouveaux d\u00e9fis de l&rsquo;inclusion. En 2025, diff\u00e9rents dispositifs sont en place pour renforcer cette formation :<\/p>\n\n<h3 class=\"wp-block-heading\">1. Formation initiale et continue<\/h3>\n\n<p>La formation initiale dans les \u00e9coles de formation doit int\u00e9grer des modules sp\u00e9cifiques sur l&rsquo;inclusion, visant \u00e0 sensibiliser les futurs enseignants aux enjeux et pratiques qui leur permettront d&rsquo;accompagner les \u00e9l\u00e8ves. De plus, la <strong>formation continue<\/strong> est \u00e9galement primordiale pour les enseignants en place, afin de leur permettre de se perfectionner.<\/p>\n\n<h3 class=\"wp-block-heading\">2. Pratiques collaboratives<\/h3>\n\n<p>Les \u00e9changes entre enseignants favorisent \u00e9galement l&rsquo;am\u00e9lioration des pratiques. Des ateliers, des s\u00e9minaires, et autres \u00e9v\u00e9nements permettent aux professionnels de partager leurs exp\u00e9riences et d&rsquo;\u00e9largir leur champ d&rsquo;action.<\/p>\n\n<ul class=\"wp-block-list\"><li>\ud83e\udd1d Ateliers collaboratifs<\/li><li>\ud83d\udcac S\u00e9minaires d\u00e9di\u00e9s<\/li><li>\ud83d\udde3\ufe0f Groupes de parole pour enseignants<\/li><\/ul>\n\n<h3 class=\"wp-block-heading\">3. Innovations technologiques<\/h3>\n\n<p>Les technologies num\u00e9riques doivent \u00e9galement \u00eatre int\u00e9gr\u00e9es dans la formation des enseignants. Cela inclut non seulement l&rsquo;apprentissage des outils p\u00e9dagogiques num\u00e9riques, mais aussi l&rsquo;utilisation de technologies adapt\u00e9es aux \u00e9l\u00e8ves en situation de handicap.<\/p>\n\n<figure class=\"wp-block-table\"><table>\n<thead>\n<tr>\n<th>Type de formation<\/th>\n<th>Contenu<\/th>\n<\/tr>\n<\/thead>\n<tbody>\n<tr>\n<td>\ud83c\udf93 Formation initiale<\/td>\n<td>Module sur l&rsquo;inclusion et l&rsquo;adaptation p\u00e9dagogique<\/td>\n<\/tr>\n<tr>\n<td>\ud83d\udee0\ufe0f Formation continue<\/td>\n<td>Nouveaux outils et pratiques p\u00e9dagogiques<\/td>\n<\/tr>\n<tr>\n<td>\ud83d\udcca Formations techniques<\/td>\n<td>Utilisation de logiciels d\u2019adaptation et de soutien<\/td>\n<\/tr>\n<\/tbody>\n<\/table><\/figure>\n\n<h2 class=\"wp-block-heading\">Technologies adapt\u00e9es et soutien scolaire<\/h2>\n\n<p>Dans un monde en constante \u00e9volution, les <strong>technologies adapt\u00e9es<\/strong> occupent une place de choix dans le soutien scolaire. Elles offrent des solutions innovantes pour aider les \u00e9l\u00e8ves en situation de difficult\u00e9, rendant ainsi leur apprentissage plus accessible et efficace.<\/p>\n\n<p>Les avanc\u00e9es technologiques, qu&rsquo;elles soient logicielles ou mat\u00e9rielles, permettent d&rsquo;apporter un soutien individualis\u00e9 aux \u00e9l\u00e8ves en besoin. Par exemple, des outils num\u00e9riques tels que les tablettes adapt\u00e9es, les logiciels de transcription, ou encore les applications d&rsquo;aide \u00e0 la lecture sont devenus des alli\u00e9s pr\u00e9cieux.<\/p>\n\n<h3 class=\"wp-block-heading\">1. Logiciels \u00e9ducatifs et applications<\/h3>\n\n<p>De nombreux logiciels \u00e9ducatifs se sont d\u00e9velopp\u00e9s sp\u00e9cifiquement pour r\u00e9pondre aux besoins des \u00e9l\u00e8ves en situation de handicap. Par exemple, certains logiciels de dyslexie ont \u00e9t\u00e9 con\u00e7us pour aider \u00e0 la lecture traversant les difficult\u00e9s que certains enfants rencontrent.<\/p>\n\n<ul class=\"wp-block-list\"><li>\ud83d\udcd8 Logiciels de lecture am\u00e9lior\u00e9e<\/li><li>\ud83d\udcd6 Applications d&rsquo;orthographe et de grammaire<\/li><li>\ud83c\udfa8 Programmes de conception graphique pour l&rsquo;expression<\/li><\/ul>\n\n<h3 class=\"wp-block-heading\">2. Environnements d&rsquo;apprentissage virtuels<\/h3>\n\n<p>Avec la mont\u00e9e de l&rsquo;enseignement en ligne, des plateformes \u00e9ducatives se sont d\u00e9velopp\u00e9es, offrant une approche flexible et adapt\u00e9e qui r\u00e9pond aux besoins sp\u00e9cifiques de chaque \u00e9l\u00e8ve.<\/p>\n\n<h3 class=\"wp-block-heading\">3. Accompagnement \u00e9ducatif personnalis\u00e9<\/h3>\n\n<p>Le <strong>d\u00e9veloppement des comp\u00e9tences<\/strong> repose sur des m\u00e9thodes d&rsquo;accompagnement \u00e9ducatif personnalis\u00e9, notamment lors des s\u00e9ances de soutien scolaire. Les professionnels du secteur doivent \u00eatre sensibilis\u00e9s \u00e0 ces pratiques pour garantir un suivi rigoureux et adapt\u00e9.<\/p>\n\n<figure class=\"wp-block-table\"><table>\n<thead>\n<tr>\n<th>Type de technologie<\/th>\n<th>Utilisation<\/th>\n<\/tr>\n<\/thead>\n<tbody>\n<tr>\n<td>\ud83d\udd0d Logiciels d&rsquo;\u00e9valuation<\/td>\n<td>Mesurer le niveau de chaque \u00e9l\u00e8ve et cibler les besoins<\/td>\n<\/tr>\n<tr>\n<td>\ud83c\udfa7 Outils audio<\/td>\n<td>Aider les \u00e9l\u00e8ves \u00e0 comprendre et \u00e0 int\u00e9grer les le\u00e7ons<\/td>\n<\/tr>\n<tr>\n<td>\ud83d\udcbb Applications interactives<\/td>\n<td>Favoriser l&rsquo;apprentissage collaboratif et inclusif<\/td>\n<\/tr>\n<\/tbody>\n<\/table><\/figure>\n\n<h2 class=\"wp-block-heading\">Les initiatives locales et leur impact<\/h2>\n\n<p>A Guipry-Messac, des initiatives locales \u00e9mergent pour augmenter la prise en charge d\u2019une <strong>\u00e9ducation inclusive<\/strong>. Certaines familles, \u00e9coles et associations travaillent main dans la main pour inventer des solutions qui pourraient faire la diff\u00e9rence. Ces projets sont souvent des aventures humaines enrichissantes.<\/p>\n\n<p>Ces initiatives localis\u00e9es ont pour objectif de cr\u00e9er un environnement propice \u00e0 l&rsquo;inclusion scolaire, en mettant en avant des valeurs telles que la solidarit\u00e9, l&rsquo;\u00e9coute, et l&#8217;empathie.<\/p>\n\n<h3 class=\"wp-block-heading\">1. Collaboration entre \u00e9coles et familles<\/h3>\n\n<p>Les \u00e9changes constants entre les \u00e9coles et les familles sont vitaux pour l&rsquo;inclusion. Des soir\u00e9es d&rsquo;information sont organis\u00e9es pour sensibiliser l&rsquo;ensemble des acteurs \u00e0 l&rsquo;importance de l&rsquo;inclusion, en cr\u00e9ant des ponts entre les familles et les \u00e9tablissements.<\/p>\n\n<h3 class=\"wp-block-heading\">2. Projets participatifs<\/h3>\n\n<p>Des projets participatifs sont initi\u00e9s pour rassembler les familles et les \u00e9l\u00e8ves, favorisant ainsi l&rsquo;\u00e9laboration de projets \u00e9ducatifs collectifs autour de l&rsquo;inclusion scolaire.<\/p>\n\n<ul class=\"wp-block-list\"><li>\ud83d\udca1 Ateliers de sensibilisation pour enfants<\/li><li>\ud83c\udf89 \u00c9v\u00e9nements communautaires pour rassembler les familles<\/li><li>\ud83c\udf31 Action de jardinage collectif pour tisser des liens<\/li><\/ul>\n\n<h3 class=\"wp-block-heading\">3. Impact sur la communaut\u00e9<\/h3>\n\n<p>Les initiatives locales ne profitent pas seulement aux enfants en situation de handicap ; elles impactent \u00e9galement l&rsquo;ensemble de la communaut\u00e9 scolaire en favorisant une culture d&rsquo;entraide et de compr\u00e9hension. Cr\u00e9er des activit\u00e9s diverses permet d&rsquo;encourager un climat positif dans les \u00e9tablissements.<\/p>\n\n<figure class=\"wp-block-table\"><table>\n<thead>\n<tr>\n<th>Initiatives<\/th>\n<th>Impact<\/th>\n<\/tr>\n<\/thead>\n<tbody>\n<tr>\n<td>\ud83c\udf93 Ateliers inclusifs<\/td>\n<td>Renforcement du lien entre \u00e9l\u00e8ves et enseignants<\/td>\n<\/tr>\n<tr>\n<td>\ud83e\udd1d Conf\u00e9rences sur l&rsquo;inclusion<\/td>\n<td>Sensibilisation accrue des parents et du personnel<\/td>\n<\/tr>\n<tr>\n<td>\ud83d\ude80 \u00c9v\u00e9nements p\u00e9dagogiques<\/td>\n<td>Encouragement \u00e0 l&rsquo;engagement communautaire<\/td>\n<\/tr>\n<\/tbody>\n<\/table><\/figure>\n\n<h3 class=\"wp-block-heading\">FAQ<\/h3>\n\n<p><strong>1. Qu&rsquo;est-ce que l&rsquo;\u00e9ducation inclusive ?<\/strong><br> L&rsquo;\u00e9ducation inclusive vise \u00e0 permettre \u00e0 tous les \u00e9l\u00e8ves, y compris ceux en situation de handicap, d&rsquo;acc\u00e9der \u00e0 une scolarit\u00e9 adapt\u00e9e, dans des conditions \u00e9gales.<\/p>\n\n<p><strong>2. Comment les enseignants peuvent-ils \u00eatre form\u00e9s \u00e0 l&rsquo;inclusion ?<\/strong><br> Gr\u00e2ce \u00e0 des modules de formation initiale et continue, des ateliers collaboratifs et l&rsquo;apprentissage des technologies adapt\u00e9es.<\/p>\n\n<p><strong>3. Quels sont les principaux d\u00e9fis de l&rsquo;inclusion scolaire ?<\/strong><br> Le manque de ressources, le besoin d&rsquo;une formation ad\u00e9quate des enseignants et la n\u00e9cessit\u00e9 d&rsquo;une collaboration entre \u00e9coles et familles.<\/p>\n\n<p><strong>4. Quelles technologies sont essentielles pour l&rsquo;inclusion ?<\/strong><br> Logiciels \u00e9ducatifs adapt\u00e9s, outils d&rsquo;apprentissage en ligne et dispositifs innovants tels que des applications interactives.<\/p>\n\n<p><strong>5. Comment les initiatives locales peuvent-elles aider ?<\/strong><br> Elles favorisent la collaboration entre \u00e9coles et familles, renforcent le lien social et adaptent l&rsquo;environnement d&rsquo;apprentissage aux \u00e9l\u00e8ves.<\/p>\n\n","protected":false},"excerpt":{"rendered":"<p>Au c\u0153ur de Guipry-Messac, un rassemblement exceptionnel a eu lieu, r\u00e9unissant 200 professionnels venus \u00e9changer et d\u00e9battre sur un sujet d&rsquo;une importance cruciale : l&rsquo;inclusion scolaire. Dans un contexte o\u00f9 les ressources semblent souvent manquer, la question de l&rsquo;acc\u00e8s \u00e0 une \u00e9ducation inclusive pour tous est sur toutes les l\u00e8vres. \u00c0 l&rsquo;or\u00e9e de 2025, les &#8230; <a title=\"\u00c0 Guipry-Messac, 200 professionnels discutent des d\u00e9fis de l&rsquo;inclusion scolaire face aux manques de ressources\" class=\"read-more\" href=\"https:\/\/www.apres-lecole.fr\/Blog\/inclusion-scolaire-guipry-messac\/\" aria-label=\"En savoir plus sur \u00c0 Guipry-Messac, 200 professionnels discutent des d\u00e9fis de l&rsquo;inclusion scolaire face aux manques de ressources\">Lire plus<\/a><\/p>\n","protected":false},"author":9,"featured_media":1918,"comment_status":"open","ping_status":"open","sticky":false,"template":"","format":"standard","meta":{"footnotes":""},"categories":[342],"tags":[785,783,784,787,786],"class_list":["post-1919","post","type-post","status-publish","format-standard","has-post-thumbnail","hentry","category-actualites","tag-defis-educatifs","tag-guipry-messac","tag-inclusion-scolaire","tag-professionnels-de-leducation","tag-ressources-scolaires"],"yoast_head":"<!-- This site is optimized with the Yoast SEO plugin v27.5 - https:\/\/yoast.com\/product\/yoast-seo-wordpress\/ -->\n<title>\u00c0 Guipry-Messac, les enjeux de l&#039;inclusion scolaire face aux ressources limit\u00e9es<\/title>\n<meta name=\"description\" content=\"D\u00e9couvrez comment 200 professionnels \u00e0 Guipry-Messac \u00e9changent sur les enjeux de l&#039;inclusion scolaire face aux d\u00e9fis li\u00e9s aux ressources insuffisantes. Rejoignez la conversation sur les solutions innovantes et les meilleures pratiques pour am\u00e9liorer l&#039;acc\u00e8s \u00e0 l&#039;\u00e9ducation pour tous.\" \/>\n<meta name=\"robots\" content=\"index, follow, max-snippet:-1, max-image-preview:large, max-video-preview:-1\" \/>\n<link rel=\"canonical\" href=\"https:\/\/www.apres-lecole.fr\/Blog\/inclusion-scolaire-guipry-messac\/\" \/>\n<meta property=\"og:locale\" content=\"fr_FR\" \/>\n<meta property=\"og:type\" content=\"article\" \/>\n<meta property=\"og:title\" content=\"\u00c0 Guipry-Messac, les enjeux de l&#039;inclusion scolaire face aux ressources limit\u00e9es\" \/>\n<meta property=\"og:description\" content=\"D\u00e9couvrez comment 200 professionnels \u00e0 Guipry-Messac \u00e9changent sur les enjeux de l&#039;inclusion scolaire face aux d\u00e9fis li\u00e9s aux ressources insuffisantes. Rejoignez la conversation sur les solutions innovantes et les meilleures pratiques pour am\u00e9liorer l&#039;acc\u00e8s \u00e0 l&#039;\u00e9ducation pour tous.\" \/>\n<meta property=\"og:url\" content=\"https:\/\/www.apres-lecole.fr\/Blog\/inclusion-scolaire-guipry-messac\/\" \/>\n<meta property=\"article:published_time\" content=\"2025-05-03T21:13:05+00:00\" \/>\n<meta property=\"og:image\" content=\"https:\/\/www.apres-lecole.fr\/Blog\/wp-content\/uploads\/2025\/05\/A-Guipry-Messac-200-professionnels-discutent-des-defis-de-linclusion-scolaire-face-aux-manques-de-ressources.jpg\" \/>\n\t<meta property=\"og:image:width\" content=\"1344\" \/>\n\t<meta property=\"og:image:height\" content=\"768\" \/>\n\t<meta property=\"og:image:type\" content=\"image\/jpeg\" \/>\n<meta name=\"author\" content=\"Eva Martin\" \/>\n<meta name=\"twitter:card\" content=\"summary_large_image\" \/>\n<meta name=\"twitter:creator\" content=\"@Evaapresecole\" \/>\n<meta name=\"twitter:label1\" content=\"\u00c9crit par\" \/>\n\t<meta name=\"twitter:data1\" content=\"Eva Martin\" \/>\n\t<meta name=\"twitter:label2\" content=\"Dur\u00e9e de lecture estim\u00e9e\" \/>\n\t<meta name=\"twitter:data2\" content=\"8 minutes\" \/>\n<script type=\"application\/ld+json\" class=\"yoast-schema-graph\">{\"@context\":\"https:\\\/\\\/schema.org\",\"@graph\":[{\"@type\":\"Article\",\"@id\":\"https:\\\/\\\/www.apres-lecole.fr\\\/Blog\\\/inclusion-scolaire-guipry-messac\\\/#article\",\"isPartOf\":{\"@id\":\"https:\\\/\\\/www.apres-lecole.fr\\\/Blog\\\/inclusion-scolaire-guipry-messac\\\/\"},\"author\":{\"name\":\"Eva Martin\",\"@id\":\"https:\\\/\\\/www.apres-lecole.fr\\\/Blog\\\/#\\\/schema\\\/person\\\/aeb50cd4b51fc69da155804bb5bb9fc4\"},\"headline\":\"\u00c0 Guipry-Messac, 200 professionnels discutent des d\u00e9fis de l&rsquo;inclusion scolaire face aux manques de ressources\",\"datePublished\":\"2025-05-03T21:13:05+00:00\",\"mainEntityOfPage\":{\"@id\":\"https:\\\/\\\/www.apres-lecole.fr\\\/Blog\\\/inclusion-scolaire-guipry-messac\\\/\"},\"wordCount\":1770,\"commentCount\":0,\"image\":{\"@id\":\"https:\\\/\\\/www.apres-lecole.fr\\\/Blog\\\/inclusion-scolaire-guipry-messac\\\/#primaryimage\"},\"thumbnailUrl\":\"https:\\\/\\\/www.apres-lecole.fr\\\/Blog\\\/wp-content\\\/uploads\\\/2025\\\/05\\\/A-Guipry-Messac-200-professionnels-discutent-des-defis-de-linclusion-scolaire-face-aux-manques-de-ressources.jpg\",\"keywords\":[\"d\u00e9fis \u00e9ducatifs\",\"guipry-messac\",\"inclusion scolaire\",\"professionnels de l'\u00e9ducation\",\"ressources scolaires\"],\"articleSection\":[\"Actualit\u00e9s\"],\"inLanguage\":\"fr-FR\",\"potentialAction\":[{\"@type\":\"CommentAction\",\"name\":\"Comment\",\"target\":[\"https:\\\/\\\/www.apres-lecole.fr\\\/Blog\\\/inclusion-scolaire-guipry-messac\\\/#respond\"]}]},{\"@type\":\"WebPage\",\"@id\":\"https:\\\/\\\/www.apres-lecole.fr\\\/Blog\\\/inclusion-scolaire-guipry-messac\\\/\",\"url\":\"https:\\\/\\\/www.apres-lecole.fr\\\/Blog\\\/inclusion-scolaire-guipry-messac\\\/\",\"name\":\"\u00c0 Guipry-Messac, les enjeux de l'inclusion scolaire face aux ressources limit\u00e9es\",\"isPartOf\":{\"@id\":\"https:\\\/\\\/www.apres-lecole.fr\\\/Blog\\\/#website\"},\"primaryImageOfPage\":{\"@id\":\"https:\\\/\\\/www.apres-lecole.fr\\\/Blog\\\/inclusion-scolaire-guipry-messac\\\/#primaryimage\"},\"image\":{\"@id\":\"https:\\\/\\\/www.apres-lecole.fr\\\/Blog\\\/inclusion-scolaire-guipry-messac\\\/#primaryimage\"},\"thumbnailUrl\":\"https:\\\/\\\/www.apres-lecole.fr\\\/Blog\\\/wp-content\\\/uploads\\\/2025\\\/05\\\/A-Guipry-Messac-200-professionnels-discutent-des-defis-de-linclusion-scolaire-face-aux-manques-de-ressources.jpg\",\"datePublished\":\"2025-05-03T21:13:05+00:00\",\"author\":{\"@id\":\"https:\\\/\\\/www.apres-lecole.fr\\\/Blog\\\/#\\\/schema\\\/person\\\/aeb50cd4b51fc69da155804bb5bb9fc4\"},\"description\":\"D\u00e9couvrez comment 200 professionnels \u00e0 Guipry-Messac \u00e9changent sur les enjeux de l'inclusion scolaire face aux d\u00e9fis li\u00e9s aux ressources insuffisantes. Rejoignez la conversation sur les solutions innovantes et les meilleures pratiques pour am\u00e9liorer l'acc\u00e8s \u00e0 l'\u00e9ducation pour tous.\",\"breadcrumb\":{\"@id\":\"https:\\\/\\\/www.apres-lecole.fr\\\/Blog\\\/inclusion-scolaire-guipry-messac\\\/#breadcrumb\"},\"inLanguage\":\"fr-FR\",\"potentialAction\":[{\"@type\":\"ReadAction\",\"target\":[\"https:\\\/\\\/www.apres-lecole.fr\\\/Blog\\\/inclusion-scolaire-guipry-messac\\\/\"]}]},{\"@type\":\"ImageObject\",\"inLanguage\":\"fr-FR\",\"@id\":\"https:\\\/\\\/www.apres-lecole.fr\\\/Blog\\\/inclusion-scolaire-guipry-messac\\\/#primaryimage\",\"url\":\"https:\\\/\\\/www.apres-lecole.fr\\\/Blog\\\/wp-content\\\/uploads\\\/2025\\\/05\\\/A-Guipry-Messac-200-professionnels-discutent-des-defis-de-linclusion-scolaire-face-aux-manques-de-ressources.jpg\",\"contentUrl\":\"https:\\\/\\\/www.apres-lecole.fr\\\/Blog\\\/wp-content\\\/uploads\\\/2025\\\/05\\\/A-Guipry-Messac-200-professionnels-discutent-des-defis-de-linclusion-scolaire-face-aux-manques-de-ressources.jpg\",\"width\":1344,\"height\":768,\"caption\":\"\u00e0 guipry-messac, 200 professionnels se r\u00e9unissent pour \u00e9changer sur les enjeux de l'inclusion scolaire et les d\u00e9fis li\u00e9s au manque de ressources. d\u00e9couvrez les solutions innovantes et les strat\u00e9gies mises en place pour garantir un acc\u00e8s \u00e9quitable \u00e0 l'\u00e9ducation pour tous.\"},{\"@type\":\"BreadcrumbList\",\"@id\":\"https:\\\/\\\/www.apres-lecole.fr\\\/Blog\\\/inclusion-scolaire-guipry-messac\\\/#breadcrumb\",\"itemListElement\":[{\"@type\":\"ListItem\",\"position\":1,\"name\":\"Home\",\"item\":\"https:\\\/\\\/www.apres-lecole.fr\\\/Blog\\\/\"},{\"@type\":\"ListItem\",\"position\":2,\"name\":\"\u00c0 Guipry-Messac, 200 professionnels discutent des d\u00e9fis de l&rsquo;inclusion scolaire face aux manques de ressources\"}]},{\"@type\":\"WebSite\",\"@id\":\"https:\\\/\\\/www.apres-lecole.fr\\\/Blog\\\/#website\",\"url\":\"https:\\\/\\\/www.apres-lecole.fr\\\/Blog\\\/\",\"name\":\"\",\"description\":\"M\u00e9dia g\u00e9n\u00e9raliste\",\"potentialAction\":[{\"@type\":\"SearchAction\",\"target\":{\"@type\":\"EntryPoint\",\"urlTemplate\":\"https:\\\/\\\/www.apres-lecole.fr\\\/Blog\\\/?s={search_term_string}\"},\"query-input\":{\"@type\":\"PropertyValueSpecification\",\"valueRequired\":true,\"valueName\":\"search_term_string\"}}],\"inLanguage\":\"fr-FR\"},{\"@type\":\"Person\",\"@id\":\"https:\\\/\\\/www.apres-lecole.fr\\\/Blog\\\/#\\\/schema\\\/person\\\/aeb50cd4b51fc69da155804bb5bb9fc4\",\"name\":\"Eva Martin\",\"image\":{\"@type\":\"ImageObject\",\"inLanguage\":\"fr-FR\",\"@id\":\"https:\\\/\\\/secure.gravatar.com\\\/avatar\\\/55c53222558b27a72015a64073a80edce4abd33369394b9bf2c5cd6c19d12682?s=96&d=mm&r=g\",\"url\":\"https:\\\/\\\/secure.gravatar.com\\\/avatar\\\/55c53222558b27a72015a64073a80edce4abd33369394b9bf2c5cd6c19d12682?s=96&d=mm&r=g\",\"contentUrl\":\"https:\\\/\\\/secure.gravatar.com\\\/avatar\\\/55c53222558b27a72015a64073a80edce4abd33369394b9bf2c5cd6c19d12682?s=96&d=mm&r=g\",\"caption\":\"Eva Martin\"},\"description\":\"Je parle de business et d'entrepreneuriat avec des conseils clairs, concrets et actionnables pour r\u00e9ussir\",\"sameAs\":[\"https:\\\/\\\/x.com\\\/Evaapresecole\"],\"url\":\"https:\\\/\\\/www.apres-lecole.fr\\\/Blog\\\/author\\\/evamartin\\\/\"}]}<\/script>\n<!-- \/ Yoast SEO plugin. -->","yoast_head_json":{"title":"\u00c0 Guipry-Messac, les enjeux de l'inclusion scolaire face aux ressources limit\u00e9es","description":"D\u00e9couvrez comment 200 professionnels \u00e0 Guipry-Messac \u00e9changent sur les enjeux de l'inclusion scolaire face aux d\u00e9fis li\u00e9s aux ressources insuffisantes. Rejoignez la conversation sur les solutions innovantes et les meilleures pratiques pour am\u00e9liorer l'acc\u00e8s \u00e0 l'\u00e9ducation pour tous.","robots":{"index":"index","follow":"follow","max-snippet":"max-snippet:-1","max-image-preview":"max-image-preview:large","max-video-preview":"max-video-preview:-1"},"canonical":"https:\/\/www.apres-lecole.fr\/Blog\/inclusion-scolaire-guipry-messac\/","og_locale":"fr_FR","og_type":"article","og_title":"\u00c0 Guipry-Messac, les enjeux de l'inclusion scolaire face aux ressources limit\u00e9es","og_description":"D\u00e9couvrez comment 200 professionnels \u00e0 Guipry-Messac \u00e9changent sur les enjeux de l'inclusion scolaire face aux d\u00e9fis li\u00e9s aux ressources insuffisantes. Rejoignez la conversation sur les solutions innovantes et les meilleures pratiques pour am\u00e9liorer l'acc\u00e8s \u00e0 l'\u00e9ducation pour tous.","og_url":"https:\/\/www.apres-lecole.fr\/Blog\/inclusion-scolaire-guipry-messac\/","article_published_time":"2025-05-03T21:13:05+00:00","og_image":[{"width":1344,"height":768,"url":"https:\/\/www.apres-lecole.fr\/Blog\/wp-content\/uploads\/2025\/05\/A-Guipry-Messac-200-professionnels-discutent-des-defis-de-linclusion-scolaire-face-aux-manques-de-ressources.jpg","type":"image\/jpeg"}],"author":"Eva Martin","twitter_card":"summary_large_image","twitter_creator":"@Evaapresecole","twitter_misc":{"\u00c9crit par":"Eva Martin","Dur\u00e9e de lecture estim\u00e9e":"8 minutes"},"schema":{"@context":"https:\/\/schema.org","@graph":[{"@type":"Article","@id":"https:\/\/www.apres-lecole.fr\/Blog\/inclusion-scolaire-guipry-messac\/#article","isPartOf":{"@id":"https:\/\/www.apres-lecole.fr\/Blog\/inclusion-scolaire-guipry-messac\/"},"author":{"name":"Eva Martin","@id":"https:\/\/www.apres-lecole.fr\/Blog\/#\/schema\/person\/aeb50cd4b51fc69da155804bb5bb9fc4"},"headline":"\u00c0 Guipry-Messac, 200 professionnels discutent des d\u00e9fis de l&rsquo;inclusion scolaire face aux manques de ressources","datePublished":"2025-05-03T21:13:05+00:00","mainEntityOfPage":{"@id":"https:\/\/www.apres-lecole.fr\/Blog\/inclusion-scolaire-guipry-messac\/"},"wordCount":1770,"commentCount":0,"image":{"@id":"https:\/\/www.apres-lecole.fr\/Blog\/inclusion-scolaire-guipry-messac\/#primaryimage"},"thumbnailUrl":"https:\/\/www.apres-lecole.fr\/Blog\/wp-content\/uploads\/2025\/05\/A-Guipry-Messac-200-professionnels-discutent-des-defis-de-linclusion-scolaire-face-aux-manques-de-ressources.jpg","keywords":["d\u00e9fis \u00e9ducatifs","guipry-messac","inclusion scolaire","professionnels de l'\u00e9ducation","ressources scolaires"],"articleSection":["Actualit\u00e9s"],"inLanguage":"fr-FR","potentialAction":[{"@type":"CommentAction","name":"Comment","target":["https:\/\/www.apres-lecole.fr\/Blog\/inclusion-scolaire-guipry-messac\/#respond"]}]},{"@type":"WebPage","@id":"https:\/\/www.apres-lecole.fr\/Blog\/inclusion-scolaire-guipry-messac\/","url":"https:\/\/www.apres-lecole.fr\/Blog\/inclusion-scolaire-guipry-messac\/","name":"\u00c0 Guipry-Messac, les enjeux de l'inclusion scolaire face aux ressources limit\u00e9es","isPartOf":{"@id":"https:\/\/www.apres-lecole.fr\/Blog\/#website"},"primaryImageOfPage":{"@id":"https:\/\/www.apres-lecole.fr\/Blog\/inclusion-scolaire-guipry-messac\/#primaryimage"},"image":{"@id":"https:\/\/www.apres-lecole.fr\/Blog\/inclusion-scolaire-guipry-messac\/#primaryimage"},"thumbnailUrl":"https:\/\/www.apres-lecole.fr\/Blog\/wp-content\/uploads\/2025\/05\/A-Guipry-Messac-200-professionnels-discutent-des-defis-de-linclusion-scolaire-face-aux-manques-de-ressources.jpg","datePublished":"2025-05-03T21:13:05+00:00","author":{"@id":"https:\/\/www.apres-lecole.fr\/Blog\/#\/schema\/person\/aeb50cd4b51fc69da155804bb5bb9fc4"},"description":"D\u00e9couvrez comment 200 professionnels \u00e0 Guipry-Messac \u00e9changent sur les enjeux de l'inclusion scolaire face aux d\u00e9fis li\u00e9s aux ressources insuffisantes. Rejoignez la conversation sur les solutions innovantes et les meilleures pratiques pour am\u00e9liorer l'acc\u00e8s \u00e0 l'\u00e9ducation pour tous.","breadcrumb":{"@id":"https:\/\/www.apres-lecole.fr\/Blog\/inclusion-scolaire-guipry-messac\/#breadcrumb"},"inLanguage":"fr-FR","potentialAction":[{"@type":"ReadAction","target":["https:\/\/www.apres-lecole.fr\/Blog\/inclusion-scolaire-guipry-messac\/"]}]},{"@type":"ImageObject","inLanguage":"fr-FR","@id":"https:\/\/www.apres-lecole.fr\/Blog\/inclusion-scolaire-guipry-messac\/#primaryimage","url":"https:\/\/www.apres-lecole.fr\/Blog\/wp-content\/uploads\/2025\/05\/A-Guipry-Messac-200-professionnels-discutent-des-defis-de-linclusion-scolaire-face-aux-manques-de-ressources.jpg","contentUrl":"https:\/\/www.apres-lecole.fr\/Blog\/wp-content\/uploads\/2025\/05\/A-Guipry-Messac-200-professionnels-discutent-des-defis-de-linclusion-scolaire-face-aux-manques-de-ressources.jpg","width":1344,"height":768,"caption":"\u00e0 guipry-messac, 200 professionnels se r\u00e9unissent pour \u00e9changer sur les enjeux de l'inclusion scolaire et les d\u00e9fis li\u00e9s au manque de ressources. d\u00e9couvrez les solutions innovantes et les strat\u00e9gies mises en place pour garantir un acc\u00e8s \u00e9quitable \u00e0 l'\u00e9ducation pour tous."},{"@type":"BreadcrumbList","@id":"https:\/\/www.apres-lecole.fr\/Blog\/inclusion-scolaire-guipry-messac\/#breadcrumb","itemListElement":[{"@type":"ListItem","position":1,"name":"Home","item":"https:\/\/www.apres-lecole.fr\/Blog\/"},{"@type":"ListItem","position":2,"name":"\u00c0 Guipry-Messac, 200 professionnels discutent des d\u00e9fis de l&rsquo;inclusion scolaire face aux manques de ressources"}]},{"@type":"WebSite","@id":"https:\/\/www.apres-lecole.fr\/Blog\/#website","url":"https:\/\/www.apres-lecole.fr\/Blog\/","name":"","description":"M\u00e9dia g\u00e9n\u00e9raliste","potentialAction":[{"@type":"SearchAction","target":{"@type":"EntryPoint","urlTemplate":"https:\/\/www.apres-lecole.fr\/Blog\/?s={search_term_string}"},"query-input":{"@type":"PropertyValueSpecification","valueRequired":true,"valueName":"search_term_string"}}],"inLanguage":"fr-FR"},{"@type":"Person","@id":"https:\/\/www.apres-lecole.fr\/Blog\/#\/schema\/person\/aeb50cd4b51fc69da155804bb5bb9fc4","name":"Eva Martin","image":{"@type":"ImageObject","inLanguage":"fr-FR","@id":"https:\/\/secure.gravatar.com\/avatar\/55c53222558b27a72015a64073a80edce4abd33369394b9bf2c5cd6c19d12682?s=96&d=mm&r=g","url":"https:\/\/secure.gravatar.com\/avatar\/55c53222558b27a72015a64073a80edce4abd33369394b9bf2c5cd6c19d12682?s=96&d=mm&r=g","contentUrl":"https:\/\/secure.gravatar.com\/avatar\/55c53222558b27a72015a64073a80edce4abd33369394b9bf2c5cd6c19d12682?s=96&d=mm&r=g","caption":"Eva Martin"},"description":"Je parle de business et d'entrepreneuriat avec des conseils clairs, concrets et actionnables pour r\u00e9ussir","sameAs":["https:\/\/x.com\/Evaapresecole"],"url":"https:\/\/www.apres-lecole.fr\/Blog\/author\/evamartin\/"}]}},"views":6,"_links":{"self":[{"href":"https:\/\/www.apres-lecole.fr\/Blog\/wp-json\/wp\/v2\/posts\/1919","targetHints":{"allow":["GET"]}}],"collection":[{"href":"https:\/\/www.apres-lecole.fr\/Blog\/wp-json\/wp\/v2\/posts"}],"about":[{"href":"https:\/\/www.apres-lecole.fr\/Blog\/wp-json\/wp\/v2\/types\/post"}],"author":[{"embeddable":true,"href":"https:\/\/www.apres-lecole.fr\/Blog\/wp-json\/wp\/v2\/users\/9"}],"replies":[{"embeddable":true,"href":"https:\/\/www.apres-lecole.fr\/Blog\/wp-json\/wp\/v2\/comments?post=1919"}],"version-history":[{"count":0,"href":"https:\/\/www.apres-lecole.fr\/Blog\/wp-json\/wp\/v2\/posts\/1919\/revisions"}],"wp:featuredmedia":[{"embeddable":true,"href":"https:\/\/www.apres-lecole.fr\/Blog\/wp-json\/wp\/v2\/media\/1918"}],"wp:attachment":[{"href":"https:\/\/www.apres-lecole.fr\/Blog\/wp-json\/wp\/v2\/media?parent=1919"}],"wp:term":[{"taxonomy":"category","embeddable":true,"href":"https:\/\/www.apres-lecole.fr\/Blog\/wp-json\/wp\/v2\/categories?post=1919"},{"taxonomy":"post_tag","embeddable":true,"href":"https:\/\/www.apres-lecole.fr\/Blog\/wp-json\/wp\/v2\/tags?post=1919"}],"curies":[{"name":"wp","href":"https:\/\/api.w.org\/{rel}","templated":true}]}}