{"id":1915,"date":"2025-05-02T23:36:14","date_gmt":"2025-05-02T23:36:14","guid":{"rendered":"https:\/\/www.apres-lecole.fr\/Blog\/ecole-sanctuaire-historique\/"},"modified":"2025-05-02T23:36:14","modified_gmt":"2025-05-02T23:36:14","slug":"ecole-sanctuaire-historique","status":"publish","type":"post","link":"https:\/\/www.apres-lecole.fr\/Blog\/ecole-sanctuaire-historique\/","title":{"rendered":"Transformer l&rsquo;\u00e9cole en un v\u00e9ritable sanctuaire : une perspective historique sur un principe politique"},"content":{"rendered":"\n\n<div class=\"kk-star-ratings kksr-auto kksr-align-left kksr-valign-top\"\n    data-payload='{&quot;align&quot;:&quot;left&quot;,&quot;id&quot;:&quot;1915&quot;,&quot;slug&quot;:&quot;default&quot;,&quot;valign&quot;:&quot;top&quot;,&quot;ignore&quot;:&quot;&quot;,&quot;reference&quot;:&quot;auto&quot;,&quot;class&quot;:&quot;&quot;,&quot;count&quot;:&quot;0&quot;,&quot;legendonly&quot;:&quot;&quot;,&quot;readonly&quot;:&quot;&quot;,&quot;score&quot;:&quot;0&quot;,&quot;starsonly&quot;:&quot;&quot;,&quot;best&quot;:&quot;5&quot;,&quot;gap&quot;:&quot;5&quot;,&quot;greet&quot;:&quot;Rate this post&quot;,&quot;legend&quot;:&quot;0\\\/5 - (0 vote)&quot;,&quot;size&quot;:&quot;24&quot;,&quot;title&quot;:&quot;Transformer l\\u0026#039;\u00e9cole en un v\u00e9ritable sanctuaire : une perspective historique sur un principe politique&quot;,&quot;width&quot;:&quot;0&quot;,&quot;_legend&quot;:&quot;{score}\\\/{best} - ({count} {votes})&quot;,&quot;font_factor&quot;:&quot;1.25&quot;}'>\n            \n<div class=\"kksr-stars\">\n    \n<div class=\"kksr-stars-inactive\">\n            <div class=\"kksr-star\" data-star=\"1\" style=\"padding-right: 5px\">\n            \n\n<div class=\"kksr-icon\" style=\"width: 24px; height: 24px;\"><\/div>\n        <\/div>\n            <div class=\"kksr-star\" data-star=\"2\" style=\"padding-right: 5px\">\n            \n\n<div class=\"kksr-icon\" style=\"width: 24px; height: 24px;\"><\/div>\n        <\/div>\n            <div class=\"kksr-star\" data-star=\"3\" style=\"padding-right: 5px\">\n            \n\n<div class=\"kksr-icon\" style=\"width: 24px; height: 24px;\"><\/div>\n        <\/div>\n            <div class=\"kksr-star\" data-star=\"4\" style=\"padding-right: 5px\">\n            \n\n<div class=\"kksr-icon\" style=\"width: 24px; height: 24px;\"><\/div>\n        <\/div>\n            <div class=\"kksr-star\" data-star=\"5\" style=\"padding-right: 5px\">\n            \n\n<div class=\"kksr-icon\" style=\"width: 24px; height: 24px;\"><\/div>\n        <\/div>\n    <\/div>\n    \n<div class=\"kksr-stars-active\" style=\"width: 0px;\">\n            <div class=\"kksr-star\" style=\"padding-right: 5px\">\n            \n\n<div class=\"kksr-icon\" style=\"width: 24px; height: 24px;\"><\/div>\n        <\/div>\n            <div class=\"kksr-star\" style=\"padding-right: 5px\">\n            \n\n<div class=\"kksr-icon\" style=\"width: 24px; height: 24px;\"><\/div>\n        <\/div>\n            <div class=\"kksr-star\" style=\"padding-right: 5px\">\n            \n\n<div class=\"kksr-icon\" style=\"width: 24px; height: 24px;\"><\/div>\n        <\/div>\n            <div class=\"kksr-star\" style=\"padding-right: 5px\">\n            \n\n<div class=\"kksr-icon\" style=\"width: 24px; height: 24px;\"><\/div>\n        <\/div>\n            <div class=\"kksr-star\" style=\"padding-right: 5px\">\n            \n\n<div class=\"kksr-icon\" style=\"width: 24px; height: 24px;\"><\/div>\n        <\/div>\n    <\/div>\n<\/div>\n                \n\n<div class=\"kksr-legend\" style=\"font-size: 19.2px;\">\n            <span class=\"kksr-muted\">Rate this post<\/span>\n    <\/div>\n    <\/div>\n<p>Dans un contexte o\u00f9 la s\u00e9curit\u00e9 des \u00e9tablissements scolaires est au c\u0153ur des pr\u00e9occupations, la notion d&rsquo;\u00ab \u00e9cole sanctuaire \u00bb ressurgit. En 2025, les r\u00e9centes violences, comme l&rsquo;attaque au couteau dans un lyc\u00e9e \u00e0 Nantes, replongent la soci\u00e9t\u00e9 dans un d\u00e9bat \u00e0 la fois historique et politique autour du r\u00f4le que doit jouer l&rsquo;\u00e9ducation dans la citoyennet\u00e9 et la s\u00e9curit\u00e9. Cet article examine les racines historiques de cette m\u00e9taphore, son \u00e9volution dans le temps, et questionne les r\u00e9formes n\u00e9cessaires pour transformer l&rsquo;\u00e9cole en un espace de savoir, de respect et d&rsquo;engagement.<\/p>\n\n<h2 class=\"wp-block-heading\">Les fondements historiques de l&rsquo;\u00e9cole en tant que sanctuaire<\/h2>\n\n<p>Historiquement, l&rsquo;id\u00e9e de l&rsquo;\u00e9cole comme un sanctuaire remonte \u00e0 des \u00e9poques o\u00f9 l&rsquo;\u00e9ducation \u00e9tait domin\u00e9e par des institutions religieuses. Au fil des si\u00e8cles, l&rsquo;\u00e9cole s&rsquo;est vue attribuer une mission sociale, son r\u00f4le s&rsquo;\u00e9tendant bien au-del\u00e0 de la simple transmission du savoir. L&rsquo;\u00e9cole devenait un lieu o\u00f9 l&rsquo;on forgeait des citoyens, un espace prot\u00e9g\u00e9 face aux tumultes ext\u00e9rieurs.<\/p>\n\n<p>Au d\u00e9but de l&rsquo;\u00e9poque moderne, notamment avec la mont\u00e9e du catholicisme et des principes r\u00e9publicains, l&rsquo;\u00e9cole \u00e9tait per\u00e7ue comme un espace d&rsquo;apprentissage moral. Le sociologue \u00c9mile Durkheim, par exemple, affirmait que l&rsquo;\u00e9cole devait \u00eatre un \u00ab milieu moral \u00bb o\u00f9 les valeurs \u00e9taient inculqu\u00e9es aux jeunes. Cette vision trouve \u00e9cho aujourd&rsquo;hui, o\u00f9 l&rsquo;\u00e9cole peine \u00e0 concilier son r\u00f4le traditionnel avec les pressions soci\u00e9tales contemporaines.<\/p>\n\n<h3 class=\"wp-block-heading\">Le dessin moral de l&rsquo;\u00e9cole : histoire et r\u00e9percussions<\/h3>\n\n<p>La conception de l&rsquo;\u00e9cole comme un sanctuaire repose sur plusieurs piliers :<\/p>\n\n<ul class=\"wp-block-list\"><li><strong>Protection morale:<\/strong> L&rsquo;\u00e9cole s&rsquo;\u00e9rigeait comme un bouclier contre les influences n\u00e9fastes de l&rsquo;ext\u00e9rieur.<\/li><li><strong>\u00c9ducation \u00e0 la citoyennet\u00e9:<\/strong> L&rsquo;\u00e9cole devait former des citoyens \u00e9clair\u00e9s, capables de s&rsquo;int\u00e9grer dans la soci\u00e9t\u00e9.<\/li><li><strong>Transmission des valeurs:<\/strong> L&rsquo;importance des valeurs morales et \u00e9thiques, souvent v\u00e9hicul\u00e9es par des institutions religieuses, \u00e9tait cruciale.<\/li><\/ul>\n\n<p>Par exemple, les <strong>Fr\u00e8res des \u00e9coles chr\u00e9tiennes<\/strong>, qui ont jou\u00e9 un r\u00f4le majeur dans l&rsquo;enseignement, promouvaient l&rsquo;id\u00e9e que l&rsquo;ob\u00e9issance \u00e9tait une vertu, un h\u00e9ritage qui, malgr\u00e9 ses d\u00e9rives, a fa\u00e7onn\u00e9 l&rsquo;approche \u00e9ducationnelle de l&rsquo;\u00e9poque.<\/p>\n\n<h2 class=\"wp-block-heading\">Les enjeux contemporains de la s\u00e9curit\u00e9 scolaire<\/h2>\n\n<p>L&rsquo;attaque tragique de Nantes en avril 2025 a mis en exergue les enjeux s\u00e9curitaires de l&rsquo;\u00e9cole. Le d\u00e9bat actuel autour de l&rsquo;installation de portiques de s\u00e9curit\u00e9 r\u00e9v\u00e8le une perception de l&rsquo;\u00e9cole comme un espace d\u00e9sormais menac\u00e9. Cette vision a des ant\u00e9c\u00e9dents : d\u00e8s 1996, Fran\u00e7ois Bayrou plaidait pour une \u00ab resanctuarisation \u00bb de l&rsquo;\u00e9cole, soulignant la n\u00e9cessit\u00e9 de la prot\u00e9ger des menaces ext\u00e9rieures, sans toujours prendre en compte les violences internes au syst\u00e8me \u00e9ducatif.<\/p>\n\n<p>Aujourd&rsquo;hui, le discours politique s&rsquo;enlise souvent dans la s\u00e9curit\u00e9 physique, n\u00e9gligeant les violences entre \u00e9l\u00e8ves ou les abus de pouvoir de certains encadrants. La dichotomie entre un environnement int\u00e9rieur apais\u00e9 et des menaces ext\u00e9rieures est probl\u00e9matique.<\/p>\n\n<h3 class=\"wp-block-heading\">Un regard sur les mesures propos\u00e9es<\/h3>\n\n<p>Lors des discussions autour des portiques de s\u00e9curit\u00e9, diff\u00e9rents dispositifs sont envisag\u00e9s :<\/p>\n\n<ul class=\"wp-block-list\"><li><strong>Portiques de d\u00e9tection de m\u00e9taux:<\/strong> Inspir\u00e9s des proc\u00e9dures d&rsquo;a\u00e9roport, ils visent \u00e0 emp\u00eacher l&rsquo;entr\u00e9e d&rsquo;armes.<\/li><li><strong>Syst\u00e8mes de reconnaissance d&rsquo;identit\u00e9:<\/strong> Ils permettraient une meilleure surveillance des personnes acc\u00e9dant \u00e0 l&rsquo;\u00e9tablissement.<\/li><li><strong>Sauvegarde de l&rsquo;identit\u00e9 scolaire:<\/strong> Assurer que les \u00e9l\u00e8ves respectent des valeurs civiques et citoyennes forts.<\/li><\/ul>\n\n<p>Cependant, ces solutions, bien que semblent efficaces, posent des questions \u00e9thiques profondes. La surveillance accrue cr\u00e9e une atmosph\u00e8re de m\u00e9fiance qui pourrait miner l&rsquo;engagement et la citoyennet\u00e9 que l&rsquo;\u00e9cole est cens\u00e9e encourager.<\/p>\n\n<h2 class=\"wp-block-heading\">Politique \u00e9ducative et empreinte historique des r\u00e9formes<\/h2>\n\n<p>Les r\u00e9formes \u00e9ducatives ont souvent \u00e9t\u00e9 influenc\u00e9es par des crises soci\u00e9tales. \u00c0 partir du XIXe si\u00e8cle, l&rsquo;\u00e9cole est devenue un enjeu politique majeur, o\u00f9 diff\u00e9rents courants id\u00e9ologiques ont fa\u00e7onn\u00e9 les orientations \u00e9ducatives. Le combat pour une \u00e9ducation la\u00efque et accessible \u00e0 tous s&rsquo;est intensifi\u00e9, cherchant \u00e0 \u00e9radiquer les in\u00e9galit\u00e9s.<\/p>\n\n<p>Pour comprendre la r\u00e9silience du principe de sanctuaire, il est crucial d&rsquo;observer comment les p\u00e9dagogies ont \u00e9t\u00e9 influenc\u00e9es par les crises. Par exemple, pendant la R\u00e9volution fran\u00e7aise, l&rsquo;enseignement devait v\u00e9hiculer les valeurs r\u00e9publicaines et inclure le plus grand nombre. Ce type de r\u00e9forme a joui d&rsquo;une grande l\u00e9gitimit\u00e9 tout en t\u00e9moignant de tensions entre int\u00e9gration sociale et transmission de savoir.<\/p>\n\n<h3 class=\"wp-block-heading\">Une exploration des r\u00e9formes notables<\/h3>\n\n<p>Voici quelques r\u00e9formes qui ont marqu\u00e9 l&rsquo;histoire \u00e9ducative en France :<\/p>\n\n<figure class=\"wp-block-table\"><table>\n<thead>\n<tr>\n<th>Ann\u00e9e<\/th>\n<th>R\u00e9forme<\/th>\n<th>Impact<\/th>\n<\/tr>\n<\/thead>\n<tbody>\n<tr>\n<td>1881-1882<\/td>\n<td>Loi Jules Ferry<\/td>\n<td>\u00c9cole obligatoire et la\u00efque pour tous<\/td>\n<\/tr>\n<tr>\n<td>1968<\/td>\n<td>R\u00e9formes de l&rsquo;\u00e9ducation<\/td>\n<td>\u00c9largissement des m\u00e9thodes p\u00e9dagogiques<\/td>\n<\/tr>\n<tr>\n<td>2005<\/td>\n<td>Loi sur l&rsquo;\u00e9galit\u00e9 des chances<\/td>\n<td>Acc\u00e8s \u00e0 des opportunit\u00e9s \u00e9ducatives \u00e9quitables<\/td>\n<\/tr>\n<\/tbody>\n<\/table><\/figure>\n\n<p>Ces r\u00e9formes ont non seulement cherch\u00e9 \u00e0 \u00e9largir l&rsquo;acc\u00e8s \u00e0 l&rsquo;\u00e9ducation mais ont aussi r\u00e9affirm\u00e9 le r\u00f4le de l&rsquo;\u00e9cole comme un vecteur de citoyennet\u00e9.<\/p>\n\n<h2 class=\"wp-block-heading\">La r\u00e9forme de l&rsquo;\u00e9ducation de demain : un engagement en faveur de la protection et du savoir<\/h2>\n\n<p>\u00c0 l&rsquo;aube de 2025, les questionnements sur l&rsquo;\u00e9cole sanctuaire se multiplient. C&rsquo;est le moment id\u00e9al pour envisager une r\u00e9forme qui non seulement s&rsquo;attache \u00e0 l&rsquo;aspect s\u00e9curitaire, mais qui fait \u00e9galement la part belle aux valeurs de savoir, d&rsquo;engagement et de citoyennet\u00e9. Pour cela, plusieurs axes de r\u00e9flexion doivent \u00eatre envisag\u00e9s.<\/p>\n\n<p>La r\u00e9forme de demain devra prendre en compte les \u00e9l\u00e9ments suivants :<\/p>\n\n<ul class=\"wp-block-list\"><li><strong>Restaurer la confiance:<\/strong> Cr\u00e9er un climat scolaire favorable, o\u00f9 \u00e9l\u00e8ves, enseignants et parents se sentent en s\u00e9curit\u00e9.<\/li><li><strong>Promouvoir des valeurs r\u00e9publicaines:<\/strong> Mieux int\u00e9grer l&rsquo;\u00e9ducation civique et morale dans le programme scolaire.<\/li><li><strong>Favoriser l&rsquo;engagement citoyen:<\/strong> Impliquer les jeunes dans des projets communautaires et des d\u00e9bats ouverts.<\/li><\/ul>\n\n<p>Ces mesures visent \u00e0 renforcer la conception de l&rsquo;\u00e9cole en tant que sanctuaire, mais aussi comme un espace dynamique de connaissance, d&rsquo;engagement et de respect mutuel.<\/p>\n\n<h2 class=\"wp-block-heading\">FAQ<\/h2>\n\n<p><strong>Pourquoi l&rsquo;\u00e9cole est-elle per\u00e7ue comme un sanctuaire?<\/strong><\/p>\n\n<p>Cette vision d\u00e9coule de l&rsquo;id\u00e9e que l&rsquo;\u00e9cole doit prot\u00e9ger les jeunes des menaces ext\u00e9rieures tout en transmettant des valeurs morales et civiques.<\/p>\n\n<p><strong>Quelles sont les mesures de s\u00e9curit\u00e9 actuelles mises en place dans les \u00e9coles?<\/strong><\/p>\n\n<p>Des portiques d\u00e9tecteurs de m\u00e9taux, des syst\u00e8mes de reconnaissance d&rsquo;identit\u00e9 et des protocoles d&rsquo;urgence sont de plus en plus fr\u00e9quents.<\/p>\n\n<p><strong>Comment les r\u00e9formes \u00e9ducatives peuvent-elles changer l&rsquo;image de l&rsquo;\u00e9cole?<\/strong><\/p>\n\n<p>En int\u00e9grant des valeurs d&rsquo;engagement civique et en favorisant un climat de confiance, l&rsquo;\u00e9cole peut renforcer son r\u00f4le d&rsquo;espace sanctuaire et d&rsquo;apprentissage.<\/p>\n\n<p><strong>Quels enjeux \u00e9thiques soul\u00e8vent les dispositifs de s\u00e9curit\u00e9?<\/strong><\/p>\n\n<p>Les mesures de s\u00e9curit\u00e9 peuvent cr\u00e9er un climat de m\u00e9fiance et interf\u00e9rer avec la p\u00e9dagogie, remettant en question la mission \u00e9ducative de l&rsquo;\u00e9cole.<\/p>\n\n<p><strong>Quelle est l&rsquo;importance du savoir dans la transformation de l&rsquo;\u00e9cole?<\/strong><\/p>\n\n<p>Le savoir est essentiel pour former des citoyens \u00e9clair\u00e9s, capables de penser par eux-m\u00eames et de contribuer \u00e0 la soci\u00e9t\u00e9.<\/p>\n\n","protected":false},"excerpt":{"rendered":"<p>Dans un contexte o\u00f9 la s\u00e9curit\u00e9 des \u00e9tablissements scolaires est au c\u0153ur des pr\u00e9occupations, la notion d&rsquo;\u00ab \u00e9cole sanctuaire \u00bb ressurgit. En 2025, les r\u00e9centes violences, comme l&rsquo;attaque au couteau dans un lyc\u00e9e \u00e0 Nantes, replongent la soci\u00e9t\u00e9 dans un d\u00e9bat \u00e0 la fois historique et politique autour du r\u00f4le que doit jouer l&rsquo;\u00e9ducation dans &#8230; <a title=\"Transformer l&rsquo;\u00e9cole en un v\u00e9ritable sanctuaire : une perspective historique sur un principe politique\" class=\"read-more\" href=\"https:\/\/www.apres-lecole.fr\/Blog\/ecole-sanctuaire-historique\/\" aria-label=\"En savoir plus sur Transformer l&rsquo;\u00e9cole en un v\u00e9ritable sanctuaire : une perspective historique sur un principe politique\">Lire plus<\/a><\/p>\n","protected":false},"author":9,"featured_media":1914,"comment_status":"open","ping_status":"open","sticky":false,"template":"","format":"standard","meta":{"footnotes":""},"categories":[342],"tags":[412,776,777,778,775],"class_list":["post-1915","post","type-post","status-publish","format-standard","has-post-thumbnail","hentry","category-actualites","tag-education","tag-histoire-de-leducation","tag-principes-politiques","tag-reforme-scolaire","tag-sanctuaire-scolaire"],"yoast_head":"<!-- This site is optimized with the Yoast SEO plugin v27.5 - https:\/\/yoast.com\/product\/yoast-seo-wordpress\/ -->\n<title>Transformer l&#039;\u00e9cole en sanctuaire : histoire d&#039;une vision politique<\/title>\n<meta name=\"description\" content=\"D\u00e9couvrez comment le concept de transformer l&#039;\u00e9cole en un sanctuaire a \u00e9volu\u00e9 au fil de l&#039;histoire, en lien avec des principes politiques cl\u00e9s. Cette analyse explore les enjeux \u00e9ducatifs et soci\u00e9taux, et propose une r\u00e9flexion sur le r\u00f4le fondamental de l&#039;\u00e9ducation dans la construction d&#039;une soci\u00e9t\u00e9 juste et \u00e9quitable.\" \/>\n<meta name=\"robots\" content=\"index, follow, max-snippet:-1, max-image-preview:large, max-video-preview:-1\" \/>\n<link rel=\"canonical\" href=\"https:\/\/www.apres-lecole.fr\/Blog\/ecole-sanctuaire-historique\/\" \/>\n<meta property=\"og:locale\" content=\"fr_FR\" \/>\n<meta property=\"og:type\" content=\"article\" \/>\n<meta property=\"og:title\" content=\"Transformer l&#039;\u00e9cole en sanctuaire : histoire d&#039;une vision politique\" \/>\n<meta property=\"og:description\" content=\"D\u00e9couvrez comment le concept de transformer l&#039;\u00e9cole en un sanctuaire a \u00e9volu\u00e9 au fil de l&#039;histoire, en lien avec des principes politiques cl\u00e9s. Cette analyse explore les enjeux \u00e9ducatifs et soci\u00e9taux, et propose une r\u00e9flexion sur le r\u00f4le fondamental de l&#039;\u00e9ducation dans la construction d&#039;une soci\u00e9t\u00e9 juste et \u00e9quitable.\" \/>\n<meta property=\"og:url\" content=\"https:\/\/www.apres-lecole.fr\/Blog\/ecole-sanctuaire-historique\/\" \/>\n<meta property=\"article:published_time\" content=\"2025-05-02T23:36:14+00:00\" \/>\n<meta property=\"og:image\" content=\"https:\/\/www.apres-lecole.fr\/Blog\/wp-content\/uploads\/2025\/05\/Transformer-lecole-en-un-veritable-sanctuaire-une-perspective-historique-sur-un-principe-politique.jpg\" \/>\n\t<meta property=\"og:image:width\" content=\"1344\" \/>\n\t<meta property=\"og:image:height\" content=\"768\" \/>\n\t<meta property=\"og:image:type\" content=\"image\/jpeg\" \/>\n<meta name=\"author\" content=\"Eva Martin\" \/>\n<meta name=\"twitter:card\" content=\"summary_large_image\" \/>\n<meta name=\"twitter:creator\" content=\"@Evaapresecole\" \/>\n<meta name=\"twitter:label1\" content=\"\u00c9crit par\" \/>\n\t<meta name=\"twitter:data1\" content=\"Eva Martin\" \/>\n\t<meta name=\"twitter:label2\" content=\"Dur\u00e9e de lecture estim\u00e9e\" \/>\n\t<meta name=\"twitter:data2\" content=\"6 minutes\" \/>\n<script type=\"application\/ld+json\" class=\"yoast-schema-graph\">{\"@context\":\"https:\\\/\\\/schema.org\",\"@graph\":[{\"@type\":\"Article\",\"@id\":\"https:\\\/\\\/www.apres-lecole.fr\\\/Blog\\\/ecole-sanctuaire-historique\\\/#article\",\"isPartOf\":{\"@id\":\"https:\\\/\\\/www.apres-lecole.fr\\\/Blog\\\/ecole-sanctuaire-historique\\\/\"},\"author\":{\"name\":\"Eva Martin\",\"@id\":\"https:\\\/\\\/www.apres-lecole.fr\\\/Blog\\\/#\\\/schema\\\/person\\\/aeb50cd4b51fc69da155804bb5bb9fc4\"},\"headline\":\"Transformer l&rsquo;\u00e9cole en un v\u00e9ritable sanctuaire : une perspective historique sur un principe politique\",\"datePublished\":\"2025-05-02T23:36:14+00:00\",\"mainEntityOfPage\":{\"@id\":\"https:\\\/\\\/www.apres-lecole.fr\\\/Blog\\\/ecole-sanctuaire-historique\\\/\"},\"wordCount\":1244,\"commentCount\":0,\"image\":{\"@id\":\"https:\\\/\\\/www.apres-lecole.fr\\\/Blog\\\/ecole-sanctuaire-historique\\\/#primaryimage\"},\"thumbnailUrl\":\"https:\\\/\\\/www.apres-lecole.fr\\\/Blog\\\/wp-content\\\/uploads\\\/2025\\\/05\\\/Transformer-lecole-en-un-veritable-sanctuaire-une-perspective-historique-sur-un-principe-politique.jpg\",\"keywords\":[\"\u00e9ducation\",\"histoire de l'\u00e9ducation\",\"principes politiques\",\"r\u00e9forme scolaire\",\"sanctuaire scolaire\"],\"articleSection\":[\"Actualit\u00e9s\"],\"inLanguage\":\"fr-FR\",\"potentialAction\":[{\"@type\":\"CommentAction\",\"name\":\"Comment\",\"target\":[\"https:\\\/\\\/www.apres-lecole.fr\\\/Blog\\\/ecole-sanctuaire-historique\\\/#respond\"]}]},{\"@type\":\"WebPage\",\"@id\":\"https:\\\/\\\/www.apres-lecole.fr\\\/Blog\\\/ecole-sanctuaire-historique\\\/\",\"url\":\"https:\\\/\\\/www.apres-lecole.fr\\\/Blog\\\/ecole-sanctuaire-historique\\\/\",\"name\":\"Transformer l'\u00e9cole en sanctuaire : histoire d'une vision politique\",\"isPartOf\":{\"@id\":\"https:\\\/\\\/www.apres-lecole.fr\\\/Blog\\\/#website\"},\"primaryImageOfPage\":{\"@id\":\"https:\\\/\\\/www.apres-lecole.fr\\\/Blog\\\/ecole-sanctuaire-historique\\\/#primaryimage\"},\"image\":{\"@id\":\"https:\\\/\\\/www.apres-lecole.fr\\\/Blog\\\/ecole-sanctuaire-historique\\\/#primaryimage\"},\"thumbnailUrl\":\"https:\\\/\\\/www.apres-lecole.fr\\\/Blog\\\/wp-content\\\/uploads\\\/2025\\\/05\\\/Transformer-lecole-en-un-veritable-sanctuaire-une-perspective-historique-sur-un-principe-politique.jpg\",\"datePublished\":\"2025-05-02T23:36:14+00:00\",\"author\":{\"@id\":\"https:\\\/\\\/www.apres-lecole.fr\\\/Blog\\\/#\\\/schema\\\/person\\\/aeb50cd4b51fc69da155804bb5bb9fc4\"},\"description\":\"D\u00e9couvrez comment le concept de transformer l'\u00e9cole en un sanctuaire a \u00e9volu\u00e9 au fil de l'histoire, en lien avec des principes politiques cl\u00e9s. Cette analyse explore les enjeux \u00e9ducatifs et soci\u00e9taux, et propose une r\u00e9flexion sur le r\u00f4le fondamental de l'\u00e9ducation dans la construction d'une soci\u00e9t\u00e9 juste et \u00e9quitable.\",\"breadcrumb\":{\"@id\":\"https:\\\/\\\/www.apres-lecole.fr\\\/Blog\\\/ecole-sanctuaire-historique\\\/#breadcrumb\"},\"inLanguage\":\"fr-FR\",\"potentialAction\":[{\"@type\":\"ReadAction\",\"target\":[\"https:\\\/\\\/www.apres-lecole.fr\\\/Blog\\\/ecole-sanctuaire-historique\\\/\"]}]},{\"@type\":\"ImageObject\",\"inLanguage\":\"fr-FR\",\"@id\":\"https:\\\/\\\/www.apres-lecole.fr\\\/Blog\\\/ecole-sanctuaire-historique\\\/#primaryimage\",\"url\":\"https:\\\/\\\/www.apres-lecole.fr\\\/Blog\\\/wp-content\\\/uploads\\\/2025\\\/05\\\/Transformer-lecole-en-un-veritable-sanctuaire-une-perspective-historique-sur-un-principe-politique.jpg\",\"contentUrl\":\"https:\\\/\\\/www.apres-lecole.fr\\\/Blog\\\/wp-content\\\/uploads\\\/2025\\\/05\\\/Transformer-lecole-en-un-veritable-sanctuaire-une-perspective-historique-sur-un-principe-politique.jpg\",\"width\":1344,\"height\":768,\"caption\":\"d\u00e9couvrez comment l'\u00e9cole, en tant que sanctuaire de la connaissance et de la paix, a \u00e9volu\u00e9 au fil de l'histoire. cette exploration met en lumi\u00e8re les principes politiques qui ont fa\u00e7onn\u00e9 cet espace \u00e9ducatif, offrant une r\u00e9flexion sur l'importance de pr\u00e9server un environnement propice \u00e0 l'apprentissage.\"},{\"@type\":\"BreadcrumbList\",\"@id\":\"https:\\\/\\\/www.apres-lecole.fr\\\/Blog\\\/ecole-sanctuaire-historique\\\/#breadcrumb\",\"itemListElement\":[{\"@type\":\"ListItem\",\"position\":1,\"name\":\"Home\",\"item\":\"https:\\\/\\\/www.apres-lecole.fr\\\/Blog\\\/\"},{\"@type\":\"ListItem\",\"position\":2,\"name\":\"Transformer l&rsquo;\u00e9cole en un v\u00e9ritable sanctuaire : une perspective historique sur un principe politique\"}]},{\"@type\":\"WebSite\",\"@id\":\"https:\\\/\\\/www.apres-lecole.fr\\\/Blog\\\/#website\",\"url\":\"https:\\\/\\\/www.apres-lecole.fr\\\/Blog\\\/\",\"name\":\"\",\"description\":\"M\u00e9dia g\u00e9n\u00e9raliste\",\"potentialAction\":[{\"@type\":\"SearchAction\",\"target\":{\"@type\":\"EntryPoint\",\"urlTemplate\":\"https:\\\/\\\/www.apres-lecole.fr\\\/Blog\\\/?s={search_term_string}\"},\"query-input\":{\"@type\":\"PropertyValueSpecification\",\"valueRequired\":true,\"valueName\":\"search_term_string\"}}],\"inLanguage\":\"fr-FR\"},{\"@type\":\"Person\",\"@id\":\"https:\\\/\\\/www.apres-lecole.fr\\\/Blog\\\/#\\\/schema\\\/person\\\/aeb50cd4b51fc69da155804bb5bb9fc4\",\"name\":\"Eva Martin\",\"image\":{\"@type\":\"ImageObject\",\"inLanguage\":\"fr-FR\",\"@id\":\"https:\\\/\\\/secure.gravatar.com\\\/avatar\\\/55c53222558b27a72015a64073a80edce4abd33369394b9bf2c5cd6c19d12682?s=96&d=mm&r=g\",\"url\":\"https:\\\/\\\/secure.gravatar.com\\\/avatar\\\/55c53222558b27a72015a64073a80edce4abd33369394b9bf2c5cd6c19d12682?s=96&d=mm&r=g\",\"contentUrl\":\"https:\\\/\\\/secure.gravatar.com\\\/avatar\\\/55c53222558b27a72015a64073a80edce4abd33369394b9bf2c5cd6c19d12682?s=96&d=mm&r=g\",\"caption\":\"Eva Martin\"},\"description\":\"Je parle de business et d'entrepreneuriat avec des conseils clairs, concrets et actionnables pour r\u00e9ussir\",\"sameAs\":[\"https:\\\/\\\/x.com\\\/Evaapresecole\"],\"url\":\"https:\\\/\\\/www.apres-lecole.fr\\\/Blog\\\/author\\\/evamartin\\\/\"}]}<\/script>\n<!-- \/ Yoast SEO plugin. -->","yoast_head_json":{"title":"Transformer l'\u00e9cole en sanctuaire : histoire d'une vision politique","description":"D\u00e9couvrez comment le concept de transformer l'\u00e9cole en un sanctuaire a \u00e9volu\u00e9 au fil de l'histoire, en lien avec des principes politiques cl\u00e9s. Cette analyse explore les enjeux \u00e9ducatifs et soci\u00e9taux, et propose une r\u00e9flexion sur le r\u00f4le fondamental de l'\u00e9ducation dans la construction d'une soci\u00e9t\u00e9 juste et \u00e9quitable.","robots":{"index":"index","follow":"follow","max-snippet":"max-snippet:-1","max-image-preview":"max-image-preview:large","max-video-preview":"max-video-preview:-1"},"canonical":"https:\/\/www.apres-lecole.fr\/Blog\/ecole-sanctuaire-historique\/","og_locale":"fr_FR","og_type":"article","og_title":"Transformer l'\u00e9cole en sanctuaire : histoire d'une vision politique","og_description":"D\u00e9couvrez comment le concept de transformer l'\u00e9cole en un sanctuaire a \u00e9volu\u00e9 au fil de l'histoire, en lien avec des principes politiques cl\u00e9s. Cette analyse explore les enjeux \u00e9ducatifs et soci\u00e9taux, et propose une r\u00e9flexion sur le r\u00f4le fondamental de l'\u00e9ducation dans la construction d'une soci\u00e9t\u00e9 juste et \u00e9quitable.","og_url":"https:\/\/www.apres-lecole.fr\/Blog\/ecole-sanctuaire-historique\/","article_published_time":"2025-05-02T23:36:14+00:00","og_image":[{"width":1344,"height":768,"url":"https:\/\/www.apres-lecole.fr\/Blog\/wp-content\/uploads\/2025\/05\/Transformer-lecole-en-un-veritable-sanctuaire-une-perspective-historique-sur-un-principe-politique.jpg","type":"image\/jpeg"}],"author":"Eva Martin","twitter_card":"summary_large_image","twitter_creator":"@Evaapresecole","twitter_misc":{"\u00c9crit par":"Eva Martin","Dur\u00e9e de lecture estim\u00e9e":"6 minutes"},"schema":{"@context":"https:\/\/schema.org","@graph":[{"@type":"Article","@id":"https:\/\/www.apres-lecole.fr\/Blog\/ecole-sanctuaire-historique\/#article","isPartOf":{"@id":"https:\/\/www.apres-lecole.fr\/Blog\/ecole-sanctuaire-historique\/"},"author":{"name":"Eva Martin","@id":"https:\/\/www.apres-lecole.fr\/Blog\/#\/schema\/person\/aeb50cd4b51fc69da155804bb5bb9fc4"},"headline":"Transformer l&rsquo;\u00e9cole en un v\u00e9ritable sanctuaire : une perspective historique sur un principe politique","datePublished":"2025-05-02T23:36:14+00:00","mainEntityOfPage":{"@id":"https:\/\/www.apres-lecole.fr\/Blog\/ecole-sanctuaire-historique\/"},"wordCount":1244,"commentCount":0,"image":{"@id":"https:\/\/www.apres-lecole.fr\/Blog\/ecole-sanctuaire-historique\/#primaryimage"},"thumbnailUrl":"https:\/\/www.apres-lecole.fr\/Blog\/wp-content\/uploads\/2025\/05\/Transformer-lecole-en-un-veritable-sanctuaire-une-perspective-historique-sur-un-principe-politique.jpg","keywords":["\u00e9ducation","histoire de l'\u00e9ducation","principes politiques","r\u00e9forme scolaire","sanctuaire scolaire"],"articleSection":["Actualit\u00e9s"],"inLanguage":"fr-FR","potentialAction":[{"@type":"CommentAction","name":"Comment","target":["https:\/\/www.apres-lecole.fr\/Blog\/ecole-sanctuaire-historique\/#respond"]}]},{"@type":"WebPage","@id":"https:\/\/www.apres-lecole.fr\/Blog\/ecole-sanctuaire-historique\/","url":"https:\/\/www.apres-lecole.fr\/Blog\/ecole-sanctuaire-historique\/","name":"Transformer l'\u00e9cole en sanctuaire : histoire d'une vision politique","isPartOf":{"@id":"https:\/\/www.apres-lecole.fr\/Blog\/#website"},"primaryImageOfPage":{"@id":"https:\/\/www.apres-lecole.fr\/Blog\/ecole-sanctuaire-historique\/#primaryimage"},"image":{"@id":"https:\/\/www.apres-lecole.fr\/Blog\/ecole-sanctuaire-historique\/#primaryimage"},"thumbnailUrl":"https:\/\/www.apres-lecole.fr\/Blog\/wp-content\/uploads\/2025\/05\/Transformer-lecole-en-un-veritable-sanctuaire-une-perspective-historique-sur-un-principe-politique.jpg","datePublished":"2025-05-02T23:36:14+00:00","author":{"@id":"https:\/\/www.apres-lecole.fr\/Blog\/#\/schema\/person\/aeb50cd4b51fc69da155804bb5bb9fc4"},"description":"D\u00e9couvrez comment le concept de transformer l'\u00e9cole en un sanctuaire a \u00e9volu\u00e9 au fil de l'histoire, en lien avec des principes politiques cl\u00e9s. Cette analyse explore les enjeux \u00e9ducatifs et soci\u00e9taux, et propose une r\u00e9flexion sur le r\u00f4le fondamental de l'\u00e9ducation dans la construction d'une soci\u00e9t\u00e9 juste et \u00e9quitable.","breadcrumb":{"@id":"https:\/\/www.apres-lecole.fr\/Blog\/ecole-sanctuaire-historique\/#breadcrumb"},"inLanguage":"fr-FR","potentialAction":[{"@type":"ReadAction","target":["https:\/\/www.apres-lecole.fr\/Blog\/ecole-sanctuaire-historique\/"]}]},{"@type":"ImageObject","inLanguage":"fr-FR","@id":"https:\/\/www.apres-lecole.fr\/Blog\/ecole-sanctuaire-historique\/#primaryimage","url":"https:\/\/www.apres-lecole.fr\/Blog\/wp-content\/uploads\/2025\/05\/Transformer-lecole-en-un-veritable-sanctuaire-une-perspective-historique-sur-un-principe-politique.jpg","contentUrl":"https:\/\/www.apres-lecole.fr\/Blog\/wp-content\/uploads\/2025\/05\/Transformer-lecole-en-un-veritable-sanctuaire-une-perspective-historique-sur-un-principe-politique.jpg","width":1344,"height":768,"caption":"d\u00e9couvrez comment l'\u00e9cole, en tant que sanctuaire de la connaissance et de la paix, a \u00e9volu\u00e9 au fil de l'histoire. cette exploration met en lumi\u00e8re les principes politiques qui ont fa\u00e7onn\u00e9 cet espace \u00e9ducatif, offrant une r\u00e9flexion sur l'importance de pr\u00e9server un environnement propice \u00e0 l'apprentissage."},{"@type":"BreadcrumbList","@id":"https:\/\/www.apres-lecole.fr\/Blog\/ecole-sanctuaire-historique\/#breadcrumb","itemListElement":[{"@type":"ListItem","position":1,"name":"Home","item":"https:\/\/www.apres-lecole.fr\/Blog\/"},{"@type":"ListItem","position":2,"name":"Transformer l&rsquo;\u00e9cole en un v\u00e9ritable sanctuaire : une perspective historique sur un principe politique"}]},{"@type":"WebSite","@id":"https:\/\/www.apres-lecole.fr\/Blog\/#website","url":"https:\/\/www.apres-lecole.fr\/Blog\/","name":"","description":"M\u00e9dia g\u00e9n\u00e9raliste","potentialAction":[{"@type":"SearchAction","target":{"@type":"EntryPoint","urlTemplate":"https:\/\/www.apres-lecole.fr\/Blog\/?s={search_term_string}"},"query-input":{"@type":"PropertyValueSpecification","valueRequired":true,"valueName":"search_term_string"}}],"inLanguage":"fr-FR"},{"@type":"Person","@id":"https:\/\/www.apres-lecole.fr\/Blog\/#\/schema\/person\/aeb50cd4b51fc69da155804bb5bb9fc4","name":"Eva Martin","image":{"@type":"ImageObject","inLanguage":"fr-FR","@id":"https:\/\/secure.gravatar.com\/avatar\/55c53222558b27a72015a64073a80edce4abd33369394b9bf2c5cd6c19d12682?s=96&d=mm&r=g","url":"https:\/\/secure.gravatar.com\/avatar\/55c53222558b27a72015a64073a80edce4abd33369394b9bf2c5cd6c19d12682?s=96&d=mm&r=g","contentUrl":"https:\/\/secure.gravatar.com\/avatar\/55c53222558b27a72015a64073a80edce4abd33369394b9bf2c5cd6c19d12682?s=96&d=mm&r=g","caption":"Eva Martin"},"description":"Je parle de business et d'entrepreneuriat avec des conseils clairs, concrets et actionnables pour r\u00e9ussir","sameAs":["https:\/\/x.com\/Evaapresecole"],"url":"https:\/\/www.apres-lecole.fr\/Blog\/author\/evamartin\/"}]}},"views":27,"_links":{"self":[{"href":"https:\/\/www.apres-lecole.fr\/Blog\/wp-json\/wp\/v2\/posts\/1915","targetHints":{"allow":["GET"]}}],"collection":[{"href":"https:\/\/www.apres-lecole.fr\/Blog\/wp-json\/wp\/v2\/posts"}],"about":[{"href":"https:\/\/www.apres-lecole.fr\/Blog\/wp-json\/wp\/v2\/types\/post"}],"author":[{"embeddable":true,"href":"https:\/\/www.apres-lecole.fr\/Blog\/wp-json\/wp\/v2\/users\/9"}],"replies":[{"embeddable":true,"href":"https:\/\/www.apres-lecole.fr\/Blog\/wp-json\/wp\/v2\/comments?post=1915"}],"version-history":[{"count":0,"href":"https:\/\/www.apres-lecole.fr\/Blog\/wp-json\/wp\/v2\/posts\/1915\/revisions"}],"wp:featuredmedia":[{"embeddable":true,"href":"https:\/\/www.apres-lecole.fr\/Blog\/wp-json\/wp\/v2\/media\/1914"}],"wp:attachment":[{"href":"https:\/\/www.apres-lecole.fr\/Blog\/wp-json\/wp\/v2\/media?parent=1915"}],"wp:term":[{"taxonomy":"category","embeddable":true,"href":"https:\/\/www.apres-lecole.fr\/Blog\/wp-json\/wp\/v2\/categories?post=1915"},{"taxonomy":"post_tag","embeddable":true,"href":"https:\/\/www.apres-lecole.fr\/Blog\/wp-json\/wp\/v2\/tags?post=1915"}],"curies":[{"name":"wp","href":"https:\/\/api.w.org\/{rel}","templated":true}]}}