{"id":1913,"date":"2025-05-02T07:20:36","date_gmt":"2025-05-02T07:20:36","guid":{"rendered":"https:\/\/www.apres-lecole.fr\/Blog\/excelia-tours-locaux-neufs\/"},"modified":"2025-05-02T07:20:36","modified_gmt":"2025-05-02T07:20:36","slug":"excelia-tours-locaux-neufs","status":"publish","type":"post","link":"https:\/\/www.apres-lecole.fr\/Blog\/excelia-tours-locaux-neufs\/","title":{"rendered":"L&rsquo;\u00e9cole Excelia fait peau neuve \u00e0 Tours avec sa rentr\u00e9e dans des locaux flambant neufs"},"content":{"rendered":"\n\n<div class=\"kk-star-ratings kksr-auto kksr-align-left kksr-valign-top\"\n    data-payload='{&quot;align&quot;:&quot;left&quot;,&quot;id&quot;:&quot;1913&quot;,&quot;slug&quot;:&quot;default&quot;,&quot;valign&quot;:&quot;top&quot;,&quot;ignore&quot;:&quot;&quot;,&quot;reference&quot;:&quot;auto&quot;,&quot;class&quot;:&quot;&quot;,&quot;count&quot;:&quot;0&quot;,&quot;legendonly&quot;:&quot;&quot;,&quot;readonly&quot;:&quot;&quot;,&quot;score&quot;:&quot;0&quot;,&quot;starsonly&quot;:&quot;&quot;,&quot;best&quot;:&quot;5&quot;,&quot;gap&quot;:&quot;5&quot;,&quot;greet&quot;:&quot;Rate this post&quot;,&quot;legend&quot;:&quot;0\\\/5 - (0 vote)&quot;,&quot;size&quot;:&quot;24&quot;,&quot;title&quot;:&quot;L\\u0026#039;\u00e9cole Excelia fait peau neuve \u00e0 Tours avec sa rentr\u00e9e dans des locaux flambant neufs&quot;,&quot;width&quot;:&quot;0&quot;,&quot;_legend&quot;:&quot;{score}\\\/{best} - ({count} {votes})&quot;,&quot;font_factor&quot;:&quot;1.25&quot;}'>\n            \n<div class=\"kksr-stars\">\n    \n<div class=\"kksr-stars-inactive\">\n            <div class=\"kksr-star\" data-star=\"1\" style=\"padding-right: 5px\">\n            \n\n<div class=\"kksr-icon\" style=\"width: 24px; height: 24px;\"><\/div>\n        <\/div>\n            <div class=\"kksr-star\" data-star=\"2\" style=\"padding-right: 5px\">\n            \n\n<div class=\"kksr-icon\" style=\"width: 24px; height: 24px;\"><\/div>\n        <\/div>\n            <div class=\"kksr-star\" data-star=\"3\" style=\"padding-right: 5px\">\n            \n\n<div class=\"kksr-icon\" style=\"width: 24px; height: 24px;\"><\/div>\n        <\/div>\n            <div class=\"kksr-star\" data-star=\"4\" style=\"padding-right: 5px\">\n            \n\n<div class=\"kksr-icon\" style=\"width: 24px; height: 24px;\"><\/div>\n        <\/div>\n            <div class=\"kksr-star\" data-star=\"5\" style=\"padding-right: 5px\">\n            \n\n<div class=\"kksr-icon\" style=\"width: 24px; height: 24px;\"><\/div>\n        <\/div>\n    <\/div>\n    \n<div class=\"kksr-stars-active\" style=\"width: 0px;\">\n            <div class=\"kksr-star\" style=\"padding-right: 5px\">\n            \n\n<div class=\"kksr-icon\" style=\"width: 24px; height: 24px;\"><\/div>\n        <\/div>\n            <div class=\"kksr-star\" style=\"padding-right: 5px\">\n            \n\n<div class=\"kksr-icon\" style=\"width: 24px; height: 24px;\"><\/div>\n        <\/div>\n            <div class=\"kksr-star\" style=\"padding-right: 5px\">\n            \n\n<div class=\"kksr-icon\" style=\"width: 24px; height: 24px;\"><\/div>\n        <\/div>\n            <div class=\"kksr-star\" style=\"padding-right: 5px\">\n            \n\n<div class=\"kksr-icon\" style=\"width: 24px; height: 24px;\"><\/div>\n        <\/div>\n            <div class=\"kksr-star\" style=\"padding-right: 5px\">\n            \n\n<div class=\"kksr-icon\" style=\"width: 24px; height: 24px;\"><\/div>\n        <\/div>\n    <\/div>\n<\/div>\n                \n\n<div class=\"kksr-legend\" style=\"font-size: 19.2px;\">\n            <span class=\"kksr-muted\">Rate this post<\/span>\n    <\/div>\n    <\/div>\n<p>Avec une rentr\u00e9e scolaire 2023 marqu\u00e9e par des changements notables, l\u2019\u00e9cole Excelia \u00e0 Tours affiche fi\u00e8rement son nouveau visage dans des locaux flambant neufs. Quelque 1200 \u00e9tudiants se sont retrouv\u00e9s dans un environnement modernis\u00e9 apr\u00e8s une migration des anciens locaux des Fontaines vers le quartier dynamique des Deux-Lions. Ce changement de cadre co\u00efncide avec une vision claire d\u2019avenir, m\u00ealant innovation, \u00e9ducation et respect de l\u2019environnement.<\/p>\n\n<ul class=\"wp-block-list\"><li>Des locaux neufs et modernes<\/li><li>Une augmentation significative des \u00e9tudiants<\/li><li>Une \u00e9cole \u00e9coresponsable<\/li><li>Des formations vari\u00e9es<\/li><li>Une infrastructure pens\u00e9e pour l&rsquo;avenir<\/li><\/ul>\n\n<h2 class=\"wp-block-heading\">Des locaux neufs pour une \u00e9ducation innovante<\/h2>\n\n<p>L\u2019installation d\u2019Excelia aux Deux-Lions repr\u00e9sente une v\u00e9ritable transition vers le 21e si\u00e8cle. En effet, ces nouveaux locaux sont *ultra-modernis\u00e9s*, pens\u00e9s sp\u00e9cifiquement pour r\u00e9pondre aux besoins actuels des \u00e9tudiants. Avec un budget d\u2019investissement de 18 millions d\u2019euros, le groupe Excelia a fait en sorte que chaque d\u00e9tail soit optimis\u00e9 pour favoriser l\u2019apprentissage.<\/p>\n\n<h3 class=\"wp-block-heading\">Un am\u00e9nagement intelligent<\/h3>\n\n<p>Les nouveaux locaux d\u2019Excelia offrent un espace de 5,500 m\u00b2, comprenant des salles de classes lumineuses et des espaces collaboratifs propices aux \u00e9changes entre \u00e9tudiants. Cette nouvelle infrastructure permet non seulement d\u2019organiser des cours magistraux, mais aussi des petits groupes de travail. En effet, l\u2019\u00e9cole a compris que l\u2019innovation passe par des m\u00e9thodes d\u2019enseignement vari\u00e9es.<\/p>\n\n<ul class=\"wp-block-list\"><li>Des salles de classe \u00e9quip\u00e9es de technologies modernes \ud83d\udcbb<\/li><li>Des espaces de travail collaboratif pour encourager l\u2019interaction \ud83e\udd1d<\/li><li>Des cabines t\u00e9l\u00e9phoniques pour des discussions en toute discr\u00e9tion \ud83d\udcde<\/li><li>Un rooftop avec vue sur le Cher pour des pauses revigorantes \ud83c\udf05<\/li><\/ul>\n\n<p>Cette diversit\u00e9 d\u2019espaces t\u00e9moigne d\u2019un *engagement* fort envers une p\u00e9dagogie adapt\u00e9e aux exigences d\u2019une formation moderne. Pour les \u00e9tudiants, cela signifie une m\u00e9tamorphose dans leur mani\u00e8re d\u2019interagir, d\u2019apprendre et de r\u00e9ussir.<\/p>\n\n<h2 class=\"wp-block-heading\">Une augmentation des effectifs<\/h2>\n\n<p>Excelia a vu ses effectifs passer de 400 \u00e9tudiants \u00e0 1,200 en seulement 3 ans, et les pr\u00e9visions indiquent qu\u2019ils pourraient atteindre 2,000 d\u2019ici peu. Cette attractivit\u00e9 croissante t\u00e9moigne du succ\u00e8s des formations propos\u00e9es. Cela r\u00e9sulte \u00e0 la fois de la qualit\u00e9 de l\u2019enseignement et de la r\u00e9putation grandissante de l\u2019\u00e9tablissement.<\/p>\n\n<figure class=\"wp-block-table\"><table>\n<thead>\n<tr>\n<th>Ann\u00e9e<\/th>\n<th>Nombre d&rsquo;\u00e9tudiants<\/th>\n<th>\u00c9volution<\/th>\n<\/tr>\n<\/thead>\n<tbody>\n<tr>\n<td>2021<\/td>\n<td>400<\/td>\n<td>\u2014<\/td>\n<\/tr>\n<tr>\n<td>2023<\/td>\n<td>1,200<\/td>\n<td>+800%<\/td>\n<\/tr>\n<tr>\n<td>2025 (pr\u00e9vision)<\/td>\n<td>2,000<\/td>\n<td>+66%<\/td>\n<\/tr>\n<\/tbody>\n<\/table><\/figure>\n\n<p>Cette mont\u00e9e en puissance s\u2019accompagne d\u2019un contenu p\u00e9dagogique \u00e9toff\u00e9 incluant plusieurs parcours de formation, des certifications, ainsi qu\u2019une ouverture \u00e0 l\u2019international. Avec pr\u00e8s de 10% d\u2019\u00e9tudiants internationaux, Excelia a su se positionner comme un acteur cl\u00e9 dans le secteur \u00e9ducatif de la r\u00e9gion.<\/p>\n\n<h2 class=\"wp-block-heading\">Une infrastructure moderne et \u00e9coresponsable<\/h2>\n\n<p>Dernier-n\u00e9 des \u00e9tablissements d\u2019enseignement sup\u00e9rieur, ce campus \u00e0 Tours est \u00e9galement une vitrine pour les pratiques \u00e9coresponsables dans le secteur de l\u2019\u00e9ducation. En effet, il a \u00e9t\u00e9 construit en utilisant des mat\u00e9riaux respectueux de l\u2019environnement, tels que le bois et la paille. Cette initiative ne vise pas seulement \u00e0 respecter l\u2019environnement, mais aussi \u00e0 pr\u00e9parer les \u00e9tudiants aux d\u00e9fis de demain.<\/p>\n\n<h3 class=\"wp-block-heading\">Des valeurs environnementales int\u00e9gr\u00e9es<\/h3>\n\n<p>Le b\u00e2timent est con\u00e7u pour optimiser la consommation d\u2019\u00e9nergie sans recourir \u00e0 la climatisation, ce qui montre l\u2019adaptation aux besoins d\u2019un monde plus durable. Des locaux lumineux facilitent la circulation de l\u2019air naturel et la lumi\u00e8re du jour, r\u00e9duisant ainsi la d\u00e9pendance aux sources d\u2019\u00e9nergie artificielles.<\/p>\n\n<ul class=\"wp-block-list\"><li>Utilisation de mat\u00e9riaux durables \ud83c\udf31<\/li><li>Conception bioclimatique pour r\u00e9duire les besoins \u00e9nerg\u00e9tiques \ud83d\udca1<\/li><li>Espaces verts int\u00e9gr\u00e9s dans l\u2019architecture \ud83c\udf33<\/li><\/ul>\n\n<p>Ces choix architecturaux font de ce campus un exemple en termes de construction \u00e9coresponsable, mettant en avant la volont\u00e9 d\u2019Excelia d\u2019associer \u00e9ducation de qualit\u00e9 et respect de l\u2019environnement.<\/p>\n\n<h2 class=\"wp-block-heading\">Les formations d\u2019Excelia : diversit\u00e9 et excellence<\/h2>\n\n<p>Excelia ne se contente pas de proposer un cadre moderne et \u00e9coresponsable, mais offre \u00e9galement une large palette de formations. Les \u00e9tudiants peuvent choisir entre un bachelor, un master en grande \u00e9cole, une \u00e9cole d\u2019h\u00f4tellerie et de tourisme ou encore une \u00e9cole de communication. Chaque cursus est con\u00e7u pour garantir l\u2019acquisition de comp\u00e9tences pertinentes sur le march\u00e9 du travail.<\/p>\n\n<figure class=\"wp-block-table\"><table>\n<thead>\n<tr>\n<th>Type de formation<\/th>\n<th>Dur\u00e9e<\/th>\n<th>Dipl\u00f4me d\u00e9livr\u00e9<\/th>\n<\/tr>\n<\/thead>\n<tbody>\n<tr>\n<td>Bachelor<\/td>\n<td>3 ans<\/td>\n<td>Bachelor Excelia<\/td>\n<\/tr>\n<tr>\n<td>Master Grande \u00c9cole<\/td>\n<td>5 ans<\/td>\n<td>Master d\u2019\u00c9tat<\/td>\n<\/tr>\n<tr>\n<td>H\u00f4tellerie et Tourisme<\/td>\n<td>3 ans<\/td>\n<td>Dipl\u00f4me d\u2019\u00c9cole<\/td>\n<\/tr>\n<tr>\n<td>Communication<\/td>\n<td>3 ans<\/td>\n<td>Dipl\u00f4me d\u2019\u00c9cole<\/td>\n<\/tr>\n<\/tbody>\n<\/table><\/figure>\n\n<p>Ces cursus sont tous <strong>vis\u00e9s<\/strong> et <strong>grad\u00e9s<\/strong> par le minist\u00e8re de l\u2019Enseignement sup\u00e9rieur, ce qui les rend *reconnus* au niveau national et international. D\u00e8s la deuxi\u00e8me ann\u00e9e, les \u00e9tudiants ont la possibilit\u00e9 d\u2019\u00e9tudier en anglais, ce qui ouvre des perspectives \u00e0 l\u2019internationale.<\/p>\n\n<h2 class=\"wp-block-heading\">FAQ<\/h2>\n\n<h3 class=\"wp-block-heading\">1. Quelles sont les formations propos\u00e9es par l\u2019\u00e9cole Excelia \u00e0 Tours ?<\/h3>\n\n<p>Excelia propose des formations en bachelor, master grande \u00e9cole, h\u00f4tellerie et tourisme, ainsi que communication.<\/p>\n\n<h3 class=\"wp-block-heading\">2. Quelle est la capacit\u00e9 d\u2019accueil du nouveau campus ?<\/h3>\n\n<p>Le nouveau campus a une capacit\u00e9 d\u2019accueil pr\u00e9vue de 2000 \u00e9tudiants.<\/p>\n\n<h3 class=\"wp-block-heading\">3. Quels mat\u00e9riaux ont \u00e9t\u00e9 utilis\u00e9s pour la construction ?<\/h3>\n\n<p>Le b\u00e2timent a \u00e9t\u00e9 construit en bois et en paille, int\u00e9grant des pratiques \u00e9coresponsables.<\/p>\n\n<h3 class=\"wp-block-heading\">4. Comment l\u2019\u00e9cole assure-t-elle l\u2019int\u00e9gration des \u00e9tudiants internationaux ?<\/h3>\n\n<p>Environ 10 % des \u00e9tudiants proviennent de l\u2019\u00e9tranger, et d\u00e8s la deuxi\u00e8me ann\u00e9e, les cours sont dispens\u00e9s en anglais.<\/p>\n\n<h3 class=\"wp-block-heading\">5. Quel est le co\u00fbt des \u00e9tudes \u00e0 Excelia ?<\/h3>\n\n<p>Le co\u00fbt des \u00e9tudes varie entre 9,000 et 14,000 euros selon le cursus choisi.<\/p>\n\n","protected":false},"excerpt":{"rendered":"<p>Avec une rentr\u00e9e scolaire 2023 marqu\u00e9e par des changements notables, l\u2019\u00e9cole Excelia \u00e0 Tours affiche fi\u00e8rement son nouveau visage dans des locaux flambant neufs. Quelque 1200 \u00e9tudiants se sont retrouv\u00e9s dans un environnement modernis\u00e9 apr\u00e8s une migration des anciens locaux des Fontaines vers le quartier dynamique des Deux-Lions. Ce changement de cadre co\u00efncide avec une &#8230; <a title=\"L&rsquo;\u00e9cole Excelia fait peau neuve \u00e0 Tours avec sa rentr\u00e9e dans des locaux flambant neufs\" class=\"read-more\" href=\"https:\/\/www.apres-lecole.fr\/Blog\/excelia-tours-locaux-neufs\/\" aria-label=\"En savoir plus sur L&rsquo;\u00e9cole Excelia fait peau neuve \u00e0 Tours avec sa rentr\u00e9e dans des locaux flambant neufs\">Lire plus<\/a><\/p>\n","protected":false},"author":9,"featured_media":1912,"comment_status":"open","ping_status":"open","sticky":false,"template":"","format":"standard","meta":{"footnotes":""},"categories":[342],"tags":[410,771,774,773,772],"class_list":["post-1913","post","type-post","status-publish","format-standard","has-post-thumbnail","hentry","category-actualites","tag-ecole","tag-excelia","tag-locaux-neufs","tag-rentree","tag-tours"],"yoast_head":"<!-- This site is optimized with the Yoast SEO plugin v27.5 - https:\/\/yoast.com\/product\/yoast-seo-wordpress\/ -->\n<title>L&#039;\u00e9cole Excelia se transforme \u00e0 Tours avec des locaux modernes<\/title>\n<meta name=\"description\" content=\"D\u00e9couvrez la nouvelle \u00e9cole Excelia \u00e0 Tours, qui s&#039;illumine avec des locaux flambant neufs pour une rentr\u00e9e dynamique. Plongez dans un environnement d&#039;apprentissage modernis\u00e9, alliant confort et innovation pour pr\u00e9parer les futurs leaders de demain. Inscrivez-vous d\u00e8s maintenant et profitez d&#039;une exp\u00e9rience \u00e9ducative renouvel\u00e9e!\" \/>\n<meta name=\"robots\" content=\"index, follow, max-snippet:-1, max-image-preview:large, max-video-preview:-1\" \/>\n<link rel=\"canonical\" href=\"https:\/\/www.apres-lecole.fr\/Blog\/excelia-tours-locaux-neufs\/\" \/>\n<meta property=\"og:locale\" content=\"fr_FR\" \/>\n<meta property=\"og:type\" content=\"article\" \/>\n<meta property=\"og:title\" content=\"L&#039;\u00e9cole Excelia se transforme \u00e0 Tours avec des locaux modernes\" \/>\n<meta property=\"og:description\" content=\"D\u00e9couvrez la nouvelle \u00e9cole Excelia \u00e0 Tours, qui s&#039;illumine avec des locaux flambant neufs pour une rentr\u00e9e dynamique. Plongez dans un environnement d&#039;apprentissage modernis\u00e9, alliant confort et innovation pour pr\u00e9parer les futurs leaders de demain. Inscrivez-vous d\u00e8s maintenant et profitez d&#039;une exp\u00e9rience \u00e9ducative renouvel\u00e9e!\" \/>\n<meta property=\"og:url\" content=\"https:\/\/www.apres-lecole.fr\/Blog\/excelia-tours-locaux-neufs\/\" \/>\n<meta property=\"article:published_time\" content=\"2025-05-02T07:20:36+00:00\" \/>\n<meta property=\"og:image\" content=\"https:\/\/www.apres-lecole.fr\/Blog\/wp-content\/uploads\/2025\/05\/Lecole-Excelia-fait-peau-neuve-a-Tours-avec-sa-rentree-dans-des-locaux-flambant-neufs.jpg\" \/>\n\t<meta property=\"og:image:width\" content=\"1344\" \/>\n\t<meta property=\"og:image:height\" content=\"768\" \/>\n\t<meta property=\"og:image:type\" content=\"image\/jpeg\" \/>\n<meta name=\"author\" content=\"Eva Martin\" \/>\n<meta name=\"twitter:card\" content=\"summary_large_image\" \/>\n<meta name=\"twitter:creator\" content=\"@Evaapresecole\" \/>\n<meta name=\"twitter:label1\" content=\"\u00c9crit par\" \/>\n\t<meta name=\"twitter:data1\" content=\"Eva Martin\" \/>\n\t<meta name=\"twitter:label2\" content=\"Dur\u00e9e de lecture estim\u00e9e\" \/>\n\t<meta name=\"twitter:data2\" content=\"4 minutes\" \/>\n<script type=\"application\/ld+json\" class=\"yoast-schema-graph\">{\"@context\":\"https:\\\/\\\/schema.org\",\"@graph\":[{\"@type\":\"Article\",\"@id\":\"https:\\\/\\\/www.apres-lecole.fr\\\/Blog\\\/excelia-tours-locaux-neufs\\\/#article\",\"isPartOf\":{\"@id\":\"https:\\\/\\\/www.apres-lecole.fr\\\/Blog\\\/excelia-tours-locaux-neufs\\\/\"},\"author\":{\"name\":\"Eva Martin\",\"@id\":\"https:\\\/\\\/www.apres-lecole.fr\\\/Blog\\\/#\\\/schema\\\/person\\\/aeb50cd4b51fc69da155804bb5bb9fc4\"},\"headline\":\"L&rsquo;\u00e9cole Excelia fait peau neuve \u00e0 Tours avec sa rentr\u00e9e dans des locaux flambant neufs\",\"datePublished\":\"2025-05-02T07:20:36+00:00\",\"mainEntityOfPage\":{\"@id\":\"https:\\\/\\\/www.apres-lecole.fr\\\/Blog\\\/excelia-tours-locaux-neufs\\\/\"},\"wordCount\":917,\"commentCount\":0,\"image\":{\"@id\":\"https:\\\/\\\/www.apres-lecole.fr\\\/Blog\\\/excelia-tours-locaux-neufs\\\/#primaryimage\"},\"thumbnailUrl\":\"https:\\\/\\\/www.apres-lecole.fr\\\/Blog\\\/wp-content\\\/uploads\\\/2025\\\/05\\\/Lecole-Excelia-fait-peau-neuve-a-Tours-avec-sa-rentree-dans-des-locaux-flambant-neufs.jpg\",\"keywords\":[\"\u00e9cole\",\"excelia\",\"locaux neufs\",\"rentr\u00e9e\",\"tours\"],\"articleSection\":[\"Actualit\u00e9s\"],\"inLanguage\":\"fr-FR\",\"potentialAction\":[{\"@type\":\"CommentAction\",\"name\":\"Comment\",\"target\":[\"https:\\\/\\\/www.apres-lecole.fr\\\/Blog\\\/excelia-tours-locaux-neufs\\\/#respond\"]}]},{\"@type\":\"WebPage\",\"@id\":\"https:\\\/\\\/www.apres-lecole.fr\\\/Blog\\\/excelia-tours-locaux-neufs\\\/\",\"url\":\"https:\\\/\\\/www.apres-lecole.fr\\\/Blog\\\/excelia-tours-locaux-neufs\\\/\",\"name\":\"L'\u00e9cole Excelia se transforme \u00e0 Tours avec des locaux modernes\",\"isPartOf\":{\"@id\":\"https:\\\/\\\/www.apres-lecole.fr\\\/Blog\\\/#website\"},\"primaryImageOfPage\":{\"@id\":\"https:\\\/\\\/www.apres-lecole.fr\\\/Blog\\\/excelia-tours-locaux-neufs\\\/#primaryimage\"},\"image\":{\"@id\":\"https:\\\/\\\/www.apres-lecole.fr\\\/Blog\\\/excelia-tours-locaux-neufs\\\/#primaryimage\"},\"thumbnailUrl\":\"https:\\\/\\\/www.apres-lecole.fr\\\/Blog\\\/wp-content\\\/uploads\\\/2025\\\/05\\\/Lecole-Excelia-fait-peau-neuve-a-Tours-avec-sa-rentree-dans-des-locaux-flambant-neufs.jpg\",\"datePublished\":\"2025-05-02T07:20:36+00:00\",\"author\":{\"@id\":\"https:\\\/\\\/www.apres-lecole.fr\\\/Blog\\\/#\\\/schema\\\/person\\\/aeb50cd4b51fc69da155804bb5bb9fc4\"},\"description\":\"D\u00e9couvrez la nouvelle \u00e9cole Excelia \u00e0 Tours, qui s'illumine avec des locaux flambant neufs pour une rentr\u00e9e dynamique. Plongez dans un environnement d'apprentissage modernis\u00e9, alliant confort et innovation pour pr\u00e9parer les futurs leaders de demain. Inscrivez-vous d\u00e8s maintenant et profitez d'une exp\u00e9rience \u00e9ducative renouvel\u00e9e!\",\"breadcrumb\":{\"@id\":\"https:\\\/\\\/www.apres-lecole.fr\\\/Blog\\\/excelia-tours-locaux-neufs\\\/#breadcrumb\"},\"inLanguage\":\"fr-FR\",\"potentialAction\":[{\"@type\":\"ReadAction\",\"target\":[\"https:\\\/\\\/www.apres-lecole.fr\\\/Blog\\\/excelia-tours-locaux-neufs\\\/\"]}]},{\"@type\":\"ImageObject\",\"inLanguage\":\"fr-FR\",\"@id\":\"https:\\\/\\\/www.apres-lecole.fr\\\/Blog\\\/excelia-tours-locaux-neufs\\\/#primaryimage\",\"url\":\"https:\\\/\\\/www.apres-lecole.fr\\\/Blog\\\/wp-content\\\/uploads\\\/2025\\\/05\\\/Lecole-Excelia-fait-peau-neuve-a-Tours-avec-sa-rentree-dans-des-locaux-flambant-neufs.jpg\",\"contentUrl\":\"https:\\\/\\\/www.apres-lecole.fr\\\/Blog\\\/wp-content\\\/uploads\\\/2025\\\/05\\\/Lecole-Excelia-fait-peau-neuve-a-Tours-avec-sa-rentree-dans-des-locaux-flambant-neufs.jpg\",\"width\":1344,\"height\":768,\"caption\":\"d\u00e9couvrez l'\u00e9cole excelia \u00e0 tours qui fait peau neuve avec ses nouveaux locaux modernes. inscrivez-vous pour une rentr\u00e9e enrichissante dans un environnement propice \u00e0 l'apprentissage!\"},{\"@type\":\"BreadcrumbList\",\"@id\":\"https:\\\/\\\/www.apres-lecole.fr\\\/Blog\\\/excelia-tours-locaux-neufs\\\/#breadcrumb\",\"itemListElement\":[{\"@type\":\"ListItem\",\"position\":1,\"name\":\"Home\",\"item\":\"https:\\\/\\\/www.apres-lecole.fr\\\/Blog\\\/\"},{\"@type\":\"ListItem\",\"position\":2,\"name\":\"L&rsquo;\u00e9cole Excelia fait peau neuve \u00e0 Tours avec sa rentr\u00e9e dans des locaux flambant neufs\"}]},{\"@type\":\"WebSite\",\"@id\":\"https:\\\/\\\/www.apres-lecole.fr\\\/Blog\\\/#website\",\"url\":\"https:\\\/\\\/www.apres-lecole.fr\\\/Blog\\\/\",\"name\":\"\",\"description\":\"M\u00e9dia g\u00e9n\u00e9raliste\",\"potentialAction\":[{\"@type\":\"SearchAction\",\"target\":{\"@type\":\"EntryPoint\",\"urlTemplate\":\"https:\\\/\\\/www.apres-lecole.fr\\\/Blog\\\/?s={search_term_string}\"},\"query-input\":{\"@type\":\"PropertyValueSpecification\",\"valueRequired\":true,\"valueName\":\"search_term_string\"}}],\"inLanguage\":\"fr-FR\"},{\"@type\":\"Person\",\"@id\":\"https:\\\/\\\/www.apres-lecole.fr\\\/Blog\\\/#\\\/schema\\\/person\\\/aeb50cd4b51fc69da155804bb5bb9fc4\",\"name\":\"Eva Martin\",\"image\":{\"@type\":\"ImageObject\",\"inLanguage\":\"fr-FR\",\"@id\":\"https:\\\/\\\/secure.gravatar.com\\\/avatar\\\/55c53222558b27a72015a64073a80edce4abd33369394b9bf2c5cd6c19d12682?s=96&d=mm&r=g\",\"url\":\"https:\\\/\\\/secure.gravatar.com\\\/avatar\\\/55c53222558b27a72015a64073a80edce4abd33369394b9bf2c5cd6c19d12682?s=96&d=mm&r=g\",\"contentUrl\":\"https:\\\/\\\/secure.gravatar.com\\\/avatar\\\/55c53222558b27a72015a64073a80edce4abd33369394b9bf2c5cd6c19d12682?s=96&d=mm&r=g\",\"caption\":\"Eva Martin\"},\"description\":\"Je parle de business et d'entrepreneuriat avec des conseils clairs, concrets et actionnables pour r\u00e9ussir\",\"sameAs\":[\"https:\\\/\\\/x.com\\\/Evaapresecole\"],\"url\":\"https:\\\/\\\/www.apres-lecole.fr\\\/Blog\\\/author\\\/evamartin\\\/\"}]}<\/script>\n<!-- \/ Yoast SEO plugin. -->","yoast_head_json":{"title":"L'\u00e9cole Excelia se transforme \u00e0 Tours avec des locaux modernes","description":"D\u00e9couvrez la nouvelle \u00e9cole Excelia \u00e0 Tours, qui s'illumine avec des locaux flambant neufs pour une rentr\u00e9e dynamique. Plongez dans un environnement d'apprentissage modernis\u00e9, alliant confort et innovation pour pr\u00e9parer les futurs leaders de demain. Inscrivez-vous d\u00e8s maintenant et profitez d'une exp\u00e9rience \u00e9ducative renouvel\u00e9e!","robots":{"index":"index","follow":"follow","max-snippet":"max-snippet:-1","max-image-preview":"max-image-preview:large","max-video-preview":"max-video-preview:-1"},"canonical":"https:\/\/www.apres-lecole.fr\/Blog\/excelia-tours-locaux-neufs\/","og_locale":"fr_FR","og_type":"article","og_title":"L'\u00e9cole Excelia se transforme \u00e0 Tours avec des locaux modernes","og_description":"D\u00e9couvrez la nouvelle \u00e9cole Excelia \u00e0 Tours, qui s'illumine avec des locaux flambant neufs pour une rentr\u00e9e dynamique. Plongez dans un environnement d'apprentissage modernis\u00e9, alliant confort et innovation pour pr\u00e9parer les futurs leaders de demain. Inscrivez-vous d\u00e8s maintenant et profitez d'une exp\u00e9rience \u00e9ducative renouvel\u00e9e!","og_url":"https:\/\/www.apres-lecole.fr\/Blog\/excelia-tours-locaux-neufs\/","article_published_time":"2025-05-02T07:20:36+00:00","og_image":[{"width":1344,"height":768,"url":"https:\/\/www.apres-lecole.fr\/Blog\/wp-content\/uploads\/2025\/05\/Lecole-Excelia-fait-peau-neuve-a-Tours-avec-sa-rentree-dans-des-locaux-flambant-neufs.jpg","type":"image\/jpeg"}],"author":"Eva Martin","twitter_card":"summary_large_image","twitter_creator":"@Evaapresecole","twitter_misc":{"\u00c9crit par":"Eva Martin","Dur\u00e9e de lecture estim\u00e9e":"4 minutes"},"schema":{"@context":"https:\/\/schema.org","@graph":[{"@type":"Article","@id":"https:\/\/www.apres-lecole.fr\/Blog\/excelia-tours-locaux-neufs\/#article","isPartOf":{"@id":"https:\/\/www.apres-lecole.fr\/Blog\/excelia-tours-locaux-neufs\/"},"author":{"name":"Eva Martin","@id":"https:\/\/www.apres-lecole.fr\/Blog\/#\/schema\/person\/aeb50cd4b51fc69da155804bb5bb9fc4"},"headline":"L&rsquo;\u00e9cole Excelia fait peau neuve \u00e0 Tours avec sa rentr\u00e9e dans des locaux flambant neufs","datePublished":"2025-05-02T07:20:36+00:00","mainEntityOfPage":{"@id":"https:\/\/www.apres-lecole.fr\/Blog\/excelia-tours-locaux-neufs\/"},"wordCount":917,"commentCount":0,"image":{"@id":"https:\/\/www.apres-lecole.fr\/Blog\/excelia-tours-locaux-neufs\/#primaryimage"},"thumbnailUrl":"https:\/\/www.apres-lecole.fr\/Blog\/wp-content\/uploads\/2025\/05\/Lecole-Excelia-fait-peau-neuve-a-Tours-avec-sa-rentree-dans-des-locaux-flambant-neufs.jpg","keywords":["\u00e9cole","excelia","locaux neufs","rentr\u00e9e","tours"],"articleSection":["Actualit\u00e9s"],"inLanguage":"fr-FR","potentialAction":[{"@type":"CommentAction","name":"Comment","target":["https:\/\/www.apres-lecole.fr\/Blog\/excelia-tours-locaux-neufs\/#respond"]}]},{"@type":"WebPage","@id":"https:\/\/www.apres-lecole.fr\/Blog\/excelia-tours-locaux-neufs\/","url":"https:\/\/www.apres-lecole.fr\/Blog\/excelia-tours-locaux-neufs\/","name":"L'\u00e9cole Excelia se transforme \u00e0 Tours avec des locaux modernes","isPartOf":{"@id":"https:\/\/www.apres-lecole.fr\/Blog\/#website"},"primaryImageOfPage":{"@id":"https:\/\/www.apres-lecole.fr\/Blog\/excelia-tours-locaux-neufs\/#primaryimage"},"image":{"@id":"https:\/\/www.apres-lecole.fr\/Blog\/excelia-tours-locaux-neufs\/#primaryimage"},"thumbnailUrl":"https:\/\/www.apres-lecole.fr\/Blog\/wp-content\/uploads\/2025\/05\/Lecole-Excelia-fait-peau-neuve-a-Tours-avec-sa-rentree-dans-des-locaux-flambant-neufs.jpg","datePublished":"2025-05-02T07:20:36+00:00","author":{"@id":"https:\/\/www.apres-lecole.fr\/Blog\/#\/schema\/person\/aeb50cd4b51fc69da155804bb5bb9fc4"},"description":"D\u00e9couvrez la nouvelle \u00e9cole Excelia \u00e0 Tours, qui s'illumine avec des locaux flambant neufs pour une rentr\u00e9e dynamique. Plongez dans un environnement d'apprentissage modernis\u00e9, alliant confort et innovation pour pr\u00e9parer les futurs leaders de demain. Inscrivez-vous d\u00e8s maintenant et profitez d'une exp\u00e9rience \u00e9ducative renouvel\u00e9e!","breadcrumb":{"@id":"https:\/\/www.apres-lecole.fr\/Blog\/excelia-tours-locaux-neufs\/#breadcrumb"},"inLanguage":"fr-FR","potentialAction":[{"@type":"ReadAction","target":["https:\/\/www.apres-lecole.fr\/Blog\/excelia-tours-locaux-neufs\/"]}]},{"@type":"ImageObject","inLanguage":"fr-FR","@id":"https:\/\/www.apres-lecole.fr\/Blog\/excelia-tours-locaux-neufs\/#primaryimage","url":"https:\/\/www.apres-lecole.fr\/Blog\/wp-content\/uploads\/2025\/05\/Lecole-Excelia-fait-peau-neuve-a-Tours-avec-sa-rentree-dans-des-locaux-flambant-neufs.jpg","contentUrl":"https:\/\/www.apres-lecole.fr\/Blog\/wp-content\/uploads\/2025\/05\/Lecole-Excelia-fait-peau-neuve-a-Tours-avec-sa-rentree-dans-des-locaux-flambant-neufs.jpg","width":1344,"height":768,"caption":"d\u00e9couvrez l'\u00e9cole excelia \u00e0 tours qui fait peau neuve avec ses nouveaux locaux modernes. inscrivez-vous pour une rentr\u00e9e enrichissante dans un environnement propice \u00e0 l'apprentissage!"},{"@type":"BreadcrumbList","@id":"https:\/\/www.apres-lecole.fr\/Blog\/excelia-tours-locaux-neufs\/#breadcrumb","itemListElement":[{"@type":"ListItem","position":1,"name":"Home","item":"https:\/\/www.apres-lecole.fr\/Blog\/"},{"@type":"ListItem","position":2,"name":"L&rsquo;\u00e9cole Excelia fait peau neuve \u00e0 Tours avec sa rentr\u00e9e dans des locaux flambant neufs"}]},{"@type":"WebSite","@id":"https:\/\/www.apres-lecole.fr\/Blog\/#website","url":"https:\/\/www.apres-lecole.fr\/Blog\/","name":"","description":"M\u00e9dia g\u00e9n\u00e9raliste","potentialAction":[{"@type":"SearchAction","target":{"@type":"EntryPoint","urlTemplate":"https:\/\/www.apres-lecole.fr\/Blog\/?s={search_term_string}"},"query-input":{"@type":"PropertyValueSpecification","valueRequired":true,"valueName":"search_term_string"}}],"inLanguage":"fr-FR"},{"@type":"Person","@id":"https:\/\/www.apres-lecole.fr\/Blog\/#\/schema\/person\/aeb50cd4b51fc69da155804bb5bb9fc4","name":"Eva Martin","image":{"@type":"ImageObject","inLanguage":"fr-FR","@id":"https:\/\/secure.gravatar.com\/avatar\/55c53222558b27a72015a64073a80edce4abd33369394b9bf2c5cd6c19d12682?s=96&d=mm&r=g","url":"https:\/\/secure.gravatar.com\/avatar\/55c53222558b27a72015a64073a80edce4abd33369394b9bf2c5cd6c19d12682?s=96&d=mm&r=g","contentUrl":"https:\/\/secure.gravatar.com\/avatar\/55c53222558b27a72015a64073a80edce4abd33369394b9bf2c5cd6c19d12682?s=96&d=mm&r=g","caption":"Eva Martin"},"description":"Je parle de business et d'entrepreneuriat avec des conseils clairs, concrets et actionnables pour r\u00e9ussir","sameAs":["https:\/\/x.com\/Evaapresecole"],"url":"https:\/\/www.apres-lecole.fr\/Blog\/author\/evamartin\/"}]}},"views":13,"_links":{"self":[{"href":"https:\/\/www.apres-lecole.fr\/Blog\/wp-json\/wp\/v2\/posts\/1913","targetHints":{"allow":["GET"]}}],"collection":[{"href":"https:\/\/www.apres-lecole.fr\/Blog\/wp-json\/wp\/v2\/posts"}],"about":[{"href":"https:\/\/www.apres-lecole.fr\/Blog\/wp-json\/wp\/v2\/types\/post"}],"author":[{"embeddable":true,"href":"https:\/\/www.apres-lecole.fr\/Blog\/wp-json\/wp\/v2\/users\/9"}],"replies":[{"embeddable":true,"href":"https:\/\/www.apres-lecole.fr\/Blog\/wp-json\/wp\/v2\/comments?post=1913"}],"version-history":[{"count":0,"href":"https:\/\/www.apres-lecole.fr\/Blog\/wp-json\/wp\/v2\/posts\/1913\/revisions"}],"wp:featuredmedia":[{"embeddable":true,"href":"https:\/\/www.apres-lecole.fr\/Blog\/wp-json\/wp\/v2\/media\/1912"}],"wp:attachment":[{"href":"https:\/\/www.apres-lecole.fr\/Blog\/wp-json\/wp\/v2\/media?parent=1913"}],"wp:term":[{"taxonomy":"category","embeddable":true,"href":"https:\/\/www.apres-lecole.fr\/Blog\/wp-json\/wp\/v2\/categories?post=1913"},{"taxonomy":"post_tag","embeddable":true,"href":"https:\/\/www.apres-lecole.fr\/Blog\/wp-json\/wp\/v2\/tags?post=1913"}],"curies":[{"name":"wp","href":"https:\/\/api.w.org\/{rel}","templated":true}]}}