{"id":1908,"date":"2025-04-30T21:08:13","date_gmt":"2025-04-30T21:08:13","guid":{"rendered":"https:\/\/www.apres-lecole.fr\/Blog\/ecole-adaptation-valeurs-humaines\/"},"modified":"2025-04-30T21:08:13","modified_gmt":"2025-04-30T21:08:13","slug":"ecole-adaptation-valeurs-humaines","status":"publish","type":"post","link":"https:\/\/www.apres-lecole.fr\/Blog\/ecole-adaptation-valeurs-humaines\/","title":{"rendered":"Henri Guaino et Alain Bentolila : comment l&rsquo;\u00e9cole peut-elle s&rsquo;adapter \u00e0 une soci\u00e9t\u00e9 en perte de valeurs humaines ?"},"content":{"rendered":"\n\n<div class=\"kk-star-ratings kksr-auto kksr-align-left kksr-valign-top\"\n    data-payload='{&quot;align&quot;:&quot;left&quot;,&quot;id&quot;:&quot;1908&quot;,&quot;slug&quot;:&quot;default&quot;,&quot;valign&quot;:&quot;top&quot;,&quot;ignore&quot;:&quot;&quot;,&quot;reference&quot;:&quot;auto&quot;,&quot;class&quot;:&quot;&quot;,&quot;count&quot;:&quot;0&quot;,&quot;legendonly&quot;:&quot;&quot;,&quot;readonly&quot;:&quot;&quot;,&quot;score&quot;:&quot;0&quot;,&quot;starsonly&quot;:&quot;&quot;,&quot;best&quot;:&quot;5&quot;,&quot;gap&quot;:&quot;5&quot;,&quot;greet&quot;:&quot;Rate this post&quot;,&quot;legend&quot;:&quot;0\\\/5 - (0 vote)&quot;,&quot;size&quot;:&quot;24&quot;,&quot;title&quot;:&quot;Henri Guaino et Alain Bentolila : comment l\\u0026#039;\u00e9cole peut-elle s\\u0026#039;adapter \u00e0 une soci\u00e9t\u00e9 en perte de valeurs humaines ?&quot;,&quot;width&quot;:&quot;0&quot;,&quot;_legend&quot;:&quot;{score}\\\/{best} - ({count} {votes})&quot;,&quot;font_factor&quot;:&quot;1.25&quot;}'>\n            \n<div class=\"kksr-stars\">\n    \n<div class=\"kksr-stars-inactive\">\n            <div class=\"kksr-star\" data-star=\"1\" style=\"padding-right: 5px\">\n            \n\n<div class=\"kksr-icon\" style=\"width: 24px; height: 24px;\"><\/div>\n        <\/div>\n            <div class=\"kksr-star\" data-star=\"2\" style=\"padding-right: 5px\">\n            \n\n<div class=\"kksr-icon\" style=\"width: 24px; height: 24px;\"><\/div>\n        <\/div>\n            <div class=\"kksr-star\" data-star=\"3\" style=\"padding-right: 5px\">\n            \n\n<div class=\"kksr-icon\" style=\"width: 24px; height: 24px;\"><\/div>\n        <\/div>\n            <div class=\"kksr-star\" data-star=\"4\" style=\"padding-right: 5px\">\n            \n\n<div class=\"kksr-icon\" style=\"width: 24px; height: 24px;\"><\/div>\n        <\/div>\n            <div class=\"kksr-star\" data-star=\"5\" style=\"padding-right: 5px\">\n            \n\n<div class=\"kksr-icon\" style=\"width: 24px; height: 24px;\"><\/div>\n        <\/div>\n    <\/div>\n    \n<div class=\"kksr-stars-active\" style=\"width: 0px;\">\n            <div class=\"kksr-star\" style=\"padding-right: 5px\">\n            \n\n<div class=\"kksr-icon\" style=\"width: 24px; height: 24px;\"><\/div>\n        <\/div>\n            <div class=\"kksr-star\" style=\"padding-right: 5px\">\n            \n\n<div class=\"kksr-icon\" style=\"width: 24px; height: 24px;\"><\/div>\n        <\/div>\n            <div class=\"kksr-star\" style=\"padding-right: 5px\">\n            \n\n<div class=\"kksr-icon\" style=\"width: 24px; height: 24px;\"><\/div>\n        <\/div>\n            <div class=\"kksr-star\" style=\"padding-right: 5px\">\n            \n\n<div class=\"kksr-icon\" style=\"width: 24px; height: 24px;\"><\/div>\n        <\/div>\n            <div class=\"kksr-star\" style=\"padding-right: 5px\">\n            \n\n<div class=\"kksr-icon\" style=\"width: 24px; height: 24px;\"><\/div>\n        <\/div>\n    <\/div>\n<\/div>\n                \n\n<div class=\"kksr-legend\" style=\"font-size: 19.2px;\">\n            <span class=\"kksr-muted\">Rate this post<\/span>\n    <\/div>\n    <\/div>\n<p>Dans un monde o\u00f9 les valeurs humaines semblent s&rsquo;effriter, la r\u00e9flexion sur le r\u00f4le de l&rsquo;\u00e9cole n&rsquo;a jamais \u00e9t\u00e9 aussi cruciale. Avec des exemples frappants de violence et d&rsquo;intimidation qui se d\u00e9roulent dans les \u00e9tablissements scolaires, la question de l&rsquo;adaptation du syst\u00e8me \u00e9ducatif aux d\u00e9fis contemporains est plus que pertinente. Henri Guaino et Alain Bentolila, deux figures embl\u00e9matiques de la r\u00e9flexion p\u00e9dagogique, nous invitent \u00e0 repenser notre approche de l&rsquo;\u00e9ducation et \u00e0 redonner un sens aux valeurs essentielles qui doivent guider nos jeunes. Au c\u0153ur de ce d\u00e9bat, se posent des questions br\u00fblantes : comment l&rsquo;\u00e9cole peut-elle agir comme un rempart contre la d\u00e9sint\u00e9gration des relations humaines ? Quelles strat\u00e9gies peuvent \u00eatre mises en \u0153uvre pour encourager un climat scolaire serein et porteur de sens ?<\/p>\n\n<h2 class=\"wp-block-heading\">Les d\u00e9fis contemporains de l&rsquo;\u00e9ducation : entre violence et valeurs humaines<\/h2>\n\n<p>Ce n&rsquo;est pas un secret : l&rsquo;\u00e9cole fran\u00e7aise fait face \u00e0 une situation pr\u00e9occupante. Les r\u00e9cents \u00e9v\u00e9nements tragiques, tels que l&rsquo;attaque au couteau dans un lyc\u00e9e de Nantes, mettent en lumi\u00e8re une r\u00e9alit\u00e9 alarmante. Chaque jour, les \u00e9tablissements scolaires sont le th\u00e9\u00e2tre de violences qui vont au-del\u00e0 de simples rivalit\u00e9s d&rsquo;adolescents. En effet, intimidation, harc\u00e8lement et agressions font partie d&rsquo;un quotidien bien trop lourd \u00e0 porter pour les \u00e9l\u00e8ves et le personnel \u00e9ducatif.<\/p>\n\n<p>La violence qui s&rsquo;invite dans les lieux d&rsquo;\u00e9ducation n&rsquo;est pas qu&rsquo;une probl\u00e9matique locale ; elle refl\u00e8te une <strong>soci\u00e9t\u00e9<\/strong> en crise. En parall\u00e8le, les in\u00e9galit\u00e9s scolaires continuent de se creuser, un constat que souligne r\u00e9guli\u00e8rement l&rsquo;OCDE. Il est imp\u00e9ratif que l&rsquo;\u00e9cole, en tant que lieu d&rsquo;apprentissage et de formation, revienne \u00e0 ses fondamentaux : transmettre des <strong>valeurs humaines<\/strong> essentielles. Ces valeurs devraient inclure le respect, la tol\u00e9rance et l&#8217;empathie.<\/p>\n\n<h3 class=\"wp-block-heading\">Exemples de violence au sein des \u00e9tablissements scolaires<\/h3>\n\n<p>Les exemples de violence dans les \u00e9coles sont l\u00e9gion et, malheureusement, souvent minimis\u00e9s. Selon une \u00e9tude publi\u00e9e par l&rsquo;UNESCO, pr\u00e8s de 6 \u00e9l\u00e8ves sur 10 d\u00e9clarent avoir \u00e9t\u00e9 t\u00e9moins ou victimes de harc\u00e8lement. Ces chiffres sont alarmants et portent un message fort : l&rsquo;\u00e9ducation ne peut plus \u00eatre uniquement focalis\u00e9e sur les r\u00e9sultats acad\u00e9miques. Voici quelques manifestations de cette violence :<\/p>\n\n<ul class=\"wp-block-list\"><li>\ud83d\udc94 Intimidation physique et verbale : des \u00e9l\u00e8ves se retrouvent r\u00e9guli\u00e8rement dans des situations o\u00f9 ils doivent faire face \u00e0 des agressions. Ces actes peuvent \u00eatre le r\u00e9sultat d&rsquo;un manque de compr\u00e9hension ou d&#8217;empathie.<\/li><li>\ud83c\udfad Harc\u00e8lement en ligne : le cyberharc\u00e8lement est devenu un fl\u00e9au. Les \u00e9l\u00e8ves se retrouvent souvent isol\u00e9s, ayant du mal \u00e0 se confier \u00e0 des adultes de peur de repr\u00e9sailles.<\/li><li>\ud83d\udea8 Agressions physiques : des cas de violences physiques extr\u00eames sont rapport\u00e9s, illustrant une normalisation de la violence dans certaines zones scolaires.<\/li><\/ul>\n\n<p>Face \u00e0 ce constat, il est primordial de se demander comment l&rsquo;\u00e9cole peut relever ces d\u00e9fis. Les travaux de Guaino et Bentolila offrent une r\u00e9ponse pertinente : l&rsquo;\u00e9tablissement scolaire doit redevenir un lieu o\u00f9 l&rsquo;\u00e9ducation aux valeurs et \u00e0 la solidarit\u00e9 est au c\u0153ur des pr\u00e9occupations.<\/p>\n\n<h3 class=\"wp-block-heading\">Un changement de paradigme : l&rsquo;\u00e9cole au service des valeurs humaines<\/h3>\n\n<p>Pour Henri Guaino et Alain Bentolila, il s&rsquo;agit d&rsquo;un v\u00e9ritable \u00ab\u00a0choc de valeurs\u00a0\u00bb que l&rsquo;on doit imposer dans le milieu \u00e9ducatif. La p\u00e9dagogie doit \u00eatre repens\u00e9e, et les enseignants doivent devenir des mod\u00e8les de <strong>valeurs humaines<\/strong> pour leurs \u00e9l\u00e8ves. L&rsquo;id\u00e9e n&rsquo;est pas simplement d&rsquo;apprendre \u00e0 lire ou \u00e0 \u00e9crire, mais aussi d&rsquo;instruire les jeunes sur l&rsquo;importance des relations humaines et de la solidarit\u00e9.<\/p>\n\n<p>Il serait judicieux d&rsquo;int\u00e9grer des programmes \u00e9ducatifs visant \u00e0 renforcer les valeurs positives telles que :<\/p>\n\n<ul class=\"wp-block-list\"><li>\ud83e\udd1d La coop\u00e9ration : construire des projets collaboratifs dans la classe pour encourager les \u00e9l\u00e8ves \u00e0 travailler ensemble.<\/li><li>\ud83c\udf0d L&#8217;empathie : des ateliers sur la compr\u00e9hension des \u00e9motions et des sentiments d&rsquo;autrui.<\/li><li>\ud83d\udde3\ufe0f La communication : d\u00e9velopper les comp\u00e9tences de dialogue et de respect des opinions d&rsquo;autrui, m\u00eame en cas de d\u00e9saccord.<\/li><\/ul>\n\n<p>En somme, il est temps de transformer l&rsquo;\u00e9cole en un v\u00e9ritable atelier de r\u00e9insertion sociale, un lieu d&rsquo;\u00e9change et de descoberta, mais cela requiert un engagement commun tant des enseignants que des \u00e9l\u00e8ves.<\/p>\n\n<h2 class=\"wp-block-heading\">L&rsquo;inclusion comme pilier de l&rsquo;\u00e9ducation<\/h2>\n\n<p>La question de l&rsquo;inclusion est un enjeu d\u00e9licat mais fondamental pour l&rsquo;\u00e9ducation d&rsquo;aujourd&rsquo;hui. En se basant sur l&rsquo;id\u00e9e que chaque \u00e9l\u00e8ve m\u00e9rite une chance \u00e9gale de r\u00e9ussir, il est crucial de r\u00e9fl\u00e9chir \u00e0 la fa\u00e7on dont l&rsquo;\u00e9cole peut int\u00e9grer la diversit\u00e9 dans son fonctionnement. L&rsquo;inclusion va bien au-del\u00e0 de l&rsquo;accueil d&rsquo;\u00e9l\u00e8ves en situation de handicap ; elle s&rsquo;\u00e9tend \u00e0 la compr\u00e9hension des diff\u00e9rences culturelles, sociales et \u00e9conomiques.<\/p>\n\n<p>La diversit\u00e9 en milieu scolaire peut aussi \u00eatre une source d&rsquo;enrichissement. Les enseignants doivent donc \u00eatre form\u00e9s pour g\u00e9rer ces r\u00e9alit\u00e9s multiples. Quels sont les axes \u00e0 d\u00e9velopper pour garantir une inclusion r\u00e9ussie ? Voici quelques pistes :<\/p>\n\n<ul class=\"wp-block-list\"><li>\ud83d\udcda Formation des enseignants : mettre \u00e0 jour les formations initiales pour inclure des sessions sur la gestion de la diversit\u00e9.<\/li><li>\ud83c\udf93 Pratiques diff\u00e9renci\u00e9es : personnaliser l&rsquo;apprentissage pour r\u00e9pondre aux besoins sp\u00e9cifiques de chaque \u00e9l\u00e8ve.<\/li><li>\ud83e\udd17 Cr\u00e9er une culture d&rsquo;acceptation : mettre en place des activit\u00e9s qui c\u00e9l\u00e8brent les diff\u00e9rentes cultures et leurs contributions \u00e0 la soci\u00e9t\u00e9.<\/li><\/ul>\n\n<p>Les travaux acad\u00e9miques d&rsquo;Alain Bentolila montrent que l&rsquo;\u00e9ducation inclusive peut r\u00e9ellement transformer les dynamiques de classe. Dans une soci\u00e9t\u00e9 o\u00f9 chacun se sent valoris\u00e9 et respect\u00e9, on peut esp\u00e9rer une diminution des comportements violents et un climat g\u00e9n\u00e9ral de paix au sein de l&rsquo;\u00e9cole.<\/p>\n\n<h3 class=\"wp-block-heading\">Des initiatives inspirantes \u00e0 travers le monde<\/h3>\n\n<p>Le monde regorge d&rsquo;initiatives qui montrent comment l&rsquo;inclusion peut \u00eatre mise en \u0153uvre avec succ\u00e8s au sein des \u00e9coles. Dans plusieurs pays, des programmes innovants se sont d\u00e9j\u00e0 install\u00e9s, inspirant de nombreuses \u00e9coles fran\u00e7aises \u00e0 adopter ces mod\u00e8les. Parmi les exemples notables, on peut citer :<\/p>\n\n<figure class=\"wp-block-table\"><table>\n<thead>\n<tr>\n<th>Pays<\/th>\n<th>Initiative<\/th>\n<th>Description<\/th>\n<\/tr>\n<\/thead>\n<tbody>\n<tr>\n<td>Su\u00e8de<\/td>\n<td>\u00c9cole de la Chance<\/td>\n<td>Utilise des p\u00e9dagogies altern\u00e9es pour permettre \u00e0 chaque \u00e9l\u00e8ve de progresser \u00e0 son rythme.<\/td>\n<\/tr>\n<tr>\n<td>Canada<\/td>\n<td>Programmes d&rsquo;Accueil<\/td>\n<td>Encourage la participation des parents et des communaut\u00e9s dans le suivi scolaire des \u00e9l\u00e8ves.<\/td>\n<\/tr>\n<tr>\n<td>Finlande<\/td>\n<td>Mod\u00e8le d&rsquo;\u00c9ducation Holistique<\/td>\n<td>Int\u00e8gre l&rsquo;\u00e9ducation \u00e9motionnelle \u00e0 l&rsquo;apprentissage traditionnel pour cr\u00e9er un environnement bienveillant.<\/td>\n<\/tr>\n<\/tbody>\n<\/table><\/figure>\n\n<p>Ces initiatives prouvent qu&rsquo;il est possible d&rsquo;innover dans le domaine de l&rsquo;\u00e9ducation et de construire une \u00e9cole plus juste et humaine. S&rsquo;inspirer des meilleures pratiques \u00e0 l&rsquo;international peut servir de tremplin pour transformer notre syst\u00e8me \u00e9ducatif national.<\/p>\n\n<h2 class=\"wp-block-heading\">Red\u00e9finir le r\u00f4le des enseignants dans la soci\u00e9t\u00e9 moderne<\/h2>\n\n<p>Pour Henri Guaino et Alain Bentolila, le r\u00f4le de l&rsquo;enseignant ne se limite plus \u00e0 dispenser des connaissances. L&rsquo;\u00e9ducation doit \u00eatre per\u00e7ue comme un processus durable qui vise \u00e0 accompagner les \u00e9l\u00e8ves au-del\u00e0 des murs de l&rsquo;\u00e9cole. Les enseignants se doivent d&rsquo;\u00eatre des guides et des mod\u00e8les pour leur classe, partant du principe qu\u2019ils ont une responsabilit\u00e9 sociale \u00e0 assumer. En ce sens, il est important de valoriser ce m\u00e9tier.<\/p>\n\n<p>Quelle est alors la vision que l&rsquo;on peut avoir pour les enseignants de demain ? Voici quelques aspects \u00e0 mettre en avant :<\/p>\n\n<ul class=\"wp-block-list\"><li>\ud83c\udf1f Leadership : encourager les enseignants \u00e0 prendre des initiatives et \u00e0 s&rsquo;impliquer davantage dans la vie scolaire.<\/li><li>\ud83e\uddd1\u200d\ud83c\udfeb Formation continue : proposer des opportunit\u00e9s d&rsquo;apprentissage pour que les enseignants restent \u00e0 jour sur les meilleures pratiques \u00e9ducatives.<\/li><li>\ud83e\udd32 Relation \u00e9l\u00e8ves-enseignants : \u00e9tablir des liens bas\u00e9s sur la confiance et le respect, qui permettront de cr\u00e9er un environnement d&rsquo;apprentissage positif.<\/li><\/ul>\n\n<p>C&rsquo;est cet \u00e9quilibre entre <strong>formation<\/strong> acad\u00e9mique et <strong>valeurs humaines<\/strong> qui peut v\u00e9ritablement transformer l&rsquo;\u00e9cole en un lieu d&rsquo;\u00e9panouissement pour tous.<\/p>\n\n<h3 class=\"wp-block-heading\">Construire un partenariat solide entre \u00e9cole et famille<\/h3>\n\n<p>Par ailleurs, il est essentiel de repenser la collaboration entre l&rsquo;\u00e9cole et les familles. L&rsquo;engagement des parents dans la vie scolaire des enfants est crucial pour renforcer le lien \u00e9ducatif. Les parents doivent se sentir partenaires dans le processus \u00e9ducatif, afin de soutenir les efforts des enseignants et des \u00e9l\u00e8ves.<\/p>\n\n<p>Voici quelques initiatives \u00e0 envisager pour encourager cette collaboration :<\/p>\n\n<ul class=\"wp-block-list\"><li>\ud83d\udc68\u200d\ud83d\udc69\u200d\ud83d\udc66 R\u00e9unions r\u00e9guli\u00e8res : organiser des rencontres fr\u00e9quentes entre enseignants et parents pour discuter des progr\u00e8s des \u00e9l\u00e8ves.<\/li><li>\ud83d\udcc5 Ateliers parentaux : proposer des ateliers pour aider les parents \u00e0 comprendre le syst\u00e8me \u00e9ducatif et \u00e0 soutenir leurs enfants \u00e0 la maison.<\/li><li>\ud83d\udde8\ufe0f Plateformes de communication : instaurer des outils pour faciliter les \u00e9changes entre parents et enseignants \u00e0 tout moment.<\/li><\/ul>\n\n<p>Chaque partie prenante doit se sentir impliqu\u00e9e pour contribuer \u00e0 la r\u00e9ussite collective. Cela renforce non seulement la confiance entre les acteurs de l\u2019\u00e9ducation mais permet \u00e9galement d&rsquo;enrichir le parcours des \u00e9l\u00e8ves.<\/p>\n\n<h2 class=\"wp-block-heading\">FAQ<\/h2>\n\n<p><strong>Quelles sont les cons\u00e9quences de la violence scolaire sur les \u00e9l\u00e8ves ?<\/strong><\/p>\n\n<p>La violence scolaire peut entra\u00eener des impacts psychologiques tels que l&rsquo;anxi\u00e9t\u00e9, la d\u00e9pression et une baisse de la confiance en soi chez les \u00e9l\u00e8ves, affectant leur performance acad\u00e9mique et leurs relations sociales.<\/p>\n\n<p><strong>Comment renforcer les valeurs humaines \u00e0 l&rsquo;\u00e9cole ?<\/strong><\/p>\n\n<p>Il est crucial d&rsquo;int\u00e9grer des programmes \u00e9ducatifs centr\u00e9s sur l&#8217;empathie, la coop\u00e9ration et le respect des diff\u00e9rences. Cela peut se faire \u00e0 travers des activit\u00e9s de groupe, des ateliers et des discussions en classe.<\/p>\n\n<p><strong>Pourquoi l&rsquo;inclusion est-elle importante dans le syst\u00e8me \u00e9ducatif ?<\/strong><\/p>\n\n<p>L&rsquo;inclusion permet de valoriser chaque \u00e9l\u00e8ve, ind\u00e9pendamment de ses diff\u00e9rences. Cela favorise un climat scolaire positif et r\u00e9duit les in\u00e9galit\u00e9s, ce qui est essentiel pour le d\u00e9veloppement personnel et social des jeunes.<\/p>\n\n<p><strong>Quel est le r\u00f4le des enseignants dans l&rsquo;\u00e9ducation moderne ?<\/strong><\/p>\n\n<p>Les enseignants doivent \u00eatre des figures inspirantes et des guides pour leurs \u00e9l\u00e8ves, favorisant un environnement d&rsquo;apprentissage positif et promouvant les valeurs humaines au-del\u00e0 des simples transmissions de savoirs.<\/p>\n\n<p><strong>Comment impliquer les parents dans le parcours \u00e9ducatif de leurs enfants ?<\/strong><\/p>\n\n<p>Il est important d&rsquo;organiser des r\u00e9unions r\u00e9guli\u00e8res, des ateliers et de mettre en place des plateformes de communication entre parents et enseignants. Cela permet de cr\u00e9er un partenariat solide pour le b\u00e9n\u00e9fice des \u00e9l\u00e8ves.<\/p>\n\n","protected":false},"excerpt":{"rendered":"<p>Dans un monde o\u00f9 les valeurs humaines semblent s&rsquo;effriter, la r\u00e9flexion sur le r\u00f4le de l&rsquo;\u00e9cole n&rsquo;a jamais \u00e9t\u00e9 aussi cruciale. Avec des exemples frappants de violence et d&rsquo;intimidation qui se d\u00e9roulent dans les \u00e9tablissements scolaires, la question de l&rsquo;adaptation du syst\u00e8me \u00e9ducatif aux d\u00e9fis contemporains est plus que pertinente. Henri Guaino et Alain Bentolila, &#8230; <a title=\"Henri Guaino et Alain Bentolila : comment l&rsquo;\u00e9cole peut-elle s&rsquo;adapter \u00e0 une soci\u00e9t\u00e9 en perte de valeurs humaines ?\" class=\"read-more\" href=\"https:\/\/www.apres-lecole.fr\/Blog\/ecole-adaptation-valeurs-humaines\/\" aria-label=\"En savoir plus sur Henri Guaino et Alain Bentolila : comment l&rsquo;\u00e9cole peut-elle s&rsquo;adapter \u00e0 une soci\u00e9t\u00e9 en perte de valeurs humaines ?\">Lire plus<\/a><\/p>\n","protected":false},"author":9,"featured_media":0,"comment_status":"open","ping_status":"open","sticky":false,"template":"","format":"standard","meta":{"footnotes":""},"categories":[342],"tags":[760,410,759,761,762],"class_list":["post-1908","post","type-post","status-publish","format-standard","hentry","category-actualites","tag-alain-bentolila","tag-ecole","tag-henri-guaino","tag-societe","tag-valeurs-humaines"],"yoast_head":"<!-- This site is optimized with the Yoast SEO plugin v27.5 - https:\/\/yoast.com\/product\/yoast-seo-wordpress\/ -->\n<title>L&#039;\u00e9cole face \u00e0 la soci\u00e9t\u00e9 : r\u00e9inventer les valeurs humaines avec Guaino et Bentolila<\/title>\n<meta name=\"description\" content=\"D\u00e9couvrez comment Henri Guaino et Alain Bentolila analysent les d\u00e9fis de l&#039;\u00e9ducation face \u00e0 une soci\u00e9t\u00e9 en crise de valeurs humaines. Leur r\u00e9flexion propose des solutions innovantes pour adapter l&#039;\u00e9cole aux besoins contemporains, en r\u00e9tablissant le lien entre \u00e9ducation et \u00e9thique. Plongez dans une perspective enrichissante sur l&#039;avenir de l&#039;\u00e9ducation.\" \/>\n<meta name=\"robots\" content=\"index, follow, max-snippet:-1, max-image-preview:large, max-video-preview:-1\" \/>\n<link rel=\"canonical\" href=\"https:\/\/www.apres-lecole.fr\/Blog\/ecole-adaptation-valeurs-humaines\/\" \/>\n<meta property=\"og:locale\" content=\"fr_FR\" \/>\n<meta property=\"og:type\" content=\"article\" \/>\n<meta property=\"og:title\" content=\"L&#039;\u00e9cole face \u00e0 la soci\u00e9t\u00e9 : r\u00e9inventer les valeurs humaines avec Guaino et Bentolila\" \/>\n<meta property=\"og:description\" content=\"D\u00e9couvrez comment Henri Guaino et Alain Bentolila analysent les d\u00e9fis de l&#039;\u00e9ducation face \u00e0 une soci\u00e9t\u00e9 en crise de valeurs humaines. Leur r\u00e9flexion propose des solutions innovantes pour adapter l&#039;\u00e9cole aux besoins contemporains, en r\u00e9tablissant le lien entre \u00e9ducation et \u00e9thique. Plongez dans une perspective enrichissante sur l&#039;avenir de l&#039;\u00e9ducation.\" \/>\n<meta property=\"og:url\" content=\"https:\/\/www.apres-lecole.fr\/Blog\/ecole-adaptation-valeurs-humaines\/\" \/>\n<meta property=\"article:published_time\" content=\"2025-04-30T21:08:13+00:00\" \/>\n<meta name=\"author\" content=\"Eva Martin\" \/>\n<meta name=\"twitter:card\" content=\"summary_large_image\" \/>\n<meta name=\"twitter:creator\" content=\"@Evaapresecole\" \/>\n<meta name=\"twitter:label1\" content=\"\u00c9crit par\" \/>\n\t<meta name=\"twitter:data1\" content=\"Eva Martin\" \/>\n\t<meta name=\"twitter:label2\" content=\"Dur\u00e9e de lecture estim\u00e9e\" \/>\n\t<meta name=\"twitter:data2\" content=\"8 minutes\" \/>\n<script type=\"application\/ld+json\" class=\"yoast-schema-graph\">{\"@context\":\"https:\\\/\\\/schema.org\",\"@graph\":[{\"@type\":\"Article\",\"@id\":\"https:\\\/\\\/www.apres-lecole.fr\\\/Blog\\\/ecole-adaptation-valeurs-humaines\\\/#article\",\"isPartOf\":{\"@id\":\"https:\\\/\\\/www.apres-lecole.fr\\\/Blog\\\/ecole-adaptation-valeurs-humaines\\\/\"},\"author\":{\"name\":\"Eva Martin\",\"@id\":\"https:\\\/\\\/www.apres-lecole.fr\\\/Blog\\\/#\\\/schema\\\/person\\\/aeb50cd4b51fc69da155804bb5bb9fc4\"},\"headline\":\"Henri Guaino et Alain Bentolila : comment l&rsquo;\u00e9cole peut-elle s&rsquo;adapter \u00e0 une soci\u00e9t\u00e9 en perte de valeurs humaines ?\",\"datePublished\":\"2025-04-30T21:08:13+00:00\",\"mainEntityOfPage\":{\"@id\":\"https:\\\/\\\/www.apres-lecole.fr\\\/Blog\\\/ecole-adaptation-valeurs-humaines\\\/\"},\"wordCount\":1770,\"commentCount\":0,\"keywords\":[\"alain bentolila\",\"\u00e9cole\",\"henri guaino\",\"soci\u00e9t\u00e9\",\"valeurs humaines\"],\"articleSection\":[\"Actualit\u00e9s\"],\"inLanguage\":\"fr-FR\",\"potentialAction\":[{\"@type\":\"CommentAction\",\"name\":\"Comment\",\"target\":[\"https:\\\/\\\/www.apres-lecole.fr\\\/Blog\\\/ecole-adaptation-valeurs-humaines\\\/#respond\"]}]},{\"@type\":\"WebPage\",\"@id\":\"https:\\\/\\\/www.apres-lecole.fr\\\/Blog\\\/ecole-adaptation-valeurs-humaines\\\/\",\"url\":\"https:\\\/\\\/www.apres-lecole.fr\\\/Blog\\\/ecole-adaptation-valeurs-humaines\\\/\",\"name\":\"L'\u00e9cole face \u00e0 la soci\u00e9t\u00e9 : r\u00e9inventer les valeurs humaines avec Guaino et Bentolila\",\"isPartOf\":{\"@id\":\"https:\\\/\\\/www.apres-lecole.fr\\\/Blog\\\/#website\"},\"datePublished\":\"2025-04-30T21:08:13+00:00\",\"author\":{\"@id\":\"https:\\\/\\\/www.apres-lecole.fr\\\/Blog\\\/#\\\/schema\\\/person\\\/aeb50cd4b51fc69da155804bb5bb9fc4\"},\"description\":\"D\u00e9couvrez comment Henri Guaino et Alain Bentolila analysent les d\u00e9fis de l'\u00e9ducation face \u00e0 une soci\u00e9t\u00e9 en crise de valeurs humaines. Leur r\u00e9flexion propose des solutions innovantes pour adapter l'\u00e9cole aux besoins contemporains, en r\u00e9tablissant le lien entre \u00e9ducation et \u00e9thique. Plongez dans une perspective enrichissante sur l'avenir de l'\u00e9ducation.\",\"breadcrumb\":{\"@id\":\"https:\\\/\\\/www.apres-lecole.fr\\\/Blog\\\/ecole-adaptation-valeurs-humaines\\\/#breadcrumb\"},\"inLanguage\":\"fr-FR\",\"potentialAction\":[{\"@type\":\"ReadAction\",\"target\":[\"https:\\\/\\\/www.apres-lecole.fr\\\/Blog\\\/ecole-adaptation-valeurs-humaines\\\/\"]}]},{\"@type\":\"BreadcrumbList\",\"@id\":\"https:\\\/\\\/www.apres-lecole.fr\\\/Blog\\\/ecole-adaptation-valeurs-humaines\\\/#breadcrumb\",\"itemListElement\":[{\"@type\":\"ListItem\",\"position\":1,\"name\":\"Home\",\"item\":\"https:\\\/\\\/www.apres-lecole.fr\\\/Blog\\\/\"},{\"@type\":\"ListItem\",\"position\":2,\"name\":\"Henri Guaino et Alain Bentolila : comment l&rsquo;\u00e9cole peut-elle s&rsquo;adapter \u00e0 une soci\u00e9t\u00e9 en perte de valeurs humaines ?\"}]},{\"@type\":\"WebSite\",\"@id\":\"https:\\\/\\\/www.apres-lecole.fr\\\/Blog\\\/#website\",\"url\":\"https:\\\/\\\/www.apres-lecole.fr\\\/Blog\\\/\",\"name\":\"\",\"description\":\"M\u00e9dia g\u00e9n\u00e9raliste\",\"potentialAction\":[{\"@type\":\"SearchAction\",\"target\":{\"@type\":\"EntryPoint\",\"urlTemplate\":\"https:\\\/\\\/www.apres-lecole.fr\\\/Blog\\\/?s={search_term_string}\"},\"query-input\":{\"@type\":\"PropertyValueSpecification\",\"valueRequired\":true,\"valueName\":\"search_term_string\"}}],\"inLanguage\":\"fr-FR\"},{\"@type\":\"Person\",\"@id\":\"https:\\\/\\\/www.apres-lecole.fr\\\/Blog\\\/#\\\/schema\\\/person\\\/aeb50cd4b51fc69da155804bb5bb9fc4\",\"name\":\"Eva Martin\",\"image\":{\"@type\":\"ImageObject\",\"inLanguage\":\"fr-FR\",\"@id\":\"https:\\\/\\\/secure.gravatar.com\\\/avatar\\\/55c53222558b27a72015a64073a80edce4abd33369394b9bf2c5cd6c19d12682?s=96&d=mm&r=g\",\"url\":\"https:\\\/\\\/secure.gravatar.com\\\/avatar\\\/55c53222558b27a72015a64073a80edce4abd33369394b9bf2c5cd6c19d12682?s=96&d=mm&r=g\",\"contentUrl\":\"https:\\\/\\\/secure.gravatar.com\\\/avatar\\\/55c53222558b27a72015a64073a80edce4abd33369394b9bf2c5cd6c19d12682?s=96&d=mm&r=g\",\"caption\":\"Eva Martin\"},\"description\":\"Je parle de business et d'entrepreneuriat avec des conseils clairs, concrets et actionnables pour r\u00e9ussir\",\"sameAs\":[\"https:\\\/\\\/x.com\\\/Evaapresecole\"],\"url\":\"https:\\\/\\\/www.apres-lecole.fr\\\/Blog\\\/author\\\/evamartin\\\/\"}]}<\/script>\n<!-- \/ Yoast SEO plugin. -->","yoast_head_json":{"title":"L'\u00e9cole face \u00e0 la soci\u00e9t\u00e9 : r\u00e9inventer les valeurs humaines avec Guaino et Bentolila","description":"D\u00e9couvrez comment Henri Guaino et Alain Bentolila analysent les d\u00e9fis de l'\u00e9ducation face \u00e0 une soci\u00e9t\u00e9 en crise de valeurs humaines. Leur r\u00e9flexion propose des solutions innovantes pour adapter l'\u00e9cole aux besoins contemporains, en r\u00e9tablissant le lien entre \u00e9ducation et \u00e9thique. Plongez dans une perspective enrichissante sur l'avenir de l'\u00e9ducation.","robots":{"index":"index","follow":"follow","max-snippet":"max-snippet:-1","max-image-preview":"max-image-preview:large","max-video-preview":"max-video-preview:-1"},"canonical":"https:\/\/www.apres-lecole.fr\/Blog\/ecole-adaptation-valeurs-humaines\/","og_locale":"fr_FR","og_type":"article","og_title":"L'\u00e9cole face \u00e0 la soci\u00e9t\u00e9 : r\u00e9inventer les valeurs humaines avec Guaino et Bentolila","og_description":"D\u00e9couvrez comment Henri Guaino et Alain Bentolila analysent les d\u00e9fis de l'\u00e9ducation face \u00e0 une soci\u00e9t\u00e9 en crise de valeurs humaines. Leur r\u00e9flexion propose des solutions innovantes pour adapter l'\u00e9cole aux besoins contemporains, en r\u00e9tablissant le lien entre \u00e9ducation et \u00e9thique. Plongez dans une perspective enrichissante sur l'avenir de l'\u00e9ducation.","og_url":"https:\/\/www.apres-lecole.fr\/Blog\/ecole-adaptation-valeurs-humaines\/","article_published_time":"2025-04-30T21:08:13+00:00","author":"Eva Martin","twitter_card":"summary_large_image","twitter_creator":"@Evaapresecole","twitter_misc":{"\u00c9crit par":"Eva Martin","Dur\u00e9e de lecture estim\u00e9e":"8 minutes"},"schema":{"@context":"https:\/\/schema.org","@graph":[{"@type":"Article","@id":"https:\/\/www.apres-lecole.fr\/Blog\/ecole-adaptation-valeurs-humaines\/#article","isPartOf":{"@id":"https:\/\/www.apres-lecole.fr\/Blog\/ecole-adaptation-valeurs-humaines\/"},"author":{"name":"Eva Martin","@id":"https:\/\/www.apres-lecole.fr\/Blog\/#\/schema\/person\/aeb50cd4b51fc69da155804bb5bb9fc4"},"headline":"Henri Guaino et Alain Bentolila : comment l&rsquo;\u00e9cole peut-elle s&rsquo;adapter \u00e0 une soci\u00e9t\u00e9 en perte de valeurs humaines ?","datePublished":"2025-04-30T21:08:13+00:00","mainEntityOfPage":{"@id":"https:\/\/www.apres-lecole.fr\/Blog\/ecole-adaptation-valeurs-humaines\/"},"wordCount":1770,"commentCount":0,"keywords":["alain bentolila","\u00e9cole","henri guaino","soci\u00e9t\u00e9","valeurs humaines"],"articleSection":["Actualit\u00e9s"],"inLanguage":"fr-FR","potentialAction":[{"@type":"CommentAction","name":"Comment","target":["https:\/\/www.apres-lecole.fr\/Blog\/ecole-adaptation-valeurs-humaines\/#respond"]}]},{"@type":"WebPage","@id":"https:\/\/www.apres-lecole.fr\/Blog\/ecole-adaptation-valeurs-humaines\/","url":"https:\/\/www.apres-lecole.fr\/Blog\/ecole-adaptation-valeurs-humaines\/","name":"L'\u00e9cole face \u00e0 la soci\u00e9t\u00e9 : r\u00e9inventer les valeurs humaines avec Guaino et Bentolila","isPartOf":{"@id":"https:\/\/www.apres-lecole.fr\/Blog\/#website"},"datePublished":"2025-04-30T21:08:13+00:00","author":{"@id":"https:\/\/www.apres-lecole.fr\/Blog\/#\/schema\/person\/aeb50cd4b51fc69da155804bb5bb9fc4"},"description":"D\u00e9couvrez comment Henri Guaino et Alain Bentolila analysent les d\u00e9fis de l'\u00e9ducation face \u00e0 une soci\u00e9t\u00e9 en crise de valeurs humaines. Leur r\u00e9flexion propose des solutions innovantes pour adapter l'\u00e9cole aux besoins contemporains, en r\u00e9tablissant le lien entre \u00e9ducation et \u00e9thique. Plongez dans une perspective enrichissante sur l'avenir de l'\u00e9ducation.","breadcrumb":{"@id":"https:\/\/www.apres-lecole.fr\/Blog\/ecole-adaptation-valeurs-humaines\/#breadcrumb"},"inLanguage":"fr-FR","potentialAction":[{"@type":"ReadAction","target":["https:\/\/www.apres-lecole.fr\/Blog\/ecole-adaptation-valeurs-humaines\/"]}]},{"@type":"BreadcrumbList","@id":"https:\/\/www.apres-lecole.fr\/Blog\/ecole-adaptation-valeurs-humaines\/#breadcrumb","itemListElement":[{"@type":"ListItem","position":1,"name":"Home","item":"https:\/\/www.apres-lecole.fr\/Blog\/"},{"@type":"ListItem","position":2,"name":"Henri Guaino et Alain Bentolila : comment l&rsquo;\u00e9cole peut-elle s&rsquo;adapter \u00e0 une soci\u00e9t\u00e9 en perte de valeurs humaines ?"}]},{"@type":"WebSite","@id":"https:\/\/www.apres-lecole.fr\/Blog\/#website","url":"https:\/\/www.apres-lecole.fr\/Blog\/","name":"","description":"M\u00e9dia g\u00e9n\u00e9raliste","potentialAction":[{"@type":"SearchAction","target":{"@type":"EntryPoint","urlTemplate":"https:\/\/www.apres-lecole.fr\/Blog\/?s={search_term_string}"},"query-input":{"@type":"PropertyValueSpecification","valueRequired":true,"valueName":"search_term_string"}}],"inLanguage":"fr-FR"},{"@type":"Person","@id":"https:\/\/www.apres-lecole.fr\/Blog\/#\/schema\/person\/aeb50cd4b51fc69da155804bb5bb9fc4","name":"Eva Martin","image":{"@type":"ImageObject","inLanguage":"fr-FR","@id":"https:\/\/secure.gravatar.com\/avatar\/55c53222558b27a72015a64073a80edce4abd33369394b9bf2c5cd6c19d12682?s=96&d=mm&r=g","url":"https:\/\/secure.gravatar.com\/avatar\/55c53222558b27a72015a64073a80edce4abd33369394b9bf2c5cd6c19d12682?s=96&d=mm&r=g","contentUrl":"https:\/\/secure.gravatar.com\/avatar\/55c53222558b27a72015a64073a80edce4abd33369394b9bf2c5cd6c19d12682?s=96&d=mm&r=g","caption":"Eva Martin"},"description":"Je parle de business et d'entrepreneuriat avec des conseils clairs, concrets et actionnables pour r\u00e9ussir","sameAs":["https:\/\/x.com\/Evaapresecole"],"url":"https:\/\/www.apres-lecole.fr\/Blog\/author\/evamartin\/"}]}},"views":30,"_links":{"self":[{"href":"https:\/\/www.apres-lecole.fr\/Blog\/wp-json\/wp\/v2\/posts\/1908","targetHints":{"allow":["GET"]}}],"collection":[{"href":"https:\/\/www.apres-lecole.fr\/Blog\/wp-json\/wp\/v2\/posts"}],"about":[{"href":"https:\/\/www.apres-lecole.fr\/Blog\/wp-json\/wp\/v2\/types\/post"}],"author":[{"embeddable":true,"href":"https:\/\/www.apres-lecole.fr\/Blog\/wp-json\/wp\/v2\/users\/9"}],"replies":[{"embeddable":true,"href":"https:\/\/www.apres-lecole.fr\/Blog\/wp-json\/wp\/v2\/comments?post=1908"}],"version-history":[{"count":0,"href":"https:\/\/www.apres-lecole.fr\/Blog\/wp-json\/wp\/v2\/posts\/1908\/revisions"}],"wp:attachment":[{"href":"https:\/\/www.apres-lecole.fr\/Blog\/wp-json\/wp\/v2\/media?parent=1908"}],"wp:term":[{"taxonomy":"category","embeddable":true,"href":"https:\/\/www.apres-lecole.fr\/Blog\/wp-json\/wp\/v2\/categories?post=1908"},{"taxonomy":"post_tag","embeddable":true,"href":"https:\/\/www.apres-lecole.fr\/Blog\/wp-json\/wp\/v2\/tags?post=1908"}],"curies":[{"name":"wp","href":"https:\/\/api.w.org\/{rel}","templated":true}]}}