{"id":1905,"date":"2025-04-29T07:12:41","date_gmt":"2025-04-29T07:12:41","guid":{"rendered":"https:\/\/www.apres-lecole.fr\/Blog\/zuckerberg-abolit-ecole-gratuite\/"},"modified":"2025-04-29T07:12:41","modified_gmt":"2025-04-29T07:12:41","slug":"zuckerberg-abolit-ecole-gratuite","status":"publish","type":"post","link":"https:\/\/www.apres-lecole.fr\/Blog\/zuckerberg-abolit-ecole-gratuite\/","title":{"rendered":"Mark Zuckerberg d\u00e9cide de mettre un terme \u00e0 l&rsquo;\u00e9tablissement scolaire gratuit destin\u00e9 aux plus d\u00e9favoris\u00e9s"},"content":{"rendered":"\n\n<div class=\"kk-star-ratings kksr-auto kksr-align-left kksr-valign-top\"\n    data-payload='{&quot;align&quot;:&quot;left&quot;,&quot;id&quot;:&quot;1905&quot;,&quot;slug&quot;:&quot;default&quot;,&quot;valign&quot;:&quot;top&quot;,&quot;ignore&quot;:&quot;&quot;,&quot;reference&quot;:&quot;auto&quot;,&quot;class&quot;:&quot;&quot;,&quot;count&quot;:&quot;0&quot;,&quot;legendonly&quot;:&quot;&quot;,&quot;readonly&quot;:&quot;&quot;,&quot;score&quot;:&quot;0&quot;,&quot;starsonly&quot;:&quot;&quot;,&quot;best&quot;:&quot;5&quot;,&quot;gap&quot;:&quot;5&quot;,&quot;greet&quot;:&quot;Rate this post&quot;,&quot;legend&quot;:&quot;0\\\/5 - (0 vote)&quot;,&quot;size&quot;:&quot;24&quot;,&quot;title&quot;:&quot;Mark Zuckerberg d\u00e9cide de mettre un terme \u00e0 l\\u0026#039;\u00e9tablissement scolaire gratuit destin\u00e9 aux plus d\u00e9favoris\u00e9s&quot;,&quot;width&quot;:&quot;0&quot;,&quot;_legend&quot;:&quot;{score}\\\/{best} - ({count} {votes})&quot;,&quot;font_factor&quot;:&quot;1.25&quot;}'>\n            \n<div class=\"kksr-stars\">\n    \n<div class=\"kksr-stars-inactive\">\n            <div class=\"kksr-star\" data-star=\"1\" style=\"padding-right: 5px\">\n            \n\n<div class=\"kksr-icon\" style=\"width: 24px; height: 24px;\"><\/div>\n        <\/div>\n            <div class=\"kksr-star\" data-star=\"2\" style=\"padding-right: 5px\">\n            \n\n<div class=\"kksr-icon\" style=\"width: 24px; height: 24px;\"><\/div>\n        <\/div>\n            <div class=\"kksr-star\" data-star=\"3\" style=\"padding-right: 5px\">\n            \n\n<div class=\"kksr-icon\" style=\"width: 24px; height: 24px;\"><\/div>\n        <\/div>\n            <div class=\"kksr-star\" data-star=\"4\" style=\"padding-right: 5px\">\n            \n\n<div class=\"kksr-icon\" style=\"width: 24px; height: 24px;\"><\/div>\n        <\/div>\n            <div class=\"kksr-star\" data-star=\"5\" style=\"padding-right: 5px\">\n            \n\n<div class=\"kksr-icon\" style=\"width: 24px; height: 24px;\"><\/div>\n        <\/div>\n    <\/div>\n    \n<div class=\"kksr-stars-active\" style=\"width: 0px;\">\n            <div class=\"kksr-star\" style=\"padding-right: 5px\">\n            \n\n<div class=\"kksr-icon\" style=\"width: 24px; height: 24px;\"><\/div>\n        <\/div>\n            <div class=\"kksr-star\" style=\"padding-right: 5px\">\n            \n\n<div class=\"kksr-icon\" style=\"width: 24px; height: 24px;\"><\/div>\n        <\/div>\n            <div class=\"kksr-star\" style=\"padding-right: 5px\">\n            \n\n<div class=\"kksr-icon\" style=\"width: 24px; height: 24px;\"><\/div>\n        <\/div>\n            <div class=\"kksr-star\" style=\"padding-right: 5px\">\n            \n\n<div class=\"kksr-icon\" style=\"width: 24px; height: 24px;\"><\/div>\n        <\/div>\n            <div class=\"kksr-star\" style=\"padding-right: 5px\">\n            \n\n<div class=\"kksr-icon\" style=\"width: 24px; height: 24px;\"><\/div>\n        <\/div>\n    <\/div>\n<\/div>\n                \n\n<div class=\"kksr-legend\" style=\"font-size: 19.2px;\">\n            <span class=\"kksr-muted\">Rate this post<\/span>\n    <\/div>\n    <\/div>\n<p>Dans un tournant choquant pour l&rsquo;\u00e9ducation, Mark Zuckerberg a annonc\u00e9 la fermeture de son \u00e9cole gratuite destin\u00e9e aux familles d\u00e9favoris\u00e9es, The Primary School, pr\u00e9vue pour la fin de l&rsquo;ann\u00e9e scolaire 2025-2026. Cette d\u00e9cision a pris de court de nombreuses familles qui avaient plac\u00e9 leur espoir dans cet \u00e9tablissement innovant, cr\u00e9\u00e9 en 2016 par Zuckerberg et sa femme Priscilla Chan, avec l&rsquo;intention de fournir une <strong>\u00e9ducation de qualit\u00e9<\/strong> ainsi qu&rsquo;un acc\u00e8s aux soins de sant\u00e9 aux plus d\u00e9munis.<\/p>\n\n<ul class=\"wp-block-list\"><li>Contexte de la fermeture<\/li><li>R\u00e9actions des familles<\/li><li>Cons\u00e9quences pour l&rsquo;\u00e9ducation \u00e9galitaire<\/li><li>Analyse de la philanthropie de Zuckerberg<\/li><li>Les alternatives face \u00e0 cette d\u00e9cision<\/li><\/ul>\n\n<h2 class=\"wp-block-heading\">Contexte de la fermeture de l&rsquo;\u00e9cole de Zuckerberg<\/h2>\n\n<p>Fond\u00e9e en 2016, The Primary School avait un objectif ambitieux : fournir une \u00e9ducation sans frais aux enfants issus de milieux d\u00e9favoris\u00e9s. Ce projet, n\u00e9 de la vision philanthrope de Zuckerberg et Chan, visait \u00e0 offrir des ressources et des opportunit\u00e9s gr\u00e2ce \u00e0 une combinaison d&rsquo;initiatives sociales et d&rsquo;un soutien \u00e9ducatif renforc\u00e9. L\u2019\u00e9tablissement devait permettre non seulement de recevoir une \u00e9ducation de qualit\u00e9, mais aussi de b\u00e9n\u00e9ficier de services de sant\u00e9 et de soutien psychologique.<\/p>\n\n<p>Le concept \u00e9tait s\u00e9duisant : un environnement d&rsquo;apprentissage holistique o\u00f9 les enfants pourraient s&rsquo;\u00e9panouir, loin des inqui\u00e9tudes financi\u00e8res qui p\u00e8sent souvent sur les familles \u00e0 faibles revenus. Malheureusement, en 2025, face \u00e0 des d\u00e9fis de financement, l&rsquo;\u00e9cole a d\u00fb annoncer sa fermeture imminente. Le <strong>conseil d&rsquo;administration<\/strong> a communiqu\u00e9 que la d\u00e9cision a \u00e9t\u00e9 prise en raison de la diminution des fonds allou\u00e9s par la Chan Zuckerberg Initiative, une situation qui en dit long sur les d\u00e9fis rencontr\u00e9s par les projets philanthropiques \u00e0 grande \u00e9chelle.<\/p>\n\n<h3 class=\"wp-block-heading\">Les raisons derri\u00e8re la perte de financement<\/h3>\n\n<p>Pourquoi cette baisse de financement ? Selon plusieurs analyses, le contexte politique des \u00c9tats-Unis a jou\u00e9 un r\u00f4le majeur dans cette situation. Le retour de Donald Trump \u00e0 la pr\u00e9sidence a modifi\u00e9 le paysage de la philanthropie et des grandes entreprises. Zuckerberg, qui avait initialement jur\u00e9 de reverser 99% de sa fortune \u00e0 des \u0153uvres caritatives, s\u2019est retrouv\u00e9 dans une position o\u00f9 il a d\u00fb revoir ses priorit\u00e9s, influenc\u00e9 par le climat politique et \u00e9conomique.<\/p>\n\n<figure class=\"wp-block-table\"><table>\n<thead>\n<tr>\n<th>\u00c9v\u00e9nements Cl\u00e9s<\/th>\n<th>Date<\/th>\n<th>Impact sur l&rsquo;\u00c9ducation<\/th>\n<\/tr>\n<\/thead>\n<tbody>\n<tr>\n<td>Lancement de The Primary School<\/td>\n<td>2016<\/td>\n<td>Inauguration d\u2019un mod\u00e8le \u00e9ducatif pour les d\u00e9favoris\u00e9s<\/td>\n<\/tr>\n<tr>\n<td>R\u00e9duction des financements<\/td>\n<td>2025<\/td>\n<td>Menace sur la continuit\u00e9 de l\u2019\u00e9tablissement<\/td>\n<\/tr>\n<tr>\n<td>Annonce de fermeture<\/td>\n<td>2025<\/td>\n<td>Impact direct sur les familles en difficult\u00e9<\/td>\n<\/tr>\n<\/tbody>\n<\/table><\/figure>\n\n<h2 class=\"wp-block-heading\">R\u00e9actions des familles et de la communaut\u00e9 \u00e9ducative<\/h2>\n\n<p>Les familles touch\u00e9es par cette annonce se sont exprim\u00e9es avec \u00e9motion, soulignant que l&rsquo;\u00e9cole repr\u00e9sentait bien plus qu\u2019un simple \u00e9tablissement : c\u2019\u00e9tait un <strong>cadeau \u00e0 la communaut\u00e9<\/strong>, une lueur d&rsquo;espoir dans un syst\u00e8me \u00e9ducatif souvent per\u00e7u comme in\u00e9gal. Pour beaucoup, c&rsquo;\u00e9tait une chance d&rsquo;\u00e9chapper \u00e0 des circonstances d\u00e9favorables gr\u00e2ce \u00e0 un acc\u00e8s \u00e0 <strong>l&rsquo;\u00e9ducation de qualit\u00e9<\/strong>. L&rsquo;absence d&rsquo;explications claires autour de cette fermeture n&rsquo;a fait qu&rsquo;ajouter \u00e0 leur frustration.<\/p>\n\n<p>Des parents ont partag\u00e9 leur tristesse sur les r\u00e9seaux sociaux, avec des t\u00e9moignages poignants sur le soutien que l&rsquo;\u00e9cole leur avait apport\u00e9. D&rsquo;autres membres de la communaut\u00e9 ont \u00e9galement exprim\u00e9 leur indignation. Cette situation a r\u00e9veill\u00e9 des questions sur les responsabilit\u00e9s des milliardaires dans le financement d\u2019initiatives sociales. Quelles \u00e9taient donc les limites de leur engagement ? Sont-ils vraiment pr\u00eats \u00e0 p\u00e2tir des d\u00e9fis \u00e9conomiques pour soutenir les plus d\u00e9munis ?<\/p>\n\n<h3 class=\"wp-block-heading\">Une communaut\u00e9 sous pression<\/h3>\n\n<p>La fermeture de l\u2019\u00e9cole vient renforcer des in\u00e9galit\u00e9s pr\u00e9existantes. Dans un pays comme les \u00c9tats-Unis, o\u00f9 l&rsquo;acc\u00e8s \u00e0 l&rsquo;\u00e9ducation varie consid\u00e9rablement d&rsquo;une r\u00e9gion \u00e0 l&rsquo;autre, cette d\u00e9cision ne fait qu&rsquo;accro\u00eetre le foss\u00e9. Les familles qui se trouvaient d\u00e9j\u00e0 dans une situation difficile devront maintenant faire face \u00e0 un futur incertain, alors que les options d&rsquo;\u00e9ducation alternatives demeurent limit\u00e9es. En raison des restrictions financi\u00e8res, beaucoup sont forc\u00e9es de choisir entre des \u00e9coles publiques souvent surcharg\u00e9es ou des \u00e9tablissements priv\u00e9s hors de prix, sans garantie d&rsquo;obtenir de meilleures ressources.<\/p>\n\n<h2 class=\"wp-block-heading\">Cons\u00e9quences pour l&rsquo;\u00e9ducation \u00e9galitaire<\/h2>\n\n<p>Cette situation soul\u00e8ve des pr\u00e9occupations quant \u00e0 l\u2019avenir des <strong>initiatives sociales<\/strong> et \u00e0 l\u2019<strong>\u00e9galit\u00e9 des chances<\/strong> pour chaque enfant. L&rsquo;impact communautaire de cette fermeture r\u00e9v\u00e8le que m\u00eame les projets les plus ambitieux peuvent \u00e9chouer lorsque le soutien financier et politique vacille. Une fermeture comme celle-ci souligne la fragilit\u00e9 des syst\u00e8mes \u00e9ducatifs bas\u00e9s sur le financement priv\u00e9. Les discussions autour de la d\u00e9pendance \u00e0 la philanthropie ne manqueront pas d&rsquo;\u00e9merger dans le d\u00e9bat public.<\/p>\n\n<ul class=\"wp-block-list\"><li>\u00c9quit\u00e9 \u00e9ducative menac\u00e9e \ud83d\udc94<\/li><li>Augmentation des d\u00e9fis pour les populations d\u00e9favoris\u00e9es \ud83d\udd0d<\/li><li>Perte de confiance dans les initiatives philanthropiques \ud83d\udeab<\/li><\/ul>\n\n<h3 class=\"wp-block-heading\">Une \u00e9ducation menac\u00e9e<\/h3>\n\n<p>Avec la fermeture de The Primary School, de nombreuses questions restent en suspens. Comment les enfants de ces familles se contenteront-ils des solutions offertes par le syst\u00e8me \u00e9ducatif traditionnel ? Les in\u00e9galit\u00e9s d&rsquo;acc\u00e8s \u00e0 l&rsquo;<strong>\u00e9ducation<\/strong> deviennent de plus en plus pr\u00e9occupantes. Ces questions m\u00e9ritent d\u2019\u00eatre abord\u00e9es afin de trouver des solutions durables pour garantir que chaque enfant ait acc\u00e8s \u00e0 une \u00e9ducation de qualit\u00e9, ind\u00e9pendamment de son milieu socio-\u00e9conomique.<\/p>\n\n<figure class=\"wp-block-table\"><table>\n<thead>\n<tr>\n<th>Facteurs de l\u2019in\u00e9galit\u00e9 \u00e9ducative<\/th>\n<th>Impact sur les \u00e9l\u00e8ves<\/th>\n<th>Solutions possibles<\/th>\n<\/tr>\n<\/thead>\n<tbody>\n<tr>\n<td>Manque de financement<\/td>\n<td>Diminution des ressources \u00e9ducatives<\/td>\n<td>Augmenter les subventions publiques<\/td>\n<\/tr>\n<tr>\n<td>D\u00e9mographie d\u00e9favorable<\/td>\n<td>Acc\u00e8s limit\u00e9 aux infrastructures<\/td>\n<td>Partenariats \u00e9ducatifs<\/td>\n<\/tr>\n<tr>\n<td>\u00c9conomie locale instable<\/td>\n<td>Higher dropout rates<\/td>\n<td>Cr\u00e9ation de bourses d&rsquo;\u00e9tudes<\/td>\n<\/tr>\n<\/tbody>\n<\/table><\/figure>\n\n<h2 class=\"wp-block-heading\">Analyse de la philanthropie de Zuckerberg<\/h2>\n\n<p>Le parcours philanthropique de Zuckerberg avait suscit\u00e9 beaucoup d\u2019espoir. Toutefois, cette d\u00e9cision am\u00e8ne \u00e0 reconsid\u00e9rer l\u2019ampleur et la durabilit\u00e9 de son engagement envers les causes sociales. \u00c0 son lancement, la Chan Zuckerberg Initiative avait promis des changements significatifs, investissant massivement dans l&rsquo;\u00e9ducation, la sant\u00e9 et l\u2019\u00e9galit\u00e9 des chances. Mais cette situation rappelle \u00e0 tous que la philanthropie, bien qu&rsquo;essentielle, n&rsquo;est qu\u2019un pan de la solution et ne peut pas remplacer une action gouvernementale forte.<\/p>\n\n<h3 class=\"wp-block-heading\">Les limites de la philanthropie<\/h3>\n\n<p>La fermeture de l\u2019\u00e9cole met en lumi\u00e8re une r\u00e9alit\u00e9 : la philanthropie a ses limites. Les <strong>initiatives sociales<\/strong> doivent reposer sur des mod\u00e8les durables et r\u00e9silients. La d\u00e9pendance \u00e0 des financements priv\u00e9s, aussi g\u00e9n\u00e9reux soient-ils, pose un probl\u00e8me de long terme. Les engagements philanthropiques ne peuvent pas remplacer la responsabilit\u00e9 sociale des \u00c9tats dans l\u2019\u00e9ducation publique. Dans le cadre du d\u00e9bat sur l&rsquo;\u00e9ducation, des sujets tels que la <strong>formation professionnelle<\/strong> et l\u2019acc\u00e8s aux ressources \u00e9ducatives doivent \u00eatre abord\u00e9s d\u2019urgence.<\/p>\n\n<p>Sur le terrain, d&rsquo;autres structures \u00e9ducatives tentent de se mobiliser pour pallier cette fermeture. Des alliances entre \u00e9coles sont en train d\u2019\u00e9merger afin de cr\u00e9er un r\u00e9seau de soutien pour les familles touch\u00e9es par cette d\u00e9cision d\u00e9vastatrice. Les acteurs \u00e9ducatifs doivent maintenant s&rsquo;unir pour proposer des alternatives viables.<\/p>\n\n<h2 class=\"wp-block-heading\">Les alternatives face \u00e0 cette d\u00e9cision<\/h2>\n\n<p>Alors que la fermeture de The Primary School laisse un vide immense, il devient crucial d&rsquo;explorer les alternatives envisageables pour combler le manque d&rsquo;options \u00e9ducatives pour les enfants d\u00e9favoris\u00e9s. C&rsquo;est une opportunit\u00e9 pour les gouvernements, les ONG et les entreprises de se mobiliser en faveur de l&rsquo;<strong>accessibilit\u00e9 \u00e0 l&rsquo;\u00e9ducation<\/strong>.<\/p>\n\n<h3 class=\"wp-block-heading\">Les propositions \u00e0 envisager<\/h3>\n\n<p>Parmi les solutions qui pourraient \u00eatre envisag\u00e9es, on peut penser \u00e0 :<\/p>\n\n<ul class=\"wp-block-list\"><li>Cr\u00e9ation de partenariats \u00e9ducatifs \ud83e\udd1d<\/li><li>Accro\u00eetre les bourses d&rsquo;\u00e9tudes disponibles \ud83d\udcb0<\/li><li>Renforcer le soutien financier aux \u00e9coles publiques existantes \ud83c\udfeb<\/li><li>Mettre en place des programmes de tutorat \ud83d\udca1<\/li><\/ul>\n\n<h3 class=\"wp-block-heading\">Vers une mobilisation collective<\/h3>\n\n<p>Pour les communaut\u00e9s touch\u00e9es, cette fermeture est une opportunit\u00e9 pour renouer des liens et r\u00e9fl\u00e9chir \u00e0 des solutions durables. Les parents, les \u00e9ducateurs et les responsables politiques doivent travailler ensemble pour garantir que l&rsquo;\u00e9ducation reste accessible \u00e0 tous. En rejoignant des forces, ils peuvent garantir un avenir prometteur aux enfants qui ont besoin de soutien et d\u2019opportunit\u00e9s, rappelant que l\u2019inclusion est essentielle au d\u00e9veloppement d\u2019une soci\u00e9t\u00e9 \u00e9quilibr\u00e9e.<\/p>\n\n<figure class=\"wp-block-table\"><table>\n<thead>\n<tr>\n<th>Alternatives Propos\u00e9es<\/th>\n<th>Avantages<\/th>\n<th>Challenges \u00e0 Surmonter<\/th>\n<\/tr>\n<\/thead>\n<tbody>\n<tr>\n<td>Partenariats \u00e9ducatifs<\/td>\n<td>Acc\u00e8s \u00e0 des ressources vari\u00e9es<\/td>\n<td>Coordination entre entit\u00e9s<\/td>\n<\/tr>\n<tr>\n<td>Bourses d&rsquo;\u00e9tudes<\/td>\n<td>Facilite l\u2019acc\u00e8s \u00e0 l\u2019\u00e9ducation priv\u00e9e<\/td>\n<td>Ressources limit\u00e9es disponibles<\/td>\n<\/tr>\n<tr>\n<td>Programmes de tutorat<\/td>\n<td>Soutien personnalis\u00e9 pour les \u00e9l\u00e8ves<\/td>\n<td>Besoins de formation pour les tuteurs<\/td>\n<\/tr>\n<\/tbody>\n<\/table><\/figure>\n\n<h2 class=\"wp-block-heading\">FAQ<\/h2>\n\n<p><strong>1. Pourquoi Mark Zuckerberg ferme-t-il son \u00e9cole?<\/strong><br>\nLa fermeture est due \u00e0 une perte de financement, rendant le mod\u00e8le \u00e9conomique de l&rsquo;\u00e9cole insoutenable.<\/p>\n\n<p><strong>2. Quel impact cette d\u00e9cision aura-t-elle sur les familles d\u00e9favoris\u00e9es?<\/strong><br>\nLes familles devront chercher d&rsquo;autres options \u00e9ducatives, souvent plus co\u00fbteuses ou moins accessibles.<\/p>\n\n<p><strong>3. Quelles alternatives s&rsquo;offrent aux enfants concern\u00e9s?<\/strong><br>\nDes initiatives collectives et des partenariats \u00e9ducatifs sont envisageables pour soutenir les familles.<\/p>\n\n<p><strong>4. Existe-t-il des solutions financi\u00e8res pour ces \u00e9coles?<\/strong><br>\nOui, des propositions comme l&rsquo;accroissement des bourses d&rsquo;\u00e9tudes et le renforcement des \u00e9coles publiques peuvent aider.<\/p>\n\n<p><strong>5. Que repr\u00e9sente cette \u00e9cole pour la communaut\u00e9?<\/strong><br>\nCette \u00e9cole \u00e9tait un symbole d&rsquo;espoir et un espace offrant des ressources essentielles pour les familles \u00e0 faible revenu.<\/p>\n\n","protected":false},"excerpt":{"rendered":"<p>Dans un tournant choquant pour l&rsquo;\u00e9ducation, Mark Zuckerberg a annonc\u00e9 la fermeture de son \u00e9cole gratuite destin\u00e9e aux familles d\u00e9favoris\u00e9es, The Primary School, pr\u00e9vue pour la fin de l&rsquo;ann\u00e9e scolaire 2025-2026. Cette d\u00e9cision a pris de court de nombreuses familles qui avaient plac\u00e9 leur espoir dans cet \u00e9tablissement innovant, cr\u00e9\u00e9 en 2016 par Zuckerberg et &#8230; <a title=\"Mark Zuckerberg d\u00e9cide de mettre un terme \u00e0 l&rsquo;\u00e9tablissement scolaire gratuit destin\u00e9 aux plus d\u00e9favoris\u00e9s\" class=\"read-more\" href=\"https:\/\/www.apres-lecole.fr\/Blog\/zuckerberg-abolit-ecole-gratuite\/\" aria-label=\"En savoir plus sur Mark Zuckerberg d\u00e9cide de mettre un terme \u00e0 l&rsquo;\u00e9tablissement scolaire gratuit destin\u00e9 aux plus d\u00e9favoris\u00e9s\">Lire plus<\/a><\/p>\n","protected":false},"author":9,"featured_media":1904,"comment_status":"open","ping_status":"open","sticky":false,"template":"","format":"standard","meta":{"footnotes":""},"categories":[342],"tags":[750,749,751,748,680],"class_list":["post-1905","post","type-post","status-publish","format-standard","has-post-thumbnail","hentry","category-actualites","tag-defavorises","tag-education-gratuite","tag-finance","tag-mark-zuckerberg","tag-scolarite"],"yoast_head":"<!-- This site is optimized with the Yoast SEO plugin v27.5 - https:\/\/yoast.com\/product\/yoast-seo-wordpress\/ -->\n<title>Mark Zuckerberg met fin \u00e0 l&#039;\u00e9cole gratuite pour les d\u00e9favoris\u00e9s<\/title>\n<meta name=\"description\" content=\"D\u00e9couvrez comment Mark Zuckerberg a pris la d\u00e9cision controvers\u00e9e de mettre fin \u00e0 l&#039;\u00e9tablissement scolaire gratuit destin\u00e9 aux plus d\u00e9favoris\u00e9s. Une analyse des impacts sociaux et \u00e9ducatifs de cette d\u00e9cision sur les communaut\u00e9s d\u00e9favoris\u00e9es et sur l&#039;engagement philanthropique des grandes entreprises.\" \/>\n<meta name=\"robots\" content=\"index, follow, max-snippet:-1, max-image-preview:large, max-video-preview:-1\" \/>\n<link rel=\"canonical\" href=\"https:\/\/www.apres-lecole.fr\/Blog\/zuckerberg-abolit-ecole-gratuite\/\" \/>\n<meta property=\"og:locale\" content=\"fr_FR\" \/>\n<meta property=\"og:type\" content=\"article\" \/>\n<meta property=\"og:title\" content=\"Mark Zuckerberg met fin \u00e0 l&#039;\u00e9cole gratuite pour les d\u00e9favoris\u00e9s\" \/>\n<meta property=\"og:description\" content=\"D\u00e9couvrez comment Mark Zuckerberg a pris la d\u00e9cision controvers\u00e9e de mettre fin \u00e0 l&#039;\u00e9tablissement scolaire gratuit destin\u00e9 aux plus d\u00e9favoris\u00e9s. Une analyse des impacts sociaux et \u00e9ducatifs de cette d\u00e9cision sur les communaut\u00e9s d\u00e9favoris\u00e9es et sur l&#039;engagement philanthropique des grandes entreprises.\" \/>\n<meta property=\"og:url\" content=\"https:\/\/www.apres-lecole.fr\/Blog\/zuckerberg-abolit-ecole-gratuite\/\" \/>\n<meta property=\"article:published_time\" content=\"2025-04-29T07:12:41+00:00\" \/>\n<meta property=\"og:image\" content=\"https:\/\/www.apres-lecole.fr\/Blog\/wp-content\/uploads\/2025\/04\/Mark-Zuckerberg-decide-de-mettre-un-terme-a-letablissement-scolaire-gratuit-destine-aux-plus-defavorises.jpg\" \/>\n\t<meta property=\"og:image:width\" content=\"1344\" \/>\n\t<meta property=\"og:image:height\" content=\"768\" \/>\n\t<meta property=\"og:image:type\" content=\"image\/jpeg\" \/>\n<meta name=\"author\" content=\"Eva Martin\" \/>\n<meta name=\"twitter:card\" content=\"summary_large_image\" \/>\n<meta name=\"twitter:creator\" content=\"@Evaapresecole\" \/>\n<meta name=\"twitter:label1\" content=\"\u00c9crit par\" \/>\n\t<meta name=\"twitter:data1\" content=\"Eva Martin\" \/>\n\t<meta name=\"twitter:label2\" content=\"Dur\u00e9e de lecture estim\u00e9e\" \/>\n\t<meta name=\"twitter:data2\" content=\"8 minutes\" \/>\n<script type=\"application\/ld+json\" class=\"yoast-schema-graph\">{\"@context\":\"https:\\\/\\\/schema.org\",\"@graph\":[{\"@type\":\"Article\",\"@id\":\"https:\\\/\\\/www.apres-lecole.fr\\\/Blog\\\/zuckerberg-abolit-ecole-gratuite\\\/#article\",\"isPartOf\":{\"@id\":\"https:\\\/\\\/www.apres-lecole.fr\\\/Blog\\\/zuckerberg-abolit-ecole-gratuite\\\/\"},\"author\":{\"name\":\"Eva Martin\",\"@id\":\"https:\\\/\\\/www.apres-lecole.fr\\\/Blog\\\/#\\\/schema\\\/person\\\/aeb50cd4b51fc69da155804bb5bb9fc4\"},\"headline\":\"Mark Zuckerberg d\u00e9cide de mettre un terme \u00e0 l&rsquo;\u00e9tablissement scolaire gratuit destin\u00e9 aux plus d\u00e9favoris\u00e9s\",\"datePublished\":\"2025-04-29T07:12:41+00:00\",\"mainEntityOfPage\":{\"@id\":\"https:\\\/\\\/www.apres-lecole.fr\\\/Blog\\\/zuckerberg-abolit-ecole-gratuite\\\/\"},\"wordCount\":1562,\"commentCount\":0,\"image\":{\"@id\":\"https:\\\/\\\/www.apres-lecole.fr\\\/Blog\\\/zuckerberg-abolit-ecole-gratuite\\\/#primaryimage\"},\"thumbnailUrl\":\"https:\\\/\\\/www.apres-lecole.fr\\\/Blog\\\/wp-content\\\/uploads\\\/2025\\\/04\\\/Mark-Zuckerberg-decide-de-mettre-un-terme-a-letablissement-scolaire-gratuit-destine-aux-plus-defavorises.jpg\",\"keywords\":[\"d\u00e9favoris\u00e9s\",\"\u00e9ducation gratuite\",\"finance\",\"mark zuckerberg\",\"scolarit\u00e9\"],\"articleSection\":[\"Actualit\u00e9s\"],\"inLanguage\":\"fr-FR\",\"potentialAction\":[{\"@type\":\"CommentAction\",\"name\":\"Comment\",\"target\":[\"https:\\\/\\\/www.apres-lecole.fr\\\/Blog\\\/zuckerberg-abolit-ecole-gratuite\\\/#respond\"]}]},{\"@type\":\"WebPage\",\"@id\":\"https:\\\/\\\/www.apres-lecole.fr\\\/Blog\\\/zuckerberg-abolit-ecole-gratuite\\\/\",\"url\":\"https:\\\/\\\/www.apres-lecole.fr\\\/Blog\\\/zuckerberg-abolit-ecole-gratuite\\\/\",\"name\":\"Mark Zuckerberg met fin \u00e0 l'\u00e9cole gratuite pour les d\u00e9favoris\u00e9s\",\"isPartOf\":{\"@id\":\"https:\\\/\\\/www.apres-lecole.fr\\\/Blog\\\/#website\"},\"primaryImageOfPage\":{\"@id\":\"https:\\\/\\\/www.apres-lecole.fr\\\/Blog\\\/zuckerberg-abolit-ecole-gratuite\\\/#primaryimage\"},\"image\":{\"@id\":\"https:\\\/\\\/www.apres-lecole.fr\\\/Blog\\\/zuckerberg-abolit-ecole-gratuite\\\/#primaryimage\"},\"thumbnailUrl\":\"https:\\\/\\\/www.apres-lecole.fr\\\/Blog\\\/wp-content\\\/uploads\\\/2025\\\/04\\\/Mark-Zuckerberg-decide-de-mettre-un-terme-a-letablissement-scolaire-gratuit-destine-aux-plus-defavorises.jpg\",\"datePublished\":\"2025-04-29T07:12:41+00:00\",\"author\":{\"@id\":\"https:\\\/\\\/www.apres-lecole.fr\\\/Blog\\\/#\\\/schema\\\/person\\\/aeb50cd4b51fc69da155804bb5bb9fc4\"},\"description\":\"D\u00e9couvrez comment Mark Zuckerberg a pris la d\u00e9cision controvers\u00e9e de mettre fin \u00e0 l'\u00e9tablissement scolaire gratuit destin\u00e9 aux plus d\u00e9favoris\u00e9s. Une analyse des impacts sociaux et \u00e9ducatifs de cette d\u00e9cision sur les communaut\u00e9s d\u00e9favoris\u00e9es et sur l'engagement philanthropique des grandes entreprises.\",\"breadcrumb\":{\"@id\":\"https:\\\/\\\/www.apres-lecole.fr\\\/Blog\\\/zuckerberg-abolit-ecole-gratuite\\\/#breadcrumb\"},\"inLanguage\":\"fr-FR\",\"potentialAction\":[{\"@type\":\"ReadAction\",\"target\":[\"https:\\\/\\\/www.apres-lecole.fr\\\/Blog\\\/zuckerberg-abolit-ecole-gratuite\\\/\"]}]},{\"@type\":\"ImageObject\",\"inLanguage\":\"fr-FR\",\"@id\":\"https:\\\/\\\/www.apres-lecole.fr\\\/Blog\\\/zuckerberg-abolit-ecole-gratuite\\\/#primaryimage\",\"url\":\"https:\\\/\\\/www.apres-lecole.fr\\\/Blog\\\/wp-content\\\/uploads\\\/2025\\\/04\\\/Mark-Zuckerberg-decide-de-mettre-un-terme-a-letablissement-scolaire-gratuit-destine-aux-plus-defavorises.jpg\",\"contentUrl\":\"https:\\\/\\\/www.apres-lecole.fr\\\/Blog\\\/wp-content\\\/uploads\\\/2025\\\/04\\\/Mark-Zuckerberg-decide-de-mettre-un-terme-a-letablissement-scolaire-gratuit-destine-aux-plus-defavorises.jpg\",\"width\":1344,\"height\":768,\"caption\":\"d\u00e9couvrez les motivations derri\u00e8re la d\u00e9cision de mark zuckerberg de mettre fin \u00e0 l'\u00e9tablissement scolaire gratuit pour les plus d\u00e9favoris\u00e9s, et son impact sur l'\u00e9ducation accessible. analyse des enjeux et des cons\u00e9quences sur les communaut\u00e9s touch\u00e9es.\"},{\"@type\":\"BreadcrumbList\",\"@id\":\"https:\\\/\\\/www.apres-lecole.fr\\\/Blog\\\/zuckerberg-abolit-ecole-gratuite\\\/#breadcrumb\",\"itemListElement\":[{\"@type\":\"ListItem\",\"position\":1,\"name\":\"Home\",\"item\":\"https:\\\/\\\/www.apres-lecole.fr\\\/Blog\\\/\"},{\"@type\":\"ListItem\",\"position\":2,\"name\":\"Mark Zuckerberg d\u00e9cide de mettre un terme \u00e0 l&rsquo;\u00e9tablissement scolaire gratuit destin\u00e9 aux plus d\u00e9favoris\u00e9s\"}]},{\"@type\":\"WebSite\",\"@id\":\"https:\\\/\\\/www.apres-lecole.fr\\\/Blog\\\/#website\",\"url\":\"https:\\\/\\\/www.apres-lecole.fr\\\/Blog\\\/\",\"name\":\"\",\"description\":\"M\u00e9dia g\u00e9n\u00e9raliste\",\"potentialAction\":[{\"@type\":\"SearchAction\",\"target\":{\"@type\":\"EntryPoint\",\"urlTemplate\":\"https:\\\/\\\/www.apres-lecole.fr\\\/Blog\\\/?s={search_term_string}\"},\"query-input\":{\"@type\":\"PropertyValueSpecification\",\"valueRequired\":true,\"valueName\":\"search_term_string\"}}],\"inLanguage\":\"fr-FR\"},{\"@type\":\"Person\",\"@id\":\"https:\\\/\\\/www.apres-lecole.fr\\\/Blog\\\/#\\\/schema\\\/person\\\/aeb50cd4b51fc69da155804bb5bb9fc4\",\"name\":\"Eva Martin\",\"image\":{\"@type\":\"ImageObject\",\"inLanguage\":\"fr-FR\",\"@id\":\"https:\\\/\\\/secure.gravatar.com\\\/avatar\\\/55c53222558b27a72015a64073a80edce4abd33369394b9bf2c5cd6c19d12682?s=96&d=mm&r=g\",\"url\":\"https:\\\/\\\/secure.gravatar.com\\\/avatar\\\/55c53222558b27a72015a64073a80edce4abd33369394b9bf2c5cd6c19d12682?s=96&d=mm&r=g\",\"contentUrl\":\"https:\\\/\\\/secure.gravatar.com\\\/avatar\\\/55c53222558b27a72015a64073a80edce4abd33369394b9bf2c5cd6c19d12682?s=96&d=mm&r=g\",\"caption\":\"Eva Martin\"},\"description\":\"Je parle de business et d'entrepreneuriat avec des conseils clairs, concrets et actionnables pour r\u00e9ussir\",\"sameAs\":[\"https:\\\/\\\/x.com\\\/Evaapresecole\"],\"url\":\"https:\\\/\\\/www.apres-lecole.fr\\\/Blog\\\/author\\\/evamartin\\\/\"}]}<\/script>\n<!-- \/ Yoast SEO plugin. -->","yoast_head_json":{"title":"Mark Zuckerberg met fin \u00e0 l'\u00e9cole gratuite pour les d\u00e9favoris\u00e9s","description":"D\u00e9couvrez comment Mark Zuckerberg a pris la d\u00e9cision controvers\u00e9e de mettre fin \u00e0 l'\u00e9tablissement scolaire gratuit destin\u00e9 aux plus d\u00e9favoris\u00e9s. Une analyse des impacts sociaux et \u00e9ducatifs de cette d\u00e9cision sur les communaut\u00e9s d\u00e9favoris\u00e9es et sur l'engagement philanthropique des grandes entreprises.","robots":{"index":"index","follow":"follow","max-snippet":"max-snippet:-1","max-image-preview":"max-image-preview:large","max-video-preview":"max-video-preview:-1"},"canonical":"https:\/\/www.apres-lecole.fr\/Blog\/zuckerberg-abolit-ecole-gratuite\/","og_locale":"fr_FR","og_type":"article","og_title":"Mark Zuckerberg met fin \u00e0 l'\u00e9cole gratuite pour les d\u00e9favoris\u00e9s","og_description":"D\u00e9couvrez comment Mark Zuckerberg a pris la d\u00e9cision controvers\u00e9e de mettre fin \u00e0 l'\u00e9tablissement scolaire gratuit destin\u00e9 aux plus d\u00e9favoris\u00e9s. Une analyse des impacts sociaux et \u00e9ducatifs de cette d\u00e9cision sur les communaut\u00e9s d\u00e9favoris\u00e9es et sur l'engagement philanthropique des grandes entreprises.","og_url":"https:\/\/www.apres-lecole.fr\/Blog\/zuckerberg-abolit-ecole-gratuite\/","article_published_time":"2025-04-29T07:12:41+00:00","og_image":[{"width":1344,"height":768,"url":"https:\/\/www.apres-lecole.fr\/Blog\/wp-content\/uploads\/2025\/04\/Mark-Zuckerberg-decide-de-mettre-un-terme-a-letablissement-scolaire-gratuit-destine-aux-plus-defavorises.jpg","type":"image\/jpeg"}],"author":"Eva Martin","twitter_card":"summary_large_image","twitter_creator":"@Evaapresecole","twitter_misc":{"\u00c9crit par":"Eva Martin","Dur\u00e9e de lecture estim\u00e9e":"8 minutes"},"schema":{"@context":"https:\/\/schema.org","@graph":[{"@type":"Article","@id":"https:\/\/www.apres-lecole.fr\/Blog\/zuckerberg-abolit-ecole-gratuite\/#article","isPartOf":{"@id":"https:\/\/www.apres-lecole.fr\/Blog\/zuckerberg-abolit-ecole-gratuite\/"},"author":{"name":"Eva Martin","@id":"https:\/\/www.apres-lecole.fr\/Blog\/#\/schema\/person\/aeb50cd4b51fc69da155804bb5bb9fc4"},"headline":"Mark Zuckerberg d\u00e9cide de mettre un terme \u00e0 l&rsquo;\u00e9tablissement scolaire gratuit destin\u00e9 aux plus d\u00e9favoris\u00e9s","datePublished":"2025-04-29T07:12:41+00:00","mainEntityOfPage":{"@id":"https:\/\/www.apres-lecole.fr\/Blog\/zuckerberg-abolit-ecole-gratuite\/"},"wordCount":1562,"commentCount":0,"image":{"@id":"https:\/\/www.apres-lecole.fr\/Blog\/zuckerberg-abolit-ecole-gratuite\/#primaryimage"},"thumbnailUrl":"https:\/\/www.apres-lecole.fr\/Blog\/wp-content\/uploads\/2025\/04\/Mark-Zuckerberg-decide-de-mettre-un-terme-a-letablissement-scolaire-gratuit-destine-aux-plus-defavorises.jpg","keywords":["d\u00e9favoris\u00e9s","\u00e9ducation gratuite","finance","mark zuckerberg","scolarit\u00e9"],"articleSection":["Actualit\u00e9s"],"inLanguage":"fr-FR","potentialAction":[{"@type":"CommentAction","name":"Comment","target":["https:\/\/www.apres-lecole.fr\/Blog\/zuckerberg-abolit-ecole-gratuite\/#respond"]}]},{"@type":"WebPage","@id":"https:\/\/www.apres-lecole.fr\/Blog\/zuckerberg-abolit-ecole-gratuite\/","url":"https:\/\/www.apres-lecole.fr\/Blog\/zuckerberg-abolit-ecole-gratuite\/","name":"Mark Zuckerberg met fin \u00e0 l'\u00e9cole gratuite pour les d\u00e9favoris\u00e9s","isPartOf":{"@id":"https:\/\/www.apres-lecole.fr\/Blog\/#website"},"primaryImageOfPage":{"@id":"https:\/\/www.apres-lecole.fr\/Blog\/zuckerberg-abolit-ecole-gratuite\/#primaryimage"},"image":{"@id":"https:\/\/www.apres-lecole.fr\/Blog\/zuckerberg-abolit-ecole-gratuite\/#primaryimage"},"thumbnailUrl":"https:\/\/www.apres-lecole.fr\/Blog\/wp-content\/uploads\/2025\/04\/Mark-Zuckerberg-decide-de-mettre-un-terme-a-letablissement-scolaire-gratuit-destine-aux-plus-defavorises.jpg","datePublished":"2025-04-29T07:12:41+00:00","author":{"@id":"https:\/\/www.apres-lecole.fr\/Blog\/#\/schema\/person\/aeb50cd4b51fc69da155804bb5bb9fc4"},"description":"D\u00e9couvrez comment Mark Zuckerberg a pris la d\u00e9cision controvers\u00e9e de mettre fin \u00e0 l'\u00e9tablissement scolaire gratuit destin\u00e9 aux plus d\u00e9favoris\u00e9s. Une analyse des impacts sociaux et \u00e9ducatifs de cette d\u00e9cision sur les communaut\u00e9s d\u00e9favoris\u00e9es et sur l'engagement philanthropique des grandes entreprises.","breadcrumb":{"@id":"https:\/\/www.apres-lecole.fr\/Blog\/zuckerberg-abolit-ecole-gratuite\/#breadcrumb"},"inLanguage":"fr-FR","potentialAction":[{"@type":"ReadAction","target":["https:\/\/www.apres-lecole.fr\/Blog\/zuckerberg-abolit-ecole-gratuite\/"]}]},{"@type":"ImageObject","inLanguage":"fr-FR","@id":"https:\/\/www.apres-lecole.fr\/Blog\/zuckerberg-abolit-ecole-gratuite\/#primaryimage","url":"https:\/\/www.apres-lecole.fr\/Blog\/wp-content\/uploads\/2025\/04\/Mark-Zuckerberg-decide-de-mettre-un-terme-a-letablissement-scolaire-gratuit-destine-aux-plus-defavorises.jpg","contentUrl":"https:\/\/www.apres-lecole.fr\/Blog\/wp-content\/uploads\/2025\/04\/Mark-Zuckerberg-decide-de-mettre-un-terme-a-letablissement-scolaire-gratuit-destine-aux-plus-defavorises.jpg","width":1344,"height":768,"caption":"d\u00e9couvrez les motivations derri\u00e8re la d\u00e9cision de mark zuckerberg de mettre fin \u00e0 l'\u00e9tablissement scolaire gratuit pour les plus d\u00e9favoris\u00e9s, et son impact sur l'\u00e9ducation accessible. analyse des enjeux et des cons\u00e9quences sur les communaut\u00e9s touch\u00e9es."},{"@type":"BreadcrumbList","@id":"https:\/\/www.apres-lecole.fr\/Blog\/zuckerberg-abolit-ecole-gratuite\/#breadcrumb","itemListElement":[{"@type":"ListItem","position":1,"name":"Home","item":"https:\/\/www.apres-lecole.fr\/Blog\/"},{"@type":"ListItem","position":2,"name":"Mark Zuckerberg d\u00e9cide de mettre un terme \u00e0 l&rsquo;\u00e9tablissement scolaire gratuit destin\u00e9 aux plus d\u00e9favoris\u00e9s"}]},{"@type":"WebSite","@id":"https:\/\/www.apres-lecole.fr\/Blog\/#website","url":"https:\/\/www.apres-lecole.fr\/Blog\/","name":"","description":"M\u00e9dia g\u00e9n\u00e9raliste","potentialAction":[{"@type":"SearchAction","target":{"@type":"EntryPoint","urlTemplate":"https:\/\/www.apres-lecole.fr\/Blog\/?s={search_term_string}"},"query-input":{"@type":"PropertyValueSpecification","valueRequired":true,"valueName":"search_term_string"}}],"inLanguage":"fr-FR"},{"@type":"Person","@id":"https:\/\/www.apres-lecole.fr\/Blog\/#\/schema\/person\/aeb50cd4b51fc69da155804bb5bb9fc4","name":"Eva Martin","image":{"@type":"ImageObject","inLanguage":"fr-FR","@id":"https:\/\/secure.gravatar.com\/avatar\/55c53222558b27a72015a64073a80edce4abd33369394b9bf2c5cd6c19d12682?s=96&d=mm&r=g","url":"https:\/\/secure.gravatar.com\/avatar\/55c53222558b27a72015a64073a80edce4abd33369394b9bf2c5cd6c19d12682?s=96&d=mm&r=g","contentUrl":"https:\/\/secure.gravatar.com\/avatar\/55c53222558b27a72015a64073a80edce4abd33369394b9bf2c5cd6c19d12682?s=96&d=mm&r=g","caption":"Eva Martin"},"description":"Je parle de business et d'entrepreneuriat avec des conseils clairs, concrets et actionnables pour r\u00e9ussir","sameAs":["https:\/\/x.com\/Evaapresecole"],"url":"https:\/\/www.apres-lecole.fr\/Blog\/author\/evamartin\/"}]}},"views":42,"_links":{"self":[{"href":"https:\/\/www.apres-lecole.fr\/Blog\/wp-json\/wp\/v2\/posts\/1905","targetHints":{"allow":["GET"]}}],"collection":[{"href":"https:\/\/www.apres-lecole.fr\/Blog\/wp-json\/wp\/v2\/posts"}],"about":[{"href":"https:\/\/www.apres-lecole.fr\/Blog\/wp-json\/wp\/v2\/types\/post"}],"author":[{"embeddable":true,"href":"https:\/\/www.apres-lecole.fr\/Blog\/wp-json\/wp\/v2\/users\/9"}],"replies":[{"embeddable":true,"href":"https:\/\/www.apres-lecole.fr\/Blog\/wp-json\/wp\/v2\/comments?post=1905"}],"version-history":[{"count":0,"href":"https:\/\/www.apres-lecole.fr\/Blog\/wp-json\/wp\/v2\/posts\/1905\/revisions"}],"wp:featuredmedia":[{"embeddable":true,"href":"https:\/\/www.apres-lecole.fr\/Blog\/wp-json\/wp\/v2\/media\/1904"}],"wp:attachment":[{"href":"https:\/\/www.apres-lecole.fr\/Blog\/wp-json\/wp\/v2\/media?parent=1905"}],"wp:term":[{"taxonomy":"category","embeddable":true,"href":"https:\/\/www.apres-lecole.fr\/Blog\/wp-json\/wp\/v2\/categories?post=1905"},{"taxonomy":"post_tag","embeddable":true,"href":"https:\/\/www.apres-lecole.fr\/Blog\/wp-json\/wp\/v2\/tags?post=1905"}],"curies":[{"name":"wp","href":"https:\/\/api.w.org\/{rel}","templated":true}]}}