{"id":1903,"date":"2025-04-28T21:28:17","date_gmt":"2025-04-28T21:28:17","guid":{"rendered":"https:\/\/www.apres-lecole.fr\/Blog\/pratiques-douteuses-auto-ecole\/"},"modified":"2025-04-28T21:28:17","modified_gmt":"2025-04-28T21:28:17","slug":"pratiques-douteuses-auto-ecole","status":"publish","type":"post","link":"https:\/\/www.apres-lecole.fr\/Blog\/pratiques-douteuses-auto-ecole\/","title":{"rendered":"Des pratiques douteuses au sein d&rsquo;une auto-\u00e9cole du Val-d&rsquo;Oise"},"content":{"rendered":"\n\n<div class=\"kk-star-ratings kksr-auto kksr-align-left kksr-valign-top\"\n    data-payload='{&quot;align&quot;:&quot;left&quot;,&quot;id&quot;:&quot;1903&quot;,&quot;slug&quot;:&quot;default&quot;,&quot;valign&quot;:&quot;top&quot;,&quot;ignore&quot;:&quot;&quot;,&quot;reference&quot;:&quot;auto&quot;,&quot;class&quot;:&quot;&quot;,&quot;count&quot;:&quot;0&quot;,&quot;legendonly&quot;:&quot;&quot;,&quot;readonly&quot;:&quot;&quot;,&quot;score&quot;:&quot;0&quot;,&quot;starsonly&quot;:&quot;&quot;,&quot;best&quot;:&quot;5&quot;,&quot;gap&quot;:&quot;5&quot;,&quot;greet&quot;:&quot;Rate this post&quot;,&quot;legend&quot;:&quot;0\\\/5 - (0 vote)&quot;,&quot;size&quot;:&quot;24&quot;,&quot;title&quot;:&quot;Des pratiques douteuses au sein d\\u0026#039;une auto-\u00e9cole du Val-d\\u0026#039;Oise&quot;,&quot;width&quot;:&quot;0&quot;,&quot;_legend&quot;:&quot;{score}\\\/{best} - ({count} {votes})&quot;,&quot;font_factor&quot;:&quot;1.25&quot;}'>\n            \n<div class=\"kksr-stars\">\n    \n<div class=\"kksr-stars-inactive\">\n            <div class=\"kksr-star\" data-star=\"1\" style=\"padding-right: 5px\">\n            \n\n<div class=\"kksr-icon\" style=\"width: 24px; height: 24px;\"><\/div>\n        <\/div>\n            <div class=\"kksr-star\" data-star=\"2\" style=\"padding-right: 5px\">\n            \n\n<div class=\"kksr-icon\" style=\"width: 24px; height: 24px;\"><\/div>\n        <\/div>\n            <div class=\"kksr-star\" data-star=\"3\" style=\"padding-right: 5px\">\n            \n\n<div class=\"kksr-icon\" style=\"width: 24px; height: 24px;\"><\/div>\n        <\/div>\n            <div class=\"kksr-star\" data-star=\"4\" style=\"padding-right: 5px\">\n            \n\n<div class=\"kksr-icon\" style=\"width: 24px; height: 24px;\"><\/div>\n        <\/div>\n            <div class=\"kksr-star\" data-star=\"5\" style=\"padding-right: 5px\">\n            \n\n<div class=\"kksr-icon\" style=\"width: 24px; height: 24px;\"><\/div>\n        <\/div>\n    <\/div>\n    \n<div class=\"kksr-stars-active\" style=\"width: 0px;\">\n            <div class=\"kksr-star\" style=\"padding-right: 5px\">\n            \n\n<div class=\"kksr-icon\" style=\"width: 24px; height: 24px;\"><\/div>\n        <\/div>\n            <div class=\"kksr-star\" style=\"padding-right: 5px\">\n            \n\n<div class=\"kksr-icon\" style=\"width: 24px; height: 24px;\"><\/div>\n        <\/div>\n            <div class=\"kksr-star\" style=\"padding-right: 5px\">\n            \n\n<div class=\"kksr-icon\" style=\"width: 24px; height: 24px;\"><\/div>\n        <\/div>\n            <div class=\"kksr-star\" style=\"padding-right: 5px\">\n            \n\n<div class=\"kksr-icon\" style=\"width: 24px; height: 24px;\"><\/div>\n        <\/div>\n            <div class=\"kksr-star\" style=\"padding-right: 5px\">\n            \n\n<div class=\"kksr-icon\" style=\"width: 24px; height: 24px;\"><\/div>\n        <\/div>\n    <\/div>\n<\/div>\n                \n\n<div class=\"kksr-legend\" style=\"font-size: 19.2px;\">\n            <span class=\"kksr-muted\">Rate this post<\/span>\n    <\/div>\n    <\/div>\n<p>Dans le paysage \u00e9ducatif du Val-d&rsquo;Oise, certaines auto-\u00e9coles se d\u00e9marquent par des pratiques pour le moins douteuses. Entre arnaques, travail dissimul\u00e9 et manquements aux normes de la formation, le constat est alarmant. Ce ph\u00e9nom\u00e8ne met en lumi\u00e8re des escroqueries qui exploitent la faiblesse d&rsquo;une r\u00e9glementation insuffisante. Les t\u00e9moins oculaires rapportent des histoires qui feraient fr\u00e9mir m\u00eame les conducteurs les plus aguerris. Plongeons dans les m\u00e9andres de ces couloirs peu reluisants, o\u00f9 l&rsquo;apprentissage de la conduite tourne parfois au d\u00e9sastre, et o\u00f9 de nombreuses victimes se retrouvent dans une impasse. Voici un aper\u00e7u des difficult\u00e9s rencontr\u00e9es par les \u00e9l\u00e8ves dans ces \u00e9tablissements.<\/p>\n\n<ul class=\"wp-block-list\"><li>Le travail dissimul\u00e9 et ses cons\u00e9quences \u26a0\ufe0f<\/li><li>Les pratiques d\u2019inscription douteuses \ud83d\udccb<\/li><li>Les moniteurs non qualifi\u00e9s \u274c<\/li><li>Le cas de l&rsquo;auto-\u00e9cole de Montmorency \ud83d\udea6<\/li><\/ul>\n\n<h2 class=\"wp-block-heading\">Le travail dissimul\u00e9 et ses cons\u00e9quences dans les auto-\u00e9coles du Val-d&rsquo;Oise<\/h2>\n\n<p>Le travail dissimul\u00e9 est un ph\u00e9nom\u00e8ne particuli\u00e8rement pr\u00e9valent dans certaines auto-\u00e9coles du Val-d&rsquo;Oise. Un rapport du Comit\u00e9 D\u00e9partemental Op\u00e9rationnel Anti-Fraude (Codaf) datant de 2024 r\u00e9v\u00e8le des chiffres alarmants : pas moins de 582 travailleurs dissimul\u00e9s ont \u00e9t\u00e9 d\u00e9tect\u00e9s dans la r\u00e9gion. Pour ces \u00e9tablissements, les cons\u00e9quences ne se limitent pas \u00e0 des sanctions administratives, mais s&rsquo;\u00e9tendent \u00e9galement \u00e0 la qualit\u00e9 de la formation dispens\u00e9e.<\/p>\n\n<p>Les \u00e9l\u00e8ves se retrouvent souvent plong\u00e9s dans un environnement o\u00f9 l&rsquo;incomp\u00e9tence des moniteurs est criante, menant \u00e0 des situations catastrophiques. Le manque de formation des instructeurs n&rsquo;est pas seulement nuisible pour l&rsquo;apprentissage des \u00e9l\u00e8ves, mais met aussi en danger la s\u00e9curit\u00e9 routi\u00e8re. Quand la route devient un casse-t\u00eate en raison d\u2019instructeurs peu fiables, la confiance des \u00e9l\u00e8ves est rudement mise \u00e0 l\u2019\u00e9preuve.<\/p>\n\n<figure class=\"wp-block-table\"><table>\n<thead>\n<tr>\n<th>Cons\u00e9quences du travail dissimul\u00e9<\/th>\n<th>Impact sur les \u00e9l\u00e8ves<\/th>\n<\/tr>\n<\/thead>\n<tbody>\n<tr>\n<td>Diminution de la qualit\u00e9 de l&rsquo;enseignement<\/td>\n<td>Incapacit\u00e9 \u00e0 passer l&rsquo;examen du permis \ud83d\ude97<\/td>\n<\/tr>\n<tr>\n<td>Risques accrus sur la route<\/td>\n<td>Augmentation des accidents chez les nouveaux conducteurs \u26a0\ufe0f<\/td>\n<\/tr>\n<tr>\n<td>Sanctions pour l\u2019\u00e9tablissement<\/td>\n<td>Fermetures d&rsquo;\u00e9coles de conduite \u274c<\/td>\n<\/tr>\n<\/tbody>\n<\/table><\/figure>\n\n<p>La situation devient d\u2019autant plus pr\u00e9occupante lorsque des \u00e9l\u00e8ves, motiv\u00e9s par l&rsquo;obtention de leur permis, r\u00e9alisent qu\u2019ils sont sciemment tromp\u00e9s. Les promesses de formations adapt\u00e9es et de suivis personnalis\u00e9s s\u2019\u00e9vaporent au fur et \u00e0 mesure des le\u00e7ons. Une frustration intense s\u2019installent, sapant leur motivation. Les failles dans le syst\u00e8me sont bien document\u00e9es, mais la lenteur de la r\u00e9action des autorit\u00e9s laisse un go\u00fbt amer. Quid alors des pratiques qui semblent tr\u00e8s \u00e9loign\u00e9es de la <strong>Conduite \u00c9thique<\/strong> que l&rsquo;on devrait attendre ?<\/p>\n\n<h2 class=\"wp-block-heading\">Les pratiques d\u2019inscription douteuses dans les auto-\u00e9coles<\/h2>\n\n<p>Les inscriptions dans certaines auto-\u00e9coles du Val-d&rsquo;Oise soul\u00e8vent aussi de nombreuses interrogations. \u00c0 premi\u00e8re vue, cette \u00e9tape semble simple : choisir une auto-\u00e9cole, verser les frais d&rsquo;inscription, et le tour est jou\u00e9. Mais la r\u00e9alit\u00e9 est souvent plus sombre. Les victimes ne sont pas seulement les jeunes aspirants conducteurs. De nombreux t\u00e9moignages \u00e9voquent des frais cach\u00e9s, des forfaits gonfl\u00e9s pour des heures de conduite qui n&rsquo;ont finalement jamais eu lieu.<\/p>\n\n<p>Il n&rsquo;est pas rare que les \u00e9l\u00e8ves se retrouvent en face de promesses non tenues. Par exemple, un forfait <strong>Permis Rapide<\/strong> \u00e0 1 200 euros peut finalement mener \u00e0 des surco\u00fbts importants, entra\u00eenant une facture finale d\u00e9passant les 2 000 euros! Dans ce contexte, l\u2019argent investi ne garantit pas l&rsquo;obtention du pr\u00e9cieux s\u00e9same, mais laisse plut\u00f4t un go\u00fbt amer de m\u00e9fiance. Les pratiques frauduleuses sont multiples :<\/p>\n\n<ul class=\"wp-block-list\"><li>Fran\u00e7ais complices de fausses promesses \ud83d\udcb8<\/li><li>Conditions d\u2019inscription cach\u00e9es et illisibles \ud83d\udcc4<\/li><li>\u00c9changes d\u2019argent peu clairs \ud83d\udcb3<\/li><\/ul>\n\n<p>La publication de documents tels que les factures ou les contrats posent souvent probl\u00e8me. Plusieurs \u00e9l\u00e8ves t\u00e9moignent avoir re\u00e7u des promesses sur des heures de conduite qui n&rsquo;ont jamais \u00e9t\u00e9 honor\u00e9es, subissant ainsi des d\u00e9lais inacceptables avant de pouvoir se pr\u00e9senter \u00e0 l&rsquo;examen. Certain.es se r\u00e9v\u00e8lent victimes d&rsquo;une strat\u00e9gie qui vise avant tout \u00e0 tirer profit de leur d\u00e9sespoir. Comment l&rsquo;\u00c9tat peut-il laisser ces pratiques perdurer dans une soci\u00e9t\u00e9 qui se veut juste ?<\/p>\n\n<figure class=\"wp-block-table\"><table>\n<thead>\n<tr>\n<th>Risques des pratiques d&rsquo;inscriptions douteuses<\/th>\n<th>Effets sur les \u00e9l\u00e8ves<\/th>\n<\/tr>\n<\/thead>\n<tbody>\n<tr>\n<td>Frais cach\u00e9s<\/td>\n<td>Co\u00fbts impr\u00e9vus\ud83e\udd11<\/td>\n<\/tr>\n<tr>\n<td>P\u00e9nalisation du temps d&rsquo;attente pour l&rsquo;examen<\/td>\n<td>Stress et pression accrue \ud83d\ude30<\/td>\n<\/tr>\n<tr>\n<td>Mesquinerie dans la formation<\/td>\n<td>Perte de confiance en soi \u26a1<\/td>\n<\/tr>\n<\/tbody>\n<\/table><\/figure>\n\n<h2 class=\"wp-block-heading\">Les moniteurs non qualifi\u00e9s : un danger sur la route<\/h2>\n\n<p>Au c\u0153ur des probl\u00e8mes rencontr\u00e9s dans les auto-\u00e9coles, le manque de qualification des moniteurs est un point crucial. Qui enseigne r\u00e9ellement \u00e0 ces \u00e9l\u00e8ves ? La qualit\u00e9 de l&rsquo;enseignement repose sur la comp\u00e9tence, l&rsquo;exp\u00e9rience et le respect de la l\u00e9gislation. Dans la pratique, certains auto-\u00e9coles du Val-d&rsquo;Oise se permettent d&#8217;embaucher des moniteurs sans les qualifications requises, consid\u00e9rant les \u00e9l\u00e8ves comme de simples ressources financi\u00e8res plut\u00f4t que comme de futurs conducteurs.<\/p>\n\n<p>Les \u00e9l\u00e8ves s\u2019aper\u00e7oivent rapidement que leur formation n\u2019est pas \u00e0 la hauteur des enjeux. La m\u00e9connaissance des r\u00e8gles de s\u00e9curit\u00e9 routi\u00e8re par des moniteurs sans aucune experience peut mener \u00e0 de v\u00e9ritables catastrophes. Une \u00e9tude d\u2019une \u00e9cole de conduite a montr\u00e9 que les \u00e9l\u00e8ves form\u00e9s par des instructeurs non certifi\u00e9s avaient 30 % plus de chances d\u2019\u00e9chouer \u00e0 l&rsquo;examen et 50 % de chances de provoquer un accident au cours de leurs premi\u00e8res ann\u00e9es de conduite.<\/p>\n\n<ul class=\"wp-block-list\"><li>Moniteurs non certifi\u00e9s \ud83d\udeab<\/li><li>Formation inadapt\u00e9e au syst\u00e8me de munitions l\u00e9gales \ud83d\uded1<\/li><li>Diminution de la s\u00e9curit\u00e9 routi\u00e8re \ud83d\udcc9<\/li><\/ul>\n\n<p>Les t\u00e9moignages affluent : \u00ab\u00a0Je pensais \u00eatre entre de bonnes mains, mais mon moniteur ne savait m\u00eame pas comment m\u2019expliquer correctement les r\u00e8gles de priorit\u00e9.\u201d Ce genre de commentaire devient monnaie courante dans le milieu. Il serait indispensable que les autorit\u00e9s prennent des mesures drastiques afin de contr\u00f4ler l&rsquo;accr\u00e9ditation des moniteurs de conduite et d&rsquo;assurer la qualit\u00e9 de l&rsquo;enseignement d\u00e9livr\u00e9.<\/p>\n\n<figure class=\"wp-block-table\"><table>\n<thead>\n<tr>\n<th>Probl\u00e8mes li\u00e9s aux moniteurs non qualifi\u00e9s<\/th>\n<th>Cons\u00e9quences pour les \u00e9l\u00e8ves<\/th>\n<\/tr>\n<\/thead>\n<tbody>\n<tr>\n<td>Incompr\u00e9hension des r\u00e8gles de s\u00e9curit\u00e9<\/td>\n<td>Accidents fr\u00e9quents \ud83d\ude91<\/td>\n<\/tr>\n<tr>\n<td>P\u00e9nalisation des \u00e9l\u00e8ves lors des examens<\/td>\n<td>\u00c9checs r\u00e9p\u00e9t\u00e9s au permis \ud83e\udd72<\/td>\n<\/tr>\n<tr>\n<td>Mauvaise exp\u00e9rience globale<\/td>\n<td>Perte de confiance dans l&rsquo;\u00e9ducation routi\u00e8re \ud83d\ude1f<\/td>\n<\/tr>\n<\/tbody>\n<\/table><\/figure>\n\n<h2 class=\"wp-block-heading\">Le cas de l&rsquo;auto-\u00e9cole de Montmorency<\/h2>\n\n<p>Le scandale le plus r\u00e9cent \u00e9clate autour de l&rsquo;auto-\u00e9cole \u00ab PLC \u00bb de Montmorency, dont l\u2019agr\u00e9ment a \u00e9t\u00e9 suspendu par la pr\u00e9fecture du Val-d&rsquo;Oise pour travail dissimul\u00e9. En avril 2025, une op\u00e9ration conjointe entre le Codaf et la police nationale a r\u00e9v\u00e9l\u00e9 que l\u2019\u00e9tablissement fonctionnait en toute ill\u00e9galit\u00e9. Les agents ont constat\u00e9 des irregularit\u00e9s majeures, telles que l\u2019absence de contrats de formation entre l\u2019auto-\u00e9cole et ses \u00e9l\u00e8ves.<\/p>\n\n<p>Cette fermeture a eu des r\u00e9percussions imm\u00e9diates sur une centaine d&rsquo;\u00e9l\u00e8ves, qui se retrouvent soudainement laiss\u00e9s pour compte. Beaucoup d&rsquo;entre eux avaient d\u00e9j\u00e0 pay\u00e9 des forfaits complets pour des le\u00e7ons qui n&rsquo;ont jamais \u00e9t\u00e9 dispens\u00e9es. Quelque chose cloche dans un syst\u00e8me qui permet \u00e0 de telles pratiques d&rsquo;obtenir un agr\u00e9ment en premier lieu. Ce cas particulier pose des questions d\u00e9licates : qui est responsable de la surveillance de la qualit\u00e9 des auto-\u00e9coles ? La confiance des \u00e9l\u00e8ves est mise \u00e0 mal, et des r\u00e9flexions sur la n\u00e9cessit\u00e9 d\u2019un <strong>\u00c9cole de conduite Responsable<\/strong> deviennent urgentes.<\/p>\n\n<ul class=\"wp-block-list\"><li>Humanit\u00e9 en jeu : \u00e9l\u00e8ves en d\u00e9tresse \ud83d\ude1e<\/li><li>Des proc\u00e9dures administratives tardent \u00e0 \u00eatre mises en place \ud83d\udcc5<\/li><li>R\u00eaves d&rsquo;une soci\u00e9t\u00e9 de mobilit\u00e9 brouill\u00e9s \ud83c\udf2a\ufe0f<\/li><\/ul>\n\n<figure class=\"wp-block-table\"><table>\n<thead>\n<tr>\n<th>\u00c9v\u00e9nements cl\u00e9s autour de l&rsquo;auto-\u00e9cole PLC<\/th>\n<th>Cons\u00e9quences pour les \u00e9l\u00e8ves<\/th>\n<\/tr>\n<\/thead>\n<tbody>\n<tr>\n<td>Suspension de l&rsquo;agr\u00e9ment<\/td>\n<td>Arr\u00eat brutal des cours \ud83d\udeab<\/td>\n<\/tr>\n<tr>\n<td>\u00c9l\u00e8ves laiss\u00e9s sur le carreau<\/td>\n<td>Incertitude quant \u00e0 la r\u00e9cup\u00e9ration des fonds \ud83d\udc94<\/td>\n<\/tr>\n<tr>\n<td>Contr\u00f4le des pratiques en auto-\u00e9cole<\/td>\n<td>Remise en question du syst\u00e8me \u00e9ducatif routier \ud83d\udd75\ufe0f\u200d\u2642\ufe0f<\/td>\n<\/tr>\n<\/tbody>\n<\/table><\/figure>\n\n<h2 class=\"wp-block-heading\">FAQ<\/h2>\n\n<h3 class=\"wp-block-heading\">Quelles sont les pratiques douteuses souvent constat\u00e9es dans les auto-\u00e9coles ?<\/h3>\n\n<p>Les pratiques douteuses incluent le travail dissimul\u00e9, les moniteurs non qualifi\u00e9s, ainsi que des frais d&rsquo;inscription cach\u00e9s.<\/p>\n\n<h3 class=\"wp-block-heading\">Comment reconnaitre une auto-\u00e9cole de confiance ?<\/h3>\n\n<p>Pour rep\u00e9rer une <strong>auto-\u00e9cole Responsable<\/strong>, v\u00e9rifiez les avis en ligne, demandez des recommandations, et assurez-vous que les moniteurs soient certifi\u00e9s.<\/p>\n\n<h3 class=\"wp-block-heading\">Que faire si une auto-\u00e9cole ne respecte pas ses engagements ?<\/h3>\n\n<p>Il est important de signaler toute mauvaise pratique aux autorit\u00e9s comp\u00e9tentes et d&rsquo;envisager de demander un remboursement.<\/p>\n\n<h3 class=\"wp-block-heading\">Les \u00e9l\u00e8ves peuvent-ils r\u00e9cup\u00e9rer leur argent apr\u00e8s la fermeture d&rsquo;une auto-\u00e9cole ?<\/h3>\n\n<p>Cela d\u00e9pend de la situation financi\u00e8re de l&rsquo;\u00e9tablissement au moment de la fermeture. Des d\u00e9marches administratives peuvent \u00eatre n\u00e9cessaires.<\/p>\n\n<h3 class=\"wp-block-heading\">Quelles sont les cons\u00e9quences du travail dissimul\u00e9 pour les \u00e9l\u00e8ves ?<\/h3>\n\n<p>Les \u00e9l\u00e8ves peuvent faire face \u00e0 un enseignement de mauvaise qualit\u00e9, des risques accrus sur la route, et une perte de temps et d&rsquo;argent.<\/p>\n\n","protected":false},"excerpt":{"rendered":"<p>Dans le paysage \u00e9ducatif du Val-d&rsquo;Oise, certaines auto-\u00e9coles se d\u00e9marquent par des pratiques pour le moins douteuses. Entre arnaques, travail dissimul\u00e9 et manquements aux normes de la formation, le constat est alarmant. Ce ph\u00e9nom\u00e8ne met en lumi\u00e8re des escroqueries qui exploitent la faiblesse d&rsquo;une r\u00e9glementation insuffisante. Les t\u00e9moins oculaires rapportent des histoires qui feraient fr\u00e9mir &#8230; <a title=\"Des pratiques douteuses au sein d&rsquo;une auto-\u00e9cole du Val-d&rsquo;Oise\" class=\"read-more\" href=\"https:\/\/www.apres-lecole.fr\/Blog\/pratiques-douteuses-auto-ecole\/\" aria-label=\"En savoir plus sur Des pratiques douteuses au sein d&rsquo;une auto-\u00e9cole du Val-d&rsquo;Oise\">Lire plus<\/a><\/p>\n","protected":false},"author":9,"featured_media":1902,"comment_status":"open","ping_status":"open","sticky":false,"template":"","format":"standard","meta":{"footnotes":""},"categories":[342],"tags":[699,747,745,703,746],"class_list":["post-1903","post","type-post","status-publish","format-standard","has-post-thumbnail","hentry","category-actualites","tag-auto-ecole","tag-education-a-la-conduite","tag-pratiques-douteuses","tag-securite-routiere","tag-val-doise"],"yoast_head":"<!-- This site is optimized with the Yoast SEO plugin v27.5 - https:\/\/yoast.com\/product\/yoast-seo-wordpress\/ -->\n<title>Pratiques douteuses r\u00e9v\u00e9l\u00e9es dans une auto-\u00e9cole du Val-d&#039;Oise<\/title>\n<meta name=\"description\" content=\"D\u00e9couvrez les pratiques douteuses au sein d&#039;une auto-\u00e9cole du Val-d&#039;Oise. Cet article examine les t\u00e9moignages d&#039;\u00e9l\u00e8ves, les irr\u00e9gularit\u00e9s constat\u00e9es et les cons\u00e9quences sur la formation des conducteurs. Informez-vous sur vos droits et les d\u00e9marches \u00e0 suivre pour d\u00e9noncer ces abus.\" \/>\n<meta name=\"robots\" content=\"index, follow, max-snippet:-1, max-image-preview:large, max-video-preview:-1\" \/>\n<link rel=\"canonical\" href=\"https:\/\/www.apres-lecole.fr\/Blog\/pratiques-douteuses-auto-ecole\/\" \/>\n<meta property=\"og:locale\" content=\"fr_FR\" \/>\n<meta property=\"og:type\" content=\"article\" \/>\n<meta property=\"og:title\" content=\"Pratiques douteuses r\u00e9v\u00e9l\u00e9es dans une auto-\u00e9cole du Val-d&#039;Oise\" \/>\n<meta property=\"og:description\" content=\"D\u00e9couvrez les pratiques douteuses au sein d&#039;une auto-\u00e9cole du Val-d&#039;Oise. Cet article examine les t\u00e9moignages d&#039;\u00e9l\u00e8ves, les irr\u00e9gularit\u00e9s constat\u00e9es et les cons\u00e9quences sur la formation des conducteurs. Informez-vous sur vos droits et les d\u00e9marches \u00e0 suivre pour d\u00e9noncer ces abus.\" \/>\n<meta property=\"og:url\" content=\"https:\/\/www.apres-lecole.fr\/Blog\/pratiques-douteuses-auto-ecole\/\" \/>\n<meta property=\"article:published_time\" content=\"2025-04-28T21:28:17+00:00\" \/>\n<meta property=\"og:image\" content=\"https:\/\/www.apres-lecole.fr\/Blog\/wp-content\/uploads\/2025\/04\/Des-pratiques-douteuses-au-sein-dune-auto-ecole-du-Val-dOise.jpg\" \/>\n\t<meta property=\"og:image:width\" content=\"1344\" \/>\n\t<meta property=\"og:image:height\" content=\"768\" \/>\n\t<meta property=\"og:image:type\" content=\"image\/jpeg\" \/>\n<meta name=\"author\" content=\"Eva Martin\" \/>\n<meta name=\"twitter:card\" content=\"summary_large_image\" \/>\n<meta name=\"twitter:creator\" content=\"@Evaapresecole\" \/>\n<meta name=\"twitter:label1\" content=\"\u00c9crit par\" \/>\n\t<meta name=\"twitter:data1\" content=\"Eva Martin\" \/>\n\t<meta name=\"twitter:label2\" content=\"Dur\u00e9e de lecture estim\u00e9e\" \/>\n\t<meta name=\"twitter:data2\" content=\"7 minutes\" \/>\n<script type=\"application\/ld+json\" class=\"yoast-schema-graph\">{\"@context\":\"https:\\\/\\\/schema.org\",\"@graph\":[{\"@type\":\"Article\",\"@id\":\"https:\\\/\\\/www.apres-lecole.fr\\\/Blog\\\/pratiques-douteuses-auto-ecole\\\/#article\",\"isPartOf\":{\"@id\":\"https:\\\/\\\/www.apres-lecole.fr\\\/Blog\\\/pratiques-douteuses-auto-ecole\\\/\"},\"author\":{\"name\":\"Eva Martin\",\"@id\":\"https:\\\/\\\/www.apres-lecole.fr\\\/Blog\\\/#\\\/schema\\\/person\\\/aeb50cd4b51fc69da155804bb5bb9fc4\"},\"headline\":\"Des pratiques douteuses au sein d&rsquo;une auto-\u00e9cole du Val-d&rsquo;Oise\",\"datePublished\":\"2025-04-28T21:28:17+00:00\",\"mainEntityOfPage\":{\"@id\":\"https:\\\/\\\/www.apres-lecole.fr\\\/Blog\\\/pratiques-douteuses-auto-ecole\\\/\"},\"wordCount\":1549,\"commentCount\":0,\"image\":{\"@id\":\"https:\\\/\\\/www.apres-lecole.fr\\\/Blog\\\/pratiques-douteuses-auto-ecole\\\/#primaryimage\"},\"thumbnailUrl\":\"https:\\\/\\\/www.apres-lecole.fr\\\/Blog\\\/wp-content\\\/uploads\\\/2025\\\/04\\\/Des-pratiques-douteuses-au-sein-dune-auto-ecole-du-Val-dOise.jpg\",\"keywords\":[\"auto-\u00e9cole\",\"\u00e9ducation \u00e0 la conduite\",\"pratiques douteuses\",\"s\u00e9curit\u00e9 routi\u00e8re\",\"val-d'oise\"],\"articleSection\":[\"Actualit\u00e9s\"],\"inLanguage\":\"fr-FR\",\"potentialAction\":[{\"@type\":\"CommentAction\",\"name\":\"Comment\",\"target\":[\"https:\\\/\\\/www.apres-lecole.fr\\\/Blog\\\/pratiques-douteuses-auto-ecole\\\/#respond\"]}]},{\"@type\":\"WebPage\",\"@id\":\"https:\\\/\\\/www.apres-lecole.fr\\\/Blog\\\/pratiques-douteuses-auto-ecole\\\/\",\"url\":\"https:\\\/\\\/www.apres-lecole.fr\\\/Blog\\\/pratiques-douteuses-auto-ecole\\\/\",\"name\":\"Pratiques douteuses r\u00e9v\u00e9l\u00e9es dans une auto-\u00e9cole du Val-d'Oise\",\"isPartOf\":{\"@id\":\"https:\\\/\\\/www.apres-lecole.fr\\\/Blog\\\/#website\"},\"primaryImageOfPage\":{\"@id\":\"https:\\\/\\\/www.apres-lecole.fr\\\/Blog\\\/pratiques-douteuses-auto-ecole\\\/#primaryimage\"},\"image\":{\"@id\":\"https:\\\/\\\/www.apres-lecole.fr\\\/Blog\\\/pratiques-douteuses-auto-ecole\\\/#primaryimage\"},\"thumbnailUrl\":\"https:\\\/\\\/www.apres-lecole.fr\\\/Blog\\\/wp-content\\\/uploads\\\/2025\\\/04\\\/Des-pratiques-douteuses-au-sein-dune-auto-ecole-du-Val-dOise.jpg\",\"datePublished\":\"2025-04-28T21:28:17+00:00\",\"author\":{\"@id\":\"https:\\\/\\\/www.apres-lecole.fr\\\/Blog\\\/#\\\/schema\\\/person\\\/aeb50cd4b51fc69da155804bb5bb9fc4\"},\"description\":\"D\u00e9couvrez les pratiques douteuses au sein d'une auto-\u00e9cole du Val-d'Oise. Cet article examine les t\u00e9moignages d'\u00e9l\u00e8ves, les irr\u00e9gularit\u00e9s constat\u00e9es et les cons\u00e9quences sur la formation des conducteurs. Informez-vous sur vos droits et les d\u00e9marches \u00e0 suivre pour d\u00e9noncer ces abus.\",\"breadcrumb\":{\"@id\":\"https:\\\/\\\/www.apres-lecole.fr\\\/Blog\\\/pratiques-douteuses-auto-ecole\\\/#breadcrumb\"},\"inLanguage\":\"fr-FR\",\"potentialAction\":[{\"@type\":\"ReadAction\",\"target\":[\"https:\\\/\\\/www.apres-lecole.fr\\\/Blog\\\/pratiques-douteuses-auto-ecole\\\/\"]}]},{\"@type\":\"ImageObject\",\"inLanguage\":\"fr-FR\",\"@id\":\"https:\\\/\\\/www.apres-lecole.fr\\\/Blog\\\/pratiques-douteuses-auto-ecole\\\/#primaryimage\",\"url\":\"https:\\\/\\\/www.apres-lecole.fr\\\/Blog\\\/wp-content\\\/uploads\\\/2025\\\/04\\\/Des-pratiques-douteuses-au-sein-dune-auto-ecole-du-Val-dOise.jpg\",\"contentUrl\":\"https:\\\/\\\/www.apres-lecole.fr\\\/Blog\\\/wp-content\\\/uploads\\\/2025\\\/04\\\/Des-pratiques-douteuses-au-sein-dune-auto-ecole-du-Val-dOise.jpg\",\"width\":1344,\"height\":768,\"caption\":\"d\u00e9couvrez les r\u00e9v\u00e9lations sur des pratiques douteuses au sein d'une auto-\u00e9cole du val-d'oise. explorez les t\u00e9moignages et les enqu\u00eates qui mettent en lumi\u00e8re les abus et les comportements non \u00e9thiques dans le secteur de la formation \u00e0 la conduite.\"},{\"@type\":\"BreadcrumbList\",\"@id\":\"https:\\\/\\\/www.apres-lecole.fr\\\/Blog\\\/pratiques-douteuses-auto-ecole\\\/#breadcrumb\",\"itemListElement\":[{\"@type\":\"ListItem\",\"position\":1,\"name\":\"Home\",\"item\":\"https:\\\/\\\/www.apres-lecole.fr\\\/Blog\\\/\"},{\"@type\":\"ListItem\",\"position\":2,\"name\":\"Des pratiques douteuses au sein d&rsquo;une auto-\u00e9cole du Val-d&rsquo;Oise\"}]},{\"@type\":\"WebSite\",\"@id\":\"https:\\\/\\\/www.apres-lecole.fr\\\/Blog\\\/#website\",\"url\":\"https:\\\/\\\/www.apres-lecole.fr\\\/Blog\\\/\",\"name\":\"\",\"description\":\"M\u00e9dia g\u00e9n\u00e9raliste\",\"potentialAction\":[{\"@type\":\"SearchAction\",\"target\":{\"@type\":\"EntryPoint\",\"urlTemplate\":\"https:\\\/\\\/www.apres-lecole.fr\\\/Blog\\\/?s={search_term_string}\"},\"query-input\":{\"@type\":\"PropertyValueSpecification\",\"valueRequired\":true,\"valueName\":\"search_term_string\"}}],\"inLanguage\":\"fr-FR\"},{\"@type\":\"Person\",\"@id\":\"https:\\\/\\\/www.apres-lecole.fr\\\/Blog\\\/#\\\/schema\\\/person\\\/aeb50cd4b51fc69da155804bb5bb9fc4\",\"name\":\"Eva Martin\",\"image\":{\"@type\":\"ImageObject\",\"inLanguage\":\"fr-FR\",\"@id\":\"https:\\\/\\\/secure.gravatar.com\\\/avatar\\\/55c53222558b27a72015a64073a80edce4abd33369394b9bf2c5cd6c19d12682?s=96&d=mm&r=g\",\"url\":\"https:\\\/\\\/secure.gravatar.com\\\/avatar\\\/55c53222558b27a72015a64073a80edce4abd33369394b9bf2c5cd6c19d12682?s=96&d=mm&r=g\",\"contentUrl\":\"https:\\\/\\\/secure.gravatar.com\\\/avatar\\\/55c53222558b27a72015a64073a80edce4abd33369394b9bf2c5cd6c19d12682?s=96&d=mm&r=g\",\"caption\":\"Eva Martin\"},\"description\":\"Je parle de business et d'entrepreneuriat avec des conseils clairs, concrets et actionnables pour r\u00e9ussir\",\"sameAs\":[\"https:\\\/\\\/x.com\\\/Evaapresecole\"],\"url\":\"https:\\\/\\\/www.apres-lecole.fr\\\/Blog\\\/author\\\/evamartin\\\/\"}]}<\/script>\n<!-- \/ Yoast SEO plugin. -->","yoast_head_json":{"title":"Pratiques douteuses r\u00e9v\u00e9l\u00e9es dans une auto-\u00e9cole du Val-d'Oise","description":"D\u00e9couvrez les pratiques douteuses au sein d'une auto-\u00e9cole du Val-d'Oise. Cet article examine les t\u00e9moignages d'\u00e9l\u00e8ves, les irr\u00e9gularit\u00e9s constat\u00e9es et les cons\u00e9quences sur la formation des conducteurs. Informez-vous sur vos droits et les d\u00e9marches \u00e0 suivre pour d\u00e9noncer ces abus.","robots":{"index":"index","follow":"follow","max-snippet":"max-snippet:-1","max-image-preview":"max-image-preview:large","max-video-preview":"max-video-preview:-1"},"canonical":"https:\/\/www.apres-lecole.fr\/Blog\/pratiques-douteuses-auto-ecole\/","og_locale":"fr_FR","og_type":"article","og_title":"Pratiques douteuses r\u00e9v\u00e9l\u00e9es dans une auto-\u00e9cole du Val-d'Oise","og_description":"D\u00e9couvrez les pratiques douteuses au sein d'une auto-\u00e9cole du Val-d'Oise. Cet article examine les t\u00e9moignages d'\u00e9l\u00e8ves, les irr\u00e9gularit\u00e9s constat\u00e9es et les cons\u00e9quences sur la formation des conducteurs. Informez-vous sur vos droits et les d\u00e9marches \u00e0 suivre pour d\u00e9noncer ces abus.","og_url":"https:\/\/www.apres-lecole.fr\/Blog\/pratiques-douteuses-auto-ecole\/","article_published_time":"2025-04-28T21:28:17+00:00","og_image":[{"width":1344,"height":768,"url":"https:\/\/www.apres-lecole.fr\/Blog\/wp-content\/uploads\/2025\/04\/Des-pratiques-douteuses-au-sein-dune-auto-ecole-du-Val-dOise.jpg","type":"image\/jpeg"}],"author":"Eva Martin","twitter_card":"summary_large_image","twitter_creator":"@Evaapresecole","twitter_misc":{"\u00c9crit par":"Eva Martin","Dur\u00e9e de lecture estim\u00e9e":"7 minutes"},"schema":{"@context":"https:\/\/schema.org","@graph":[{"@type":"Article","@id":"https:\/\/www.apres-lecole.fr\/Blog\/pratiques-douteuses-auto-ecole\/#article","isPartOf":{"@id":"https:\/\/www.apres-lecole.fr\/Blog\/pratiques-douteuses-auto-ecole\/"},"author":{"name":"Eva Martin","@id":"https:\/\/www.apres-lecole.fr\/Blog\/#\/schema\/person\/aeb50cd4b51fc69da155804bb5bb9fc4"},"headline":"Des pratiques douteuses au sein d&rsquo;une auto-\u00e9cole du Val-d&rsquo;Oise","datePublished":"2025-04-28T21:28:17+00:00","mainEntityOfPage":{"@id":"https:\/\/www.apres-lecole.fr\/Blog\/pratiques-douteuses-auto-ecole\/"},"wordCount":1549,"commentCount":0,"image":{"@id":"https:\/\/www.apres-lecole.fr\/Blog\/pratiques-douteuses-auto-ecole\/#primaryimage"},"thumbnailUrl":"https:\/\/www.apres-lecole.fr\/Blog\/wp-content\/uploads\/2025\/04\/Des-pratiques-douteuses-au-sein-dune-auto-ecole-du-Val-dOise.jpg","keywords":["auto-\u00e9cole","\u00e9ducation \u00e0 la conduite","pratiques douteuses","s\u00e9curit\u00e9 routi\u00e8re","val-d'oise"],"articleSection":["Actualit\u00e9s"],"inLanguage":"fr-FR","potentialAction":[{"@type":"CommentAction","name":"Comment","target":["https:\/\/www.apres-lecole.fr\/Blog\/pratiques-douteuses-auto-ecole\/#respond"]}]},{"@type":"WebPage","@id":"https:\/\/www.apres-lecole.fr\/Blog\/pratiques-douteuses-auto-ecole\/","url":"https:\/\/www.apres-lecole.fr\/Blog\/pratiques-douteuses-auto-ecole\/","name":"Pratiques douteuses r\u00e9v\u00e9l\u00e9es dans une auto-\u00e9cole du Val-d'Oise","isPartOf":{"@id":"https:\/\/www.apres-lecole.fr\/Blog\/#website"},"primaryImageOfPage":{"@id":"https:\/\/www.apres-lecole.fr\/Blog\/pratiques-douteuses-auto-ecole\/#primaryimage"},"image":{"@id":"https:\/\/www.apres-lecole.fr\/Blog\/pratiques-douteuses-auto-ecole\/#primaryimage"},"thumbnailUrl":"https:\/\/www.apres-lecole.fr\/Blog\/wp-content\/uploads\/2025\/04\/Des-pratiques-douteuses-au-sein-dune-auto-ecole-du-Val-dOise.jpg","datePublished":"2025-04-28T21:28:17+00:00","author":{"@id":"https:\/\/www.apres-lecole.fr\/Blog\/#\/schema\/person\/aeb50cd4b51fc69da155804bb5bb9fc4"},"description":"D\u00e9couvrez les pratiques douteuses au sein d'une auto-\u00e9cole du Val-d'Oise. Cet article examine les t\u00e9moignages d'\u00e9l\u00e8ves, les irr\u00e9gularit\u00e9s constat\u00e9es et les cons\u00e9quences sur la formation des conducteurs. Informez-vous sur vos droits et les d\u00e9marches \u00e0 suivre pour d\u00e9noncer ces abus.","breadcrumb":{"@id":"https:\/\/www.apres-lecole.fr\/Blog\/pratiques-douteuses-auto-ecole\/#breadcrumb"},"inLanguage":"fr-FR","potentialAction":[{"@type":"ReadAction","target":["https:\/\/www.apres-lecole.fr\/Blog\/pratiques-douteuses-auto-ecole\/"]}]},{"@type":"ImageObject","inLanguage":"fr-FR","@id":"https:\/\/www.apres-lecole.fr\/Blog\/pratiques-douteuses-auto-ecole\/#primaryimage","url":"https:\/\/www.apres-lecole.fr\/Blog\/wp-content\/uploads\/2025\/04\/Des-pratiques-douteuses-au-sein-dune-auto-ecole-du-Val-dOise.jpg","contentUrl":"https:\/\/www.apres-lecole.fr\/Blog\/wp-content\/uploads\/2025\/04\/Des-pratiques-douteuses-au-sein-dune-auto-ecole-du-Val-dOise.jpg","width":1344,"height":768,"caption":"d\u00e9couvrez les r\u00e9v\u00e9lations sur des pratiques douteuses au sein d'une auto-\u00e9cole du val-d'oise. explorez les t\u00e9moignages et les enqu\u00eates qui mettent en lumi\u00e8re les abus et les comportements non \u00e9thiques dans le secteur de la formation \u00e0 la conduite."},{"@type":"BreadcrumbList","@id":"https:\/\/www.apres-lecole.fr\/Blog\/pratiques-douteuses-auto-ecole\/#breadcrumb","itemListElement":[{"@type":"ListItem","position":1,"name":"Home","item":"https:\/\/www.apres-lecole.fr\/Blog\/"},{"@type":"ListItem","position":2,"name":"Des pratiques douteuses au sein d&rsquo;une auto-\u00e9cole du Val-d&rsquo;Oise"}]},{"@type":"WebSite","@id":"https:\/\/www.apres-lecole.fr\/Blog\/#website","url":"https:\/\/www.apres-lecole.fr\/Blog\/","name":"","description":"M\u00e9dia g\u00e9n\u00e9raliste","potentialAction":[{"@type":"SearchAction","target":{"@type":"EntryPoint","urlTemplate":"https:\/\/www.apres-lecole.fr\/Blog\/?s={search_term_string}"},"query-input":{"@type":"PropertyValueSpecification","valueRequired":true,"valueName":"search_term_string"}}],"inLanguage":"fr-FR"},{"@type":"Person","@id":"https:\/\/www.apres-lecole.fr\/Blog\/#\/schema\/person\/aeb50cd4b51fc69da155804bb5bb9fc4","name":"Eva Martin","image":{"@type":"ImageObject","inLanguage":"fr-FR","@id":"https:\/\/secure.gravatar.com\/avatar\/55c53222558b27a72015a64073a80edce4abd33369394b9bf2c5cd6c19d12682?s=96&d=mm&r=g","url":"https:\/\/secure.gravatar.com\/avatar\/55c53222558b27a72015a64073a80edce4abd33369394b9bf2c5cd6c19d12682?s=96&d=mm&r=g","contentUrl":"https:\/\/secure.gravatar.com\/avatar\/55c53222558b27a72015a64073a80edce4abd33369394b9bf2c5cd6c19d12682?s=96&d=mm&r=g","caption":"Eva Martin"},"description":"Je parle de business et d'entrepreneuriat avec des conseils clairs, concrets et actionnables pour r\u00e9ussir","sameAs":["https:\/\/x.com\/Evaapresecole"],"url":"https:\/\/www.apres-lecole.fr\/Blog\/author\/evamartin\/"}]}},"views":15,"_links":{"self":[{"href":"https:\/\/www.apres-lecole.fr\/Blog\/wp-json\/wp\/v2\/posts\/1903","targetHints":{"allow":["GET"]}}],"collection":[{"href":"https:\/\/www.apres-lecole.fr\/Blog\/wp-json\/wp\/v2\/posts"}],"about":[{"href":"https:\/\/www.apres-lecole.fr\/Blog\/wp-json\/wp\/v2\/types\/post"}],"author":[{"embeddable":true,"href":"https:\/\/www.apres-lecole.fr\/Blog\/wp-json\/wp\/v2\/users\/9"}],"replies":[{"embeddable":true,"href":"https:\/\/www.apres-lecole.fr\/Blog\/wp-json\/wp\/v2\/comments?post=1903"}],"version-history":[{"count":0,"href":"https:\/\/www.apres-lecole.fr\/Blog\/wp-json\/wp\/v2\/posts\/1903\/revisions"}],"wp:featuredmedia":[{"embeddable":true,"href":"https:\/\/www.apres-lecole.fr\/Blog\/wp-json\/wp\/v2\/media\/1902"}],"wp:attachment":[{"href":"https:\/\/www.apres-lecole.fr\/Blog\/wp-json\/wp\/v2\/media?parent=1903"}],"wp:term":[{"taxonomy":"category","embeddable":true,"href":"https:\/\/www.apres-lecole.fr\/Blog\/wp-json\/wp\/v2\/categories?post=1903"},{"taxonomy":"post_tag","embeddable":true,"href":"https:\/\/www.apres-lecole.fr\/Blog\/wp-json\/wp\/v2\/tags?post=1903"}],"curies":[{"name":"wp","href":"https:\/\/api.w.org\/{rel}","templated":true}]}}