{"id":1901,"date":"2025-04-28T07:10:17","date_gmt":"2025-04-28T07:10:17","guid":{"rendered":"https:\/\/www.apres-lecole.fr\/Blog\/mairie-lyon-sanction-garde\/"},"modified":"2025-04-28T07:10:17","modified_gmt":"2025-04-28T07:10:17","slug":"mairie-lyon-sanction-garde","status":"publish","type":"post","link":"https:\/\/www.apres-lecole.fr\/Blog\/mairie-lyon-sanction-garde\/","title":{"rendered":"La mairie de Lyon sanctionn\u00e9e pour avoir exploit\u00e9 un gardien d&rsquo;\u00e9cole en \u00e9change d&rsquo;un logement"},"content":{"rendered":"\n\n<div class=\"kk-star-ratings kksr-auto kksr-align-left kksr-valign-top\"\n    data-payload='{&quot;align&quot;:&quot;left&quot;,&quot;id&quot;:&quot;1901&quot;,&quot;slug&quot;:&quot;default&quot;,&quot;valign&quot;:&quot;top&quot;,&quot;ignore&quot;:&quot;&quot;,&quot;reference&quot;:&quot;auto&quot;,&quot;class&quot;:&quot;&quot;,&quot;count&quot;:&quot;0&quot;,&quot;legendonly&quot;:&quot;&quot;,&quot;readonly&quot;:&quot;&quot;,&quot;score&quot;:&quot;0&quot;,&quot;starsonly&quot;:&quot;&quot;,&quot;best&quot;:&quot;5&quot;,&quot;gap&quot;:&quot;5&quot;,&quot;greet&quot;:&quot;Rate this post&quot;,&quot;legend&quot;:&quot;0\\\/5 - (0 vote)&quot;,&quot;size&quot;:&quot;24&quot;,&quot;title&quot;:&quot;La mairie de Lyon sanctionn\u00e9e pour avoir exploit\u00e9 un gardien d\\u0026#039;\u00e9cole en \u00e9change d\\u0026#039;un logement&quot;,&quot;width&quot;:&quot;0&quot;,&quot;_legend&quot;:&quot;{score}\\\/{best} - ({count} {votes})&quot;,&quot;font_factor&quot;:&quot;1.25&quot;}'>\n            \n<div class=\"kksr-stars\">\n    \n<div class=\"kksr-stars-inactive\">\n            <div class=\"kksr-star\" data-star=\"1\" style=\"padding-right: 5px\">\n            \n\n<div class=\"kksr-icon\" style=\"width: 24px; height: 24px;\"><\/div>\n        <\/div>\n            <div class=\"kksr-star\" data-star=\"2\" style=\"padding-right: 5px\">\n            \n\n<div class=\"kksr-icon\" style=\"width: 24px; height: 24px;\"><\/div>\n        <\/div>\n            <div class=\"kksr-star\" data-star=\"3\" style=\"padding-right: 5px\">\n            \n\n<div class=\"kksr-icon\" style=\"width: 24px; height: 24px;\"><\/div>\n        <\/div>\n            <div class=\"kksr-star\" data-star=\"4\" style=\"padding-right: 5px\">\n            \n\n<div class=\"kksr-icon\" style=\"width: 24px; height: 24px;\"><\/div>\n        <\/div>\n            <div class=\"kksr-star\" data-star=\"5\" style=\"padding-right: 5px\">\n            \n\n<div class=\"kksr-icon\" style=\"width: 24px; height: 24px;\"><\/div>\n        <\/div>\n    <\/div>\n    \n<div class=\"kksr-stars-active\" style=\"width: 0px;\">\n            <div class=\"kksr-star\" style=\"padding-right: 5px\">\n            \n\n<div class=\"kksr-icon\" style=\"width: 24px; height: 24px;\"><\/div>\n        <\/div>\n            <div class=\"kksr-star\" style=\"padding-right: 5px\">\n            \n\n<div class=\"kksr-icon\" style=\"width: 24px; height: 24px;\"><\/div>\n        <\/div>\n            <div class=\"kksr-star\" style=\"padding-right: 5px\">\n            \n\n<div class=\"kksr-icon\" style=\"width: 24px; height: 24px;\"><\/div>\n        <\/div>\n            <div class=\"kksr-star\" style=\"padding-right: 5px\">\n            \n\n<div class=\"kksr-icon\" style=\"width: 24px; height: 24px;\"><\/div>\n        <\/div>\n            <div class=\"kksr-star\" style=\"padding-right: 5px\">\n            \n\n<div class=\"kksr-icon\" style=\"width: 24px; height: 24px;\"><\/div>\n        <\/div>\n    <\/div>\n<\/div>\n                \n\n<div class=\"kksr-legend\" style=\"font-size: 19.2px;\">\n            <span class=\"kksr-muted\">Rate this post<\/span>\n    <\/div>\n    <\/div>\n<p>Dans un contexte o\u00f9 la justice sociale \u00e9merge comme un enjeu majeur, la mairie de Lyon se voit mise en lumi\u00e8re pour avoir exploit\u00e9 un gardien d\u2019\u00e9cole, en exigeant en contrepartie de son logement des heures de travail non r\u00e9mun\u00e9r\u00e9es. Cette situation soul\u00e8ve de nombreuses interrogations sur le respect des droits des travailleurs au sein des <strong>collectivit\u00e9s locales<\/strong> et sur les conditions de travail qui pr\u00e9valent dans le secteur \u00e9ducatif. La d\u00e9cision du tribunal administratif a de quoi affoler les cloches et am\u00e8ne \u00e0 r\u00e9fl\u00e9chir sur les cons\u00e9quences de telles pratiques.<\/p>\n\n<h2 class=\"wp-block-heading\">Les faits : la sanction de la mairie de Lyon<\/h2>\n\n<p>En f\u00e9vrier dernier, le tribunal administratif de Lyon a rendu un verdict qui a choqu\u00e9 de nombreux observateurs. La mairie a \u00e9t\u00e9 condamn\u00e9e \u00e0 verser une indemnit\u00e9 de <strong>18 700 euros<\/strong> \u00e0 un <strong>gardien d&rsquo;\u00e9cole<\/strong> de l\u2019\u00e9cole \u00e9l\u00e9mentaire Marc Bloch, situ\u00e9e dans le 7\u00e8me arrondissement de la ville. L&rsquo;agent technique territorial a fait valoir qu\u2019il a travaill\u00e9 sans r\u00e9mun\u00e9ration, s\u2019acquittant d\u2019heures suppl\u00e9mentaires importantes, tout cela en \u00e9change d\u2019un <strong>logement<\/strong> de fonction.<\/p>\n\n<p>Les accusations ont \u00e9t\u00e9 port\u00e9es sur une p\u00e9riode allant de 2018 \u00e0 2022, pendant laquelle le gardien a \u00e9t\u00e9 contraint d\u2019effectuer des t\u00e2ches suppl\u00e9mentaires, allant de la gestion des poubelles aux rondes de s\u00e9curit\u00e9, totalisant jusqu&rsquo;\u00e0 <strong>5 heures par jour<\/strong> durant les vacances scolaires. Aucune de ces heures n\u2019a \u00e9t\u00e9 r\u00e9mun\u00e9r\u00e9e, ni m\u00eame compens\u00e9e sous forme de repos. Les pratiques en vigueur dans la mairie de Lyon soul\u00e8vent alors de s\u00e9rieuses questions concernant les conditions de travail des agents municipaux.<\/p>\n\n<h3 class=\"wp-block-heading\">Un syst\u00e8me d\u00e9faillant au sein des collectivit\u00e9s locales<\/h3>\n\n<p>Les informations \u00e9manant du dossier r\u00e9v\u00e8lent un syst\u00e8me d\u00e9faillant pour l\u2019application \u00e9quitable des droits des travailleurs dans le cadre des <strong>collectivit\u00e9s locales<\/strong>. Le gardien en question, qui b\u00e9n\u00e9ficiait d\u2019un logement pour n\u00e9cessit\u00e9 absolue de service depuis 2013, n\u2019a n\u00e9anmoins eu d\u2019autre choix que de contester les abus dont il \u00e9tait victime. Ce cas n&rsquo;est pas isol\u00e9, mais t\u00e9moigne d&rsquo;une pratique syst\u00e9mique o\u00f9 des agents sont mis dans des positions inconfortables par les responsabilit\u00e9s qui leur incombent.<\/p>\n\n<ul class=\"wp-block-list\"><li>\ud83d\udea8 Heures suppl\u00e9mentaires non r\u00e9mun\u00e9r\u00e9es<\/li><li>\ud83c\udfe1 Logement de fonction comme condition d\u2019exploitation<\/li><li>\u2696\ufe0f Conflit entre le bien-\u00eatre des employ\u00e9s et les exigences administratives<\/li><\/ul>\n\n<p>Le verdict du tribunal pourrait \u00e9galement devenir un pr\u00e9c\u00e9dent pour d&rsquo;autres affaires similaires \u00e0 travers la France. Cela fait na\u00eetre l&rsquo;espoir d&rsquo;une meilleure protection pour les travailleurs dans le secteur public. De plus, le r\u00e9sultat de cette affaire renforce l&rsquo;id\u00e9e que les droits des travailleurs doivent \u00eatre la priorit\u00e9 des institutions publiques.<\/p>\n\n<h2 class=\"wp-block-heading\">Les implications de cette affaire dans le secteur de l&rsquo;\u00e9ducation<\/h2>\n\n<p>Dans cette affaire, il est essentiel de se pencher sur les cons\u00e9quences qu\u2019elle pourrait avoir dans le domaine de l&rsquo;<strong>\u00e9ducation<\/strong>. Les gardiens d&rsquo;\u00e9coles, souvent en premi\u00e8re ligne de la gestion quotidienne des \u00e9tablissements, doivent \u00eatre trait\u00e9s avec le respect qu&rsquo;ils m\u00e9ritent. Au-del\u00e0 de leur fonction administrative, ils assurent \u00e9galement un r\u00f4le crucial dans la s\u00e9curit\u00e9 et le bien-\u00eatre des \u00e9l\u00e8ves. Voici quelques points \u00e0 consid\u00e9rer :<\/p>\n\n<figure class=\"wp-block-table\"><table>\n<thead>\n<tr>\n<th>Implications<\/th>\n<th>Cons\u00e9quences potentielles<\/th>\n<\/tr>\n<\/thead>\n<tbody>\n<tr>\n<td>\ud83d\udd27 Protection des droits des travailleurs<\/td>\n<td>Am\u00e9lioration des conditions de travail et de r\u00e9mun\u00e9ration<\/td>\n<\/tr>\n<tr>\n<td>\ud83d\udc65 Sensibilisation \u00e0 la justice sociale<\/td>\n<td>Renforcement des engagements des collectivit\u00e9s \u00e0 l\u2019\u00e9quit\u00e9<\/td>\n<\/tr>\n<tr>\n<td>\ud83d\udcda Formation des agents<\/td>\n<td>Meilleure connaissance des droits et responsabilit\u00e9s<\/td>\n<\/tr>\n<\/tbody>\n<\/table><\/figure>\n\n<p>Les le\u00e7ons tir\u00e9es de cette affaire pourraient \u00e9galement conduire \u00e0 une r\u00e9flexion plus large sur la mani\u00e8re dont les collectivit\u00e9s locales g\u00e8rent leurs personnel \u00e9ducatif. Au del\u00e0 des camps de logement, il est urgent de d\u00e9ployer des strat\u00e9gies pour garantir que chacun soit trait\u00e9 \u00e9quitablement et dignement. Peut-on vraiment construire un <strong>syst\u00e8me \u00e9ducatif<\/strong> de qualit\u00e9 sans garantir des conditions de travail d\u00e9centes \u00e0 ceux qui le portent ?<\/p>\n\n<h2 class=\"wp-block-heading\">Le point de vue des travailleurs et syndicats<\/h2>\n\n<p>Dans le cadre de cette affaire, les syndicats ont exprim\u00e9 des inqui\u00e9tudes croissantes sur le respect des droits au travail au sein des collectivit\u00e9s locales. Pour ces repr\u00e9sentants, cette situation refl\u00e8te un besoin urgent d&rsquo;agir et de remettre en question les pratiques d\u00e9ficientes qui engendrent des abus. En effet, ces d\u00e9clarations soulignent le d\u00e9s\u00e9quilibre flagrant entre ce que l\u2019on attend des employ\u00e9s publics et les moyens qui leur sont r\u00e9ellement offerts pour accomplir leurs t\u00e2ches. Cela comprend :<\/p>\n\n<ul class=\"wp-block-list\"><li>\ud83d\udce3 Une mobilisation accrue des syndicats<\/li><li>\ud83d\udc94 Une d\u00e9tresse grandissante parmi les agents<\/li><li>\ud83d\udcc8 La demande d&rsquo;une r\u00e9forme des pratiques de gestion<\/li><\/ul>\n\n<p>Les syndicats demandent avec force une vision plus humaine pour la gestion des ressources humaines au sein des \u00e9tablissements \u00e9ducatifs. Des relations plus \u00e9quilibr\u00e9es entre l&rsquo;administration et le personnel peuvent renforcer la coh\u00e9sion d&rsquo;\u00e9quipe. Face \u00e0 cette situation, toute proposition d\u2019am\u00e9lioration des conditions de travail au sein des \u00e9coles est primordiale pour cr\u00e9er un environnement positif propice \u00e0 l\u2019enseignement. Les actions \u00e0 promouvoir incluent :<\/p>\n\n<figure class=\"wp-block-table\"><table>\n<thead>\n<tr>\n<th>Actions propos\u00e9es<\/th>\n<th>Objectifs vis\u00e9s<\/th>\n<\/tr>\n<\/thead>\n<tbody>\n<tr>\n<td>\u27a1\ufe0f Renforcement des droits des employ\u00e9s<\/td>\n<td>#Garantir le respect des droits<\/td>\n<\/tr>\n<tr>\n<td>\u27a1\ufe0f Mise en place de formations<\/td>\n<td>#\u00c9duquer sur les droits des travailleurs<\/td>\n<\/tr>\n<tr>\n<td>\u27a1\ufe0f Lancement de campagnes de sensibilisation<\/td>\n<td>#Promouvoir un environnement de travail sain<\/td>\n<\/tr>\n<\/tbody>\n<\/table><\/figure>\n\n<p>Des discussions ouvertes entre la mairie et les repr\u00e9sentants syndicaux sont donc n\u00e9cessaires pour mettre un terme \u00e0 cette exploitation qui nuit \u00e0 la mission \u00e9ducative de l\u2019\u00e9tablissement. Seule une approche transformative, bas\u00e9e sur l&rsquo;\u00e9coute et le respect mutuel, pourra faire avancer les choses.<\/p>\n\n<h2 class=\"wp-block-heading\">Comment cette affaire pourrait changer les mentalit\u00e9s ?<\/h2>\n\n<p>Il est ind\u00e9niable que cette affaire marque une \u00e9tape importante dans la prise de conscience collective autour des conditions de travail au sein des collectivit\u00e9s locales. En r\u00e9v\u00e9lant des cas d&rsquo;exploitation \u00e9vidente, elle incite \u00e0 une r\u00e9flexion plus profonde : sommes-nous vraiment pr\u00eats \u00e0 accepter que de tels abus perdurent ? Dans un monde id\u00e9al, chaque travailleur devrait se sentir valoris\u00e9 et respect\u00e9, quelles que soient ses fonctions.<\/p>\n\n<p>Le traitement r\u00e9serv\u00e9 aux gardiens d&rsquo;\u00e9cole, par exemple, doit \u00eatre consid\u00e9r\u00e9 comme une priorit\u00e9. Ceci pose plusieurs questions : les municipalit\u00e9s feront-elles preuve de proactivit\u00e9 pour s&rsquo;assurer que ce type d&rsquo;abus ne se reproduise pas ? Les agents apprendront-ils \u00e0 faire valoir leurs droits sans crainte de repr\u00e9sailles ? Les valeurs de la justice sociale et de l&rsquo;\u00e9quit\u00e9 devraient-elles \u00eatre plac\u00e9es au c\u0153ur de la gestion des <strong>collectivit\u00e9s locales<\/strong> ? Le changement commence souvent par une prise de conscience collective.<\/p>\n\n<ul class=\"wp-block-list\"><li>\ud83d\udcd6 Education sur les droits des travailleurs<\/li><li>\ud83d\udee1\ufe0f D\u00e9veloppement de protections plus solides<\/li><li>\ud83d\udce2 Placer les besoins des employ\u00e9s au centre des d\u00e9cisions<\/li><\/ul>\n\n<p>Une culture organisationnelle qui encourage le droit \u00e0 un travail digne peut modifier les mentalit\u00e9s \u00e0 long terme. Au-del\u00e0 de la l\u00e9gislation, il est essentiel que l&rsquo;\u00e9thique du travail deviennent la norme dans tous les domaines, et au m\u00eame titre, que les <strong>droits des travailleurs<\/strong> soient universellement respect\u00e9s, non seulement en th\u00e9orie mais aussi en pratique.<\/p>\n\n<h2 class=\"wp-block-heading\">Vers un avenir plus juste<\/h2>\n\n<p>Face aux enjeux soulev\u00e9s par cette affaire, il est primordial de militer pour un avenir o\u00f9 les droits des travailleurs sont respect\u00e9s et d\u00e9fendus. Cette dynamique ne peut se fonder que sur une base solide, o\u00f9 chaque agent, qu&rsquo;il soit enseignant, administratif ou gardien, est trait\u00e9 avec dignit\u00e9 et respect. Quelles solutions pr\u00e9coniser pour cr\u00e9er un climat de travail sain ? Voici quelques pistes :<\/p>\n\n<figure class=\"wp-block-table\"><table>\n<thead>\n<tr>\n<th>Solutions propos\u00e9es<\/th>\n<th>Impact positif attendu<\/th>\n<\/tr>\n<\/thead>\n<tbody>\n<tr>\n<td>\ud83d\udcac Dialogue ouvert<\/td>\n<td>Rapprochement entre la direction et le personnel<\/td>\n<\/tr>\n<tr>\n<td>\ud83d\udca1 Formations \u00e0 la gestion des conflits<\/td>\n<td>Sensibiliser aux droits et protections<\/td>\n<\/tr>\n<tr>\n<td>\ud83c\udf0d Initiatives locales pour le bien-\u00eatre au travail<\/td>\n<td>Am\u00e9liorer l&rsquo;ambiance professionnelle<\/td>\n<\/tr>\n<\/tbody>\n<\/table><\/figure>\n\n<p>La mairie est donc face \u00e0 un vrai d\u00e9fi : \u00eatre \u00e0 l&rsquo;\u00e9coute des pr\u00e9occupations des agents et mettre en place un cadre de travail qui refl\u00e8te les valeurs d\u2019\u00e9quit\u00e9 et de justice sociale. Finalement, il s&rsquo;agit de construire un environnement o\u00f9 chacun se sent valoris\u00e9 et respect\u00e9, car en fin de compte, un personnel heureux est un personnel efficace.<\/p>\n\n<h2 class=\"wp-block-heading\">FAQ<\/h2>\n\n<p>Voici quelques questions fr\u00e9quentes concernant cette affaire :<\/p>\n\n<ul class=\"wp-block-list\"><li><strong>Quelles sont les cons\u00e9quences pour la mairie de Lyon ?<\/strong> La mairie est tenue de indemniser le gardien d&rsquo;\u00e9cole pour les heures suppl\u00e9mentaires non r\u00e9mun\u00e9r\u00e9es.<\/li><li><strong>Quelles mesures peuvent \u00eatre mises en place pour \u00e9viter de telles situations ?<\/strong> La cr\u00e9ation d&rsquo;un code des droits des travailleurs et des formations d\u00e9di\u00e9es sont fortement conseill\u00e9es.<\/li><li><strong>Comment les syndicats peuvent-ils intervenir ?<\/strong> Ils peuvent jouer un r\u00f4le de sensibilisation et d&rsquo;\u00e9ducation sur les droits des travailleurs.<\/li><li><strong>Quel est l&rsquo;impact sur le secteur \u00e9ducatif ?<\/strong> Cela soul\u00e8ve une r\u00e9flexion sur les conditions de travail au sein des \u00e9coles, incitant \u00e0 un changement positif.<\/li><li><strong>Les collectivit\u00e9s locales doivent-elles \u00eatre plus vigilantes ?<\/strong> Oui, elles doivent veiller \u00e0 respecter les droits des employ\u00e9s et garantir des conditions de travail justes.<\/li><\/ul>\n\n","protected":false},"excerpt":{"rendered":"<p>Dans un contexte o\u00f9 la justice sociale \u00e9merge comme un enjeu majeur, la mairie de Lyon se voit mise en lumi\u00e8re pour avoir exploit\u00e9 un gardien d\u2019\u00e9cole, en exigeant en contrepartie de son logement des heures de travail non r\u00e9mun\u00e9r\u00e9es. Cette situation soul\u00e8ve de nombreuses interrogations sur le respect des droits des travailleurs au sein &#8230; <a title=\"La mairie de Lyon sanctionn\u00e9e pour avoir exploit\u00e9 un gardien d&rsquo;\u00e9cole en \u00e9change d&rsquo;un logement\" class=\"read-more\" href=\"https:\/\/www.apres-lecole.fr\/Blog\/mairie-lyon-sanction-garde\/\" aria-label=\"En savoir plus sur La mairie de Lyon sanctionn\u00e9e pour avoir exploit\u00e9 un gardien d&rsquo;\u00e9cole en \u00e9change d&rsquo;un logement\">Lire plus<\/a><\/p>\n","protected":false},"author":9,"featured_media":1900,"comment_status":"open","ping_status":"open","sticky":false,"template":"","format":"standard","meta":{"footnotes":""},"categories":[342],"tags":[742,743,744,740,741],"class_list":["post-1901","post","type-post","status-publish","format-standard","has-post-thumbnail","hentry","category-actualites","tag-exploitation","tag-gardien-decole","tag-logement","tag-mairie-de-lyon","tag-sanction"],"yoast_head":"<!-- This site is optimized with the Yoast SEO plugin v27.5 - https:\/\/yoast.com\/product\/yoast-seo-wordpress\/ -->\n<title>Lyon : la mairie sous le feu des critiques pour l&#039;exploitation d&#039;un gardien d&#039;\u00e9cole<\/title>\n<meta name=\"description\" content=\"D\u00e9couvrez comment la mairie de Lyon a \u00e9t\u00e9 sanctionn\u00e9e pour avoir exploit\u00e9 un gardien d&#039;\u00e9cole en \u00e9change d&#039;un logement. Cette affaire soul\u00e8ve des questions importantes sur le droit du travail et la protection des employ\u00e9s dans le secteur public. Informez-vous sur les d\u00e9tails de cette situation et ses implications pour la ville de Lyon.\" \/>\n<meta name=\"robots\" content=\"index, follow, max-snippet:-1, max-image-preview:large, max-video-preview:-1\" \/>\n<link rel=\"canonical\" href=\"https:\/\/www.apres-lecole.fr\/Blog\/mairie-lyon-sanction-garde\/\" \/>\n<meta property=\"og:locale\" content=\"fr_FR\" \/>\n<meta property=\"og:type\" content=\"article\" \/>\n<meta property=\"og:title\" content=\"Lyon : la mairie sous le feu des critiques pour l&#039;exploitation d&#039;un gardien d&#039;\u00e9cole\" \/>\n<meta property=\"og:description\" content=\"D\u00e9couvrez comment la mairie de Lyon a \u00e9t\u00e9 sanctionn\u00e9e pour avoir exploit\u00e9 un gardien d&#039;\u00e9cole en \u00e9change d&#039;un logement. Cette affaire soul\u00e8ve des questions importantes sur le droit du travail et la protection des employ\u00e9s dans le secteur public. Informez-vous sur les d\u00e9tails de cette situation et ses implications pour la ville de Lyon.\" \/>\n<meta property=\"og:url\" content=\"https:\/\/www.apres-lecole.fr\/Blog\/mairie-lyon-sanction-garde\/\" \/>\n<meta property=\"article:published_time\" content=\"2025-04-28T07:10:17+00:00\" \/>\n<meta property=\"og:image\" content=\"https:\/\/www.apres-lecole.fr\/Blog\/wp-content\/uploads\/2025\/04\/La-mairie-de-Lyon-sanctionnee-pour-avoir-exploite-un-gardien-decole-en-echange-dun-logement.jpg\" \/>\n\t<meta property=\"og:image:width\" content=\"1344\" \/>\n\t<meta property=\"og:image:height\" content=\"768\" \/>\n\t<meta property=\"og:image:type\" content=\"image\/jpeg\" \/>\n<meta name=\"author\" content=\"Eva Martin\" \/>\n<meta name=\"twitter:card\" content=\"summary_large_image\" \/>\n<meta name=\"twitter:creator\" content=\"@Evaapresecole\" \/>\n<meta name=\"twitter:label1\" content=\"\u00c9crit par\" \/>\n\t<meta name=\"twitter:data1\" content=\"Eva Martin\" \/>\n\t<meta name=\"twitter:label2\" content=\"Dur\u00e9e de lecture estim\u00e9e\" \/>\n\t<meta name=\"twitter:data2\" content=\"8 minutes\" \/>\n<script type=\"application\/ld+json\" class=\"yoast-schema-graph\">{\"@context\":\"https:\\\/\\\/schema.org\",\"@graph\":[{\"@type\":\"Article\",\"@id\":\"https:\\\/\\\/www.apres-lecole.fr\\\/Blog\\\/mairie-lyon-sanction-garde\\\/#article\",\"isPartOf\":{\"@id\":\"https:\\\/\\\/www.apres-lecole.fr\\\/Blog\\\/mairie-lyon-sanction-garde\\\/\"},\"author\":{\"name\":\"Eva Martin\",\"@id\":\"https:\\\/\\\/www.apres-lecole.fr\\\/Blog\\\/#\\\/schema\\\/person\\\/aeb50cd4b51fc69da155804bb5bb9fc4\"},\"headline\":\"La mairie de Lyon sanctionn\u00e9e pour avoir exploit\u00e9 un gardien d&rsquo;\u00e9cole en \u00e9change d&rsquo;un logement\",\"datePublished\":\"2025-04-28T07:10:17+00:00\",\"mainEntityOfPage\":{\"@id\":\"https:\\\/\\\/www.apres-lecole.fr\\\/Blog\\\/mairie-lyon-sanction-garde\\\/\"},\"wordCount\":1540,\"commentCount\":0,\"image\":{\"@id\":\"https:\\\/\\\/www.apres-lecole.fr\\\/Blog\\\/mairie-lyon-sanction-garde\\\/#primaryimage\"},\"thumbnailUrl\":\"https:\\\/\\\/www.apres-lecole.fr\\\/Blog\\\/wp-content\\\/uploads\\\/2025\\\/04\\\/La-mairie-de-Lyon-sanctionnee-pour-avoir-exploite-un-gardien-decole-en-echange-dun-logement.jpg\",\"keywords\":[\"exploitation\",\"gardien d'\u00e9cole\",\"logement\",\"mairie de lyon\",\"sanction\"],\"articleSection\":[\"Actualit\u00e9s\"],\"inLanguage\":\"fr-FR\",\"potentialAction\":[{\"@type\":\"CommentAction\",\"name\":\"Comment\",\"target\":[\"https:\\\/\\\/www.apres-lecole.fr\\\/Blog\\\/mairie-lyon-sanction-garde\\\/#respond\"]}]},{\"@type\":\"WebPage\",\"@id\":\"https:\\\/\\\/www.apres-lecole.fr\\\/Blog\\\/mairie-lyon-sanction-garde\\\/\",\"url\":\"https:\\\/\\\/www.apres-lecole.fr\\\/Blog\\\/mairie-lyon-sanction-garde\\\/\",\"name\":\"Lyon : la mairie sous le feu des critiques pour l'exploitation d'un gardien d'\u00e9cole\",\"isPartOf\":{\"@id\":\"https:\\\/\\\/www.apres-lecole.fr\\\/Blog\\\/#website\"},\"primaryImageOfPage\":{\"@id\":\"https:\\\/\\\/www.apres-lecole.fr\\\/Blog\\\/mairie-lyon-sanction-garde\\\/#primaryimage\"},\"image\":{\"@id\":\"https:\\\/\\\/www.apres-lecole.fr\\\/Blog\\\/mairie-lyon-sanction-garde\\\/#primaryimage\"},\"thumbnailUrl\":\"https:\\\/\\\/www.apres-lecole.fr\\\/Blog\\\/wp-content\\\/uploads\\\/2025\\\/04\\\/La-mairie-de-Lyon-sanctionnee-pour-avoir-exploite-un-gardien-decole-en-echange-dun-logement.jpg\",\"datePublished\":\"2025-04-28T07:10:17+00:00\",\"author\":{\"@id\":\"https:\\\/\\\/www.apres-lecole.fr\\\/Blog\\\/#\\\/schema\\\/person\\\/aeb50cd4b51fc69da155804bb5bb9fc4\"},\"description\":\"D\u00e9couvrez comment la mairie de Lyon a \u00e9t\u00e9 sanctionn\u00e9e pour avoir exploit\u00e9 un gardien d'\u00e9cole en \u00e9change d'un logement. Cette affaire soul\u00e8ve des questions importantes sur le droit du travail et la protection des employ\u00e9s dans le secteur public. Informez-vous sur les d\u00e9tails de cette situation et ses implications pour la ville de Lyon.\",\"breadcrumb\":{\"@id\":\"https:\\\/\\\/www.apres-lecole.fr\\\/Blog\\\/mairie-lyon-sanction-garde\\\/#breadcrumb\"},\"inLanguage\":\"fr-FR\",\"potentialAction\":[{\"@type\":\"ReadAction\",\"target\":[\"https:\\\/\\\/www.apres-lecole.fr\\\/Blog\\\/mairie-lyon-sanction-garde\\\/\"]}]},{\"@type\":\"ImageObject\",\"inLanguage\":\"fr-FR\",\"@id\":\"https:\\\/\\\/www.apres-lecole.fr\\\/Blog\\\/mairie-lyon-sanction-garde\\\/#primaryimage\",\"url\":\"https:\\\/\\\/www.apres-lecole.fr\\\/Blog\\\/wp-content\\\/uploads\\\/2025\\\/04\\\/La-mairie-de-Lyon-sanctionnee-pour-avoir-exploite-un-gardien-decole-en-echange-dun-logement.jpg\",\"contentUrl\":\"https:\\\/\\\/www.apres-lecole.fr\\\/Blog\\\/wp-content\\\/uploads\\\/2025\\\/04\\\/La-mairie-de-Lyon-sanctionnee-pour-avoir-exploite-un-gardien-decole-en-echange-dun-logement.jpg\",\"width\":1344,\"height\":768,\"caption\":\"d\u00e9couvrez comment la mairie de lyon a \u00e9t\u00e9 sanctionn\u00e9e pour avoir exploit\u00e9 un gardien d'\u00e9cole en lui offrant un logement en \u00e9change de son travail. une affaire qui soul\u00e8ve des questions sur les pratiques d'emploi et le respect des droits des travailleurs.\"},{\"@type\":\"BreadcrumbList\",\"@id\":\"https:\\\/\\\/www.apres-lecole.fr\\\/Blog\\\/mairie-lyon-sanction-garde\\\/#breadcrumb\",\"itemListElement\":[{\"@type\":\"ListItem\",\"position\":1,\"name\":\"Home\",\"item\":\"https:\\\/\\\/www.apres-lecole.fr\\\/Blog\\\/\"},{\"@type\":\"ListItem\",\"position\":2,\"name\":\"La mairie de Lyon sanctionn\u00e9e pour avoir exploit\u00e9 un gardien d&rsquo;\u00e9cole en \u00e9change d&rsquo;un logement\"}]},{\"@type\":\"WebSite\",\"@id\":\"https:\\\/\\\/www.apres-lecole.fr\\\/Blog\\\/#website\",\"url\":\"https:\\\/\\\/www.apres-lecole.fr\\\/Blog\\\/\",\"name\":\"\",\"description\":\"M\u00e9dia g\u00e9n\u00e9raliste\",\"potentialAction\":[{\"@type\":\"SearchAction\",\"target\":{\"@type\":\"EntryPoint\",\"urlTemplate\":\"https:\\\/\\\/www.apres-lecole.fr\\\/Blog\\\/?s={search_term_string}\"},\"query-input\":{\"@type\":\"PropertyValueSpecification\",\"valueRequired\":true,\"valueName\":\"search_term_string\"}}],\"inLanguage\":\"fr-FR\"},{\"@type\":\"Person\",\"@id\":\"https:\\\/\\\/www.apres-lecole.fr\\\/Blog\\\/#\\\/schema\\\/person\\\/aeb50cd4b51fc69da155804bb5bb9fc4\",\"name\":\"Eva Martin\",\"image\":{\"@type\":\"ImageObject\",\"inLanguage\":\"fr-FR\",\"@id\":\"https:\\\/\\\/secure.gravatar.com\\\/avatar\\\/55c53222558b27a72015a64073a80edce4abd33369394b9bf2c5cd6c19d12682?s=96&d=mm&r=g\",\"url\":\"https:\\\/\\\/secure.gravatar.com\\\/avatar\\\/55c53222558b27a72015a64073a80edce4abd33369394b9bf2c5cd6c19d12682?s=96&d=mm&r=g\",\"contentUrl\":\"https:\\\/\\\/secure.gravatar.com\\\/avatar\\\/55c53222558b27a72015a64073a80edce4abd33369394b9bf2c5cd6c19d12682?s=96&d=mm&r=g\",\"caption\":\"Eva Martin\"},\"description\":\"Je parle de business et d'entrepreneuriat avec des conseils clairs, concrets et actionnables pour r\u00e9ussir\",\"sameAs\":[\"https:\\\/\\\/x.com\\\/Evaapresecole\"],\"url\":\"https:\\\/\\\/www.apres-lecole.fr\\\/Blog\\\/author\\\/evamartin\\\/\"}]}<\/script>\n<!-- \/ Yoast SEO plugin. -->","yoast_head_json":{"title":"Lyon : la mairie sous le feu des critiques pour l'exploitation d'un gardien d'\u00e9cole","description":"D\u00e9couvrez comment la mairie de Lyon a \u00e9t\u00e9 sanctionn\u00e9e pour avoir exploit\u00e9 un gardien d'\u00e9cole en \u00e9change d'un logement. Cette affaire soul\u00e8ve des questions importantes sur le droit du travail et la protection des employ\u00e9s dans le secteur public. Informez-vous sur les d\u00e9tails de cette situation et ses implications pour la ville de Lyon.","robots":{"index":"index","follow":"follow","max-snippet":"max-snippet:-1","max-image-preview":"max-image-preview:large","max-video-preview":"max-video-preview:-1"},"canonical":"https:\/\/www.apres-lecole.fr\/Blog\/mairie-lyon-sanction-garde\/","og_locale":"fr_FR","og_type":"article","og_title":"Lyon : la mairie sous le feu des critiques pour l'exploitation d'un gardien d'\u00e9cole","og_description":"D\u00e9couvrez comment la mairie de Lyon a \u00e9t\u00e9 sanctionn\u00e9e pour avoir exploit\u00e9 un gardien d'\u00e9cole en \u00e9change d'un logement. Cette affaire soul\u00e8ve des questions importantes sur le droit du travail et la protection des employ\u00e9s dans le secteur public. Informez-vous sur les d\u00e9tails de cette situation et ses implications pour la ville de Lyon.","og_url":"https:\/\/www.apres-lecole.fr\/Blog\/mairie-lyon-sanction-garde\/","article_published_time":"2025-04-28T07:10:17+00:00","og_image":[{"width":1344,"height":768,"url":"https:\/\/www.apres-lecole.fr\/Blog\/wp-content\/uploads\/2025\/04\/La-mairie-de-Lyon-sanctionnee-pour-avoir-exploite-un-gardien-decole-en-echange-dun-logement.jpg","type":"image\/jpeg"}],"author":"Eva Martin","twitter_card":"summary_large_image","twitter_creator":"@Evaapresecole","twitter_misc":{"\u00c9crit par":"Eva Martin","Dur\u00e9e de lecture estim\u00e9e":"8 minutes"},"schema":{"@context":"https:\/\/schema.org","@graph":[{"@type":"Article","@id":"https:\/\/www.apres-lecole.fr\/Blog\/mairie-lyon-sanction-garde\/#article","isPartOf":{"@id":"https:\/\/www.apres-lecole.fr\/Blog\/mairie-lyon-sanction-garde\/"},"author":{"name":"Eva Martin","@id":"https:\/\/www.apres-lecole.fr\/Blog\/#\/schema\/person\/aeb50cd4b51fc69da155804bb5bb9fc4"},"headline":"La mairie de Lyon sanctionn\u00e9e pour avoir exploit\u00e9 un gardien d&rsquo;\u00e9cole en \u00e9change d&rsquo;un logement","datePublished":"2025-04-28T07:10:17+00:00","mainEntityOfPage":{"@id":"https:\/\/www.apres-lecole.fr\/Blog\/mairie-lyon-sanction-garde\/"},"wordCount":1540,"commentCount":0,"image":{"@id":"https:\/\/www.apres-lecole.fr\/Blog\/mairie-lyon-sanction-garde\/#primaryimage"},"thumbnailUrl":"https:\/\/www.apres-lecole.fr\/Blog\/wp-content\/uploads\/2025\/04\/La-mairie-de-Lyon-sanctionnee-pour-avoir-exploite-un-gardien-decole-en-echange-dun-logement.jpg","keywords":["exploitation","gardien d'\u00e9cole","logement","mairie de lyon","sanction"],"articleSection":["Actualit\u00e9s"],"inLanguage":"fr-FR","potentialAction":[{"@type":"CommentAction","name":"Comment","target":["https:\/\/www.apres-lecole.fr\/Blog\/mairie-lyon-sanction-garde\/#respond"]}]},{"@type":"WebPage","@id":"https:\/\/www.apres-lecole.fr\/Blog\/mairie-lyon-sanction-garde\/","url":"https:\/\/www.apres-lecole.fr\/Blog\/mairie-lyon-sanction-garde\/","name":"Lyon : la mairie sous le feu des critiques pour l'exploitation d'un gardien d'\u00e9cole","isPartOf":{"@id":"https:\/\/www.apres-lecole.fr\/Blog\/#website"},"primaryImageOfPage":{"@id":"https:\/\/www.apres-lecole.fr\/Blog\/mairie-lyon-sanction-garde\/#primaryimage"},"image":{"@id":"https:\/\/www.apres-lecole.fr\/Blog\/mairie-lyon-sanction-garde\/#primaryimage"},"thumbnailUrl":"https:\/\/www.apres-lecole.fr\/Blog\/wp-content\/uploads\/2025\/04\/La-mairie-de-Lyon-sanctionnee-pour-avoir-exploite-un-gardien-decole-en-echange-dun-logement.jpg","datePublished":"2025-04-28T07:10:17+00:00","author":{"@id":"https:\/\/www.apres-lecole.fr\/Blog\/#\/schema\/person\/aeb50cd4b51fc69da155804bb5bb9fc4"},"description":"D\u00e9couvrez comment la mairie de Lyon a \u00e9t\u00e9 sanctionn\u00e9e pour avoir exploit\u00e9 un gardien d'\u00e9cole en \u00e9change d'un logement. Cette affaire soul\u00e8ve des questions importantes sur le droit du travail et la protection des employ\u00e9s dans le secteur public. Informez-vous sur les d\u00e9tails de cette situation et ses implications pour la ville de Lyon.","breadcrumb":{"@id":"https:\/\/www.apres-lecole.fr\/Blog\/mairie-lyon-sanction-garde\/#breadcrumb"},"inLanguage":"fr-FR","potentialAction":[{"@type":"ReadAction","target":["https:\/\/www.apres-lecole.fr\/Blog\/mairie-lyon-sanction-garde\/"]}]},{"@type":"ImageObject","inLanguage":"fr-FR","@id":"https:\/\/www.apres-lecole.fr\/Blog\/mairie-lyon-sanction-garde\/#primaryimage","url":"https:\/\/www.apres-lecole.fr\/Blog\/wp-content\/uploads\/2025\/04\/La-mairie-de-Lyon-sanctionnee-pour-avoir-exploite-un-gardien-decole-en-echange-dun-logement.jpg","contentUrl":"https:\/\/www.apres-lecole.fr\/Blog\/wp-content\/uploads\/2025\/04\/La-mairie-de-Lyon-sanctionnee-pour-avoir-exploite-un-gardien-decole-en-echange-dun-logement.jpg","width":1344,"height":768,"caption":"d\u00e9couvrez comment la mairie de lyon a \u00e9t\u00e9 sanctionn\u00e9e pour avoir exploit\u00e9 un gardien d'\u00e9cole en lui offrant un logement en \u00e9change de son travail. une affaire qui soul\u00e8ve des questions sur les pratiques d'emploi et le respect des droits des travailleurs."},{"@type":"BreadcrumbList","@id":"https:\/\/www.apres-lecole.fr\/Blog\/mairie-lyon-sanction-garde\/#breadcrumb","itemListElement":[{"@type":"ListItem","position":1,"name":"Home","item":"https:\/\/www.apres-lecole.fr\/Blog\/"},{"@type":"ListItem","position":2,"name":"La mairie de Lyon sanctionn\u00e9e pour avoir exploit\u00e9 un gardien d&rsquo;\u00e9cole en \u00e9change d&rsquo;un logement"}]},{"@type":"WebSite","@id":"https:\/\/www.apres-lecole.fr\/Blog\/#website","url":"https:\/\/www.apres-lecole.fr\/Blog\/","name":"","description":"M\u00e9dia g\u00e9n\u00e9raliste","potentialAction":[{"@type":"SearchAction","target":{"@type":"EntryPoint","urlTemplate":"https:\/\/www.apres-lecole.fr\/Blog\/?s={search_term_string}"},"query-input":{"@type":"PropertyValueSpecification","valueRequired":true,"valueName":"search_term_string"}}],"inLanguage":"fr-FR"},{"@type":"Person","@id":"https:\/\/www.apres-lecole.fr\/Blog\/#\/schema\/person\/aeb50cd4b51fc69da155804bb5bb9fc4","name":"Eva Martin","image":{"@type":"ImageObject","inLanguage":"fr-FR","@id":"https:\/\/secure.gravatar.com\/avatar\/55c53222558b27a72015a64073a80edce4abd33369394b9bf2c5cd6c19d12682?s=96&d=mm&r=g","url":"https:\/\/secure.gravatar.com\/avatar\/55c53222558b27a72015a64073a80edce4abd33369394b9bf2c5cd6c19d12682?s=96&d=mm&r=g","contentUrl":"https:\/\/secure.gravatar.com\/avatar\/55c53222558b27a72015a64073a80edce4abd33369394b9bf2c5cd6c19d12682?s=96&d=mm&r=g","caption":"Eva Martin"},"description":"Je parle de business et d'entrepreneuriat avec des conseils clairs, concrets et actionnables pour r\u00e9ussir","sameAs":["https:\/\/x.com\/Evaapresecole"],"url":"https:\/\/www.apres-lecole.fr\/Blog\/author\/evamartin\/"}]}},"views":14,"_links":{"self":[{"href":"https:\/\/www.apres-lecole.fr\/Blog\/wp-json\/wp\/v2\/posts\/1901","targetHints":{"allow":["GET"]}}],"collection":[{"href":"https:\/\/www.apres-lecole.fr\/Blog\/wp-json\/wp\/v2\/posts"}],"about":[{"href":"https:\/\/www.apres-lecole.fr\/Blog\/wp-json\/wp\/v2\/types\/post"}],"author":[{"embeddable":true,"href":"https:\/\/www.apres-lecole.fr\/Blog\/wp-json\/wp\/v2\/users\/9"}],"replies":[{"embeddable":true,"href":"https:\/\/www.apres-lecole.fr\/Blog\/wp-json\/wp\/v2\/comments?post=1901"}],"version-history":[{"count":0,"href":"https:\/\/www.apres-lecole.fr\/Blog\/wp-json\/wp\/v2\/posts\/1901\/revisions"}],"wp:featuredmedia":[{"embeddable":true,"href":"https:\/\/www.apres-lecole.fr\/Blog\/wp-json\/wp\/v2\/media\/1900"}],"wp:attachment":[{"href":"https:\/\/www.apres-lecole.fr\/Blog\/wp-json\/wp\/v2\/media?parent=1901"}],"wp:term":[{"taxonomy":"category","embeddable":true,"href":"https:\/\/www.apres-lecole.fr\/Blog\/wp-json\/wp\/v2\/categories?post=1901"},{"taxonomy":"post_tag","embeddable":true,"href":"https:\/\/www.apres-lecole.fr\/Blog\/wp-json\/wp\/v2\/tags?post=1901"}],"curies":[{"name":"wp","href":"https:\/\/api.w.org\/{rel}","templated":true}]}}