{"id":1899,"date":"2025-04-27T21:34:16","date_gmt":"2025-04-27T21:34:16","guid":{"rendered":"https:\/\/www.apres-lecole.fr\/Blog\/manquer-ecole-weekends-mai\/"},"modified":"2025-04-27T21:34:16","modified_gmt":"2025-04-27T21:34:16","slug":"manquer-ecole-weekends-mai","status":"publish","type":"post","link":"https:\/\/www.apres-lecole.fr\/Blog\/manquer-ecole-weekends-mai\/","title":{"rendered":"est-il acceptable de faire manquer l&rsquo;\u00e9cole \u00e0 ses enfants pendant les week-ends prolong\u00e9s de mai ?"},"content":{"rendered":"\n\n<div class=\"kk-star-ratings kksr-auto kksr-align-left kksr-valign-top\"\n    data-payload='{&quot;align&quot;:&quot;left&quot;,&quot;id&quot;:&quot;1899&quot;,&quot;slug&quot;:&quot;default&quot;,&quot;valign&quot;:&quot;top&quot;,&quot;ignore&quot;:&quot;&quot;,&quot;reference&quot;:&quot;auto&quot;,&quot;class&quot;:&quot;&quot;,&quot;count&quot;:&quot;0&quot;,&quot;legendonly&quot;:&quot;&quot;,&quot;readonly&quot;:&quot;&quot;,&quot;score&quot;:&quot;0&quot;,&quot;starsonly&quot;:&quot;&quot;,&quot;best&quot;:&quot;5&quot;,&quot;gap&quot;:&quot;5&quot;,&quot;greet&quot;:&quot;Rate this post&quot;,&quot;legend&quot;:&quot;0\\\/5 - (0 vote)&quot;,&quot;size&quot;:&quot;24&quot;,&quot;title&quot;:&quot;est-il acceptable de faire manquer l\\u0026#039;\u00e9cole \u00e0 ses enfants pendant les week-ends prolong\u00e9s de mai ?&quot;,&quot;width&quot;:&quot;0&quot;,&quot;_legend&quot;:&quot;{score}\\\/{best} - ({count} {votes})&quot;,&quot;font_factor&quot;:&quot;1.25&quot;}'>\n            \n<div class=\"kksr-stars\">\n    \n<div class=\"kksr-stars-inactive\">\n            <div class=\"kksr-star\" data-star=\"1\" style=\"padding-right: 5px\">\n            \n\n<div class=\"kksr-icon\" style=\"width: 24px; height: 24px;\"><\/div>\n        <\/div>\n            <div class=\"kksr-star\" data-star=\"2\" style=\"padding-right: 5px\">\n            \n\n<div class=\"kksr-icon\" style=\"width: 24px; height: 24px;\"><\/div>\n        <\/div>\n            <div class=\"kksr-star\" data-star=\"3\" style=\"padding-right: 5px\">\n            \n\n<div class=\"kksr-icon\" style=\"width: 24px; height: 24px;\"><\/div>\n        <\/div>\n            <div class=\"kksr-star\" data-star=\"4\" style=\"padding-right: 5px\">\n            \n\n<div class=\"kksr-icon\" style=\"width: 24px; height: 24px;\"><\/div>\n        <\/div>\n            <div class=\"kksr-star\" data-star=\"5\" style=\"padding-right: 5px\">\n            \n\n<div class=\"kksr-icon\" style=\"width: 24px; height: 24px;\"><\/div>\n        <\/div>\n    <\/div>\n    \n<div class=\"kksr-stars-active\" style=\"width: 0px;\">\n            <div class=\"kksr-star\" style=\"padding-right: 5px\">\n            \n\n<div class=\"kksr-icon\" style=\"width: 24px; height: 24px;\"><\/div>\n        <\/div>\n            <div class=\"kksr-star\" style=\"padding-right: 5px\">\n            \n\n<div class=\"kksr-icon\" style=\"width: 24px; height: 24px;\"><\/div>\n        <\/div>\n            <div class=\"kksr-star\" style=\"padding-right: 5px\">\n            \n\n<div class=\"kksr-icon\" style=\"width: 24px; height: 24px;\"><\/div>\n        <\/div>\n            <div class=\"kksr-star\" style=\"padding-right: 5px\">\n            \n\n<div class=\"kksr-icon\" style=\"width: 24px; height: 24px;\"><\/div>\n        <\/div>\n            <div class=\"kksr-star\" style=\"padding-right: 5px\">\n            \n\n<div class=\"kksr-icon\" style=\"width: 24px; height: 24px;\"><\/div>\n        <\/div>\n    <\/div>\n<\/div>\n                \n\n<div class=\"kksr-legend\" style=\"font-size: 19.2px;\">\n            <span class=\"kksr-muted\">Rate this post<\/span>\n    <\/div>\n    <\/div>\n<p>Les week-ends prolong\u00e9s de mai en France, tels que le pont du 1er mai ou celui de l&rsquo;Ascension, sont souvent per\u00e7us comme une occasion en or pour les familles de partir en escapade. Mais sont-ils v\u00e9ritablement des opportunit\u00e9s \u00e0 saisir pour faire manquer l&rsquo;\u00e9cole \u00e0 ses enfants ? Quelles sont les cons\u00e9quences de telles d\u00e9cisions sur la vie des \u00e9l\u00e8ves et des parents ? Voici un tour d&rsquo;horizon des enjeux autour de l&rsquo;absent\u00e9isme scolaire lors des ponts de mai.<\/p>\n\n<h2 class=\"wp-block-heading\">Pont du mois de mai : les parents ont-ils le droit de faire manquer l&rsquo;\u00e9cole \u00e0 leurs enfants ?<\/h2>\n\n<p>En France, il est clair qu&rsquo;il existe des r\u00e8gles strictes en mati\u00e8re d&rsquo;<strong>\u00e9ducation<\/strong> et d&rsquo;absent\u00e9isme. Le Code de l&rsquo;\u00e9ducation stipule que l&rsquo;assiduit\u00e9 scolaire est obligatoire d\u00e8s l&rsquo;\u00e2ge de 3 ans. Pourtant, lors des ponts de mai, de nombreux parents se demandent si cette r\u00e8gle s&rsquo;applique toujours. En 2023 et 2025, le calendrier scolaire a \u00e9t\u00e9 mis \u00e0 jour pour indiquer que seul le pont de l\u2019Ascension (qui se situe \u00e0 la fin mai) est officiellement reconnu. Les autres jours, par exemple le 2 et le 9 mai, sont des jours de classe obligatoires.<\/p>\n\n<p>Les raisons d\u2019absences acceptables sont limit\u00e9es. Selon les textes, les seules justifications valables pour un enfant ne se rendant pas \u00e0 l&rsquo;\u00e9cole sont :<\/p>\n\n<ul class=\"wp-block-list\"><li>\ud83d\udcc5 Maladie de l\u2019enfant ou d\u2019un proche<\/li><li>\ud83d\udc70 R\u00e9union familiale solennelle (mariage, enterrement)<\/li><li>\ud83d\ude8d Probl\u00e8mes accidentels de transport<\/li><li>\ud83e\udd1d D\u00e9placements avec les repr\u00e9sentants l\u00e9gaux en dehors des p\u00e9riodes de vacances scolaires<\/li><\/ul>\n\n<p>Tout autre motif d&rsquo;absence doit \u00eatre justifi\u00e9 au pr\u00e9alable par l&rsquo;institution scolaire, laissant peu de place \u00e0 l&rsquo;improvisation pour celles et ceux qui souhaitent profiter d\u2019un beau week-end prolong\u00e9.<\/p>\n\n<h3 class=\"wp-block-heading\">Les implications l\u00e9gales de l&rsquo;absent\u00e9isme scolaire<\/h3>\n\n<p>Faire manquer l&rsquo;\u00e9cole \u00e0 un enfant sans justification peut entra\u00eener des cons\u00e9quences s\u00e9v\u00e8res pour les parents. Le risque principal est de recevoir une amende de 135 euros, ce qui n&rsquo;est pas n\u00e9gligeable !<\/p>\n\n<p>Il est ainsi conseill\u00e9 aux parents d&rsquo;\u00eatre prudents et de bien r\u00e9fl\u00e9chir aux implications de leurs choix, surtout dans un cadre \u00e9ducatif o\u00f9 les enfants doivent \u00eatre responsabilis\u00e9s d\u00e8s leur jeune \u00e2ge. En 2023, la France a m\u00eame mis en place un dispositif d&rsquo;accompagnement pour aider les parents confront\u00e9s \u00e0 des probl\u00e9matiques d&rsquo;absent\u00e9isme scolaire, mais cela n&rsquo;\u00e9voque pas le fait de n\u00e9gliger l\u2019<strong>\u00e9ducation<\/strong> au profit de vacances.<\/p>\n\n<h3 class=\"wp-block-heading\">L&rsquo;importance de l&rsquo;assiduit\u00e9 et des rythmes scolaires<\/h3>\n\n<p>Un enfant qui manque des journ\u00e9es d&rsquo;\u00e9cole peut prendre du retard par rapport \u00e0 ses camarades. En effet, l&rsquo;<strong>apprentissage<\/strong> est un processus continu qui s&rsquo;articule autour de l&rsquo;assiduit\u00e9 et de la r\u00e9gularit\u00e9. En France, les enseignants doivent suivre un programme \u00e9ducatif pr\u00e9cis, et chaque cours est un maillon de cette cha\u00eene essentielle pour le d\u00e9veloppement intellectuel et social de l\u2019\u00e9l\u00e8ve.<\/p>\n\n<p>Imaginons, par exemple, un \u00e9l\u00e8ve qui manquerait des cours pendant les week-ends prolong\u00e9s de mai. Lors de son retour \u00e0 l\u2019\u00e9cole, il pourrait se retrouver perdu face \u00e0 des notions abord\u00e9es lors de son absence. C&rsquo;est dans ce contexte que la responsabilit\u00e9 parentale prend tout son sens ; il est crucial de veiller \u00e0 la continuit\u00e9 de l&rsquo;<strong>\u00e9ducation<\/strong> et au bien-\u00eatre des enfants.<\/p>\n\n<h3 class=\"wp-block-heading\">Les alternatives pour \u00e9quilibrer vie professionnelle et \u00e9ducation<\/h3>\n\n<p>Pour ceux qui souhaitent b\u00e9n\u00e9ficier de temps en famille sans n\u00e9gliger l&rsquo;\u00e9cole, plusieurs strat\u00e9gies peuvent \u00eatre envisag\u00e9es.<\/p>\n\n<ul class=\"wp-block-list\"><li>\ud83d\uddd3\ufe0f Planifier ses cong\u00e9s autour des vacances scolaires<\/li><li>\ud83d\udcda Encourager l&rsquo;apprentissage \u00e0 distance lorsque c&rsquo;est possible<\/li><li>\ud83c\udfd6\ufe0f Pr\u00e9f\u00e9rer des destinations proches qui permettent de revenir rapidement en classe<\/li><\/ul>\n\n<h2 class=\"wp-block-heading\">Ponts de mai : quelles sanctions si vous faites manquer l&rsquo;\u00e9cole \u00e0 vos enfants ?<\/h2>\n\n<p>Les \u00e9ventuelles sanctions encourues par les parents qui choisiraient de faire manquer l&rsquo;\u00e9cole \u00e0 leurs enfants peuvent varier en fonction de plusieurs crit\u00e8res. Par exemple, en cas d\u2019absences r\u00e9p\u00e9t\u00e9es non justifi\u00e9es, un directeur d&rsquo;\u00e9cole peut convoquer les parents pour faire le point sur la situation. Les tensions entre les familles et l\u2019institution \u00e9ducative peuvent \u00e9galement nuire \u00e0 la dynamique familiale.<\/p>\n\n<p>Pour \u00e9viter ces d\u00e9sagr\u00e9ments, un dialogue ouvert entre parents et enseignants est essentiel. Cr\u00e9er un environnement scolaire bienveillant et \u00e0 l\u2019\u00e9coute est fondamental afin que les parents se sentent en mesure de discuter de leurs pr\u00e9occupations. L&rsquo;<strong>\u00e9ducation<\/strong> doit \u00eatre une co-construction.<\/p>\n\n<h3 class=\"wp-block-heading\">Les statistiques sur l&rsquo;absent\u00e9isme scolaire en France<\/h3>\n\n<p>En France, le taux d&rsquo;absent\u00e9isme scolaire est en augmentation. D\u2019apr\u00e8s des \u00e9tudes r\u00e9centes, il s\u2019observe que pr\u00e8s de 9% des \u00e9l\u00e8ves manquent r\u00e9guli\u00e8rement l\u2019\u00e9cole sans motif valable. Cette tendance soul\u00e8ve des questions sur les responsabilit\u00e9s parentales et sur l\u2019importance d\u2019une bonne organisation familiale.<\/p>\n\n<p>Voici un tableau de statistiques bas\u00e9 sur les donn\u00e9es du minist\u00e8re de l&rsquo;\u00c9ducation nationale pour les ann\u00e9es pr\u00e9c\u00e9dentes :<\/p>\n\n<figure class=\"wp-block-table\"><table>\n<thead>\n<tr>\n<th>Ann\u00e9e<\/th>\n<th>Taux d&rsquo;absent\u00e9isme (% avant le COVID)<\/th>\n<th>Taux d&rsquo;absent\u00e9isme (% apr\u00e8s le COVID)<\/th>\n<\/tr>\n<\/thead>\n<tbody>\n<tr>\n<td>2021<\/td>\n<td>7.8<\/td>\n<td>9.1<\/td>\n<\/tr>\n<tr>\n<td>2022<\/td>\n<td>8.5<\/td>\n<td>10.2<\/td>\n<\/tr>\n<tr>\n<td>2023<\/td>\n<td>8.0<\/td>\n<td>9.5<\/td>\n<\/tr>\n<tr>\n<td>2025<\/td>\n<td>7.5<\/td>\n<td>8.7<\/td>\n<\/tr>\n<\/tbody>\n<\/table><\/figure>\n\n<h3 class=\"wp-block-heading\">Comment g\u00e9rer les clics en fin d&rsquo;ann\u00e9e ?<\/h3>\n\n<p>\u00c0 mesure que l&rsquo;ann\u00e9e scolaire touche \u00e0 sa fin, il n&rsquo;est pas rare que les parents cherchent \u00e0 faire passer leurs enfants en vacances plus t\u00f4t. Ce d\u00e9sir peut \u00eatre li\u00e9 \u00e0 plusieurs facteurs stressants, dont la charge de travail accrue des parents. Qu&rsquo;elle soit li\u00e9e \u00e0 l&rsquo;<strong>\u00e9quilibre travail-vie personnelle<\/strong> ou aux exigences de l&rsquo;<strong>\u00e9ducation<\/strong>, il est essentiel de r\u00e9fl\u00e9chir sereinement avant de prendre une d\u00e9cision h\u00e2tive. Dans cette optique, plusieurs options se pr\u00e9sentent :<\/p>\n\n<ul class=\"wp-block-list\"><li>\ud83d\udcc5 Anticiper les vacances en planifiant en amont<\/li><li>\ud83d\udc68\u200d\ud83d\udc69\u200d\ud83d\udc67\u200d\ud83d\udc66 Valoriser le temps en famille pour renforcer les liens<\/li><li>\ud83c\udf89 Profiter d&rsquo;activit\u00e9s p\u00e9riscolaires enrichissantes durant le week-end prolong\u00e9<\/li><\/ul>\n\n<h2 class=\"wp-block-heading\">Absent\u00e9isme \u00e0 l&rsquo;\u00e9cole : ce que vous risquez en tant que parent<\/h2>\n\n<p>Les parents prennent ici un r\u00f4le cl\u00e9 dans l&rsquo;\u00e9ducation de leurs enfants. La responsabilit\u00e9 parentale ne se limite pas simplement \u00e0 fournir une \u00e9ducation de qualit\u00e9, mais \u00e9galement \u00e0 veiller \u00e0 ce que leurs enfants se pr\u00e9sentent \u00e0 l&rsquo;\u00e9cole r\u00e9guli\u00e8rement. Le manque d&rsquo;<strong>\u00e9ducation<\/strong> et d&rsquo;assiduit\u00e9 peut mener \u00e0 des cons\u00e9quences n\u00e9gatives \u00e0 long terme.<\/p>\n\n<p>Les parents qui ne justifient pas les absences encourent des sanctions : elles varient d\u2019un simple avertissement \u00e0 des amendes, voire des poursuites judiciaires dans des cas extr\u00eames. Il est crucial de garder cette r\u00e9alit\u00e9 \u00e0 l&rsquo;esprit lorsqu&rsquo;on envisage de faire manquer l&rsquo;\u00e9cole \u00e0 un enfant pour partir en week-end ou en voyage.<\/p>\n\n<h3 class=\"wp-block-heading\">Comment communiquer avec l&rsquo;\u00e9cole ?<\/h3>\n\n<p>Il est essentiel d&rsquo;\u00e9tablir une communication ouverte et constructive avec l&rsquo;\u00e9tablissement scolaire. En cas de n\u00e9cessit\u00e9 d&rsquo;absence pour des raisons particuli\u00e8res, il peut \u00eatre b\u00e9n\u00e9fique d&rsquo;en discuter directement avec la direction ou les enseignants. Cela d\u00e9montre l&rsquo;engagement des parents envers l&rsquo;\u00e9ducation de leurs enfants.<\/p>\n\n<p>Avoir \u00e0 disposition un carnet de liaison o\u00f9 les parents peuvent noter des informations et des demandes peut faciliter la communication. Voici quelques conseils pratiques pour une interaction efficace :<\/p>\n\n<ul class=\"wp-block-list\"><li>\ud83d\udccd \u00c9tablir un contact r\u00e9gulier (r\u00e9unions parents-professeurs, emails)<\/li><li>\u2709\ufe0f Expliquer clairement la raison de l&rsquo;absence si n\u00e9cessaire<\/li><li>\ud83d\udcdd Noter les devoirs ou le programme de cours manqu\u00e9s<\/li><\/ul>\n\n<h3 class=\"wp-block-heading\">L\u2019impact sur le bien-\u00eatre des enfants<\/h3>\n\n<p>Manquer l&rsquo;\u00e9cole peut aussi avoir un impact sur le bien-\u00eatre \u00e9motionnel des enfants. En plus des retards sur le plan \u00e9ducatif, se sentir isol\u00e9 ou exclu de ses camarades peut cr\u00e9er des sentiments d&rsquo;anxi\u00e9t\u00e9 ou de d\u00e9ception. Les parents doivent rester attentifs au ressenti de leurs enfants \u00e0 ce sujet et travailler \u00e0 cr\u00e9er un environnement rassurant tant \u00e0 la maison qu&rsquo;\u00e0 l&rsquo;\u00e9cole.<\/p>\n\n<h2 class=\"wp-block-heading\">FAQ<\/h2>\n\n<h3 class=\"wp-block-heading\">Est-ce que je peux faire manquer l&rsquo;\u00e9cole \u00e0 mon enfant sans justification valable ?<\/h3>\n\n<p>Non, les parents sont tenus de justifier toute absence et risquent des sanctions en cas d&rsquo;absences non justifi\u00e9es.<\/p>\n\n<h3 class=\"wp-block-heading\">Quels sont les motifs d&rsquo;absence acceptables ?<\/h3>\n\n<p>Les motifs d&rsquo;absence acceptables sont : maladie de l&rsquo;enfant ou d&rsquo;un proche, mariage, enterrement, probl\u00e8mes de transport, ou autres motifs n\u00e9cessitant une autorisation de l&rsquo;\u00e9cole.<\/p>\n\n<h3 class=\"wp-block-heading\">Que risque un parent qui fait manquer l&rsquo;\u00e9cole \u00e0 son enfant ?<\/h3>\n\n<p>Un parent peut recevoir une amende de 135 euros ou \u00eatre convoqu\u00e9 par l&rsquo;\u00e9tablissement scolaire.<\/p>\n\n<h3 class=\"wp-block-heading\">Comment puis-je justifier une absence scolaire ?<\/h3>\n\n<p>Il faut adresser une demande \u00e9crite \u00e0 l&rsquo;\u00e9tablissement, en expliquant clairement la raison et en joignant les justificatifs n\u00e9cessaires.<\/p>\n\n<h3 class=\"wp-block-heading\">L&rsquo;absence \u00e0 l&rsquo;\u00e9cole peut-elle nuire aux performances de mon enfant ?<\/h3>\n\n<p>Oui, manquer l&rsquo;\u00e9cole peut provoquer un retard dans l&rsquo;apprentissage et des lacunes, ce qui peut affecter n\u00e9gativement le rendement scolaire de l&rsquo;\u00e9l\u00e8ve.<\/p>\n\n","protected":false},"excerpt":{"rendered":"<p>Les week-ends prolong\u00e9s de mai en France, tels que le pont du 1er mai ou celui de l&rsquo;Ascension, sont souvent per\u00e7us comme une occasion en or pour les familles de partir en escapade. Mais sont-ils v\u00e9ritablement des opportunit\u00e9s \u00e0 saisir pour faire manquer l&rsquo;\u00e9cole \u00e0 ses enfants ? Quelles sont les cons\u00e9quences de telles d\u00e9cisions &#8230; <a title=\"est-il acceptable de faire manquer l&rsquo;\u00e9cole \u00e0 ses enfants pendant les week-ends prolong\u00e9s de mai ?\" class=\"read-more\" href=\"https:\/\/www.apres-lecole.fr\/Blog\/manquer-ecole-weekends-mai\/\" aria-label=\"En savoir plus sur est-il acceptable de faire manquer l&rsquo;\u00e9cole \u00e0 ses enfants pendant les week-ends prolong\u00e9s de mai ?\">Lire plus<\/a><\/p>\n","protected":false},"author":9,"featured_media":1898,"comment_status":"open","ping_status":"open","sticky":false,"template":"","format":"standard","meta":{"footnotes":""},"categories":[342],"tags":[410,412,669,739,738],"class_list":["post-1899","post","type-post","status-publish","format-standard","has-post-thumbnail","hentry","category-actualites","tag-ecole","tag-education","tag-enfants","tag-mai","tag-week-end-prolonge"],"yoast_head":"<!-- This site is optimized with the Yoast SEO plugin v27.5 - https:\/\/yoast.com\/product\/yoast-seo-wordpress\/ -->\n<title>Manquer l&#039;\u00e9cole : les week-ends prolong\u00e9s de mai, ou pas ?<\/title>\n<meta name=\"description\" content=\"D\u00e9couvrez s&#039;il est acceptable de faire manquer l&#039;\u00e9cole \u00e0 vos enfants pendant les week-ends prolong\u00e9s de mai. Cet article examine les implications \u00e9ducatives et l\u00e9gales, et vous aide \u00e0 peser le pour et le contre d&#039;une absence scolaire pour profiter de moments en famille.\" \/>\n<meta name=\"robots\" content=\"index, follow, max-snippet:-1, max-image-preview:large, max-video-preview:-1\" \/>\n<link rel=\"canonical\" href=\"https:\/\/www.apres-lecole.fr\/Blog\/manquer-ecole-weekends-mai\/\" \/>\n<meta property=\"og:locale\" content=\"fr_FR\" \/>\n<meta property=\"og:type\" content=\"article\" \/>\n<meta property=\"og:title\" content=\"Manquer l&#039;\u00e9cole : les week-ends prolong\u00e9s de mai, ou pas ?\" \/>\n<meta property=\"og:description\" content=\"D\u00e9couvrez s&#039;il est acceptable de faire manquer l&#039;\u00e9cole \u00e0 vos enfants pendant les week-ends prolong\u00e9s de mai. Cet article examine les implications \u00e9ducatives et l\u00e9gales, et vous aide \u00e0 peser le pour et le contre d&#039;une absence scolaire pour profiter de moments en famille.\" \/>\n<meta property=\"og:url\" content=\"https:\/\/www.apres-lecole.fr\/Blog\/manquer-ecole-weekends-mai\/\" \/>\n<meta property=\"article:published_time\" content=\"2025-04-27T21:34:16+00:00\" \/>\n<meta property=\"og:image\" content=\"https:\/\/www.apres-lecole.fr\/Blog\/wp-content\/uploads\/2025\/04\/est-il-acceptable-de-faire-manquer-lecole-a-ses-enfants-pendant-les-week-ends-prolonges-de-mai-.jpg\" \/>\n\t<meta property=\"og:image:width\" content=\"1344\" \/>\n\t<meta property=\"og:image:height\" content=\"768\" \/>\n\t<meta property=\"og:image:type\" content=\"image\/jpeg\" \/>\n<meta name=\"author\" content=\"Eva Martin\" \/>\n<meta name=\"twitter:card\" content=\"summary_large_image\" \/>\n<meta name=\"twitter:creator\" content=\"@Evaapresecole\" \/>\n<meta name=\"twitter:label1\" content=\"\u00c9crit par\" \/>\n\t<meta name=\"twitter:data1\" content=\"Eva Martin\" \/>\n\t<meta name=\"twitter:label2\" content=\"Dur\u00e9e de lecture estim\u00e9e\" \/>\n\t<meta name=\"twitter:data2\" content=\"7 minutes\" \/>\n<script type=\"application\/ld+json\" class=\"yoast-schema-graph\">{\"@context\":\"https:\\\/\\\/schema.org\",\"@graph\":[{\"@type\":\"Article\",\"@id\":\"https:\\\/\\\/www.apres-lecole.fr\\\/Blog\\\/manquer-ecole-weekends-mai\\\/#article\",\"isPartOf\":{\"@id\":\"https:\\\/\\\/www.apres-lecole.fr\\\/Blog\\\/manquer-ecole-weekends-mai\\\/\"},\"author\":{\"name\":\"Eva Martin\",\"@id\":\"https:\\\/\\\/www.apres-lecole.fr\\\/Blog\\\/#\\\/schema\\\/person\\\/aeb50cd4b51fc69da155804bb5bb9fc4\"},\"headline\":\"est-il acceptable de faire manquer l&rsquo;\u00e9cole \u00e0 ses enfants pendant les week-ends prolong\u00e9s de mai ?\",\"datePublished\":\"2025-04-27T21:34:16+00:00\",\"mainEntityOfPage\":{\"@id\":\"https:\\\/\\\/www.apres-lecole.fr\\\/Blog\\\/manquer-ecole-weekends-mai\\\/\"},\"wordCount\":1474,\"commentCount\":0,\"image\":{\"@id\":\"https:\\\/\\\/www.apres-lecole.fr\\\/Blog\\\/manquer-ecole-weekends-mai\\\/#primaryimage\"},\"thumbnailUrl\":\"https:\\\/\\\/www.apres-lecole.fr\\\/Blog\\\/wp-content\\\/uploads\\\/2025\\\/04\\\/est-il-acceptable-de-faire-manquer-lecole-a-ses-enfants-pendant-les-week-ends-prolonges-de-mai-.jpg\",\"keywords\":[\"\u00e9cole\",\"\u00e9ducation\",\"enfants\",\"mai\",\"week-end prolong\u00e9\"],\"articleSection\":[\"Actualit\u00e9s\"],\"inLanguage\":\"fr-FR\",\"potentialAction\":[{\"@type\":\"CommentAction\",\"name\":\"Comment\",\"target\":[\"https:\\\/\\\/www.apres-lecole.fr\\\/Blog\\\/manquer-ecole-weekends-mai\\\/#respond\"]}]},{\"@type\":\"WebPage\",\"@id\":\"https:\\\/\\\/www.apres-lecole.fr\\\/Blog\\\/manquer-ecole-weekends-mai\\\/\",\"url\":\"https:\\\/\\\/www.apres-lecole.fr\\\/Blog\\\/manquer-ecole-weekends-mai\\\/\",\"name\":\"Manquer l'\u00e9cole : les week-ends prolong\u00e9s de mai, ou pas ?\",\"isPartOf\":{\"@id\":\"https:\\\/\\\/www.apres-lecole.fr\\\/Blog\\\/#website\"},\"primaryImageOfPage\":{\"@id\":\"https:\\\/\\\/www.apres-lecole.fr\\\/Blog\\\/manquer-ecole-weekends-mai\\\/#primaryimage\"},\"image\":{\"@id\":\"https:\\\/\\\/www.apres-lecole.fr\\\/Blog\\\/manquer-ecole-weekends-mai\\\/#primaryimage\"},\"thumbnailUrl\":\"https:\\\/\\\/www.apres-lecole.fr\\\/Blog\\\/wp-content\\\/uploads\\\/2025\\\/04\\\/est-il-acceptable-de-faire-manquer-lecole-a-ses-enfants-pendant-les-week-ends-prolonges-de-mai-.jpg\",\"datePublished\":\"2025-04-27T21:34:16+00:00\",\"author\":{\"@id\":\"https:\\\/\\\/www.apres-lecole.fr\\\/Blog\\\/#\\\/schema\\\/person\\\/aeb50cd4b51fc69da155804bb5bb9fc4\"},\"description\":\"D\u00e9couvrez s'il est acceptable de faire manquer l'\u00e9cole \u00e0 vos enfants pendant les week-ends prolong\u00e9s de mai. Cet article examine les implications \u00e9ducatives et l\u00e9gales, et vous aide \u00e0 peser le pour et le contre d'une absence scolaire pour profiter de moments en famille.\",\"breadcrumb\":{\"@id\":\"https:\\\/\\\/www.apres-lecole.fr\\\/Blog\\\/manquer-ecole-weekends-mai\\\/#breadcrumb\"},\"inLanguage\":\"fr-FR\",\"potentialAction\":[{\"@type\":\"ReadAction\",\"target\":[\"https:\\\/\\\/www.apres-lecole.fr\\\/Blog\\\/manquer-ecole-weekends-mai\\\/\"]}]},{\"@type\":\"ImageObject\",\"inLanguage\":\"fr-FR\",\"@id\":\"https:\\\/\\\/www.apres-lecole.fr\\\/Blog\\\/manquer-ecole-weekends-mai\\\/#primaryimage\",\"url\":\"https:\\\/\\\/www.apres-lecole.fr\\\/Blog\\\/wp-content\\\/uploads\\\/2025\\\/04\\\/est-il-acceptable-de-faire-manquer-lecole-a-ses-enfants-pendant-les-week-ends-prolonges-de-mai-.jpg\",\"contentUrl\":\"https:\\\/\\\/www.apres-lecole.fr\\\/Blog\\\/wp-content\\\/uploads\\\/2025\\\/04\\\/est-il-acceptable-de-faire-manquer-lecole-a-ses-enfants-pendant-les-week-ends-prolonges-de-mai-.jpg\",\"width\":1344,\"height\":768,\"caption\":\"d\u00e9couvrez si faire manquer l'\u00e9cole \u00e0 vos enfants pendant les week-ends prolong\u00e9s de mai est une pratique acceptable. analyse des cons\u00e9quences p\u00e9dagogiques, des avis d'experts et des alternatives pour profiter pleinement de ces moments en famille tout en respectant l'\u00e9ducation de vos enfants.\"},{\"@type\":\"BreadcrumbList\",\"@id\":\"https:\\\/\\\/www.apres-lecole.fr\\\/Blog\\\/manquer-ecole-weekends-mai\\\/#breadcrumb\",\"itemListElement\":[{\"@type\":\"ListItem\",\"position\":1,\"name\":\"Home\",\"item\":\"https:\\\/\\\/www.apres-lecole.fr\\\/Blog\\\/\"},{\"@type\":\"ListItem\",\"position\":2,\"name\":\"est-il acceptable de faire manquer l&rsquo;\u00e9cole \u00e0 ses enfants pendant les week-ends prolong\u00e9s de mai ?\"}]},{\"@type\":\"WebSite\",\"@id\":\"https:\\\/\\\/www.apres-lecole.fr\\\/Blog\\\/#website\",\"url\":\"https:\\\/\\\/www.apres-lecole.fr\\\/Blog\\\/\",\"name\":\"\",\"description\":\"M\u00e9dia g\u00e9n\u00e9raliste\",\"potentialAction\":[{\"@type\":\"SearchAction\",\"target\":{\"@type\":\"EntryPoint\",\"urlTemplate\":\"https:\\\/\\\/www.apres-lecole.fr\\\/Blog\\\/?s={search_term_string}\"},\"query-input\":{\"@type\":\"PropertyValueSpecification\",\"valueRequired\":true,\"valueName\":\"search_term_string\"}}],\"inLanguage\":\"fr-FR\"},{\"@type\":\"Person\",\"@id\":\"https:\\\/\\\/www.apres-lecole.fr\\\/Blog\\\/#\\\/schema\\\/person\\\/aeb50cd4b51fc69da155804bb5bb9fc4\",\"name\":\"Eva Martin\",\"image\":{\"@type\":\"ImageObject\",\"inLanguage\":\"fr-FR\",\"@id\":\"https:\\\/\\\/secure.gravatar.com\\\/avatar\\\/55c53222558b27a72015a64073a80edce4abd33369394b9bf2c5cd6c19d12682?s=96&d=mm&r=g\",\"url\":\"https:\\\/\\\/secure.gravatar.com\\\/avatar\\\/55c53222558b27a72015a64073a80edce4abd33369394b9bf2c5cd6c19d12682?s=96&d=mm&r=g\",\"contentUrl\":\"https:\\\/\\\/secure.gravatar.com\\\/avatar\\\/55c53222558b27a72015a64073a80edce4abd33369394b9bf2c5cd6c19d12682?s=96&d=mm&r=g\",\"caption\":\"Eva Martin\"},\"description\":\"Je parle de business et d'entrepreneuriat avec des conseils clairs, concrets et actionnables pour r\u00e9ussir\",\"sameAs\":[\"https:\\\/\\\/x.com\\\/Evaapresecole\"],\"url\":\"https:\\\/\\\/www.apres-lecole.fr\\\/Blog\\\/author\\\/evamartin\\\/\"}]}<\/script>\n<!-- \/ Yoast SEO plugin. -->","yoast_head_json":{"title":"Manquer l'\u00e9cole : les week-ends prolong\u00e9s de mai, ou pas ?","description":"D\u00e9couvrez s'il est acceptable de faire manquer l'\u00e9cole \u00e0 vos enfants pendant les week-ends prolong\u00e9s de mai. Cet article examine les implications \u00e9ducatives et l\u00e9gales, et vous aide \u00e0 peser le pour et le contre d'une absence scolaire pour profiter de moments en famille.","robots":{"index":"index","follow":"follow","max-snippet":"max-snippet:-1","max-image-preview":"max-image-preview:large","max-video-preview":"max-video-preview:-1"},"canonical":"https:\/\/www.apres-lecole.fr\/Blog\/manquer-ecole-weekends-mai\/","og_locale":"fr_FR","og_type":"article","og_title":"Manquer l'\u00e9cole : les week-ends prolong\u00e9s de mai, ou pas ?","og_description":"D\u00e9couvrez s'il est acceptable de faire manquer l'\u00e9cole \u00e0 vos enfants pendant les week-ends prolong\u00e9s de mai. Cet article examine les implications \u00e9ducatives et l\u00e9gales, et vous aide \u00e0 peser le pour et le contre d'une absence scolaire pour profiter de moments en famille.","og_url":"https:\/\/www.apres-lecole.fr\/Blog\/manquer-ecole-weekends-mai\/","article_published_time":"2025-04-27T21:34:16+00:00","og_image":[{"width":1344,"height":768,"url":"https:\/\/www.apres-lecole.fr\/Blog\/wp-content\/uploads\/2025\/04\/est-il-acceptable-de-faire-manquer-lecole-a-ses-enfants-pendant-les-week-ends-prolonges-de-mai-.jpg","type":"image\/jpeg"}],"author":"Eva Martin","twitter_card":"summary_large_image","twitter_creator":"@Evaapresecole","twitter_misc":{"\u00c9crit par":"Eva Martin","Dur\u00e9e de lecture estim\u00e9e":"7 minutes"},"schema":{"@context":"https:\/\/schema.org","@graph":[{"@type":"Article","@id":"https:\/\/www.apres-lecole.fr\/Blog\/manquer-ecole-weekends-mai\/#article","isPartOf":{"@id":"https:\/\/www.apres-lecole.fr\/Blog\/manquer-ecole-weekends-mai\/"},"author":{"name":"Eva Martin","@id":"https:\/\/www.apres-lecole.fr\/Blog\/#\/schema\/person\/aeb50cd4b51fc69da155804bb5bb9fc4"},"headline":"est-il acceptable de faire manquer l&rsquo;\u00e9cole \u00e0 ses enfants pendant les week-ends prolong\u00e9s de mai ?","datePublished":"2025-04-27T21:34:16+00:00","mainEntityOfPage":{"@id":"https:\/\/www.apres-lecole.fr\/Blog\/manquer-ecole-weekends-mai\/"},"wordCount":1474,"commentCount":0,"image":{"@id":"https:\/\/www.apres-lecole.fr\/Blog\/manquer-ecole-weekends-mai\/#primaryimage"},"thumbnailUrl":"https:\/\/www.apres-lecole.fr\/Blog\/wp-content\/uploads\/2025\/04\/est-il-acceptable-de-faire-manquer-lecole-a-ses-enfants-pendant-les-week-ends-prolonges-de-mai-.jpg","keywords":["\u00e9cole","\u00e9ducation","enfants","mai","week-end prolong\u00e9"],"articleSection":["Actualit\u00e9s"],"inLanguage":"fr-FR","potentialAction":[{"@type":"CommentAction","name":"Comment","target":["https:\/\/www.apres-lecole.fr\/Blog\/manquer-ecole-weekends-mai\/#respond"]}]},{"@type":"WebPage","@id":"https:\/\/www.apres-lecole.fr\/Blog\/manquer-ecole-weekends-mai\/","url":"https:\/\/www.apres-lecole.fr\/Blog\/manquer-ecole-weekends-mai\/","name":"Manquer l'\u00e9cole : les week-ends prolong\u00e9s de mai, ou pas ?","isPartOf":{"@id":"https:\/\/www.apres-lecole.fr\/Blog\/#website"},"primaryImageOfPage":{"@id":"https:\/\/www.apres-lecole.fr\/Blog\/manquer-ecole-weekends-mai\/#primaryimage"},"image":{"@id":"https:\/\/www.apres-lecole.fr\/Blog\/manquer-ecole-weekends-mai\/#primaryimage"},"thumbnailUrl":"https:\/\/www.apres-lecole.fr\/Blog\/wp-content\/uploads\/2025\/04\/est-il-acceptable-de-faire-manquer-lecole-a-ses-enfants-pendant-les-week-ends-prolonges-de-mai-.jpg","datePublished":"2025-04-27T21:34:16+00:00","author":{"@id":"https:\/\/www.apres-lecole.fr\/Blog\/#\/schema\/person\/aeb50cd4b51fc69da155804bb5bb9fc4"},"description":"D\u00e9couvrez s'il est acceptable de faire manquer l'\u00e9cole \u00e0 vos enfants pendant les week-ends prolong\u00e9s de mai. Cet article examine les implications \u00e9ducatives et l\u00e9gales, et vous aide \u00e0 peser le pour et le contre d'une absence scolaire pour profiter de moments en famille.","breadcrumb":{"@id":"https:\/\/www.apres-lecole.fr\/Blog\/manquer-ecole-weekends-mai\/#breadcrumb"},"inLanguage":"fr-FR","potentialAction":[{"@type":"ReadAction","target":["https:\/\/www.apres-lecole.fr\/Blog\/manquer-ecole-weekends-mai\/"]}]},{"@type":"ImageObject","inLanguage":"fr-FR","@id":"https:\/\/www.apres-lecole.fr\/Blog\/manquer-ecole-weekends-mai\/#primaryimage","url":"https:\/\/www.apres-lecole.fr\/Blog\/wp-content\/uploads\/2025\/04\/est-il-acceptable-de-faire-manquer-lecole-a-ses-enfants-pendant-les-week-ends-prolonges-de-mai-.jpg","contentUrl":"https:\/\/www.apres-lecole.fr\/Blog\/wp-content\/uploads\/2025\/04\/est-il-acceptable-de-faire-manquer-lecole-a-ses-enfants-pendant-les-week-ends-prolonges-de-mai-.jpg","width":1344,"height":768,"caption":"d\u00e9couvrez si faire manquer l'\u00e9cole \u00e0 vos enfants pendant les week-ends prolong\u00e9s de mai est une pratique acceptable. analyse des cons\u00e9quences p\u00e9dagogiques, des avis d'experts et des alternatives pour profiter pleinement de ces moments en famille tout en respectant l'\u00e9ducation de vos enfants."},{"@type":"BreadcrumbList","@id":"https:\/\/www.apres-lecole.fr\/Blog\/manquer-ecole-weekends-mai\/#breadcrumb","itemListElement":[{"@type":"ListItem","position":1,"name":"Home","item":"https:\/\/www.apres-lecole.fr\/Blog\/"},{"@type":"ListItem","position":2,"name":"est-il acceptable de faire manquer l&rsquo;\u00e9cole \u00e0 ses enfants pendant les week-ends prolong\u00e9s de mai ?"}]},{"@type":"WebSite","@id":"https:\/\/www.apres-lecole.fr\/Blog\/#website","url":"https:\/\/www.apres-lecole.fr\/Blog\/","name":"","description":"M\u00e9dia g\u00e9n\u00e9raliste","potentialAction":[{"@type":"SearchAction","target":{"@type":"EntryPoint","urlTemplate":"https:\/\/www.apres-lecole.fr\/Blog\/?s={search_term_string}"},"query-input":{"@type":"PropertyValueSpecification","valueRequired":true,"valueName":"search_term_string"}}],"inLanguage":"fr-FR"},{"@type":"Person","@id":"https:\/\/www.apres-lecole.fr\/Blog\/#\/schema\/person\/aeb50cd4b51fc69da155804bb5bb9fc4","name":"Eva Martin","image":{"@type":"ImageObject","inLanguage":"fr-FR","@id":"https:\/\/secure.gravatar.com\/avatar\/55c53222558b27a72015a64073a80edce4abd33369394b9bf2c5cd6c19d12682?s=96&d=mm&r=g","url":"https:\/\/secure.gravatar.com\/avatar\/55c53222558b27a72015a64073a80edce4abd33369394b9bf2c5cd6c19d12682?s=96&d=mm&r=g","contentUrl":"https:\/\/secure.gravatar.com\/avatar\/55c53222558b27a72015a64073a80edce4abd33369394b9bf2c5cd6c19d12682?s=96&d=mm&r=g","caption":"Eva Martin"},"description":"Je parle de business et d'entrepreneuriat avec des conseils clairs, concrets et actionnables pour r\u00e9ussir","sameAs":["https:\/\/x.com\/Evaapresecole"],"url":"https:\/\/www.apres-lecole.fr\/Blog\/author\/evamartin\/"}]}},"views":6,"_links":{"self":[{"href":"https:\/\/www.apres-lecole.fr\/Blog\/wp-json\/wp\/v2\/posts\/1899","targetHints":{"allow":["GET"]}}],"collection":[{"href":"https:\/\/www.apres-lecole.fr\/Blog\/wp-json\/wp\/v2\/posts"}],"about":[{"href":"https:\/\/www.apres-lecole.fr\/Blog\/wp-json\/wp\/v2\/types\/post"}],"author":[{"embeddable":true,"href":"https:\/\/www.apres-lecole.fr\/Blog\/wp-json\/wp\/v2\/users\/9"}],"replies":[{"embeddable":true,"href":"https:\/\/www.apres-lecole.fr\/Blog\/wp-json\/wp\/v2\/comments?post=1899"}],"version-history":[{"count":0,"href":"https:\/\/www.apres-lecole.fr\/Blog\/wp-json\/wp\/v2\/posts\/1899\/revisions"}],"wp:featuredmedia":[{"embeddable":true,"href":"https:\/\/www.apres-lecole.fr\/Blog\/wp-json\/wp\/v2\/media\/1898"}],"wp:attachment":[{"href":"https:\/\/www.apres-lecole.fr\/Blog\/wp-json\/wp\/v2\/media?parent=1899"}],"wp:term":[{"taxonomy":"category","embeddable":true,"href":"https:\/\/www.apres-lecole.fr\/Blog\/wp-json\/wp\/v2\/categories?post=1899"},{"taxonomy":"post_tag","embeddable":true,"href":"https:\/\/www.apres-lecole.fr\/Blog\/wp-json\/wp\/v2\/tags?post=1899"}],"curies":[{"name":"wp","href":"https:\/\/api.w.org\/{rel}","templated":true}]}}