{"id":1893,"date":"2025-04-26T07:22:35","date_gmt":"2025-04-26T07:22:35","guid":{"rendered":"https:\/\/www.apres-lecole.fr\/Blog\/classement-2025-ecoles-design\/"},"modified":"2025-04-26T07:22:35","modified_gmt":"2025-04-26T07:22:35","slug":"classement-2025-ecoles-design","status":"publish","type":"post","link":"https:\/\/www.apres-lecole.fr\/Blog\/classement-2025-ecoles-design\/","title":{"rendered":"Le classement 2025 des \u00e9coles de design : une perspective au-del\u00e0 des r\u00e9sultats"},"content":{"rendered":"\n\n<div class=\"kk-star-ratings kksr-auto kksr-align-left kksr-valign-top\"\n    data-payload='{&quot;align&quot;:&quot;left&quot;,&quot;id&quot;:&quot;1893&quot;,&quot;slug&quot;:&quot;default&quot;,&quot;valign&quot;:&quot;top&quot;,&quot;ignore&quot;:&quot;&quot;,&quot;reference&quot;:&quot;auto&quot;,&quot;class&quot;:&quot;&quot;,&quot;count&quot;:&quot;0&quot;,&quot;legendonly&quot;:&quot;&quot;,&quot;readonly&quot;:&quot;&quot;,&quot;score&quot;:&quot;0&quot;,&quot;starsonly&quot;:&quot;&quot;,&quot;best&quot;:&quot;5&quot;,&quot;gap&quot;:&quot;5&quot;,&quot;greet&quot;:&quot;Rate this post&quot;,&quot;legend&quot;:&quot;0\\\/5 - (0 vote)&quot;,&quot;size&quot;:&quot;24&quot;,&quot;title&quot;:&quot;Le classement 2025 des \u00e9coles de design : une perspective au-del\u00e0 des r\u00e9sultats&quot;,&quot;width&quot;:&quot;0&quot;,&quot;_legend&quot;:&quot;{score}\\\/{best} - ({count} {votes})&quot;,&quot;font_factor&quot;:&quot;1.25&quot;}'>\n            \n<div class=\"kksr-stars\">\n    \n<div class=\"kksr-stars-inactive\">\n            <div class=\"kksr-star\" data-star=\"1\" style=\"padding-right: 5px\">\n            \n\n<div class=\"kksr-icon\" style=\"width: 24px; height: 24px;\"><\/div>\n        <\/div>\n            <div class=\"kksr-star\" data-star=\"2\" style=\"padding-right: 5px\">\n            \n\n<div class=\"kksr-icon\" style=\"width: 24px; height: 24px;\"><\/div>\n        <\/div>\n            <div class=\"kksr-star\" data-star=\"3\" style=\"padding-right: 5px\">\n            \n\n<div class=\"kksr-icon\" style=\"width: 24px; height: 24px;\"><\/div>\n        <\/div>\n            <div class=\"kksr-star\" data-star=\"4\" style=\"padding-right: 5px\">\n            \n\n<div class=\"kksr-icon\" style=\"width: 24px; height: 24px;\"><\/div>\n        <\/div>\n            <div class=\"kksr-star\" data-star=\"5\" style=\"padding-right: 5px\">\n            \n\n<div class=\"kksr-icon\" style=\"width: 24px; height: 24px;\"><\/div>\n        <\/div>\n    <\/div>\n    \n<div class=\"kksr-stars-active\" style=\"width: 0px;\">\n            <div class=\"kksr-star\" style=\"padding-right: 5px\">\n            \n\n<div class=\"kksr-icon\" style=\"width: 24px; height: 24px;\"><\/div>\n        <\/div>\n            <div class=\"kksr-star\" style=\"padding-right: 5px\">\n            \n\n<div class=\"kksr-icon\" style=\"width: 24px; height: 24px;\"><\/div>\n        <\/div>\n            <div class=\"kksr-star\" style=\"padding-right: 5px\">\n            \n\n<div class=\"kksr-icon\" style=\"width: 24px; height: 24px;\"><\/div>\n        <\/div>\n            <div class=\"kksr-star\" style=\"padding-right: 5px\">\n            \n\n<div class=\"kksr-icon\" style=\"width: 24px; height: 24px;\"><\/div>\n        <\/div>\n            <div class=\"kksr-star\" style=\"padding-right: 5px\">\n            \n\n<div class=\"kksr-icon\" style=\"width: 24px; height: 24px;\"><\/div>\n        <\/div>\n    <\/div>\n<\/div>\n                \n\n<div class=\"kksr-legend\" style=\"font-size: 19.2px;\">\n            <span class=\"kksr-muted\">Rate this post<\/span>\n    <\/div>\n    <\/div>\n<p>Le classement 2025 des \u00e9coles de design est sorti, et comme chaque ann\u00e9e, il fait couler beaucoup d&rsquo;encre. Au-del\u00e0 des simples chiffres, cette \u00e9dition invite \u00e0 une r\u00e9flexion profonde sur l&rsquo;\u00e9volution des pratiques p\u00e9dagogiques et l&rsquo;avenir du design. Les institutions embl\u00e9matiques dominent toujours, mais de nouvelles \u00e9coles \u00e9mergent, offrant un \u00e9cosyst\u00e8me devenu plus riche et diversifi\u00e9. Qu&rsquo;est-ce que cela signifie pour les futurs designers ? D\u00e9couvrons ensemble les tendances et les enjeux dont ce classement est le reflet.<\/p>\n\n<h2 class=\"wp-block-heading\">Les crit\u00e8res de classement : au-del\u00e0 des chiffres<\/h2>\n\n<p>Pour bien comprendre le classement des \u00e9coles de design, il est essentiel de s&rsquo;attarder sur les <strong>crit\u00e8res de notation<\/strong> qui le composent. Le Figaro \u00c9tudiant, tout en \u00e9tant l&rsquo;un des plus respect\u00e9s, souligne l&rsquo;importance de plusieurs facteurs cl\u00e9s. Parmi eux, on retrouve :<\/p>\n\n<ul class=\"wp-block-list\"><li>\ud83c\udf93 <strong>Excellence acad\u00e9mique<\/strong> : \u00e9valuation des dipl\u00f4mes et des programmes propos\u00e9s.<\/li><li>\ud83c\udf0d <strong>Rayonnement international<\/strong> : reconnaissance des \u00e9coles au-del\u00e0 des fronti\u00e8res de la France.<\/li><li>\ud83c\udfc5 <strong>Ouverture sociale<\/strong> : engagement des \u00e9tablissements envers des populations diversifi\u00e9es.<\/li><li>\ud83e\udd1d <strong>Accompagnement professionnel<\/strong> : aide \u00e0 l&rsquo;insertion des \u00e9tudiants sur le march\u00e9 du travail.<\/li><\/ul>\n\n<p>Ces facteurs illustrent une nouvelle approche de l&rsquo;\u00e9ducation en design, mettant l&rsquo;accent sur le d\u00e9veloppement int\u00e9gral des \u00e9tudiants et sur la mani\u00e8re dont les \u00e9coles s&rsquo;adaptent aux besoins d&rsquo;un monde en constante \u00e9volution.<\/p>\n\n<h3 class=\"wp-block-heading\">L&rsquo;\u00e9volution de la p\u00e9dagogie dans les \u00e9coles de design<\/h3>\n\n<p>Les \u00e9coles de design, telles que l&rsquo;<strong>ENSCI \u2013 Les Ateliers<\/strong> et l&rsquo;<strong>\u00c9cole nationale sup\u00e9rieure des arts d\u00e9coratifs<\/strong>, ont fa\u00e7onn\u00e9 le paysage cr\u00e9atif fran\u00e7ais. Mais ce paysage n&rsquo;est pas statique, il \u00e9volue. Aujourd&rsquo;hui, alors que les pratiques se diversifient, il est devenu crucial pour ces institutions de repenser leur r\u00f4le. Elles ne sont plus seulement des lieux d&rsquo;apprentissage, mais aussi des <strong>espaces d&rsquo;exp\u00e9rimentation<\/strong>.<\/p>\n\n<p>Cette transformation est mise en avant \u00e0 travers l&rsquo;adoption de nouvelles m\u00e9thodologies d&rsquo;enseignement. \u25c6 Dans bien des cas, les \u00e9coles forment des designers capables de travailler sur des syst\u00e8mes, des r\u00e9cits et des outils tout autant que sur des objets. Ce shift vers une approche plus holistique t\u00e9moigne d&rsquo;une volont\u00e9 d&rsquo;int\u00e9grer des disciplines vari\u00e9es comme les sciences sociales et le num\u00e9rique.<\/p>\n\n<p>Les r\u00e9sultats sont visibles : certaines \u00e9coles \u00e9mergentes, comme <strong>Strate \u00c9cole de Design<\/strong>, l&rsquo;<strong>L&rsquo;\u00c9cole de Design Nantes Atlantique<\/strong> et <strong>Intuit Lab<\/strong>, se d\u00e9marquent par leur p\u00e9dagogie innovante. Voici un aper\u00e7u de leurs caract\u00e9ristiques :<\/p>\n\n<figure class=\"wp-block-table\"><table>\n<thead>\n<tr>\n<th>\u00c9cole<\/th>\n<th>Caract\u00e9ristiques<\/th>\n<th>Domaines d&rsquo;intervention<\/th>\n<\/tr>\n<\/thead>\n<tbody>\n<tr>\n<td>Strate \u00c9cole de Design<\/td>\n<td>Approche interdisciplinaire \ud83c\uddeb\ud83c\uddf7<\/td>\n<td>Design produit, design graphique<\/td>\n<\/tr>\n<tr>\n<td>L&rsquo;\u00c9cole de Design Nantes Atlantique<\/td>\n<td>Projets collaboratifs \ud83e\udd1d<\/td>\n<td>Design num\u00e9rique, urbanisme<\/td>\n<\/tr>\n<tr>\n<td>Intuit Lab<\/td>\n<td>M\u00e9thodes centr\u00e9es sur l&rsquo;humain \ud83d\udc65<\/td>\n<td>Design interactif, communication visuelle<\/td>\n<\/tr>\n<\/tbody>\n<\/table><\/figure>\n\n<h2 class=\"wp-block-heading\">Les r\u00e9sultats du classement 2025 des \u00e9coles de design<\/h2>\n\n<p>Avec l\u2019arriv\u00e9e de ce classement, une question se pose : quelles \u00e9coles dominent cette \u00e9dition ? Les institutions historiques conservent leur place de choix, mais elles doivent \u00e9galement faire face \u00e0 la concurrence croissante d&rsquo;\u00e9tablissements plus jeunes. Ainsi, les meilleurs \u00e9tablissements se classent comme suit :<\/p>\n\n<ul class=\"wp-block-list\"><li>\ud83c\udfc6 1. <strong>ENSCI \u2013 Les Ateliers<\/strong><\/li><li>\ud83c\udfc6 2. <strong>Les Arts D\u00e9coratifs<\/strong><\/li><li>\ud83c\udfc6 3. <strong>\u00c9cole Boulle<\/strong><\/li><li>\ud83c\udfc6 4. <strong>CentraleSup\u00e9lec<\/strong><\/li><li>\ud83c\udfc6 5. <strong>HDA &#8211; Haute Design Academy<\/strong><\/li><\/ul>\n\n<p>Ce palmar\u00e8s offre un aper\u00e7u r\u00e9v\u00e9lateur des tendances actuelles. Les \u00e9coles aux m\u00e9thodes p\u00e9dagogiques innovantes, telles que l&rsquo;<strong>ESAD<\/strong> (\u00c9cole Sup\u00e9rieure d&rsquo;Art et Design), trouvent leur l\u00e9gitimit\u00e9 dans l&rsquo;importance croissante accord\u00e9e \u00e0 l&rsquo;interdisciplinarit\u00e9 et \u00e0 la professionnalisation dans le m\u00e9tier de designer.<\/p>\n\n<h3 class=\"wp-block-heading\">Les nouvelles venues sur le devant de la sc\u00e8ne<\/h3>\n\n<p>Dans le classement, certaines \u00e9coles r\u00e9cemment montantes intriguent par leur capacit\u00e9 \u00e0 s&rsquo;int\u00e9grer dans ce paysage en \u00e9volution. Par exemple, l&rsquo;<strong>ECV<\/strong> (\u00c9cole de Communication Visuelle) et d&rsquo;autres nouvelles institutions, affichent des r\u00e9sultats prometteurs. Les \u00e9tudiants qui y affluent per\u00e7oivent ces lieux comme <strong>des bastions d&rsquo;innovation<\/strong>, o\u00f9 la p\u00e9dagogie se centre sur les projets concrets et sur le d\u00e9veloppement d&rsquo;une pens\u00e9e critique.<\/p>\n\n<ul class=\"wp-block-list\"><li>\ud83d\udd1d <strong>ECV<\/strong> : R\u00e9put\u00e9e pour son domaine de communication visuelle, elle forme des esprits cr\u00e9atifs multidisciplinaires.<\/li><li>\ud83d\udd1d <strong>Strate<\/strong> : Accueillant des \u00e9tudiants enthousiastes, elle mise sur l&rsquo;avenir du design durable.<\/li><\/ul>\n\n<h2 class=\"wp-block-heading\">L&rsquo;impact des \u00e9coles de design sur le march\u00e9 du travail<\/h2>\n\n<p>Il est important d&rsquo;examiner comment ces \u00e9coles contribuent \u00e0 l&rsquo;\u00e9galit\u00e9 d&rsquo;acc\u00e8s au m\u00e9tier de designer. En effet, les \u00e9coles publiques et priv\u00e9es s&rsquo;affrontent sur le terrain de la <strong>professionnalisation<\/strong>. Leurs approches diff\u00e9rentes permettent de former des designers aux profils vari\u00e9s, cherchant \u00e0 r\u00e9pondre \u00e0 l&rsquo;ensemble des demandes du march\u00e9.<\/p>\n\n<p>Les programmes d&rsquo;accompagnement professionnel de certaines \u00e9coles sont particuli\u00e8rement efficaces. Ils se mettent en place \u00e0 travers des <strong>stages<\/strong>, des <strong>projets collaboratifs<\/strong>, et des <strong>immersion dans le milieu artistique<\/strong>. L&rsquo;objectif est d&rsquo;assurer un v\u00e9ritable pont entre la th\u00e9orie enseign\u00e9e et la r\u00e9alit\u00e9 du terrain. Voici quelques \u00e9coles ayant r\u00e9ussi \u00e0 \u00e9tablir une solide connexion avec le monde professionnel :<\/p>\n\n<figure class=\"wp-block-table\"><table>\n<thead>\n<tr>\n<th>\u00c9cole<\/th>\n<th>Partenaires professionnels<\/th>\n<th>Type d&rsquo;opportunit\u00e9s<\/th>\n<\/tr>\n<\/thead>\n<tbody>\n<tr>\n<td>ENSCI \u2013 Les Ateliers<\/td>\n<td>Agences de design, entreprises innovantes \ud83e\udd16<\/td>\n<td>Stages, accompagnement de projets<\/td>\n<\/tr>\n<tr>\n<td>\u00c9cole Boulle<\/td>\n<td>Artisans d&rsquo;art, studios de cr\u00e9ation \ud83d\udc69\u200d\ud83c\udfa8<\/td>\n<td>Ateliers, r\u00e9sidences artistiques<\/td>\n<\/tr>\n<tr>\n<td>LISAA &#8211; L&rsquo;Institut de l&rsquo;Internet et du Multim\u00e9dia<\/td>\n<td>Start-ups num\u00e9riques, agences de communication \ud83d\udcbb<\/td>\n<td>Projets r\u00e9els, apprentissages en conditions r\u00e9elles<\/td>\n<\/tr>\n<\/tbody>\n<\/table><\/figure>\n\n<h3 class=\"wp-block-heading\">Un profil d\u2019\u00e9tudiant en design en 2025<\/h3>\n\n<p>Le profil de l&rsquo;\u00e9tudiant en design en 2025 \u00e9volue \u00e9galement. Paradoxalement, alors que le domaine s\u2019\u00e9largit, les nouveaux designers doivent encore ma\u00eetriser des comp\u00e9tences cl\u00e9s. Les \u00e9coles de design s&rsquo;organisent pour fournir une formation qui allie <strong>pragmatique et cr\u00e9ativit\u00e9<\/strong>.<\/p>\n\n<p>Un designer moderne doit poss\u00e9der un bon mix de comp\u00e9tences, notamment :<\/p>\n\n<ul class=\"wp-block-list\"><li>\ud83d\udca1 <strong>Cr\u00e9ativit\u00e9<\/strong> : Savoir penser en dehors des conventions.<\/li><li>\ud83d\udcca <strong>Analytique<\/strong> : Savoir interpr\u00e9ter des donn\u00e9es et en faire des conclusions pertinentes.<\/li><li>\ud83d\udee0 <strong>Technique<\/strong> : Ma\u00eetrise des logiciels et outils de design.<\/li><li>\ud83e\udd14 <strong>Esprit critique<\/strong> : Compr\u00e9hension des enjeux sociaux et culturels associ\u00e9s au design.<\/li><\/ul>\n\n<p>Ces comp\u00e9tences permettent aux \u00e9tudiants d&rsquo;\u00eatre comp\u00e9titifs sur un march\u00e9 en constante mutation. Ce qui semble \u00eatre le plus prometteur, c&rsquo;est que le construction de l&rsquo;identit\u00e9 professionnelle d&rsquo;un designer commence bien avant l&rsquo;obtention du dipl\u00f4me, gr\u00e2ce \u00e0 un actif r\u00e9seau d&rsquo;anciens \u00e9l\u00e8ves et de collaborations professionnelles.<\/p>\n\n<h2 class=\"wp-block-heading\">Une perspective sur l&rsquo;avenir du design en France<\/h2>\n\n<p>Les \u00e9volutions observ\u00e9es ces derni\u00e8res ann\u00e9es dans le domaine des \u00e9coles de design t\u00e9moignent d&rsquo;un avenir dynamique et prometteur. Ces \u00e9tablissements \u00e9voluent rapidement, adaptant leurs formations aux nouveaux enjeux soci\u00e9taux, environnementaux et technologiques. Ainsi, la question se pose : comment ces changements influenceront-ils l\u2019identit\u00e9 du designer en 2025 ?<\/p>\n\n<p>Pour anticiper cette \u00e9volution, il est essentiel de continuer \u00e0 :<\/p>\n\n<ul class=\"wp-block-list\"><li>\ud83d\udce2 Promouvoir la <strong>diversit\u00e9 des parcours<\/strong>, permettant \u00e0 un plus large \u00e9ventail de talents de s&rsquo;exprimer.<\/li><li>\ud83e\udd1d Renforcer les <strong>partenariats avec l&rsquo;industrie<\/strong>, garantissant des opportunit\u00e9s d&#8217;emploi pour les \u00e9tudiants.<\/li><li>\ud83c\udf31 Encourager une <strong>approche \u00e9thique et durable<\/strong> du design, se tournant vers des solutions respectueuses de l&rsquo;environnement.<\/li><\/ul>\n\n<p>Ce faisant, non seulement les \u00e9coles pourront continuer \u00e0 se hisser au sommet des classements, mais elles joueront \u00e9galement un r\u00f4le crucial dans la red\u00e9finition du design en France et au-del\u00e0.<\/p>\n\n<h3 class=\"wp-block-heading\">Les tendances \u00e9mergentes \u00e0 surveiller<\/h3>\n\n<p>Les tendances actuelles touchant le domaine du design ne doivent pas \u00eatre n\u00e9glig\u00e9es. Des concepts comme le <strong>design inclusif<\/strong> ou le <strong>design centr\u00e9 sur l&rsquo;utilisateur<\/strong>deviennent de plus en plus pertinents dans les discussions acad\u00e9miques et professionnelles :<\/p>\n\n<ul class=\"wp-block-list\"><li>\ud83c\udf0d <strong>Design inclusif<\/strong> : Prendre en compte la diversit\u00e9 des utilisateurs.<\/li><li>\ud83d\udcf2 <strong>Design num\u00e9rique<\/strong> : Se concentrer sur l&rsquo;interaction au sein des environnements num\u00e9riques.<\/li><li>\ud83c\udf00 <strong>Design durable<\/strong> : Assurer une production responsable et consciente des ressources.<\/li><\/ul>\n\n<p>Ces mouvances d\u00e9terminent non seulement les orientations acad\u00e9miques, mais \u00e9galement les attentes du march\u00e9 vis-\u00e0-vis des nouveaux dipl\u00f4m\u00e9s. \u00c9couter ces tendances est la cl\u00e9 pour forger un avenir o\u00f9 le design est per\u00e7u non seulement comme un m\u00e9tier, mais comme une <strong>vocation<\/strong> essentielle \u00e0 notre soci\u00e9t\u00e9.<\/p>\n\n<h2 class=\"wp-block-heading\">FAQ<\/h2>\n\n<h3 class=\"wp-block-heading\">Quelles sont les \u00e9coles de design les mieux class\u00e9es en 2025 ?<\/h3>\n\n<p>Les institutions telles que l&rsquo;ENSCI \u2013 Les Ateliers, les Arts D\u00e9coratifs et l\u2019\u00c9cole Boulle continuent de dominer le classement.<\/p>\n\n<h3 class=\"wp-block-heading\">Comment \u00e9valuer l&rsquo;impact du design sur la soci\u00e9t\u00e9 ?<\/h3>\n\n<p>Le design impacte la soci\u00e9t\u00e9 \u00e0 travers la r\u00e9solution de probl\u00e8mes, le d\u00e9veloppement de produits innovants et la cr\u00e9ation d&rsquo;exp\u00e9riences utilisateur enrichissantes.<\/p>\n\n<h3 class=\"wp-block-heading\">Quels crit\u00e8res consid\u00e9rer pour choisir une \u00e9cole de design ?<\/h3>\n\n<p>Il faut prendre en compte l&rsquo;excellence acad\u00e9mique, les opportunit\u00e9s de stages, la reconnaissance internationale et l&rsquo;accompagnement professionnel.<\/p>\n\n<h3 class=\"wp-block-heading\">Existe-t-il une tendance vers le design durable ?<\/h3>\n\n<p>Oui, de plus en plus d&rsquo;\u00e9coles int\u00e8grent l&rsquo;approche durable dans leurs programmes et encouragent les \u00e9tudiants \u00e0 y penser dans leurs projets.<\/p>\n\n<h3 class=\"wp-block-heading\">Comment le march\u00e9 du travail \u00e9volue-t-il pour les designers ?<\/h3>\n\n<p>Le march\u00e9 devient de plus en plus concurrentiel, avec une forte demande pour des comp\u00e9tences vari\u00e9es, allant du design produit au num\u00e9rique.<\/p>\n\n","protected":false},"excerpt":{"rendered":"<p>Le classement 2025 des \u00e9coles de design est sorti, et comme chaque ann\u00e9e, il fait couler beaucoup d&rsquo;encre. Au-del\u00e0 des simples chiffres, cette \u00e9dition invite \u00e0 une r\u00e9flexion profonde sur l&rsquo;\u00e9volution des pratiques p\u00e9dagogiques et l&rsquo;avenir du design. Les institutions embl\u00e9matiques dominent toujours, mais de nouvelles \u00e9coles \u00e9mergent, offrant un \u00e9cosyst\u00e8me devenu plus riche et &#8230; <a title=\"Le classement 2025 des \u00e9coles de design : une perspective au-del\u00e0 des r\u00e9sultats\" class=\"read-more\" href=\"https:\/\/www.apres-lecole.fr\/Blog\/classement-2025-ecoles-design\/\" aria-label=\"En savoir plus sur Le classement 2025 des \u00e9coles de design : une perspective au-del\u00e0 des r\u00e9sultats\">Lire plus<\/a><\/p>\n","protected":false},"author":9,"featured_media":1892,"comment_status":"open","ping_status":"open","sticky":false,"template":"","format":"standard","meta":{"footnotes":""},"categories":[342],"tags":[656,728,412,729,730],"class_list":["post-1893","post","type-post","status-publish","format-standard","has-post-thumbnail","hentry","category-actualites","tag-classement-2025","tag-ecoles-de-design","tag-education","tag-perspectives","tag-resultats"],"yoast_head":"<!-- This site is optimized with the Yoast SEO plugin v27.5 - https:\/\/yoast.com\/product\/yoast-seo-wordpress\/ -->\n<title>Le classement 2025 des \u00e9coles de design : une vision \u00e9largie des r\u00e9ussites<\/title>\n<meta name=\"description\" content=\"D\u00e9couvrez notre analyse approfondie du classement 2025 des \u00e9coles de design. Au-del\u00e0 des simples r\u00e9sultats, explorez les crit\u00e8res d\u00e9terminants, les tendances \u00e9mergentes et l&#039;impact sur la formation des futurs designers. Une lecture indispensable pour les \u00e9tudiants, professionnels et passionn\u00e9s du design.\" \/>\n<meta name=\"robots\" content=\"index, follow, max-snippet:-1, max-image-preview:large, max-video-preview:-1\" \/>\n<link rel=\"canonical\" href=\"https:\/\/www.apres-lecole.fr\/Blog\/classement-2025-ecoles-design\/\" \/>\n<meta property=\"og:locale\" content=\"fr_FR\" \/>\n<meta property=\"og:type\" content=\"article\" \/>\n<meta property=\"og:title\" content=\"Le classement 2025 des \u00e9coles de design : une vision \u00e9largie des r\u00e9ussites\" \/>\n<meta property=\"og:description\" content=\"D\u00e9couvrez notre analyse approfondie du classement 2025 des \u00e9coles de design. Au-del\u00e0 des simples r\u00e9sultats, explorez les crit\u00e8res d\u00e9terminants, les tendances \u00e9mergentes et l&#039;impact sur la formation des futurs designers. Une lecture indispensable pour les \u00e9tudiants, professionnels et passionn\u00e9s du design.\" \/>\n<meta property=\"og:url\" content=\"https:\/\/www.apres-lecole.fr\/Blog\/classement-2025-ecoles-design\/\" \/>\n<meta property=\"article:published_time\" content=\"2025-04-26T07:22:35+00:00\" \/>\n<meta property=\"og:image\" content=\"https:\/\/www.apres-lecole.fr\/Blog\/wp-content\/uploads\/2025\/04\/Le-classement-2025-des-ecoles-de-design-une-perspective-au-dela-des-resultats.jpg\" \/>\n\t<meta property=\"og:image:width\" content=\"1344\" \/>\n\t<meta property=\"og:image:height\" content=\"768\" \/>\n\t<meta property=\"og:image:type\" content=\"image\/jpeg\" \/>\n<meta name=\"author\" content=\"Eva Martin\" \/>\n<meta name=\"twitter:card\" content=\"summary_large_image\" \/>\n<meta name=\"twitter:creator\" content=\"@Evaapresecole\" \/>\n<meta name=\"twitter:label1\" content=\"\u00c9crit par\" \/>\n\t<meta name=\"twitter:data1\" content=\"Eva Martin\" \/>\n\t<meta name=\"twitter:label2\" content=\"Dur\u00e9e de lecture estim\u00e9e\" \/>\n\t<meta name=\"twitter:data2\" content=\"7 minutes\" \/>\n<script type=\"application\/ld+json\" class=\"yoast-schema-graph\">{\"@context\":\"https:\\\/\\\/schema.org\",\"@graph\":[{\"@type\":\"Article\",\"@id\":\"https:\\\/\\\/www.apres-lecole.fr\\\/Blog\\\/classement-2025-ecoles-design\\\/#article\",\"isPartOf\":{\"@id\":\"https:\\\/\\\/www.apres-lecole.fr\\\/Blog\\\/classement-2025-ecoles-design\\\/\"},\"author\":{\"name\":\"Eva Martin\",\"@id\":\"https:\\\/\\\/www.apres-lecole.fr\\\/Blog\\\/#\\\/schema\\\/person\\\/aeb50cd4b51fc69da155804bb5bb9fc4\"},\"headline\":\"Le classement 2025 des \u00e9coles de design : une perspective au-del\u00e0 des r\u00e9sultats\",\"datePublished\":\"2025-04-26T07:22:35+00:00\",\"mainEntityOfPage\":{\"@id\":\"https:\\\/\\\/www.apres-lecole.fr\\\/Blog\\\/classement-2025-ecoles-design\\\/\"},\"wordCount\":1512,\"commentCount\":0,\"image\":{\"@id\":\"https:\\\/\\\/www.apres-lecole.fr\\\/Blog\\\/classement-2025-ecoles-design\\\/#primaryimage\"},\"thumbnailUrl\":\"https:\\\/\\\/www.apres-lecole.fr\\\/Blog\\\/wp-content\\\/uploads\\\/2025\\\/04\\\/Le-classement-2025-des-ecoles-de-design-une-perspective-au-dela-des-resultats.jpg\",\"keywords\":[\"classement 2025\",\"\u00e9coles de design\",\"\u00e9ducation\",\"perspectives\",\"r\u00e9sultats\"],\"articleSection\":[\"Actualit\u00e9s\"],\"inLanguage\":\"fr-FR\",\"potentialAction\":[{\"@type\":\"CommentAction\",\"name\":\"Comment\",\"target\":[\"https:\\\/\\\/www.apres-lecole.fr\\\/Blog\\\/classement-2025-ecoles-design\\\/#respond\"]}]},{\"@type\":\"WebPage\",\"@id\":\"https:\\\/\\\/www.apres-lecole.fr\\\/Blog\\\/classement-2025-ecoles-design\\\/\",\"url\":\"https:\\\/\\\/www.apres-lecole.fr\\\/Blog\\\/classement-2025-ecoles-design\\\/\",\"name\":\"Le classement 2025 des \u00e9coles de design : une vision \u00e9largie des r\u00e9ussites\",\"isPartOf\":{\"@id\":\"https:\\\/\\\/www.apres-lecole.fr\\\/Blog\\\/#website\"},\"primaryImageOfPage\":{\"@id\":\"https:\\\/\\\/www.apres-lecole.fr\\\/Blog\\\/classement-2025-ecoles-design\\\/#primaryimage\"},\"image\":{\"@id\":\"https:\\\/\\\/www.apres-lecole.fr\\\/Blog\\\/classement-2025-ecoles-design\\\/#primaryimage\"},\"thumbnailUrl\":\"https:\\\/\\\/www.apres-lecole.fr\\\/Blog\\\/wp-content\\\/uploads\\\/2025\\\/04\\\/Le-classement-2025-des-ecoles-de-design-une-perspective-au-dela-des-resultats.jpg\",\"datePublished\":\"2025-04-26T07:22:35+00:00\",\"author\":{\"@id\":\"https:\\\/\\\/www.apres-lecole.fr\\\/Blog\\\/#\\\/schema\\\/person\\\/aeb50cd4b51fc69da155804bb5bb9fc4\"},\"description\":\"D\u00e9couvrez notre analyse approfondie du classement 2025 des \u00e9coles de design. Au-del\u00e0 des simples r\u00e9sultats, explorez les crit\u00e8res d\u00e9terminants, les tendances \u00e9mergentes et l'impact sur la formation des futurs designers. Une lecture indispensable pour les \u00e9tudiants, professionnels et passionn\u00e9s du design.\",\"breadcrumb\":{\"@id\":\"https:\\\/\\\/www.apres-lecole.fr\\\/Blog\\\/classement-2025-ecoles-design\\\/#breadcrumb\"},\"inLanguage\":\"fr-FR\",\"potentialAction\":[{\"@type\":\"ReadAction\",\"target\":[\"https:\\\/\\\/www.apres-lecole.fr\\\/Blog\\\/classement-2025-ecoles-design\\\/\"]}]},{\"@type\":\"ImageObject\",\"inLanguage\":\"fr-FR\",\"@id\":\"https:\\\/\\\/www.apres-lecole.fr\\\/Blog\\\/classement-2025-ecoles-design\\\/#primaryimage\",\"url\":\"https:\\\/\\\/www.apres-lecole.fr\\\/Blog\\\/wp-content\\\/uploads\\\/2025\\\/04\\\/Le-classement-2025-des-ecoles-de-design-une-perspective-au-dela-des-resultats.jpg\",\"contentUrl\":\"https:\\\/\\\/www.apres-lecole.fr\\\/Blog\\\/wp-content\\\/uploads\\\/2025\\\/04\\\/Le-classement-2025-des-ecoles-de-design-une-perspective-au-dela-des-resultats.jpg\",\"width\":1344,\"height\":768,\"caption\":\"d\u00e9couvrez le classement 2025 des \u00e9coles de design qui va au-del\u00e0 des simples crit\u00e8res de r\u00e9ussite. plongez dans une analyse approfondie des \u00e9tablissements, \u00e9valuant l'innovation, l'engagement et l'influence sur le secteur. une lecture indispensable pour les futurs designers en qu\u00eate d'excellence.\"},{\"@type\":\"BreadcrumbList\",\"@id\":\"https:\\\/\\\/www.apres-lecole.fr\\\/Blog\\\/classement-2025-ecoles-design\\\/#breadcrumb\",\"itemListElement\":[{\"@type\":\"ListItem\",\"position\":1,\"name\":\"Home\",\"item\":\"https:\\\/\\\/www.apres-lecole.fr\\\/Blog\\\/\"},{\"@type\":\"ListItem\",\"position\":2,\"name\":\"Le classement 2025 des \u00e9coles de design : une perspective au-del\u00e0 des r\u00e9sultats\"}]},{\"@type\":\"WebSite\",\"@id\":\"https:\\\/\\\/www.apres-lecole.fr\\\/Blog\\\/#website\",\"url\":\"https:\\\/\\\/www.apres-lecole.fr\\\/Blog\\\/\",\"name\":\"\",\"description\":\"M\u00e9dia g\u00e9n\u00e9raliste\",\"potentialAction\":[{\"@type\":\"SearchAction\",\"target\":{\"@type\":\"EntryPoint\",\"urlTemplate\":\"https:\\\/\\\/www.apres-lecole.fr\\\/Blog\\\/?s={search_term_string}\"},\"query-input\":{\"@type\":\"PropertyValueSpecification\",\"valueRequired\":true,\"valueName\":\"search_term_string\"}}],\"inLanguage\":\"fr-FR\"},{\"@type\":\"Person\",\"@id\":\"https:\\\/\\\/www.apres-lecole.fr\\\/Blog\\\/#\\\/schema\\\/person\\\/aeb50cd4b51fc69da155804bb5bb9fc4\",\"name\":\"Eva Martin\",\"image\":{\"@type\":\"ImageObject\",\"inLanguage\":\"fr-FR\",\"@id\":\"https:\\\/\\\/secure.gravatar.com\\\/avatar\\\/55c53222558b27a72015a64073a80edce4abd33369394b9bf2c5cd6c19d12682?s=96&d=mm&r=g\",\"url\":\"https:\\\/\\\/secure.gravatar.com\\\/avatar\\\/55c53222558b27a72015a64073a80edce4abd33369394b9bf2c5cd6c19d12682?s=96&d=mm&r=g\",\"contentUrl\":\"https:\\\/\\\/secure.gravatar.com\\\/avatar\\\/55c53222558b27a72015a64073a80edce4abd33369394b9bf2c5cd6c19d12682?s=96&d=mm&r=g\",\"caption\":\"Eva Martin\"},\"description\":\"Je parle de business et d'entrepreneuriat avec des conseils clairs, concrets et actionnables pour r\u00e9ussir\",\"sameAs\":[\"https:\\\/\\\/x.com\\\/Evaapresecole\"],\"url\":\"https:\\\/\\\/www.apres-lecole.fr\\\/Blog\\\/author\\\/evamartin\\\/\"}]}<\/script>\n<!-- \/ Yoast SEO plugin. -->","yoast_head_json":{"title":"Le classement 2025 des \u00e9coles de design : une vision \u00e9largie des r\u00e9ussites","description":"D\u00e9couvrez notre analyse approfondie du classement 2025 des \u00e9coles de design. Au-del\u00e0 des simples r\u00e9sultats, explorez les crit\u00e8res d\u00e9terminants, les tendances \u00e9mergentes et l'impact sur la formation des futurs designers. Une lecture indispensable pour les \u00e9tudiants, professionnels et passionn\u00e9s du design.","robots":{"index":"index","follow":"follow","max-snippet":"max-snippet:-1","max-image-preview":"max-image-preview:large","max-video-preview":"max-video-preview:-1"},"canonical":"https:\/\/www.apres-lecole.fr\/Blog\/classement-2025-ecoles-design\/","og_locale":"fr_FR","og_type":"article","og_title":"Le classement 2025 des \u00e9coles de design : une vision \u00e9largie des r\u00e9ussites","og_description":"D\u00e9couvrez notre analyse approfondie du classement 2025 des \u00e9coles de design. Au-del\u00e0 des simples r\u00e9sultats, explorez les crit\u00e8res d\u00e9terminants, les tendances \u00e9mergentes et l'impact sur la formation des futurs designers. Une lecture indispensable pour les \u00e9tudiants, professionnels et passionn\u00e9s du design.","og_url":"https:\/\/www.apres-lecole.fr\/Blog\/classement-2025-ecoles-design\/","article_published_time":"2025-04-26T07:22:35+00:00","og_image":[{"width":1344,"height":768,"url":"https:\/\/www.apres-lecole.fr\/Blog\/wp-content\/uploads\/2025\/04\/Le-classement-2025-des-ecoles-de-design-une-perspective-au-dela-des-resultats.jpg","type":"image\/jpeg"}],"author":"Eva Martin","twitter_card":"summary_large_image","twitter_creator":"@Evaapresecole","twitter_misc":{"\u00c9crit par":"Eva Martin","Dur\u00e9e de lecture estim\u00e9e":"7 minutes"},"schema":{"@context":"https:\/\/schema.org","@graph":[{"@type":"Article","@id":"https:\/\/www.apres-lecole.fr\/Blog\/classement-2025-ecoles-design\/#article","isPartOf":{"@id":"https:\/\/www.apres-lecole.fr\/Blog\/classement-2025-ecoles-design\/"},"author":{"name":"Eva Martin","@id":"https:\/\/www.apres-lecole.fr\/Blog\/#\/schema\/person\/aeb50cd4b51fc69da155804bb5bb9fc4"},"headline":"Le classement 2025 des \u00e9coles de design : une perspective au-del\u00e0 des r\u00e9sultats","datePublished":"2025-04-26T07:22:35+00:00","mainEntityOfPage":{"@id":"https:\/\/www.apres-lecole.fr\/Blog\/classement-2025-ecoles-design\/"},"wordCount":1512,"commentCount":0,"image":{"@id":"https:\/\/www.apres-lecole.fr\/Blog\/classement-2025-ecoles-design\/#primaryimage"},"thumbnailUrl":"https:\/\/www.apres-lecole.fr\/Blog\/wp-content\/uploads\/2025\/04\/Le-classement-2025-des-ecoles-de-design-une-perspective-au-dela-des-resultats.jpg","keywords":["classement 2025","\u00e9coles de design","\u00e9ducation","perspectives","r\u00e9sultats"],"articleSection":["Actualit\u00e9s"],"inLanguage":"fr-FR","potentialAction":[{"@type":"CommentAction","name":"Comment","target":["https:\/\/www.apres-lecole.fr\/Blog\/classement-2025-ecoles-design\/#respond"]}]},{"@type":"WebPage","@id":"https:\/\/www.apres-lecole.fr\/Blog\/classement-2025-ecoles-design\/","url":"https:\/\/www.apres-lecole.fr\/Blog\/classement-2025-ecoles-design\/","name":"Le classement 2025 des \u00e9coles de design : une vision \u00e9largie des r\u00e9ussites","isPartOf":{"@id":"https:\/\/www.apres-lecole.fr\/Blog\/#website"},"primaryImageOfPage":{"@id":"https:\/\/www.apres-lecole.fr\/Blog\/classement-2025-ecoles-design\/#primaryimage"},"image":{"@id":"https:\/\/www.apres-lecole.fr\/Blog\/classement-2025-ecoles-design\/#primaryimage"},"thumbnailUrl":"https:\/\/www.apres-lecole.fr\/Blog\/wp-content\/uploads\/2025\/04\/Le-classement-2025-des-ecoles-de-design-une-perspective-au-dela-des-resultats.jpg","datePublished":"2025-04-26T07:22:35+00:00","author":{"@id":"https:\/\/www.apres-lecole.fr\/Blog\/#\/schema\/person\/aeb50cd4b51fc69da155804bb5bb9fc4"},"description":"D\u00e9couvrez notre analyse approfondie du classement 2025 des \u00e9coles de design. Au-del\u00e0 des simples r\u00e9sultats, explorez les crit\u00e8res d\u00e9terminants, les tendances \u00e9mergentes et l'impact sur la formation des futurs designers. Une lecture indispensable pour les \u00e9tudiants, professionnels et passionn\u00e9s du design.","breadcrumb":{"@id":"https:\/\/www.apres-lecole.fr\/Blog\/classement-2025-ecoles-design\/#breadcrumb"},"inLanguage":"fr-FR","potentialAction":[{"@type":"ReadAction","target":["https:\/\/www.apres-lecole.fr\/Blog\/classement-2025-ecoles-design\/"]}]},{"@type":"ImageObject","inLanguage":"fr-FR","@id":"https:\/\/www.apres-lecole.fr\/Blog\/classement-2025-ecoles-design\/#primaryimage","url":"https:\/\/www.apres-lecole.fr\/Blog\/wp-content\/uploads\/2025\/04\/Le-classement-2025-des-ecoles-de-design-une-perspective-au-dela-des-resultats.jpg","contentUrl":"https:\/\/www.apres-lecole.fr\/Blog\/wp-content\/uploads\/2025\/04\/Le-classement-2025-des-ecoles-de-design-une-perspective-au-dela-des-resultats.jpg","width":1344,"height":768,"caption":"d\u00e9couvrez le classement 2025 des \u00e9coles de design qui va au-del\u00e0 des simples crit\u00e8res de r\u00e9ussite. plongez dans une analyse approfondie des \u00e9tablissements, \u00e9valuant l'innovation, l'engagement et l'influence sur le secteur. une lecture indispensable pour les futurs designers en qu\u00eate d'excellence."},{"@type":"BreadcrumbList","@id":"https:\/\/www.apres-lecole.fr\/Blog\/classement-2025-ecoles-design\/#breadcrumb","itemListElement":[{"@type":"ListItem","position":1,"name":"Home","item":"https:\/\/www.apres-lecole.fr\/Blog\/"},{"@type":"ListItem","position":2,"name":"Le classement 2025 des \u00e9coles de design : une perspective au-del\u00e0 des r\u00e9sultats"}]},{"@type":"WebSite","@id":"https:\/\/www.apres-lecole.fr\/Blog\/#website","url":"https:\/\/www.apres-lecole.fr\/Blog\/","name":"","description":"M\u00e9dia g\u00e9n\u00e9raliste","potentialAction":[{"@type":"SearchAction","target":{"@type":"EntryPoint","urlTemplate":"https:\/\/www.apres-lecole.fr\/Blog\/?s={search_term_string}"},"query-input":{"@type":"PropertyValueSpecification","valueRequired":true,"valueName":"search_term_string"}}],"inLanguage":"fr-FR"},{"@type":"Person","@id":"https:\/\/www.apres-lecole.fr\/Blog\/#\/schema\/person\/aeb50cd4b51fc69da155804bb5bb9fc4","name":"Eva Martin","image":{"@type":"ImageObject","inLanguage":"fr-FR","@id":"https:\/\/secure.gravatar.com\/avatar\/55c53222558b27a72015a64073a80edce4abd33369394b9bf2c5cd6c19d12682?s=96&d=mm&r=g","url":"https:\/\/secure.gravatar.com\/avatar\/55c53222558b27a72015a64073a80edce4abd33369394b9bf2c5cd6c19d12682?s=96&d=mm&r=g","contentUrl":"https:\/\/secure.gravatar.com\/avatar\/55c53222558b27a72015a64073a80edce4abd33369394b9bf2c5cd6c19d12682?s=96&d=mm&r=g","caption":"Eva Martin"},"description":"Je parle de business et d'entrepreneuriat avec des conseils clairs, concrets et actionnables pour r\u00e9ussir","sameAs":["https:\/\/x.com\/Evaapresecole"],"url":"https:\/\/www.apres-lecole.fr\/Blog\/author\/evamartin\/"}]}},"views":88,"_links":{"self":[{"href":"https:\/\/www.apres-lecole.fr\/Blog\/wp-json\/wp\/v2\/posts\/1893","targetHints":{"allow":["GET"]}}],"collection":[{"href":"https:\/\/www.apres-lecole.fr\/Blog\/wp-json\/wp\/v2\/posts"}],"about":[{"href":"https:\/\/www.apres-lecole.fr\/Blog\/wp-json\/wp\/v2\/types\/post"}],"author":[{"embeddable":true,"href":"https:\/\/www.apres-lecole.fr\/Blog\/wp-json\/wp\/v2\/users\/9"}],"replies":[{"embeddable":true,"href":"https:\/\/www.apres-lecole.fr\/Blog\/wp-json\/wp\/v2\/comments?post=1893"}],"version-history":[{"count":0,"href":"https:\/\/www.apres-lecole.fr\/Blog\/wp-json\/wp\/v2\/posts\/1893\/revisions"}],"wp:featuredmedia":[{"embeddable":true,"href":"https:\/\/www.apres-lecole.fr\/Blog\/wp-json\/wp\/v2\/media\/1892"}],"wp:attachment":[{"href":"https:\/\/www.apres-lecole.fr\/Blog\/wp-json\/wp\/v2\/media?parent=1893"}],"wp:term":[{"taxonomy":"category","embeddable":true,"href":"https:\/\/www.apres-lecole.fr\/Blog\/wp-json\/wp\/v2\/categories?post=1893"},{"taxonomy":"post_tag","embeddable":true,"href":"https:\/\/www.apres-lecole.fr\/Blog\/wp-json\/wp\/v2\/tags?post=1893"}],"curies":[{"name":"wp","href":"https:\/\/api.w.org\/{rel}","templated":true}]}}