{"id":1891,"date":"2025-04-25T21:05:00","date_gmt":"2025-04-25T21:05:00","guid":{"rendered":"https:\/\/www.apres-lecole.fr\/Blog\/mere-ecole-oise-menace\/"},"modified":"2025-04-25T21:05:00","modified_gmt":"2025-04-25T21:05:00","slug":"mere-ecole-oise-menace","status":"publish","type":"post","link":"https:\/\/www.apres-lecole.fr\/Blog\/mere-ecole-oise-menace\/","title":{"rendered":"Un p\u00e8re d&rsquo;\u00e9l\u00e8ve menace la directrice d&rsquo;une \u00e9cole dans l&rsquo;Oise en s&rsquo;introduisant par la force"},"content":{"rendered":"\n\n<div class=\"kk-star-ratings kksr-auto kksr-align-left kksr-valign-top\"\n    data-payload='{&quot;align&quot;:&quot;left&quot;,&quot;id&quot;:&quot;1891&quot;,&quot;slug&quot;:&quot;default&quot;,&quot;valign&quot;:&quot;top&quot;,&quot;ignore&quot;:&quot;&quot;,&quot;reference&quot;:&quot;auto&quot;,&quot;class&quot;:&quot;&quot;,&quot;count&quot;:&quot;0&quot;,&quot;legendonly&quot;:&quot;&quot;,&quot;readonly&quot;:&quot;&quot;,&quot;score&quot;:&quot;0&quot;,&quot;starsonly&quot;:&quot;&quot;,&quot;best&quot;:&quot;5&quot;,&quot;gap&quot;:&quot;5&quot;,&quot;greet&quot;:&quot;Rate this post&quot;,&quot;legend&quot;:&quot;0\\\/5 - (0 vote)&quot;,&quot;size&quot;:&quot;24&quot;,&quot;title&quot;:&quot;Un p\u00e8re d\\u0026#039;\u00e9l\u00e8ve menace la directrice d\\u0026#039;une \u00e9cole dans l\\u0026#039;Oise en s\\u0026#039;introduisant par la force&quot;,&quot;width&quot;:&quot;0&quot;,&quot;_legend&quot;:&quot;{score}\\\/{best} - ({count} {votes})&quot;,&quot;font_factor&quot;:&quot;1.25&quot;}'>\n            \n<div class=\"kksr-stars\">\n    \n<div class=\"kksr-stars-inactive\">\n            <div class=\"kksr-star\" data-star=\"1\" style=\"padding-right: 5px\">\n            \n\n<div class=\"kksr-icon\" style=\"width: 24px; height: 24px;\"><\/div>\n        <\/div>\n            <div class=\"kksr-star\" data-star=\"2\" style=\"padding-right: 5px\">\n            \n\n<div class=\"kksr-icon\" style=\"width: 24px; height: 24px;\"><\/div>\n        <\/div>\n            <div class=\"kksr-star\" data-star=\"3\" style=\"padding-right: 5px\">\n            \n\n<div class=\"kksr-icon\" style=\"width: 24px; height: 24px;\"><\/div>\n        <\/div>\n            <div class=\"kksr-star\" data-star=\"4\" style=\"padding-right: 5px\">\n            \n\n<div class=\"kksr-icon\" style=\"width: 24px; height: 24px;\"><\/div>\n        <\/div>\n            <div class=\"kksr-star\" data-star=\"5\" style=\"padding-right: 5px\">\n            \n\n<div class=\"kksr-icon\" style=\"width: 24px; height: 24px;\"><\/div>\n        <\/div>\n    <\/div>\n    \n<div class=\"kksr-stars-active\" style=\"width: 0px;\">\n            <div class=\"kksr-star\" style=\"padding-right: 5px\">\n            \n\n<div class=\"kksr-icon\" style=\"width: 24px; height: 24px;\"><\/div>\n        <\/div>\n            <div class=\"kksr-star\" style=\"padding-right: 5px\">\n            \n\n<div class=\"kksr-icon\" style=\"width: 24px; height: 24px;\"><\/div>\n        <\/div>\n            <div class=\"kksr-star\" style=\"padding-right: 5px\">\n            \n\n<div class=\"kksr-icon\" style=\"width: 24px; height: 24px;\"><\/div>\n        <\/div>\n            <div class=\"kksr-star\" style=\"padding-right: 5px\">\n            \n\n<div class=\"kksr-icon\" style=\"width: 24px; height: 24px;\"><\/div>\n        <\/div>\n            <div class=\"kksr-star\" style=\"padding-right: 5px\">\n            \n\n<div class=\"kksr-icon\" style=\"width: 24px; height: 24px;\"><\/div>\n        <\/div>\n    <\/div>\n<\/div>\n                \n\n<div class=\"kksr-legend\" style=\"font-size: 19.2px;\">\n            <span class=\"kksr-muted\">Rate this post<\/span>\n    <\/div>\n    <\/div>\n<p>Dans une affaire qui soul\u00e8ve de nombreuses questions sur la <strong>s\u00e9curit\u00e9<\/strong> dans les \u00e9tablissements scolaires, un p\u00e8re d&rsquo;\u00e9l\u00e8ve a r\u00e9cemment fait parler de lui pour ses agissements inacceptables. L&rsquo;incident, survenu \u00e0 l&rsquo;\u00e9cole primaire Louis-Warabiot de Grandvilliers dans l&rsquo;Oise, a choqu\u00e9 tant les enseignants que les parents d&rsquo;\u00e9l\u00e8ves. Ce type de <strong>violence<\/strong> physique ou verbale dans le milieu de l&rsquo;<strong>\u00e9ducation<\/strong> n&rsquo;est pas seulement alarmant, il met aussi en lumi\u00e8re des tensions sous-jacentes entre parents, \u00e9ducateurs et \u00e9l\u00e8ves. D\u00e9cortiquons ensemble cet \u00e9v\u00e9nement et ses cons\u00e9quences.<\/p>\n\n<h2 class=\"wp-block-heading\">L&rsquo;incident : un p\u00e8re aux abois<\/h2>\n\n<p>Tout commence le 10 octobre 2023. Abderrahmane L., un p\u00e8re de 45 ans, fait irruption dans l&rsquo;<strong>\u00e9cole<\/strong>. Sa fr\u00e9n\u00e9sie est aliment\u00e9e par des rumeurs concernant sa fille. Un signalement a \u00e9t\u00e9 effectu\u00e9, insinuant que sa fille aurait eu des comportements inappropri\u00e9s envers d&rsquo;autres \u00e9l\u00e8ves. Dans un \u00e9tat proche de la col\u00e8re, il s&rsquo;introduit dans l&rsquo;\u00e9tablissement pour chercher des explications et s&rsquo;en prendre aux parents qu&rsquo;il juge responsables de ce qu&rsquo;il consid\u00e8re comme une injustice.<\/p>\n\n<p>La directrice de l&rsquo;<strong>\u00e9cole<\/strong>, Laurence S., ainsi que deux autres parents pr\u00e9sents, sont prises de court par l&rsquo;irruption de cet homme visiblement hors de lui. Les <strong>menaces<\/strong> pleuvent : \u00ab\u00a0Je vais vous niquer vos m\u00e8res les putes\u00a0\u00bb, \u00ab\u00a0Je vais te fumer\u00a0\u00bb, \u00ab\u00a0Je vais t&rsquo;\u00e9gorger\u00a0\u00bb. Ces propos, non seulement choquants, repr\u00e9sentent une menace directe dans un lieu qui devrait \u00eatre sacralis\u00e9 par son ambiance de calme et d&rsquo;apprentissage. L&rsquo;\u00e9nergie de Abderrahmane s&rsquo;illustre par ces mots qui restent grav\u00e9s dans la m\u00e9moire des victimes, signalant une d\u00e9t\u00e9rioration du climat scolaire.<\/p>\n\n<h3 class=\"wp-block-heading\">Le climat de tension et ses origines<\/h3>\n\n<p>Les tensions comme celles observ\u00e9es lors de cet incident ne sont pas nouvelles. Plusieurs facteurs peuvent contribuer \u00e0 un climat d&rsquo;<strong>\u00e9ducation<\/strong> marqu\u00e9 par l&rsquo;<strong>agression<\/strong> et la <strong>violence<\/strong>. Parmi eux, les attentes irr\u00e9alistes des parents, les probl\u00e8mes de communication entre les familles et l&rsquo;<strong>\u00e9cole<\/strong>, ainsi que la pression sociale ressentie par les enfants peuvent cr\u00e9er des conflits explosifs.<\/p>\n\n<ul class=\"wp-block-list\"><li>\ud83d\udcda <strong>Probl\u00e8mes de communication<\/strong> : La d\u00e9t\u00e9rioration des rapports entre parents et enseignants peut cr\u00e9er un foss\u00e9 dans la compr\u00e9hension des enjeux scolaires.<\/li><li>\ud83d\udc68\u200d\ud83d\udc69\u200d\ud83d\udc67 <strong>Attentes irr\u00e9alistes<\/strong> : Certains parents projettent leurs propres ambitions sur leurs enfants, engendrant une pression excessive.<\/li><li>\u2694\ufe0f <strong>Pression sociale<\/strong> : Les enfants subissant le poids du regard des autres peuvent r\u00e9agir de mani\u00e8re impr\u00e9visible, engendrant frustration et conflits.<\/li><\/ul>\n\n<p>Les cons\u00e9quences peuvent \u00eatre d\u00e9sastreuses. Les \u00e9l\u00e8ves sont les premi\u00e8res victimes, car ils vivent dans un climat d&rsquo;<strong>angoisse<\/strong> o\u00f9 les <strong>menaces<\/strong> deviennent monnaie courante. Les enseignants, de leur c\u00f4t\u00e9, doivent jongler avec des situations difficiles, tout en maintenant un cadre d&rsquo;<strong>\u00e9ducation<\/strong> propice \u00e0 un apprentissage serein.<\/p>\n\n<h3 class=\"wp-block-heading\">La r\u00e9action de l&rsquo;administration scolaire<\/h3>\n\n<p>La r\u00e9action imm\u00e9diate de l&rsquo;administration apr\u00e8s cet incident a \u00e9t\u00e9 de renforcer les mesures de s\u00e9curit\u00e9 au sein de l&rsquo;\u00e9tablissement. Tout un travail de fond est initi\u00e9 pour red\u00e9finir les protocoles de s\u00e9curit\u00e9, garantissant davantage la <strong>safety<\/strong> des \u00e9l\u00e8ves et des personnels \u00e9ducatifs. Des s\u00e9ances de sensibilisation sur la gestion des conflits et la communication sont \u00e9galement mises en place pour aider les parents \u00e0 mieux comprendre leur r\u00f4le dans la dynamique scolaire.<\/p>\n\n<figure class=\"wp-block-table\"><table>\n<thead>\n<tr>\n<th>Mesure<\/th>\n<th>Description<\/th>\n<th>Impact pr\u00e9vu<\/th>\n<\/tr>\n<\/thead>\n<tbody>\n<tr>\n<td>\ud83d\udd12 Renforcement de la s\u00e9curit\u00e9<\/td>\n<td>Surveillance accrue autour de l&rsquo;\u00e9tablissement.<\/td>\n<td>\ud83d\udd10 S\u00e9curiser les acc\u00e8s.<\/td>\n<\/tr>\n<tr>\n<td>\ud83d\udce2 Ateliers de communication<\/td>\n<td>Sessions pour renforcer les liens parents-enseignants.<\/td>\n<td>\ud83e\udd1d Am\u00e9liorer la coop\u00e9ration.<\/td>\n<\/tr>\n<tr>\n<td>\ud83d\udc69\u200d\ud83c\udfeb Formation des enseignants<\/td>\n<td>Pr\u00e9paration \u00e0 la gestion de crise.<\/td>\n<td>\ud83c\udf93 Am\u00e9liorer leur efficacit\u00e9.<\/td>\n<\/tr>\n<\/tbody>\n<\/table><\/figure>\n\n<h2 class=\"wp-block-heading\">Impact \u00e0 long terme sur les victimes<\/h2>\n\n<p>Les effets de cet incident ne se limitent pas \u00e0 un moment isol\u00e9. La violence \u00e0 l&rsquo;<strong>\u00e9cole<\/strong> peut avoir des cons\u00e9quences durables sur l&rsquo;ensemble de la communaut\u00e9 \u00e9ducative. Les victimes, y compris la directrice et les parents menac\u00e9s, gardent une m\u00e9moire vive de cette agression qui peut influencer leur quotidien.<\/p>\n\n<p>Les psychologues mettent en avant l&rsquo;importance de g\u00e9rer le <strong>stress<\/strong> post-traumatique apr\u00e8s des \u00e9v\u00e9nements de ce type. Les victimes peuvent ressentir une <strong>angoisse<\/strong> persistante et une m\u00e9fiance envers leur environnement, alt\u00e9rant ainsi leur capacit\u00e9 \u00e0 s&rsquo;investir pleinement dans leur r\u00f4le au sein de l&rsquo;<strong>\u00e9cole<\/strong> ou dans leurs interactions quotidiennes.<\/p>\n\n<ul class=\"wp-block-list\"><li>\ud83e\udde0 <strong>Probl\u00e8mes \u00e9motionnels<\/strong> : Sentiments d&rsquo;anxi\u00e9t\u00e9 et de peur persistants.<\/li><li>\ud83e\udd75 <strong>Impact sur la sant\u00e9 mentale<\/strong> : Risque accru de troubles d\u00e9pressifs.<\/li><li>\u2696\ufe0f <strong>\u00c9quilibre relationnel<\/strong> : Diminution de l&rsquo;envie de socialiser, ce qui peut entra\u00eener un isolement.<\/li><\/ul>\n\n<p>Pour pallier \u00e0 ces impacts, des psychologues scolaires proposent des demeures de suivi pour accompagner les victimes dans leur cheminement vers la gu\u00e9rison. Ces s\u00e9ances individuelles et collectives permettent de cr\u00e9er un espace de parole o\u00f9 chacun peut s&rsquo;exprimer librement sans crainte de jugement.<\/p>\n\n<h2 class=\"wp-block-heading\">Le syst\u00e8me judiciaire face \u00e0 la violence scolaire<\/h2>\n\n<p>Le rendre public de tels \u00e9v\u00e9nements expose la faille du syst\u00e8me face \u00e0 la <strong>violence<\/strong>. La cour de Beauvais a eu la lourde t\u00e2che de juger Abderrahmane L., ce qui soul\u00e8ve des interrogations sur la r\u00e9action de la soci\u00e9t\u00e9 envers la <strong>menace<\/strong> et l&rsquo;<strong>agression<\/strong> au sein des \u00e9tablissements scolaires.<\/p>\n\n<p>L&rsquo;analyse des cons\u00e9quences judiciaires d&rsquo;une agression comme celle-ci montre que la justice doit s&rsquo;adapter pour faire face \u00e0 ces nouvelles formes de <strong>violence<\/strong>. Le proc\u00e8s met en lumi\u00e8re non seulement la gravit\u00e9 des actes, mais aussi l&rsquo;impact psychologique sur les victimes et les t\u00e9moins. Les mesures prises par le tribunal peuvent servir d&rsquo;exemple pour d&rsquo;autres cas similaires afin de mieux appr\u00e9hender cette probl\u00e9matique.<\/p>\n\n<figure class=\"wp-block-table\"><table>\n<thead>\n<tr>\n<th>Action juridique<\/th>\n<th>Sanction pr\u00e9vue<\/th>\n<th>Objectif<\/th>\n<\/tr>\n<\/thead>\n<tbody>\n<tr>\n<td>\ud83d\udea8 Poursuites p\u00e9nales<\/td>\n<td>Peines d&#8217;emprisonnement et amendes.<\/td>\n<td>\u27a1\ufe0f Discipliner l&rsquo;agresseur.<\/td>\n<\/tr>\n<tr>\n<td>\ud83d\udcdc R\u00e9parations aux victimes<\/td>\n<td>Indemnisation pour pr\u00e9judice subi.<\/td>\n<td>\ud83d\udc94 Aider \u00e0 la reconstruction.<\/td>\n<\/tr>\n<tr>\n<td>\u2696\ufe0f Suivi psychologique<\/td>\n<td>\u00c9valuations r\u00e9guli\u00e8res des victimes.<\/td>\n<td>\ud83e\udde0 Pr\u00e9venir les traumatismes futurs.<\/td>\n<\/tr>\n<\/tbody>\n<\/table><\/figure>\n\n<h2 class=\"wp-block-heading\">Encourager un environnement scolaire serein<\/h2>\n\n<p>Les incidents de violence comme celui-ci ne devraient jamais devenir la norme dans nos <strong>\u00e9coles<\/strong>. Cela interpelle non seulement les institutions mais aussi chaque parent, chaque enseignant et chaque \u00e9l\u00e8ve. Chacun a un r\u00f4le \u00e0 jouer pour construire un milieu o\u00f9 le respect et la s\u00e9curit\u00e9 pr\u00e9valent sur la <strong>violence<\/strong>.<\/p>\n\n<p>Pour favoriser un environnement serein, voici quelques actions \u00e0 envisager au quotidien :<\/p>\n\n<ul class=\"wp-block-list\"><li>\ud83d\ude07 <strong>Renforcer le dialogue<\/strong> entre parents et enseignants.<\/li><li>\ud83d\udcda <strong>\u00c9duquer sur la gestion des conflits<\/strong> pour pr\u00e9venir les d\u00e9rapages.<\/li><li>\ud83d\udc9b <strong>Travail d&rsquo;\u00e9quipe<\/strong> pour construire un lieu d&rsquo;apprentissage agr\u00e9able.<\/li><\/ul>\n\n<p>Les <strong>r\u00e9actions<\/strong> doivent \u00eatre imm\u00e9diates face \u00e0 des crises de ce type. Sensibiliser enfants, parents et enseignants aux enjeux de la <strong>s\u00e9curit\u00e9<\/strong> \u00e0 l&rsquo;<strong>\u00e9cole<\/strong> peut faire une diff\u00e9rence consid\u00e9rable. Un retour \u00e0 un climat de confiance est essentiel pour que chaque usager puisse \u00e9voluer sereinement.<\/p>\n\n<h2 class=\"wp-block-heading\">FAQ<\/h2>\n\n<p><strong>1. Quelles sont les cons\u00e9quences psychologiques d&rsquo;une agression \u00e0 l&rsquo;\u00e9cole ?<\/strong><br>\nLes victimes peuvent ressentir de l&rsquo;anxi\u00e9t\u00e9, de la peur, et peuvent m\u00eame d\u00e9velopper des troubles d\u00e9pressifs.<\/p>\n\n<p><strong>2. Comment les \u00e9coles r\u00e9agissent-elles face \u00e0 des menaces ?<\/strong><br>\nLes <strong>\u00e9tablissements<\/strong> mettent en place des mesures de s\u00e9curit\u00e9 renforc\u00e9es et des ateliers de sensibilisation.<\/p>\n\n<p><strong>3. Quel est le r\u00f4le des parents dans l&rsquo;\u00e9ducation des enfants ?<\/strong><br>\nLes parents doivent soutenir l&rsquo;<strong>\u00e9ducation<\/strong> par une communication ouverte avec les enseignants et l&rsquo;\u00e9cole. Cela aide \u00e0 pr\u00e9venir les conflits.<\/p>\n\n<p><strong>4. Quels types de sanctions peuvent \u00eatre appliqu\u00e9es aux agresseurs ?<\/strong><br>\nDes poursuites p\u00e9nales, des amendes ou des peines de prison peuvent \u00eatre envisag\u00e9es selon la gravit\u00e9 des actes.<\/p>\n\n<p><strong>5. Que faire si on est t\u00e9moin d&rsquo;un acte de violence \u00e0 l&rsquo;\u00e9cole ?<\/strong><br>\nIl est essentiel de signaler l&rsquo;incident \u00e0 un adulte de confiance, qu&rsquo;il s&rsquo;agisse d&rsquo;un enseignant ou d&rsquo;un parent, afin de prendre des mesures appropri\u00e9es.<\/p>\n\n","protected":false},"excerpt":{"rendered":"<p>Dans une affaire qui soul\u00e8ve de nombreuses questions sur la s\u00e9curit\u00e9 dans les \u00e9tablissements scolaires, un p\u00e8re d&rsquo;\u00e9l\u00e8ve a r\u00e9cemment fait parler de lui pour ses agissements inacceptables. L&rsquo;incident, survenu \u00e0 l&rsquo;\u00e9cole primaire Louis-Warabiot de Grandvilliers dans l&rsquo;Oise, a choqu\u00e9 tant les enseignants que les parents d&rsquo;\u00e9l\u00e8ves. Ce type de violence physique ou verbale dans &#8230; <a title=\"Un p\u00e8re d&rsquo;\u00e9l\u00e8ve menace la directrice d&rsquo;une \u00e9cole dans l&rsquo;Oise en s&rsquo;introduisant par la force\" class=\"read-more\" href=\"https:\/\/www.apres-lecole.fr\/Blog\/mere-ecole-oise-menace\/\" aria-label=\"En savoir plus sur Un p\u00e8re d&rsquo;\u00e9l\u00e8ve menace la directrice d&rsquo;une \u00e9cole dans l&rsquo;Oise en s&rsquo;introduisant par la force\">Lire plus<\/a><\/p>\n","protected":false},"author":9,"featured_media":0,"comment_status":"open","ping_status":"open","sticky":false,"template":"","format":"standard","meta":{"footnotes":""},"categories":[342],"tags":[726,412,727,724,725],"class_list":["post-1891","post","type-post","status-publish","format-standard","hentry","category-actualites","tag-directrice-decole","tag-education","tag-menace","tag-oise","tag-violence-a-lecole"],"yoast_head":"<!-- This site is optimized with the Yoast SEO plugin v27.5 - https:\/\/yoast.com\/product\/yoast-seo-wordpress\/ -->\n<title>Un p\u00e8re d&#039;\u00e9l\u00e8ve p\u00e9n\u00e8tre par la force et menace la directrice<\/title>\n<meta name=\"description\" content=\"D\u00e9couvrez l&#039;incident choquant survenu dans une \u00e9cole de l&#039;Oise, o\u00f9 un p\u00e8re d&#039;\u00e9l\u00e8ve a menac\u00e9 la directrice apr\u00e8s s&#039;\u00eatre introduit par la force. Cet acte de violence soul\u00e8ve des interrogations sur la s\u00e9curit\u00e9 dans les \u00e9tablissements scolaires et la gestion des conflits entre parents et personnel \u00e9ducatif. Informez-vous sur les d\u00e9tails de l&#039;\u00e9v\u00e9nement et les r\u00e9actions des autorit\u00e9s locales.\" \/>\n<meta name=\"robots\" content=\"index, follow, max-snippet:-1, max-image-preview:large, max-video-preview:-1\" \/>\n<link rel=\"canonical\" href=\"https:\/\/www.apres-lecole.fr\/Blog\/mere-ecole-oise-menace\/\" \/>\n<meta property=\"og:locale\" content=\"fr_FR\" \/>\n<meta property=\"og:type\" content=\"article\" \/>\n<meta property=\"og:title\" content=\"Un p\u00e8re d&#039;\u00e9l\u00e8ve p\u00e9n\u00e8tre par la force et menace la directrice\" \/>\n<meta property=\"og:description\" content=\"D\u00e9couvrez l&#039;incident choquant survenu dans une \u00e9cole de l&#039;Oise, o\u00f9 un p\u00e8re d&#039;\u00e9l\u00e8ve a menac\u00e9 la directrice apr\u00e8s s&#039;\u00eatre introduit par la force. Cet acte de violence soul\u00e8ve des interrogations sur la s\u00e9curit\u00e9 dans les \u00e9tablissements scolaires et la gestion des conflits entre parents et personnel \u00e9ducatif. Informez-vous sur les d\u00e9tails de l&#039;\u00e9v\u00e9nement et les r\u00e9actions des autorit\u00e9s locales.\" \/>\n<meta property=\"og:url\" content=\"https:\/\/www.apres-lecole.fr\/Blog\/mere-ecole-oise-menace\/\" \/>\n<meta property=\"article:published_time\" content=\"2025-04-25T21:05:00+00:00\" \/>\n<meta name=\"author\" content=\"Eva Martin\" \/>\n<meta name=\"twitter:card\" content=\"summary_large_image\" \/>\n<meta name=\"twitter:creator\" content=\"@Evaapresecole\" \/>\n<meta name=\"twitter:label1\" content=\"\u00c9crit par\" \/>\n\t<meta name=\"twitter:data1\" content=\"Eva Martin\" \/>\n\t<meta name=\"twitter:label2\" content=\"Dur\u00e9e de lecture estim\u00e9e\" \/>\n\t<meta name=\"twitter:data2\" content=\"6 minutes\" \/>\n<script type=\"application\/ld+json\" class=\"yoast-schema-graph\">{\"@context\":\"https:\\\/\\\/schema.org\",\"@graph\":[{\"@type\":\"Article\",\"@id\":\"https:\\\/\\\/www.apres-lecole.fr\\\/Blog\\\/mere-ecole-oise-menace\\\/#article\",\"isPartOf\":{\"@id\":\"https:\\\/\\\/www.apres-lecole.fr\\\/Blog\\\/mere-ecole-oise-menace\\\/\"},\"author\":{\"name\":\"Eva Martin\",\"@id\":\"https:\\\/\\\/www.apres-lecole.fr\\\/Blog\\\/#\\\/schema\\\/person\\\/aeb50cd4b51fc69da155804bb5bb9fc4\"},\"headline\":\"Un p\u00e8re d&rsquo;\u00e9l\u00e8ve menace la directrice d&rsquo;une \u00e9cole dans l&rsquo;Oise en s&rsquo;introduisant par la force\",\"datePublished\":\"2025-04-25T21:05:00+00:00\",\"mainEntityOfPage\":{\"@id\":\"https:\\\/\\\/www.apres-lecole.fr\\\/Blog\\\/mere-ecole-oise-menace\\\/\"},\"wordCount\":1330,\"commentCount\":0,\"keywords\":[\"directrice d'\u00e9cole\",\"\u00e9ducation\",\"menace\",\"oise\",\"violence \u00e0 l'\u00e9cole\"],\"articleSection\":[\"Actualit\u00e9s\"],\"inLanguage\":\"fr-FR\",\"potentialAction\":[{\"@type\":\"CommentAction\",\"name\":\"Comment\",\"target\":[\"https:\\\/\\\/www.apres-lecole.fr\\\/Blog\\\/mere-ecole-oise-menace\\\/#respond\"]}]},{\"@type\":\"WebPage\",\"@id\":\"https:\\\/\\\/www.apres-lecole.fr\\\/Blog\\\/mere-ecole-oise-menace\\\/\",\"url\":\"https:\\\/\\\/www.apres-lecole.fr\\\/Blog\\\/mere-ecole-oise-menace\\\/\",\"name\":\"Un p\u00e8re d'\u00e9l\u00e8ve p\u00e9n\u00e8tre par la force et menace la directrice\",\"isPartOf\":{\"@id\":\"https:\\\/\\\/www.apres-lecole.fr\\\/Blog\\\/#website\"},\"datePublished\":\"2025-04-25T21:05:00+00:00\",\"author\":{\"@id\":\"https:\\\/\\\/www.apres-lecole.fr\\\/Blog\\\/#\\\/schema\\\/person\\\/aeb50cd4b51fc69da155804bb5bb9fc4\"},\"description\":\"D\u00e9couvrez l'incident choquant survenu dans une \u00e9cole de l'Oise, o\u00f9 un p\u00e8re d'\u00e9l\u00e8ve a menac\u00e9 la directrice apr\u00e8s s'\u00eatre introduit par la force. Cet acte de violence soul\u00e8ve des interrogations sur la s\u00e9curit\u00e9 dans les \u00e9tablissements scolaires et la gestion des conflits entre parents et personnel \u00e9ducatif. Informez-vous sur les d\u00e9tails de l'\u00e9v\u00e9nement et les r\u00e9actions des autorit\u00e9s locales.\",\"breadcrumb\":{\"@id\":\"https:\\\/\\\/www.apres-lecole.fr\\\/Blog\\\/mere-ecole-oise-menace\\\/#breadcrumb\"},\"inLanguage\":\"fr-FR\",\"potentialAction\":[{\"@type\":\"ReadAction\",\"target\":[\"https:\\\/\\\/www.apres-lecole.fr\\\/Blog\\\/mere-ecole-oise-menace\\\/\"]}]},{\"@type\":\"BreadcrumbList\",\"@id\":\"https:\\\/\\\/www.apres-lecole.fr\\\/Blog\\\/mere-ecole-oise-menace\\\/#breadcrumb\",\"itemListElement\":[{\"@type\":\"ListItem\",\"position\":1,\"name\":\"Home\",\"item\":\"https:\\\/\\\/www.apres-lecole.fr\\\/Blog\\\/\"},{\"@type\":\"ListItem\",\"position\":2,\"name\":\"Un p\u00e8re d&rsquo;\u00e9l\u00e8ve menace la directrice d&rsquo;une \u00e9cole dans l&rsquo;Oise en s&rsquo;introduisant par la force\"}]},{\"@type\":\"WebSite\",\"@id\":\"https:\\\/\\\/www.apres-lecole.fr\\\/Blog\\\/#website\",\"url\":\"https:\\\/\\\/www.apres-lecole.fr\\\/Blog\\\/\",\"name\":\"\",\"description\":\"M\u00e9dia g\u00e9n\u00e9raliste\",\"potentialAction\":[{\"@type\":\"SearchAction\",\"target\":{\"@type\":\"EntryPoint\",\"urlTemplate\":\"https:\\\/\\\/www.apres-lecole.fr\\\/Blog\\\/?s={search_term_string}\"},\"query-input\":{\"@type\":\"PropertyValueSpecification\",\"valueRequired\":true,\"valueName\":\"search_term_string\"}}],\"inLanguage\":\"fr-FR\"},{\"@type\":\"Person\",\"@id\":\"https:\\\/\\\/www.apres-lecole.fr\\\/Blog\\\/#\\\/schema\\\/person\\\/aeb50cd4b51fc69da155804bb5bb9fc4\",\"name\":\"Eva Martin\",\"image\":{\"@type\":\"ImageObject\",\"inLanguage\":\"fr-FR\",\"@id\":\"https:\\\/\\\/secure.gravatar.com\\\/avatar\\\/55c53222558b27a72015a64073a80edce4abd33369394b9bf2c5cd6c19d12682?s=96&d=mm&r=g\",\"url\":\"https:\\\/\\\/secure.gravatar.com\\\/avatar\\\/55c53222558b27a72015a64073a80edce4abd33369394b9bf2c5cd6c19d12682?s=96&d=mm&r=g\",\"contentUrl\":\"https:\\\/\\\/secure.gravatar.com\\\/avatar\\\/55c53222558b27a72015a64073a80edce4abd33369394b9bf2c5cd6c19d12682?s=96&d=mm&r=g\",\"caption\":\"Eva Martin\"},\"description\":\"Je parle de business et d'entrepreneuriat avec des conseils clairs, concrets et actionnables pour r\u00e9ussir\",\"sameAs\":[\"https:\\\/\\\/x.com\\\/Evaapresecole\"],\"url\":\"https:\\\/\\\/www.apres-lecole.fr\\\/Blog\\\/author\\\/evamartin\\\/\"}]}<\/script>\n<!-- \/ Yoast SEO plugin. -->","yoast_head_json":{"title":"Un p\u00e8re d'\u00e9l\u00e8ve p\u00e9n\u00e8tre par la force et menace la directrice","description":"D\u00e9couvrez l'incident choquant survenu dans une \u00e9cole de l'Oise, o\u00f9 un p\u00e8re d'\u00e9l\u00e8ve a menac\u00e9 la directrice apr\u00e8s s'\u00eatre introduit par la force. Cet acte de violence soul\u00e8ve des interrogations sur la s\u00e9curit\u00e9 dans les \u00e9tablissements scolaires et la gestion des conflits entre parents et personnel \u00e9ducatif. Informez-vous sur les d\u00e9tails de l'\u00e9v\u00e9nement et les r\u00e9actions des autorit\u00e9s locales.","robots":{"index":"index","follow":"follow","max-snippet":"max-snippet:-1","max-image-preview":"max-image-preview:large","max-video-preview":"max-video-preview:-1"},"canonical":"https:\/\/www.apres-lecole.fr\/Blog\/mere-ecole-oise-menace\/","og_locale":"fr_FR","og_type":"article","og_title":"Un p\u00e8re d'\u00e9l\u00e8ve p\u00e9n\u00e8tre par la force et menace la directrice","og_description":"D\u00e9couvrez l'incident choquant survenu dans une \u00e9cole de l'Oise, o\u00f9 un p\u00e8re d'\u00e9l\u00e8ve a menac\u00e9 la directrice apr\u00e8s s'\u00eatre introduit par la force. Cet acte de violence soul\u00e8ve des interrogations sur la s\u00e9curit\u00e9 dans les \u00e9tablissements scolaires et la gestion des conflits entre parents et personnel \u00e9ducatif. Informez-vous sur les d\u00e9tails de l'\u00e9v\u00e9nement et les r\u00e9actions des autorit\u00e9s locales.","og_url":"https:\/\/www.apres-lecole.fr\/Blog\/mere-ecole-oise-menace\/","article_published_time":"2025-04-25T21:05:00+00:00","author":"Eva Martin","twitter_card":"summary_large_image","twitter_creator":"@Evaapresecole","twitter_misc":{"\u00c9crit par":"Eva Martin","Dur\u00e9e de lecture estim\u00e9e":"6 minutes"},"schema":{"@context":"https:\/\/schema.org","@graph":[{"@type":"Article","@id":"https:\/\/www.apres-lecole.fr\/Blog\/mere-ecole-oise-menace\/#article","isPartOf":{"@id":"https:\/\/www.apres-lecole.fr\/Blog\/mere-ecole-oise-menace\/"},"author":{"name":"Eva Martin","@id":"https:\/\/www.apres-lecole.fr\/Blog\/#\/schema\/person\/aeb50cd4b51fc69da155804bb5bb9fc4"},"headline":"Un p\u00e8re d&rsquo;\u00e9l\u00e8ve menace la directrice d&rsquo;une \u00e9cole dans l&rsquo;Oise en s&rsquo;introduisant par la force","datePublished":"2025-04-25T21:05:00+00:00","mainEntityOfPage":{"@id":"https:\/\/www.apres-lecole.fr\/Blog\/mere-ecole-oise-menace\/"},"wordCount":1330,"commentCount":0,"keywords":["directrice d'\u00e9cole","\u00e9ducation","menace","oise","violence \u00e0 l'\u00e9cole"],"articleSection":["Actualit\u00e9s"],"inLanguage":"fr-FR","potentialAction":[{"@type":"CommentAction","name":"Comment","target":["https:\/\/www.apres-lecole.fr\/Blog\/mere-ecole-oise-menace\/#respond"]}]},{"@type":"WebPage","@id":"https:\/\/www.apres-lecole.fr\/Blog\/mere-ecole-oise-menace\/","url":"https:\/\/www.apres-lecole.fr\/Blog\/mere-ecole-oise-menace\/","name":"Un p\u00e8re d'\u00e9l\u00e8ve p\u00e9n\u00e8tre par la force et menace la directrice","isPartOf":{"@id":"https:\/\/www.apres-lecole.fr\/Blog\/#website"},"datePublished":"2025-04-25T21:05:00+00:00","author":{"@id":"https:\/\/www.apres-lecole.fr\/Blog\/#\/schema\/person\/aeb50cd4b51fc69da155804bb5bb9fc4"},"description":"D\u00e9couvrez l'incident choquant survenu dans une \u00e9cole de l'Oise, o\u00f9 un p\u00e8re d'\u00e9l\u00e8ve a menac\u00e9 la directrice apr\u00e8s s'\u00eatre introduit par la force. Cet acte de violence soul\u00e8ve des interrogations sur la s\u00e9curit\u00e9 dans les \u00e9tablissements scolaires et la gestion des conflits entre parents et personnel \u00e9ducatif. Informez-vous sur les d\u00e9tails de l'\u00e9v\u00e9nement et les r\u00e9actions des autorit\u00e9s locales.","breadcrumb":{"@id":"https:\/\/www.apres-lecole.fr\/Blog\/mere-ecole-oise-menace\/#breadcrumb"},"inLanguage":"fr-FR","potentialAction":[{"@type":"ReadAction","target":["https:\/\/www.apres-lecole.fr\/Blog\/mere-ecole-oise-menace\/"]}]},{"@type":"BreadcrumbList","@id":"https:\/\/www.apres-lecole.fr\/Blog\/mere-ecole-oise-menace\/#breadcrumb","itemListElement":[{"@type":"ListItem","position":1,"name":"Home","item":"https:\/\/www.apres-lecole.fr\/Blog\/"},{"@type":"ListItem","position":2,"name":"Un p\u00e8re d&rsquo;\u00e9l\u00e8ve menace la directrice d&rsquo;une \u00e9cole dans l&rsquo;Oise en s&rsquo;introduisant par la force"}]},{"@type":"WebSite","@id":"https:\/\/www.apres-lecole.fr\/Blog\/#website","url":"https:\/\/www.apres-lecole.fr\/Blog\/","name":"","description":"M\u00e9dia g\u00e9n\u00e9raliste","potentialAction":[{"@type":"SearchAction","target":{"@type":"EntryPoint","urlTemplate":"https:\/\/www.apres-lecole.fr\/Blog\/?s={search_term_string}"},"query-input":{"@type":"PropertyValueSpecification","valueRequired":true,"valueName":"search_term_string"}}],"inLanguage":"fr-FR"},{"@type":"Person","@id":"https:\/\/www.apres-lecole.fr\/Blog\/#\/schema\/person\/aeb50cd4b51fc69da155804bb5bb9fc4","name":"Eva Martin","image":{"@type":"ImageObject","inLanguage":"fr-FR","@id":"https:\/\/secure.gravatar.com\/avatar\/55c53222558b27a72015a64073a80edce4abd33369394b9bf2c5cd6c19d12682?s=96&d=mm&r=g","url":"https:\/\/secure.gravatar.com\/avatar\/55c53222558b27a72015a64073a80edce4abd33369394b9bf2c5cd6c19d12682?s=96&d=mm&r=g","contentUrl":"https:\/\/secure.gravatar.com\/avatar\/55c53222558b27a72015a64073a80edce4abd33369394b9bf2c5cd6c19d12682?s=96&d=mm&r=g","caption":"Eva Martin"},"description":"Je parle de business et d'entrepreneuriat avec des conseils clairs, concrets et actionnables pour r\u00e9ussir","sameAs":["https:\/\/x.com\/Evaapresecole"],"url":"https:\/\/www.apres-lecole.fr\/Blog\/author\/evamartin\/"}]}},"views":20,"_links":{"self":[{"href":"https:\/\/www.apres-lecole.fr\/Blog\/wp-json\/wp\/v2\/posts\/1891","targetHints":{"allow":["GET"]}}],"collection":[{"href":"https:\/\/www.apres-lecole.fr\/Blog\/wp-json\/wp\/v2\/posts"}],"about":[{"href":"https:\/\/www.apres-lecole.fr\/Blog\/wp-json\/wp\/v2\/types\/post"}],"author":[{"embeddable":true,"href":"https:\/\/www.apres-lecole.fr\/Blog\/wp-json\/wp\/v2\/users\/9"}],"replies":[{"embeddable":true,"href":"https:\/\/www.apres-lecole.fr\/Blog\/wp-json\/wp\/v2\/comments?post=1891"}],"version-history":[{"count":0,"href":"https:\/\/www.apres-lecole.fr\/Blog\/wp-json\/wp\/v2\/posts\/1891\/revisions"}],"wp:attachment":[{"href":"https:\/\/www.apres-lecole.fr\/Blog\/wp-json\/wp\/v2\/media?parent=1891"}],"wp:term":[{"taxonomy":"category","embeddable":true,"href":"https:\/\/www.apres-lecole.fr\/Blog\/wp-json\/wp\/v2\/categories?post=1891"},{"taxonomy":"post_tag","embeddable":true,"href":"https:\/\/www.apres-lecole.fr\/Blog\/wp-json\/wp\/v2\/tags?post=1891"}],"curies":[{"name":"wp","href":"https:\/\/api.w.org\/{rel}","templated":true}]}}