{"id":1890,"date":"2025-04-25T07:04:29","date_gmt":"2025-04-25T07:04:29","guid":{"rendered":"https:\/\/www.apres-lecole.fr\/Blog\/parents-engages-scolarisation-village\/"},"modified":"2025-04-25T07:04:29","modified_gmt":"2025-04-25T07:04:29","slug":"parents-engages-scolarisation-village","status":"publish","type":"post","link":"https:\/\/www.apres-lecole.fr\/Blog\/parents-engages-scolarisation-village\/","title":{"rendered":"Des parents engag\u00e9s dans l&rsquo;\u00e9cole publique pr\u00e9f\u00e8rent scolariser leur enfant dans un village voisin"},"content":{"rendered":"\n\n<div class=\"kk-star-ratings kksr-auto kksr-align-left kksr-valign-top\"\n    data-payload='{&quot;align&quot;:&quot;left&quot;,&quot;id&quot;:&quot;1890&quot;,&quot;slug&quot;:&quot;default&quot;,&quot;valign&quot;:&quot;top&quot;,&quot;ignore&quot;:&quot;&quot;,&quot;reference&quot;:&quot;auto&quot;,&quot;class&quot;:&quot;&quot;,&quot;count&quot;:&quot;0&quot;,&quot;legendonly&quot;:&quot;&quot;,&quot;readonly&quot;:&quot;&quot;,&quot;score&quot;:&quot;0&quot;,&quot;starsonly&quot;:&quot;&quot;,&quot;best&quot;:&quot;5&quot;,&quot;gap&quot;:&quot;5&quot;,&quot;greet&quot;:&quot;Rate this post&quot;,&quot;legend&quot;:&quot;0\\\/5 - (0 vote)&quot;,&quot;size&quot;:&quot;24&quot;,&quot;title&quot;:&quot;Des parents engag\u00e9s dans l\\u0026#039;\u00e9cole publique pr\u00e9f\u00e8rent scolariser leur enfant dans un village voisin&quot;,&quot;width&quot;:&quot;0&quot;,&quot;_legend&quot;:&quot;{score}\\\/{best} - ({count} {votes})&quot;,&quot;font_factor&quot;:&quot;1.25&quot;}'>\n            \n<div class=\"kksr-stars\">\n    \n<div class=\"kksr-stars-inactive\">\n            <div class=\"kksr-star\" data-star=\"1\" style=\"padding-right: 5px\">\n            \n\n<div class=\"kksr-icon\" style=\"width: 24px; height: 24px;\"><\/div>\n        <\/div>\n            <div class=\"kksr-star\" data-star=\"2\" style=\"padding-right: 5px\">\n            \n\n<div class=\"kksr-icon\" style=\"width: 24px; height: 24px;\"><\/div>\n        <\/div>\n            <div class=\"kksr-star\" data-star=\"3\" style=\"padding-right: 5px\">\n            \n\n<div class=\"kksr-icon\" style=\"width: 24px; height: 24px;\"><\/div>\n        <\/div>\n            <div class=\"kksr-star\" data-star=\"4\" style=\"padding-right: 5px\">\n            \n\n<div class=\"kksr-icon\" style=\"width: 24px; height: 24px;\"><\/div>\n        <\/div>\n            <div class=\"kksr-star\" data-star=\"5\" style=\"padding-right: 5px\">\n            \n\n<div class=\"kksr-icon\" style=\"width: 24px; height: 24px;\"><\/div>\n        <\/div>\n    <\/div>\n    \n<div class=\"kksr-stars-active\" style=\"width: 0px;\">\n            <div class=\"kksr-star\" style=\"padding-right: 5px\">\n            \n\n<div class=\"kksr-icon\" style=\"width: 24px; height: 24px;\"><\/div>\n        <\/div>\n            <div class=\"kksr-star\" style=\"padding-right: 5px\">\n            \n\n<div class=\"kksr-icon\" style=\"width: 24px; height: 24px;\"><\/div>\n        <\/div>\n            <div class=\"kksr-star\" style=\"padding-right: 5px\">\n            \n\n<div class=\"kksr-icon\" style=\"width: 24px; height: 24px;\"><\/div>\n        <\/div>\n            <div class=\"kksr-star\" style=\"padding-right: 5px\">\n            \n\n<div class=\"kksr-icon\" style=\"width: 24px; height: 24px;\"><\/div>\n        <\/div>\n            <div class=\"kksr-star\" style=\"padding-right: 5px\">\n            \n\n<div class=\"kksr-icon\" style=\"width: 24px; height: 24px;\"><\/div>\n        <\/div>\n    <\/div>\n<\/div>\n                \n\n<div class=\"kksr-legend\" style=\"font-size: 19.2px;\">\n            <span class=\"kksr-muted\">Rate this post<\/span>\n    <\/div>\n    <\/div>\n<p>Dans un contexte o\u00f9 le choix de l&rsquo;\u00e9ducation est plus que jamais au c\u0153ur des pr\u00e9occupations des familles, les raisons qui poussent certains parents engag\u00e9s dans l&rsquo;\u00e9cole publique \u00e0 opter pour la scolarisation de leurs enfants dans une commune voisine prennent une ampleur particuli\u00e8re. Les repr\u00e9sentations de l&rsquo;\u00e9cole publique, les dynamiques sociales et les choix li\u00e9s \u00e0 la mobilit\u00e9 scolaire fa\u00e7onnent leurs d\u00e9cisions. Cet article explore les diverses facettes de ce ph\u00e9nom\u00e8ne en plongeant dans le vif du sujet.<\/p>\n\n<ul class=\"wp-block-list\"><li>Les raisons du choix d&rsquo;une \u00e9cole alternative<\/li><li>Impact sur la communaut\u00e9 \u00e9ducative<\/li><li>Partenariat \u00e9cole-famille : une dynamique essentielle<\/li><li>Exemples et t\u00e9moignages de parents<\/li><li>Les d\u00e9fis et enjeux de la mobilit\u00e9 scolaire<\/li><\/ul>\n\n<h2 class=\"wp-block-heading\">Les raisons du choix d&rsquo;une \u00e9cole alternative : quand l&rsquo;\u00e9cole publique ne suffit plus<\/h2>\n\n<p>Pour de nombreux parents engag\u00e9s, l&rsquo;\u00e9cole publique repr\u00e9sente un id\u00e9al d&rsquo;inclusion et d&rsquo;\u00e9ducation pour tous. Toutefois, quand il s&rsquo;agit de la scolarisation de leur enfant, les facteurs qui influencent cette d\u00e9cision peuvent \u00eatre vari\u00e9s. Quels sont donc ces \u00e9l\u00e9ments qui ont conduit ces parents \u00e0 envisager une \u00e9cole alternative dans un village voisin ?<\/p>\n\n<p>Parmi les raisons les plus courantes se trouve la perception de la qualit\u00e9 de l&rsquo;\u00e9ducation offerte dans leur commune. Il est vrai que certains \u00e9tablissements publics peuvent souffrir de conditions moins favorables, allant des locaux peu adapt\u00e9s aux effectifs surcharg\u00e9s. Cela entra\u00eene parfois une demande d&rsquo;options plus adapt\u00e9es aux besoins individuels des enfants.<\/p>\n\n<p>En outre, une \u00e9cole alternative situ\u00e9e dans un village voisin peut proposer des sp\u00e9cificit\u00e9s p\u00e9dagogiques qui r\u00e9pondent mieux aux attentes des familles. Ce peut \u00eatre un projet \u00e9ducatif centr\u00e9 sur les arts, la nature, ou la philosophie, qui attire des parents en qu\u00eate d&rsquo;une approche diff\u00e9rente de l\u2019\u00e9ducation. Le choix de l&rsquo;\u00e9cole devient alors une qu\u00eate de sens et de pertinence.<\/p>\n\n<h3 class=\"wp-block-heading\">Les parents engag\u00e9s face aux in\u00e9galit\u00e9s scolaires<\/h3>\n\n<p>Les in\u00e9galit\u00e9s au sein du syst\u00e8me \u00e9ducatif sont une r\u00e9alit\u00e9 palpable. Dans les zones rurales ou p\u00e9riurbaines, les quartiers peuvent avoir des taux de r\u00e9ussite diff\u00e9rents selon les \u00e9coles, engendrant ainsi des choix strat\u00e9giques de la part des familles. Ainsi, quand un \u00e9tablissement est jug\u00e9 comme moins performant, il peut \u00eatre tentant d&rsquo;explorer d&rsquo;autres options. Les parents, souvent bien inform\u00e9s et proactifs, n&rsquo;h\u00e9sitent pas \u00e0 se tourner vers des solutions qui leur semblent b\u00e9n\u00e9fiques pour le futur de leurs enfants.<\/p>\n\n<ul class=\"wp-block-list\"><li>Qualit\u00e9 de l&rsquo;enseignement \ud83d\udc69\u200d\ud83c\udfeb<\/li><li>\u00c9quipements scolaires \ud83c\udf92<\/li><li>Encadrement personnalis\u00e9 \ud83d\udc68\u200d\ud83d\udc67\u200d\ud83d\udc66<\/li><\/ul>\n\n<p>Cette recherche de qualit\u00e9 peut \u00e9galement s&rsquo;accompagner d&rsquo;une volont\u00e9 d&rsquo;\u00e9viter des \u00e9tablissements o\u00f9 l&rsquo;ambiance est per\u00e7ue comme peu propice \u00e0 l&rsquo;\u00e9panouissement des enfants. Ainsi, des parents peuvent faire le choix de se tourner vers des \u00e9coles o\u00f9 l&rsquo;atmosph\u00e8re est plus sereine, promouvant des valeurs d&rsquo;entraide et de coop\u00e9ration.<\/p>\n\n<figure class=\"wp-block-table\"><table>\n<thead>\n<tr>\n<th>\u00c9l\u00e9ments de choix<\/th>\n<th>\u00c9cole Publique<\/th>\n<th>\u00c9cole Alternative (Village voisin)<\/th>\n<\/tr>\n<\/thead>\n<tbody>\n<tr>\n<td>Rapport qualit\u00e9\/prix<\/td>\n<td>Gratuit<\/td>\n<td>Parfois des frais de scolarit\u00e9<\/td>\n<\/tr>\n<tr>\n<td>Approche p\u00e9dagogique<\/td>\n<td>Curriculum national<\/td>\n<td>Sp\u00e9cificit\u00e9s locales et alternatives<\/td>\n<\/tr>\n<tr>\n<td>Encadrement<\/td>\n<td>Effectifs charg\u00e9s<\/td>\n<td>Groupes r\u00e9duits<\/td>\n<\/tr>\n<tr>\n<td>Infrastructures<\/td>\n<td>Parfois v\u00e9tustes<\/td>\n<td>Modernes et adapt\u00e9es<\/td>\n<\/tr>\n<\/tbody>\n<\/table><\/figure>\n\n<p>En somme, ces \u00e9l\u00e9ments d\u00e9montrent \u00e0 quel point le choix d&rsquo;une \u00e9cole peut \u00eatre influenc\u00e9 par des consid\u00e9rations multiples et parfois complexes. Le parcours \u00e9ducatif devient donc une aventure o\u00f9 l&rsquo;engagement des parents dans l&rsquo;\u00e9cole publique peut, paradoxalement, les conduire \u00e0 explorer des options alternatives.<\/p>\n\n<h2 class=\"wp-block-heading\">Impact sur la communaut\u00e9 \u00e9ducative : un mod\u00e8le \u00e0 repenser<\/h2>\n\n<p>Quand des parents d\u00e9cident d&rsquo;inscrire leurs enfants dans une \u00e9cole voisine, cela ne concerne pas seulement leurs enfants, mais cela soul\u00e8ve \u00e9galement des questions sur l&rsquo;impact global sur la communaut\u00e9 \u00e9ducative. Quelles cons\u00e9quences peuvent d\u00e9couler de ces d\u00e9cisions individuelles sur l&rsquo;environnement \u00e9ducatif local ?<\/p>\n\n<p>Premi\u00e8rement, cela incite les \u00e9coles publiques \u00e0 se r\u00e9interroger sur leur offre \u00e9ducative. Les \u00e9tablissements vont devoir s&rsquo;adapter et innover pour rester comp\u00e9titifs. Cette dynamique de concurrence peut engendrer une \u00e9mulation positive, poussant les \u00e9quipes enseignantes \u00e0 renforcer leur p\u00e9dagogie, diversifier les approches et proposer des activit\u00e9s extrascolaires enrichissantes.<\/p>\n\n<p>La communaut\u00e9 locale, quant \u00e0 elle, peut \u00e9galement b\u00e9n\u00e9ficier d&rsquo;un renforcement des partenariats entre \u00e9cole et familles. Par exemple, si une \u00e9cole publique voit ses effectifs diminuer, elle pourrait redoubler d&rsquo;efforts pour promouvoir des \u00e9v\u00e9nements qui rassemblent les parents, les enfants et les enseignants. Ces initiatives favorisent \u00e9galement l&rsquo;inclusion et renforcent le lien social.<\/p>\n\n<ul class=\"wp-block-list\"><li>\u00c9v\u00e9nements communautaires \ud83d\udc65<\/li><li>Partenariats locaux \ud83d\udcda<\/li><li>Soutien aux projets \u00e9ducatifs \ud83e\udd1d<\/li><\/ul>\n\n<p>De plus, les parents qui s&rsquo;investissent dans une \u00e9cole alternative apportent souvent des solutions innovantes en mati\u00e8re de p\u00e9dagogie ou d&rsquo;organisation. La diversit\u00e9 des mod\u00e8les \u00e9ducatifs peut enrichir le d\u00e9bat et offrir une pluralit\u00e9 d&rsquo;approches, permettant d&rsquo;am\u00e9liorer les m\u00e9thodes d&rsquo;enseignement pour tous.<\/p>\n\n<figure class=\"wp-block-table\"><table>\n<thead>\n<tr>\n<th>Aspects positifs<\/th>\n<th>Impact sur l&rsquo;\u00e9cole publique<\/th>\n<th>Impact sur l&rsquo;\u00e9cole alternative<\/th>\n<\/tr>\n<\/thead>\n<tbody>\n<tr>\n<td>Mixit\u00e9 sociale<\/td>\n<td>Renforcement des liens \u2192 plus d&rsquo;inclusion<\/td>\n<td>Muscler le partenariat avec les familles<\/td>\n<\/tr>\n<tr>\n<td>Qualit\u00e9 des projets \u00e9ducatifs<\/td>\n<td>\u00c9volution des pratiques p\u00e9dagogiques<\/td>\n<td>Stimulation de la r\u00e9flexion \u00e9ducative<\/td>\n<\/tr>\n<tr>\n<td>Mutualisation des ressources<\/td>\n<td>Partage d&rsquo;exp\u00e9riences et de savoir-faire<\/td>\n<td>Cr\u00e9ation d&rsquo;un \u00e9cosyst\u00e8me \u00e9ducatif<\/td>\n<\/tr>\n<\/tbody>\n<\/table><\/figure>\n\n<p>Ce ph\u00e9nom\u00e8ne invite \u00e0 r\u00e9fl\u00e9chir sur la n\u00e9cessit\u00e9 d&rsquo;un v\u00e9ritable partenariat \u00e9cole-famille. Une telle collaboration favorise le partage d&rsquo;expertises et, surtout, enrichit le parcours \u00e9ducatif des enfants, qu&rsquo;ils soient scolaris\u00e9s dans des \u00e9coles publiques ou alternatives.<\/p>\n\n<h2 class=\"wp-block-heading\">Exemples et t\u00e9moignages de parents : des voix qui comptent<\/h2>\n\n<p>Pour bien comprendre les motivations qui ont conduit \u00e0 cette d\u00e9cision de mobilit\u00e9 scolaire, il est int\u00e9ressant de recueillir des t\u00e9moignages. Les r\u00e9cits de ces parents, souvent riches et vari\u00e9s, apportent une dimension humaine \u00e0 ce sujet. Qu&rsquo;est-ce qui les a pouss\u00e9s \u00e0 faire confiance \u00e0 une \u00e9cole alternative ?<\/p>\n\n<p>Parmi les t\u00e9moignages recueillis, un choix r\u00e9current concerne une recherche de valeurs \u00e9ducatives. Carole, m\u00e8re de deux enfants, explique qu&rsquo;elle a choisi de scolariser ses enfants dans une \u00e9cole alternative parce que l&rsquo;\u00e9tablissement partageait des valeurs qu&rsquo;elle consid\u00e8re fondamentales : le respect de l&rsquo;environnement et l&rsquo;\u00e9ducation par l&rsquo;exp\u00e9rience. \u00ab Ils apprennent \u00e0 prot\u00e9ger la plan\u00e8te tout en d\u00e9couvrant le monde qui les entoure \u00bb, dit-elle avec enthousiasme.<\/p>\n\n<p>Pour d&rsquo;autres, comme Thomas, l&rsquo;aspect social est crucial. Il raconte que sa fille s&rsquo;est \u00e9panouie dans une classe o\u00f9 l&rsquo;accent est mis sur l&rsquo;entraide entre \u00e9l\u00e8ves. Sa petite-fille a ainsi vu son estime de soi se renforcer, et elle a d\u00e9velopp\u00e9 des comp\u00e9tences sociales qu&rsquo;il juge essentielles pour son futur. \u00ab Dans une \u00e9cole o\u00f9 l&rsquo;\u00e9galit\u00e9 et le respect priment \u00bb, ajoute-t-il.<\/p>\n\n<ul class=\"wp-block-list\"><li>\u00c9panouissement de l&rsquo;enfant \ud83c\udf31<\/li><li>Valeurs \u00e9ducatives communes \u2764\ufe0f<\/li><li>D\u00e9veloppement des comp\u00e9tences sociales \ud83e\udd1d<\/li><\/ul>\n\n<p>Les t\u00e9moignages montrent \u00e9galement que la communication entre les enseignants et les parents est un facteur cl\u00e9 dans cette prise de d\u00e9cision. Les \u00e9changes r\u00e9guliers, le suivi des progr\u00e8s et la capacit\u00e9 \u00e0 exprimer ses attentes font partie int\u00e9grante de ce choix. Les parents engag\u00e9s se sentent plus impliqu\u00e9s lorsque leurs suggestions sont prises en compte et lorsqu&rsquo;ils peuvent contribuer activement au parcours \u00e9ducatif de leurs enfants.<\/p>\n\n<figure class=\"wp-block-table\"><table>\n<thead>\n<tr>\n<th>T\u00e9moignages<\/th>\n<th>Motivations<\/th>\n<th>\u00c9tablissement choisi<\/th>\n<\/tr>\n<\/thead>\n<tbody>\n<tr>\n<td>Carole<\/td>\n<td>Valeurs environnementales<\/td>\n<td>\u00c9cole alternative \u00e9cologique<\/td>\n<\/tr>\n<tr>\n<td>Thomas<\/td>\n<td>Entraide et respect<\/td>\n<td>\u00c9cole villageoise inclusive<\/td>\n<\/tr>\n<tr>\n<td>Lucie<\/td>\n<td>\u00c9ducation par le jeu<\/td>\n<td>\u00c9cole Montessori<\/td>\n<\/tr>\n<\/tbody>\n<\/table><\/figure>\n\n<p>Ces r\u00e9cits nous r\u00e9v\u00e8lent que le choix d&rsquo;une \u00e9cole dans un village voisin s&rsquo;inscrit souvent dans une qu\u00eate de sens, d&rsquo;harmonie et d&rsquo;engagement envers l&rsquo;\u00e9ducation de leurs enfants.<\/p>\n\n<h2 class=\"wp-block-heading\">Les d\u00e9fis et enjeux de la mobilit\u00e9 scolaire : un chemin sem\u00e9 d&#8217;emb\u00fbches<\/h2>\n\n<p>Lorsqu&rsquo;on parle de mobilit\u00e9 scolaire et de choix de l&rsquo;\u00e9cole, il ne s&rsquo;agit pas seulement de prendre une d\u00e9cision. Les familles naviguent parmi de nombreux d\u00e9fis qui peuvent influencer leur parcours \u00e9ducatif. Quels sont les principaux obstacles \u00e0 la mobilit\u00e9 scolaire, et comment peuvent-ils \u00eatre surmont\u00e9s ?<\/p>\n\n<p>Tout d\u2019abord, la logistique peut poser probl\u00e8me. La distance entre le domicile et l&rsquo;\u00e9cole alternative pose des questions pratiques en mati\u00e8re de transport, surtout pour les familles n&rsquo;ayant pas acc\u00e8s \u00e0 un v\u00e9hicule. Parfois, c&rsquo;est l&rsquo;organisation des horaires qui devient complexe, entre le travail des parents et les heures de classe. De nombreuses familles doivent \u00e9galement anticiper les co\u00fbts engendr\u00e9s par ce choix, notamment pour le transport ou les \u00e9ventuels frais de scolarit\u00e9.<\/p>\n\n<ul class=\"wp-block-list\"><li>Organisation logistique \ud83d\ude97<\/li><li>Co\u00fbts associ\u00e9s \ud83d\udcb0<\/li><li>Proximit\u00e9 g\u00e9ographique \ud83d\uddfa\ufe0f<\/li><\/ul>\n\n<p>Le choix d&rsquo;une \u00e9cole alternative peut \u00e9galement engendrer des interrogations au sein de la communaut\u00e9. Les parents peuvent ressentir une certaine pression sociale ou un sentiment de culpabilit\u00e9 d&rsquo;abandonner l\u2019\u00e9cole publique. Pourtant, il est essentiel de garder \u00e0 l&rsquo;esprit que chaque famille a des raisons uniques et souvent tr\u00e8s personnelles pour op\u00e9rer ce choix. La peur du jugement de l\u2019entourage peut freiner certaines familles dans leur d\u00e9marche \u00e9ducative.<\/p>\n\n<figure class=\"wp-block-table\"><table>\n<thead>\n<tr>\n<th>D\u00e9fis rencontr\u00e9s<\/th>\n<th>Solutions possibles<\/th>\n<th>Impact positif<\/th>\n<\/tr>\n<\/thead>\n<tbody>\n<tr>\n<td>Logistique difficile<\/td>\n<td>Covoiturage entre parents \ud83d\ude99<\/td>\n<td>Solidarit\u00e9 entre familles<\/td>\n<\/tr>\n<tr>\n<td>Couts \u00e9lev\u00e9s<\/td>\n<td>Aides financi\u00e8res ou bourses \ud83d\udcb5<\/td>\n<td>Accessibilit\u00e9 \u00e0 la scolarisation<\/td>\n<\/tr>\n<tr>\n<td>Stigmatisation sociale<\/td>\n<td>Communication ouverte avec le voisinage \ud83c\udf10<\/td>\n<td>Renforcement des liens sociaux<\/td>\n<\/tr>\n<\/tbody>\n<\/table><\/figure>\n\n<p>Ces d\u00e9fis, bien que r\u00e9els, peuvent \u00e9galement engendrer des solutions cr\u00e9atives et des opportunit\u00e9s d&rsquo;entraide au sein de la communaut\u00e9, rappelant ainsi que la mobilit\u00e9 scolaire peut constituer un v\u00e9ritable d\u00e9fi, mais \u00e9galement un levier pour renforcer les solidarit\u00e9s et diversifier les parcours \u00e9ducatifs.<\/p>\n\n<h2 class=\"wp-block-heading\">FAQ<\/h2>\n\n<h3 class=\"wp-block-heading\">Pourquoi les parents pr\u00e9f\u00e8rent-ils une \u00e9cole alternative dans un village voisin ?<\/h3>\n\n<p>Les parents peuvent choisir une \u00e9cole alternative pour des raisons telles que des valeurs \u00e9ducatives, un environnement de classe personnalis\u00e9 ou des programmes sp\u00e9cifiques qui correspondent mieux aux besoins de leurs enfants.<\/p>\n\n<h3 class=\"wp-block-heading\">Quels sont les impacts sur la communaut\u00e9 \u00e9ducative ?<\/h3>\n\n<p>Ce choix peut renforcer les partenariats \u00e9cole-famille et inciter les \u00e9coles publiques \u00e0 innover et \u00e0 am\u00e9liorer leur offre \u00e9ducative pour r\u00e9pondre aux besoins des \u00e9l\u00e8ves.<\/p>\n\n<h3 class=\"wp-block-heading\">Comment surmonter les d\u00e9fis de la mobilit\u00e9 scolaire ?<\/h3>\n\n<p>Les familles peuvent surmonter ces d\u00e9fis via des solutions telles que le covoiturage, des bourses pour des frais de scolarit\u00e9, ou en favorisant une communication ouverte avec leur voisinage pour \u00e9viter les jugements.<\/p>\n\n<h3 class=\"wp-block-heading\">Quelles sont les tendances actuelles concernant la scolarisation dans les \u00e9coles alternatives ?<\/h3>\n\n<p>Les \u00e9coles alternatives gagnent en popularit\u00e9 gr\u00e2ce \u00e0 leur approche p\u00e9dagogique souvent novatrice, \u00e0 leur capacit\u00e9 \u00e0 r\u00e9pondre aux besoins individuels, ainsi qu&rsquo;\u00e0 leur connexion particuli\u00e8re avec les valeurs des familles.<\/p>\n\n<h3 class=\"wp-block-heading\">Comment les \u00e9coles publiques peuvent-elles s&rsquo;adapter aux r\u00e9alit\u00e9s de la mobilit\u00e9 scolaire ?<\/h3>\n\n<p>Les \u00e9coles publiques peuvent s&rsquo;adapter en am\u00e9liorant leur communication avec les familles, en innovant au niveau p\u00e9dagogique et en soutenant les initiatives qui favorisent l&rsquo;engagement parental.<\/p>\n\n","protected":false},"excerpt":{"rendered":"<p>Dans un contexte o\u00f9 le choix de l&rsquo;\u00e9ducation est plus que jamais au c\u0153ur des pr\u00e9occupations des familles, les raisons qui poussent certains parents engag\u00e9s dans l&rsquo;\u00e9cole publique \u00e0 opter pour la scolarisation de leurs enfants dans une commune voisine prennent une ampleur particuli\u00e8re. Les repr\u00e9sentations de l&rsquo;\u00e9cole publique, les dynamiques sociales et les choix &#8230; <a title=\"Des parents engag\u00e9s dans l&rsquo;\u00e9cole publique pr\u00e9f\u00e8rent scolariser leur enfant dans un village voisin\" class=\"read-more\" href=\"https:\/\/www.apres-lecole.fr\/Blog\/parents-engages-scolarisation-village\/\" aria-label=\"En savoir plus sur Des parents engag\u00e9s dans l&rsquo;\u00e9cole publique pr\u00e9f\u00e8rent scolariser leur enfant dans un village voisin\">Lire plus<\/a><\/p>\n","protected":false},"author":9,"featured_media":1889,"comment_status":"open","ping_status":"open","sticky":false,"template":"","format":"standard","meta":{"footnotes":""},"categories":[342],"tags":[574,412,721,722,723],"class_list":["post-1890","post","type-post","status-publish","format-standard","has-post-thumbnail","hentry","category-actualites","tag-ecole-publique","tag-education","tag-parents-engages","tag-scolarisation","tag-village-voisin"],"yoast_head":"<!-- This site is optimized with the Yoast SEO plugin v27.5 - https:\/\/yoast.com\/product\/yoast-seo-wordpress\/ -->\n<title>Des parents engag\u00e9s choisissent l&#039;\u00e9cole du village voisin<\/title>\n<meta name=\"description\" content=\"D\u00e9couvrez pourquoi des parents engag\u00e9s dans l&#039;\u00e9cole publique choisissent de scolariser leurs enfants dans un village voisin. Analyse des motivations, des avantages et des impacts sur l&#039;\u00e9ducation. Une r\u00e9flexion sur l&#039;implication parentale et les choix scolaires.\" \/>\n<meta name=\"robots\" content=\"index, follow, max-snippet:-1, max-image-preview:large, max-video-preview:-1\" \/>\n<link rel=\"canonical\" href=\"https:\/\/www.apres-lecole.fr\/Blog\/parents-engages-scolarisation-village\/\" \/>\n<meta property=\"og:locale\" content=\"fr_FR\" \/>\n<meta property=\"og:type\" content=\"article\" \/>\n<meta property=\"og:title\" content=\"Des parents engag\u00e9s choisissent l&#039;\u00e9cole du village voisin\" \/>\n<meta property=\"og:description\" content=\"D\u00e9couvrez pourquoi des parents engag\u00e9s dans l&#039;\u00e9cole publique choisissent de scolariser leurs enfants dans un village voisin. Analyse des motivations, des avantages et des impacts sur l&#039;\u00e9ducation. Une r\u00e9flexion sur l&#039;implication parentale et les choix scolaires.\" \/>\n<meta property=\"og:url\" content=\"https:\/\/www.apres-lecole.fr\/Blog\/parents-engages-scolarisation-village\/\" \/>\n<meta property=\"article:published_time\" content=\"2025-04-25T07:04:29+00:00\" \/>\n<meta property=\"og:image\" content=\"https:\/\/www.apres-lecole.fr\/Blog\/wp-content\/uploads\/2025\/04\/Des-parents-engages-dans-lecole-publique-preferent-scolariser-leur-enfant-dans-un-village-voisin.jpg\" \/>\n\t<meta property=\"og:image:width\" content=\"1344\" \/>\n\t<meta property=\"og:image:height\" content=\"768\" \/>\n\t<meta property=\"og:image:type\" content=\"image\/jpeg\" \/>\n<meta name=\"author\" content=\"Eva Martin\" \/>\n<meta name=\"twitter:card\" content=\"summary_large_image\" \/>\n<meta name=\"twitter:creator\" content=\"@Evaapresecole\" \/>\n<meta name=\"twitter:label1\" content=\"\u00c9crit par\" \/>\n\t<meta name=\"twitter:data1\" content=\"Eva Martin\" \/>\n\t<meta name=\"twitter:label2\" content=\"Dur\u00e9e de lecture estim\u00e9e\" \/>\n\t<meta name=\"twitter:data2\" content=\"9 minutes\" \/>\n<script type=\"application\/ld+json\" class=\"yoast-schema-graph\">{\"@context\":\"https:\\\/\\\/schema.org\",\"@graph\":[{\"@type\":\"Article\",\"@id\":\"https:\\\/\\\/www.apres-lecole.fr\\\/Blog\\\/parents-engages-scolarisation-village\\\/#article\",\"isPartOf\":{\"@id\":\"https:\\\/\\\/www.apres-lecole.fr\\\/Blog\\\/parents-engages-scolarisation-village\\\/\"},\"author\":{\"name\":\"Eva Martin\",\"@id\":\"https:\\\/\\\/www.apres-lecole.fr\\\/Blog\\\/#\\\/schema\\\/person\\\/aeb50cd4b51fc69da155804bb5bb9fc4\"},\"headline\":\"Des parents engag\u00e9s dans l&rsquo;\u00e9cole publique pr\u00e9f\u00e8rent scolariser leur enfant dans un village voisin\",\"datePublished\":\"2025-04-25T07:04:29+00:00\",\"mainEntityOfPage\":{\"@id\":\"https:\\\/\\\/www.apres-lecole.fr\\\/Blog\\\/parents-engages-scolarisation-village\\\/\"},\"wordCount\":1844,\"commentCount\":0,\"image\":{\"@id\":\"https:\\\/\\\/www.apres-lecole.fr\\\/Blog\\\/parents-engages-scolarisation-village\\\/#primaryimage\"},\"thumbnailUrl\":\"https:\\\/\\\/www.apres-lecole.fr\\\/Blog\\\/wp-content\\\/uploads\\\/2025\\\/04\\\/Des-parents-engages-dans-lecole-publique-preferent-scolariser-leur-enfant-dans-un-village-voisin.jpg\",\"keywords\":[\"\u00e9cole publique\",\"\u00e9ducation\",\"parents engag\u00e9s\",\"scolarisation\",\"village voisin\"],\"articleSection\":[\"Actualit\u00e9s\"],\"inLanguage\":\"fr-FR\",\"potentialAction\":[{\"@type\":\"CommentAction\",\"name\":\"Comment\",\"target\":[\"https:\\\/\\\/www.apres-lecole.fr\\\/Blog\\\/parents-engages-scolarisation-village\\\/#respond\"]}]},{\"@type\":\"WebPage\",\"@id\":\"https:\\\/\\\/www.apres-lecole.fr\\\/Blog\\\/parents-engages-scolarisation-village\\\/\",\"url\":\"https:\\\/\\\/www.apres-lecole.fr\\\/Blog\\\/parents-engages-scolarisation-village\\\/\",\"name\":\"Des parents engag\u00e9s choisissent l'\u00e9cole du village voisin\",\"isPartOf\":{\"@id\":\"https:\\\/\\\/www.apres-lecole.fr\\\/Blog\\\/#website\"},\"primaryImageOfPage\":{\"@id\":\"https:\\\/\\\/www.apres-lecole.fr\\\/Blog\\\/parents-engages-scolarisation-village\\\/#primaryimage\"},\"image\":{\"@id\":\"https:\\\/\\\/www.apres-lecole.fr\\\/Blog\\\/parents-engages-scolarisation-village\\\/#primaryimage\"},\"thumbnailUrl\":\"https:\\\/\\\/www.apres-lecole.fr\\\/Blog\\\/wp-content\\\/uploads\\\/2025\\\/04\\\/Des-parents-engages-dans-lecole-publique-preferent-scolariser-leur-enfant-dans-un-village-voisin.jpg\",\"datePublished\":\"2025-04-25T07:04:29+00:00\",\"author\":{\"@id\":\"https:\\\/\\\/www.apres-lecole.fr\\\/Blog\\\/#\\\/schema\\\/person\\\/aeb50cd4b51fc69da155804bb5bb9fc4\"},\"description\":\"D\u00e9couvrez pourquoi des parents engag\u00e9s dans l'\u00e9cole publique choisissent de scolariser leurs enfants dans un village voisin. Analyse des motivations, des avantages et des impacts sur l'\u00e9ducation. Une r\u00e9flexion sur l'implication parentale et les choix scolaires.\",\"breadcrumb\":{\"@id\":\"https:\\\/\\\/www.apres-lecole.fr\\\/Blog\\\/parents-engages-scolarisation-village\\\/#breadcrumb\"},\"inLanguage\":\"fr-FR\",\"potentialAction\":[{\"@type\":\"ReadAction\",\"target\":[\"https:\\\/\\\/www.apres-lecole.fr\\\/Blog\\\/parents-engages-scolarisation-village\\\/\"]}]},{\"@type\":\"ImageObject\",\"inLanguage\":\"fr-FR\",\"@id\":\"https:\\\/\\\/www.apres-lecole.fr\\\/Blog\\\/parents-engages-scolarisation-village\\\/#primaryimage\",\"url\":\"https:\\\/\\\/www.apres-lecole.fr\\\/Blog\\\/wp-content\\\/uploads\\\/2025\\\/04\\\/Des-parents-engages-dans-lecole-publique-preferent-scolariser-leur-enfant-dans-un-village-voisin.jpg\",\"contentUrl\":\"https:\\\/\\\/www.apres-lecole.fr\\\/Blog\\\/wp-content\\\/uploads\\\/2025\\\/04\\\/Des-parents-engages-dans-lecole-publique-preferent-scolariser-leur-enfant-dans-un-village-voisin.jpg\",\"width\":1344,\"height\":768,\"caption\":\"d\u00e9couvrez pourquoi des parents investis dans l'\u00e9ducation publique choisissent de scolariser leurs enfants dans un village voisin. analyse des motivations et des enjeux li\u00e9s \u00e0 cette d\u00e9cision.\"},{\"@type\":\"BreadcrumbList\",\"@id\":\"https:\\\/\\\/www.apres-lecole.fr\\\/Blog\\\/parents-engages-scolarisation-village\\\/#breadcrumb\",\"itemListElement\":[{\"@type\":\"ListItem\",\"position\":1,\"name\":\"Home\",\"item\":\"https:\\\/\\\/www.apres-lecole.fr\\\/Blog\\\/\"},{\"@type\":\"ListItem\",\"position\":2,\"name\":\"Des parents engag\u00e9s dans l&rsquo;\u00e9cole publique pr\u00e9f\u00e8rent scolariser leur enfant dans un village voisin\"}]},{\"@type\":\"WebSite\",\"@id\":\"https:\\\/\\\/www.apres-lecole.fr\\\/Blog\\\/#website\",\"url\":\"https:\\\/\\\/www.apres-lecole.fr\\\/Blog\\\/\",\"name\":\"\",\"description\":\"M\u00e9dia g\u00e9n\u00e9raliste\",\"potentialAction\":[{\"@type\":\"SearchAction\",\"target\":{\"@type\":\"EntryPoint\",\"urlTemplate\":\"https:\\\/\\\/www.apres-lecole.fr\\\/Blog\\\/?s={search_term_string}\"},\"query-input\":{\"@type\":\"PropertyValueSpecification\",\"valueRequired\":true,\"valueName\":\"search_term_string\"}}],\"inLanguage\":\"fr-FR\"},{\"@type\":\"Person\",\"@id\":\"https:\\\/\\\/www.apres-lecole.fr\\\/Blog\\\/#\\\/schema\\\/person\\\/aeb50cd4b51fc69da155804bb5bb9fc4\",\"name\":\"Eva Martin\",\"image\":{\"@type\":\"ImageObject\",\"inLanguage\":\"fr-FR\",\"@id\":\"https:\\\/\\\/secure.gravatar.com\\\/avatar\\\/55c53222558b27a72015a64073a80edce4abd33369394b9bf2c5cd6c19d12682?s=96&d=mm&r=g\",\"url\":\"https:\\\/\\\/secure.gravatar.com\\\/avatar\\\/55c53222558b27a72015a64073a80edce4abd33369394b9bf2c5cd6c19d12682?s=96&d=mm&r=g\",\"contentUrl\":\"https:\\\/\\\/secure.gravatar.com\\\/avatar\\\/55c53222558b27a72015a64073a80edce4abd33369394b9bf2c5cd6c19d12682?s=96&d=mm&r=g\",\"caption\":\"Eva Martin\"},\"description\":\"Je parle de business et d'entrepreneuriat avec des conseils clairs, concrets et actionnables pour r\u00e9ussir\",\"sameAs\":[\"https:\\\/\\\/x.com\\\/Evaapresecole\"],\"url\":\"https:\\\/\\\/www.apres-lecole.fr\\\/Blog\\\/author\\\/evamartin\\\/\"}]}<\/script>\n<!-- \/ Yoast SEO plugin. -->","yoast_head_json":{"title":"Des parents engag\u00e9s choisissent l'\u00e9cole du village voisin","description":"D\u00e9couvrez pourquoi des parents engag\u00e9s dans l'\u00e9cole publique choisissent de scolariser leurs enfants dans un village voisin. Analyse des motivations, des avantages et des impacts sur l'\u00e9ducation. Une r\u00e9flexion sur l'implication parentale et les choix scolaires.","robots":{"index":"index","follow":"follow","max-snippet":"max-snippet:-1","max-image-preview":"max-image-preview:large","max-video-preview":"max-video-preview:-1"},"canonical":"https:\/\/www.apres-lecole.fr\/Blog\/parents-engages-scolarisation-village\/","og_locale":"fr_FR","og_type":"article","og_title":"Des parents engag\u00e9s choisissent l'\u00e9cole du village voisin","og_description":"D\u00e9couvrez pourquoi des parents engag\u00e9s dans l'\u00e9cole publique choisissent de scolariser leurs enfants dans un village voisin. Analyse des motivations, des avantages et des impacts sur l'\u00e9ducation. Une r\u00e9flexion sur l'implication parentale et les choix scolaires.","og_url":"https:\/\/www.apres-lecole.fr\/Blog\/parents-engages-scolarisation-village\/","article_published_time":"2025-04-25T07:04:29+00:00","og_image":[{"width":1344,"height":768,"url":"https:\/\/www.apres-lecole.fr\/Blog\/wp-content\/uploads\/2025\/04\/Des-parents-engages-dans-lecole-publique-preferent-scolariser-leur-enfant-dans-un-village-voisin.jpg","type":"image\/jpeg"}],"author":"Eva Martin","twitter_card":"summary_large_image","twitter_creator":"@Evaapresecole","twitter_misc":{"\u00c9crit par":"Eva Martin","Dur\u00e9e de lecture estim\u00e9e":"9 minutes"},"schema":{"@context":"https:\/\/schema.org","@graph":[{"@type":"Article","@id":"https:\/\/www.apres-lecole.fr\/Blog\/parents-engages-scolarisation-village\/#article","isPartOf":{"@id":"https:\/\/www.apres-lecole.fr\/Blog\/parents-engages-scolarisation-village\/"},"author":{"name":"Eva Martin","@id":"https:\/\/www.apres-lecole.fr\/Blog\/#\/schema\/person\/aeb50cd4b51fc69da155804bb5bb9fc4"},"headline":"Des parents engag\u00e9s dans l&rsquo;\u00e9cole publique pr\u00e9f\u00e8rent scolariser leur enfant dans un village voisin","datePublished":"2025-04-25T07:04:29+00:00","mainEntityOfPage":{"@id":"https:\/\/www.apres-lecole.fr\/Blog\/parents-engages-scolarisation-village\/"},"wordCount":1844,"commentCount":0,"image":{"@id":"https:\/\/www.apres-lecole.fr\/Blog\/parents-engages-scolarisation-village\/#primaryimage"},"thumbnailUrl":"https:\/\/www.apres-lecole.fr\/Blog\/wp-content\/uploads\/2025\/04\/Des-parents-engages-dans-lecole-publique-preferent-scolariser-leur-enfant-dans-un-village-voisin.jpg","keywords":["\u00e9cole publique","\u00e9ducation","parents engag\u00e9s","scolarisation","village voisin"],"articleSection":["Actualit\u00e9s"],"inLanguage":"fr-FR","potentialAction":[{"@type":"CommentAction","name":"Comment","target":["https:\/\/www.apres-lecole.fr\/Blog\/parents-engages-scolarisation-village\/#respond"]}]},{"@type":"WebPage","@id":"https:\/\/www.apres-lecole.fr\/Blog\/parents-engages-scolarisation-village\/","url":"https:\/\/www.apres-lecole.fr\/Blog\/parents-engages-scolarisation-village\/","name":"Des parents engag\u00e9s choisissent l'\u00e9cole du village voisin","isPartOf":{"@id":"https:\/\/www.apres-lecole.fr\/Blog\/#website"},"primaryImageOfPage":{"@id":"https:\/\/www.apres-lecole.fr\/Blog\/parents-engages-scolarisation-village\/#primaryimage"},"image":{"@id":"https:\/\/www.apres-lecole.fr\/Blog\/parents-engages-scolarisation-village\/#primaryimage"},"thumbnailUrl":"https:\/\/www.apres-lecole.fr\/Blog\/wp-content\/uploads\/2025\/04\/Des-parents-engages-dans-lecole-publique-preferent-scolariser-leur-enfant-dans-un-village-voisin.jpg","datePublished":"2025-04-25T07:04:29+00:00","author":{"@id":"https:\/\/www.apres-lecole.fr\/Blog\/#\/schema\/person\/aeb50cd4b51fc69da155804bb5bb9fc4"},"description":"D\u00e9couvrez pourquoi des parents engag\u00e9s dans l'\u00e9cole publique choisissent de scolariser leurs enfants dans un village voisin. Analyse des motivations, des avantages et des impacts sur l'\u00e9ducation. Une r\u00e9flexion sur l'implication parentale et les choix scolaires.","breadcrumb":{"@id":"https:\/\/www.apres-lecole.fr\/Blog\/parents-engages-scolarisation-village\/#breadcrumb"},"inLanguage":"fr-FR","potentialAction":[{"@type":"ReadAction","target":["https:\/\/www.apres-lecole.fr\/Blog\/parents-engages-scolarisation-village\/"]}]},{"@type":"ImageObject","inLanguage":"fr-FR","@id":"https:\/\/www.apres-lecole.fr\/Blog\/parents-engages-scolarisation-village\/#primaryimage","url":"https:\/\/www.apres-lecole.fr\/Blog\/wp-content\/uploads\/2025\/04\/Des-parents-engages-dans-lecole-publique-preferent-scolariser-leur-enfant-dans-un-village-voisin.jpg","contentUrl":"https:\/\/www.apres-lecole.fr\/Blog\/wp-content\/uploads\/2025\/04\/Des-parents-engages-dans-lecole-publique-preferent-scolariser-leur-enfant-dans-un-village-voisin.jpg","width":1344,"height":768,"caption":"d\u00e9couvrez pourquoi des parents investis dans l'\u00e9ducation publique choisissent de scolariser leurs enfants dans un village voisin. analyse des motivations et des enjeux li\u00e9s \u00e0 cette d\u00e9cision."},{"@type":"BreadcrumbList","@id":"https:\/\/www.apres-lecole.fr\/Blog\/parents-engages-scolarisation-village\/#breadcrumb","itemListElement":[{"@type":"ListItem","position":1,"name":"Home","item":"https:\/\/www.apres-lecole.fr\/Blog\/"},{"@type":"ListItem","position":2,"name":"Des parents engag\u00e9s dans l&rsquo;\u00e9cole publique pr\u00e9f\u00e8rent scolariser leur enfant dans un village voisin"}]},{"@type":"WebSite","@id":"https:\/\/www.apres-lecole.fr\/Blog\/#website","url":"https:\/\/www.apres-lecole.fr\/Blog\/","name":"","description":"M\u00e9dia g\u00e9n\u00e9raliste","potentialAction":[{"@type":"SearchAction","target":{"@type":"EntryPoint","urlTemplate":"https:\/\/www.apres-lecole.fr\/Blog\/?s={search_term_string}"},"query-input":{"@type":"PropertyValueSpecification","valueRequired":true,"valueName":"search_term_string"}}],"inLanguage":"fr-FR"},{"@type":"Person","@id":"https:\/\/www.apres-lecole.fr\/Blog\/#\/schema\/person\/aeb50cd4b51fc69da155804bb5bb9fc4","name":"Eva Martin","image":{"@type":"ImageObject","inLanguage":"fr-FR","@id":"https:\/\/secure.gravatar.com\/avatar\/55c53222558b27a72015a64073a80edce4abd33369394b9bf2c5cd6c19d12682?s=96&d=mm&r=g","url":"https:\/\/secure.gravatar.com\/avatar\/55c53222558b27a72015a64073a80edce4abd33369394b9bf2c5cd6c19d12682?s=96&d=mm&r=g","contentUrl":"https:\/\/secure.gravatar.com\/avatar\/55c53222558b27a72015a64073a80edce4abd33369394b9bf2c5cd6c19d12682?s=96&d=mm&r=g","caption":"Eva Martin"},"description":"Je parle de business et d'entrepreneuriat avec des conseils clairs, concrets et actionnables pour r\u00e9ussir","sameAs":["https:\/\/x.com\/Evaapresecole"],"url":"https:\/\/www.apres-lecole.fr\/Blog\/author\/evamartin\/"}]}},"views":7,"_links":{"self":[{"href":"https:\/\/www.apres-lecole.fr\/Blog\/wp-json\/wp\/v2\/posts\/1890","targetHints":{"allow":["GET"]}}],"collection":[{"href":"https:\/\/www.apres-lecole.fr\/Blog\/wp-json\/wp\/v2\/posts"}],"about":[{"href":"https:\/\/www.apres-lecole.fr\/Blog\/wp-json\/wp\/v2\/types\/post"}],"author":[{"embeddable":true,"href":"https:\/\/www.apres-lecole.fr\/Blog\/wp-json\/wp\/v2\/users\/9"}],"replies":[{"embeddable":true,"href":"https:\/\/www.apres-lecole.fr\/Blog\/wp-json\/wp\/v2\/comments?post=1890"}],"version-history":[{"count":0,"href":"https:\/\/www.apres-lecole.fr\/Blog\/wp-json\/wp\/v2\/posts\/1890\/revisions"}],"wp:featuredmedia":[{"embeddable":true,"href":"https:\/\/www.apres-lecole.fr\/Blog\/wp-json\/wp\/v2\/media\/1889"}],"wp:attachment":[{"href":"https:\/\/www.apres-lecole.fr\/Blog\/wp-json\/wp\/v2\/media?parent=1890"}],"wp:term":[{"taxonomy":"category","embeddable":true,"href":"https:\/\/www.apres-lecole.fr\/Blog\/wp-json\/wp\/v2\/categories?post=1890"},{"taxonomy":"post_tag","embeddable":true,"href":"https:\/\/www.apres-lecole.fr\/Blog\/wp-json\/wp\/v2\/tags?post=1890"}],"curies":[{"name":"wp","href":"https:\/\/api.w.org\/{rel}","templated":true}]}}